{"id":248028,"date":"2025-07-06T07:34:04","date_gmt":"2025-07-06T04:34:04","guid":{"rendered":"https:\/\/vof-news.eu\/festival-daix-les-mondes-extraordinaires-de-peter-sellars\/"},"modified":"2025-07-06T07:34:21","modified_gmt":"2025-07-06T04:34:21","slug":"festival-daix-les-mondes-extraordinaires-de-peter-sellars","status":"publish","type":"post","link":"https:\/\/vof-news.eu\/fr\/festival-daix-les-mondes-extraordinaires-de-peter-sellars\/","title":{"rendered":"Festival d\u2019Aix\u00a0: les mondes extraordinaires de Peter Sellars"},"content":{"rendered":"<article>\n<p>Cheveux dress\u00e9s sur la t\u00eate comme un bataillon punk au garde-\u00e0-vous et front de bibliophile \u00e9largi au fil de lectures encyclop\u00e9diques, Peter Sellars a toujours, \u00e0 67\u00a0ans, un regard d\u2019enfant malicieux. Les productions d\u00e9coiffantes du metteur en sc\u00e8ne nous l\u2019ont maintes fois prouv\u00e9\u00a0: facile d\u2019acc\u00e8s par le biais d\u2019une imagerie associ\u00e9e au monde d\u2019aujourd\u2019hui, ce qui est montr\u00e9 se d\u00e9veloppe dans la probit\u00e9 mais pas dans l\u2019innocence. Ce qui est dit, aussi. Alors on le croit sur parole quand, pour r\u00e9pondre \u00e0 notre question sur la chose la plus importante de sa vie, il lance avec passion\u00a0: <\/p>\n<p>Mais on se garde bien de voir dans les collections de serpents et de tortues du bambin de Pittsburgh (Pennsylvanie) le signe avant-coureur de son affection pour la biche du conte bouddhiste qu\u2019il a revisit\u00e9 en collaboration avec la compositrice Sivan Eldar et la chanteuse Ganavya Doraiswamy pour aboutir \u00e0 l\u2019op\u00e9ra  (\u00ab\u00a0la biche aux neuf bijoux\u00a0\u00bb). De m\u00eame qu\u2019on \u00e9vite de compter les colliers longs et rutilants qu\u2019il porte afin d\u2019esquisser un improbable rapprochement entre l\u2019homme en tenue de parade excentrique et l\u2019animal par\u00e9 pour vivre une fable intemporelle.<\/p>\n<p><strong>Il vous reste 85.74% de cet article \u00e0 lire. La suite est r\u00e9serv\u00e9e aux abonn\u00e9s.<\/strong><\/p>\n<\/article>\n","protected":false},"excerpt":{"rendered":"<p>Cheveux dress\u00e9s sur la t\u00eate comme un bataillon punk au garde-\u00e0-vous et front de bibliophile \u00e9largi au fil de lectures encyclop\u00e9diques, Peter Sellars a toujours, \u00e0 67\u00a0ans, un regard d\u2019enfant malicieux. Les productions d\u00e9coiffantes du metteur en sc\u00e8ne nous l\u2019ont maintes fois prouv\u00e9\u00a0: facile d\u2019acc\u00e8s par le biais d\u2019une imagerie associ\u00e9e au monde d\u2019aujourd\u2019hui, ce<\/p>\n","protected":false},"author":1,"featured_media":248029,"comment_status":"open","ping_status":"open","sticky":false,"template":"","format":"standard","meta":{"footnotes":""},"categories":[63],"tags":[],"class_list":["post-248028","post","type-post","status-publish","format-standard","has-post-thumbnail","hentry","category-culture-fr"],"acf":[],"yoast_head":"<!-- This site is optimized with the Yoast SEO plugin v22.9 - https:\/\/yoast.com\/wordpress\/plugins\/seo\/ -->\n<title>Festival d\u2019Aix\u00a0: les mondes extraordinaires de Peter Sellars - vof-news.eu<\/title>\n<meta name=\"description\" content=\"Cheveux dress\u00e9s sur la t\u00eate comme un bataillon punk au garde-\u00e0-vous et front de bibliophile \u00e9largi au fil de lectures encyclop\u00e9diques, Peter Sellars a toujours, \u00e0 67\u00a0ans, un regard d\u2019enfant malicieux. Les productions d\u00e9coiffantes du metteur en sc\u00e8ne nous l\u2019ont maintes fois prouv\u00e9\u00a0: facile d\u2019acc\u00e8s par le biais d\u2019une imagerie associ\u00e9e au monde d\u2019aujourd\u2019hui, ce qui est montr\u00e9 se d\u00e9veloppe dans la probit\u00e9 mais pas dans l\u2019innocence. Ce qui est dit, aussi. Alors on le croit sur parole quand, pour r\u00e9pondre \u00e0 notre question sur la chose la plus importante de sa vie, il lance avec passion\u00a0:  Mais on se garde bien de voir dans les collections de serpents et de tortues du bambin de Pittsburgh (Pennsylvanie) le signe avant-coureur de son affection pour la biche du conte bouddhiste qu\u2019il a revisit\u00e9 en collaboration avec la compositrice Sivan Eldar et la chanteuse Ganavya Doraiswamy pour aboutir \u00e0 l\u2019op\u00e9ra (\u00ab\u00a0la biche aux neuf bijoux\u00a0\u00bb). De m\u00eame qu\u2019on \u00e9vite de compter les colliers longs et rutilants qu\u2019il porte afin d\u2019esquisser un improbable rapprochement entre l\u2019homme en tenue de parade excentrique et l\u2019animal par\u00e9 pour vivre une fable intemporelle. Il vous reste 85.74% de cet article \u00e0 lire. La suite est r\u00e9serv\u00e9e aux abonn\u00e9s.\" \/>\n<meta name=\"robots\" content=\"noindex, follow, max-snippet:-1, max-image-preview:large, max-video-preview:-1\" \/>\n<meta property=\"og:locale\" content=\"fr_FR\" \/>\n<meta property=\"og:type\" content=\"article\" \/>\n<meta property=\"og:title\" content=\"Festival d\u2019Aix\u00a0: les mondes extraordinaires de Peter Sellars - vof-news.eu\" \/>\n<meta property=\"og:description\" content=\"Cheveux dress\u00e9s sur la t\u00eate comme un bataillon punk au garde-\u00e0-vous et front de bibliophile \u00e9largi au fil de lectures encyclop\u00e9diques, Peter Sellars a toujours, \u00e0 67\u00a0ans, un regard d\u2019enfant malicieux. Les productions d\u00e9coiffantes du metteur en sc\u00e8ne nous l\u2019ont maintes fois prouv\u00e9\u00a0: facile d\u2019acc\u00e8s par le biais d\u2019une imagerie associ\u00e9e au monde d\u2019aujourd\u2019hui, ce qui est montr\u00e9 se d\u00e9veloppe dans la probit\u00e9 mais pas dans l\u2019innocence. Ce qui est dit, aussi. Alors on le croit sur parole quand, pour r\u00e9pondre \u00e0 notre question sur la chose la plus importante de sa vie, il lance avec passion\u00a0:  Mais on se garde bien de voir dans les collections de serpents et de tortues du bambin de Pittsburgh (Pennsylvanie) le signe avant-coureur de son affection pour la biche du conte bouddhiste qu\u2019il a revisit\u00e9 en collaboration avec la compositrice Sivan Eldar et la chanteuse Ganavya Doraiswamy pour aboutir \u00e0 l\u2019op\u00e9ra (\u00ab\u00a0la biche aux neuf bijoux\u00a0\u00bb). De m\u00eame qu\u2019on \u00e9vite de compter les colliers longs et rutilants qu\u2019il porte afin d\u2019esquisser un improbable rapprochement entre l\u2019homme en tenue de parade excentrique et l\u2019animal par\u00e9 pour vivre une fable intemporelle. Il vous reste 85.74% de cet article \u00e0 lire. La suite est r\u00e9serv\u00e9e aux abonn\u00e9s.\" \/>\n<meta property=\"og:url\" content=\"https:\/\/vof-news.eu\/fr\/festival-daix-les-mondes-extraordinaires-de-peter-sellars\/\" \/>\n<meta property=\"og:site_name\" content=\"vof-news.eu\" \/>\n<meta property=\"article:published_time\" content=\"2025-07-06T04:34:04+00:00\" \/>\n<meta property=\"article:modified_time\" content=\"2025-07-06T04:34:21+00:00\" \/>\n<meta property=\"og:image\" content=\"https:\/\/vof-news.eu\/wp-content\/uploads\/2025\/07\/5029574_upload-1-yhup49h9zepp-peter-sellars-a-ruth-walz.jpg\" \/>\n\t<meta property=\"og:image:width\" content=\"664\" \/>\n\t<meta property=\"og:image:height\" content=\"1025\" \/>\n\t<meta property=\"og:image:type\" content=\"image\/jpeg\" \/>\n<meta name=\"author\" content=\"Author\" \/>\n<meta name=\"twitter:card\" content=\"summary_large_image\" \/>\n<meta name=\"twitter:label1\" content=\"\u00c9crit par\" \/>\n\t<meta name=\"twitter:data1\" content=\"Author\" \/>\n\t<meta name=\"twitter:label2\" content=\"Dur\u00e9e de lecture estim\u00e9e\" \/>\n\t<meta name=\"twitter:data2\" content=\"1 minute\" \/>\n<script type=\"application\/ld+json\" class=\"yoast-schema-graph\">{\"@context\":\"https:\/\/schema.org\",\"@graph\":[{\"@type\":\"WebPage\",\"@id\":\"https:\/\/vof-news.eu\/fr\/festival-daix-les-mondes-extraordinaires-de-peter-sellars\/\",\"url\":\"https:\/\/vof-news.eu\/fr\/festival-daix-les-mondes-extraordinaires-de-peter-sellars\/\",\"name\":\"Festival d\u2019Aix\u00a0: les mondes extraordinaires de Peter Sellars - vof-news.eu\",\"isPartOf\":{\"@id\":\"https:\/\/vof-news.eu\/fr\/#website\"},\"primaryImageOfPage\":{\"@id\":\"https:\/\/vof-news.eu\/fr\/festival-daix-les-mondes-extraordinaires-de-peter-sellars\/#primaryimage\"},\"image\":{\"@id\":\"https:\/\/vof-news.eu\/fr\/festival-daix-les-mondes-extraordinaires-de-peter-sellars\/#primaryimage\"},\"thumbnailUrl\":\"https:\/\/vof-news.eu\/wp-content\/uploads\/2025\/07\/5029574_upload-1-yhup49h9zepp-peter-sellars-a-ruth-walz.jpg\",\"datePublished\":\"2025-07-06T04:34:04+00:00\",\"dateModified\":\"2025-07-06T04:34:21+00:00\",\"author\":{\"@id\":\"https:\/\/vof-news.eu\/fr\/#\/schema\/person\/f6a2a4309f0561835797fd8c19b333ed\"},\"description\":\"Cheveux dress\u00e9s sur la t\u00eate comme un bataillon punk au garde-\u00e0-vous et front de bibliophile \u00e9largi au fil de lectures encyclop\u00e9diques, Peter Sellars a toujours, \u00e0 67\u00a0ans, un regard d\u2019enfant malicieux. Les productions d\u00e9coiffantes du metteur en sc\u00e8ne nous l\u2019ont maintes fois prouv\u00e9\u00a0: facile d\u2019acc\u00e8s par le biais d\u2019une imagerie associ\u00e9e au monde d\u2019aujourd\u2019hui, ce qui est montr\u00e9 se d\u00e9veloppe dans la probit\u00e9 mais pas dans l\u2019innocence. Ce qui est dit, aussi. Alors on le croit sur parole quand, pour r\u00e9pondre \u00e0 notre question sur la chose la plus importante de sa vie, il lance avec passion\u00a0: Mais on se garde bien de voir dans les collections de serpents et de tortues du bambin de Pittsburgh (Pennsylvanie) le signe avant-coureur de son affection pour la biche du conte bouddhiste qu\u2019il a revisit\u00e9 en collaboration avec la compositrice Sivan Eldar et la chanteuse Ganavya Doraiswamy pour aboutir \u00e0 l\u2019op\u00e9ra (\u00ab\u00a0la biche aux neuf bijoux\u00a0\u00bb). De m\u00eame qu\u2019on \u00e9vite de compter les colliers longs et rutilants qu\u2019il porte afin d\u2019esquisser un improbable rapprochement entre l\u2019homme en tenue de parade excentrique et l\u2019animal par\u00e9 pour vivre une fable intemporelle. Il vous reste 85.74% de cet article \u00e0 lire. La suite est r\u00e9serv\u00e9e aux abonn\u00e9s.\",\"breadcrumb\":{\"@id\":\"https:\/\/vof-news.eu\/fr\/festival-daix-les-mondes-extraordinaires-de-peter-sellars\/#breadcrumb\"},\"inLanguage\":\"fr-FR\",\"potentialAction\":[{\"@type\":\"ReadAction\",\"target\":[\"https:\/\/vof-news.eu\/fr\/festival-daix-les-mondes-extraordinaires-de-peter-sellars\/\"]}]},{\"@type\":\"ImageObject\",\"inLanguage\":\"fr-FR\",\"@id\":\"https:\/\/vof-news.eu\/fr\/festival-daix-les-mondes-extraordinaires-de-peter-sellars\/#primaryimage\",\"url\":\"https:\/\/vof-news.eu\/wp-content\/uploads\/2025\/07\/5029574_upload-1-yhup49h9zepp-peter-sellars-a-ruth-walz.jpg\",\"contentUrl\":\"https:\/\/vof-news.eu\/wp-content\/uploads\/2025\/07\/5029574_upload-1-yhup49h9zepp-peter-sellars-a-ruth-walz.jpg\",\"width\":664,\"height\":1025},{\"@type\":\"BreadcrumbList\",\"@id\":\"https:\/\/vof-news.eu\/fr\/festival-daix-les-mondes-extraordinaires-de-peter-sellars\/#breadcrumb\",\"itemListElement\":[{\"@type\":\"ListItem\",\"position\":1,\"name\":\"Home\",\"item\":\"https:\/\/vof-news.eu\/fr\/\"},{\"@type\":\"ListItem\",\"position\":2,\"name\":\"Festival d\u2019Aix\u00a0: les mondes extraordinaires de Peter Sellars\"}]},{\"@type\":\"WebSite\",\"@id\":\"https:\/\/vof-news.eu\/fr\/#website\",\"url\":\"https:\/\/vof-news.eu\/fr\/\",\"name\":\"vof-news.eu\",\"description\":\"\",\"potentialAction\":[{\"@type\":\"SearchAction\",\"target\":{\"@type\":\"EntryPoint\",\"urlTemplate\":\"https:\/\/vof-news.eu\/fr\/?s={search_term_string}\"},\"query-input\":\"required name=search_term_string\"}],\"inLanguage\":\"fr-FR\"},{\"@type\":\"Person\",\"@id\":\"https:\/\/vof-news.eu\/fr\/#\/schema\/person\/f6a2a4309f0561835797fd8c19b333ed\",\"name\":\"Author\",\"image\":{\"@type\":\"ImageObject\",\"inLanguage\":\"fr-FR\",\"@id\":\"https:\/\/vof-news.eu\/fr\/#\/schema\/person\/image\/\",\"url\":\"https:\/\/secure.gravatar.com\/avatar\/b67e614b1b25b3e9c0c239efdd2fde5ab015b5affd6f1c3c85911ca4b384e790?s=96&d=mm&r=g\",\"contentUrl\":\"https:\/\/secure.gravatar.com\/avatar\/b67e614b1b25b3e9c0c239efdd2fde5ab015b5affd6f1c3c85911ca4b384e790?s=96&d=mm&r=g\",\"caption\":\"Author\"},\"sameAs\":[\"http:\/\/vof-news.eu\"],\"url\":\"https:\/\/vof-news.eu\/fr\/author\/zwt6qxnjulxbnyg\/\"}]}<\/script>\n<!-- \/ Yoast SEO plugin. -->","yoast_head_json":{"title":"Festival d\u2019Aix\u00a0: les mondes extraordinaires de Peter Sellars - vof-news.eu","description":"Cheveux dress\u00e9s sur la t\u00eate comme un bataillon punk au garde-\u00e0-vous et front de bibliophile \u00e9largi au fil de lectures encyclop\u00e9diques, Peter Sellars a toujours, \u00e0 67\u00a0ans, un regard d\u2019enfant malicieux. Les productions d\u00e9coiffantes du metteur en sc\u00e8ne nous l\u2019ont maintes fois prouv\u00e9\u00a0: facile d\u2019acc\u00e8s par le biais d\u2019une imagerie associ\u00e9e au monde d\u2019aujourd\u2019hui, ce qui est montr\u00e9 se d\u00e9veloppe dans la probit\u00e9 mais pas dans l\u2019innocence. Ce qui est dit, aussi. Alors on le croit sur parole quand, pour r\u00e9pondre \u00e0 notre question sur la chose la plus importante de sa vie, il lance avec passion\u00a0:  Mais on se garde bien de voir dans les collections de serpents et de tortues du bambin de Pittsburgh (Pennsylvanie) le signe avant-coureur de son affection pour la biche du conte bouddhiste qu\u2019il a revisit\u00e9 en collaboration avec la compositrice Sivan Eldar et la chanteuse Ganavya Doraiswamy pour aboutir \u00e0 l\u2019op\u00e9ra (\u00ab\u00a0la biche aux neuf bijoux\u00a0\u00bb). De m\u00eame qu\u2019on \u00e9vite de compter les colliers longs et rutilants qu\u2019il porte afin d\u2019esquisser un improbable rapprochement entre l\u2019homme en tenue de parade excentrique et l\u2019animal par\u00e9 pour vivre une fable intemporelle. Il vous reste 85.74% de cet article \u00e0 lire. La suite est r\u00e9serv\u00e9e aux abonn\u00e9s.","robots":{"index":"noindex","follow":"follow","max-snippet":"max-snippet:-1","max-image-preview":"max-image-preview:large","max-video-preview":"max-video-preview:-1"},"og_locale":"fr_FR","og_type":"article","og_title":"Festival d\u2019Aix\u00a0: les mondes extraordinaires de Peter Sellars - vof-news.eu","og_description":"Cheveux dress\u00e9s sur la t\u00eate comme un bataillon punk au garde-\u00e0-vous et front de bibliophile \u00e9largi au fil de lectures encyclop\u00e9diques, Peter Sellars a toujours, \u00e0 67\u00a0ans, un regard d\u2019enfant malicieux. Les productions d\u00e9coiffantes du metteur en sc\u00e8ne nous l\u2019ont maintes fois prouv\u00e9\u00a0: facile d\u2019acc\u00e8s par le biais d\u2019une imagerie associ\u00e9e au monde d\u2019aujourd\u2019hui, ce qui est montr\u00e9 se d\u00e9veloppe dans la probit\u00e9 mais pas dans l\u2019innocence. Ce qui est dit, aussi. Alors on le croit sur parole quand, pour r\u00e9pondre \u00e0 notre question sur la chose la plus importante de sa vie, il lance avec passion\u00a0:  Mais on se garde bien de voir dans les collections de serpents et de tortues du bambin de Pittsburgh (Pennsylvanie) le signe avant-coureur de son affection pour la biche du conte bouddhiste qu\u2019il a revisit\u00e9 en collaboration avec la compositrice Sivan Eldar et la chanteuse Ganavya Doraiswamy pour aboutir \u00e0 l\u2019op\u00e9ra (\u00ab\u00a0la biche aux neuf bijoux\u00a0\u00bb). De m\u00eame qu\u2019on \u00e9vite de compter les colliers longs et rutilants qu\u2019il porte afin d\u2019esquisser un improbable rapprochement entre l\u2019homme en tenue de parade excentrique et l\u2019animal par\u00e9 pour vivre une fable intemporelle. Il vous reste 85.74% de cet article \u00e0 lire. La suite est r\u00e9serv\u00e9e aux abonn\u00e9s.","og_url":"https:\/\/vof-news.eu\/fr\/festival-daix-les-mondes-extraordinaires-de-peter-sellars\/","og_site_name":"vof-news.eu","article_published_time":"2025-07-06T04:34:04+00:00","article_modified_time":"2025-07-06T04:34:21+00:00","og_image":[{"width":664,"height":1025,"url":"https:\/\/vof-news.eu\/wp-content\/uploads\/2025\/07\/5029574_upload-1-yhup49h9zepp-peter-sellars-a-ruth-walz.jpg","type":"image\/jpeg"}],"author":"Author","twitter_card":"summary_large_image","twitter_misc":{"\u00c9crit par":"Author","Dur\u00e9e de lecture estim\u00e9e":"1 minute"},"schema":{"@context":"https:\/\/schema.org","@graph":[{"@type":"WebPage","@id":"https:\/\/vof-news.eu\/fr\/festival-daix-les-mondes-extraordinaires-de-peter-sellars\/","url":"https:\/\/vof-news.eu\/fr\/festival-daix-les-mondes-extraordinaires-de-peter-sellars\/","name":"Festival d\u2019Aix\u00a0: les mondes extraordinaires de Peter Sellars - vof-news.eu","isPartOf":{"@id":"https:\/\/vof-news.eu\/fr\/#website"},"primaryImageOfPage":{"@id":"https:\/\/vof-news.eu\/fr\/festival-daix-les-mondes-extraordinaires-de-peter-sellars\/#primaryimage"},"image":{"@id":"https:\/\/vof-news.eu\/fr\/festival-daix-les-mondes-extraordinaires-de-peter-sellars\/#primaryimage"},"thumbnailUrl":"https:\/\/vof-news.eu\/wp-content\/uploads\/2025\/07\/5029574_upload-1-yhup49h9zepp-peter-sellars-a-ruth-walz.jpg","datePublished":"2025-07-06T04:34:04+00:00","dateModified":"2025-07-06T04:34:21+00:00","author":{"@id":"https:\/\/vof-news.eu\/fr\/#\/schema\/person\/f6a2a4309f0561835797fd8c19b333ed"},"description":"Cheveux dress\u00e9s sur la t\u00eate comme un bataillon punk au garde-\u00e0-vous et front de bibliophile \u00e9largi au fil de lectures encyclop\u00e9diques, Peter Sellars a toujours, \u00e0 67\u00a0ans, un regard d\u2019enfant malicieux. Les productions d\u00e9coiffantes du metteur en sc\u00e8ne nous l\u2019ont maintes fois prouv\u00e9\u00a0: facile d\u2019acc\u00e8s par le biais d\u2019une imagerie associ\u00e9e au monde d\u2019aujourd\u2019hui, ce qui est montr\u00e9 se d\u00e9veloppe dans la probit\u00e9 mais pas dans l\u2019innocence. Ce qui est dit, aussi. Alors on le croit sur parole quand, pour r\u00e9pondre \u00e0 notre question sur la chose la plus importante de sa vie, il lance avec passion\u00a0: Mais on se garde bien de voir dans les collections de serpents et de tortues du bambin de Pittsburgh (Pennsylvanie) le signe avant-coureur de son affection pour la biche du conte bouddhiste qu\u2019il a revisit\u00e9 en collaboration avec la compositrice Sivan Eldar et la chanteuse Ganavya Doraiswamy pour aboutir \u00e0 l\u2019op\u00e9ra (\u00ab\u00a0la biche aux neuf bijoux\u00a0\u00bb). De m\u00eame qu\u2019on \u00e9vite de compter les colliers longs et rutilants qu\u2019il porte afin d\u2019esquisser un improbable rapprochement entre l\u2019homme en tenue de parade excentrique et l\u2019animal par\u00e9 pour vivre une fable intemporelle. Il vous reste 85.74% de cet article \u00e0 lire. La suite est r\u00e9serv\u00e9e aux abonn\u00e9s.","breadcrumb":{"@id":"https:\/\/vof-news.eu\/fr\/festival-daix-les-mondes-extraordinaires-de-peter-sellars\/#breadcrumb"},"inLanguage":"fr-FR","potentialAction":[{"@type":"ReadAction","target":["https:\/\/vof-news.eu\/fr\/festival-daix-les-mondes-extraordinaires-de-peter-sellars\/"]}]},{"@type":"ImageObject","inLanguage":"fr-FR","@id":"https:\/\/vof-news.eu\/fr\/festival-daix-les-mondes-extraordinaires-de-peter-sellars\/#primaryimage","url":"https:\/\/vof-news.eu\/wp-content\/uploads\/2025\/07\/5029574_upload-1-yhup49h9zepp-peter-sellars-a-ruth-walz.jpg","contentUrl":"https:\/\/vof-news.eu\/wp-content\/uploads\/2025\/07\/5029574_upload-1-yhup49h9zepp-peter-sellars-a-ruth-walz.jpg","width":664,"height":1025},{"@type":"BreadcrumbList","@id":"https:\/\/vof-news.eu\/fr\/festival-daix-les-mondes-extraordinaires-de-peter-sellars\/#breadcrumb","itemListElement":[{"@type":"ListItem","position":1,"name":"Home","item":"https:\/\/vof-news.eu\/fr\/"},{"@type":"ListItem","position":2,"name":"Festival d\u2019Aix\u00a0: les mondes extraordinaires de Peter Sellars"}]},{"@type":"WebSite","@id":"https:\/\/vof-news.eu\/fr\/#website","url":"https:\/\/vof-news.eu\/fr\/","name":"vof-news.eu","description":"","potentialAction":[{"@type":"SearchAction","target":{"@type":"EntryPoint","urlTemplate":"https:\/\/vof-news.eu\/fr\/?s={search_term_string}"},"query-input":"required name=search_term_string"}],"inLanguage":"fr-FR"},{"@type":"Person","@id":"https:\/\/vof-news.eu\/fr\/#\/schema\/person\/f6a2a4309f0561835797fd8c19b333ed","name":"Author","image":{"@type":"ImageObject","inLanguage":"fr-FR","@id":"https:\/\/vof-news.eu\/fr\/#\/schema\/person\/image\/","url":"https:\/\/secure.gravatar.com\/avatar\/b67e614b1b25b3e9c0c239efdd2fde5ab015b5affd6f1c3c85911ca4b384e790?s=96&d=mm&r=g","contentUrl":"https:\/\/secure.gravatar.com\/avatar\/b67e614b1b25b3e9c0c239efdd2fde5ab015b5affd6f1c3c85911ca4b384e790?s=96&d=mm&r=g","caption":"Author"},"sameAs":["http:\/\/vof-news.eu"],"url":"https:\/\/vof-news.eu\/fr\/author\/zwt6qxnjulxbnyg\/"}]}},"yoast_meta":{"yoast_wpseo_title":"","yoast_wpseo_metadesc":"","yoast_wpseo_canonical":""},"_links":{"self":[{"href":"https:\/\/vof-news.eu\/fr\/wp-json\/wp\/v2\/posts\/248028","targetHints":{"allow":["GET"]}}],"collection":[{"href":"https:\/\/vof-news.eu\/fr\/wp-json\/wp\/v2\/posts"}],"about":[{"href":"https:\/\/vof-news.eu\/fr\/wp-json\/wp\/v2\/types\/post"}],"author":[{"embeddable":true,"href":"https:\/\/vof-news.eu\/fr\/wp-json\/wp\/v2\/users\/1"}],"replies":[{"embeddable":true,"href":"https:\/\/vof-news.eu\/fr\/wp-json\/wp\/v2\/comments?post=248028"}],"version-history":[{"count":1,"href":"https:\/\/vof-news.eu\/fr\/wp-json\/wp\/v2\/posts\/248028\/revisions"}],"predecessor-version":[{"id":248035,"href":"https:\/\/vof-news.eu\/fr\/wp-json\/wp\/v2\/posts\/248028\/revisions\/248035"}],"wp:featuredmedia":[{"embeddable":true,"href":"https:\/\/vof-news.eu\/fr\/wp-json\/wp\/v2\/media\/248029"}],"wp:attachment":[{"href":"https:\/\/vof-news.eu\/fr\/wp-json\/wp\/v2\/media?parent=248028"}],"wp:term":[{"taxonomy":"category","embeddable":true,"href":"https:\/\/vof-news.eu\/fr\/wp-json\/wp\/v2\/categories?post=248028"},{"taxonomy":"post_tag","embeddable":true,"href":"https:\/\/vof-news.eu\/fr\/wp-json\/wp\/v2\/tags?post=248028"}],"curies":[{"name":"wp","href":"https:\/\/api.w.org\/{rel}","templated":true}]}}