{"id":248018,"date":"2025-07-06T07:32:37","date_gmt":"2025-07-06T04:32:37","guid":{"rendered":"https:\/\/vof-news.eu\/les-milieux-economiques-dans-lincertitude-des-droits-de-douane-americains-et-du-budget-francais\/"},"modified":"2025-07-06T07:32:50","modified_gmt":"2025-07-06T04:32:50","slug":"les-milieux-economiques-dans-lincertitude-des-droits-de-douane-americains-et-du-budget-francais","status":"publish","type":"post","link":"https:\/\/vof-news.eu\/fr\/les-milieux-economiques-dans-lincertitude-des-droits-de-douane-americains-et-du-budget-francais\/","title":{"rendered":"Les milieux \u00e9conomiques dans l\u2019incertitude des droits de douane am\u00e9ricains et du budget fran\u00e7ais"},"content":{"rendered":"<article>\n<p>Le gouverneur de la Banque de France, Fran\u00e7ois Villeroy de Galhau, arbore une casquette verte frapp\u00e9e du slogan \u00ab\u00a0Make Europe Great Again\u00a0\u00bb. Un appel au sursaut sous le soleil caniculaire d\u2019Aix-en-Provence, comme une provocation en r\u00e9ponse \u00e0 la c\u00e9l\u00e8bre formule \u00ab\u00a0MAGA\u00a0\u00bb du pr\u00e9sident am\u00e9ricain, Donald Trump, . , a expliqu\u00e9 M.\u00a0Villeroy de Galhau, vendredi 4\u00a0juillet, lors des \u00ab\u00a0Rencontres \u00e9conomiques d\u2019Aix-en-Provence\u00a0\u00bb, l\u2019\u00e9v\u00e9nement annuel organis\u00e9 de jeudi\u00a03\u00a0\u00e0 samedi 5\u00a0juillet dans la ville des Bouches-du-Rh\u00f4ne.<\/p>\n<p>Le r\u00eave d\u2019un r\u00e9veil europ\u00e9en est partag\u00e9 largement sur place par les milieux \u00e9conomiques et patronaux invit\u00e9s. Mais c\u2019est un r\u00eave agit\u00e9, alors que le Vieux Continent est min\u00e9 par les lourdeurs r\u00e9glementaires, les co\u00fbts \u00e9lev\u00e9s de l\u2019\u00e9nergie, une politique industrielle fragment\u00e9e, voire concurrente entre Etats membres, sans compter la concurrence chinoise agressive et l\u2019isolationnisme am\u00e9ricain de plus en plus affirm\u00e9.<\/p>\n<p><strong>Il vous reste 80.23% de cet article \u00e0 lire. La suite est r\u00e9serv\u00e9e aux abonn\u00e9s.<\/strong><\/p>\n<\/article>\n","protected":false},"excerpt":{"rendered":"<p>Le gouverneur de la Banque de France, Fran\u00e7ois Villeroy de Galhau, arbore une casquette verte frapp\u00e9e du slogan \u00ab\u00a0Make Europe Great Again\u00a0\u00bb. Un appel au sursaut sous le soleil caniculaire d\u2019Aix-en-Provence, comme une provocation en r\u00e9ponse \u00e0 la c\u00e9l\u00e8bre formule \u00ab\u00a0MAGA\u00a0\u00bb du pr\u00e9sident am\u00e9ricain, Donald Trump, . , a expliqu\u00e9 M.\u00a0Villeroy de Galhau, vendredi 4\u00a0juillet,<\/p>\n","protected":false},"author":1,"featured_media":248019,"comment_status":"open","ping_status":"open","sticky":false,"template":"","format":"standard","meta":{"footnotes":""},"categories":[58],"tags":[],"class_list":["post-248018","post","type-post","status-publish","format-standard","has-post-thumbnail","hentry","category-business-fr"],"acf":[],"yoast_head":"<!-- This site is optimized with the Yoast SEO plugin v22.9 - https:\/\/yoast.com\/wordpress\/plugins\/seo\/ -->\n<title>Les milieux \u00e9conomiques dans l\u2019incertitude des droits de douane am\u00e9ricains et du budget fran\u00e7ais - vof-news.eu<\/title>\n<meta name=\"description\" content=\"Le gouverneur de la Banque de France, Fran\u00e7ois Villeroy de Galhau, arbore une casquette verte frapp\u00e9e du slogan \u00ab\u00a0Make Europe Great Again\u00a0\u00bb. Un appel au sursaut sous le soleil caniculaire d\u2019Aix-en-Provence, comme une provocation en r\u00e9ponse \u00e0 la c\u00e9l\u00e8bre formule \u00ab\u00a0MAGA\u00a0\u00bb du pr\u00e9sident am\u00e9ricain, Donald Trump, . , a expliqu\u00e9 M.\u00a0Villeroy de Galhau, vendredi 4\u00a0juillet, lors des \u00ab\u00a0Rencontres \u00e9conomiques d\u2019Aix-en-Provence\u00a0\u00bb, l\u2019\u00e9v\u00e9nement annuel organis\u00e9 de jeudi\u00a03\u00a0\u00e0 samedi 5\u00a0juillet dans la ville des Bouches-du-Rh\u00f4ne. Le r\u00eave d\u2019un r\u00e9veil europ\u00e9en est partag\u00e9 largement sur place par les milieux \u00e9conomiques et patronaux invit\u00e9s. Mais c\u2019est un r\u00eave agit\u00e9, alors que le Vieux Continent est min\u00e9 par les lourdeurs r\u00e9glementaires, les co\u00fbts \u00e9lev\u00e9s de l\u2019\u00e9nergie, une politique industrielle fragment\u00e9e, voire concurrente entre Etats membres, sans compter la concurrence chinoise agressive et l\u2019isolationnisme am\u00e9ricain de plus en plus affirm\u00e9. Il vous reste 80.23% de cet article \u00e0 lire. La suite est r\u00e9serv\u00e9e aux abonn\u00e9s.\" \/>\n<meta name=\"robots\" content=\"noindex, follow, max-snippet:-1, max-image-preview:large, max-video-preview:-1\" \/>\n<meta property=\"og:locale\" content=\"fr_FR\" \/>\n<meta property=\"og:type\" content=\"article\" \/>\n<meta property=\"og:title\" content=\"Les milieux \u00e9conomiques dans l\u2019incertitude des droits de douane am\u00e9ricains et du budget fran\u00e7ais - vof-news.eu\" \/>\n<meta property=\"og:description\" content=\"Le gouverneur de la Banque de France, Fran\u00e7ois Villeroy de Galhau, arbore une casquette verte frapp\u00e9e du slogan \u00ab\u00a0Make Europe Great Again\u00a0\u00bb. Un appel au sursaut sous le soleil caniculaire d\u2019Aix-en-Provence, comme une provocation en r\u00e9ponse \u00e0 la c\u00e9l\u00e8bre formule \u00ab\u00a0MAGA\u00a0\u00bb du pr\u00e9sident am\u00e9ricain, Donald Trump, . , a expliqu\u00e9 M.\u00a0Villeroy de Galhau, vendredi 4\u00a0juillet, lors des \u00ab\u00a0Rencontres \u00e9conomiques d\u2019Aix-en-Provence\u00a0\u00bb, l\u2019\u00e9v\u00e9nement annuel organis\u00e9 de jeudi\u00a03\u00a0\u00e0 samedi 5\u00a0juillet dans la ville des Bouches-du-Rh\u00f4ne. Le r\u00eave d\u2019un r\u00e9veil europ\u00e9en est partag\u00e9 largement sur place par les milieux \u00e9conomiques et patronaux invit\u00e9s. Mais c\u2019est un r\u00eave agit\u00e9, alors que le Vieux Continent est min\u00e9 par les lourdeurs r\u00e9glementaires, les co\u00fbts \u00e9lev\u00e9s de l\u2019\u00e9nergie, une politique industrielle fragment\u00e9e, voire concurrente entre Etats membres, sans compter la concurrence chinoise agressive et l\u2019isolationnisme am\u00e9ricain de plus en plus affirm\u00e9. Il vous reste 80.23% de cet article \u00e0 lire. La suite est r\u00e9serv\u00e9e aux abonn\u00e9s.\" \/>\n<meta property=\"og:url\" content=\"https:\/\/vof-news.eu\/fr\/les-milieux-economiques-dans-lincertitude-des-droits-de-douane-americains-et-du-budget-francais\/\" \/>\n<meta property=\"og:site_name\" content=\"vof-news.eu\" \/>\n<meta property=\"article:published_time\" content=\"2025-07-06T04:32:37+00:00\" \/>\n<meta property=\"article:modified_time\" content=\"2025-07-06T04:32:50+00:00\" \/>\n<meta property=\"og:image\" content=\"https:\/\/vof-news.eu\/wp-content\/uploads\/2025\/07\/ca172d1_upload-1-utyik4aokcvx-maxnewsspecialtwo270685.jpg\" \/>\n\t<meta property=\"og:image:width\" content=\"664\" \/>\n\t<meta property=\"og:image:height\" content=\"443\" \/>\n\t<meta property=\"og:image:type\" content=\"image\/jpeg\" \/>\n<meta name=\"author\" content=\"Author\" \/>\n<meta name=\"twitter:card\" content=\"summary_large_image\" \/>\n<meta name=\"twitter:label1\" content=\"\u00c9crit par\" \/>\n\t<meta name=\"twitter:data1\" content=\"Author\" \/>\n\t<meta name=\"twitter:label2\" content=\"Dur\u00e9e de lecture estim\u00e9e\" \/>\n\t<meta name=\"twitter:data2\" content=\"1 minute\" \/>\n<script type=\"application\/ld+json\" class=\"yoast-schema-graph\">{\"@context\":\"https:\/\/schema.org\",\"@graph\":[{\"@type\":\"WebPage\",\"@id\":\"https:\/\/vof-news.eu\/fr\/les-milieux-economiques-dans-lincertitude-des-droits-de-douane-americains-et-du-budget-francais\/\",\"url\":\"https:\/\/vof-news.eu\/fr\/les-milieux-economiques-dans-lincertitude-des-droits-de-douane-americains-et-du-budget-francais\/\",\"name\":\"Les milieux \u00e9conomiques dans l\u2019incertitude des droits de douane am\u00e9ricains et du budget fran\u00e7ais - vof-news.eu\",\"isPartOf\":{\"@id\":\"https:\/\/vof-news.eu\/fr\/#website\"},\"primaryImageOfPage\":{\"@id\":\"https:\/\/vof-news.eu\/fr\/les-milieux-economiques-dans-lincertitude-des-droits-de-douane-americains-et-du-budget-francais\/#primaryimage\"},\"image\":{\"@id\":\"https:\/\/vof-news.eu\/fr\/les-milieux-economiques-dans-lincertitude-des-droits-de-douane-americains-et-du-budget-francais\/#primaryimage\"},\"thumbnailUrl\":\"https:\/\/vof-news.eu\/wp-content\/uploads\/2025\/07\/ca172d1_upload-1-utyik4aokcvx-maxnewsspecialtwo270685.jpg\",\"datePublished\":\"2025-07-06T04:32:37+00:00\",\"dateModified\":\"2025-07-06T04:32:50+00:00\",\"author\":{\"@id\":\"https:\/\/vof-news.eu\/fr\/#\/schema\/person\/f6a2a4309f0561835797fd8c19b333ed\"},\"description\":\"Le gouverneur de la Banque de France, Fran\u00e7ois Villeroy de Galhau, arbore une casquette verte frapp\u00e9e du slogan \u00ab\u00a0Make Europe Great Again\u00a0\u00bb. Un appel au sursaut sous le soleil caniculaire d\u2019Aix-en-Provence, comme une provocation en r\u00e9ponse \u00e0 la c\u00e9l\u00e8bre formule \u00ab\u00a0MAGA\u00a0\u00bb du pr\u00e9sident am\u00e9ricain, Donald Trump, . , a expliqu\u00e9 M.\u00a0Villeroy de Galhau, vendredi 4\u00a0juillet, lors des \u00ab\u00a0Rencontres \u00e9conomiques d\u2019Aix-en-Provence\u00a0\u00bb, l\u2019\u00e9v\u00e9nement annuel organis\u00e9 de jeudi\u00a03\u00a0\u00e0 samedi 5\u00a0juillet dans la ville des Bouches-du-Rh\u00f4ne. Le r\u00eave d\u2019un r\u00e9veil europ\u00e9en est partag\u00e9 largement sur place par les milieux \u00e9conomiques et patronaux invit\u00e9s. Mais c\u2019est un r\u00eave agit\u00e9, alors que le Vieux Continent est min\u00e9 par les lourdeurs r\u00e9glementaires, les co\u00fbts \u00e9lev\u00e9s de l\u2019\u00e9nergie, une politique industrielle fragment\u00e9e, voire concurrente entre Etats membres, sans compter la concurrence chinoise agressive et l\u2019isolationnisme am\u00e9ricain de plus en plus affirm\u00e9. Il vous reste 80.23% de cet article \u00e0 lire. La suite est r\u00e9serv\u00e9e aux abonn\u00e9s.\",\"breadcrumb\":{\"@id\":\"https:\/\/vof-news.eu\/fr\/les-milieux-economiques-dans-lincertitude-des-droits-de-douane-americains-et-du-budget-francais\/#breadcrumb\"},\"inLanguage\":\"fr-FR\",\"potentialAction\":[{\"@type\":\"ReadAction\",\"target\":[\"https:\/\/vof-news.eu\/fr\/les-milieux-economiques-dans-lincertitude-des-droits-de-douane-americains-et-du-budget-francais\/\"]}]},{\"@type\":\"ImageObject\",\"inLanguage\":\"fr-FR\",\"@id\":\"https:\/\/vof-news.eu\/fr\/les-milieux-economiques-dans-lincertitude-des-droits-de-douane-americains-et-du-budget-francais\/#primaryimage\",\"url\":\"https:\/\/vof-news.eu\/wp-content\/uploads\/2025\/07\/ca172d1_upload-1-utyik4aokcvx-maxnewsspecialtwo270685.jpg\",\"contentUrl\":\"https:\/\/vof-news.eu\/wp-content\/uploads\/2025\/07\/ca172d1_upload-1-utyik4aokcvx-maxnewsspecialtwo270685.jpg\",\"width\":664,\"height\":443},{\"@type\":\"BreadcrumbList\",\"@id\":\"https:\/\/vof-news.eu\/fr\/les-milieux-economiques-dans-lincertitude-des-droits-de-douane-americains-et-du-budget-francais\/#breadcrumb\",\"itemListElement\":[{\"@type\":\"ListItem\",\"position\":1,\"name\":\"Home\",\"item\":\"https:\/\/vof-news.eu\/fr\/\"},{\"@type\":\"ListItem\",\"position\":2,\"name\":\"Les milieux \u00e9conomiques dans l\u2019incertitude des droits de douane am\u00e9ricains et du budget fran\u00e7ais\"}]},{\"@type\":\"WebSite\",\"@id\":\"https:\/\/vof-news.eu\/fr\/#website\",\"url\":\"https:\/\/vof-news.eu\/fr\/\",\"name\":\"vof-news.eu\",\"description\":\"\",\"potentialAction\":[{\"@type\":\"SearchAction\",\"target\":{\"@type\":\"EntryPoint\",\"urlTemplate\":\"https:\/\/vof-news.eu\/fr\/?s={search_term_string}\"},\"query-input\":\"required name=search_term_string\"}],\"inLanguage\":\"fr-FR\"},{\"@type\":\"Person\",\"@id\":\"https:\/\/vof-news.eu\/fr\/#\/schema\/person\/f6a2a4309f0561835797fd8c19b333ed\",\"name\":\"Author\",\"image\":{\"@type\":\"ImageObject\",\"inLanguage\":\"fr-FR\",\"@id\":\"https:\/\/vof-news.eu\/fr\/#\/schema\/person\/image\/\",\"url\":\"https:\/\/secure.gravatar.com\/avatar\/b67e614b1b25b3e9c0c239efdd2fde5ab015b5affd6f1c3c85911ca4b384e790?s=96&d=mm&r=g\",\"contentUrl\":\"https:\/\/secure.gravatar.com\/avatar\/b67e614b1b25b3e9c0c239efdd2fde5ab015b5affd6f1c3c85911ca4b384e790?s=96&d=mm&r=g\",\"caption\":\"Author\"},\"sameAs\":[\"http:\/\/vof-news.eu\"],\"url\":\"https:\/\/vof-news.eu\/fr\/author\/zwt6qxnjulxbnyg\/\"}]}<\/script>\n<!-- \/ Yoast SEO plugin. -->","yoast_head_json":{"title":"Les milieux \u00e9conomiques dans l\u2019incertitude des droits de douane am\u00e9ricains et du budget fran\u00e7ais - vof-news.eu","description":"Le gouverneur de la Banque de France, Fran\u00e7ois Villeroy de Galhau, arbore une casquette verte frapp\u00e9e du slogan \u00ab\u00a0Make Europe Great Again\u00a0\u00bb. Un appel au sursaut sous le soleil caniculaire d\u2019Aix-en-Provence, comme une provocation en r\u00e9ponse \u00e0 la c\u00e9l\u00e8bre formule \u00ab\u00a0MAGA\u00a0\u00bb du pr\u00e9sident am\u00e9ricain, Donald Trump, . , a expliqu\u00e9 M.\u00a0Villeroy de Galhau, vendredi 4\u00a0juillet, lors des \u00ab\u00a0Rencontres \u00e9conomiques d\u2019Aix-en-Provence\u00a0\u00bb, l\u2019\u00e9v\u00e9nement annuel organis\u00e9 de jeudi\u00a03\u00a0\u00e0 samedi 5\u00a0juillet dans la ville des Bouches-du-Rh\u00f4ne. Le r\u00eave d\u2019un r\u00e9veil europ\u00e9en est partag\u00e9 largement sur place par les milieux \u00e9conomiques et patronaux invit\u00e9s. Mais c\u2019est un r\u00eave agit\u00e9, alors que le Vieux Continent est min\u00e9 par les lourdeurs r\u00e9glementaires, les co\u00fbts \u00e9lev\u00e9s de l\u2019\u00e9nergie, une politique industrielle fragment\u00e9e, voire concurrente entre Etats membres, sans compter la concurrence chinoise agressive et l\u2019isolationnisme am\u00e9ricain de plus en plus affirm\u00e9. Il vous reste 80.23% de cet article \u00e0 lire. La suite est r\u00e9serv\u00e9e aux abonn\u00e9s.","robots":{"index":"noindex","follow":"follow","max-snippet":"max-snippet:-1","max-image-preview":"max-image-preview:large","max-video-preview":"max-video-preview:-1"},"og_locale":"fr_FR","og_type":"article","og_title":"Les milieux \u00e9conomiques dans l\u2019incertitude des droits de douane am\u00e9ricains et du budget fran\u00e7ais - vof-news.eu","og_description":"Le gouverneur de la Banque de France, Fran\u00e7ois Villeroy de Galhau, arbore une casquette verte frapp\u00e9e du slogan \u00ab\u00a0Make Europe Great Again\u00a0\u00bb. Un appel au sursaut sous le soleil caniculaire d\u2019Aix-en-Provence, comme une provocation en r\u00e9ponse \u00e0 la c\u00e9l\u00e8bre formule \u00ab\u00a0MAGA\u00a0\u00bb du pr\u00e9sident am\u00e9ricain, Donald Trump, . , a expliqu\u00e9 M.\u00a0Villeroy de Galhau, vendredi 4\u00a0juillet, lors des \u00ab\u00a0Rencontres \u00e9conomiques d\u2019Aix-en-Provence\u00a0\u00bb, l\u2019\u00e9v\u00e9nement annuel organis\u00e9 de jeudi\u00a03\u00a0\u00e0 samedi 5\u00a0juillet dans la ville des Bouches-du-Rh\u00f4ne. Le r\u00eave d\u2019un r\u00e9veil europ\u00e9en est partag\u00e9 largement sur place par les milieux \u00e9conomiques et patronaux invit\u00e9s. Mais c\u2019est un r\u00eave agit\u00e9, alors que le Vieux Continent est min\u00e9 par les lourdeurs r\u00e9glementaires, les co\u00fbts \u00e9lev\u00e9s de l\u2019\u00e9nergie, une politique industrielle fragment\u00e9e, voire concurrente entre Etats membres, sans compter la concurrence chinoise agressive et l\u2019isolationnisme am\u00e9ricain de plus en plus affirm\u00e9. Il vous reste 80.23% de cet article \u00e0 lire. La suite est r\u00e9serv\u00e9e aux abonn\u00e9s.","og_url":"https:\/\/vof-news.eu\/fr\/les-milieux-economiques-dans-lincertitude-des-droits-de-douane-americains-et-du-budget-francais\/","og_site_name":"vof-news.eu","article_published_time":"2025-07-06T04:32:37+00:00","article_modified_time":"2025-07-06T04:32:50+00:00","og_image":[{"width":664,"height":443,"url":"https:\/\/vof-news.eu\/wp-content\/uploads\/2025\/07\/ca172d1_upload-1-utyik4aokcvx-maxnewsspecialtwo270685.jpg","type":"image\/jpeg"}],"author":"Author","twitter_card":"summary_large_image","twitter_misc":{"\u00c9crit par":"Author","Dur\u00e9e de lecture estim\u00e9e":"1 minute"},"schema":{"@context":"https:\/\/schema.org","@graph":[{"@type":"WebPage","@id":"https:\/\/vof-news.eu\/fr\/les-milieux-economiques-dans-lincertitude-des-droits-de-douane-americains-et-du-budget-francais\/","url":"https:\/\/vof-news.eu\/fr\/les-milieux-economiques-dans-lincertitude-des-droits-de-douane-americains-et-du-budget-francais\/","name":"Les milieux \u00e9conomiques dans l\u2019incertitude des droits de douane am\u00e9ricains et du budget fran\u00e7ais - vof-news.eu","isPartOf":{"@id":"https:\/\/vof-news.eu\/fr\/#website"},"primaryImageOfPage":{"@id":"https:\/\/vof-news.eu\/fr\/les-milieux-economiques-dans-lincertitude-des-droits-de-douane-americains-et-du-budget-francais\/#primaryimage"},"image":{"@id":"https:\/\/vof-news.eu\/fr\/les-milieux-economiques-dans-lincertitude-des-droits-de-douane-americains-et-du-budget-francais\/#primaryimage"},"thumbnailUrl":"https:\/\/vof-news.eu\/wp-content\/uploads\/2025\/07\/ca172d1_upload-1-utyik4aokcvx-maxnewsspecialtwo270685.jpg","datePublished":"2025-07-06T04:32:37+00:00","dateModified":"2025-07-06T04:32:50+00:00","author":{"@id":"https:\/\/vof-news.eu\/fr\/#\/schema\/person\/f6a2a4309f0561835797fd8c19b333ed"},"description":"Le gouverneur de la Banque de France, Fran\u00e7ois Villeroy de Galhau, arbore une casquette verte frapp\u00e9e du slogan \u00ab\u00a0Make Europe Great Again\u00a0\u00bb. Un appel au sursaut sous le soleil caniculaire d\u2019Aix-en-Provence, comme une provocation en r\u00e9ponse \u00e0 la c\u00e9l\u00e8bre formule \u00ab\u00a0MAGA\u00a0\u00bb du pr\u00e9sident am\u00e9ricain, Donald Trump, . , a expliqu\u00e9 M.\u00a0Villeroy de Galhau, vendredi 4\u00a0juillet, lors des \u00ab\u00a0Rencontres \u00e9conomiques d\u2019Aix-en-Provence\u00a0\u00bb, l\u2019\u00e9v\u00e9nement annuel organis\u00e9 de jeudi\u00a03\u00a0\u00e0 samedi 5\u00a0juillet dans la ville des Bouches-du-Rh\u00f4ne. Le r\u00eave d\u2019un r\u00e9veil europ\u00e9en est partag\u00e9 largement sur place par les milieux \u00e9conomiques et patronaux invit\u00e9s. Mais c\u2019est un r\u00eave agit\u00e9, alors que le Vieux Continent est min\u00e9 par les lourdeurs r\u00e9glementaires, les co\u00fbts \u00e9lev\u00e9s de l\u2019\u00e9nergie, une politique industrielle fragment\u00e9e, voire concurrente entre Etats membres, sans compter la concurrence chinoise agressive et l\u2019isolationnisme am\u00e9ricain de plus en plus affirm\u00e9. Il vous reste 80.23% de cet article \u00e0 lire. La suite est r\u00e9serv\u00e9e aux abonn\u00e9s.","breadcrumb":{"@id":"https:\/\/vof-news.eu\/fr\/les-milieux-economiques-dans-lincertitude-des-droits-de-douane-americains-et-du-budget-francais\/#breadcrumb"},"inLanguage":"fr-FR","potentialAction":[{"@type":"ReadAction","target":["https:\/\/vof-news.eu\/fr\/les-milieux-economiques-dans-lincertitude-des-droits-de-douane-americains-et-du-budget-francais\/"]}]},{"@type":"ImageObject","inLanguage":"fr-FR","@id":"https:\/\/vof-news.eu\/fr\/les-milieux-economiques-dans-lincertitude-des-droits-de-douane-americains-et-du-budget-francais\/#primaryimage","url":"https:\/\/vof-news.eu\/wp-content\/uploads\/2025\/07\/ca172d1_upload-1-utyik4aokcvx-maxnewsspecialtwo270685.jpg","contentUrl":"https:\/\/vof-news.eu\/wp-content\/uploads\/2025\/07\/ca172d1_upload-1-utyik4aokcvx-maxnewsspecialtwo270685.jpg","width":664,"height":443},{"@type":"BreadcrumbList","@id":"https:\/\/vof-news.eu\/fr\/les-milieux-economiques-dans-lincertitude-des-droits-de-douane-americains-et-du-budget-francais\/#breadcrumb","itemListElement":[{"@type":"ListItem","position":1,"name":"Home","item":"https:\/\/vof-news.eu\/fr\/"},{"@type":"ListItem","position":2,"name":"Les milieux \u00e9conomiques dans l\u2019incertitude des droits de douane am\u00e9ricains et du budget fran\u00e7ais"}]},{"@type":"WebSite","@id":"https:\/\/vof-news.eu\/fr\/#website","url":"https:\/\/vof-news.eu\/fr\/","name":"vof-news.eu","description":"","potentialAction":[{"@type":"SearchAction","target":{"@type":"EntryPoint","urlTemplate":"https:\/\/vof-news.eu\/fr\/?s={search_term_string}"},"query-input":"required name=search_term_string"}],"inLanguage":"fr-FR"},{"@type":"Person","@id":"https:\/\/vof-news.eu\/fr\/#\/schema\/person\/f6a2a4309f0561835797fd8c19b333ed","name":"Author","image":{"@type":"ImageObject","inLanguage":"fr-FR","@id":"https:\/\/vof-news.eu\/fr\/#\/schema\/person\/image\/","url":"https:\/\/secure.gravatar.com\/avatar\/b67e614b1b25b3e9c0c239efdd2fde5ab015b5affd6f1c3c85911ca4b384e790?s=96&d=mm&r=g","contentUrl":"https:\/\/secure.gravatar.com\/avatar\/b67e614b1b25b3e9c0c239efdd2fde5ab015b5affd6f1c3c85911ca4b384e790?s=96&d=mm&r=g","caption":"Author"},"sameAs":["http:\/\/vof-news.eu"],"url":"https:\/\/vof-news.eu\/fr\/author\/zwt6qxnjulxbnyg\/"}]}},"yoast_meta":{"yoast_wpseo_title":"","yoast_wpseo_metadesc":"","yoast_wpseo_canonical":""},"_links":{"self":[{"href":"https:\/\/vof-news.eu\/fr\/wp-json\/wp\/v2\/posts\/248018","targetHints":{"allow":["GET"]}}],"collection":[{"href":"https:\/\/vof-news.eu\/fr\/wp-json\/wp\/v2\/posts"}],"about":[{"href":"https:\/\/vof-news.eu\/fr\/wp-json\/wp\/v2\/types\/post"}],"author":[{"embeddable":true,"href":"https:\/\/vof-news.eu\/fr\/wp-json\/wp\/v2\/users\/1"}],"replies":[{"embeddable":true,"href":"https:\/\/vof-news.eu\/fr\/wp-json\/wp\/v2\/comments?post=248018"}],"version-history":[{"count":1,"href":"https:\/\/vof-news.eu\/fr\/wp-json\/wp\/v2\/posts\/248018\/revisions"}],"predecessor-version":[{"id":248025,"href":"https:\/\/vof-news.eu\/fr\/wp-json\/wp\/v2\/posts\/248018\/revisions\/248025"}],"wp:featuredmedia":[{"embeddable":true,"href":"https:\/\/vof-news.eu\/fr\/wp-json\/wp\/v2\/media\/248019"}],"wp:attachment":[{"href":"https:\/\/vof-news.eu\/fr\/wp-json\/wp\/v2\/media?parent=248018"}],"wp:term":[{"taxonomy":"category","embeddable":true,"href":"https:\/\/vof-news.eu\/fr\/wp-json\/wp\/v2\/categories?post=248018"},{"taxonomy":"post_tag","embeddable":true,"href":"https:\/\/vof-news.eu\/fr\/wp-json\/wp\/v2\/tags?post=248018"}],"curies":[{"name":"wp","href":"https:\/\/api.w.org\/{rel}","templated":true}]}}