{"id":247958,"date":"2025-07-06T05:30:08","date_gmt":"2025-07-06T02:30:08","guid":{"rendered":"https:\/\/vof-news.eu\/paris-touche-par-plusieurs-coupures-de-courant-en-raison-de-la-chaleur\/"},"modified":"2025-07-06T05:30:42","modified_gmt":"2025-07-06T02:30:42","slug":"paris-touche-par-plusieurs-coupures-de-courant-en-raison-de-la-chaleur","status":"publish","type":"post","link":"https:\/\/vof-news.eu\/fr\/paris-touche-par-plusieurs-coupures-de-courant-en-raison-de-la-chaleur\/","title":{"rendered":"Paris touch\u00e9 par plusieurs coupures de courant en raison de la chaleur"},"content":{"rendered":"<article>\n<p>La chaleur et l\u2019\u00e9lectricit\u00e9 ne font pas toujours bon m\u00e9nage. Plusieurs coupures de courant ont affect\u00e9, samedi 5\u00a0juillet, le r\u00e9seau \u00e9lectrique parisien, cons\u00e9quence de la canicule sur la capitale.<\/p>\n<p>Le gestionnaire du r\u00e9seau de distribution d\u2019\u00e9lectricit\u00e9 Enedis  samedi sur le r\u00e9seau \u00e9lectrique parisien , a pr\u00e9cis\u00e9 la filiale d\u2019EDF dans un bref communiqu\u00e9 en soir\u00e9e.<\/p>\n<p>, a\u00a0ajout\u00e9 Enedis. , selon le gestionnaire du r\u00e9seau.<\/p>\n<p>Vers 16\u00a0heures, , selon une photo d\u2019une t\u00e9moin consult\u00e9e par l\u2019Agence France-Presse (AFP), ainsi que rue Poussin dans le 16<sup>e<\/sup> arrondissement \u00e0 21\u00a0h\u00a030.<\/p>\n<section>   <\/section>\n<h2>Plus de cent coupures diff\u00e9rentes dans la journ\u00e9e de samedi<\/h2>\n<p>Enedis assure que .<\/p>\n<p>, a expliqu\u00e9 Arnaud Baret, d\u00e9l\u00e9gu\u00e9 syndical CGT Enedis Paris. , a-t-il ajout\u00e9. Ils sont en gr\u00e8ve depuis le 12\u00a0juin.<\/p>\n<section>   <\/section>\n<p>Selon la m\u00eame source, Paris a connu plus de cent coupures diff\u00e9rentes dans la seule journ\u00e9e de samedi. Sur le site Internet d\u2019Enedis \u00e0 23\u00a0heures, on relevait encore une soixantaine d\u2019incidents en cours de r\u00e9solution, notamment dans la rue de Grenelle o\u00f9 sont situ\u00e9s plusieurs minist\u00e8res, et place du Palais-Bourbon.<\/p>\n<p>, a ajout\u00e9 une source de la direction, en admettant n\u00e9anmoins qu\u2019un . , a ajout\u00e9 la m\u00eame source.<\/p>\n<section>  <a href=\"https:\/\/www.lemonde.fr\/newsletters\/a-la-une\/\" rel=\"nofollow\">    <\/a> <\/section>\n<p>Le conflit porte selon M. Baret sur le projet de la direction de remettre en cause l\u2019organisation du dispositif d\u2019astreinte et ses compensations financi\u00e8res pour le logement des agents. Ce dispositif sp\u00e9cifique \u00e0 Paris met \u00e0 disposition des logements aux salari\u00e9s d\u2019astreinte sur leur zone d\u2019intervention avec un loyer \u00e9cr\u00eat\u00e9, leur permettant d\u2019intervenir vingt-quatre\u00a0heures sur vingt-quatre\u00a0en cas de panne localis\u00e9e, leur mission de service public les obligeant \u00e0 intervenir au plus vite pour les habitants priv\u00e9s d\u2019\u00e9lectricit\u00e9.<\/p>\n<section>   <\/section>\n<section>\n<p> <span>Le Monde avec AFP<\/span> <\/p>\n<\/section>\n<section>\n<section>\n<header>   <\/header>\n<section>\n<section> <a href=\"https:\/\/abo.lemonde.fr\/?lmd_medium=BOUTONS_LMFR&amp;lmd_campaign=CONTRIBUTION_ARTICLE\" rel=\"nofollow\">S\u2019abonner<\/a> <\/section>\n<\/section>\n<section><\/section>\n<\/section>\n<p>Contribuer<\/p>\n<p> <a href=\"https:\/\/www.lemonde.fr\/syndication\/\" rel=\"nofollow\">R\u00e9utiliser ce contenu<\/a> <\/section>\n<\/article>\n","protected":false},"excerpt":{"rendered":"<p>La chaleur et l\u2019\u00e9lectricit\u00e9 ne font pas toujours bon m\u00e9nage. Plusieurs coupures de courant ont affect\u00e9, samedi 5\u00a0juillet, le r\u00e9seau \u00e9lectrique parisien, cons\u00e9quence de la canicule sur la capitale. Le gestionnaire du r\u00e9seau de distribution d\u2019\u00e9lectricit\u00e9 Enedis samedi sur le r\u00e9seau \u00e9lectrique parisien , a pr\u00e9cis\u00e9 la filiale d\u2019EDF dans un bref communiqu\u00e9 en soir\u00e9e.<\/p>\n","protected":false},"author":1,"featured_media":247959,"comment_status":"open","ping_status":"open","sticky":false,"template":"","format":"standard","meta":{"footnotes":""},"categories":[53],"tags":[],"class_list":["post-247958","post","type-post","status-publish","format-standard","has-post-thumbnail","hentry","category-main-news-fr"],"acf":[],"yoast_head":"<!-- This site is optimized with the Yoast SEO plugin v22.9 - https:\/\/yoast.com\/wordpress\/plugins\/seo\/ -->\n<title>Paris touch\u00e9 par plusieurs coupures de courant en raison de la chaleur - vof-news.eu<\/title>\n<meta name=\"description\" content=\"La chaleur et l\u2019\u00e9lectricit\u00e9 ne font pas toujours bon m\u00e9nage. Plusieurs coupures de courant ont affect\u00e9, samedi 5\u00a0juillet, le r\u00e9seau \u00e9lectrique parisien, cons\u00e9quence de la canicule sur la capitale. Le gestionnaire du r\u00e9seau de distribution d\u2019\u00e9lectricit\u00e9 Enedis samedi sur le r\u00e9seau \u00e9lectrique parisien , a pr\u00e9cis\u00e9 la filiale d\u2019EDF dans un bref communiqu\u00e9 en soir\u00e9e. , a\u00a0ajout\u00e9 Enedis. , selon le gestionnaire du r\u00e9seau. Vers 16\u00a0heures, , selon une photo d\u2019une t\u00e9moin consult\u00e9e par l\u2019Agence France-Presse (AFP), ainsi que rue Poussin dans le 16e arrondissement \u00e0 21\u00a0h\u00a030.   Plus de cent coupures diff\u00e9rentes dans la journ\u00e9e de samedi Enedis assure que . , a expliqu\u00e9 Arnaud Baret, d\u00e9l\u00e9gu\u00e9 syndical CGT Enedis Paris. , a-t-il ajout\u00e9. Ils sont en gr\u00e8ve depuis le 12\u00a0juin.   Selon la m\u00eame source, Paris a connu plus de cent coupures diff\u00e9rentes dans la seule journ\u00e9e de samedi. Sur le site Internet d\u2019Enedis \u00e0 23\u00a0heures, on relevait encore une soixantaine d\u2019incidents en cours de r\u00e9solution, notamment dans la rue de Grenelle o\u00f9 sont situ\u00e9s plusieurs minist\u00e8res, et place du Palais-Bourbon. , a ajout\u00e9 une source de la direction, en admettant n\u00e9anmoins qu\u2019un . , a ajout\u00e9 la m\u00eame source.     Le conflit porte selon M. Baret sur le projet de la direction de remettre en cause l\u2019organisation du dispositif d\u2019astreinte et ses compensations financi\u00e8res pour le logement des agents. Ce dispositif sp\u00e9cifique \u00e0 Paris met \u00e0 disposition des logements aux salari\u00e9s d\u2019astreinte sur leur zone d\u2019intervention avec un loyer \u00e9cr\u00eat\u00e9, leur permettant d\u2019intervenir vingt-quatre\u00a0heures sur vingt-quatre\u00a0en cas de panne localis\u00e9e, leur mission de service public les obligeant \u00e0 intervenir au plus vite pour les habitants priv\u00e9s d\u2019\u00e9lectricit\u00e9.    Le Monde avec AFP      S\u2019abonner   Contribuer R\u00e9utiliser ce contenu\" \/>\n<meta name=\"robots\" content=\"noindex, follow, max-snippet:-1, max-image-preview:large, max-video-preview:-1\" \/>\n<meta property=\"og:locale\" content=\"fr_FR\" \/>\n<meta property=\"og:type\" content=\"article\" \/>\n<meta property=\"og:title\" content=\"Paris touch\u00e9 par plusieurs coupures de courant en raison de la chaleur - vof-news.eu\" \/>\n<meta property=\"og:description\" content=\"La chaleur et l\u2019\u00e9lectricit\u00e9 ne font pas toujours bon m\u00e9nage. Plusieurs coupures de courant ont affect\u00e9, samedi 5\u00a0juillet, le r\u00e9seau \u00e9lectrique parisien, cons\u00e9quence de la canicule sur la capitale. Le gestionnaire du r\u00e9seau de distribution d\u2019\u00e9lectricit\u00e9 Enedis samedi sur le r\u00e9seau \u00e9lectrique parisien , a pr\u00e9cis\u00e9 la filiale d\u2019EDF dans un bref communiqu\u00e9 en soir\u00e9e. , a\u00a0ajout\u00e9 Enedis. , selon le gestionnaire du r\u00e9seau. Vers 16\u00a0heures, , selon une photo d\u2019une t\u00e9moin consult\u00e9e par l\u2019Agence France-Presse (AFP), ainsi que rue Poussin dans le 16e arrondissement \u00e0 21\u00a0h\u00a030.   Plus de cent coupures diff\u00e9rentes dans la journ\u00e9e de samedi Enedis assure que . , a expliqu\u00e9 Arnaud Baret, d\u00e9l\u00e9gu\u00e9 syndical CGT Enedis Paris. , a-t-il ajout\u00e9. Ils sont en gr\u00e8ve depuis le 12\u00a0juin.   Selon la m\u00eame source, Paris a connu plus de cent coupures diff\u00e9rentes dans la seule journ\u00e9e de samedi. Sur le site Internet d\u2019Enedis \u00e0 23\u00a0heures, on relevait encore une soixantaine d\u2019incidents en cours de r\u00e9solution, notamment dans la rue de Grenelle o\u00f9 sont situ\u00e9s plusieurs minist\u00e8res, et place du Palais-Bourbon. , a ajout\u00e9 une source de la direction, en admettant n\u00e9anmoins qu\u2019un . , a ajout\u00e9 la m\u00eame source.     Le conflit porte selon M. Baret sur le projet de la direction de remettre en cause l\u2019organisation du dispositif d\u2019astreinte et ses compensations financi\u00e8res pour le logement des agents. Ce dispositif sp\u00e9cifique \u00e0 Paris met \u00e0 disposition des logements aux salari\u00e9s d\u2019astreinte sur leur zone d\u2019intervention avec un loyer \u00e9cr\u00eat\u00e9, leur permettant d\u2019intervenir vingt-quatre\u00a0heures sur vingt-quatre\u00a0en cas de panne localis\u00e9e, leur mission de service public les obligeant \u00e0 intervenir au plus vite pour les habitants priv\u00e9s d\u2019\u00e9lectricit\u00e9.    Le Monde avec AFP      S\u2019abonner   Contribuer R\u00e9utiliser ce contenu\" \/>\n<meta property=\"og:url\" content=\"https:\/\/vof-news.eu\/fr\/paris-touche-par-plusieurs-coupures-de-courant-en-raison-de-la-chaleur\/\" \/>\n<meta property=\"og:site_name\" content=\"vof-news.eu\" \/>\n<meta property=\"article:published_time\" content=\"2025-07-06T02:30:08+00:00\" \/>\n<meta property=\"article:modified_time\" content=\"2025-07-06T02:30:42+00:00\" \/>\n<meta property=\"og:image\" content=\"https:\/\/vof-news.eu\/wp-content\/uploads\/2025\/07\/8be4c2f_upload-1-k0ic4h7y9i38-000-33v46dz.jpg\" \/>\n\t<meta property=\"og:image:width\" content=\"664\" \/>\n\t<meta property=\"og:image:height\" content=\"443\" \/>\n\t<meta property=\"og:image:type\" content=\"image\/jpeg\" \/>\n<meta name=\"author\" content=\"Author\" \/>\n<meta name=\"twitter:card\" content=\"summary_large_image\" \/>\n<meta name=\"twitter:label1\" content=\"\u00c9crit par\" \/>\n\t<meta name=\"twitter:data1\" content=\"Author\" \/>\n\t<meta name=\"twitter:label2\" content=\"Dur\u00e9e de lecture estim\u00e9e\" \/>\n\t<meta name=\"twitter:data2\" content=\"2 minutes\" \/>\n<script type=\"application\/ld+json\" class=\"yoast-schema-graph\">{\"@context\":\"https:\/\/schema.org\",\"@graph\":[{\"@type\":\"WebPage\",\"@id\":\"https:\/\/vof-news.eu\/fr\/paris-touche-par-plusieurs-coupures-de-courant-en-raison-de-la-chaleur\/\",\"url\":\"https:\/\/vof-news.eu\/fr\/paris-touche-par-plusieurs-coupures-de-courant-en-raison-de-la-chaleur\/\",\"name\":\"Paris touch\u00e9 par plusieurs coupures de courant en raison de la chaleur - vof-news.eu\",\"isPartOf\":{\"@id\":\"https:\/\/vof-news.eu\/fr\/#website\"},\"primaryImageOfPage\":{\"@id\":\"https:\/\/vof-news.eu\/fr\/paris-touche-par-plusieurs-coupures-de-courant-en-raison-de-la-chaleur\/#primaryimage\"},\"image\":{\"@id\":\"https:\/\/vof-news.eu\/fr\/paris-touche-par-plusieurs-coupures-de-courant-en-raison-de-la-chaleur\/#primaryimage\"},\"thumbnailUrl\":\"https:\/\/vof-news.eu\/wp-content\/uploads\/2025\/07\/8be4c2f_upload-1-k0ic4h7y9i38-000-33v46dz.jpg\",\"datePublished\":\"2025-07-06T02:30:08+00:00\",\"dateModified\":\"2025-07-06T02:30:42+00:00\",\"author\":{\"@id\":\"https:\/\/vof-news.eu\/fr\/#\/schema\/person\/f6a2a4309f0561835797fd8c19b333ed\"},\"description\":\"La chaleur et l\u2019\u00e9lectricit\u00e9 ne font pas toujours bon m\u00e9nage. Plusieurs coupures de courant ont affect\u00e9, samedi 5\u00a0juillet, le r\u00e9seau \u00e9lectrique parisien, cons\u00e9quence de la canicule sur la capitale. Le gestionnaire du r\u00e9seau de distribution d\u2019\u00e9lectricit\u00e9 Enedis samedi sur le r\u00e9seau \u00e9lectrique parisien , a pr\u00e9cis\u00e9 la filiale d\u2019EDF dans un bref communiqu\u00e9 en soir\u00e9e. , a\u00a0ajout\u00e9 Enedis. , selon le gestionnaire du r\u00e9seau. Vers 16\u00a0heures, , selon une photo d\u2019une t\u00e9moin consult\u00e9e par l\u2019Agence France-Presse (AFP), ainsi que rue Poussin dans le 16e arrondissement \u00e0 21\u00a0h\u00a030. Plus de cent coupures diff\u00e9rentes dans la journ\u00e9e de samedi Enedis assure que . , a expliqu\u00e9 Arnaud Baret, d\u00e9l\u00e9gu\u00e9 syndical CGT Enedis Paris. , a-t-il ajout\u00e9. Ils sont en gr\u00e8ve depuis le 12\u00a0juin. Selon la m\u00eame source, Paris a connu plus de cent coupures diff\u00e9rentes dans la seule journ\u00e9e de samedi. Sur le site Internet d\u2019Enedis \u00e0 23\u00a0heures, on relevait encore une soixantaine d\u2019incidents en cours de r\u00e9solution, notamment dans la rue de Grenelle o\u00f9 sont situ\u00e9s plusieurs minist\u00e8res, et place du Palais-Bourbon. , a ajout\u00e9 une source de la direction, en admettant n\u00e9anmoins qu\u2019un . , a ajout\u00e9 la m\u00eame source. Le conflit porte selon M. Baret sur le projet de la direction de remettre en cause l\u2019organisation du dispositif d\u2019astreinte et ses compensations financi\u00e8res pour le logement des agents. Ce dispositif sp\u00e9cifique \u00e0 Paris met \u00e0 disposition des logements aux salari\u00e9s d\u2019astreinte sur leur zone d\u2019intervention avec un loyer \u00e9cr\u00eat\u00e9, leur permettant d\u2019intervenir vingt-quatre\u00a0heures sur vingt-quatre\u00a0en cas de panne localis\u00e9e, leur mission de service public les obligeant \u00e0 intervenir au plus vite pour les habitants priv\u00e9s d\u2019\u00e9lectricit\u00e9. Le Monde avec AFP S\u2019abonner Contribuer R\u00e9utiliser ce contenu\",\"breadcrumb\":{\"@id\":\"https:\/\/vof-news.eu\/fr\/paris-touche-par-plusieurs-coupures-de-courant-en-raison-de-la-chaleur\/#breadcrumb\"},\"inLanguage\":\"fr-FR\",\"potentialAction\":[{\"@type\":\"ReadAction\",\"target\":[\"https:\/\/vof-news.eu\/fr\/paris-touche-par-plusieurs-coupures-de-courant-en-raison-de-la-chaleur\/\"]}]},{\"@type\":\"ImageObject\",\"inLanguage\":\"fr-FR\",\"@id\":\"https:\/\/vof-news.eu\/fr\/paris-touche-par-plusieurs-coupures-de-courant-en-raison-de-la-chaleur\/#primaryimage\",\"url\":\"https:\/\/vof-news.eu\/wp-content\/uploads\/2025\/07\/8be4c2f_upload-1-k0ic4h7y9i38-000-33v46dz.jpg\",\"contentUrl\":\"https:\/\/vof-news.eu\/wp-content\/uploads\/2025\/07\/8be4c2f_upload-1-k0ic4h7y9i38-000-33v46dz.jpg\",\"width\":664,\"height\":443},{\"@type\":\"BreadcrumbList\",\"@id\":\"https:\/\/vof-news.eu\/fr\/paris-touche-par-plusieurs-coupures-de-courant-en-raison-de-la-chaleur\/#breadcrumb\",\"itemListElement\":[{\"@type\":\"ListItem\",\"position\":1,\"name\":\"Home\",\"item\":\"https:\/\/vof-news.eu\/fr\/\"},{\"@type\":\"ListItem\",\"position\":2,\"name\":\"Paris touch\u00e9 par plusieurs coupures de courant en raison de la chaleur\"}]},{\"@type\":\"WebSite\",\"@id\":\"https:\/\/vof-news.eu\/fr\/#website\",\"url\":\"https:\/\/vof-news.eu\/fr\/\",\"name\":\"vof-news.eu\",\"description\":\"\",\"potentialAction\":[{\"@type\":\"SearchAction\",\"target\":{\"@type\":\"EntryPoint\",\"urlTemplate\":\"https:\/\/vof-news.eu\/fr\/?s={search_term_string}\"},\"query-input\":\"required name=search_term_string\"}],\"inLanguage\":\"fr-FR\"},{\"@type\":\"Person\",\"@id\":\"https:\/\/vof-news.eu\/fr\/#\/schema\/person\/f6a2a4309f0561835797fd8c19b333ed\",\"name\":\"Author\",\"image\":{\"@type\":\"ImageObject\",\"inLanguage\":\"fr-FR\",\"@id\":\"https:\/\/vof-news.eu\/fr\/#\/schema\/person\/image\/\",\"url\":\"https:\/\/secure.gravatar.com\/avatar\/b67e614b1b25b3e9c0c239efdd2fde5ab015b5affd6f1c3c85911ca4b384e790?s=96&d=mm&r=g\",\"contentUrl\":\"https:\/\/secure.gravatar.com\/avatar\/b67e614b1b25b3e9c0c239efdd2fde5ab015b5affd6f1c3c85911ca4b384e790?s=96&d=mm&r=g\",\"caption\":\"Author\"},\"sameAs\":[\"http:\/\/vof-news.eu\"],\"url\":\"https:\/\/vof-news.eu\/fr\/author\/zwt6qxnjulxbnyg\/\"}]}<\/script>\n<!-- \/ Yoast SEO plugin. -->","yoast_head_json":{"title":"Paris touch\u00e9 par plusieurs coupures de courant en raison de la chaleur - vof-news.eu","description":"La chaleur et l\u2019\u00e9lectricit\u00e9 ne font pas toujours bon m\u00e9nage. Plusieurs coupures de courant ont affect\u00e9, samedi 5\u00a0juillet, le r\u00e9seau \u00e9lectrique parisien, cons\u00e9quence de la canicule sur la capitale. Le gestionnaire du r\u00e9seau de distribution d\u2019\u00e9lectricit\u00e9 Enedis samedi sur le r\u00e9seau \u00e9lectrique parisien , a pr\u00e9cis\u00e9 la filiale d\u2019EDF dans un bref communiqu\u00e9 en soir\u00e9e. , a\u00a0ajout\u00e9 Enedis. , selon le gestionnaire du r\u00e9seau. Vers 16\u00a0heures, , selon une photo d\u2019une t\u00e9moin consult\u00e9e par l\u2019Agence France-Presse (AFP), ainsi que rue Poussin dans le 16e arrondissement \u00e0 21\u00a0h\u00a030.   Plus de cent coupures diff\u00e9rentes dans la journ\u00e9e de samedi Enedis assure que . , a expliqu\u00e9 Arnaud Baret, d\u00e9l\u00e9gu\u00e9 syndical CGT Enedis Paris. , a-t-il ajout\u00e9. Ils sont en gr\u00e8ve depuis le 12\u00a0juin.   Selon la m\u00eame source, Paris a connu plus de cent coupures diff\u00e9rentes dans la seule journ\u00e9e de samedi. Sur le site Internet d\u2019Enedis \u00e0 23\u00a0heures, on relevait encore une soixantaine d\u2019incidents en cours de r\u00e9solution, notamment dans la rue de Grenelle o\u00f9 sont situ\u00e9s plusieurs minist\u00e8res, et place du Palais-Bourbon. , a ajout\u00e9 une source de la direction, en admettant n\u00e9anmoins qu\u2019un . , a ajout\u00e9 la m\u00eame source.     Le conflit porte selon M. Baret sur le projet de la direction de remettre en cause l\u2019organisation du dispositif d\u2019astreinte et ses compensations financi\u00e8res pour le logement des agents. Ce dispositif sp\u00e9cifique \u00e0 Paris met \u00e0 disposition des logements aux salari\u00e9s d\u2019astreinte sur leur zone d\u2019intervention avec un loyer \u00e9cr\u00eat\u00e9, leur permettant d\u2019intervenir vingt-quatre\u00a0heures sur vingt-quatre\u00a0en cas de panne localis\u00e9e, leur mission de service public les obligeant \u00e0 intervenir au plus vite pour les habitants priv\u00e9s d\u2019\u00e9lectricit\u00e9.    Le Monde avec AFP      S\u2019abonner   Contribuer R\u00e9utiliser ce contenu","robots":{"index":"noindex","follow":"follow","max-snippet":"max-snippet:-1","max-image-preview":"max-image-preview:large","max-video-preview":"max-video-preview:-1"},"og_locale":"fr_FR","og_type":"article","og_title":"Paris touch\u00e9 par plusieurs coupures de courant en raison de la chaleur - vof-news.eu","og_description":"La chaleur et l\u2019\u00e9lectricit\u00e9 ne font pas toujours bon m\u00e9nage. Plusieurs coupures de courant ont affect\u00e9, samedi 5\u00a0juillet, le r\u00e9seau \u00e9lectrique parisien, cons\u00e9quence de la canicule sur la capitale. Le gestionnaire du r\u00e9seau de distribution d\u2019\u00e9lectricit\u00e9 Enedis samedi sur le r\u00e9seau \u00e9lectrique parisien , a pr\u00e9cis\u00e9 la filiale d\u2019EDF dans un bref communiqu\u00e9 en soir\u00e9e. , a\u00a0ajout\u00e9 Enedis. , selon le gestionnaire du r\u00e9seau. Vers 16\u00a0heures, , selon une photo d\u2019une t\u00e9moin consult\u00e9e par l\u2019Agence France-Presse (AFP), ainsi que rue Poussin dans le 16e arrondissement \u00e0 21\u00a0h\u00a030.   Plus de cent coupures diff\u00e9rentes dans la journ\u00e9e de samedi Enedis assure que . , a expliqu\u00e9 Arnaud Baret, d\u00e9l\u00e9gu\u00e9 syndical CGT Enedis Paris. , a-t-il ajout\u00e9. Ils sont en gr\u00e8ve depuis le 12\u00a0juin.   Selon la m\u00eame source, Paris a connu plus de cent coupures diff\u00e9rentes dans la seule journ\u00e9e de samedi. Sur le site Internet d\u2019Enedis \u00e0 23\u00a0heures, on relevait encore une soixantaine d\u2019incidents en cours de r\u00e9solution, notamment dans la rue de Grenelle o\u00f9 sont situ\u00e9s plusieurs minist\u00e8res, et place du Palais-Bourbon. , a ajout\u00e9 une source de la direction, en admettant n\u00e9anmoins qu\u2019un . , a ajout\u00e9 la m\u00eame source.     Le conflit porte selon M. Baret sur le projet de la direction de remettre en cause l\u2019organisation du dispositif d\u2019astreinte et ses compensations financi\u00e8res pour le logement des agents. Ce dispositif sp\u00e9cifique \u00e0 Paris met \u00e0 disposition des logements aux salari\u00e9s d\u2019astreinte sur leur zone d\u2019intervention avec un loyer \u00e9cr\u00eat\u00e9, leur permettant d\u2019intervenir vingt-quatre\u00a0heures sur vingt-quatre\u00a0en cas de panne localis\u00e9e, leur mission de service public les obligeant \u00e0 intervenir au plus vite pour les habitants priv\u00e9s d\u2019\u00e9lectricit\u00e9.    Le Monde avec AFP      S\u2019abonner   Contribuer R\u00e9utiliser ce contenu","og_url":"https:\/\/vof-news.eu\/fr\/paris-touche-par-plusieurs-coupures-de-courant-en-raison-de-la-chaleur\/","og_site_name":"vof-news.eu","article_published_time":"2025-07-06T02:30:08+00:00","article_modified_time":"2025-07-06T02:30:42+00:00","og_image":[{"width":664,"height":443,"url":"https:\/\/vof-news.eu\/wp-content\/uploads\/2025\/07\/8be4c2f_upload-1-k0ic4h7y9i38-000-33v46dz.jpg","type":"image\/jpeg"}],"author":"Author","twitter_card":"summary_large_image","twitter_misc":{"\u00c9crit par":"Author","Dur\u00e9e de lecture estim\u00e9e":"2 minutes"},"schema":{"@context":"https:\/\/schema.org","@graph":[{"@type":"WebPage","@id":"https:\/\/vof-news.eu\/fr\/paris-touche-par-plusieurs-coupures-de-courant-en-raison-de-la-chaleur\/","url":"https:\/\/vof-news.eu\/fr\/paris-touche-par-plusieurs-coupures-de-courant-en-raison-de-la-chaleur\/","name":"Paris touch\u00e9 par plusieurs coupures de courant en raison de la chaleur - vof-news.eu","isPartOf":{"@id":"https:\/\/vof-news.eu\/fr\/#website"},"primaryImageOfPage":{"@id":"https:\/\/vof-news.eu\/fr\/paris-touche-par-plusieurs-coupures-de-courant-en-raison-de-la-chaleur\/#primaryimage"},"image":{"@id":"https:\/\/vof-news.eu\/fr\/paris-touche-par-plusieurs-coupures-de-courant-en-raison-de-la-chaleur\/#primaryimage"},"thumbnailUrl":"https:\/\/vof-news.eu\/wp-content\/uploads\/2025\/07\/8be4c2f_upload-1-k0ic4h7y9i38-000-33v46dz.jpg","datePublished":"2025-07-06T02:30:08+00:00","dateModified":"2025-07-06T02:30:42+00:00","author":{"@id":"https:\/\/vof-news.eu\/fr\/#\/schema\/person\/f6a2a4309f0561835797fd8c19b333ed"},"description":"La chaleur et l\u2019\u00e9lectricit\u00e9 ne font pas toujours bon m\u00e9nage. Plusieurs coupures de courant ont affect\u00e9, samedi 5\u00a0juillet, le r\u00e9seau \u00e9lectrique parisien, cons\u00e9quence de la canicule sur la capitale. Le gestionnaire du r\u00e9seau de distribution d\u2019\u00e9lectricit\u00e9 Enedis samedi sur le r\u00e9seau \u00e9lectrique parisien , a pr\u00e9cis\u00e9 la filiale d\u2019EDF dans un bref communiqu\u00e9 en soir\u00e9e. , a\u00a0ajout\u00e9 Enedis. , selon le gestionnaire du r\u00e9seau. Vers 16\u00a0heures, , selon une photo d\u2019une t\u00e9moin consult\u00e9e par l\u2019Agence France-Presse (AFP), ainsi que rue Poussin dans le 16e arrondissement \u00e0 21\u00a0h\u00a030. Plus de cent coupures diff\u00e9rentes dans la journ\u00e9e de samedi Enedis assure que . , a expliqu\u00e9 Arnaud Baret, d\u00e9l\u00e9gu\u00e9 syndical CGT Enedis Paris. , a-t-il ajout\u00e9. Ils sont en gr\u00e8ve depuis le 12\u00a0juin. Selon la m\u00eame source, Paris a connu plus de cent coupures diff\u00e9rentes dans la seule journ\u00e9e de samedi. Sur le site Internet d\u2019Enedis \u00e0 23\u00a0heures, on relevait encore une soixantaine d\u2019incidents en cours de r\u00e9solution, notamment dans la rue de Grenelle o\u00f9 sont situ\u00e9s plusieurs minist\u00e8res, et place du Palais-Bourbon. , a ajout\u00e9 une source de la direction, en admettant n\u00e9anmoins qu\u2019un . , a ajout\u00e9 la m\u00eame source. Le conflit porte selon M. Baret sur le projet de la direction de remettre en cause l\u2019organisation du dispositif d\u2019astreinte et ses compensations financi\u00e8res pour le logement des agents. Ce dispositif sp\u00e9cifique \u00e0 Paris met \u00e0 disposition des logements aux salari\u00e9s d\u2019astreinte sur leur zone d\u2019intervention avec un loyer \u00e9cr\u00eat\u00e9, leur permettant d\u2019intervenir vingt-quatre\u00a0heures sur vingt-quatre\u00a0en cas de panne localis\u00e9e, leur mission de service public les obligeant \u00e0 intervenir au plus vite pour les habitants priv\u00e9s d\u2019\u00e9lectricit\u00e9. Le Monde avec AFP S\u2019abonner Contribuer R\u00e9utiliser ce contenu","breadcrumb":{"@id":"https:\/\/vof-news.eu\/fr\/paris-touche-par-plusieurs-coupures-de-courant-en-raison-de-la-chaleur\/#breadcrumb"},"inLanguage":"fr-FR","potentialAction":[{"@type":"ReadAction","target":["https:\/\/vof-news.eu\/fr\/paris-touche-par-plusieurs-coupures-de-courant-en-raison-de-la-chaleur\/"]}]},{"@type":"ImageObject","inLanguage":"fr-FR","@id":"https:\/\/vof-news.eu\/fr\/paris-touche-par-plusieurs-coupures-de-courant-en-raison-de-la-chaleur\/#primaryimage","url":"https:\/\/vof-news.eu\/wp-content\/uploads\/2025\/07\/8be4c2f_upload-1-k0ic4h7y9i38-000-33v46dz.jpg","contentUrl":"https:\/\/vof-news.eu\/wp-content\/uploads\/2025\/07\/8be4c2f_upload-1-k0ic4h7y9i38-000-33v46dz.jpg","width":664,"height":443},{"@type":"BreadcrumbList","@id":"https:\/\/vof-news.eu\/fr\/paris-touche-par-plusieurs-coupures-de-courant-en-raison-de-la-chaleur\/#breadcrumb","itemListElement":[{"@type":"ListItem","position":1,"name":"Home","item":"https:\/\/vof-news.eu\/fr\/"},{"@type":"ListItem","position":2,"name":"Paris touch\u00e9 par plusieurs coupures de courant en raison de la chaleur"}]},{"@type":"WebSite","@id":"https:\/\/vof-news.eu\/fr\/#website","url":"https:\/\/vof-news.eu\/fr\/","name":"vof-news.eu","description":"","potentialAction":[{"@type":"SearchAction","target":{"@type":"EntryPoint","urlTemplate":"https:\/\/vof-news.eu\/fr\/?s={search_term_string}"},"query-input":"required name=search_term_string"}],"inLanguage":"fr-FR"},{"@type":"Person","@id":"https:\/\/vof-news.eu\/fr\/#\/schema\/person\/f6a2a4309f0561835797fd8c19b333ed","name":"Author","image":{"@type":"ImageObject","inLanguage":"fr-FR","@id":"https:\/\/vof-news.eu\/fr\/#\/schema\/person\/image\/","url":"https:\/\/secure.gravatar.com\/avatar\/b67e614b1b25b3e9c0c239efdd2fde5ab015b5affd6f1c3c85911ca4b384e790?s=96&d=mm&r=g","contentUrl":"https:\/\/secure.gravatar.com\/avatar\/b67e614b1b25b3e9c0c239efdd2fde5ab015b5affd6f1c3c85911ca4b384e790?s=96&d=mm&r=g","caption":"Author"},"sameAs":["http:\/\/vof-news.eu"],"url":"https:\/\/vof-news.eu\/fr\/author\/zwt6qxnjulxbnyg\/"}]}},"yoast_meta":{"yoast_wpseo_title":"","yoast_wpseo_metadesc":"","yoast_wpseo_canonical":""},"_links":{"self":[{"href":"https:\/\/vof-news.eu\/fr\/wp-json\/wp\/v2\/posts\/247958","targetHints":{"allow":["GET"]}}],"collection":[{"href":"https:\/\/vof-news.eu\/fr\/wp-json\/wp\/v2\/posts"}],"about":[{"href":"https:\/\/vof-news.eu\/fr\/wp-json\/wp\/v2\/types\/post"}],"author":[{"embeddable":true,"href":"https:\/\/vof-news.eu\/fr\/wp-json\/wp\/v2\/users\/1"}],"replies":[{"embeddable":true,"href":"https:\/\/vof-news.eu\/fr\/wp-json\/wp\/v2\/comments?post=247958"}],"version-history":[{"count":1,"href":"https:\/\/vof-news.eu\/fr\/wp-json\/wp\/v2\/posts\/247958\/revisions"}],"predecessor-version":[{"id":247965,"href":"https:\/\/vof-news.eu\/fr\/wp-json\/wp\/v2\/posts\/247958\/revisions\/247965"}],"wp:featuredmedia":[{"embeddable":true,"href":"https:\/\/vof-news.eu\/fr\/wp-json\/wp\/v2\/media\/247959"}],"wp:attachment":[{"href":"https:\/\/vof-news.eu\/fr\/wp-json\/wp\/v2\/media?parent=247958"}],"wp:term":[{"taxonomy":"category","embeddable":true,"href":"https:\/\/vof-news.eu\/fr\/wp-json\/wp\/v2\/categories?post=247958"},{"taxonomy":"post_tag","embeddable":true,"href":"https:\/\/vof-news.eu\/fr\/wp-json\/wp\/v2\/tags?post=247958"}],"curies":[{"name":"wp","href":"https:\/\/api.w.org\/{rel}","templated":true}]}}