{"id":247919,"date":"2025-07-05T23:32:24","date_gmt":"2025-07-05T20:32:24","guid":{"rendered":"https:\/\/vof-news.eu\/tour-de-france-2025-jasper-philipsen-premier-maillot-jaune-dune-grande-boucle-deja-sous-tension\/"},"modified":"2025-07-05T23:32:55","modified_gmt":"2025-07-05T20:32:55","slug":"tour-de-france-2025-jasper-philipsen-premier-maillot-jaune-dune-grande-boucle-deja-sous-tension","status":"publish","type":"post","link":"https:\/\/vof-news.eu\/fr\/tour-de-france-2025-jasper-philipsen-premier-maillot-jaune-dune-grande-boucle-deja-sous-tension\/","title":{"rendered":"Tour de France 2025\u00a0: Jasper Philipsen, premier maillot jaune d\u2019une Grande Boucle d\u00e9j\u00e0 sous tension"},"content":{"rendered":"<article>\n<p>Dans un d\u00e9cor de briques et de pav\u00e9s, les art\u00e8res de Lille, bord\u00e9es de maisons \u00e0 pignons, ont servi de piste \u00e0 Jasper Philipsen. Le sprinteur belge de la formation Alpecin-Deceuninck a remport\u00e9 la <a href=\"https:\/\/www.lemonde.fr\/sport\/article\/2025\/07\/05\/tour-de-france-2025-le-resume-de-la-victoire-de-jasper-philipsen-et-de-la-deception-de-remco-evenepoel-lors-de-la-premiere-etape_6618870_3242.html\" rel=\"nofollow\">premi\u00e8re \u00e9tape de l\u2019\u00e9dition 2025\u00a0du Tour de France<\/a>, samedi 5\u00a0juillet, devan\u00e7ant l\u2019Erythr\u00e9en Biniam Girmay (Intermarch\u00e9-Wanty) et le Norv\u00e9gien Soren Waerenskjold (Uno-X Mobility). , a r\u00e9agi, \u00e9mu, celui qui rev\u00eat le maillot jaune pour la premi\u00e8re fois de sa carri\u00e8re.<\/p>\n<section>   <\/section>\n<p>Victime d\u2019une grosse chute en marsle coureur de 27\u00a0ans n\u2019a pas manqu\u00e9 de remercier, sur la ligne d\u2019arriv\u00e9e, le travail de ses \u00e9quipiers \u2013 Mathieu van der Poel puis Kaden Groves \u2013 dans l\u2019emballage final, au sein d\u2019un peloton r\u00e9duit \u00e0 peau de chagrin. , a retrac\u00e9, en conf\u00e9rence de presse, le Flamand, vainqueur du maillot vert (<a href=\"https:\/\/www.lemonde.fr\/sport\/article\/2025\/07\/05\/tour-de-france-tout-comprendre-sur-le-classement-par-points-et-le-maillot-vert_6618819_3242.html\" rel=\"nofollow\">classement par points<\/a>) en\u00a02023\u00a0mais qui n\u2019avait lev\u00e9 les bras qu\u2019\u00e0 deux reprises cette saison.<\/p>\n<p><strong>Il vous reste 79.58% de cet article \u00e0 lire. La suite est r\u00e9serv\u00e9e aux abonn\u00e9s.<\/strong><\/p>\n<\/article>\n","protected":false},"excerpt":{"rendered":"<p>Dans un d\u00e9cor de briques et de pav\u00e9s, les art\u00e8res de Lille, bord\u00e9es de maisons \u00e0 pignons, ont servi de piste \u00e0 Jasper Philipsen. Le sprinteur belge de la formation Alpecin-Deceuninck a remport\u00e9 la premi\u00e8re \u00e9tape de l\u2019\u00e9dition 2025\u00a0du Tour de France, samedi 5\u00a0juillet, devan\u00e7ant l\u2019Erythr\u00e9en Biniam Girmay (Intermarch\u00e9-Wanty) et le Norv\u00e9gien Soren Waerenskjold (Uno-X<\/p>\n","protected":false},"author":1,"featured_media":247920,"comment_status":"open","ping_status":"open","sticky":false,"template":"","format":"standard","meta":{"footnotes":""},"categories":[73],"tags":[],"class_list":["post-247919","post","type-post","status-publish","format-standard","has-post-thumbnail","hentry","category-sport-fr"],"acf":[],"yoast_head":"<!-- This site is optimized with the Yoast SEO plugin v22.9 - https:\/\/yoast.com\/wordpress\/plugins\/seo\/ -->\n<title>Tour de France 2025\u00a0: Jasper Philipsen, premier maillot jaune d\u2019une Grande Boucle d\u00e9j\u00e0 sous tension - vof-news.eu<\/title>\n<meta name=\"description\" content=\"Dans un d\u00e9cor de briques et de pav\u00e9s, les art\u00e8res de Lille, bord\u00e9es de maisons \u00e0 pignons, ont servi de piste \u00e0 Jasper Philipsen. Le sprinteur belge de la formation Alpecin-Deceuninck a remport\u00e9 la premi\u00e8re \u00e9tape de l\u2019\u00e9dition 2025\u00a0du Tour de France, samedi 5\u00a0juillet, devan\u00e7ant l\u2019Erythr\u00e9en Biniam Girmay (Intermarch\u00e9-Wanty) et le Norv\u00e9gien Soren Waerenskjold (Uno-X Mobility). , a r\u00e9agi, \u00e9mu, celui qui rev\u00eat le maillot jaune pour la premi\u00e8re fois de sa carri\u00e8re.   Victime d\u2019une grosse chute en marsle coureur de 27\u00a0ans n\u2019a pas manqu\u00e9 de remercier, sur la ligne d\u2019arriv\u00e9e, le travail de ses \u00e9quipiers \u2013 Mathieu van der Poel puis Kaden Groves \u2013 dans l\u2019emballage final, au sein d\u2019un peloton r\u00e9duit \u00e0 peau de chagrin. , a retrac\u00e9, en conf\u00e9rence de presse, le Flamand, vainqueur du maillot vert (classement par points) en\u00a02023\u00a0mais qui n\u2019avait lev\u00e9 les bras qu\u2019\u00e0 deux reprises cette saison. Il vous reste 79.58% de cet article \u00e0 lire. La suite est r\u00e9serv\u00e9e aux abonn\u00e9s.\" \/>\n<meta name=\"robots\" content=\"noindex, follow, max-snippet:-1, max-image-preview:large, max-video-preview:-1\" \/>\n<meta property=\"og:locale\" content=\"fr_FR\" \/>\n<meta property=\"og:type\" content=\"article\" \/>\n<meta property=\"og:title\" content=\"Tour de France 2025\u00a0: Jasper Philipsen, premier maillot jaune d\u2019une Grande Boucle d\u00e9j\u00e0 sous tension - vof-news.eu\" \/>\n<meta property=\"og:description\" content=\"Dans un d\u00e9cor de briques et de pav\u00e9s, les art\u00e8res de Lille, bord\u00e9es de maisons \u00e0 pignons, ont servi de piste \u00e0 Jasper Philipsen. Le sprinteur belge de la formation Alpecin-Deceuninck a remport\u00e9 la premi\u00e8re \u00e9tape de l\u2019\u00e9dition 2025\u00a0du Tour de France, samedi 5\u00a0juillet, devan\u00e7ant l\u2019Erythr\u00e9en Biniam Girmay (Intermarch\u00e9-Wanty) et le Norv\u00e9gien Soren Waerenskjold (Uno-X Mobility). , a r\u00e9agi, \u00e9mu, celui qui rev\u00eat le maillot jaune pour la premi\u00e8re fois de sa carri\u00e8re.   Victime d\u2019une grosse chute en marsle coureur de 27\u00a0ans n\u2019a pas manqu\u00e9 de remercier, sur la ligne d\u2019arriv\u00e9e, le travail de ses \u00e9quipiers \u2013 Mathieu van der Poel puis Kaden Groves \u2013 dans l\u2019emballage final, au sein d\u2019un peloton r\u00e9duit \u00e0 peau de chagrin. , a retrac\u00e9, en conf\u00e9rence de presse, le Flamand, vainqueur du maillot vert (classement par points) en\u00a02023\u00a0mais qui n\u2019avait lev\u00e9 les bras qu\u2019\u00e0 deux reprises cette saison. Il vous reste 79.58% de cet article \u00e0 lire. La suite est r\u00e9serv\u00e9e aux abonn\u00e9s.\" \/>\n<meta property=\"og:url\" content=\"https:\/\/vof-news.eu\/fr\/tour-de-france-2025-jasper-philipsen-premier-maillot-jaune-dune-grande-boucle-deja-sous-tension\/\" \/>\n<meta property=\"og:site_name\" content=\"vof-news.eu\" \/>\n<meta property=\"article:published_time\" content=\"2025-07-05T20:32:24+00:00\" \/>\n<meta property=\"article:modified_time\" content=\"2025-07-05T20:32:55+00:00\" \/>\n<meta property=\"og:image\" content=\"https:\/\/vof-news.eu\/wp-content\/uploads\/2025\/07\/fa63dd5_ftp-import-images-1-e6qmgir4yzet-2025-07-05t172611z-1870957222-up1el7517ejnn-rtrmadp-3-cycling-france.jpg\" \/>\n\t<meta property=\"og:image:width\" content=\"664\" \/>\n\t<meta property=\"og:image:height\" content=\"475\" \/>\n\t<meta property=\"og:image:type\" content=\"image\/jpeg\" \/>\n<meta name=\"author\" content=\"Author\" \/>\n<meta name=\"twitter:card\" content=\"summary_large_image\" \/>\n<meta name=\"twitter:label1\" content=\"\u00c9crit par\" \/>\n\t<meta name=\"twitter:data1\" content=\"Author\" \/>\n\t<meta name=\"twitter:label2\" content=\"Dur\u00e9e de lecture estim\u00e9e\" \/>\n\t<meta name=\"twitter:data2\" content=\"1 minute\" \/>\n<script type=\"application\/ld+json\" class=\"yoast-schema-graph\">{\"@context\":\"https:\/\/schema.org\",\"@graph\":[{\"@type\":\"WebPage\",\"@id\":\"https:\/\/vof-news.eu\/fr\/tour-de-france-2025-jasper-philipsen-premier-maillot-jaune-dune-grande-boucle-deja-sous-tension\/\",\"url\":\"https:\/\/vof-news.eu\/fr\/tour-de-france-2025-jasper-philipsen-premier-maillot-jaune-dune-grande-boucle-deja-sous-tension\/\",\"name\":\"Tour de France 2025\u00a0: Jasper Philipsen, premier maillot jaune d\u2019une Grande Boucle d\u00e9j\u00e0 sous tension - vof-news.eu\",\"isPartOf\":{\"@id\":\"https:\/\/vof-news.eu\/fr\/#website\"},\"primaryImageOfPage\":{\"@id\":\"https:\/\/vof-news.eu\/fr\/tour-de-france-2025-jasper-philipsen-premier-maillot-jaune-dune-grande-boucle-deja-sous-tension\/#primaryimage\"},\"image\":{\"@id\":\"https:\/\/vof-news.eu\/fr\/tour-de-france-2025-jasper-philipsen-premier-maillot-jaune-dune-grande-boucle-deja-sous-tension\/#primaryimage\"},\"thumbnailUrl\":\"https:\/\/vof-news.eu\/wp-content\/uploads\/2025\/07\/fa63dd5_ftp-import-images-1-e6qmgir4yzet-2025-07-05t172611z-1870957222-up1el7517ejnn-rtrmadp-3-cycling-france.jpg\",\"datePublished\":\"2025-07-05T20:32:24+00:00\",\"dateModified\":\"2025-07-05T20:32:55+00:00\",\"author\":{\"@id\":\"https:\/\/vof-news.eu\/fr\/#\/schema\/person\/f6a2a4309f0561835797fd8c19b333ed\"},\"description\":\"Dans un d\u00e9cor de briques et de pav\u00e9s, les art\u00e8res de Lille, bord\u00e9es de maisons \u00e0 pignons, ont servi de piste \u00e0 Jasper Philipsen. Le sprinteur belge de la formation Alpecin-Deceuninck a remport\u00e9 la premi\u00e8re \u00e9tape de l\u2019\u00e9dition 2025\u00a0du Tour de France, samedi 5\u00a0juillet, devan\u00e7ant l\u2019Erythr\u00e9en Biniam Girmay (Intermarch\u00e9-Wanty) et le Norv\u00e9gien Soren Waerenskjold (Uno-X Mobility). , a r\u00e9agi, \u00e9mu, celui qui rev\u00eat le maillot jaune pour la premi\u00e8re fois de sa carri\u00e8re. Victime d\u2019une grosse chute en marsle coureur de 27\u00a0ans n\u2019a pas manqu\u00e9 de remercier, sur la ligne d\u2019arriv\u00e9e, le travail de ses \u00e9quipiers \u2013 Mathieu van der Poel puis Kaden Groves \u2013 dans l\u2019emballage final, au sein d\u2019un peloton r\u00e9duit \u00e0 peau de chagrin. , a retrac\u00e9, en conf\u00e9rence de presse, le Flamand, vainqueur du maillot vert (classement par points) en\u00a02023\u00a0mais qui n\u2019avait lev\u00e9 les bras qu\u2019\u00e0 deux reprises cette saison. Il vous reste 79.58% de cet article \u00e0 lire. La suite est r\u00e9serv\u00e9e aux abonn\u00e9s.\",\"breadcrumb\":{\"@id\":\"https:\/\/vof-news.eu\/fr\/tour-de-france-2025-jasper-philipsen-premier-maillot-jaune-dune-grande-boucle-deja-sous-tension\/#breadcrumb\"},\"inLanguage\":\"fr-FR\",\"potentialAction\":[{\"@type\":\"ReadAction\",\"target\":[\"https:\/\/vof-news.eu\/fr\/tour-de-france-2025-jasper-philipsen-premier-maillot-jaune-dune-grande-boucle-deja-sous-tension\/\"]}]},{\"@type\":\"ImageObject\",\"inLanguage\":\"fr-FR\",\"@id\":\"https:\/\/vof-news.eu\/fr\/tour-de-france-2025-jasper-philipsen-premier-maillot-jaune-dune-grande-boucle-deja-sous-tension\/#primaryimage\",\"url\":\"https:\/\/vof-news.eu\/wp-content\/uploads\/2025\/07\/fa63dd5_ftp-import-images-1-e6qmgir4yzet-2025-07-05t172611z-1870957222-up1el7517ejnn-rtrmadp-3-cycling-france.jpg\",\"contentUrl\":\"https:\/\/vof-news.eu\/wp-content\/uploads\/2025\/07\/fa63dd5_ftp-import-images-1-e6qmgir4yzet-2025-07-05t172611z-1870957222-up1el7517ejnn-rtrmadp-3-cycling-france.jpg\",\"width\":664,\"height\":475},{\"@type\":\"BreadcrumbList\",\"@id\":\"https:\/\/vof-news.eu\/fr\/tour-de-france-2025-jasper-philipsen-premier-maillot-jaune-dune-grande-boucle-deja-sous-tension\/#breadcrumb\",\"itemListElement\":[{\"@type\":\"ListItem\",\"position\":1,\"name\":\"Home\",\"item\":\"https:\/\/vof-news.eu\/fr\/\"},{\"@type\":\"ListItem\",\"position\":2,\"name\":\"Tour de France 2025\u00a0: Jasper Philipsen, premier maillot jaune d\u2019une Grande Boucle d\u00e9j\u00e0 sous tension\"}]},{\"@type\":\"WebSite\",\"@id\":\"https:\/\/vof-news.eu\/fr\/#website\",\"url\":\"https:\/\/vof-news.eu\/fr\/\",\"name\":\"vof-news.eu\",\"description\":\"\",\"potentialAction\":[{\"@type\":\"SearchAction\",\"target\":{\"@type\":\"EntryPoint\",\"urlTemplate\":\"https:\/\/vof-news.eu\/fr\/?s={search_term_string}\"},\"query-input\":\"required name=search_term_string\"}],\"inLanguage\":\"fr-FR\"},{\"@type\":\"Person\",\"@id\":\"https:\/\/vof-news.eu\/fr\/#\/schema\/person\/f6a2a4309f0561835797fd8c19b333ed\",\"name\":\"Author\",\"image\":{\"@type\":\"ImageObject\",\"inLanguage\":\"fr-FR\",\"@id\":\"https:\/\/vof-news.eu\/fr\/#\/schema\/person\/image\/\",\"url\":\"https:\/\/secure.gravatar.com\/avatar\/b67e614b1b25b3e9c0c239efdd2fde5ab015b5affd6f1c3c85911ca4b384e790?s=96&d=mm&r=g\",\"contentUrl\":\"https:\/\/secure.gravatar.com\/avatar\/b67e614b1b25b3e9c0c239efdd2fde5ab015b5affd6f1c3c85911ca4b384e790?s=96&d=mm&r=g\",\"caption\":\"Author\"},\"sameAs\":[\"http:\/\/vof-news.eu\"],\"url\":\"https:\/\/vof-news.eu\/fr\/author\/zwt6qxnjulxbnyg\/\"}]}<\/script>\n<!-- \/ Yoast SEO plugin. -->","yoast_head_json":{"title":"Tour de France 2025\u00a0: Jasper Philipsen, premier maillot jaune d\u2019une Grande Boucle d\u00e9j\u00e0 sous tension - vof-news.eu","description":"Dans un d\u00e9cor de briques et de pav\u00e9s, les art\u00e8res de Lille, bord\u00e9es de maisons \u00e0 pignons, ont servi de piste \u00e0 Jasper Philipsen. Le sprinteur belge de la formation Alpecin-Deceuninck a remport\u00e9 la premi\u00e8re \u00e9tape de l\u2019\u00e9dition 2025\u00a0du Tour de France, samedi 5\u00a0juillet, devan\u00e7ant l\u2019Erythr\u00e9en Biniam Girmay (Intermarch\u00e9-Wanty) et le Norv\u00e9gien Soren Waerenskjold (Uno-X Mobility). , a r\u00e9agi, \u00e9mu, celui qui rev\u00eat le maillot jaune pour la premi\u00e8re fois de sa carri\u00e8re.   Victime d\u2019une grosse chute en marsle coureur de 27\u00a0ans n\u2019a pas manqu\u00e9 de remercier, sur la ligne d\u2019arriv\u00e9e, le travail de ses \u00e9quipiers \u2013 Mathieu van der Poel puis Kaden Groves \u2013 dans l\u2019emballage final, au sein d\u2019un peloton r\u00e9duit \u00e0 peau de chagrin. , a retrac\u00e9, en conf\u00e9rence de presse, le Flamand, vainqueur du maillot vert (classement par points) en\u00a02023\u00a0mais qui n\u2019avait lev\u00e9 les bras qu\u2019\u00e0 deux reprises cette saison. Il vous reste 79.58% de cet article \u00e0 lire. La suite est r\u00e9serv\u00e9e aux abonn\u00e9s.","robots":{"index":"noindex","follow":"follow","max-snippet":"max-snippet:-1","max-image-preview":"max-image-preview:large","max-video-preview":"max-video-preview:-1"},"og_locale":"fr_FR","og_type":"article","og_title":"Tour de France 2025\u00a0: Jasper Philipsen, premier maillot jaune d\u2019une Grande Boucle d\u00e9j\u00e0 sous tension - vof-news.eu","og_description":"Dans un d\u00e9cor de briques et de pav\u00e9s, les art\u00e8res de Lille, bord\u00e9es de maisons \u00e0 pignons, ont servi de piste \u00e0 Jasper Philipsen. Le sprinteur belge de la formation Alpecin-Deceuninck a remport\u00e9 la premi\u00e8re \u00e9tape de l\u2019\u00e9dition 2025\u00a0du Tour de France, samedi 5\u00a0juillet, devan\u00e7ant l\u2019Erythr\u00e9en Biniam Girmay (Intermarch\u00e9-Wanty) et le Norv\u00e9gien Soren Waerenskjold (Uno-X Mobility). , a r\u00e9agi, \u00e9mu, celui qui rev\u00eat le maillot jaune pour la premi\u00e8re fois de sa carri\u00e8re.   Victime d\u2019une grosse chute en marsle coureur de 27\u00a0ans n\u2019a pas manqu\u00e9 de remercier, sur la ligne d\u2019arriv\u00e9e, le travail de ses \u00e9quipiers \u2013 Mathieu van der Poel puis Kaden Groves \u2013 dans l\u2019emballage final, au sein d\u2019un peloton r\u00e9duit \u00e0 peau de chagrin. , a retrac\u00e9, en conf\u00e9rence de presse, le Flamand, vainqueur du maillot vert (classement par points) en\u00a02023\u00a0mais qui n\u2019avait lev\u00e9 les bras qu\u2019\u00e0 deux reprises cette saison. Il vous reste 79.58% de cet article \u00e0 lire. La suite est r\u00e9serv\u00e9e aux abonn\u00e9s.","og_url":"https:\/\/vof-news.eu\/fr\/tour-de-france-2025-jasper-philipsen-premier-maillot-jaune-dune-grande-boucle-deja-sous-tension\/","og_site_name":"vof-news.eu","article_published_time":"2025-07-05T20:32:24+00:00","article_modified_time":"2025-07-05T20:32:55+00:00","og_image":[{"width":664,"height":475,"url":"https:\/\/vof-news.eu\/wp-content\/uploads\/2025\/07\/fa63dd5_ftp-import-images-1-e6qmgir4yzet-2025-07-05t172611z-1870957222-up1el7517ejnn-rtrmadp-3-cycling-france.jpg","type":"image\/jpeg"}],"author":"Author","twitter_card":"summary_large_image","twitter_misc":{"\u00c9crit par":"Author","Dur\u00e9e de lecture estim\u00e9e":"1 minute"},"schema":{"@context":"https:\/\/schema.org","@graph":[{"@type":"WebPage","@id":"https:\/\/vof-news.eu\/fr\/tour-de-france-2025-jasper-philipsen-premier-maillot-jaune-dune-grande-boucle-deja-sous-tension\/","url":"https:\/\/vof-news.eu\/fr\/tour-de-france-2025-jasper-philipsen-premier-maillot-jaune-dune-grande-boucle-deja-sous-tension\/","name":"Tour de France 2025\u00a0: Jasper Philipsen, premier maillot jaune d\u2019une Grande Boucle d\u00e9j\u00e0 sous tension - vof-news.eu","isPartOf":{"@id":"https:\/\/vof-news.eu\/fr\/#website"},"primaryImageOfPage":{"@id":"https:\/\/vof-news.eu\/fr\/tour-de-france-2025-jasper-philipsen-premier-maillot-jaune-dune-grande-boucle-deja-sous-tension\/#primaryimage"},"image":{"@id":"https:\/\/vof-news.eu\/fr\/tour-de-france-2025-jasper-philipsen-premier-maillot-jaune-dune-grande-boucle-deja-sous-tension\/#primaryimage"},"thumbnailUrl":"https:\/\/vof-news.eu\/wp-content\/uploads\/2025\/07\/fa63dd5_ftp-import-images-1-e6qmgir4yzet-2025-07-05t172611z-1870957222-up1el7517ejnn-rtrmadp-3-cycling-france.jpg","datePublished":"2025-07-05T20:32:24+00:00","dateModified":"2025-07-05T20:32:55+00:00","author":{"@id":"https:\/\/vof-news.eu\/fr\/#\/schema\/person\/f6a2a4309f0561835797fd8c19b333ed"},"description":"Dans un d\u00e9cor de briques et de pav\u00e9s, les art\u00e8res de Lille, bord\u00e9es de maisons \u00e0 pignons, ont servi de piste \u00e0 Jasper Philipsen. Le sprinteur belge de la formation Alpecin-Deceuninck a remport\u00e9 la premi\u00e8re \u00e9tape de l\u2019\u00e9dition 2025\u00a0du Tour de France, samedi 5\u00a0juillet, devan\u00e7ant l\u2019Erythr\u00e9en Biniam Girmay (Intermarch\u00e9-Wanty) et le Norv\u00e9gien Soren Waerenskjold (Uno-X Mobility). , a r\u00e9agi, \u00e9mu, celui qui rev\u00eat le maillot jaune pour la premi\u00e8re fois de sa carri\u00e8re. Victime d\u2019une grosse chute en marsle coureur de 27\u00a0ans n\u2019a pas manqu\u00e9 de remercier, sur la ligne d\u2019arriv\u00e9e, le travail de ses \u00e9quipiers \u2013 Mathieu van der Poel puis Kaden Groves \u2013 dans l\u2019emballage final, au sein d\u2019un peloton r\u00e9duit \u00e0 peau de chagrin. , a retrac\u00e9, en conf\u00e9rence de presse, le Flamand, vainqueur du maillot vert (classement par points) en\u00a02023\u00a0mais qui n\u2019avait lev\u00e9 les bras qu\u2019\u00e0 deux reprises cette saison. Il vous reste 79.58% de cet article \u00e0 lire. La suite est r\u00e9serv\u00e9e aux abonn\u00e9s.","breadcrumb":{"@id":"https:\/\/vof-news.eu\/fr\/tour-de-france-2025-jasper-philipsen-premier-maillot-jaune-dune-grande-boucle-deja-sous-tension\/#breadcrumb"},"inLanguage":"fr-FR","potentialAction":[{"@type":"ReadAction","target":["https:\/\/vof-news.eu\/fr\/tour-de-france-2025-jasper-philipsen-premier-maillot-jaune-dune-grande-boucle-deja-sous-tension\/"]}]},{"@type":"ImageObject","inLanguage":"fr-FR","@id":"https:\/\/vof-news.eu\/fr\/tour-de-france-2025-jasper-philipsen-premier-maillot-jaune-dune-grande-boucle-deja-sous-tension\/#primaryimage","url":"https:\/\/vof-news.eu\/wp-content\/uploads\/2025\/07\/fa63dd5_ftp-import-images-1-e6qmgir4yzet-2025-07-05t172611z-1870957222-up1el7517ejnn-rtrmadp-3-cycling-france.jpg","contentUrl":"https:\/\/vof-news.eu\/wp-content\/uploads\/2025\/07\/fa63dd5_ftp-import-images-1-e6qmgir4yzet-2025-07-05t172611z-1870957222-up1el7517ejnn-rtrmadp-3-cycling-france.jpg","width":664,"height":475},{"@type":"BreadcrumbList","@id":"https:\/\/vof-news.eu\/fr\/tour-de-france-2025-jasper-philipsen-premier-maillot-jaune-dune-grande-boucle-deja-sous-tension\/#breadcrumb","itemListElement":[{"@type":"ListItem","position":1,"name":"Home","item":"https:\/\/vof-news.eu\/fr\/"},{"@type":"ListItem","position":2,"name":"Tour de France 2025\u00a0: Jasper Philipsen, premier maillot jaune d\u2019une Grande Boucle d\u00e9j\u00e0 sous tension"}]},{"@type":"WebSite","@id":"https:\/\/vof-news.eu\/fr\/#website","url":"https:\/\/vof-news.eu\/fr\/","name":"vof-news.eu","description":"","potentialAction":[{"@type":"SearchAction","target":{"@type":"EntryPoint","urlTemplate":"https:\/\/vof-news.eu\/fr\/?s={search_term_string}"},"query-input":"required name=search_term_string"}],"inLanguage":"fr-FR"},{"@type":"Person","@id":"https:\/\/vof-news.eu\/fr\/#\/schema\/person\/f6a2a4309f0561835797fd8c19b333ed","name":"Author","image":{"@type":"ImageObject","inLanguage":"fr-FR","@id":"https:\/\/vof-news.eu\/fr\/#\/schema\/person\/image\/","url":"https:\/\/secure.gravatar.com\/avatar\/b67e614b1b25b3e9c0c239efdd2fde5ab015b5affd6f1c3c85911ca4b384e790?s=96&d=mm&r=g","contentUrl":"https:\/\/secure.gravatar.com\/avatar\/b67e614b1b25b3e9c0c239efdd2fde5ab015b5affd6f1c3c85911ca4b384e790?s=96&d=mm&r=g","caption":"Author"},"sameAs":["http:\/\/vof-news.eu"],"url":"https:\/\/vof-news.eu\/fr\/author\/zwt6qxnjulxbnyg\/"}]}},"yoast_meta":{"yoast_wpseo_title":"","yoast_wpseo_metadesc":"","yoast_wpseo_canonical":""},"_links":{"self":[{"href":"https:\/\/vof-news.eu\/fr\/wp-json\/wp\/v2\/posts\/247919","targetHints":{"allow":["GET"]}}],"collection":[{"href":"https:\/\/vof-news.eu\/fr\/wp-json\/wp\/v2\/posts"}],"about":[{"href":"https:\/\/vof-news.eu\/fr\/wp-json\/wp\/v2\/types\/post"}],"author":[{"embeddable":true,"href":"https:\/\/vof-news.eu\/fr\/wp-json\/wp\/v2\/users\/1"}],"replies":[{"embeddable":true,"href":"https:\/\/vof-news.eu\/fr\/wp-json\/wp\/v2\/comments?post=247919"}],"version-history":[{"count":1,"href":"https:\/\/vof-news.eu\/fr\/wp-json\/wp\/v2\/posts\/247919\/revisions"}],"predecessor-version":[{"id":247926,"href":"https:\/\/vof-news.eu\/fr\/wp-json\/wp\/v2\/posts\/247919\/revisions\/247926"}],"wp:featuredmedia":[{"embeddable":true,"href":"https:\/\/vof-news.eu\/fr\/wp-json\/wp\/v2\/media\/247920"}],"wp:attachment":[{"href":"https:\/\/vof-news.eu\/fr\/wp-json\/wp\/v2\/media?parent=247919"}],"wp:term":[{"taxonomy":"category","embeddable":true,"href":"https:\/\/vof-news.eu\/fr\/wp-json\/wp\/v2\/categories?post=247919"},{"taxonomy":"post_tag","embeddable":true,"href":"https:\/\/vof-news.eu\/fr\/wp-json\/wp\/v2\/tags?post=247919"}],"curies":[{"name":"wp","href":"https:\/\/api.w.org\/{rel}","templated":true}]}}