{"id":247903,"date":"2025-07-05T23:30:11","date_gmt":"2025-07-05T20:30:11","guid":{"rendered":"https:\/\/vof-news.eu\/larcheveque-francais-thibault-verny-nomme-a-la-tete-de-la-commission-pontificale-pour-la-protection-des-mineurs-par-le-pape-leon-xiv\/"},"modified":"2025-07-05T23:30:43","modified_gmt":"2025-07-05T20:30:43","slug":"larcheveque-francais-thibault-verny-nomme-a-la-tete-de-la-commission-pontificale-pour-la-protection-des-mineurs-par-le-pape-leon-xiv","status":"publish","type":"post","link":"https:\/\/vof-news.eu\/fr\/larcheveque-francais-thibault-verny-nomme-a-la-tete-de-la-commission-pontificale-pour-la-protection-des-mineurs-par-le-pape-leon-xiv\/","title":{"rendered":"L\u2019archev\u00eaque fran\u00e7ais Thibault Verny nomm\u00e9 \u00e0 la t\u00eate de la Commission pontificale pour la protection des mineurs par le pape L\u00e9on XIV"},"content":{"rendered":"<article>\n<p>Le pape L\u00e9on XIV a nomm\u00e9, samedi 5\u00a0juillet, M<sup>gr<\/sup> Thibault Verny, archev\u00eaque de Chamb\u00e9ry, \u00e0 la t\u00eate de la Commission pontificale pour la protection des mineurs. M<sup>gr<\/sup>\u00a0Verny \u00e9tait jusqu\u2019\u00e0 pr\u00e9sent membre de cette commission, qui a pour mission de lutter contre la p\u00e9dophilie et les abus sexuels dans l\u2019Eglise, a pr\u00e9cis\u00e9 le Vatican dans un communiqu\u00e9. Celle-ci avait \u00e9t\u00e9 dirig\u00e9e jusqu\u2019en ao\u00fbt\u00a02024 par le cardinal am\u00e9ricain Sean O\u2019Malley. Ce dernier avait d\u00e9missionn\u00e9 pour cause de limite d\u2019\u00e2ge, ayant atteint les 80\u00a0ans.<\/p>\n<section>   <\/section>\n<p>, a d\u00e9clar\u00e9 M<sup>gr<\/sup>\u00a0Verny, cit\u00e9 dans un communiqu\u00e9 de cette m\u00eame commission. , a-t-il assur\u00e9. , a-t-il conclu.<\/p>\n<p>L\u2019archev\u00eaque fran\u00e7ais a une longue exp\u00e9rience dans ce domaine, ayant occup\u00e9 le poste de pr\u00e9sident du conseil de pr\u00e9vention et de lutte contre la p\u00e9dophilie de la Conf\u00e9rence \u00e9piscopale fran\u00e7aise jusqu\u2019au mois de juin\u00a02025.<\/p>\n<p>, a ajout\u00e9 M<sup>gr<\/sup>\u00a0Verny dans une interview \u00e0 <a href=\"https:\/\/www.vaticannews.va\/fr\/vatican\/news\/2025-07\/thibault-verny-president-commission-protection-mineurs.html\" rel=\"nofollow\"><\/a>. , a-t-il ajout\u00e9.<\/p>\n<section>   <\/section>\n<section>\n<p> <span>Le Monde avec AFP<\/span> <\/p>\n<\/section>\n<section>\n<section>\n<header>   <\/header>\n<section>\n<section> <a href=\"https:\/\/abo.lemonde.fr\/?lmd_medium=BOUTONS_LMFR&amp;lmd_campaign=CONTRIBUTION_ARTICLE\" rel=\"nofollow\">S\u2019abonner<\/a> <\/section>\n<\/section>\n<section><\/section>\n<\/section>\n<p>Contribuer<\/p>\n<p> <a href=\"https:\/\/www.lemonde.fr\/syndication\/\" rel=\"nofollow\">R\u00e9utiliser ce contenu<\/a> <\/section>\n<\/article>\n","protected":false},"excerpt":{"rendered":"<p>Le pape L\u00e9on XIV a nomm\u00e9, samedi 5\u00a0juillet, Mgr Thibault Verny, archev\u00eaque de Chamb\u00e9ry, \u00e0 la t\u00eate de la Commission pontificale pour la protection des mineurs. Mgr\u00a0Verny \u00e9tait jusqu\u2019\u00e0 pr\u00e9sent membre de cette commission, qui a pour mission de lutter contre la p\u00e9dophilie et les abus sexuels dans l\u2019Eglise, a pr\u00e9cis\u00e9 le Vatican dans un<\/p>\n","protected":false},"author":1,"featured_media":247904,"comment_status":"open","ping_status":"open","sticky":false,"template":"","format":"standard","meta":{"footnotes":""},"categories":[53],"tags":[],"class_list":["post-247903","post","type-post","status-publish","format-standard","has-post-thumbnail","hentry","category-main-news-fr"],"acf":[],"yoast_head":"<!-- This site is optimized with the Yoast SEO plugin v22.9 - https:\/\/yoast.com\/wordpress\/plugins\/seo\/ -->\n<title>L\u2019archev\u00eaque fran\u00e7ais Thibault Verny nomm\u00e9 \u00e0 la t\u00eate de la Commission pontificale pour la protection des mineurs par le pape L\u00e9on XIV - vof-news.eu<\/title>\n<meta name=\"description\" content=\"Le pape L\u00e9on XIV a nomm\u00e9, samedi 5\u00a0juillet, Mgr Thibault Verny, archev\u00eaque de Chamb\u00e9ry, \u00e0 la t\u00eate de la Commission pontificale pour la protection des mineurs. Mgr\u00a0Verny \u00e9tait jusqu\u2019\u00e0 pr\u00e9sent membre de cette commission, qui a pour mission de lutter contre la p\u00e9dophilie et les abus sexuels dans l\u2019Eglise, a pr\u00e9cis\u00e9 le Vatican dans un communiqu\u00e9. Celle-ci avait \u00e9t\u00e9 dirig\u00e9e jusqu\u2019en ao\u00fbt\u00a02024 par le cardinal am\u00e9ricain Sean O\u2019Malley. Ce dernier avait d\u00e9missionn\u00e9 pour cause de limite d\u2019\u00e2ge, ayant atteint les 80\u00a0ans.   , a d\u00e9clar\u00e9 Mgr\u00a0Verny, cit\u00e9 dans un communiqu\u00e9 de cette m\u00eame commission. , a-t-il assur\u00e9. , a-t-il conclu. L\u2019archev\u00eaque fran\u00e7ais a une longue exp\u00e9rience dans ce domaine, ayant occup\u00e9 le poste de pr\u00e9sident du conseil de pr\u00e9vention et de lutte contre la p\u00e9dophilie de la Conf\u00e9rence \u00e9piscopale fran\u00e7aise jusqu\u2019au mois de juin\u00a02025. , a ajout\u00e9 Mgr\u00a0Verny dans une interview \u00e0 . , a-t-il ajout\u00e9.    Le Monde avec AFP      S\u2019abonner   Contribuer R\u00e9utiliser ce contenu\" \/>\n<meta name=\"robots\" content=\"noindex, follow, max-snippet:-1, max-image-preview:large, max-video-preview:-1\" \/>\n<meta property=\"og:locale\" content=\"fr_FR\" \/>\n<meta property=\"og:type\" content=\"article\" \/>\n<meta property=\"og:title\" content=\"L\u2019archev\u00eaque fran\u00e7ais Thibault Verny nomm\u00e9 \u00e0 la t\u00eate de la Commission pontificale pour la protection des mineurs par le pape L\u00e9on XIV - vof-news.eu\" \/>\n<meta property=\"og:description\" content=\"Le pape L\u00e9on XIV a nomm\u00e9, samedi 5\u00a0juillet, Mgr Thibault Verny, archev\u00eaque de Chamb\u00e9ry, \u00e0 la t\u00eate de la Commission pontificale pour la protection des mineurs. Mgr\u00a0Verny \u00e9tait jusqu\u2019\u00e0 pr\u00e9sent membre de cette commission, qui a pour mission de lutter contre la p\u00e9dophilie et les abus sexuels dans l\u2019Eglise, a pr\u00e9cis\u00e9 le Vatican dans un communiqu\u00e9. Celle-ci avait \u00e9t\u00e9 dirig\u00e9e jusqu\u2019en ao\u00fbt\u00a02024 par le cardinal am\u00e9ricain Sean O\u2019Malley. Ce dernier avait d\u00e9missionn\u00e9 pour cause de limite d\u2019\u00e2ge, ayant atteint les 80\u00a0ans.   , a d\u00e9clar\u00e9 Mgr\u00a0Verny, cit\u00e9 dans un communiqu\u00e9 de cette m\u00eame commission. , a-t-il assur\u00e9. , a-t-il conclu. L\u2019archev\u00eaque fran\u00e7ais a une longue exp\u00e9rience dans ce domaine, ayant occup\u00e9 le poste de pr\u00e9sident du conseil de pr\u00e9vention et de lutte contre la p\u00e9dophilie de la Conf\u00e9rence \u00e9piscopale fran\u00e7aise jusqu\u2019au mois de juin\u00a02025. , a ajout\u00e9 Mgr\u00a0Verny dans une interview \u00e0 . , a-t-il ajout\u00e9.    Le Monde avec AFP      S\u2019abonner   Contribuer R\u00e9utiliser ce contenu\" \/>\n<meta property=\"og:url\" content=\"https:\/\/vof-news.eu\/fr\/larcheveque-francais-thibault-verny-nomme-a-la-tete-de-la-commission-pontificale-pour-la-protection-des-mineurs-par-le-pape-leon-xiv\/\" \/>\n<meta property=\"og:site_name\" content=\"vof-news.eu\" \/>\n<meta property=\"article:published_time\" content=\"2025-07-05T20:30:11+00:00\" \/>\n<meta property=\"article:modified_time\" content=\"2025-07-05T20:30:43+00:00\" \/>\n<meta property=\"og:image\" content=\"https:\/\/vof-news.eu\/wp-content\/uploads\/2025\/07\/0c91052_upload-1-5sa13jpz1ndl-000-19y2hm.jpg\" \/>\n\t<meta property=\"og:image:width\" content=\"664\" \/>\n\t<meta property=\"og:image:height\" content=\"443\" \/>\n\t<meta property=\"og:image:type\" content=\"image\/jpeg\" \/>\n<meta name=\"author\" content=\"Author\" \/>\n<meta name=\"twitter:card\" content=\"summary_large_image\" \/>\n<meta name=\"twitter:label1\" content=\"\u00c9crit par\" \/>\n\t<meta name=\"twitter:data1\" content=\"Author\" \/>\n\t<meta name=\"twitter:label2\" content=\"Dur\u00e9e de lecture estim\u00e9e\" \/>\n\t<meta name=\"twitter:data2\" content=\"1 minute\" \/>\n<script type=\"application\/ld+json\" class=\"yoast-schema-graph\">{\"@context\":\"https:\/\/schema.org\",\"@graph\":[{\"@type\":\"WebPage\",\"@id\":\"https:\/\/vof-news.eu\/fr\/larcheveque-francais-thibault-verny-nomme-a-la-tete-de-la-commission-pontificale-pour-la-protection-des-mineurs-par-le-pape-leon-xiv\/\",\"url\":\"https:\/\/vof-news.eu\/fr\/larcheveque-francais-thibault-verny-nomme-a-la-tete-de-la-commission-pontificale-pour-la-protection-des-mineurs-par-le-pape-leon-xiv\/\",\"name\":\"L\u2019archev\u00eaque fran\u00e7ais Thibault Verny nomm\u00e9 \u00e0 la t\u00eate de la Commission pontificale pour la protection des mineurs par le pape L\u00e9on XIV - vof-news.eu\",\"isPartOf\":{\"@id\":\"https:\/\/vof-news.eu\/fr\/#website\"},\"primaryImageOfPage\":{\"@id\":\"https:\/\/vof-news.eu\/fr\/larcheveque-francais-thibault-verny-nomme-a-la-tete-de-la-commission-pontificale-pour-la-protection-des-mineurs-par-le-pape-leon-xiv\/#primaryimage\"},\"image\":{\"@id\":\"https:\/\/vof-news.eu\/fr\/larcheveque-francais-thibault-verny-nomme-a-la-tete-de-la-commission-pontificale-pour-la-protection-des-mineurs-par-le-pape-leon-xiv\/#primaryimage\"},\"thumbnailUrl\":\"https:\/\/vof-news.eu\/wp-content\/uploads\/2025\/07\/0c91052_upload-1-5sa13jpz1ndl-000-19y2hm.jpg\",\"datePublished\":\"2025-07-05T20:30:11+00:00\",\"dateModified\":\"2025-07-05T20:30:43+00:00\",\"author\":{\"@id\":\"https:\/\/vof-news.eu\/fr\/#\/schema\/person\/f6a2a4309f0561835797fd8c19b333ed\"},\"description\":\"Le pape L\u00e9on XIV a nomm\u00e9, samedi 5\u00a0juillet, Mgr Thibault Verny, archev\u00eaque de Chamb\u00e9ry, \u00e0 la t\u00eate de la Commission pontificale pour la protection des mineurs. Mgr\u00a0Verny \u00e9tait jusqu\u2019\u00e0 pr\u00e9sent membre de cette commission, qui a pour mission de lutter contre la p\u00e9dophilie et les abus sexuels dans l\u2019Eglise, a pr\u00e9cis\u00e9 le Vatican dans un communiqu\u00e9. Celle-ci avait \u00e9t\u00e9 dirig\u00e9e jusqu\u2019en ao\u00fbt\u00a02024 par le cardinal am\u00e9ricain Sean O\u2019Malley. Ce dernier avait d\u00e9missionn\u00e9 pour cause de limite d\u2019\u00e2ge, ayant atteint les 80\u00a0ans. , a d\u00e9clar\u00e9 Mgr\u00a0Verny, cit\u00e9 dans un communiqu\u00e9 de cette m\u00eame commission. , a-t-il assur\u00e9. , a-t-il conclu. L\u2019archev\u00eaque fran\u00e7ais a une longue exp\u00e9rience dans ce domaine, ayant occup\u00e9 le poste de pr\u00e9sident du conseil de pr\u00e9vention et de lutte contre la p\u00e9dophilie de la Conf\u00e9rence \u00e9piscopale fran\u00e7aise jusqu\u2019au mois de juin\u00a02025. , a ajout\u00e9 Mgr\u00a0Verny dans une interview \u00e0 . , a-t-il ajout\u00e9. Le Monde avec AFP S\u2019abonner Contribuer R\u00e9utiliser ce contenu\",\"breadcrumb\":{\"@id\":\"https:\/\/vof-news.eu\/fr\/larcheveque-francais-thibault-verny-nomme-a-la-tete-de-la-commission-pontificale-pour-la-protection-des-mineurs-par-le-pape-leon-xiv\/#breadcrumb\"},\"inLanguage\":\"fr-FR\",\"potentialAction\":[{\"@type\":\"ReadAction\",\"target\":[\"https:\/\/vof-news.eu\/fr\/larcheveque-francais-thibault-verny-nomme-a-la-tete-de-la-commission-pontificale-pour-la-protection-des-mineurs-par-le-pape-leon-xiv\/\"]}]},{\"@type\":\"ImageObject\",\"inLanguage\":\"fr-FR\",\"@id\":\"https:\/\/vof-news.eu\/fr\/larcheveque-francais-thibault-verny-nomme-a-la-tete-de-la-commission-pontificale-pour-la-protection-des-mineurs-par-le-pape-leon-xiv\/#primaryimage\",\"url\":\"https:\/\/vof-news.eu\/wp-content\/uploads\/2025\/07\/0c91052_upload-1-5sa13jpz1ndl-000-19y2hm.jpg\",\"contentUrl\":\"https:\/\/vof-news.eu\/wp-content\/uploads\/2025\/07\/0c91052_upload-1-5sa13jpz1ndl-000-19y2hm.jpg\",\"width\":664,\"height\":443},{\"@type\":\"BreadcrumbList\",\"@id\":\"https:\/\/vof-news.eu\/fr\/larcheveque-francais-thibault-verny-nomme-a-la-tete-de-la-commission-pontificale-pour-la-protection-des-mineurs-par-le-pape-leon-xiv\/#breadcrumb\",\"itemListElement\":[{\"@type\":\"ListItem\",\"position\":1,\"name\":\"Home\",\"item\":\"https:\/\/vof-news.eu\/fr\/\"},{\"@type\":\"ListItem\",\"position\":2,\"name\":\"L\u2019archev\u00eaque fran\u00e7ais Thibault Verny nomm\u00e9 \u00e0 la t\u00eate de la Commission pontificale pour la protection des mineurs par le pape L\u00e9on XIV\"}]},{\"@type\":\"WebSite\",\"@id\":\"https:\/\/vof-news.eu\/fr\/#website\",\"url\":\"https:\/\/vof-news.eu\/fr\/\",\"name\":\"vof-news.eu\",\"description\":\"\",\"potentialAction\":[{\"@type\":\"SearchAction\",\"target\":{\"@type\":\"EntryPoint\",\"urlTemplate\":\"https:\/\/vof-news.eu\/fr\/?s={search_term_string}\"},\"query-input\":\"required name=search_term_string\"}],\"inLanguage\":\"fr-FR\"},{\"@type\":\"Person\",\"@id\":\"https:\/\/vof-news.eu\/fr\/#\/schema\/person\/f6a2a4309f0561835797fd8c19b333ed\",\"name\":\"Author\",\"image\":{\"@type\":\"ImageObject\",\"inLanguage\":\"fr-FR\",\"@id\":\"https:\/\/vof-news.eu\/fr\/#\/schema\/person\/image\/\",\"url\":\"https:\/\/secure.gravatar.com\/avatar\/b67e614b1b25b3e9c0c239efdd2fde5ab015b5affd6f1c3c85911ca4b384e790?s=96&d=mm&r=g\",\"contentUrl\":\"https:\/\/secure.gravatar.com\/avatar\/b67e614b1b25b3e9c0c239efdd2fde5ab015b5affd6f1c3c85911ca4b384e790?s=96&d=mm&r=g\",\"caption\":\"Author\"},\"sameAs\":[\"http:\/\/vof-news.eu\"],\"url\":\"https:\/\/vof-news.eu\/fr\/author\/zwt6qxnjulxbnyg\/\"}]}<\/script>\n<!-- \/ Yoast SEO plugin. -->","yoast_head_json":{"title":"L\u2019archev\u00eaque fran\u00e7ais Thibault Verny nomm\u00e9 \u00e0 la t\u00eate de la Commission pontificale pour la protection des mineurs par le pape L\u00e9on XIV - vof-news.eu","description":"Le pape L\u00e9on XIV a nomm\u00e9, samedi 5\u00a0juillet, Mgr Thibault Verny, archev\u00eaque de Chamb\u00e9ry, \u00e0 la t\u00eate de la Commission pontificale pour la protection des mineurs. Mgr\u00a0Verny \u00e9tait jusqu\u2019\u00e0 pr\u00e9sent membre de cette commission, qui a pour mission de lutter contre la p\u00e9dophilie et les abus sexuels dans l\u2019Eglise, a pr\u00e9cis\u00e9 le Vatican dans un communiqu\u00e9. Celle-ci avait \u00e9t\u00e9 dirig\u00e9e jusqu\u2019en ao\u00fbt\u00a02024 par le cardinal am\u00e9ricain Sean O\u2019Malley. Ce dernier avait d\u00e9missionn\u00e9 pour cause de limite d\u2019\u00e2ge, ayant atteint les 80\u00a0ans.   , a d\u00e9clar\u00e9 Mgr\u00a0Verny, cit\u00e9 dans un communiqu\u00e9 de cette m\u00eame commission. , a-t-il assur\u00e9. , a-t-il conclu. L\u2019archev\u00eaque fran\u00e7ais a une longue exp\u00e9rience dans ce domaine, ayant occup\u00e9 le poste de pr\u00e9sident du conseil de pr\u00e9vention et de lutte contre la p\u00e9dophilie de la Conf\u00e9rence \u00e9piscopale fran\u00e7aise jusqu\u2019au mois de juin\u00a02025. , a ajout\u00e9 Mgr\u00a0Verny dans une interview \u00e0 . , a-t-il ajout\u00e9.    Le Monde avec AFP      S\u2019abonner   Contribuer R\u00e9utiliser ce contenu","robots":{"index":"noindex","follow":"follow","max-snippet":"max-snippet:-1","max-image-preview":"max-image-preview:large","max-video-preview":"max-video-preview:-1"},"og_locale":"fr_FR","og_type":"article","og_title":"L\u2019archev\u00eaque fran\u00e7ais Thibault Verny nomm\u00e9 \u00e0 la t\u00eate de la Commission pontificale pour la protection des mineurs par le pape L\u00e9on XIV - vof-news.eu","og_description":"Le pape L\u00e9on XIV a nomm\u00e9, samedi 5\u00a0juillet, Mgr Thibault Verny, archev\u00eaque de Chamb\u00e9ry, \u00e0 la t\u00eate de la Commission pontificale pour la protection des mineurs. Mgr\u00a0Verny \u00e9tait jusqu\u2019\u00e0 pr\u00e9sent membre de cette commission, qui a pour mission de lutter contre la p\u00e9dophilie et les abus sexuels dans l\u2019Eglise, a pr\u00e9cis\u00e9 le Vatican dans un communiqu\u00e9. Celle-ci avait \u00e9t\u00e9 dirig\u00e9e jusqu\u2019en ao\u00fbt\u00a02024 par le cardinal am\u00e9ricain Sean O\u2019Malley. Ce dernier avait d\u00e9missionn\u00e9 pour cause de limite d\u2019\u00e2ge, ayant atteint les 80\u00a0ans.   , a d\u00e9clar\u00e9 Mgr\u00a0Verny, cit\u00e9 dans un communiqu\u00e9 de cette m\u00eame commission. , a-t-il assur\u00e9. , a-t-il conclu. L\u2019archev\u00eaque fran\u00e7ais a une longue exp\u00e9rience dans ce domaine, ayant occup\u00e9 le poste de pr\u00e9sident du conseil de pr\u00e9vention et de lutte contre la p\u00e9dophilie de la Conf\u00e9rence \u00e9piscopale fran\u00e7aise jusqu\u2019au mois de juin\u00a02025. , a ajout\u00e9 Mgr\u00a0Verny dans une interview \u00e0 . , a-t-il ajout\u00e9.    Le Monde avec AFP      S\u2019abonner   Contribuer R\u00e9utiliser ce contenu","og_url":"https:\/\/vof-news.eu\/fr\/larcheveque-francais-thibault-verny-nomme-a-la-tete-de-la-commission-pontificale-pour-la-protection-des-mineurs-par-le-pape-leon-xiv\/","og_site_name":"vof-news.eu","article_published_time":"2025-07-05T20:30:11+00:00","article_modified_time":"2025-07-05T20:30:43+00:00","og_image":[{"width":664,"height":443,"url":"https:\/\/vof-news.eu\/wp-content\/uploads\/2025\/07\/0c91052_upload-1-5sa13jpz1ndl-000-19y2hm.jpg","type":"image\/jpeg"}],"author":"Author","twitter_card":"summary_large_image","twitter_misc":{"\u00c9crit par":"Author","Dur\u00e9e de lecture estim\u00e9e":"1 minute"},"schema":{"@context":"https:\/\/schema.org","@graph":[{"@type":"WebPage","@id":"https:\/\/vof-news.eu\/fr\/larcheveque-francais-thibault-verny-nomme-a-la-tete-de-la-commission-pontificale-pour-la-protection-des-mineurs-par-le-pape-leon-xiv\/","url":"https:\/\/vof-news.eu\/fr\/larcheveque-francais-thibault-verny-nomme-a-la-tete-de-la-commission-pontificale-pour-la-protection-des-mineurs-par-le-pape-leon-xiv\/","name":"L\u2019archev\u00eaque fran\u00e7ais Thibault Verny nomm\u00e9 \u00e0 la t\u00eate de la Commission pontificale pour la protection des mineurs par le pape L\u00e9on XIV - vof-news.eu","isPartOf":{"@id":"https:\/\/vof-news.eu\/fr\/#website"},"primaryImageOfPage":{"@id":"https:\/\/vof-news.eu\/fr\/larcheveque-francais-thibault-verny-nomme-a-la-tete-de-la-commission-pontificale-pour-la-protection-des-mineurs-par-le-pape-leon-xiv\/#primaryimage"},"image":{"@id":"https:\/\/vof-news.eu\/fr\/larcheveque-francais-thibault-verny-nomme-a-la-tete-de-la-commission-pontificale-pour-la-protection-des-mineurs-par-le-pape-leon-xiv\/#primaryimage"},"thumbnailUrl":"https:\/\/vof-news.eu\/wp-content\/uploads\/2025\/07\/0c91052_upload-1-5sa13jpz1ndl-000-19y2hm.jpg","datePublished":"2025-07-05T20:30:11+00:00","dateModified":"2025-07-05T20:30:43+00:00","author":{"@id":"https:\/\/vof-news.eu\/fr\/#\/schema\/person\/f6a2a4309f0561835797fd8c19b333ed"},"description":"Le pape L\u00e9on XIV a nomm\u00e9, samedi 5\u00a0juillet, Mgr Thibault Verny, archev\u00eaque de Chamb\u00e9ry, \u00e0 la t\u00eate de la Commission pontificale pour la protection des mineurs. Mgr\u00a0Verny \u00e9tait jusqu\u2019\u00e0 pr\u00e9sent membre de cette commission, qui a pour mission de lutter contre la p\u00e9dophilie et les abus sexuels dans l\u2019Eglise, a pr\u00e9cis\u00e9 le Vatican dans un communiqu\u00e9. Celle-ci avait \u00e9t\u00e9 dirig\u00e9e jusqu\u2019en ao\u00fbt\u00a02024 par le cardinal am\u00e9ricain Sean O\u2019Malley. Ce dernier avait d\u00e9missionn\u00e9 pour cause de limite d\u2019\u00e2ge, ayant atteint les 80\u00a0ans. , a d\u00e9clar\u00e9 Mgr\u00a0Verny, cit\u00e9 dans un communiqu\u00e9 de cette m\u00eame commission. , a-t-il assur\u00e9. , a-t-il conclu. L\u2019archev\u00eaque fran\u00e7ais a une longue exp\u00e9rience dans ce domaine, ayant occup\u00e9 le poste de pr\u00e9sident du conseil de pr\u00e9vention et de lutte contre la p\u00e9dophilie de la Conf\u00e9rence \u00e9piscopale fran\u00e7aise jusqu\u2019au mois de juin\u00a02025. , a ajout\u00e9 Mgr\u00a0Verny dans une interview \u00e0 . , a-t-il ajout\u00e9. Le Monde avec AFP S\u2019abonner Contribuer R\u00e9utiliser ce contenu","breadcrumb":{"@id":"https:\/\/vof-news.eu\/fr\/larcheveque-francais-thibault-verny-nomme-a-la-tete-de-la-commission-pontificale-pour-la-protection-des-mineurs-par-le-pape-leon-xiv\/#breadcrumb"},"inLanguage":"fr-FR","potentialAction":[{"@type":"ReadAction","target":["https:\/\/vof-news.eu\/fr\/larcheveque-francais-thibault-verny-nomme-a-la-tete-de-la-commission-pontificale-pour-la-protection-des-mineurs-par-le-pape-leon-xiv\/"]}]},{"@type":"ImageObject","inLanguage":"fr-FR","@id":"https:\/\/vof-news.eu\/fr\/larcheveque-francais-thibault-verny-nomme-a-la-tete-de-la-commission-pontificale-pour-la-protection-des-mineurs-par-le-pape-leon-xiv\/#primaryimage","url":"https:\/\/vof-news.eu\/wp-content\/uploads\/2025\/07\/0c91052_upload-1-5sa13jpz1ndl-000-19y2hm.jpg","contentUrl":"https:\/\/vof-news.eu\/wp-content\/uploads\/2025\/07\/0c91052_upload-1-5sa13jpz1ndl-000-19y2hm.jpg","width":664,"height":443},{"@type":"BreadcrumbList","@id":"https:\/\/vof-news.eu\/fr\/larcheveque-francais-thibault-verny-nomme-a-la-tete-de-la-commission-pontificale-pour-la-protection-des-mineurs-par-le-pape-leon-xiv\/#breadcrumb","itemListElement":[{"@type":"ListItem","position":1,"name":"Home","item":"https:\/\/vof-news.eu\/fr\/"},{"@type":"ListItem","position":2,"name":"L\u2019archev\u00eaque fran\u00e7ais Thibault Verny nomm\u00e9 \u00e0 la t\u00eate de la Commission pontificale pour la protection des mineurs par le pape L\u00e9on XIV"}]},{"@type":"WebSite","@id":"https:\/\/vof-news.eu\/fr\/#website","url":"https:\/\/vof-news.eu\/fr\/","name":"vof-news.eu","description":"","potentialAction":[{"@type":"SearchAction","target":{"@type":"EntryPoint","urlTemplate":"https:\/\/vof-news.eu\/fr\/?s={search_term_string}"},"query-input":"required name=search_term_string"}],"inLanguage":"fr-FR"},{"@type":"Person","@id":"https:\/\/vof-news.eu\/fr\/#\/schema\/person\/f6a2a4309f0561835797fd8c19b333ed","name":"Author","image":{"@type":"ImageObject","inLanguage":"fr-FR","@id":"https:\/\/vof-news.eu\/fr\/#\/schema\/person\/image\/","url":"https:\/\/secure.gravatar.com\/avatar\/b67e614b1b25b3e9c0c239efdd2fde5ab015b5affd6f1c3c85911ca4b384e790?s=96&d=mm&r=g","contentUrl":"https:\/\/secure.gravatar.com\/avatar\/b67e614b1b25b3e9c0c239efdd2fde5ab015b5affd6f1c3c85911ca4b384e790?s=96&d=mm&r=g","caption":"Author"},"sameAs":["http:\/\/vof-news.eu"],"url":"https:\/\/vof-news.eu\/fr\/author\/zwt6qxnjulxbnyg\/"}]}},"yoast_meta":{"yoast_wpseo_title":"","yoast_wpseo_metadesc":"","yoast_wpseo_canonical":""},"_links":{"self":[{"href":"https:\/\/vof-news.eu\/fr\/wp-json\/wp\/v2\/posts\/247903","targetHints":{"allow":["GET"]}}],"collection":[{"href":"https:\/\/vof-news.eu\/fr\/wp-json\/wp\/v2\/posts"}],"about":[{"href":"https:\/\/vof-news.eu\/fr\/wp-json\/wp\/v2\/types\/post"}],"author":[{"embeddable":true,"href":"https:\/\/vof-news.eu\/fr\/wp-json\/wp\/v2\/users\/1"}],"replies":[{"embeddable":true,"href":"https:\/\/vof-news.eu\/fr\/wp-json\/wp\/v2\/comments?post=247903"}],"version-history":[{"count":1,"href":"https:\/\/vof-news.eu\/fr\/wp-json\/wp\/v2\/posts\/247903\/revisions"}],"predecessor-version":[{"id":247910,"href":"https:\/\/vof-news.eu\/fr\/wp-json\/wp\/v2\/posts\/247903\/revisions\/247910"}],"wp:featuredmedia":[{"embeddable":true,"href":"https:\/\/vof-news.eu\/fr\/wp-json\/wp\/v2\/media\/247904"}],"wp:attachment":[{"href":"https:\/\/vof-news.eu\/fr\/wp-json\/wp\/v2\/media?parent=247903"}],"wp:term":[{"taxonomy":"category","embeddable":true,"href":"https:\/\/vof-news.eu\/fr\/wp-json\/wp\/v2\/categories?post=247903"},{"taxonomy":"post_tag","embeddable":true,"href":"https:\/\/vof-news.eu\/fr\/wp-json\/wp\/v2\/tags?post=247903"}],"curies":[{"name":"wp","href":"https:\/\/api.w.org\/{rel}","templated":true}]}}