{"id":247877,"date":"2025-07-05T21:31:27","date_gmt":"2025-07-05T18:31:27","guid":{"rendered":"https:\/\/vof-news.eu\/gabriel-attal-annonce-vouloir-proposer-un-chemin-aux-francais-pour-lelection-presidentielle-de-2027\/"},"modified":"2025-07-05T21:32:03","modified_gmt":"2025-07-05T18:32:03","slug":"gabriel-attal-annonce-vouloir-proposer-un-chemin-aux-francais-pour-lelection-presidentielle-de-2027","status":"publish","type":"post","link":"https:\/\/vof-news.eu\/fr\/gabriel-attal-annonce-vouloir-proposer-un-chemin-aux-francais-pour-lelection-presidentielle-de-2027\/","title":{"rendered":"Gabriel Attal annonce vouloir \u00ab\u00a0proposer un\u00a0chemin\u00a0\u00bb aux Fran\u00e7ais pour l\u2019\u00e9lection pr\u00e9sidentielle de\u00a02027"},"content":{"rendered":"<article>\n<p>Dans un discours aux airs de pr\u00e9campagne \u00e9lectorale, le secr\u00e9taire g\u00e9n\u00e9ral du parti Renaissance, Gabriel Attal, a affirm\u00e9, samedi 5\u00a0juillet, vouloir  aux Fran\u00e7ais pour le scrutin pr\u00e9sidentiel de 2027. a-t-il d\u00e9clar\u00e9 lors d\u2019un meeting \u00e0 Paris \u00e0 l\u2019occasion des dix ans des\u00a0Jeunes avec Macron (JAM).<\/p>\n<p>(\u2026), a d\u00e9clar\u00e9 l\u2019ancien premier ministre face \u00e0 des figures de la Macronie, dont la pr\u00e9sidente de l\u2019Assembl\u00e9e nationale, Ya\u00ebl Braun-Pivet, et la ministre de l\u2019\u00e9ducation et ancienne premi\u00e8re ministre, Elisabeth Borne.<\/p>\n<p>, a encore dit M.\u00a0Attal, lors de ce meeting \u00e0 l\u2019occasion duquel les JAM ont chang\u00e9 de nom pour devenir les\u00a0Jeunes en marche (JEM).<\/p>\n<section>   <\/section>\n<h2>\u00ab\u00a0Le macronisme a vocation \u00e0 perdurer\u00a0\u00bb<\/h2>\n<p>Se disant  sur les questions \u00e9cologiques, il a \u00e9voqu\u00e9 la r\u00e9cente altercation par m\u00e9dias interpos\u00e9s entre le ministre de l\u2019int\u00e9rieur et pr\u00e9sident des R\u00e9publicains, Bruno Retailleau, favorable \u00e0 l\u2019arr\u00eat des subventions aux \u00e9nergies renouvelables, et la ministre de l\u2019\u00e9cologie, Agn\u00e8s Pannier-Runacher (Renaissance), qui a attaqu\u00e9 le du locataire de la Place Beauvau.<\/p>\n<p>, a averti M.\u00a0Attal. , a-t-il insist\u00e9.<\/p>\n<p>Emmanuel Macron, invit\u00e9 surprise de ce meeting, a annonc\u00e9, pour sa part, aux JEM qu\u2019il aurait\u00a0. Le pr\u00e9sident avait auparavant appel\u00e9 \u00e0 son camp \u00e0 rester , \u00a0et \u00e0 agir.\u00a0, a-t-il dit.<\/p>\n<section>   <\/section>\n<p>Le pr\u00e9sident des JEM, Ambroise M\u00e9jean, a annonc\u00e9 samedi le changement de nom de cette formation cr\u00e9\u00e9e il y a dix ans, se disant convaincu que . , a affirm\u00e9 <a href=\"https:\/\/www.leparisien.fr\/politique\/ambroise-mejean-president-des-jeunes-avec-macron-le-macronisme-a-vocation-a-perdurer-05-07-2025-ZH6PCR77UZGNZDKEZYD3L5CFHU.php?at_variant=photo&amp;at_creation=Le%20Parisien&amp;at_campaign=Partage%20Twitter%20CM&amp;at_medium=Social%20media\" rel=\"nofollow\">dans un entretien au <\/a> celui qui va laisser sa place \u00e0 la fin de septembre.<\/p>\n<section>  <a href=\"https:\/\/www.lemonde.fr\/newsletters\/politique\/\" rel=\"nofollow\">    <\/a> <\/section>\n<p>, a expliqu\u00e9 M.\u00a0M\u00e9jean. , a-t-il insist\u00e9.<\/p>\n<section>\n<p> <span>Le Monde avec AFP<\/span> <\/p>\n<\/section>\n<section>\n<section>\n<header>   <\/header>\n<section>\n<section> <a href=\"https:\/\/abo.lemonde.fr\/?lmd_medium=BOUTONS_LMFR&amp;lmd_campaign=CONTRIBUTION_ARTICLE\" rel=\"nofollow\">S\u2019abonner<\/a> <\/section>\n<\/section>\n<section><\/section>\n<\/section>\n<p>Contribuer<\/p>\n<\/section>\n<\/article>\n","protected":false},"excerpt":{"rendered":"<p>Dans un discours aux airs de pr\u00e9campagne \u00e9lectorale, le secr\u00e9taire g\u00e9n\u00e9ral du parti Renaissance, Gabriel Attal, a affirm\u00e9, samedi 5\u00a0juillet, vouloir aux Fran\u00e7ais pour le scrutin pr\u00e9sidentiel de 2027. a-t-il d\u00e9clar\u00e9 lors d\u2019un meeting \u00e0 Paris \u00e0 l\u2019occasion des dix ans des\u00a0Jeunes avec Macron (JAM). (\u2026), a d\u00e9clar\u00e9 l\u2019ancien premier ministre face \u00e0 des figures<\/p>\n","protected":false},"author":1,"featured_media":247878,"comment_status":"open","ping_status":"open","sticky":false,"template":"","format":"standard","meta":{"footnotes":""},"categories":[68],"tags":[],"class_list":["post-247877","post","type-post","status-publish","format-standard","has-post-thumbnail","hentry","category-politics-fr"],"acf":[],"yoast_head":"<!-- This site is optimized with the Yoast SEO plugin v22.9 - https:\/\/yoast.com\/wordpress\/plugins\/seo\/ -->\n<title>Gabriel Attal annonce vouloir \u00ab\u00a0proposer un\u00a0chemin\u00a0\u00bb aux Fran\u00e7ais pour l\u2019\u00e9lection pr\u00e9sidentielle de\u00a02027 - vof-news.eu<\/title>\n<meta name=\"description\" content=\"Dans un discours aux airs de pr\u00e9campagne \u00e9lectorale, le secr\u00e9taire g\u00e9n\u00e9ral du parti Renaissance, Gabriel Attal, a affirm\u00e9, samedi 5\u00a0juillet, vouloir aux Fran\u00e7ais pour le scrutin pr\u00e9sidentiel de 2027. a-t-il d\u00e9clar\u00e9 lors d\u2019un meeting \u00e0 Paris \u00e0 l\u2019occasion des dix ans des\u00a0Jeunes avec Macron (JAM). (\u2026), a d\u00e9clar\u00e9 l\u2019ancien premier ministre face \u00e0 des figures de la Macronie, dont la pr\u00e9sidente de l\u2019Assembl\u00e9e nationale, Ya\u00ebl Braun-Pivet, et la ministre de l\u2019\u00e9ducation et ancienne premi\u00e8re ministre, Elisabeth Borne. , a encore dit M.\u00a0Attal, lors de ce meeting \u00e0 l\u2019occasion duquel les JAM ont chang\u00e9 de nom pour devenir les\u00a0Jeunes en marche (JEM).   \u00ab\u00a0Le macronisme a vocation \u00e0 perdurer\u00a0\u00bb Se disant sur les questions \u00e9cologiques, il a \u00e9voqu\u00e9 la r\u00e9cente altercation par m\u00e9dias interpos\u00e9s entre le ministre de l\u2019int\u00e9rieur et pr\u00e9sident des R\u00e9publicains, Bruno Retailleau, favorable \u00e0 l\u2019arr\u00eat des subventions aux \u00e9nergies renouvelables, et la ministre de l\u2019\u00e9cologie, Agn\u00e8s Pannier-Runacher (Renaissance), qui a attaqu\u00e9 le du locataire de la Place Beauvau. , a averti M.\u00a0Attal. , a-t-il insist\u00e9. Emmanuel Macron, invit\u00e9 surprise de ce meeting, a annonc\u00e9, pour sa part, aux JEM qu\u2019il aurait\u00a0. Le pr\u00e9sident avait auparavant appel\u00e9 \u00e0 son camp \u00e0 rester , \u00a0et \u00e0 agir.\u00a0, a-t-il dit.   Le pr\u00e9sident des JEM, Ambroise M\u00e9jean, a annonc\u00e9 samedi le changement de nom de cette formation cr\u00e9\u00e9e il y a dix ans, se disant convaincu que . , a affirm\u00e9 dans un entretien au celui qui va laisser sa place \u00e0 la fin de septembre.     , a expliqu\u00e9 M.\u00a0M\u00e9jean. , a-t-il insist\u00e9.  Le Monde avec AFP      S\u2019abonner   Contribuer\" \/>\n<meta name=\"robots\" content=\"noindex, follow, max-snippet:-1, max-image-preview:large, max-video-preview:-1\" \/>\n<meta property=\"og:locale\" content=\"fr_FR\" \/>\n<meta property=\"og:type\" content=\"article\" \/>\n<meta property=\"og:title\" content=\"Gabriel Attal annonce vouloir \u00ab\u00a0proposer un\u00a0chemin\u00a0\u00bb aux Fran\u00e7ais pour l\u2019\u00e9lection pr\u00e9sidentielle de\u00a02027 - vof-news.eu\" \/>\n<meta property=\"og:description\" content=\"Dans un discours aux airs de pr\u00e9campagne \u00e9lectorale, le secr\u00e9taire g\u00e9n\u00e9ral du parti Renaissance, Gabriel Attal, a affirm\u00e9, samedi 5\u00a0juillet, vouloir aux Fran\u00e7ais pour le scrutin pr\u00e9sidentiel de 2027. a-t-il d\u00e9clar\u00e9 lors d\u2019un meeting \u00e0 Paris \u00e0 l\u2019occasion des dix ans des\u00a0Jeunes avec Macron (JAM). (\u2026), a d\u00e9clar\u00e9 l\u2019ancien premier ministre face \u00e0 des figures de la Macronie, dont la pr\u00e9sidente de l\u2019Assembl\u00e9e nationale, Ya\u00ebl Braun-Pivet, et la ministre de l\u2019\u00e9ducation et ancienne premi\u00e8re ministre, Elisabeth Borne. , a encore dit M.\u00a0Attal, lors de ce meeting \u00e0 l\u2019occasion duquel les JAM ont chang\u00e9 de nom pour devenir les\u00a0Jeunes en marche (JEM).   \u00ab\u00a0Le macronisme a vocation \u00e0 perdurer\u00a0\u00bb Se disant sur les questions \u00e9cologiques, il a \u00e9voqu\u00e9 la r\u00e9cente altercation par m\u00e9dias interpos\u00e9s entre le ministre de l\u2019int\u00e9rieur et pr\u00e9sident des R\u00e9publicains, Bruno Retailleau, favorable \u00e0 l\u2019arr\u00eat des subventions aux \u00e9nergies renouvelables, et la ministre de l\u2019\u00e9cologie, Agn\u00e8s Pannier-Runacher (Renaissance), qui a attaqu\u00e9 le du locataire de la Place Beauvau. , a averti M.\u00a0Attal. , a-t-il insist\u00e9. Emmanuel Macron, invit\u00e9 surprise de ce meeting, a annonc\u00e9, pour sa part, aux JEM qu\u2019il aurait\u00a0. Le pr\u00e9sident avait auparavant appel\u00e9 \u00e0 son camp \u00e0 rester , \u00a0et \u00e0 agir.\u00a0, a-t-il dit.   Le pr\u00e9sident des JEM, Ambroise M\u00e9jean, a annonc\u00e9 samedi le changement de nom de cette formation cr\u00e9\u00e9e il y a dix ans, se disant convaincu que . , a affirm\u00e9 dans un entretien au celui qui va laisser sa place \u00e0 la fin de septembre.     , a expliqu\u00e9 M.\u00a0M\u00e9jean. , a-t-il insist\u00e9.  Le Monde avec AFP      S\u2019abonner   Contribuer\" \/>\n<meta property=\"og:url\" content=\"https:\/\/vof-news.eu\/fr\/gabriel-attal-annonce-vouloir-proposer-un-chemin-aux-francais-pour-lelection-presidentielle-de-2027\/\" \/>\n<meta property=\"og:site_name\" content=\"vof-news.eu\" \/>\n<meta property=\"article:published_time\" content=\"2025-07-05T18:31:27+00:00\" \/>\n<meta property=\"article:modified_time\" content=\"2025-07-05T18:32:03+00:00\" \/>\n<meta property=\"og:image\" content=\"https:\/\/vof-news.eu\/wp-content\/uploads\/2025\/07\/339cac0_sirius-fs-upload-1-gb5wr90wpqsj-1743960048978-617170.jpg\" \/>\n\t<meta property=\"og:image:width\" content=\"664\" \/>\n\t<meta property=\"og:image:height\" content=\"443\" \/>\n\t<meta property=\"og:image:type\" content=\"image\/jpeg\" \/>\n<meta name=\"author\" content=\"Author\" \/>\n<meta name=\"twitter:card\" content=\"summary_large_image\" \/>\n<meta name=\"twitter:label1\" content=\"\u00c9crit par\" \/>\n\t<meta name=\"twitter:data1\" content=\"Author\" \/>\n\t<meta name=\"twitter:label2\" content=\"Dur\u00e9e de lecture estim\u00e9e\" \/>\n\t<meta name=\"twitter:data2\" content=\"1 minute\" \/>\n<script type=\"application\/ld+json\" class=\"yoast-schema-graph\">{\"@context\":\"https:\/\/schema.org\",\"@graph\":[{\"@type\":\"WebPage\",\"@id\":\"https:\/\/vof-news.eu\/fr\/gabriel-attal-annonce-vouloir-proposer-un-chemin-aux-francais-pour-lelection-presidentielle-de-2027\/\",\"url\":\"https:\/\/vof-news.eu\/fr\/gabriel-attal-annonce-vouloir-proposer-un-chemin-aux-francais-pour-lelection-presidentielle-de-2027\/\",\"name\":\"Gabriel Attal annonce vouloir \u00ab\u00a0proposer un\u00a0chemin\u00a0\u00bb aux Fran\u00e7ais pour l\u2019\u00e9lection pr\u00e9sidentielle de\u00a02027 - vof-news.eu\",\"isPartOf\":{\"@id\":\"https:\/\/vof-news.eu\/fr\/#website\"},\"primaryImageOfPage\":{\"@id\":\"https:\/\/vof-news.eu\/fr\/gabriel-attal-annonce-vouloir-proposer-un-chemin-aux-francais-pour-lelection-presidentielle-de-2027\/#primaryimage\"},\"image\":{\"@id\":\"https:\/\/vof-news.eu\/fr\/gabriel-attal-annonce-vouloir-proposer-un-chemin-aux-francais-pour-lelection-presidentielle-de-2027\/#primaryimage\"},\"thumbnailUrl\":\"https:\/\/vof-news.eu\/wp-content\/uploads\/2025\/07\/339cac0_sirius-fs-upload-1-gb5wr90wpqsj-1743960048978-617170.jpg\",\"datePublished\":\"2025-07-05T18:31:27+00:00\",\"dateModified\":\"2025-07-05T18:32:03+00:00\",\"author\":{\"@id\":\"https:\/\/vof-news.eu\/fr\/#\/schema\/person\/f6a2a4309f0561835797fd8c19b333ed\"},\"description\":\"Dans un discours aux airs de pr\u00e9campagne \u00e9lectorale, le secr\u00e9taire g\u00e9n\u00e9ral du parti Renaissance, Gabriel Attal, a affirm\u00e9, samedi 5\u00a0juillet, vouloir aux Fran\u00e7ais pour le scrutin pr\u00e9sidentiel de 2027. a-t-il d\u00e9clar\u00e9 lors d\u2019un meeting \u00e0 Paris \u00e0 l\u2019occasion des dix ans des\u00a0Jeunes avec Macron (JAM). (\u2026), a d\u00e9clar\u00e9 l\u2019ancien premier ministre face \u00e0 des figures de la Macronie, dont la pr\u00e9sidente de l\u2019Assembl\u00e9e nationale, Ya\u00ebl Braun-Pivet, et la ministre de l\u2019\u00e9ducation et ancienne premi\u00e8re ministre, Elisabeth Borne. , a encore dit M.\u00a0Attal, lors de ce meeting \u00e0 l\u2019occasion duquel les JAM ont chang\u00e9 de nom pour devenir les\u00a0Jeunes en marche (JEM). \u00ab\u00a0Le macronisme a vocation \u00e0 perdurer\u00a0\u00bb Se disant sur les questions \u00e9cologiques, il a \u00e9voqu\u00e9 la r\u00e9cente altercation par m\u00e9dias interpos\u00e9s entre le ministre de l\u2019int\u00e9rieur et pr\u00e9sident des R\u00e9publicains, Bruno Retailleau, favorable \u00e0 l\u2019arr\u00eat des subventions aux \u00e9nergies renouvelables, et la ministre de l\u2019\u00e9cologie, Agn\u00e8s Pannier-Runacher (Renaissance), qui a attaqu\u00e9 le du locataire de la Place Beauvau. , a averti M.\u00a0Attal. , a-t-il insist\u00e9. Emmanuel Macron, invit\u00e9 surprise de ce meeting, a annonc\u00e9, pour sa part, aux JEM qu\u2019il aurait\u00a0. Le pr\u00e9sident avait auparavant appel\u00e9 \u00e0 son camp \u00e0 rester , \u00a0et \u00e0 agir.\u00a0, a-t-il dit. Le pr\u00e9sident des JEM, Ambroise M\u00e9jean, a annonc\u00e9 samedi le changement de nom de cette formation cr\u00e9\u00e9e il y a dix ans, se disant convaincu que . , a affirm\u00e9 dans un entretien au celui qui va laisser sa place \u00e0 la fin de septembre. , a expliqu\u00e9 M.\u00a0M\u00e9jean. , a-t-il insist\u00e9. Le Monde avec AFP S\u2019abonner Contribuer\",\"breadcrumb\":{\"@id\":\"https:\/\/vof-news.eu\/fr\/gabriel-attal-annonce-vouloir-proposer-un-chemin-aux-francais-pour-lelection-presidentielle-de-2027\/#breadcrumb\"},\"inLanguage\":\"fr-FR\",\"potentialAction\":[{\"@type\":\"ReadAction\",\"target\":[\"https:\/\/vof-news.eu\/fr\/gabriel-attal-annonce-vouloir-proposer-un-chemin-aux-francais-pour-lelection-presidentielle-de-2027\/\"]}]},{\"@type\":\"ImageObject\",\"inLanguage\":\"fr-FR\",\"@id\":\"https:\/\/vof-news.eu\/fr\/gabriel-attal-annonce-vouloir-proposer-un-chemin-aux-francais-pour-lelection-presidentielle-de-2027\/#primaryimage\",\"url\":\"https:\/\/vof-news.eu\/wp-content\/uploads\/2025\/07\/339cac0_sirius-fs-upload-1-gb5wr90wpqsj-1743960048978-617170.jpg\",\"contentUrl\":\"https:\/\/vof-news.eu\/wp-content\/uploads\/2025\/07\/339cac0_sirius-fs-upload-1-gb5wr90wpqsj-1743960048978-617170.jpg\",\"width\":664,\"height\":443},{\"@type\":\"BreadcrumbList\",\"@id\":\"https:\/\/vof-news.eu\/fr\/gabriel-attal-annonce-vouloir-proposer-un-chemin-aux-francais-pour-lelection-presidentielle-de-2027\/#breadcrumb\",\"itemListElement\":[{\"@type\":\"ListItem\",\"position\":1,\"name\":\"Home\",\"item\":\"https:\/\/vof-news.eu\/fr\/\"},{\"@type\":\"ListItem\",\"position\":2,\"name\":\"Gabriel Attal annonce vouloir \u00ab\u00a0proposer un\u00a0chemin\u00a0\u00bb aux Fran\u00e7ais pour l\u2019\u00e9lection pr\u00e9sidentielle de\u00a02027\"}]},{\"@type\":\"WebSite\",\"@id\":\"https:\/\/vof-news.eu\/fr\/#website\",\"url\":\"https:\/\/vof-news.eu\/fr\/\",\"name\":\"vof-news.eu\",\"description\":\"\",\"potentialAction\":[{\"@type\":\"SearchAction\",\"target\":{\"@type\":\"EntryPoint\",\"urlTemplate\":\"https:\/\/vof-news.eu\/fr\/?s={search_term_string}\"},\"query-input\":\"required name=search_term_string\"}],\"inLanguage\":\"fr-FR\"},{\"@type\":\"Person\",\"@id\":\"https:\/\/vof-news.eu\/fr\/#\/schema\/person\/f6a2a4309f0561835797fd8c19b333ed\",\"name\":\"Author\",\"image\":{\"@type\":\"ImageObject\",\"inLanguage\":\"fr-FR\",\"@id\":\"https:\/\/vof-news.eu\/fr\/#\/schema\/person\/image\/\",\"url\":\"https:\/\/secure.gravatar.com\/avatar\/b67e614b1b25b3e9c0c239efdd2fde5ab015b5affd6f1c3c85911ca4b384e790?s=96&d=mm&r=g\",\"contentUrl\":\"https:\/\/secure.gravatar.com\/avatar\/b67e614b1b25b3e9c0c239efdd2fde5ab015b5affd6f1c3c85911ca4b384e790?s=96&d=mm&r=g\",\"caption\":\"Author\"},\"sameAs\":[\"http:\/\/vof-news.eu\"],\"url\":\"https:\/\/vof-news.eu\/fr\/author\/zwt6qxnjulxbnyg\/\"}]}<\/script>\n<!-- \/ Yoast SEO plugin. -->","yoast_head_json":{"title":"Gabriel Attal annonce vouloir \u00ab\u00a0proposer un\u00a0chemin\u00a0\u00bb aux Fran\u00e7ais pour l\u2019\u00e9lection pr\u00e9sidentielle de\u00a02027 - vof-news.eu","description":"Dans un discours aux airs de pr\u00e9campagne \u00e9lectorale, le secr\u00e9taire g\u00e9n\u00e9ral du parti Renaissance, Gabriel Attal, a affirm\u00e9, samedi 5\u00a0juillet, vouloir aux Fran\u00e7ais pour le scrutin pr\u00e9sidentiel de 2027. a-t-il d\u00e9clar\u00e9 lors d\u2019un meeting \u00e0 Paris \u00e0 l\u2019occasion des dix ans des\u00a0Jeunes avec Macron (JAM). (\u2026), a d\u00e9clar\u00e9 l\u2019ancien premier ministre face \u00e0 des figures de la Macronie, dont la pr\u00e9sidente de l\u2019Assembl\u00e9e nationale, Ya\u00ebl Braun-Pivet, et la ministre de l\u2019\u00e9ducation et ancienne premi\u00e8re ministre, Elisabeth Borne. , a encore dit M.\u00a0Attal, lors de ce meeting \u00e0 l\u2019occasion duquel les JAM ont chang\u00e9 de nom pour devenir les\u00a0Jeunes en marche (JEM).   \u00ab\u00a0Le macronisme a vocation \u00e0 perdurer\u00a0\u00bb Se disant sur les questions \u00e9cologiques, il a \u00e9voqu\u00e9 la r\u00e9cente altercation par m\u00e9dias interpos\u00e9s entre le ministre de l\u2019int\u00e9rieur et pr\u00e9sident des R\u00e9publicains, Bruno Retailleau, favorable \u00e0 l\u2019arr\u00eat des subventions aux \u00e9nergies renouvelables, et la ministre de l\u2019\u00e9cologie, Agn\u00e8s Pannier-Runacher (Renaissance), qui a attaqu\u00e9 le du locataire de la Place Beauvau. , a averti M.\u00a0Attal. , a-t-il insist\u00e9. Emmanuel Macron, invit\u00e9 surprise de ce meeting, a annonc\u00e9, pour sa part, aux JEM qu\u2019il aurait\u00a0. Le pr\u00e9sident avait auparavant appel\u00e9 \u00e0 son camp \u00e0 rester , \u00a0et \u00e0 agir.\u00a0, a-t-il dit.   Le pr\u00e9sident des JEM, Ambroise M\u00e9jean, a annonc\u00e9 samedi le changement de nom de cette formation cr\u00e9\u00e9e il y a dix ans, se disant convaincu que . , a affirm\u00e9 dans un entretien au celui qui va laisser sa place \u00e0 la fin de septembre.     , a expliqu\u00e9 M.\u00a0M\u00e9jean. , a-t-il insist\u00e9.  Le Monde avec AFP      S\u2019abonner   Contribuer","robots":{"index":"noindex","follow":"follow","max-snippet":"max-snippet:-1","max-image-preview":"max-image-preview:large","max-video-preview":"max-video-preview:-1"},"og_locale":"fr_FR","og_type":"article","og_title":"Gabriel Attal annonce vouloir \u00ab\u00a0proposer un\u00a0chemin\u00a0\u00bb aux Fran\u00e7ais pour l\u2019\u00e9lection pr\u00e9sidentielle de\u00a02027 - vof-news.eu","og_description":"Dans un discours aux airs de pr\u00e9campagne \u00e9lectorale, le secr\u00e9taire g\u00e9n\u00e9ral du parti Renaissance, Gabriel Attal, a affirm\u00e9, samedi 5\u00a0juillet, vouloir aux Fran\u00e7ais pour le scrutin pr\u00e9sidentiel de 2027. a-t-il d\u00e9clar\u00e9 lors d\u2019un meeting \u00e0 Paris \u00e0 l\u2019occasion des dix ans des\u00a0Jeunes avec Macron (JAM). (\u2026), a d\u00e9clar\u00e9 l\u2019ancien premier ministre face \u00e0 des figures de la Macronie, dont la pr\u00e9sidente de l\u2019Assembl\u00e9e nationale, Ya\u00ebl Braun-Pivet, et la ministre de l\u2019\u00e9ducation et ancienne premi\u00e8re ministre, Elisabeth Borne. , a encore dit M.\u00a0Attal, lors de ce meeting \u00e0 l\u2019occasion duquel les JAM ont chang\u00e9 de nom pour devenir les\u00a0Jeunes en marche (JEM).   \u00ab\u00a0Le macronisme a vocation \u00e0 perdurer\u00a0\u00bb Se disant sur les questions \u00e9cologiques, il a \u00e9voqu\u00e9 la r\u00e9cente altercation par m\u00e9dias interpos\u00e9s entre le ministre de l\u2019int\u00e9rieur et pr\u00e9sident des R\u00e9publicains, Bruno Retailleau, favorable \u00e0 l\u2019arr\u00eat des subventions aux \u00e9nergies renouvelables, et la ministre de l\u2019\u00e9cologie, Agn\u00e8s Pannier-Runacher (Renaissance), qui a attaqu\u00e9 le du locataire de la Place Beauvau. , a averti M.\u00a0Attal. , a-t-il insist\u00e9. Emmanuel Macron, invit\u00e9 surprise de ce meeting, a annonc\u00e9, pour sa part, aux JEM qu\u2019il aurait\u00a0. Le pr\u00e9sident avait auparavant appel\u00e9 \u00e0 son camp \u00e0 rester , \u00a0et \u00e0 agir.\u00a0, a-t-il dit.   Le pr\u00e9sident des JEM, Ambroise M\u00e9jean, a annonc\u00e9 samedi le changement de nom de cette formation cr\u00e9\u00e9e il y a dix ans, se disant convaincu que . , a affirm\u00e9 dans un entretien au celui qui va laisser sa place \u00e0 la fin de septembre.     , a expliqu\u00e9 M.\u00a0M\u00e9jean. , a-t-il insist\u00e9.  Le Monde avec AFP      S\u2019abonner   Contribuer","og_url":"https:\/\/vof-news.eu\/fr\/gabriel-attal-annonce-vouloir-proposer-un-chemin-aux-francais-pour-lelection-presidentielle-de-2027\/","og_site_name":"vof-news.eu","article_published_time":"2025-07-05T18:31:27+00:00","article_modified_time":"2025-07-05T18:32:03+00:00","og_image":[{"width":664,"height":443,"url":"https:\/\/vof-news.eu\/wp-content\/uploads\/2025\/07\/339cac0_sirius-fs-upload-1-gb5wr90wpqsj-1743960048978-617170.jpg","type":"image\/jpeg"}],"author":"Author","twitter_card":"summary_large_image","twitter_misc":{"\u00c9crit par":"Author","Dur\u00e9e de lecture estim\u00e9e":"1 minute"},"schema":{"@context":"https:\/\/schema.org","@graph":[{"@type":"WebPage","@id":"https:\/\/vof-news.eu\/fr\/gabriel-attal-annonce-vouloir-proposer-un-chemin-aux-francais-pour-lelection-presidentielle-de-2027\/","url":"https:\/\/vof-news.eu\/fr\/gabriel-attal-annonce-vouloir-proposer-un-chemin-aux-francais-pour-lelection-presidentielle-de-2027\/","name":"Gabriel Attal annonce vouloir \u00ab\u00a0proposer un\u00a0chemin\u00a0\u00bb aux Fran\u00e7ais pour l\u2019\u00e9lection pr\u00e9sidentielle de\u00a02027 - vof-news.eu","isPartOf":{"@id":"https:\/\/vof-news.eu\/fr\/#website"},"primaryImageOfPage":{"@id":"https:\/\/vof-news.eu\/fr\/gabriel-attal-annonce-vouloir-proposer-un-chemin-aux-francais-pour-lelection-presidentielle-de-2027\/#primaryimage"},"image":{"@id":"https:\/\/vof-news.eu\/fr\/gabriel-attal-annonce-vouloir-proposer-un-chemin-aux-francais-pour-lelection-presidentielle-de-2027\/#primaryimage"},"thumbnailUrl":"https:\/\/vof-news.eu\/wp-content\/uploads\/2025\/07\/339cac0_sirius-fs-upload-1-gb5wr90wpqsj-1743960048978-617170.jpg","datePublished":"2025-07-05T18:31:27+00:00","dateModified":"2025-07-05T18:32:03+00:00","author":{"@id":"https:\/\/vof-news.eu\/fr\/#\/schema\/person\/f6a2a4309f0561835797fd8c19b333ed"},"description":"Dans un discours aux airs de pr\u00e9campagne \u00e9lectorale, le secr\u00e9taire g\u00e9n\u00e9ral du parti Renaissance, Gabriel Attal, a affirm\u00e9, samedi 5\u00a0juillet, vouloir aux Fran\u00e7ais pour le scrutin pr\u00e9sidentiel de 2027. a-t-il d\u00e9clar\u00e9 lors d\u2019un meeting \u00e0 Paris \u00e0 l\u2019occasion des dix ans des\u00a0Jeunes avec Macron (JAM). (\u2026), a d\u00e9clar\u00e9 l\u2019ancien premier ministre face \u00e0 des figures de la Macronie, dont la pr\u00e9sidente de l\u2019Assembl\u00e9e nationale, Ya\u00ebl Braun-Pivet, et la ministre de l\u2019\u00e9ducation et ancienne premi\u00e8re ministre, Elisabeth Borne. , a encore dit M.\u00a0Attal, lors de ce meeting \u00e0 l\u2019occasion duquel les JAM ont chang\u00e9 de nom pour devenir les\u00a0Jeunes en marche (JEM). \u00ab\u00a0Le macronisme a vocation \u00e0 perdurer\u00a0\u00bb Se disant sur les questions \u00e9cologiques, il a \u00e9voqu\u00e9 la r\u00e9cente altercation par m\u00e9dias interpos\u00e9s entre le ministre de l\u2019int\u00e9rieur et pr\u00e9sident des R\u00e9publicains, Bruno Retailleau, favorable \u00e0 l\u2019arr\u00eat des subventions aux \u00e9nergies renouvelables, et la ministre de l\u2019\u00e9cologie, Agn\u00e8s Pannier-Runacher (Renaissance), qui a attaqu\u00e9 le du locataire de la Place Beauvau. , a averti M.\u00a0Attal. , a-t-il insist\u00e9. Emmanuel Macron, invit\u00e9 surprise de ce meeting, a annonc\u00e9, pour sa part, aux JEM qu\u2019il aurait\u00a0. Le pr\u00e9sident avait auparavant appel\u00e9 \u00e0 son camp \u00e0 rester , \u00a0et \u00e0 agir.\u00a0, a-t-il dit. Le pr\u00e9sident des JEM, Ambroise M\u00e9jean, a annonc\u00e9 samedi le changement de nom de cette formation cr\u00e9\u00e9e il y a dix ans, se disant convaincu que . , a affirm\u00e9 dans un entretien au celui qui va laisser sa place \u00e0 la fin de septembre. , a expliqu\u00e9 M.\u00a0M\u00e9jean. , a-t-il insist\u00e9. Le Monde avec AFP S\u2019abonner Contribuer","breadcrumb":{"@id":"https:\/\/vof-news.eu\/fr\/gabriel-attal-annonce-vouloir-proposer-un-chemin-aux-francais-pour-lelection-presidentielle-de-2027\/#breadcrumb"},"inLanguage":"fr-FR","potentialAction":[{"@type":"ReadAction","target":["https:\/\/vof-news.eu\/fr\/gabriel-attal-annonce-vouloir-proposer-un-chemin-aux-francais-pour-lelection-presidentielle-de-2027\/"]}]},{"@type":"ImageObject","inLanguage":"fr-FR","@id":"https:\/\/vof-news.eu\/fr\/gabriel-attal-annonce-vouloir-proposer-un-chemin-aux-francais-pour-lelection-presidentielle-de-2027\/#primaryimage","url":"https:\/\/vof-news.eu\/wp-content\/uploads\/2025\/07\/339cac0_sirius-fs-upload-1-gb5wr90wpqsj-1743960048978-617170.jpg","contentUrl":"https:\/\/vof-news.eu\/wp-content\/uploads\/2025\/07\/339cac0_sirius-fs-upload-1-gb5wr90wpqsj-1743960048978-617170.jpg","width":664,"height":443},{"@type":"BreadcrumbList","@id":"https:\/\/vof-news.eu\/fr\/gabriel-attal-annonce-vouloir-proposer-un-chemin-aux-francais-pour-lelection-presidentielle-de-2027\/#breadcrumb","itemListElement":[{"@type":"ListItem","position":1,"name":"Home","item":"https:\/\/vof-news.eu\/fr\/"},{"@type":"ListItem","position":2,"name":"Gabriel Attal annonce vouloir \u00ab\u00a0proposer un\u00a0chemin\u00a0\u00bb aux Fran\u00e7ais pour l\u2019\u00e9lection pr\u00e9sidentielle de\u00a02027"}]},{"@type":"WebSite","@id":"https:\/\/vof-news.eu\/fr\/#website","url":"https:\/\/vof-news.eu\/fr\/","name":"vof-news.eu","description":"","potentialAction":[{"@type":"SearchAction","target":{"@type":"EntryPoint","urlTemplate":"https:\/\/vof-news.eu\/fr\/?s={search_term_string}"},"query-input":"required name=search_term_string"}],"inLanguage":"fr-FR"},{"@type":"Person","@id":"https:\/\/vof-news.eu\/fr\/#\/schema\/person\/f6a2a4309f0561835797fd8c19b333ed","name":"Author","image":{"@type":"ImageObject","inLanguage":"fr-FR","@id":"https:\/\/vof-news.eu\/fr\/#\/schema\/person\/image\/","url":"https:\/\/secure.gravatar.com\/avatar\/b67e614b1b25b3e9c0c239efdd2fde5ab015b5affd6f1c3c85911ca4b384e790?s=96&d=mm&r=g","contentUrl":"https:\/\/secure.gravatar.com\/avatar\/b67e614b1b25b3e9c0c239efdd2fde5ab015b5affd6f1c3c85911ca4b384e790?s=96&d=mm&r=g","caption":"Author"},"sameAs":["http:\/\/vof-news.eu"],"url":"https:\/\/vof-news.eu\/fr\/author\/zwt6qxnjulxbnyg\/"}]}},"yoast_meta":{"yoast_wpseo_title":"","yoast_wpseo_metadesc":"","yoast_wpseo_canonical":""},"_links":{"self":[{"href":"https:\/\/vof-news.eu\/fr\/wp-json\/wp\/v2\/posts\/247877","targetHints":{"allow":["GET"]}}],"collection":[{"href":"https:\/\/vof-news.eu\/fr\/wp-json\/wp\/v2\/posts"}],"about":[{"href":"https:\/\/vof-news.eu\/fr\/wp-json\/wp\/v2\/types\/post"}],"author":[{"embeddable":true,"href":"https:\/\/vof-news.eu\/fr\/wp-json\/wp\/v2\/users\/1"}],"replies":[{"embeddable":true,"href":"https:\/\/vof-news.eu\/fr\/wp-json\/wp\/v2\/comments?post=247877"}],"version-history":[{"count":1,"href":"https:\/\/vof-news.eu\/fr\/wp-json\/wp\/v2\/posts\/247877\/revisions"}],"predecessor-version":[{"id":247884,"href":"https:\/\/vof-news.eu\/fr\/wp-json\/wp\/v2\/posts\/247877\/revisions\/247884"}],"wp:featuredmedia":[{"embeddable":true,"href":"https:\/\/vof-news.eu\/fr\/wp-json\/wp\/v2\/media\/247878"}],"wp:attachment":[{"href":"https:\/\/vof-news.eu\/fr\/wp-json\/wp\/v2\/media?parent=247877"}],"wp:term":[{"taxonomy":"category","embeddable":true,"href":"https:\/\/vof-news.eu\/fr\/wp-json\/wp\/v2\/categories?post=247877"},{"taxonomy":"post_tag","embeddable":true,"href":"https:\/\/vof-news.eu\/fr\/wp-json\/wp\/v2\/tags?post=247877"}],"curies":[{"name":"wp","href":"https:\/\/api.w.org\/{rel}","templated":true}]}}