{"id":247789,"date":"2025-07-05T17:31:27","date_gmt":"2025-07-05T14:31:27","guid":{"rendered":"https:\/\/vof-news.eu\/mexico-aimante-les-artistes-et-les-galeristes-francais\/"},"modified":"2025-07-05T17:32:08","modified_gmt":"2025-07-05T14:32:08","slug":"mexico-aimante-les-artistes-et-les-galeristes-francais","status":"publish","type":"post","link":"https:\/\/vof-news.eu\/fr\/mexico-aimante-les-artistes-et-les-galeristes-francais\/","title":{"rendered":"Mexico aimante les artistes et les galeristes fran\u00e7ais"},"content":{"rendered":"<article>\n<p>Mexico bouillonnant. Mexico underground. Mexico, capitale des possibles. Trente ans que les artistes et les professionnels du monde entier y convergent, dans le sillage du <a href=\"https:\/\/www.lemonde.fr\/m-le-mag\/article\/2021\/06\/02\/francis-alys-poete-itinerant_6082468_4500055.html\" rel=\"nofollow\">Belge Francis Al\u00ffs<\/a> et de la Britannique Melanie Smith, tous fascin\u00e9s par sa beaut\u00e9 et sa laideur, ses mus\u00e9es et ses tripots. Le curateur fran\u00e7ais Michel Blancsub\u00e9, qui s\u2019y est install\u00e9 en\u00a02001, ne minore pas la violence end\u00e9mique qui gangr\u00e8ne le pays. En mai, la secr\u00e9taire de la maire de la capitale et un conseiller ont \u00e9t\u00e9 assassin\u00e9s en pleine rue.<\/p>\n<p>, reconna\u00eet ce sp\u00e9cialiste d\u2019Artaud.  Plus d\u2019espace tout court, d\u2019ailleurs., \u00e9num\u00e8re Tatiana Cuevas Guevara, directrice du Mus\u00e9e universitaire d\u2019art contemporain de la ville (MUAC).<\/p>\n<p><a href=\"https:\/\/www.lemonde.fr\/culture\/article\/2024\/07\/21\/avec-descente-au-paradis-a-montpellier-l-artiste-kader-attia-seme-les-indices-et-les-arguments_6254700_3246.html\" rel=\"nofollow\">Kader Attia<\/a>, qui vient tout juste d\u2019y exposer, s\u2019est rendu pour la premi\u00e8re fois \u00e0 Mexico au d\u00e9but des ann\u00e9es 1990. , relate-t-il.  Depuis, l\u2019hispanophone ne rate pas une occasion d\u2019y retourner, fascin\u00e9 par <\/p>\n<p><strong>Il vous reste 74.83% de cet article \u00e0 lire. La suite est r\u00e9serv\u00e9e aux abonn\u00e9s.<\/strong><\/p>\n<\/article>\n","protected":false},"excerpt":{"rendered":"<p>Mexico bouillonnant. Mexico underground. Mexico, capitale des possibles. Trente ans que les artistes et les professionnels du monde entier y convergent, dans le sillage du Belge Francis Al\u00ffs et de la Britannique Melanie Smith, tous fascin\u00e9s par sa beaut\u00e9 et sa laideur, ses mus\u00e9es et ses tripots. Le curateur fran\u00e7ais Michel Blancsub\u00e9, qui s\u2019y est<\/p>\n","protected":false},"author":1,"featured_media":247790,"comment_status":"open","ping_status":"open","sticky":false,"template":"","format":"standard","meta":{"footnotes":""},"categories":[63],"tags":[],"class_list":["post-247789","post","type-post","status-publish","format-standard","has-post-thumbnail","hentry","category-culture-fr"],"acf":[],"yoast_head":"<!-- This site is optimized with the Yoast SEO plugin v22.9 - https:\/\/yoast.com\/wordpress\/plugins\/seo\/ -->\n<title>Mexico aimante les artistes et les galeristes fran\u00e7ais - vof-news.eu<\/title>\n<meta name=\"description\" content=\"Mexico bouillonnant. Mexico underground. Mexico, capitale des possibles. Trente ans que les artistes et les professionnels du monde entier y convergent, dans le sillage du Belge Francis Al\u00ffs et de la Britannique Melanie Smith, tous fascin\u00e9s par sa beaut\u00e9 et sa laideur, ses mus\u00e9es et ses tripots. Le curateur fran\u00e7ais Michel Blancsub\u00e9, qui s\u2019y est install\u00e9 en\u00a02001, ne minore pas la violence end\u00e9mique qui gangr\u00e8ne le pays. En mai, la secr\u00e9taire de la maire de la capitale et un conseiller ont \u00e9t\u00e9 assassin\u00e9s en pleine rue. , reconna\u00eet ce sp\u00e9cialiste d\u2019Artaud. Plus d\u2019espace tout court, d\u2019ailleurs., \u00e9num\u00e8re Tatiana Cuevas Guevara, directrice du Mus\u00e9e universitaire d\u2019art contemporain de la ville (MUAC). Kader Attia, qui vient tout juste d\u2019y exposer, s\u2019est rendu pour la premi\u00e8re fois \u00e0 Mexico au d\u00e9but des ann\u00e9es 1990. , relate-t-il. Depuis, l\u2019hispanophone ne rate pas une occasion d\u2019y retourner, fascin\u00e9 par Il vous reste 74.83% de cet article \u00e0 lire. La suite est r\u00e9serv\u00e9e aux abonn\u00e9s.\" \/>\n<meta name=\"robots\" content=\"noindex, follow, max-snippet:-1, max-image-preview:large, max-video-preview:-1\" \/>\n<meta property=\"og:locale\" content=\"fr_FR\" \/>\n<meta property=\"og:type\" content=\"article\" \/>\n<meta property=\"og:title\" content=\"Mexico aimante les artistes et les galeristes fran\u00e7ais - vof-news.eu\" \/>\n<meta property=\"og:description\" content=\"Mexico bouillonnant. Mexico underground. Mexico, capitale des possibles. Trente ans que les artistes et les professionnels du monde entier y convergent, dans le sillage du Belge Francis Al\u00ffs et de la Britannique Melanie Smith, tous fascin\u00e9s par sa beaut\u00e9 et sa laideur, ses mus\u00e9es et ses tripots. Le curateur fran\u00e7ais Michel Blancsub\u00e9, qui s\u2019y est install\u00e9 en\u00a02001, ne minore pas la violence end\u00e9mique qui gangr\u00e8ne le pays. En mai, la secr\u00e9taire de la maire de la capitale et un conseiller ont \u00e9t\u00e9 assassin\u00e9s en pleine rue. , reconna\u00eet ce sp\u00e9cialiste d\u2019Artaud. Plus d\u2019espace tout court, d\u2019ailleurs., \u00e9num\u00e8re Tatiana Cuevas Guevara, directrice du Mus\u00e9e universitaire d\u2019art contemporain de la ville (MUAC). Kader Attia, qui vient tout juste d\u2019y exposer, s\u2019est rendu pour la premi\u00e8re fois \u00e0 Mexico au d\u00e9but des ann\u00e9es 1990. , relate-t-il. Depuis, l\u2019hispanophone ne rate pas une occasion d\u2019y retourner, fascin\u00e9 par Il vous reste 74.83% de cet article \u00e0 lire. La suite est r\u00e9serv\u00e9e aux abonn\u00e9s.\" \/>\n<meta property=\"og:url\" content=\"https:\/\/vof-news.eu\/fr\/mexico-aimante-les-artistes-et-les-galeristes-francais\/\" \/>\n<meta property=\"og:site_name\" content=\"vof-news.eu\" \/>\n<meta property=\"article:published_time\" content=\"2025-07-05T14:31:27+00:00\" \/>\n<meta property=\"article:modified_time\" content=\"2025-07-05T14:32:08+00:00\" \/>\n<meta property=\"og:image\" content=\"https:\/\/vof-news.eu\/wp-content\/uploads\/2025\/07\/5294d34_upload-1-jt2sjvveqkwl-installation-image-of-maii-mouna-guerresi-a-ishah-los-caminos-del-alma-2025-photo-by-ramiro-chaves-courtesy-of-the-artist-and-mariane-ibrahim-002.jpg\" \/>\n\t<meta property=\"og:image:width\" content=\"664\" \/>\n\t<meta property=\"og:image:height\" content=\"443\" \/>\n\t<meta property=\"og:image:type\" content=\"image\/jpeg\" \/>\n<meta name=\"author\" content=\"Author\" \/>\n<meta name=\"twitter:card\" content=\"summary_large_image\" \/>\n<meta name=\"twitter:label1\" content=\"\u00c9crit par\" \/>\n\t<meta name=\"twitter:data1\" content=\"Author\" \/>\n\t<meta name=\"twitter:label2\" content=\"Dur\u00e9e de lecture estim\u00e9e\" \/>\n\t<meta name=\"twitter:data2\" content=\"1 minute\" \/>\n<script type=\"application\/ld+json\" class=\"yoast-schema-graph\">{\"@context\":\"https:\/\/schema.org\",\"@graph\":[{\"@type\":\"WebPage\",\"@id\":\"https:\/\/vof-news.eu\/fr\/mexico-aimante-les-artistes-et-les-galeristes-francais\/\",\"url\":\"https:\/\/vof-news.eu\/fr\/mexico-aimante-les-artistes-et-les-galeristes-francais\/\",\"name\":\"Mexico aimante les artistes et les galeristes fran\u00e7ais - vof-news.eu\",\"isPartOf\":{\"@id\":\"https:\/\/vof-news.eu\/fr\/#website\"},\"primaryImageOfPage\":{\"@id\":\"https:\/\/vof-news.eu\/fr\/mexico-aimante-les-artistes-et-les-galeristes-francais\/#primaryimage\"},\"image\":{\"@id\":\"https:\/\/vof-news.eu\/fr\/mexico-aimante-les-artistes-et-les-galeristes-francais\/#primaryimage\"},\"thumbnailUrl\":\"https:\/\/vof-news.eu\/wp-content\/uploads\/2025\/07\/5294d34_upload-1-jt2sjvveqkwl-installation-image-of-maii-mouna-guerresi-a-ishah-los-caminos-del-alma-2025-photo-by-ramiro-chaves-courtesy-of-the-artist-and-mariane-ibrahim-002.jpg\",\"datePublished\":\"2025-07-05T14:31:27+00:00\",\"dateModified\":\"2025-07-05T14:32:08+00:00\",\"author\":{\"@id\":\"https:\/\/vof-news.eu\/fr\/#\/schema\/person\/f6a2a4309f0561835797fd8c19b333ed\"},\"description\":\"Mexico bouillonnant. Mexico underground. Mexico, capitale des possibles. Trente ans que les artistes et les professionnels du monde entier y convergent, dans le sillage du Belge Francis Al\u00ffs et de la Britannique Melanie Smith, tous fascin\u00e9s par sa beaut\u00e9 et sa laideur, ses mus\u00e9es et ses tripots. Le curateur fran\u00e7ais Michel Blancsub\u00e9, qui s\u2019y est install\u00e9 en\u00a02001, ne minore pas la violence end\u00e9mique qui gangr\u00e8ne le pays. En mai, la secr\u00e9taire de la maire de la capitale et un conseiller ont \u00e9t\u00e9 assassin\u00e9s en pleine rue. , reconna\u00eet ce sp\u00e9cialiste d\u2019Artaud. Plus d\u2019espace tout court, d\u2019ailleurs., \u00e9num\u00e8re Tatiana Cuevas Guevara, directrice du Mus\u00e9e universitaire d\u2019art contemporain de la ville (MUAC). Kader Attia, qui vient tout juste d\u2019y exposer, s\u2019est rendu pour la premi\u00e8re fois \u00e0 Mexico au d\u00e9but des ann\u00e9es 1990. , relate-t-il. Depuis, l\u2019hispanophone ne rate pas une occasion d\u2019y retourner, fascin\u00e9 par Il vous reste 74.83% de cet article \u00e0 lire. La suite est r\u00e9serv\u00e9e aux abonn\u00e9s.\",\"breadcrumb\":{\"@id\":\"https:\/\/vof-news.eu\/fr\/mexico-aimante-les-artistes-et-les-galeristes-francais\/#breadcrumb\"},\"inLanguage\":\"fr-FR\",\"potentialAction\":[{\"@type\":\"ReadAction\",\"target\":[\"https:\/\/vof-news.eu\/fr\/mexico-aimante-les-artistes-et-les-galeristes-francais\/\"]}]},{\"@type\":\"ImageObject\",\"inLanguage\":\"fr-FR\",\"@id\":\"https:\/\/vof-news.eu\/fr\/mexico-aimante-les-artistes-et-les-galeristes-francais\/#primaryimage\",\"url\":\"https:\/\/vof-news.eu\/wp-content\/uploads\/2025\/07\/5294d34_upload-1-jt2sjvveqkwl-installation-image-of-maii-mouna-guerresi-a-ishah-los-caminos-del-alma-2025-photo-by-ramiro-chaves-courtesy-of-the-artist-and-mariane-ibrahim-002.jpg\",\"contentUrl\":\"https:\/\/vof-news.eu\/wp-content\/uploads\/2025\/07\/5294d34_upload-1-jt2sjvveqkwl-installation-image-of-maii-mouna-guerresi-a-ishah-los-caminos-del-alma-2025-photo-by-ramiro-chaves-courtesy-of-the-artist-and-mariane-ibrahim-002.jpg\",\"width\":664,\"height\":443},{\"@type\":\"BreadcrumbList\",\"@id\":\"https:\/\/vof-news.eu\/fr\/mexico-aimante-les-artistes-et-les-galeristes-francais\/#breadcrumb\",\"itemListElement\":[{\"@type\":\"ListItem\",\"position\":1,\"name\":\"Home\",\"item\":\"https:\/\/vof-news.eu\/fr\/\"},{\"@type\":\"ListItem\",\"position\":2,\"name\":\"Mexico aimante les artistes et les galeristes fran\u00e7ais\"}]},{\"@type\":\"WebSite\",\"@id\":\"https:\/\/vof-news.eu\/fr\/#website\",\"url\":\"https:\/\/vof-news.eu\/fr\/\",\"name\":\"vof-news.eu\",\"description\":\"\",\"potentialAction\":[{\"@type\":\"SearchAction\",\"target\":{\"@type\":\"EntryPoint\",\"urlTemplate\":\"https:\/\/vof-news.eu\/fr\/?s={search_term_string}\"},\"query-input\":\"required name=search_term_string\"}],\"inLanguage\":\"fr-FR\"},{\"@type\":\"Person\",\"@id\":\"https:\/\/vof-news.eu\/fr\/#\/schema\/person\/f6a2a4309f0561835797fd8c19b333ed\",\"name\":\"Author\",\"image\":{\"@type\":\"ImageObject\",\"inLanguage\":\"fr-FR\",\"@id\":\"https:\/\/vof-news.eu\/fr\/#\/schema\/person\/image\/\",\"url\":\"https:\/\/secure.gravatar.com\/avatar\/b67e614b1b25b3e9c0c239efdd2fde5ab015b5affd6f1c3c85911ca4b384e790?s=96&d=mm&r=g\",\"contentUrl\":\"https:\/\/secure.gravatar.com\/avatar\/b67e614b1b25b3e9c0c239efdd2fde5ab015b5affd6f1c3c85911ca4b384e790?s=96&d=mm&r=g\",\"caption\":\"Author\"},\"sameAs\":[\"http:\/\/vof-news.eu\"],\"url\":\"https:\/\/vof-news.eu\/fr\/author\/zwt6qxnjulxbnyg\/\"}]}<\/script>\n<!-- \/ Yoast SEO plugin. -->","yoast_head_json":{"title":"Mexico aimante les artistes et les galeristes fran\u00e7ais - vof-news.eu","description":"Mexico bouillonnant. Mexico underground. Mexico, capitale des possibles. Trente ans que les artistes et les professionnels du monde entier y convergent, dans le sillage du Belge Francis Al\u00ffs et de la Britannique Melanie Smith, tous fascin\u00e9s par sa beaut\u00e9 et sa laideur, ses mus\u00e9es et ses tripots. Le curateur fran\u00e7ais Michel Blancsub\u00e9, qui s\u2019y est install\u00e9 en\u00a02001, ne minore pas la violence end\u00e9mique qui gangr\u00e8ne le pays. En mai, la secr\u00e9taire de la maire de la capitale et un conseiller ont \u00e9t\u00e9 assassin\u00e9s en pleine rue. , reconna\u00eet ce sp\u00e9cialiste d\u2019Artaud. Plus d\u2019espace tout court, d\u2019ailleurs., \u00e9num\u00e8re Tatiana Cuevas Guevara, directrice du Mus\u00e9e universitaire d\u2019art contemporain de la ville (MUAC). Kader Attia, qui vient tout juste d\u2019y exposer, s\u2019est rendu pour la premi\u00e8re fois \u00e0 Mexico au d\u00e9but des ann\u00e9es 1990. , relate-t-il. Depuis, l\u2019hispanophone ne rate pas une occasion d\u2019y retourner, fascin\u00e9 par Il vous reste 74.83% de cet article \u00e0 lire. La suite est r\u00e9serv\u00e9e aux abonn\u00e9s.","robots":{"index":"noindex","follow":"follow","max-snippet":"max-snippet:-1","max-image-preview":"max-image-preview:large","max-video-preview":"max-video-preview:-1"},"og_locale":"fr_FR","og_type":"article","og_title":"Mexico aimante les artistes et les galeristes fran\u00e7ais - vof-news.eu","og_description":"Mexico bouillonnant. Mexico underground. Mexico, capitale des possibles. Trente ans que les artistes et les professionnels du monde entier y convergent, dans le sillage du Belge Francis Al\u00ffs et de la Britannique Melanie Smith, tous fascin\u00e9s par sa beaut\u00e9 et sa laideur, ses mus\u00e9es et ses tripots. Le curateur fran\u00e7ais Michel Blancsub\u00e9, qui s\u2019y est install\u00e9 en\u00a02001, ne minore pas la violence end\u00e9mique qui gangr\u00e8ne le pays. En mai, la secr\u00e9taire de la maire de la capitale et un conseiller ont \u00e9t\u00e9 assassin\u00e9s en pleine rue. , reconna\u00eet ce sp\u00e9cialiste d\u2019Artaud. Plus d\u2019espace tout court, d\u2019ailleurs., \u00e9num\u00e8re Tatiana Cuevas Guevara, directrice du Mus\u00e9e universitaire d\u2019art contemporain de la ville (MUAC). Kader Attia, qui vient tout juste d\u2019y exposer, s\u2019est rendu pour la premi\u00e8re fois \u00e0 Mexico au d\u00e9but des ann\u00e9es 1990. , relate-t-il. Depuis, l\u2019hispanophone ne rate pas une occasion d\u2019y retourner, fascin\u00e9 par Il vous reste 74.83% de cet article \u00e0 lire. La suite est r\u00e9serv\u00e9e aux abonn\u00e9s.","og_url":"https:\/\/vof-news.eu\/fr\/mexico-aimante-les-artistes-et-les-galeristes-francais\/","og_site_name":"vof-news.eu","article_published_time":"2025-07-05T14:31:27+00:00","article_modified_time":"2025-07-05T14:32:08+00:00","og_image":[{"width":664,"height":443,"url":"https:\/\/vof-news.eu\/wp-content\/uploads\/2025\/07\/5294d34_upload-1-jt2sjvveqkwl-installation-image-of-maii-mouna-guerresi-a-ishah-los-caminos-del-alma-2025-photo-by-ramiro-chaves-courtesy-of-the-artist-and-mariane-ibrahim-002.jpg","type":"image\/jpeg"}],"author":"Author","twitter_card":"summary_large_image","twitter_misc":{"\u00c9crit par":"Author","Dur\u00e9e de lecture estim\u00e9e":"1 minute"},"schema":{"@context":"https:\/\/schema.org","@graph":[{"@type":"WebPage","@id":"https:\/\/vof-news.eu\/fr\/mexico-aimante-les-artistes-et-les-galeristes-francais\/","url":"https:\/\/vof-news.eu\/fr\/mexico-aimante-les-artistes-et-les-galeristes-francais\/","name":"Mexico aimante les artistes et les galeristes fran\u00e7ais - vof-news.eu","isPartOf":{"@id":"https:\/\/vof-news.eu\/fr\/#website"},"primaryImageOfPage":{"@id":"https:\/\/vof-news.eu\/fr\/mexico-aimante-les-artistes-et-les-galeristes-francais\/#primaryimage"},"image":{"@id":"https:\/\/vof-news.eu\/fr\/mexico-aimante-les-artistes-et-les-galeristes-francais\/#primaryimage"},"thumbnailUrl":"https:\/\/vof-news.eu\/wp-content\/uploads\/2025\/07\/5294d34_upload-1-jt2sjvveqkwl-installation-image-of-maii-mouna-guerresi-a-ishah-los-caminos-del-alma-2025-photo-by-ramiro-chaves-courtesy-of-the-artist-and-mariane-ibrahim-002.jpg","datePublished":"2025-07-05T14:31:27+00:00","dateModified":"2025-07-05T14:32:08+00:00","author":{"@id":"https:\/\/vof-news.eu\/fr\/#\/schema\/person\/f6a2a4309f0561835797fd8c19b333ed"},"description":"Mexico bouillonnant. Mexico underground. Mexico, capitale des possibles. Trente ans que les artistes et les professionnels du monde entier y convergent, dans le sillage du Belge Francis Al\u00ffs et de la Britannique Melanie Smith, tous fascin\u00e9s par sa beaut\u00e9 et sa laideur, ses mus\u00e9es et ses tripots. Le curateur fran\u00e7ais Michel Blancsub\u00e9, qui s\u2019y est install\u00e9 en\u00a02001, ne minore pas la violence end\u00e9mique qui gangr\u00e8ne le pays. En mai, la secr\u00e9taire de la maire de la capitale et un conseiller ont \u00e9t\u00e9 assassin\u00e9s en pleine rue. , reconna\u00eet ce sp\u00e9cialiste d\u2019Artaud. Plus d\u2019espace tout court, d\u2019ailleurs., \u00e9num\u00e8re Tatiana Cuevas Guevara, directrice du Mus\u00e9e universitaire d\u2019art contemporain de la ville (MUAC). Kader Attia, qui vient tout juste d\u2019y exposer, s\u2019est rendu pour la premi\u00e8re fois \u00e0 Mexico au d\u00e9but des ann\u00e9es 1990. , relate-t-il. Depuis, l\u2019hispanophone ne rate pas une occasion d\u2019y retourner, fascin\u00e9 par Il vous reste 74.83% de cet article \u00e0 lire. La suite est r\u00e9serv\u00e9e aux abonn\u00e9s.","breadcrumb":{"@id":"https:\/\/vof-news.eu\/fr\/mexico-aimante-les-artistes-et-les-galeristes-francais\/#breadcrumb"},"inLanguage":"fr-FR","potentialAction":[{"@type":"ReadAction","target":["https:\/\/vof-news.eu\/fr\/mexico-aimante-les-artistes-et-les-galeristes-francais\/"]}]},{"@type":"ImageObject","inLanguage":"fr-FR","@id":"https:\/\/vof-news.eu\/fr\/mexico-aimante-les-artistes-et-les-galeristes-francais\/#primaryimage","url":"https:\/\/vof-news.eu\/wp-content\/uploads\/2025\/07\/5294d34_upload-1-jt2sjvveqkwl-installation-image-of-maii-mouna-guerresi-a-ishah-los-caminos-del-alma-2025-photo-by-ramiro-chaves-courtesy-of-the-artist-and-mariane-ibrahim-002.jpg","contentUrl":"https:\/\/vof-news.eu\/wp-content\/uploads\/2025\/07\/5294d34_upload-1-jt2sjvveqkwl-installation-image-of-maii-mouna-guerresi-a-ishah-los-caminos-del-alma-2025-photo-by-ramiro-chaves-courtesy-of-the-artist-and-mariane-ibrahim-002.jpg","width":664,"height":443},{"@type":"BreadcrumbList","@id":"https:\/\/vof-news.eu\/fr\/mexico-aimante-les-artistes-et-les-galeristes-francais\/#breadcrumb","itemListElement":[{"@type":"ListItem","position":1,"name":"Home","item":"https:\/\/vof-news.eu\/fr\/"},{"@type":"ListItem","position":2,"name":"Mexico aimante les artistes et les galeristes fran\u00e7ais"}]},{"@type":"WebSite","@id":"https:\/\/vof-news.eu\/fr\/#website","url":"https:\/\/vof-news.eu\/fr\/","name":"vof-news.eu","description":"","potentialAction":[{"@type":"SearchAction","target":{"@type":"EntryPoint","urlTemplate":"https:\/\/vof-news.eu\/fr\/?s={search_term_string}"},"query-input":"required name=search_term_string"}],"inLanguage":"fr-FR"},{"@type":"Person","@id":"https:\/\/vof-news.eu\/fr\/#\/schema\/person\/f6a2a4309f0561835797fd8c19b333ed","name":"Author","image":{"@type":"ImageObject","inLanguage":"fr-FR","@id":"https:\/\/vof-news.eu\/fr\/#\/schema\/person\/image\/","url":"https:\/\/secure.gravatar.com\/avatar\/b67e614b1b25b3e9c0c239efdd2fde5ab015b5affd6f1c3c85911ca4b384e790?s=96&d=mm&r=g","contentUrl":"https:\/\/secure.gravatar.com\/avatar\/b67e614b1b25b3e9c0c239efdd2fde5ab015b5affd6f1c3c85911ca4b384e790?s=96&d=mm&r=g","caption":"Author"},"sameAs":["http:\/\/vof-news.eu"],"url":"https:\/\/vof-news.eu\/fr\/author\/zwt6qxnjulxbnyg\/"}]}},"yoast_meta":{"yoast_wpseo_title":"","yoast_wpseo_metadesc":"","yoast_wpseo_canonical":""},"_links":{"self":[{"href":"https:\/\/vof-news.eu\/fr\/wp-json\/wp\/v2\/posts\/247789","targetHints":{"allow":["GET"]}}],"collection":[{"href":"https:\/\/vof-news.eu\/fr\/wp-json\/wp\/v2\/posts"}],"about":[{"href":"https:\/\/vof-news.eu\/fr\/wp-json\/wp\/v2\/types\/post"}],"author":[{"embeddable":true,"href":"https:\/\/vof-news.eu\/fr\/wp-json\/wp\/v2\/users\/1"}],"replies":[{"embeddable":true,"href":"https:\/\/vof-news.eu\/fr\/wp-json\/wp\/v2\/comments?post=247789"}],"version-history":[{"count":1,"href":"https:\/\/vof-news.eu\/fr\/wp-json\/wp\/v2\/posts\/247789\/revisions"}],"predecessor-version":[{"id":247796,"href":"https:\/\/vof-news.eu\/fr\/wp-json\/wp\/v2\/posts\/247789\/revisions\/247796"}],"wp:featuredmedia":[{"embeddable":true,"href":"https:\/\/vof-news.eu\/fr\/wp-json\/wp\/v2\/media\/247790"}],"wp:attachment":[{"href":"https:\/\/vof-news.eu\/fr\/wp-json\/wp\/v2\/media?parent=247789"}],"wp:term":[{"taxonomy":"category","embeddable":true,"href":"https:\/\/vof-news.eu\/fr\/wp-json\/wp\/v2\/categories?post=247789"},{"taxonomy":"post_tag","embeddable":true,"href":"https:\/\/vof-news.eu\/fr\/wp-json\/wp\/v2\/tags?post=247789"}],"curies":[{"name":"wp","href":"https:\/\/api.w.org\/{rel}","templated":true}]}}