{"id":247757,"date":"2025-07-05T15:33:13","date_gmt":"2025-07-05T12:33:13","guid":{"rendered":"https:\/\/vof-news.eu\/festival-daix-pour-sivan-eldar-la-composition-commence-par-lecoute\/"},"modified":"2025-07-05T15:33:25","modified_gmt":"2025-07-05T12:33:25","slug":"festival-daix-pour-sivan-eldar-la-composition-commence-par-lecoute","status":"publish","type":"post","link":"https:\/\/vof-news.eu\/fr\/festival-daix-pour-sivan-eldar-la-composition-commence-par-lecoute\/","title":{"rendered":"Festival d\u2019Aix\u00a0: pour Sivan Eldar, la composition commence par l\u2019\u00e9coute"},"content":{"rendered":"<article>\n<p>A 39\u00a0ans, Sivan Eldar est une compositrice qui compte dans le paysage contemporain. Si son nom, garant de cr\u00e9ations \u00e0 la fois intuitives et sophistiqu\u00e9es, est bien connu, son parcours l\u2019est beaucoup moins. On sait qu\u2019elle a obtenu<strong> <\/strong>en\u00a0mai\u00a02016<strong> <\/strong>un doctorat de composition \u00e0 Berkeley (Californie) avec Franck Bedrossian, l\u2019un des trois fondateurs de l\u2019\u00e9cole de la saturation, puis qu\u2019elle a suivi (en\u00a02016-2017) le cursus d\u2019informatique musicale de l\u2019Ircam sous la direction d\u2019Hector Parra, r\u00e9f\u00e9rence dans les relations entre l\u2019instrumental et l\u2019\u00e9lectronique. Mais avant\u00a0? N\u00e9e en Isra\u00ebl, \u00e0 Tel-Aviv, dans une famille d\u2019origine polonaise et syrienne, Sivan Eldar estime r\u00e9sulter d\u2019.Entre l\u2019\u00e2ge de 5\u00a0ans \u2013 o\u00f9 elle commence l\u2019apprentissage du piano \u00e0 Los Angeles \u2013 et de 20\u00a0ans \u2013 quand elle fr\u00e9quente l\u2019universit\u00e9 d\u2019Iqaluit, capitale du Nunavut, un territoire arctique du Canada \u2013, celle qui se sent rapidement \u00e0 l\u2019\u00e9troit, o\u00f9 qu\u2019elle se trouve, va multiplier les sujets d\u2019\u00e9tude. Et brouiller les pistes de son envol artistique.<\/p>\n<h2>Echanges culturels<\/h2>\n<p>De retour \u00e0 Tel-Aviv, apr\u00e8s deux ann\u00e9es pass\u00e9es \u00e0 Los Angeles, elle intensifie sa pratique du piano et s\u2019initie \u00e0 la musique contemporaine. A 15\u00a0ans, elle part, seule, poursuivre sa scolarit\u00e9 au Nouveau-Mexique dans un \u00e9tablissement qui favorise les \u00e9changes culturels. Elle y passe son bac, puis d\u00e9m\u00e9nage \u00e0 Boston o\u00f9 elle est attir\u00e9e par tout ce qui sort de l\u2019ordinaire, au Conservatoire (th\u00e9rapie musicale, ethnomusicologie) et au mus\u00e9e des Beaux-Arts (travail du son \u00e0 l\u2019aide d\u2019un PC). En fait, avec Sivan Eldar, il en va du parcours biographique comme de la ligne musicale, l\u2019essentiel se d\u00e9roule en dessous.<a href=\"https:\/\/www.youtube.com\/watch?v=ogkLHGMsYKI\" rel=\"nofollow\"> Dans un documentaire tourn\u00e9 sur le travail pr\u00e9paratoire \u00e0 son premier op\u00e9ra, <\/a> (2022), on voit la compositrice d\u00e9cortiquer m\u00e9ticuleusement des crevettes\u2026 dans la chambre an\u00e9cho\u00efque de l\u2019Ircam. Pour capter le son de la mati\u00e8re sans peau et pour exp\u00e9rimenter une d\u00e9marche qui lui est ch\u00e8re\u00a0: <\/p>\n<p><strong>Il vous reste 27.68% de cet article \u00e0 lire. La suite est r\u00e9serv\u00e9e aux abonn\u00e9s.<\/strong><\/p>\n<\/article>\n","protected":false},"excerpt":{"rendered":"<p>A 39\u00a0ans, Sivan Eldar est une compositrice qui compte dans le paysage contemporain. Si son nom, garant de cr\u00e9ations \u00e0 la fois intuitives et sophistiqu\u00e9es, est bien connu, son parcours l\u2019est beaucoup moins. On sait qu\u2019elle a obtenu en\u00a0mai\u00a02016 un doctorat de composition \u00e0 Berkeley (Californie) avec Franck Bedrossian, l\u2019un des trois fondateurs de l\u2019\u00e9cole<\/p>\n","protected":false},"author":1,"featured_media":247758,"comment_status":"open","ping_status":"open","sticky":false,"template":"","format":"standard","meta":{"footnotes":""},"categories":[63],"tags":[],"class_list":["post-247757","post","type-post","status-publish","format-standard","has-post-thumbnail","hentry","category-culture-fr"],"acf":[],"yoast_head":"<!-- This site is optimized with the Yoast SEO plugin v22.9 - https:\/\/yoast.com\/wordpress\/plugins\/seo\/ -->\n<title>Festival d\u2019Aix\u00a0: pour Sivan Eldar, la composition commence par l\u2019\u00e9coute - vof-news.eu<\/title>\n<meta name=\"description\" content=\"A 39\u00a0ans, Sivan Eldar est une compositrice qui compte dans le paysage contemporain. Si son nom, garant de cr\u00e9ations \u00e0 la fois intuitives et sophistiqu\u00e9es, est bien connu, son parcours l\u2019est beaucoup moins. On sait qu\u2019elle a obtenu en\u00a0mai\u00a02016 un doctorat de composition \u00e0 Berkeley (Californie) avec Franck Bedrossian, l\u2019un des trois fondateurs de l\u2019\u00e9cole de la saturation, puis qu\u2019elle a suivi (en\u00a02016-2017) le cursus d\u2019informatique musicale de l\u2019Ircam sous la direction d\u2019Hector Parra, r\u00e9f\u00e9rence dans les relations entre l\u2019instrumental et l\u2019\u00e9lectronique. Mais avant\u00a0? N\u00e9e en Isra\u00ebl, \u00e0 Tel-Aviv, dans une famille d\u2019origine polonaise et syrienne, Sivan Eldar estime r\u00e9sulter d\u2019.Entre l\u2019\u00e2ge de 5\u00a0ans \u2013 o\u00f9 elle commence l\u2019apprentissage du piano \u00e0 Los Angeles \u2013 et de 20\u00a0ans \u2013 quand elle fr\u00e9quente l\u2019universit\u00e9 d\u2019Iqaluit, capitale du Nunavut, un territoire arctique du Canada \u2013, celle qui se sent rapidement \u00e0 l\u2019\u00e9troit, o\u00f9 qu\u2019elle se trouve, va multiplier les sujets d\u2019\u00e9tude. Et brouiller les pistes de son envol artistique. Echanges culturels De retour \u00e0 Tel-Aviv, apr\u00e8s deux ann\u00e9es pass\u00e9es \u00e0 Los Angeles, elle intensifie sa pratique du piano et s\u2019initie \u00e0 la musique contemporaine. A 15\u00a0ans, elle part, seule, poursuivre sa scolarit\u00e9 au Nouveau-Mexique dans un \u00e9tablissement qui favorise les \u00e9changes culturels. Elle y passe son bac, puis d\u00e9m\u00e9nage \u00e0 Boston o\u00f9 elle est attir\u00e9e par tout ce qui sort de l\u2019ordinaire, au Conservatoire (th\u00e9rapie musicale, ethnomusicologie) et au mus\u00e9e des Beaux-Arts (travail du son \u00e0 l\u2019aide d\u2019un PC). En fait, avec Sivan Eldar, il en va du parcours biographique comme de la ligne musicale, l\u2019essentiel se d\u00e9roule en dessous. Dans un documentaire tourn\u00e9 sur le travail pr\u00e9paratoire \u00e0 son premier op\u00e9ra, (2022), on voit la compositrice d\u00e9cortiquer m\u00e9ticuleusement des crevettes\u2026 dans la chambre an\u00e9cho\u00efque de l\u2019Ircam. Pour capter le son de la mati\u00e8re sans peau et pour exp\u00e9rimenter une d\u00e9marche qui lui est ch\u00e8re\u00a0: Il vous reste 27.68% de cet article \u00e0 lire. La suite est r\u00e9serv\u00e9e aux abonn\u00e9s.\" \/>\n<meta name=\"robots\" content=\"noindex, follow, max-snippet:-1, max-image-preview:large, max-video-preview:-1\" \/>\n<meta property=\"og:locale\" content=\"fr_FR\" \/>\n<meta property=\"og:type\" content=\"article\" \/>\n<meta property=\"og:title\" content=\"Festival d\u2019Aix\u00a0: pour Sivan Eldar, la composition commence par l\u2019\u00e9coute - vof-news.eu\" \/>\n<meta property=\"og:description\" content=\"A 39\u00a0ans, Sivan Eldar est une compositrice qui compte dans le paysage contemporain. Si son nom, garant de cr\u00e9ations \u00e0 la fois intuitives et sophistiqu\u00e9es, est bien connu, son parcours l\u2019est beaucoup moins. On sait qu\u2019elle a obtenu en\u00a0mai\u00a02016 un doctorat de composition \u00e0 Berkeley (Californie) avec Franck Bedrossian, l\u2019un des trois fondateurs de l\u2019\u00e9cole de la saturation, puis qu\u2019elle a suivi (en\u00a02016-2017) le cursus d\u2019informatique musicale de l\u2019Ircam sous la direction d\u2019Hector Parra, r\u00e9f\u00e9rence dans les relations entre l\u2019instrumental et l\u2019\u00e9lectronique. Mais avant\u00a0? N\u00e9e en Isra\u00ebl, \u00e0 Tel-Aviv, dans une famille d\u2019origine polonaise et syrienne, Sivan Eldar estime r\u00e9sulter d\u2019.Entre l\u2019\u00e2ge de 5\u00a0ans \u2013 o\u00f9 elle commence l\u2019apprentissage du piano \u00e0 Los Angeles \u2013 et de 20\u00a0ans \u2013 quand elle fr\u00e9quente l\u2019universit\u00e9 d\u2019Iqaluit, capitale du Nunavut, un territoire arctique du Canada \u2013, celle qui se sent rapidement \u00e0 l\u2019\u00e9troit, o\u00f9 qu\u2019elle se trouve, va multiplier les sujets d\u2019\u00e9tude. Et brouiller les pistes de son envol artistique. Echanges culturels De retour \u00e0 Tel-Aviv, apr\u00e8s deux ann\u00e9es pass\u00e9es \u00e0 Los Angeles, elle intensifie sa pratique du piano et s\u2019initie \u00e0 la musique contemporaine. A 15\u00a0ans, elle part, seule, poursuivre sa scolarit\u00e9 au Nouveau-Mexique dans un \u00e9tablissement qui favorise les \u00e9changes culturels. Elle y passe son bac, puis d\u00e9m\u00e9nage \u00e0 Boston o\u00f9 elle est attir\u00e9e par tout ce qui sort de l\u2019ordinaire, au Conservatoire (th\u00e9rapie musicale, ethnomusicologie) et au mus\u00e9e des Beaux-Arts (travail du son \u00e0 l\u2019aide d\u2019un PC). En fait, avec Sivan Eldar, il en va du parcours biographique comme de la ligne musicale, l\u2019essentiel se d\u00e9roule en dessous. Dans un documentaire tourn\u00e9 sur le travail pr\u00e9paratoire \u00e0 son premier op\u00e9ra, (2022), on voit la compositrice d\u00e9cortiquer m\u00e9ticuleusement des crevettes\u2026 dans la chambre an\u00e9cho\u00efque de l\u2019Ircam. Pour capter le son de la mati\u00e8re sans peau et pour exp\u00e9rimenter une d\u00e9marche qui lui est ch\u00e8re\u00a0: Il vous reste 27.68% de cet article \u00e0 lire. La suite est r\u00e9serv\u00e9e aux abonn\u00e9s.\" \/>\n<meta property=\"og:url\" content=\"https:\/\/vof-news.eu\/fr\/festival-daix-pour-sivan-eldar-la-composition-commence-par-lecoute\/\" \/>\n<meta property=\"og:site_name\" content=\"vof-news.eu\" \/>\n<meta property=\"article:published_time\" content=\"2025-07-05T12:33:13+00:00\" \/>\n<meta property=\"article:modified_time\" content=\"2025-07-05T12:33:25+00:00\" \/>\n<meta property=\"og:image\" content=\"https:\/\/vof-news.eu\/wp-content\/uploads\/2025\/07\/8463af7_upload-1-tnsjhgdmsxzp-sivan-eldar-a-laura-stevens.jpg\" \/>\n\t<meta property=\"og:image:width\" content=\"664\" \/>\n\t<meta property=\"og:image:height\" content=\"996\" \/>\n\t<meta property=\"og:image:type\" content=\"image\/jpeg\" \/>\n<meta name=\"author\" content=\"Author\" \/>\n<meta name=\"twitter:card\" content=\"summary_large_image\" \/>\n<meta name=\"twitter:label1\" content=\"\u00c9crit par\" \/>\n\t<meta name=\"twitter:data1\" content=\"Author\" \/>\n\t<meta name=\"twitter:label2\" content=\"Dur\u00e9e de lecture estim\u00e9e\" \/>\n\t<meta name=\"twitter:data2\" content=\"2 minutes\" \/>\n<script type=\"application\/ld+json\" class=\"yoast-schema-graph\">{\"@context\":\"https:\/\/schema.org\",\"@graph\":[{\"@type\":\"WebPage\",\"@id\":\"https:\/\/vof-news.eu\/fr\/festival-daix-pour-sivan-eldar-la-composition-commence-par-lecoute\/\",\"url\":\"https:\/\/vof-news.eu\/fr\/festival-daix-pour-sivan-eldar-la-composition-commence-par-lecoute\/\",\"name\":\"Festival d\u2019Aix\u00a0: pour Sivan Eldar, la composition commence par l\u2019\u00e9coute - vof-news.eu\",\"isPartOf\":{\"@id\":\"https:\/\/vof-news.eu\/fr\/#website\"},\"primaryImageOfPage\":{\"@id\":\"https:\/\/vof-news.eu\/fr\/festival-daix-pour-sivan-eldar-la-composition-commence-par-lecoute\/#primaryimage\"},\"image\":{\"@id\":\"https:\/\/vof-news.eu\/fr\/festival-daix-pour-sivan-eldar-la-composition-commence-par-lecoute\/#primaryimage\"},\"thumbnailUrl\":\"https:\/\/vof-news.eu\/wp-content\/uploads\/2025\/07\/8463af7_upload-1-tnsjhgdmsxzp-sivan-eldar-a-laura-stevens.jpg\",\"datePublished\":\"2025-07-05T12:33:13+00:00\",\"dateModified\":\"2025-07-05T12:33:25+00:00\",\"author\":{\"@id\":\"https:\/\/vof-news.eu\/fr\/#\/schema\/person\/f6a2a4309f0561835797fd8c19b333ed\"},\"description\":\"A 39\u00a0ans, Sivan Eldar est une compositrice qui compte dans le paysage contemporain. Si son nom, garant de cr\u00e9ations \u00e0 la fois intuitives et sophistiqu\u00e9es, est bien connu, son parcours l\u2019est beaucoup moins. On sait qu\u2019elle a obtenu en\u00a0mai\u00a02016 un doctorat de composition \u00e0 Berkeley (Californie) avec Franck Bedrossian, l\u2019un des trois fondateurs de l\u2019\u00e9cole de la saturation, puis qu\u2019elle a suivi (en\u00a02016-2017) le cursus d\u2019informatique musicale de l\u2019Ircam sous la direction d\u2019Hector Parra, r\u00e9f\u00e9rence dans les relations entre l\u2019instrumental et l\u2019\u00e9lectronique. Mais avant\u00a0? N\u00e9e en Isra\u00ebl, \u00e0 Tel-Aviv, dans une famille d\u2019origine polonaise et syrienne, Sivan Eldar estime r\u00e9sulter d\u2019.Entre l\u2019\u00e2ge de 5\u00a0ans \u2013 o\u00f9 elle commence l\u2019apprentissage du piano \u00e0 Los Angeles \u2013 et de 20\u00a0ans \u2013 quand elle fr\u00e9quente l\u2019universit\u00e9 d\u2019Iqaluit, capitale du Nunavut, un territoire arctique du Canada \u2013, celle qui se sent rapidement \u00e0 l\u2019\u00e9troit, o\u00f9 qu\u2019elle se trouve, va multiplier les sujets d\u2019\u00e9tude. Et brouiller les pistes de son envol artistique. Echanges culturels De retour \u00e0 Tel-Aviv, apr\u00e8s deux ann\u00e9es pass\u00e9es \u00e0 Los Angeles, elle intensifie sa pratique du piano et s\u2019initie \u00e0 la musique contemporaine. A 15\u00a0ans, elle part, seule, poursuivre sa scolarit\u00e9 au Nouveau-Mexique dans un \u00e9tablissement qui favorise les \u00e9changes culturels. Elle y passe son bac, puis d\u00e9m\u00e9nage \u00e0 Boston o\u00f9 elle est attir\u00e9e par tout ce qui sort de l\u2019ordinaire, au Conservatoire (th\u00e9rapie musicale, ethnomusicologie) et au mus\u00e9e des Beaux-Arts (travail du son \u00e0 l\u2019aide d\u2019un PC). En fait, avec Sivan Eldar, il en va du parcours biographique comme de la ligne musicale, l\u2019essentiel se d\u00e9roule en dessous. Dans un documentaire tourn\u00e9 sur le travail pr\u00e9paratoire \u00e0 son premier op\u00e9ra, (2022), on voit la compositrice d\u00e9cortiquer m\u00e9ticuleusement des crevettes\u2026 dans la chambre an\u00e9cho\u00efque de l\u2019Ircam. Pour capter le son de la mati\u00e8re sans peau et pour exp\u00e9rimenter une d\u00e9marche qui lui est ch\u00e8re\u00a0: Il vous reste 27.68% de cet article \u00e0 lire. La suite est r\u00e9serv\u00e9e aux abonn\u00e9s.\",\"breadcrumb\":{\"@id\":\"https:\/\/vof-news.eu\/fr\/festival-daix-pour-sivan-eldar-la-composition-commence-par-lecoute\/#breadcrumb\"},\"inLanguage\":\"fr-FR\",\"potentialAction\":[{\"@type\":\"ReadAction\",\"target\":[\"https:\/\/vof-news.eu\/fr\/festival-daix-pour-sivan-eldar-la-composition-commence-par-lecoute\/\"]}]},{\"@type\":\"ImageObject\",\"inLanguage\":\"fr-FR\",\"@id\":\"https:\/\/vof-news.eu\/fr\/festival-daix-pour-sivan-eldar-la-composition-commence-par-lecoute\/#primaryimage\",\"url\":\"https:\/\/vof-news.eu\/wp-content\/uploads\/2025\/07\/8463af7_upload-1-tnsjhgdmsxzp-sivan-eldar-a-laura-stevens.jpg\",\"contentUrl\":\"https:\/\/vof-news.eu\/wp-content\/uploads\/2025\/07\/8463af7_upload-1-tnsjhgdmsxzp-sivan-eldar-a-laura-stevens.jpg\",\"width\":664,\"height\":996},{\"@type\":\"BreadcrumbList\",\"@id\":\"https:\/\/vof-news.eu\/fr\/festival-daix-pour-sivan-eldar-la-composition-commence-par-lecoute\/#breadcrumb\",\"itemListElement\":[{\"@type\":\"ListItem\",\"position\":1,\"name\":\"Home\",\"item\":\"https:\/\/vof-news.eu\/fr\/\"},{\"@type\":\"ListItem\",\"position\":2,\"name\":\"Festival d\u2019Aix\u00a0: pour Sivan Eldar, la composition commence par l\u2019\u00e9coute\"}]},{\"@type\":\"WebSite\",\"@id\":\"https:\/\/vof-news.eu\/fr\/#website\",\"url\":\"https:\/\/vof-news.eu\/fr\/\",\"name\":\"vof-news.eu\",\"description\":\"\",\"potentialAction\":[{\"@type\":\"SearchAction\",\"target\":{\"@type\":\"EntryPoint\",\"urlTemplate\":\"https:\/\/vof-news.eu\/fr\/?s={search_term_string}\"},\"query-input\":\"required name=search_term_string\"}],\"inLanguage\":\"fr-FR\"},{\"@type\":\"Person\",\"@id\":\"https:\/\/vof-news.eu\/fr\/#\/schema\/person\/f6a2a4309f0561835797fd8c19b333ed\",\"name\":\"Author\",\"image\":{\"@type\":\"ImageObject\",\"inLanguage\":\"fr-FR\",\"@id\":\"https:\/\/vof-news.eu\/fr\/#\/schema\/person\/image\/\",\"url\":\"https:\/\/secure.gravatar.com\/avatar\/b67e614b1b25b3e9c0c239efdd2fde5ab015b5affd6f1c3c85911ca4b384e790?s=96&d=mm&r=g\",\"contentUrl\":\"https:\/\/secure.gravatar.com\/avatar\/b67e614b1b25b3e9c0c239efdd2fde5ab015b5affd6f1c3c85911ca4b384e790?s=96&d=mm&r=g\",\"caption\":\"Author\"},\"sameAs\":[\"http:\/\/vof-news.eu\"],\"url\":\"https:\/\/vof-news.eu\/fr\/author\/zwt6qxnjulxbnyg\/\"}]}<\/script>\n<!-- \/ Yoast SEO plugin. -->","yoast_head_json":{"title":"Festival d\u2019Aix\u00a0: pour Sivan Eldar, la composition commence par l\u2019\u00e9coute - vof-news.eu","description":"A 39\u00a0ans, Sivan Eldar est une compositrice qui compte dans le paysage contemporain. Si son nom, garant de cr\u00e9ations \u00e0 la fois intuitives et sophistiqu\u00e9es, est bien connu, son parcours l\u2019est beaucoup moins. On sait qu\u2019elle a obtenu en\u00a0mai\u00a02016 un doctorat de composition \u00e0 Berkeley (Californie) avec Franck Bedrossian, l\u2019un des trois fondateurs de l\u2019\u00e9cole de la saturation, puis qu\u2019elle a suivi (en\u00a02016-2017) le cursus d\u2019informatique musicale de l\u2019Ircam sous la direction d\u2019Hector Parra, r\u00e9f\u00e9rence dans les relations entre l\u2019instrumental et l\u2019\u00e9lectronique. Mais avant\u00a0? N\u00e9e en Isra\u00ebl, \u00e0 Tel-Aviv, dans une famille d\u2019origine polonaise et syrienne, Sivan Eldar estime r\u00e9sulter d\u2019.Entre l\u2019\u00e2ge de 5\u00a0ans \u2013 o\u00f9 elle commence l\u2019apprentissage du piano \u00e0 Los Angeles \u2013 et de 20\u00a0ans \u2013 quand elle fr\u00e9quente l\u2019universit\u00e9 d\u2019Iqaluit, capitale du Nunavut, un territoire arctique du Canada \u2013, celle qui se sent rapidement \u00e0 l\u2019\u00e9troit, o\u00f9 qu\u2019elle se trouve, va multiplier les sujets d\u2019\u00e9tude. Et brouiller les pistes de son envol artistique. Echanges culturels De retour \u00e0 Tel-Aviv, apr\u00e8s deux ann\u00e9es pass\u00e9es \u00e0 Los Angeles, elle intensifie sa pratique du piano et s\u2019initie \u00e0 la musique contemporaine. A 15\u00a0ans, elle part, seule, poursuivre sa scolarit\u00e9 au Nouveau-Mexique dans un \u00e9tablissement qui favorise les \u00e9changes culturels. Elle y passe son bac, puis d\u00e9m\u00e9nage \u00e0 Boston o\u00f9 elle est attir\u00e9e par tout ce qui sort de l\u2019ordinaire, au Conservatoire (th\u00e9rapie musicale, ethnomusicologie) et au mus\u00e9e des Beaux-Arts (travail du son \u00e0 l\u2019aide d\u2019un PC). En fait, avec Sivan Eldar, il en va du parcours biographique comme de la ligne musicale, l\u2019essentiel se d\u00e9roule en dessous. Dans un documentaire tourn\u00e9 sur le travail pr\u00e9paratoire \u00e0 son premier op\u00e9ra, (2022), on voit la compositrice d\u00e9cortiquer m\u00e9ticuleusement des crevettes\u2026 dans la chambre an\u00e9cho\u00efque de l\u2019Ircam. Pour capter le son de la mati\u00e8re sans peau et pour exp\u00e9rimenter une d\u00e9marche qui lui est ch\u00e8re\u00a0: Il vous reste 27.68% de cet article \u00e0 lire. La suite est r\u00e9serv\u00e9e aux abonn\u00e9s.","robots":{"index":"noindex","follow":"follow","max-snippet":"max-snippet:-1","max-image-preview":"max-image-preview:large","max-video-preview":"max-video-preview:-1"},"og_locale":"fr_FR","og_type":"article","og_title":"Festival d\u2019Aix\u00a0: pour Sivan Eldar, la composition commence par l\u2019\u00e9coute - vof-news.eu","og_description":"A 39\u00a0ans, Sivan Eldar est une compositrice qui compte dans le paysage contemporain. Si son nom, garant de cr\u00e9ations \u00e0 la fois intuitives et sophistiqu\u00e9es, est bien connu, son parcours l\u2019est beaucoup moins. On sait qu\u2019elle a obtenu en\u00a0mai\u00a02016 un doctorat de composition \u00e0 Berkeley (Californie) avec Franck Bedrossian, l\u2019un des trois fondateurs de l\u2019\u00e9cole de la saturation, puis qu\u2019elle a suivi (en\u00a02016-2017) le cursus d\u2019informatique musicale de l\u2019Ircam sous la direction d\u2019Hector Parra, r\u00e9f\u00e9rence dans les relations entre l\u2019instrumental et l\u2019\u00e9lectronique. Mais avant\u00a0? N\u00e9e en Isra\u00ebl, \u00e0 Tel-Aviv, dans une famille d\u2019origine polonaise et syrienne, Sivan Eldar estime r\u00e9sulter d\u2019.Entre l\u2019\u00e2ge de 5\u00a0ans \u2013 o\u00f9 elle commence l\u2019apprentissage du piano \u00e0 Los Angeles \u2013 et de 20\u00a0ans \u2013 quand elle fr\u00e9quente l\u2019universit\u00e9 d\u2019Iqaluit, capitale du Nunavut, un territoire arctique du Canada \u2013, celle qui se sent rapidement \u00e0 l\u2019\u00e9troit, o\u00f9 qu\u2019elle se trouve, va multiplier les sujets d\u2019\u00e9tude. Et brouiller les pistes de son envol artistique. Echanges culturels De retour \u00e0 Tel-Aviv, apr\u00e8s deux ann\u00e9es pass\u00e9es \u00e0 Los Angeles, elle intensifie sa pratique du piano et s\u2019initie \u00e0 la musique contemporaine. A 15\u00a0ans, elle part, seule, poursuivre sa scolarit\u00e9 au Nouveau-Mexique dans un \u00e9tablissement qui favorise les \u00e9changes culturels. Elle y passe son bac, puis d\u00e9m\u00e9nage \u00e0 Boston o\u00f9 elle est attir\u00e9e par tout ce qui sort de l\u2019ordinaire, au Conservatoire (th\u00e9rapie musicale, ethnomusicologie) et au mus\u00e9e des Beaux-Arts (travail du son \u00e0 l\u2019aide d\u2019un PC). En fait, avec Sivan Eldar, il en va du parcours biographique comme de la ligne musicale, l\u2019essentiel se d\u00e9roule en dessous. Dans un documentaire tourn\u00e9 sur le travail pr\u00e9paratoire \u00e0 son premier op\u00e9ra, (2022), on voit la compositrice d\u00e9cortiquer m\u00e9ticuleusement des crevettes\u2026 dans la chambre an\u00e9cho\u00efque de l\u2019Ircam. Pour capter le son de la mati\u00e8re sans peau et pour exp\u00e9rimenter une d\u00e9marche qui lui est ch\u00e8re\u00a0: Il vous reste 27.68% de cet article \u00e0 lire. La suite est r\u00e9serv\u00e9e aux abonn\u00e9s.","og_url":"https:\/\/vof-news.eu\/fr\/festival-daix-pour-sivan-eldar-la-composition-commence-par-lecoute\/","og_site_name":"vof-news.eu","article_published_time":"2025-07-05T12:33:13+00:00","article_modified_time":"2025-07-05T12:33:25+00:00","og_image":[{"width":664,"height":996,"url":"https:\/\/vof-news.eu\/wp-content\/uploads\/2025\/07\/8463af7_upload-1-tnsjhgdmsxzp-sivan-eldar-a-laura-stevens.jpg","type":"image\/jpeg"}],"author":"Author","twitter_card":"summary_large_image","twitter_misc":{"\u00c9crit par":"Author","Dur\u00e9e de lecture estim\u00e9e":"2 minutes"},"schema":{"@context":"https:\/\/schema.org","@graph":[{"@type":"WebPage","@id":"https:\/\/vof-news.eu\/fr\/festival-daix-pour-sivan-eldar-la-composition-commence-par-lecoute\/","url":"https:\/\/vof-news.eu\/fr\/festival-daix-pour-sivan-eldar-la-composition-commence-par-lecoute\/","name":"Festival d\u2019Aix\u00a0: pour Sivan Eldar, la composition commence par l\u2019\u00e9coute - vof-news.eu","isPartOf":{"@id":"https:\/\/vof-news.eu\/fr\/#website"},"primaryImageOfPage":{"@id":"https:\/\/vof-news.eu\/fr\/festival-daix-pour-sivan-eldar-la-composition-commence-par-lecoute\/#primaryimage"},"image":{"@id":"https:\/\/vof-news.eu\/fr\/festival-daix-pour-sivan-eldar-la-composition-commence-par-lecoute\/#primaryimage"},"thumbnailUrl":"https:\/\/vof-news.eu\/wp-content\/uploads\/2025\/07\/8463af7_upload-1-tnsjhgdmsxzp-sivan-eldar-a-laura-stevens.jpg","datePublished":"2025-07-05T12:33:13+00:00","dateModified":"2025-07-05T12:33:25+00:00","author":{"@id":"https:\/\/vof-news.eu\/fr\/#\/schema\/person\/f6a2a4309f0561835797fd8c19b333ed"},"description":"A 39\u00a0ans, Sivan Eldar est une compositrice qui compte dans le paysage contemporain. Si son nom, garant de cr\u00e9ations \u00e0 la fois intuitives et sophistiqu\u00e9es, est bien connu, son parcours l\u2019est beaucoup moins. On sait qu\u2019elle a obtenu en\u00a0mai\u00a02016 un doctorat de composition \u00e0 Berkeley (Californie) avec Franck Bedrossian, l\u2019un des trois fondateurs de l\u2019\u00e9cole de la saturation, puis qu\u2019elle a suivi (en\u00a02016-2017) le cursus d\u2019informatique musicale de l\u2019Ircam sous la direction d\u2019Hector Parra, r\u00e9f\u00e9rence dans les relations entre l\u2019instrumental et l\u2019\u00e9lectronique. Mais avant\u00a0? N\u00e9e en Isra\u00ebl, \u00e0 Tel-Aviv, dans une famille d\u2019origine polonaise et syrienne, Sivan Eldar estime r\u00e9sulter d\u2019.Entre l\u2019\u00e2ge de 5\u00a0ans \u2013 o\u00f9 elle commence l\u2019apprentissage du piano \u00e0 Los Angeles \u2013 et de 20\u00a0ans \u2013 quand elle fr\u00e9quente l\u2019universit\u00e9 d\u2019Iqaluit, capitale du Nunavut, un territoire arctique du Canada \u2013, celle qui se sent rapidement \u00e0 l\u2019\u00e9troit, o\u00f9 qu\u2019elle se trouve, va multiplier les sujets d\u2019\u00e9tude. Et brouiller les pistes de son envol artistique. Echanges culturels De retour \u00e0 Tel-Aviv, apr\u00e8s deux ann\u00e9es pass\u00e9es \u00e0 Los Angeles, elle intensifie sa pratique du piano et s\u2019initie \u00e0 la musique contemporaine. A 15\u00a0ans, elle part, seule, poursuivre sa scolarit\u00e9 au Nouveau-Mexique dans un \u00e9tablissement qui favorise les \u00e9changes culturels. Elle y passe son bac, puis d\u00e9m\u00e9nage \u00e0 Boston o\u00f9 elle est attir\u00e9e par tout ce qui sort de l\u2019ordinaire, au Conservatoire (th\u00e9rapie musicale, ethnomusicologie) et au mus\u00e9e des Beaux-Arts (travail du son \u00e0 l\u2019aide d\u2019un PC). En fait, avec Sivan Eldar, il en va du parcours biographique comme de la ligne musicale, l\u2019essentiel se d\u00e9roule en dessous. Dans un documentaire tourn\u00e9 sur le travail pr\u00e9paratoire \u00e0 son premier op\u00e9ra, (2022), on voit la compositrice d\u00e9cortiquer m\u00e9ticuleusement des crevettes\u2026 dans la chambre an\u00e9cho\u00efque de l\u2019Ircam. Pour capter le son de la mati\u00e8re sans peau et pour exp\u00e9rimenter une d\u00e9marche qui lui est ch\u00e8re\u00a0: Il vous reste 27.68% de cet article \u00e0 lire. La suite est r\u00e9serv\u00e9e aux abonn\u00e9s.","breadcrumb":{"@id":"https:\/\/vof-news.eu\/fr\/festival-daix-pour-sivan-eldar-la-composition-commence-par-lecoute\/#breadcrumb"},"inLanguage":"fr-FR","potentialAction":[{"@type":"ReadAction","target":["https:\/\/vof-news.eu\/fr\/festival-daix-pour-sivan-eldar-la-composition-commence-par-lecoute\/"]}]},{"@type":"ImageObject","inLanguage":"fr-FR","@id":"https:\/\/vof-news.eu\/fr\/festival-daix-pour-sivan-eldar-la-composition-commence-par-lecoute\/#primaryimage","url":"https:\/\/vof-news.eu\/wp-content\/uploads\/2025\/07\/8463af7_upload-1-tnsjhgdmsxzp-sivan-eldar-a-laura-stevens.jpg","contentUrl":"https:\/\/vof-news.eu\/wp-content\/uploads\/2025\/07\/8463af7_upload-1-tnsjhgdmsxzp-sivan-eldar-a-laura-stevens.jpg","width":664,"height":996},{"@type":"BreadcrumbList","@id":"https:\/\/vof-news.eu\/fr\/festival-daix-pour-sivan-eldar-la-composition-commence-par-lecoute\/#breadcrumb","itemListElement":[{"@type":"ListItem","position":1,"name":"Home","item":"https:\/\/vof-news.eu\/fr\/"},{"@type":"ListItem","position":2,"name":"Festival d\u2019Aix\u00a0: pour Sivan Eldar, la composition commence par l\u2019\u00e9coute"}]},{"@type":"WebSite","@id":"https:\/\/vof-news.eu\/fr\/#website","url":"https:\/\/vof-news.eu\/fr\/","name":"vof-news.eu","description":"","potentialAction":[{"@type":"SearchAction","target":{"@type":"EntryPoint","urlTemplate":"https:\/\/vof-news.eu\/fr\/?s={search_term_string}"},"query-input":"required name=search_term_string"}],"inLanguage":"fr-FR"},{"@type":"Person","@id":"https:\/\/vof-news.eu\/fr\/#\/schema\/person\/f6a2a4309f0561835797fd8c19b333ed","name":"Author","image":{"@type":"ImageObject","inLanguage":"fr-FR","@id":"https:\/\/vof-news.eu\/fr\/#\/schema\/person\/image\/","url":"https:\/\/secure.gravatar.com\/avatar\/b67e614b1b25b3e9c0c239efdd2fde5ab015b5affd6f1c3c85911ca4b384e790?s=96&d=mm&r=g","contentUrl":"https:\/\/secure.gravatar.com\/avatar\/b67e614b1b25b3e9c0c239efdd2fde5ab015b5affd6f1c3c85911ca4b384e790?s=96&d=mm&r=g","caption":"Author"},"sameAs":["http:\/\/vof-news.eu"],"url":"https:\/\/vof-news.eu\/fr\/author\/zwt6qxnjulxbnyg\/"}]}},"yoast_meta":{"yoast_wpseo_title":"","yoast_wpseo_metadesc":"","yoast_wpseo_canonical":""},"_links":{"self":[{"href":"https:\/\/vof-news.eu\/fr\/wp-json\/wp\/v2\/posts\/247757","targetHints":{"allow":["GET"]}}],"collection":[{"href":"https:\/\/vof-news.eu\/fr\/wp-json\/wp\/v2\/posts"}],"about":[{"href":"https:\/\/vof-news.eu\/fr\/wp-json\/wp\/v2\/types\/post"}],"author":[{"embeddable":true,"href":"https:\/\/vof-news.eu\/fr\/wp-json\/wp\/v2\/users\/1"}],"replies":[{"embeddable":true,"href":"https:\/\/vof-news.eu\/fr\/wp-json\/wp\/v2\/comments?post=247757"}],"version-history":[{"count":1,"href":"https:\/\/vof-news.eu\/fr\/wp-json\/wp\/v2\/posts\/247757\/revisions"}],"predecessor-version":[{"id":247764,"href":"https:\/\/vof-news.eu\/fr\/wp-json\/wp\/v2\/posts\/247757\/revisions\/247764"}],"wp:featuredmedia":[{"embeddable":true,"href":"https:\/\/vof-news.eu\/fr\/wp-json\/wp\/v2\/media\/247758"}],"wp:attachment":[{"href":"https:\/\/vof-news.eu\/fr\/wp-json\/wp\/v2\/media?parent=247757"}],"wp:term":[{"taxonomy":"category","embeddable":true,"href":"https:\/\/vof-news.eu\/fr\/wp-json\/wp\/v2\/categories?post=247757"},{"taxonomy":"post_tag","embeddable":true,"href":"https:\/\/vof-news.eu\/fr\/wp-json\/wp\/v2\/tags?post=247757"}],"curies":[{"name":"wp","href":"https:\/\/api.w.org\/{rel}","templated":true}]}}