{"id":247747,"date":"2025-07-05T15:31:26","date_gmt":"2025-07-05T12:31:26","guid":{"rendered":"https:\/\/vof-news.eu\/les-premiers-baigneurs-font-leur-entree-dans-leau-de-la-seine\/"},"modified":"2025-07-05T15:31:49","modified_gmt":"2025-07-05T12:31:49","slug":"les-premiers-baigneurs-font-leur-entree-dans-leau-de-la-seine","status":"publish","type":"post","link":"https:\/\/vof-news.eu\/fr\/les-premiers-baigneurs-font-leur-entree-dans-leau-de-la-seine\/","title":{"rendered":"Les premiers baigneurs font leur entr\u00e9e dans l\u2019eau de la Seine"},"content":{"rendered":"<article>\n<p>Une premi\u00e8re depuis\u00a01923. La baignade dans la Seine est de nouveau autoris\u00e9e. Une ouverture sous tr\u00e8s haute surveillance. Chaque baigneur doit faire \u00e9valuer son aisance aquatique par un ma\u00eetre-nageur avant d\u2019entrer dans l\u2019eau. L\u2019an dernier, 13\u00a0personnes sont d\u00e9c\u00e9d\u00e9es de noyade dans la Seine.<\/p>\n<p>Des analyses quotidiennes sont effectu\u00e9es. Des drapeaux verts, orange et rouges indiquent le d\u00e9bit et la qualit\u00e9 de l\u2019eau. Plus de 1,4\u00a0milliard d\u2019euros ont \u00e9t\u00e9 investis pour am\u00e9liorer la propret\u00e9 de l\u2019eau. Plusieurs autres zones de baignade sont envisag\u00e9es pour\u00a02026, notamment \u00e0 l\u2019\u00eele Monsieur et \u00e0 l\u2019\u00eele Saint-Denis.<\/p>\n<section>\n<p> <span>Le Monde<\/span> <\/p>\n<\/section>\n<section>\n<section>\n<header>   <\/header>\n<section>\n<section> <a href=\"https:\/\/abo.lemonde.fr\/?lmd_medium=BOUTONS_LMFR&amp;lmd_campaign=CONTRIBUTION_ARTICLE\" rel=\"nofollow\">S\u2019abonner<\/a> <\/section>\n<\/section>\n<section><\/section>\n<\/section>\n<p>Contribuer<\/p>\n<p> <a href=\"https:\/\/www.lemonde.fr\/syndication\/\" rel=\"nofollow\">R\u00e9utiliser ce contenu<\/a> <\/section>\n<\/article>\n","protected":false},"excerpt":{"rendered":"<p>Une premi\u00e8re depuis\u00a01923. La baignade dans la Seine est de nouveau autoris\u00e9e. Une ouverture sous tr\u00e8s haute surveillance. Chaque baigneur doit faire \u00e9valuer son aisance aquatique par un ma\u00eetre-nageur avant d\u2019entrer dans l\u2019eau. L\u2019an dernier, 13\u00a0personnes sont d\u00e9c\u00e9d\u00e9es de noyade dans la Seine. Des analyses quotidiennes sont effectu\u00e9es. Des drapeaux verts, orange et rouges indiquent<\/p>\n","protected":false},"author":1,"featured_media":0,"comment_status":"open","ping_status":"open","sticky":false,"template":"","format":"standard","meta":{"footnotes":""},"categories":[73],"tags":[],"class_list":["post-247747","post","type-post","status-publish","format-standard","hentry","category-sport-fr"],"acf":[],"yoast_head":"<!-- This site is optimized with the Yoast SEO plugin v22.9 - https:\/\/yoast.com\/wordpress\/plugins\/seo\/ -->\n<title>Les premiers baigneurs font leur entr\u00e9e dans l\u2019eau de la Seine - vof-news.eu<\/title>\n<meta name=\"description\" content=\"Une premi\u00e8re depuis\u00a01923. La baignade dans la Seine est de nouveau autoris\u00e9e. Une ouverture sous tr\u00e8s haute surveillance. Chaque baigneur doit faire \u00e9valuer son aisance aquatique par un ma\u00eetre-nageur avant d\u2019entrer dans l\u2019eau. L\u2019an dernier, 13\u00a0personnes sont d\u00e9c\u00e9d\u00e9es de noyade dans la Seine. Des analyses quotidiennes sont effectu\u00e9es. Des drapeaux verts, orange et rouges indiquent le d\u00e9bit et la qualit\u00e9 de l\u2019eau. Plus de 1,4\u00a0milliard d\u2019euros ont \u00e9t\u00e9 investis pour am\u00e9liorer la propret\u00e9 de l\u2019eau. Plusieurs autres zones de baignade sont envisag\u00e9es pour\u00a02026, notamment \u00e0 l\u2019\u00eele Monsieur et \u00e0 l\u2019\u00eele Saint-Denis.  Le Monde      S\u2019abonner   Contribuer R\u00e9utiliser ce contenu\" \/>\n<meta name=\"robots\" content=\"noindex, follow, max-snippet:-1, max-image-preview:large, max-video-preview:-1\" \/>\n<meta property=\"og:locale\" content=\"fr_FR\" \/>\n<meta property=\"og:type\" content=\"article\" \/>\n<meta property=\"og:title\" content=\"Les premiers baigneurs font leur entr\u00e9e dans l\u2019eau de la Seine - vof-news.eu\" \/>\n<meta property=\"og:description\" content=\"Une premi\u00e8re depuis\u00a01923. La baignade dans la Seine est de nouveau autoris\u00e9e. Une ouverture sous tr\u00e8s haute surveillance. Chaque baigneur doit faire \u00e9valuer son aisance aquatique par un ma\u00eetre-nageur avant d\u2019entrer dans l\u2019eau. L\u2019an dernier, 13\u00a0personnes sont d\u00e9c\u00e9d\u00e9es de noyade dans la Seine. Des analyses quotidiennes sont effectu\u00e9es. Des drapeaux verts, orange et rouges indiquent le d\u00e9bit et la qualit\u00e9 de l\u2019eau. Plus de 1,4\u00a0milliard d\u2019euros ont \u00e9t\u00e9 investis pour am\u00e9liorer la propret\u00e9 de l\u2019eau. Plusieurs autres zones de baignade sont envisag\u00e9es pour\u00a02026, notamment \u00e0 l\u2019\u00eele Monsieur et \u00e0 l\u2019\u00eele Saint-Denis.  Le Monde      S\u2019abonner   Contribuer R\u00e9utiliser ce contenu\" \/>\n<meta property=\"og:url\" content=\"https:\/\/vof-news.eu\/fr\/les-premiers-baigneurs-font-leur-entree-dans-leau-de-la-seine\/\" \/>\n<meta property=\"og:site_name\" content=\"vof-news.eu\" \/>\n<meta property=\"article:published_time\" content=\"2025-07-05T12:31:26+00:00\" \/>\n<meta property=\"article:modified_time\" content=\"2025-07-05T12:31:49+00:00\" \/>\n<meta name=\"author\" content=\"Author\" \/>\n<meta name=\"twitter:card\" content=\"summary_large_image\" \/>\n<meta name=\"twitter:label1\" content=\"\u00c9crit par\" \/>\n\t<meta name=\"twitter:data1\" content=\"Author\" \/>\n\t<meta name=\"twitter:label2\" content=\"Dur\u00e9e de lecture estim\u00e9e\" \/>\n\t<meta name=\"twitter:data2\" content=\"1 minute\" \/>\n<script type=\"application\/ld+json\" class=\"yoast-schema-graph\">{\"@context\":\"https:\/\/schema.org\",\"@graph\":[{\"@type\":\"WebPage\",\"@id\":\"https:\/\/vof-news.eu\/fr\/les-premiers-baigneurs-font-leur-entree-dans-leau-de-la-seine\/\",\"url\":\"https:\/\/vof-news.eu\/fr\/les-premiers-baigneurs-font-leur-entree-dans-leau-de-la-seine\/\",\"name\":\"Les premiers baigneurs font leur entr\u00e9e dans l\u2019eau de la Seine - vof-news.eu\",\"isPartOf\":{\"@id\":\"https:\/\/vof-news.eu\/fr\/#website\"},\"datePublished\":\"2025-07-05T12:31:26+00:00\",\"dateModified\":\"2025-07-05T12:31:49+00:00\",\"author\":{\"@id\":\"https:\/\/vof-news.eu\/fr\/#\/schema\/person\/f6a2a4309f0561835797fd8c19b333ed\"},\"description\":\"Une premi\u00e8re depuis\u00a01923. La baignade dans la Seine est de nouveau autoris\u00e9e. Une ouverture sous tr\u00e8s haute surveillance. Chaque baigneur doit faire \u00e9valuer son aisance aquatique par un ma\u00eetre-nageur avant d\u2019entrer dans l\u2019eau. L\u2019an dernier, 13\u00a0personnes sont d\u00e9c\u00e9d\u00e9es de noyade dans la Seine. Des analyses quotidiennes sont effectu\u00e9es. Des drapeaux verts, orange et rouges indiquent le d\u00e9bit et la qualit\u00e9 de l\u2019eau. Plus de 1,4\u00a0milliard d\u2019euros ont \u00e9t\u00e9 investis pour am\u00e9liorer la propret\u00e9 de l\u2019eau. Plusieurs autres zones de baignade sont envisag\u00e9es pour\u00a02026, notamment \u00e0 l\u2019\u00eele Monsieur et \u00e0 l\u2019\u00eele Saint-Denis. Le Monde S\u2019abonner Contribuer R\u00e9utiliser ce contenu\",\"breadcrumb\":{\"@id\":\"https:\/\/vof-news.eu\/fr\/les-premiers-baigneurs-font-leur-entree-dans-leau-de-la-seine\/#breadcrumb\"},\"inLanguage\":\"fr-FR\",\"potentialAction\":[{\"@type\":\"ReadAction\",\"target\":[\"https:\/\/vof-news.eu\/fr\/les-premiers-baigneurs-font-leur-entree-dans-leau-de-la-seine\/\"]}]},{\"@type\":\"BreadcrumbList\",\"@id\":\"https:\/\/vof-news.eu\/fr\/les-premiers-baigneurs-font-leur-entree-dans-leau-de-la-seine\/#breadcrumb\",\"itemListElement\":[{\"@type\":\"ListItem\",\"position\":1,\"name\":\"Home\",\"item\":\"https:\/\/vof-news.eu\/fr\/\"},{\"@type\":\"ListItem\",\"position\":2,\"name\":\"Les premiers baigneurs font leur entr\u00e9e dans l\u2019eau de la Seine\"}]},{\"@type\":\"WebSite\",\"@id\":\"https:\/\/vof-news.eu\/fr\/#website\",\"url\":\"https:\/\/vof-news.eu\/fr\/\",\"name\":\"vof-news.eu\",\"description\":\"\",\"potentialAction\":[{\"@type\":\"SearchAction\",\"target\":{\"@type\":\"EntryPoint\",\"urlTemplate\":\"https:\/\/vof-news.eu\/fr\/?s={search_term_string}\"},\"query-input\":\"required name=search_term_string\"}],\"inLanguage\":\"fr-FR\"},{\"@type\":\"Person\",\"@id\":\"https:\/\/vof-news.eu\/fr\/#\/schema\/person\/f6a2a4309f0561835797fd8c19b333ed\",\"name\":\"Author\",\"image\":{\"@type\":\"ImageObject\",\"inLanguage\":\"fr-FR\",\"@id\":\"https:\/\/vof-news.eu\/fr\/#\/schema\/person\/image\/\",\"url\":\"https:\/\/secure.gravatar.com\/avatar\/b67e614b1b25b3e9c0c239efdd2fde5ab015b5affd6f1c3c85911ca4b384e790?s=96&d=mm&r=g\",\"contentUrl\":\"https:\/\/secure.gravatar.com\/avatar\/b67e614b1b25b3e9c0c239efdd2fde5ab015b5affd6f1c3c85911ca4b384e790?s=96&d=mm&r=g\",\"caption\":\"Author\"},\"sameAs\":[\"http:\/\/vof-news.eu\"],\"url\":\"https:\/\/vof-news.eu\/fr\/author\/zwt6qxnjulxbnyg\/\"}]}<\/script>\n<!-- \/ Yoast SEO plugin. -->","yoast_head_json":{"title":"Les premiers baigneurs font leur entr\u00e9e dans l\u2019eau de la Seine - vof-news.eu","description":"Une premi\u00e8re depuis\u00a01923. La baignade dans la Seine est de nouveau autoris\u00e9e. Une ouverture sous tr\u00e8s haute surveillance. Chaque baigneur doit faire \u00e9valuer son aisance aquatique par un ma\u00eetre-nageur avant d\u2019entrer dans l\u2019eau. L\u2019an dernier, 13\u00a0personnes sont d\u00e9c\u00e9d\u00e9es de noyade dans la Seine. Des analyses quotidiennes sont effectu\u00e9es. Des drapeaux verts, orange et rouges indiquent le d\u00e9bit et la qualit\u00e9 de l\u2019eau. Plus de 1,4\u00a0milliard d\u2019euros ont \u00e9t\u00e9 investis pour am\u00e9liorer la propret\u00e9 de l\u2019eau. Plusieurs autres zones de baignade sont envisag\u00e9es pour\u00a02026, notamment \u00e0 l\u2019\u00eele Monsieur et \u00e0 l\u2019\u00eele Saint-Denis.  Le Monde      S\u2019abonner   Contribuer R\u00e9utiliser ce contenu","robots":{"index":"noindex","follow":"follow","max-snippet":"max-snippet:-1","max-image-preview":"max-image-preview:large","max-video-preview":"max-video-preview:-1"},"og_locale":"fr_FR","og_type":"article","og_title":"Les premiers baigneurs font leur entr\u00e9e dans l\u2019eau de la Seine - vof-news.eu","og_description":"Une premi\u00e8re depuis\u00a01923. La baignade dans la Seine est de nouveau autoris\u00e9e. Une ouverture sous tr\u00e8s haute surveillance. Chaque baigneur doit faire \u00e9valuer son aisance aquatique par un ma\u00eetre-nageur avant d\u2019entrer dans l\u2019eau. L\u2019an dernier, 13\u00a0personnes sont d\u00e9c\u00e9d\u00e9es de noyade dans la Seine. Des analyses quotidiennes sont effectu\u00e9es. Des drapeaux verts, orange et rouges indiquent le d\u00e9bit et la qualit\u00e9 de l\u2019eau. Plus de 1,4\u00a0milliard d\u2019euros ont \u00e9t\u00e9 investis pour am\u00e9liorer la propret\u00e9 de l\u2019eau. Plusieurs autres zones de baignade sont envisag\u00e9es pour\u00a02026, notamment \u00e0 l\u2019\u00eele Monsieur et \u00e0 l\u2019\u00eele Saint-Denis.  Le Monde      S\u2019abonner   Contribuer R\u00e9utiliser ce contenu","og_url":"https:\/\/vof-news.eu\/fr\/les-premiers-baigneurs-font-leur-entree-dans-leau-de-la-seine\/","og_site_name":"vof-news.eu","article_published_time":"2025-07-05T12:31:26+00:00","article_modified_time":"2025-07-05T12:31:49+00:00","author":"Author","twitter_card":"summary_large_image","twitter_misc":{"\u00c9crit par":"Author","Dur\u00e9e de lecture estim\u00e9e":"1 minute"},"schema":{"@context":"https:\/\/schema.org","@graph":[{"@type":"WebPage","@id":"https:\/\/vof-news.eu\/fr\/les-premiers-baigneurs-font-leur-entree-dans-leau-de-la-seine\/","url":"https:\/\/vof-news.eu\/fr\/les-premiers-baigneurs-font-leur-entree-dans-leau-de-la-seine\/","name":"Les premiers baigneurs font leur entr\u00e9e dans l\u2019eau de la Seine - vof-news.eu","isPartOf":{"@id":"https:\/\/vof-news.eu\/fr\/#website"},"datePublished":"2025-07-05T12:31:26+00:00","dateModified":"2025-07-05T12:31:49+00:00","author":{"@id":"https:\/\/vof-news.eu\/fr\/#\/schema\/person\/f6a2a4309f0561835797fd8c19b333ed"},"description":"Une premi\u00e8re depuis\u00a01923. La baignade dans la Seine est de nouveau autoris\u00e9e. Une ouverture sous tr\u00e8s haute surveillance. Chaque baigneur doit faire \u00e9valuer son aisance aquatique par un ma\u00eetre-nageur avant d\u2019entrer dans l\u2019eau. L\u2019an dernier, 13\u00a0personnes sont d\u00e9c\u00e9d\u00e9es de noyade dans la Seine. Des analyses quotidiennes sont effectu\u00e9es. Des drapeaux verts, orange et rouges indiquent le d\u00e9bit et la qualit\u00e9 de l\u2019eau. Plus de 1,4\u00a0milliard d\u2019euros ont \u00e9t\u00e9 investis pour am\u00e9liorer la propret\u00e9 de l\u2019eau. Plusieurs autres zones de baignade sont envisag\u00e9es pour\u00a02026, notamment \u00e0 l\u2019\u00eele Monsieur et \u00e0 l\u2019\u00eele Saint-Denis. Le Monde S\u2019abonner Contribuer R\u00e9utiliser ce contenu","breadcrumb":{"@id":"https:\/\/vof-news.eu\/fr\/les-premiers-baigneurs-font-leur-entree-dans-leau-de-la-seine\/#breadcrumb"},"inLanguage":"fr-FR","potentialAction":[{"@type":"ReadAction","target":["https:\/\/vof-news.eu\/fr\/les-premiers-baigneurs-font-leur-entree-dans-leau-de-la-seine\/"]}]},{"@type":"BreadcrumbList","@id":"https:\/\/vof-news.eu\/fr\/les-premiers-baigneurs-font-leur-entree-dans-leau-de-la-seine\/#breadcrumb","itemListElement":[{"@type":"ListItem","position":1,"name":"Home","item":"https:\/\/vof-news.eu\/fr\/"},{"@type":"ListItem","position":2,"name":"Les premiers baigneurs font leur entr\u00e9e dans l\u2019eau de la Seine"}]},{"@type":"WebSite","@id":"https:\/\/vof-news.eu\/fr\/#website","url":"https:\/\/vof-news.eu\/fr\/","name":"vof-news.eu","description":"","potentialAction":[{"@type":"SearchAction","target":{"@type":"EntryPoint","urlTemplate":"https:\/\/vof-news.eu\/fr\/?s={search_term_string}"},"query-input":"required name=search_term_string"}],"inLanguage":"fr-FR"},{"@type":"Person","@id":"https:\/\/vof-news.eu\/fr\/#\/schema\/person\/f6a2a4309f0561835797fd8c19b333ed","name":"Author","image":{"@type":"ImageObject","inLanguage":"fr-FR","@id":"https:\/\/vof-news.eu\/fr\/#\/schema\/person\/image\/","url":"https:\/\/secure.gravatar.com\/avatar\/b67e614b1b25b3e9c0c239efdd2fde5ab015b5affd6f1c3c85911ca4b384e790?s=96&d=mm&r=g","contentUrl":"https:\/\/secure.gravatar.com\/avatar\/b67e614b1b25b3e9c0c239efdd2fde5ab015b5affd6f1c3c85911ca4b384e790?s=96&d=mm&r=g","caption":"Author"},"sameAs":["http:\/\/vof-news.eu"],"url":"https:\/\/vof-news.eu\/fr\/author\/zwt6qxnjulxbnyg\/"}]}},"yoast_meta":{"yoast_wpseo_title":"","yoast_wpseo_metadesc":"","yoast_wpseo_canonical":""},"_links":{"self":[{"href":"https:\/\/vof-news.eu\/fr\/wp-json\/wp\/v2\/posts\/247747","targetHints":{"allow":["GET"]}}],"collection":[{"href":"https:\/\/vof-news.eu\/fr\/wp-json\/wp\/v2\/posts"}],"about":[{"href":"https:\/\/vof-news.eu\/fr\/wp-json\/wp\/v2\/types\/post"}],"author":[{"embeddable":true,"href":"https:\/\/vof-news.eu\/fr\/wp-json\/wp\/v2\/users\/1"}],"replies":[{"embeddable":true,"href":"https:\/\/vof-news.eu\/fr\/wp-json\/wp\/v2\/comments?post=247747"}],"version-history":[{"count":1,"href":"https:\/\/vof-news.eu\/fr\/wp-json\/wp\/v2\/posts\/247747\/revisions"}],"predecessor-version":[{"id":247748,"href":"https:\/\/vof-news.eu\/fr\/wp-json\/wp\/v2\/posts\/247747\/revisions\/247748"}],"wp:attachment":[{"href":"https:\/\/vof-news.eu\/fr\/wp-json\/wp\/v2\/media?parent=247747"}],"wp:term":[{"taxonomy":"category","embeddable":true,"href":"https:\/\/vof-news.eu\/fr\/wp-json\/wp\/v2\/categories?post=247747"},{"taxonomy":"post_tag","embeddable":true,"href":"https:\/\/vof-news.eu\/fr\/wp-json\/wp\/v2\/tags?post=247747"}],"curies":[{"name":"wp","href":"https:\/\/api.w.org\/{rel}","templated":true}]}}