{"id":247706,"date":"2025-07-05T13:35:08","date_gmt":"2025-07-05T10:35:08","guid":{"rendered":"https:\/\/vof-news.eu\/jean-philippe-daguerre-fidele-au-off\/"},"modified":"2025-07-05T13:35:33","modified_gmt":"2025-07-05T10:35:33","slug":"jean-philippe-daguerre-fidele-au-off","status":"publish","type":"post","link":"https:\/\/vof-news.eu\/fr\/jean-philippe-daguerre-fidele-au-off\/","title":{"rendered":"Jean-Philippe Daguerre, fid\u00e8le au \u00ab\u00a0off\u00a0\u00bb"},"content":{"rendered":"<article>\n<p>Jean-Philippe Daguerre a un \u00e9t\u00e9 tr\u00e8s charg\u00e9. Dans le Festival \u00ab\u00a0off\u00a0\u00bb d\u2019Avignon, au Th\u00e9\u00e2tre du Chien qui fume, il jouera dans <a href=\"https:\/\/www.lemonde.fr\/culture\/article\/2025\/04\/29\/aux-molieres-le-triomphe-d-eric-ruf-avec-le-soulier-de-satin-et-de-jean-michel-daguerre-avec-du-charbon-dans-les-veines_6601152_3246.html\" rel=\"nofollow\">sa pi\u00e8ce aux cinq Moli\u00e8res <\/a> et pr\u00e9sentera son nouveau spectacle, , de Marcel Pagnol. En parall\u00e8le, sa mise en sc\u00e8ne du , de Beaumarchais, est \u00e0 l\u2019affiche de la trente-huiti\u00e8me \u00e9dition des F\u00eates nocturnes du ch\u00e2teau de Grignan (Dr\u00f4me), jusqu\u2019au 23\u00a0ao\u00fbt. Cet agenda bien rempli n\u2019inqui\u00e8te pas cet auteur, metteur en sc\u00e8ne et com\u00e9dien du th\u00e9\u00e2tre priv\u00e9, qui multiplie les succ\u00e8s depuis plus de dix ans dans le \u00ab\u00a0off\u00a0\u00bb. , r\u00e9sume cet autodidacte prolifique qui ne cache rien de ce qu\u2019il est\u00a0:  Il est effectivement tellement d\u00e9sordonn\u00e9 dans sa mani\u00e8re de r\u00e9pondre aux questions que ce bon vivant en devient attachant.<\/p>\n<section>   <\/section>\n<p>A 57\u00a0ans, l\u2019auteur, entre autres cr\u00e9ations, d\u2019 (quatre Moli\u00e8res en\u00a02018, plus de mille repr\u00e9sentations \u00e0 travers la France et une adaptation au cin\u00e9ma avec Daniel Auteuil), de , du et de pi\u00e8ces toutes cr\u00e9\u00e9es \u00e0 Avignon, prend chaque ann\u00e9e autant de plaisir \u00e0 plonger dans l\u2019effervescence du \u00ab\u00a0off\u00a0\u00bb. ,appr\u00e9cie-t-il. A l\u2019image des premiers spectacles d\u2019Alexis Michalik ou des , d\u2019Eric Bouvron, ses pi\u00e8ces sans t\u00eate d\u2019affiche ont \u00e9t\u00e9 remarqu\u00e9es dans la cit\u00e9 des Papes avant de convaincre des salles parisiennes.<\/p>\n<p><strong>Il vous reste 79.26% de cet article \u00e0 lire. La suite est r\u00e9serv\u00e9e aux abonn\u00e9s.<\/strong><\/p>\n<\/article>\n","protected":false},"excerpt":{"rendered":"<p>Jean-Philippe Daguerre a un \u00e9t\u00e9 tr\u00e8s charg\u00e9. Dans le Festival \u00ab\u00a0off\u00a0\u00bb d\u2019Avignon, au Th\u00e9\u00e2tre du Chien qui fume, il jouera dans sa pi\u00e8ce aux cinq Moli\u00e8res et pr\u00e9sentera son nouveau spectacle, , de Marcel Pagnol. En parall\u00e8le, sa mise en sc\u00e8ne du , de Beaumarchais, est \u00e0 l\u2019affiche de la trente-huiti\u00e8me \u00e9dition des F\u00eates nocturnes<\/p>\n","protected":false},"author":1,"featured_media":247707,"comment_status":"open","ping_status":"open","sticky":false,"template":"","format":"standard","meta":{"footnotes":""},"categories":[63],"tags":[],"class_list":["post-247706","post","type-post","status-publish","format-standard","has-post-thumbnail","hentry","category-culture-fr"],"acf":[],"yoast_head":"<!-- This site is optimized with the Yoast SEO plugin v22.9 - https:\/\/yoast.com\/wordpress\/plugins\/seo\/ -->\n<title>Jean-Philippe Daguerre, fid\u00e8le au \u00ab\u00a0off\u00a0\u00bb - vof-news.eu<\/title>\n<meta name=\"description\" content=\"Jean-Philippe Daguerre a un \u00e9t\u00e9 tr\u00e8s charg\u00e9. Dans le Festival \u00ab\u00a0off\u00a0\u00bb d\u2019Avignon, au Th\u00e9\u00e2tre du Chien qui fume, il jouera dans sa pi\u00e8ce aux cinq Moli\u00e8res et pr\u00e9sentera son nouveau spectacle, , de Marcel Pagnol. En parall\u00e8le, sa mise en sc\u00e8ne du , de Beaumarchais, est \u00e0 l\u2019affiche de la trente-huiti\u00e8me \u00e9dition des F\u00eates nocturnes du ch\u00e2teau de Grignan (Dr\u00f4me), jusqu\u2019au 23\u00a0ao\u00fbt. Cet agenda bien rempli n\u2019inqui\u00e8te pas cet auteur, metteur en sc\u00e8ne et com\u00e9dien du th\u00e9\u00e2tre priv\u00e9, qui multiplie les succ\u00e8s depuis plus de dix ans dans le \u00ab\u00a0off\u00a0\u00bb. , r\u00e9sume cet autodidacte prolifique qui ne cache rien de ce qu\u2019il est\u00a0: Il est effectivement tellement d\u00e9sordonn\u00e9 dans sa mani\u00e8re de r\u00e9pondre aux questions que ce bon vivant en devient attachant.   A 57\u00a0ans, l\u2019auteur, entre autres cr\u00e9ations, d\u2019 (quatre Moli\u00e8res en\u00a02018, plus de mille repr\u00e9sentations \u00e0 travers la France et une adaptation au cin\u00e9ma avec Daniel Auteuil), de , du et de pi\u00e8ces toutes cr\u00e9\u00e9es \u00e0 Avignon, prend chaque ann\u00e9e autant de plaisir \u00e0 plonger dans l\u2019effervescence du \u00ab\u00a0off\u00a0\u00bb. ,appr\u00e9cie-t-il. A l\u2019image des premiers spectacles d\u2019Alexis Michalik ou des , d\u2019Eric Bouvron, ses pi\u00e8ces sans t\u00eate d\u2019affiche ont \u00e9t\u00e9 remarqu\u00e9es dans la cit\u00e9 des Papes avant de convaincre des salles parisiennes. Il vous reste 79.26% de cet article \u00e0 lire. La suite est r\u00e9serv\u00e9e aux abonn\u00e9s.\" \/>\n<meta name=\"robots\" content=\"noindex, follow, max-snippet:-1, max-image-preview:large, max-video-preview:-1\" \/>\n<meta property=\"og:locale\" content=\"fr_FR\" \/>\n<meta property=\"og:type\" content=\"article\" \/>\n<meta property=\"og:title\" content=\"Jean-Philippe Daguerre, fid\u00e8le au \u00ab\u00a0off\u00a0\u00bb - vof-news.eu\" \/>\n<meta property=\"og:description\" content=\"Jean-Philippe Daguerre a un \u00e9t\u00e9 tr\u00e8s charg\u00e9. Dans le Festival \u00ab\u00a0off\u00a0\u00bb d\u2019Avignon, au Th\u00e9\u00e2tre du Chien qui fume, il jouera dans sa pi\u00e8ce aux cinq Moli\u00e8res et pr\u00e9sentera son nouveau spectacle, , de Marcel Pagnol. En parall\u00e8le, sa mise en sc\u00e8ne du , de Beaumarchais, est \u00e0 l\u2019affiche de la trente-huiti\u00e8me \u00e9dition des F\u00eates nocturnes du ch\u00e2teau de Grignan (Dr\u00f4me), jusqu\u2019au 23\u00a0ao\u00fbt. Cet agenda bien rempli n\u2019inqui\u00e8te pas cet auteur, metteur en sc\u00e8ne et com\u00e9dien du th\u00e9\u00e2tre priv\u00e9, qui multiplie les succ\u00e8s depuis plus de dix ans dans le \u00ab\u00a0off\u00a0\u00bb. , r\u00e9sume cet autodidacte prolifique qui ne cache rien de ce qu\u2019il est\u00a0: Il est effectivement tellement d\u00e9sordonn\u00e9 dans sa mani\u00e8re de r\u00e9pondre aux questions que ce bon vivant en devient attachant.   A 57\u00a0ans, l\u2019auteur, entre autres cr\u00e9ations, d\u2019 (quatre Moli\u00e8res en\u00a02018, plus de mille repr\u00e9sentations \u00e0 travers la France et une adaptation au cin\u00e9ma avec Daniel Auteuil), de , du et de pi\u00e8ces toutes cr\u00e9\u00e9es \u00e0 Avignon, prend chaque ann\u00e9e autant de plaisir \u00e0 plonger dans l\u2019effervescence du \u00ab\u00a0off\u00a0\u00bb. ,appr\u00e9cie-t-il. A l\u2019image des premiers spectacles d\u2019Alexis Michalik ou des , d\u2019Eric Bouvron, ses pi\u00e8ces sans t\u00eate d\u2019affiche ont \u00e9t\u00e9 remarqu\u00e9es dans la cit\u00e9 des Papes avant de convaincre des salles parisiennes. Il vous reste 79.26% de cet article \u00e0 lire. La suite est r\u00e9serv\u00e9e aux abonn\u00e9s.\" \/>\n<meta property=\"og:url\" content=\"https:\/\/vof-news.eu\/fr\/jean-philippe-daguerre-fidele-au-off\/\" \/>\n<meta property=\"og:site_name\" content=\"vof-news.eu\" \/>\n<meta property=\"article:published_time\" content=\"2025-07-05T10:35:08+00:00\" \/>\n<meta property=\"article:modified_time\" content=\"2025-07-05T10:35:33+00:00\" \/>\n<meta property=\"og:image\" content=\"https:\/\/vof-news.eu\/wp-content\/uploads\/2025\/07\/9b4366b_upload-1-e4svdup3w4ke-jean-philippe-daguerre-a-francis-rey-003.jpg\" \/>\n\t<meta property=\"og:image:width\" content=\"664\" \/>\n\t<meta property=\"og:image:height\" content=\"997\" \/>\n\t<meta property=\"og:image:type\" content=\"image\/jpeg\" \/>\n<meta name=\"author\" content=\"Author\" \/>\n<meta name=\"twitter:card\" content=\"summary_large_image\" \/>\n<meta name=\"twitter:label1\" content=\"\u00c9crit par\" \/>\n\t<meta name=\"twitter:data1\" content=\"Author\" \/>\n\t<meta name=\"twitter:label2\" content=\"Dur\u00e9e de lecture estim\u00e9e\" \/>\n\t<meta name=\"twitter:data2\" content=\"1 minute\" \/>\n<script type=\"application\/ld+json\" class=\"yoast-schema-graph\">{\"@context\":\"https:\/\/schema.org\",\"@graph\":[{\"@type\":\"WebPage\",\"@id\":\"https:\/\/vof-news.eu\/fr\/jean-philippe-daguerre-fidele-au-off\/\",\"url\":\"https:\/\/vof-news.eu\/fr\/jean-philippe-daguerre-fidele-au-off\/\",\"name\":\"Jean-Philippe Daguerre, fid\u00e8le au \u00ab\u00a0off\u00a0\u00bb - vof-news.eu\",\"isPartOf\":{\"@id\":\"https:\/\/vof-news.eu\/fr\/#website\"},\"primaryImageOfPage\":{\"@id\":\"https:\/\/vof-news.eu\/fr\/jean-philippe-daguerre-fidele-au-off\/#primaryimage\"},\"image\":{\"@id\":\"https:\/\/vof-news.eu\/fr\/jean-philippe-daguerre-fidele-au-off\/#primaryimage\"},\"thumbnailUrl\":\"https:\/\/vof-news.eu\/wp-content\/uploads\/2025\/07\/9b4366b_upload-1-e4svdup3w4ke-jean-philippe-daguerre-a-francis-rey-003.jpg\",\"datePublished\":\"2025-07-05T10:35:08+00:00\",\"dateModified\":\"2025-07-05T10:35:33+00:00\",\"author\":{\"@id\":\"https:\/\/vof-news.eu\/fr\/#\/schema\/person\/f6a2a4309f0561835797fd8c19b333ed\"},\"description\":\"Jean-Philippe Daguerre a un \u00e9t\u00e9 tr\u00e8s charg\u00e9. Dans le Festival \u00ab\u00a0off\u00a0\u00bb d\u2019Avignon, au Th\u00e9\u00e2tre du Chien qui fume, il jouera dans sa pi\u00e8ce aux cinq Moli\u00e8res et pr\u00e9sentera son nouveau spectacle, , de Marcel Pagnol. En parall\u00e8le, sa mise en sc\u00e8ne du , de Beaumarchais, est \u00e0 l\u2019affiche de la trente-huiti\u00e8me \u00e9dition des F\u00eates nocturnes du ch\u00e2teau de Grignan (Dr\u00f4me), jusqu\u2019au 23\u00a0ao\u00fbt. Cet agenda bien rempli n\u2019inqui\u00e8te pas cet auteur, metteur en sc\u00e8ne et com\u00e9dien du th\u00e9\u00e2tre priv\u00e9, qui multiplie les succ\u00e8s depuis plus de dix ans dans le \u00ab\u00a0off\u00a0\u00bb. , r\u00e9sume cet autodidacte prolifique qui ne cache rien de ce qu\u2019il est\u00a0: Il est effectivement tellement d\u00e9sordonn\u00e9 dans sa mani\u00e8re de r\u00e9pondre aux questions que ce bon vivant en devient attachant. A 57\u00a0ans, l\u2019auteur, entre autres cr\u00e9ations, d\u2019 (quatre Moli\u00e8res en\u00a02018, plus de mille repr\u00e9sentations \u00e0 travers la France et une adaptation au cin\u00e9ma avec Daniel Auteuil), de , du et de pi\u00e8ces toutes cr\u00e9\u00e9es \u00e0 Avignon, prend chaque ann\u00e9e autant de plaisir \u00e0 plonger dans l\u2019effervescence du \u00ab\u00a0off\u00a0\u00bb. ,appr\u00e9cie-t-il. A l\u2019image des premiers spectacles d\u2019Alexis Michalik ou des , d\u2019Eric Bouvron, ses pi\u00e8ces sans t\u00eate d\u2019affiche ont \u00e9t\u00e9 remarqu\u00e9es dans la cit\u00e9 des Papes avant de convaincre des salles parisiennes. Il vous reste 79.26% de cet article \u00e0 lire. La suite est r\u00e9serv\u00e9e aux abonn\u00e9s.\",\"breadcrumb\":{\"@id\":\"https:\/\/vof-news.eu\/fr\/jean-philippe-daguerre-fidele-au-off\/#breadcrumb\"},\"inLanguage\":\"fr-FR\",\"potentialAction\":[{\"@type\":\"ReadAction\",\"target\":[\"https:\/\/vof-news.eu\/fr\/jean-philippe-daguerre-fidele-au-off\/\"]}]},{\"@type\":\"ImageObject\",\"inLanguage\":\"fr-FR\",\"@id\":\"https:\/\/vof-news.eu\/fr\/jean-philippe-daguerre-fidele-au-off\/#primaryimage\",\"url\":\"https:\/\/vof-news.eu\/wp-content\/uploads\/2025\/07\/9b4366b_upload-1-e4svdup3w4ke-jean-philippe-daguerre-a-francis-rey-003.jpg\",\"contentUrl\":\"https:\/\/vof-news.eu\/wp-content\/uploads\/2025\/07\/9b4366b_upload-1-e4svdup3w4ke-jean-philippe-daguerre-a-francis-rey-003.jpg\",\"width\":664,\"height\":997},{\"@type\":\"BreadcrumbList\",\"@id\":\"https:\/\/vof-news.eu\/fr\/jean-philippe-daguerre-fidele-au-off\/#breadcrumb\",\"itemListElement\":[{\"@type\":\"ListItem\",\"position\":1,\"name\":\"Home\",\"item\":\"https:\/\/vof-news.eu\/fr\/\"},{\"@type\":\"ListItem\",\"position\":2,\"name\":\"Jean-Philippe Daguerre, fid\u00e8le au \u00ab\u00a0off\u00a0\u00bb\"}]},{\"@type\":\"WebSite\",\"@id\":\"https:\/\/vof-news.eu\/fr\/#website\",\"url\":\"https:\/\/vof-news.eu\/fr\/\",\"name\":\"vof-news.eu\",\"description\":\"\",\"potentialAction\":[{\"@type\":\"SearchAction\",\"target\":{\"@type\":\"EntryPoint\",\"urlTemplate\":\"https:\/\/vof-news.eu\/fr\/?s={search_term_string}\"},\"query-input\":\"required name=search_term_string\"}],\"inLanguage\":\"fr-FR\"},{\"@type\":\"Person\",\"@id\":\"https:\/\/vof-news.eu\/fr\/#\/schema\/person\/f6a2a4309f0561835797fd8c19b333ed\",\"name\":\"Author\",\"image\":{\"@type\":\"ImageObject\",\"inLanguage\":\"fr-FR\",\"@id\":\"https:\/\/vof-news.eu\/fr\/#\/schema\/person\/image\/\",\"url\":\"https:\/\/secure.gravatar.com\/avatar\/b67e614b1b25b3e9c0c239efdd2fde5ab015b5affd6f1c3c85911ca4b384e790?s=96&d=mm&r=g\",\"contentUrl\":\"https:\/\/secure.gravatar.com\/avatar\/b67e614b1b25b3e9c0c239efdd2fde5ab015b5affd6f1c3c85911ca4b384e790?s=96&d=mm&r=g\",\"caption\":\"Author\"},\"sameAs\":[\"http:\/\/vof-news.eu\"],\"url\":\"https:\/\/vof-news.eu\/fr\/author\/zwt6qxnjulxbnyg\/\"}]}<\/script>\n<!-- \/ Yoast SEO plugin. -->","yoast_head_json":{"title":"Jean-Philippe Daguerre, fid\u00e8le au \u00ab\u00a0off\u00a0\u00bb - vof-news.eu","description":"Jean-Philippe Daguerre a un \u00e9t\u00e9 tr\u00e8s charg\u00e9. Dans le Festival \u00ab\u00a0off\u00a0\u00bb d\u2019Avignon, au Th\u00e9\u00e2tre du Chien qui fume, il jouera dans sa pi\u00e8ce aux cinq Moli\u00e8res et pr\u00e9sentera son nouveau spectacle, , de Marcel Pagnol. En parall\u00e8le, sa mise en sc\u00e8ne du , de Beaumarchais, est \u00e0 l\u2019affiche de la trente-huiti\u00e8me \u00e9dition des F\u00eates nocturnes du ch\u00e2teau de Grignan (Dr\u00f4me), jusqu\u2019au 23\u00a0ao\u00fbt. Cet agenda bien rempli n\u2019inqui\u00e8te pas cet auteur, metteur en sc\u00e8ne et com\u00e9dien du th\u00e9\u00e2tre priv\u00e9, qui multiplie les succ\u00e8s depuis plus de dix ans dans le \u00ab\u00a0off\u00a0\u00bb. , r\u00e9sume cet autodidacte prolifique qui ne cache rien de ce qu\u2019il est\u00a0: Il est effectivement tellement d\u00e9sordonn\u00e9 dans sa mani\u00e8re de r\u00e9pondre aux questions que ce bon vivant en devient attachant.   A 57\u00a0ans, l\u2019auteur, entre autres cr\u00e9ations, d\u2019 (quatre Moli\u00e8res en\u00a02018, plus de mille repr\u00e9sentations \u00e0 travers la France et une adaptation au cin\u00e9ma avec Daniel Auteuil), de , du et de pi\u00e8ces toutes cr\u00e9\u00e9es \u00e0 Avignon, prend chaque ann\u00e9e autant de plaisir \u00e0 plonger dans l\u2019effervescence du \u00ab\u00a0off\u00a0\u00bb. ,appr\u00e9cie-t-il. A l\u2019image des premiers spectacles d\u2019Alexis Michalik ou des , d\u2019Eric Bouvron, ses pi\u00e8ces sans t\u00eate d\u2019affiche ont \u00e9t\u00e9 remarqu\u00e9es dans la cit\u00e9 des Papes avant de convaincre des salles parisiennes. Il vous reste 79.26% de cet article \u00e0 lire. La suite est r\u00e9serv\u00e9e aux abonn\u00e9s.","robots":{"index":"noindex","follow":"follow","max-snippet":"max-snippet:-1","max-image-preview":"max-image-preview:large","max-video-preview":"max-video-preview:-1"},"og_locale":"fr_FR","og_type":"article","og_title":"Jean-Philippe Daguerre, fid\u00e8le au \u00ab\u00a0off\u00a0\u00bb - vof-news.eu","og_description":"Jean-Philippe Daguerre a un \u00e9t\u00e9 tr\u00e8s charg\u00e9. Dans le Festival \u00ab\u00a0off\u00a0\u00bb d\u2019Avignon, au Th\u00e9\u00e2tre du Chien qui fume, il jouera dans sa pi\u00e8ce aux cinq Moli\u00e8res et pr\u00e9sentera son nouveau spectacle, , de Marcel Pagnol. En parall\u00e8le, sa mise en sc\u00e8ne du , de Beaumarchais, est \u00e0 l\u2019affiche de la trente-huiti\u00e8me \u00e9dition des F\u00eates nocturnes du ch\u00e2teau de Grignan (Dr\u00f4me), jusqu\u2019au 23\u00a0ao\u00fbt. Cet agenda bien rempli n\u2019inqui\u00e8te pas cet auteur, metteur en sc\u00e8ne et com\u00e9dien du th\u00e9\u00e2tre priv\u00e9, qui multiplie les succ\u00e8s depuis plus de dix ans dans le \u00ab\u00a0off\u00a0\u00bb. , r\u00e9sume cet autodidacte prolifique qui ne cache rien de ce qu\u2019il est\u00a0: Il est effectivement tellement d\u00e9sordonn\u00e9 dans sa mani\u00e8re de r\u00e9pondre aux questions que ce bon vivant en devient attachant.   A 57\u00a0ans, l\u2019auteur, entre autres cr\u00e9ations, d\u2019 (quatre Moli\u00e8res en\u00a02018, plus de mille repr\u00e9sentations \u00e0 travers la France et une adaptation au cin\u00e9ma avec Daniel Auteuil), de , du et de pi\u00e8ces toutes cr\u00e9\u00e9es \u00e0 Avignon, prend chaque ann\u00e9e autant de plaisir \u00e0 plonger dans l\u2019effervescence du \u00ab\u00a0off\u00a0\u00bb. ,appr\u00e9cie-t-il. A l\u2019image des premiers spectacles d\u2019Alexis Michalik ou des , d\u2019Eric Bouvron, ses pi\u00e8ces sans t\u00eate d\u2019affiche ont \u00e9t\u00e9 remarqu\u00e9es dans la cit\u00e9 des Papes avant de convaincre des salles parisiennes. Il vous reste 79.26% de cet article \u00e0 lire. La suite est r\u00e9serv\u00e9e aux abonn\u00e9s.","og_url":"https:\/\/vof-news.eu\/fr\/jean-philippe-daguerre-fidele-au-off\/","og_site_name":"vof-news.eu","article_published_time":"2025-07-05T10:35:08+00:00","article_modified_time":"2025-07-05T10:35:33+00:00","og_image":[{"width":664,"height":997,"url":"https:\/\/vof-news.eu\/wp-content\/uploads\/2025\/07\/9b4366b_upload-1-e4svdup3w4ke-jean-philippe-daguerre-a-francis-rey-003.jpg","type":"image\/jpeg"}],"author":"Author","twitter_card":"summary_large_image","twitter_misc":{"\u00c9crit par":"Author","Dur\u00e9e de lecture estim\u00e9e":"1 minute"},"schema":{"@context":"https:\/\/schema.org","@graph":[{"@type":"WebPage","@id":"https:\/\/vof-news.eu\/fr\/jean-philippe-daguerre-fidele-au-off\/","url":"https:\/\/vof-news.eu\/fr\/jean-philippe-daguerre-fidele-au-off\/","name":"Jean-Philippe Daguerre, fid\u00e8le au \u00ab\u00a0off\u00a0\u00bb - vof-news.eu","isPartOf":{"@id":"https:\/\/vof-news.eu\/fr\/#website"},"primaryImageOfPage":{"@id":"https:\/\/vof-news.eu\/fr\/jean-philippe-daguerre-fidele-au-off\/#primaryimage"},"image":{"@id":"https:\/\/vof-news.eu\/fr\/jean-philippe-daguerre-fidele-au-off\/#primaryimage"},"thumbnailUrl":"https:\/\/vof-news.eu\/wp-content\/uploads\/2025\/07\/9b4366b_upload-1-e4svdup3w4ke-jean-philippe-daguerre-a-francis-rey-003.jpg","datePublished":"2025-07-05T10:35:08+00:00","dateModified":"2025-07-05T10:35:33+00:00","author":{"@id":"https:\/\/vof-news.eu\/fr\/#\/schema\/person\/f6a2a4309f0561835797fd8c19b333ed"},"description":"Jean-Philippe Daguerre a un \u00e9t\u00e9 tr\u00e8s charg\u00e9. Dans le Festival \u00ab\u00a0off\u00a0\u00bb d\u2019Avignon, au Th\u00e9\u00e2tre du Chien qui fume, il jouera dans sa pi\u00e8ce aux cinq Moli\u00e8res et pr\u00e9sentera son nouveau spectacle, , de Marcel Pagnol. En parall\u00e8le, sa mise en sc\u00e8ne du , de Beaumarchais, est \u00e0 l\u2019affiche de la trente-huiti\u00e8me \u00e9dition des F\u00eates nocturnes du ch\u00e2teau de Grignan (Dr\u00f4me), jusqu\u2019au 23\u00a0ao\u00fbt. Cet agenda bien rempli n\u2019inqui\u00e8te pas cet auteur, metteur en sc\u00e8ne et com\u00e9dien du th\u00e9\u00e2tre priv\u00e9, qui multiplie les succ\u00e8s depuis plus de dix ans dans le \u00ab\u00a0off\u00a0\u00bb. , r\u00e9sume cet autodidacte prolifique qui ne cache rien de ce qu\u2019il est\u00a0: Il est effectivement tellement d\u00e9sordonn\u00e9 dans sa mani\u00e8re de r\u00e9pondre aux questions que ce bon vivant en devient attachant. A 57\u00a0ans, l\u2019auteur, entre autres cr\u00e9ations, d\u2019 (quatre Moli\u00e8res en\u00a02018, plus de mille repr\u00e9sentations \u00e0 travers la France et une adaptation au cin\u00e9ma avec Daniel Auteuil), de , du et de pi\u00e8ces toutes cr\u00e9\u00e9es \u00e0 Avignon, prend chaque ann\u00e9e autant de plaisir \u00e0 plonger dans l\u2019effervescence du \u00ab\u00a0off\u00a0\u00bb. ,appr\u00e9cie-t-il. A l\u2019image des premiers spectacles d\u2019Alexis Michalik ou des , d\u2019Eric Bouvron, ses pi\u00e8ces sans t\u00eate d\u2019affiche ont \u00e9t\u00e9 remarqu\u00e9es dans la cit\u00e9 des Papes avant de convaincre des salles parisiennes. Il vous reste 79.26% de cet article \u00e0 lire. La suite est r\u00e9serv\u00e9e aux abonn\u00e9s.","breadcrumb":{"@id":"https:\/\/vof-news.eu\/fr\/jean-philippe-daguerre-fidele-au-off\/#breadcrumb"},"inLanguage":"fr-FR","potentialAction":[{"@type":"ReadAction","target":["https:\/\/vof-news.eu\/fr\/jean-philippe-daguerre-fidele-au-off\/"]}]},{"@type":"ImageObject","inLanguage":"fr-FR","@id":"https:\/\/vof-news.eu\/fr\/jean-philippe-daguerre-fidele-au-off\/#primaryimage","url":"https:\/\/vof-news.eu\/wp-content\/uploads\/2025\/07\/9b4366b_upload-1-e4svdup3w4ke-jean-philippe-daguerre-a-francis-rey-003.jpg","contentUrl":"https:\/\/vof-news.eu\/wp-content\/uploads\/2025\/07\/9b4366b_upload-1-e4svdup3w4ke-jean-philippe-daguerre-a-francis-rey-003.jpg","width":664,"height":997},{"@type":"BreadcrumbList","@id":"https:\/\/vof-news.eu\/fr\/jean-philippe-daguerre-fidele-au-off\/#breadcrumb","itemListElement":[{"@type":"ListItem","position":1,"name":"Home","item":"https:\/\/vof-news.eu\/fr\/"},{"@type":"ListItem","position":2,"name":"Jean-Philippe Daguerre, fid\u00e8le au \u00ab\u00a0off\u00a0\u00bb"}]},{"@type":"WebSite","@id":"https:\/\/vof-news.eu\/fr\/#website","url":"https:\/\/vof-news.eu\/fr\/","name":"vof-news.eu","description":"","potentialAction":[{"@type":"SearchAction","target":{"@type":"EntryPoint","urlTemplate":"https:\/\/vof-news.eu\/fr\/?s={search_term_string}"},"query-input":"required name=search_term_string"}],"inLanguage":"fr-FR"},{"@type":"Person","@id":"https:\/\/vof-news.eu\/fr\/#\/schema\/person\/f6a2a4309f0561835797fd8c19b333ed","name":"Author","image":{"@type":"ImageObject","inLanguage":"fr-FR","@id":"https:\/\/vof-news.eu\/fr\/#\/schema\/person\/image\/","url":"https:\/\/secure.gravatar.com\/avatar\/b67e614b1b25b3e9c0c239efdd2fde5ab015b5affd6f1c3c85911ca4b384e790?s=96&d=mm&r=g","contentUrl":"https:\/\/secure.gravatar.com\/avatar\/b67e614b1b25b3e9c0c239efdd2fde5ab015b5affd6f1c3c85911ca4b384e790?s=96&d=mm&r=g","caption":"Author"},"sameAs":["http:\/\/vof-news.eu"],"url":"https:\/\/vof-news.eu\/fr\/author\/zwt6qxnjulxbnyg\/"}]}},"yoast_meta":{"yoast_wpseo_title":"","yoast_wpseo_metadesc":"","yoast_wpseo_canonical":""},"_links":{"self":[{"href":"https:\/\/vof-news.eu\/fr\/wp-json\/wp\/v2\/posts\/247706","targetHints":{"allow":["GET"]}}],"collection":[{"href":"https:\/\/vof-news.eu\/fr\/wp-json\/wp\/v2\/posts"}],"about":[{"href":"https:\/\/vof-news.eu\/fr\/wp-json\/wp\/v2\/types\/post"}],"author":[{"embeddable":true,"href":"https:\/\/vof-news.eu\/fr\/wp-json\/wp\/v2\/users\/1"}],"replies":[{"embeddable":true,"href":"https:\/\/vof-news.eu\/fr\/wp-json\/wp\/v2\/comments?post=247706"}],"version-history":[{"count":1,"href":"https:\/\/vof-news.eu\/fr\/wp-json\/wp\/v2\/posts\/247706\/revisions"}],"predecessor-version":[{"id":247713,"href":"https:\/\/vof-news.eu\/fr\/wp-json\/wp\/v2\/posts\/247706\/revisions\/247713"}],"wp:featuredmedia":[{"embeddable":true,"href":"https:\/\/vof-news.eu\/fr\/wp-json\/wp\/v2\/media\/247707"}],"wp:attachment":[{"href":"https:\/\/vof-news.eu\/fr\/wp-json\/wp\/v2\/media?parent=247706"}],"wp:term":[{"taxonomy":"category","embeddable":true,"href":"https:\/\/vof-news.eu\/fr\/wp-json\/wp\/v2\/categories?post=247706"},{"taxonomy":"post_tag","embeddable":true,"href":"https:\/\/vof-news.eu\/fr\/wp-json\/wp\/v2\/tags?post=247706"}],"curies":[{"name":"wp","href":"https:\/\/api.w.org\/{rel}","templated":true}]}}