{"id":247674,"date":"2025-07-05T13:31:14","date_gmt":"2025-07-05T10:31:14","guid":{"rendered":"https:\/\/vof-news.eu\/municipales-2026-a-paris-trois-hommes-pour-une-union-de-la-gauche\/"},"modified":"2025-07-05T13:31:42","modified_gmt":"2025-07-05T10:31:42","slug":"municipales-2026-a-paris-trois-hommes-pour-une-union-de-la-gauche","status":"publish","type":"post","link":"https:\/\/vof-news.eu\/fr\/municipales-2026-a-paris-trois-hommes-pour-une-union-de-la-gauche\/","title":{"rendered":"Municipales\u00a02026\u00a0: \u00e0 Paris, trois hommes pour une union de la gauche"},"content":{"rendered":"<article>\n<p>Qui a la plus grosse capacit\u00e9 de rassemblement\u00a0? La comp\u00e9tition est officiellement ouverte entre les trois hommes susceptibles d\u2019unir la gauche aux \u00e9lections municipales de mars\u00a02026, \u00e0 Paris\u00a0: Ian Brossat, d\u00e9sign\u00e9 t\u00eate de liste des communistes, fin janvier, David Belliard, <a href=\"https:\/\/www.lemonde.fr\/politique\/article\/2025\/03\/23\/david-belliard-designe-candidat-des-ecologistes-pour-les-municipales-a-paris_6585168_823448.html\" rel=\"nofollow\">\u00e9lu par les militants \u00e9cologistes, le 23\u00a0mars<\/a>, et le socialiste Emmanuel Gr\u00e9goire, <a href=\"https:\/\/www.lemonde.fr\/politique\/article\/2025\/06\/30\/paris-emmanuel-gregoire-designe-candidat-du-parti-socialiste-aux-municipales-2026_6617030_823448.html\" rel=\"nofollow\">choisi par les siens, le 30\u00a0juin<\/a>.<\/p>\n<p>Tous issus de la majorit\u00e9 sortante, adjoint ou ex-adjoint \u00e0 la maire, Anne Hidalgo\u00a0(Parti socialiste, PS), \u00e9lus depuis au moins\u00a02014\u00a0au Conseil de Paris, ils ont le m\u00eame mot \u00e0 la bouche\u00a0: . L\u2019objectif est partag\u00e9, mais la m\u00e9thode pour y arriver varie selon les trois, chacun pensant \u00eatre le plus apte \u00e0 \u00eatre premier de cord\u00e9e.<\/p>\n<p>Pour la premi\u00e8re fois \u00e0 gauche, aucune personnalit\u00e9 ne s\u2019impose naturellement et l\u2019h\u00e9g\u00e9monie du PS n\u2019a plus rien d\u2019\u00e9vident\u00a0: Emmanuel Gr\u00e9goire lui-m\u00eame ne peut que reconna\u00eetre que . Dans ce jeu qui n\u2019a jamais \u00e9t\u00e9 aussi ouvert, qui d\u00e9tient la main gagnante\u00a0?<\/p>\n<h2>\u00ab\u00a0Le plus arm\u00e9 face \u00e0 Rachida Dati\u00a0\u00bb<\/h2>\n<p><strong>Il vous reste 79.51% de cet article \u00e0 lire. La suite est r\u00e9serv\u00e9e aux abonn\u00e9s.<\/strong><\/p>\n<\/article>\n","protected":false},"excerpt":{"rendered":"<p>Qui a la plus grosse capacit\u00e9 de rassemblement\u00a0? La comp\u00e9tition est officiellement ouverte entre les trois hommes susceptibles d\u2019unir la gauche aux \u00e9lections municipales de mars\u00a02026, \u00e0 Paris\u00a0: Ian Brossat, d\u00e9sign\u00e9 t\u00eate de liste des communistes, fin janvier, David Belliard, \u00e9lu par les militants \u00e9cologistes, le 23\u00a0mars, et le socialiste Emmanuel Gr\u00e9goire, choisi par les<\/p>\n","protected":false},"author":1,"featured_media":247675,"comment_status":"open","ping_status":"open","sticky":false,"template":"","format":"standard","meta":{"footnotes":""},"categories":[68],"tags":[],"class_list":["post-247674","post","type-post","status-publish","format-standard","has-post-thumbnail","hentry","category-politics-fr"],"acf":[],"yoast_head":"<!-- This site is optimized with the Yoast SEO plugin v22.9 - https:\/\/yoast.com\/wordpress\/plugins\/seo\/ -->\n<title>Municipales\u00a02026\u00a0: \u00e0 Paris, trois hommes pour une union de la gauche - vof-news.eu<\/title>\n<meta name=\"description\" content=\"Qui a la plus grosse capacit\u00e9 de rassemblement\u00a0? La comp\u00e9tition est officiellement ouverte entre les trois hommes susceptibles d\u2019unir la gauche aux \u00e9lections municipales de mars\u00a02026, \u00e0 Paris\u00a0: Ian Brossat, d\u00e9sign\u00e9 t\u00eate de liste des communistes, fin janvier, David Belliard, \u00e9lu par les militants \u00e9cologistes, le 23\u00a0mars, et le socialiste Emmanuel Gr\u00e9goire, choisi par les siens, le 30\u00a0juin. Tous issus de la majorit\u00e9 sortante, adjoint ou ex-adjoint \u00e0 la maire, Anne Hidalgo\u00a0(Parti socialiste, PS), \u00e9lus depuis au moins\u00a02014\u00a0au Conseil de Paris, ils ont le m\u00eame mot \u00e0 la bouche\u00a0: . L\u2019objectif est partag\u00e9, mais la m\u00e9thode pour y arriver varie selon les trois, chacun pensant \u00eatre le plus apte \u00e0 \u00eatre premier de cord\u00e9e. Pour la premi\u00e8re fois \u00e0 gauche, aucune personnalit\u00e9 ne s\u2019impose naturellement et l\u2019h\u00e9g\u00e9monie du PS n\u2019a plus rien d\u2019\u00e9vident\u00a0: Emmanuel Gr\u00e9goire lui-m\u00eame ne peut que reconna\u00eetre que . Dans ce jeu qui n\u2019a jamais \u00e9t\u00e9 aussi ouvert, qui d\u00e9tient la main gagnante\u00a0? \u00ab\u00a0Le plus arm\u00e9 face \u00e0 Rachida Dati\u00a0\u00bb Il vous reste 79.51% de cet article \u00e0 lire. La suite est r\u00e9serv\u00e9e aux abonn\u00e9s.\" \/>\n<meta name=\"robots\" content=\"noindex, follow, max-snippet:-1, max-image-preview:large, max-video-preview:-1\" \/>\n<meta property=\"og:locale\" content=\"fr_FR\" \/>\n<meta property=\"og:type\" content=\"article\" \/>\n<meta property=\"og:title\" content=\"Municipales\u00a02026\u00a0: \u00e0 Paris, trois hommes pour une union de la gauche - vof-news.eu\" \/>\n<meta property=\"og:description\" content=\"Qui a la plus grosse capacit\u00e9 de rassemblement\u00a0? La comp\u00e9tition est officiellement ouverte entre les trois hommes susceptibles d\u2019unir la gauche aux \u00e9lections municipales de mars\u00a02026, \u00e0 Paris\u00a0: Ian Brossat, d\u00e9sign\u00e9 t\u00eate de liste des communistes, fin janvier, David Belliard, \u00e9lu par les militants \u00e9cologistes, le 23\u00a0mars, et le socialiste Emmanuel Gr\u00e9goire, choisi par les siens, le 30\u00a0juin. Tous issus de la majorit\u00e9 sortante, adjoint ou ex-adjoint \u00e0 la maire, Anne Hidalgo\u00a0(Parti socialiste, PS), \u00e9lus depuis au moins\u00a02014\u00a0au Conseil de Paris, ils ont le m\u00eame mot \u00e0 la bouche\u00a0: . L\u2019objectif est partag\u00e9, mais la m\u00e9thode pour y arriver varie selon les trois, chacun pensant \u00eatre le plus apte \u00e0 \u00eatre premier de cord\u00e9e. Pour la premi\u00e8re fois \u00e0 gauche, aucune personnalit\u00e9 ne s\u2019impose naturellement et l\u2019h\u00e9g\u00e9monie du PS n\u2019a plus rien d\u2019\u00e9vident\u00a0: Emmanuel Gr\u00e9goire lui-m\u00eame ne peut que reconna\u00eetre que . Dans ce jeu qui n\u2019a jamais \u00e9t\u00e9 aussi ouvert, qui d\u00e9tient la main gagnante\u00a0? \u00ab\u00a0Le plus arm\u00e9 face \u00e0 Rachida Dati\u00a0\u00bb Il vous reste 79.51% de cet article \u00e0 lire. La suite est r\u00e9serv\u00e9e aux abonn\u00e9s.\" \/>\n<meta property=\"og:url\" content=\"https:\/\/vof-news.eu\/fr\/municipales-2026-a-paris-trois-hommes-pour-une-union-de-la-gauche\/\" \/>\n<meta property=\"og:site_name\" content=\"vof-news.eu\" \/>\n<meta property=\"article:published_time\" content=\"2025-07-05T10:31:14+00:00\" \/>\n<meta property=\"article:modified_time\" content=\"2025-07-05T10:31:42+00:00\" \/>\n<meta property=\"og:image\" content=\"https:\/\/vof-news.eu\/wp-content\/uploads\/2025\/07\/867aa18_upload-1-20kvp4yadrgl-564163.jpg\" \/>\n\t<meta property=\"og:image:width\" content=\"664\" \/>\n\t<meta property=\"og:image:height\" content=\"443\" \/>\n\t<meta property=\"og:image:type\" content=\"image\/jpeg\" \/>\n<meta name=\"author\" content=\"Author\" \/>\n<meta name=\"twitter:card\" content=\"summary_large_image\" \/>\n<meta name=\"twitter:label1\" content=\"\u00c9crit par\" \/>\n\t<meta name=\"twitter:data1\" content=\"Author\" \/>\n\t<meta name=\"twitter:label2\" content=\"Dur\u00e9e de lecture estim\u00e9e\" \/>\n\t<meta name=\"twitter:data2\" content=\"1 minute\" \/>\n<script type=\"application\/ld+json\" class=\"yoast-schema-graph\">{\"@context\":\"https:\/\/schema.org\",\"@graph\":[{\"@type\":\"WebPage\",\"@id\":\"https:\/\/vof-news.eu\/fr\/municipales-2026-a-paris-trois-hommes-pour-une-union-de-la-gauche\/\",\"url\":\"https:\/\/vof-news.eu\/fr\/municipales-2026-a-paris-trois-hommes-pour-une-union-de-la-gauche\/\",\"name\":\"Municipales\u00a02026\u00a0: \u00e0 Paris, trois hommes pour une union de la gauche - vof-news.eu\",\"isPartOf\":{\"@id\":\"https:\/\/vof-news.eu\/fr\/#website\"},\"primaryImageOfPage\":{\"@id\":\"https:\/\/vof-news.eu\/fr\/municipales-2026-a-paris-trois-hommes-pour-une-union-de-la-gauche\/#primaryimage\"},\"image\":{\"@id\":\"https:\/\/vof-news.eu\/fr\/municipales-2026-a-paris-trois-hommes-pour-une-union-de-la-gauche\/#primaryimage\"},\"thumbnailUrl\":\"https:\/\/vof-news.eu\/wp-content\/uploads\/2025\/07\/867aa18_upload-1-20kvp4yadrgl-564163.jpg\",\"datePublished\":\"2025-07-05T10:31:14+00:00\",\"dateModified\":\"2025-07-05T10:31:42+00:00\",\"author\":{\"@id\":\"https:\/\/vof-news.eu\/fr\/#\/schema\/person\/f6a2a4309f0561835797fd8c19b333ed\"},\"description\":\"Qui a la plus grosse capacit\u00e9 de rassemblement\u00a0? La comp\u00e9tition est officiellement ouverte entre les trois hommes susceptibles d\u2019unir la gauche aux \u00e9lections municipales de mars\u00a02026, \u00e0 Paris\u00a0: Ian Brossat, d\u00e9sign\u00e9 t\u00eate de liste des communistes, fin janvier, David Belliard, \u00e9lu par les militants \u00e9cologistes, le 23\u00a0mars, et le socialiste Emmanuel Gr\u00e9goire, choisi par les siens, le 30\u00a0juin. Tous issus de la majorit\u00e9 sortante, adjoint ou ex-adjoint \u00e0 la maire, Anne Hidalgo\u00a0(Parti socialiste, PS), \u00e9lus depuis au moins\u00a02014\u00a0au Conseil de Paris, ils ont le m\u00eame mot \u00e0 la bouche\u00a0: . L\u2019objectif est partag\u00e9, mais la m\u00e9thode pour y arriver varie selon les trois, chacun pensant \u00eatre le plus apte \u00e0 \u00eatre premier de cord\u00e9e. Pour la premi\u00e8re fois \u00e0 gauche, aucune personnalit\u00e9 ne s\u2019impose naturellement et l\u2019h\u00e9g\u00e9monie du PS n\u2019a plus rien d\u2019\u00e9vident\u00a0: Emmanuel Gr\u00e9goire lui-m\u00eame ne peut que reconna\u00eetre que . Dans ce jeu qui n\u2019a jamais \u00e9t\u00e9 aussi ouvert, qui d\u00e9tient la main gagnante\u00a0? \u00ab\u00a0Le plus arm\u00e9 face \u00e0 Rachida Dati\u00a0\u00bb Il vous reste 79.51% de cet article \u00e0 lire. La suite est r\u00e9serv\u00e9e aux abonn\u00e9s.\",\"breadcrumb\":{\"@id\":\"https:\/\/vof-news.eu\/fr\/municipales-2026-a-paris-trois-hommes-pour-une-union-de-la-gauche\/#breadcrumb\"},\"inLanguage\":\"fr-FR\",\"potentialAction\":[{\"@type\":\"ReadAction\",\"target\":[\"https:\/\/vof-news.eu\/fr\/municipales-2026-a-paris-trois-hommes-pour-une-union-de-la-gauche\/\"]}]},{\"@type\":\"ImageObject\",\"inLanguage\":\"fr-FR\",\"@id\":\"https:\/\/vof-news.eu\/fr\/municipales-2026-a-paris-trois-hommes-pour-une-union-de-la-gauche\/#primaryimage\",\"url\":\"https:\/\/vof-news.eu\/wp-content\/uploads\/2025\/07\/867aa18_upload-1-20kvp4yadrgl-564163.jpg\",\"contentUrl\":\"https:\/\/vof-news.eu\/wp-content\/uploads\/2025\/07\/867aa18_upload-1-20kvp4yadrgl-564163.jpg\",\"width\":664,\"height\":443},{\"@type\":\"BreadcrumbList\",\"@id\":\"https:\/\/vof-news.eu\/fr\/municipales-2026-a-paris-trois-hommes-pour-une-union-de-la-gauche\/#breadcrumb\",\"itemListElement\":[{\"@type\":\"ListItem\",\"position\":1,\"name\":\"Home\",\"item\":\"https:\/\/vof-news.eu\/fr\/\"},{\"@type\":\"ListItem\",\"position\":2,\"name\":\"Municipales\u00a02026\u00a0: \u00e0 Paris, trois hommes pour une union de la gauche\"}]},{\"@type\":\"WebSite\",\"@id\":\"https:\/\/vof-news.eu\/fr\/#website\",\"url\":\"https:\/\/vof-news.eu\/fr\/\",\"name\":\"vof-news.eu\",\"description\":\"\",\"potentialAction\":[{\"@type\":\"SearchAction\",\"target\":{\"@type\":\"EntryPoint\",\"urlTemplate\":\"https:\/\/vof-news.eu\/fr\/?s={search_term_string}\"},\"query-input\":\"required name=search_term_string\"}],\"inLanguage\":\"fr-FR\"},{\"@type\":\"Person\",\"@id\":\"https:\/\/vof-news.eu\/fr\/#\/schema\/person\/f6a2a4309f0561835797fd8c19b333ed\",\"name\":\"Author\",\"image\":{\"@type\":\"ImageObject\",\"inLanguage\":\"fr-FR\",\"@id\":\"https:\/\/vof-news.eu\/fr\/#\/schema\/person\/image\/\",\"url\":\"https:\/\/secure.gravatar.com\/avatar\/b67e614b1b25b3e9c0c239efdd2fde5ab015b5affd6f1c3c85911ca4b384e790?s=96&d=mm&r=g\",\"contentUrl\":\"https:\/\/secure.gravatar.com\/avatar\/b67e614b1b25b3e9c0c239efdd2fde5ab015b5affd6f1c3c85911ca4b384e790?s=96&d=mm&r=g\",\"caption\":\"Author\"},\"sameAs\":[\"http:\/\/vof-news.eu\"],\"url\":\"https:\/\/vof-news.eu\/fr\/author\/zwt6qxnjulxbnyg\/\"}]}<\/script>\n<!-- \/ Yoast SEO plugin. -->","yoast_head_json":{"title":"Municipales\u00a02026\u00a0: \u00e0 Paris, trois hommes pour une union de la gauche - vof-news.eu","description":"Qui a la plus grosse capacit\u00e9 de rassemblement\u00a0? La comp\u00e9tition est officiellement ouverte entre les trois hommes susceptibles d\u2019unir la gauche aux \u00e9lections municipales de mars\u00a02026, \u00e0 Paris\u00a0: Ian Brossat, d\u00e9sign\u00e9 t\u00eate de liste des communistes, fin janvier, David Belliard, \u00e9lu par les militants \u00e9cologistes, le 23\u00a0mars, et le socialiste Emmanuel Gr\u00e9goire, choisi par les siens, le 30\u00a0juin. Tous issus de la majorit\u00e9 sortante, adjoint ou ex-adjoint \u00e0 la maire, Anne Hidalgo\u00a0(Parti socialiste, PS), \u00e9lus depuis au moins\u00a02014\u00a0au Conseil de Paris, ils ont le m\u00eame mot \u00e0 la bouche\u00a0: . L\u2019objectif est partag\u00e9, mais la m\u00e9thode pour y arriver varie selon les trois, chacun pensant \u00eatre le plus apte \u00e0 \u00eatre premier de cord\u00e9e. Pour la premi\u00e8re fois \u00e0 gauche, aucune personnalit\u00e9 ne s\u2019impose naturellement et l\u2019h\u00e9g\u00e9monie du PS n\u2019a plus rien d\u2019\u00e9vident\u00a0: Emmanuel Gr\u00e9goire lui-m\u00eame ne peut que reconna\u00eetre que . Dans ce jeu qui n\u2019a jamais \u00e9t\u00e9 aussi ouvert, qui d\u00e9tient la main gagnante\u00a0? \u00ab\u00a0Le plus arm\u00e9 face \u00e0 Rachida Dati\u00a0\u00bb Il vous reste 79.51% de cet article \u00e0 lire. La suite est r\u00e9serv\u00e9e aux abonn\u00e9s.","robots":{"index":"noindex","follow":"follow","max-snippet":"max-snippet:-1","max-image-preview":"max-image-preview:large","max-video-preview":"max-video-preview:-1"},"og_locale":"fr_FR","og_type":"article","og_title":"Municipales\u00a02026\u00a0: \u00e0 Paris, trois hommes pour une union de la gauche - vof-news.eu","og_description":"Qui a la plus grosse capacit\u00e9 de rassemblement\u00a0? La comp\u00e9tition est officiellement ouverte entre les trois hommes susceptibles d\u2019unir la gauche aux \u00e9lections municipales de mars\u00a02026, \u00e0 Paris\u00a0: Ian Brossat, d\u00e9sign\u00e9 t\u00eate de liste des communistes, fin janvier, David Belliard, \u00e9lu par les militants \u00e9cologistes, le 23\u00a0mars, et le socialiste Emmanuel Gr\u00e9goire, choisi par les siens, le 30\u00a0juin. Tous issus de la majorit\u00e9 sortante, adjoint ou ex-adjoint \u00e0 la maire, Anne Hidalgo\u00a0(Parti socialiste, PS), \u00e9lus depuis au moins\u00a02014\u00a0au Conseil de Paris, ils ont le m\u00eame mot \u00e0 la bouche\u00a0: . L\u2019objectif est partag\u00e9, mais la m\u00e9thode pour y arriver varie selon les trois, chacun pensant \u00eatre le plus apte \u00e0 \u00eatre premier de cord\u00e9e. Pour la premi\u00e8re fois \u00e0 gauche, aucune personnalit\u00e9 ne s\u2019impose naturellement et l\u2019h\u00e9g\u00e9monie du PS n\u2019a plus rien d\u2019\u00e9vident\u00a0: Emmanuel Gr\u00e9goire lui-m\u00eame ne peut que reconna\u00eetre que . Dans ce jeu qui n\u2019a jamais \u00e9t\u00e9 aussi ouvert, qui d\u00e9tient la main gagnante\u00a0? \u00ab\u00a0Le plus arm\u00e9 face \u00e0 Rachida Dati\u00a0\u00bb Il vous reste 79.51% de cet article \u00e0 lire. La suite est r\u00e9serv\u00e9e aux abonn\u00e9s.","og_url":"https:\/\/vof-news.eu\/fr\/municipales-2026-a-paris-trois-hommes-pour-une-union-de-la-gauche\/","og_site_name":"vof-news.eu","article_published_time":"2025-07-05T10:31:14+00:00","article_modified_time":"2025-07-05T10:31:42+00:00","og_image":[{"width":664,"height":443,"url":"https:\/\/vof-news.eu\/wp-content\/uploads\/2025\/07\/867aa18_upload-1-20kvp4yadrgl-564163.jpg","type":"image\/jpeg"}],"author":"Author","twitter_card":"summary_large_image","twitter_misc":{"\u00c9crit par":"Author","Dur\u00e9e de lecture estim\u00e9e":"1 minute"},"schema":{"@context":"https:\/\/schema.org","@graph":[{"@type":"WebPage","@id":"https:\/\/vof-news.eu\/fr\/municipales-2026-a-paris-trois-hommes-pour-une-union-de-la-gauche\/","url":"https:\/\/vof-news.eu\/fr\/municipales-2026-a-paris-trois-hommes-pour-une-union-de-la-gauche\/","name":"Municipales\u00a02026\u00a0: \u00e0 Paris, trois hommes pour une union de la gauche - vof-news.eu","isPartOf":{"@id":"https:\/\/vof-news.eu\/fr\/#website"},"primaryImageOfPage":{"@id":"https:\/\/vof-news.eu\/fr\/municipales-2026-a-paris-trois-hommes-pour-une-union-de-la-gauche\/#primaryimage"},"image":{"@id":"https:\/\/vof-news.eu\/fr\/municipales-2026-a-paris-trois-hommes-pour-une-union-de-la-gauche\/#primaryimage"},"thumbnailUrl":"https:\/\/vof-news.eu\/wp-content\/uploads\/2025\/07\/867aa18_upload-1-20kvp4yadrgl-564163.jpg","datePublished":"2025-07-05T10:31:14+00:00","dateModified":"2025-07-05T10:31:42+00:00","author":{"@id":"https:\/\/vof-news.eu\/fr\/#\/schema\/person\/f6a2a4309f0561835797fd8c19b333ed"},"description":"Qui a la plus grosse capacit\u00e9 de rassemblement\u00a0? La comp\u00e9tition est officiellement ouverte entre les trois hommes susceptibles d\u2019unir la gauche aux \u00e9lections municipales de mars\u00a02026, \u00e0 Paris\u00a0: Ian Brossat, d\u00e9sign\u00e9 t\u00eate de liste des communistes, fin janvier, David Belliard, \u00e9lu par les militants \u00e9cologistes, le 23\u00a0mars, et le socialiste Emmanuel Gr\u00e9goire, choisi par les siens, le 30\u00a0juin. Tous issus de la majorit\u00e9 sortante, adjoint ou ex-adjoint \u00e0 la maire, Anne Hidalgo\u00a0(Parti socialiste, PS), \u00e9lus depuis au moins\u00a02014\u00a0au Conseil de Paris, ils ont le m\u00eame mot \u00e0 la bouche\u00a0: . L\u2019objectif est partag\u00e9, mais la m\u00e9thode pour y arriver varie selon les trois, chacun pensant \u00eatre le plus apte \u00e0 \u00eatre premier de cord\u00e9e. Pour la premi\u00e8re fois \u00e0 gauche, aucune personnalit\u00e9 ne s\u2019impose naturellement et l\u2019h\u00e9g\u00e9monie du PS n\u2019a plus rien d\u2019\u00e9vident\u00a0: Emmanuel Gr\u00e9goire lui-m\u00eame ne peut que reconna\u00eetre que . Dans ce jeu qui n\u2019a jamais \u00e9t\u00e9 aussi ouvert, qui d\u00e9tient la main gagnante\u00a0? \u00ab\u00a0Le plus arm\u00e9 face \u00e0 Rachida Dati\u00a0\u00bb Il vous reste 79.51% de cet article \u00e0 lire. La suite est r\u00e9serv\u00e9e aux abonn\u00e9s.","breadcrumb":{"@id":"https:\/\/vof-news.eu\/fr\/municipales-2026-a-paris-trois-hommes-pour-une-union-de-la-gauche\/#breadcrumb"},"inLanguage":"fr-FR","potentialAction":[{"@type":"ReadAction","target":["https:\/\/vof-news.eu\/fr\/municipales-2026-a-paris-trois-hommes-pour-une-union-de-la-gauche\/"]}]},{"@type":"ImageObject","inLanguage":"fr-FR","@id":"https:\/\/vof-news.eu\/fr\/municipales-2026-a-paris-trois-hommes-pour-une-union-de-la-gauche\/#primaryimage","url":"https:\/\/vof-news.eu\/wp-content\/uploads\/2025\/07\/867aa18_upload-1-20kvp4yadrgl-564163.jpg","contentUrl":"https:\/\/vof-news.eu\/wp-content\/uploads\/2025\/07\/867aa18_upload-1-20kvp4yadrgl-564163.jpg","width":664,"height":443},{"@type":"BreadcrumbList","@id":"https:\/\/vof-news.eu\/fr\/municipales-2026-a-paris-trois-hommes-pour-une-union-de-la-gauche\/#breadcrumb","itemListElement":[{"@type":"ListItem","position":1,"name":"Home","item":"https:\/\/vof-news.eu\/fr\/"},{"@type":"ListItem","position":2,"name":"Municipales\u00a02026\u00a0: \u00e0 Paris, trois hommes pour une union de la gauche"}]},{"@type":"WebSite","@id":"https:\/\/vof-news.eu\/fr\/#website","url":"https:\/\/vof-news.eu\/fr\/","name":"vof-news.eu","description":"","potentialAction":[{"@type":"SearchAction","target":{"@type":"EntryPoint","urlTemplate":"https:\/\/vof-news.eu\/fr\/?s={search_term_string}"},"query-input":"required name=search_term_string"}],"inLanguage":"fr-FR"},{"@type":"Person","@id":"https:\/\/vof-news.eu\/fr\/#\/schema\/person\/f6a2a4309f0561835797fd8c19b333ed","name":"Author","image":{"@type":"ImageObject","inLanguage":"fr-FR","@id":"https:\/\/vof-news.eu\/fr\/#\/schema\/person\/image\/","url":"https:\/\/secure.gravatar.com\/avatar\/b67e614b1b25b3e9c0c239efdd2fde5ab015b5affd6f1c3c85911ca4b384e790?s=96&d=mm&r=g","contentUrl":"https:\/\/secure.gravatar.com\/avatar\/b67e614b1b25b3e9c0c239efdd2fde5ab015b5affd6f1c3c85911ca4b384e790?s=96&d=mm&r=g","caption":"Author"},"sameAs":["http:\/\/vof-news.eu"],"url":"https:\/\/vof-news.eu\/fr\/author\/zwt6qxnjulxbnyg\/"}]}},"yoast_meta":{"yoast_wpseo_title":"","yoast_wpseo_metadesc":"","yoast_wpseo_canonical":""},"_links":{"self":[{"href":"https:\/\/vof-news.eu\/fr\/wp-json\/wp\/v2\/posts\/247674","targetHints":{"allow":["GET"]}}],"collection":[{"href":"https:\/\/vof-news.eu\/fr\/wp-json\/wp\/v2\/posts"}],"about":[{"href":"https:\/\/vof-news.eu\/fr\/wp-json\/wp\/v2\/types\/post"}],"author":[{"embeddable":true,"href":"https:\/\/vof-news.eu\/fr\/wp-json\/wp\/v2\/users\/1"}],"replies":[{"embeddable":true,"href":"https:\/\/vof-news.eu\/fr\/wp-json\/wp\/v2\/comments?post=247674"}],"version-history":[{"count":1,"href":"https:\/\/vof-news.eu\/fr\/wp-json\/wp\/v2\/posts\/247674\/revisions"}],"predecessor-version":[{"id":247681,"href":"https:\/\/vof-news.eu\/fr\/wp-json\/wp\/v2\/posts\/247674\/revisions\/247681"}],"wp:featuredmedia":[{"embeddable":true,"href":"https:\/\/vof-news.eu\/fr\/wp-json\/wp\/v2\/media\/247675"}],"wp:attachment":[{"href":"https:\/\/vof-news.eu\/fr\/wp-json\/wp\/v2\/media?parent=247674"}],"wp:term":[{"taxonomy":"category","embeddable":true,"href":"https:\/\/vof-news.eu\/fr\/wp-json\/wp\/v2\/categories?post=247674"},{"taxonomy":"post_tag","embeddable":true,"href":"https:\/\/vof-news.eu\/fr\/wp-json\/wp\/v2\/tags?post=247674"}],"curies":[{"name":"wp","href":"https:\/\/api.w.org\/{rel}","templated":true}]}}