{"id":247542,"date":"2025-07-05T07:35:47","date_gmt":"2025-07-05T04:35:47","guid":{"rendered":"https:\/\/vof-news.eu\/dominique-meda-quest-ce-qui-explique-la-haine-de-lecologie-qui-sert-de-ciment-en-europe-et-ailleurs\/"},"modified":"2025-07-05T07:36:23","modified_gmt":"2025-07-05T04:36:23","slug":"dominique-meda-quest-ce-qui-explique-la-haine-de-lecologie-qui-sert-de-ciment-en-europe-et-ailleurs","status":"publish","type":"post","link":"https:\/\/vof-news.eu\/fr\/dominique-meda-quest-ce-qui-explique-la-haine-de-lecologie-qui-sert-de-ciment-en-europe-et-ailleurs\/","title":{"rendered":"Dominique M\u00e9da\u00a0: \u00ab\u00a0Qu\u2019est-ce qui explique la haine de l\u2019\u00e9cologie, qui sert de ciment en Europe et ailleurs\u00a0?\u00a0\u00bb"},"content":{"rendered":"<article>\n<p><span>P<\/span>ar un malicieux hasard de calendrier, l\u2019amendement \u00e0 la proposition de loi Gremillet <a href=\"https:\/\/www.lemonde.fr\/energies\/article\/2025\/06\/19\/un-moratoire-sur-l-eolien-et-le-solaire-adopte-a-l-assemblee-nationale-par-un-vote-conjoint-de-la-droite-et-de-l-extreme-droite_6614663_1653054.html\" rel=\"nofollow\">instaurant un moratoire sur les \u00e9nergies \u00e9olienne et photovolta\u00efque<\/a> a \u00e9t\u00e9 vot\u00e9 par l\u2019Assembl\u00e9e nationale le 19\u00a0juin, la veille de l\u2019irruption d\u2019une canicule dont le lien avec le changement climatique est <a href=\"https:\/\/www.climameter.org\/20250620-22-western-european-heatwave\" rel=\"nofollow\">\u00e9tabli par le ClimaMeter, de l\u2019institut Pierre-Simon Laplace et du CNRS<\/a>. Cet amendement, d\u00e9pos\u00e9 par le groupe Les R\u00e9publicains (LR) et soutenu par le Rassemblement national (RN), interdisait \u00e0 l\u2019administration d\u2019instruire toute nouvelle demande d\u2019autorisation ou de renouvellement d\u2019autorisation pour des projets \u00e9oliens ou photovolta\u00efques, et ce, pour une dur\u00e9e ind\u00e9finie, alors m\u00eame que notre pays n\u2019a jamais eu autant besoin d\u2019une politique ambitieuse pour lutter efficacement contre le changement climatique.<\/p>\n<p>Certes, depuis, <a href=\"https:\/\/www.lemonde.fr\/politique\/article\/2025\/06\/24\/energie-et-climat-le-rejet-annonce-de-la-proposition-de-loi-gremillet-a-l-issue-d-un-parcours-chaotique-a-l-assemblee_6615553_823448.html\" rel=\"nofollow\">l\u2019Assembl\u00e9e nationale a rejet\u00e9 massivement<\/a> l\u2019ensemble de la proposition de loi et le texte est d\u00e9sormais renvoy\u00e9 au S\u00e9nat pour une seconde lecture pr\u00e9vue les 8 et 9\u00a0juillet. Mais cet \u00e9v\u00e9nement suscite une double question\u00a0: comment des partis politiques qui pr\u00e9tendent gouverner la France ont-ils pu en arriver \u00e0 une position aussi irresponsable\u00a0? Qu\u2019est-ce qui explique la haine de l\u2019\u00e9cologie qui semble se renforcer dans les rangs de la droite et de l\u2019extr\u00eame droite, et m\u00eame servir de ciment \u00e0 leur alliance, en Europe et ailleurs dans le monde\u00a0?<\/p>\n<p>La question se pose d\u2019autant plus que ni le RN ni LR ne s\u2019int\u00e9ressaient particuli\u00e8rement \u00e0 ces sujets il y a quelques ann\u00e9es. Certes, on comprend qu\u2019il y a l\u00e0 une occasion pour ces partis de rebondir sur la col\u00e8re suscit\u00e9e par l\u2019augmentation des prix de l\u2019\u00e9nergie, la bronca des agriculteurs, la fronde contre les zones \u00e0 faibles \u00e9missions , les difficult\u00e9s des chefs d\u2019entreprise.<\/p>\n<p>En\u00a02022, la th\u00e9matique avait \u00e9t\u00e9 accommod\u00e9e par le RN \u00e0 sa vision du monde\u00a0: dans la partie de son programme pr\u00e9sidentiel consacr\u00e9e \u00e0 l\u2019environnement, Marine Le Pen ne se revendiquait pas anti\u00e9cologie mais <a href=\"https:\/\/www.lemonde.fr\/idees\/article\/2024\/03\/13\/l-ecologie-punitive-un-slogan-facile-qui-agit-comme-un-repoussoir-et-confisque-le-debat-democratique_6221697_3232.html\" rel=\"nofollow\">anti-<\/a>, critiquant les diktats venus de Bruxelles, l\u2019\u00ab\u00a0\u00e9coterrorisme\u00a0\u00bb, l\u2019enlaidissement des paysages d\u00fb aux \u00e9oliennes, et promouvant localisme, protection du patrimoine et usage du nucl\u00e9aire.<\/p>\n<p><strong>Il vous reste 64.99% de cet article \u00e0 lire. La suite est r\u00e9serv\u00e9e aux abonn\u00e9s.<\/strong><\/p>\n<\/article>\n","protected":false},"excerpt":{"rendered":"<p>Par un malicieux hasard de calendrier, l\u2019amendement \u00e0 la proposition de loi Gremillet instaurant un moratoire sur les \u00e9nergies \u00e9olienne et photovolta\u00efque a \u00e9t\u00e9 vot\u00e9 par l\u2019Assembl\u00e9e nationale le 19\u00a0juin, la veille de l\u2019irruption d\u2019une canicule dont le lien avec le changement climatique est \u00e9tabli par le ClimaMeter, de l\u2019institut Pierre-Simon Laplace et du CNRS.<\/p>\n","protected":false},"author":1,"featured_media":0,"comment_status":"open","ping_status":"open","sticky":false,"template":"","format":"standard","meta":{"footnotes":""},"categories":[58],"tags":[],"class_list":["post-247542","post","type-post","status-publish","format-standard","hentry","category-business-fr"],"acf":[],"yoast_head":"<!-- This site is optimized with the Yoast SEO plugin v22.9 - https:\/\/yoast.com\/wordpress\/plugins\/seo\/ -->\n<title>Dominique M\u00e9da\u00a0: \u00ab\u00a0Qu\u2019est-ce qui explique la haine de l\u2019\u00e9cologie, qui sert de ciment en Europe et ailleurs\u00a0?\u00a0\u00bb - vof-news.eu<\/title>\n<meta name=\"description\" content=\"Par un malicieux hasard de calendrier, l\u2019amendement \u00e0 la proposition de loi Gremillet instaurant un moratoire sur les \u00e9nergies \u00e9olienne et photovolta\u00efque a \u00e9t\u00e9 vot\u00e9 par l\u2019Assembl\u00e9e nationale le 19\u00a0juin, la veille de l\u2019irruption d\u2019une canicule dont le lien avec le changement climatique est \u00e9tabli par le ClimaMeter, de l\u2019institut Pierre-Simon Laplace et du CNRS. Cet amendement, d\u00e9pos\u00e9 par le groupe Les R\u00e9publicains (LR) et soutenu par le Rassemblement national (RN), interdisait \u00e0 l\u2019administration d\u2019instruire toute nouvelle demande d\u2019autorisation ou de renouvellement d\u2019autorisation pour des projets \u00e9oliens ou photovolta\u00efques, et ce, pour une dur\u00e9e ind\u00e9finie, alors m\u00eame que notre pays n\u2019a jamais eu autant besoin d\u2019une politique ambitieuse pour lutter efficacement contre le changement climatique. Certes, depuis, l\u2019Assembl\u00e9e nationale a rejet\u00e9 massivement l\u2019ensemble de la proposition de loi et le texte est d\u00e9sormais renvoy\u00e9 au S\u00e9nat pour une seconde lecture pr\u00e9vue les 8 et 9\u00a0juillet. Mais cet \u00e9v\u00e9nement suscite une double question\u00a0: comment des partis politiques qui pr\u00e9tendent gouverner la France ont-ils pu en arriver \u00e0 une position aussi irresponsable\u00a0? Qu\u2019est-ce qui explique la haine de l\u2019\u00e9cologie qui semble se renforcer dans les rangs de la droite et de l\u2019extr\u00eame droite, et m\u00eame servir de ciment \u00e0 leur alliance, en Europe et ailleurs dans le monde\u00a0? La question se pose d\u2019autant plus que ni le RN ni LR ne s\u2019int\u00e9ressaient particuli\u00e8rement \u00e0 ces sujets il y a quelques ann\u00e9es. Certes, on comprend qu\u2019il y a l\u00e0 une occasion pour ces partis de rebondir sur la col\u00e8re suscit\u00e9e par l\u2019augmentation des prix de l\u2019\u00e9nergie, la bronca des agriculteurs, la fronde contre les zones \u00e0 faibles \u00e9missions , les difficult\u00e9s des chefs d\u2019entreprise. En\u00a02022, la th\u00e9matique avait \u00e9t\u00e9 accommod\u00e9e par le RN \u00e0 sa vision du monde\u00a0: dans la partie de son programme pr\u00e9sidentiel consacr\u00e9e \u00e0 l\u2019environnement, Marine Le Pen ne se revendiquait pas anti\u00e9cologie mais anti-, critiquant les diktats venus de Bruxelles, l\u2019\u00ab\u00a0\u00e9coterrorisme\u00a0\u00bb, l\u2019enlaidissement des paysages d\u00fb aux \u00e9oliennes, et promouvant localisme, protection du patrimoine et usage du nucl\u00e9aire. Il vous reste 64.99% de cet article \u00e0 lire. La suite est r\u00e9serv\u00e9e aux abonn\u00e9s.\" \/>\n<meta name=\"robots\" content=\"noindex, follow, max-snippet:-1, max-image-preview:large, max-video-preview:-1\" \/>\n<meta property=\"og:locale\" content=\"fr_FR\" \/>\n<meta property=\"og:type\" content=\"article\" \/>\n<meta property=\"og:title\" content=\"Dominique M\u00e9da\u00a0: \u00ab\u00a0Qu\u2019est-ce qui explique la haine de l\u2019\u00e9cologie, qui sert de ciment en Europe et ailleurs\u00a0?\u00a0\u00bb - vof-news.eu\" \/>\n<meta property=\"og:description\" content=\"Par un malicieux hasard de calendrier, l\u2019amendement \u00e0 la proposition de loi Gremillet instaurant un moratoire sur les \u00e9nergies \u00e9olienne et photovolta\u00efque a \u00e9t\u00e9 vot\u00e9 par l\u2019Assembl\u00e9e nationale le 19\u00a0juin, la veille de l\u2019irruption d\u2019une canicule dont le lien avec le changement climatique est \u00e9tabli par le ClimaMeter, de l\u2019institut Pierre-Simon Laplace et du CNRS. Cet amendement, d\u00e9pos\u00e9 par le groupe Les R\u00e9publicains (LR) et soutenu par le Rassemblement national (RN), interdisait \u00e0 l\u2019administration d\u2019instruire toute nouvelle demande d\u2019autorisation ou de renouvellement d\u2019autorisation pour des projets \u00e9oliens ou photovolta\u00efques, et ce, pour une dur\u00e9e ind\u00e9finie, alors m\u00eame que notre pays n\u2019a jamais eu autant besoin d\u2019une politique ambitieuse pour lutter efficacement contre le changement climatique. Certes, depuis, l\u2019Assembl\u00e9e nationale a rejet\u00e9 massivement l\u2019ensemble de la proposition de loi et le texte est d\u00e9sormais renvoy\u00e9 au S\u00e9nat pour une seconde lecture pr\u00e9vue les 8 et 9\u00a0juillet. Mais cet \u00e9v\u00e9nement suscite une double question\u00a0: comment des partis politiques qui pr\u00e9tendent gouverner la France ont-ils pu en arriver \u00e0 une position aussi irresponsable\u00a0? Qu\u2019est-ce qui explique la haine de l\u2019\u00e9cologie qui semble se renforcer dans les rangs de la droite et de l\u2019extr\u00eame droite, et m\u00eame servir de ciment \u00e0 leur alliance, en Europe et ailleurs dans le monde\u00a0? La question se pose d\u2019autant plus que ni le RN ni LR ne s\u2019int\u00e9ressaient particuli\u00e8rement \u00e0 ces sujets il y a quelques ann\u00e9es. Certes, on comprend qu\u2019il y a l\u00e0 une occasion pour ces partis de rebondir sur la col\u00e8re suscit\u00e9e par l\u2019augmentation des prix de l\u2019\u00e9nergie, la bronca des agriculteurs, la fronde contre les zones \u00e0 faibles \u00e9missions , les difficult\u00e9s des chefs d\u2019entreprise. En\u00a02022, la th\u00e9matique avait \u00e9t\u00e9 accommod\u00e9e par le RN \u00e0 sa vision du monde\u00a0: dans la partie de son programme pr\u00e9sidentiel consacr\u00e9e \u00e0 l\u2019environnement, Marine Le Pen ne se revendiquait pas anti\u00e9cologie mais anti-, critiquant les diktats venus de Bruxelles, l\u2019\u00ab\u00a0\u00e9coterrorisme\u00a0\u00bb, l\u2019enlaidissement des paysages d\u00fb aux \u00e9oliennes, et promouvant localisme, protection du patrimoine et usage du nucl\u00e9aire. Il vous reste 64.99% de cet article \u00e0 lire. La suite est r\u00e9serv\u00e9e aux abonn\u00e9s.\" \/>\n<meta property=\"og:url\" content=\"https:\/\/vof-news.eu\/fr\/dominique-meda-quest-ce-qui-explique-la-haine-de-lecologie-qui-sert-de-ciment-en-europe-et-ailleurs\/\" \/>\n<meta property=\"og:site_name\" content=\"vof-news.eu\" \/>\n<meta property=\"article:published_time\" content=\"2025-07-05T04:35:47+00:00\" \/>\n<meta property=\"article:modified_time\" content=\"2025-07-05T04:36:23+00:00\" \/>\n<meta name=\"author\" content=\"Author\" \/>\n<meta name=\"twitter:card\" content=\"summary_large_image\" \/>\n<meta name=\"twitter:label1\" content=\"\u00c9crit par\" \/>\n\t<meta name=\"twitter:data1\" content=\"Author\" \/>\n\t<meta name=\"twitter:label2\" content=\"Dur\u00e9e de lecture estim\u00e9e\" \/>\n\t<meta name=\"twitter:data2\" content=\"2 minutes\" \/>\n<script type=\"application\/ld+json\" class=\"yoast-schema-graph\">{\"@context\":\"https:\/\/schema.org\",\"@graph\":[{\"@type\":\"WebPage\",\"@id\":\"https:\/\/vof-news.eu\/fr\/dominique-meda-quest-ce-qui-explique-la-haine-de-lecologie-qui-sert-de-ciment-en-europe-et-ailleurs\/\",\"url\":\"https:\/\/vof-news.eu\/fr\/dominique-meda-quest-ce-qui-explique-la-haine-de-lecologie-qui-sert-de-ciment-en-europe-et-ailleurs\/\",\"name\":\"Dominique M\u00e9da\u00a0: \u00ab\u00a0Qu\u2019est-ce qui explique la haine de l\u2019\u00e9cologie, qui sert de ciment en Europe et ailleurs\u00a0?\u00a0\u00bb - vof-news.eu\",\"isPartOf\":{\"@id\":\"https:\/\/vof-news.eu\/fr\/#website\"},\"datePublished\":\"2025-07-05T04:35:47+00:00\",\"dateModified\":\"2025-07-05T04:36:23+00:00\",\"author\":{\"@id\":\"https:\/\/vof-news.eu\/fr\/#\/schema\/person\/f6a2a4309f0561835797fd8c19b333ed\"},\"description\":\"Par un malicieux hasard de calendrier, l\u2019amendement \u00e0 la proposition de loi Gremillet instaurant un moratoire sur les \u00e9nergies \u00e9olienne et photovolta\u00efque a \u00e9t\u00e9 vot\u00e9 par l\u2019Assembl\u00e9e nationale le 19\u00a0juin, la veille de l\u2019irruption d\u2019une canicule dont le lien avec le changement climatique est \u00e9tabli par le ClimaMeter, de l\u2019institut Pierre-Simon Laplace et du CNRS. Cet amendement, d\u00e9pos\u00e9 par le groupe Les R\u00e9publicains (LR) et soutenu par le Rassemblement national (RN), interdisait \u00e0 l\u2019administration d\u2019instruire toute nouvelle demande d\u2019autorisation ou de renouvellement d\u2019autorisation pour des projets \u00e9oliens ou photovolta\u00efques, et ce, pour une dur\u00e9e ind\u00e9finie, alors m\u00eame que notre pays n\u2019a jamais eu autant besoin d\u2019une politique ambitieuse pour lutter efficacement contre le changement climatique. Certes, depuis, l\u2019Assembl\u00e9e nationale a rejet\u00e9 massivement l\u2019ensemble de la proposition de loi et le texte est d\u00e9sormais renvoy\u00e9 au S\u00e9nat pour une seconde lecture pr\u00e9vue les 8 et 9\u00a0juillet. Mais cet \u00e9v\u00e9nement suscite une double question\u00a0: comment des partis politiques qui pr\u00e9tendent gouverner la France ont-ils pu en arriver \u00e0 une position aussi irresponsable\u00a0? Qu\u2019est-ce qui explique la haine de l\u2019\u00e9cologie qui semble se renforcer dans les rangs de la droite et de l\u2019extr\u00eame droite, et m\u00eame servir de ciment \u00e0 leur alliance, en Europe et ailleurs dans le monde\u00a0? La question se pose d\u2019autant plus que ni le RN ni LR ne s\u2019int\u00e9ressaient particuli\u00e8rement \u00e0 ces sujets il y a quelques ann\u00e9es. Certes, on comprend qu\u2019il y a l\u00e0 une occasion pour ces partis de rebondir sur la col\u00e8re suscit\u00e9e par l\u2019augmentation des prix de l\u2019\u00e9nergie, la bronca des agriculteurs, la fronde contre les zones \u00e0 faibles \u00e9missions , les difficult\u00e9s des chefs d\u2019entreprise. En\u00a02022, la th\u00e9matique avait \u00e9t\u00e9 accommod\u00e9e par le RN \u00e0 sa vision du monde\u00a0: dans la partie de son programme pr\u00e9sidentiel consacr\u00e9e \u00e0 l\u2019environnement, Marine Le Pen ne se revendiquait pas anti\u00e9cologie mais anti-, critiquant les diktats venus de Bruxelles, l\u2019\u00ab\u00a0\u00e9coterrorisme\u00a0\u00bb, l\u2019enlaidissement des paysages d\u00fb aux \u00e9oliennes, et promouvant localisme, protection du patrimoine et usage du nucl\u00e9aire. Il vous reste 64.99% de cet article \u00e0 lire. La suite est r\u00e9serv\u00e9e aux abonn\u00e9s.\",\"breadcrumb\":{\"@id\":\"https:\/\/vof-news.eu\/fr\/dominique-meda-quest-ce-qui-explique-la-haine-de-lecologie-qui-sert-de-ciment-en-europe-et-ailleurs\/#breadcrumb\"},\"inLanguage\":\"fr-FR\",\"potentialAction\":[{\"@type\":\"ReadAction\",\"target\":[\"https:\/\/vof-news.eu\/fr\/dominique-meda-quest-ce-qui-explique-la-haine-de-lecologie-qui-sert-de-ciment-en-europe-et-ailleurs\/\"]}]},{\"@type\":\"BreadcrumbList\",\"@id\":\"https:\/\/vof-news.eu\/fr\/dominique-meda-quest-ce-qui-explique-la-haine-de-lecologie-qui-sert-de-ciment-en-europe-et-ailleurs\/#breadcrumb\",\"itemListElement\":[{\"@type\":\"ListItem\",\"position\":1,\"name\":\"Home\",\"item\":\"https:\/\/vof-news.eu\/fr\/\"},{\"@type\":\"ListItem\",\"position\":2,\"name\":\"Dominique M\u00e9da\u00a0: \u00ab\u00a0Qu\u2019est-ce qui explique la haine de l\u2019\u00e9cologie, qui sert de ciment en Europe et ailleurs\u00a0?\u00a0\u00bb\"}]},{\"@type\":\"WebSite\",\"@id\":\"https:\/\/vof-news.eu\/fr\/#website\",\"url\":\"https:\/\/vof-news.eu\/fr\/\",\"name\":\"vof-news.eu\",\"description\":\"\",\"potentialAction\":[{\"@type\":\"SearchAction\",\"target\":{\"@type\":\"EntryPoint\",\"urlTemplate\":\"https:\/\/vof-news.eu\/fr\/?s={search_term_string}\"},\"query-input\":\"required name=search_term_string\"}],\"inLanguage\":\"fr-FR\"},{\"@type\":\"Person\",\"@id\":\"https:\/\/vof-news.eu\/fr\/#\/schema\/person\/f6a2a4309f0561835797fd8c19b333ed\",\"name\":\"Author\",\"image\":{\"@type\":\"ImageObject\",\"inLanguage\":\"fr-FR\",\"@id\":\"https:\/\/vof-news.eu\/fr\/#\/schema\/person\/image\/\",\"url\":\"https:\/\/secure.gravatar.com\/avatar\/b67e614b1b25b3e9c0c239efdd2fde5ab015b5affd6f1c3c85911ca4b384e790?s=96&d=mm&r=g\",\"contentUrl\":\"https:\/\/secure.gravatar.com\/avatar\/b67e614b1b25b3e9c0c239efdd2fde5ab015b5affd6f1c3c85911ca4b384e790?s=96&d=mm&r=g\",\"caption\":\"Author\"},\"sameAs\":[\"http:\/\/vof-news.eu\"],\"url\":\"https:\/\/vof-news.eu\/fr\/author\/zwt6qxnjulxbnyg\/\"}]}<\/script>\n<!-- \/ Yoast SEO plugin. -->","yoast_head_json":{"title":"Dominique M\u00e9da\u00a0: \u00ab\u00a0Qu\u2019est-ce qui explique la haine de l\u2019\u00e9cologie, qui sert de ciment en Europe et ailleurs\u00a0?\u00a0\u00bb - vof-news.eu","description":"Par un malicieux hasard de calendrier, l\u2019amendement \u00e0 la proposition de loi Gremillet instaurant un moratoire sur les \u00e9nergies \u00e9olienne et photovolta\u00efque a \u00e9t\u00e9 vot\u00e9 par l\u2019Assembl\u00e9e nationale le 19\u00a0juin, la veille de l\u2019irruption d\u2019une canicule dont le lien avec le changement climatique est \u00e9tabli par le ClimaMeter, de l\u2019institut Pierre-Simon Laplace et du CNRS. Cet amendement, d\u00e9pos\u00e9 par le groupe Les R\u00e9publicains (LR) et soutenu par le Rassemblement national (RN), interdisait \u00e0 l\u2019administration d\u2019instruire toute nouvelle demande d\u2019autorisation ou de renouvellement d\u2019autorisation pour des projets \u00e9oliens ou photovolta\u00efques, et ce, pour une dur\u00e9e ind\u00e9finie, alors m\u00eame que notre pays n\u2019a jamais eu autant besoin d\u2019une politique ambitieuse pour lutter efficacement contre le changement climatique. Certes, depuis, l\u2019Assembl\u00e9e nationale a rejet\u00e9 massivement l\u2019ensemble de la proposition de loi et le texte est d\u00e9sormais renvoy\u00e9 au S\u00e9nat pour une seconde lecture pr\u00e9vue les 8 et 9\u00a0juillet. Mais cet \u00e9v\u00e9nement suscite une double question\u00a0: comment des partis politiques qui pr\u00e9tendent gouverner la France ont-ils pu en arriver \u00e0 une position aussi irresponsable\u00a0? Qu\u2019est-ce qui explique la haine de l\u2019\u00e9cologie qui semble se renforcer dans les rangs de la droite et de l\u2019extr\u00eame droite, et m\u00eame servir de ciment \u00e0 leur alliance, en Europe et ailleurs dans le monde\u00a0? La question se pose d\u2019autant plus que ni le RN ni LR ne s\u2019int\u00e9ressaient particuli\u00e8rement \u00e0 ces sujets il y a quelques ann\u00e9es. Certes, on comprend qu\u2019il y a l\u00e0 une occasion pour ces partis de rebondir sur la col\u00e8re suscit\u00e9e par l\u2019augmentation des prix de l\u2019\u00e9nergie, la bronca des agriculteurs, la fronde contre les zones \u00e0 faibles \u00e9missions , les difficult\u00e9s des chefs d\u2019entreprise. En\u00a02022, la th\u00e9matique avait \u00e9t\u00e9 accommod\u00e9e par le RN \u00e0 sa vision du monde\u00a0: dans la partie de son programme pr\u00e9sidentiel consacr\u00e9e \u00e0 l\u2019environnement, Marine Le Pen ne se revendiquait pas anti\u00e9cologie mais anti-, critiquant les diktats venus de Bruxelles, l\u2019\u00ab\u00a0\u00e9coterrorisme\u00a0\u00bb, l\u2019enlaidissement des paysages d\u00fb aux \u00e9oliennes, et promouvant localisme, protection du patrimoine et usage du nucl\u00e9aire. Il vous reste 64.99% de cet article \u00e0 lire. La suite est r\u00e9serv\u00e9e aux abonn\u00e9s.","robots":{"index":"noindex","follow":"follow","max-snippet":"max-snippet:-1","max-image-preview":"max-image-preview:large","max-video-preview":"max-video-preview:-1"},"og_locale":"fr_FR","og_type":"article","og_title":"Dominique M\u00e9da\u00a0: \u00ab\u00a0Qu\u2019est-ce qui explique la haine de l\u2019\u00e9cologie, qui sert de ciment en Europe et ailleurs\u00a0?\u00a0\u00bb - vof-news.eu","og_description":"Par un malicieux hasard de calendrier, l\u2019amendement \u00e0 la proposition de loi Gremillet instaurant un moratoire sur les \u00e9nergies \u00e9olienne et photovolta\u00efque a \u00e9t\u00e9 vot\u00e9 par l\u2019Assembl\u00e9e nationale le 19\u00a0juin, la veille de l\u2019irruption d\u2019une canicule dont le lien avec le changement climatique est \u00e9tabli par le ClimaMeter, de l\u2019institut Pierre-Simon Laplace et du CNRS. Cet amendement, d\u00e9pos\u00e9 par le groupe Les R\u00e9publicains (LR) et soutenu par le Rassemblement national (RN), interdisait \u00e0 l\u2019administration d\u2019instruire toute nouvelle demande d\u2019autorisation ou de renouvellement d\u2019autorisation pour des projets \u00e9oliens ou photovolta\u00efques, et ce, pour une dur\u00e9e ind\u00e9finie, alors m\u00eame que notre pays n\u2019a jamais eu autant besoin d\u2019une politique ambitieuse pour lutter efficacement contre le changement climatique. Certes, depuis, l\u2019Assembl\u00e9e nationale a rejet\u00e9 massivement l\u2019ensemble de la proposition de loi et le texte est d\u00e9sormais renvoy\u00e9 au S\u00e9nat pour une seconde lecture pr\u00e9vue les 8 et 9\u00a0juillet. Mais cet \u00e9v\u00e9nement suscite une double question\u00a0: comment des partis politiques qui pr\u00e9tendent gouverner la France ont-ils pu en arriver \u00e0 une position aussi irresponsable\u00a0? Qu\u2019est-ce qui explique la haine de l\u2019\u00e9cologie qui semble se renforcer dans les rangs de la droite et de l\u2019extr\u00eame droite, et m\u00eame servir de ciment \u00e0 leur alliance, en Europe et ailleurs dans le monde\u00a0? La question se pose d\u2019autant plus que ni le RN ni LR ne s\u2019int\u00e9ressaient particuli\u00e8rement \u00e0 ces sujets il y a quelques ann\u00e9es. Certes, on comprend qu\u2019il y a l\u00e0 une occasion pour ces partis de rebondir sur la col\u00e8re suscit\u00e9e par l\u2019augmentation des prix de l\u2019\u00e9nergie, la bronca des agriculteurs, la fronde contre les zones \u00e0 faibles \u00e9missions , les difficult\u00e9s des chefs d\u2019entreprise. En\u00a02022, la th\u00e9matique avait \u00e9t\u00e9 accommod\u00e9e par le RN \u00e0 sa vision du monde\u00a0: dans la partie de son programme pr\u00e9sidentiel consacr\u00e9e \u00e0 l\u2019environnement, Marine Le Pen ne se revendiquait pas anti\u00e9cologie mais anti-, critiquant les diktats venus de Bruxelles, l\u2019\u00ab\u00a0\u00e9coterrorisme\u00a0\u00bb, l\u2019enlaidissement des paysages d\u00fb aux \u00e9oliennes, et promouvant localisme, protection du patrimoine et usage du nucl\u00e9aire. Il vous reste 64.99% de cet article \u00e0 lire. La suite est r\u00e9serv\u00e9e aux abonn\u00e9s.","og_url":"https:\/\/vof-news.eu\/fr\/dominique-meda-quest-ce-qui-explique-la-haine-de-lecologie-qui-sert-de-ciment-en-europe-et-ailleurs\/","og_site_name":"vof-news.eu","article_published_time":"2025-07-05T04:35:47+00:00","article_modified_time":"2025-07-05T04:36:23+00:00","author":"Author","twitter_card":"summary_large_image","twitter_misc":{"\u00c9crit par":"Author","Dur\u00e9e de lecture estim\u00e9e":"2 minutes"},"schema":{"@context":"https:\/\/schema.org","@graph":[{"@type":"WebPage","@id":"https:\/\/vof-news.eu\/fr\/dominique-meda-quest-ce-qui-explique-la-haine-de-lecologie-qui-sert-de-ciment-en-europe-et-ailleurs\/","url":"https:\/\/vof-news.eu\/fr\/dominique-meda-quest-ce-qui-explique-la-haine-de-lecologie-qui-sert-de-ciment-en-europe-et-ailleurs\/","name":"Dominique M\u00e9da\u00a0: \u00ab\u00a0Qu\u2019est-ce qui explique la haine de l\u2019\u00e9cologie, qui sert de ciment en Europe et ailleurs\u00a0?\u00a0\u00bb - vof-news.eu","isPartOf":{"@id":"https:\/\/vof-news.eu\/fr\/#website"},"datePublished":"2025-07-05T04:35:47+00:00","dateModified":"2025-07-05T04:36:23+00:00","author":{"@id":"https:\/\/vof-news.eu\/fr\/#\/schema\/person\/f6a2a4309f0561835797fd8c19b333ed"},"description":"Par un malicieux hasard de calendrier, l\u2019amendement \u00e0 la proposition de loi Gremillet instaurant un moratoire sur les \u00e9nergies \u00e9olienne et photovolta\u00efque a \u00e9t\u00e9 vot\u00e9 par l\u2019Assembl\u00e9e nationale le 19\u00a0juin, la veille de l\u2019irruption d\u2019une canicule dont le lien avec le changement climatique est \u00e9tabli par le ClimaMeter, de l\u2019institut Pierre-Simon Laplace et du CNRS. Cet amendement, d\u00e9pos\u00e9 par le groupe Les R\u00e9publicains (LR) et soutenu par le Rassemblement national (RN), interdisait \u00e0 l\u2019administration d\u2019instruire toute nouvelle demande d\u2019autorisation ou de renouvellement d\u2019autorisation pour des projets \u00e9oliens ou photovolta\u00efques, et ce, pour une dur\u00e9e ind\u00e9finie, alors m\u00eame que notre pays n\u2019a jamais eu autant besoin d\u2019une politique ambitieuse pour lutter efficacement contre le changement climatique. Certes, depuis, l\u2019Assembl\u00e9e nationale a rejet\u00e9 massivement l\u2019ensemble de la proposition de loi et le texte est d\u00e9sormais renvoy\u00e9 au S\u00e9nat pour une seconde lecture pr\u00e9vue les 8 et 9\u00a0juillet. Mais cet \u00e9v\u00e9nement suscite une double question\u00a0: comment des partis politiques qui pr\u00e9tendent gouverner la France ont-ils pu en arriver \u00e0 une position aussi irresponsable\u00a0? Qu\u2019est-ce qui explique la haine de l\u2019\u00e9cologie qui semble se renforcer dans les rangs de la droite et de l\u2019extr\u00eame droite, et m\u00eame servir de ciment \u00e0 leur alliance, en Europe et ailleurs dans le monde\u00a0? La question se pose d\u2019autant plus que ni le RN ni LR ne s\u2019int\u00e9ressaient particuli\u00e8rement \u00e0 ces sujets il y a quelques ann\u00e9es. Certes, on comprend qu\u2019il y a l\u00e0 une occasion pour ces partis de rebondir sur la col\u00e8re suscit\u00e9e par l\u2019augmentation des prix de l\u2019\u00e9nergie, la bronca des agriculteurs, la fronde contre les zones \u00e0 faibles \u00e9missions , les difficult\u00e9s des chefs d\u2019entreprise. En\u00a02022, la th\u00e9matique avait \u00e9t\u00e9 accommod\u00e9e par le RN \u00e0 sa vision du monde\u00a0: dans la partie de son programme pr\u00e9sidentiel consacr\u00e9e \u00e0 l\u2019environnement, Marine Le Pen ne se revendiquait pas anti\u00e9cologie mais anti-, critiquant les diktats venus de Bruxelles, l\u2019\u00ab\u00a0\u00e9coterrorisme\u00a0\u00bb, l\u2019enlaidissement des paysages d\u00fb aux \u00e9oliennes, et promouvant localisme, protection du patrimoine et usage du nucl\u00e9aire. Il vous reste 64.99% de cet article \u00e0 lire. La suite est r\u00e9serv\u00e9e aux abonn\u00e9s.","breadcrumb":{"@id":"https:\/\/vof-news.eu\/fr\/dominique-meda-quest-ce-qui-explique-la-haine-de-lecologie-qui-sert-de-ciment-en-europe-et-ailleurs\/#breadcrumb"},"inLanguage":"fr-FR","potentialAction":[{"@type":"ReadAction","target":["https:\/\/vof-news.eu\/fr\/dominique-meda-quest-ce-qui-explique-la-haine-de-lecologie-qui-sert-de-ciment-en-europe-et-ailleurs\/"]}]},{"@type":"BreadcrumbList","@id":"https:\/\/vof-news.eu\/fr\/dominique-meda-quest-ce-qui-explique-la-haine-de-lecologie-qui-sert-de-ciment-en-europe-et-ailleurs\/#breadcrumb","itemListElement":[{"@type":"ListItem","position":1,"name":"Home","item":"https:\/\/vof-news.eu\/fr\/"},{"@type":"ListItem","position":2,"name":"Dominique M\u00e9da\u00a0: \u00ab\u00a0Qu\u2019est-ce qui explique la haine de l\u2019\u00e9cologie, qui sert de ciment en Europe et ailleurs\u00a0?\u00a0\u00bb"}]},{"@type":"WebSite","@id":"https:\/\/vof-news.eu\/fr\/#website","url":"https:\/\/vof-news.eu\/fr\/","name":"vof-news.eu","description":"","potentialAction":[{"@type":"SearchAction","target":{"@type":"EntryPoint","urlTemplate":"https:\/\/vof-news.eu\/fr\/?s={search_term_string}"},"query-input":"required name=search_term_string"}],"inLanguage":"fr-FR"},{"@type":"Person","@id":"https:\/\/vof-news.eu\/fr\/#\/schema\/person\/f6a2a4309f0561835797fd8c19b333ed","name":"Author","image":{"@type":"ImageObject","inLanguage":"fr-FR","@id":"https:\/\/vof-news.eu\/fr\/#\/schema\/person\/image\/","url":"https:\/\/secure.gravatar.com\/avatar\/b67e614b1b25b3e9c0c239efdd2fde5ab015b5affd6f1c3c85911ca4b384e790?s=96&d=mm&r=g","contentUrl":"https:\/\/secure.gravatar.com\/avatar\/b67e614b1b25b3e9c0c239efdd2fde5ab015b5affd6f1c3c85911ca4b384e790?s=96&d=mm&r=g","caption":"Author"},"sameAs":["http:\/\/vof-news.eu"],"url":"https:\/\/vof-news.eu\/fr\/author\/zwt6qxnjulxbnyg\/"}]}},"yoast_meta":{"yoast_wpseo_title":"","yoast_wpseo_metadesc":"","yoast_wpseo_canonical":""},"_links":{"self":[{"href":"https:\/\/vof-news.eu\/fr\/wp-json\/wp\/v2\/posts\/247542","targetHints":{"allow":["GET"]}}],"collection":[{"href":"https:\/\/vof-news.eu\/fr\/wp-json\/wp\/v2\/posts"}],"about":[{"href":"https:\/\/vof-news.eu\/fr\/wp-json\/wp\/v2\/types\/post"}],"author":[{"embeddable":true,"href":"https:\/\/vof-news.eu\/fr\/wp-json\/wp\/v2\/users\/1"}],"replies":[{"embeddable":true,"href":"https:\/\/vof-news.eu\/fr\/wp-json\/wp\/v2\/comments?post=247542"}],"version-history":[{"count":1,"href":"https:\/\/vof-news.eu\/fr\/wp-json\/wp\/v2\/posts\/247542\/revisions"}],"predecessor-version":[{"id":247543,"href":"https:\/\/vof-news.eu\/fr\/wp-json\/wp\/v2\/posts\/247542\/revisions\/247543"}],"wp:attachment":[{"href":"https:\/\/vof-news.eu\/fr\/wp-json\/wp\/v2\/media?parent=247542"}],"wp:term":[{"taxonomy":"category","embeddable":true,"href":"https:\/\/vof-news.eu\/fr\/wp-json\/wp\/v2\/categories?post=247542"},{"taxonomy":"post_tag","embeddable":true,"href":"https:\/\/vof-news.eu\/fr\/wp-json\/wp\/v2\/tags?post=247542"}],"curies":[{"name":"wp","href":"https:\/\/api.w.org\/{rel}","templated":true}]}}