{"id":247518,"date":"2025-07-05T07:32:31","date_gmt":"2025-07-05T04:32:31","guid":{"rendered":"https:\/\/vof-news.eu\/emmanuel-macron-affaiblit-un-peu-plus-francois-bayrou-en-lui-reprochant-la-cacophonie-gouvernementale\/"},"modified":"2025-07-05T07:32:48","modified_gmt":"2025-07-05T04:32:48","slug":"emmanuel-macron-affaiblit-un-peu-plus-francois-bayrou-en-lui-reprochant-la-cacophonie-gouvernementale","status":"publish","type":"post","link":"https:\/\/vof-news.eu\/fr\/emmanuel-macron-affaiblit-un-peu-plus-francois-bayrou-en-lui-reprochant-la-cacophonie-gouvernementale\/","title":{"rendered":"Emmanuel Macron affaiblit un peu plus Fran\u00e7ois Bayrou, en lui reprochant la cacophonie gouvernementale"},"content":{"rendered":"<article>\n<p>Un an apr\u00e8s l\u2019\u00e9chec cuisant de son camp aux \u00e9lections l\u00e9gislatives anticip\u00e9es de 2024, Emmanuel Macron retrouvera, le 8\u00a0juillet, le pouvoir de dissoudre l\u2019Assembl\u00e9e nationale. Une \u00e9tape \u00e9minemment symbolique\u00a0: \u00e0 moins de deux ans de l\u2019\u00e9lection pr\u00e9sidentielle, le chef de l\u2019Etat peut de nouveau agiter la menace d\u2019une dissolution  (\u2026), affirmait-il d\u00e9but juin.<\/p>\n<p>Or la situation politique, \u00e0 dix jours de la pr\u00e9sentation des grandes orientations du budget par Fran\u00e7ois Bayrou, appara\u00eet plus chaotique que jamais. Le \u00ab\u00a0socle commun\u00a0\u00bb n\u2019est plus qu\u2019une , constate un ancien ministre, et l\u2019Assembl\u00e9e nationale un , soupire le d\u00e9put\u00e9 (Renaissance) des Fran\u00e7ais \u00e9tablis hors de France Vincent Caure.  [proposition de loi] , tr\u00e8s \u00e9loign\u00e9es des enjeux du moment, persifle une ministre de premier plan.<\/p>\n<p><strong>Il vous reste 87.31% de cet article \u00e0 lire. La suite est r\u00e9serv\u00e9e aux abonn\u00e9s.<\/strong><\/p>\n<\/article>\n","protected":false},"excerpt":{"rendered":"<p>Un an apr\u00e8s l\u2019\u00e9chec cuisant de son camp aux \u00e9lections l\u00e9gislatives anticip\u00e9es de 2024, Emmanuel Macron retrouvera, le 8\u00a0juillet, le pouvoir de dissoudre l\u2019Assembl\u00e9e nationale. Une \u00e9tape \u00e9minemment symbolique\u00a0: \u00e0 moins de deux ans de l\u2019\u00e9lection pr\u00e9sidentielle, le chef de l\u2019Etat peut de nouveau agiter la menace d\u2019une dissolution (\u2026), affirmait-il d\u00e9but juin. Or la<\/p>\n","protected":false},"author":1,"featured_media":247519,"comment_status":"open","ping_status":"open","sticky":false,"template":"","format":"standard","meta":{"footnotes":""},"categories":[68],"tags":[],"class_list":["post-247518","post","type-post","status-publish","format-standard","has-post-thumbnail","hentry","category-politics-fr"],"acf":[],"yoast_head":"<!-- This site is optimized with the Yoast SEO plugin v22.9 - https:\/\/yoast.com\/wordpress\/plugins\/seo\/ -->\n<title>Emmanuel Macron affaiblit un peu plus Fran\u00e7ois Bayrou, en lui reprochant la cacophonie gouvernementale - vof-news.eu<\/title>\n<meta name=\"description\" content=\"Un an apr\u00e8s l\u2019\u00e9chec cuisant de son camp aux \u00e9lections l\u00e9gislatives anticip\u00e9es de 2024, Emmanuel Macron retrouvera, le 8\u00a0juillet, le pouvoir de dissoudre l\u2019Assembl\u00e9e nationale. Une \u00e9tape \u00e9minemment symbolique\u00a0: \u00e0 moins de deux ans de l\u2019\u00e9lection pr\u00e9sidentielle, le chef de l\u2019Etat peut de nouveau agiter la menace d\u2019une dissolution (\u2026), affirmait-il d\u00e9but juin. Or la situation politique, \u00e0 dix jours de la pr\u00e9sentation des grandes orientations du budget par Fran\u00e7ois Bayrou, appara\u00eet plus chaotique que jamais. Le \u00ab\u00a0socle commun\u00a0\u00bb n\u2019est plus qu\u2019une , constate un ancien ministre, et l\u2019Assembl\u00e9e nationale un , soupire le d\u00e9put\u00e9 (Renaissance) des Fran\u00e7ais \u00e9tablis hors de France Vincent Caure. [proposition de loi] , tr\u00e8s \u00e9loign\u00e9es des enjeux du moment, persifle une ministre de premier plan. Il vous reste 87.31% de cet article \u00e0 lire. La suite est r\u00e9serv\u00e9e aux abonn\u00e9s.\" \/>\n<meta name=\"robots\" content=\"noindex, follow, max-snippet:-1, max-image-preview:large, max-video-preview:-1\" \/>\n<meta property=\"og:locale\" content=\"fr_FR\" \/>\n<meta property=\"og:type\" content=\"article\" \/>\n<meta property=\"og:title\" content=\"Emmanuel Macron affaiblit un peu plus Fran\u00e7ois Bayrou, en lui reprochant la cacophonie gouvernementale - vof-news.eu\" \/>\n<meta property=\"og:description\" content=\"Un an apr\u00e8s l\u2019\u00e9chec cuisant de son camp aux \u00e9lections l\u00e9gislatives anticip\u00e9es de 2024, Emmanuel Macron retrouvera, le 8\u00a0juillet, le pouvoir de dissoudre l\u2019Assembl\u00e9e nationale. Une \u00e9tape \u00e9minemment symbolique\u00a0: \u00e0 moins de deux ans de l\u2019\u00e9lection pr\u00e9sidentielle, le chef de l\u2019Etat peut de nouveau agiter la menace d\u2019une dissolution (\u2026), affirmait-il d\u00e9but juin. Or la situation politique, \u00e0 dix jours de la pr\u00e9sentation des grandes orientations du budget par Fran\u00e7ois Bayrou, appara\u00eet plus chaotique que jamais. Le \u00ab\u00a0socle commun\u00a0\u00bb n\u2019est plus qu\u2019une , constate un ancien ministre, et l\u2019Assembl\u00e9e nationale un , soupire le d\u00e9put\u00e9 (Renaissance) des Fran\u00e7ais \u00e9tablis hors de France Vincent Caure. [proposition de loi] , tr\u00e8s \u00e9loign\u00e9es des enjeux du moment, persifle une ministre de premier plan. Il vous reste 87.31% de cet article \u00e0 lire. La suite est r\u00e9serv\u00e9e aux abonn\u00e9s.\" \/>\n<meta property=\"og:url\" content=\"https:\/\/vof-news.eu\/fr\/emmanuel-macron-affaiblit-un-peu-plus-francois-bayrou-en-lui-reprochant-la-cacophonie-gouvernementale\/\" \/>\n<meta property=\"og:site_name\" content=\"vof-news.eu\" \/>\n<meta property=\"article:published_time\" content=\"2025-07-05T04:32:31+00:00\" \/>\n<meta property=\"article:modified_time\" content=\"2025-07-05T04:32:48+00:00\" \/>\n<meta property=\"og:image\" content=\"https:\/\/vof-news.eu\/wp-content\/uploads\/2025\/07\/8d8470a_upload-1-nwv7z4tlzymu-924581.jpg\" \/>\n\t<meta property=\"og:image:width\" content=\"664\" \/>\n\t<meta property=\"og:image:height\" content=\"442\" \/>\n\t<meta property=\"og:image:type\" content=\"image\/jpeg\" \/>\n<meta name=\"author\" content=\"Author\" \/>\n<meta name=\"twitter:card\" content=\"summary_large_image\" \/>\n<meta name=\"twitter:label1\" content=\"\u00c9crit par\" \/>\n\t<meta name=\"twitter:data1\" content=\"Author\" \/>\n\t<meta name=\"twitter:label2\" content=\"Dur\u00e9e de lecture estim\u00e9e\" \/>\n\t<meta name=\"twitter:data2\" content=\"1 minute\" \/>\n<script type=\"application\/ld+json\" class=\"yoast-schema-graph\">{\"@context\":\"https:\/\/schema.org\",\"@graph\":[{\"@type\":\"WebPage\",\"@id\":\"https:\/\/vof-news.eu\/fr\/emmanuel-macron-affaiblit-un-peu-plus-francois-bayrou-en-lui-reprochant-la-cacophonie-gouvernementale\/\",\"url\":\"https:\/\/vof-news.eu\/fr\/emmanuel-macron-affaiblit-un-peu-plus-francois-bayrou-en-lui-reprochant-la-cacophonie-gouvernementale\/\",\"name\":\"Emmanuel Macron affaiblit un peu plus Fran\u00e7ois Bayrou, en lui reprochant la cacophonie gouvernementale - vof-news.eu\",\"isPartOf\":{\"@id\":\"https:\/\/vof-news.eu\/fr\/#website\"},\"primaryImageOfPage\":{\"@id\":\"https:\/\/vof-news.eu\/fr\/emmanuel-macron-affaiblit-un-peu-plus-francois-bayrou-en-lui-reprochant-la-cacophonie-gouvernementale\/#primaryimage\"},\"image\":{\"@id\":\"https:\/\/vof-news.eu\/fr\/emmanuel-macron-affaiblit-un-peu-plus-francois-bayrou-en-lui-reprochant-la-cacophonie-gouvernementale\/#primaryimage\"},\"thumbnailUrl\":\"https:\/\/vof-news.eu\/wp-content\/uploads\/2025\/07\/8d8470a_upload-1-nwv7z4tlzymu-924581.jpg\",\"datePublished\":\"2025-07-05T04:32:31+00:00\",\"dateModified\":\"2025-07-05T04:32:48+00:00\",\"author\":{\"@id\":\"https:\/\/vof-news.eu\/fr\/#\/schema\/person\/f6a2a4309f0561835797fd8c19b333ed\"},\"description\":\"Un an apr\u00e8s l\u2019\u00e9chec cuisant de son camp aux \u00e9lections l\u00e9gislatives anticip\u00e9es de 2024, Emmanuel Macron retrouvera, le 8\u00a0juillet, le pouvoir de dissoudre l\u2019Assembl\u00e9e nationale. Une \u00e9tape \u00e9minemment symbolique\u00a0: \u00e0 moins de deux ans de l\u2019\u00e9lection pr\u00e9sidentielle, le chef de l\u2019Etat peut de nouveau agiter la menace d\u2019une dissolution (\u2026), affirmait-il d\u00e9but juin. Or la situation politique, \u00e0 dix jours de la pr\u00e9sentation des grandes orientations du budget par Fran\u00e7ois Bayrou, appara\u00eet plus chaotique que jamais. Le \u00ab\u00a0socle commun\u00a0\u00bb n\u2019est plus qu\u2019une , constate un ancien ministre, et l\u2019Assembl\u00e9e nationale un , soupire le d\u00e9put\u00e9 (Renaissance) des Fran\u00e7ais \u00e9tablis hors de France Vincent Caure. [proposition de loi] , tr\u00e8s \u00e9loign\u00e9es des enjeux du moment, persifle une ministre de premier plan. Il vous reste 87.31% de cet article \u00e0 lire. La suite est r\u00e9serv\u00e9e aux abonn\u00e9s.\",\"breadcrumb\":{\"@id\":\"https:\/\/vof-news.eu\/fr\/emmanuel-macron-affaiblit-un-peu-plus-francois-bayrou-en-lui-reprochant-la-cacophonie-gouvernementale\/#breadcrumb\"},\"inLanguage\":\"fr-FR\",\"potentialAction\":[{\"@type\":\"ReadAction\",\"target\":[\"https:\/\/vof-news.eu\/fr\/emmanuel-macron-affaiblit-un-peu-plus-francois-bayrou-en-lui-reprochant-la-cacophonie-gouvernementale\/\"]}]},{\"@type\":\"ImageObject\",\"inLanguage\":\"fr-FR\",\"@id\":\"https:\/\/vof-news.eu\/fr\/emmanuel-macron-affaiblit-un-peu-plus-francois-bayrou-en-lui-reprochant-la-cacophonie-gouvernementale\/#primaryimage\",\"url\":\"https:\/\/vof-news.eu\/wp-content\/uploads\/2025\/07\/8d8470a_upload-1-nwv7z4tlzymu-924581.jpg\",\"contentUrl\":\"https:\/\/vof-news.eu\/wp-content\/uploads\/2025\/07\/8d8470a_upload-1-nwv7z4tlzymu-924581.jpg\",\"width\":664,\"height\":442},{\"@type\":\"BreadcrumbList\",\"@id\":\"https:\/\/vof-news.eu\/fr\/emmanuel-macron-affaiblit-un-peu-plus-francois-bayrou-en-lui-reprochant-la-cacophonie-gouvernementale\/#breadcrumb\",\"itemListElement\":[{\"@type\":\"ListItem\",\"position\":1,\"name\":\"Home\",\"item\":\"https:\/\/vof-news.eu\/fr\/\"},{\"@type\":\"ListItem\",\"position\":2,\"name\":\"Emmanuel Macron affaiblit un peu plus Fran\u00e7ois Bayrou, en lui reprochant la cacophonie gouvernementale\"}]},{\"@type\":\"WebSite\",\"@id\":\"https:\/\/vof-news.eu\/fr\/#website\",\"url\":\"https:\/\/vof-news.eu\/fr\/\",\"name\":\"vof-news.eu\",\"description\":\"\",\"potentialAction\":[{\"@type\":\"SearchAction\",\"target\":{\"@type\":\"EntryPoint\",\"urlTemplate\":\"https:\/\/vof-news.eu\/fr\/?s={search_term_string}\"},\"query-input\":\"required name=search_term_string\"}],\"inLanguage\":\"fr-FR\"},{\"@type\":\"Person\",\"@id\":\"https:\/\/vof-news.eu\/fr\/#\/schema\/person\/f6a2a4309f0561835797fd8c19b333ed\",\"name\":\"Author\",\"image\":{\"@type\":\"ImageObject\",\"inLanguage\":\"fr-FR\",\"@id\":\"https:\/\/vof-news.eu\/fr\/#\/schema\/person\/image\/\",\"url\":\"https:\/\/secure.gravatar.com\/avatar\/b67e614b1b25b3e9c0c239efdd2fde5ab015b5affd6f1c3c85911ca4b384e790?s=96&d=mm&r=g\",\"contentUrl\":\"https:\/\/secure.gravatar.com\/avatar\/b67e614b1b25b3e9c0c239efdd2fde5ab015b5affd6f1c3c85911ca4b384e790?s=96&d=mm&r=g\",\"caption\":\"Author\"},\"sameAs\":[\"http:\/\/vof-news.eu\"],\"url\":\"https:\/\/vof-news.eu\/fr\/author\/zwt6qxnjulxbnyg\/\"}]}<\/script>\n<!-- \/ Yoast SEO plugin. -->","yoast_head_json":{"title":"Emmanuel Macron affaiblit un peu plus Fran\u00e7ois Bayrou, en lui reprochant la cacophonie gouvernementale - vof-news.eu","description":"Un an apr\u00e8s l\u2019\u00e9chec cuisant de son camp aux \u00e9lections l\u00e9gislatives anticip\u00e9es de 2024, Emmanuel Macron retrouvera, le 8\u00a0juillet, le pouvoir de dissoudre l\u2019Assembl\u00e9e nationale. Une \u00e9tape \u00e9minemment symbolique\u00a0: \u00e0 moins de deux ans de l\u2019\u00e9lection pr\u00e9sidentielle, le chef de l\u2019Etat peut de nouveau agiter la menace d\u2019une dissolution (\u2026), affirmait-il d\u00e9but juin. Or la situation politique, \u00e0 dix jours de la pr\u00e9sentation des grandes orientations du budget par Fran\u00e7ois Bayrou, appara\u00eet plus chaotique que jamais. Le \u00ab\u00a0socle commun\u00a0\u00bb n\u2019est plus qu\u2019une , constate un ancien ministre, et l\u2019Assembl\u00e9e nationale un , soupire le d\u00e9put\u00e9 (Renaissance) des Fran\u00e7ais \u00e9tablis hors de France Vincent Caure. [proposition de loi] , tr\u00e8s \u00e9loign\u00e9es des enjeux du moment, persifle une ministre de premier plan. Il vous reste 87.31% de cet article \u00e0 lire. La suite est r\u00e9serv\u00e9e aux abonn\u00e9s.","robots":{"index":"noindex","follow":"follow","max-snippet":"max-snippet:-1","max-image-preview":"max-image-preview:large","max-video-preview":"max-video-preview:-1"},"og_locale":"fr_FR","og_type":"article","og_title":"Emmanuel Macron affaiblit un peu plus Fran\u00e7ois Bayrou, en lui reprochant la cacophonie gouvernementale - vof-news.eu","og_description":"Un an apr\u00e8s l\u2019\u00e9chec cuisant de son camp aux \u00e9lections l\u00e9gislatives anticip\u00e9es de 2024, Emmanuel Macron retrouvera, le 8\u00a0juillet, le pouvoir de dissoudre l\u2019Assembl\u00e9e nationale. Une \u00e9tape \u00e9minemment symbolique\u00a0: \u00e0 moins de deux ans de l\u2019\u00e9lection pr\u00e9sidentielle, le chef de l\u2019Etat peut de nouveau agiter la menace d\u2019une dissolution (\u2026), affirmait-il d\u00e9but juin. Or la situation politique, \u00e0 dix jours de la pr\u00e9sentation des grandes orientations du budget par Fran\u00e7ois Bayrou, appara\u00eet plus chaotique que jamais. Le \u00ab\u00a0socle commun\u00a0\u00bb n\u2019est plus qu\u2019une , constate un ancien ministre, et l\u2019Assembl\u00e9e nationale un , soupire le d\u00e9put\u00e9 (Renaissance) des Fran\u00e7ais \u00e9tablis hors de France Vincent Caure. [proposition de loi] , tr\u00e8s \u00e9loign\u00e9es des enjeux du moment, persifle une ministre de premier plan. Il vous reste 87.31% de cet article \u00e0 lire. La suite est r\u00e9serv\u00e9e aux abonn\u00e9s.","og_url":"https:\/\/vof-news.eu\/fr\/emmanuel-macron-affaiblit-un-peu-plus-francois-bayrou-en-lui-reprochant-la-cacophonie-gouvernementale\/","og_site_name":"vof-news.eu","article_published_time":"2025-07-05T04:32:31+00:00","article_modified_time":"2025-07-05T04:32:48+00:00","og_image":[{"width":664,"height":442,"url":"https:\/\/vof-news.eu\/wp-content\/uploads\/2025\/07\/8d8470a_upload-1-nwv7z4tlzymu-924581.jpg","type":"image\/jpeg"}],"author":"Author","twitter_card":"summary_large_image","twitter_misc":{"\u00c9crit par":"Author","Dur\u00e9e de lecture estim\u00e9e":"1 minute"},"schema":{"@context":"https:\/\/schema.org","@graph":[{"@type":"WebPage","@id":"https:\/\/vof-news.eu\/fr\/emmanuel-macron-affaiblit-un-peu-plus-francois-bayrou-en-lui-reprochant-la-cacophonie-gouvernementale\/","url":"https:\/\/vof-news.eu\/fr\/emmanuel-macron-affaiblit-un-peu-plus-francois-bayrou-en-lui-reprochant-la-cacophonie-gouvernementale\/","name":"Emmanuel Macron affaiblit un peu plus Fran\u00e7ois Bayrou, en lui reprochant la cacophonie gouvernementale - vof-news.eu","isPartOf":{"@id":"https:\/\/vof-news.eu\/fr\/#website"},"primaryImageOfPage":{"@id":"https:\/\/vof-news.eu\/fr\/emmanuel-macron-affaiblit-un-peu-plus-francois-bayrou-en-lui-reprochant-la-cacophonie-gouvernementale\/#primaryimage"},"image":{"@id":"https:\/\/vof-news.eu\/fr\/emmanuel-macron-affaiblit-un-peu-plus-francois-bayrou-en-lui-reprochant-la-cacophonie-gouvernementale\/#primaryimage"},"thumbnailUrl":"https:\/\/vof-news.eu\/wp-content\/uploads\/2025\/07\/8d8470a_upload-1-nwv7z4tlzymu-924581.jpg","datePublished":"2025-07-05T04:32:31+00:00","dateModified":"2025-07-05T04:32:48+00:00","author":{"@id":"https:\/\/vof-news.eu\/fr\/#\/schema\/person\/f6a2a4309f0561835797fd8c19b333ed"},"description":"Un an apr\u00e8s l\u2019\u00e9chec cuisant de son camp aux \u00e9lections l\u00e9gislatives anticip\u00e9es de 2024, Emmanuel Macron retrouvera, le 8\u00a0juillet, le pouvoir de dissoudre l\u2019Assembl\u00e9e nationale. Une \u00e9tape \u00e9minemment symbolique\u00a0: \u00e0 moins de deux ans de l\u2019\u00e9lection pr\u00e9sidentielle, le chef de l\u2019Etat peut de nouveau agiter la menace d\u2019une dissolution (\u2026), affirmait-il d\u00e9but juin. Or la situation politique, \u00e0 dix jours de la pr\u00e9sentation des grandes orientations du budget par Fran\u00e7ois Bayrou, appara\u00eet plus chaotique que jamais. Le \u00ab\u00a0socle commun\u00a0\u00bb n\u2019est plus qu\u2019une , constate un ancien ministre, et l\u2019Assembl\u00e9e nationale un , soupire le d\u00e9put\u00e9 (Renaissance) des Fran\u00e7ais \u00e9tablis hors de France Vincent Caure. [proposition de loi] , tr\u00e8s \u00e9loign\u00e9es des enjeux du moment, persifle une ministre de premier plan. Il vous reste 87.31% de cet article \u00e0 lire. La suite est r\u00e9serv\u00e9e aux abonn\u00e9s.","breadcrumb":{"@id":"https:\/\/vof-news.eu\/fr\/emmanuel-macron-affaiblit-un-peu-plus-francois-bayrou-en-lui-reprochant-la-cacophonie-gouvernementale\/#breadcrumb"},"inLanguage":"fr-FR","potentialAction":[{"@type":"ReadAction","target":["https:\/\/vof-news.eu\/fr\/emmanuel-macron-affaiblit-un-peu-plus-francois-bayrou-en-lui-reprochant-la-cacophonie-gouvernementale\/"]}]},{"@type":"ImageObject","inLanguage":"fr-FR","@id":"https:\/\/vof-news.eu\/fr\/emmanuel-macron-affaiblit-un-peu-plus-francois-bayrou-en-lui-reprochant-la-cacophonie-gouvernementale\/#primaryimage","url":"https:\/\/vof-news.eu\/wp-content\/uploads\/2025\/07\/8d8470a_upload-1-nwv7z4tlzymu-924581.jpg","contentUrl":"https:\/\/vof-news.eu\/wp-content\/uploads\/2025\/07\/8d8470a_upload-1-nwv7z4tlzymu-924581.jpg","width":664,"height":442},{"@type":"BreadcrumbList","@id":"https:\/\/vof-news.eu\/fr\/emmanuel-macron-affaiblit-un-peu-plus-francois-bayrou-en-lui-reprochant-la-cacophonie-gouvernementale\/#breadcrumb","itemListElement":[{"@type":"ListItem","position":1,"name":"Home","item":"https:\/\/vof-news.eu\/fr\/"},{"@type":"ListItem","position":2,"name":"Emmanuel Macron affaiblit un peu plus Fran\u00e7ois Bayrou, en lui reprochant la cacophonie gouvernementale"}]},{"@type":"WebSite","@id":"https:\/\/vof-news.eu\/fr\/#website","url":"https:\/\/vof-news.eu\/fr\/","name":"vof-news.eu","description":"","potentialAction":[{"@type":"SearchAction","target":{"@type":"EntryPoint","urlTemplate":"https:\/\/vof-news.eu\/fr\/?s={search_term_string}"},"query-input":"required name=search_term_string"}],"inLanguage":"fr-FR"},{"@type":"Person","@id":"https:\/\/vof-news.eu\/fr\/#\/schema\/person\/f6a2a4309f0561835797fd8c19b333ed","name":"Author","image":{"@type":"ImageObject","inLanguage":"fr-FR","@id":"https:\/\/vof-news.eu\/fr\/#\/schema\/person\/image\/","url":"https:\/\/secure.gravatar.com\/avatar\/b67e614b1b25b3e9c0c239efdd2fde5ab015b5affd6f1c3c85911ca4b384e790?s=96&d=mm&r=g","contentUrl":"https:\/\/secure.gravatar.com\/avatar\/b67e614b1b25b3e9c0c239efdd2fde5ab015b5affd6f1c3c85911ca4b384e790?s=96&d=mm&r=g","caption":"Author"},"sameAs":["http:\/\/vof-news.eu"],"url":"https:\/\/vof-news.eu\/fr\/author\/zwt6qxnjulxbnyg\/"}]}},"yoast_meta":{"yoast_wpseo_title":"","yoast_wpseo_metadesc":"","yoast_wpseo_canonical":""},"_links":{"self":[{"href":"https:\/\/vof-news.eu\/fr\/wp-json\/wp\/v2\/posts\/247518","targetHints":{"allow":["GET"]}}],"collection":[{"href":"https:\/\/vof-news.eu\/fr\/wp-json\/wp\/v2\/posts"}],"about":[{"href":"https:\/\/vof-news.eu\/fr\/wp-json\/wp\/v2\/types\/post"}],"author":[{"embeddable":true,"href":"https:\/\/vof-news.eu\/fr\/wp-json\/wp\/v2\/users\/1"}],"replies":[{"embeddable":true,"href":"https:\/\/vof-news.eu\/fr\/wp-json\/wp\/v2\/comments?post=247518"}],"version-history":[{"count":1,"href":"https:\/\/vof-news.eu\/fr\/wp-json\/wp\/v2\/posts\/247518\/revisions"}],"predecessor-version":[{"id":247525,"href":"https:\/\/vof-news.eu\/fr\/wp-json\/wp\/v2\/posts\/247518\/revisions\/247525"}],"wp:featuredmedia":[{"embeddable":true,"href":"https:\/\/vof-news.eu\/fr\/wp-json\/wp\/v2\/media\/247519"}],"wp:attachment":[{"href":"https:\/\/vof-news.eu\/fr\/wp-json\/wp\/v2\/media?parent=247518"}],"wp:term":[{"taxonomy":"category","embeddable":true,"href":"https:\/\/vof-news.eu\/fr\/wp-json\/wp\/v2\/categories?post=247518"},{"taxonomy":"post_tag","embeddable":true,"href":"https:\/\/vof-news.eu\/fr\/wp-json\/wp\/v2\/tags?post=247518"}],"curies":[{"name":"wp","href":"https:\/\/api.w.org\/{rel}","templated":true}]}}