{"id":247385,"date":"2025-07-04T23:31:14","date_gmt":"2025-07-04T20:31:14","guid":{"rendered":"https:\/\/vof-news.eu\/zfe-linteret-general-ne-se-concoit-pas-en-surplomb\/"},"modified":"2025-07-04T23:31:36","modified_gmt":"2025-07-04T20:31:36","slug":"zfe-linteret-general-ne-se-concoit-pas-en-surplomb","status":"publish","type":"post","link":"https:\/\/vof-news.eu\/fr\/zfe-linteret-general-ne-se-concoit-pas-en-surplomb\/","title":{"rendered":"ZFE\u00a0: \u00ab\u00a0L\u2019int\u00e9r\u00eat g\u00e9n\u00e9ral ne se con\u00e7oit pas en surplomb\u00a0\u00bb"},"content":{"rendered":"<article>\n<p><span>L<\/span>a question \u00e9cologique, comme le montre le d\u00e9bat sur les zones \u00e0 faibles \u00e9missions (ZFE), des territoires dans lesquels la circulation de certains v\u00e9hicules peut \u00eatre restreinte afin de r\u00e9duire la pollution de l\u2019air, est caract\u00e9ristique d\u2019une instrumentalisation de la science qui escamote le d\u00e9bat d\u00e9mocratique en opposant d\u2019un c\u00f4t\u00e9 ceux soucieux de la sant\u00e9 publique et du climat, et de l\u2019autre les populistes. Les statistiques sur la qualit\u00e9 de l\u2019air sont pourtant claires\u00a0: celle-ci ne cesse de s\u2019am\u00e9liorer depuis trente\u00a0ans, avec des concentrations d\u2019oxydes d\u2019azote (NO<sub>x<\/sub>) et de particules fines li\u00e9es au trafic automobile <a href=\"https:\/\/www.citepa.org\/le-rapport-secten-edition-2025-vient-detre-publie\/\" rel=\"nofollow\">divis\u00e9es par\u00a0six<\/a>.<\/p>\n<p>Cons\u00e9quence, fin 2023, seules deux agglom\u00e9rations, Lyon et Paris, sont soumises \u00e0 l\u2019obligation de d\u00e9ployer des\u00a0ZFE. L\u2019\u00e9tude de Sant\u00e9 publique France sur l\u2019impact des particules, massivement utilis\u00e9e pour justifier les ZFE, \u00e9value par un mod\u00e8le une valeur moyenne de 40\u00a0000\u00a0morts pr\u00e9matur\u00e9es. Elle ne cite jamais la voiture, et pour cause\u00a0: celle-ci n\u2019est responsable que de 5\u00a0% des particules.<\/p>\n<p>Imputer \u00e0 la voiture 40\u00a0000\u00a0morts du fait des particules est une contre-v\u00e9rit\u00e9 scientifique, que des m\u00e9dias, des ONG et des politiques utilisent, parfois de bonne foi. Cette quantification a fait l\u2019objet de critiques d\u2019\u00e9pid\u00e9miologistes qui estiment que . La qualit\u00e9 de l\u2019air s\u2019am\u00e9liore moins vite \u00e0 Lyon, qui a d\u00e9ploy\u00e9 la ZFE la plus s\u00e9v\u00e8re de France, que dans l\u2019ensemble du pays.<\/p>\n<h2>Instrumentalisation des \u00e9tudes<\/h2>\n<p>S\u2019il y a une politique publique qui a des r\u00e9sultats en mati\u00e8re de qualit\u00e9 de l\u2019air, c\u2019est celle de l\u2019Union europ\u00e9enne sur les motorisations, avec, depuis 1992, une division par six des \u00e9missions admissibles de NO<sub>x<\/sub>, et par\u00a030 des particules. Il est \u00e9vident que le trafic routier n\u2019est pas bon pour la sant\u00e9, tout comme l\u2019air confin\u00e9 des stations de m\u00e9tro, mais nous ne disposons pas de statistiques de ses impacts sanitaires. Nous assistons sur ce sujet \u00e0 une instrumentalisation d\u2019\u00e9tudes pour justifier la politique publique des ZFE, qui pose\u00a0de s\u00e9rieuses questions sociales.<\/p>\n<p><strong>Il vous reste 65.89% de cet article \u00e0 lire. La suite est r\u00e9serv\u00e9e aux abonn\u00e9s.<\/strong><\/p>\n<\/article>\n","protected":false},"excerpt":{"rendered":"<p>La question \u00e9cologique, comme le montre le d\u00e9bat sur les zones \u00e0 faibles \u00e9missions (ZFE), des territoires dans lesquels la circulation de certains v\u00e9hicules peut \u00eatre restreinte afin de r\u00e9duire la pollution de l\u2019air, est caract\u00e9ristique d\u2019une instrumentalisation de la science qui escamote le d\u00e9bat d\u00e9mocratique en opposant d\u2019un c\u00f4t\u00e9 ceux soucieux de la sant\u00e9<\/p>\n","protected":false},"author":1,"featured_media":0,"comment_status":"open","ping_status":"open","sticky":false,"template":"","format":"standard","meta":{"footnotes":""},"categories":[58],"tags":[],"class_list":["post-247385","post","type-post","status-publish","format-standard","hentry","category-business-fr"],"acf":[],"yoast_head":"<!-- This site is optimized with the Yoast SEO plugin v22.9 - https:\/\/yoast.com\/wordpress\/plugins\/seo\/ -->\n<title>ZFE\u00a0: \u00ab\u00a0L\u2019int\u00e9r\u00eat g\u00e9n\u00e9ral ne se con\u00e7oit pas en surplomb\u00a0\u00bb - vof-news.eu<\/title>\n<meta name=\"description\" content=\"La question \u00e9cologique, comme le montre le d\u00e9bat sur les zones \u00e0 faibles \u00e9missions (ZFE), des territoires dans lesquels la circulation de certains v\u00e9hicules peut \u00eatre restreinte afin de r\u00e9duire la pollution de l\u2019air, est caract\u00e9ristique d\u2019une instrumentalisation de la science qui escamote le d\u00e9bat d\u00e9mocratique en opposant d\u2019un c\u00f4t\u00e9 ceux soucieux de la sant\u00e9 publique et du climat, et de l\u2019autre les populistes. Les statistiques sur la qualit\u00e9 de l\u2019air sont pourtant claires\u00a0: celle-ci ne cesse de s\u2019am\u00e9liorer depuis trente\u00a0ans, avec des concentrations d\u2019oxydes d\u2019azote (NOx) et de particules fines li\u00e9es au trafic automobile divis\u00e9es par\u00a0six. Cons\u00e9quence, fin 2023, seules deux agglom\u00e9rations, Lyon et Paris, sont soumises \u00e0 l\u2019obligation de d\u00e9ployer des\u00a0ZFE. L\u2019\u00e9tude de Sant\u00e9 publique France sur l\u2019impact des particules, massivement utilis\u00e9e pour justifier les ZFE, \u00e9value par un mod\u00e8le une valeur moyenne de 40\u00a0000\u00a0morts pr\u00e9matur\u00e9es. Elle ne cite jamais la voiture, et pour cause\u00a0: celle-ci n\u2019est responsable que de 5\u00a0% des particules. Imputer \u00e0 la voiture 40\u00a0000\u00a0morts du fait des particules est une contre-v\u00e9rit\u00e9 scientifique, que des m\u00e9dias, des ONG et des politiques utilisent, parfois de bonne foi. Cette quantification a fait l\u2019objet de critiques d\u2019\u00e9pid\u00e9miologistes qui estiment que . La qualit\u00e9 de l\u2019air s\u2019am\u00e9liore moins vite \u00e0 Lyon, qui a d\u00e9ploy\u00e9 la ZFE la plus s\u00e9v\u00e8re de France, que dans l\u2019ensemble du pays. Instrumentalisation des \u00e9tudes S\u2019il y a une politique publique qui a des r\u00e9sultats en mati\u00e8re de qualit\u00e9 de l\u2019air, c\u2019est celle de l\u2019Union europ\u00e9enne sur les motorisations, avec, depuis 1992, une division par six des \u00e9missions admissibles de NOx, et par\u00a030 des particules. Il est \u00e9vident que le trafic routier n\u2019est pas bon pour la sant\u00e9, tout comme l\u2019air confin\u00e9 des stations de m\u00e9tro, mais nous ne disposons pas de statistiques de ses impacts sanitaires. Nous assistons sur ce sujet \u00e0 une instrumentalisation d\u2019\u00e9tudes pour justifier la politique publique des ZFE, qui pose\u00a0de s\u00e9rieuses questions sociales. Il vous reste 65.89% de cet article \u00e0 lire. La suite est r\u00e9serv\u00e9e aux abonn\u00e9s.\" \/>\n<meta name=\"robots\" content=\"noindex, follow, max-snippet:-1, max-image-preview:large, max-video-preview:-1\" \/>\n<meta property=\"og:locale\" content=\"fr_FR\" \/>\n<meta property=\"og:type\" content=\"article\" \/>\n<meta property=\"og:title\" content=\"ZFE\u00a0: \u00ab\u00a0L\u2019int\u00e9r\u00eat g\u00e9n\u00e9ral ne se con\u00e7oit pas en surplomb\u00a0\u00bb - vof-news.eu\" \/>\n<meta property=\"og:description\" content=\"La question \u00e9cologique, comme le montre le d\u00e9bat sur les zones \u00e0 faibles \u00e9missions (ZFE), des territoires dans lesquels la circulation de certains v\u00e9hicules peut \u00eatre restreinte afin de r\u00e9duire la pollution de l\u2019air, est caract\u00e9ristique d\u2019une instrumentalisation de la science qui escamote le d\u00e9bat d\u00e9mocratique en opposant d\u2019un c\u00f4t\u00e9 ceux soucieux de la sant\u00e9 publique et du climat, et de l\u2019autre les populistes. Les statistiques sur la qualit\u00e9 de l\u2019air sont pourtant claires\u00a0: celle-ci ne cesse de s\u2019am\u00e9liorer depuis trente\u00a0ans, avec des concentrations d\u2019oxydes d\u2019azote (NOx) et de particules fines li\u00e9es au trafic automobile divis\u00e9es par\u00a0six. Cons\u00e9quence, fin 2023, seules deux agglom\u00e9rations, Lyon et Paris, sont soumises \u00e0 l\u2019obligation de d\u00e9ployer des\u00a0ZFE. L\u2019\u00e9tude de Sant\u00e9 publique France sur l\u2019impact des particules, massivement utilis\u00e9e pour justifier les ZFE, \u00e9value par un mod\u00e8le une valeur moyenne de 40\u00a0000\u00a0morts pr\u00e9matur\u00e9es. Elle ne cite jamais la voiture, et pour cause\u00a0: celle-ci n\u2019est responsable que de 5\u00a0% des particules. Imputer \u00e0 la voiture 40\u00a0000\u00a0morts du fait des particules est une contre-v\u00e9rit\u00e9 scientifique, que des m\u00e9dias, des ONG et des politiques utilisent, parfois de bonne foi. Cette quantification a fait l\u2019objet de critiques d\u2019\u00e9pid\u00e9miologistes qui estiment que . La qualit\u00e9 de l\u2019air s\u2019am\u00e9liore moins vite \u00e0 Lyon, qui a d\u00e9ploy\u00e9 la ZFE la plus s\u00e9v\u00e8re de France, que dans l\u2019ensemble du pays. Instrumentalisation des \u00e9tudes S\u2019il y a une politique publique qui a des r\u00e9sultats en mati\u00e8re de qualit\u00e9 de l\u2019air, c\u2019est celle de l\u2019Union europ\u00e9enne sur les motorisations, avec, depuis 1992, une division par six des \u00e9missions admissibles de NOx, et par\u00a030 des particules. Il est \u00e9vident que le trafic routier n\u2019est pas bon pour la sant\u00e9, tout comme l\u2019air confin\u00e9 des stations de m\u00e9tro, mais nous ne disposons pas de statistiques de ses impacts sanitaires. Nous assistons sur ce sujet \u00e0 une instrumentalisation d\u2019\u00e9tudes pour justifier la politique publique des ZFE, qui pose\u00a0de s\u00e9rieuses questions sociales. Il vous reste 65.89% de cet article \u00e0 lire. La suite est r\u00e9serv\u00e9e aux abonn\u00e9s.\" \/>\n<meta property=\"og:url\" content=\"https:\/\/vof-news.eu\/fr\/zfe-linteret-general-ne-se-concoit-pas-en-surplomb\/\" \/>\n<meta property=\"og:site_name\" content=\"vof-news.eu\" \/>\n<meta property=\"article:published_time\" content=\"2025-07-04T20:31:14+00:00\" \/>\n<meta property=\"article:modified_time\" content=\"2025-07-04T20:31:36+00:00\" \/>\n<meta name=\"author\" content=\"Author\" \/>\n<meta name=\"twitter:card\" content=\"summary_large_image\" \/>\n<meta name=\"twitter:label1\" content=\"\u00c9crit par\" \/>\n\t<meta name=\"twitter:data1\" content=\"Author\" \/>\n\t<meta name=\"twitter:label2\" content=\"Dur\u00e9e de lecture estim\u00e9e\" \/>\n\t<meta name=\"twitter:data2\" content=\"2 minutes\" \/>\n<script type=\"application\/ld+json\" class=\"yoast-schema-graph\">{\"@context\":\"https:\/\/schema.org\",\"@graph\":[{\"@type\":\"WebPage\",\"@id\":\"https:\/\/vof-news.eu\/fr\/zfe-linteret-general-ne-se-concoit-pas-en-surplomb\/\",\"url\":\"https:\/\/vof-news.eu\/fr\/zfe-linteret-general-ne-se-concoit-pas-en-surplomb\/\",\"name\":\"ZFE\u00a0: \u00ab\u00a0L\u2019int\u00e9r\u00eat g\u00e9n\u00e9ral ne se con\u00e7oit pas en surplomb\u00a0\u00bb - vof-news.eu\",\"isPartOf\":{\"@id\":\"https:\/\/vof-news.eu\/fr\/#website\"},\"datePublished\":\"2025-07-04T20:31:14+00:00\",\"dateModified\":\"2025-07-04T20:31:36+00:00\",\"author\":{\"@id\":\"https:\/\/vof-news.eu\/fr\/#\/schema\/person\/f6a2a4309f0561835797fd8c19b333ed\"},\"description\":\"La question \u00e9cologique, comme le montre le d\u00e9bat sur les zones \u00e0 faibles \u00e9missions (ZFE), des territoires dans lesquels la circulation de certains v\u00e9hicules peut \u00eatre restreinte afin de r\u00e9duire la pollution de l\u2019air, est caract\u00e9ristique d\u2019une instrumentalisation de la science qui escamote le d\u00e9bat d\u00e9mocratique en opposant d\u2019un c\u00f4t\u00e9 ceux soucieux de la sant\u00e9 publique et du climat, et de l\u2019autre les populistes. Les statistiques sur la qualit\u00e9 de l\u2019air sont pourtant claires\u00a0: celle-ci ne cesse de s\u2019am\u00e9liorer depuis trente\u00a0ans, avec des concentrations d\u2019oxydes d\u2019azote (NOx) et de particules fines li\u00e9es au trafic automobile divis\u00e9es par\u00a0six. Cons\u00e9quence, fin 2023, seules deux agglom\u00e9rations, Lyon et Paris, sont soumises \u00e0 l\u2019obligation de d\u00e9ployer des\u00a0ZFE. L\u2019\u00e9tude de Sant\u00e9 publique France sur l\u2019impact des particules, massivement utilis\u00e9e pour justifier les ZFE, \u00e9value par un mod\u00e8le une valeur moyenne de 40\u00a0000\u00a0morts pr\u00e9matur\u00e9es. Elle ne cite jamais la voiture, et pour cause\u00a0: celle-ci n\u2019est responsable que de 5\u00a0% des particules. Imputer \u00e0 la voiture 40\u00a0000\u00a0morts du fait des particules est une contre-v\u00e9rit\u00e9 scientifique, que des m\u00e9dias, des ONG et des politiques utilisent, parfois de bonne foi. Cette quantification a fait l\u2019objet de critiques d\u2019\u00e9pid\u00e9miologistes qui estiment que . La qualit\u00e9 de l\u2019air s\u2019am\u00e9liore moins vite \u00e0 Lyon, qui a d\u00e9ploy\u00e9 la ZFE la plus s\u00e9v\u00e8re de France, que dans l\u2019ensemble du pays. Instrumentalisation des \u00e9tudes S\u2019il y a une politique publique qui a des r\u00e9sultats en mati\u00e8re de qualit\u00e9 de l\u2019air, c\u2019est celle de l\u2019Union europ\u00e9enne sur les motorisations, avec, depuis 1992, une division par six des \u00e9missions admissibles de NOx, et par\u00a030 des particules. Il est \u00e9vident que le trafic routier n\u2019est pas bon pour la sant\u00e9, tout comme l\u2019air confin\u00e9 des stations de m\u00e9tro, mais nous ne disposons pas de statistiques de ses impacts sanitaires. Nous assistons sur ce sujet \u00e0 une instrumentalisation d\u2019\u00e9tudes pour justifier la politique publique des ZFE, qui pose\u00a0de s\u00e9rieuses questions sociales. Il vous reste 65.89% de cet article \u00e0 lire. La suite est r\u00e9serv\u00e9e aux abonn\u00e9s.\",\"breadcrumb\":{\"@id\":\"https:\/\/vof-news.eu\/fr\/zfe-linteret-general-ne-se-concoit-pas-en-surplomb\/#breadcrumb\"},\"inLanguage\":\"fr-FR\",\"potentialAction\":[{\"@type\":\"ReadAction\",\"target\":[\"https:\/\/vof-news.eu\/fr\/zfe-linteret-general-ne-se-concoit-pas-en-surplomb\/\"]}]},{\"@type\":\"BreadcrumbList\",\"@id\":\"https:\/\/vof-news.eu\/fr\/zfe-linteret-general-ne-se-concoit-pas-en-surplomb\/#breadcrumb\",\"itemListElement\":[{\"@type\":\"ListItem\",\"position\":1,\"name\":\"Home\",\"item\":\"https:\/\/vof-news.eu\/fr\/\"},{\"@type\":\"ListItem\",\"position\":2,\"name\":\"ZFE\u00a0: \u00ab\u00a0L\u2019int\u00e9r\u00eat g\u00e9n\u00e9ral ne se con\u00e7oit pas en surplomb\u00a0\u00bb\"}]},{\"@type\":\"WebSite\",\"@id\":\"https:\/\/vof-news.eu\/fr\/#website\",\"url\":\"https:\/\/vof-news.eu\/fr\/\",\"name\":\"vof-news.eu\",\"description\":\"\",\"potentialAction\":[{\"@type\":\"SearchAction\",\"target\":{\"@type\":\"EntryPoint\",\"urlTemplate\":\"https:\/\/vof-news.eu\/fr\/?s={search_term_string}\"},\"query-input\":\"required name=search_term_string\"}],\"inLanguage\":\"fr-FR\"},{\"@type\":\"Person\",\"@id\":\"https:\/\/vof-news.eu\/fr\/#\/schema\/person\/f6a2a4309f0561835797fd8c19b333ed\",\"name\":\"Author\",\"image\":{\"@type\":\"ImageObject\",\"inLanguage\":\"fr-FR\",\"@id\":\"https:\/\/vof-news.eu\/fr\/#\/schema\/person\/image\/\",\"url\":\"https:\/\/secure.gravatar.com\/avatar\/b67e614b1b25b3e9c0c239efdd2fde5ab015b5affd6f1c3c85911ca4b384e790?s=96&d=mm&r=g\",\"contentUrl\":\"https:\/\/secure.gravatar.com\/avatar\/b67e614b1b25b3e9c0c239efdd2fde5ab015b5affd6f1c3c85911ca4b384e790?s=96&d=mm&r=g\",\"caption\":\"Author\"},\"sameAs\":[\"http:\/\/vof-news.eu\"],\"url\":\"https:\/\/vof-news.eu\/fr\/author\/zwt6qxnjulxbnyg\/\"}]}<\/script>\n<!-- \/ Yoast SEO plugin. -->","yoast_head_json":{"title":"ZFE\u00a0: \u00ab\u00a0L\u2019int\u00e9r\u00eat g\u00e9n\u00e9ral ne se con\u00e7oit pas en surplomb\u00a0\u00bb - vof-news.eu","description":"La question \u00e9cologique, comme le montre le d\u00e9bat sur les zones \u00e0 faibles \u00e9missions (ZFE), des territoires dans lesquels la circulation de certains v\u00e9hicules peut \u00eatre restreinte afin de r\u00e9duire la pollution de l\u2019air, est caract\u00e9ristique d\u2019une instrumentalisation de la science qui escamote le d\u00e9bat d\u00e9mocratique en opposant d\u2019un c\u00f4t\u00e9 ceux soucieux de la sant\u00e9 publique et du climat, et de l\u2019autre les populistes. Les statistiques sur la qualit\u00e9 de l\u2019air sont pourtant claires\u00a0: celle-ci ne cesse de s\u2019am\u00e9liorer depuis trente\u00a0ans, avec des concentrations d\u2019oxydes d\u2019azote (NOx) et de particules fines li\u00e9es au trafic automobile divis\u00e9es par\u00a0six. Cons\u00e9quence, fin 2023, seules deux agglom\u00e9rations, Lyon et Paris, sont soumises \u00e0 l\u2019obligation de d\u00e9ployer des\u00a0ZFE. L\u2019\u00e9tude de Sant\u00e9 publique France sur l\u2019impact des particules, massivement utilis\u00e9e pour justifier les ZFE, \u00e9value par un mod\u00e8le une valeur moyenne de 40\u00a0000\u00a0morts pr\u00e9matur\u00e9es. Elle ne cite jamais la voiture, et pour cause\u00a0: celle-ci n\u2019est responsable que de 5\u00a0% des particules. Imputer \u00e0 la voiture 40\u00a0000\u00a0morts du fait des particules est une contre-v\u00e9rit\u00e9 scientifique, que des m\u00e9dias, des ONG et des politiques utilisent, parfois de bonne foi. Cette quantification a fait l\u2019objet de critiques d\u2019\u00e9pid\u00e9miologistes qui estiment que . La qualit\u00e9 de l\u2019air s\u2019am\u00e9liore moins vite \u00e0 Lyon, qui a d\u00e9ploy\u00e9 la ZFE la plus s\u00e9v\u00e8re de France, que dans l\u2019ensemble du pays. Instrumentalisation des \u00e9tudes S\u2019il y a une politique publique qui a des r\u00e9sultats en mati\u00e8re de qualit\u00e9 de l\u2019air, c\u2019est celle de l\u2019Union europ\u00e9enne sur les motorisations, avec, depuis 1992, une division par six des \u00e9missions admissibles de NOx, et par\u00a030 des particules. Il est \u00e9vident que le trafic routier n\u2019est pas bon pour la sant\u00e9, tout comme l\u2019air confin\u00e9 des stations de m\u00e9tro, mais nous ne disposons pas de statistiques de ses impacts sanitaires. Nous assistons sur ce sujet \u00e0 une instrumentalisation d\u2019\u00e9tudes pour justifier la politique publique des ZFE, qui pose\u00a0de s\u00e9rieuses questions sociales. Il vous reste 65.89% de cet article \u00e0 lire. La suite est r\u00e9serv\u00e9e aux abonn\u00e9s.","robots":{"index":"noindex","follow":"follow","max-snippet":"max-snippet:-1","max-image-preview":"max-image-preview:large","max-video-preview":"max-video-preview:-1"},"og_locale":"fr_FR","og_type":"article","og_title":"ZFE\u00a0: \u00ab\u00a0L\u2019int\u00e9r\u00eat g\u00e9n\u00e9ral ne se con\u00e7oit pas en surplomb\u00a0\u00bb - vof-news.eu","og_description":"La question \u00e9cologique, comme le montre le d\u00e9bat sur les zones \u00e0 faibles \u00e9missions (ZFE), des territoires dans lesquels la circulation de certains v\u00e9hicules peut \u00eatre restreinte afin de r\u00e9duire la pollution de l\u2019air, est caract\u00e9ristique d\u2019une instrumentalisation de la science qui escamote le d\u00e9bat d\u00e9mocratique en opposant d\u2019un c\u00f4t\u00e9 ceux soucieux de la sant\u00e9 publique et du climat, et de l\u2019autre les populistes. Les statistiques sur la qualit\u00e9 de l\u2019air sont pourtant claires\u00a0: celle-ci ne cesse de s\u2019am\u00e9liorer depuis trente\u00a0ans, avec des concentrations d\u2019oxydes d\u2019azote (NOx) et de particules fines li\u00e9es au trafic automobile divis\u00e9es par\u00a0six. Cons\u00e9quence, fin 2023, seules deux agglom\u00e9rations, Lyon et Paris, sont soumises \u00e0 l\u2019obligation de d\u00e9ployer des\u00a0ZFE. L\u2019\u00e9tude de Sant\u00e9 publique France sur l\u2019impact des particules, massivement utilis\u00e9e pour justifier les ZFE, \u00e9value par un mod\u00e8le une valeur moyenne de 40\u00a0000\u00a0morts pr\u00e9matur\u00e9es. Elle ne cite jamais la voiture, et pour cause\u00a0: celle-ci n\u2019est responsable que de 5\u00a0% des particules. Imputer \u00e0 la voiture 40\u00a0000\u00a0morts du fait des particules est une contre-v\u00e9rit\u00e9 scientifique, que des m\u00e9dias, des ONG et des politiques utilisent, parfois de bonne foi. Cette quantification a fait l\u2019objet de critiques d\u2019\u00e9pid\u00e9miologistes qui estiment que . La qualit\u00e9 de l\u2019air s\u2019am\u00e9liore moins vite \u00e0 Lyon, qui a d\u00e9ploy\u00e9 la ZFE la plus s\u00e9v\u00e8re de France, que dans l\u2019ensemble du pays. Instrumentalisation des \u00e9tudes S\u2019il y a une politique publique qui a des r\u00e9sultats en mati\u00e8re de qualit\u00e9 de l\u2019air, c\u2019est celle de l\u2019Union europ\u00e9enne sur les motorisations, avec, depuis 1992, une division par six des \u00e9missions admissibles de NOx, et par\u00a030 des particules. Il est \u00e9vident que le trafic routier n\u2019est pas bon pour la sant\u00e9, tout comme l\u2019air confin\u00e9 des stations de m\u00e9tro, mais nous ne disposons pas de statistiques de ses impacts sanitaires. Nous assistons sur ce sujet \u00e0 une instrumentalisation d\u2019\u00e9tudes pour justifier la politique publique des ZFE, qui pose\u00a0de s\u00e9rieuses questions sociales. Il vous reste 65.89% de cet article \u00e0 lire. La suite est r\u00e9serv\u00e9e aux abonn\u00e9s.","og_url":"https:\/\/vof-news.eu\/fr\/zfe-linteret-general-ne-se-concoit-pas-en-surplomb\/","og_site_name":"vof-news.eu","article_published_time":"2025-07-04T20:31:14+00:00","article_modified_time":"2025-07-04T20:31:36+00:00","author":"Author","twitter_card":"summary_large_image","twitter_misc":{"\u00c9crit par":"Author","Dur\u00e9e de lecture estim\u00e9e":"2 minutes"},"schema":{"@context":"https:\/\/schema.org","@graph":[{"@type":"WebPage","@id":"https:\/\/vof-news.eu\/fr\/zfe-linteret-general-ne-se-concoit-pas-en-surplomb\/","url":"https:\/\/vof-news.eu\/fr\/zfe-linteret-general-ne-se-concoit-pas-en-surplomb\/","name":"ZFE\u00a0: \u00ab\u00a0L\u2019int\u00e9r\u00eat g\u00e9n\u00e9ral ne se con\u00e7oit pas en surplomb\u00a0\u00bb - vof-news.eu","isPartOf":{"@id":"https:\/\/vof-news.eu\/fr\/#website"},"datePublished":"2025-07-04T20:31:14+00:00","dateModified":"2025-07-04T20:31:36+00:00","author":{"@id":"https:\/\/vof-news.eu\/fr\/#\/schema\/person\/f6a2a4309f0561835797fd8c19b333ed"},"description":"La question \u00e9cologique, comme le montre le d\u00e9bat sur les zones \u00e0 faibles \u00e9missions (ZFE), des territoires dans lesquels la circulation de certains v\u00e9hicules peut \u00eatre restreinte afin de r\u00e9duire la pollution de l\u2019air, est caract\u00e9ristique d\u2019une instrumentalisation de la science qui escamote le d\u00e9bat d\u00e9mocratique en opposant d\u2019un c\u00f4t\u00e9 ceux soucieux de la sant\u00e9 publique et du climat, et de l\u2019autre les populistes. Les statistiques sur la qualit\u00e9 de l\u2019air sont pourtant claires\u00a0: celle-ci ne cesse de s\u2019am\u00e9liorer depuis trente\u00a0ans, avec des concentrations d\u2019oxydes d\u2019azote (NOx) et de particules fines li\u00e9es au trafic automobile divis\u00e9es par\u00a0six. Cons\u00e9quence, fin 2023, seules deux agglom\u00e9rations, Lyon et Paris, sont soumises \u00e0 l\u2019obligation de d\u00e9ployer des\u00a0ZFE. L\u2019\u00e9tude de Sant\u00e9 publique France sur l\u2019impact des particules, massivement utilis\u00e9e pour justifier les ZFE, \u00e9value par un mod\u00e8le une valeur moyenne de 40\u00a0000\u00a0morts pr\u00e9matur\u00e9es. Elle ne cite jamais la voiture, et pour cause\u00a0: celle-ci n\u2019est responsable que de 5\u00a0% des particules. Imputer \u00e0 la voiture 40\u00a0000\u00a0morts du fait des particules est une contre-v\u00e9rit\u00e9 scientifique, que des m\u00e9dias, des ONG et des politiques utilisent, parfois de bonne foi. Cette quantification a fait l\u2019objet de critiques d\u2019\u00e9pid\u00e9miologistes qui estiment que . La qualit\u00e9 de l\u2019air s\u2019am\u00e9liore moins vite \u00e0 Lyon, qui a d\u00e9ploy\u00e9 la ZFE la plus s\u00e9v\u00e8re de France, que dans l\u2019ensemble du pays. Instrumentalisation des \u00e9tudes S\u2019il y a une politique publique qui a des r\u00e9sultats en mati\u00e8re de qualit\u00e9 de l\u2019air, c\u2019est celle de l\u2019Union europ\u00e9enne sur les motorisations, avec, depuis 1992, une division par six des \u00e9missions admissibles de NOx, et par\u00a030 des particules. Il est \u00e9vident que le trafic routier n\u2019est pas bon pour la sant\u00e9, tout comme l\u2019air confin\u00e9 des stations de m\u00e9tro, mais nous ne disposons pas de statistiques de ses impacts sanitaires. Nous assistons sur ce sujet \u00e0 une instrumentalisation d\u2019\u00e9tudes pour justifier la politique publique des ZFE, qui pose\u00a0de s\u00e9rieuses questions sociales. Il vous reste 65.89% de cet article \u00e0 lire. La suite est r\u00e9serv\u00e9e aux abonn\u00e9s.","breadcrumb":{"@id":"https:\/\/vof-news.eu\/fr\/zfe-linteret-general-ne-se-concoit-pas-en-surplomb\/#breadcrumb"},"inLanguage":"fr-FR","potentialAction":[{"@type":"ReadAction","target":["https:\/\/vof-news.eu\/fr\/zfe-linteret-general-ne-se-concoit-pas-en-surplomb\/"]}]},{"@type":"BreadcrumbList","@id":"https:\/\/vof-news.eu\/fr\/zfe-linteret-general-ne-se-concoit-pas-en-surplomb\/#breadcrumb","itemListElement":[{"@type":"ListItem","position":1,"name":"Home","item":"https:\/\/vof-news.eu\/fr\/"},{"@type":"ListItem","position":2,"name":"ZFE\u00a0: \u00ab\u00a0L\u2019int\u00e9r\u00eat g\u00e9n\u00e9ral ne se con\u00e7oit pas en surplomb\u00a0\u00bb"}]},{"@type":"WebSite","@id":"https:\/\/vof-news.eu\/fr\/#website","url":"https:\/\/vof-news.eu\/fr\/","name":"vof-news.eu","description":"","potentialAction":[{"@type":"SearchAction","target":{"@type":"EntryPoint","urlTemplate":"https:\/\/vof-news.eu\/fr\/?s={search_term_string}"},"query-input":"required name=search_term_string"}],"inLanguage":"fr-FR"},{"@type":"Person","@id":"https:\/\/vof-news.eu\/fr\/#\/schema\/person\/f6a2a4309f0561835797fd8c19b333ed","name":"Author","image":{"@type":"ImageObject","inLanguage":"fr-FR","@id":"https:\/\/vof-news.eu\/fr\/#\/schema\/person\/image\/","url":"https:\/\/secure.gravatar.com\/avatar\/b67e614b1b25b3e9c0c239efdd2fde5ab015b5affd6f1c3c85911ca4b384e790?s=96&d=mm&r=g","contentUrl":"https:\/\/secure.gravatar.com\/avatar\/b67e614b1b25b3e9c0c239efdd2fde5ab015b5affd6f1c3c85911ca4b384e790?s=96&d=mm&r=g","caption":"Author"},"sameAs":["http:\/\/vof-news.eu"],"url":"https:\/\/vof-news.eu\/fr\/author\/zwt6qxnjulxbnyg\/"}]}},"yoast_meta":{"yoast_wpseo_title":"","yoast_wpseo_metadesc":"","yoast_wpseo_canonical":""},"_links":{"self":[{"href":"https:\/\/vof-news.eu\/fr\/wp-json\/wp\/v2\/posts\/247385","targetHints":{"allow":["GET"]}}],"collection":[{"href":"https:\/\/vof-news.eu\/fr\/wp-json\/wp\/v2\/posts"}],"about":[{"href":"https:\/\/vof-news.eu\/fr\/wp-json\/wp\/v2\/types\/post"}],"author":[{"embeddable":true,"href":"https:\/\/vof-news.eu\/fr\/wp-json\/wp\/v2\/users\/1"}],"replies":[{"embeddable":true,"href":"https:\/\/vof-news.eu\/fr\/wp-json\/wp\/v2\/comments?post=247385"}],"version-history":[{"count":1,"href":"https:\/\/vof-news.eu\/fr\/wp-json\/wp\/v2\/posts\/247385\/revisions"}],"predecessor-version":[{"id":247386,"href":"https:\/\/vof-news.eu\/fr\/wp-json\/wp\/v2\/posts\/247385\/revisions\/247386"}],"wp:attachment":[{"href":"https:\/\/vof-news.eu\/fr\/wp-json\/wp\/v2\/media?parent=247385"}],"wp:term":[{"taxonomy":"category","embeddable":true,"href":"https:\/\/vof-news.eu\/fr\/wp-json\/wp\/v2\/categories?post=247385"},{"taxonomy":"post_tag","embeddable":true,"href":"https:\/\/vof-news.eu\/fr\/wp-json\/wp\/v2\/tags?post=247385"}],"curies":[{"name":"wp","href":"https:\/\/api.w.org\/{rel}","templated":true}]}}