{"id":247377,"date":"2025-07-04T23:30:21","date_gmt":"2025-07-04T20:30:21","guid":{"rendered":"https:\/\/vof-news.eu\/20-minutes-une-motion-de-defiance-de-la-redaction-votee-contre-le-directeur-general\/"},"modified":"2025-07-04T23:30:43","modified_gmt":"2025-07-04T20:30:43","slug":"20-minutes-une-motion-de-defiance-de-la-redaction-votee-contre-le-directeur-general","status":"publish","type":"post","link":"https:\/\/vof-news.eu\/fr\/20-minutes-une-motion-de-defiance-de-la-redaction-votee-contre-le-directeur-general\/","title":{"rendered":"\u00ab\u00a020 Minutes\u00a0\u00bb\u00a0: une motion de d\u00e9fiance de la r\u00e9daction vot\u00e9e contre le directeur g\u00e9n\u00e9ral"},"content":{"rendered":"<article>\n<p>Les journalistes du m\u00e9dia en ligne  ont vot\u00e9 une motion de d\u00e9fiance \u00e0 l\u2019\u00e9gard du directeur g\u00e9n\u00e9ral et directeur de la publication, Ronan Dubois, d\u00e9non\u00e7ant [qui] , a annonc\u00e9 l\u2019intersyndicale SNJ-CGT et SNME-CFDT dans un communiqu\u00e9 transmis \u00e0 l\u2019Agence France-Presse (AFP), vendredi 4\u00a0juillet.<\/p>\n<p>Selon les syndicats, la participation \u00e0 ce vote interne s\u2019est \u00e9lev\u00e9e \u00e0 77\u00a0%, soit 40 des 52 journalistes de la r\u00e9daction, et la motion a \u00e9t\u00e9 adopt\u00e9e \u00e0 82,5\u00a0%. Les r\u00e9dacteurs en chef n\u2019ont pas vot\u00e9, comme c\u2019est l\u2019usage \u00e0, a pr\u00e9cis\u00e9 une source syndicale \u00e0 l\u2019AFP.<\/p>\n<p>Les journalistes reprochent \u00e0 Ronan Dubois, nomm\u00e9 en\u00a02023, des  qui auraient  du journal au lieu de la redresser. Ils pointent notamment un gel des recrutements et le non-remplacement des arr\u00eats maladie. , d\u00e9plorent-ils.<\/p>\n<p>La r\u00e9daction d\u00e9nonce \u00e9galement [leurs], avec la d\u00e9nonciation de plusieurs accords d\u2019entreprise, dont celui sur le t\u00e9l\u00e9travail, l\u2019arr\u00eat du versement des droits d\u2019auteur et le refus  de verser les droits voisins, ainsi que deux licenciements r\u00e9cents jug\u00e9s injustifi\u00e9s.<\/p>\n<section>   <\/section>\n<h2>\u00ab\u00a0Impossible de faire confiance \u00e0 Ronan Dubois pour diriger \u201c20 Minutes\u201d\u00a0\u00bb<\/h2>\n<p>Les syndicats font \u00e9galement \u00e9tat de propos  tenus par Ronan Dubois envers une d\u00e9l\u00e9gu\u00e9e syndicale transgenre, qui font actuellement l\u2019objet d\u2019une enqu\u00eate.<\/p>\n<p>Enfin, la r\u00e9daction pointe les d\u00e9clarations lors de l\u2019assembl\u00e9e g\u00e9n\u00e9rale du 27\u00a0juin 20\u00a0Minutes. Outre l\u2019ensemble des pratiques d\u00e9nonc\u00e9es, cette motion intervient alors que le m\u00e9dia vient d\u2019\u00eatre condamn\u00e9 en appel au tribunal pour  et  d\u2019un journaliste en raison de son handicap, rapportent par ailleurs les syndicats.<\/p>\n<p>Les journalistes jugent d\u00e9sormais qu\u2019il est 20 Minutes. Fond\u00e9 en\u00a02002,  a \u00e9t\u00e9 <a href=\"https:\/\/www.lemonde.fr\/actualite-medias\/article\/2024\/05\/16\/le-journal-gratuit-20-minutes-renonce-a-son-edition-papier-56-postes-sont-menaces_6233722_3236.html\" rel=\"nofollow\">le dernier journal gratuit distribu\u00e9 en France,<\/a> avant de devenir un m\u00e9dia exclusivement num\u00e9rique en septembre\u00a02024.<\/p>\n<section>   <\/section>\n<section>\n<p> <span>Le Monde avec AFP<\/span> <\/p>\n<\/section>\n<section>\n<section>\n<header>   <\/header>\n<section>\n<section> <a href=\"https:\/\/abo.lemonde.fr\/?lmd_medium=BOUTONS_LMFR&amp;lmd_campaign=CONTRIBUTION_ARTICLE\" rel=\"nofollow\">S\u2019abonner<\/a> <\/section>\n<\/section>\n<section><\/section>\n<\/section>\n<p>Contribuer<\/p>\n<p> <a href=\"https:\/\/www.lemonde.fr\/syndication\/\" rel=\"nofollow\">R\u00e9utiliser ce contenu<\/a> <\/section>\n<\/article>\n","protected":false},"excerpt":{"rendered":"<p>Les journalistes du m\u00e9dia en ligne ont vot\u00e9 une motion de d\u00e9fiance \u00e0 l\u2019\u00e9gard du directeur g\u00e9n\u00e9ral et directeur de la publication, Ronan Dubois, d\u00e9non\u00e7ant [qui] , a annonc\u00e9 l\u2019intersyndicale SNJ-CGT et SNME-CFDT dans un communiqu\u00e9 transmis \u00e0 l\u2019Agence France-Presse (AFP), vendredi 4\u00a0juillet. Selon les syndicats, la participation \u00e0 ce vote interne s\u2019est \u00e9lev\u00e9e \u00e0<\/p>\n","protected":false},"author":1,"featured_media":247378,"comment_status":"open","ping_status":"open","sticky":false,"template":"","format":"standard","meta":{"footnotes":""},"categories":[58],"tags":[],"class_list":["post-247377","post","type-post","status-publish","format-standard","has-post-thumbnail","hentry","category-business-fr"],"acf":[],"yoast_head":"<!-- This site is optimized with the Yoast SEO plugin v22.9 - https:\/\/yoast.com\/wordpress\/plugins\/seo\/ -->\n<title>\u00ab\u00a020 Minutes\u00a0\u00bb\u00a0: une motion de d\u00e9fiance de la r\u00e9daction vot\u00e9e contre le directeur g\u00e9n\u00e9ral - vof-news.eu<\/title>\n<meta name=\"description\" content=\"Les journalistes du m\u00e9dia en ligne ont vot\u00e9 une motion de d\u00e9fiance \u00e0 l\u2019\u00e9gard du directeur g\u00e9n\u00e9ral et directeur de la publication, Ronan Dubois, d\u00e9non\u00e7ant [qui] , a annonc\u00e9 l\u2019intersyndicale SNJ-CGT et SNME-CFDT dans un communiqu\u00e9 transmis \u00e0 l\u2019Agence France-Presse (AFP), vendredi 4\u00a0juillet. Selon les syndicats, la participation \u00e0 ce vote interne s\u2019est \u00e9lev\u00e9e \u00e0 77\u00a0%, soit 40 des 52 journalistes de la r\u00e9daction, et la motion a \u00e9t\u00e9 adopt\u00e9e \u00e0 82,5\u00a0%. Les r\u00e9dacteurs en chef n\u2019ont pas vot\u00e9, comme c\u2019est l\u2019usage \u00e0, a pr\u00e9cis\u00e9 une source syndicale \u00e0 l\u2019AFP. Les journalistes reprochent \u00e0 Ronan Dubois, nomm\u00e9 en\u00a02023, des qui auraient du journal au lieu de la redresser. Ils pointent notamment un gel des recrutements et le non-remplacement des arr\u00eats maladie. , d\u00e9plorent-ils. La r\u00e9daction d\u00e9nonce \u00e9galement [leurs], avec la d\u00e9nonciation de plusieurs accords d\u2019entreprise, dont celui sur le t\u00e9l\u00e9travail, l\u2019arr\u00eat du versement des droits d\u2019auteur et le refus de verser les droits voisins, ainsi que deux licenciements r\u00e9cents jug\u00e9s injustifi\u00e9s.   \u00ab\u00a0Impossible de faire confiance \u00e0 Ronan Dubois pour diriger \u201c20 Minutes\u201d\u00a0\u00bb Les syndicats font \u00e9galement \u00e9tat de propos tenus par Ronan Dubois envers une d\u00e9l\u00e9gu\u00e9e syndicale transgenre, qui font actuellement l\u2019objet d\u2019une enqu\u00eate. Enfin, la r\u00e9daction pointe les d\u00e9clarations lors de l\u2019assembl\u00e9e g\u00e9n\u00e9rale du 27\u00a0juin 20\u00a0Minutes. Outre l\u2019ensemble des pratiques d\u00e9nonc\u00e9es, cette motion intervient alors que le m\u00e9dia vient d\u2019\u00eatre condamn\u00e9 en appel au tribunal pour et d\u2019un journaliste en raison de son handicap, rapportent par ailleurs les syndicats. Les journalistes jugent d\u00e9sormais qu\u2019il est 20 Minutes. Fond\u00e9 en\u00a02002, a \u00e9t\u00e9 le dernier journal gratuit distribu\u00e9 en France, avant de devenir un m\u00e9dia exclusivement num\u00e9rique en septembre\u00a02024.    Le Monde avec AFP      S\u2019abonner   Contribuer R\u00e9utiliser ce contenu\" \/>\n<meta name=\"robots\" content=\"noindex, follow, max-snippet:-1, max-image-preview:large, max-video-preview:-1\" \/>\n<meta property=\"og:locale\" content=\"fr_FR\" \/>\n<meta property=\"og:type\" content=\"article\" \/>\n<meta property=\"og:title\" content=\"\u00ab\u00a020 Minutes\u00a0\u00bb\u00a0: une motion de d\u00e9fiance de la r\u00e9daction vot\u00e9e contre le directeur g\u00e9n\u00e9ral - vof-news.eu\" \/>\n<meta property=\"og:description\" content=\"Les journalistes du m\u00e9dia en ligne ont vot\u00e9 une motion de d\u00e9fiance \u00e0 l\u2019\u00e9gard du directeur g\u00e9n\u00e9ral et directeur de la publication, Ronan Dubois, d\u00e9non\u00e7ant [qui] , a annonc\u00e9 l\u2019intersyndicale SNJ-CGT et SNME-CFDT dans un communiqu\u00e9 transmis \u00e0 l\u2019Agence France-Presse (AFP), vendredi 4\u00a0juillet. Selon les syndicats, la participation \u00e0 ce vote interne s\u2019est \u00e9lev\u00e9e \u00e0 77\u00a0%, soit 40 des 52 journalistes de la r\u00e9daction, et la motion a \u00e9t\u00e9 adopt\u00e9e \u00e0 82,5\u00a0%. Les r\u00e9dacteurs en chef n\u2019ont pas vot\u00e9, comme c\u2019est l\u2019usage \u00e0, a pr\u00e9cis\u00e9 une source syndicale \u00e0 l\u2019AFP. Les journalistes reprochent \u00e0 Ronan Dubois, nomm\u00e9 en\u00a02023, des qui auraient du journal au lieu de la redresser. Ils pointent notamment un gel des recrutements et le non-remplacement des arr\u00eats maladie. , d\u00e9plorent-ils. La r\u00e9daction d\u00e9nonce \u00e9galement [leurs], avec la d\u00e9nonciation de plusieurs accords d\u2019entreprise, dont celui sur le t\u00e9l\u00e9travail, l\u2019arr\u00eat du versement des droits d\u2019auteur et le refus de verser les droits voisins, ainsi que deux licenciements r\u00e9cents jug\u00e9s injustifi\u00e9s.   \u00ab\u00a0Impossible de faire confiance \u00e0 Ronan Dubois pour diriger \u201c20 Minutes\u201d\u00a0\u00bb Les syndicats font \u00e9galement \u00e9tat de propos tenus par Ronan Dubois envers une d\u00e9l\u00e9gu\u00e9e syndicale transgenre, qui font actuellement l\u2019objet d\u2019une enqu\u00eate. Enfin, la r\u00e9daction pointe les d\u00e9clarations lors de l\u2019assembl\u00e9e g\u00e9n\u00e9rale du 27\u00a0juin 20\u00a0Minutes. Outre l\u2019ensemble des pratiques d\u00e9nonc\u00e9es, cette motion intervient alors que le m\u00e9dia vient d\u2019\u00eatre condamn\u00e9 en appel au tribunal pour et d\u2019un journaliste en raison de son handicap, rapportent par ailleurs les syndicats. Les journalistes jugent d\u00e9sormais qu\u2019il est 20 Minutes. Fond\u00e9 en\u00a02002, a \u00e9t\u00e9 le dernier journal gratuit distribu\u00e9 en France, avant de devenir un m\u00e9dia exclusivement num\u00e9rique en septembre\u00a02024.    Le Monde avec AFP      S\u2019abonner   Contribuer R\u00e9utiliser ce contenu\" \/>\n<meta property=\"og:url\" content=\"https:\/\/vof-news.eu\/fr\/20-minutes-une-motion-de-defiance-de-la-redaction-votee-contre-le-directeur-general\/\" \/>\n<meta property=\"og:site_name\" content=\"vof-news.eu\" \/>\n<meta property=\"article:published_time\" content=\"2025-07-04T20:30:21+00:00\" \/>\n<meta property=\"article:modified_time\" content=\"2025-07-04T20:30:43+00:00\" \/>\n<meta property=\"og:image\" content=\"https:\/\/vof-news.eu\/wp-content\/uploads\/2025\/07\/b874995_1704906750823-maxnewsfrfour814274.jpg\" \/>\n\t<meta property=\"og:image:width\" content=\"664\" \/>\n\t<meta property=\"og:image:height\" content=\"498\" \/>\n\t<meta property=\"og:image:type\" content=\"image\/jpeg\" \/>\n<meta name=\"author\" content=\"Author\" \/>\n<meta name=\"twitter:card\" content=\"summary_large_image\" \/>\n<meta name=\"twitter:label1\" content=\"\u00c9crit par\" \/>\n\t<meta name=\"twitter:data1\" content=\"Author\" \/>\n\t<meta name=\"twitter:label2\" content=\"Dur\u00e9e de lecture estim\u00e9e\" \/>\n\t<meta name=\"twitter:data2\" content=\"2 minutes\" \/>\n<script type=\"application\/ld+json\" class=\"yoast-schema-graph\">{\"@context\":\"https:\/\/schema.org\",\"@graph\":[{\"@type\":\"WebPage\",\"@id\":\"https:\/\/vof-news.eu\/fr\/20-minutes-une-motion-de-defiance-de-la-redaction-votee-contre-le-directeur-general\/\",\"url\":\"https:\/\/vof-news.eu\/fr\/20-minutes-une-motion-de-defiance-de-la-redaction-votee-contre-le-directeur-general\/\",\"name\":\"\u00ab\u00a020 Minutes\u00a0\u00bb\u00a0: une motion de d\u00e9fiance de la r\u00e9daction vot\u00e9e contre le directeur g\u00e9n\u00e9ral - vof-news.eu\",\"isPartOf\":{\"@id\":\"https:\/\/vof-news.eu\/fr\/#website\"},\"primaryImageOfPage\":{\"@id\":\"https:\/\/vof-news.eu\/fr\/20-minutes-une-motion-de-defiance-de-la-redaction-votee-contre-le-directeur-general\/#primaryimage\"},\"image\":{\"@id\":\"https:\/\/vof-news.eu\/fr\/20-minutes-une-motion-de-defiance-de-la-redaction-votee-contre-le-directeur-general\/#primaryimage\"},\"thumbnailUrl\":\"https:\/\/vof-news.eu\/wp-content\/uploads\/2025\/07\/b874995_1704906750823-maxnewsfrfour814274.jpg\",\"datePublished\":\"2025-07-04T20:30:21+00:00\",\"dateModified\":\"2025-07-04T20:30:43+00:00\",\"author\":{\"@id\":\"https:\/\/vof-news.eu\/fr\/#\/schema\/person\/f6a2a4309f0561835797fd8c19b333ed\"},\"description\":\"Les journalistes du m\u00e9dia en ligne ont vot\u00e9 une motion de d\u00e9fiance \u00e0 l\u2019\u00e9gard du directeur g\u00e9n\u00e9ral et directeur de la publication, Ronan Dubois, d\u00e9non\u00e7ant [qui] , a annonc\u00e9 l\u2019intersyndicale SNJ-CGT et SNME-CFDT dans un communiqu\u00e9 transmis \u00e0 l\u2019Agence France-Presse (AFP), vendredi 4\u00a0juillet. Selon les syndicats, la participation \u00e0 ce vote interne s\u2019est \u00e9lev\u00e9e \u00e0 77\u00a0%, soit 40 des 52 journalistes de la r\u00e9daction, et la motion a \u00e9t\u00e9 adopt\u00e9e \u00e0 82,5\u00a0%. Les r\u00e9dacteurs en chef n\u2019ont pas vot\u00e9, comme c\u2019est l\u2019usage \u00e0, a pr\u00e9cis\u00e9 une source syndicale \u00e0 l\u2019AFP. Les journalistes reprochent \u00e0 Ronan Dubois, nomm\u00e9 en\u00a02023, des qui auraient du journal au lieu de la redresser. Ils pointent notamment un gel des recrutements et le non-remplacement des arr\u00eats maladie. , d\u00e9plorent-ils. La r\u00e9daction d\u00e9nonce \u00e9galement [leurs], avec la d\u00e9nonciation de plusieurs accords d\u2019entreprise, dont celui sur le t\u00e9l\u00e9travail, l\u2019arr\u00eat du versement des droits d\u2019auteur et le refus de verser les droits voisins, ainsi que deux licenciements r\u00e9cents jug\u00e9s injustifi\u00e9s. \u00ab\u00a0Impossible de faire confiance \u00e0 Ronan Dubois pour diriger \u201c20 Minutes\u201d\u00a0\u00bb Les syndicats font \u00e9galement \u00e9tat de propos tenus par Ronan Dubois envers une d\u00e9l\u00e9gu\u00e9e syndicale transgenre, qui font actuellement l\u2019objet d\u2019une enqu\u00eate. Enfin, la r\u00e9daction pointe les d\u00e9clarations lors de l\u2019assembl\u00e9e g\u00e9n\u00e9rale du 27\u00a0juin 20\u00a0Minutes. Outre l\u2019ensemble des pratiques d\u00e9nonc\u00e9es, cette motion intervient alors que le m\u00e9dia vient d\u2019\u00eatre condamn\u00e9 en appel au tribunal pour et d\u2019un journaliste en raison de son handicap, rapportent par ailleurs les syndicats. Les journalistes jugent d\u00e9sormais qu\u2019il est 20 Minutes. Fond\u00e9 en\u00a02002, a \u00e9t\u00e9 le dernier journal gratuit distribu\u00e9 en France, avant de devenir un m\u00e9dia exclusivement num\u00e9rique en septembre\u00a02024. Le Monde avec AFP S\u2019abonner Contribuer R\u00e9utiliser ce contenu\",\"breadcrumb\":{\"@id\":\"https:\/\/vof-news.eu\/fr\/20-minutes-une-motion-de-defiance-de-la-redaction-votee-contre-le-directeur-general\/#breadcrumb\"},\"inLanguage\":\"fr-FR\",\"potentialAction\":[{\"@type\":\"ReadAction\",\"target\":[\"https:\/\/vof-news.eu\/fr\/20-minutes-une-motion-de-defiance-de-la-redaction-votee-contre-le-directeur-general\/\"]}]},{\"@type\":\"ImageObject\",\"inLanguage\":\"fr-FR\",\"@id\":\"https:\/\/vof-news.eu\/fr\/20-minutes-une-motion-de-defiance-de-la-redaction-votee-contre-le-directeur-general\/#primaryimage\",\"url\":\"https:\/\/vof-news.eu\/wp-content\/uploads\/2025\/07\/b874995_1704906750823-maxnewsfrfour814274.jpg\",\"contentUrl\":\"https:\/\/vof-news.eu\/wp-content\/uploads\/2025\/07\/b874995_1704906750823-maxnewsfrfour814274.jpg\",\"width\":664,\"height\":498},{\"@type\":\"BreadcrumbList\",\"@id\":\"https:\/\/vof-news.eu\/fr\/20-minutes-une-motion-de-defiance-de-la-redaction-votee-contre-le-directeur-general\/#breadcrumb\",\"itemListElement\":[{\"@type\":\"ListItem\",\"position\":1,\"name\":\"Home\",\"item\":\"https:\/\/vof-news.eu\/fr\/\"},{\"@type\":\"ListItem\",\"position\":2,\"name\":\"\u00ab\u00a020 Minutes\u00a0\u00bb\u00a0: une motion de d\u00e9fiance de la r\u00e9daction vot\u00e9e contre le directeur g\u00e9n\u00e9ral\"}]},{\"@type\":\"WebSite\",\"@id\":\"https:\/\/vof-news.eu\/fr\/#website\",\"url\":\"https:\/\/vof-news.eu\/fr\/\",\"name\":\"vof-news.eu\",\"description\":\"\",\"potentialAction\":[{\"@type\":\"SearchAction\",\"target\":{\"@type\":\"EntryPoint\",\"urlTemplate\":\"https:\/\/vof-news.eu\/fr\/?s={search_term_string}\"},\"query-input\":\"required name=search_term_string\"}],\"inLanguage\":\"fr-FR\"},{\"@type\":\"Person\",\"@id\":\"https:\/\/vof-news.eu\/fr\/#\/schema\/person\/f6a2a4309f0561835797fd8c19b333ed\",\"name\":\"Author\",\"image\":{\"@type\":\"ImageObject\",\"inLanguage\":\"fr-FR\",\"@id\":\"https:\/\/vof-news.eu\/fr\/#\/schema\/person\/image\/\",\"url\":\"https:\/\/secure.gravatar.com\/avatar\/b67e614b1b25b3e9c0c239efdd2fde5ab015b5affd6f1c3c85911ca4b384e790?s=96&d=mm&r=g\",\"contentUrl\":\"https:\/\/secure.gravatar.com\/avatar\/b67e614b1b25b3e9c0c239efdd2fde5ab015b5affd6f1c3c85911ca4b384e790?s=96&d=mm&r=g\",\"caption\":\"Author\"},\"sameAs\":[\"http:\/\/vof-news.eu\"],\"url\":\"https:\/\/vof-news.eu\/fr\/author\/zwt6qxnjulxbnyg\/\"}]}<\/script>\n<!-- \/ Yoast SEO plugin. -->","yoast_head_json":{"title":"\u00ab\u00a020 Minutes\u00a0\u00bb\u00a0: une motion de d\u00e9fiance de la r\u00e9daction vot\u00e9e contre le directeur g\u00e9n\u00e9ral - vof-news.eu","description":"Les journalistes du m\u00e9dia en ligne ont vot\u00e9 une motion de d\u00e9fiance \u00e0 l\u2019\u00e9gard du directeur g\u00e9n\u00e9ral et directeur de la publication, Ronan Dubois, d\u00e9non\u00e7ant [qui] , a annonc\u00e9 l\u2019intersyndicale SNJ-CGT et SNME-CFDT dans un communiqu\u00e9 transmis \u00e0 l\u2019Agence France-Presse (AFP), vendredi 4\u00a0juillet. Selon les syndicats, la participation \u00e0 ce vote interne s\u2019est \u00e9lev\u00e9e \u00e0 77\u00a0%, soit 40 des 52 journalistes de la r\u00e9daction, et la motion a \u00e9t\u00e9 adopt\u00e9e \u00e0 82,5\u00a0%. Les r\u00e9dacteurs en chef n\u2019ont pas vot\u00e9, comme c\u2019est l\u2019usage \u00e0, a pr\u00e9cis\u00e9 une source syndicale \u00e0 l\u2019AFP. Les journalistes reprochent \u00e0 Ronan Dubois, nomm\u00e9 en\u00a02023, des qui auraient du journal au lieu de la redresser. Ils pointent notamment un gel des recrutements et le non-remplacement des arr\u00eats maladie. , d\u00e9plorent-ils. La r\u00e9daction d\u00e9nonce \u00e9galement [leurs], avec la d\u00e9nonciation de plusieurs accords d\u2019entreprise, dont celui sur le t\u00e9l\u00e9travail, l\u2019arr\u00eat du versement des droits d\u2019auteur et le refus de verser les droits voisins, ainsi que deux licenciements r\u00e9cents jug\u00e9s injustifi\u00e9s.   \u00ab\u00a0Impossible de faire confiance \u00e0 Ronan Dubois pour diriger \u201c20 Minutes\u201d\u00a0\u00bb Les syndicats font \u00e9galement \u00e9tat de propos tenus par Ronan Dubois envers une d\u00e9l\u00e9gu\u00e9e syndicale transgenre, qui font actuellement l\u2019objet d\u2019une enqu\u00eate. Enfin, la r\u00e9daction pointe les d\u00e9clarations lors de l\u2019assembl\u00e9e g\u00e9n\u00e9rale du 27\u00a0juin 20\u00a0Minutes. Outre l\u2019ensemble des pratiques d\u00e9nonc\u00e9es, cette motion intervient alors que le m\u00e9dia vient d\u2019\u00eatre condamn\u00e9 en appel au tribunal pour et d\u2019un journaliste en raison de son handicap, rapportent par ailleurs les syndicats. Les journalistes jugent d\u00e9sormais qu\u2019il est 20 Minutes. Fond\u00e9 en\u00a02002, a \u00e9t\u00e9 le dernier journal gratuit distribu\u00e9 en France, avant de devenir un m\u00e9dia exclusivement num\u00e9rique en septembre\u00a02024.    Le Monde avec AFP      S\u2019abonner   Contribuer R\u00e9utiliser ce contenu","robots":{"index":"noindex","follow":"follow","max-snippet":"max-snippet:-1","max-image-preview":"max-image-preview:large","max-video-preview":"max-video-preview:-1"},"og_locale":"fr_FR","og_type":"article","og_title":"\u00ab\u00a020 Minutes\u00a0\u00bb\u00a0: une motion de d\u00e9fiance de la r\u00e9daction vot\u00e9e contre le directeur g\u00e9n\u00e9ral - vof-news.eu","og_description":"Les journalistes du m\u00e9dia en ligne ont vot\u00e9 une motion de d\u00e9fiance \u00e0 l\u2019\u00e9gard du directeur g\u00e9n\u00e9ral et directeur de la publication, Ronan Dubois, d\u00e9non\u00e7ant [qui] , a annonc\u00e9 l\u2019intersyndicale SNJ-CGT et SNME-CFDT dans un communiqu\u00e9 transmis \u00e0 l\u2019Agence France-Presse (AFP), vendredi 4\u00a0juillet. Selon les syndicats, la participation \u00e0 ce vote interne s\u2019est \u00e9lev\u00e9e \u00e0 77\u00a0%, soit 40 des 52 journalistes de la r\u00e9daction, et la motion a \u00e9t\u00e9 adopt\u00e9e \u00e0 82,5\u00a0%. Les r\u00e9dacteurs en chef n\u2019ont pas vot\u00e9, comme c\u2019est l\u2019usage \u00e0, a pr\u00e9cis\u00e9 une source syndicale \u00e0 l\u2019AFP. Les journalistes reprochent \u00e0 Ronan Dubois, nomm\u00e9 en\u00a02023, des qui auraient du journal au lieu de la redresser. Ils pointent notamment un gel des recrutements et le non-remplacement des arr\u00eats maladie. , d\u00e9plorent-ils. La r\u00e9daction d\u00e9nonce \u00e9galement [leurs], avec la d\u00e9nonciation de plusieurs accords d\u2019entreprise, dont celui sur le t\u00e9l\u00e9travail, l\u2019arr\u00eat du versement des droits d\u2019auteur et le refus de verser les droits voisins, ainsi que deux licenciements r\u00e9cents jug\u00e9s injustifi\u00e9s.   \u00ab\u00a0Impossible de faire confiance \u00e0 Ronan Dubois pour diriger \u201c20 Minutes\u201d\u00a0\u00bb Les syndicats font \u00e9galement \u00e9tat de propos tenus par Ronan Dubois envers une d\u00e9l\u00e9gu\u00e9e syndicale transgenre, qui font actuellement l\u2019objet d\u2019une enqu\u00eate. Enfin, la r\u00e9daction pointe les d\u00e9clarations lors de l\u2019assembl\u00e9e g\u00e9n\u00e9rale du 27\u00a0juin 20\u00a0Minutes. Outre l\u2019ensemble des pratiques d\u00e9nonc\u00e9es, cette motion intervient alors que le m\u00e9dia vient d\u2019\u00eatre condamn\u00e9 en appel au tribunal pour et d\u2019un journaliste en raison de son handicap, rapportent par ailleurs les syndicats. Les journalistes jugent d\u00e9sormais qu\u2019il est 20 Minutes. Fond\u00e9 en\u00a02002, a \u00e9t\u00e9 le dernier journal gratuit distribu\u00e9 en France, avant de devenir un m\u00e9dia exclusivement num\u00e9rique en septembre\u00a02024.    Le Monde avec AFP      S\u2019abonner   Contribuer R\u00e9utiliser ce contenu","og_url":"https:\/\/vof-news.eu\/fr\/20-minutes-une-motion-de-defiance-de-la-redaction-votee-contre-le-directeur-general\/","og_site_name":"vof-news.eu","article_published_time":"2025-07-04T20:30:21+00:00","article_modified_time":"2025-07-04T20:30:43+00:00","og_image":[{"width":664,"height":498,"url":"https:\/\/vof-news.eu\/wp-content\/uploads\/2025\/07\/b874995_1704906750823-maxnewsfrfour814274.jpg","type":"image\/jpeg"}],"author":"Author","twitter_card":"summary_large_image","twitter_misc":{"\u00c9crit par":"Author","Dur\u00e9e de lecture estim\u00e9e":"2 minutes"},"schema":{"@context":"https:\/\/schema.org","@graph":[{"@type":"WebPage","@id":"https:\/\/vof-news.eu\/fr\/20-minutes-une-motion-de-defiance-de-la-redaction-votee-contre-le-directeur-general\/","url":"https:\/\/vof-news.eu\/fr\/20-minutes-une-motion-de-defiance-de-la-redaction-votee-contre-le-directeur-general\/","name":"\u00ab\u00a020 Minutes\u00a0\u00bb\u00a0: une motion de d\u00e9fiance de la r\u00e9daction vot\u00e9e contre le directeur g\u00e9n\u00e9ral - vof-news.eu","isPartOf":{"@id":"https:\/\/vof-news.eu\/fr\/#website"},"primaryImageOfPage":{"@id":"https:\/\/vof-news.eu\/fr\/20-minutes-une-motion-de-defiance-de-la-redaction-votee-contre-le-directeur-general\/#primaryimage"},"image":{"@id":"https:\/\/vof-news.eu\/fr\/20-minutes-une-motion-de-defiance-de-la-redaction-votee-contre-le-directeur-general\/#primaryimage"},"thumbnailUrl":"https:\/\/vof-news.eu\/wp-content\/uploads\/2025\/07\/b874995_1704906750823-maxnewsfrfour814274.jpg","datePublished":"2025-07-04T20:30:21+00:00","dateModified":"2025-07-04T20:30:43+00:00","author":{"@id":"https:\/\/vof-news.eu\/fr\/#\/schema\/person\/f6a2a4309f0561835797fd8c19b333ed"},"description":"Les journalistes du m\u00e9dia en ligne ont vot\u00e9 une motion de d\u00e9fiance \u00e0 l\u2019\u00e9gard du directeur g\u00e9n\u00e9ral et directeur de la publication, Ronan Dubois, d\u00e9non\u00e7ant [qui] , a annonc\u00e9 l\u2019intersyndicale SNJ-CGT et SNME-CFDT dans un communiqu\u00e9 transmis \u00e0 l\u2019Agence France-Presse (AFP), vendredi 4\u00a0juillet. Selon les syndicats, la participation \u00e0 ce vote interne s\u2019est \u00e9lev\u00e9e \u00e0 77\u00a0%, soit 40 des 52 journalistes de la r\u00e9daction, et la motion a \u00e9t\u00e9 adopt\u00e9e \u00e0 82,5\u00a0%. Les r\u00e9dacteurs en chef n\u2019ont pas vot\u00e9, comme c\u2019est l\u2019usage \u00e0, a pr\u00e9cis\u00e9 une source syndicale \u00e0 l\u2019AFP. Les journalistes reprochent \u00e0 Ronan Dubois, nomm\u00e9 en\u00a02023, des qui auraient du journal au lieu de la redresser. Ils pointent notamment un gel des recrutements et le non-remplacement des arr\u00eats maladie. , d\u00e9plorent-ils. La r\u00e9daction d\u00e9nonce \u00e9galement [leurs], avec la d\u00e9nonciation de plusieurs accords d\u2019entreprise, dont celui sur le t\u00e9l\u00e9travail, l\u2019arr\u00eat du versement des droits d\u2019auteur et le refus de verser les droits voisins, ainsi que deux licenciements r\u00e9cents jug\u00e9s injustifi\u00e9s. \u00ab\u00a0Impossible de faire confiance \u00e0 Ronan Dubois pour diriger \u201c20 Minutes\u201d\u00a0\u00bb Les syndicats font \u00e9galement \u00e9tat de propos tenus par Ronan Dubois envers une d\u00e9l\u00e9gu\u00e9e syndicale transgenre, qui font actuellement l\u2019objet d\u2019une enqu\u00eate. Enfin, la r\u00e9daction pointe les d\u00e9clarations lors de l\u2019assembl\u00e9e g\u00e9n\u00e9rale du 27\u00a0juin 20\u00a0Minutes. Outre l\u2019ensemble des pratiques d\u00e9nonc\u00e9es, cette motion intervient alors que le m\u00e9dia vient d\u2019\u00eatre condamn\u00e9 en appel au tribunal pour et d\u2019un journaliste en raison de son handicap, rapportent par ailleurs les syndicats. Les journalistes jugent d\u00e9sormais qu\u2019il est 20 Minutes. Fond\u00e9 en\u00a02002, a \u00e9t\u00e9 le dernier journal gratuit distribu\u00e9 en France, avant de devenir un m\u00e9dia exclusivement num\u00e9rique en septembre\u00a02024. Le Monde avec AFP S\u2019abonner Contribuer R\u00e9utiliser ce contenu","breadcrumb":{"@id":"https:\/\/vof-news.eu\/fr\/20-minutes-une-motion-de-defiance-de-la-redaction-votee-contre-le-directeur-general\/#breadcrumb"},"inLanguage":"fr-FR","potentialAction":[{"@type":"ReadAction","target":["https:\/\/vof-news.eu\/fr\/20-minutes-une-motion-de-defiance-de-la-redaction-votee-contre-le-directeur-general\/"]}]},{"@type":"ImageObject","inLanguage":"fr-FR","@id":"https:\/\/vof-news.eu\/fr\/20-minutes-une-motion-de-defiance-de-la-redaction-votee-contre-le-directeur-general\/#primaryimage","url":"https:\/\/vof-news.eu\/wp-content\/uploads\/2025\/07\/b874995_1704906750823-maxnewsfrfour814274.jpg","contentUrl":"https:\/\/vof-news.eu\/wp-content\/uploads\/2025\/07\/b874995_1704906750823-maxnewsfrfour814274.jpg","width":664,"height":498},{"@type":"BreadcrumbList","@id":"https:\/\/vof-news.eu\/fr\/20-minutes-une-motion-de-defiance-de-la-redaction-votee-contre-le-directeur-general\/#breadcrumb","itemListElement":[{"@type":"ListItem","position":1,"name":"Home","item":"https:\/\/vof-news.eu\/fr\/"},{"@type":"ListItem","position":2,"name":"\u00ab\u00a020 Minutes\u00a0\u00bb\u00a0: une motion de d\u00e9fiance de la r\u00e9daction vot\u00e9e contre le directeur g\u00e9n\u00e9ral"}]},{"@type":"WebSite","@id":"https:\/\/vof-news.eu\/fr\/#website","url":"https:\/\/vof-news.eu\/fr\/","name":"vof-news.eu","description":"","potentialAction":[{"@type":"SearchAction","target":{"@type":"EntryPoint","urlTemplate":"https:\/\/vof-news.eu\/fr\/?s={search_term_string}"},"query-input":"required name=search_term_string"}],"inLanguage":"fr-FR"},{"@type":"Person","@id":"https:\/\/vof-news.eu\/fr\/#\/schema\/person\/f6a2a4309f0561835797fd8c19b333ed","name":"Author","image":{"@type":"ImageObject","inLanguage":"fr-FR","@id":"https:\/\/vof-news.eu\/fr\/#\/schema\/person\/image\/","url":"https:\/\/secure.gravatar.com\/avatar\/b67e614b1b25b3e9c0c239efdd2fde5ab015b5affd6f1c3c85911ca4b384e790?s=96&d=mm&r=g","contentUrl":"https:\/\/secure.gravatar.com\/avatar\/b67e614b1b25b3e9c0c239efdd2fde5ab015b5affd6f1c3c85911ca4b384e790?s=96&d=mm&r=g","caption":"Author"},"sameAs":["http:\/\/vof-news.eu"],"url":"https:\/\/vof-news.eu\/fr\/author\/zwt6qxnjulxbnyg\/"}]}},"yoast_meta":{"yoast_wpseo_title":"","yoast_wpseo_metadesc":"","yoast_wpseo_canonical":""},"_links":{"self":[{"href":"https:\/\/vof-news.eu\/fr\/wp-json\/wp\/v2\/posts\/247377","targetHints":{"allow":["GET"]}}],"collection":[{"href":"https:\/\/vof-news.eu\/fr\/wp-json\/wp\/v2\/posts"}],"about":[{"href":"https:\/\/vof-news.eu\/fr\/wp-json\/wp\/v2\/types\/post"}],"author":[{"embeddable":true,"href":"https:\/\/vof-news.eu\/fr\/wp-json\/wp\/v2\/users\/1"}],"replies":[{"embeddable":true,"href":"https:\/\/vof-news.eu\/fr\/wp-json\/wp\/v2\/comments?post=247377"}],"version-history":[{"count":1,"href":"https:\/\/vof-news.eu\/fr\/wp-json\/wp\/v2\/posts\/247377\/revisions"}],"predecessor-version":[{"id":247384,"href":"https:\/\/vof-news.eu\/fr\/wp-json\/wp\/v2\/posts\/247377\/revisions\/247384"}],"wp:featuredmedia":[{"embeddable":true,"href":"https:\/\/vof-news.eu\/fr\/wp-json\/wp\/v2\/media\/247378"}],"wp:attachment":[{"href":"https:\/\/vof-news.eu\/fr\/wp-json\/wp\/v2\/media?parent=247377"}],"wp:term":[{"taxonomy":"category","embeddable":true,"href":"https:\/\/vof-news.eu\/fr\/wp-json\/wp\/v2\/categories?post=247377"},{"taxonomy":"post_tag","embeddable":true,"href":"https:\/\/vof-news.eu\/fr\/wp-json\/wp\/v2\/tags?post=247377"}],"curies":[{"name":"wp","href":"https:\/\/api.w.org\/{rel}","templated":true}]}}