{"id":247328,"date":"2025-07-04T21:34:24","date_gmt":"2025-07-04T18:34:24","guid":{"rendered":"https:\/\/vof-news.eu\/distancee-par-cnews-bfm-tv-defend-sa-reputation\/"},"modified":"2025-07-04T21:34:41","modified_gmt":"2025-07-04T18:34:41","slug":"distancee-par-cnews-bfm-tv-defend-sa-reputation","status":"publish","type":"post","link":"https:\/\/vof-news.eu\/fr\/distancee-par-cnews-bfm-tv-defend-sa-reputation\/","title":{"rendered":"Distanc\u00e9e par CNews, BFM-TV d\u00e9fend sa r\u00e9putation"},"content":{"rendered":"<article>\n<p>Hausse continue de la rivale CNews, concurrence renouvel\u00e9e de LCI, d\u00e9parts en cascade, mercato d\u00e9cevant, et maintenant souci d\u2019\u00e9conomies. Pour CMA M\u00e9dia, acqu\u00e9reur il y a un an de la cha\u00eene d\u2019information continue BFM-TV (avec BFM Business, RMC, RMC D\u00e9couverte, RMC Story,\u00a0etc.), les douze mois qui viennent de s\u2019\u00e9couler ont vu les contrari\u00e9t\u00e9s s\u2019accumuler. Mais \u00e0 quelques jours d\u2019annoncer le recrutement de nouveaux talents, les dirigeants de BFM-TV\/RMC ferraillent pour emp\u00eacher un r\u00e9cit n\u00e9gatif s\u2019installer. , s\u2019agace Fabien Namias, le directeur g\u00e9n\u00e9ral de la cha\u00eene. <\/p>\n<p>L\u2019\u00e9cart toujours plus grand entre les parts d\u2019audience de CNews (3,6\u00a0% en juin, en hausse de 0,1\u00a0point par rapport \u00e0 juin\u00a02024), en hausse continue et fermement install\u00e9e en pole position des cha\u00eenes d\u2019info, et BFM-TV (2,9\u00a0% le m\u00eame mois, en baisse de 0,5 point)\u00a0? Il cache un nombre de t\u00e9l\u00e9spectateurs  \u00e0 celui des concurrents (pr\u00e8s de 12\u00a0millions, quand CNews tutoie les 9\u00a0millions) ainsi que des audiences  sur la cible des 25-49\u00a0ans, capitale pour s\u00e9duire les annonceurs, r\u00e9torque-t-on au groupe.<\/p>\n<p><strong>Il vous reste 64.96% de cet article \u00e0 lire. La suite est r\u00e9serv\u00e9e aux abonn\u00e9s.<\/strong><\/p>\n<\/article>\n","protected":false},"excerpt":{"rendered":"<p>Hausse continue de la rivale CNews, concurrence renouvel\u00e9e de LCI, d\u00e9parts en cascade, mercato d\u00e9cevant, et maintenant souci d\u2019\u00e9conomies. Pour CMA M\u00e9dia, acqu\u00e9reur il y a un an de la cha\u00eene d\u2019information continue BFM-TV (avec BFM Business, RMC, RMC D\u00e9couverte, RMC Story,\u00a0etc.), les douze mois qui viennent de s\u2019\u00e9couler ont vu les contrari\u00e9t\u00e9s s\u2019accumuler. Mais<\/p>\n","protected":false},"author":1,"featured_media":247329,"comment_status":"open","ping_status":"open","sticky":false,"template":"","format":"standard","meta":{"footnotes":""},"categories":[58],"tags":[],"class_list":["post-247328","post","type-post","status-publish","format-standard","has-post-thumbnail","hentry","category-business-fr"],"acf":[],"yoast_head":"<!-- This site is optimized with the Yoast SEO plugin v22.9 - https:\/\/yoast.com\/wordpress\/plugins\/seo\/ -->\n<title>Distanc\u00e9e par CNews, BFM-TV d\u00e9fend sa r\u00e9putation - vof-news.eu<\/title>\n<meta name=\"description\" content=\"Hausse continue de la rivale CNews, concurrence renouvel\u00e9e de LCI, d\u00e9parts en cascade, mercato d\u00e9cevant, et maintenant souci d\u2019\u00e9conomies. Pour CMA M\u00e9dia, acqu\u00e9reur il y a un an de la cha\u00eene d\u2019information continue BFM-TV (avec BFM Business, RMC, RMC D\u00e9couverte, RMC Story,\u00a0etc.), les douze mois qui viennent de s\u2019\u00e9couler ont vu les contrari\u00e9t\u00e9s s\u2019accumuler. Mais \u00e0 quelques jours d\u2019annoncer le recrutement de nouveaux talents, les dirigeants de BFM-TV\/RMC ferraillent pour emp\u00eacher un r\u00e9cit n\u00e9gatif s\u2019installer. , s\u2019agace Fabien Namias, le directeur g\u00e9n\u00e9ral de la cha\u00eene.  L\u2019\u00e9cart toujours plus grand entre les parts d\u2019audience de CNews (3,6\u00a0% en juin, en hausse de 0,1\u00a0point par rapport \u00e0 juin\u00a02024), en hausse continue et fermement install\u00e9e en pole position des cha\u00eenes d\u2019info, et BFM-TV (2,9\u00a0% le m\u00eame mois, en baisse de 0,5 point)\u00a0? Il cache un nombre de t\u00e9l\u00e9spectateurs \u00e0 celui des concurrents (pr\u00e8s de 12\u00a0millions, quand CNews tutoie les 9\u00a0millions) ainsi que des audiences sur la cible des 25-49\u00a0ans, capitale pour s\u00e9duire les annonceurs, r\u00e9torque-t-on au groupe. Il vous reste 64.96% de cet article \u00e0 lire. La suite est r\u00e9serv\u00e9e aux abonn\u00e9s.\" \/>\n<meta name=\"robots\" content=\"noindex, follow, max-snippet:-1, max-image-preview:large, max-video-preview:-1\" \/>\n<meta property=\"og:locale\" content=\"fr_FR\" \/>\n<meta property=\"og:type\" content=\"article\" \/>\n<meta property=\"og:title\" content=\"Distanc\u00e9e par CNews, BFM-TV d\u00e9fend sa r\u00e9putation - vof-news.eu\" \/>\n<meta property=\"og:description\" content=\"Hausse continue de la rivale CNews, concurrence renouvel\u00e9e de LCI, d\u00e9parts en cascade, mercato d\u00e9cevant, et maintenant souci d\u2019\u00e9conomies. Pour CMA M\u00e9dia, acqu\u00e9reur il y a un an de la cha\u00eene d\u2019information continue BFM-TV (avec BFM Business, RMC, RMC D\u00e9couverte, RMC Story,\u00a0etc.), les douze mois qui viennent de s\u2019\u00e9couler ont vu les contrari\u00e9t\u00e9s s\u2019accumuler. Mais \u00e0 quelques jours d\u2019annoncer le recrutement de nouveaux talents, les dirigeants de BFM-TV\/RMC ferraillent pour emp\u00eacher un r\u00e9cit n\u00e9gatif s\u2019installer. , s\u2019agace Fabien Namias, le directeur g\u00e9n\u00e9ral de la cha\u00eene.  L\u2019\u00e9cart toujours plus grand entre les parts d\u2019audience de CNews (3,6\u00a0% en juin, en hausse de 0,1\u00a0point par rapport \u00e0 juin\u00a02024), en hausse continue et fermement install\u00e9e en pole position des cha\u00eenes d\u2019info, et BFM-TV (2,9\u00a0% le m\u00eame mois, en baisse de 0,5 point)\u00a0? Il cache un nombre de t\u00e9l\u00e9spectateurs \u00e0 celui des concurrents (pr\u00e8s de 12\u00a0millions, quand CNews tutoie les 9\u00a0millions) ainsi que des audiences sur la cible des 25-49\u00a0ans, capitale pour s\u00e9duire les annonceurs, r\u00e9torque-t-on au groupe. Il vous reste 64.96% de cet article \u00e0 lire. La suite est r\u00e9serv\u00e9e aux abonn\u00e9s.\" \/>\n<meta property=\"og:url\" content=\"https:\/\/vof-news.eu\/fr\/distancee-par-cnews-bfm-tv-defend-sa-reputation\/\" \/>\n<meta property=\"og:site_name\" content=\"vof-news.eu\" \/>\n<meta property=\"article:published_time\" content=\"2025-07-04T18:34:24+00:00\" \/>\n<meta property=\"article:modified_time\" content=\"2025-07-04T18:34:41+00:00\" \/>\n<meta property=\"og:image\" content=\"https:\/\/vof-news.eu\/wp-content\/uploads\/2025\/07\/63bf623_upload-1-xuzissnijxfr-000-33tz4kz.jpg\" \/>\n\t<meta property=\"og:image:width\" content=\"664\" \/>\n\t<meta property=\"og:image:height\" content=\"450\" \/>\n\t<meta property=\"og:image:type\" content=\"image\/jpeg\" \/>\n<meta name=\"author\" content=\"Author\" \/>\n<meta name=\"twitter:card\" content=\"summary_large_image\" \/>\n<meta name=\"twitter:label1\" content=\"\u00c9crit par\" \/>\n\t<meta name=\"twitter:data1\" content=\"Author\" \/>\n\t<meta name=\"twitter:label2\" content=\"Dur\u00e9e de lecture estim\u00e9e\" \/>\n\t<meta name=\"twitter:data2\" content=\"1 minute\" \/>\n<script type=\"application\/ld+json\" class=\"yoast-schema-graph\">{\"@context\":\"https:\/\/schema.org\",\"@graph\":[{\"@type\":\"WebPage\",\"@id\":\"https:\/\/vof-news.eu\/fr\/distancee-par-cnews-bfm-tv-defend-sa-reputation\/\",\"url\":\"https:\/\/vof-news.eu\/fr\/distancee-par-cnews-bfm-tv-defend-sa-reputation\/\",\"name\":\"Distanc\u00e9e par CNews, BFM-TV d\u00e9fend sa r\u00e9putation - vof-news.eu\",\"isPartOf\":{\"@id\":\"https:\/\/vof-news.eu\/fr\/#website\"},\"primaryImageOfPage\":{\"@id\":\"https:\/\/vof-news.eu\/fr\/distancee-par-cnews-bfm-tv-defend-sa-reputation\/#primaryimage\"},\"image\":{\"@id\":\"https:\/\/vof-news.eu\/fr\/distancee-par-cnews-bfm-tv-defend-sa-reputation\/#primaryimage\"},\"thumbnailUrl\":\"https:\/\/vof-news.eu\/wp-content\/uploads\/2025\/07\/63bf623_upload-1-xuzissnijxfr-000-33tz4kz.jpg\",\"datePublished\":\"2025-07-04T18:34:24+00:00\",\"dateModified\":\"2025-07-04T18:34:41+00:00\",\"author\":{\"@id\":\"https:\/\/vof-news.eu\/fr\/#\/schema\/person\/f6a2a4309f0561835797fd8c19b333ed\"},\"description\":\"Hausse continue de la rivale CNews, concurrence renouvel\u00e9e de LCI, d\u00e9parts en cascade, mercato d\u00e9cevant, et maintenant souci d\u2019\u00e9conomies. Pour CMA M\u00e9dia, acqu\u00e9reur il y a un an de la cha\u00eene d\u2019information continue BFM-TV (avec BFM Business, RMC, RMC D\u00e9couverte, RMC Story,\u00a0etc.), les douze mois qui viennent de s\u2019\u00e9couler ont vu les contrari\u00e9t\u00e9s s\u2019accumuler. Mais \u00e0 quelques jours d\u2019annoncer le recrutement de nouveaux talents, les dirigeants de BFM-TV\/RMC ferraillent pour emp\u00eacher un r\u00e9cit n\u00e9gatif s\u2019installer. , s\u2019agace Fabien Namias, le directeur g\u00e9n\u00e9ral de la cha\u00eene. L\u2019\u00e9cart toujours plus grand entre les parts d\u2019audience de CNews (3,6\u00a0% en juin, en hausse de 0,1\u00a0point par rapport \u00e0 juin\u00a02024), en hausse continue et fermement install\u00e9e en pole position des cha\u00eenes d\u2019info, et BFM-TV (2,9\u00a0% le m\u00eame mois, en baisse de 0,5 point)\u00a0? Il cache un nombre de t\u00e9l\u00e9spectateurs \u00e0 celui des concurrents (pr\u00e8s de 12\u00a0millions, quand CNews tutoie les 9\u00a0millions) ainsi que des audiences sur la cible des 25-49\u00a0ans, capitale pour s\u00e9duire les annonceurs, r\u00e9torque-t-on au groupe. Il vous reste 64.96% de cet article \u00e0 lire. La suite est r\u00e9serv\u00e9e aux abonn\u00e9s.\",\"breadcrumb\":{\"@id\":\"https:\/\/vof-news.eu\/fr\/distancee-par-cnews-bfm-tv-defend-sa-reputation\/#breadcrumb\"},\"inLanguage\":\"fr-FR\",\"potentialAction\":[{\"@type\":\"ReadAction\",\"target\":[\"https:\/\/vof-news.eu\/fr\/distancee-par-cnews-bfm-tv-defend-sa-reputation\/\"]}]},{\"@type\":\"ImageObject\",\"inLanguage\":\"fr-FR\",\"@id\":\"https:\/\/vof-news.eu\/fr\/distancee-par-cnews-bfm-tv-defend-sa-reputation\/#primaryimage\",\"url\":\"https:\/\/vof-news.eu\/wp-content\/uploads\/2025\/07\/63bf623_upload-1-xuzissnijxfr-000-33tz4kz.jpg\",\"contentUrl\":\"https:\/\/vof-news.eu\/wp-content\/uploads\/2025\/07\/63bf623_upload-1-xuzissnijxfr-000-33tz4kz.jpg\",\"width\":664,\"height\":450},{\"@type\":\"BreadcrumbList\",\"@id\":\"https:\/\/vof-news.eu\/fr\/distancee-par-cnews-bfm-tv-defend-sa-reputation\/#breadcrumb\",\"itemListElement\":[{\"@type\":\"ListItem\",\"position\":1,\"name\":\"Home\",\"item\":\"https:\/\/vof-news.eu\/fr\/\"},{\"@type\":\"ListItem\",\"position\":2,\"name\":\"Distanc\u00e9e par CNews, BFM-TV d\u00e9fend sa r\u00e9putation\"}]},{\"@type\":\"WebSite\",\"@id\":\"https:\/\/vof-news.eu\/fr\/#website\",\"url\":\"https:\/\/vof-news.eu\/fr\/\",\"name\":\"vof-news.eu\",\"description\":\"\",\"potentialAction\":[{\"@type\":\"SearchAction\",\"target\":{\"@type\":\"EntryPoint\",\"urlTemplate\":\"https:\/\/vof-news.eu\/fr\/?s={search_term_string}\"},\"query-input\":\"required name=search_term_string\"}],\"inLanguage\":\"fr-FR\"},{\"@type\":\"Person\",\"@id\":\"https:\/\/vof-news.eu\/fr\/#\/schema\/person\/f6a2a4309f0561835797fd8c19b333ed\",\"name\":\"Author\",\"image\":{\"@type\":\"ImageObject\",\"inLanguage\":\"fr-FR\",\"@id\":\"https:\/\/vof-news.eu\/fr\/#\/schema\/person\/image\/\",\"url\":\"https:\/\/secure.gravatar.com\/avatar\/b67e614b1b25b3e9c0c239efdd2fde5ab015b5affd6f1c3c85911ca4b384e790?s=96&d=mm&r=g\",\"contentUrl\":\"https:\/\/secure.gravatar.com\/avatar\/b67e614b1b25b3e9c0c239efdd2fde5ab015b5affd6f1c3c85911ca4b384e790?s=96&d=mm&r=g\",\"caption\":\"Author\"},\"sameAs\":[\"http:\/\/vof-news.eu\"],\"url\":\"https:\/\/vof-news.eu\/fr\/author\/zwt6qxnjulxbnyg\/\"}]}<\/script>\n<!-- \/ Yoast SEO plugin. -->","yoast_head_json":{"title":"Distanc\u00e9e par CNews, BFM-TV d\u00e9fend sa r\u00e9putation - vof-news.eu","description":"Hausse continue de la rivale CNews, concurrence renouvel\u00e9e de LCI, d\u00e9parts en cascade, mercato d\u00e9cevant, et maintenant souci d\u2019\u00e9conomies. Pour CMA M\u00e9dia, acqu\u00e9reur il y a un an de la cha\u00eene d\u2019information continue BFM-TV (avec BFM Business, RMC, RMC D\u00e9couverte, RMC Story,\u00a0etc.), les douze mois qui viennent de s\u2019\u00e9couler ont vu les contrari\u00e9t\u00e9s s\u2019accumuler. Mais \u00e0 quelques jours d\u2019annoncer le recrutement de nouveaux talents, les dirigeants de BFM-TV\/RMC ferraillent pour emp\u00eacher un r\u00e9cit n\u00e9gatif s\u2019installer. , s\u2019agace Fabien Namias, le directeur g\u00e9n\u00e9ral de la cha\u00eene.  L\u2019\u00e9cart toujours plus grand entre les parts d\u2019audience de CNews (3,6\u00a0% en juin, en hausse de 0,1\u00a0point par rapport \u00e0 juin\u00a02024), en hausse continue et fermement install\u00e9e en pole position des cha\u00eenes d\u2019info, et BFM-TV (2,9\u00a0% le m\u00eame mois, en baisse de 0,5 point)\u00a0? Il cache un nombre de t\u00e9l\u00e9spectateurs \u00e0 celui des concurrents (pr\u00e8s de 12\u00a0millions, quand CNews tutoie les 9\u00a0millions) ainsi que des audiences sur la cible des 25-49\u00a0ans, capitale pour s\u00e9duire les annonceurs, r\u00e9torque-t-on au groupe. Il vous reste 64.96% de cet article \u00e0 lire. La suite est r\u00e9serv\u00e9e aux abonn\u00e9s.","robots":{"index":"noindex","follow":"follow","max-snippet":"max-snippet:-1","max-image-preview":"max-image-preview:large","max-video-preview":"max-video-preview:-1"},"og_locale":"fr_FR","og_type":"article","og_title":"Distanc\u00e9e par CNews, BFM-TV d\u00e9fend sa r\u00e9putation - vof-news.eu","og_description":"Hausse continue de la rivale CNews, concurrence renouvel\u00e9e de LCI, d\u00e9parts en cascade, mercato d\u00e9cevant, et maintenant souci d\u2019\u00e9conomies. Pour CMA M\u00e9dia, acqu\u00e9reur il y a un an de la cha\u00eene d\u2019information continue BFM-TV (avec BFM Business, RMC, RMC D\u00e9couverte, RMC Story,\u00a0etc.), les douze mois qui viennent de s\u2019\u00e9couler ont vu les contrari\u00e9t\u00e9s s\u2019accumuler. Mais \u00e0 quelques jours d\u2019annoncer le recrutement de nouveaux talents, les dirigeants de BFM-TV\/RMC ferraillent pour emp\u00eacher un r\u00e9cit n\u00e9gatif s\u2019installer. , s\u2019agace Fabien Namias, le directeur g\u00e9n\u00e9ral de la cha\u00eene.  L\u2019\u00e9cart toujours plus grand entre les parts d\u2019audience de CNews (3,6\u00a0% en juin, en hausse de 0,1\u00a0point par rapport \u00e0 juin\u00a02024), en hausse continue et fermement install\u00e9e en pole position des cha\u00eenes d\u2019info, et BFM-TV (2,9\u00a0% le m\u00eame mois, en baisse de 0,5 point)\u00a0? Il cache un nombre de t\u00e9l\u00e9spectateurs \u00e0 celui des concurrents (pr\u00e8s de 12\u00a0millions, quand CNews tutoie les 9\u00a0millions) ainsi que des audiences sur la cible des 25-49\u00a0ans, capitale pour s\u00e9duire les annonceurs, r\u00e9torque-t-on au groupe. Il vous reste 64.96% de cet article \u00e0 lire. La suite est r\u00e9serv\u00e9e aux abonn\u00e9s.","og_url":"https:\/\/vof-news.eu\/fr\/distancee-par-cnews-bfm-tv-defend-sa-reputation\/","og_site_name":"vof-news.eu","article_published_time":"2025-07-04T18:34:24+00:00","article_modified_time":"2025-07-04T18:34:41+00:00","og_image":[{"width":664,"height":450,"url":"https:\/\/vof-news.eu\/wp-content\/uploads\/2025\/07\/63bf623_upload-1-xuzissnijxfr-000-33tz4kz.jpg","type":"image\/jpeg"}],"author":"Author","twitter_card":"summary_large_image","twitter_misc":{"\u00c9crit par":"Author","Dur\u00e9e de lecture estim\u00e9e":"1 minute"},"schema":{"@context":"https:\/\/schema.org","@graph":[{"@type":"WebPage","@id":"https:\/\/vof-news.eu\/fr\/distancee-par-cnews-bfm-tv-defend-sa-reputation\/","url":"https:\/\/vof-news.eu\/fr\/distancee-par-cnews-bfm-tv-defend-sa-reputation\/","name":"Distanc\u00e9e par CNews, BFM-TV d\u00e9fend sa r\u00e9putation - vof-news.eu","isPartOf":{"@id":"https:\/\/vof-news.eu\/fr\/#website"},"primaryImageOfPage":{"@id":"https:\/\/vof-news.eu\/fr\/distancee-par-cnews-bfm-tv-defend-sa-reputation\/#primaryimage"},"image":{"@id":"https:\/\/vof-news.eu\/fr\/distancee-par-cnews-bfm-tv-defend-sa-reputation\/#primaryimage"},"thumbnailUrl":"https:\/\/vof-news.eu\/wp-content\/uploads\/2025\/07\/63bf623_upload-1-xuzissnijxfr-000-33tz4kz.jpg","datePublished":"2025-07-04T18:34:24+00:00","dateModified":"2025-07-04T18:34:41+00:00","author":{"@id":"https:\/\/vof-news.eu\/fr\/#\/schema\/person\/f6a2a4309f0561835797fd8c19b333ed"},"description":"Hausse continue de la rivale CNews, concurrence renouvel\u00e9e de LCI, d\u00e9parts en cascade, mercato d\u00e9cevant, et maintenant souci d\u2019\u00e9conomies. Pour CMA M\u00e9dia, acqu\u00e9reur il y a un an de la cha\u00eene d\u2019information continue BFM-TV (avec BFM Business, RMC, RMC D\u00e9couverte, RMC Story,\u00a0etc.), les douze mois qui viennent de s\u2019\u00e9couler ont vu les contrari\u00e9t\u00e9s s\u2019accumuler. Mais \u00e0 quelques jours d\u2019annoncer le recrutement de nouveaux talents, les dirigeants de BFM-TV\/RMC ferraillent pour emp\u00eacher un r\u00e9cit n\u00e9gatif s\u2019installer. , s\u2019agace Fabien Namias, le directeur g\u00e9n\u00e9ral de la cha\u00eene. L\u2019\u00e9cart toujours plus grand entre les parts d\u2019audience de CNews (3,6\u00a0% en juin, en hausse de 0,1\u00a0point par rapport \u00e0 juin\u00a02024), en hausse continue et fermement install\u00e9e en pole position des cha\u00eenes d\u2019info, et BFM-TV (2,9\u00a0% le m\u00eame mois, en baisse de 0,5 point)\u00a0? Il cache un nombre de t\u00e9l\u00e9spectateurs \u00e0 celui des concurrents (pr\u00e8s de 12\u00a0millions, quand CNews tutoie les 9\u00a0millions) ainsi que des audiences sur la cible des 25-49\u00a0ans, capitale pour s\u00e9duire les annonceurs, r\u00e9torque-t-on au groupe. Il vous reste 64.96% de cet article \u00e0 lire. La suite est r\u00e9serv\u00e9e aux abonn\u00e9s.","breadcrumb":{"@id":"https:\/\/vof-news.eu\/fr\/distancee-par-cnews-bfm-tv-defend-sa-reputation\/#breadcrumb"},"inLanguage":"fr-FR","potentialAction":[{"@type":"ReadAction","target":["https:\/\/vof-news.eu\/fr\/distancee-par-cnews-bfm-tv-defend-sa-reputation\/"]}]},{"@type":"ImageObject","inLanguage":"fr-FR","@id":"https:\/\/vof-news.eu\/fr\/distancee-par-cnews-bfm-tv-defend-sa-reputation\/#primaryimage","url":"https:\/\/vof-news.eu\/wp-content\/uploads\/2025\/07\/63bf623_upload-1-xuzissnijxfr-000-33tz4kz.jpg","contentUrl":"https:\/\/vof-news.eu\/wp-content\/uploads\/2025\/07\/63bf623_upload-1-xuzissnijxfr-000-33tz4kz.jpg","width":664,"height":450},{"@type":"BreadcrumbList","@id":"https:\/\/vof-news.eu\/fr\/distancee-par-cnews-bfm-tv-defend-sa-reputation\/#breadcrumb","itemListElement":[{"@type":"ListItem","position":1,"name":"Home","item":"https:\/\/vof-news.eu\/fr\/"},{"@type":"ListItem","position":2,"name":"Distanc\u00e9e par CNews, BFM-TV d\u00e9fend sa r\u00e9putation"}]},{"@type":"WebSite","@id":"https:\/\/vof-news.eu\/fr\/#website","url":"https:\/\/vof-news.eu\/fr\/","name":"vof-news.eu","description":"","potentialAction":[{"@type":"SearchAction","target":{"@type":"EntryPoint","urlTemplate":"https:\/\/vof-news.eu\/fr\/?s={search_term_string}"},"query-input":"required name=search_term_string"}],"inLanguage":"fr-FR"},{"@type":"Person","@id":"https:\/\/vof-news.eu\/fr\/#\/schema\/person\/f6a2a4309f0561835797fd8c19b333ed","name":"Author","image":{"@type":"ImageObject","inLanguage":"fr-FR","@id":"https:\/\/vof-news.eu\/fr\/#\/schema\/person\/image\/","url":"https:\/\/secure.gravatar.com\/avatar\/b67e614b1b25b3e9c0c239efdd2fde5ab015b5affd6f1c3c85911ca4b384e790?s=96&d=mm&r=g","contentUrl":"https:\/\/secure.gravatar.com\/avatar\/b67e614b1b25b3e9c0c239efdd2fde5ab015b5affd6f1c3c85911ca4b384e790?s=96&d=mm&r=g","caption":"Author"},"sameAs":["http:\/\/vof-news.eu"],"url":"https:\/\/vof-news.eu\/fr\/author\/zwt6qxnjulxbnyg\/"}]}},"yoast_meta":{"yoast_wpseo_title":"","yoast_wpseo_metadesc":"","yoast_wpseo_canonical":""},"_links":{"self":[{"href":"https:\/\/vof-news.eu\/fr\/wp-json\/wp\/v2\/posts\/247328","targetHints":{"allow":["GET"]}}],"collection":[{"href":"https:\/\/vof-news.eu\/fr\/wp-json\/wp\/v2\/posts"}],"about":[{"href":"https:\/\/vof-news.eu\/fr\/wp-json\/wp\/v2\/types\/post"}],"author":[{"embeddable":true,"href":"https:\/\/vof-news.eu\/fr\/wp-json\/wp\/v2\/users\/1"}],"replies":[{"embeddable":true,"href":"https:\/\/vof-news.eu\/fr\/wp-json\/wp\/v2\/comments?post=247328"}],"version-history":[{"count":1,"href":"https:\/\/vof-news.eu\/fr\/wp-json\/wp\/v2\/posts\/247328\/revisions"}],"predecessor-version":[{"id":247335,"href":"https:\/\/vof-news.eu\/fr\/wp-json\/wp\/v2\/posts\/247328\/revisions\/247335"}],"wp:featuredmedia":[{"embeddable":true,"href":"https:\/\/vof-news.eu\/fr\/wp-json\/wp\/v2\/media\/247329"}],"wp:attachment":[{"href":"https:\/\/vof-news.eu\/fr\/wp-json\/wp\/v2\/media?parent=247328"}],"wp:term":[{"taxonomy":"category","embeddable":true,"href":"https:\/\/vof-news.eu\/fr\/wp-json\/wp\/v2\/categories?post=247328"},{"taxonomy":"post_tag","embeddable":true,"href":"https:\/\/vof-news.eu\/fr\/wp-json\/wp\/v2\/tags?post=247328"}],"curies":[{"name":"wp","href":"https:\/\/api.w.org\/{rel}","templated":true}]}}