{"id":247238,"date":"2025-07-04T19:36:09","date_gmt":"2025-07-04T16:36:09","guid":{"rendered":"https:\/\/vof-news.eu\/le-trafic-ferroviaire-entre-paris-et-milan-interrompu-par-une-coulee-de-boue-en-savoie-va-reprendre\/"},"modified":"2025-07-04T19:36:35","modified_gmt":"2025-07-04T16:36:35","slug":"le-trafic-ferroviaire-entre-paris-et-milan-interrompu-par-une-coulee-de-boue-en-savoie-va-reprendre","status":"publish","type":"post","link":"https:\/\/vof-news.eu\/fr\/le-trafic-ferroviaire-entre-paris-et-milan-interrompu-par-une-coulee-de-boue-en-savoie-va-reprendre\/","title":{"rendered":"Le trafic ferroviaire entre Paris et Milan, interrompu par une coul\u00e9e de boue en Savoie, va reprendre"},"content":{"rendered":"<article>\n<p>A peine rouverte, la ligne ferroviaire entre Paris et Milan, en Italie, a \u00e9t\u00e9 interrompue lundi 30\u00a0juin apr\u00e8s qu\u2019<a href=\"https:\/\/www.lemonde.fr\/planete\/article\/2025\/07\/01\/la-ligne-ferroviaire-paris-milan-interrompue-par-une-coulee-de-boue-provoquee-par-un-violent-orage_6617250_3244.html\" rel=\"nofollow\">une coul\u00e9e de boue et de rochers a recouvert les voies de la gare de Modane<\/a> (Savoie). Apr\u00e8s cinq jours de travaux, et plus t\u00f4t qu\u2019initialement redout\u00e9, le trafic des trains transalpins va pouvoir reprendre normalement \u00e0 partir du samedi 5\u00a0juillet, a appris  aupr\u00e8s de SNCF R\u00e9seau, la filiale de l\u2019entreprise historique charg\u00e9e de l\u2019infrastructure ferroviaire.<\/p>\n<p>Les travaux engag\u00e9s ont permis de, pr\u00e9cise l\u2019entreprise. Les compagnies fran\u00e7aise et italienne, SNCF Voyageurs et Trenitalia, pourront reprendre leurs cinq allers-retours quotidiens \u00e0 grande vitesse d\u00e8s samedi, mais il faudra attendre vendredi 11\u00a0juillet pour que les trains de fret puissent circuler normalement. Dans l\u2019intervalle, les trains de marchandise devront se contenter d\u2019une reprise partielle.<\/p>\n<p>Alors que la France suffoquait, de violents orages ont touch\u00e9 Modane, une petite ville proche de la fronti\u00e8re italienne, dans la vall\u00e9e de la Maurienne. Lundi apr\u00e8s-midi, ces pluies diluviennes avaient provoqu\u00e9 la crue du torrent du Charmaix, recouvrant le centre-ville, o\u00f9 se situe la gare, de pr\u00e8s de 50\u00a0centim\u00e8tres d\u2019eau et de boue.<\/p>\n<p><strong>Il vous reste 25.93% de cet article \u00e0 lire. La suite est r\u00e9serv\u00e9e aux abonn\u00e9s.<\/strong><\/p>\n<\/article>\n","protected":false},"excerpt":{"rendered":"<p>A peine rouverte, la ligne ferroviaire entre Paris et Milan, en Italie, a \u00e9t\u00e9 interrompue lundi 30\u00a0juin apr\u00e8s qu\u2019une coul\u00e9e de boue et de rochers a recouvert les voies de la gare de Modane (Savoie). Apr\u00e8s cinq jours de travaux, et plus t\u00f4t qu\u2019initialement redout\u00e9, le trafic des trains transalpins va pouvoir reprendre normalement \u00e0<\/p>\n","protected":false},"author":1,"featured_media":247239,"comment_status":"open","ping_status":"open","sticky":false,"template":"","format":"standard","meta":{"footnotes":""},"categories":[58],"tags":[],"class_list":["post-247238","post","type-post","status-publish","format-standard","has-post-thumbnail","hentry","category-business-fr"],"acf":[],"yoast_head":"<!-- This site is optimized with the Yoast SEO plugin v22.9 - https:\/\/yoast.com\/wordpress\/plugins\/seo\/ -->\n<title>Le trafic ferroviaire entre Paris et Milan, interrompu par une coul\u00e9e de boue en Savoie, va reprendre - vof-news.eu<\/title>\n<meta name=\"description\" content=\"A peine rouverte, la ligne ferroviaire entre Paris et Milan, en Italie, a \u00e9t\u00e9 interrompue lundi 30\u00a0juin apr\u00e8s qu\u2019une coul\u00e9e de boue et de rochers a recouvert les voies de la gare de Modane (Savoie). Apr\u00e8s cinq jours de travaux, et plus t\u00f4t qu\u2019initialement redout\u00e9, le trafic des trains transalpins va pouvoir reprendre normalement \u00e0 partir du samedi 5\u00a0juillet, a appris aupr\u00e8s de SNCF R\u00e9seau, la filiale de l\u2019entreprise historique charg\u00e9e de l\u2019infrastructure ferroviaire. Les travaux engag\u00e9s ont permis de, pr\u00e9cise l\u2019entreprise. Les compagnies fran\u00e7aise et italienne, SNCF Voyageurs et Trenitalia, pourront reprendre leurs cinq allers-retours quotidiens \u00e0 grande vitesse d\u00e8s samedi, mais il faudra attendre vendredi 11\u00a0juillet pour que les trains de fret puissent circuler normalement. Dans l\u2019intervalle, les trains de marchandise devront se contenter d\u2019une reprise partielle. Alors que la France suffoquait, de violents orages ont touch\u00e9 Modane, une petite ville proche de la fronti\u00e8re italienne, dans la vall\u00e9e de la Maurienne. Lundi apr\u00e8s-midi, ces pluies diluviennes avaient provoqu\u00e9 la crue du torrent du Charmaix, recouvrant le centre-ville, o\u00f9 se situe la gare, de pr\u00e8s de 50\u00a0centim\u00e8tres d\u2019eau et de boue. Il vous reste 25.93% de cet article \u00e0 lire. La suite est r\u00e9serv\u00e9e aux abonn\u00e9s.\" \/>\n<meta name=\"robots\" content=\"noindex, follow, max-snippet:-1, max-image-preview:large, max-video-preview:-1\" \/>\n<meta property=\"og:locale\" content=\"fr_FR\" \/>\n<meta property=\"og:type\" content=\"article\" \/>\n<meta property=\"og:title\" content=\"Le trafic ferroviaire entre Paris et Milan, interrompu par une coul\u00e9e de boue en Savoie, va reprendre - vof-news.eu\" \/>\n<meta property=\"og:description\" content=\"A peine rouverte, la ligne ferroviaire entre Paris et Milan, en Italie, a \u00e9t\u00e9 interrompue lundi 30\u00a0juin apr\u00e8s qu\u2019une coul\u00e9e de boue et de rochers a recouvert les voies de la gare de Modane (Savoie). Apr\u00e8s cinq jours de travaux, et plus t\u00f4t qu\u2019initialement redout\u00e9, le trafic des trains transalpins va pouvoir reprendre normalement \u00e0 partir du samedi 5\u00a0juillet, a appris aupr\u00e8s de SNCF R\u00e9seau, la filiale de l\u2019entreprise historique charg\u00e9e de l\u2019infrastructure ferroviaire. Les travaux engag\u00e9s ont permis de, pr\u00e9cise l\u2019entreprise. Les compagnies fran\u00e7aise et italienne, SNCF Voyageurs et Trenitalia, pourront reprendre leurs cinq allers-retours quotidiens \u00e0 grande vitesse d\u00e8s samedi, mais il faudra attendre vendredi 11\u00a0juillet pour que les trains de fret puissent circuler normalement. Dans l\u2019intervalle, les trains de marchandise devront se contenter d\u2019une reprise partielle. Alors que la France suffoquait, de violents orages ont touch\u00e9 Modane, une petite ville proche de la fronti\u00e8re italienne, dans la vall\u00e9e de la Maurienne. Lundi apr\u00e8s-midi, ces pluies diluviennes avaient provoqu\u00e9 la crue du torrent du Charmaix, recouvrant le centre-ville, o\u00f9 se situe la gare, de pr\u00e8s de 50\u00a0centim\u00e8tres d\u2019eau et de boue. Il vous reste 25.93% de cet article \u00e0 lire. La suite est r\u00e9serv\u00e9e aux abonn\u00e9s.\" \/>\n<meta property=\"og:url\" content=\"https:\/\/vof-news.eu\/fr\/le-trafic-ferroviaire-entre-paris-et-milan-interrompu-par-une-coulee-de-boue-en-savoie-va-reprendre\/\" \/>\n<meta property=\"og:site_name\" content=\"vof-news.eu\" \/>\n<meta property=\"article:published_time\" content=\"2025-07-04T16:36:09+00:00\" \/>\n<meta property=\"article:modified_time\" content=\"2025-07-04T16:36:35+00:00\" \/>\n<meta property=\"og:image\" content=\"https:\/\/vof-news.eu\/wp-content\/uploads\/2025\/07\/3489399_upload-1-mma9foe05cka-000-38nt9qt.jpg\" \/>\n\t<meta property=\"og:image:width\" content=\"664\" \/>\n\t<meta property=\"og:image:height\" content=\"443\" \/>\n\t<meta property=\"og:image:type\" content=\"image\/jpeg\" \/>\n<meta name=\"author\" content=\"Author\" \/>\n<meta name=\"twitter:card\" content=\"summary_large_image\" \/>\n<meta name=\"twitter:label1\" content=\"\u00c9crit par\" \/>\n\t<meta name=\"twitter:data1\" content=\"Author\" \/>\n\t<meta name=\"twitter:label2\" content=\"Dur\u00e9e de lecture estim\u00e9e\" \/>\n\t<meta name=\"twitter:data2\" content=\"1 minute\" \/>\n<script type=\"application\/ld+json\" class=\"yoast-schema-graph\">{\"@context\":\"https:\/\/schema.org\",\"@graph\":[{\"@type\":\"WebPage\",\"@id\":\"https:\/\/vof-news.eu\/fr\/le-trafic-ferroviaire-entre-paris-et-milan-interrompu-par-une-coulee-de-boue-en-savoie-va-reprendre\/\",\"url\":\"https:\/\/vof-news.eu\/fr\/le-trafic-ferroviaire-entre-paris-et-milan-interrompu-par-une-coulee-de-boue-en-savoie-va-reprendre\/\",\"name\":\"Le trafic ferroviaire entre Paris et Milan, interrompu par une coul\u00e9e de boue en Savoie, va reprendre - vof-news.eu\",\"isPartOf\":{\"@id\":\"https:\/\/vof-news.eu\/fr\/#website\"},\"primaryImageOfPage\":{\"@id\":\"https:\/\/vof-news.eu\/fr\/le-trafic-ferroviaire-entre-paris-et-milan-interrompu-par-une-coulee-de-boue-en-savoie-va-reprendre\/#primaryimage\"},\"image\":{\"@id\":\"https:\/\/vof-news.eu\/fr\/le-trafic-ferroviaire-entre-paris-et-milan-interrompu-par-une-coulee-de-boue-en-savoie-va-reprendre\/#primaryimage\"},\"thumbnailUrl\":\"https:\/\/vof-news.eu\/wp-content\/uploads\/2025\/07\/3489399_upload-1-mma9foe05cka-000-38nt9qt.jpg\",\"datePublished\":\"2025-07-04T16:36:09+00:00\",\"dateModified\":\"2025-07-04T16:36:35+00:00\",\"author\":{\"@id\":\"https:\/\/vof-news.eu\/fr\/#\/schema\/person\/f6a2a4309f0561835797fd8c19b333ed\"},\"description\":\"A peine rouverte, la ligne ferroviaire entre Paris et Milan, en Italie, a \u00e9t\u00e9 interrompue lundi 30\u00a0juin apr\u00e8s qu\u2019une coul\u00e9e de boue et de rochers a recouvert les voies de la gare de Modane (Savoie). Apr\u00e8s cinq jours de travaux, et plus t\u00f4t qu\u2019initialement redout\u00e9, le trafic des trains transalpins va pouvoir reprendre normalement \u00e0 partir du samedi 5\u00a0juillet, a appris aupr\u00e8s de SNCF R\u00e9seau, la filiale de l\u2019entreprise historique charg\u00e9e de l\u2019infrastructure ferroviaire. Les travaux engag\u00e9s ont permis de, pr\u00e9cise l\u2019entreprise. Les compagnies fran\u00e7aise et italienne, SNCF Voyageurs et Trenitalia, pourront reprendre leurs cinq allers-retours quotidiens \u00e0 grande vitesse d\u00e8s samedi, mais il faudra attendre vendredi 11\u00a0juillet pour que les trains de fret puissent circuler normalement. Dans l\u2019intervalle, les trains de marchandise devront se contenter d\u2019une reprise partielle. Alors que la France suffoquait, de violents orages ont touch\u00e9 Modane, une petite ville proche de la fronti\u00e8re italienne, dans la vall\u00e9e de la Maurienne. Lundi apr\u00e8s-midi, ces pluies diluviennes avaient provoqu\u00e9 la crue du torrent du Charmaix, recouvrant le centre-ville, o\u00f9 se situe la gare, de pr\u00e8s de 50\u00a0centim\u00e8tres d\u2019eau et de boue. Il vous reste 25.93% de cet article \u00e0 lire. La suite est r\u00e9serv\u00e9e aux abonn\u00e9s.\",\"breadcrumb\":{\"@id\":\"https:\/\/vof-news.eu\/fr\/le-trafic-ferroviaire-entre-paris-et-milan-interrompu-par-une-coulee-de-boue-en-savoie-va-reprendre\/#breadcrumb\"},\"inLanguage\":\"fr-FR\",\"potentialAction\":[{\"@type\":\"ReadAction\",\"target\":[\"https:\/\/vof-news.eu\/fr\/le-trafic-ferroviaire-entre-paris-et-milan-interrompu-par-une-coulee-de-boue-en-savoie-va-reprendre\/\"]}]},{\"@type\":\"ImageObject\",\"inLanguage\":\"fr-FR\",\"@id\":\"https:\/\/vof-news.eu\/fr\/le-trafic-ferroviaire-entre-paris-et-milan-interrompu-par-une-coulee-de-boue-en-savoie-va-reprendre\/#primaryimage\",\"url\":\"https:\/\/vof-news.eu\/wp-content\/uploads\/2025\/07\/3489399_upload-1-mma9foe05cka-000-38nt9qt.jpg\",\"contentUrl\":\"https:\/\/vof-news.eu\/wp-content\/uploads\/2025\/07\/3489399_upload-1-mma9foe05cka-000-38nt9qt.jpg\",\"width\":664,\"height\":443},{\"@type\":\"BreadcrumbList\",\"@id\":\"https:\/\/vof-news.eu\/fr\/le-trafic-ferroviaire-entre-paris-et-milan-interrompu-par-une-coulee-de-boue-en-savoie-va-reprendre\/#breadcrumb\",\"itemListElement\":[{\"@type\":\"ListItem\",\"position\":1,\"name\":\"Home\",\"item\":\"https:\/\/vof-news.eu\/fr\/\"},{\"@type\":\"ListItem\",\"position\":2,\"name\":\"Le trafic ferroviaire entre Paris et Milan, interrompu par une coul\u00e9e de boue en Savoie, va reprendre\"}]},{\"@type\":\"WebSite\",\"@id\":\"https:\/\/vof-news.eu\/fr\/#website\",\"url\":\"https:\/\/vof-news.eu\/fr\/\",\"name\":\"vof-news.eu\",\"description\":\"\",\"potentialAction\":[{\"@type\":\"SearchAction\",\"target\":{\"@type\":\"EntryPoint\",\"urlTemplate\":\"https:\/\/vof-news.eu\/fr\/?s={search_term_string}\"},\"query-input\":\"required name=search_term_string\"}],\"inLanguage\":\"fr-FR\"},{\"@type\":\"Person\",\"@id\":\"https:\/\/vof-news.eu\/fr\/#\/schema\/person\/f6a2a4309f0561835797fd8c19b333ed\",\"name\":\"Author\",\"image\":{\"@type\":\"ImageObject\",\"inLanguage\":\"fr-FR\",\"@id\":\"https:\/\/vof-news.eu\/fr\/#\/schema\/person\/image\/\",\"url\":\"https:\/\/secure.gravatar.com\/avatar\/b67e614b1b25b3e9c0c239efdd2fde5ab015b5affd6f1c3c85911ca4b384e790?s=96&d=mm&r=g\",\"contentUrl\":\"https:\/\/secure.gravatar.com\/avatar\/b67e614b1b25b3e9c0c239efdd2fde5ab015b5affd6f1c3c85911ca4b384e790?s=96&d=mm&r=g\",\"caption\":\"Author\"},\"sameAs\":[\"http:\/\/vof-news.eu\"],\"url\":\"https:\/\/vof-news.eu\/fr\/author\/zwt6qxnjulxbnyg\/\"}]}<\/script>\n<!-- \/ Yoast SEO plugin. -->","yoast_head_json":{"title":"Le trafic ferroviaire entre Paris et Milan, interrompu par une coul\u00e9e de boue en Savoie, va reprendre - vof-news.eu","description":"A peine rouverte, la ligne ferroviaire entre Paris et Milan, en Italie, a \u00e9t\u00e9 interrompue lundi 30\u00a0juin apr\u00e8s qu\u2019une coul\u00e9e de boue et de rochers a recouvert les voies de la gare de Modane (Savoie). Apr\u00e8s cinq jours de travaux, et plus t\u00f4t qu\u2019initialement redout\u00e9, le trafic des trains transalpins va pouvoir reprendre normalement \u00e0 partir du samedi 5\u00a0juillet, a appris aupr\u00e8s de SNCF R\u00e9seau, la filiale de l\u2019entreprise historique charg\u00e9e de l\u2019infrastructure ferroviaire. Les travaux engag\u00e9s ont permis de, pr\u00e9cise l\u2019entreprise. Les compagnies fran\u00e7aise et italienne, SNCF Voyageurs et Trenitalia, pourront reprendre leurs cinq allers-retours quotidiens \u00e0 grande vitesse d\u00e8s samedi, mais il faudra attendre vendredi 11\u00a0juillet pour que les trains de fret puissent circuler normalement. Dans l\u2019intervalle, les trains de marchandise devront se contenter d\u2019une reprise partielle. Alors que la France suffoquait, de violents orages ont touch\u00e9 Modane, une petite ville proche de la fronti\u00e8re italienne, dans la vall\u00e9e de la Maurienne. Lundi apr\u00e8s-midi, ces pluies diluviennes avaient provoqu\u00e9 la crue du torrent du Charmaix, recouvrant le centre-ville, o\u00f9 se situe la gare, de pr\u00e8s de 50\u00a0centim\u00e8tres d\u2019eau et de boue. Il vous reste 25.93% de cet article \u00e0 lire. La suite est r\u00e9serv\u00e9e aux abonn\u00e9s.","robots":{"index":"noindex","follow":"follow","max-snippet":"max-snippet:-1","max-image-preview":"max-image-preview:large","max-video-preview":"max-video-preview:-1"},"og_locale":"fr_FR","og_type":"article","og_title":"Le trafic ferroviaire entre Paris et Milan, interrompu par une coul\u00e9e de boue en Savoie, va reprendre - vof-news.eu","og_description":"A peine rouverte, la ligne ferroviaire entre Paris et Milan, en Italie, a \u00e9t\u00e9 interrompue lundi 30\u00a0juin apr\u00e8s qu\u2019une coul\u00e9e de boue et de rochers a recouvert les voies de la gare de Modane (Savoie). Apr\u00e8s cinq jours de travaux, et plus t\u00f4t qu\u2019initialement redout\u00e9, le trafic des trains transalpins va pouvoir reprendre normalement \u00e0 partir du samedi 5\u00a0juillet, a appris aupr\u00e8s de SNCF R\u00e9seau, la filiale de l\u2019entreprise historique charg\u00e9e de l\u2019infrastructure ferroviaire. Les travaux engag\u00e9s ont permis de, pr\u00e9cise l\u2019entreprise. Les compagnies fran\u00e7aise et italienne, SNCF Voyageurs et Trenitalia, pourront reprendre leurs cinq allers-retours quotidiens \u00e0 grande vitesse d\u00e8s samedi, mais il faudra attendre vendredi 11\u00a0juillet pour que les trains de fret puissent circuler normalement. Dans l\u2019intervalle, les trains de marchandise devront se contenter d\u2019une reprise partielle. Alors que la France suffoquait, de violents orages ont touch\u00e9 Modane, une petite ville proche de la fronti\u00e8re italienne, dans la vall\u00e9e de la Maurienne. Lundi apr\u00e8s-midi, ces pluies diluviennes avaient provoqu\u00e9 la crue du torrent du Charmaix, recouvrant le centre-ville, o\u00f9 se situe la gare, de pr\u00e8s de 50\u00a0centim\u00e8tres d\u2019eau et de boue. Il vous reste 25.93% de cet article \u00e0 lire. La suite est r\u00e9serv\u00e9e aux abonn\u00e9s.","og_url":"https:\/\/vof-news.eu\/fr\/le-trafic-ferroviaire-entre-paris-et-milan-interrompu-par-une-coulee-de-boue-en-savoie-va-reprendre\/","og_site_name":"vof-news.eu","article_published_time":"2025-07-04T16:36:09+00:00","article_modified_time":"2025-07-04T16:36:35+00:00","og_image":[{"width":664,"height":443,"url":"https:\/\/vof-news.eu\/wp-content\/uploads\/2025\/07\/3489399_upload-1-mma9foe05cka-000-38nt9qt.jpg","type":"image\/jpeg"}],"author":"Author","twitter_card":"summary_large_image","twitter_misc":{"\u00c9crit par":"Author","Dur\u00e9e de lecture estim\u00e9e":"1 minute"},"schema":{"@context":"https:\/\/schema.org","@graph":[{"@type":"WebPage","@id":"https:\/\/vof-news.eu\/fr\/le-trafic-ferroviaire-entre-paris-et-milan-interrompu-par-une-coulee-de-boue-en-savoie-va-reprendre\/","url":"https:\/\/vof-news.eu\/fr\/le-trafic-ferroviaire-entre-paris-et-milan-interrompu-par-une-coulee-de-boue-en-savoie-va-reprendre\/","name":"Le trafic ferroviaire entre Paris et Milan, interrompu par une coul\u00e9e de boue en Savoie, va reprendre - vof-news.eu","isPartOf":{"@id":"https:\/\/vof-news.eu\/fr\/#website"},"primaryImageOfPage":{"@id":"https:\/\/vof-news.eu\/fr\/le-trafic-ferroviaire-entre-paris-et-milan-interrompu-par-une-coulee-de-boue-en-savoie-va-reprendre\/#primaryimage"},"image":{"@id":"https:\/\/vof-news.eu\/fr\/le-trafic-ferroviaire-entre-paris-et-milan-interrompu-par-une-coulee-de-boue-en-savoie-va-reprendre\/#primaryimage"},"thumbnailUrl":"https:\/\/vof-news.eu\/wp-content\/uploads\/2025\/07\/3489399_upload-1-mma9foe05cka-000-38nt9qt.jpg","datePublished":"2025-07-04T16:36:09+00:00","dateModified":"2025-07-04T16:36:35+00:00","author":{"@id":"https:\/\/vof-news.eu\/fr\/#\/schema\/person\/f6a2a4309f0561835797fd8c19b333ed"},"description":"A peine rouverte, la ligne ferroviaire entre Paris et Milan, en Italie, a \u00e9t\u00e9 interrompue lundi 30\u00a0juin apr\u00e8s qu\u2019une coul\u00e9e de boue et de rochers a recouvert les voies de la gare de Modane (Savoie). Apr\u00e8s cinq jours de travaux, et plus t\u00f4t qu\u2019initialement redout\u00e9, le trafic des trains transalpins va pouvoir reprendre normalement \u00e0 partir du samedi 5\u00a0juillet, a appris aupr\u00e8s de SNCF R\u00e9seau, la filiale de l\u2019entreprise historique charg\u00e9e de l\u2019infrastructure ferroviaire. Les travaux engag\u00e9s ont permis de, pr\u00e9cise l\u2019entreprise. Les compagnies fran\u00e7aise et italienne, SNCF Voyageurs et Trenitalia, pourront reprendre leurs cinq allers-retours quotidiens \u00e0 grande vitesse d\u00e8s samedi, mais il faudra attendre vendredi 11\u00a0juillet pour que les trains de fret puissent circuler normalement. Dans l\u2019intervalle, les trains de marchandise devront se contenter d\u2019une reprise partielle. Alors que la France suffoquait, de violents orages ont touch\u00e9 Modane, une petite ville proche de la fronti\u00e8re italienne, dans la vall\u00e9e de la Maurienne. Lundi apr\u00e8s-midi, ces pluies diluviennes avaient provoqu\u00e9 la crue du torrent du Charmaix, recouvrant le centre-ville, o\u00f9 se situe la gare, de pr\u00e8s de 50\u00a0centim\u00e8tres d\u2019eau et de boue. Il vous reste 25.93% de cet article \u00e0 lire. La suite est r\u00e9serv\u00e9e aux abonn\u00e9s.","breadcrumb":{"@id":"https:\/\/vof-news.eu\/fr\/le-trafic-ferroviaire-entre-paris-et-milan-interrompu-par-une-coulee-de-boue-en-savoie-va-reprendre\/#breadcrumb"},"inLanguage":"fr-FR","potentialAction":[{"@type":"ReadAction","target":["https:\/\/vof-news.eu\/fr\/le-trafic-ferroviaire-entre-paris-et-milan-interrompu-par-une-coulee-de-boue-en-savoie-va-reprendre\/"]}]},{"@type":"ImageObject","inLanguage":"fr-FR","@id":"https:\/\/vof-news.eu\/fr\/le-trafic-ferroviaire-entre-paris-et-milan-interrompu-par-une-coulee-de-boue-en-savoie-va-reprendre\/#primaryimage","url":"https:\/\/vof-news.eu\/wp-content\/uploads\/2025\/07\/3489399_upload-1-mma9foe05cka-000-38nt9qt.jpg","contentUrl":"https:\/\/vof-news.eu\/wp-content\/uploads\/2025\/07\/3489399_upload-1-mma9foe05cka-000-38nt9qt.jpg","width":664,"height":443},{"@type":"BreadcrumbList","@id":"https:\/\/vof-news.eu\/fr\/le-trafic-ferroviaire-entre-paris-et-milan-interrompu-par-une-coulee-de-boue-en-savoie-va-reprendre\/#breadcrumb","itemListElement":[{"@type":"ListItem","position":1,"name":"Home","item":"https:\/\/vof-news.eu\/fr\/"},{"@type":"ListItem","position":2,"name":"Le trafic ferroviaire entre Paris et Milan, interrompu par une coul\u00e9e de boue en Savoie, va reprendre"}]},{"@type":"WebSite","@id":"https:\/\/vof-news.eu\/fr\/#website","url":"https:\/\/vof-news.eu\/fr\/","name":"vof-news.eu","description":"","potentialAction":[{"@type":"SearchAction","target":{"@type":"EntryPoint","urlTemplate":"https:\/\/vof-news.eu\/fr\/?s={search_term_string}"},"query-input":"required name=search_term_string"}],"inLanguage":"fr-FR"},{"@type":"Person","@id":"https:\/\/vof-news.eu\/fr\/#\/schema\/person\/f6a2a4309f0561835797fd8c19b333ed","name":"Author","image":{"@type":"ImageObject","inLanguage":"fr-FR","@id":"https:\/\/vof-news.eu\/fr\/#\/schema\/person\/image\/","url":"https:\/\/secure.gravatar.com\/avatar\/b67e614b1b25b3e9c0c239efdd2fde5ab015b5affd6f1c3c85911ca4b384e790?s=96&d=mm&r=g","contentUrl":"https:\/\/secure.gravatar.com\/avatar\/b67e614b1b25b3e9c0c239efdd2fde5ab015b5affd6f1c3c85911ca4b384e790?s=96&d=mm&r=g","caption":"Author"},"sameAs":["http:\/\/vof-news.eu"],"url":"https:\/\/vof-news.eu\/fr\/author\/zwt6qxnjulxbnyg\/"}]}},"yoast_meta":{"yoast_wpseo_title":"","yoast_wpseo_metadesc":"","yoast_wpseo_canonical":""},"_links":{"self":[{"href":"https:\/\/vof-news.eu\/fr\/wp-json\/wp\/v2\/posts\/247238","targetHints":{"allow":["GET"]}}],"collection":[{"href":"https:\/\/vof-news.eu\/fr\/wp-json\/wp\/v2\/posts"}],"about":[{"href":"https:\/\/vof-news.eu\/fr\/wp-json\/wp\/v2\/types\/post"}],"author":[{"embeddable":true,"href":"https:\/\/vof-news.eu\/fr\/wp-json\/wp\/v2\/users\/1"}],"replies":[{"embeddable":true,"href":"https:\/\/vof-news.eu\/fr\/wp-json\/wp\/v2\/comments?post=247238"}],"version-history":[{"count":1,"href":"https:\/\/vof-news.eu\/fr\/wp-json\/wp\/v2\/posts\/247238\/revisions"}],"predecessor-version":[{"id":247245,"href":"https:\/\/vof-news.eu\/fr\/wp-json\/wp\/v2\/posts\/247238\/revisions\/247245"}],"wp:featuredmedia":[{"embeddable":true,"href":"https:\/\/vof-news.eu\/fr\/wp-json\/wp\/v2\/media\/247239"}],"wp:attachment":[{"href":"https:\/\/vof-news.eu\/fr\/wp-json\/wp\/v2\/media?parent=247238"}],"wp:term":[{"taxonomy":"category","embeddable":true,"href":"https:\/\/vof-news.eu\/fr\/wp-json\/wp\/v2\/categories?post=247238"},{"taxonomy":"post_tag","embeddable":true,"href":"https:\/\/vof-news.eu\/fr\/wp-json\/wp\/v2\/tags?post=247238"}],"curies":[{"name":"wp","href":"https:\/\/api.w.org\/{rel}","templated":true}]}}