{"id":247220,"date":"2025-07-04T19:33:29","date_gmt":"2025-07-04T16:33:29","guid":{"rendered":"https:\/\/vof-news.eu\/une-internationale-dintellectuels-conservateurs-aiguille-le-debat-public-dans-plusieurs-pays\/"},"modified":"2025-07-04T19:33:44","modified_gmt":"2025-07-04T16:33:44","slug":"une-internationale-dintellectuels-conservateurs-aiguille-le-debat-public-dans-plusieurs-pays","status":"publish","type":"post","link":"https:\/\/vof-news.eu\/fr\/une-internationale-dintellectuels-conservateurs-aiguille-le-debat-public-dans-plusieurs-pays\/","title":{"rendered":"\u00ab\u00a0Une internationale d\u2019intellectuels conservateurs aiguille le d\u00e9bat public dans plusieurs pays\u00a0\u00bb"},"content":{"rendered":"<article>\n<p><span>R<\/span>evue assez confidentielle, au tirage limit\u00e9 (5\u00a0000\u00a0exemplaires papier revendiqu\u00e9s, plus un site Web), () est \u00e0 l\u2019avant-garde de la diffusion des id\u00e9es d\u2019extr\u00eame droite. Les contributeurs de la revue, cr\u00e9\u00e9e en 2008, forment le noyau d\u2019une internationale d\u2019intellectuels conservateurs, et aiguillent le d\u00e9bat public dans plusieurs pays. Ils ambitionnent d\u00e9sormais de donner une coh\u00e9rence id\u00e9ologique \u00e0 des extr\u00eames droites au pouvoir ou en progression un peu partout en Europe.<\/p>\n<p>A l\u2019origine,  \u00e9mane du Center for European Renewal (Centre pour le renouveau europ\u00e9en), un club europ\u00e9en d\u2019intellectuels de droite, qui regroupe plusieurs think tanks. Parmi eux se trouvent l\u2019Institut Thomas More, dont est proche le couple form\u00e9 par Charles Millon (ancien ministre d\u2019Alain Jupp\u00e9) et Chantal Delsol (philosophe), et l\u2019Institut de formation politique. Les \u00e9tudiants pass\u00e9s par ce dernier (Marion Mar\u00e9chal est la plus connue de ses anciens \u00e9l\u00e8ves) se retrouvent aussi bien chez Les R\u00e9publicains qu\u2019\u00e0 Reconqu\u00eate\u00a0!<\/p>\n<p>Ce r\u00e9seau europ\u00e9en f\u00e9d\u00e8re initialement des intellectuels de diff\u00e9rentes sensibilit\u00e9s, relativement mod\u00e9r\u00e9es, allant des catholiques plus ou moins traditionalistes aux n\u00e9oconservateurs inspir\u00e9s par Ronald Reagan et Margaret Thatcher. Certains d\u2019entre eux sont tr\u00e8s proches de partis politiques, \u00e0 l\u2019image du philosophe polonais Ryszard Legutko, membre de Droit et justice (PiS) et qui a si\u00e9g\u00e9 au Parlement europ\u00e9en de 2009 \u00e0 2024.<\/p>\n<section>   <\/section>\n<p>Le  revendiqu\u00e9 par la revue est \u00e0 l\u2019origine lib\u00e9ral-conservateur. La critique de la lib\u00e9ralisation de l\u2019avortement, du mariage homosexuel et, plus g\u00e9n\u00e9ralement, de la s\u00e9cularisation des soci\u00e9t\u00e9s occidentales y c\u00f4toie des valeurs telles que l\u2019\u00e9conomie de march\u00e9, les libert\u00e9s individuelles et l\u2019Etat de droit.<\/p>\n<p>Par la suite, et \u00e0 la faveur des succ\u00e8s \u00e9lectoraux croissants de l\u2019extr\u00eame droite en Europe, un glissement vers la r\u00e9action et l\u2019antilib\u00e9ralisme s\u2019affirme progressivement. Des r\u00e9f\u00e9rences \u00e0 des penseurs comme Charles Maurras (1868-1952) ou \u00e0 des figures contre-r\u00e9volutionnaires montrent une volont\u00e9 de renouer avec des traditions hi\u00e9rarchiques oppos\u00e9es aux principes modernes d\u2019\u00e9galit\u00e9 et de libert\u00e9.<\/p>\n<p><strong>Il vous reste 64.91% de cet article \u00e0 lire. La suite est r\u00e9serv\u00e9e aux abonn\u00e9s.<\/strong><\/p>\n<\/article>\n","protected":false},"excerpt":{"rendered":"<p>Revue assez confidentielle, au tirage limit\u00e9 (5\u00a0000\u00a0exemplaires papier revendiqu\u00e9s, plus un site Web), () est \u00e0 l\u2019avant-garde de la diffusion des id\u00e9es d\u2019extr\u00eame droite. Les contributeurs de la revue, cr\u00e9\u00e9e en 2008, forment le noyau d\u2019une internationale d\u2019intellectuels conservateurs, et aiguillent le d\u00e9bat public dans plusieurs pays. Ils ambitionnent d\u00e9sormais de donner une coh\u00e9rence id\u00e9ologique<\/p>\n","protected":false},"author":1,"featured_media":0,"comment_status":"open","ping_status":"open","sticky":false,"template":"","format":"standard","meta":{"footnotes":""},"categories":[68],"tags":[],"class_list":["post-247220","post","type-post","status-publish","format-standard","hentry","category-politics-fr"],"acf":[],"yoast_head":"<!-- This site is optimized with the Yoast SEO plugin v22.9 - https:\/\/yoast.com\/wordpress\/plugins\/seo\/ -->\n<title>\u00ab\u00a0Une internationale d\u2019intellectuels conservateurs aiguille le d\u00e9bat public dans plusieurs pays\u00a0\u00bb - vof-news.eu<\/title>\n<meta name=\"description\" content=\"Revue assez confidentielle, au tirage limit\u00e9 (5\u00a0000\u00a0exemplaires papier revendiqu\u00e9s, plus un site Web), () est \u00e0 l\u2019avant-garde de la diffusion des id\u00e9es d\u2019extr\u00eame droite. Les contributeurs de la revue, cr\u00e9\u00e9e en 2008, forment le noyau d\u2019une internationale d\u2019intellectuels conservateurs, et aiguillent le d\u00e9bat public dans plusieurs pays. Ils ambitionnent d\u00e9sormais de donner une coh\u00e9rence id\u00e9ologique \u00e0 des extr\u00eames droites au pouvoir ou en progression un peu partout en Europe. A l\u2019origine, \u00e9mane du Center for European Renewal (Centre pour le renouveau europ\u00e9en), un club europ\u00e9en d\u2019intellectuels de droite, qui regroupe plusieurs think tanks. Parmi eux se trouvent l\u2019Institut Thomas More, dont est proche le couple form\u00e9 par Charles Millon (ancien ministre d\u2019Alain Jupp\u00e9) et Chantal Delsol (philosophe), et l\u2019Institut de formation politique. Les \u00e9tudiants pass\u00e9s par ce dernier (Marion Mar\u00e9chal est la plus connue de ses anciens \u00e9l\u00e8ves) se retrouvent aussi bien chez Les R\u00e9publicains qu\u2019\u00e0 Reconqu\u00eate\u00a0! Ce r\u00e9seau europ\u00e9en f\u00e9d\u00e8re initialement des intellectuels de diff\u00e9rentes sensibilit\u00e9s, relativement mod\u00e9r\u00e9es, allant des catholiques plus ou moins traditionalistes aux n\u00e9oconservateurs inspir\u00e9s par Ronald Reagan et Margaret Thatcher. Certains d\u2019entre eux sont tr\u00e8s proches de partis politiques, \u00e0 l\u2019image du philosophe polonais Ryszard Legutko, membre de Droit et justice (PiS) et qui a si\u00e9g\u00e9 au Parlement europ\u00e9en de 2009 \u00e0 2024.   Le revendiqu\u00e9 par la revue est \u00e0 l\u2019origine lib\u00e9ral-conservateur. La critique de la lib\u00e9ralisation de l\u2019avortement, du mariage homosexuel et, plus g\u00e9n\u00e9ralement, de la s\u00e9cularisation des soci\u00e9t\u00e9s occidentales y c\u00f4toie des valeurs telles que l\u2019\u00e9conomie de march\u00e9, les libert\u00e9s individuelles et l\u2019Etat de droit. Par la suite, et \u00e0 la faveur des succ\u00e8s \u00e9lectoraux croissants de l\u2019extr\u00eame droite en Europe, un glissement vers la r\u00e9action et l\u2019antilib\u00e9ralisme s\u2019affirme progressivement. Des r\u00e9f\u00e9rences \u00e0 des penseurs comme Charles Maurras (1868-1952) ou \u00e0 des figures contre-r\u00e9volutionnaires montrent une volont\u00e9 de renouer avec des traditions hi\u00e9rarchiques oppos\u00e9es aux principes modernes d\u2019\u00e9galit\u00e9 et de libert\u00e9. Il vous reste 64.91% de cet article \u00e0 lire. La suite est r\u00e9serv\u00e9e aux abonn\u00e9s.\" \/>\n<meta name=\"robots\" content=\"noindex, follow, max-snippet:-1, max-image-preview:large, max-video-preview:-1\" \/>\n<meta property=\"og:locale\" content=\"fr_FR\" \/>\n<meta property=\"og:type\" content=\"article\" \/>\n<meta property=\"og:title\" content=\"\u00ab\u00a0Une internationale d\u2019intellectuels conservateurs aiguille le d\u00e9bat public dans plusieurs pays\u00a0\u00bb - vof-news.eu\" \/>\n<meta property=\"og:description\" content=\"Revue assez confidentielle, au tirage limit\u00e9 (5\u00a0000\u00a0exemplaires papier revendiqu\u00e9s, plus un site Web), () est \u00e0 l\u2019avant-garde de la diffusion des id\u00e9es d\u2019extr\u00eame droite. Les contributeurs de la revue, cr\u00e9\u00e9e en 2008, forment le noyau d\u2019une internationale d\u2019intellectuels conservateurs, et aiguillent le d\u00e9bat public dans plusieurs pays. Ils ambitionnent d\u00e9sormais de donner une coh\u00e9rence id\u00e9ologique \u00e0 des extr\u00eames droites au pouvoir ou en progression un peu partout en Europe. A l\u2019origine, \u00e9mane du Center for European Renewal (Centre pour le renouveau europ\u00e9en), un club europ\u00e9en d\u2019intellectuels de droite, qui regroupe plusieurs think tanks. Parmi eux se trouvent l\u2019Institut Thomas More, dont est proche le couple form\u00e9 par Charles Millon (ancien ministre d\u2019Alain Jupp\u00e9) et Chantal Delsol (philosophe), et l\u2019Institut de formation politique. Les \u00e9tudiants pass\u00e9s par ce dernier (Marion Mar\u00e9chal est la plus connue de ses anciens \u00e9l\u00e8ves) se retrouvent aussi bien chez Les R\u00e9publicains qu\u2019\u00e0 Reconqu\u00eate\u00a0! Ce r\u00e9seau europ\u00e9en f\u00e9d\u00e8re initialement des intellectuels de diff\u00e9rentes sensibilit\u00e9s, relativement mod\u00e9r\u00e9es, allant des catholiques plus ou moins traditionalistes aux n\u00e9oconservateurs inspir\u00e9s par Ronald Reagan et Margaret Thatcher. Certains d\u2019entre eux sont tr\u00e8s proches de partis politiques, \u00e0 l\u2019image du philosophe polonais Ryszard Legutko, membre de Droit et justice (PiS) et qui a si\u00e9g\u00e9 au Parlement europ\u00e9en de 2009 \u00e0 2024.   Le revendiqu\u00e9 par la revue est \u00e0 l\u2019origine lib\u00e9ral-conservateur. La critique de la lib\u00e9ralisation de l\u2019avortement, du mariage homosexuel et, plus g\u00e9n\u00e9ralement, de la s\u00e9cularisation des soci\u00e9t\u00e9s occidentales y c\u00f4toie des valeurs telles que l\u2019\u00e9conomie de march\u00e9, les libert\u00e9s individuelles et l\u2019Etat de droit. Par la suite, et \u00e0 la faveur des succ\u00e8s \u00e9lectoraux croissants de l\u2019extr\u00eame droite en Europe, un glissement vers la r\u00e9action et l\u2019antilib\u00e9ralisme s\u2019affirme progressivement. Des r\u00e9f\u00e9rences \u00e0 des penseurs comme Charles Maurras (1868-1952) ou \u00e0 des figures contre-r\u00e9volutionnaires montrent une volont\u00e9 de renouer avec des traditions hi\u00e9rarchiques oppos\u00e9es aux principes modernes d\u2019\u00e9galit\u00e9 et de libert\u00e9. Il vous reste 64.91% de cet article \u00e0 lire. La suite est r\u00e9serv\u00e9e aux abonn\u00e9s.\" \/>\n<meta property=\"og:url\" content=\"https:\/\/vof-news.eu\/fr\/une-internationale-dintellectuels-conservateurs-aiguille-le-debat-public-dans-plusieurs-pays\/\" \/>\n<meta property=\"og:site_name\" content=\"vof-news.eu\" \/>\n<meta property=\"article:published_time\" content=\"2025-07-04T16:33:29+00:00\" \/>\n<meta property=\"article:modified_time\" content=\"2025-07-04T16:33:44+00:00\" \/>\n<meta name=\"author\" content=\"Author\" \/>\n<meta name=\"twitter:card\" content=\"summary_large_image\" \/>\n<meta name=\"twitter:label1\" content=\"\u00c9crit par\" \/>\n\t<meta name=\"twitter:data1\" content=\"Author\" \/>\n\t<meta name=\"twitter:label2\" content=\"Dur\u00e9e de lecture estim\u00e9e\" \/>\n\t<meta name=\"twitter:data2\" content=\"2 minutes\" \/>\n<script type=\"application\/ld+json\" class=\"yoast-schema-graph\">{\"@context\":\"https:\/\/schema.org\",\"@graph\":[{\"@type\":\"WebPage\",\"@id\":\"https:\/\/vof-news.eu\/fr\/une-internationale-dintellectuels-conservateurs-aiguille-le-debat-public-dans-plusieurs-pays\/\",\"url\":\"https:\/\/vof-news.eu\/fr\/une-internationale-dintellectuels-conservateurs-aiguille-le-debat-public-dans-plusieurs-pays\/\",\"name\":\"\u00ab\u00a0Une internationale d\u2019intellectuels conservateurs aiguille le d\u00e9bat public dans plusieurs pays\u00a0\u00bb - vof-news.eu\",\"isPartOf\":{\"@id\":\"https:\/\/vof-news.eu\/fr\/#website\"},\"datePublished\":\"2025-07-04T16:33:29+00:00\",\"dateModified\":\"2025-07-04T16:33:44+00:00\",\"author\":{\"@id\":\"https:\/\/vof-news.eu\/fr\/#\/schema\/person\/f6a2a4309f0561835797fd8c19b333ed\"},\"description\":\"Revue assez confidentielle, au tirage limit\u00e9 (5\u00a0000\u00a0exemplaires papier revendiqu\u00e9s, plus un site Web), () est \u00e0 l\u2019avant-garde de la diffusion des id\u00e9es d\u2019extr\u00eame droite. Les contributeurs de la revue, cr\u00e9\u00e9e en 2008, forment le noyau d\u2019une internationale d\u2019intellectuels conservateurs, et aiguillent le d\u00e9bat public dans plusieurs pays. Ils ambitionnent d\u00e9sormais de donner une coh\u00e9rence id\u00e9ologique \u00e0 des extr\u00eames droites au pouvoir ou en progression un peu partout en Europe. A l\u2019origine, \u00e9mane du Center for European Renewal (Centre pour le renouveau europ\u00e9en), un club europ\u00e9en d\u2019intellectuels de droite, qui regroupe plusieurs think tanks. Parmi eux se trouvent l\u2019Institut Thomas More, dont est proche le couple form\u00e9 par Charles Millon (ancien ministre d\u2019Alain Jupp\u00e9) et Chantal Delsol (philosophe), et l\u2019Institut de formation politique. Les \u00e9tudiants pass\u00e9s par ce dernier (Marion Mar\u00e9chal est la plus connue de ses anciens \u00e9l\u00e8ves) se retrouvent aussi bien chez Les R\u00e9publicains qu\u2019\u00e0 Reconqu\u00eate\u00a0! Ce r\u00e9seau europ\u00e9en f\u00e9d\u00e8re initialement des intellectuels de diff\u00e9rentes sensibilit\u00e9s, relativement mod\u00e9r\u00e9es, allant des catholiques plus ou moins traditionalistes aux n\u00e9oconservateurs inspir\u00e9s par Ronald Reagan et Margaret Thatcher. Certains d\u2019entre eux sont tr\u00e8s proches de partis politiques, \u00e0 l\u2019image du philosophe polonais Ryszard Legutko, membre de Droit et justice (PiS) et qui a si\u00e9g\u00e9 au Parlement europ\u00e9en de 2009 \u00e0 2024. Le revendiqu\u00e9 par la revue est \u00e0 l\u2019origine lib\u00e9ral-conservateur. La critique de la lib\u00e9ralisation de l\u2019avortement, du mariage homosexuel et, plus g\u00e9n\u00e9ralement, de la s\u00e9cularisation des soci\u00e9t\u00e9s occidentales y c\u00f4toie des valeurs telles que l\u2019\u00e9conomie de march\u00e9, les libert\u00e9s individuelles et l\u2019Etat de droit. Par la suite, et \u00e0 la faveur des succ\u00e8s \u00e9lectoraux croissants de l\u2019extr\u00eame droite en Europe, un glissement vers la r\u00e9action et l\u2019antilib\u00e9ralisme s\u2019affirme progressivement. Des r\u00e9f\u00e9rences \u00e0 des penseurs comme Charles Maurras (1868-1952) ou \u00e0 des figures contre-r\u00e9volutionnaires montrent une volont\u00e9 de renouer avec des traditions hi\u00e9rarchiques oppos\u00e9es aux principes modernes d\u2019\u00e9galit\u00e9 et de libert\u00e9. Il vous reste 64.91% de cet article \u00e0 lire. La suite est r\u00e9serv\u00e9e aux abonn\u00e9s.\",\"breadcrumb\":{\"@id\":\"https:\/\/vof-news.eu\/fr\/une-internationale-dintellectuels-conservateurs-aiguille-le-debat-public-dans-plusieurs-pays\/#breadcrumb\"},\"inLanguage\":\"fr-FR\",\"potentialAction\":[{\"@type\":\"ReadAction\",\"target\":[\"https:\/\/vof-news.eu\/fr\/une-internationale-dintellectuels-conservateurs-aiguille-le-debat-public-dans-plusieurs-pays\/\"]}]},{\"@type\":\"BreadcrumbList\",\"@id\":\"https:\/\/vof-news.eu\/fr\/une-internationale-dintellectuels-conservateurs-aiguille-le-debat-public-dans-plusieurs-pays\/#breadcrumb\",\"itemListElement\":[{\"@type\":\"ListItem\",\"position\":1,\"name\":\"Home\",\"item\":\"https:\/\/vof-news.eu\/fr\/\"},{\"@type\":\"ListItem\",\"position\":2,\"name\":\"\u00ab\u00a0Une internationale d\u2019intellectuels conservateurs aiguille le d\u00e9bat public dans plusieurs pays\u00a0\u00bb\"}]},{\"@type\":\"WebSite\",\"@id\":\"https:\/\/vof-news.eu\/fr\/#website\",\"url\":\"https:\/\/vof-news.eu\/fr\/\",\"name\":\"vof-news.eu\",\"description\":\"\",\"potentialAction\":[{\"@type\":\"SearchAction\",\"target\":{\"@type\":\"EntryPoint\",\"urlTemplate\":\"https:\/\/vof-news.eu\/fr\/?s={search_term_string}\"},\"query-input\":\"required name=search_term_string\"}],\"inLanguage\":\"fr-FR\"},{\"@type\":\"Person\",\"@id\":\"https:\/\/vof-news.eu\/fr\/#\/schema\/person\/f6a2a4309f0561835797fd8c19b333ed\",\"name\":\"Author\",\"image\":{\"@type\":\"ImageObject\",\"inLanguage\":\"fr-FR\",\"@id\":\"https:\/\/vof-news.eu\/fr\/#\/schema\/person\/image\/\",\"url\":\"https:\/\/secure.gravatar.com\/avatar\/b67e614b1b25b3e9c0c239efdd2fde5ab015b5affd6f1c3c85911ca4b384e790?s=96&d=mm&r=g\",\"contentUrl\":\"https:\/\/secure.gravatar.com\/avatar\/b67e614b1b25b3e9c0c239efdd2fde5ab015b5affd6f1c3c85911ca4b384e790?s=96&d=mm&r=g\",\"caption\":\"Author\"},\"sameAs\":[\"http:\/\/vof-news.eu\"],\"url\":\"https:\/\/vof-news.eu\/fr\/author\/zwt6qxnjulxbnyg\/\"}]}<\/script>\n<!-- \/ Yoast SEO plugin. -->","yoast_head_json":{"title":"\u00ab\u00a0Une internationale d\u2019intellectuels conservateurs aiguille le d\u00e9bat public dans plusieurs pays\u00a0\u00bb - vof-news.eu","description":"Revue assez confidentielle, au tirage limit\u00e9 (5\u00a0000\u00a0exemplaires papier revendiqu\u00e9s, plus un site Web), () est \u00e0 l\u2019avant-garde de la diffusion des id\u00e9es d\u2019extr\u00eame droite. Les contributeurs de la revue, cr\u00e9\u00e9e en 2008, forment le noyau d\u2019une internationale d\u2019intellectuels conservateurs, et aiguillent le d\u00e9bat public dans plusieurs pays. Ils ambitionnent d\u00e9sormais de donner une coh\u00e9rence id\u00e9ologique \u00e0 des extr\u00eames droites au pouvoir ou en progression un peu partout en Europe. A l\u2019origine, \u00e9mane du Center for European Renewal (Centre pour le renouveau europ\u00e9en), un club europ\u00e9en d\u2019intellectuels de droite, qui regroupe plusieurs think tanks. Parmi eux se trouvent l\u2019Institut Thomas More, dont est proche le couple form\u00e9 par Charles Millon (ancien ministre d\u2019Alain Jupp\u00e9) et Chantal Delsol (philosophe), et l\u2019Institut de formation politique. Les \u00e9tudiants pass\u00e9s par ce dernier (Marion Mar\u00e9chal est la plus connue de ses anciens \u00e9l\u00e8ves) se retrouvent aussi bien chez Les R\u00e9publicains qu\u2019\u00e0 Reconqu\u00eate\u00a0! Ce r\u00e9seau europ\u00e9en f\u00e9d\u00e8re initialement des intellectuels de diff\u00e9rentes sensibilit\u00e9s, relativement mod\u00e9r\u00e9es, allant des catholiques plus ou moins traditionalistes aux n\u00e9oconservateurs inspir\u00e9s par Ronald Reagan et Margaret Thatcher. Certains d\u2019entre eux sont tr\u00e8s proches de partis politiques, \u00e0 l\u2019image du philosophe polonais Ryszard Legutko, membre de Droit et justice (PiS) et qui a si\u00e9g\u00e9 au Parlement europ\u00e9en de 2009 \u00e0 2024.   Le revendiqu\u00e9 par la revue est \u00e0 l\u2019origine lib\u00e9ral-conservateur. La critique de la lib\u00e9ralisation de l\u2019avortement, du mariage homosexuel et, plus g\u00e9n\u00e9ralement, de la s\u00e9cularisation des soci\u00e9t\u00e9s occidentales y c\u00f4toie des valeurs telles que l\u2019\u00e9conomie de march\u00e9, les libert\u00e9s individuelles et l\u2019Etat de droit. Par la suite, et \u00e0 la faveur des succ\u00e8s \u00e9lectoraux croissants de l\u2019extr\u00eame droite en Europe, un glissement vers la r\u00e9action et l\u2019antilib\u00e9ralisme s\u2019affirme progressivement. Des r\u00e9f\u00e9rences \u00e0 des penseurs comme Charles Maurras (1868-1952) ou \u00e0 des figures contre-r\u00e9volutionnaires montrent une volont\u00e9 de renouer avec des traditions hi\u00e9rarchiques oppos\u00e9es aux principes modernes d\u2019\u00e9galit\u00e9 et de libert\u00e9. Il vous reste 64.91% de cet article \u00e0 lire. La suite est r\u00e9serv\u00e9e aux abonn\u00e9s.","robots":{"index":"noindex","follow":"follow","max-snippet":"max-snippet:-1","max-image-preview":"max-image-preview:large","max-video-preview":"max-video-preview:-1"},"og_locale":"fr_FR","og_type":"article","og_title":"\u00ab\u00a0Une internationale d\u2019intellectuels conservateurs aiguille le d\u00e9bat public dans plusieurs pays\u00a0\u00bb - vof-news.eu","og_description":"Revue assez confidentielle, au tirage limit\u00e9 (5\u00a0000\u00a0exemplaires papier revendiqu\u00e9s, plus un site Web), () est \u00e0 l\u2019avant-garde de la diffusion des id\u00e9es d\u2019extr\u00eame droite. Les contributeurs de la revue, cr\u00e9\u00e9e en 2008, forment le noyau d\u2019une internationale d\u2019intellectuels conservateurs, et aiguillent le d\u00e9bat public dans plusieurs pays. Ils ambitionnent d\u00e9sormais de donner une coh\u00e9rence id\u00e9ologique \u00e0 des extr\u00eames droites au pouvoir ou en progression un peu partout en Europe. A l\u2019origine, \u00e9mane du Center for European Renewal (Centre pour le renouveau europ\u00e9en), un club europ\u00e9en d\u2019intellectuels de droite, qui regroupe plusieurs think tanks. Parmi eux se trouvent l\u2019Institut Thomas More, dont est proche le couple form\u00e9 par Charles Millon (ancien ministre d\u2019Alain Jupp\u00e9) et Chantal Delsol (philosophe), et l\u2019Institut de formation politique. Les \u00e9tudiants pass\u00e9s par ce dernier (Marion Mar\u00e9chal est la plus connue de ses anciens \u00e9l\u00e8ves) se retrouvent aussi bien chez Les R\u00e9publicains qu\u2019\u00e0 Reconqu\u00eate\u00a0! Ce r\u00e9seau europ\u00e9en f\u00e9d\u00e8re initialement des intellectuels de diff\u00e9rentes sensibilit\u00e9s, relativement mod\u00e9r\u00e9es, allant des catholiques plus ou moins traditionalistes aux n\u00e9oconservateurs inspir\u00e9s par Ronald Reagan et Margaret Thatcher. Certains d\u2019entre eux sont tr\u00e8s proches de partis politiques, \u00e0 l\u2019image du philosophe polonais Ryszard Legutko, membre de Droit et justice (PiS) et qui a si\u00e9g\u00e9 au Parlement europ\u00e9en de 2009 \u00e0 2024.   Le revendiqu\u00e9 par la revue est \u00e0 l\u2019origine lib\u00e9ral-conservateur. La critique de la lib\u00e9ralisation de l\u2019avortement, du mariage homosexuel et, plus g\u00e9n\u00e9ralement, de la s\u00e9cularisation des soci\u00e9t\u00e9s occidentales y c\u00f4toie des valeurs telles que l\u2019\u00e9conomie de march\u00e9, les libert\u00e9s individuelles et l\u2019Etat de droit. Par la suite, et \u00e0 la faveur des succ\u00e8s \u00e9lectoraux croissants de l\u2019extr\u00eame droite en Europe, un glissement vers la r\u00e9action et l\u2019antilib\u00e9ralisme s\u2019affirme progressivement. Des r\u00e9f\u00e9rences \u00e0 des penseurs comme Charles Maurras (1868-1952) ou \u00e0 des figures contre-r\u00e9volutionnaires montrent une volont\u00e9 de renouer avec des traditions hi\u00e9rarchiques oppos\u00e9es aux principes modernes d\u2019\u00e9galit\u00e9 et de libert\u00e9. Il vous reste 64.91% de cet article \u00e0 lire. La suite est r\u00e9serv\u00e9e aux abonn\u00e9s.","og_url":"https:\/\/vof-news.eu\/fr\/une-internationale-dintellectuels-conservateurs-aiguille-le-debat-public-dans-plusieurs-pays\/","og_site_name":"vof-news.eu","article_published_time":"2025-07-04T16:33:29+00:00","article_modified_time":"2025-07-04T16:33:44+00:00","author":"Author","twitter_card":"summary_large_image","twitter_misc":{"\u00c9crit par":"Author","Dur\u00e9e de lecture estim\u00e9e":"2 minutes"},"schema":{"@context":"https:\/\/schema.org","@graph":[{"@type":"WebPage","@id":"https:\/\/vof-news.eu\/fr\/une-internationale-dintellectuels-conservateurs-aiguille-le-debat-public-dans-plusieurs-pays\/","url":"https:\/\/vof-news.eu\/fr\/une-internationale-dintellectuels-conservateurs-aiguille-le-debat-public-dans-plusieurs-pays\/","name":"\u00ab\u00a0Une internationale d\u2019intellectuels conservateurs aiguille le d\u00e9bat public dans plusieurs pays\u00a0\u00bb - vof-news.eu","isPartOf":{"@id":"https:\/\/vof-news.eu\/fr\/#website"},"datePublished":"2025-07-04T16:33:29+00:00","dateModified":"2025-07-04T16:33:44+00:00","author":{"@id":"https:\/\/vof-news.eu\/fr\/#\/schema\/person\/f6a2a4309f0561835797fd8c19b333ed"},"description":"Revue assez confidentielle, au tirage limit\u00e9 (5\u00a0000\u00a0exemplaires papier revendiqu\u00e9s, plus un site Web), () est \u00e0 l\u2019avant-garde de la diffusion des id\u00e9es d\u2019extr\u00eame droite. Les contributeurs de la revue, cr\u00e9\u00e9e en 2008, forment le noyau d\u2019une internationale d\u2019intellectuels conservateurs, et aiguillent le d\u00e9bat public dans plusieurs pays. Ils ambitionnent d\u00e9sormais de donner une coh\u00e9rence id\u00e9ologique \u00e0 des extr\u00eames droites au pouvoir ou en progression un peu partout en Europe. A l\u2019origine, \u00e9mane du Center for European Renewal (Centre pour le renouveau europ\u00e9en), un club europ\u00e9en d\u2019intellectuels de droite, qui regroupe plusieurs think tanks. Parmi eux se trouvent l\u2019Institut Thomas More, dont est proche le couple form\u00e9 par Charles Millon (ancien ministre d\u2019Alain Jupp\u00e9) et Chantal Delsol (philosophe), et l\u2019Institut de formation politique. Les \u00e9tudiants pass\u00e9s par ce dernier (Marion Mar\u00e9chal est la plus connue de ses anciens \u00e9l\u00e8ves) se retrouvent aussi bien chez Les R\u00e9publicains qu\u2019\u00e0 Reconqu\u00eate\u00a0! Ce r\u00e9seau europ\u00e9en f\u00e9d\u00e8re initialement des intellectuels de diff\u00e9rentes sensibilit\u00e9s, relativement mod\u00e9r\u00e9es, allant des catholiques plus ou moins traditionalistes aux n\u00e9oconservateurs inspir\u00e9s par Ronald Reagan et Margaret Thatcher. Certains d\u2019entre eux sont tr\u00e8s proches de partis politiques, \u00e0 l\u2019image du philosophe polonais Ryszard Legutko, membre de Droit et justice (PiS) et qui a si\u00e9g\u00e9 au Parlement europ\u00e9en de 2009 \u00e0 2024. Le revendiqu\u00e9 par la revue est \u00e0 l\u2019origine lib\u00e9ral-conservateur. La critique de la lib\u00e9ralisation de l\u2019avortement, du mariage homosexuel et, plus g\u00e9n\u00e9ralement, de la s\u00e9cularisation des soci\u00e9t\u00e9s occidentales y c\u00f4toie des valeurs telles que l\u2019\u00e9conomie de march\u00e9, les libert\u00e9s individuelles et l\u2019Etat de droit. Par la suite, et \u00e0 la faveur des succ\u00e8s \u00e9lectoraux croissants de l\u2019extr\u00eame droite en Europe, un glissement vers la r\u00e9action et l\u2019antilib\u00e9ralisme s\u2019affirme progressivement. Des r\u00e9f\u00e9rences \u00e0 des penseurs comme Charles Maurras (1868-1952) ou \u00e0 des figures contre-r\u00e9volutionnaires montrent une volont\u00e9 de renouer avec des traditions hi\u00e9rarchiques oppos\u00e9es aux principes modernes d\u2019\u00e9galit\u00e9 et de libert\u00e9. Il vous reste 64.91% de cet article \u00e0 lire. La suite est r\u00e9serv\u00e9e aux abonn\u00e9s.","breadcrumb":{"@id":"https:\/\/vof-news.eu\/fr\/une-internationale-dintellectuels-conservateurs-aiguille-le-debat-public-dans-plusieurs-pays\/#breadcrumb"},"inLanguage":"fr-FR","potentialAction":[{"@type":"ReadAction","target":["https:\/\/vof-news.eu\/fr\/une-internationale-dintellectuels-conservateurs-aiguille-le-debat-public-dans-plusieurs-pays\/"]}]},{"@type":"BreadcrumbList","@id":"https:\/\/vof-news.eu\/fr\/une-internationale-dintellectuels-conservateurs-aiguille-le-debat-public-dans-plusieurs-pays\/#breadcrumb","itemListElement":[{"@type":"ListItem","position":1,"name":"Home","item":"https:\/\/vof-news.eu\/fr\/"},{"@type":"ListItem","position":2,"name":"\u00ab\u00a0Une internationale d\u2019intellectuels conservateurs aiguille le d\u00e9bat public dans plusieurs pays\u00a0\u00bb"}]},{"@type":"WebSite","@id":"https:\/\/vof-news.eu\/fr\/#website","url":"https:\/\/vof-news.eu\/fr\/","name":"vof-news.eu","description":"","potentialAction":[{"@type":"SearchAction","target":{"@type":"EntryPoint","urlTemplate":"https:\/\/vof-news.eu\/fr\/?s={search_term_string}"},"query-input":"required name=search_term_string"}],"inLanguage":"fr-FR"},{"@type":"Person","@id":"https:\/\/vof-news.eu\/fr\/#\/schema\/person\/f6a2a4309f0561835797fd8c19b333ed","name":"Author","image":{"@type":"ImageObject","inLanguage":"fr-FR","@id":"https:\/\/vof-news.eu\/fr\/#\/schema\/person\/image\/","url":"https:\/\/secure.gravatar.com\/avatar\/b67e614b1b25b3e9c0c239efdd2fde5ab015b5affd6f1c3c85911ca4b384e790?s=96&d=mm&r=g","contentUrl":"https:\/\/secure.gravatar.com\/avatar\/b67e614b1b25b3e9c0c239efdd2fde5ab015b5affd6f1c3c85911ca4b384e790?s=96&d=mm&r=g","caption":"Author"},"sameAs":["http:\/\/vof-news.eu"],"url":"https:\/\/vof-news.eu\/fr\/author\/zwt6qxnjulxbnyg\/"}]}},"yoast_meta":{"yoast_wpseo_title":"","yoast_wpseo_metadesc":"","yoast_wpseo_canonical":""},"_links":{"self":[{"href":"https:\/\/vof-news.eu\/fr\/wp-json\/wp\/v2\/posts\/247220","targetHints":{"allow":["GET"]}}],"collection":[{"href":"https:\/\/vof-news.eu\/fr\/wp-json\/wp\/v2\/posts"}],"about":[{"href":"https:\/\/vof-news.eu\/fr\/wp-json\/wp\/v2\/types\/post"}],"author":[{"embeddable":true,"href":"https:\/\/vof-news.eu\/fr\/wp-json\/wp\/v2\/users\/1"}],"replies":[{"embeddable":true,"href":"https:\/\/vof-news.eu\/fr\/wp-json\/wp\/v2\/comments?post=247220"}],"version-history":[{"count":1,"href":"https:\/\/vof-news.eu\/fr\/wp-json\/wp\/v2\/posts\/247220\/revisions"}],"predecessor-version":[{"id":247221,"href":"https:\/\/vof-news.eu\/fr\/wp-json\/wp\/v2\/posts\/247220\/revisions\/247221"}],"wp:attachment":[{"href":"https:\/\/vof-news.eu\/fr\/wp-json\/wp\/v2\/media?parent=247220"}],"wp:term":[{"taxonomy":"category","embeddable":true,"href":"https:\/\/vof-news.eu\/fr\/wp-json\/wp\/v2\/categories?post=247220"},{"taxonomy":"post_tag","embeddable":true,"href":"https:\/\/vof-news.eu\/fr\/wp-json\/wp\/v2\/tags?post=247220"}],"curies":[{"name":"wp","href":"https:\/\/api.w.org\/{rel}","templated":true}]}}