{"id":247121,"date":"2025-07-04T17:33:11","date_gmt":"2025-07-04T14:33:11","guid":{"rendered":"https:\/\/vof-news.eu\/avignon-la-nouvelle-cite-des-apprentis-comediens\/"},"modified":"2025-07-04T17:33:25","modified_gmt":"2025-07-04T14:33:25","slug":"avignon-la-nouvelle-cite-des-apprentis-comediens","status":"publish","type":"post","link":"https:\/\/vof-news.eu\/fr\/avignon-la-nouvelle-cite-des-apprentis-comediens\/","title":{"rendered":"Avignon, la nouvelle cit\u00e9 des apprentis com\u00e9diens"},"content":{"rendered":"<article>\n<p>L\u2019Ecole internationale de th\u00e9\u00e2tre Jacques-Lecoq, l\u2019Ecole sup\u00e9rieure des arts du rire (ESAR) et, bient\u00f4t, l\u2019\u00e9cole du Th\u00e9\u00e2tre du Ch\u00eane-Noir\u00a0: de plus en plus d\u2019apprentis com\u00e9diens vivent \u00e0 l\u2019ann\u00e9e \u00e0 Avignon. Contrainte de quitter ses locaux historiques parisiens (le Central, o\u00f9 elle \u00e9tait install\u00e9e depuis 1976), l\u2019institution Lecoq a trouv\u00e9 refuge, depuis octobre\u00a02023, dans une ancienne caserne de pompiers, r\u00e9am\u00e9nag\u00e9e et mise \u00e0 disposition par la mairie avignonnaise. Cr\u00e9\u00e9e par\u00a0l\u2019entrepreneur Fr\u00e9d\u00e9ric Biessy, directeur g\u00e9n\u00e9ral des th\u00e9\u00e2tres La Scala, et soutenue par l\u2019humoriste J\u00e9r\u00e9my Ferrari, l\u2019ESAR accueille depuis septembre\u00a02024 sa premi\u00e8re promotion dans les locaux de La Scala Provence. Quatre-vingt-cinq \u00e9l\u00e8ves d\u2019un c\u00f4t\u00e9, 50\u00a0de l\u2019autre, deux formations tr\u00e8s diff\u00e9rentes, l\u2019une mythique (Lecoq), fond\u00e9e en\u00a01956, qui compte parmi ses dipl\u00f4m\u00e9s des figures de la sc\u00e8ne telles que Christoph Marthaler, Julie Deliquet ou Olivier Letellier\u00a0; l\u2019autre dans l\u2019air du temps (ESAR), port\u00e9e par le succ\u00e8s du stand-up. Mais un m\u00eame sentiment parmi les \u00e9tudiants\u00a0: celui de sentir dans ,  au sein des remparts de la cit\u00e9 des Papes.<\/p>\n<p>En ce printemps ensoleill\u00e9, l\u2019ambiance de la ville est tr\u00e8s calme, loin de l\u2019effervescence suscit\u00e9e chaque \u00e9t\u00e9 par le festival. Bon nombre de ces jeunes resteront en juillet \u00e0 Avignon, la plupart pour travailler sur des postes de r\u00e9gisseur, \u00e0 la billetterie ou \u00e0 l\u2019accueil pour des compagnies programm\u00e9es dans le \u00ab\u00a0off\u00a0\u00bb, quelques-uns pour se frotter \u00e0 la sc\u00e8ne. Ainsi, le Belge Vladimir Venanzi, le Fran\u00e7ais Aliocha Kasprzak et le Suisse Anthony Crettex, trois vingtenaires, \u00e9l\u00e8ves de la premi\u00e8re promotion de l\u2019ESAR, pr\u00e9senteront  au Th\u00e9\u00e2tre de l\u2019Observance. , explique Anthony Crettex. , compl\u00e8te Aliocha Kasprzak. Eux ont pu se payer cette nouvelle formation \u2013\u00a09\u00a0200\u00a0euros l\u2019ann\u00e9e\u00a0\u2013 gr\u00e2ce au soutien de leurs parents.<\/p>\n<p><strong>Il vous reste 76.9% de cet article \u00e0 lire. La suite est r\u00e9serv\u00e9e aux abonn\u00e9s.<\/strong><\/p>\n<\/article>\n","protected":false},"excerpt":{"rendered":"<p>L\u2019Ecole internationale de th\u00e9\u00e2tre Jacques-Lecoq, l\u2019Ecole sup\u00e9rieure des arts du rire (ESAR) et, bient\u00f4t, l\u2019\u00e9cole du Th\u00e9\u00e2tre du Ch\u00eane-Noir\u00a0: de plus en plus d\u2019apprentis com\u00e9diens vivent \u00e0 l\u2019ann\u00e9e \u00e0 Avignon. Contrainte de quitter ses locaux historiques parisiens (le Central, o\u00f9 elle \u00e9tait install\u00e9e depuis 1976), l\u2019institution Lecoq a trouv\u00e9 refuge, depuis octobre\u00a02023, dans une ancienne<\/p>\n","protected":false},"author":1,"featured_media":247122,"comment_status":"open","ping_status":"open","sticky":false,"template":"","format":"standard","meta":{"footnotes":""},"categories":[58],"tags":[],"class_list":["post-247121","post","type-post","status-publish","format-standard","has-post-thumbnail","hentry","category-business-fr"],"acf":[],"yoast_head":"<!-- This site is optimized with the Yoast SEO plugin v22.9 - https:\/\/yoast.com\/wordpress\/plugins\/seo\/ -->\n<title>Avignon, la nouvelle cit\u00e9 des apprentis com\u00e9diens - vof-news.eu<\/title>\n<meta name=\"description\" content=\"L\u2019Ecole internationale de th\u00e9\u00e2tre Jacques-Lecoq, l\u2019Ecole sup\u00e9rieure des arts du rire (ESAR) et, bient\u00f4t, l\u2019\u00e9cole du Th\u00e9\u00e2tre du Ch\u00eane-Noir\u00a0: de plus en plus d\u2019apprentis com\u00e9diens vivent \u00e0 l\u2019ann\u00e9e \u00e0 Avignon. Contrainte de quitter ses locaux historiques parisiens (le Central, o\u00f9 elle \u00e9tait install\u00e9e depuis 1976), l\u2019institution Lecoq a trouv\u00e9 refuge, depuis octobre\u00a02023, dans une ancienne caserne de pompiers, r\u00e9am\u00e9nag\u00e9e et mise \u00e0 disposition par la mairie avignonnaise. Cr\u00e9\u00e9e par\u00a0l\u2019entrepreneur Fr\u00e9d\u00e9ric Biessy, directeur g\u00e9n\u00e9ral des th\u00e9\u00e2tres La Scala, et soutenue par l\u2019humoriste J\u00e9r\u00e9my Ferrari, l\u2019ESAR accueille depuis septembre\u00a02024 sa premi\u00e8re promotion dans les locaux de La Scala Provence. Quatre-vingt-cinq \u00e9l\u00e8ves d\u2019un c\u00f4t\u00e9, 50\u00a0de l\u2019autre, deux formations tr\u00e8s diff\u00e9rentes, l\u2019une mythique (Lecoq), fond\u00e9e en\u00a01956, qui compte parmi ses dipl\u00f4m\u00e9s des figures de la sc\u00e8ne telles que Christoph Marthaler, Julie Deliquet ou Olivier Letellier\u00a0; l\u2019autre dans l\u2019air du temps (ESAR), port\u00e9e par le succ\u00e8s du stand-up. Mais un m\u00eame sentiment parmi les \u00e9tudiants\u00a0: celui de sentir dans , au sein des remparts de la cit\u00e9 des Papes. En ce printemps ensoleill\u00e9, l\u2019ambiance de la ville est tr\u00e8s calme, loin de l\u2019effervescence suscit\u00e9e chaque \u00e9t\u00e9 par le festival. Bon nombre de ces jeunes resteront en juillet \u00e0 Avignon, la plupart pour travailler sur des postes de r\u00e9gisseur, \u00e0 la billetterie ou \u00e0 l\u2019accueil pour des compagnies programm\u00e9es dans le \u00ab\u00a0off\u00a0\u00bb, quelques-uns pour se frotter \u00e0 la sc\u00e8ne. Ainsi, le Belge Vladimir Venanzi, le Fran\u00e7ais Aliocha Kasprzak et le Suisse Anthony Crettex, trois vingtenaires, \u00e9l\u00e8ves de la premi\u00e8re promotion de l\u2019ESAR, pr\u00e9senteront au Th\u00e9\u00e2tre de l\u2019Observance. , explique Anthony Crettex. , compl\u00e8te Aliocha Kasprzak. Eux ont pu se payer cette nouvelle formation \u2013\u00a09\u00a0200\u00a0euros l\u2019ann\u00e9e\u00a0\u2013 gr\u00e2ce au soutien de leurs parents. Il vous reste 76.9% de cet article \u00e0 lire. La suite est r\u00e9serv\u00e9e aux abonn\u00e9s.\" \/>\n<meta name=\"robots\" content=\"noindex, follow, max-snippet:-1, max-image-preview:large, max-video-preview:-1\" \/>\n<meta property=\"og:locale\" content=\"fr_FR\" \/>\n<meta property=\"og:type\" content=\"article\" \/>\n<meta property=\"og:title\" content=\"Avignon, la nouvelle cit\u00e9 des apprentis com\u00e9diens - vof-news.eu\" \/>\n<meta property=\"og:description\" content=\"L\u2019Ecole internationale de th\u00e9\u00e2tre Jacques-Lecoq, l\u2019Ecole sup\u00e9rieure des arts du rire (ESAR) et, bient\u00f4t, l\u2019\u00e9cole du Th\u00e9\u00e2tre du Ch\u00eane-Noir\u00a0: de plus en plus d\u2019apprentis com\u00e9diens vivent \u00e0 l\u2019ann\u00e9e \u00e0 Avignon. Contrainte de quitter ses locaux historiques parisiens (le Central, o\u00f9 elle \u00e9tait install\u00e9e depuis 1976), l\u2019institution Lecoq a trouv\u00e9 refuge, depuis octobre\u00a02023, dans une ancienne caserne de pompiers, r\u00e9am\u00e9nag\u00e9e et mise \u00e0 disposition par la mairie avignonnaise. Cr\u00e9\u00e9e par\u00a0l\u2019entrepreneur Fr\u00e9d\u00e9ric Biessy, directeur g\u00e9n\u00e9ral des th\u00e9\u00e2tres La Scala, et soutenue par l\u2019humoriste J\u00e9r\u00e9my Ferrari, l\u2019ESAR accueille depuis septembre\u00a02024 sa premi\u00e8re promotion dans les locaux de La Scala Provence. Quatre-vingt-cinq \u00e9l\u00e8ves d\u2019un c\u00f4t\u00e9, 50\u00a0de l\u2019autre, deux formations tr\u00e8s diff\u00e9rentes, l\u2019une mythique (Lecoq), fond\u00e9e en\u00a01956, qui compte parmi ses dipl\u00f4m\u00e9s des figures de la sc\u00e8ne telles que Christoph Marthaler, Julie Deliquet ou Olivier Letellier\u00a0; l\u2019autre dans l\u2019air du temps (ESAR), port\u00e9e par le succ\u00e8s du stand-up. Mais un m\u00eame sentiment parmi les \u00e9tudiants\u00a0: celui de sentir dans , au sein des remparts de la cit\u00e9 des Papes. En ce printemps ensoleill\u00e9, l\u2019ambiance de la ville est tr\u00e8s calme, loin de l\u2019effervescence suscit\u00e9e chaque \u00e9t\u00e9 par le festival. Bon nombre de ces jeunes resteront en juillet \u00e0 Avignon, la plupart pour travailler sur des postes de r\u00e9gisseur, \u00e0 la billetterie ou \u00e0 l\u2019accueil pour des compagnies programm\u00e9es dans le \u00ab\u00a0off\u00a0\u00bb, quelques-uns pour se frotter \u00e0 la sc\u00e8ne. Ainsi, le Belge Vladimir Venanzi, le Fran\u00e7ais Aliocha Kasprzak et le Suisse Anthony Crettex, trois vingtenaires, \u00e9l\u00e8ves de la premi\u00e8re promotion de l\u2019ESAR, pr\u00e9senteront au Th\u00e9\u00e2tre de l\u2019Observance. , explique Anthony Crettex. , compl\u00e8te Aliocha Kasprzak. Eux ont pu se payer cette nouvelle formation \u2013\u00a09\u00a0200\u00a0euros l\u2019ann\u00e9e\u00a0\u2013 gr\u00e2ce au soutien de leurs parents. Il vous reste 76.9% de cet article \u00e0 lire. La suite est r\u00e9serv\u00e9e aux abonn\u00e9s.\" \/>\n<meta property=\"og:url\" content=\"https:\/\/vof-news.eu\/fr\/avignon-la-nouvelle-cite-des-apprentis-comediens\/\" \/>\n<meta property=\"og:site_name\" content=\"vof-news.eu\" \/>\n<meta property=\"article:published_time\" content=\"2025-07-04T14:33:11+00:00\" \/>\n<meta property=\"article:modified_time\" content=\"2025-07-04T14:33:25+00:00\" \/>\n<meta property=\"og:image\" content=\"https:\/\/vof-news.eu\/wp-content\/uploads\/2025\/07\/3cb9de5_upload-1-d5xgpalpbagn-inauguration-ecolejlecoq-hd-c-ala-ndra-de-laminne-juillet-2024.jpg\" \/>\n\t<meta property=\"og:image:width\" content=\"664\" \/>\n\t<meta property=\"og:image:height\" content=\"443\" \/>\n\t<meta property=\"og:image:type\" content=\"image\/jpeg\" \/>\n<meta name=\"author\" content=\"Author\" \/>\n<meta name=\"twitter:card\" content=\"summary_large_image\" \/>\n<meta name=\"twitter:label1\" content=\"\u00c9crit par\" \/>\n\t<meta name=\"twitter:data1\" content=\"Author\" \/>\n\t<meta name=\"twitter:label2\" content=\"Dur\u00e9e de lecture estim\u00e9e\" \/>\n\t<meta name=\"twitter:data2\" content=\"2 minutes\" \/>\n<script type=\"application\/ld+json\" class=\"yoast-schema-graph\">{\"@context\":\"https:\/\/schema.org\",\"@graph\":[{\"@type\":\"WebPage\",\"@id\":\"https:\/\/vof-news.eu\/fr\/avignon-la-nouvelle-cite-des-apprentis-comediens\/\",\"url\":\"https:\/\/vof-news.eu\/fr\/avignon-la-nouvelle-cite-des-apprentis-comediens\/\",\"name\":\"Avignon, la nouvelle cit\u00e9 des apprentis com\u00e9diens - vof-news.eu\",\"isPartOf\":{\"@id\":\"https:\/\/vof-news.eu\/fr\/#website\"},\"primaryImageOfPage\":{\"@id\":\"https:\/\/vof-news.eu\/fr\/avignon-la-nouvelle-cite-des-apprentis-comediens\/#primaryimage\"},\"image\":{\"@id\":\"https:\/\/vof-news.eu\/fr\/avignon-la-nouvelle-cite-des-apprentis-comediens\/#primaryimage\"},\"thumbnailUrl\":\"https:\/\/vof-news.eu\/wp-content\/uploads\/2025\/07\/3cb9de5_upload-1-d5xgpalpbagn-inauguration-ecolejlecoq-hd-c-ala-ndra-de-laminne-juillet-2024.jpg\",\"datePublished\":\"2025-07-04T14:33:11+00:00\",\"dateModified\":\"2025-07-04T14:33:25+00:00\",\"author\":{\"@id\":\"https:\/\/vof-news.eu\/fr\/#\/schema\/person\/f6a2a4309f0561835797fd8c19b333ed\"},\"description\":\"L\u2019Ecole internationale de th\u00e9\u00e2tre Jacques-Lecoq, l\u2019Ecole sup\u00e9rieure des arts du rire (ESAR) et, bient\u00f4t, l\u2019\u00e9cole du Th\u00e9\u00e2tre du Ch\u00eane-Noir\u00a0: de plus en plus d\u2019apprentis com\u00e9diens vivent \u00e0 l\u2019ann\u00e9e \u00e0 Avignon. Contrainte de quitter ses locaux historiques parisiens (le Central, o\u00f9 elle \u00e9tait install\u00e9e depuis 1976), l\u2019institution Lecoq a trouv\u00e9 refuge, depuis octobre\u00a02023, dans une ancienne caserne de pompiers, r\u00e9am\u00e9nag\u00e9e et mise \u00e0 disposition par la mairie avignonnaise. Cr\u00e9\u00e9e par\u00a0l\u2019entrepreneur Fr\u00e9d\u00e9ric Biessy, directeur g\u00e9n\u00e9ral des th\u00e9\u00e2tres La Scala, et soutenue par l\u2019humoriste J\u00e9r\u00e9my Ferrari, l\u2019ESAR accueille depuis septembre\u00a02024 sa premi\u00e8re promotion dans les locaux de La Scala Provence. Quatre-vingt-cinq \u00e9l\u00e8ves d\u2019un c\u00f4t\u00e9, 50\u00a0de l\u2019autre, deux formations tr\u00e8s diff\u00e9rentes, l\u2019une mythique (Lecoq), fond\u00e9e en\u00a01956, qui compte parmi ses dipl\u00f4m\u00e9s des figures de la sc\u00e8ne telles que Christoph Marthaler, Julie Deliquet ou Olivier Letellier\u00a0; l\u2019autre dans l\u2019air du temps (ESAR), port\u00e9e par le succ\u00e8s du stand-up. Mais un m\u00eame sentiment parmi les \u00e9tudiants\u00a0: celui de sentir dans , au sein des remparts de la cit\u00e9 des Papes. En ce printemps ensoleill\u00e9, l\u2019ambiance de la ville est tr\u00e8s calme, loin de l\u2019effervescence suscit\u00e9e chaque \u00e9t\u00e9 par le festival. Bon nombre de ces jeunes resteront en juillet \u00e0 Avignon, la plupart pour travailler sur des postes de r\u00e9gisseur, \u00e0 la billetterie ou \u00e0 l\u2019accueil pour des compagnies programm\u00e9es dans le \u00ab\u00a0off\u00a0\u00bb, quelques-uns pour se frotter \u00e0 la sc\u00e8ne. Ainsi, le Belge Vladimir Venanzi, le Fran\u00e7ais Aliocha Kasprzak et le Suisse Anthony Crettex, trois vingtenaires, \u00e9l\u00e8ves de la premi\u00e8re promotion de l\u2019ESAR, pr\u00e9senteront au Th\u00e9\u00e2tre de l\u2019Observance. , explique Anthony Crettex. , compl\u00e8te Aliocha Kasprzak. Eux ont pu se payer cette nouvelle formation \u2013\u00a09\u00a0200\u00a0euros l\u2019ann\u00e9e\u00a0\u2013 gr\u00e2ce au soutien de leurs parents. Il vous reste 76.9% de cet article \u00e0 lire. La suite est r\u00e9serv\u00e9e aux abonn\u00e9s.\",\"breadcrumb\":{\"@id\":\"https:\/\/vof-news.eu\/fr\/avignon-la-nouvelle-cite-des-apprentis-comediens\/#breadcrumb\"},\"inLanguage\":\"fr-FR\",\"potentialAction\":[{\"@type\":\"ReadAction\",\"target\":[\"https:\/\/vof-news.eu\/fr\/avignon-la-nouvelle-cite-des-apprentis-comediens\/\"]}]},{\"@type\":\"ImageObject\",\"inLanguage\":\"fr-FR\",\"@id\":\"https:\/\/vof-news.eu\/fr\/avignon-la-nouvelle-cite-des-apprentis-comediens\/#primaryimage\",\"url\":\"https:\/\/vof-news.eu\/wp-content\/uploads\/2025\/07\/3cb9de5_upload-1-d5xgpalpbagn-inauguration-ecolejlecoq-hd-c-ala-ndra-de-laminne-juillet-2024.jpg\",\"contentUrl\":\"https:\/\/vof-news.eu\/wp-content\/uploads\/2025\/07\/3cb9de5_upload-1-d5xgpalpbagn-inauguration-ecolejlecoq-hd-c-ala-ndra-de-laminne-juillet-2024.jpg\",\"width\":664,\"height\":443},{\"@type\":\"BreadcrumbList\",\"@id\":\"https:\/\/vof-news.eu\/fr\/avignon-la-nouvelle-cite-des-apprentis-comediens\/#breadcrumb\",\"itemListElement\":[{\"@type\":\"ListItem\",\"position\":1,\"name\":\"Home\",\"item\":\"https:\/\/vof-news.eu\/fr\/\"},{\"@type\":\"ListItem\",\"position\":2,\"name\":\"Avignon, la nouvelle cit\u00e9 des apprentis com\u00e9diens\"}]},{\"@type\":\"WebSite\",\"@id\":\"https:\/\/vof-news.eu\/fr\/#website\",\"url\":\"https:\/\/vof-news.eu\/fr\/\",\"name\":\"vof-news.eu\",\"description\":\"\",\"potentialAction\":[{\"@type\":\"SearchAction\",\"target\":{\"@type\":\"EntryPoint\",\"urlTemplate\":\"https:\/\/vof-news.eu\/fr\/?s={search_term_string}\"},\"query-input\":\"required name=search_term_string\"}],\"inLanguage\":\"fr-FR\"},{\"@type\":\"Person\",\"@id\":\"https:\/\/vof-news.eu\/fr\/#\/schema\/person\/f6a2a4309f0561835797fd8c19b333ed\",\"name\":\"Author\",\"image\":{\"@type\":\"ImageObject\",\"inLanguage\":\"fr-FR\",\"@id\":\"https:\/\/vof-news.eu\/fr\/#\/schema\/person\/image\/\",\"url\":\"https:\/\/secure.gravatar.com\/avatar\/b67e614b1b25b3e9c0c239efdd2fde5ab015b5affd6f1c3c85911ca4b384e790?s=96&d=mm&r=g\",\"contentUrl\":\"https:\/\/secure.gravatar.com\/avatar\/b67e614b1b25b3e9c0c239efdd2fde5ab015b5affd6f1c3c85911ca4b384e790?s=96&d=mm&r=g\",\"caption\":\"Author\"},\"sameAs\":[\"http:\/\/vof-news.eu\"],\"url\":\"https:\/\/vof-news.eu\/fr\/author\/zwt6qxnjulxbnyg\/\"}]}<\/script>\n<!-- \/ Yoast SEO plugin. -->","yoast_head_json":{"title":"Avignon, la nouvelle cit\u00e9 des apprentis com\u00e9diens - vof-news.eu","description":"L\u2019Ecole internationale de th\u00e9\u00e2tre Jacques-Lecoq, l\u2019Ecole sup\u00e9rieure des arts du rire (ESAR) et, bient\u00f4t, l\u2019\u00e9cole du Th\u00e9\u00e2tre du Ch\u00eane-Noir\u00a0: de plus en plus d\u2019apprentis com\u00e9diens vivent \u00e0 l\u2019ann\u00e9e \u00e0 Avignon. Contrainte de quitter ses locaux historiques parisiens (le Central, o\u00f9 elle \u00e9tait install\u00e9e depuis 1976), l\u2019institution Lecoq a trouv\u00e9 refuge, depuis octobre\u00a02023, dans une ancienne caserne de pompiers, r\u00e9am\u00e9nag\u00e9e et mise \u00e0 disposition par la mairie avignonnaise. Cr\u00e9\u00e9e par\u00a0l\u2019entrepreneur Fr\u00e9d\u00e9ric Biessy, directeur g\u00e9n\u00e9ral des th\u00e9\u00e2tres La Scala, et soutenue par l\u2019humoriste J\u00e9r\u00e9my Ferrari, l\u2019ESAR accueille depuis septembre\u00a02024 sa premi\u00e8re promotion dans les locaux de La Scala Provence. Quatre-vingt-cinq \u00e9l\u00e8ves d\u2019un c\u00f4t\u00e9, 50\u00a0de l\u2019autre, deux formations tr\u00e8s diff\u00e9rentes, l\u2019une mythique (Lecoq), fond\u00e9e en\u00a01956, qui compte parmi ses dipl\u00f4m\u00e9s des figures de la sc\u00e8ne telles que Christoph Marthaler, Julie Deliquet ou Olivier Letellier\u00a0; l\u2019autre dans l\u2019air du temps (ESAR), port\u00e9e par le succ\u00e8s du stand-up. Mais un m\u00eame sentiment parmi les \u00e9tudiants\u00a0: celui de sentir dans , au sein des remparts de la cit\u00e9 des Papes. En ce printemps ensoleill\u00e9, l\u2019ambiance de la ville est tr\u00e8s calme, loin de l\u2019effervescence suscit\u00e9e chaque \u00e9t\u00e9 par le festival. Bon nombre de ces jeunes resteront en juillet \u00e0 Avignon, la plupart pour travailler sur des postes de r\u00e9gisseur, \u00e0 la billetterie ou \u00e0 l\u2019accueil pour des compagnies programm\u00e9es dans le \u00ab\u00a0off\u00a0\u00bb, quelques-uns pour se frotter \u00e0 la sc\u00e8ne. Ainsi, le Belge Vladimir Venanzi, le Fran\u00e7ais Aliocha Kasprzak et le Suisse Anthony Crettex, trois vingtenaires, \u00e9l\u00e8ves de la premi\u00e8re promotion de l\u2019ESAR, pr\u00e9senteront au Th\u00e9\u00e2tre de l\u2019Observance. , explique Anthony Crettex. , compl\u00e8te Aliocha Kasprzak. Eux ont pu se payer cette nouvelle formation \u2013\u00a09\u00a0200\u00a0euros l\u2019ann\u00e9e\u00a0\u2013 gr\u00e2ce au soutien de leurs parents. Il vous reste 76.9% de cet article \u00e0 lire. La suite est r\u00e9serv\u00e9e aux abonn\u00e9s.","robots":{"index":"noindex","follow":"follow","max-snippet":"max-snippet:-1","max-image-preview":"max-image-preview:large","max-video-preview":"max-video-preview:-1"},"og_locale":"fr_FR","og_type":"article","og_title":"Avignon, la nouvelle cit\u00e9 des apprentis com\u00e9diens - vof-news.eu","og_description":"L\u2019Ecole internationale de th\u00e9\u00e2tre Jacques-Lecoq, l\u2019Ecole sup\u00e9rieure des arts du rire (ESAR) et, bient\u00f4t, l\u2019\u00e9cole du Th\u00e9\u00e2tre du Ch\u00eane-Noir\u00a0: de plus en plus d\u2019apprentis com\u00e9diens vivent \u00e0 l\u2019ann\u00e9e \u00e0 Avignon. Contrainte de quitter ses locaux historiques parisiens (le Central, o\u00f9 elle \u00e9tait install\u00e9e depuis 1976), l\u2019institution Lecoq a trouv\u00e9 refuge, depuis octobre\u00a02023, dans une ancienne caserne de pompiers, r\u00e9am\u00e9nag\u00e9e et mise \u00e0 disposition par la mairie avignonnaise. Cr\u00e9\u00e9e par\u00a0l\u2019entrepreneur Fr\u00e9d\u00e9ric Biessy, directeur g\u00e9n\u00e9ral des th\u00e9\u00e2tres La Scala, et soutenue par l\u2019humoriste J\u00e9r\u00e9my Ferrari, l\u2019ESAR accueille depuis septembre\u00a02024 sa premi\u00e8re promotion dans les locaux de La Scala Provence. Quatre-vingt-cinq \u00e9l\u00e8ves d\u2019un c\u00f4t\u00e9, 50\u00a0de l\u2019autre, deux formations tr\u00e8s diff\u00e9rentes, l\u2019une mythique (Lecoq), fond\u00e9e en\u00a01956, qui compte parmi ses dipl\u00f4m\u00e9s des figures de la sc\u00e8ne telles que Christoph Marthaler, Julie Deliquet ou Olivier Letellier\u00a0; l\u2019autre dans l\u2019air du temps (ESAR), port\u00e9e par le succ\u00e8s du stand-up. Mais un m\u00eame sentiment parmi les \u00e9tudiants\u00a0: celui de sentir dans , au sein des remparts de la cit\u00e9 des Papes. En ce printemps ensoleill\u00e9, l\u2019ambiance de la ville est tr\u00e8s calme, loin de l\u2019effervescence suscit\u00e9e chaque \u00e9t\u00e9 par le festival. Bon nombre de ces jeunes resteront en juillet \u00e0 Avignon, la plupart pour travailler sur des postes de r\u00e9gisseur, \u00e0 la billetterie ou \u00e0 l\u2019accueil pour des compagnies programm\u00e9es dans le \u00ab\u00a0off\u00a0\u00bb, quelques-uns pour se frotter \u00e0 la sc\u00e8ne. Ainsi, le Belge Vladimir Venanzi, le Fran\u00e7ais Aliocha Kasprzak et le Suisse Anthony Crettex, trois vingtenaires, \u00e9l\u00e8ves de la premi\u00e8re promotion de l\u2019ESAR, pr\u00e9senteront au Th\u00e9\u00e2tre de l\u2019Observance. , explique Anthony Crettex. , compl\u00e8te Aliocha Kasprzak. Eux ont pu se payer cette nouvelle formation \u2013\u00a09\u00a0200\u00a0euros l\u2019ann\u00e9e\u00a0\u2013 gr\u00e2ce au soutien de leurs parents. Il vous reste 76.9% de cet article \u00e0 lire. La suite est r\u00e9serv\u00e9e aux abonn\u00e9s.","og_url":"https:\/\/vof-news.eu\/fr\/avignon-la-nouvelle-cite-des-apprentis-comediens\/","og_site_name":"vof-news.eu","article_published_time":"2025-07-04T14:33:11+00:00","article_modified_time":"2025-07-04T14:33:25+00:00","og_image":[{"width":664,"height":443,"url":"https:\/\/vof-news.eu\/wp-content\/uploads\/2025\/07\/3cb9de5_upload-1-d5xgpalpbagn-inauguration-ecolejlecoq-hd-c-ala-ndra-de-laminne-juillet-2024.jpg","type":"image\/jpeg"}],"author":"Author","twitter_card":"summary_large_image","twitter_misc":{"\u00c9crit par":"Author","Dur\u00e9e de lecture estim\u00e9e":"2 minutes"},"schema":{"@context":"https:\/\/schema.org","@graph":[{"@type":"WebPage","@id":"https:\/\/vof-news.eu\/fr\/avignon-la-nouvelle-cite-des-apprentis-comediens\/","url":"https:\/\/vof-news.eu\/fr\/avignon-la-nouvelle-cite-des-apprentis-comediens\/","name":"Avignon, la nouvelle cit\u00e9 des apprentis com\u00e9diens - vof-news.eu","isPartOf":{"@id":"https:\/\/vof-news.eu\/fr\/#website"},"primaryImageOfPage":{"@id":"https:\/\/vof-news.eu\/fr\/avignon-la-nouvelle-cite-des-apprentis-comediens\/#primaryimage"},"image":{"@id":"https:\/\/vof-news.eu\/fr\/avignon-la-nouvelle-cite-des-apprentis-comediens\/#primaryimage"},"thumbnailUrl":"https:\/\/vof-news.eu\/wp-content\/uploads\/2025\/07\/3cb9de5_upload-1-d5xgpalpbagn-inauguration-ecolejlecoq-hd-c-ala-ndra-de-laminne-juillet-2024.jpg","datePublished":"2025-07-04T14:33:11+00:00","dateModified":"2025-07-04T14:33:25+00:00","author":{"@id":"https:\/\/vof-news.eu\/fr\/#\/schema\/person\/f6a2a4309f0561835797fd8c19b333ed"},"description":"L\u2019Ecole internationale de th\u00e9\u00e2tre Jacques-Lecoq, l\u2019Ecole sup\u00e9rieure des arts du rire (ESAR) et, bient\u00f4t, l\u2019\u00e9cole du Th\u00e9\u00e2tre du Ch\u00eane-Noir\u00a0: de plus en plus d\u2019apprentis com\u00e9diens vivent \u00e0 l\u2019ann\u00e9e \u00e0 Avignon. Contrainte de quitter ses locaux historiques parisiens (le Central, o\u00f9 elle \u00e9tait install\u00e9e depuis 1976), l\u2019institution Lecoq a trouv\u00e9 refuge, depuis octobre\u00a02023, dans une ancienne caserne de pompiers, r\u00e9am\u00e9nag\u00e9e et mise \u00e0 disposition par la mairie avignonnaise. Cr\u00e9\u00e9e par\u00a0l\u2019entrepreneur Fr\u00e9d\u00e9ric Biessy, directeur g\u00e9n\u00e9ral des th\u00e9\u00e2tres La Scala, et soutenue par l\u2019humoriste J\u00e9r\u00e9my Ferrari, l\u2019ESAR accueille depuis septembre\u00a02024 sa premi\u00e8re promotion dans les locaux de La Scala Provence. Quatre-vingt-cinq \u00e9l\u00e8ves d\u2019un c\u00f4t\u00e9, 50\u00a0de l\u2019autre, deux formations tr\u00e8s diff\u00e9rentes, l\u2019une mythique (Lecoq), fond\u00e9e en\u00a01956, qui compte parmi ses dipl\u00f4m\u00e9s des figures de la sc\u00e8ne telles que Christoph Marthaler, Julie Deliquet ou Olivier Letellier\u00a0; l\u2019autre dans l\u2019air du temps (ESAR), port\u00e9e par le succ\u00e8s du stand-up. Mais un m\u00eame sentiment parmi les \u00e9tudiants\u00a0: celui de sentir dans , au sein des remparts de la cit\u00e9 des Papes. En ce printemps ensoleill\u00e9, l\u2019ambiance de la ville est tr\u00e8s calme, loin de l\u2019effervescence suscit\u00e9e chaque \u00e9t\u00e9 par le festival. Bon nombre de ces jeunes resteront en juillet \u00e0 Avignon, la plupart pour travailler sur des postes de r\u00e9gisseur, \u00e0 la billetterie ou \u00e0 l\u2019accueil pour des compagnies programm\u00e9es dans le \u00ab\u00a0off\u00a0\u00bb, quelques-uns pour se frotter \u00e0 la sc\u00e8ne. Ainsi, le Belge Vladimir Venanzi, le Fran\u00e7ais Aliocha Kasprzak et le Suisse Anthony Crettex, trois vingtenaires, \u00e9l\u00e8ves de la premi\u00e8re promotion de l\u2019ESAR, pr\u00e9senteront au Th\u00e9\u00e2tre de l\u2019Observance. , explique Anthony Crettex. , compl\u00e8te Aliocha Kasprzak. Eux ont pu se payer cette nouvelle formation \u2013\u00a09\u00a0200\u00a0euros l\u2019ann\u00e9e\u00a0\u2013 gr\u00e2ce au soutien de leurs parents. Il vous reste 76.9% de cet article \u00e0 lire. La suite est r\u00e9serv\u00e9e aux abonn\u00e9s.","breadcrumb":{"@id":"https:\/\/vof-news.eu\/fr\/avignon-la-nouvelle-cite-des-apprentis-comediens\/#breadcrumb"},"inLanguage":"fr-FR","potentialAction":[{"@type":"ReadAction","target":["https:\/\/vof-news.eu\/fr\/avignon-la-nouvelle-cite-des-apprentis-comediens\/"]}]},{"@type":"ImageObject","inLanguage":"fr-FR","@id":"https:\/\/vof-news.eu\/fr\/avignon-la-nouvelle-cite-des-apprentis-comediens\/#primaryimage","url":"https:\/\/vof-news.eu\/wp-content\/uploads\/2025\/07\/3cb9de5_upload-1-d5xgpalpbagn-inauguration-ecolejlecoq-hd-c-ala-ndra-de-laminne-juillet-2024.jpg","contentUrl":"https:\/\/vof-news.eu\/wp-content\/uploads\/2025\/07\/3cb9de5_upload-1-d5xgpalpbagn-inauguration-ecolejlecoq-hd-c-ala-ndra-de-laminne-juillet-2024.jpg","width":664,"height":443},{"@type":"BreadcrumbList","@id":"https:\/\/vof-news.eu\/fr\/avignon-la-nouvelle-cite-des-apprentis-comediens\/#breadcrumb","itemListElement":[{"@type":"ListItem","position":1,"name":"Home","item":"https:\/\/vof-news.eu\/fr\/"},{"@type":"ListItem","position":2,"name":"Avignon, la nouvelle cit\u00e9 des apprentis com\u00e9diens"}]},{"@type":"WebSite","@id":"https:\/\/vof-news.eu\/fr\/#website","url":"https:\/\/vof-news.eu\/fr\/","name":"vof-news.eu","description":"","potentialAction":[{"@type":"SearchAction","target":{"@type":"EntryPoint","urlTemplate":"https:\/\/vof-news.eu\/fr\/?s={search_term_string}"},"query-input":"required name=search_term_string"}],"inLanguage":"fr-FR"},{"@type":"Person","@id":"https:\/\/vof-news.eu\/fr\/#\/schema\/person\/f6a2a4309f0561835797fd8c19b333ed","name":"Author","image":{"@type":"ImageObject","inLanguage":"fr-FR","@id":"https:\/\/vof-news.eu\/fr\/#\/schema\/person\/image\/","url":"https:\/\/secure.gravatar.com\/avatar\/b67e614b1b25b3e9c0c239efdd2fde5ab015b5affd6f1c3c85911ca4b384e790?s=96&d=mm&r=g","contentUrl":"https:\/\/secure.gravatar.com\/avatar\/b67e614b1b25b3e9c0c239efdd2fde5ab015b5affd6f1c3c85911ca4b384e790?s=96&d=mm&r=g","caption":"Author"},"sameAs":["http:\/\/vof-news.eu"],"url":"https:\/\/vof-news.eu\/fr\/author\/zwt6qxnjulxbnyg\/"}]}},"yoast_meta":{"yoast_wpseo_title":"","yoast_wpseo_metadesc":"","yoast_wpseo_canonical":""},"_links":{"self":[{"href":"https:\/\/vof-news.eu\/fr\/wp-json\/wp\/v2\/posts\/247121","targetHints":{"allow":["GET"]}}],"collection":[{"href":"https:\/\/vof-news.eu\/fr\/wp-json\/wp\/v2\/posts"}],"about":[{"href":"https:\/\/vof-news.eu\/fr\/wp-json\/wp\/v2\/types\/post"}],"author":[{"embeddable":true,"href":"https:\/\/vof-news.eu\/fr\/wp-json\/wp\/v2\/users\/1"}],"replies":[{"embeddable":true,"href":"https:\/\/vof-news.eu\/fr\/wp-json\/wp\/v2\/comments?post=247121"}],"version-history":[{"count":1,"href":"https:\/\/vof-news.eu\/fr\/wp-json\/wp\/v2\/posts\/247121\/revisions"}],"predecessor-version":[{"id":247128,"href":"https:\/\/vof-news.eu\/fr\/wp-json\/wp\/v2\/posts\/247121\/revisions\/247128"}],"wp:featuredmedia":[{"embeddable":true,"href":"https:\/\/vof-news.eu\/fr\/wp-json\/wp\/v2\/media\/247122"}],"wp:attachment":[{"href":"https:\/\/vof-news.eu\/fr\/wp-json\/wp\/v2\/media?parent=247121"}],"wp:term":[{"taxonomy":"category","embeddable":true,"href":"https:\/\/vof-news.eu\/fr\/wp-json\/wp\/v2\/categories?post=247121"},{"taxonomy":"post_tag","embeddable":true,"href":"https:\/\/vof-news.eu\/fr\/wp-json\/wp\/v2\/tags?post=247121"}],"curies":[{"name":"wp","href":"https:\/\/api.w.org\/{rel}","templated":true}]}}