{"id":247113,"date":"2025-07-04T17:31:55","date_gmt":"2025-07-04T14:31:55","guid":{"rendered":"https:\/\/vof-news.eu\/travail-le-1%e1%b5%89%ca%b3-mai-la-crainte-dune-breche-appelee-a-selargir\/"},"modified":"2025-07-04T17:32:24","modified_gmt":"2025-07-04T14:32:24","slug":"travail-le-1%e1%b5%89%ca%b3-mai-la-crainte-dune-breche-appelee-a-selargir","status":"publish","type":"post","link":"https:\/\/vof-news.eu\/fr\/travail-le-1%e1%b5%89%ca%b3-mai-la-crainte-dune-breche-appelee-a-selargir\/","title":{"rendered":"Travail le 1\u1d49\u02b3-Mai\u00a0: la crainte d\u2019une \u00ab\u00a0br\u00e8che\u00a0\u00bb appel\u00e9e \u00e0 s\u2019\u00e9largir"},"content":{"rendered":"<article>\n<p>R\u00e9gularisation d\u2019usages anciens ou d\u00e9r\u00e9gulation susceptible de faire tache d\u2019huile\u00a0? <a href=\"https:\/\/www.lemonde.fr\/emploi\/article\/2025\/07\/03\/1-mai-le-senat-vote-pour-autoriser-le-travail-des-boulangers-et-fleuristes-salaries_6617722_1698637.html\" rel=\"nofollow\">Adopt\u00e9e, jeudi 3\u00a0juillet, par le S\u00e9nat,<\/a> la proposition de loi qui permet \u00e0 certaines entreprises d\u2019employer leurs salari\u00e9s le 1<sup>er<\/sup>-Mai a un impact dont l\u2019ampleur n\u2019est pas \u00e9vidente \u00e0 cerner. Tout au long des d\u00e9bats, les \u00e9lus du groupe Union centriste (UC), \u00e0 l\u2019initiative du texte, se sont voulus rassurants en soulignant que leur d\u00e9marche visait simplement \u00e0  depuis plusieurs d\u00e9cennies. Mais la gauche et l\u2019ensemble des syndicats redoutent qu\u2019une  n\u2019ait \u00e9t\u00e9 ouverte dans la r\u00e9glementation, avec le risque qu\u2019elle s\u2019\u00e9largisse au fil des ans.<\/p>\n<p>La proposition de loi en question a \u00e9t\u00e9 d\u00e9pos\u00e9e \u00e0 la fin avril par Herv\u00e9 Marseille, le pr\u00e9sident du groupe UC au Palais du Luxembourg, et sa coll\u00e8gue de Vend\u00e9e, Annick Billon. Ils s\u2019\u00e9taient \u00e9mus que des patrons de boulangerie et de boutique de fleurs aient \u00e9t\u00e9 verbalis\u00e9s par l\u2019inspection du travail pour avoir fait venir leurs collaborateurs un 1<sup>er<\/sup>-Mai.<\/p>\n<p>Si de telles sanctions ont \u00e9t\u00e9 prononc\u00e9es, c\u2019est parce que la loi pr\u00e9voit que cette journ\u00e9e est f\u00e9ri\u00e9e et ch\u00f4m\u00e9e. Il existe toutefois des exceptions pour certaines activit\u00e9s qui, de par leur (\u2026),. Elles n\u2019ont jamais \u00e9t\u00e9 r\u00e9pertori\u00e9es dans une liste, \u00e0 ce stade, mais englobent, de fa\u00e7on certaine, les agents des \u00e9tablissements de sant\u00e9 et m\u00e9dico-sociaux, les pompiers, les forces de l\u2019ordre, les personnels de soci\u00e9t\u00e9s de transports et de maintenance,\u00a0etc.<\/p>\n<p><strong>Il vous reste 73.6% de cet article \u00e0 lire. La suite est r\u00e9serv\u00e9e aux abonn\u00e9s.<\/strong><\/p>\n<\/article>\n","protected":false},"excerpt":{"rendered":"<p>R\u00e9gularisation d\u2019usages anciens ou d\u00e9r\u00e9gulation susceptible de faire tache d\u2019huile\u00a0? Adopt\u00e9e, jeudi 3\u00a0juillet, par le S\u00e9nat, la proposition de loi qui permet \u00e0 certaines entreprises d\u2019employer leurs salari\u00e9s le 1er-Mai a un impact dont l\u2019ampleur n\u2019est pas \u00e9vidente \u00e0 cerner. Tout au long des d\u00e9bats, les \u00e9lus du groupe Union centriste (UC), \u00e0 l\u2019initiative du<\/p>\n","protected":false},"author":1,"featured_media":247114,"comment_status":"open","ping_status":"open","sticky":false,"template":"","format":"standard","meta":{"footnotes":""},"categories":[68],"tags":[],"class_list":["post-247113","post","type-post","status-publish","format-standard","has-post-thumbnail","hentry","category-politics-fr"],"acf":[],"yoast_head":"<!-- This site is optimized with the Yoast SEO plugin v22.9 - https:\/\/yoast.com\/wordpress\/plugins\/seo\/ -->\n<title>Travail le 1\u1d49\u02b3-Mai\u00a0: la crainte d\u2019une \u00ab\u00a0br\u00e8che\u00a0\u00bb appel\u00e9e \u00e0 s\u2019\u00e9largir - vof-news.eu<\/title>\n<meta name=\"description\" content=\"R\u00e9gularisation d\u2019usages anciens ou d\u00e9r\u00e9gulation susceptible de faire tache d\u2019huile\u00a0? Adopt\u00e9e, jeudi 3\u00a0juillet, par le S\u00e9nat, la proposition de loi qui permet \u00e0 certaines entreprises d\u2019employer leurs salari\u00e9s le 1er-Mai a un impact dont l\u2019ampleur n\u2019est pas \u00e9vidente \u00e0 cerner. Tout au long des d\u00e9bats, les \u00e9lus du groupe Union centriste (UC), \u00e0 l\u2019initiative du texte, se sont voulus rassurants en soulignant que leur d\u00e9marche visait simplement \u00e0 depuis plusieurs d\u00e9cennies. Mais la gauche et l\u2019ensemble des syndicats redoutent qu\u2019une n\u2019ait \u00e9t\u00e9 ouverte dans la r\u00e9glementation, avec le risque qu\u2019elle s\u2019\u00e9largisse au fil des ans. La proposition de loi en question a \u00e9t\u00e9 d\u00e9pos\u00e9e \u00e0 la fin avril par Herv\u00e9 Marseille, le pr\u00e9sident du groupe UC au Palais du Luxembourg, et sa coll\u00e8gue de Vend\u00e9e, Annick Billon. Ils s\u2019\u00e9taient \u00e9mus que des patrons de boulangerie et de boutique de fleurs aient \u00e9t\u00e9 verbalis\u00e9s par l\u2019inspection du travail pour avoir fait venir leurs collaborateurs un 1er-Mai. Si de telles sanctions ont \u00e9t\u00e9 prononc\u00e9es, c\u2019est parce que la loi pr\u00e9voit que cette journ\u00e9e est f\u00e9ri\u00e9e et ch\u00f4m\u00e9e. Il existe toutefois des exceptions pour certaines activit\u00e9s qui, de par leur (\u2026),. Elles n\u2019ont jamais \u00e9t\u00e9 r\u00e9pertori\u00e9es dans une liste, \u00e0 ce stade, mais englobent, de fa\u00e7on certaine, les agents des \u00e9tablissements de sant\u00e9 et m\u00e9dico-sociaux, les pompiers, les forces de l\u2019ordre, les personnels de soci\u00e9t\u00e9s de transports et de maintenance,\u00a0etc. Il vous reste 73.6% de cet article \u00e0 lire. La suite est r\u00e9serv\u00e9e aux abonn\u00e9s.\" \/>\n<meta name=\"robots\" content=\"noindex, follow, max-snippet:-1, max-image-preview:large, max-video-preview:-1\" \/>\n<meta property=\"og:locale\" content=\"fr_FR\" \/>\n<meta property=\"og:type\" content=\"article\" \/>\n<meta property=\"og:title\" content=\"Travail le 1\u1d49\u02b3-Mai\u00a0: la crainte d\u2019une \u00ab\u00a0br\u00e8che\u00a0\u00bb appel\u00e9e \u00e0 s\u2019\u00e9largir - vof-news.eu\" \/>\n<meta property=\"og:description\" content=\"R\u00e9gularisation d\u2019usages anciens ou d\u00e9r\u00e9gulation susceptible de faire tache d\u2019huile\u00a0? Adopt\u00e9e, jeudi 3\u00a0juillet, par le S\u00e9nat, la proposition de loi qui permet \u00e0 certaines entreprises d\u2019employer leurs salari\u00e9s le 1er-Mai a un impact dont l\u2019ampleur n\u2019est pas \u00e9vidente \u00e0 cerner. Tout au long des d\u00e9bats, les \u00e9lus du groupe Union centriste (UC), \u00e0 l\u2019initiative du texte, se sont voulus rassurants en soulignant que leur d\u00e9marche visait simplement \u00e0 depuis plusieurs d\u00e9cennies. Mais la gauche et l\u2019ensemble des syndicats redoutent qu\u2019une n\u2019ait \u00e9t\u00e9 ouverte dans la r\u00e9glementation, avec le risque qu\u2019elle s\u2019\u00e9largisse au fil des ans. La proposition de loi en question a \u00e9t\u00e9 d\u00e9pos\u00e9e \u00e0 la fin avril par Herv\u00e9 Marseille, le pr\u00e9sident du groupe UC au Palais du Luxembourg, et sa coll\u00e8gue de Vend\u00e9e, Annick Billon. Ils s\u2019\u00e9taient \u00e9mus que des patrons de boulangerie et de boutique de fleurs aient \u00e9t\u00e9 verbalis\u00e9s par l\u2019inspection du travail pour avoir fait venir leurs collaborateurs un 1er-Mai. Si de telles sanctions ont \u00e9t\u00e9 prononc\u00e9es, c\u2019est parce que la loi pr\u00e9voit que cette journ\u00e9e est f\u00e9ri\u00e9e et ch\u00f4m\u00e9e. Il existe toutefois des exceptions pour certaines activit\u00e9s qui, de par leur (\u2026),. Elles n\u2019ont jamais \u00e9t\u00e9 r\u00e9pertori\u00e9es dans une liste, \u00e0 ce stade, mais englobent, de fa\u00e7on certaine, les agents des \u00e9tablissements de sant\u00e9 et m\u00e9dico-sociaux, les pompiers, les forces de l\u2019ordre, les personnels de soci\u00e9t\u00e9s de transports et de maintenance,\u00a0etc. Il vous reste 73.6% de cet article \u00e0 lire. La suite est r\u00e9serv\u00e9e aux abonn\u00e9s.\" \/>\n<meta property=\"og:url\" content=\"https:\/\/vof-news.eu\/fr\/travail-le-1%e1%b5%89%ca%b3-mai-la-crainte-dune-breche-appelee-a-selargir\/\" \/>\n<meta property=\"og:site_name\" content=\"vof-news.eu\" \/>\n<meta property=\"article:published_time\" content=\"2025-07-04T14:31:55+00:00\" \/>\n<meta property=\"article:modified_time\" content=\"2025-07-04T14:32:24+00:00\" \/>\n<meta property=\"og:image\" content=\"https:\/\/vof-news.eu\/wp-content\/uploads\/2025\/07\/f6cf1ea_upload-1-4pn8ceevnl7r-000-62p88fl.jpg\" \/>\n\t<meta property=\"og:image:width\" content=\"664\" \/>\n\t<meta property=\"og:image:height\" content=\"443\" \/>\n\t<meta property=\"og:image:type\" content=\"image\/jpeg\" \/>\n<meta name=\"author\" content=\"Author\" \/>\n<meta name=\"twitter:card\" content=\"summary_large_image\" \/>\n<meta name=\"twitter:label1\" content=\"\u00c9crit par\" \/>\n\t<meta name=\"twitter:data1\" content=\"Author\" \/>\n\t<meta name=\"twitter:label2\" content=\"Dur\u00e9e de lecture estim\u00e9e\" \/>\n\t<meta name=\"twitter:data2\" content=\"1 minute\" \/>\n<script type=\"application\/ld+json\" class=\"yoast-schema-graph\">{\"@context\":\"https:\/\/schema.org\",\"@graph\":[{\"@type\":\"WebPage\",\"@id\":\"https:\/\/vof-news.eu\/fr\/travail-le-1%e1%b5%89%ca%b3-mai-la-crainte-dune-breche-appelee-a-selargir\/\",\"url\":\"https:\/\/vof-news.eu\/fr\/travail-le-1%e1%b5%89%ca%b3-mai-la-crainte-dune-breche-appelee-a-selargir\/\",\"name\":\"Travail le 1\u1d49\u02b3-Mai\u00a0: la crainte d\u2019une \u00ab\u00a0br\u00e8che\u00a0\u00bb appel\u00e9e \u00e0 s\u2019\u00e9largir - vof-news.eu\",\"isPartOf\":{\"@id\":\"https:\/\/vof-news.eu\/fr\/#website\"},\"primaryImageOfPage\":{\"@id\":\"https:\/\/vof-news.eu\/fr\/travail-le-1%e1%b5%89%ca%b3-mai-la-crainte-dune-breche-appelee-a-selargir\/#primaryimage\"},\"image\":{\"@id\":\"https:\/\/vof-news.eu\/fr\/travail-le-1%e1%b5%89%ca%b3-mai-la-crainte-dune-breche-appelee-a-selargir\/#primaryimage\"},\"thumbnailUrl\":\"https:\/\/vof-news.eu\/wp-content\/uploads\/2025\/07\/f6cf1ea_upload-1-4pn8ceevnl7r-000-62p88fl.jpg\",\"datePublished\":\"2025-07-04T14:31:55+00:00\",\"dateModified\":\"2025-07-04T14:32:24+00:00\",\"author\":{\"@id\":\"https:\/\/vof-news.eu\/fr\/#\/schema\/person\/f6a2a4309f0561835797fd8c19b333ed\"},\"description\":\"R\u00e9gularisation d\u2019usages anciens ou d\u00e9r\u00e9gulation susceptible de faire tache d\u2019huile\u00a0? Adopt\u00e9e, jeudi 3\u00a0juillet, par le S\u00e9nat, la proposition de loi qui permet \u00e0 certaines entreprises d\u2019employer leurs salari\u00e9s le 1er-Mai a un impact dont l\u2019ampleur n\u2019est pas \u00e9vidente \u00e0 cerner. Tout au long des d\u00e9bats, les \u00e9lus du groupe Union centriste (UC), \u00e0 l\u2019initiative du texte, se sont voulus rassurants en soulignant que leur d\u00e9marche visait simplement \u00e0 depuis plusieurs d\u00e9cennies. Mais la gauche et l\u2019ensemble des syndicats redoutent qu\u2019une n\u2019ait \u00e9t\u00e9 ouverte dans la r\u00e9glementation, avec le risque qu\u2019elle s\u2019\u00e9largisse au fil des ans. La proposition de loi en question a \u00e9t\u00e9 d\u00e9pos\u00e9e \u00e0 la fin avril par Herv\u00e9 Marseille, le pr\u00e9sident du groupe UC au Palais du Luxembourg, et sa coll\u00e8gue de Vend\u00e9e, Annick Billon. Ils s\u2019\u00e9taient \u00e9mus que des patrons de boulangerie et de boutique de fleurs aient \u00e9t\u00e9 verbalis\u00e9s par l\u2019inspection du travail pour avoir fait venir leurs collaborateurs un 1er-Mai. Si de telles sanctions ont \u00e9t\u00e9 prononc\u00e9es, c\u2019est parce que la loi pr\u00e9voit que cette journ\u00e9e est f\u00e9ri\u00e9e et ch\u00f4m\u00e9e. Il existe toutefois des exceptions pour certaines activit\u00e9s qui, de par leur (\u2026),. Elles n\u2019ont jamais \u00e9t\u00e9 r\u00e9pertori\u00e9es dans une liste, \u00e0 ce stade, mais englobent, de fa\u00e7on certaine, les agents des \u00e9tablissements de sant\u00e9 et m\u00e9dico-sociaux, les pompiers, les forces de l\u2019ordre, les personnels de soci\u00e9t\u00e9s de transports et de maintenance,\u00a0etc. Il vous reste 73.6% de cet article \u00e0 lire. La suite est r\u00e9serv\u00e9e aux abonn\u00e9s.\",\"breadcrumb\":{\"@id\":\"https:\/\/vof-news.eu\/fr\/travail-le-1%e1%b5%89%ca%b3-mai-la-crainte-dune-breche-appelee-a-selargir\/#breadcrumb\"},\"inLanguage\":\"fr-FR\",\"potentialAction\":[{\"@type\":\"ReadAction\",\"target\":[\"https:\/\/vof-news.eu\/fr\/travail-le-1%e1%b5%89%ca%b3-mai-la-crainte-dune-breche-appelee-a-selargir\/\"]}]},{\"@type\":\"ImageObject\",\"inLanguage\":\"fr-FR\",\"@id\":\"https:\/\/vof-news.eu\/fr\/travail-le-1%e1%b5%89%ca%b3-mai-la-crainte-dune-breche-appelee-a-selargir\/#primaryimage\",\"url\":\"https:\/\/vof-news.eu\/wp-content\/uploads\/2025\/07\/f6cf1ea_upload-1-4pn8ceevnl7r-000-62p88fl.jpg\",\"contentUrl\":\"https:\/\/vof-news.eu\/wp-content\/uploads\/2025\/07\/f6cf1ea_upload-1-4pn8ceevnl7r-000-62p88fl.jpg\",\"width\":664,\"height\":443},{\"@type\":\"BreadcrumbList\",\"@id\":\"https:\/\/vof-news.eu\/fr\/travail-le-1%e1%b5%89%ca%b3-mai-la-crainte-dune-breche-appelee-a-selargir\/#breadcrumb\",\"itemListElement\":[{\"@type\":\"ListItem\",\"position\":1,\"name\":\"Home\",\"item\":\"https:\/\/vof-news.eu\/fr\/\"},{\"@type\":\"ListItem\",\"position\":2,\"name\":\"Travail le 1\u1d49\u02b3-Mai\u00a0: la crainte d\u2019une \u00ab\u00a0br\u00e8che\u00a0\u00bb appel\u00e9e \u00e0 s\u2019\u00e9largir\"}]},{\"@type\":\"WebSite\",\"@id\":\"https:\/\/vof-news.eu\/fr\/#website\",\"url\":\"https:\/\/vof-news.eu\/fr\/\",\"name\":\"vof-news.eu\",\"description\":\"\",\"potentialAction\":[{\"@type\":\"SearchAction\",\"target\":{\"@type\":\"EntryPoint\",\"urlTemplate\":\"https:\/\/vof-news.eu\/fr\/?s={search_term_string}\"},\"query-input\":\"required name=search_term_string\"}],\"inLanguage\":\"fr-FR\"},{\"@type\":\"Person\",\"@id\":\"https:\/\/vof-news.eu\/fr\/#\/schema\/person\/f6a2a4309f0561835797fd8c19b333ed\",\"name\":\"Author\",\"image\":{\"@type\":\"ImageObject\",\"inLanguage\":\"fr-FR\",\"@id\":\"https:\/\/vof-news.eu\/fr\/#\/schema\/person\/image\/\",\"url\":\"https:\/\/secure.gravatar.com\/avatar\/b67e614b1b25b3e9c0c239efdd2fde5ab015b5affd6f1c3c85911ca4b384e790?s=96&d=mm&r=g\",\"contentUrl\":\"https:\/\/secure.gravatar.com\/avatar\/b67e614b1b25b3e9c0c239efdd2fde5ab015b5affd6f1c3c85911ca4b384e790?s=96&d=mm&r=g\",\"caption\":\"Author\"},\"sameAs\":[\"http:\/\/vof-news.eu\"],\"url\":\"https:\/\/vof-news.eu\/fr\/author\/zwt6qxnjulxbnyg\/\"}]}<\/script>\n<!-- \/ Yoast SEO plugin. -->","yoast_head_json":{"title":"Travail le 1\u1d49\u02b3-Mai\u00a0: la crainte d\u2019une \u00ab\u00a0br\u00e8che\u00a0\u00bb appel\u00e9e \u00e0 s\u2019\u00e9largir - vof-news.eu","description":"R\u00e9gularisation d\u2019usages anciens ou d\u00e9r\u00e9gulation susceptible de faire tache d\u2019huile\u00a0? Adopt\u00e9e, jeudi 3\u00a0juillet, par le S\u00e9nat, la proposition de loi qui permet \u00e0 certaines entreprises d\u2019employer leurs salari\u00e9s le 1er-Mai a un impact dont l\u2019ampleur n\u2019est pas \u00e9vidente \u00e0 cerner. Tout au long des d\u00e9bats, les \u00e9lus du groupe Union centriste (UC), \u00e0 l\u2019initiative du texte, se sont voulus rassurants en soulignant que leur d\u00e9marche visait simplement \u00e0 depuis plusieurs d\u00e9cennies. Mais la gauche et l\u2019ensemble des syndicats redoutent qu\u2019une n\u2019ait \u00e9t\u00e9 ouverte dans la r\u00e9glementation, avec le risque qu\u2019elle s\u2019\u00e9largisse au fil des ans. La proposition de loi en question a \u00e9t\u00e9 d\u00e9pos\u00e9e \u00e0 la fin avril par Herv\u00e9 Marseille, le pr\u00e9sident du groupe UC au Palais du Luxembourg, et sa coll\u00e8gue de Vend\u00e9e, Annick Billon. Ils s\u2019\u00e9taient \u00e9mus que des patrons de boulangerie et de boutique de fleurs aient \u00e9t\u00e9 verbalis\u00e9s par l\u2019inspection du travail pour avoir fait venir leurs collaborateurs un 1er-Mai. Si de telles sanctions ont \u00e9t\u00e9 prononc\u00e9es, c\u2019est parce que la loi pr\u00e9voit que cette journ\u00e9e est f\u00e9ri\u00e9e et ch\u00f4m\u00e9e. Il existe toutefois des exceptions pour certaines activit\u00e9s qui, de par leur (\u2026),. Elles n\u2019ont jamais \u00e9t\u00e9 r\u00e9pertori\u00e9es dans une liste, \u00e0 ce stade, mais englobent, de fa\u00e7on certaine, les agents des \u00e9tablissements de sant\u00e9 et m\u00e9dico-sociaux, les pompiers, les forces de l\u2019ordre, les personnels de soci\u00e9t\u00e9s de transports et de maintenance,\u00a0etc. Il vous reste 73.6% de cet article \u00e0 lire. La suite est r\u00e9serv\u00e9e aux abonn\u00e9s.","robots":{"index":"noindex","follow":"follow","max-snippet":"max-snippet:-1","max-image-preview":"max-image-preview:large","max-video-preview":"max-video-preview:-1"},"og_locale":"fr_FR","og_type":"article","og_title":"Travail le 1\u1d49\u02b3-Mai\u00a0: la crainte d\u2019une \u00ab\u00a0br\u00e8che\u00a0\u00bb appel\u00e9e \u00e0 s\u2019\u00e9largir - vof-news.eu","og_description":"R\u00e9gularisation d\u2019usages anciens ou d\u00e9r\u00e9gulation susceptible de faire tache d\u2019huile\u00a0? Adopt\u00e9e, jeudi 3\u00a0juillet, par le S\u00e9nat, la proposition de loi qui permet \u00e0 certaines entreprises d\u2019employer leurs salari\u00e9s le 1er-Mai a un impact dont l\u2019ampleur n\u2019est pas \u00e9vidente \u00e0 cerner. Tout au long des d\u00e9bats, les \u00e9lus du groupe Union centriste (UC), \u00e0 l\u2019initiative du texte, se sont voulus rassurants en soulignant que leur d\u00e9marche visait simplement \u00e0 depuis plusieurs d\u00e9cennies. Mais la gauche et l\u2019ensemble des syndicats redoutent qu\u2019une n\u2019ait \u00e9t\u00e9 ouverte dans la r\u00e9glementation, avec le risque qu\u2019elle s\u2019\u00e9largisse au fil des ans. La proposition de loi en question a \u00e9t\u00e9 d\u00e9pos\u00e9e \u00e0 la fin avril par Herv\u00e9 Marseille, le pr\u00e9sident du groupe UC au Palais du Luxembourg, et sa coll\u00e8gue de Vend\u00e9e, Annick Billon. Ils s\u2019\u00e9taient \u00e9mus que des patrons de boulangerie et de boutique de fleurs aient \u00e9t\u00e9 verbalis\u00e9s par l\u2019inspection du travail pour avoir fait venir leurs collaborateurs un 1er-Mai. Si de telles sanctions ont \u00e9t\u00e9 prononc\u00e9es, c\u2019est parce que la loi pr\u00e9voit que cette journ\u00e9e est f\u00e9ri\u00e9e et ch\u00f4m\u00e9e. Il existe toutefois des exceptions pour certaines activit\u00e9s qui, de par leur (\u2026),. Elles n\u2019ont jamais \u00e9t\u00e9 r\u00e9pertori\u00e9es dans une liste, \u00e0 ce stade, mais englobent, de fa\u00e7on certaine, les agents des \u00e9tablissements de sant\u00e9 et m\u00e9dico-sociaux, les pompiers, les forces de l\u2019ordre, les personnels de soci\u00e9t\u00e9s de transports et de maintenance,\u00a0etc. Il vous reste 73.6% de cet article \u00e0 lire. La suite est r\u00e9serv\u00e9e aux abonn\u00e9s.","og_url":"https:\/\/vof-news.eu\/fr\/travail-le-1%e1%b5%89%ca%b3-mai-la-crainte-dune-breche-appelee-a-selargir\/","og_site_name":"vof-news.eu","article_published_time":"2025-07-04T14:31:55+00:00","article_modified_time":"2025-07-04T14:32:24+00:00","og_image":[{"width":664,"height":443,"url":"https:\/\/vof-news.eu\/wp-content\/uploads\/2025\/07\/f6cf1ea_upload-1-4pn8ceevnl7r-000-62p88fl.jpg","type":"image\/jpeg"}],"author":"Author","twitter_card":"summary_large_image","twitter_misc":{"\u00c9crit par":"Author","Dur\u00e9e de lecture estim\u00e9e":"1 minute"},"schema":{"@context":"https:\/\/schema.org","@graph":[{"@type":"WebPage","@id":"https:\/\/vof-news.eu\/fr\/travail-le-1%e1%b5%89%ca%b3-mai-la-crainte-dune-breche-appelee-a-selargir\/","url":"https:\/\/vof-news.eu\/fr\/travail-le-1%e1%b5%89%ca%b3-mai-la-crainte-dune-breche-appelee-a-selargir\/","name":"Travail le 1\u1d49\u02b3-Mai\u00a0: la crainte d\u2019une \u00ab\u00a0br\u00e8che\u00a0\u00bb appel\u00e9e \u00e0 s\u2019\u00e9largir - vof-news.eu","isPartOf":{"@id":"https:\/\/vof-news.eu\/fr\/#website"},"primaryImageOfPage":{"@id":"https:\/\/vof-news.eu\/fr\/travail-le-1%e1%b5%89%ca%b3-mai-la-crainte-dune-breche-appelee-a-selargir\/#primaryimage"},"image":{"@id":"https:\/\/vof-news.eu\/fr\/travail-le-1%e1%b5%89%ca%b3-mai-la-crainte-dune-breche-appelee-a-selargir\/#primaryimage"},"thumbnailUrl":"https:\/\/vof-news.eu\/wp-content\/uploads\/2025\/07\/f6cf1ea_upload-1-4pn8ceevnl7r-000-62p88fl.jpg","datePublished":"2025-07-04T14:31:55+00:00","dateModified":"2025-07-04T14:32:24+00:00","author":{"@id":"https:\/\/vof-news.eu\/fr\/#\/schema\/person\/f6a2a4309f0561835797fd8c19b333ed"},"description":"R\u00e9gularisation d\u2019usages anciens ou d\u00e9r\u00e9gulation susceptible de faire tache d\u2019huile\u00a0? Adopt\u00e9e, jeudi 3\u00a0juillet, par le S\u00e9nat, la proposition de loi qui permet \u00e0 certaines entreprises d\u2019employer leurs salari\u00e9s le 1er-Mai a un impact dont l\u2019ampleur n\u2019est pas \u00e9vidente \u00e0 cerner. Tout au long des d\u00e9bats, les \u00e9lus du groupe Union centriste (UC), \u00e0 l\u2019initiative du texte, se sont voulus rassurants en soulignant que leur d\u00e9marche visait simplement \u00e0 depuis plusieurs d\u00e9cennies. Mais la gauche et l\u2019ensemble des syndicats redoutent qu\u2019une n\u2019ait \u00e9t\u00e9 ouverte dans la r\u00e9glementation, avec le risque qu\u2019elle s\u2019\u00e9largisse au fil des ans. La proposition de loi en question a \u00e9t\u00e9 d\u00e9pos\u00e9e \u00e0 la fin avril par Herv\u00e9 Marseille, le pr\u00e9sident du groupe UC au Palais du Luxembourg, et sa coll\u00e8gue de Vend\u00e9e, Annick Billon. Ils s\u2019\u00e9taient \u00e9mus que des patrons de boulangerie et de boutique de fleurs aient \u00e9t\u00e9 verbalis\u00e9s par l\u2019inspection du travail pour avoir fait venir leurs collaborateurs un 1er-Mai. Si de telles sanctions ont \u00e9t\u00e9 prononc\u00e9es, c\u2019est parce que la loi pr\u00e9voit que cette journ\u00e9e est f\u00e9ri\u00e9e et ch\u00f4m\u00e9e. Il existe toutefois des exceptions pour certaines activit\u00e9s qui, de par leur (\u2026),. Elles n\u2019ont jamais \u00e9t\u00e9 r\u00e9pertori\u00e9es dans une liste, \u00e0 ce stade, mais englobent, de fa\u00e7on certaine, les agents des \u00e9tablissements de sant\u00e9 et m\u00e9dico-sociaux, les pompiers, les forces de l\u2019ordre, les personnels de soci\u00e9t\u00e9s de transports et de maintenance,\u00a0etc. Il vous reste 73.6% de cet article \u00e0 lire. La suite est r\u00e9serv\u00e9e aux abonn\u00e9s.","breadcrumb":{"@id":"https:\/\/vof-news.eu\/fr\/travail-le-1%e1%b5%89%ca%b3-mai-la-crainte-dune-breche-appelee-a-selargir\/#breadcrumb"},"inLanguage":"fr-FR","potentialAction":[{"@type":"ReadAction","target":["https:\/\/vof-news.eu\/fr\/travail-le-1%e1%b5%89%ca%b3-mai-la-crainte-dune-breche-appelee-a-selargir\/"]}]},{"@type":"ImageObject","inLanguage":"fr-FR","@id":"https:\/\/vof-news.eu\/fr\/travail-le-1%e1%b5%89%ca%b3-mai-la-crainte-dune-breche-appelee-a-selargir\/#primaryimage","url":"https:\/\/vof-news.eu\/wp-content\/uploads\/2025\/07\/f6cf1ea_upload-1-4pn8ceevnl7r-000-62p88fl.jpg","contentUrl":"https:\/\/vof-news.eu\/wp-content\/uploads\/2025\/07\/f6cf1ea_upload-1-4pn8ceevnl7r-000-62p88fl.jpg","width":664,"height":443},{"@type":"BreadcrumbList","@id":"https:\/\/vof-news.eu\/fr\/travail-le-1%e1%b5%89%ca%b3-mai-la-crainte-dune-breche-appelee-a-selargir\/#breadcrumb","itemListElement":[{"@type":"ListItem","position":1,"name":"Home","item":"https:\/\/vof-news.eu\/fr\/"},{"@type":"ListItem","position":2,"name":"Travail le 1\u1d49\u02b3-Mai\u00a0: la crainte d\u2019une \u00ab\u00a0br\u00e8che\u00a0\u00bb appel\u00e9e \u00e0 s\u2019\u00e9largir"}]},{"@type":"WebSite","@id":"https:\/\/vof-news.eu\/fr\/#website","url":"https:\/\/vof-news.eu\/fr\/","name":"vof-news.eu","description":"","potentialAction":[{"@type":"SearchAction","target":{"@type":"EntryPoint","urlTemplate":"https:\/\/vof-news.eu\/fr\/?s={search_term_string}"},"query-input":"required name=search_term_string"}],"inLanguage":"fr-FR"},{"@type":"Person","@id":"https:\/\/vof-news.eu\/fr\/#\/schema\/person\/f6a2a4309f0561835797fd8c19b333ed","name":"Author","image":{"@type":"ImageObject","inLanguage":"fr-FR","@id":"https:\/\/vof-news.eu\/fr\/#\/schema\/person\/image\/","url":"https:\/\/secure.gravatar.com\/avatar\/b67e614b1b25b3e9c0c239efdd2fde5ab015b5affd6f1c3c85911ca4b384e790?s=96&d=mm&r=g","contentUrl":"https:\/\/secure.gravatar.com\/avatar\/b67e614b1b25b3e9c0c239efdd2fde5ab015b5affd6f1c3c85911ca4b384e790?s=96&d=mm&r=g","caption":"Author"},"sameAs":["http:\/\/vof-news.eu"],"url":"https:\/\/vof-news.eu\/fr\/author\/zwt6qxnjulxbnyg\/"}]}},"yoast_meta":{"yoast_wpseo_title":"","yoast_wpseo_metadesc":"","yoast_wpseo_canonical":""},"_links":{"self":[{"href":"https:\/\/vof-news.eu\/fr\/wp-json\/wp\/v2\/posts\/247113","targetHints":{"allow":["GET"]}}],"collection":[{"href":"https:\/\/vof-news.eu\/fr\/wp-json\/wp\/v2\/posts"}],"about":[{"href":"https:\/\/vof-news.eu\/fr\/wp-json\/wp\/v2\/types\/post"}],"author":[{"embeddable":true,"href":"https:\/\/vof-news.eu\/fr\/wp-json\/wp\/v2\/users\/1"}],"replies":[{"embeddable":true,"href":"https:\/\/vof-news.eu\/fr\/wp-json\/wp\/v2\/comments?post=247113"}],"version-history":[{"count":1,"href":"https:\/\/vof-news.eu\/fr\/wp-json\/wp\/v2\/posts\/247113\/revisions"}],"predecessor-version":[{"id":247120,"href":"https:\/\/vof-news.eu\/fr\/wp-json\/wp\/v2\/posts\/247113\/revisions\/247120"}],"wp:featuredmedia":[{"embeddable":true,"href":"https:\/\/vof-news.eu\/fr\/wp-json\/wp\/v2\/media\/247114"}],"wp:attachment":[{"href":"https:\/\/vof-news.eu\/fr\/wp-json\/wp\/v2\/media?parent=247113"}],"wp:term":[{"taxonomy":"category","embeddable":true,"href":"https:\/\/vof-news.eu\/fr\/wp-json\/wp\/v2\/categories?post=247113"},{"taxonomy":"post_tag","embeddable":true,"href":"https:\/\/vof-news.eu\/fr\/wp-json\/wp\/v2\/tags?post=247113"}],"curies":[{"name":"wp","href":"https:\/\/api.w.org\/{rel}","templated":true}]}}