{"id":247053,"date":"2025-07-04T15:33:00","date_gmt":"2025-07-04T12:33:00","guid":{"rendered":"https:\/\/vof-news.eu\/sur-lenergie-lintrouvable-feuille-de-route-de-la-france\/"},"modified":"2025-07-04T15:33:27","modified_gmt":"2025-07-04T12:33:27","slug":"sur-lenergie-lintrouvable-feuille-de-route-de-la-france","status":"publish","type":"post","link":"https:\/\/vof-news.eu\/fr\/sur-lenergie-lintrouvable-feuille-de-route-de-la-france\/","title":{"rendered":"Sur l\u2019\u00e9nergie, l\u2019introuvable feuille de route de la France"},"content":{"rendered":"<article>\n<p><span>A<\/span>pr\u00e8s quatre jours d\u2019examen chaotique de <a href=\"https:\/\/www.lemonde.fr\/politique\/article\/2025\/06\/24\/energie-et-climat-le-rejet-annonce-de-la-proposition-de-loi-gremillet-a-l-issue-d-un-parcours-chaotique-a-l-assemblee_6615553_823448.html\" rel=\"nofollow\">la proposition de loi de programmation \u00e9nergie-climat \u00e0 l\u2019Assembl\u00e9e nationale<\/a>, une grande partie des d\u00e9put\u00e9s a fini par s\u2019entendre sur un point\u00a0: \u00e0 l\u2019heure du vote solennel, mardi 24\u00a0juin, beaucoup ont convenu que le texte issu des d\u00e9bats \u00e9tait ,  et , et surtout . R\u00e9ouverture de la centrale nucl\u00e9aire de Fessenheim (Haut-Rhin), sortie des r\u00e8gles du march\u00e9 europ\u00e9en, transformation du statut d\u2019EDF\u2026 et, surtout, moratoire sur le solaire et l\u2019\u00e9olien\u00a0: les diff\u00e9rentes forces ont \u00e9num\u00e9r\u00e9 ce qui leur apparaissait comme des . Seule l\u2019extr\u00eame droite a vot\u00e9 en faveur du texte, la droite pr\u00e9f\u00e9rant s\u2019abstenir.<\/p>\n<section>   <\/section>\n<p>Rejet\u00e9e par les d\u00e9put\u00e9s, la proposition va poursuivre son parcours parlementaire et revenir devant les s\u00e9nateurs le 8\u00a0juillet. Mais m\u00eame si les \u00e9lus et le gouvernement parviennent \u00e0 redresser la barre, l\u2019\u00e9chec patent de l\u2019Assembl\u00e9e \u00e0 tracer un cap \u00e9nerg\u00e9tique clair est inqui\u00e9tant. Le contraste entre l\u2019urgence sans cesse r\u00e9affirm\u00e9e \u00e0 se d\u00e9barrasser du p\u00e9trole et du gaz pour lutter contre la crise climatique \u2013 des scientifiques assurent d\u00e9sormais que <a href=\"https:\/\/www.lemonde.fr\/planete\/article\/2025\/06\/19\/limiter-le-rechauffement-climatique-a-1-5-c-est-desormais-inatteignable_6614266_3244.html\" rel=\"nofollow\">limiter le r\u00e9chauffement \u00e0 1,5\u00a0\u00b0C est hors d\u2019atteinte<\/a> \u2013 et l\u2019incapacit\u00e9 du pays \u00e0 se doter d\u2019une strat\u00e9gie sur le sujet est particuli\u00e8rement frappant.<\/p>\n<p>Comment en est-on arriv\u00e9 l\u00e0\u00a0? D\u00e8s f\u00e9vrier\u00a02022,<a href=\"https:\/\/www.lemonde.fr\/politique\/article\/2022\/02\/10\/nucleaire-eoliennes-ce-qu-il-faut-retenir-de-l-intervention-d-emmanuel-macron_6113168_823448.html\" rel=\"nofollow\"> dans son discours de Belfort, Emmanuel Macron<\/a> annonce son plan\u00a0: relance du nucl\u00e9aire, d\u00e9veloppement des renouvelables et baisse de la consommation. Le code de l\u2019\u00e9nergie, recueil du droit sur le sujet, pr\u00e9voit que cette volont\u00e9 pr\u00e9sidentielle soit traduite dans une loi de programmation, d\u00e9finissant les grandes priorit\u00e9s, qui doit \u00eatre adopt\u00e9e au plus tard le 1<sup>er\u00a0<\/sup>juillet\u00a02023. Celle-ci\u00a0doit se traduire dans la foul\u00e9e par une feuille de route op\u00e9rationnelle, la troisi\u00e8me \u00e9dition \u2013 apr\u00e8s celles de 2016 et 2020 \u2013 de la programmation pluriannuelle de l\u2019\u00e9nergie fixant les objectifs par fili\u00e8re.<\/p>\n<p><strong>Il vous reste 67.74% de cet article \u00e0 lire. La suite est r\u00e9serv\u00e9e aux abonn\u00e9s.<\/strong><\/p>\n<\/article>\n","protected":false},"excerpt":{"rendered":"<p>Apr\u00e8s quatre jours d\u2019examen chaotique de la proposition de loi de programmation \u00e9nergie-climat \u00e0 l\u2019Assembl\u00e9e nationale, une grande partie des d\u00e9put\u00e9s a fini par s\u2019entendre sur un point\u00a0: \u00e0 l\u2019heure du vote solennel, mardi 24\u00a0juin, beaucoup ont convenu que le texte issu des d\u00e9bats \u00e9tait , et , et surtout . R\u00e9ouverture de la centrale<\/p>\n","protected":false},"author":1,"featured_media":0,"comment_status":"open","ping_status":"open","sticky":false,"template":"","format":"standard","meta":{"footnotes":""},"categories":[68],"tags":[],"class_list":["post-247053","post","type-post","status-publish","format-standard","hentry","category-politics-fr"],"acf":[],"yoast_head":"<!-- This site is optimized with the Yoast SEO plugin v22.9 - https:\/\/yoast.com\/wordpress\/plugins\/seo\/ -->\n<title>Sur l\u2019\u00e9nergie, l\u2019introuvable feuille de route de la France - vof-news.eu<\/title>\n<meta name=\"description\" content=\"Apr\u00e8s quatre jours d\u2019examen chaotique de la proposition de loi de programmation \u00e9nergie-climat \u00e0 l\u2019Assembl\u00e9e nationale, une grande partie des d\u00e9put\u00e9s a fini par s\u2019entendre sur un point\u00a0: \u00e0 l\u2019heure du vote solennel, mardi 24\u00a0juin, beaucoup ont convenu que le texte issu des d\u00e9bats \u00e9tait , et , et surtout . R\u00e9ouverture de la centrale nucl\u00e9aire de Fessenheim (Haut-Rhin), sortie des r\u00e8gles du march\u00e9 europ\u00e9en, transformation du statut d\u2019EDF\u2026 et, surtout, moratoire sur le solaire et l\u2019\u00e9olien\u00a0: les diff\u00e9rentes forces ont \u00e9num\u00e9r\u00e9 ce qui leur apparaissait comme des . Seule l\u2019extr\u00eame droite a vot\u00e9 en faveur du texte, la droite pr\u00e9f\u00e9rant s\u2019abstenir.   Rejet\u00e9e par les d\u00e9put\u00e9s, la proposition va poursuivre son parcours parlementaire et revenir devant les s\u00e9nateurs le 8\u00a0juillet. Mais m\u00eame si les \u00e9lus et le gouvernement parviennent \u00e0 redresser la barre, l\u2019\u00e9chec patent de l\u2019Assembl\u00e9e \u00e0 tracer un cap \u00e9nerg\u00e9tique clair est inqui\u00e9tant. Le contraste entre l\u2019urgence sans cesse r\u00e9affirm\u00e9e \u00e0 se d\u00e9barrasser du p\u00e9trole et du gaz pour lutter contre la crise climatique \u2013 des scientifiques assurent d\u00e9sormais que limiter le r\u00e9chauffement \u00e0 1,5\u00a0\u00b0C est hors d\u2019atteinte \u2013 et l\u2019incapacit\u00e9 du pays \u00e0 se doter d\u2019une strat\u00e9gie sur le sujet est particuli\u00e8rement frappant. Comment en est-on arriv\u00e9 l\u00e0\u00a0? D\u00e8s f\u00e9vrier\u00a02022, dans son discours de Belfort, Emmanuel Macron annonce son plan\u00a0: relance du nucl\u00e9aire, d\u00e9veloppement des renouvelables et baisse de la consommation. Le code de l\u2019\u00e9nergie, recueil du droit sur le sujet, pr\u00e9voit que cette volont\u00e9 pr\u00e9sidentielle soit traduite dans une loi de programmation, d\u00e9finissant les grandes priorit\u00e9s, qui doit \u00eatre adopt\u00e9e au plus tard le 1er\u00a0juillet\u00a02023. Celle-ci\u00a0doit se traduire dans la foul\u00e9e par une feuille de route op\u00e9rationnelle, la troisi\u00e8me \u00e9dition \u2013 apr\u00e8s celles de 2016 et 2020 \u2013 de la programmation pluriannuelle de l\u2019\u00e9nergie fixant les objectifs par fili\u00e8re. Il vous reste 67.74% de cet article \u00e0 lire. La suite est r\u00e9serv\u00e9e aux abonn\u00e9s.\" \/>\n<meta name=\"robots\" content=\"noindex, follow, max-snippet:-1, max-image-preview:large, max-video-preview:-1\" \/>\n<meta property=\"og:locale\" content=\"fr_FR\" \/>\n<meta property=\"og:type\" content=\"article\" \/>\n<meta property=\"og:title\" content=\"Sur l\u2019\u00e9nergie, l\u2019introuvable feuille de route de la France - vof-news.eu\" \/>\n<meta property=\"og:description\" content=\"Apr\u00e8s quatre jours d\u2019examen chaotique de la proposition de loi de programmation \u00e9nergie-climat \u00e0 l\u2019Assembl\u00e9e nationale, une grande partie des d\u00e9put\u00e9s a fini par s\u2019entendre sur un point\u00a0: \u00e0 l\u2019heure du vote solennel, mardi 24\u00a0juin, beaucoup ont convenu que le texte issu des d\u00e9bats \u00e9tait , et , et surtout . R\u00e9ouverture de la centrale nucl\u00e9aire de Fessenheim (Haut-Rhin), sortie des r\u00e8gles du march\u00e9 europ\u00e9en, transformation du statut d\u2019EDF\u2026 et, surtout, moratoire sur le solaire et l\u2019\u00e9olien\u00a0: les diff\u00e9rentes forces ont \u00e9num\u00e9r\u00e9 ce qui leur apparaissait comme des . Seule l\u2019extr\u00eame droite a vot\u00e9 en faveur du texte, la droite pr\u00e9f\u00e9rant s\u2019abstenir.   Rejet\u00e9e par les d\u00e9put\u00e9s, la proposition va poursuivre son parcours parlementaire et revenir devant les s\u00e9nateurs le 8\u00a0juillet. Mais m\u00eame si les \u00e9lus et le gouvernement parviennent \u00e0 redresser la barre, l\u2019\u00e9chec patent de l\u2019Assembl\u00e9e \u00e0 tracer un cap \u00e9nerg\u00e9tique clair est inqui\u00e9tant. Le contraste entre l\u2019urgence sans cesse r\u00e9affirm\u00e9e \u00e0 se d\u00e9barrasser du p\u00e9trole et du gaz pour lutter contre la crise climatique \u2013 des scientifiques assurent d\u00e9sormais que limiter le r\u00e9chauffement \u00e0 1,5\u00a0\u00b0C est hors d\u2019atteinte \u2013 et l\u2019incapacit\u00e9 du pays \u00e0 se doter d\u2019une strat\u00e9gie sur le sujet est particuli\u00e8rement frappant. Comment en est-on arriv\u00e9 l\u00e0\u00a0? D\u00e8s f\u00e9vrier\u00a02022, dans son discours de Belfort, Emmanuel Macron annonce son plan\u00a0: relance du nucl\u00e9aire, d\u00e9veloppement des renouvelables et baisse de la consommation. Le code de l\u2019\u00e9nergie, recueil du droit sur le sujet, pr\u00e9voit que cette volont\u00e9 pr\u00e9sidentielle soit traduite dans une loi de programmation, d\u00e9finissant les grandes priorit\u00e9s, qui doit \u00eatre adopt\u00e9e au plus tard le 1er\u00a0juillet\u00a02023. Celle-ci\u00a0doit se traduire dans la foul\u00e9e par une feuille de route op\u00e9rationnelle, la troisi\u00e8me \u00e9dition \u2013 apr\u00e8s celles de 2016 et 2020 \u2013 de la programmation pluriannuelle de l\u2019\u00e9nergie fixant les objectifs par fili\u00e8re. Il vous reste 67.74% de cet article \u00e0 lire. La suite est r\u00e9serv\u00e9e aux abonn\u00e9s.\" \/>\n<meta property=\"og:url\" content=\"https:\/\/vof-news.eu\/fr\/sur-lenergie-lintrouvable-feuille-de-route-de-la-france\/\" \/>\n<meta property=\"og:site_name\" content=\"vof-news.eu\" \/>\n<meta property=\"article:published_time\" content=\"2025-07-04T12:33:00+00:00\" \/>\n<meta property=\"article:modified_time\" content=\"2025-07-04T12:33:27+00:00\" \/>\n<meta name=\"author\" content=\"Author\" \/>\n<meta name=\"twitter:card\" content=\"summary_large_image\" \/>\n<meta name=\"twitter:label1\" content=\"\u00c9crit par\" \/>\n\t<meta name=\"twitter:data1\" content=\"Author\" \/>\n\t<meta name=\"twitter:label2\" content=\"Dur\u00e9e de lecture estim\u00e9e\" \/>\n\t<meta name=\"twitter:data2\" content=\"2 minutes\" \/>\n<script type=\"application\/ld+json\" class=\"yoast-schema-graph\">{\"@context\":\"https:\/\/schema.org\",\"@graph\":[{\"@type\":\"WebPage\",\"@id\":\"https:\/\/vof-news.eu\/fr\/sur-lenergie-lintrouvable-feuille-de-route-de-la-france\/\",\"url\":\"https:\/\/vof-news.eu\/fr\/sur-lenergie-lintrouvable-feuille-de-route-de-la-france\/\",\"name\":\"Sur l\u2019\u00e9nergie, l\u2019introuvable feuille de route de la France - vof-news.eu\",\"isPartOf\":{\"@id\":\"https:\/\/vof-news.eu\/fr\/#website\"},\"datePublished\":\"2025-07-04T12:33:00+00:00\",\"dateModified\":\"2025-07-04T12:33:27+00:00\",\"author\":{\"@id\":\"https:\/\/vof-news.eu\/fr\/#\/schema\/person\/f6a2a4309f0561835797fd8c19b333ed\"},\"description\":\"Apr\u00e8s quatre jours d\u2019examen chaotique de la proposition de loi de programmation \u00e9nergie-climat \u00e0 l\u2019Assembl\u00e9e nationale, une grande partie des d\u00e9put\u00e9s a fini par s\u2019entendre sur un point\u00a0: \u00e0 l\u2019heure du vote solennel, mardi 24\u00a0juin, beaucoup ont convenu que le texte issu des d\u00e9bats \u00e9tait , et , et surtout . R\u00e9ouverture de la centrale nucl\u00e9aire de Fessenheim (Haut-Rhin), sortie des r\u00e8gles du march\u00e9 europ\u00e9en, transformation du statut d\u2019EDF\u2026 et, surtout, moratoire sur le solaire et l\u2019\u00e9olien\u00a0: les diff\u00e9rentes forces ont \u00e9num\u00e9r\u00e9 ce qui leur apparaissait comme des . Seule l\u2019extr\u00eame droite a vot\u00e9 en faveur du texte, la droite pr\u00e9f\u00e9rant s\u2019abstenir. Rejet\u00e9e par les d\u00e9put\u00e9s, la proposition va poursuivre son parcours parlementaire et revenir devant les s\u00e9nateurs le 8\u00a0juillet. Mais m\u00eame si les \u00e9lus et le gouvernement parviennent \u00e0 redresser la barre, l\u2019\u00e9chec patent de l\u2019Assembl\u00e9e \u00e0 tracer un cap \u00e9nerg\u00e9tique clair est inqui\u00e9tant. Le contraste entre l\u2019urgence sans cesse r\u00e9affirm\u00e9e \u00e0 se d\u00e9barrasser du p\u00e9trole et du gaz pour lutter contre la crise climatique \u2013 des scientifiques assurent d\u00e9sormais que limiter le r\u00e9chauffement \u00e0 1,5\u00a0\u00b0C est hors d\u2019atteinte \u2013 et l\u2019incapacit\u00e9 du pays \u00e0 se doter d\u2019une strat\u00e9gie sur le sujet est particuli\u00e8rement frappant. Comment en est-on arriv\u00e9 l\u00e0\u00a0? D\u00e8s f\u00e9vrier\u00a02022, dans son discours de Belfort, Emmanuel Macron annonce son plan\u00a0: relance du nucl\u00e9aire, d\u00e9veloppement des renouvelables et baisse de la consommation. Le code de l\u2019\u00e9nergie, recueil du droit sur le sujet, pr\u00e9voit que cette volont\u00e9 pr\u00e9sidentielle soit traduite dans une loi de programmation, d\u00e9finissant les grandes priorit\u00e9s, qui doit \u00eatre adopt\u00e9e au plus tard le 1er\u00a0juillet\u00a02023. Celle-ci\u00a0doit se traduire dans la foul\u00e9e par une feuille de route op\u00e9rationnelle, la troisi\u00e8me \u00e9dition \u2013 apr\u00e8s celles de 2016 et 2020 \u2013 de la programmation pluriannuelle de l\u2019\u00e9nergie fixant les objectifs par fili\u00e8re. Il vous reste 67.74% de cet article \u00e0 lire. La suite est r\u00e9serv\u00e9e aux abonn\u00e9s.\",\"breadcrumb\":{\"@id\":\"https:\/\/vof-news.eu\/fr\/sur-lenergie-lintrouvable-feuille-de-route-de-la-france\/#breadcrumb\"},\"inLanguage\":\"fr-FR\",\"potentialAction\":[{\"@type\":\"ReadAction\",\"target\":[\"https:\/\/vof-news.eu\/fr\/sur-lenergie-lintrouvable-feuille-de-route-de-la-france\/\"]}]},{\"@type\":\"BreadcrumbList\",\"@id\":\"https:\/\/vof-news.eu\/fr\/sur-lenergie-lintrouvable-feuille-de-route-de-la-france\/#breadcrumb\",\"itemListElement\":[{\"@type\":\"ListItem\",\"position\":1,\"name\":\"Home\",\"item\":\"https:\/\/vof-news.eu\/fr\/\"},{\"@type\":\"ListItem\",\"position\":2,\"name\":\"Sur l\u2019\u00e9nergie, l\u2019introuvable feuille de route de la France\"}]},{\"@type\":\"WebSite\",\"@id\":\"https:\/\/vof-news.eu\/fr\/#website\",\"url\":\"https:\/\/vof-news.eu\/fr\/\",\"name\":\"vof-news.eu\",\"description\":\"\",\"potentialAction\":[{\"@type\":\"SearchAction\",\"target\":{\"@type\":\"EntryPoint\",\"urlTemplate\":\"https:\/\/vof-news.eu\/fr\/?s={search_term_string}\"},\"query-input\":\"required name=search_term_string\"}],\"inLanguage\":\"fr-FR\"},{\"@type\":\"Person\",\"@id\":\"https:\/\/vof-news.eu\/fr\/#\/schema\/person\/f6a2a4309f0561835797fd8c19b333ed\",\"name\":\"Author\",\"image\":{\"@type\":\"ImageObject\",\"inLanguage\":\"fr-FR\",\"@id\":\"https:\/\/vof-news.eu\/fr\/#\/schema\/person\/image\/\",\"url\":\"https:\/\/secure.gravatar.com\/avatar\/b67e614b1b25b3e9c0c239efdd2fde5ab015b5affd6f1c3c85911ca4b384e790?s=96&d=mm&r=g\",\"contentUrl\":\"https:\/\/secure.gravatar.com\/avatar\/b67e614b1b25b3e9c0c239efdd2fde5ab015b5affd6f1c3c85911ca4b384e790?s=96&d=mm&r=g\",\"caption\":\"Author\"},\"sameAs\":[\"http:\/\/vof-news.eu\"],\"url\":\"https:\/\/vof-news.eu\/fr\/author\/zwt6qxnjulxbnyg\/\"}]}<\/script>\n<!-- \/ Yoast SEO plugin. -->","yoast_head_json":{"title":"Sur l\u2019\u00e9nergie, l\u2019introuvable feuille de route de la France - vof-news.eu","description":"Apr\u00e8s quatre jours d\u2019examen chaotique de la proposition de loi de programmation \u00e9nergie-climat \u00e0 l\u2019Assembl\u00e9e nationale, une grande partie des d\u00e9put\u00e9s a fini par s\u2019entendre sur un point\u00a0: \u00e0 l\u2019heure du vote solennel, mardi 24\u00a0juin, beaucoup ont convenu que le texte issu des d\u00e9bats \u00e9tait , et , et surtout . R\u00e9ouverture de la centrale nucl\u00e9aire de Fessenheim (Haut-Rhin), sortie des r\u00e8gles du march\u00e9 europ\u00e9en, transformation du statut d\u2019EDF\u2026 et, surtout, moratoire sur le solaire et l\u2019\u00e9olien\u00a0: les diff\u00e9rentes forces ont \u00e9num\u00e9r\u00e9 ce qui leur apparaissait comme des . Seule l\u2019extr\u00eame droite a vot\u00e9 en faveur du texte, la droite pr\u00e9f\u00e9rant s\u2019abstenir.   Rejet\u00e9e par les d\u00e9put\u00e9s, la proposition va poursuivre son parcours parlementaire et revenir devant les s\u00e9nateurs le 8\u00a0juillet. Mais m\u00eame si les \u00e9lus et le gouvernement parviennent \u00e0 redresser la barre, l\u2019\u00e9chec patent de l\u2019Assembl\u00e9e \u00e0 tracer un cap \u00e9nerg\u00e9tique clair est inqui\u00e9tant. Le contraste entre l\u2019urgence sans cesse r\u00e9affirm\u00e9e \u00e0 se d\u00e9barrasser du p\u00e9trole et du gaz pour lutter contre la crise climatique \u2013 des scientifiques assurent d\u00e9sormais que limiter le r\u00e9chauffement \u00e0 1,5\u00a0\u00b0C est hors d\u2019atteinte \u2013 et l\u2019incapacit\u00e9 du pays \u00e0 se doter d\u2019une strat\u00e9gie sur le sujet est particuli\u00e8rement frappant. Comment en est-on arriv\u00e9 l\u00e0\u00a0? D\u00e8s f\u00e9vrier\u00a02022, dans son discours de Belfort, Emmanuel Macron annonce son plan\u00a0: relance du nucl\u00e9aire, d\u00e9veloppement des renouvelables et baisse de la consommation. Le code de l\u2019\u00e9nergie, recueil du droit sur le sujet, pr\u00e9voit que cette volont\u00e9 pr\u00e9sidentielle soit traduite dans une loi de programmation, d\u00e9finissant les grandes priorit\u00e9s, qui doit \u00eatre adopt\u00e9e au plus tard le 1er\u00a0juillet\u00a02023. Celle-ci\u00a0doit se traduire dans la foul\u00e9e par une feuille de route op\u00e9rationnelle, la troisi\u00e8me \u00e9dition \u2013 apr\u00e8s celles de 2016 et 2020 \u2013 de la programmation pluriannuelle de l\u2019\u00e9nergie fixant les objectifs par fili\u00e8re. Il vous reste 67.74% de cet article \u00e0 lire. La suite est r\u00e9serv\u00e9e aux abonn\u00e9s.","robots":{"index":"noindex","follow":"follow","max-snippet":"max-snippet:-1","max-image-preview":"max-image-preview:large","max-video-preview":"max-video-preview:-1"},"og_locale":"fr_FR","og_type":"article","og_title":"Sur l\u2019\u00e9nergie, l\u2019introuvable feuille de route de la France - vof-news.eu","og_description":"Apr\u00e8s quatre jours d\u2019examen chaotique de la proposition de loi de programmation \u00e9nergie-climat \u00e0 l\u2019Assembl\u00e9e nationale, une grande partie des d\u00e9put\u00e9s a fini par s\u2019entendre sur un point\u00a0: \u00e0 l\u2019heure du vote solennel, mardi 24\u00a0juin, beaucoup ont convenu que le texte issu des d\u00e9bats \u00e9tait , et , et surtout . R\u00e9ouverture de la centrale nucl\u00e9aire de Fessenheim (Haut-Rhin), sortie des r\u00e8gles du march\u00e9 europ\u00e9en, transformation du statut d\u2019EDF\u2026 et, surtout, moratoire sur le solaire et l\u2019\u00e9olien\u00a0: les diff\u00e9rentes forces ont \u00e9num\u00e9r\u00e9 ce qui leur apparaissait comme des . Seule l\u2019extr\u00eame droite a vot\u00e9 en faveur du texte, la droite pr\u00e9f\u00e9rant s\u2019abstenir.   Rejet\u00e9e par les d\u00e9put\u00e9s, la proposition va poursuivre son parcours parlementaire et revenir devant les s\u00e9nateurs le 8\u00a0juillet. Mais m\u00eame si les \u00e9lus et le gouvernement parviennent \u00e0 redresser la barre, l\u2019\u00e9chec patent de l\u2019Assembl\u00e9e \u00e0 tracer un cap \u00e9nerg\u00e9tique clair est inqui\u00e9tant. Le contraste entre l\u2019urgence sans cesse r\u00e9affirm\u00e9e \u00e0 se d\u00e9barrasser du p\u00e9trole et du gaz pour lutter contre la crise climatique \u2013 des scientifiques assurent d\u00e9sormais que limiter le r\u00e9chauffement \u00e0 1,5\u00a0\u00b0C est hors d\u2019atteinte \u2013 et l\u2019incapacit\u00e9 du pays \u00e0 se doter d\u2019une strat\u00e9gie sur le sujet est particuli\u00e8rement frappant. Comment en est-on arriv\u00e9 l\u00e0\u00a0? D\u00e8s f\u00e9vrier\u00a02022, dans son discours de Belfort, Emmanuel Macron annonce son plan\u00a0: relance du nucl\u00e9aire, d\u00e9veloppement des renouvelables et baisse de la consommation. Le code de l\u2019\u00e9nergie, recueil du droit sur le sujet, pr\u00e9voit que cette volont\u00e9 pr\u00e9sidentielle soit traduite dans une loi de programmation, d\u00e9finissant les grandes priorit\u00e9s, qui doit \u00eatre adopt\u00e9e au plus tard le 1er\u00a0juillet\u00a02023. Celle-ci\u00a0doit se traduire dans la foul\u00e9e par une feuille de route op\u00e9rationnelle, la troisi\u00e8me \u00e9dition \u2013 apr\u00e8s celles de 2016 et 2020 \u2013 de la programmation pluriannuelle de l\u2019\u00e9nergie fixant les objectifs par fili\u00e8re. Il vous reste 67.74% de cet article \u00e0 lire. La suite est r\u00e9serv\u00e9e aux abonn\u00e9s.","og_url":"https:\/\/vof-news.eu\/fr\/sur-lenergie-lintrouvable-feuille-de-route-de-la-france\/","og_site_name":"vof-news.eu","article_published_time":"2025-07-04T12:33:00+00:00","article_modified_time":"2025-07-04T12:33:27+00:00","author":"Author","twitter_card":"summary_large_image","twitter_misc":{"\u00c9crit par":"Author","Dur\u00e9e de lecture estim\u00e9e":"2 minutes"},"schema":{"@context":"https:\/\/schema.org","@graph":[{"@type":"WebPage","@id":"https:\/\/vof-news.eu\/fr\/sur-lenergie-lintrouvable-feuille-de-route-de-la-france\/","url":"https:\/\/vof-news.eu\/fr\/sur-lenergie-lintrouvable-feuille-de-route-de-la-france\/","name":"Sur l\u2019\u00e9nergie, l\u2019introuvable feuille de route de la France - vof-news.eu","isPartOf":{"@id":"https:\/\/vof-news.eu\/fr\/#website"},"datePublished":"2025-07-04T12:33:00+00:00","dateModified":"2025-07-04T12:33:27+00:00","author":{"@id":"https:\/\/vof-news.eu\/fr\/#\/schema\/person\/f6a2a4309f0561835797fd8c19b333ed"},"description":"Apr\u00e8s quatre jours d\u2019examen chaotique de la proposition de loi de programmation \u00e9nergie-climat \u00e0 l\u2019Assembl\u00e9e nationale, une grande partie des d\u00e9put\u00e9s a fini par s\u2019entendre sur un point\u00a0: \u00e0 l\u2019heure du vote solennel, mardi 24\u00a0juin, beaucoup ont convenu que le texte issu des d\u00e9bats \u00e9tait , et , et surtout . R\u00e9ouverture de la centrale nucl\u00e9aire de Fessenheim (Haut-Rhin), sortie des r\u00e8gles du march\u00e9 europ\u00e9en, transformation du statut d\u2019EDF\u2026 et, surtout, moratoire sur le solaire et l\u2019\u00e9olien\u00a0: les diff\u00e9rentes forces ont \u00e9num\u00e9r\u00e9 ce qui leur apparaissait comme des . Seule l\u2019extr\u00eame droite a vot\u00e9 en faveur du texte, la droite pr\u00e9f\u00e9rant s\u2019abstenir. Rejet\u00e9e par les d\u00e9put\u00e9s, la proposition va poursuivre son parcours parlementaire et revenir devant les s\u00e9nateurs le 8\u00a0juillet. Mais m\u00eame si les \u00e9lus et le gouvernement parviennent \u00e0 redresser la barre, l\u2019\u00e9chec patent de l\u2019Assembl\u00e9e \u00e0 tracer un cap \u00e9nerg\u00e9tique clair est inqui\u00e9tant. Le contraste entre l\u2019urgence sans cesse r\u00e9affirm\u00e9e \u00e0 se d\u00e9barrasser du p\u00e9trole et du gaz pour lutter contre la crise climatique \u2013 des scientifiques assurent d\u00e9sormais que limiter le r\u00e9chauffement \u00e0 1,5\u00a0\u00b0C est hors d\u2019atteinte \u2013 et l\u2019incapacit\u00e9 du pays \u00e0 se doter d\u2019une strat\u00e9gie sur le sujet est particuli\u00e8rement frappant. Comment en est-on arriv\u00e9 l\u00e0\u00a0? D\u00e8s f\u00e9vrier\u00a02022, dans son discours de Belfort, Emmanuel Macron annonce son plan\u00a0: relance du nucl\u00e9aire, d\u00e9veloppement des renouvelables et baisse de la consommation. Le code de l\u2019\u00e9nergie, recueil du droit sur le sujet, pr\u00e9voit que cette volont\u00e9 pr\u00e9sidentielle soit traduite dans une loi de programmation, d\u00e9finissant les grandes priorit\u00e9s, qui doit \u00eatre adopt\u00e9e au plus tard le 1er\u00a0juillet\u00a02023. Celle-ci\u00a0doit se traduire dans la foul\u00e9e par une feuille de route op\u00e9rationnelle, la troisi\u00e8me \u00e9dition \u2013 apr\u00e8s celles de 2016 et 2020 \u2013 de la programmation pluriannuelle de l\u2019\u00e9nergie fixant les objectifs par fili\u00e8re. Il vous reste 67.74% de cet article \u00e0 lire. La suite est r\u00e9serv\u00e9e aux abonn\u00e9s.","breadcrumb":{"@id":"https:\/\/vof-news.eu\/fr\/sur-lenergie-lintrouvable-feuille-de-route-de-la-france\/#breadcrumb"},"inLanguage":"fr-FR","potentialAction":[{"@type":"ReadAction","target":["https:\/\/vof-news.eu\/fr\/sur-lenergie-lintrouvable-feuille-de-route-de-la-france\/"]}]},{"@type":"BreadcrumbList","@id":"https:\/\/vof-news.eu\/fr\/sur-lenergie-lintrouvable-feuille-de-route-de-la-france\/#breadcrumb","itemListElement":[{"@type":"ListItem","position":1,"name":"Home","item":"https:\/\/vof-news.eu\/fr\/"},{"@type":"ListItem","position":2,"name":"Sur l\u2019\u00e9nergie, l\u2019introuvable feuille de route de la France"}]},{"@type":"WebSite","@id":"https:\/\/vof-news.eu\/fr\/#website","url":"https:\/\/vof-news.eu\/fr\/","name":"vof-news.eu","description":"","potentialAction":[{"@type":"SearchAction","target":{"@type":"EntryPoint","urlTemplate":"https:\/\/vof-news.eu\/fr\/?s={search_term_string}"},"query-input":"required name=search_term_string"}],"inLanguage":"fr-FR"},{"@type":"Person","@id":"https:\/\/vof-news.eu\/fr\/#\/schema\/person\/f6a2a4309f0561835797fd8c19b333ed","name":"Author","image":{"@type":"ImageObject","inLanguage":"fr-FR","@id":"https:\/\/vof-news.eu\/fr\/#\/schema\/person\/image\/","url":"https:\/\/secure.gravatar.com\/avatar\/b67e614b1b25b3e9c0c239efdd2fde5ab015b5affd6f1c3c85911ca4b384e790?s=96&d=mm&r=g","contentUrl":"https:\/\/secure.gravatar.com\/avatar\/b67e614b1b25b3e9c0c239efdd2fde5ab015b5affd6f1c3c85911ca4b384e790?s=96&d=mm&r=g","caption":"Author"},"sameAs":["http:\/\/vof-news.eu"],"url":"https:\/\/vof-news.eu\/fr\/author\/zwt6qxnjulxbnyg\/"}]}},"yoast_meta":{"yoast_wpseo_title":"","yoast_wpseo_metadesc":"","yoast_wpseo_canonical":""},"_links":{"self":[{"href":"https:\/\/vof-news.eu\/fr\/wp-json\/wp\/v2\/posts\/247053","targetHints":{"allow":["GET"]}}],"collection":[{"href":"https:\/\/vof-news.eu\/fr\/wp-json\/wp\/v2\/posts"}],"about":[{"href":"https:\/\/vof-news.eu\/fr\/wp-json\/wp\/v2\/types\/post"}],"author":[{"embeddable":true,"href":"https:\/\/vof-news.eu\/fr\/wp-json\/wp\/v2\/users\/1"}],"replies":[{"embeddable":true,"href":"https:\/\/vof-news.eu\/fr\/wp-json\/wp\/v2\/comments?post=247053"}],"version-history":[{"count":1,"href":"https:\/\/vof-news.eu\/fr\/wp-json\/wp\/v2\/posts\/247053\/revisions"}],"predecessor-version":[{"id":247054,"href":"https:\/\/vof-news.eu\/fr\/wp-json\/wp\/v2\/posts\/247053\/revisions\/247054"}],"wp:attachment":[{"href":"https:\/\/vof-news.eu\/fr\/wp-json\/wp\/v2\/media?parent=247053"}],"wp:term":[{"taxonomy":"category","embeddable":true,"href":"https:\/\/vof-news.eu\/fr\/wp-json\/wp\/v2\/categories?post=247053"},{"taxonomy":"post_tag","embeddable":true,"href":"https:\/\/vof-news.eu\/fr\/wp-json\/wp\/v2\/tags?post=247053"}],"curies":[{"name":"wp","href":"https:\/\/api.w.org\/{rel}","templated":true}]}}