{"id":247045,"date":"2025-07-04T15:32:01","date_gmt":"2025-07-04T12:32:01","guid":{"rendered":"https:\/\/vof-news.eu\/municipales-a-paris-rachida-dati-et-benjamin-haddad-plaident-pour-lunion-de-la-droite-et-des-macronistes\/"},"modified":"2025-07-04T15:32:28","modified_gmt":"2025-07-04T12:32:28","slug":"municipales-a-paris-rachida-dati-et-benjamin-haddad-plaident-pour-lunion-de-la-droite-et-des-macronistes","status":"publish","type":"post","link":"https:\/\/vof-news.eu\/fr\/municipales-a-paris-rachida-dati-et-benjamin-haddad-plaident-pour-lunion-de-la-droite-et-des-macronistes\/","title":{"rendered":"Municipales \u00e0 Paris\u00a0: Rachida Dati et Benjamin Haddad plaident pour l\u2019union de la droite et des macronistes"},"content":{"rendered":"<article>\n<p>Candidate \u00e0 la mairie de Paris en\u00a02026, la ministre de la culture, Rachida Dati, a plaid\u00e9, vendredi 4\u00a0juillet, pour l\u2019union de la droite et des macronistes dans la capitale en vue des municipales, aux c\u00f4t\u00e9s de son coll\u00e8gue Renaissance, Benjamin Haddad. A neuf mois du scrutin, il n\u2019est cependant pas acquis que les macronistes se rangent d\u2019un bloc derri\u00e8re M<sup>me\u00a0<\/sup>Dati, dont la personnalit\u00e9 et la ligne divise au sein du camp pr\u00e9sidentiel.<\/p>\n<p>Le parti n\u2019a pas encore d\u00e9fini sa strat\u00e9gie pour la capitale, alors qu\u2019une frange des militants, notamment dans le noyau historique, pourrait soutenir l\u2019autre candidat du bloc central Pierre-Yves Bournazel (Horizons) qui a lanc\u00e9 sa campagne d\u00e9but juin. Une d\u00e9cision doit \u00eatre prise d\u2019ici \u00e0 la fin de l\u2019\u00e9t\u00e9 sur le sujet.<\/p>\n<p>, a jur\u00e9 M<sup>me\u00a0<\/sup>Dati devant quelques dizaines de militants Les R\u00e9publicains (LR) et Renaissance, au petit matin dans un caf\u00e9 du 16<sup>e\u00a0<\/sup>arrondissement. , a-t-elle insist\u00e9. A ses c\u00f4t\u00e9s, le ministre des affaires europ\u00e9ennes, Benjamin Haddad, a acquiesc\u00e9, martelant deux mots,  et , et d\u00e9non\u00e7ant .<\/p>\n<section>   <\/section>\n<h2>\u00ab\u00a0On n\u2019a aucun int\u00e9r\u00eat \u00e0 s\u2019entraver\u00a0\u00bb<\/h2>\n<p>M\u00eame si cette ex-ministre de Nicolas Sarkozy jure  \u00e9ternelles \u00e0 Emmanuel Macron, qu\u2019elle a rejoint par surprise au d\u00e9but de l\u2019ann\u00e9e 2024, il subsiste des inimiti\u00e9s de la campagne \u00e0 couteaux tir\u00e9s qu\u2019elle a men\u00e9e en\u00a02020 contre la candidate du camp pr\u00e9sidentiel, Agn\u00e8s Buzyn.<\/p>\n<p>Sans compter les affaires judiciaires qui lestent la candidature de Rachida Dati. <a href=\"https:\/\/www.lemonde.fr\/societe\/article\/2025\/06\/26\/rachida-dati-echoue-a-obtenir-l-annulation-du-requisitoire-du-parquet-national-financier-dans-l-affaire-ghosn_6615965_3224.html\" rel=\"nofollow\">La cour d\u2019appel de Paris a notamment rejet\u00e9 fin juin la requ\u00eate de Rachida Dati, qui demandait l\u2019annulation du r\u00e9quisitoire d\u00e9finitif du Parquet national financier (PNF) r\u00e9clamant qu\u2019elle soit jug\u00e9e pour corruption et trafic d\u2019influence<\/a>, aux c\u00f4t\u00e9s de l\u2019ex-patron de Renault-Nissan Carlos Ghosn.<\/p>\n<p>Mais flotte l\u2019id\u00e9e dans les rangs du camp pr\u00e9sidentiel que M<sup>me\u00a0<\/sup>Dati a d\u00e9j\u00e0 obtenu l\u2019aval d\u2019Emmanuel Macron. Dans des extraits sonores diffus\u00e9s d\u00e9but juin parFrance\u00a02, la ministre de la culture affirme, notamment \u00e0 des \u00e9lus parisiens LR, avoir eu  du pr\u00e9sident d\u2019\u00eatre la  \u00e0 Paris.<\/p>\n<p>warrior [combattante], a d\u00e9clar\u00e9 vendredi M.\u00a0Haddad pour qui celle qui a \u00e9t\u00e9 \u00e9lue \u00e0 trois reprises maire du 7<sup>e\u00a0<\/sup>arrondissement  au sein du \u00ab\u00a0socle commun\u00a0\u00bb pour 2026. La ministre de la culture a, elle, affirm\u00e9  le secr\u00e9taire g\u00e9n\u00e9ral de Renaissance, Gabriel Attal. , a-t-elle insist\u00e9.<\/p>\n<section>  <a href=\"https:\/\/www.lemonde.fr\/newsletters\/politique\/\" rel=\"nofollow\">    <\/a> <\/section>\n<p>Elle a plut\u00f4t r\u00e9serv\u00e9 ses attaques pour un autre membre LR\u00a0: le s\u00e9nateur Francis Szpiner, candidat \u00e0 l\u2019investiture du parti de droite pour les municipales. , , a raill\u00e9 M<sup>me\u00a0<\/sup>Dati.<\/p>\n<section>   <\/section>\n<section>\n<p> <span>Le Monde avec AFP<\/span> <\/p>\n<\/section>\n<section>\n<section>\n<header>   <\/header>\n<section>\n<section> <a href=\"https:\/\/abo.lemonde.fr\/?lmd_medium=BOUTONS_LMFR&amp;lmd_campaign=CONTRIBUTION_ARTICLE\" rel=\"nofollow\">S\u2019abonner<\/a> <\/section>\n<\/section>\n<section><\/section>\n<\/section>\n<p>Contribuer<\/p>\n<p> <a href=\"https:\/\/www.lemonde.fr\/syndication\/\" rel=\"nofollow\">R\u00e9utiliser ce contenu<\/a> <\/section>\n<\/article>\n","protected":false},"excerpt":{"rendered":"<p>Candidate \u00e0 la mairie de Paris en\u00a02026, la ministre de la culture, Rachida Dati, a plaid\u00e9, vendredi 4\u00a0juillet, pour l\u2019union de la droite et des macronistes dans la capitale en vue des municipales, aux c\u00f4t\u00e9s de son coll\u00e8gue Renaissance, Benjamin Haddad. A neuf mois du scrutin, il n\u2019est cependant pas acquis que les macronistes se<\/p>\n","protected":false},"author":1,"featured_media":247046,"comment_status":"open","ping_status":"open","sticky":false,"template":"","format":"standard","meta":{"footnotes":""},"categories":[68],"tags":[],"class_list":["post-247045","post","type-post","status-publish","format-standard","has-post-thumbnail","hentry","category-politics-fr"],"acf":[],"yoast_head":"<!-- This site is optimized with the Yoast SEO plugin v22.9 - https:\/\/yoast.com\/wordpress\/plugins\/seo\/ -->\n<title>Municipales \u00e0 Paris\u00a0: Rachida Dati et Benjamin Haddad plaident pour l\u2019union de la droite et des macronistes - vof-news.eu<\/title>\n<meta name=\"description\" content=\"Candidate \u00e0 la mairie de Paris en\u00a02026, la ministre de la culture, Rachida Dati, a plaid\u00e9, vendredi 4\u00a0juillet, pour l\u2019union de la droite et des macronistes dans la capitale en vue des municipales, aux c\u00f4t\u00e9s de son coll\u00e8gue Renaissance, Benjamin Haddad. A neuf mois du scrutin, il n\u2019est cependant pas acquis que les macronistes se rangent d\u2019un bloc derri\u00e8re Mme\u00a0Dati, dont la personnalit\u00e9 et la ligne divise au sein du camp pr\u00e9sidentiel. Le parti n\u2019a pas encore d\u00e9fini sa strat\u00e9gie pour la capitale, alors qu\u2019une frange des militants, notamment dans le noyau historique, pourrait soutenir l\u2019autre candidat du bloc central Pierre-Yves Bournazel (Horizons) qui a lanc\u00e9 sa campagne d\u00e9but juin. Une d\u00e9cision doit \u00eatre prise d\u2019ici \u00e0 la fin de l\u2019\u00e9t\u00e9 sur le sujet. , a jur\u00e9 Mme\u00a0Dati devant quelques dizaines de militants Les R\u00e9publicains (LR) et Renaissance, au petit matin dans un caf\u00e9 du 16e\u00a0arrondissement. , a-t-elle insist\u00e9. A ses c\u00f4t\u00e9s, le ministre des affaires europ\u00e9ennes, Benjamin Haddad, a acquiesc\u00e9, martelant deux mots, et , et d\u00e9non\u00e7ant .   \u00ab\u00a0On n\u2019a aucun int\u00e9r\u00eat \u00e0 s\u2019entraver\u00a0\u00bb M\u00eame si cette ex-ministre de Nicolas Sarkozy jure \u00e9ternelles \u00e0 Emmanuel Macron, qu\u2019elle a rejoint par surprise au d\u00e9but de l\u2019ann\u00e9e 2024, il subsiste des inimiti\u00e9s de la campagne \u00e0 couteaux tir\u00e9s qu\u2019elle a men\u00e9e en\u00a02020 contre la candidate du camp pr\u00e9sidentiel, Agn\u00e8s Buzyn. Sans compter les affaires judiciaires qui lestent la candidature de Rachida Dati. La cour d\u2019appel de Paris a notamment rejet\u00e9 fin juin la requ\u00eate de Rachida Dati, qui demandait l\u2019annulation du r\u00e9quisitoire d\u00e9finitif du Parquet national financier (PNF) r\u00e9clamant qu\u2019elle soit jug\u00e9e pour corruption et trafic d\u2019influence, aux c\u00f4t\u00e9s de l\u2019ex-patron de Renault-Nissan Carlos Ghosn. Mais flotte l\u2019id\u00e9e dans les rangs du camp pr\u00e9sidentiel que Mme\u00a0Dati a d\u00e9j\u00e0 obtenu l\u2019aval d\u2019Emmanuel Macron. Dans des extraits sonores diffus\u00e9s d\u00e9but juin parFrance\u00a02, la ministre de la culture affirme, notamment \u00e0 des \u00e9lus parisiens LR, avoir eu du pr\u00e9sident d\u2019\u00eatre la \u00e0 Paris. warrior [combattante], a d\u00e9clar\u00e9 vendredi M.\u00a0Haddad pour qui celle qui a \u00e9t\u00e9 \u00e9lue \u00e0 trois reprises maire du 7e\u00a0arrondissement au sein du \u00ab\u00a0socle commun\u00a0\u00bb pour 2026. La ministre de la culture a, elle, affirm\u00e9 le secr\u00e9taire g\u00e9n\u00e9ral de Renaissance, Gabriel Attal. , a-t-elle insist\u00e9.     Elle a plut\u00f4t r\u00e9serv\u00e9 ses attaques pour un autre membre LR\u00a0: le s\u00e9nateur Francis Szpiner, candidat \u00e0 l\u2019investiture du parti de droite pour les municipales. , , a raill\u00e9 Mme\u00a0Dati.    Le Monde avec AFP      S\u2019abonner   Contribuer R\u00e9utiliser ce contenu\" \/>\n<meta name=\"robots\" content=\"noindex, follow, max-snippet:-1, max-image-preview:large, max-video-preview:-1\" \/>\n<meta property=\"og:locale\" content=\"fr_FR\" \/>\n<meta property=\"og:type\" content=\"article\" \/>\n<meta property=\"og:title\" content=\"Municipales \u00e0 Paris\u00a0: Rachida Dati et Benjamin Haddad plaident pour l\u2019union de la droite et des macronistes - vof-news.eu\" \/>\n<meta property=\"og:description\" content=\"Candidate \u00e0 la mairie de Paris en\u00a02026, la ministre de la culture, Rachida Dati, a plaid\u00e9, vendredi 4\u00a0juillet, pour l\u2019union de la droite et des macronistes dans la capitale en vue des municipales, aux c\u00f4t\u00e9s de son coll\u00e8gue Renaissance, Benjamin Haddad. A neuf mois du scrutin, il n\u2019est cependant pas acquis que les macronistes se rangent d\u2019un bloc derri\u00e8re Mme\u00a0Dati, dont la personnalit\u00e9 et la ligne divise au sein du camp pr\u00e9sidentiel. Le parti n\u2019a pas encore d\u00e9fini sa strat\u00e9gie pour la capitale, alors qu\u2019une frange des militants, notamment dans le noyau historique, pourrait soutenir l\u2019autre candidat du bloc central Pierre-Yves Bournazel (Horizons) qui a lanc\u00e9 sa campagne d\u00e9but juin. Une d\u00e9cision doit \u00eatre prise d\u2019ici \u00e0 la fin de l\u2019\u00e9t\u00e9 sur le sujet. , a jur\u00e9 Mme\u00a0Dati devant quelques dizaines de militants Les R\u00e9publicains (LR) et Renaissance, au petit matin dans un caf\u00e9 du 16e\u00a0arrondissement. , a-t-elle insist\u00e9. A ses c\u00f4t\u00e9s, le ministre des affaires europ\u00e9ennes, Benjamin Haddad, a acquiesc\u00e9, martelant deux mots, et , et d\u00e9non\u00e7ant .   \u00ab\u00a0On n\u2019a aucun int\u00e9r\u00eat \u00e0 s\u2019entraver\u00a0\u00bb M\u00eame si cette ex-ministre de Nicolas Sarkozy jure \u00e9ternelles \u00e0 Emmanuel Macron, qu\u2019elle a rejoint par surprise au d\u00e9but de l\u2019ann\u00e9e 2024, il subsiste des inimiti\u00e9s de la campagne \u00e0 couteaux tir\u00e9s qu\u2019elle a men\u00e9e en\u00a02020 contre la candidate du camp pr\u00e9sidentiel, Agn\u00e8s Buzyn. Sans compter les affaires judiciaires qui lestent la candidature de Rachida Dati. La cour d\u2019appel de Paris a notamment rejet\u00e9 fin juin la requ\u00eate de Rachida Dati, qui demandait l\u2019annulation du r\u00e9quisitoire d\u00e9finitif du Parquet national financier (PNF) r\u00e9clamant qu\u2019elle soit jug\u00e9e pour corruption et trafic d\u2019influence, aux c\u00f4t\u00e9s de l\u2019ex-patron de Renault-Nissan Carlos Ghosn. Mais flotte l\u2019id\u00e9e dans les rangs du camp pr\u00e9sidentiel que Mme\u00a0Dati a d\u00e9j\u00e0 obtenu l\u2019aval d\u2019Emmanuel Macron. Dans des extraits sonores diffus\u00e9s d\u00e9but juin parFrance\u00a02, la ministre de la culture affirme, notamment \u00e0 des \u00e9lus parisiens LR, avoir eu du pr\u00e9sident d\u2019\u00eatre la \u00e0 Paris. warrior [combattante], a d\u00e9clar\u00e9 vendredi M.\u00a0Haddad pour qui celle qui a \u00e9t\u00e9 \u00e9lue \u00e0 trois reprises maire du 7e\u00a0arrondissement au sein du \u00ab\u00a0socle commun\u00a0\u00bb pour 2026. La ministre de la culture a, elle, affirm\u00e9 le secr\u00e9taire g\u00e9n\u00e9ral de Renaissance, Gabriel Attal. , a-t-elle insist\u00e9.     Elle a plut\u00f4t r\u00e9serv\u00e9 ses attaques pour un autre membre LR\u00a0: le s\u00e9nateur Francis Szpiner, candidat \u00e0 l\u2019investiture du parti de droite pour les municipales. , , a raill\u00e9 Mme\u00a0Dati.    Le Monde avec AFP      S\u2019abonner   Contribuer R\u00e9utiliser ce contenu\" \/>\n<meta property=\"og:url\" content=\"https:\/\/vof-news.eu\/fr\/municipales-a-paris-rachida-dati-et-benjamin-haddad-plaident-pour-lunion-de-la-droite-et-des-macronistes\/\" \/>\n<meta property=\"og:site_name\" content=\"vof-news.eu\" \/>\n<meta property=\"article:published_time\" content=\"2025-07-04T12:32:01+00:00\" \/>\n<meta property=\"article:modified_time\" content=\"2025-07-04T12:32:28+00:00\" \/>\n<meta property=\"og:image\" content=\"https:\/\/vof-news.eu\/wp-content\/uploads\/2025\/07\/0432714_ftp-import-images-1-ja3wzyizysky-2025-07-02t104213z-1961809315-rc29efae9q7l-rtrmadp-3-france-politics.jpg\" \/>\n\t<meta property=\"og:image:width\" content=\"664\" \/>\n\t<meta property=\"og:image:height\" content=\"442\" \/>\n\t<meta property=\"og:image:type\" content=\"image\/jpeg\" \/>\n<meta name=\"author\" content=\"Author\" \/>\n<meta name=\"twitter:card\" content=\"summary_large_image\" \/>\n<meta name=\"twitter:label1\" content=\"\u00c9crit par\" \/>\n\t<meta name=\"twitter:data1\" content=\"Author\" \/>\n\t<meta name=\"twitter:label2\" content=\"Dur\u00e9e de lecture estim\u00e9e\" \/>\n\t<meta name=\"twitter:data2\" content=\"2 minutes\" \/>\n<script type=\"application\/ld+json\" class=\"yoast-schema-graph\">{\"@context\":\"https:\/\/schema.org\",\"@graph\":[{\"@type\":\"WebPage\",\"@id\":\"https:\/\/vof-news.eu\/fr\/municipales-a-paris-rachida-dati-et-benjamin-haddad-plaident-pour-lunion-de-la-droite-et-des-macronistes\/\",\"url\":\"https:\/\/vof-news.eu\/fr\/municipales-a-paris-rachida-dati-et-benjamin-haddad-plaident-pour-lunion-de-la-droite-et-des-macronistes\/\",\"name\":\"Municipales \u00e0 Paris\u00a0: Rachida Dati et Benjamin Haddad plaident pour l\u2019union de la droite et des macronistes - vof-news.eu\",\"isPartOf\":{\"@id\":\"https:\/\/vof-news.eu\/fr\/#website\"},\"primaryImageOfPage\":{\"@id\":\"https:\/\/vof-news.eu\/fr\/municipales-a-paris-rachida-dati-et-benjamin-haddad-plaident-pour-lunion-de-la-droite-et-des-macronistes\/#primaryimage\"},\"image\":{\"@id\":\"https:\/\/vof-news.eu\/fr\/municipales-a-paris-rachida-dati-et-benjamin-haddad-plaident-pour-lunion-de-la-droite-et-des-macronistes\/#primaryimage\"},\"thumbnailUrl\":\"https:\/\/vof-news.eu\/wp-content\/uploads\/2025\/07\/0432714_ftp-import-images-1-ja3wzyizysky-2025-07-02t104213z-1961809315-rc29efae9q7l-rtrmadp-3-france-politics.jpg\",\"datePublished\":\"2025-07-04T12:32:01+00:00\",\"dateModified\":\"2025-07-04T12:32:28+00:00\",\"author\":{\"@id\":\"https:\/\/vof-news.eu\/fr\/#\/schema\/person\/f6a2a4309f0561835797fd8c19b333ed\"},\"description\":\"Candidate \u00e0 la mairie de Paris en\u00a02026, la ministre de la culture, Rachida Dati, a plaid\u00e9, vendredi 4\u00a0juillet, pour l\u2019union de la droite et des macronistes dans la capitale en vue des municipales, aux c\u00f4t\u00e9s de son coll\u00e8gue Renaissance, Benjamin Haddad. A neuf mois du scrutin, il n\u2019est cependant pas acquis que les macronistes se rangent d\u2019un bloc derri\u00e8re Mme\u00a0Dati, dont la personnalit\u00e9 et la ligne divise au sein du camp pr\u00e9sidentiel. Le parti n\u2019a pas encore d\u00e9fini sa strat\u00e9gie pour la capitale, alors qu\u2019une frange des militants, notamment dans le noyau historique, pourrait soutenir l\u2019autre candidat du bloc central Pierre-Yves Bournazel (Horizons) qui a lanc\u00e9 sa campagne d\u00e9but juin. Une d\u00e9cision doit \u00eatre prise d\u2019ici \u00e0 la fin de l\u2019\u00e9t\u00e9 sur le sujet. , a jur\u00e9 Mme\u00a0Dati devant quelques dizaines de militants Les R\u00e9publicains (LR) et Renaissance, au petit matin dans un caf\u00e9 du 16e\u00a0arrondissement. , a-t-elle insist\u00e9. A ses c\u00f4t\u00e9s, le ministre des affaires europ\u00e9ennes, Benjamin Haddad, a acquiesc\u00e9, martelant deux mots, et , et d\u00e9non\u00e7ant . \u00ab\u00a0On n\u2019a aucun int\u00e9r\u00eat \u00e0 s\u2019entraver\u00a0\u00bb M\u00eame si cette ex-ministre de Nicolas Sarkozy jure \u00e9ternelles \u00e0 Emmanuel Macron, qu\u2019elle a rejoint par surprise au d\u00e9but de l\u2019ann\u00e9e 2024, il subsiste des inimiti\u00e9s de la campagne \u00e0 couteaux tir\u00e9s qu\u2019elle a men\u00e9e en\u00a02020 contre la candidate du camp pr\u00e9sidentiel, Agn\u00e8s Buzyn. Sans compter les affaires judiciaires qui lestent la candidature de Rachida Dati. La cour d\u2019appel de Paris a notamment rejet\u00e9 fin juin la requ\u00eate de Rachida Dati, qui demandait l\u2019annulation du r\u00e9quisitoire d\u00e9finitif du Parquet national financier (PNF) r\u00e9clamant qu\u2019elle soit jug\u00e9e pour corruption et trafic d\u2019influence, aux c\u00f4t\u00e9s de l\u2019ex-patron de Renault-Nissan Carlos Ghosn. Mais flotte l\u2019id\u00e9e dans les rangs du camp pr\u00e9sidentiel que Mme\u00a0Dati a d\u00e9j\u00e0 obtenu l\u2019aval d\u2019Emmanuel Macron. Dans des extraits sonores diffus\u00e9s d\u00e9but juin parFrance\u00a02, la ministre de la culture affirme, notamment \u00e0 des \u00e9lus parisiens LR, avoir eu du pr\u00e9sident d\u2019\u00eatre la \u00e0 Paris. warrior [combattante], a d\u00e9clar\u00e9 vendredi M.\u00a0Haddad pour qui celle qui a \u00e9t\u00e9 \u00e9lue \u00e0 trois reprises maire du 7e\u00a0arrondissement au sein du \u00ab\u00a0socle commun\u00a0\u00bb pour 2026. La ministre de la culture a, elle, affirm\u00e9 le secr\u00e9taire g\u00e9n\u00e9ral de Renaissance, Gabriel Attal. , a-t-elle insist\u00e9. Elle a plut\u00f4t r\u00e9serv\u00e9 ses attaques pour un autre membre LR\u00a0: le s\u00e9nateur Francis Szpiner, candidat \u00e0 l\u2019investiture du parti de droite pour les municipales. , , a raill\u00e9 Mme\u00a0Dati. Le Monde avec AFP S\u2019abonner Contribuer R\u00e9utiliser ce contenu\",\"breadcrumb\":{\"@id\":\"https:\/\/vof-news.eu\/fr\/municipales-a-paris-rachida-dati-et-benjamin-haddad-plaident-pour-lunion-de-la-droite-et-des-macronistes\/#breadcrumb\"},\"inLanguage\":\"fr-FR\",\"potentialAction\":[{\"@type\":\"ReadAction\",\"target\":[\"https:\/\/vof-news.eu\/fr\/municipales-a-paris-rachida-dati-et-benjamin-haddad-plaident-pour-lunion-de-la-droite-et-des-macronistes\/\"]}]},{\"@type\":\"ImageObject\",\"inLanguage\":\"fr-FR\",\"@id\":\"https:\/\/vof-news.eu\/fr\/municipales-a-paris-rachida-dati-et-benjamin-haddad-plaident-pour-lunion-de-la-droite-et-des-macronistes\/#primaryimage\",\"url\":\"https:\/\/vof-news.eu\/wp-content\/uploads\/2025\/07\/0432714_ftp-import-images-1-ja3wzyizysky-2025-07-02t104213z-1961809315-rc29efae9q7l-rtrmadp-3-france-politics.jpg\",\"contentUrl\":\"https:\/\/vof-news.eu\/wp-content\/uploads\/2025\/07\/0432714_ftp-import-images-1-ja3wzyizysky-2025-07-02t104213z-1961809315-rc29efae9q7l-rtrmadp-3-france-politics.jpg\",\"width\":664,\"height\":442},{\"@type\":\"BreadcrumbList\",\"@id\":\"https:\/\/vof-news.eu\/fr\/municipales-a-paris-rachida-dati-et-benjamin-haddad-plaident-pour-lunion-de-la-droite-et-des-macronistes\/#breadcrumb\",\"itemListElement\":[{\"@type\":\"ListItem\",\"position\":1,\"name\":\"Home\",\"item\":\"https:\/\/vof-news.eu\/fr\/\"},{\"@type\":\"ListItem\",\"position\":2,\"name\":\"Municipales \u00e0 Paris\u00a0: Rachida Dati et Benjamin Haddad plaident pour l\u2019union de la droite et des macronistes\"}]},{\"@type\":\"WebSite\",\"@id\":\"https:\/\/vof-news.eu\/fr\/#website\",\"url\":\"https:\/\/vof-news.eu\/fr\/\",\"name\":\"vof-news.eu\",\"description\":\"\",\"potentialAction\":[{\"@type\":\"SearchAction\",\"target\":{\"@type\":\"EntryPoint\",\"urlTemplate\":\"https:\/\/vof-news.eu\/fr\/?s={search_term_string}\"},\"query-input\":\"required name=search_term_string\"}],\"inLanguage\":\"fr-FR\"},{\"@type\":\"Person\",\"@id\":\"https:\/\/vof-news.eu\/fr\/#\/schema\/person\/f6a2a4309f0561835797fd8c19b333ed\",\"name\":\"Author\",\"image\":{\"@type\":\"ImageObject\",\"inLanguage\":\"fr-FR\",\"@id\":\"https:\/\/vof-news.eu\/fr\/#\/schema\/person\/image\/\",\"url\":\"https:\/\/secure.gravatar.com\/avatar\/b67e614b1b25b3e9c0c239efdd2fde5ab015b5affd6f1c3c85911ca4b384e790?s=96&d=mm&r=g\",\"contentUrl\":\"https:\/\/secure.gravatar.com\/avatar\/b67e614b1b25b3e9c0c239efdd2fde5ab015b5affd6f1c3c85911ca4b384e790?s=96&d=mm&r=g\",\"caption\":\"Author\"},\"sameAs\":[\"http:\/\/vof-news.eu\"],\"url\":\"https:\/\/vof-news.eu\/fr\/author\/zwt6qxnjulxbnyg\/\"}]}<\/script>\n<!-- \/ Yoast SEO plugin. -->","yoast_head_json":{"title":"Municipales \u00e0 Paris\u00a0: Rachida Dati et Benjamin Haddad plaident pour l\u2019union de la droite et des macronistes - vof-news.eu","description":"Candidate \u00e0 la mairie de Paris en\u00a02026, la ministre de la culture, Rachida Dati, a plaid\u00e9, vendredi 4\u00a0juillet, pour l\u2019union de la droite et des macronistes dans la capitale en vue des municipales, aux c\u00f4t\u00e9s de son coll\u00e8gue Renaissance, Benjamin Haddad. A neuf mois du scrutin, il n\u2019est cependant pas acquis que les macronistes se rangent d\u2019un bloc derri\u00e8re Mme\u00a0Dati, dont la personnalit\u00e9 et la ligne divise au sein du camp pr\u00e9sidentiel. Le parti n\u2019a pas encore d\u00e9fini sa strat\u00e9gie pour la capitale, alors qu\u2019une frange des militants, notamment dans le noyau historique, pourrait soutenir l\u2019autre candidat du bloc central Pierre-Yves Bournazel (Horizons) qui a lanc\u00e9 sa campagne d\u00e9but juin. Une d\u00e9cision doit \u00eatre prise d\u2019ici \u00e0 la fin de l\u2019\u00e9t\u00e9 sur le sujet. , a jur\u00e9 Mme\u00a0Dati devant quelques dizaines de militants Les R\u00e9publicains (LR) et Renaissance, au petit matin dans un caf\u00e9 du 16e\u00a0arrondissement. , a-t-elle insist\u00e9. A ses c\u00f4t\u00e9s, le ministre des affaires europ\u00e9ennes, Benjamin Haddad, a acquiesc\u00e9, martelant deux mots, et , et d\u00e9non\u00e7ant .   \u00ab\u00a0On n\u2019a aucun int\u00e9r\u00eat \u00e0 s\u2019entraver\u00a0\u00bb M\u00eame si cette ex-ministre de Nicolas Sarkozy jure \u00e9ternelles \u00e0 Emmanuel Macron, qu\u2019elle a rejoint par surprise au d\u00e9but de l\u2019ann\u00e9e 2024, il subsiste des inimiti\u00e9s de la campagne \u00e0 couteaux tir\u00e9s qu\u2019elle a men\u00e9e en\u00a02020 contre la candidate du camp pr\u00e9sidentiel, Agn\u00e8s Buzyn. Sans compter les affaires judiciaires qui lestent la candidature de Rachida Dati. La cour d\u2019appel de Paris a notamment rejet\u00e9 fin juin la requ\u00eate de Rachida Dati, qui demandait l\u2019annulation du r\u00e9quisitoire d\u00e9finitif du Parquet national financier (PNF) r\u00e9clamant qu\u2019elle soit jug\u00e9e pour corruption et trafic d\u2019influence, aux c\u00f4t\u00e9s de l\u2019ex-patron de Renault-Nissan Carlos Ghosn. Mais flotte l\u2019id\u00e9e dans les rangs du camp pr\u00e9sidentiel que Mme\u00a0Dati a d\u00e9j\u00e0 obtenu l\u2019aval d\u2019Emmanuel Macron. Dans des extraits sonores diffus\u00e9s d\u00e9but juin parFrance\u00a02, la ministre de la culture affirme, notamment \u00e0 des \u00e9lus parisiens LR, avoir eu du pr\u00e9sident d\u2019\u00eatre la \u00e0 Paris. warrior [combattante], a d\u00e9clar\u00e9 vendredi M.\u00a0Haddad pour qui celle qui a \u00e9t\u00e9 \u00e9lue \u00e0 trois reprises maire du 7e\u00a0arrondissement au sein du \u00ab\u00a0socle commun\u00a0\u00bb pour 2026. La ministre de la culture a, elle, affirm\u00e9 le secr\u00e9taire g\u00e9n\u00e9ral de Renaissance, Gabriel Attal. , a-t-elle insist\u00e9.     Elle a plut\u00f4t r\u00e9serv\u00e9 ses attaques pour un autre membre LR\u00a0: le s\u00e9nateur Francis Szpiner, candidat \u00e0 l\u2019investiture du parti de droite pour les municipales. , , a raill\u00e9 Mme\u00a0Dati.    Le Monde avec AFP      S\u2019abonner   Contribuer R\u00e9utiliser ce contenu","robots":{"index":"noindex","follow":"follow","max-snippet":"max-snippet:-1","max-image-preview":"max-image-preview:large","max-video-preview":"max-video-preview:-1"},"og_locale":"fr_FR","og_type":"article","og_title":"Municipales \u00e0 Paris\u00a0: Rachida Dati et Benjamin Haddad plaident pour l\u2019union de la droite et des macronistes - vof-news.eu","og_description":"Candidate \u00e0 la mairie de Paris en\u00a02026, la ministre de la culture, Rachida Dati, a plaid\u00e9, vendredi 4\u00a0juillet, pour l\u2019union de la droite et des macronistes dans la capitale en vue des municipales, aux c\u00f4t\u00e9s de son coll\u00e8gue Renaissance, Benjamin Haddad. A neuf mois du scrutin, il n\u2019est cependant pas acquis que les macronistes se rangent d\u2019un bloc derri\u00e8re Mme\u00a0Dati, dont la personnalit\u00e9 et la ligne divise au sein du camp pr\u00e9sidentiel. Le parti n\u2019a pas encore d\u00e9fini sa strat\u00e9gie pour la capitale, alors qu\u2019une frange des militants, notamment dans le noyau historique, pourrait soutenir l\u2019autre candidat du bloc central Pierre-Yves Bournazel (Horizons) qui a lanc\u00e9 sa campagne d\u00e9but juin. Une d\u00e9cision doit \u00eatre prise d\u2019ici \u00e0 la fin de l\u2019\u00e9t\u00e9 sur le sujet. , a jur\u00e9 Mme\u00a0Dati devant quelques dizaines de militants Les R\u00e9publicains (LR) et Renaissance, au petit matin dans un caf\u00e9 du 16e\u00a0arrondissement. , a-t-elle insist\u00e9. A ses c\u00f4t\u00e9s, le ministre des affaires europ\u00e9ennes, Benjamin Haddad, a acquiesc\u00e9, martelant deux mots, et , et d\u00e9non\u00e7ant .   \u00ab\u00a0On n\u2019a aucun int\u00e9r\u00eat \u00e0 s\u2019entraver\u00a0\u00bb M\u00eame si cette ex-ministre de Nicolas Sarkozy jure \u00e9ternelles \u00e0 Emmanuel Macron, qu\u2019elle a rejoint par surprise au d\u00e9but de l\u2019ann\u00e9e 2024, il subsiste des inimiti\u00e9s de la campagne \u00e0 couteaux tir\u00e9s qu\u2019elle a men\u00e9e en\u00a02020 contre la candidate du camp pr\u00e9sidentiel, Agn\u00e8s Buzyn. Sans compter les affaires judiciaires qui lestent la candidature de Rachida Dati. La cour d\u2019appel de Paris a notamment rejet\u00e9 fin juin la requ\u00eate de Rachida Dati, qui demandait l\u2019annulation du r\u00e9quisitoire d\u00e9finitif du Parquet national financier (PNF) r\u00e9clamant qu\u2019elle soit jug\u00e9e pour corruption et trafic d\u2019influence, aux c\u00f4t\u00e9s de l\u2019ex-patron de Renault-Nissan Carlos Ghosn. Mais flotte l\u2019id\u00e9e dans les rangs du camp pr\u00e9sidentiel que Mme\u00a0Dati a d\u00e9j\u00e0 obtenu l\u2019aval d\u2019Emmanuel Macron. Dans des extraits sonores diffus\u00e9s d\u00e9but juin parFrance\u00a02, la ministre de la culture affirme, notamment \u00e0 des \u00e9lus parisiens LR, avoir eu du pr\u00e9sident d\u2019\u00eatre la \u00e0 Paris. warrior [combattante], a d\u00e9clar\u00e9 vendredi M.\u00a0Haddad pour qui celle qui a \u00e9t\u00e9 \u00e9lue \u00e0 trois reprises maire du 7e\u00a0arrondissement au sein du \u00ab\u00a0socle commun\u00a0\u00bb pour 2026. La ministre de la culture a, elle, affirm\u00e9 le secr\u00e9taire g\u00e9n\u00e9ral de Renaissance, Gabriel Attal. , a-t-elle insist\u00e9.     Elle a plut\u00f4t r\u00e9serv\u00e9 ses attaques pour un autre membre LR\u00a0: le s\u00e9nateur Francis Szpiner, candidat \u00e0 l\u2019investiture du parti de droite pour les municipales. , , a raill\u00e9 Mme\u00a0Dati.    Le Monde avec AFP      S\u2019abonner   Contribuer R\u00e9utiliser ce contenu","og_url":"https:\/\/vof-news.eu\/fr\/municipales-a-paris-rachida-dati-et-benjamin-haddad-plaident-pour-lunion-de-la-droite-et-des-macronistes\/","og_site_name":"vof-news.eu","article_published_time":"2025-07-04T12:32:01+00:00","article_modified_time":"2025-07-04T12:32:28+00:00","og_image":[{"width":664,"height":442,"url":"https:\/\/vof-news.eu\/wp-content\/uploads\/2025\/07\/0432714_ftp-import-images-1-ja3wzyizysky-2025-07-02t104213z-1961809315-rc29efae9q7l-rtrmadp-3-france-politics.jpg","type":"image\/jpeg"}],"author":"Author","twitter_card":"summary_large_image","twitter_misc":{"\u00c9crit par":"Author","Dur\u00e9e de lecture estim\u00e9e":"2 minutes"},"schema":{"@context":"https:\/\/schema.org","@graph":[{"@type":"WebPage","@id":"https:\/\/vof-news.eu\/fr\/municipales-a-paris-rachida-dati-et-benjamin-haddad-plaident-pour-lunion-de-la-droite-et-des-macronistes\/","url":"https:\/\/vof-news.eu\/fr\/municipales-a-paris-rachida-dati-et-benjamin-haddad-plaident-pour-lunion-de-la-droite-et-des-macronistes\/","name":"Municipales \u00e0 Paris\u00a0: Rachida Dati et Benjamin Haddad plaident pour l\u2019union de la droite et des macronistes - vof-news.eu","isPartOf":{"@id":"https:\/\/vof-news.eu\/fr\/#website"},"primaryImageOfPage":{"@id":"https:\/\/vof-news.eu\/fr\/municipales-a-paris-rachida-dati-et-benjamin-haddad-plaident-pour-lunion-de-la-droite-et-des-macronistes\/#primaryimage"},"image":{"@id":"https:\/\/vof-news.eu\/fr\/municipales-a-paris-rachida-dati-et-benjamin-haddad-plaident-pour-lunion-de-la-droite-et-des-macronistes\/#primaryimage"},"thumbnailUrl":"https:\/\/vof-news.eu\/wp-content\/uploads\/2025\/07\/0432714_ftp-import-images-1-ja3wzyizysky-2025-07-02t104213z-1961809315-rc29efae9q7l-rtrmadp-3-france-politics.jpg","datePublished":"2025-07-04T12:32:01+00:00","dateModified":"2025-07-04T12:32:28+00:00","author":{"@id":"https:\/\/vof-news.eu\/fr\/#\/schema\/person\/f6a2a4309f0561835797fd8c19b333ed"},"description":"Candidate \u00e0 la mairie de Paris en\u00a02026, la ministre de la culture, Rachida Dati, a plaid\u00e9, vendredi 4\u00a0juillet, pour l\u2019union de la droite et des macronistes dans la capitale en vue des municipales, aux c\u00f4t\u00e9s de son coll\u00e8gue Renaissance, Benjamin Haddad. A neuf mois du scrutin, il n\u2019est cependant pas acquis que les macronistes se rangent d\u2019un bloc derri\u00e8re Mme\u00a0Dati, dont la personnalit\u00e9 et la ligne divise au sein du camp pr\u00e9sidentiel. Le parti n\u2019a pas encore d\u00e9fini sa strat\u00e9gie pour la capitale, alors qu\u2019une frange des militants, notamment dans le noyau historique, pourrait soutenir l\u2019autre candidat du bloc central Pierre-Yves Bournazel (Horizons) qui a lanc\u00e9 sa campagne d\u00e9but juin. Une d\u00e9cision doit \u00eatre prise d\u2019ici \u00e0 la fin de l\u2019\u00e9t\u00e9 sur le sujet. , a jur\u00e9 Mme\u00a0Dati devant quelques dizaines de militants Les R\u00e9publicains (LR) et Renaissance, au petit matin dans un caf\u00e9 du 16e\u00a0arrondissement. , a-t-elle insist\u00e9. A ses c\u00f4t\u00e9s, le ministre des affaires europ\u00e9ennes, Benjamin Haddad, a acquiesc\u00e9, martelant deux mots, et , et d\u00e9non\u00e7ant . \u00ab\u00a0On n\u2019a aucun int\u00e9r\u00eat \u00e0 s\u2019entraver\u00a0\u00bb M\u00eame si cette ex-ministre de Nicolas Sarkozy jure \u00e9ternelles \u00e0 Emmanuel Macron, qu\u2019elle a rejoint par surprise au d\u00e9but de l\u2019ann\u00e9e 2024, il subsiste des inimiti\u00e9s de la campagne \u00e0 couteaux tir\u00e9s qu\u2019elle a men\u00e9e en\u00a02020 contre la candidate du camp pr\u00e9sidentiel, Agn\u00e8s Buzyn. Sans compter les affaires judiciaires qui lestent la candidature de Rachida Dati. La cour d\u2019appel de Paris a notamment rejet\u00e9 fin juin la requ\u00eate de Rachida Dati, qui demandait l\u2019annulation du r\u00e9quisitoire d\u00e9finitif du Parquet national financier (PNF) r\u00e9clamant qu\u2019elle soit jug\u00e9e pour corruption et trafic d\u2019influence, aux c\u00f4t\u00e9s de l\u2019ex-patron de Renault-Nissan Carlos Ghosn. Mais flotte l\u2019id\u00e9e dans les rangs du camp pr\u00e9sidentiel que Mme\u00a0Dati a d\u00e9j\u00e0 obtenu l\u2019aval d\u2019Emmanuel Macron. Dans des extraits sonores diffus\u00e9s d\u00e9but juin parFrance\u00a02, la ministre de la culture affirme, notamment \u00e0 des \u00e9lus parisiens LR, avoir eu du pr\u00e9sident d\u2019\u00eatre la \u00e0 Paris. warrior [combattante], a d\u00e9clar\u00e9 vendredi M.\u00a0Haddad pour qui celle qui a \u00e9t\u00e9 \u00e9lue \u00e0 trois reprises maire du 7e\u00a0arrondissement au sein du \u00ab\u00a0socle commun\u00a0\u00bb pour 2026. La ministre de la culture a, elle, affirm\u00e9 le secr\u00e9taire g\u00e9n\u00e9ral de Renaissance, Gabriel Attal. , a-t-elle insist\u00e9. Elle a plut\u00f4t r\u00e9serv\u00e9 ses attaques pour un autre membre LR\u00a0: le s\u00e9nateur Francis Szpiner, candidat \u00e0 l\u2019investiture du parti de droite pour les municipales. , , a raill\u00e9 Mme\u00a0Dati. Le Monde avec AFP S\u2019abonner Contribuer R\u00e9utiliser ce contenu","breadcrumb":{"@id":"https:\/\/vof-news.eu\/fr\/municipales-a-paris-rachida-dati-et-benjamin-haddad-plaident-pour-lunion-de-la-droite-et-des-macronistes\/#breadcrumb"},"inLanguage":"fr-FR","potentialAction":[{"@type":"ReadAction","target":["https:\/\/vof-news.eu\/fr\/municipales-a-paris-rachida-dati-et-benjamin-haddad-plaident-pour-lunion-de-la-droite-et-des-macronistes\/"]}]},{"@type":"ImageObject","inLanguage":"fr-FR","@id":"https:\/\/vof-news.eu\/fr\/municipales-a-paris-rachida-dati-et-benjamin-haddad-plaident-pour-lunion-de-la-droite-et-des-macronistes\/#primaryimage","url":"https:\/\/vof-news.eu\/wp-content\/uploads\/2025\/07\/0432714_ftp-import-images-1-ja3wzyizysky-2025-07-02t104213z-1961809315-rc29efae9q7l-rtrmadp-3-france-politics.jpg","contentUrl":"https:\/\/vof-news.eu\/wp-content\/uploads\/2025\/07\/0432714_ftp-import-images-1-ja3wzyizysky-2025-07-02t104213z-1961809315-rc29efae9q7l-rtrmadp-3-france-politics.jpg","width":664,"height":442},{"@type":"BreadcrumbList","@id":"https:\/\/vof-news.eu\/fr\/municipales-a-paris-rachida-dati-et-benjamin-haddad-plaident-pour-lunion-de-la-droite-et-des-macronistes\/#breadcrumb","itemListElement":[{"@type":"ListItem","position":1,"name":"Home","item":"https:\/\/vof-news.eu\/fr\/"},{"@type":"ListItem","position":2,"name":"Municipales \u00e0 Paris\u00a0: Rachida Dati et Benjamin Haddad plaident pour l\u2019union de la droite et des macronistes"}]},{"@type":"WebSite","@id":"https:\/\/vof-news.eu\/fr\/#website","url":"https:\/\/vof-news.eu\/fr\/","name":"vof-news.eu","description":"","potentialAction":[{"@type":"SearchAction","target":{"@type":"EntryPoint","urlTemplate":"https:\/\/vof-news.eu\/fr\/?s={search_term_string}"},"query-input":"required name=search_term_string"}],"inLanguage":"fr-FR"},{"@type":"Person","@id":"https:\/\/vof-news.eu\/fr\/#\/schema\/person\/f6a2a4309f0561835797fd8c19b333ed","name":"Author","image":{"@type":"ImageObject","inLanguage":"fr-FR","@id":"https:\/\/vof-news.eu\/fr\/#\/schema\/person\/image\/","url":"https:\/\/secure.gravatar.com\/avatar\/b67e614b1b25b3e9c0c239efdd2fde5ab015b5affd6f1c3c85911ca4b384e790?s=96&d=mm&r=g","contentUrl":"https:\/\/secure.gravatar.com\/avatar\/b67e614b1b25b3e9c0c239efdd2fde5ab015b5affd6f1c3c85911ca4b384e790?s=96&d=mm&r=g","caption":"Author"},"sameAs":["http:\/\/vof-news.eu"],"url":"https:\/\/vof-news.eu\/fr\/author\/zwt6qxnjulxbnyg\/"}]}},"yoast_meta":{"yoast_wpseo_title":"","yoast_wpseo_metadesc":"","yoast_wpseo_canonical":""},"_links":{"self":[{"href":"https:\/\/vof-news.eu\/fr\/wp-json\/wp\/v2\/posts\/247045","targetHints":{"allow":["GET"]}}],"collection":[{"href":"https:\/\/vof-news.eu\/fr\/wp-json\/wp\/v2\/posts"}],"about":[{"href":"https:\/\/vof-news.eu\/fr\/wp-json\/wp\/v2\/types\/post"}],"author":[{"embeddable":true,"href":"https:\/\/vof-news.eu\/fr\/wp-json\/wp\/v2\/users\/1"}],"replies":[{"embeddable":true,"href":"https:\/\/vof-news.eu\/fr\/wp-json\/wp\/v2\/comments?post=247045"}],"version-history":[{"count":1,"href":"https:\/\/vof-news.eu\/fr\/wp-json\/wp\/v2\/posts\/247045\/revisions"}],"predecessor-version":[{"id":247052,"href":"https:\/\/vof-news.eu\/fr\/wp-json\/wp\/v2\/posts\/247045\/revisions\/247052"}],"wp:featuredmedia":[{"embeddable":true,"href":"https:\/\/vof-news.eu\/fr\/wp-json\/wp\/v2\/media\/247046"}],"wp:attachment":[{"href":"https:\/\/vof-news.eu\/fr\/wp-json\/wp\/v2\/media?parent=247045"}],"wp:term":[{"taxonomy":"category","embeddable":true,"href":"https:\/\/vof-news.eu\/fr\/wp-json\/wp\/v2\/categories?post=247045"},{"taxonomy":"post_tag","embeddable":true,"href":"https:\/\/vof-news.eu\/fr\/wp-json\/wp\/v2\/tags?post=247045"}],"curies":[{"name":"wp","href":"https:\/\/api.w.org\/{rel}","templated":true}]}}