{"id":246965,"date":"2025-07-04T13:32:15","date_gmt":"2025-07-04T10:32:15","guid":{"rendered":"https:\/\/vof-news.eu\/greve-des-controleurs-aeriens-un-millier-de-vols-annules-en-france-ce-vendredi-surtout-dans-les-aeroports-de-paris\/"},"modified":"2025-07-04T13:32:51","modified_gmt":"2025-07-04T10:32:51","slug":"greve-des-controleurs-aeriens-un-millier-de-vols-annules-en-france-ce-vendredi-surtout-dans-les-aeroports-de-paris","status":"publish","type":"post","link":"https:\/\/vof-news.eu\/fr\/greve-des-controleurs-aeriens-un-millier-de-vols-annules-en-france-ce-vendredi-surtout-dans-les-aeroports-de-paris\/","title":{"rendered":"Gr\u00e8ve des contr\u00f4leurs a\u00e9riens\u00a0: un millier de vols annul\u00e9s en France ce vendredi, surtout dans les a\u00e9roports de Paris"},"content":{"rendered":"<article>\n<p>A l\u2019or\u00e9e des vacances scolaires, un millier de vols sont annul\u00e9s, vendredi 4\u00a0juillet, en particulier dans les a\u00e9roports parisiens, au deuxi\u00e8me jour d\u2019une gr\u00e8ve des contr\u00f4leurs a\u00e9riens. Selon la direction g\u00e9n\u00e9rale de l\u2019aviation civile (DGAC), le taux de gr\u00e9vistes s\u2019est \u00e9tabli \u00e0 26,2\u00a0% jeudi, 272\u00a0contr\u00f4leurs (sur le millier de personnels de service) ayant pris part au mouvement.<\/p>\n<p>Le deuxi\u00e8me syndicat d\u2019aiguilleurs du ciel, l\u2019UNSA-ICNA (17\u00a0% des voix aux derni\u00e8res \u00e9lections professionnelles), a lanc\u00e9 ce mouvement pour r\u00e9clamer de meilleures conditions de travail et des effectifs plus importants. Il a \u00e9t\u00e9 rejoint par la troisi\u00e8me force syndicale de la profession, l\u2019USAC-CGT (16\u00a0%).<\/p>\n<p>Une r\u00e9forme est en cours pour \u00e9tablir un pointage des contr\u00f4leurs \u00e0 la prise de poste, \u00e0 la suite d\u2019un  \u00e0 l\u2019a\u00e9roport de Bordeaux \u00e0 la fin de 2022, quand deux avions avaient failli entrer en collision. Une enqu\u00eate avait conclu \u00e0 la responsabilit\u00e9 d\u2019une organisation d\u00e9faillante du travail des aiguilleurs, en dehors du cadre l\u00e9gal et sans respect du tableau de service.<\/p>\n<p>Parmi les griefs de l\u2019UNSA-ICNA\u00a0figurent , des outils obsol\u00e8tes et . Le premier syndicat d\u2019aiguilleurs du ciel, le SNCTA (60\u00a0% des voix), n\u2019a pas appel\u00e9 \u00e0 la gr\u00e8ve.<\/p>\n<section>   <\/section>\n<h2>\u00ab\u00a0Inacceptable\u00a0\u00bb pour le ministre des transports<\/h2>\n<p>, a d\u00e9clar\u00e9 vendredi matin, sur CNews, le ministre des transports, Philippe Tabarot. Des centaines de milliers de personnes ont d\u00e9j\u00e0 \u00e9t\u00e9 affect\u00e9es, jeudi, en France et en Europe par ce mouvement social.<\/p>\n<p>Environ 1\u00a0000\u00a0vols sont annul\u00e9s vendredi, au d\u00e9part de la France ou \u00e0 l\u2019arriv\u00e9e, selon la DGAC, contre 933 jeudi. , a d\u00e9nonc\u00e9 vendredi Laurent Abitbol, pr\u00e9sident du directoire des agences de voyages Selectour, sur France Inter. (\u2026)., a-t-il ajout\u00e9. Jeudi, le premier ministre, Fran\u00e7ois Bayrou, avait jug\u00e9 cette gr\u00e8ve ,accusant les gr\u00e9vistes de  le jour o\u00f9 .<\/p>\n<p>Les effets du mouvement se font sentir au-del\u00e0 des fronti\u00e8res nationales\u00a0: Airlines for Europe (A4E), principale association europ\u00e9enne de compagnies a\u00e9riennes, a estim\u00e9 qu\u2019en Europe 1\u00a0500 vols \u00e9taient annul\u00e9s jeudi et vendredi,  sur le Vieux Continent.<\/p>\n<p>, a affirm\u00e9 la directrice g\u00e9n\u00e9rale d\u2019A4E, Ourania Georgoutsakou.<\/p>\n<section>  <a href=\"https:\/\/www.lemonde.fr\/newsletters\/la-revue-du-monde\/\" rel=\"nofollow\">    <\/a> <\/section>\n<p><a href=\"https:\/\/www.lemonde.fr\/economie\/article\/2025\/07\/04\/greve-des-controleurs-aeriens-des-centaines-de-vols-vont-etre-annules-vendredi-notamment-dans-les-aeroports-de-paris_6617710_3235.html\" rel=\"nofollow\">Jeudi, des vols maintenus ont accus\u00e9 d\u2019importants retards, en particulier \u00e0 Nice et Marseille. A4E a chiffr\u00e9 \u00e0  cumul\u00e9es jeudi les retards en Europe,<\/a> sur pr\u00e8s de 33\u00a0000 trajets commerciaux, de nombreux avions empruntant l\u2019espace a\u00e9rien fran\u00e7ais sans forc\u00e9ment atterrir dans le pays.<\/p>\n<section>   <\/section>\n<p>La premi\u00e8re compagnie a\u00e9rienne europ\u00e9enne, Ryanair, a annonc\u00e9, jeudi, avoir d\u00fb annuler 400\u00a0vols, affectant 70\u00a0000\u00a0passagers. Son directeur g\u00e9n\u00e9ral, Michael O\u2019Leary, familier des coups d\u2019\u00e9clat, a d\u00e9nonc\u00e9 une situation provoqu\u00e9e  et exhort\u00e9 la pr\u00e9sidente de la Commission europ\u00e9enne, Ursula von der Leyen, \u00e0 r\u00e9former le contr\u00f4le a\u00e9rien en Europe ou, \u00e0 d\u00e9faut, \u00e0 d\u00e9missionner.<\/p>\n<p>La compagnie Air France a confirm\u00e9 avoir \u00e9t\u00e9 , sans pr\u00e9ciser le nombre d\u2019annulations, mais a soulign\u00e9 que tous les long-courriers \u00e9taient  jeudi et vendredi.  dans un contexte , a d\u00e9nonc\u00e9 vendredi la F\u00e9d\u00e9ration nationale de l\u2019aviation civile.<\/p>\n<section>   <\/section>\n<section>\n<p> <span>Le Monde avec AFP<\/span> <\/p>\n<\/section>\n<section>\n<section>\n<header>   <\/header>\n<section>\n<section> <a href=\"https:\/\/abo.lemonde.fr\/?lmd_medium=BOUTONS_LMFR&amp;lmd_campaign=CONTRIBUTION_ARTICLE\" rel=\"nofollow\">S\u2019abonner<\/a> <\/section>\n<\/section>\n<section><\/section>\n<\/section>\n<p>Contribuer<\/p>\n<p> <a href=\"https:\/\/www.lemonde.fr\/syndication\/\" rel=\"nofollow\">R\u00e9utiliser ce contenu<\/a> <\/section>\n<\/article>\n","protected":false},"excerpt":{"rendered":"<p>A l\u2019or\u00e9e des vacances scolaires, un millier de vols sont annul\u00e9s, vendredi 4\u00a0juillet, en particulier dans les a\u00e9roports parisiens, au deuxi\u00e8me jour d\u2019une gr\u00e8ve des contr\u00f4leurs a\u00e9riens. Selon la direction g\u00e9n\u00e9rale de l\u2019aviation civile (DGAC), le taux de gr\u00e9vistes s\u2019est \u00e9tabli \u00e0 26,2\u00a0% jeudi, 272\u00a0contr\u00f4leurs (sur le millier de personnels de service) ayant pris part<\/p>\n","protected":false},"author":1,"featured_media":246966,"comment_status":"open","ping_status":"open","sticky":false,"template":"","format":"standard","meta":{"footnotes":""},"categories":[58],"tags":[],"class_list":["post-246965","post","type-post","status-publish","format-standard","has-post-thumbnail","hentry","category-business-fr"],"acf":[],"yoast_head":"<!-- This site is optimized with the Yoast SEO plugin v22.9 - https:\/\/yoast.com\/wordpress\/plugins\/seo\/ -->\n<title>Gr\u00e8ve des contr\u00f4leurs a\u00e9riens\u00a0: un millier de vols annul\u00e9s en France ce vendredi, surtout dans les a\u00e9roports de Paris - vof-news.eu<\/title>\n<meta name=\"description\" content=\"A l\u2019or\u00e9e des vacances scolaires, un millier de vols sont annul\u00e9s, vendredi 4\u00a0juillet, en particulier dans les a\u00e9roports parisiens, au deuxi\u00e8me jour d\u2019une gr\u00e8ve des contr\u00f4leurs a\u00e9riens. Selon la direction g\u00e9n\u00e9rale de l\u2019aviation civile (DGAC), le taux de gr\u00e9vistes s\u2019est \u00e9tabli \u00e0 26,2\u00a0% jeudi, 272\u00a0contr\u00f4leurs (sur le millier de personnels de service) ayant pris part au mouvement. Le deuxi\u00e8me syndicat d\u2019aiguilleurs du ciel, l\u2019UNSA-ICNA (17\u00a0% des voix aux derni\u00e8res \u00e9lections professionnelles), a lanc\u00e9 ce mouvement pour r\u00e9clamer de meilleures conditions de travail et des effectifs plus importants. Il a \u00e9t\u00e9 rejoint par la troisi\u00e8me force syndicale de la profession, l\u2019USAC-CGT (16\u00a0%). Une r\u00e9forme est en cours pour \u00e9tablir un pointage des contr\u00f4leurs \u00e0 la prise de poste, \u00e0 la suite d\u2019un \u00e0 l\u2019a\u00e9roport de Bordeaux \u00e0 la fin de 2022, quand deux avions avaient failli entrer en collision. Une enqu\u00eate avait conclu \u00e0 la responsabilit\u00e9 d\u2019une organisation d\u00e9faillante du travail des aiguilleurs, en dehors du cadre l\u00e9gal et sans respect du tableau de service. Parmi les griefs de l\u2019UNSA-ICNA\u00a0figurent , des outils obsol\u00e8tes et . Le premier syndicat d\u2019aiguilleurs du ciel, le SNCTA (60\u00a0% des voix), n\u2019a pas appel\u00e9 \u00e0 la gr\u00e8ve.   \u00ab\u00a0Inacceptable\u00a0\u00bb pour le ministre des transports , a d\u00e9clar\u00e9 vendredi matin, sur CNews, le ministre des transports, Philippe Tabarot. Des centaines de milliers de personnes ont d\u00e9j\u00e0 \u00e9t\u00e9 affect\u00e9es, jeudi, en France et en Europe par ce mouvement social. Environ 1\u00a0000\u00a0vols sont annul\u00e9s vendredi, au d\u00e9part de la France ou \u00e0 l\u2019arriv\u00e9e, selon la DGAC, contre 933 jeudi. , a d\u00e9nonc\u00e9 vendredi Laurent Abitbol, pr\u00e9sident du directoire des agences de voyages Selectour, sur France Inter. (\u2026)., a-t-il ajout\u00e9. Jeudi, le premier ministre, Fran\u00e7ois Bayrou, avait jug\u00e9 cette gr\u00e8ve ,accusant les gr\u00e9vistes de le jour o\u00f9 . Les effets du mouvement se font sentir au-del\u00e0 des fronti\u00e8res nationales\u00a0: Airlines for Europe (A4E), principale association europ\u00e9enne de compagnies a\u00e9riennes, a estim\u00e9 qu\u2019en Europe 1\u00a0500 vols \u00e9taient annul\u00e9s jeudi et vendredi, sur le Vieux Continent. , a affirm\u00e9 la directrice g\u00e9n\u00e9rale d\u2019A4E, Ourania Georgoutsakou.     Jeudi, des vols maintenus ont accus\u00e9 d\u2019importants retards, en particulier \u00e0 Nice et Marseille. A4E a chiffr\u00e9 \u00e0 cumul\u00e9es jeudi les retards en Europe, sur pr\u00e8s de 33\u00a0000 trajets commerciaux, de nombreux avions empruntant l\u2019espace a\u00e9rien fran\u00e7ais sans forc\u00e9ment atterrir dans le pays.   La premi\u00e8re compagnie a\u00e9rienne europ\u00e9enne, Ryanair, a annonc\u00e9, jeudi, avoir d\u00fb annuler 400\u00a0vols, affectant 70\u00a0000\u00a0passagers. Son directeur g\u00e9n\u00e9ral, Michael O\u2019Leary, familier des coups d\u2019\u00e9clat, a d\u00e9nonc\u00e9 une situation provoqu\u00e9e et exhort\u00e9 la pr\u00e9sidente de la Commission europ\u00e9enne, Ursula von der Leyen, \u00e0 r\u00e9former le contr\u00f4le a\u00e9rien en Europe ou, \u00e0 d\u00e9faut, \u00e0 d\u00e9missionner. La compagnie Air France a confirm\u00e9 avoir \u00e9t\u00e9 , sans pr\u00e9ciser le nombre d\u2019annulations, mais a soulign\u00e9 que tous les long-courriers \u00e9taient jeudi et vendredi. dans un contexte , a d\u00e9nonc\u00e9 vendredi la F\u00e9d\u00e9ration nationale de l\u2019aviation civile.    Le Monde avec AFP      S\u2019abonner   Contribuer R\u00e9utiliser ce contenu\" \/>\n<meta name=\"robots\" content=\"noindex, follow, max-snippet:-1, max-image-preview:large, max-video-preview:-1\" \/>\n<meta property=\"og:locale\" content=\"fr_FR\" \/>\n<meta property=\"og:type\" content=\"article\" \/>\n<meta property=\"og:title\" content=\"Gr\u00e8ve des contr\u00f4leurs a\u00e9riens\u00a0: un millier de vols annul\u00e9s en France ce vendredi, surtout dans les a\u00e9roports de Paris - vof-news.eu\" \/>\n<meta property=\"og:description\" content=\"A l\u2019or\u00e9e des vacances scolaires, un millier de vols sont annul\u00e9s, vendredi 4\u00a0juillet, en particulier dans les a\u00e9roports parisiens, au deuxi\u00e8me jour d\u2019une gr\u00e8ve des contr\u00f4leurs a\u00e9riens. Selon la direction g\u00e9n\u00e9rale de l\u2019aviation civile (DGAC), le taux de gr\u00e9vistes s\u2019est \u00e9tabli \u00e0 26,2\u00a0% jeudi, 272\u00a0contr\u00f4leurs (sur le millier de personnels de service) ayant pris part au mouvement. Le deuxi\u00e8me syndicat d\u2019aiguilleurs du ciel, l\u2019UNSA-ICNA (17\u00a0% des voix aux derni\u00e8res \u00e9lections professionnelles), a lanc\u00e9 ce mouvement pour r\u00e9clamer de meilleures conditions de travail et des effectifs plus importants. Il a \u00e9t\u00e9 rejoint par la troisi\u00e8me force syndicale de la profession, l\u2019USAC-CGT (16\u00a0%). Une r\u00e9forme est en cours pour \u00e9tablir un pointage des contr\u00f4leurs \u00e0 la prise de poste, \u00e0 la suite d\u2019un \u00e0 l\u2019a\u00e9roport de Bordeaux \u00e0 la fin de 2022, quand deux avions avaient failli entrer en collision. Une enqu\u00eate avait conclu \u00e0 la responsabilit\u00e9 d\u2019une organisation d\u00e9faillante du travail des aiguilleurs, en dehors du cadre l\u00e9gal et sans respect du tableau de service. Parmi les griefs de l\u2019UNSA-ICNA\u00a0figurent , des outils obsol\u00e8tes et . Le premier syndicat d\u2019aiguilleurs du ciel, le SNCTA (60\u00a0% des voix), n\u2019a pas appel\u00e9 \u00e0 la gr\u00e8ve.   \u00ab\u00a0Inacceptable\u00a0\u00bb pour le ministre des transports , a d\u00e9clar\u00e9 vendredi matin, sur CNews, le ministre des transports, Philippe Tabarot. Des centaines de milliers de personnes ont d\u00e9j\u00e0 \u00e9t\u00e9 affect\u00e9es, jeudi, en France et en Europe par ce mouvement social. Environ 1\u00a0000\u00a0vols sont annul\u00e9s vendredi, au d\u00e9part de la France ou \u00e0 l\u2019arriv\u00e9e, selon la DGAC, contre 933 jeudi. , a d\u00e9nonc\u00e9 vendredi Laurent Abitbol, pr\u00e9sident du directoire des agences de voyages Selectour, sur France Inter. (\u2026)., a-t-il ajout\u00e9. Jeudi, le premier ministre, Fran\u00e7ois Bayrou, avait jug\u00e9 cette gr\u00e8ve ,accusant les gr\u00e9vistes de le jour o\u00f9 . Les effets du mouvement se font sentir au-del\u00e0 des fronti\u00e8res nationales\u00a0: Airlines for Europe (A4E), principale association europ\u00e9enne de compagnies a\u00e9riennes, a estim\u00e9 qu\u2019en Europe 1\u00a0500 vols \u00e9taient annul\u00e9s jeudi et vendredi, sur le Vieux Continent. , a affirm\u00e9 la directrice g\u00e9n\u00e9rale d\u2019A4E, Ourania Georgoutsakou.     Jeudi, des vols maintenus ont accus\u00e9 d\u2019importants retards, en particulier \u00e0 Nice et Marseille. A4E a chiffr\u00e9 \u00e0 cumul\u00e9es jeudi les retards en Europe, sur pr\u00e8s de 33\u00a0000 trajets commerciaux, de nombreux avions empruntant l\u2019espace a\u00e9rien fran\u00e7ais sans forc\u00e9ment atterrir dans le pays.   La premi\u00e8re compagnie a\u00e9rienne europ\u00e9enne, Ryanair, a annonc\u00e9, jeudi, avoir d\u00fb annuler 400\u00a0vols, affectant 70\u00a0000\u00a0passagers. Son directeur g\u00e9n\u00e9ral, Michael O\u2019Leary, familier des coups d\u2019\u00e9clat, a d\u00e9nonc\u00e9 une situation provoqu\u00e9e et exhort\u00e9 la pr\u00e9sidente de la Commission europ\u00e9enne, Ursula von der Leyen, \u00e0 r\u00e9former le contr\u00f4le a\u00e9rien en Europe ou, \u00e0 d\u00e9faut, \u00e0 d\u00e9missionner. La compagnie Air France a confirm\u00e9 avoir \u00e9t\u00e9 , sans pr\u00e9ciser le nombre d\u2019annulations, mais a soulign\u00e9 que tous les long-courriers \u00e9taient jeudi et vendredi. dans un contexte , a d\u00e9nonc\u00e9 vendredi la F\u00e9d\u00e9ration nationale de l\u2019aviation civile.    Le Monde avec AFP      S\u2019abonner   Contribuer R\u00e9utiliser ce contenu\" \/>\n<meta property=\"og:url\" content=\"https:\/\/vof-news.eu\/fr\/greve-des-controleurs-aeriens-un-millier-de-vols-annules-en-france-ce-vendredi-surtout-dans-les-aeroports-de-paris\/\" \/>\n<meta property=\"og:site_name\" content=\"vof-news.eu\" \/>\n<meta property=\"article:published_time\" content=\"2025-07-04T10:32:15+00:00\" \/>\n<meta property=\"article:modified_time\" content=\"2025-07-04T10:32:51+00:00\" \/>\n<meta property=\"og:image\" content=\"https:\/\/vof-news.eu\/wp-content\/uploads\/2025\/07\/50ab193_ftp-import-images-1-abqjzxhs3xj2-2025-07-02t142113z-1321862474-rc2befam2hty-rtrmadp-3-france-strike-air.jpg\" \/>\n\t<meta property=\"og:image:width\" content=\"664\" \/>\n\t<meta property=\"og:image:height\" content=\"443\" \/>\n\t<meta property=\"og:image:type\" content=\"image\/jpeg\" \/>\n<meta name=\"author\" content=\"Author\" \/>\n<meta name=\"twitter:card\" content=\"summary_large_image\" \/>\n<meta name=\"twitter:label1\" content=\"\u00c9crit par\" \/>\n\t<meta name=\"twitter:data1\" content=\"Author\" \/>\n\t<meta name=\"twitter:label2\" content=\"Dur\u00e9e de lecture estim\u00e9e\" \/>\n\t<meta name=\"twitter:data2\" content=\"3 minutes\" \/>\n<script type=\"application\/ld+json\" class=\"yoast-schema-graph\">{\"@context\":\"https:\/\/schema.org\",\"@graph\":[{\"@type\":\"WebPage\",\"@id\":\"https:\/\/vof-news.eu\/fr\/greve-des-controleurs-aeriens-un-millier-de-vols-annules-en-france-ce-vendredi-surtout-dans-les-aeroports-de-paris\/\",\"url\":\"https:\/\/vof-news.eu\/fr\/greve-des-controleurs-aeriens-un-millier-de-vols-annules-en-france-ce-vendredi-surtout-dans-les-aeroports-de-paris\/\",\"name\":\"Gr\u00e8ve des contr\u00f4leurs a\u00e9riens\u00a0: un millier de vols annul\u00e9s en France ce vendredi, surtout dans les a\u00e9roports de Paris - vof-news.eu\",\"isPartOf\":{\"@id\":\"https:\/\/vof-news.eu\/fr\/#website\"},\"primaryImageOfPage\":{\"@id\":\"https:\/\/vof-news.eu\/fr\/greve-des-controleurs-aeriens-un-millier-de-vols-annules-en-france-ce-vendredi-surtout-dans-les-aeroports-de-paris\/#primaryimage\"},\"image\":{\"@id\":\"https:\/\/vof-news.eu\/fr\/greve-des-controleurs-aeriens-un-millier-de-vols-annules-en-france-ce-vendredi-surtout-dans-les-aeroports-de-paris\/#primaryimage\"},\"thumbnailUrl\":\"https:\/\/vof-news.eu\/wp-content\/uploads\/2025\/07\/50ab193_ftp-import-images-1-abqjzxhs3xj2-2025-07-02t142113z-1321862474-rc2befam2hty-rtrmadp-3-france-strike-air.jpg\",\"datePublished\":\"2025-07-04T10:32:15+00:00\",\"dateModified\":\"2025-07-04T10:32:51+00:00\",\"author\":{\"@id\":\"https:\/\/vof-news.eu\/fr\/#\/schema\/person\/f6a2a4309f0561835797fd8c19b333ed\"},\"description\":\"A l\u2019or\u00e9e des vacances scolaires, un millier de vols sont annul\u00e9s, vendredi 4\u00a0juillet, en particulier dans les a\u00e9roports parisiens, au deuxi\u00e8me jour d\u2019une gr\u00e8ve des contr\u00f4leurs a\u00e9riens. Selon la direction g\u00e9n\u00e9rale de l\u2019aviation civile (DGAC), le taux de gr\u00e9vistes s\u2019est \u00e9tabli \u00e0 26,2\u00a0% jeudi, 272\u00a0contr\u00f4leurs (sur le millier de personnels de service) ayant pris part au mouvement. Le deuxi\u00e8me syndicat d\u2019aiguilleurs du ciel, l\u2019UNSA-ICNA (17\u00a0% des voix aux derni\u00e8res \u00e9lections professionnelles), a lanc\u00e9 ce mouvement pour r\u00e9clamer de meilleures conditions de travail et des effectifs plus importants. Il a \u00e9t\u00e9 rejoint par la troisi\u00e8me force syndicale de la profession, l\u2019USAC-CGT (16\u00a0%). Une r\u00e9forme est en cours pour \u00e9tablir un pointage des contr\u00f4leurs \u00e0 la prise de poste, \u00e0 la suite d\u2019un \u00e0 l\u2019a\u00e9roport de Bordeaux \u00e0 la fin de 2022, quand deux avions avaient failli entrer en collision. Une enqu\u00eate avait conclu \u00e0 la responsabilit\u00e9 d\u2019une organisation d\u00e9faillante du travail des aiguilleurs, en dehors du cadre l\u00e9gal et sans respect du tableau de service. Parmi les griefs de l\u2019UNSA-ICNA\u00a0figurent , des outils obsol\u00e8tes et . Le premier syndicat d\u2019aiguilleurs du ciel, le SNCTA (60\u00a0% des voix), n\u2019a pas appel\u00e9 \u00e0 la gr\u00e8ve. \u00ab\u00a0Inacceptable\u00a0\u00bb pour le ministre des transports , a d\u00e9clar\u00e9 vendredi matin, sur CNews, le ministre des transports, Philippe Tabarot. Des centaines de milliers de personnes ont d\u00e9j\u00e0 \u00e9t\u00e9 affect\u00e9es, jeudi, en France et en Europe par ce mouvement social. Environ 1\u00a0000\u00a0vols sont annul\u00e9s vendredi, au d\u00e9part de la France ou \u00e0 l\u2019arriv\u00e9e, selon la DGAC, contre 933 jeudi. , a d\u00e9nonc\u00e9 vendredi Laurent Abitbol, pr\u00e9sident du directoire des agences de voyages Selectour, sur France Inter. (\u2026)., a-t-il ajout\u00e9. Jeudi, le premier ministre, Fran\u00e7ois Bayrou, avait jug\u00e9 cette gr\u00e8ve ,accusant les gr\u00e9vistes de le jour o\u00f9 . Les effets du mouvement se font sentir au-del\u00e0 des fronti\u00e8res nationales\u00a0: Airlines for Europe (A4E), principale association europ\u00e9enne de compagnies a\u00e9riennes, a estim\u00e9 qu\u2019en Europe 1\u00a0500 vols \u00e9taient annul\u00e9s jeudi et vendredi, sur le Vieux Continent. , a affirm\u00e9 la directrice g\u00e9n\u00e9rale d\u2019A4E, Ourania Georgoutsakou. Jeudi, des vols maintenus ont accus\u00e9 d\u2019importants retards, en particulier \u00e0 Nice et Marseille. A4E a chiffr\u00e9 \u00e0 cumul\u00e9es jeudi les retards en Europe, sur pr\u00e8s de 33\u00a0000 trajets commerciaux, de nombreux avions empruntant l\u2019espace a\u00e9rien fran\u00e7ais sans forc\u00e9ment atterrir dans le pays. La premi\u00e8re compagnie a\u00e9rienne europ\u00e9enne, Ryanair, a annonc\u00e9, jeudi, avoir d\u00fb annuler 400\u00a0vols, affectant 70\u00a0000\u00a0passagers. Son directeur g\u00e9n\u00e9ral, Michael O\u2019Leary, familier des coups d\u2019\u00e9clat, a d\u00e9nonc\u00e9 une situation provoqu\u00e9e et exhort\u00e9 la pr\u00e9sidente de la Commission europ\u00e9enne, Ursula von der Leyen, \u00e0 r\u00e9former le contr\u00f4le a\u00e9rien en Europe ou, \u00e0 d\u00e9faut, \u00e0 d\u00e9missionner. La compagnie Air France a confirm\u00e9 avoir \u00e9t\u00e9 , sans pr\u00e9ciser le nombre d\u2019annulations, mais a soulign\u00e9 que tous les long-courriers \u00e9taient jeudi et vendredi. dans un contexte , a d\u00e9nonc\u00e9 vendredi la F\u00e9d\u00e9ration nationale de l\u2019aviation civile. Le Monde avec AFP S\u2019abonner Contribuer R\u00e9utiliser ce contenu\",\"breadcrumb\":{\"@id\":\"https:\/\/vof-news.eu\/fr\/greve-des-controleurs-aeriens-un-millier-de-vols-annules-en-france-ce-vendredi-surtout-dans-les-aeroports-de-paris\/#breadcrumb\"},\"inLanguage\":\"fr-FR\",\"potentialAction\":[{\"@type\":\"ReadAction\",\"target\":[\"https:\/\/vof-news.eu\/fr\/greve-des-controleurs-aeriens-un-millier-de-vols-annules-en-france-ce-vendredi-surtout-dans-les-aeroports-de-paris\/\"]}]},{\"@type\":\"ImageObject\",\"inLanguage\":\"fr-FR\",\"@id\":\"https:\/\/vof-news.eu\/fr\/greve-des-controleurs-aeriens-un-millier-de-vols-annules-en-france-ce-vendredi-surtout-dans-les-aeroports-de-paris\/#primaryimage\",\"url\":\"https:\/\/vof-news.eu\/wp-content\/uploads\/2025\/07\/50ab193_ftp-import-images-1-abqjzxhs3xj2-2025-07-02t142113z-1321862474-rc2befam2hty-rtrmadp-3-france-strike-air.jpg\",\"contentUrl\":\"https:\/\/vof-news.eu\/wp-content\/uploads\/2025\/07\/50ab193_ftp-import-images-1-abqjzxhs3xj2-2025-07-02t142113z-1321862474-rc2befam2hty-rtrmadp-3-france-strike-air.jpg\",\"width\":664,\"height\":443},{\"@type\":\"BreadcrumbList\",\"@id\":\"https:\/\/vof-news.eu\/fr\/greve-des-controleurs-aeriens-un-millier-de-vols-annules-en-france-ce-vendredi-surtout-dans-les-aeroports-de-paris\/#breadcrumb\",\"itemListElement\":[{\"@type\":\"ListItem\",\"position\":1,\"name\":\"Home\",\"item\":\"https:\/\/vof-news.eu\/fr\/\"},{\"@type\":\"ListItem\",\"position\":2,\"name\":\"Gr\u00e8ve des contr\u00f4leurs a\u00e9riens\u00a0: un millier de vols annul\u00e9s en France ce vendredi, surtout dans les a\u00e9roports de Paris\"}]},{\"@type\":\"WebSite\",\"@id\":\"https:\/\/vof-news.eu\/fr\/#website\",\"url\":\"https:\/\/vof-news.eu\/fr\/\",\"name\":\"vof-news.eu\",\"description\":\"\",\"potentialAction\":[{\"@type\":\"SearchAction\",\"target\":{\"@type\":\"EntryPoint\",\"urlTemplate\":\"https:\/\/vof-news.eu\/fr\/?s={search_term_string}\"},\"query-input\":\"required name=search_term_string\"}],\"inLanguage\":\"fr-FR\"},{\"@type\":\"Person\",\"@id\":\"https:\/\/vof-news.eu\/fr\/#\/schema\/person\/f6a2a4309f0561835797fd8c19b333ed\",\"name\":\"Author\",\"image\":{\"@type\":\"ImageObject\",\"inLanguage\":\"fr-FR\",\"@id\":\"https:\/\/vof-news.eu\/fr\/#\/schema\/person\/image\/\",\"url\":\"https:\/\/secure.gravatar.com\/avatar\/b67e614b1b25b3e9c0c239efdd2fde5ab015b5affd6f1c3c85911ca4b384e790?s=96&d=mm&r=g\",\"contentUrl\":\"https:\/\/secure.gravatar.com\/avatar\/b67e614b1b25b3e9c0c239efdd2fde5ab015b5affd6f1c3c85911ca4b384e790?s=96&d=mm&r=g\",\"caption\":\"Author\"},\"sameAs\":[\"http:\/\/vof-news.eu\"],\"url\":\"https:\/\/vof-news.eu\/fr\/author\/zwt6qxnjulxbnyg\/\"}]}<\/script>\n<!-- \/ Yoast SEO plugin. -->","yoast_head_json":{"title":"Gr\u00e8ve des contr\u00f4leurs a\u00e9riens\u00a0: un millier de vols annul\u00e9s en France ce vendredi, surtout dans les a\u00e9roports de Paris - vof-news.eu","description":"A l\u2019or\u00e9e des vacances scolaires, un millier de vols sont annul\u00e9s, vendredi 4\u00a0juillet, en particulier dans les a\u00e9roports parisiens, au deuxi\u00e8me jour d\u2019une gr\u00e8ve des contr\u00f4leurs a\u00e9riens. Selon la direction g\u00e9n\u00e9rale de l\u2019aviation civile (DGAC), le taux de gr\u00e9vistes s\u2019est \u00e9tabli \u00e0 26,2\u00a0% jeudi, 272\u00a0contr\u00f4leurs (sur le millier de personnels de service) ayant pris part au mouvement. Le deuxi\u00e8me syndicat d\u2019aiguilleurs du ciel, l\u2019UNSA-ICNA (17\u00a0% des voix aux derni\u00e8res \u00e9lections professionnelles), a lanc\u00e9 ce mouvement pour r\u00e9clamer de meilleures conditions de travail et des effectifs plus importants. Il a \u00e9t\u00e9 rejoint par la troisi\u00e8me force syndicale de la profession, l\u2019USAC-CGT (16\u00a0%). Une r\u00e9forme est en cours pour \u00e9tablir un pointage des contr\u00f4leurs \u00e0 la prise de poste, \u00e0 la suite d\u2019un \u00e0 l\u2019a\u00e9roport de Bordeaux \u00e0 la fin de 2022, quand deux avions avaient failli entrer en collision. Une enqu\u00eate avait conclu \u00e0 la responsabilit\u00e9 d\u2019une organisation d\u00e9faillante du travail des aiguilleurs, en dehors du cadre l\u00e9gal et sans respect du tableau de service. Parmi les griefs de l\u2019UNSA-ICNA\u00a0figurent , des outils obsol\u00e8tes et . Le premier syndicat d\u2019aiguilleurs du ciel, le SNCTA (60\u00a0% des voix), n\u2019a pas appel\u00e9 \u00e0 la gr\u00e8ve.   \u00ab\u00a0Inacceptable\u00a0\u00bb pour le ministre des transports , a d\u00e9clar\u00e9 vendredi matin, sur CNews, le ministre des transports, Philippe Tabarot. Des centaines de milliers de personnes ont d\u00e9j\u00e0 \u00e9t\u00e9 affect\u00e9es, jeudi, en France et en Europe par ce mouvement social. Environ 1\u00a0000\u00a0vols sont annul\u00e9s vendredi, au d\u00e9part de la France ou \u00e0 l\u2019arriv\u00e9e, selon la DGAC, contre 933 jeudi. , a d\u00e9nonc\u00e9 vendredi Laurent Abitbol, pr\u00e9sident du directoire des agences de voyages Selectour, sur France Inter. (\u2026)., a-t-il ajout\u00e9. Jeudi, le premier ministre, Fran\u00e7ois Bayrou, avait jug\u00e9 cette gr\u00e8ve ,accusant les gr\u00e9vistes de le jour o\u00f9 . Les effets du mouvement se font sentir au-del\u00e0 des fronti\u00e8res nationales\u00a0: Airlines for Europe (A4E), principale association europ\u00e9enne de compagnies a\u00e9riennes, a estim\u00e9 qu\u2019en Europe 1\u00a0500 vols \u00e9taient annul\u00e9s jeudi et vendredi, sur le Vieux Continent. , a affirm\u00e9 la directrice g\u00e9n\u00e9rale d\u2019A4E, Ourania Georgoutsakou.     Jeudi, des vols maintenus ont accus\u00e9 d\u2019importants retards, en particulier \u00e0 Nice et Marseille. A4E a chiffr\u00e9 \u00e0 cumul\u00e9es jeudi les retards en Europe, sur pr\u00e8s de 33\u00a0000 trajets commerciaux, de nombreux avions empruntant l\u2019espace a\u00e9rien fran\u00e7ais sans forc\u00e9ment atterrir dans le pays.   La premi\u00e8re compagnie a\u00e9rienne europ\u00e9enne, Ryanair, a annonc\u00e9, jeudi, avoir d\u00fb annuler 400\u00a0vols, affectant 70\u00a0000\u00a0passagers. Son directeur g\u00e9n\u00e9ral, Michael O\u2019Leary, familier des coups d\u2019\u00e9clat, a d\u00e9nonc\u00e9 une situation provoqu\u00e9e et exhort\u00e9 la pr\u00e9sidente de la Commission europ\u00e9enne, Ursula von der Leyen, \u00e0 r\u00e9former le contr\u00f4le a\u00e9rien en Europe ou, \u00e0 d\u00e9faut, \u00e0 d\u00e9missionner. La compagnie Air France a confirm\u00e9 avoir \u00e9t\u00e9 , sans pr\u00e9ciser le nombre d\u2019annulations, mais a soulign\u00e9 que tous les long-courriers \u00e9taient jeudi et vendredi. dans un contexte , a d\u00e9nonc\u00e9 vendredi la F\u00e9d\u00e9ration nationale de l\u2019aviation civile.    Le Monde avec AFP      S\u2019abonner   Contribuer R\u00e9utiliser ce contenu","robots":{"index":"noindex","follow":"follow","max-snippet":"max-snippet:-1","max-image-preview":"max-image-preview:large","max-video-preview":"max-video-preview:-1"},"og_locale":"fr_FR","og_type":"article","og_title":"Gr\u00e8ve des contr\u00f4leurs a\u00e9riens\u00a0: un millier de vols annul\u00e9s en France ce vendredi, surtout dans les a\u00e9roports de Paris - vof-news.eu","og_description":"A l\u2019or\u00e9e des vacances scolaires, un millier de vols sont annul\u00e9s, vendredi 4\u00a0juillet, en particulier dans les a\u00e9roports parisiens, au deuxi\u00e8me jour d\u2019une gr\u00e8ve des contr\u00f4leurs a\u00e9riens. Selon la direction g\u00e9n\u00e9rale de l\u2019aviation civile (DGAC), le taux de gr\u00e9vistes s\u2019est \u00e9tabli \u00e0 26,2\u00a0% jeudi, 272\u00a0contr\u00f4leurs (sur le millier de personnels de service) ayant pris part au mouvement. Le deuxi\u00e8me syndicat d\u2019aiguilleurs du ciel, l\u2019UNSA-ICNA (17\u00a0% des voix aux derni\u00e8res \u00e9lections professionnelles), a lanc\u00e9 ce mouvement pour r\u00e9clamer de meilleures conditions de travail et des effectifs plus importants. Il a \u00e9t\u00e9 rejoint par la troisi\u00e8me force syndicale de la profession, l\u2019USAC-CGT (16\u00a0%). Une r\u00e9forme est en cours pour \u00e9tablir un pointage des contr\u00f4leurs \u00e0 la prise de poste, \u00e0 la suite d\u2019un \u00e0 l\u2019a\u00e9roport de Bordeaux \u00e0 la fin de 2022, quand deux avions avaient failli entrer en collision. Une enqu\u00eate avait conclu \u00e0 la responsabilit\u00e9 d\u2019une organisation d\u00e9faillante du travail des aiguilleurs, en dehors du cadre l\u00e9gal et sans respect du tableau de service. Parmi les griefs de l\u2019UNSA-ICNA\u00a0figurent , des outils obsol\u00e8tes et . Le premier syndicat d\u2019aiguilleurs du ciel, le SNCTA (60\u00a0% des voix), n\u2019a pas appel\u00e9 \u00e0 la gr\u00e8ve.   \u00ab\u00a0Inacceptable\u00a0\u00bb pour le ministre des transports , a d\u00e9clar\u00e9 vendredi matin, sur CNews, le ministre des transports, Philippe Tabarot. Des centaines de milliers de personnes ont d\u00e9j\u00e0 \u00e9t\u00e9 affect\u00e9es, jeudi, en France et en Europe par ce mouvement social. Environ 1\u00a0000\u00a0vols sont annul\u00e9s vendredi, au d\u00e9part de la France ou \u00e0 l\u2019arriv\u00e9e, selon la DGAC, contre 933 jeudi. , a d\u00e9nonc\u00e9 vendredi Laurent Abitbol, pr\u00e9sident du directoire des agences de voyages Selectour, sur France Inter. (\u2026)., a-t-il ajout\u00e9. Jeudi, le premier ministre, Fran\u00e7ois Bayrou, avait jug\u00e9 cette gr\u00e8ve ,accusant les gr\u00e9vistes de le jour o\u00f9 . Les effets du mouvement se font sentir au-del\u00e0 des fronti\u00e8res nationales\u00a0: Airlines for Europe (A4E), principale association europ\u00e9enne de compagnies a\u00e9riennes, a estim\u00e9 qu\u2019en Europe 1\u00a0500 vols \u00e9taient annul\u00e9s jeudi et vendredi, sur le Vieux Continent. , a affirm\u00e9 la directrice g\u00e9n\u00e9rale d\u2019A4E, Ourania Georgoutsakou.     Jeudi, des vols maintenus ont accus\u00e9 d\u2019importants retards, en particulier \u00e0 Nice et Marseille. A4E a chiffr\u00e9 \u00e0 cumul\u00e9es jeudi les retards en Europe, sur pr\u00e8s de 33\u00a0000 trajets commerciaux, de nombreux avions empruntant l\u2019espace a\u00e9rien fran\u00e7ais sans forc\u00e9ment atterrir dans le pays.   La premi\u00e8re compagnie a\u00e9rienne europ\u00e9enne, Ryanair, a annonc\u00e9, jeudi, avoir d\u00fb annuler 400\u00a0vols, affectant 70\u00a0000\u00a0passagers. Son directeur g\u00e9n\u00e9ral, Michael O\u2019Leary, familier des coups d\u2019\u00e9clat, a d\u00e9nonc\u00e9 une situation provoqu\u00e9e et exhort\u00e9 la pr\u00e9sidente de la Commission europ\u00e9enne, Ursula von der Leyen, \u00e0 r\u00e9former le contr\u00f4le a\u00e9rien en Europe ou, \u00e0 d\u00e9faut, \u00e0 d\u00e9missionner. La compagnie Air France a confirm\u00e9 avoir \u00e9t\u00e9 , sans pr\u00e9ciser le nombre d\u2019annulations, mais a soulign\u00e9 que tous les long-courriers \u00e9taient jeudi et vendredi. dans un contexte , a d\u00e9nonc\u00e9 vendredi la F\u00e9d\u00e9ration nationale de l\u2019aviation civile.    Le Monde avec AFP      S\u2019abonner   Contribuer R\u00e9utiliser ce contenu","og_url":"https:\/\/vof-news.eu\/fr\/greve-des-controleurs-aeriens-un-millier-de-vols-annules-en-france-ce-vendredi-surtout-dans-les-aeroports-de-paris\/","og_site_name":"vof-news.eu","article_published_time":"2025-07-04T10:32:15+00:00","article_modified_time":"2025-07-04T10:32:51+00:00","og_image":[{"width":664,"height":443,"url":"https:\/\/vof-news.eu\/wp-content\/uploads\/2025\/07\/50ab193_ftp-import-images-1-abqjzxhs3xj2-2025-07-02t142113z-1321862474-rc2befam2hty-rtrmadp-3-france-strike-air.jpg","type":"image\/jpeg"}],"author":"Author","twitter_card":"summary_large_image","twitter_misc":{"\u00c9crit par":"Author","Dur\u00e9e de lecture estim\u00e9e":"3 minutes"},"schema":{"@context":"https:\/\/schema.org","@graph":[{"@type":"WebPage","@id":"https:\/\/vof-news.eu\/fr\/greve-des-controleurs-aeriens-un-millier-de-vols-annules-en-france-ce-vendredi-surtout-dans-les-aeroports-de-paris\/","url":"https:\/\/vof-news.eu\/fr\/greve-des-controleurs-aeriens-un-millier-de-vols-annules-en-france-ce-vendredi-surtout-dans-les-aeroports-de-paris\/","name":"Gr\u00e8ve des contr\u00f4leurs a\u00e9riens\u00a0: un millier de vols annul\u00e9s en France ce vendredi, surtout dans les a\u00e9roports de Paris - vof-news.eu","isPartOf":{"@id":"https:\/\/vof-news.eu\/fr\/#website"},"primaryImageOfPage":{"@id":"https:\/\/vof-news.eu\/fr\/greve-des-controleurs-aeriens-un-millier-de-vols-annules-en-france-ce-vendredi-surtout-dans-les-aeroports-de-paris\/#primaryimage"},"image":{"@id":"https:\/\/vof-news.eu\/fr\/greve-des-controleurs-aeriens-un-millier-de-vols-annules-en-france-ce-vendredi-surtout-dans-les-aeroports-de-paris\/#primaryimage"},"thumbnailUrl":"https:\/\/vof-news.eu\/wp-content\/uploads\/2025\/07\/50ab193_ftp-import-images-1-abqjzxhs3xj2-2025-07-02t142113z-1321862474-rc2befam2hty-rtrmadp-3-france-strike-air.jpg","datePublished":"2025-07-04T10:32:15+00:00","dateModified":"2025-07-04T10:32:51+00:00","author":{"@id":"https:\/\/vof-news.eu\/fr\/#\/schema\/person\/f6a2a4309f0561835797fd8c19b333ed"},"description":"A l\u2019or\u00e9e des vacances scolaires, un millier de vols sont annul\u00e9s, vendredi 4\u00a0juillet, en particulier dans les a\u00e9roports parisiens, au deuxi\u00e8me jour d\u2019une gr\u00e8ve des contr\u00f4leurs a\u00e9riens. Selon la direction g\u00e9n\u00e9rale de l\u2019aviation civile (DGAC), le taux de gr\u00e9vistes s\u2019est \u00e9tabli \u00e0 26,2\u00a0% jeudi, 272\u00a0contr\u00f4leurs (sur le millier de personnels de service) ayant pris part au mouvement. Le deuxi\u00e8me syndicat d\u2019aiguilleurs du ciel, l\u2019UNSA-ICNA (17\u00a0% des voix aux derni\u00e8res \u00e9lections professionnelles), a lanc\u00e9 ce mouvement pour r\u00e9clamer de meilleures conditions de travail et des effectifs plus importants. Il a \u00e9t\u00e9 rejoint par la troisi\u00e8me force syndicale de la profession, l\u2019USAC-CGT (16\u00a0%). Une r\u00e9forme est en cours pour \u00e9tablir un pointage des contr\u00f4leurs \u00e0 la prise de poste, \u00e0 la suite d\u2019un \u00e0 l\u2019a\u00e9roport de Bordeaux \u00e0 la fin de 2022, quand deux avions avaient failli entrer en collision. Une enqu\u00eate avait conclu \u00e0 la responsabilit\u00e9 d\u2019une organisation d\u00e9faillante du travail des aiguilleurs, en dehors du cadre l\u00e9gal et sans respect du tableau de service. Parmi les griefs de l\u2019UNSA-ICNA\u00a0figurent , des outils obsol\u00e8tes et . Le premier syndicat d\u2019aiguilleurs du ciel, le SNCTA (60\u00a0% des voix), n\u2019a pas appel\u00e9 \u00e0 la gr\u00e8ve. \u00ab\u00a0Inacceptable\u00a0\u00bb pour le ministre des transports , a d\u00e9clar\u00e9 vendredi matin, sur CNews, le ministre des transports, Philippe Tabarot. Des centaines de milliers de personnes ont d\u00e9j\u00e0 \u00e9t\u00e9 affect\u00e9es, jeudi, en France et en Europe par ce mouvement social. Environ 1\u00a0000\u00a0vols sont annul\u00e9s vendredi, au d\u00e9part de la France ou \u00e0 l\u2019arriv\u00e9e, selon la DGAC, contre 933 jeudi. , a d\u00e9nonc\u00e9 vendredi Laurent Abitbol, pr\u00e9sident du directoire des agences de voyages Selectour, sur France Inter. (\u2026)., a-t-il ajout\u00e9. Jeudi, le premier ministre, Fran\u00e7ois Bayrou, avait jug\u00e9 cette gr\u00e8ve ,accusant les gr\u00e9vistes de le jour o\u00f9 . Les effets du mouvement se font sentir au-del\u00e0 des fronti\u00e8res nationales\u00a0: Airlines for Europe (A4E), principale association europ\u00e9enne de compagnies a\u00e9riennes, a estim\u00e9 qu\u2019en Europe 1\u00a0500 vols \u00e9taient annul\u00e9s jeudi et vendredi, sur le Vieux Continent. , a affirm\u00e9 la directrice g\u00e9n\u00e9rale d\u2019A4E, Ourania Georgoutsakou. Jeudi, des vols maintenus ont accus\u00e9 d\u2019importants retards, en particulier \u00e0 Nice et Marseille. A4E a chiffr\u00e9 \u00e0 cumul\u00e9es jeudi les retards en Europe, sur pr\u00e8s de 33\u00a0000 trajets commerciaux, de nombreux avions empruntant l\u2019espace a\u00e9rien fran\u00e7ais sans forc\u00e9ment atterrir dans le pays. La premi\u00e8re compagnie a\u00e9rienne europ\u00e9enne, Ryanair, a annonc\u00e9, jeudi, avoir d\u00fb annuler 400\u00a0vols, affectant 70\u00a0000\u00a0passagers. Son directeur g\u00e9n\u00e9ral, Michael O\u2019Leary, familier des coups d\u2019\u00e9clat, a d\u00e9nonc\u00e9 une situation provoqu\u00e9e et exhort\u00e9 la pr\u00e9sidente de la Commission europ\u00e9enne, Ursula von der Leyen, \u00e0 r\u00e9former le contr\u00f4le a\u00e9rien en Europe ou, \u00e0 d\u00e9faut, \u00e0 d\u00e9missionner. La compagnie Air France a confirm\u00e9 avoir \u00e9t\u00e9 , sans pr\u00e9ciser le nombre d\u2019annulations, mais a soulign\u00e9 que tous les long-courriers \u00e9taient jeudi et vendredi. dans un contexte , a d\u00e9nonc\u00e9 vendredi la F\u00e9d\u00e9ration nationale de l\u2019aviation civile. Le Monde avec AFP S\u2019abonner Contribuer R\u00e9utiliser ce contenu","breadcrumb":{"@id":"https:\/\/vof-news.eu\/fr\/greve-des-controleurs-aeriens-un-millier-de-vols-annules-en-france-ce-vendredi-surtout-dans-les-aeroports-de-paris\/#breadcrumb"},"inLanguage":"fr-FR","potentialAction":[{"@type":"ReadAction","target":["https:\/\/vof-news.eu\/fr\/greve-des-controleurs-aeriens-un-millier-de-vols-annules-en-france-ce-vendredi-surtout-dans-les-aeroports-de-paris\/"]}]},{"@type":"ImageObject","inLanguage":"fr-FR","@id":"https:\/\/vof-news.eu\/fr\/greve-des-controleurs-aeriens-un-millier-de-vols-annules-en-france-ce-vendredi-surtout-dans-les-aeroports-de-paris\/#primaryimage","url":"https:\/\/vof-news.eu\/wp-content\/uploads\/2025\/07\/50ab193_ftp-import-images-1-abqjzxhs3xj2-2025-07-02t142113z-1321862474-rc2befam2hty-rtrmadp-3-france-strike-air.jpg","contentUrl":"https:\/\/vof-news.eu\/wp-content\/uploads\/2025\/07\/50ab193_ftp-import-images-1-abqjzxhs3xj2-2025-07-02t142113z-1321862474-rc2befam2hty-rtrmadp-3-france-strike-air.jpg","width":664,"height":443},{"@type":"BreadcrumbList","@id":"https:\/\/vof-news.eu\/fr\/greve-des-controleurs-aeriens-un-millier-de-vols-annules-en-france-ce-vendredi-surtout-dans-les-aeroports-de-paris\/#breadcrumb","itemListElement":[{"@type":"ListItem","position":1,"name":"Home","item":"https:\/\/vof-news.eu\/fr\/"},{"@type":"ListItem","position":2,"name":"Gr\u00e8ve des contr\u00f4leurs a\u00e9riens\u00a0: un millier de vols annul\u00e9s en France ce vendredi, surtout dans les a\u00e9roports de Paris"}]},{"@type":"WebSite","@id":"https:\/\/vof-news.eu\/fr\/#website","url":"https:\/\/vof-news.eu\/fr\/","name":"vof-news.eu","description":"","potentialAction":[{"@type":"SearchAction","target":{"@type":"EntryPoint","urlTemplate":"https:\/\/vof-news.eu\/fr\/?s={search_term_string}"},"query-input":"required name=search_term_string"}],"inLanguage":"fr-FR"},{"@type":"Person","@id":"https:\/\/vof-news.eu\/fr\/#\/schema\/person\/f6a2a4309f0561835797fd8c19b333ed","name":"Author","image":{"@type":"ImageObject","inLanguage":"fr-FR","@id":"https:\/\/vof-news.eu\/fr\/#\/schema\/person\/image\/","url":"https:\/\/secure.gravatar.com\/avatar\/b67e614b1b25b3e9c0c239efdd2fde5ab015b5affd6f1c3c85911ca4b384e790?s=96&d=mm&r=g","contentUrl":"https:\/\/secure.gravatar.com\/avatar\/b67e614b1b25b3e9c0c239efdd2fde5ab015b5affd6f1c3c85911ca4b384e790?s=96&d=mm&r=g","caption":"Author"},"sameAs":["http:\/\/vof-news.eu"],"url":"https:\/\/vof-news.eu\/fr\/author\/zwt6qxnjulxbnyg\/"}]}},"yoast_meta":{"yoast_wpseo_title":"","yoast_wpseo_metadesc":"","yoast_wpseo_canonical":""},"_links":{"self":[{"href":"https:\/\/vof-news.eu\/fr\/wp-json\/wp\/v2\/posts\/246965","targetHints":{"allow":["GET"]}}],"collection":[{"href":"https:\/\/vof-news.eu\/fr\/wp-json\/wp\/v2\/posts"}],"about":[{"href":"https:\/\/vof-news.eu\/fr\/wp-json\/wp\/v2\/types\/post"}],"author":[{"embeddable":true,"href":"https:\/\/vof-news.eu\/fr\/wp-json\/wp\/v2\/users\/1"}],"replies":[{"embeddable":true,"href":"https:\/\/vof-news.eu\/fr\/wp-json\/wp\/v2\/comments?post=246965"}],"version-history":[{"count":1,"href":"https:\/\/vof-news.eu\/fr\/wp-json\/wp\/v2\/posts\/246965\/revisions"}],"predecessor-version":[{"id":246972,"href":"https:\/\/vof-news.eu\/fr\/wp-json\/wp\/v2\/posts\/246965\/revisions\/246972"}],"wp:featuredmedia":[{"embeddable":true,"href":"https:\/\/vof-news.eu\/fr\/wp-json\/wp\/v2\/media\/246966"}],"wp:attachment":[{"href":"https:\/\/vof-news.eu\/fr\/wp-json\/wp\/v2\/media?parent=246965"}],"wp:term":[{"taxonomy":"category","embeddable":true,"href":"https:\/\/vof-news.eu\/fr\/wp-json\/wp\/v2\/categories?post=246965"},{"taxonomy":"post_tag","embeddable":true,"href":"https:\/\/vof-news.eu\/fr\/wp-json\/wp\/v2\/tags?post=246965"}],"curies":[{"name":"wp","href":"https:\/\/api.w.org\/{rel}","templated":true}]}}