{"id":246913,"date":"2025-07-04T11:33:25","date_gmt":"2025-07-04T08:33:25","guid":{"rendered":"https:\/\/vof-news.eu\/les-incertitudes-sur-lavenir-de-sfr-pesent-sur-le-climat-social-dans-les-telecoms\/"},"modified":"2025-07-04T11:33:59","modified_gmt":"2025-07-04T08:33:59","slug":"les-incertitudes-sur-lavenir-de-sfr-pesent-sur-le-climat-social-dans-les-telecoms","status":"publish","type":"post","link":"https:\/\/vof-news.eu\/fr\/les-incertitudes-sur-lavenir-de-sfr-pesent-sur-le-climat-social-dans-les-telecoms\/","title":{"rendered":"Les incertitudes sur l\u2019avenir de SFR p\u00e8sent sur le climat social dans les t\u00e9l\u00e9coms"},"content":{"rendered":"<article>\n<p>Les salari\u00e9s devront s\u2019en contenter. Mardi 1<sup>er<\/sup>\u00a0juillet, lors d\u2019une  avec les employ\u00e9s de SFR, Arthur Dreyfuss, le PDG d\u2019Altice France, sa maison m\u00e8re, a refus\u00e9 de d\u00e9mentir les  sur une vente de l\u2019op\u00e9rateur \u00e0 la concurrence. Sinon,a-t-il fait valoirCette sortie intervient alors que la possibilit\u00e9 d\u2019une consolidation autour de SFR \u00e9lectrise le secteur depuis des mois. Ses rivaux, Orange, Bouygues Telecom et Free (dont le propri\u00e9taire, Xavier Niel, est actionnaire \u00e0 titre individuel du Groupe Le Monde), ne sont pas insensibles \u00e0 la perspective d\u2019un retour \u00e0 trois op\u00e9rateurs, synonyme d\u2019une moindre concurrence et de plus gros profits.<\/p>\n<section>   <\/section>\n<p>Face \u00e0 ses troupes, Arthur Dreyfuss s\u2019est davantage \u00e9panch\u00e9 sur la restructuration financi\u00e8re d\u2019Altice France. Le groupe de l\u2019homme d\u2019affaires Patrick Drahi a annonc\u00e9, fin mai, <a href=\"https:\/\/www.lemonde.fr\/economie\/article\/2025\/05\/22\/patrick-drahi-tord-le-bras-des-creanciers-refractaires-pour-valider-le-desendettement-d-altice_6607683_3234.html\" rel=\"nofollow\">son entr\u00e9e en proc\u00e9dure de sauvegarde acc\u00e9l\u00e9r\u00e9e<\/a>. Son objectif\u00a0: finaliser un accord avec ses cr\u00e9anciers pour r\u00e9duire son \u00e9norme dette de 24 \u00e0 15,5\u00a0milliards d\u2019euros, en \u00e9change de 45\u00a0% du capital. Patrick Drahi, lui, conservera une participation majoritaire de 55\u00a0%., s\u2019est f\u00e9licit\u00e9 Arthur Dreyfuss, louant l\u2019 qui attend, selon lui, SFR, gr\u00e2ce \u00e0 une situation financi\u00e8re.<\/p>\n<p>Mardi,<strong> <\/strong>devant le si\u00e8ge parisien de l\u2019op\u00e9rateur \u00e0 Balard, plusieurs salari\u00e9s ne partageaient gu\u00e8re son optimisme. , affirme un ing\u00e9nieur r\u00e9seau qui tient, comme tous ceux interrog\u00e9s, \u00e0 garder l\u2019anonymat. Sa crainte\u00a0est celle d\u2019une  de SFR, et d\u2019une disparition de l\u2019op\u00e9rateur pour lequel il travaille depuis . Un ing\u00e9nieur charg\u00e9 du d\u00e9veloppement de logiciels qualifie de  les propos de la direction. , poursuit-il, en se disant persuad\u00e9 que l\u2019op\u00e9rateur <\/p>\n<p><strong>Il vous reste 67.78% de cet article \u00e0 lire. La suite est r\u00e9serv\u00e9e aux abonn\u00e9s.<\/strong><\/p>\n<\/article>\n","protected":false},"excerpt":{"rendered":"<p>Les salari\u00e9s devront s\u2019en contenter. Mardi 1er\u00a0juillet, lors d\u2019une avec les employ\u00e9s de SFR, Arthur Dreyfuss, le PDG d\u2019Altice France, sa maison m\u00e8re, a refus\u00e9 de d\u00e9mentir les sur une vente de l\u2019op\u00e9rateur \u00e0 la concurrence. Sinon,a-t-il fait valoirCette sortie intervient alors que la possibilit\u00e9 d\u2019une consolidation autour de SFR \u00e9lectrise le secteur depuis des<\/p>\n","protected":false},"author":1,"featured_media":0,"comment_status":"open","ping_status":"open","sticky":false,"template":"","format":"standard","meta":{"footnotes":""},"categories":[58],"tags":[],"class_list":["post-246913","post","type-post","status-publish","format-standard","hentry","category-business-fr"],"acf":[],"yoast_head":"<!-- This site is optimized with the Yoast SEO plugin v22.9 - https:\/\/yoast.com\/wordpress\/plugins\/seo\/ -->\n<title>Les incertitudes sur l\u2019avenir de SFR p\u00e8sent sur le climat social dans les t\u00e9l\u00e9coms - vof-news.eu<\/title>\n<meta name=\"description\" content=\"Les salari\u00e9s devront s\u2019en contenter. Mardi 1er\u00a0juillet, lors d\u2019une avec les employ\u00e9s de SFR, Arthur Dreyfuss, le PDG d\u2019Altice France, sa maison m\u00e8re, a refus\u00e9 de d\u00e9mentir les sur une vente de l\u2019op\u00e9rateur \u00e0 la concurrence. Sinon,a-t-il fait valoirCette sortie intervient alors que la possibilit\u00e9 d\u2019une consolidation autour de SFR \u00e9lectrise le secteur depuis des mois. Ses rivaux, Orange, Bouygues Telecom et Free (dont le propri\u00e9taire, Xavier Niel, est actionnaire \u00e0 titre individuel du Groupe Le Monde), ne sont pas insensibles \u00e0 la perspective d\u2019un retour \u00e0 trois op\u00e9rateurs, synonyme d\u2019une moindre concurrence et de plus gros profits.   Face \u00e0 ses troupes, Arthur Dreyfuss s\u2019est davantage \u00e9panch\u00e9 sur la restructuration financi\u00e8re d\u2019Altice France. Le groupe de l\u2019homme d\u2019affaires Patrick Drahi a annonc\u00e9, fin mai, son entr\u00e9e en proc\u00e9dure de sauvegarde acc\u00e9l\u00e9r\u00e9e. Son objectif\u00a0: finaliser un accord avec ses cr\u00e9anciers pour r\u00e9duire son \u00e9norme dette de 24 \u00e0 15,5\u00a0milliards d\u2019euros, en \u00e9change de 45\u00a0% du capital. Patrick Drahi, lui, conservera une participation majoritaire de 55\u00a0%., s\u2019est f\u00e9licit\u00e9 Arthur Dreyfuss, louant l\u2019 qui attend, selon lui, SFR, gr\u00e2ce \u00e0 une situation financi\u00e8re. Mardi, devant le si\u00e8ge parisien de l\u2019op\u00e9rateur \u00e0 Balard, plusieurs salari\u00e9s ne partageaient gu\u00e8re son optimisme. , affirme un ing\u00e9nieur r\u00e9seau qui tient, comme tous ceux interrog\u00e9s, \u00e0 garder l\u2019anonymat. Sa crainte\u00a0est celle d\u2019une de SFR, et d\u2019une disparition de l\u2019op\u00e9rateur pour lequel il travaille depuis . Un ing\u00e9nieur charg\u00e9 du d\u00e9veloppement de logiciels qualifie de les propos de la direction. , poursuit-il, en se disant persuad\u00e9 que l\u2019op\u00e9rateur Il vous reste 67.78% de cet article \u00e0 lire. La suite est r\u00e9serv\u00e9e aux abonn\u00e9s.\" \/>\n<meta name=\"robots\" content=\"noindex, follow, max-snippet:-1, max-image-preview:large, max-video-preview:-1\" \/>\n<meta property=\"og:locale\" content=\"fr_FR\" \/>\n<meta property=\"og:type\" content=\"article\" \/>\n<meta property=\"og:title\" content=\"Les incertitudes sur l\u2019avenir de SFR p\u00e8sent sur le climat social dans les t\u00e9l\u00e9coms - vof-news.eu\" \/>\n<meta property=\"og:description\" content=\"Les salari\u00e9s devront s\u2019en contenter. Mardi 1er\u00a0juillet, lors d\u2019une avec les employ\u00e9s de SFR, Arthur Dreyfuss, le PDG d\u2019Altice France, sa maison m\u00e8re, a refus\u00e9 de d\u00e9mentir les sur une vente de l\u2019op\u00e9rateur \u00e0 la concurrence. Sinon,a-t-il fait valoirCette sortie intervient alors que la possibilit\u00e9 d\u2019une consolidation autour de SFR \u00e9lectrise le secteur depuis des mois. Ses rivaux, Orange, Bouygues Telecom et Free (dont le propri\u00e9taire, Xavier Niel, est actionnaire \u00e0 titre individuel du Groupe Le Monde), ne sont pas insensibles \u00e0 la perspective d\u2019un retour \u00e0 trois op\u00e9rateurs, synonyme d\u2019une moindre concurrence et de plus gros profits.   Face \u00e0 ses troupes, Arthur Dreyfuss s\u2019est davantage \u00e9panch\u00e9 sur la restructuration financi\u00e8re d\u2019Altice France. Le groupe de l\u2019homme d\u2019affaires Patrick Drahi a annonc\u00e9, fin mai, son entr\u00e9e en proc\u00e9dure de sauvegarde acc\u00e9l\u00e9r\u00e9e. Son objectif\u00a0: finaliser un accord avec ses cr\u00e9anciers pour r\u00e9duire son \u00e9norme dette de 24 \u00e0 15,5\u00a0milliards d\u2019euros, en \u00e9change de 45\u00a0% du capital. Patrick Drahi, lui, conservera une participation majoritaire de 55\u00a0%., s\u2019est f\u00e9licit\u00e9 Arthur Dreyfuss, louant l\u2019 qui attend, selon lui, SFR, gr\u00e2ce \u00e0 une situation financi\u00e8re. Mardi, devant le si\u00e8ge parisien de l\u2019op\u00e9rateur \u00e0 Balard, plusieurs salari\u00e9s ne partageaient gu\u00e8re son optimisme. , affirme un ing\u00e9nieur r\u00e9seau qui tient, comme tous ceux interrog\u00e9s, \u00e0 garder l\u2019anonymat. Sa crainte\u00a0est celle d\u2019une de SFR, et d\u2019une disparition de l\u2019op\u00e9rateur pour lequel il travaille depuis . Un ing\u00e9nieur charg\u00e9 du d\u00e9veloppement de logiciels qualifie de les propos de la direction. , poursuit-il, en se disant persuad\u00e9 que l\u2019op\u00e9rateur Il vous reste 67.78% de cet article \u00e0 lire. La suite est r\u00e9serv\u00e9e aux abonn\u00e9s.\" \/>\n<meta property=\"og:url\" content=\"https:\/\/vof-news.eu\/fr\/les-incertitudes-sur-lavenir-de-sfr-pesent-sur-le-climat-social-dans-les-telecoms\/\" \/>\n<meta property=\"og:site_name\" content=\"vof-news.eu\" \/>\n<meta property=\"article:published_time\" content=\"2025-07-04T08:33:25+00:00\" \/>\n<meta property=\"article:modified_time\" content=\"2025-07-04T08:33:59+00:00\" \/>\n<meta name=\"author\" content=\"Author\" \/>\n<meta name=\"twitter:card\" content=\"summary_large_image\" \/>\n<meta name=\"twitter:label1\" content=\"\u00c9crit par\" \/>\n\t<meta name=\"twitter:data1\" content=\"Author\" \/>\n\t<meta name=\"twitter:label2\" content=\"Dur\u00e9e de lecture estim\u00e9e\" \/>\n\t<meta name=\"twitter:data2\" content=\"2 minutes\" \/>\n<script type=\"application\/ld+json\" class=\"yoast-schema-graph\">{\"@context\":\"https:\/\/schema.org\",\"@graph\":[{\"@type\":\"WebPage\",\"@id\":\"https:\/\/vof-news.eu\/fr\/les-incertitudes-sur-lavenir-de-sfr-pesent-sur-le-climat-social-dans-les-telecoms\/\",\"url\":\"https:\/\/vof-news.eu\/fr\/les-incertitudes-sur-lavenir-de-sfr-pesent-sur-le-climat-social-dans-les-telecoms\/\",\"name\":\"Les incertitudes sur l\u2019avenir de SFR p\u00e8sent sur le climat social dans les t\u00e9l\u00e9coms - vof-news.eu\",\"isPartOf\":{\"@id\":\"https:\/\/vof-news.eu\/fr\/#website\"},\"datePublished\":\"2025-07-04T08:33:25+00:00\",\"dateModified\":\"2025-07-04T08:33:59+00:00\",\"author\":{\"@id\":\"https:\/\/vof-news.eu\/fr\/#\/schema\/person\/f6a2a4309f0561835797fd8c19b333ed\"},\"description\":\"Les salari\u00e9s devront s\u2019en contenter. Mardi 1er\u00a0juillet, lors d\u2019une avec les employ\u00e9s de SFR, Arthur Dreyfuss, le PDG d\u2019Altice France, sa maison m\u00e8re, a refus\u00e9 de d\u00e9mentir les sur une vente de l\u2019op\u00e9rateur \u00e0 la concurrence. Sinon,a-t-il fait valoirCette sortie intervient alors que la possibilit\u00e9 d\u2019une consolidation autour de SFR \u00e9lectrise le secteur depuis des mois. Ses rivaux, Orange, Bouygues Telecom et Free (dont le propri\u00e9taire, Xavier Niel, est actionnaire \u00e0 titre individuel du Groupe Le Monde), ne sont pas insensibles \u00e0 la perspective d\u2019un retour \u00e0 trois op\u00e9rateurs, synonyme d\u2019une moindre concurrence et de plus gros profits. Face \u00e0 ses troupes, Arthur Dreyfuss s\u2019est davantage \u00e9panch\u00e9 sur la restructuration financi\u00e8re d\u2019Altice France. Le groupe de l\u2019homme d\u2019affaires Patrick Drahi a annonc\u00e9, fin mai, son entr\u00e9e en proc\u00e9dure de sauvegarde acc\u00e9l\u00e9r\u00e9e. Son objectif\u00a0: finaliser un accord avec ses cr\u00e9anciers pour r\u00e9duire son \u00e9norme dette de 24 \u00e0 15,5\u00a0milliards d\u2019euros, en \u00e9change de 45\u00a0% du capital. Patrick Drahi, lui, conservera une participation majoritaire de 55\u00a0%., s\u2019est f\u00e9licit\u00e9 Arthur Dreyfuss, louant l\u2019 qui attend, selon lui, SFR, gr\u00e2ce \u00e0 une situation financi\u00e8re. Mardi, devant le si\u00e8ge parisien de l\u2019op\u00e9rateur \u00e0 Balard, plusieurs salari\u00e9s ne partageaient gu\u00e8re son optimisme. , affirme un ing\u00e9nieur r\u00e9seau qui tient, comme tous ceux interrog\u00e9s, \u00e0 garder l\u2019anonymat. Sa crainte\u00a0est celle d\u2019une de SFR, et d\u2019une disparition de l\u2019op\u00e9rateur pour lequel il travaille depuis . Un ing\u00e9nieur charg\u00e9 du d\u00e9veloppement de logiciels qualifie de les propos de la direction. , poursuit-il, en se disant persuad\u00e9 que l\u2019op\u00e9rateur Il vous reste 67.78% de cet article \u00e0 lire. La suite est r\u00e9serv\u00e9e aux abonn\u00e9s.\",\"breadcrumb\":{\"@id\":\"https:\/\/vof-news.eu\/fr\/les-incertitudes-sur-lavenir-de-sfr-pesent-sur-le-climat-social-dans-les-telecoms\/#breadcrumb\"},\"inLanguage\":\"fr-FR\",\"potentialAction\":[{\"@type\":\"ReadAction\",\"target\":[\"https:\/\/vof-news.eu\/fr\/les-incertitudes-sur-lavenir-de-sfr-pesent-sur-le-climat-social-dans-les-telecoms\/\"]}]},{\"@type\":\"BreadcrumbList\",\"@id\":\"https:\/\/vof-news.eu\/fr\/les-incertitudes-sur-lavenir-de-sfr-pesent-sur-le-climat-social-dans-les-telecoms\/#breadcrumb\",\"itemListElement\":[{\"@type\":\"ListItem\",\"position\":1,\"name\":\"Home\",\"item\":\"https:\/\/vof-news.eu\/fr\/\"},{\"@type\":\"ListItem\",\"position\":2,\"name\":\"Les incertitudes sur l\u2019avenir de SFR p\u00e8sent sur le climat social dans les t\u00e9l\u00e9coms\"}]},{\"@type\":\"WebSite\",\"@id\":\"https:\/\/vof-news.eu\/fr\/#website\",\"url\":\"https:\/\/vof-news.eu\/fr\/\",\"name\":\"vof-news.eu\",\"description\":\"\",\"potentialAction\":[{\"@type\":\"SearchAction\",\"target\":{\"@type\":\"EntryPoint\",\"urlTemplate\":\"https:\/\/vof-news.eu\/fr\/?s={search_term_string}\"},\"query-input\":\"required name=search_term_string\"}],\"inLanguage\":\"fr-FR\"},{\"@type\":\"Person\",\"@id\":\"https:\/\/vof-news.eu\/fr\/#\/schema\/person\/f6a2a4309f0561835797fd8c19b333ed\",\"name\":\"Author\",\"image\":{\"@type\":\"ImageObject\",\"inLanguage\":\"fr-FR\",\"@id\":\"https:\/\/vof-news.eu\/fr\/#\/schema\/person\/image\/\",\"url\":\"https:\/\/secure.gravatar.com\/avatar\/b67e614b1b25b3e9c0c239efdd2fde5ab015b5affd6f1c3c85911ca4b384e790?s=96&d=mm&r=g\",\"contentUrl\":\"https:\/\/secure.gravatar.com\/avatar\/b67e614b1b25b3e9c0c239efdd2fde5ab015b5affd6f1c3c85911ca4b384e790?s=96&d=mm&r=g\",\"caption\":\"Author\"},\"sameAs\":[\"http:\/\/vof-news.eu\"],\"url\":\"https:\/\/vof-news.eu\/fr\/author\/zwt6qxnjulxbnyg\/\"}]}<\/script>\n<!-- \/ Yoast SEO plugin. -->","yoast_head_json":{"title":"Les incertitudes sur l\u2019avenir de SFR p\u00e8sent sur le climat social dans les t\u00e9l\u00e9coms - vof-news.eu","description":"Les salari\u00e9s devront s\u2019en contenter. Mardi 1er\u00a0juillet, lors d\u2019une avec les employ\u00e9s de SFR, Arthur Dreyfuss, le PDG d\u2019Altice France, sa maison m\u00e8re, a refus\u00e9 de d\u00e9mentir les sur une vente de l\u2019op\u00e9rateur \u00e0 la concurrence. Sinon,a-t-il fait valoirCette sortie intervient alors que la possibilit\u00e9 d\u2019une consolidation autour de SFR \u00e9lectrise le secteur depuis des mois. Ses rivaux, Orange, Bouygues Telecom et Free (dont le propri\u00e9taire, Xavier Niel, est actionnaire \u00e0 titre individuel du Groupe Le Monde), ne sont pas insensibles \u00e0 la perspective d\u2019un retour \u00e0 trois op\u00e9rateurs, synonyme d\u2019une moindre concurrence et de plus gros profits.   Face \u00e0 ses troupes, Arthur Dreyfuss s\u2019est davantage \u00e9panch\u00e9 sur la restructuration financi\u00e8re d\u2019Altice France. Le groupe de l\u2019homme d\u2019affaires Patrick Drahi a annonc\u00e9, fin mai, son entr\u00e9e en proc\u00e9dure de sauvegarde acc\u00e9l\u00e9r\u00e9e. Son objectif\u00a0: finaliser un accord avec ses cr\u00e9anciers pour r\u00e9duire son \u00e9norme dette de 24 \u00e0 15,5\u00a0milliards d\u2019euros, en \u00e9change de 45\u00a0% du capital. Patrick Drahi, lui, conservera une participation majoritaire de 55\u00a0%., s\u2019est f\u00e9licit\u00e9 Arthur Dreyfuss, louant l\u2019 qui attend, selon lui, SFR, gr\u00e2ce \u00e0 une situation financi\u00e8re. Mardi, devant le si\u00e8ge parisien de l\u2019op\u00e9rateur \u00e0 Balard, plusieurs salari\u00e9s ne partageaient gu\u00e8re son optimisme. , affirme un ing\u00e9nieur r\u00e9seau qui tient, comme tous ceux interrog\u00e9s, \u00e0 garder l\u2019anonymat. Sa crainte\u00a0est celle d\u2019une de SFR, et d\u2019une disparition de l\u2019op\u00e9rateur pour lequel il travaille depuis . Un ing\u00e9nieur charg\u00e9 du d\u00e9veloppement de logiciels qualifie de les propos de la direction. , poursuit-il, en se disant persuad\u00e9 que l\u2019op\u00e9rateur Il vous reste 67.78% de cet article \u00e0 lire. La suite est r\u00e9serv\u00e9e aux abonn\u00e9s.","robots":{"index":"noindex","follow":"follow","max-snippet":"max-snippet:-1","max-image-preview":"max-image-preview:large","max-video-preview":"max-video-preview:-1"},"og_locale":"fr_FR","og_type":"article","og_title":"Les incertitudes sur l\u2019avenir de SFR p\u00e8sent sur le climat social dans les t\u00e9l\u00e9coms - vof-news.eu","og_description":"Les salari\u00e9s devront s\u2019en contenter. Mardi 1er\u00a0juillet, lors d\u2019une avec les employ\u00e9s de SFR, Arthur Dreyfuss, le PDG d\u2019Altice France, sa maison m\u00e8re, a refus\u00e9 de d\u00e9mentir les sur une vente de l\u2019op\u00e9rateur \u00e0 la concurrence. Sinon,a-t-il fait valoirCette sortie intervient alors que la possibilit\u00e9 d\u2019une consolidation autour de SFR \u00e9lectrise le secteur depuis des mois. Ses rivaux, Orange, Bouygues Telecom et Free (dont le propri\u00e9taire, Xavier Niel, est actionnaire \u00e0 titre individuel du Groupe Le Monde), ne sont pas insensibles \u00e0 la perspective d\u2019un retour \u00e0 trois op\u00e9rateurs, synonyme d\u2019une moindre concurrence et de plus gros profits.   Face \u00e0 ses troupes, Arthur Dreyfuss s\u2019est davantage \u00e9panch\u00e9 sur la restructuration financi\u00e8re d\u2019Altice France. Le groupe de l\u2019homme d\u2019affaires Patrick Drahi a annonc\u00e9, fin mai, son entr\u00e9e en proc\u00e9dure de sauvegarde acc\u00e9l\u00e9r\u00e9e. Son objectif\u00a0: finaliser un accord avec ses cr\u00e9anciers pour r\u00e9duire son \u00e9norme dette de 24 \u00e0 15,5\u00a0milliards d\u2019euros, en \u00e9change de 45\u00a0% du capital. Patrick Drahi, lui, conservera une participation majoritaire de 55\u00a0%., s\u2019est f\u00e9licit\u00e9 Arthur Dreyfuss, louant l\u2019 qui attend, selon lui, SFR, gr\u00e2ce \u00e0 une situation financi\u00e8re. Mardi, devant le si\u00e8ge parisien de l\u2019op\u00e9rateur \u00e0 Balard, plusieurs salari\u00e9s ne partageaient gu\u00e8re son optimisme. , affirme un ing\u00e9nieur r\u00e9seau qui tient, comme tous ceux interrog\u00e9s, \u00e0 garder l\u2019anonymat. Sa crainte\u00a0est celle d\u2019une de SFR, et d\u2019une disparition de l\u2019op\u00e9rateur pour lequel il travaille depuis . Un ing\u00e9nieur charg\u00e9 du d\u00e9veloppement de logiciels qualifie de les propos de la direction. , poursuit-il, en se disant persuad\u00e9 que l\u2019op\u00e9rateur Il vous reste 67.78% de cet article \u00e0 lire. La suite est r\u00e9serv\u00e9e aux abonn\u00e9s.","og_url":"https:\/\/vof-news.eu\/fr\/les-incertitudes-sur-lavenir-de-sfr-pesent-sur-le-climat-social-dans-les-telecoms\/","og_site_name":"vof-news.eu","article_published_time":"2025-07-04T08:33:25+00:00","article_modified_time":"2025-07-04T08:33:59+00:00","author":"Author","twitter_card":"summary_large_image","twitter_misc":{"\u00c9crit par":"Author","Dur\u00e9e de lecture estim\u00e9e":"2 minutes"},"schema":{"@context":"https:\/\/schema.org","@graph":[{"@type":"WebPage","@id":"https:\/\/vof-news.eu\/fr\/les-incertitudes-sur-lavenir-de-sfr-pesent-sur-le-climat-social-dans-les-telecoms\/","url":"https:\/\/vof-news.eu\/fr\/les-incertitudes-sur-lavenir-de-sfr-pesent-sur-le-climat-social-dans-les-telecoms\/","name":"Les incertitudes sur l\u2019avenir de SFR p\u00e8sent sur le climat social dans les t\u00e9l\u00e9coms - vof-news.eu","isPartOf":{"@id":"https:\/\/vof-news.eu\/fr\/#website"},"datePublished":"2025-07-04T08:33:25+00:00","dateModified":"2025-07-04T08:33:59+00:00","author":{"@id":"https:\/\/vof-news.eu\/fr\/#\/schema\/person\/f6a2a4309f0561835797fd8c19b333ed"},"description":"Les salari\u00e9s devront s\u2019en contenter. Mardi 1er\u00a0juillet, lors d\u2019une avec les employ\u00e9s de SFR, Arthur Dreyfuss, le PDG d\u2019Altice France, sa maison m\u00e8re, a refus\u00e9 de d\u00e9mentir les sur une vente de l\u2019op\u00e9rateur \u00e0 la concurrence. Sinon,a-t-il fait valoirCette sortie intervient alors que la possibilit\u00e9 d\u2019une consolidation autour de SFR \u00e9lectrise le secteur depuis des mois. Ses rivaux, Orange, Bouygues Telecom et Free (dont le propri\u00e9taire, Xavier Niel, est actionnaire \u00e0 titre individuel du Groupe Le Monde), ne sont pas insensibles \u00e0 la perspective d\u2019un retour \u00e0 trois op\u00e9rateurs, synonyme d\u2019une moindre concurrence et de plus gros profits. Face \u00e0 ses troupes, Arthur Dreyfuss s\u2019est davantage \u00e9panch\u00e9 sur la restructuration financi\u00e8re d\u2019Altice France. Le groupe de l\u2019homme d\u2019affaires Patrick Drahi a annonc\u00e9, fin mai, son entr\u00e9e en proc\u00e9dure de sauvegarde acc\u00e9l\u00e9r\u00e9e. Son objectif\u00a0: finaliser un accord avec ses cr\u00e9anciers pour r\u00e9duire son \u00e9norme dette de 24 \u00e0 15,5\u00a0milliards d\u2019euros, en \u00e9change de 45\u00a0% du capital. Patrick Drahi, lui, conservera une participation majoritaire de 55\u00a0%., s\u2019est f\u00e9licit\u00e9 Arthur Dreyfuss, louant l\u2019 qui attend, selon lui, SFR, gr\u00e2ce \u00e0 une situation financi\u00e8re. Mardi, devant le si\u00e8ge parisien de l\u2019op\u00e9rateur \u00e0 Balard, plusieurs salari\u00e9s ne partageaient gu\u00e8re son optimisme. , affirme un ing\u00e9nieur r\u00e9seau qui tient, comme tous ceux interrog\u00e9s, \u00e0 garder l\u2019anonymat. Sa crainte\u00a0est celle d\u2019une de SFR, et d\u2019une disparition de l\u2019op\u00e9rateur pour lequel il travaille depuis . Un ing\u00e9nieur charg\u00e9 du d\u00e9veloppement de logiciels qualifie de les propos de la direction. , poursuit-il, en se disant persuad\u00e9 que l\u2019op\u00e9rateur Il vous reste 67.78% de cet article \u00e0 lire. La suite est r\u00e9serv\u00e9e aux abonn\u00e9s.","breadcrumb":{"@id":"https:\/\/vof-news.eu\/fr\/les-incertitudes-sur-lavenir-de-sfr-pesent-sur-le-climat-social-dans-les-telecoms\/#breadcrumb"},"inLanguage":"fr-FR","potentialAction":[{"@type":"ReadAction","target":["https:\/\/vof-news.eu\/fr\/les-incertitudes-sur-lavenir-de-sfr-pesent-sur-le-climat-social-dans-les-telecoms\/"]}]},{"@type":"BreadcrumbList","@id":"https:\/\/vof-news.eu\/fr\/les-incertitudes-sur-lavenir-de-sfr-pesent-sur-le-climat-social-dans-les-telecoms\/#breadcrumb","itemListElement":[{"@type":"ListItem","position":1,"name":"Home","item":"https:\/\/vof-news.eu\/fr\/"},{"@type":"ListItem","position":2,"name":"Les incertitudes sur l\u2019avenir de SFR p\u00e8sent sur le climat social dans les t\u00e9l\u00e9coms"}]},{"@type":"WebSite","@id":"https:\/\/vof-news.eu\/fr\/#website","url":"https:\/\/vof-news.eu\/fr\/","name":"vof-news.eu","description":"","potentialAction":[{"@type":"SearchAction","target":{"@type":"EntryPoint","urlTemplate":"https:\/\/vof-news.eu\/fr\/?s={search_term_string}"},"query-input":"required name=search_term_string"}],"inLanguage":"fr-FR"},{"@type":"Person","@id":"https:\/\/vof-news.eu\/fr\/#\/schema\/person\/f6a2a4309f0561835797fd8c19b333ed","name":"Author","image":{"@type":"ImageObject","inLanguage":"fr-FR","@id":"https:\/\/vof-news.eu\/fr\/#\/schema\/person\/image\/","url":"https:\/\/secure.gravatar.com\/avatar\/b67e614b1b25b3e9c0c239efdd2fde5ab015b5affd6f1c3c85911ca4b384e790?s=96&d=mm&r=g","contentUrl":"https:\/\/secure.gravatar.com\/avatar\/b67e614b1b25b3e9c0c239efdd2fde5ab015b5affd6f1c3c85911ca4b384e790?s=96&d=mm&r=g","caption":"Author"},"sameAs":["http:\/\/vof-news.eu"],"url":"https:\/\/vof-news.eu\/fr\/author\/zwt6qxnjulxbnyg\/"}]}},"yoast_meta":{"yoast_wpseo_title":"","yoast_wpseo_metadesc":"","yoast_wpseo_canonical":""},"_links":{"self":[{"href":"https:\/\/vof-news.eu\/fr\/wp-json\/wp\/v2\/posts\/246913","targetHints":{"allow":["GET"]}}],"collection":[{"href":"https:\/\/vof-news.eu\/fr\/wp-json\/wp\/v2\/posts"}],"about":[{"href":"https:\/\/vof-news.eu\/fr\/wp-json\/wp\/v2\/types\/post"}],"author":[{"embeddable":true,"href":"https:\/\/vof-news.eu\/fr\/wp-json\/wp\/v2\/users\/1"}],"replies":[{"embeddable":true,"href":"https:\/\/vof-news.eu\/fr\/wp-json\/wp\/v2\/comments?post=246913"}],"version-history":[{"count":1,"href":"https:\/\/vof-news.eu\/fr\/wp-json\/wp\/v2\/posts\/246913\/revisions"}],"predecessor-version":[{"id":246914,"href":"https:\/\/vof-news.eu\/fr\/wp-json\/wp\/v2\/posts\/246913\/revisions\/246914"}],"wp:attachment":[{"href":"https:\/\/vof-news.eu\/fr\/wp-json\/wp\/v2\/media?parent=246913"}],"wp:term":[{"taxonomy":"category","embeddable":true,"href":"https:\/\/vof-news.eu\/fr\/wp-json\/wp\/v2\/categories?post=246913"},{"taxonomy":"post_tag","embeddable":true,"href":"https:\/\/vof-news.eu\/fr\/wp-json\/wp\/v2\/tags?post=246913"}],"curies":[{"name":"wp","href":"https:\/\/api.w.org\/{rel}","templated":true}]}}