{"id":246905,"date":"2025-07-04T11:32:26","date_gmt":"2025-07-04T08:32:26","guid":{"rendered":"https:\/\/vof-news.eu\/droits-de-douane-donald-trump-enverra-des-vendredi-des-lettres-aux-pays-cibles-devoilant-les-taux-qui-leur-seront-appliques\/"},"modified":"2025-07-04T11:32:54","modified_gmt":"2025-07-04T08:32:54","slug":"droits-de-douane-donald-trump-enverra-des-vendredi-des-lettres-aux-pays-cibles-devoilant-les-taux-qui-leur-seront-appliques","status":"publish","type":"post","link":"https:\/\/vof-news.eu\/fr\/droits-de-douane-donald-trump-enverra-des-vendredi-des-lettres-aux-pays-cibles-devoilant-les-taux-qui-leur-seront-appliques\/","title":{"rendered":"Droits de douane\u00a0: Donald Trump enverra d\u00e8s vendredi des lettres aux pays cibl\u00e9s, d\u00e9voilant les taux qui leur seront appliqu\u00e9s"},"content":{"rendered":"<article>\n<p>Alors que les n\u00e9gociations sur le sujet entrent dans leur derni\u00e8re ligne droite, Donald Trump a d\u00e9clar\u00e9, jeudi 3\u00a0juillet, que son administration commencerait \u00e0 envoyer d\u00e8s vendredi des lettres aux partenaires commerciaux des Etats-Unis pour pr\u00e9ciser le taux de droits de douane qui leur sera respectivement appliqu\u00e9. (\u2026), a-t-il dit.<\/p>\n<p>Cette d\u00e9claration du pr\u00e9sident am\u00e9ricain intervient \u00e0 quelques jours du retour de droits de douane punitifs et diff\u00e9renci\u00e9s que les Etats-Unis comptent imposer \u00e0 allant de Ta\u00efwan \u00e0 l\u2019Union europ\u00e9enne (UE). M.\u00a0Trump a d\u00e9clar\u00e9 \u00e0 la presse qu\u2019environlettres seraient envoy\u00e9es vendredi, avant d\u2019autres .  a poursuivi le pr\u00e9sident, faisant r\u00e9f\u00e9rence \u00e0 la date limite qu\u2019il avait initialement fix\u00e9e pour que les pays concluent des accords avec les Etats-Unis, afin d\u2019\u00e9viter les droits d\u2019importation plus \u00e9lev\u00e9s dont il les a menac\u00e9s.<\/p>\n<p>, a-t-il ensuite pr\u00e9cis\u00e9, ajoutant que les pays \u00e0 cette date. M.\u00a0Trump n\u2019a pas pr\u00e9cis\u00e9 quels pays seraient frapp\u00e9s par les droits de douane, ni si cela signifiait que certains produits seraient tax\u00e9s \u00e0 un taux plus \u00e9lev\u00e9 que d\u2019autres.<\/p>\n<section>   <\/section>\n<h2>Seulement deux accords commerciaux nou\u00e9s<\/h2>\n<p>L\u2019\u00e9chelon sup\u00e9rieur de cette fourchette, s\u2019il est officialis\u00e9, serait plus \u00e9lev\u00e9 que les droits de douane <a href=\"https:\/\/www.lemonde.fr\/economie\/live\/2025\/04\/05\/en-direct-droits-de-douane-keir-starmer-et-emmanuel-macron-partagent-l-idee-que-la-guerre-commerciale-n-est-dans-l-interet-de-personne_6590006_3234.html\" rel=\"nofollow\">que le pr\u00e9sident am\u00e9ricain a initialement pr\u00e9sent\u00e9s d\u00e9but avril<\/a>.<\/p>\n<p>Lors de cette annonce d\u2019une hausse drastique des droits de douane \u00e0 l\u2019encontre du reste du monde, qui a cr\u00e9\u00e9 une onde de choc en annon\u00e7ant, M.\u00a0Trump avait \u00e9voqu\u00e9 une surtaxe minimale de 10\u00a0% pouvant aller jusqu\u2019\u00e0 50\u00a0% pour les pays exportant plus vers les Etats-Unis qu\u2019ils n\u2019importent de produits am\u00e9ricains.<\/p>\n<p>Le pr\u00e9sident am\u00e9ricain a ensuite suspendu ces taxes douani\u00e8res, laissant la voie \u00e0 des n\u00e9gociations commerciales avec chacun des partenaires.<\/p>\n<p>Pour l\u2019heure, l\u2019administration Trump n\u2019a d\u00e9voil\u00e9 que <a href=\"https:\/\/www.lemonde.fr\/economie\/article\/2025\/06\/30\/au-royaume-uni-l-accord-sur-les-droits-de-douane-reduits-sur-les-exportations-vers-les-etats-unis-entre-en-vigueur_6616904_3234.html\" rel=\"nofollow\">des accords avec le Royaume-Uni <\/a>et le Vietnam, <a href=\"https:\/\/www.lemonde.fr\/economie\/article\/2025\/06\/11\/droits-de-douane-la-chine-et-les-etats-unis-annoncent-etre-parvenus-a-un-accord-sur-un-cadre-general-a-londres_6612113_3234.html\" rel=\"nofollow\">tandis que Washington et P\u00e9kin ont convenu de r\u00e9duire temporairement leurs taxes r\u00e9ciproques<\/a>.<\/p>\n<section>  <a href=\"https:\/\/www.lemonde.fr\/newsletters\/a-la-une\/\" rel=\"nofollow\">    <\/a> <\/section>\n<p>Le pr\u00e9sident r\u00e9publicain a longtemps menac\u00e9 les pays qui ne parviendraient pas \u00e0 conclure des accords avec les Etats-Unis avant la date limite de leur imposer tout simplement des taux, faisant ainsi monter les ench\u00e8res pour conclure des accords avec son administration. M.\u00a0Trump a d\u00e9clar\u00e9 jeudi qu\u2019il s\u2019attendait \u00e0  accords plus d\u00e9taill\u00e9s soient d\u2019ici l\u00e0 annonc\u00e9s avec certains autres pays, tout en reconnaissant la difficult\u00e9 de telles n\u00e9gociations.<\/p>\n<section>   <\/section>\n<section>\n<p> <span>Le Monde avec AFP, Reuters et Bloomberg<\/span> <\/p>\n<\/section>\n<section>\n<section>\n<header>   <\/header>\n<section>\n<section> <a href=\"https:\/\/abo.lemonde.fr\/?lmd_medium=BOUTONS_LMFR&amp;lmd_campaign=CONTRIBUTION_ARTICLE\" rel=\"nofollow\">S\u2019abonner<\/a> <\/section>\n<\/section>\n<section><\/section>\n<\/section>\n<p>Contribuer<\/p>\n<p> <a href=\"https:\/\/www.lemonde.fr\/syndication\/\" rel=\"nofollow\">R\u00e9utiliser ce contenu<\/a> <\/section>\n<\/article>\n","protected":false},"excerpt":{"rendered":"<p>Alors que les n\u00e9gociations sur le sujet entrent dans leur derni\u00e8re ligne droite, Donald Trump a d\u00e9clar\u00e9, jeudi 3\u00a0juillet, que son administration commencerait \u00e0 envoyer d\u00e8s vendredi des lettres aux partenaires commerciaux des Etats-Unis pour pr\u00e9ciser le taux de droits de douane qui leur sera respectivement appliqu\u00e9. (\u2026), a-t-il dit. Cette d\u00e9claration du pr\u00e9sident am\u00e9ricain<\/p>\n","protected":false},"author":1,"featured_media":246906,"comment_status":"open","ping_status":"open","sticky":false,"template":"","format":"standard","meta":{"footnotes":""},"categories":[58],"tags":[],"class_list":["post-246905","post","type-post","status-publish","format-standard","has-post-thumbnail","hentry","category-business-fr"],"acf":[],"yoast_head":"<!-- This site is optimized with the Yoast SEO plugin v22.9 - https:\/\/yoast.com\/wordpress\/plugins\/seo\/ -->\n<title>Droits de douane\u00a0: Donald Trump enverra d\u00e8s vendredi des lettres aux pays cibl\u00e9s, d\u00e9voilant les taux qui leur seront appliqu\u00e9s - vof-news.eu<\/title>\n<meta name=\"description\" content=\"Alors que les n\u00e9gociations sur le sujet entrent dans leur derni\u00e8re ligne droite, Donald Trump a d\u00e9clar\u00e9, jeudi 3\u00a0juillet, que son administration commencerait \u00e0 envoyer d\u00e8s vendredi des lettres aux partenaires commerciaux des Etats-Unis pour pr\u00e9ciser le taux de droits de douane qui leur sera respectivement appliqu\u00e9. (\u2026), a-t-il dit. Cette d\u00e9claration du pr\u00e9sident am\u00e9ricain intervient \u00e0 quelques jours du retour de droits de douane punitifs et diff\u00e9renci\u00e9s que les Etats-Unis comptent imposer \u00e0 allant de Ta\u00efwan \u00e0 l\u2019Union europ\u00e9enne (UE). M.\u00a0Trump a d\u00e9clar\u00e9 \u00e0 la presse qu\u2019environlettres seraient envoy\u00e9es vendredi, avant d\u2019autres . a poursuivi le pr\u00e9sident, faisant r\u00e9f\u00e9rence \u00e0 la date limite qu\u2019il avait initialement fix\u00e9e pour que les pays concluent des accords avec les Etats-Unis, afin d\u2019\u00e9viter les droits d\u2019importation plus \u00e9lev\u00e9s dont il les a menac\u00e9s. , a-t-il ensuite pr\u00e9cis\u00e9, ajoutant que les pays \u00e0 cette date. M.\u00a0Trump n\u2019a pas pr\u00e9cis\u00e9 quels pays seraient frapp\u00e9s par les droits de douane, ni si cela signifiait que certains produits seraient tax\u00e9s \u00e0 un taux plus \u00e9lev\u00e9 que d\u2019autres.   Seulement deux accords commerciaux nou\u00e9s L\u2019\u00e9chelon sup\u00e9rieur de cette fourchette, s\u2019il est officialis\u00e9, serait plus \u00e9lev\u00e9 que les droits de douane que le pr\u00e9sident am\u00e9ricain a initialement pr\u00e9sent\u00e9s d\u00e9but avril. Lors de cette annonce d\u2019une hausse drastique des droits de douane \u00e0 l\u2019encontre du reste du monde, qui a cr\u00e9\u00e9 une onde de choc en annon\u00e7ant, M.\u00a0Trump avait \u00e9voqu\u00e9 une surtaxe minimale de 10\u00a0% pouvant aller jusqu\u2019\u00e0 50\u00a0% pour les pays exportant plus vers les Etats-Unis qu\u2019ils n\u2019importent de produits am\u00e9ricains. Le pr\u00e9sident am\u00e9ricain a ensuite suspendu ces taxes douani\u00e8res, laissant la voie \u00e0 des n\u00e9gociations commerciales avec chacun des partenaires. Pour l\u2019heure, l\u2019administration Trump n\u2019a d\u00e9voil\u00e9 que des accords avec le Royaume-Uni et le Vietnam, tandis que Washington et P\u00e9kin ont convenu de r\u00e9duire temporairement leurs taxes r\u00e9ciproques.     Le pr\u00e9sident r\u00e9publicain a longtemps menac\u00e9 les pays qui ne parviendraient pas \u00e0 conclure des accords avec les Etats-Unis avant la date limite de leur imposer tout simplement des taux, faisant ainsi monter les ench\u00e8res pour conclure des accords avec son administration. M.\u00a0Trump a d\u00e9clar\u00e9 jeudi qu\u2019il s\u2019attendait \u00e0 accords plus d\u00e9taill\u00e9s soient d\u2019ici l\u00e0 annonc\u00e9s avec certains autres pays, tout en reconnaissant la difficult\u00e9 de telles n\u00e9gociations.    Le Monde avec AFP, Reuters et Bloomberg      S\u2019abonner   Contribuer R\u00e9utiliser ce contenu\" \/>\n<meta name=\"robots\" content=\"noindex, follow, max-snippet:-1, max-image-preview:large, max-video-preview:-1\" \/>\n<meta property=\"og:locale\" content=\"fr_FR\" \/>\n<meta property=\"og:type\" content=\"article\" \/>\n<meta property=\"og:title\" content=\"Droits de douane\u00a0: Donald Trump enverra d\u00e8s vendredi des lettres aux pays cibl\u00e9s, d\u00e9voilant les taux qui leur seront appliqu\u00e9s - vof-news.eu\" \/>\n<meta property=\"og:description\" content=\"Alors que les n\u00e9gociations sur le sujet entrent dans leur derni\u00e8re ligne droite, Donald Trump a d\u00e9clar\u00e9, jeudi 3\u00a0juillet, que son administration commencerait \u00e0 envoyer d\u00e8s vendredi des lettres aux partenaires commerciaux des Etats-Unis pour pr\u00e9ciser le taux de droits de douane qui leur sera respectivement appliqu\u00e9. (\u2026), a-t-il dit. Cette d\u00e9claration du pr\u00e9sident am\u00e9ricain intervient \u00e0 quelques jours du retour de droits de douane punitifs et diff\u00e9renci\u00e9s que les Etats-Unis comptent imposer \u00e0 allant de Ta\u00efwan \u00e0 l\u2019Union europ\u00e9enne (UE). M.\u00a0Trump a d\u00e9clar\u00e9 \u00e0 la presse qu\u2019environlettres seraient envoy\u00e9es vendredi, avant d\u2019autres . a poursuivi le pr\u00e9sident, faisant r\u00e9f\u00e9rence \u00e0 la date limite qu\u2019il avait initialement fix\u00e9e pour que les pays concluent des accords avec les Etats-Unis, afin d\u2019\u00e9viter les droits d\u2019importation plus \u00e9lev\u00e9s dont il les a menac\u00e9s. , a-t-il ensuite pr\u00e9cis\u00e9, ajoutant que les pays \u00e0 cette date. M.\u00a0Trump n\u2019a pas pr\u00e9cis\u00e9 quels pays seraient frapp\u00e9s par les droits de douane, ni si cela signifiait que certains produits seraient tax\u00e9s \u00e0 un taux plus \u00e9lev\u00e9 que d\u2019autres.   Seulement deux accords commerciaux nou\u00e9s L\u2019\u00e9chelon sup\u00e9rieur de cette fourchette, s\u2019il est officialis\u00e9, serait plus \u00e9lev\u00e9 que les droits de douane que le pr\u00e9sident am\u00e9ricain a initialement pr\u00e9sent\u00e9s d\u00e9but avril. Lors de cette annonce d\u2019une hausse drastique des droits de douane \u00e0 l\u2019encontre du reste du monde, qui a cr\u00e9\u00e9 une onde de choc en annon\u00e7ant, M.\u00a0Trump avait \u00e9voqu\u00e9 une surtaxe minimale de 10\u00a0% pouvant aller jusqu\u2019\u00e0 50\u00a0% pour les pays exportant plus vers les Etats-Unis qu\u2019ils n\u2019importent de produits am\u00e9ricains. Le pr\u00e9sident am\u00e9ricain a ensuite suspendu ces taxes douani\u00e8res, laissant la voie \u00e0 des n\u00e9gociations commerciales avec chacun des partenaires. Pour l\u2019heure, l\u2019administration Trump n\u2019a d\u00e9voil\u00e9 que des accords avec le Royaume-Uni et le Vietnam, tandis que Washington et P\u00e9kin ont convenu de r\u00e9duire temporairement leurs taxes r\u00e9ciproques.     Le pr\u00e9sident r\u00e9publicain a longtemps menac\u00e9 les pays qui ne parviendraient pas \u00e0 conclure des accords avec les Etats-Unis avant la date limite de leur imposer tout simplement des taux, faisant ainsi monter les ench\u00e8res pour conclure des accords avec son administration. M.\u00a0Trump a d\u00e9clar\u00e9 jeudi qu\u2019il s\u2019attendait \u00e0 accords plus d\u00e9taill\u00e9s soient d\u2019ici l\u00e0 annonc\u00e9s avec certains autres pays, tout en reconnaissant la difficult\u00e9 de telles n\u00e9gociations.    Le Monde avec AFP, Reuters et Bloomberg      S\u2019abonner   Contribuer R\u00e9utiliser ce contenu\" \/>\n<meta property=\"og:url\" content=\"https:\/\/vof-news.eu\/fr\/droits-de-douane-donald-trump-enverra-des-vendredi-des-lettres-aux-pays-cibles-devoilant-les-taux-qui-leur-seront-appliques\/\" \/>\n<meta property=\"og:site_name\" content=\"vof-news.eu\" \/>\n<meta property=\"article:published_time\" content=\"2025-07-04T08:32:26+00:00\" \/>\n<meta property=\"article:modified_time\" content=\"2025-07-04T08:32:54+00:00\" \/>\n<meta property=\"og:image\" content=\"https:\/\/vof-news.eu\/wp-content\/uploads\/2025\/07\/1a4bf0a_ftp-import-images-1-jsu8vc53qv7r-2025-07-04t045213z-970108905-rc2gffainro1-rtrmadp-3-usa-trump.jpg\" \/>\n\t<meta property=\"og:image:width\" content=\"664\" \/>\n\t<meta property=\"og:image:height\" content=\"443\" \/>\n\t<meta property=\"og:image:type\" content=\"image\/jpeg\" \/>\n<meta name=\"author\" content=\"Author\" \/>\n<meta name=\"twitter:card\" content=\"summary_large_image\" \/>\n<meta name=\"twitter:label1\" content=\"\u00c9crit par\" \/>\n\t<meta name=\"twitter:data1\" content=\"Author\" \/>\n\t<meta name=\"twitter:label2\" content=\"Dur\u00e9e de lecture estim\u00e9e\" \/>\n\t<meta name=\"twitter:data2\" content=\"2 minutes\" \/>\n<script type=\"application\/ld+json\" class=\"yoast-schema-graph\">{\"@context\":\"https:\/\/schema.org\",\"@graph\":[{\"@type\":\"WebPage\",\"@id\":\"https:\/\/vof-news.eu\/fr\/droits-de-douane-donald-trump-enverra-des-vendredi-des-lettres-aux-pays-cibles-devoilant-les-taux-qui-leur-seront-appliques\/\",\"url\":\"https:\/\/vof-news.eu\/fr\/droits-de-douane-donald-trump-enverra-des-vendredi-des-lettres-aux-pays-cibles-devoilant-les-taux-qui-leur-seront-appliques\/\",\"name\":\"Droits de douane\u00a0: Donald Trump enverra d\u00e8s vendredi des lettres aux pays cibl\u00e9s, d\u00e9voilant les taux qui leur seront appliqu\u00e9s - vof-news.eu\",\"isPartOf\":{\"@id\":\"https:\/\/vof-news.eu\/fr\/#website\"},\"primaryImageOfPage\":{\"@id\":\"https:\/\/vof-news.eu\/fr\/droits-de-douane-donald-trump-enverra-des-vendredi-des-lettres-aux-pays-cibles-devoilant-les-taux-qui-leur-seront-appliques\/#primaryimage\"},\"image\":{\"@id\":\"https:\/\/vof-news.eu\/fr\/droits-de-douane-donald-trump-enverra-des-vendredi-des-lettres-aux-pays-cibles-devoilant-les-taux-qui-leur-seront-appliques\/#primaryimage\"},\"thumbnailUrl\":\"https:\/\/vof-news.eu\/wp-content\/uploads\/2025\/07\/1a4bf0a_ftp-import-images-1-jsu8vc53qv7r-2025-07-04t045213z-970108905-rc2gffainro1-rtrmadp-3-usa-trump.jpg\",\"datePublished\":\"2025-07-04T08:32:26+00:00\",\"dateModified\":\"2025-07-04T08:32:54+00:00\",\"author\":{\"@id\":\"https:\/\/vof-news.eu\/fr\/#\/schema\/person\/f6a2a4309f0561835797fd8c19b333ed\"},\"description\":\"Alors que les n\u00e9gociations sur le sujet entrent dans leur derni\u00e8re ligne droite, Donald Trump a d\u00e9clar\u00e9, jeudi 3\u00a0juillet, que son administration commencerait \u00e0 envoyer d\u00e8s vendredi des lettres aux partenaires commerciaux des Etats-Unis pour pr\u00e9ciser le taux de droits de douane qui leur sera respectivement appliqu\u00e9. (\u2026), a-t-il dit. Cette d\u00e9claration du pr\u00e9sident am\u00e9ricain intervient \u00e0 quelques jours du retour de droits de douane punitifs et diff\u00e9renci\u00e9s que les Etats-Unis comptent imposer \u00e0 allant de Ta\u00efwan \u00e0 l\u2019Union europ\u00e9enne (UE). M.\u00a0Trump a d\u00e9clar\u00e9 \u00e0 la presse qu\u2019environlettres seraient envoy\u00e9es vendredi, avant d\u2019autres . a poursuivi le pr\u00e9sident, faisant r\u00e9f\u00e9rence \u00e0 la date limite qu\u2019il avait initialement fix\u00e9e pour que les pays concluent des accords avec les Etats-Unis, afin d\u2019\u00e9viter les droits d\u2019importation plus \u00e9lev\u00e9s dont il les a menac\u00e9s. , a-t-il ensuite pr\u00e9cis\u00e9, ajoutant que les pays \u00e0 cette date. M.\u00a0Trump n\u2019a pas pr\u00e9cis\u00e9 quels pays seraient frapp\u00e9s par les droits de douane, ni si cela signifiait que certains produits seraient tax\u00e9s \u00e0 un taux plus \u00e9lev\u00e9 que d\u2019autres. Seulement deux accords commerciaux nou\u00e9s L\u2019\u00e9chelon sup\u00e9rieur de cette fourchette, s\u2019il est officialis\u00e9, serait plus \u00e9lev\u00e9 que les droits de douane que le pr\u00e9sident am\u00e9ricain a initialement pr\u00e9sent\u00e9s d\u00e9but avril. Lors de cette annonce d\u2019une hausse drastique des droits de douane \u00e0 l\u2019encontre du reste du monde, qui a cr\u00e9\u00e9 une onde de choc en annon\u00e7ant, M.\u00a0Trump avait \u00e9voqu\u00e9 une surtaxe minimale de 10\u00a0% pouvant aller jusqu\u2019\u00e0 50\u00a0% pour les pays exportant plus vers les Etats-Unis qu\u2019ils n\u2019importent de produits am\u00e9ricains. Le pr\u00e9sident am\u00e9ricain a ensuite suspendu ces taxes douani\u00e8res, laissant la voie \u00e0 des n\u00e9gociations commerciales avec chacun des partenaires. Pour l\u2019heure, l\u2019administration Trump n\u2019a d\u00e9voil\u00e9 que des accords avec le Royaume-Uni et le Vietnam, tandis que Washington et P\u00e9kin ont convenu de r\u00e9duire temporairement leurs taxes r\u00e9ciproques. Le pr\u00e9sident r\u00e9publicain a longtemps menac\u00e9 les pays qui ne parviendraient pas \u00e0 conclure des accords avec les Etats-Unis avant la date limite de leur imposer tout simplement des taux, faisant ainsi monter les ench\u00e8res pour conclure des accords avec son administration. M.\u00a0Trump a d\u00e9clar\u00e9 jeudi qu\u2019il s\u2019attendait \u00e0 accords plus d\u00e9taill\u00e9s soient d\u2019ici l\u00e0 annonc\u00e9s avec certains autres pays, tout en reconnaissant la difficult\u00e9 de telles n\u00e9gociations. Le Monde avec AFP, Reuters et Bloomberg S\u2019abonner Contribuer R\u00e9utiliser ce contenu\",\"breadcrumb\":{\"@id\":\"https:\/\/vof-news.eu\/fr\/droits-de-douane-donald-trump-enverra-des-vendredi-des-lettres-aux-pays-cibles-devoilant-les-taux-qui-leur-seront-appliques\/#breadcrumb\"},\"inLanguage\":\"fr-FR\",\"potentialAction\":[{\"@type\":\"ReadAction\",\"target\":[\"https:\/\/vof-news.eu\/fr\/droits-de-douane-donald-trump-enverra-des-vendredi-des-lettres-aux-pays-cibles-devoilant-les-taux-qui-leur-seront-appliques\/\"]}]},{\"@type\":\"ImageObject\",\"inLanguage\":\"fr-FR\",\"@id\":\"https:\/\/vof-news.eu\/fr\/droits-de-douane-donald-trump-enverra-des-vendredi-des-lettres-aux-pays-cibles-devoilant-les-taux-qui-leur-seront-appliques\/#primaryimage\",\"url\":\"https:\/\/vof-news.eu\/wp-content\/uploads\/2025\/07\/1a4bf0a_ftp-import-images-1-jsu8vc53qv7r-2025-07-04t045213z-970108905-rc2gffainro1-rtrmadp-3-usa-trump.jpg\",\"contentUrl\":\"https:\/\/vof-news.eu\/wp-content\/uploads\/2025\/07\/1a4bf0a_ftp-import-images-1-jsu8vc53qv7r-2025-07-04t045213z-970108905-rc2gffainro1-rtrmadp-3-usa-trump.jpg\",\"width\":664,\"height\":443},{\"@type\":\"BreadcrumbList\",\"@id\":\"https:\/\/vof-news.eu\/fr\/droits-de-douane-donald-trump-enverra-des-vendredi-des-lettres-aux-pays-cibles-devoilant-les-taux-qui-leur-seront-appliques\/#breadcrumb\",\"itemListElement\":[{\"@type\":\"ListItem\",\"position\":1,\"name\":\"Home\",\"item\":\"https:\/\/vof-news.eu\/fr\/\"},{\"@type\":\"ListItem\",\"position\":2,\"name\":\"Droits de douane\u00a0: Donald Trump enverra d\u00e8s vendredi des lettres aux pays cibl\u00e9s, d\u00e9voilant les taux qui leur seront appliqu\u00e9s\"}]},{\"@type\":\"WebSite\",\"@id\":\"https:\/\/vof-news.eu\/fr\/#website\",\"url\":\"https:\/\/vof-news.eu\/fr\/\",\"name\":\"vof-news.eu\",\"description\":\"\",\"potentialAction\":[{\"@type\":\"SearchAction\",\"target\":{\"@type\":\"EntryPoint\",\"urlTemplate\":\"https:\/\/vof-news.eu\/fr\/?s={search_term_string}\"},\"query-input\":\"required name=search_term_string\"}],\"inLanguage\":\"fr-FR\"},{\"@type\":\"Person\",\"@id\":\"https:\/\/vof-news.eu\/fr\/#\/schema\/person\/f6a2a4309f0561835797fd8c19b333ed\",\"name\":\"Author\",\"image\":{\"@type\":\"ImageObject\",\"inLanguage\":\"fr-FR\",\"@id\":\"https:\/\/vof-news.eu\/fr\/#\/schema\/person\/image\/\",\"url\":\"https:\/\/secure.gravatar.com\/avatar\/b67e614b1b25b3e9c0c239efdd2fde5ab015b5affd6f1c3c85911ca4b384e790?s=96&d=mm&r=g\",\"contentUrl\":\"https:\/\/secure.gravatar.com\/avatar\/b67e614b1b25b3e9c0c239efdd2fde5ab015b5affd6f1c3c85911ca4b384e790?s=96&d=mm&r=g\",\"caption\":\"Author\"},\"sameAs\":[\"http:\/\/vof-news.eu\"],\"url\":\"https:\/\/vof-news.eu\/fr\/author\/zwt6qxnjulxbnyg\/\"}]}<\/script>\n<!-- \/ Yoast SEO plugin. -->","yoast_head_json":{"title":"Droits de douane\u00a0: Donald Trump enverra d\u00e8s vendredi des lettres aux pays cibl\u00e9s, d\u00e9voilant les taux qui leur seront appliqu\u00e9s - vof-news.eu","description":"Alors que les n\u00e9gociations sur le sujet entrent dans leur derni\u00e8re ligne droite, Donald Trump a d\u00e9clar\u00e9, jeudi 3\u00a0juillet, que son administration commencerait \u00e0 envoyer d\u00e8s vendredi des lettres aux partenaires commerciaux des Etats-Unis pour pr\u00e9ciser le taux de droits de douane qui leur sera respectivement appliqu\u00e9. (\u2026), a-t-il dit. Cette d\u00e9claration du pr\u00e9sident am\u00e9ricain intervient \u00e0 quelques jours du retour de droits de douane punitifs et diff\u00e9renci\u00e9s que les Etats-Unis comptent imposer \u00e0 allant de Ta\u00efwan \u00e0 l\u2019Union europ\u00e9enne (UE). M.\u00a0Trump a d\u00e9clar\u00e9 \u00e0 la presse qu\u2019environlettres seraient envoy\u00e9es vendredi, avant d\u2019autres . a poursuivi le pr\u00e9sident, faisant r\u00e9f\u00e9rence \u00e0 la date limite qu\u2019il avait initialement fix\u00e9e pour que les pays concluent des accords avec les Etats-Unis, afin d\u2019\u00e9viter les droits d\u2019importation plus \u00e9lev\u00e9s dont il les a menac\u00e9s. , a-t-il ensuite pr\u00e9cis\u00e9, ajoutant que les pays \u00e0 cette date. M.\u00a0Trump n\u2019a pas pr\u00e9cis\u00e9 quels pays seraient frapp\u00e9s par les droits de douane, ni si cela signifiait que certains produits seraient tax\u00e9s \u00e0 un taux plus \u00e9lev\u00e9 que d\u2019autres.   Seulement deux accords commerciaux nou\u00e9s L\u2019\u00e9chelon sup\u00e9rieur de cette fourchette, s\u2019il est officialis\u00e9, serait plus \u00e9lev\u00e9 que les droits de douane que le pr\u00e9sident am\u00e9ricain a initialement pr\u00e9sent\u00e9s d\u00e9but avril. Lors de cette annonce d\u2019une hausse drastique des droits de douane \u00e0 l\u2019encontre du reste du monde, qui a cr\u00e9\u00e9 une onde de choc en annon\u00e7ant, M.\u00a0Trump avait \u00e9voqu\u00e9 une surtaxe minimale de 10\u00a0% pouvant aller jusqu\u2019\u00e0 50\u00a0% pour les pays exportant plus vers les Etats-Unis qu\u2019ils n\u2019importent de produits am\u00e9ricains. Le pr\u00e9sident am\u00e9ricain a ensuite suspendu ces taxes douani\u00e8res, laissant la voie \u00e0 des n\u00e9gociations commerciales avec chacun des partenaires. Pour l\u2019heure, l\u2019administration Trump n\u2019a d\u00e9voil\u00e9 que des accords avec le Royaume-Uni et le Vietnam, tandis que Washington et P\u00e9kin ont convenu de r\u00e9duire temporairement leurs taxes r\u00e9ciproques.     Le pr\u00e9sident r\u00e9publicain a longtemps menac\u00e9 les pays qui ne parviendraient pas \u00e0 conclure des accords avec les Etats-Unis avant la date limite de leur imposer tout simplement des taux, faisant ainsi monter les ench\u00e8res pour conclure des accords avec son administration. M.\u00a0Trump a d\u00e9clar\u00e9 jeudi qu\u2019il s\u2019attendait \u00e0 accords plus d\u00e9taill\u00e9s soient d\u2019ici l\u00e0 annonc\u00e9s avec certains autres pays, tout en reconnaissant la difficult\u00e9 de telles n\u00e9gociations.    Le Monde avec AFP, Reuters et Bloomberg      S\u2019abonner   Contribuer R\u00e9utiliser ce contenu","robots":{"index":"noindex","follow":"follow","max-snippet":"max-snippet:-1","max-image-preview":"max-image-preview:large","max-video-preview":"max-video-preview:-1"},"og_locale":"fr_FR","og_type":"article","og_title":"Droits de douane\u00a0: Donald Trump enverra d\u00e8s vendredi des lettres aux pays cibl\u00e9s, d\u00e9voilant les taux qui leur seront appliqu\u00e9s - vof-news.eu","og_description":"Alors que les n\u00e9gociations sur le sujet entrent dans leur derni\u00e8re ligne droite, Donald Trump a d\u00e9clar\u00e9, jeudi 3\u00a0juillet, que son administration commencerait \u00e0 envoyer d\u00e8s vendredi des lettres aux partenaires commerciaux des Etats-Unis pour pr\u00e9ciser le taux de droits de douane qui leur sera respectivement appliqu\u00e9. (\u2026), a-t-il dit. Cette d\u00e9claration du pr\u00e9sident am\u00e9ricain intervient \u00e0 quelques jours du retour de droits de douane punitifs et diff\u00e9renci\u00e9s que les Etats-Unis comptent imposer \u00e0 allant de Ta\u00efwan \u00e0 l\u2019Union europ\u00e9enne (UE). M.\u00a0Trump a d\u00e9clar\u00e9 \u00e0 la presse qu\u2019environlettres seraient envoy\u00e9es vendredi, avant d\u2019autres . a poursuivi le pr\u00e9sident, faisant r\u00e9f\u00e9rence \u00e0 la date limite qu\u2019il avait initialement fix\u00e9e pour que les pays concluent des accords avec les Etats-Unis, afin d\u2019\u00e9viter les droits d\u2019importation plus \u00e9lev\u00e9s dont il les a menac\u00e9s. , a-t-il ensuite pr\u00e9cis\u00e9, ajoutant que les pays \u00e0 cette date. M.\u00a0Trump n\u2019a pas pr\u00e9cis\u00e9 quels pays seraient frapp\u00e9s par les droits de douane, ni si cela signifiait que certains produits seraient tax\u00e9s \u00e0 un taux plus \u00e9lev\u00e9 que d\u2019autres.   Seulement deux accords commerciaux nou\u00e9s L\u2019\u00e9chelon sup\u00e9rieur de cette fourchette, s\u2019il est officialis\u00e9, serait plus \u00e9lev\u00e9 que les droits de douane que le pr\u00e9sident am\u00e9ricain a initialement pr\u00e9sent\u00e9s d\u00e9but avril. Lors de cette annonce d\u2019une hausse drastique des droits de douane \u00e0 l\u2019encontre du reste du monde, qui a cr\u00e9\u00e9 une onde de choc en annon\u00e7ant, M.\u00a0Trump avait \u00e9voqu\u00e9 une surtaxe minimale de 10\u00a0% pouvant aller jusqu\u2019\u00e0 50\u00a0% pour les pays exportant plus vers les Etats-Unis qu\u2019ils n\u2019importent de produits am\u00e9ricains. Le pr\u00e9sident am\u00e9ricain a ensuite suspendu ces taxes douani\u00e8res, laissant la voie \u00e0 des n\u00e9gociations commerciales avec chacun des partenaires. Pour l\u2019heure, l\u2019administration Trump n\u2019a d\u00e9voil\u00e9 que des accords avec le Royaume-Uni et le Vietnam, tandis que Washington et P\u00e9kin ont convenu de r\u00e9duire temporairement leurs taxes r\u00e9ciproques.     Le pr\u00e9sident r\u00e9publicain a longtemps menac\u00e9 les pays qui ne parviendraient pas \u00e0 conclure des accords avec les Etats-Unis avant la date limite de leur imposer tout simplement des taux, faisant ainsi monter les ench\u00e8res pour conclure des accords avec son administration. M.\u00a0Trump a d\u00e9clar\u00e9 jeudi qu\u2019il s\u2019attendait \u00e0 accords plus d\u00e9taill\u00e9s soient d\u2019ici l\u00e0 annonc\u00e9s avec certains autres pays, tout en reconnaissant la difficult\u00e9 de telles n\u00e9gociations.    Le Monde avec AFP, Reuters et Bloomberg      S\u2019abonner   Contribuer R\u00e9utiliser ce contenu","og_url":"https:\/\/vof-news.eu\/fr\/droits-de-douane-donald-trump-enverra-des-vendredi-des-lettres-aux-pays-cibles-devoilant-les-taux-qui-leur-seront-appliques\/","og_site_name":"vof-news.eu","article_published_time":"2025-07-04T08:32:26+00:00","article_modified_time":"2025-07-04T08:32:54+00:00","og_image":[{"width":664,"height":443,"url":"https:\/\/vof-news.eu\/wp-content\/uploads\/2025\/07\/1a4bf0a_ftp-import-images-1-jsu8vc53qv7r-2025-07-04t045213z-970108905-rc2gffainro1-rtrmadp-3-usa-trump.jpg","type":"image\/jpeg"}],"author":"Author","twitter_card":"summary_large_image","twitter_misc":{"\u00c9crit par":"Author","Dur\u00e9e de lecture estim\u00e9e":"2 minutes"},"schema":{"@context":"https:\/\/schema.org","@graph":[{"@type":"WebPage","@id":"https:\/\/vof-news.eu\/fr\/droits-de-douane-donald-trump-enverra-des-vendredi-des-lettres-aux-pays-cibles-devoilant-les-taux-qui-leur-seront-appliques\/","url":"https:\/\/vof-news.eu\/fr\/droits-de-douane-donald-trump-enverra-des-vendredi-des-lettres-aux-pays-cibles-devoilant-les-taux-qui-leur-seront-appliques\/","name":"Droits de douane\u00a0: Donald Trump enverra d\u00e8s vendredi des lettres aux pays cibl\u00e9s, d\u00e9voilant les taux qui leur seront appliqu\u00e9s - vof-news.eu","isPartOf":{"@id":"https:\/\/vof-news.eu\/fr\/#website"},"primaryImageOfPage":{"@id":"https:\/\/vof-news.eu\/fr\/droits-de-douane-donald-trump-enverra-des-vendredi-des-lettres-aux-pays-cibles-devoilant-les-taux-qui-leur-seront-appliques\/#primaryimage"},"image":{"@id":"https:\/\/vof-news.eu\/fr\/droits-de-douane-donald-trump-enverra-des-vendredi-des-lettres-aux-pays-cibles-devoilant-les-taux-qui-leur-seront-appliques\/#primaryimage"},"thumbnailUrl":"https:\/\/vof-news.eu\/wp-content\/uploads\/2025\/07\/1a4bf0a_ftp-import-images-1-jsu8vc53qv7r-2025-07-04t045213z-970108905-rc2gffainro1-rtrmadp-3-usa-trump.jpg","datePublished":"2025-07-04T08:32:26+00:00","dateModified":"2025-07-04T08:32:54+00:00","author":{"@id":"https:\/\/vof-news.eu\/fr\/#\/schema\/person\/f6a2a4309f0561835797fd8c19b333ed"},"description":"Alors que les n\u00e9gociations sur le sujet entrent dans leur derni\u00e8re ligne droite, Donald Trump a d\u00e9clar\u00e9, jeudi 3\u00a0juillet, que son administration commencerait \u00e0 envoyer d\u00e8s vendredi des lettres aux partenaires commerciaux des Etats-Unis pour pr\u00e9ciser le taux de droits de douane qui leur sera respectivement appliqu\u00e9. (\u2026), a-t-il dit. Cette d\u00e9claration du pr\u00e9sident am\u00e9ricain intervient \u00e0 quelques jours du retour de droits de douane punitifs et diff\u00e9renci\u00e9s que les Etats-Unis comptent imposer \u00e0 allant de Ta\u00efwan \u00e0 l\u2019Union europ\u00e9enne (UE). M.\u00a0Trump a d\u00e9clar\u00e9 \u00e0 la presse qu\u2019environlettres seraient envoy\u00e9es vendredi, avant d\u2019autres . a poursuivi le pr\u00e9sident, faisant r\u00e9f\u00e9rence \u00e0 la date limite qu\u2019il avait initialement fix\u00e9e pour que les pays concluent des accords avec les Etats-Unis, afin d\u2019\u00e9viter les droits d\u2019importation plus \u00e9lev\u00e9s dont il les a menac\u00e9s. , a-t-il ensuite pr\u00e9cis\u00e9, ajoutant que les pays \u00e0 cette date. M.\u00a0Trump n\u2019a pas pr\u00e9cis\u00e9 quels pays seraient frapp\u00e9s par les droits de douane, ni si cela signifiait que certains produits seraient tax\u00e9s \u00e0 un taux plus \u00e9lev\u00e9 que d\u2019autres. Seulement deux accords commerciaux nou\u00e9s L\u2019\u00e9chelon sup\u00e9rieur de cette fourchette, s\u2019il est officialis\u00e9, serait plus \u00e9lev\u00e9 que les droits de douane que le pr\u00e9sident am\u00e9ricain a initialement pr\u00e9sent\u00e9s d\u00e9but avril. Lors de cette annonce d\u2019une hausse drastique des droits de douane \u00e0 l\u2019encontre du reste du monde, qui a cr\u00e9\u00e9 une onde de choc en annon\u00e7ant, M.\u00a0Trump avait \u00e9voqu\u00e9 une surtaxe minimale de 10\u00a0% pouvant aller jusqu\u2019\u00e0 50\u00a0% pour les pays exportant plus vers les Etats-Unis qu\u2019ils n\u2019importent de produits am\u00e9ricains. Le pr\u00e9sident am\u00e9ricain a ensuite suspendu ces taxes douani\u00e8res, laissant la voie \u00e0 des n\u00e9gociations commerciales avec chacun des partenaires. Pour l\u2019heure, l\u2019administration Trump n\u2019a d\u00e9voil\u00e9 que des accords avec le Royaume-Uni et le Vietnam, tandis que Washington et P\u00e9kin ont convenu de r\u00e9duire temporairement leurs taxes r\u00e9ciproques. Le pr\u00e9sident r\u00e9publicain a longtemps menac\u00e9 les pays qui ne parviendraient pas \u00e0 conclure des accords avec les Etats-Unis avant la date limite de leur imposer tout simplement des taux, faisant ainsi monter les ench\u00e8res pour conclure des accords avec son administration. M.\u00a0Trump a d\u00e9clar\u00e9 jeudi qu\u2019il s\u2019attendait \u00e0 accords plus d\u00e9taill\u00e9s soient d\u2019ici l\u00e0 annonc\u00e9s avec certains autres pays, tout en reconnaissant la difficult\u00e9 de telles n\u00e9gociations. Le Monde avec AFP, Reuters et Bloomberg S\u2019abonner Contribuer R\u00e9utiliser ce contenu","breadcrumb":{"@id":"https:\/\/vof-news.eu\/fr\/droits-de-douane-donald-trump-enverra-des-vendredi-des-lettres-aux-pays-cibles-devoilant-les-taux-qui-leur-seront-appliques\/#breadcrumb"},"inLanguage":"fr-FR","potentialAction":[{"@type":"ReadAction","target":["https:\/\/vof-news.eu\/fr\/droits-de-douane-donald-trump-enverra-des-vendredi-des-lettres-aux-pays-cibles-devoilant-les-taux-qui-leur-seront-appliques\/"]}]},{"@type":"ImageObject","inLanguage":"fr-FR","@id":"https:\/\/vof-news.eu\/fr\/droits-de-douane-donald-trump-enverra-des-vendredi-des-lettres-aux-pays-cibles-devoilant-les-taux-qui-leur-seront-appliques\/#primaryimage","url":"https:\/\/vof-news.eu\/wp-content\/uploads\/2025\/07\/1a4bf0a_ftp-import-images-1-jsu8vc53qv7r-2025-07-04t045213z-970108905-rc2gffainro1-rtrmadp-3-usa-trump.jpg","contentUrl":"https:\/\/vof-news.eu\/wp-content\/uploads\/2025\/07\/1a4bf0a_ftp-import-images-1-jsu8vc53qv7r-2025-07-04t045213z-970108905-rc2gffainro1-rtrmadp-3-usa-trump.jpg","width":664,"height":443},{"@type":"BreadcrumbList","@id":"https:\/\/vof-news.eu\/fr\/droits-de-douane-donald-trump-enverra-des-vendredi-des-lettres-aux-pays-cibles-devoilant-les-taux-qui-leur-seront-appliques\/#breadcrumb","itemListElement":[{"@type":"ListItem","position":1,"name":"Home","item":"https:\/\/vof-news.eu\/fr\/"},{"@type":"ListItem","position":2,"name":"Droits de douane\u00a0: Donald Trump enverra d\u00e8s vendredi des lettres aux pays cibl\u00e9s, d\u00e9voilant les taux qui leur seront appliqu\u00e9s"}]},{"@type":"WebSite","@id":"https:\/\/vof-news.eu\/fr\/#website","url":"https:\/\/vof-news.eu\/fr\/","name":"vof-news.eu","description":"","potentialAction":[{"@type":"SearchAction","target":{"@type":"EntryPoint","urlTemplate":"https:\/\/vof-news.eu\/fr\/?s={search_term_string}"},"query-input":"required name=search_term_string"}],"inLanguage":"fr-FR"},{"@type":"Person","@id":"https:\/\/vof-news.eu\/fr\/#\/schema\/person\/f6a2a4309f0561835797fd8c19b333ed","name":"Author","image":{"@type":"ImageObject","inLanguage":"fr-FR","@id":"https:\/\/vof-news.eu\/fr\/#\/schema\/person\/image\/","url":"https:\/\/secure.gravatar.com\/avatar\/b67e614b1b25b3e9c0c239efdd2fde5ab015b5affd6f1c3c85911ca4b384e790?s=96&d=mm&r=g","contentUrl":"https:\/\/secure.gravatar.com\/avatar\/b67e614b1b25b3e9c0c239efdd2fde5ab015b5affd6f1c3c85911ca4b384e790?s=96&d=mm&r=g","caption":"Author"},"sameAs":["http:\/\/vof-news.eu"],"url":"https:\/\/vof-news.eu\/fr\/author\/zwt6qxnjulxbnyg\/"}]}},"yoast_meta":{"yoast_wpseo_title":"","yoast_wpseo_metadesc":"","yoast_wpseo_canonical":""},"_links":{"self":[{"href":"https:\/\/vof-news.eu\/fr\/wp-json\/wp\/v2\/posts\/246905","targetHints":{"allow":["GET"]}}],"collection":[{"href":"https:\/\/vof-news.eu\/fr\/wp-json\/wp\/v2\/posts"}],"about":[{"href":"https:\/\/vof-news.eu\/fr\/wp-json\/wp\/v2\/types\/post"}],"author":[{"embeddable":true,"href":"https:\/\/vof-news.eu\/fr\/wp-json\/wp\/v2\/users\/1"}],"replies":[{"embeddable":true,"href":"https:\/\/vof-news.eu\/fr\/wp-json\/wp\/v2\/comments?post=246905"}],"version-history":[{"count":1,"href":"https:\/\/vof-news.eu\/fr\/wp-json\/wp\/v2\/posts\/246905\/revisions"}],"predecessor-version":[{"id":246912,"href":"https:\/\/vof-news.eu\/fr\/wp-json\/wp\/v2\/posts\/246905\/revisions\/246912"}],"wp:featuredmedia":[{"embeddable":true,"href":"https:\/\/vof-news.eu\/fr\/wp-json\/wp\/v2\/media\/246906"}],"wp:attachment":[{"href":"https:\/\/vof-news.eu\/fr\/wp-json\/wp\/v2\/media?parent=246905"}],"wp:term":[{"taxonomy":"category","embeddable":true,"href":"https:\/\/vof-news.eu\/fr\/wp-json\/wp\/v2\/categories?post=246905"},{"taxonomy":"post_tag","embeddable":true,"href":"https:\/\/vof-news.eu\/fr\/wp-json\/wp\/v2\/tags?post=246905"}],"curies":[{"name":"wp","href":"https:\/\/api.w.org\/{rel}","templated":true}]}}