{"id":246897,"date":"2025-07-04T11:31:20","date_gmt":"2025-07-04T08:31:20","guid":{"rendered":"https:\/\/vof-news.eu\/agnes-pannier-runacher-la-droite-et-lextreme-droite-se-servent-de-lecologie-pour-attiser-des-peurs-et-fracturer-le-pays\/"},"modified":"2025-07-04T11:31:47","modified_gmt":"2025-07-04T08:31:47","slug":"agnes-pannier-runacher-la-droite-et-lextreme-droite-se-servent-de-lecologie-pour-attiser-des-peurs-et-fracturer-le-pays","status":"publish","type":"post","link":"https:\/\/vof-news.eu\/fr\/agnes-pannier-runacher-la-droite-et-lextreme-droite-se-servent-de-lecologie-pour-attiser-des-peurs-et-fracturer-le-pays\/","title":{"rendered":"Agn\u00e8s Pannier-Runacher\u00a0: \u00ab\u00a0La droite et l\u2019extr\u00eame droite se servent de l\u2019\u00e9cologie pour attiser des peurs et fracturer le pays\u00a0\u00bb"},"content":{"rendered":"<article>\n<p>Apr\u00e8s une premi\u00e8re canicule intense, <a href=\"https:\/\/www.lemonde.fr\/politique\/article\/2024\/09\/21\/agnes-pannier-runacher-une-veterane-du-macronisme-a-la-transition-ecologique_6327112_823448.html\" rel=\"nofollow\">la ministre de la transition \u00e9cologique, Agn\u00e8s Pannier-Runacher<\/a>, s\u2019inqui\u00e8te des reculs et des attaques  de la droite et de\u00a0l\u2019extr\u00eame droite sur les sujets environnementaux. Elle souhaite baisser la fiscalit\u00e9 sur l\u2019\u00e9lectricit\u00e9 en augmentant celle sur le gaz et annonce qu\u2019un comit\u00e9 interminist\u00e9riel se tiendra \u00e0 la rentr\u00e9e sur l\u2019adaptation.<\/p>\n<h3>Les \u00e9missions de gaz \u00e0 effet de serre de la France sont stables au premier trimestre 2025\u00a0au lieu de baisser. Quelle est votre r\u00e9action\u00a0?<\/h3>\n<p>On est \u00e0 + 0,2\u00a0% pour le premier trimestre, ce qui est une augmentation. Ce sont des chiffres tr\u00e8s mauvais et l\u2019ann\u00e9e ne sera pas bonne, puisque le Citepa  pr\u00e9voit une baisse de seulement 0,8\u00a0%. Ce serait facile d\u2019incriminer la m\u00e9t\u00e9o. Mais, en fait, la confusion du discours politique, les reculades, les propos irresponsables et populistes de certains sur la transition \u00e9cologique expliquent aussi ce que nous observons.<\/p>\n<p><strong>Il vous reste 88.58% de cet article \u00e0 lire. La suite est r\u00e9serv\u00e9e aux abonn\u00e9s.<\/strong><\/p>\n<\/article>\n","protected":false},"excerpt":{"rendered":"<p>Apr\u00e8s une premi\u00e8re canicule intense, la ministre de la transition \u00e9cologique, Agn\u00e8s Pannier-Runacher, s\u2019inqui\u00e8te des reculs et des attaques de la droite et de\u00a0l\u2019extr\u00eame droite sur les sujets environnementaux. Elle souhaite baisser la fiscalit\u00e9 sur l\u2019\u00e9lectricit\u00e9 en augmentant celle sur le gaz et annonce qu\u2019un comit\u00e9 interminist\u00e9riel se tiendra \u00e0 la rentr\u00e9e sur l\u2019adaptation. Les<\/p>\n","protected":false},"author":1,"featured_media":246898,"comment_status":"open","ping_status":"open","sticky":false,"template":"","format":"standard","meta":{"footnotes":""},"categories":[68],"tags":[],"class_list":["post-246897","post","type-post","status-publish","format-standard","has-post-thumbnail","hentry","category-politics-fr"],"acf":[],"yoast_head":"<!-- This site is optimized with the Yoast SEO plugin v22.9 - https:\/\/yoast.com\/wordpress\/plugins\/seo\/ -->\n<title>Agn\u00e8s Pannier-Runacher\u00a0: \u00ab\u00a0La droite et l\u2019extr\u00eame droite se servent de l\u2019\u00e9cologie pour attiser des peurs et fracturer le pays\u00a0\u00bb - vof-news.eu<\/title>\n<meta name=\"description\" content=\"Apr\u00e8s une premi\u00e8re canicule intense, la ministre de la transition \u00e9cologique, Agn\u00e8s Pannier-Runacher, s\u2019inqui\u00e8te des reculs et des attaques de la droite et de\u00a0l\u2019extr\u00eame droite sur les sujets environnementaux. Elle souhaite baisser la fiscalit\u00e9 sur l\u2019\u00e9lectricit\u00e9 en augmentant celle sur le gaz et annonce qu\u2019un comit\u00e9 interminist\u00e9riel se tiendra \u00e0 la rentr\u00e9e sur l\u2019adaptation. Les \u00e9missions de gaz \u00e0 effet de serre de la France sont stables au premier trimestre 2025\u00a0au lieu de baisser. Quelle est votre r\u00e9action\u00a0? On est \u00e0 + 0,2\u00a0% pour le premier trimestre, ce qui est une augmentation. Ce sont des chiffres tr\u00e8s mauvais et l\u2019ann\u00e9e ne sera pas bonne, puisque le Citepa pr\u00e9voit une baisse de seulement 0,8\u00a0%. Ce serait facile d\u2019incriminer la m\u00e9t\u00e9o. Mais, en fait, la confusion du discours politique, les reculades, les propos irresponsables et populistes de certains sur la transition \u00e9cologique expliquent aussi ce que nous observons. Il vous reste 88.58% de cet article \u00e0 lire. La suite est r\u00e9serv\u00e9e aux abonn\u00e9s.\" \/>\n<meta name=\"robots\" content=\"noindex, follow, max-snippet:-1, max-image-preview:large, max-video-preview:-1\" \/>\n<meta property=\"og:locale\" content=\"fr_FR\" \/>\n<meta property=\"og:type\" content=\"article\" \/>\n<meta property=\"og:title\" content=\"Agn\u00e8s Pannier-Runacher\u00a0: \u00ab\u00a0La droite et l\u2019extr\u00eame droite se servent de l\u2019\u00e9cologie pour attiser des peurs et fracturer le pays\u00a0\u00bb - vof-news.eu\" \/>\n<meta property=\"og:description\" content=\"Apr\u00e8s une premi\u00e8re canicule intense, la ministre de la transition \u00e9cologique, Agn\u00e8s Pannier-Runacher, s\u2019inqui\u00e8te des reculs et des attaques de la droite et de\u00a0l\u2019extr\u00eame droite sur les sujets environnementaux. Elle souhaite baisser la fiscalit\u00e9 sur l\u2019\u00e9lectricit\u00e9 en augmentant celle sur le gaz et annonce qu\u2019un comit\u00e9 interminist\u00e9riel se tiendra \u00e0 la rentr\u00e9e sur l\u2019adaptation. Les \u00e9missions de gaz \u00e0 effet de serre de la France sont stables au premier trimestre 2025\u00a0au lieu de baisser. Quelle est votre r\u00e9action\u00a0? On est \u00e0 + 0,2\u00a0% pour le premier trimestre, ce qui est une augmentation. Ce sont des chiffres tr\u00e8s mauvais et l\u2019ann\u00e9e ne sera pas bonne, puisque le Citepa pr\u00e9voit une baisse de seulement 0,8\u00a0%. Ce serait facile d\u2019incriminer la m\u00e9t\u00e9o. Mais, en fait, la confusion du discours politique, les reculades, les propos irresponsables et populistes de certains sur la transition \u00e9cologique expliquent aussi ce que nous observons. Il vous reste 88.58% de cet article \u00e0 lire. La suite est r\u00e9serv\u00e9e aux abonn\u00e9s.\" \/>\n<meta property=\"og:url\" content=\"https:\/\/vof-news.eu\/fr\/agnes-pannier-runacher-la-droite-et-lextreme-droite-se-servent-de-lecologie-pour-attiser-des-peurs-et-fracturer-le-pays\/\" \/>\n<meta property=\"og:site_name\" content=\"vof-news.eu\" \/>\n<meta property=\"article:published_time\" content=\"2025-07-04T08:31:20+00:00\" \/>\n<meta property=\"article:modified_time\" content=\"2025-07-04T08:31:47+00:00\" \/>\n<meta property=\"og:image\" content=\"https:\/\/vof-news.eu\/wp-content\/uploads\/2025\/07\/fe2e5dc_upload-1-omqiyovurvr8-kzihnioglu-politique-portrait-03072025-20.jpg\" \/>\n\t<meta property=\"og:image:width\" content=\"664\" \/>\n\t<meta property=\"og:image:height\" content=\"830\" \/>\n\t<meta property=\"og:image:type\" content=\"image\/jpeg\" \/>\n<meta name=\"author\" content=\"Author\" \/>\n<meta name=\"twitter:card\" content=\"summary_large_image\" \/>\n<meta name=\"twitter:label1\" content=\"\u00c9crit par\" \/>\n\t<meta name=\"twitter:data1\" content=\"Author\" \/>\n\t<meta name=\"twitter:label2\" content=\"Dur\u00e9e de lecture estim\u00e9e\" \/>\n\t<meta name=\"twitter:data2\" content=\"1 minute\" \/>\n<script type=\"application\/ld+json\" class=\"yoast-schema-graph\">{\"@context\":\"https:\/\/schema.org\",\"@graph\":[{\"@type\":\"WebPage\",\"@id\":\"https:\/\/vof-news.eu\/fr\/agnes-pannier-runacher-la-droite-et-lextreme-droite-se-servent-de-lecologie-pour-attiser-des-peurs-et-fracturer-le-pays\/\",\"url\":\"https:\/\/vof-news.eu\/fr\/agnes-pannier-runacher-la-droite-et-lextreme-droite-se-servent-de-lecologie-pour-attiser-des-peurs-et-fracturer-le-pays\/\",\"name\":\"Agn\u00e8s Pannier-Runacher\u00a0: \u00ab\u00a0La droite et l\u2019extr\u00eame droite se servent de l\u2019\u00e9cologie pour attiser des peurs et fracturer le pays\u00a0\u00bb - vof-news.eu\",\"isPartOf\":{\"@id\":\"https:\/\/vof-news.eu\/fr\/#website\"},\"primaryImageOfPage\":{\"@id\":\"https:\/\/vof-news.eu\/fr\/agnes-pannier-runacher-la-droite-et-lextreme-droite-se-servent-de-lecologie-pour-attiser-des-peurs-et-fracturer-le-pays\/#primaryimage\"},\"image\":{\"@id\":\"https:\/\/vof-news.eu\/fr\/agnes-pannier-runacher-la-droite-et-lextreme-droite-se-servent-de-lecologie-pour-attiser-des-peurs-et-fracturer-le-pays\/#primaryimage\"},\"thumbnailUrl\":\"https:\/\/vof-news.eu\/wp-content\/uploads\/2025\/07\/fe2e5dc_upload-1-omqiyovurvr8-kzihnioglu-politique-portrait-03072025-20.jpg\",\"datePublished\":\"2025-07-04T08:31:20+00:00\",\"dateModified\":\"2025-07-04T08:31:47+00:00\",\"author\":{\"@id\":\"https:\/\/vof-news.eu\/fr\/#\/schema\/person\/f6a2a4309f0561835797fd8c19b333ed\"},\"description\":\"Apr\u00e8s une premi\u00e8re canicule intense, la ministre de la transition \u00e9cologique, Agn\u00e8s Pannier-Runacher, s\u2019inqui\u00e8te des reculs et des attaques de la droite et de\u00a0l\u2019extr\u00eame droite sur les sujets environnementaux. Elle souhaite baisser la fiscalit\u00e9 sur l\u2019\u00e9lectricit\u00e9 en augmentant celle sur le gaz et annonce qu\u2019un comit\u00e9 interminist\u00e9riel se tiendra \u00e0 la rentr\u00e9e sur l\u2019adaptation. Les \u00e9missions de gaz \u00e0 effet de serre de la France sont stables au premier trimestre 2025\u00a0au lieu de baisser. Quelle est votre r\u00e9action\u00a0? On est \u00e0 + 0,2\u00a0% pour le premier trimestre, ce qui est une augmentation. Ce sont des chiffres tr\u00e8s mauvais et l\u2019ann\u00e9e ne sera pas bonne, puisque le Citepa pr\u00e9voit une baisse de seulement 0,8\u00a0%. Ce serait facile d\u2019incriminer la m\u00e9t\u00e9o. Mais, en fait, la confusion du discours politique, les reculades, les propos irresponsables et populistes de certains sur la transition \u00e9cologique expliquent aussi ce que nous observons. Il vous reste 88.58% de cet article \u00e0 lire. La suite est r\u00e9serv\u00e9e aux abonn\u00e9s.\",\"breadcrumb\":{\"@id\":\"https:\/\/vof-news.eu\/fr\/agnes-pannier-runacher-la-droite-et-lextreme-droite-se-servent-de-lecologie-pour-attiser-des-peurs-et-fracturer-le-pays\/#breadcrumb\"},\"inLanguage\":\"fr-FR\",\"potentialAction\":[{\"@type\":\"ReadAction\",\"target\":[\"https:\/\/vof-news.eu\/fr\/agnes-pannier-runacher-la-droite-et-lextreme-droite-se-servent-de-lecologie-pour-attiser-des-peurs-et-fracturer-le-pays\/\"]}]},{\"@type\":\"ImageObject\",\"inLanguage\":\"fr-FR\",\"@id\":\"https:\/\/vof-news.eu\/fr\/agnes-pannier-runacher-la-droite-et-lextreme-droite-se-servent-de-lecologie-pour-attiser-des-peurs-et-fracturer-le-pays\/#primaryimage\",\"url\":\"https:\/\/vof-news.eu\/wp-content\/uploads\/2025\/07\/fe2e5dc_upload-1-omqiyovurvr8-kzihnioglu-politique-portrait-03072025-20.jpg\",\"contentUrl\":\"https:\/\/vof-news.eu\/wp-content\/uploads\/2025\/07\/fe2e5dc_upload-1-omqiyovurvr8-kzihnioglu-politique-portrait-03072025-20.jpg\",\"width\":664,\"height\":830},{\"@type\":\"BreadcrumbList\",\"@id\":\"https:\/\/vof-news.eu\/fr\/agnes-pannier-runacher-la-droite-et-lextreme-droite-se-servent-de-lecologie-pour-attiser-des-peurs-et-fracturer-le-pays\/#breadcrumb\",\"itemListElement\":[{\"@type\":\"ListItem\",\"position\":1,\"name\":\"Home\",\"item\":\"https:\/\/vof-news.eu\/fr\/\"},{\"@type\":\"ListItem\",\"position\":2,\"name\":\"Agn\u00e8s Pannier-Runacher\u00a0: \u00ab\u00a0La droite et l\u2019extr\u00eame droite se servent de l\u2019\u00e9cologie pour attiser des peurs et fracturer le pays\u00a0\u00bb\"}]},{\"@type\":\"WebSite\",\"@id\":\"https:\/\/vof-news.eu\/fr\/#website\",\"url\":\"https:\/\/vof-news.eu\/fr\/\",\"name\":\"vof-news.eu\",\"description\":\"\",\"potentialAction\":[{\"@type\":\"SearchAction\",\"target\":{\"@type\":\"EntryPoint\",\"urlTemplate\":\"https:\/\/vof-news.eu\/fr\/?s={search_term_string}\"},\"query-input\":\"required name=search_term_string\"}],\"inLanguage\":\"fr-FR\"},{\"@type\":\"Person\",\"@id\":\"https:\/\/vof-news.eu\/fr\/#\/schema\/person\/f6a2a4309f0561835797fd8c19b333ed\",\"name\":\"Author\",\"image\":{\"@type\":\"ImageObject\",\"inLanguage\":\"fr-FR\",\"@id\":\"https:\/\/vof-news.eu\/fr\/#\/schema\/person\/image\/\",\"url\":\"https:\/\/secure.gravatar.com\/avatar\/b67e614b1b25b3e9c0c239efdd2fde5ab015b5affd6f1c3c85911ca4b384e790?s=96&d=mm&r=g\",\"contentUrl\":\"https:\/\/secure.gravatar.com\/avatar\/b67e614b1b25b3e9c0c239efdd2fde5ab015b5affd6f1c3c85911ca4b384e790?s=96&d=mm&r=g\",\"caption\":\"Author\"},\"sameAs\":[\"http:\/\/vof-news.eu\"],\"url\":\"https:\/\/vof-news.eu\/fr\/author\/zwt6qxnjulxbnyg\/\"}]}<\/script>\n<!-- \/ Yoast SEO plugin. -->","yoast_head_json":{"title":"Agn\u00e8s Pannier-Runacher\u00a0: \u00ab\u00a0La droite et l\u2019extr\u00eame droite se servent de l\u2019\u00e9cologie pour attiser des peurs et fracturer le pays\u00a0\u00bb - vof-news.eu","description":"Apr\u00e8s une premi\u00e8re canicule intense, la ministre de la transition \u00e9cologique, Agn\u00e8s Pannier-Runacher, s\u2019inqui\u00e8te des reculs et des attaques de la droite et de\u00a0l\u2019extr\u00eame droite sur les sujets environnementaux. Elle souhaite baisser la fiscalit\u00e9 sur l\u2019\u00e9lectricit\u00e9 en augmentant celle sur le gaz et annonce qu\u2019un comit\u00e9 interminist\u00e9riel se tiendra \u00e0 la rentr\u00e9e sur l\u2019adaptation. Les \u00e9missions de gaz \u00e0 effet de serre de la France sont stables au premier trimestre 2025\u00a0au lieu de baisser. Quelle est votre r\u00e9action\u00a0? On est \u00e0 + 0,2\u00a0% pour le premier trimestre, ce qui est une augmentation. Ce sont des chiffres tr\u00e8s mauvais et l\u2019ann\u00e9e ne sera pas bonne, puisque le Citepa pr\u00e9voit une baisse de seulement 0,8\u00a0%. Ce serait facile d\u2019incriminer la m\u00e9t\u00e9o. Mais, en fait, la confusion du discours politique, les reculades, les propos irresponsables et populistes de certains sur la transition \u00e9cologique expliquent aussi ce que nous observons. Il vous reste 88.58% de cet article \u00e0 lire. La suite est r\u00e9serv\u00e9e aux abonn\u00e9s.","robots":{"index":"noindex","follow":"follow","max-snippet":"max-snippet:-1","max-image-preview":"max-image-preview:large","max-video-preview":"max-video-preview:-1"},"og_locale":"fr_FR","og_type":"article","og_title":"Agn\u00e8s Pannier-Runacher\u00a0: \u00ab\u00a0La droite et l\u2019extr\u00eame droite se servent de l\u2019\u00e9cologie pour attiser des peurs et fracturer le pays\u00a0\u00bb - vof-news.eu","og_description":"Apr\u00e8s une premi\u00e8re canicule intense, la ministre de la transition \u00e9cologique, Agn\u00e8s Pannier-Runacher, s\u2019inqui\u00e8te des reculs et des attaques de la droite et de\u00a0l\u2019extr\u00eame droite sur les sujets environnementaux. Elle souhaite baisser la fiscalit\u00e9 sur l\u2019\u00e9lectricit\u00e9 en augmentant celle sur le gaz et annonce qu\u2019un comit\u00e9 interminist\u00e9riel se tiendra \u00e0 la rentr\u00e9e sur l\u2019adaptation. Les \u00e9missions de gaz \u00e0 effet de serre de la France sont stables au premier trimestre 2025\u00a0au lieu de baisser. Quelle est votre r\u00e9action\u00a0? On est \u00e0 + 0,2\u00a0% pour le premier trimestre, ce qui est une augmentation. Ce sont des chiffres tr\u00e8s mauvais et l\u2019ann\u00e9e ne sera pas bonne, puisque le Citepa pr\u00e9voit une baisse de seulement 0,8\u00a0%. Ce serait facile d\u2019incriminer la m\u00e9t\u00e9o. Mais, en fait, la confusion du discours politique, les reculades, les propos irresponsables et populistes de certains sur la transition \u00e9cologique expliquent aussi ce que nous observons. Il vous reste 88.58% de cet article \u00e0 lire. La suite est r\u00e9serv\u00e9e aux abonn\u00e9s.","og_url":"https:\/\/vof-news.eu\/fr\/agnes-pannier-runacher-la-droite-et-lextreme-droite-se-servent-de-lecologie-pour-attiser-des-peurs-et-fracturer-le-pays\/","og_site_name":"vof-news.eu","article_published_time":"2025-07-04T08:31:20+00:00","article_modified_time":"2025-07-04T08:31:47+00:00","og_image":[{"width":664,"height":830,"url":"https:\/\/vof-news.eu\/wp-content\/uploads\/2025\/07\/fe2e5dc_upload-1-omqiyovurvr8-kzihnioglu-politique-portrait-03072025-20.jpg","type":"image\/jpeg"}],"author":"Author","twitter_card":"summary_large_image","twitter_misc":{"\u00c9crit par":"Author","Dur\u00e9e de lecture estim\u00e9e":"1 minute"},"schema":{"@context":"https:\/\/schema.org","@graph":[{"@type":"WebPage","@id":"https:\/\/vof-news.eu\/fr\/agnes-pannier-runacher-la-droite-et-lextreme-droite-se-servent-de-lecologie-pour-attiser-des-peurs-et-fracturer-le-pays\/","url":"https:\/\/vof-news.eu\/fr\/agnes-pannier-runacher-la-droite-et-lextreme-droite-se-servent-de-lecologie-pour-attiser-des-peurs-et-fracturer-le-pays\/","name":"Agn\u00e8s Pannier-Runacher\u00a0: \u00ab\u00a0La droite et l\u2019extr\u00eame droite se servent de l\u2019\u00e9cologie pour attiser des peurs et fracturer le pays\u00a0\u00bb - vof-news.eu","isPartOf":{"@id":"https:\/\/vof-news.eu\/fr\/#website"},"primaryImageOfPage":{"@id":"https:\/\/vof-news.eu\/fr\/agnes-pannier-runacher-la-droite-et-lextreme-droite-se-servent-de-lecologie-pour-attiser-des-peurs-et-fracturer-le-pays\/#primaryimage"},"image":{"@id":"https:\/\/vof-news.eu\/fr\/agnes-pannier-runacher-la-droite-et-lextreme-droite-se-servent-de-lecologie-pour-attiser-des-peurs-et-fracturer-le-pays\/#primaryimage"},"thumbnailUrl":"https:\/\/vof-news.eu\/wp-content\/uploads\/2025\/07\/fe2e5dc_upload-1-omqiyovurvr8-kzihnioglu-politique-portrait-03072025-20.jpg","datePublished":"2025-07-04T08:31:20+00:00","dateModified":"2025-07-04T08:31:47+00:00","author":{"@id":"https:\/\/vof-news.eu\/fr\/#\/schema\/person\/f6a2a4309f0561835797fd8c19b333ed"},"description":"Apr\u00e8s une premi\u00e8re canicule intense, la ministre de la transition \u00e9cologique, Agn\u00e8s Pannier-Runacher, s\u2019inqui\u00e8te des reculs et des attaques de la droite et de\u00a0l\u2019extr\u00eame droite sur les sujets environnementaux. Elle souhaite baisser la fiscalit\u00e9 sur l\u2019\u00e9lectricit\u00e9 en augmentant celle sur le gaz et annonce qu\u2019un comit\u00e9 interminist\u00e9riel se tiendra \u00e0 la rentr\u00e9e sur l\u2019adaptation. Les \u00e9missions de gaz \u00e0 effet de serre de la France sont stables au premier trimestre 2025\u00a0au lieu de baisser. Quelle est votre r\u00e9action\u00a0? On est \u00e0 + 0,2\u00a0% pour le premier trimestre, ce qui est une augmentation. Ce sont des chiffres tr\u00e8s mauvais et l\u2019ann\u00e9e ne sera pas bonne, puisque le Citepa pr\u00e9voit une baisse de seulement 0,8\u00a0%. Ce serait facile d\u2019incriminer la m\u00e9t\u00e9o. Mais, en fait, la confusion du discours politique, les reculades, les propos irresponsables et populistes de certains sur la transition \u00e9cologique expliquent aussi ce que nous observons. Il vous reste 88.58% de cet article \u00e0 lire. La suite est r\u00e9serv\u00e9e aux abonn\u00e9s.","breadcrumb":{"@id":"https:\/\/vof-news.eu\/fr\/agnes-pannier-runacher-la-droite-et-lextreme-droite-se-servent-de-lecologie-pour-attiser-des-peurs-et-fracturer-le-pays\/#breadcrumb"},"inLanguage":"fr-FR","potentialAction":[{"@type":"ReadAction","target":["https:\/\/vof-news.eu\/fr\/agnes-pannier-runacher-la-droite-et-lextreme-droite-se-servent-de-lecologie-pour-attiser-des-peurs-et-fracturer-le-pays\/"]}]},{"@type":"ImageObject","inLanguage":"fr-FR","@id":"https:\/\/vof-news.eu\/fr\/agnes-pannier-runacher-la-droite-et-lextreme-droite-se-servent-de-lecologie-pour-attiser-des-peurs-et-fracturer-le-pays\/#primaryimage","url":"https:\/\/vof-news.eu\/wp-content\/uploads\/2025\/07\/fe2e5dc_upload-1-omqiyovurvr8-kzihnioglu-politique-portrait-03072025-20.jpg","contentUrl":"https:\/\/vof-news.eu\/wp-content\/uploads\/2025\/07\/fe2e5dc_upload-1-omqiyovurvr8-kzihnioglu-politique-portrait-03072025-20.jpg","width":664,"height":830},{"@type":"BreadcrumbList","@id":"https:\/\/vof-news.eu\/fr\/agnes-pannier-runacher-la-droite-et-lextreme-droite-se-servent-de-lecologie-pour-attiser-des-peurs-et-fracturer-le-pays\/#breadcrumb","itemListElement":[{"@type":"ListItem","position":1,"name":"Home","item":"https:\/\/vof-news.eu\/fr\/"},{"@type":"ListItem","position":2,"name":"Agn\u00e8s Pannier-Runacher\u00a0: \u00ab\u00a0La droite et l\u2019extr\u00eame droite se servent de l\u2019\u00e9cologie pour attiser des peurs et fracturer le pays\u00a0\u00bb"}]},{"@type":"WebSite","@id":"https:\/\/vof-news.eu\/fr\/#website","url":"https:\/\/vof-news.eu\/fr\/","name":"vof-news.eu","description":"","potentialAction":[{"@type":"SearchAction","target":{"@type":"EntryPoint","urlTemplate":"https:\/\/vof-news.eu\/fr\/?s={search_term_string}"},"query-input":"required name=search_term_string"}],"inLanguage":"fr-FR"},{"@type":"Person","@id":"https:\/\/vof-news.eu\/fr\/#\/schema\/person\/f6a2a4309f0561835797fd8c19b333ed","name":"Author","image":{"@type":"ImageObject","inLanguage":"fr-FR","@id":"https:\/\/vof-news.eu\/fr\/#\/schema\/person\/image\/","url":"https:\/\/secure.gravatar.com\/avatar\/b67e614b1b25b3e9c0c239efdd2fde5ab015b5affd6f1c3c85911ca4b384e790?s=96&d=mm&r=g","contentUrl":"https:\/\/secure.gravatar.com\/avatar\/b67e614b1b25b3e9c0c239efdd2fde5ab015b5affd6f1c3c85911ca4b384e790?s=96&d=mm&r=g","caption":"Author"},"sameAs":["http:\/\/vof-news.eu"],"url":"https:\/\/vof-news.eu\/fr\/author\/zwt6qxnjulxbnyg\/"}]}},"yoast_meta":{"yoast_wpseo_title":"","yoast_wpseo_metadesc":"","yoast_wpseo_canonical":""},"_links":{"self":[{"href":"https:\/\/vof-news.eu\/fr\/wp-json\/wp\/v2\/posts\/246897","targetHints":{"allow":["GET"]}}],"collection":[{"href":"https:\/\/vof-news.eu\/fr\/wp-json\/wp\/v2\/posts"}],"about":[{"href":"https:\/\/vof-news.eu\/fr\/wp-json\/wp\/v2\/types\/post"}],"author":[{"embeddable":true,"href":"https:\/\/vof-news.eu\/fr\/wp-json\/wp\/v2\/users\/1"}],"replies":[{"embeddable":true,"href":"https:\/\/vof-news.eu\/fr\/wp-json\/wp\/v2\/comments?post=246897"}],"version-history":[{"count":1,"href":"https:\/\/vof-news.eu\/fr\/wp-json\/wp\/v2\/posts\/246897\/revisions"}],"predecessor-version":[{"id":246904,"href":"https:\/\/vof-news.eu\/fr\/wp-json\/wp\/v2\/posts\/246897\/revisions\/246904"}],"wp:featuredmedia":[{"embeddable":true,"href":"https:\/\/vof-news.eu\/fr\/wp-json\/wp\/v2\/media\/246898"}],"wp:attachment":[{"href":"https:\/\/vof-news.eu\/fr\/wp-json\/wp\/v2\/media?parent=246897"}],"wp:term":[{"taxonomy":"category","embeddable":true,"href":"https:\/\/vof-news.eu\/fr\/wp-json\/wp\/v2\/categories?post=246897"},{"taxonomy":"post_tag","embeddable":true,"href":"https:\/\/vof-news.eu\/fr\/wp-json\/wp\/v2\/tags?post=246897"}],"curies":[{"name":"wp","href":"https:\/\/api.w.org\/{rel}","templated":true}]}}