{"id":246835,"date":"2025-07-04T09:31:19","date_gmt":"2025-07-04T06:31:19","guid":{"rendered":"https:\/\/vof-news.eu\/raphael-glucksmann-accuse-par-certains-partisans-de-lunion-de-la-gauche-dimiter-la-strategie-de-macron-de-2017\/"},"modified":"2025-07-04T09:31:48","modified_gmt":"2025-07-04T06:31:48","slug":"raphael-glucksmann-accuse-par-certains-partisans-de-lunion-de-la-gauche-dimiter-la-strategie-de-macron-de-2017","status":"publish","type":"post","link":"https:\/\/vof-news.eu\/fr\/raphael-glucksmann-accuse-par-certains-partisans-de-lunion-de-la-gauche-dimiter-la-strategie-de-macron-de-2017\/","title":{"rendered":"Rapha\u00ebl Glucksmann accus\u00e9 par certains partisans de l\u2019union de la gauche \u00ab\u00a0d\u2019imiter la strat\u00e9gie de Macron de 2017\u00a0\u00bb"},"content":{"rendered":"<article>\n<p>La derni\u00e8re fois qu\u2019ils se sont parl\u00e9, c\u2019\u00e9tait \u00e0 la fin de l\u2019ann\u00e9e 2021, d\u2019apr\u00e8s les souvenirs de Rapha\u00ebl Glucksmann. Jean-Luc M\u00e9lenchon et lui ferraillaient au sujet de Jean Bodin (1530-1596), th\u00e9oricien de la souverainet\u00e9. Une obsession commune. L\u2019un de leurs nombreux d\u00e9saccords. Le premier la souhaite europ\u00e9enne. L\u2019autre dit qu\u2019elle ne peut \u00eatre que nationale.<\/p>\n<p>Depuis, plus rien, sinon par journaux interpos\u00e9s. Alors le d\u00e9put\u00e9 europ\u00e9en n\u2019en a pas cru ses yeux lorsqu\u2019il a vu le nom de l\u2019\u00ab\u00a0insoumis\u00a0\u00bb s\u2019afficher sur son t\u00e9l\u00e9phone peu apr\u00e8s un entretien dans <a href=\"https:\/\/www.lemonde.fr\/politique\/article\/2025\/05\/23\/raphael-glucksmann-sur-l-election-presidentielle-de-2027-je-ne-participerai-pas-a-une-primaire_6608026_823448.html\" rel=\"nofollow\"><\/a> o\u00f9 il refusait toute participation \u00e0 une primaire de la gauche.<\/p>\n<p>Un message auquel M.\u00a0Glucksmann n\u2019a jamais r\u00e9pondu, et dont il refuse de confirmer l\u2019existence. Selon plusieurs sources, le leader de La France insoumise (LFI) semble acquiescer \u00e0\u00a0la strat\u00e9gie de son concurrent. , lui aurait \u00e9crit M.\u00a0M\u00e9lenchon en substance. Les deux hommes n\u2019ont-ils pas une tactique similaire\u00a0? Affirmer une identit\u00e9 politique, adoss\u00e9e \u00e0 un projet, plut\u00f4t que de participer aux discussions sans fin sur une primaire avec les autres partis de gauche. Une perte de temps \u00e0 leurs yeux. Le miroir invers\u00e9 d\u2019une m\u00eame m\u00e9thode \u00e0 l\u2019aube de l\u2019\u00e9lection pr\u00e9sidentielle de 2027, \u00e0 laquelle ils sont candidats officiellement non d\u00e9clar\u00e9s.<\/p>\n<p><strong>Il vous reste 81.57% de cet article \u00e0 lire. La suite est r\u00e9serv\u00e9e aux abonn\u00e9s.<\/strong><\/p>\n<\/article>\n","protected":false},"excerpt":{"rendered":"<p>La derni\u00e8re fois qu\u2019ils se sont parl\u00e9, c\u2019\u00e9tait \u00e0 la fin de l\u2019ann\u00e9e 2021, d\u2019apr\u00e8s les souvenirs de Rapha\u00ebl Glucksmann. Jean-Luc M\u00e9lenchon et lui ferraillaient au sujet de Jean Bodin (1530-1596), th\u00e9oricien de la souverainet\u00e9. Une obsession commune. L\u2019un de leurs nombreux d\u00e9saccords. Le premier la souhaite europ\u00e9enne. L\u2019autre dit qu\u2019elle ne peut \u00eatre que<\/p>\n","protected":false},"author":1,"featured_media":246836,"comment_status":"open","ping_status":"open","sticky":false,"template":"","format":"standard","meta":{"footnotes":""},"categories":[68],"tags":[],"class_list":["post-246835","post","type-post","status-publish","format-standard","has-post-thumbnail","hentry","category-politics-fr"],"acf":[],"yoast_head":"<!-- This site is optimized with the Yoast SEO plugin v22.9 - https:\/\/yoast.com\/wordpress\/plugins\/seo\/ -->\n<title>Rapha\u00ebl Glucksmann accus\u00e9 par certains partisans de l\u2019union de la gauche \u00ab\u00a0d\u2019imiter la strat\u00e9gie de Macron de 2017\u00a0\u00bb - vof-news.eu<\/title>\n<meta name=\"description\" content=\"La derni\u00e8re fois qu\u2019ils se sont parl\u00e9, c\u2019\u00e9tait \u00e0 la fin de l\u2019ann\u00e9e 2021, d\u2019apr\u00e8s les souvenirs de Rapha\u00ebl Glucksmann. Jean-Luc M\u00e9lenchon et lui ferraillaient au sujet de Jean Bodin (1530-1596), th\u00e9oricien de la souverainet\u00e9. Une obsession commune. L\u2019un de leurs nombreux d\u00e9saccords. Le premier la souhaite europ\u00e9enne. L\u2019autre dit qu\u2019elle ne peut \u00eatre que nationale. Depuis, plus rien, sinon par journaux interpos\u00e9s. Alors le d\u00e9put\u00e9 europ\u00e9en n\u2019en a pas cru ses yeux lorsqu\u2019il a vu le nom de l\u2019\u00ab\u00a0insoumis\u00a0\u00bb s\u2019afficher sur son t\u00e9l\u00e9phone peu apr\u00e8s un entretien dans o\u00f9 il refusait toute participation \u00e0 une primaire de la gauche. Un message auquel M.\u00a0Glucksmann n\u2019a jamais r\u00e9pondu, et dont il refuse de confirmer l\u2019existence. Selon plusieurs sources, le leader de La France insoumise (LFI) semble acquiescer \u00e0\u00a0la strat\u00e9gie de son concurrent. , lui aurait \u00e9crit M.\u00a0M\u00e9lenchon en substance. Les deux hommes n\u2019ont-ils pas une tactique similaire\u00a0? Affirmer une identit\u00e9 politique, adoss\u00e9e \u00e0 un projet, plut\u00f4t que de participer aux discussions sans fin sur une primaire avec les autres partis de gauche. Une perte de temps \u00e0 leurs yeux. Le miroir invers\u00e9 d\u2019une m\u00eame m\u00e9thode \u00e0 l\u2019aube de l\u2019\u00e9lection pr\u00e9sidentielle de 2027, \u00e0 laquelle ils sont candidats officiellement non d\u00e9clar\u00e9s. Il vous reste 81.57% de cet article \u00e0 lire. La suite est r\u00e9serv\u00e9e aux abonn\u00e9s.\" \/>\n<meta name=\"robots\" content=\"noindex, follow, max-snippet:-1, max-image-preview:large, max-video-preview:-1\" \/>\n<meta property=\"og:locale\" content=\"fr_FR\" \/>\n<meta property=\"og:type\" content=\"article\" \/>\n<meta property=\"og:title\" content=\"Rapha\u00ebl Glucksmann accus\u00e9 par certains partisans de l\u2019union de la gauche \u00ab\u00a0d\u2019imiter la strat\u00e9gie de Macron de 2017\u00a0\u00bb - vof-news.eu\" \/>\n<meta property=\"og:description\" content=\"La derni\u00e8re fois qu\u2019ils se sont parl\u00e9, c\u2019\u00e9tait \u00e0 la fin de l\u2019ann\u00e9e 2021, d\u2019apr\u00e8s les souvenirs de Rapha\u00ebl Glucksmann. Jean-Luc M\u00e9lenchon et lui ferraillaient au sujet de Jean Bodin (1530-1596), th\u00e9oricien de la souverainet\u00e9. Une obsession commune. L\u2019un de leurs nombreux d\u00e9saccords. Le premier la souhaite europ\u00e9enne. L\u2019autre dit qu\u2019elle ne peut \u00eatre que nationale. Depuis, plus rien, sinon par journaux interpos\u00e9s. Alors le d\u00e9put\u00e9 europ\u00e9en n\u2019en a pas cru ses yeux lorsqu\u2019il a vu le nom de l\u2019\u00ab\u00a0insoumis\u00a0\u00bb s\u2019afficher sur son t\u00e9l\u00e9phone peu apr\u00e8s un entretien dans o\u00f9 il refusait toute participation \u00e0 une primaire de la gauche. Un message auquel M.\u00a0Glucksmann n\u2019a jamais r\u00e9pondu, et dont il refuse de confirmer l\u2019existence. Selon plusieurs sources, le leader de La France insoumise (LFI) semble acquiescer \u00e0\u00a0la strat\u00e9gie de son concurrent. , lui aurait \u00e9crit M.\u00a0M\u00e9lenchon en substance. Les deux hommes n\u2019ont-ils pas une tactique similaire\u00a0? Affirmer une identit\u00e9 politique, adoss\u00e9e \u00e0 un projet, plut\u00f4t que de participer aux discussions sans fin sur une primaire avec les autres partis de gauche. Une perte de temps \u00e0 leurs yeux. Le miroir invers\u00e9 d\u2019une m\u00eame m\u00e9thode \u00e0 l\u2019aube de l\u2019\u00e9lection pr\u00e9sidentielle de 2027, \u00e0 laquelle ils sont candidats officiellement non d\u00e9clar\u00e9s. Il vous reste 81.57% de cet article \u00e0 lire. La suite est r\u00e9serv\u00e9e aux abonn\u00e9s.\" \/>\n<meta property=\"og:url\" content=\"https:\/\/vof-news.eu\/fr\/raphael-glucksmann-accuse-par-certains-partisans-de-lunion-de-la-gauche-dimiter-la-strategie-de-macron-de-2017\/\" \/>\n<meta property=\"og:site_name\" content=\"vof-news.eu\" \/>\n<meta property=\"article:published_time\" content=\"2025-07-04T06:31:19+00:00\" \/>\n<meta property=\"article:modified_time\" content=\"2025-07-04T06:31:48+00:00\" \/>\n<meta property=\"og:image\" content=\"https:\/\/vof-news.eu\/wp-content\/uploads\/2025\/07\/b0e44bb_upload-1-c1f0drf2lsvy-000-63e83vm-1.jpg\" \/>\n\t<meta property=\"og:image:width\" content=\"664\" \/>\n\t<meta property=\"og:image:height\" content=\"443\" \/>\n\t<meta property=\"og:image:type\" content=\"image\/jpeg\" \/>\n<meta name=\"author\" content=\"Author\" \/>\n<meta name=\"twitter:card\" content=\"summary_large_image\" \/>\n<meta name=\"twitter:label1\" content=\"\u00c9crit par\" \/>\n\t<meta name=\"twitter:data1\" content=\"Author\" \/>\n\t<meta name=\"twitter:label2\" content=\"Dur\u00e9e de lecture estim\u00e9e\" \/>\n\t<meta name=\"twitter:data2\" content=\"1 minute\" \/>\n<script type=\"application\/ld+json\" class=\"yoast-schema-graph\">{\"@context\":\"https:\/\/schema.org\",\"@graph\":[{\"@type\":\"WebPage\",\"@id\":\"https:\/\/vof-news.eu\/fr\/raphael-glucksmann-accuse-par-certains-partisans-de-lunion-de-la-gauche-dimiter-la-strategie-de-macron-de-2017\/\",\"url\":\"https:\/\/vof-news.eu\/fr\/raphael-glucksmann-accuse-par-certains-partisans-de-lunion-de-la-gauche-dimiter-la-strategie-de-macron-de-2017\/\",\"name\":\"Rapha\u00ebl Glucksmann accus\u00e9 par certains partisans de l\u2019union de la gauche \u00ab\u00a0d\u2019imiter la strat\u00e9gie de Macron de 2017\u00a0\u00bb - vof-news.eu\",\"isPartOf\":{\"@id\":\"https:\/\/vof-news.eu\/fr\/#website\"},\"primaryImageOfPage\":{\"@id\":\"https:\/\/vof-news.eu\/fr\/raphael-glucksmann-accuse-par-certains-partisans-de-lunion-de-la-gauche-dimiter-la-strategie-de-macron-de-2017\/#primaryimage\"},\"image\":{\"@id\":\"https:\/\/vof-news.eu\/fr\/raphael-glucksmann-accuse-par-certains-partisans-de-lunion-de-la-gauche-dimiter-la-strategie-de-macron-de-2017\/#primaryimage\"},\"thumbnailUrl\":\"https:\/\/vof-news.eu\/wp-content\/uploads\/2025\/07\/b0e44bb_upload-1-c1f0drf2lsvy-000-63e83vm-1.jpg\",\"datePublished\":\"2025-07-04T06:31:19+00:00\",\"dateModified\":\"2025-07-04T06:31:48+00:00\",\"author\":{\"@id\":\"https:\/\/vof-news.eu\/fr\/#\/schema\/person\/f6a2a4309f0561835797fd8c19b333ed\"},\"description\":\"La derni\u00e8re fois qu\u2019ils se sont parl\u00e9, c\u2019\u00e9tait \u00e0 la fin de l\u2019ann\u00e9e 2021, d\u2019apr\u00e8s les souvenirs de Rapha\u00ebl Glucksmann. Jean-Luc M\u00e9lenchon et lui ferraillaient au sujet de Jean Bodin (1530-1596), th\u00e9oricien de la souverainet\u00e9. Une obsession commune. L\u2019un de leurs nombreux d\u00e9saccords. Le premier la souhaite europ\u00e9enne. L\u2019autre dit qu\u2019elle ne peut \u00eatre que nationale. Depuis, plus rien, sinon par journaux interpos\u00e9s. Alors le d\u00e9put\u00e9 europ\u00e9en n\u2019en a pas cru ses yeux lorsqu\u2019il a vu le nom de l\u2019\u00ab\u00a0insoumis\u00a0\u00bb s\u2019afficher sur son t\u00e9l\u00e9phone peu apr\u00e8s un entretien dans o\u00f9 il refusait toute participation \u00e0 une primaire de la gauche. Un message auquel M.\u00a0Glucksmann n\u2019a jamais r\u00e9pondu, et dont il refuse de confirmer l\u2019existence. Selon plusieurs sources, le leader de La France insoumise (LFI) semble acquiescer \u00e0\u00a0la strat\u00e9gie de son concurrent. , lui aurait \u00e9crit M.\u00a0M\u00e9lenchon en substance. Les deux hommes n\u2019ont-ils pas une tactique similaire\u00a0? Affirmer une identit\u00e9 politique, adoss\u00e9e \u00e0 un projet, plut\u00f4t que de participer aux discussions sans fin sur une primaire avec les autres partis de gauche. Une perte de temps \u00e0 leurs yeux. Le miroir invers\u00e9 d\u2019une m\u00eame m\u00e9thode \u00e0 l\u2019aube de l\u2019\u00e9lection pr\u00e9sidentielle de 2027, \u00e0 laquelle ils sont candidats officiellement non d\u00e9clar\u00e9s. Il vous reste 81.57% de cet article \u00e0 lire. La suite est r\u00e9serv\u00e9e aux abonn\u00e9s.\",\"breadcrumb\":{\"@id\":\"https:\/\/vof-news.eu\/fr\/raphael-glucksmann-accuse-par-certains-partisans-de-lunion-de-la-gauche-dimiter-la-strategie-de-macron-de-2017\/#breadcrumb\"},\"inLanguage\":\"fr-FR\",\"potentialAction\":[{\"@type\":\"ReadAction\",\"target\":[\"https:\/\/vof-news.eu\/fr\/raphael-glucksmann-accuse-par-certains-partisans-de-lunion-de-la-gauche-dimiter-la-strategie-de-macron-de-2017\/\"]}]},{\"@type\":\"ImageObject\",\"inLanguage\":\"fr-FR\",\"@id\":\"https:\/\/vof-news.eu\/fr\/raphael-glucksmann-accuse-par-certains-partisans-de-lunion-de-la-gauche-dimiter-la-strategie-de-macron-de-2017\/#primaryimage\",\"url\":\"https:\/\/vof-news.eu\/wp-content\/uploads\/2025\/07\/b0e44bb_upload-1-c1f0drf2lsvy-000-63e83vm-1.jpg\",\"contentUrl\":\"https:\/\/vof-news.eu\/wp-content\/uploads\/2025\/07\/b0e44bb_upload-1-c1f0drf2lsvy-000-63e83vm-1.jpg\",\"width\":664,\"height\":443},{\"@type\":\"BreadcrumbList\",\"@id\":\"https:\/\/vof-news.eu\/fr\/raphael-glucksmann-accuse-par-certains-partisans-de-lunion-de-la-gauche-dimiter-la-strategie-de-macron-de-2017\/#breadcrumb\",\"itemListElement\":[{\"@type\":\"ListItem\",\"position\":1,\"name\":\"Home\",\"item\":\"https:\/\/vof-news.eu\/fr\/\"},{\"@type\":\"ListItem\",\"position\":2,\"name\":\"Rapha\u00ebl Glucksmann accus\u00e9 par certains partisans de l\u2019union de la gauche \u00ab\u00a0d\u2019imiter la strat\u00e9gie de Macron de 2017\u00a0\u00bb\"}]},{\"@type\":\"WebSite\",\"@id\":\"https:\/\/vof-news.eu\/fr\/#website\",\"url\":\"https:\/\/vof-news.eu\/fr\/\",\"name\":\"vof-news.eu\",\"description\":\"\",\"potentialAction\":[{\"@type\":\"SearchAction\",\"target\":{\"@type\":\"EntryPoint\",\"urlTemplate\":\"https:\/\/vof-news.eu\/fr\/?s={search_term_string}\"},\"query-input\":\"required name=search_term_string\"}],\"inLanguage\":\"fr-FR\"},{\"@type\":\"Person\",\"@id\":\"https:\/\/vof-news.eu\/fr\/#\/schema\/person\/f6a2a4309f0561835797fd8c19b333ed\",\"name\":\"Author\",\"image\":{\"@type\":\"ImageObject\",\"inLanguage\":\"fr-FR\",\"@id\":\"https:\/\/vof-news.eu\/fr\/#\/schema\/person\/image\/\",\"url\":\"https:\/\/secure.gravatar.com\/avatar\/b67e614b1b25b3e9c0c239efdd2fde5ab015b5affd6f1c3c85911ca4b384e790?s=96&d=mm&r=g\",\"contentUrl\":\"https:\/\/secure.gravatar.com\/avatar\/b67e614b1b25b3e9c0c239efdd2fde5ab015b5affd6f1c3c85911ca4b384e790?s=96&d=mm&r=g\",\"caption\":\"Author\"},\"sameAs\":[\"http:\/\/vof-news.eu\"],\"url\":\"https:\/\/vof-news.eu\/fr\/author\/zwt6qxnjulxbnyg\/\"}]}<\/script>\n<!-- \/ Yoast SEO plugin. -->","yoast_head_json":{"title":"Rapha\u00ebl Glucksmann accus\u00e9 par certains partisans de l\u2019union de la gauche \u00ab\u00a0d\u2019imiter la strat\u00e9gie de Macron de 2017\u00a0\u00bb - vof-news.eu","description":"La derni\u00e8re fois qu\u2019ils se sont parl\u00e9, c\u2019\u00e9tait \u00e0 la fin de l\u2019ann\u00e9e 2021, d\u2019apr\u00e8s les souvenirs de Rapha\u00ebl Glucksmann. Jean-Luc M\u00e9lenchon et lui ferraillaient au sujet de Jean Bodin (1530-1596), th\u00e9oricien de la souverainet\u00e9. Une obsession commune. L\u2019un de leurs nombreux d\u00e9saccords. Le premier la souhaite europ\u00e9enne. L\u2019autre dit qu\u2019elle ne peut \u00eatre que nationale. Depuis, plus rien, sinon par journaux interpos\u00e9s. Alors le d\u00e9put\u00e9 europ\u00e9en n\u2019en a pas cru ses yeux lorsqu\u2019il a vu le nom de l\u2019\u00ab\u00a0insoumis\u00a0\u00bb s\u2019afficher sur son t\u00e9l\u00e9phone peu apr\u00e8s un entretien dans o\u00f9 il refusait toute participation \u00e0 une primaire de la gauche. Un message auquel M.\u00a0Glucksmann n\u2019a jamais r\u00e9pondu, et dont il refuse de confirmer l\u2019existence. Selon plusieurs sources, le leader de La France insoumise (LFI) semble acquiescer \u00e0\u00a0la strat\u00e9gie de son concurrent. , lui aurait \u00e9crit M.\u00a0M\u00e9lenchon en substance. Les deux hommes n\u2019ont-ils pas une tactique similaire\u00a0? Affirmer une identit\u00e9 politique, adoss\u00e9e \u00e0 un projet, plut\u00f4t que de participer aux discussions sans fin sur une primaire avec les autres partis de gauche. Une perte de temps \u00e0 leurs yeux. Le miroir invers\u00e9 d\u2019une m\u00eame m\u00e9thode \u00e0 l\u2019aube de l\u2019\u00e9lection pr\u00e9sidentielle de 2027, \u00e0 laquelle ils sont candidats officiellement non d\u00e9clar\u00e9s. Il vous reste 81.57% de cet article \u00e0 lire. La suite est r\u00e9serv\u00e9e aux abonn\u00e9s.","robots":{"index":"noindex","follow":"follow","max-snippet":"max-snippet:-1","max-image-preview":"max-image-preview:large","max-video-preview":"max-video-preview:-1"},"og_locale":"fr_FR","og_type":"article","og_title":"Rapha\u00ebl Glucksmann accus\u00e9 par certains partisans de l\u2019union de la gauche \u00ab\u00a0d\u2019imiter la strat\u00e9gie de Macron de 2017\u00a0\u00bb - vof-news.eu","og_description":"La derni\u00e8re fois qu\u2019ils se sont parl\u00e9, c\u2019\u00e9tait \u00e0 la fin de l\u2019ann\u00e9e 2021, d\u2019apr\u00e8s les souvenirs de Rapha\u00ebl Glucksmann. Jean-Luc M\u00e9lenchon et lui ferraillaient au sujet de Jean Bodin (1530-1596), th\u00e9oricien de la souverainet\u00e9. Une obsession commune. L\u2019un de leurs nombreux d\u00e9saccords. Le premier la souhaite europ\u00e9enne. L\u2019autre dit qu\u2019elle ne peut \u00eatre que nationale. Depuis, plus rien, sinon par journaux interpos\u00e9s. Alors le d\u00e9put\u00e9 europ\u00e9en n\u2019en a pas cru ses yeux lorsqu\u2019il a vu le nom de l\u2019\u00ab\u00a0insoumis\u00a0\u00bb s\u2019afficher sur son t\u00e9l\u00e9phone peu apr\u00e8s un entretien dans o\u00f9 il refusait toute participation \u00e0 une primaire de la gauche. Un message auquel M.\u00a0Glucksmann n\u2019a jamais r\u00e9pondu, et dont il refuse de confirmer l\u2019existence. Selon plusieurs sources, le leader de La France insoumise (LFI) semble acquiescer \u00e0\u00a0la strat\u00e9gie de son concurrent. , lui aurait \u00e9crit M.\u00a0M\u00e9lenchon en substance. Les deux hommes n\u2019ont-ils pas une tactique similaire\u00a0? Affirmer une identit\u00e9 politique, adoss\u00e9e \u00e0 un projet, plut\u00f4t que de participer aux discussions sans fin sur une primaire avec les autres partis de gauche. Une perte de temps \u00e0 leurs yeux. Le miroir invers\u00e9 d\u2019une m\u00eame m\u00e9thode \u00e0 l\u2019aube de l\u2019\u00e9lection pr\u00e9sidentielle de 2027, \u00e0 laquelle ils sont candidats officiellement non d\u00e9clar\u00e9s. Il vous reste 81.57% de cet article \u00e0 lire. La suite est r\u00e9serv\u00e9e aux abonn\u00e9s.","og_url":"https:\/\/vof-news.eu\/fr\/raphael-glucksmann-accuse-par-certains-partisans-de-lunion-de-la-gauche-dimiter-la-strategie-de-macron-de-2017\/","og_site_name":"vof-news.eu","article_published_time":"2025-07-04T06:31:19+00:00","article_modified_time":"2025-07-04T06:31:48+00:00","og_image":[{"width":664,"height":443,"url":"https:\/\/vof-news.eu\/wp-content\/uploads\/2025\/07\/b0e44bb_upload-1-c1f0drf2lsvy-000-63e83vm-1.jpg","type":"image\/jpeg"}],"author":"Author","twitter_card":"summary_large_image","twitter_misc":{"\u00c9crit par":"Author","Dur\u00e9e de lecture estim\u00e9e":"1 minute"},"schema":{"@context":"https:\/\/schema.org","@graph":[{"@type":"WebPage","@id":"https:\/\/vof-news.eu\/fr\/raphael-glucksmann-accuse-par-certains-partisans-de-lunion-de-la-gauche-dimiter-la-strategie-de-macron-de-2017\/","url":"https:\/\/vof-news.eu\/fr\/raphael-glucksmann-accuse-par-certains-partisans-de-lunion-de-la-gauche-dimiter-la-strategie-de-macron-de-2017\/","name":"Rapha\u00ebl Glucksmann accus\u00e9 par certains partisans de l\u2019union de la gauche \u00ab\u00a0d\u2019imiter la strat\u00e9gie de Macron de 2017\u00a0\u00bb - vof-news.eu","isPartOf":{"@id":"https:\/\/vof-news.eu\/fr\/#website"},"primaryImageOfPage":{"@id":"https:\/\/vof-news.eu\/fr\/raphael-glucksmann-accuse-par-certains-partisans-de-lunion-de-la-gauche-dimiter-la-strategie-de-macron-de-2017\/#primaryimage"},"image":{"@id":"https:\/\/vof-news.eu\/fr\/raphael-glucksmann-accuse-par-certains-partisans-de-lunion-de-la-gauche-dimiter-la-strategie-de-macron-de-2017\/#primaryimage"},"thumbnailUrl":"https:\/\/vof-news.eu\/wp-content\/uploads\/2025\/07\/b0e44bb_upload-1-c1f0drf2lsvy-000-63e83vm-1.jpg","datePublished":"2025-07-04T06:31:19+00:00","dateModified":"2025-07-04T06:31:48+00:00","author":{"@id":"https:\/\/vof-news.eu\/fr\/#\/schema\/person\/f6a2a4309f0561835797fd8c19b333ed"},"description":"La derni\u00e8re fois qu\u2019ils se sont parl\u00e9, c\u2019\u00e9tait \u00e0 la fin de l\u2019ann\u00e9e 2021, d\u2019apr\u00e8s les souvenirs de Rapha\u00ebl Glucksmann. Jean-Luc M\u00e9lenchon et lui ferraillaient au sujet de Jean Bodin (1530-1596), th\u00e9oricien de la souverainet\u00e9. Une obsession commune. L\u2019un de leurs nombreux d\u00e9saccords. Le premier la souhaite europ\u00e9enne. L\u2019autre dit qu\u2019elle ne peut \u00eatre que nationale. Depuis, plus rien, sinon par journaux interpos\u00e9s. Alors le d\u00e9put\u00e9 europ\u00e9en n\u2019en a pas cru ses yeux lorsqu\u2019il a vu le nom de l\u2019\u00ab\u00a0insoumis\u00a0\u00bb s\u2019afficher sur son t\u00e9l\u00e9phone peu apr\u00e8s un entretien dans o\u00f9 il refusait toute participation \u00e0 une primaire de la gauche. Un message auquel M.\u00a0Glucksmann n\u2019a jamais r\u00e9pondu, et dont il refuse de confirmer l\u2019existence. Selon plusieurs sources, le leader de La France insoumise (LFI) semble acquiescer \u00e0\u00a0la strat\u00e9gie de son concurrent. , lui aurait \u00e9crit M.\u00a0M\u00e9lenchon en substance. Les deux hommes n\u2019ont-ils pas une tactique similaire\u00a0? Affirmer une identit\u00e9 politique, adoss\u00e9e \u00e0 un projet, plut\u00f4t que de participer aux discussions sans fin sur une primaire avec les autres partis de gauche. Une perte de temps \u00e0 leurs yeux. Le miroir invers\u00e9 d\u2019une m\u00eame m\u00e9thode \u00e0 l\u2019aube de l\u2019\u00e9lection pr\u00e9sidentielle de 2027, \u00e0 laquelle ils sont candidats officiellement non d\u00e9clar\u00e9s. Il vous reste 81.57% de cet article \u00e0 lire. La suite est r\u00e9serv\u00e9e aux abonn\u00e9s.","breadcrumb":{"@id":"https:\/\/vof-news.eu\/fr\/raphael-glucksmann-accuse-par-certains-partisans-de-lunion-de-la-gauche-dimiter-la-strategie-de-macron-de-2017\/#breadcrumb"},"inLanguage":"fr-FR","potentialAction":[{"@type":"ReadAction","target":["https:\/\/vof-news.eu\/fr\/raphael-glucksmann-accuse-par-certains-partisans-de-lunion-de-la-gauche-dimiter-la-strategie-de-macron-de-2017\/"]}]},{"@type":"ImageObject","inLanguage":"fr-FR","@id":"https:\/\/vof-news.eu\/fr\/raphael-glucksmann-accuse-par-certains-partisans-de-lunion-de-la-gauche-dimiter-la-strategie-de-macron-de-2017\/#primaryimage","url":"https:\/\/vof-news.eu\/wp-content\/uploads\/2025\/07\/b0e44bb_upload-1-c1f0drf2lsvy-000-63e83vm-1.jpg","contentUrl":"https:\/\/vof-news.eu\/wp-content\/uploads\/2025\/07\/b0e44bb_upload-1-c1f0drf2lsvy-000-63e83vm-1.jpg","width":664,"height":443},{"@type":"BreadcrumbList","@id":"https:\/\/vof-news.eu\/fr\/raphael-glucksmann-accuse-par-certains-partisans-de-lunion-de-la-gauche-dimiter-la-strategie-de-macron-de-2017\/#breadcrumb","itemListElement":[{"@type":"ListItem","position":1,"name":"Home","item":"https:\/\/vof-news.eu\/fr\/"},{"@type":"ListItem","position":2,"name":"Rapha\u00ebl Glucksmann accus\u00e9 par certains partisans de l\u2019union de la gauche \u00ab\u00a0d\u2019imiter la strat\u00e9gie de Macron de 2017\u00a0\u00bb"}]},{"@type":"WebSite","@id":"https:\/\/vof-news.eu\/fr\/#website","url":"https:\/\/vof-news.eu\/fr\/","name":"vof-news.eu","description":"","potentialAction":[{"@type":"SearchAction","target":{"@type":"EntryPoint","urlTemplate":"https:\/\/vof-news.eu\/fr\/?s={search_term_string}"},"query-input":"required name=search_term_string"}],"inLanguage":"fr-FR"},{"@type":"Person","@id":"https:\/\/vof-news.eu\/fr\/#\/schema\/person\/f6a2a4309f0561835797fd8c19b333ed","name":"Author","image":{"@type":"ImageObject","inLanguage":"fr-FR","@id":"https:\/\/vof-news.eu\/fr\/#\/schema\/person\/image\/","url":"https:\/\/secure.gravatar.com\/avatar\/b67e614b1b25b3e9c0c239efdd2fde5ab015b5affd6f1c3c85911ca4b384e790?s=96&d=mm&r=g","contentUrl":"https:\/\/secure.gravatar.com\/avatar\/b67e614b1b25b3e9c0c239efdd2fde5ab015b5affd6f1c3c85911ca4b384e790?s=96&d=mm&r=g","caption":"Author"},"sameAs":["http:\/\/vof-news.eu"],"url":"https:\/\/vof-news.eu\/fr\/author\/zwt6qxnjulxbnyg\/"}]}},"yoast_meta":{"yoast_wpseo_title":"","yoast_wpseo_metadesc":"","yoast_wpseo_canonical":""},"_links":{"self":[{"href":"https:\/\/vof-news.eu\/fr\/wp-json\/wp\/v2\/posts\/246835","targetHints":{"allow":["GET"]}}],"collection":[{"href":"https:\/\/vof-news.eu\/fr\/wp-json\/wp\/v2\/posts"}],"about":[{"href":"https:\/\/vof-news.eu\/fr\/wp-json\/wp\/v2\/types\/post"}],"author":[{"embeddable":true,"href":"https:\/\/vof-news.eu\/fr\/wp-json\/wp\/v2\/users\/1"}],"replies":[{"embeddable":true,"href":"https:\/\/vof-news.eu\/fr\/wp-json\/wp\/v2\/comments?post=246835"}],"version-history":[{"count":1,"href":"https:\/\/vof-news.eu\/fr\/wp-json\/wp\/v2\/posts\/246835\/revisions"}],"predecessor-version":[{"id":246842,"href":"https:\/\/vof-news.eu\/fr\/wp-json\/wp\/v2\/posts\/246835\/revisions\/246842"}],"wp:featuredmedia":[{"embeddable":true,"href":"https:\/\/vof-news.eu\/fr\/wp-json\/wp\/v2\/media\/246836"}],"wp:attachment":[{"href":"https:\/\/vof-news.eu\/fr\/wp-json\/wp\/v2\/media?parent=246835"}],"wp:term":[{"taxonomy":"category","embeddable":true,"href":"https:\/\/vof-news.eu\/fr\/wp-json\/wp\/v2\/categories?post=246835"},{"taxonomy":"post_tag","embeddable":true,"href":"https:\/\/vof-news.eu\/fr\/wp-json\/wp\/v2\/tags?post=246835"}],"curies":[{"name":"wp","href":"https:\/\/api.w.org\/{rel}","templated":true}]}}