{"id":246793,"date":"2025-07-04T07:33:53","date_gmt":"2025-07-04T04:33:53","guid":{"rendered":"https:\/\/vof-news.eu\/des-salaries-en-greve-contre-la-reduction-du-teletravail-vu-comme-un-nouveau-droit-social\/"},"modified":"2025-07-04T07:34:10","modified_gmt":"2025-07-04T04:34:10","slug":"des-salaries-en-greve-contre-la-reduction-du-teletravail-vu-comme-un-nouveau-droit-social","status":"publish","type":"post","link":"https:\/\/vof-news.eu\/fr\/des-salaries-en-greve-contre-la-reduction-du-teletravail-vu-comme-un-nouveau-droit-social\/","title":{"rendered":"Des salari\u00e9s en gr\u00e8ve contre la r\u00e9duction du t\u00e9l\u00e9travail, vu comme un nouveau droit social"},"content":{"rendered":"<article>\n<p>Une bouff\u00e9e d\u2019oxyg\u00e8ne. Quand le t\u00e9l\u00e9travail est entr\u00e9e dans les m\u0153urs, durant la pand\u00e9mie de Covid-19, Thibault (le pr\u00e9nom a \u00e9t\u00e9 modifi\u00e9), 46\u00a0ans, a trouv\u00e9 un meilleur \u00e9quilibre entre ses vies professionnelles et personnelles. raconte ce salari\u00e9 de la Soci\u00e9t\u00e9 g\u00e9n\u00e9rale (SG). Le 27\u00a0juin, il est de ceux qui, comme beaucoup, se sont mis en gr\u00e8ve pour contester l\u2019annonce d\u2019une r\u00e9duction du t\u00e9l\u00e9travail dans la banque. Jeudi 3\u00a0juillet, comme tous les salari\u00e9s, il \u00e9tait appel\u00e9 par les syndicats \u00e0 venir \u00ab\u00a0sur site\u00a0\u00bb en arborant un ruban vert,  pour manifester sa d\u00e9termination.<\/p>\n<section>   <\/section>\n<p>Quarante-huit heures auparavant, mardi 1<sup>er<\/sup>\u00a0juillet, c\u2019\u00e9tait chez Trax, l\u2019entit\u00e9 audiovisuelle de Free, qu\u2019un mouvement social \u00e9tait lanc\u00e9 contre des mesures restreignant le t\u00e9l\u00e9travail. , t\u00e9moigne un d\u00e9veloppeur, qui a souhait\u00e9 garder l\u2019anonymat.<\/p>\n<p><strong>Il vous reste 83.32% de cet article \u00e0 lire. La suite est r\u00e9serv\u00e9e aux abonn\u00e9s.<\/strong><\/p>\n<\/article>\n","protected":false},"excerpt":{"rendered":"<p>Une bouff\u00e9e d\u2019oxyg\u00e8ne. Quand le t\u00e9l\u00e9travail est entr\u00e9e dans les m\u0153urs, durant la pand\u00e9mie de Covid-19, Thibault (le pr\u00e9nom a \u00e9t\u00e9 modifi\u00e9), 46\u00a0ans, a trouv\u00e9 un meilleur \u00e9quilibre entre ses vies professionnelles et personnelles. raconte ce salari\u00e9 de la Soci\u00e9t\u00e9 g\u00e9n\u00e9rale (SG). Le 27\u00a0juin, il est de ceux qui, comme beaucoup, se sont mis en<\/p>\n","protected":false},"author":1,"featured_media":246794,"comment_status":"open","ping_status":"open","sticky":false,"template":"","format":"standard","meta":{"footnotes":""},"categories":[58],"tags":[],"class_list":["post-246793","post","type-post","status-publish","format-standard","has-post-thumbnail","hentry","category-business-fr"],"acf":[],"yoast_head":"<!-- This site is optimized with the Yoast SEO plugin v22.9 - https:\/\/yoast.com\/wordpress\/plugins\/seo\/ -->\n<title>Des salari\u00e9s en gr\u00e8ve contre la r\u00e9duction du t\u00e9l\u00e9travail, vu comme un nouveau droit social - vof-news.eu<\/title>\n<meta name=\"description\" content=\"Une bouff\u00e9e d\u2019oxyg\u00e8ne. Quand le t\u00e9l\u00e9travail est entr\u00e9e dans les m\u0153urs, durant la pand\u00e9mie de Covid-19, Thibault (le pr\u00e9nom a \u00e9t\u00e9 modifi\u00e9), 46\u00a0ans, a trouv\u00e9 un meilleur \u00e9quilibre entre ses vies professionnelles et personnelles. raconte ce salari\u00e9 de la Soci\u00e9t\u00e9 g\u00e9n\u00e9rale (SG). Le 27\u00a0juin, il est de ceux qui, comme beaucoup, se sont mis en gr\u00e8ve pour contester l\u2019annonce d\u2019une r\u00e9duction du t\u00e9l\u00e9travail dans la banque. Jeudi 3\u00a0juillet, comme tous les salari\u00e9s, il \u00e9tait appel\u00e9 par les syndicats \u00e0 venir \u00ab\u00a0sur site\u00a0\u00bb en arborant un ruban vert, pour manifester sa d\u00e9termination.   Quarante-huit heures auparavant, mardi 1er\u00a0juillet, c\u2019\u00e9tait chez Trax, l\u2019entit\u00e9 audiovisuelle de Free, qu\u2019un mouvement social \u00e9tait lanc\u00e9 contre des mesures restreignant le t\u00e9l\u00e9travail. , t\u00e9moigne un d\u00e9veloppeur, qui a souhait\u00e9 garder l\u2019anonymat. Il vous reste 83.32% de cet article \u00e0 lire. La suite est r\u00e9serv\u00e9e aux abonn\u00e9s.\" \/>\n<meta name=\"robots\" content=\"noindex, follow, max-snippet:-1, max-image-preview:large, max-video-preview:-1\" \/>\n<meta property=\"og:locale\" content=\"fr_FR\" \/>\n<meta property=\"og:type\" content=\"article\" \/>\n<meta property=\"og:title\" content=\"Des salari\u00e9s en gr\u00e8ve contre la r\u00e9duction du t\u00e9l\u00e9travail, vu comme un nouveau droit social - vof-news.eu\" \/>\n<meta property=\"og:description\" content=\"Une bouff\u00e9e d\u2019oxyg\u00e8ne. Quand le t\u00e9l\u00e9travail est entr\u00e9e dans les m\u0153urs, durant la pand\u00e9mie de Covid-19, Thibault (le pr\u00e9nom a \u00e9t\u00e9 modifi\u00e9), 46\u00a0ans, a trouv\u00e9 un meilleur \u00e9quilibre entre ses vies professionnelles et personnelles. raconte ce salari\u00e9 de la Soci\u00e9t\u00e9 g\u00e9n\u00e9rale (SG). Le 27\u00a0juin, il est de ceux qui, comme beaucoup, se sont mis en gr\u00e8ve pour contester l\u2019annonce d\u2019une r\u00e9duction du t\u00e9l\u00e9travail dans la banque. Jeudi 3\u00a0juillet, comme tous les salari\u00e9s, il \u00e9tait appel\u00e9 par les syndicats \u00e0 venir \u00ab\u00a0sur site\u00a0\u00bb en arborant un ruban vert, pour manifester sa d\u00e9termination.   Quarante-huit heures auparavant, mardi 1er\u00a0juillet, c\u2019\u00e9tait chez Trax, l\u2019entit\u00e9 audiovisuelle de Free, qu\u2019un mouvement social \u00e9tait lanc\u00e9 contre des mesures restreignant le t\u00e9l\u00e9travail. , t\u00e9moigne un d\u00e9veloppeur, qui a souhait\u00e9 garder l\u2019anonymat. Il vous reste 83.32% de cet article \u00e0 lire. La suite est r\u00e9serv\u00e9e aux abonn\u00e9s.\" \/>\n<meta property=\"og:url\" content=\"https:\/\/vof-news.eu\/fr\/des-salaries-en-greve-contre-la-reduction-du-teletravail-vu-comme-un-nouveau-droit-social\/\" \/>\n<meta property=\"og:site_name\" content=\"vof-news.eu\" \/>\n<meta property=\"article:published_time\" content=\"2025-07-04T04:33:53+00:00\" \/>\n<meta property=\"article:modified_time\" content=\"2025-07-04T04:34:10+00:00\" \/>\n<meta property=\"og:image\" content=\"https:\/\/vof-news.eu\/wp-content\/uploads\/2025\/07\/0119a39_upload-1-6zqguaj7crkh-2025-07-03-colcanopa.jpeg\" \/>\n\t<meta property=\"og:image:width\" content=\"664\" \/>\n\t<meta property=\"og:image:height\" content=\"427\" \/>\n\t<meta property=\"og:image:type\" content=\"image\/jpeg\" \/>\n<meta name=\"author\" content=\"Author\" \/>\n<meta name=\"twitter:card\" content=\"summary_large_image\" \/>\n<meta name=\"twitter:label1\" content=\"\u00c9crit par\" \/>\n\t<meta name=\"twitter:data1\" content=\"Author\" \/>\n\t<meta name=\"twitter:label2\" content=\"Dur\u00e9e de lecture estim\u00e9e\" \/>\n\t<meta name=\"twitter:data2\" content=\"1 minute\" \/>\n<script type=\"application\/ld+json\" class=\"yoast-schema-graph\">{\"@context\":\"https:\/\/schema.org\",\"@graph\":[{\"@type\":\"WebPage\",\"@id\":\"https:\/\/vof-news.eu\/fr\/des-salaries-en-greve-contre-la-reduction-du-teletravail-vu-comme-un-nouveau-droit-social\/\",\"url\":\"https:\/\/vof-news.eu\/fr\/des-salaries-en-greve-contre-la-reduction-du-teletravail-vu-comme-un-nouveau-droit-social\/\",\"name\":\"Des salari\u00e9s en gr\u00e8ve contre la r\u00e9duction du t\u00e9l\u00e9travail, vu comme un nouveau droit social - vof-news.eu\",\"isPartOf\":{\"@id\":\"https:\/\/vof-news.eu\/fr\/#website\"},\"primaryImageOfPage\":{\"@id\":\"https:\/\/vof-news.eu\/fr\/des-salaries-en-greve-contre-la-reduction-du-teletravail-vu-comme-un-nouveau-droit-social\/#primaryimage\"},\"image\":{\"@id\":\"https:\/\/vof-news.eu\/fr\/des-salaries-en-greve-contre-la-reduction-du-teletravail-vu-comme-un-nouveau-droit-social\/#primaryimage\"},\"thumbnailUrl\":\"https:\/\/vof-news.eu\/wp-content\/uploads\/2025\/07\/0119a39_upload-1-6zqguaj7crkh-2025-07-03-colcanopa.jpeg\",\"datePublished\":\"2025-07-04T04:33:53+00:00\",\"dateModified\":\"2025-07-04T04:34:10+00:00\",\"author\":{\"@id\":\"https:\/\/vof-news.eu\/fr\/#\/schema\/person\/f6a2a4309f0561835797fd8c19b333ed\"},\"description\":\"Une bouff\u00e9e d\u2019oxyg\u00e8ne. Quand le t\u00e9l\u00e9travail est entr\u00e9e dans les m\u0153urs, durant la pand\u00e9mie de Covid-19, Thibault (le pr\u00e9nom a \u00e9t\u00e9 modifi\u00e9), 46\u00a0ans, a trouv\u00e9 un meilleur \u00e9quilibre entre ses vies professionnelles et personnelles. raconte ce salari\u00e9 de la Soci\u00e9t\u00e9 g\u00e9n\u00e9rale (SG). Le 27\u00a0juin, il est de ceux qui, comme beaucoup, se sont mis en gr\u00e8ve pour contester l\u2019annonce d\u2019une r\u00e9duction du t\u00e9l\u00e9travail dans la banque. Jeudi 3\u00a0juillet, comme tous les salari\u00e9s, il \u00e9tait appel\u00e9 par les syndicats \u00e0 venir \u00ab\u00a0sur site\u00a0\u00bb en arborant un ruban vert, pour manifester sa d\u00e9termination. Quarante-huit heures auparavant, mardi 1er\u00a0juillet, c\u2019\u00e9tait chez Trax, l\u2019entit\u00e9 audiovisuelle de Free, qu\u2019un mouvement social \u00e9tait lanc\u00e9 contre des mesures restreignant le t\u00e9l\u00e9travail. , t\u00e9moigne un d\u00e9veloppeur, qui a souhait\u00e9 garder l\u2019anonymat. Il vous reste 83.32% de cet article \u00e0 lire. La suite est r\u00e9serv\u00e9e aux abonn\u00e9s.\",\"breadcrumb\":{\"@id\":\"https:\/\/vof-news.eu\/fr\/des-salaries-en-greve-contre-la-reduction-du-teletravail-vu-comme-un-nouveau-droit-social\/#breadcrumb\"},\"inLanguage\":\"fr-FR\",\"potentialAction\":[{\"@type\":\"ReadAction\",\"target\":[\"https:\/\/vof-news.eu\/fr\/des-salaries-en-greve-contre-la-reduction-du-teletravail-vu-comme-un-nouveau-droit-social\/\"]}]},{\"@type\":\"ImageObject\",\"inLanguage\":\"fr-FR\",\"@id\":\"https:\/\/vof-news.eu\/fr\/des-salaries-en-greve-contre-la-reduction-du-teletravail-vu-comme-un-nouveau-droit-social\/#primaryimage\",\"url\":\"https:\/\/vof-news.eu\/wp-content\/uploads\/2025\/07\/0119a39_upload-1-6zqguaj7crkh-2025-07-03-colcanopa.jpeg\",\"contentUrl\":\"https:\/\/vof-news.eu\/wp-content\/uploads\/2025\/07\/0119a39_upload-1-6zqguaj7crkh-2025-07-03-colcanopa.jpeg\",\"width\":664,\"height\":427},{\"@type\":\"BreadcrumbList\",\"@id\":\"https:\/\/vof-news.eu\/fr\/des-salaries-en-greve-contre-la-reduction-du-teletravail-vu-comme-un-nouveau-droit-social\/#breadcrumb\",\"itemListElement\":[{\"@type\":\"ListItem\",\"position\":1,\"name\":\"Home\",\"item\":\"https:\/\/vof-news.eu\/fr\/\"},{\"@type\":\"ListItem\",\"position\":2,\"name\":\"Des salari\u00e9s en gr\u00e8ve contre la r\u00e9duction du t\u00e9l\u00e9travail, vu comme un nouveau droit social\"}]},{\"@type\":\"WebSite\",\"@id\":\"https:\/\/vof-news.eu\/fr\/#website\",\"url\":\"https:\/\/vof-news.eu\/fr\/\",\"name\":\"vof-news.eu\",\"description\":\"\",\"potentialAction\":[{\"@type\":\"SearchAction\",\"target\":{\"@type\":\"EntryPoint\",\"urlTemplate\":\"https:\/\/vof-news.eu\/fr\/?s={search_term_string}\"},\"query-input\":\"required name=search_term_string\"}],\"inLanguage\":\"fr-FR\"},{\"@type\":\"Person\",\"@id\":\"https:\/\/vof-news.eu\/fr\/#\/schema\/person\/f6a2a4309f0561835797fd8c19b333ed\",\"name\":\"Author\",\"image\":{\"@type\":\"ImageObject\",\"inLanguage\":\"fr-FR\",\"@id\":\"https:\/\/vof-news.eu\/fr\/#\/schema\/person\/image\/\",\"url\":\"https:\/\/secure.gravatar.com\/avatar\/b67e614b1b25b3e9c0c239efdd2fde5ab015b5affd6f1c3c85911ca4b384e790?s=96&d=mm&r=g\",\"contentUrl\":\"https:\/\/secure.gravatar.com\/avatar\/b67e614b1b25b3e9c0c239efdd2fde5ab015b5affd6f1c3c85911ca4b384e790?s=96&d=mm&r=g\",\"caption\":\"Author\"},\"sameAs\":[\"http:\/\/vof-news.eu\"],\"url\":\"https:\/\/vof-news.eu\/fr\/author\/zwt6qxnjulxbnyg\/\"}]}<\/script>\n<!-- \/ Yoast SEO plugin. -->","yoast_head_json":{"title":"Des salari\u00e9s en gr\u00e8ve contre la r\u00e9duction du t\u00e9l\u00e9travail, vu comme un nouveau droit social - vof-news.eu","description":"Une bouff\u00e9e d\u2019oxyg\u00e8ne. Quand le t\u00e9l\u00e9travail est entr\u00e9e dans les m\u0153urs, durant la pand\u00e9mie de Covid-19, Thibault (le pr\u00e9nom a \u00e9t\u00e9 modifi\u00e9), 46\u00a0ans, a trouv\u00e9 un meilleur \u00e9quilibre entre ses vies professionnelles et personnelles. raconte ce salari\u00e9 de la Soci\u00e9t\u00e9 g\u00e9n\u00e9rale (SG). Le 27\u00a0juin, il est de ceux qui, comme beaucoup, se sont mis en gr\u00e8ve pour contester l\u2019annonce d\u2019une r\u00e9duction du t\u00e9l\u00e9travail dans la banque. Jeudi 3\u00a0juillet, comme tous les salari\u00e9s, il \u00e9tait appel\u00e9 par les syndicats \u00e0 venir \u00ab\u00a0sur site\u00a0\u00bb en arborant un ruban vert, pour manifester sa d\u00e9termination.   Quarante-huit heures auparavant, mardi 1er\u00a0juillet, c\u2019\u00e9tait chez Trax, l\u2019entit\u00e9 audiovisuelle de Free, qu\u2019un mouvement social \u00e9tait lanc\u00e9 contre des mesures restreignant le t\u00e9l\u00e9travail. , t\u00e9moigne un d\u00e9veloppeur, qui a souhait\u00e9 garder l\u2019anonymat. Il vous reste 83.32% de cet article \u00e0 lire. La suite est r\u00e9serv\u00e9e aux abonn\u00e9s.","robots":{"index":"noindex","follow":"follow","max-snippet":"max-snippet:-1","max-image-preview":"max-image-preview:large","max-video-preview":"max-video-preview:-1"},"og_locale":"fr_FR","og_type":"article","og_title":"Des salari\u00e9s en gr\u00e8ve contre la r\u00e9duction du t\u00e9l\u00e9travail, vu comme un nouveau droit social - vof-news.eu","og_description":"Une bouff\u00e9e d\u2019oxyg\u00e8ne. Quand le t\u00e9l\u00e9travail est entr\u00e9e dans les m\u0153urs, durant la pand\u00e9mie de Covid-19, Thibault (le pr\u00e9nom a \u00e9t\u00e9 modifi\u00e9), 46\u00a0ans, a trouv\u00e9 un meilleur \u00e9quilibre entre ses vies professionnelles et personnelles. raconte ce salari\u00e9 de la Soci\u00e9t\u00e9 g\u00e9n\u00e9rale (SG). Le 27\u00a0juin, il est de ceux qui, comme beaucoup, se sont mis en gr\u00e8ve pour contester l\u2019annonce d\u2019une r\u00e9duction du t\u00e9l\u00e9travail dans la banque. Jeudi 3\u00a0juillet, comme tous les salari\u00e9s, il \u00e9tait appel\u00e9 par les syndicats \u00e0 venir \u00ab\u00a0sur site\u00a0\u00bb en arborant un ruban vert, pour manifester sa d\u00e9termination.   Quarante-huit heures auparavant, mardi 1er\u00a0juillet, c\u2019\u00e9tait chez Trax, l\u2019entit\u00e9 audiovisuelle de Free, qu\u2019un mouvement social \u00e9tait lanc\u00e9 contre des mesures restreignant le t\u00e9l\u00e9travail. , t\u00e9moigne un d\u00e9veloppeur, qui a souhait\u00e9 garder l\u2019anonymat. Il vous reste 83.32% de cet article \u00e0 lire. La suite est r\u00e9serv\u00e9e aux abonn\u00e9s.","og_url":"https:\/\/vof-news.eu\/fr\/des-salaries-en-greve-contre-la-reduction-du-teletravail-vu-comme-un-nouveau-droit-social\/","og_site_name":"vof-news.eu","article_published_time":"2025-07-04T04:33:53+00:00","article_modified_time":"2025-07-04T04:34:10+00:00","og_image":[{"width":664,"height":427,"url":"https:\/\/vof-news.eu\/wp-content\/uploads\/2025\/07\/0119a39_upload-1-6zqguaj7crkh-2025-07-03-colcanopa.jpeg","type":"image\/jpeg"}],"author":"Author","twitter_card":"summary_large_image","twitter_misc":{"\u00c9crit par":"Author","Dur\u00e9e de lecture estim\u00e9e":"1 minute"},"schema":{"@context":"https:\/\/schema.org","@graph":[{"@type":"WebPage","@id":"https:\/\/vof-news.eu\/fr\/des-salaries-en-greve-contre-la-reduction-du-teletravail-vu-comme-un-nouveau-droit-social\/","url":"https:\/\/vof-news.eu\/fr\/des-salaries-en-greve-contre-la-reduction-du-teletravail-vu-comme-un-nouveau-droit-social\/","name":"Des salari\u00e9s en gr\u00e8ve contre la r\u00e9duction du t\u00e9l\u00e9travail, vu comme un nouveau droit social - vof-news.eu","isPartOf":{"@id":"https:\/\/vof-news.eu\/fr\/#website"},"primaryImageOfPage":{"@id":"https:\/\/vof-news.eu\/fr\/des-salaries-en-greve-contre-la-reduction-du-teletravail-vu-comme-un-nouveau-droit-social\/#primaryimage"},"image":{"@id":"https:\/\/vof-news.eu\/fr\/des-salaries-en-greve-contre-la-reduction-du-teletravail-vu-comme-un-nouveau-droit-social\/#primaryimage"},"thumbnailUrl":"https:\/\/vof-news.eu\/wp-content\/uploads\/2025\/07\/0119a39_upload-1-6zqguaj7crkh-2025-07-03-colcanopa.jpeg","datePublished":"2025-07-04T04:33:53+00:00","dateModified":"2025-07-04T04:34:10+00:00","author":{"@id":"https:\/\/vof-news.eu\/fr\/#\/schema\/person\/f6a2a4309f0561835797fd8c19b333ed"},"description":"Une bouff\u00e9e d\u2019oxyg\u00e8ne. Quand le t\u00e9l\u00e9travail est entr\u00e9e dans les m\u0153urs, durant la pand\u00e9mie de Covid-19, Thibault (le pr\u00e9nom a \u00e9t\u00e9 modifi\u00e9), 46\u00a0ans, a trouv\u00e9 un meilleur \u00e9quilibre entre ses vies professionnelles et personnelles. raconte ce salari\u00e9 de la Soci\u00e9t\u00e9 g\u00e9n\u00e9rale (SG). Le 27\u00a0juin, il est de ceux qui, comme beaucoup, se sont mis en gr\u00e8ve pour contester l\u2019annonce d\u2019une r\u00e9duction du t\u00e9l\u00e9travail dans la banque. Jeudi 3\u00a0juillet, comme tous les salari\u00e9s, il \u00e9tait appel\u00e9 par les syndicats \u00e0 venir \u00ab\u00a0sur site\u00a0\u00bb en arborant un ruban vert, pour manifester sa d\u00e9termination. Quarante-huit heures auparavant, mardi 1er\u00a0juillet, c\u2019\u00e9tait chez Trax, l\u2019entit\u00e9 audiovisuelle de Free, qu\u2019un mouvement social \u00e9tait lanc\u00e9 contre des mesures restreignant le t\u00e9l\u00e9travail. , t\u00e9moigne un d\u00e9veloppeur, qui a souhait\u00e9 garder l\u2019anonymat. Il vous reste 83.32% de cet article \u00e0 lire. La suite est r\u00e9serv\u00e9e aux abonn\u00e9s.","breadcrumb":{"@id":"https:\/\/vof-news.eu\/fr\/des-salaries-en-greve-contre-la-reduction-du-teletravail-vu-comme-un-nouveau-droit-social\/#breadcrumb"},"inLanguage":"fr-FR","potentialAction":[{"@type":"ReadAction","target":["https:\/\/vof-news.eu\/fr\/des-salaries-en-greve-contre-la-reduction-du-teletravail-vu-comme-un-nouveau-droit-social\/"]}]},{"@type":"ImageObject","inLanguage":"fr-FR","@id":"https:\/\/vof-news.eu\/fr\/des-salaries-en-greve-contre-la-reduction-du-teletravail-vu-comme-un-nouveau-droit-social\/#primaryimage","url":"https:\/\/vof-news.eu\/wp-content\/uploads\/2025\/07\/0119a39_upload-1-6zqguaj7crkh-2025-07-03-colcanopa.jpeg","contentUrl":"https:\/\/vof-news.eu\/wp-content\/uploads\/2025\/07\/0119a39_upload-1-6zqguaj7crkh-2025-07-03-colcanopa.jpeg","width":664,"height":427},{"@type":"BreadcrumbList","@id":"https:\/\/vof-news.eu\/fr\/des-salaries-en-greve-contre-la-reduction-du-teletravail-vu-comme-un-nouveau-droit-social\/#breadcrumb","itemListElement":[{"@type":"ListItem","position":1,"name":"Home","item":"https:\/\/vof-news.eu\/fr\/"},{"@type":"ListItem","position":2,"name":"Des salari\u00e9s en gr\u00e8ve contre la r\u00e9duction du t\u00e9l\u00e9travail, vu comme un nouveau droit social"}]},{"@type":"WebSite","@id":"https:\/\/vof-news.eu\/fr\/#website","url":"https:\/\/vof-news.eu\/fr\/","name":"vof-news.eu","description":"","potentialAction":[{"@type":"SearchAction","target":{"@type":"EntryPoint","urlTemplate":"https:\/\/vof-news.eu\/fr\/?s={search_term_string}"},"query-input":"required name=search_term_string"}],"inLanguage":"fr-FR"},{"@type":"Person","@id":"https:\/\/vof-news.eu\/fr\/#\/schema\/person\/f6a2a4309f0561835797fd8c19b333ed","name":"Author","image":{"@type":"ImageObject","inLanguage":"fr-FR","@id":"https:\/\/vof-news.eu\/fr\/#\/schema\/person\/image\/","url":"https:\/\/secure.gravatar.com\/avatar\/b67e614b1b25b3e9c0c239efdd2fde5ab015b5affd6f1c3c85911ca4b384e790?s=96&d=mm&r=g","contentUrl":"https:\/\/secure.gravatar.com\/avatar\/b67e614b1b25b3e9c0c239efdd2fde5ab015b5affd6f1c3c85911ca4b384e790?s=96&d=mm&r=g","caption":"Author"},"sameAs":["http:\/\/vof-news.eu"],"url":"https:\/\/vof-news.eu\/fr\/author\/zwt6qxnjulxbnyg\/"}]}},"yoast_meta":{"yoast_wpseo_title":"","yoast_wpseo_metadesc":"","yoast_wpseo_canonical":""},"_links":{"self":[{"href":"https:\/\/vof-news.eu\/fr\/wp-json\/wp\/v2\/posts\/246793","targetHints":{"allow":["GET"]}}],"collection":[{"href":"https:\/\/vof-news.eu\/fr\/wp-json\/wp\/v2\/posts"}],"about":[{"href":"https:\/\/vof-news.eu\/fr\/wp-json\/wp\/v2\/types\/post"}],"author":[{"embeddable":true,"href":"https:\/\/vof-news.eu\/fr\/wp-json\/wp\/v2\/users\/1"}],"replies":[{"embeddable":true,"href":"https:\/\/vof-news.eu\/fr\/wp-json\/wp\/v2\/comments?post=246793"}],"version-history":[{"count":1,"href":"https:\/\/vof-news.eu\/fr\/wp-json\/wp\/v2\/posts\/246793\/revisions"}],"predecessor-version":[{"id":246800,"href":"https:\/\/vof-news.eu\/fr\/wp-json\/wp\/v2\/posts\/246793\/revisions\/246800"}],"wp:featuredmedia":[{"embeddable":true,"href":"https:\/\/vof-news.eu\/fr\/wp-json\/wp\/v2\/media\/246794"}],"wp:attachment":[{"href":"https:\/\/vof-news.eu\/fr\/wp-json\/wp\/v2\/media?parent=246793"}],"wp:term":[{"taxonomy":"category","embeddable":true,"href":"https:\/\/vof-news.eu\/fr\/wp-json\/wp\/v2\/categories?post=246793"},{"taxonomy":"post_tag","embeddable":true,"href":"https:\/\/vof-news.eu\/fr\/wp-json\/wp\/v2\/tags?post=246793"}],"curies":[{"name":"wp","href":"https:\/\/api.w.org\/{rel}","templated":true}]}}