{"id":246775,"date":"2025-07-04T07:31:45","date_gmt":"2025-07-04T04:31:45","guid":{"rendered":"https:\/\/vof-news.eu\/xavier-bertrand-president-des-hauts-de-france-il-faut-aujourdhui-redonner-toute-sa-force-a-la-decentralisation-culturelle\/"},"modified":"2025-07-04T07:31:58","modified_gmt":"2025-07-04T04:31:58","slug":"xavier-bertrand-president-des-hauts-de-france-il-faut-aujourdhui-redonner-toute-sa-force-a-la-decentralisation-culturelle","status":"publish","type":"post","link":"https:\/\/vof-news.eu\/fr\/xavier-bertrand-president-des-hauts-de-france-il-faut-aujourdhui-redonner-toute-sa-force-a-la-decentralisation-culturelle\/","title":{"rendered":"Xavier Bertrand, pr\u00e9sident des Hauts-de-France\u00a0: \u00ab\u00a0Il faut aujourd\u2019hui redonner toute sa force \u00e0 la d\u00e9centralisation culturelle\u00a0\u00bb"},"content":{"rendered":"<article>\n<p><span>L<\/span>a culture n\u2019est pas un luxe. C\u2019est un choix de soci\u00e9t\u00e9, un choix de civilisation. Ce n\u2019est pas un ornement, mais le fondement m\u00eame de ce qui fait soci\u00e9t\u00e9. Dans un monde instable, confront\u00e9 aux replis identitaires, \u00e0 l\u2019effritement des rep\u00e8res, aux tensions g\u00e9opolitiques et aux logiques marchandes globalis\u00e9es, \u00e0 une digitalisation d\u00e9brid\u00e9e men\u00e9e par des acteurs surpuissants, la\u00a0France a une responsabilit\u00e9 singuli\u00e8re.<\/p>\n<p>Elle ne peut pas simplement s\u2019adapter \u00e0 la mondialisation culturelle. Elle doit continuer d\u2019affirmer un mod\u00e8le original, profond\u00e9ment politique, qui conjugue excellence artistique, enracinement territorial et ouverture universelle.<\/p>\n<p>Andr\u00e9 Malraux avait lanc\u00e9  l\u2019id\u00e9e visionnaire des Maisons de la culture, pens\u00e9es non comme des temples r\u00e9serv\u00e9s \u00e0 une \u00e9lite, mais comme des lieux d\u2019\u00e9mancipation populaire, capables d\u2019\u00e9veiller l\u2019imaginaire dans toutes les r\u00e9gions de France. Jean Vilar affirmait qu\u2019il fallait aller l\u00e0 o\u00f9 sont les gens, non pour leur apporter un art condescendant, mais pour leur tendre un miroir. Jack Lang, enfin, a donn\u00e9 \u00e0 la culture une dimension joyeusement d\u00e9mocratique, assumant l\u2019alliance entre exigence et accessibilit\u00e9.<\/p>\n<h2>Epouser la diversit\u00e9<\/h2>\n<p>Mais, pour que cette ambition demeure vivante, il faut aujourd\u2019hui redonner toute sa force \u00e0 la d\u00e9centralisation culturelle. Ce n\u2019est pas une question technique ou budg\u00e9taire. C\u2019est un enjeu d\u00e9mocratique. Il s\u2019agit de reconna\u00eetre que la culture ne peut plus \u00eatre pens\u00e9e depuis un centre unique, ni impos\u00e9e uniform\u00e9ment. Elle doit \u00e9pouser les formes, les voix, les histoires, les rythmes des territoires et des habitants dans leur diversit\u00e9 culturelle.<\/p>\n<p>Ce qui fait la richesse de la France, c\u2019est pr\u00e9cis\u00e9ment cette diversit\u00e9 g\u00e9ographique et humaine, cette mosa\u00efque de paysages, de traditions, de transformations, d\u2019accents. Il faut cesser de plaquer des mod\u00e8les venus d\u2019en haut et faire confiance aux territoires.<\/p>\n<section>   <\/section>\n<p>Cela suppose un changement de paradigme. Les r\u00e9gions, d\u00e9partements, intercommunalit\u00e9s et villes doivent pouvoir porter des politiques culturelles ambitieuses, contextualis\u00e9es et audacieuses. L\u2019Etat doit rester garant d\u2019un cadre national, mais il ne peut plus \u00eatre prescripteur centralis\u00e9. Il doit soutenir sans contraindre, orienter sans imposer. La R\u00e9publique des territoires ne peut exister sans une R\u00e9publique de la culture.<\/p>\n<p><strong>Il vous reste 56.96% de cet article \u00e0 lire. La suite est r\u00e9serv\u00e9e aux abonn\u00e9s.<\/strong><\/p>\n<\/article>\n","protected":false},"excerpt":{"rendered":"<p>La culture n\u2019est pas un luxe. C\u2019est un choix de soci\u00e9t\u00e9, un choix de civilisation. Ce n\u2019est pas un ornement, mais le fondement m\u00eame de ce qui fait soci\u00e9t\u00e9. Dans un monde instable, confront\u00e9 aux replis identitaires, \u00e0 l\u2019effritement des rep\u00e8res, aux tensions g\u00e9opolitiques et aux logiques marchandes globalis\u00e9es, \u00e0 une digitalisation d\u00e9brid\u00e9e men\u00e9e par<\/p>\n","protected":false},"author":1,"featured_media":0,"comment_status":"open","ping_status":"open","sticky":false,"template":"","format":"standard","meta":{"footnotes":""},"categories":[68],"tags":[],"class_list":["post-246775","post","type-post","status-publish","format-standard","hentry","category-politics-fr"],"acf":[],"yoast_head":"<!-- This site is optimized with the Yoast SEO plugin v22.9 - https:\/\/yoast.com\/wordpress\/plugins\/seo\/ -->\n<title>Xavier Bertrand, pr\u00e9sident des Hauts-de-France\u00a0: \u00ab\u00a0Il faut aujourd\u2019hui redonner toute sa force \u00e0 la d\u00e9centralisation culturelle\u00a0\u00bb - vof-news.eu<\/title>\n<meta name=\"description\" content=\"La culture n\u2019est pas un luxe. C\u2019est un choix de soci\u00e9t\u00e9, un choix de civilisation. Ce n\u2019est pas un ornement, mais le fondement m\u00eame de ce qui fait soci\u00e9t\u00e9. Dans un monde instable, confront\u00e9 aux replis identitaires, \u00e0 l\u2019effritement des rep\u00e8res, aux tensions g\u00e9opolitiques et aux logiques marchandes globalis\u00e9es, \u00e0 une digitalisation d\u00e9brid\u00e9e men\u00e9e par des acteurs surpuissants, la\u00a0France a une responsabilit\u00e9 singuli\u00e8re. Elle ne peut pas simplement s\u2019adapter \u00e0 la mondialisation culturelle. Elle doit continuer d\u2019affirmer un mod\u00e8le original, profond\u00e9ment politique, qui conjugue excellence artistique, enracinement territorial et ouverture universelle. Andr\u00e9 Malraux avait lanc\u00e9 l\u2019id\u00e9e visionnaire des Maisons de la culture, pens\u00e9es non comme des temples r\u00e9serv\u00e9s \u00e0 une \u00e9lite, mais comme des lieux d\u2019\u00e9mancipation populaire, capables d\u2019\u00e9veiller l\u2019imaginaire dans toutes les r\u00e9gions de France. Jean Vilar affirmait qu\u2019il fallait aller l\u00e0 o\u00f9 sont les gens, non pour leur apporter un art condescendant, mais pour leur tendre un miroir. Jack Lang, enfin, a donn\u00e9 \u00e0 la culture une dimension joyeusement d\u00e9mocratique, assumant l\u2019alliance entre exigence et accessibilit\u00e9. Epouser la diversit\u00e9 Mais, pour que cette ambition demeure vivante, il faut aujourd\u2019hui redonner toute sa force \u00e0 la d\u00e9centralisation culturelle. Ce n\u2019est pas une question technique ou budg\u00e9taire. C\u2019est un enjeu d\u00e9mocratique. Il s\u2019agit de reconna\u00eetre que la culture ne peut plus \u00eatre pens\u00e9e depuis un centre unique, ni impos\u00e9e uniform\u00e9ment. Elle doit \u00e9pouser les formes, les voix, les histoires, les rythmes des territoires et des habitants dans leur diversit\u00e9 culturelle. Ce qui fait la richesse de la France, c\u2019est pr\u00e9cis\u00e9ment cette diversit\u00e9 g\u00e9ographique et humaine, cette mosa\u00efque de paysages, de traditions, de transformations, d\u2019accents. Il faut cesser de plaquer des mod\u00e8les venus d\u2019en haut et faire confiance aux territoires.   Cela suppose un changement de paradigme. Les r\u00e9gions, d\u00e9partements, intercommunalit\u00e9s et villes doivent pouvoir porter des politiques culturelles ambitieuses, contextualis\u00e9es et audacieuses. L\u2019Etat doit rester garant d\u2019un cadre national, mais il ne peut plus \u00eatre prescripteur centralis\u00e9. Il doit soutenir sans contraindre, orienter sans imposer. La R\u00e9publique des territoires ne peut exister sans une R\u00e9publique de la culture. Il vous reste 56.96% de cet article \u00e0 lire. La suite est r\u00e9serv\u00e9e aux abonn\u00e9s.\" \/>\n<meta name=\"robots\" content=\"noindex, follow, max-snippet:-1, max-image-preview:large, max-video-preview:-1\" \/>\n<meta property=\"og:locale\" content=\"fr_FR\" \/>\n<meta property=\"og:type\" content=\"article\" \/>\n<meta property=\"og:title\" content=\"Xavier Bertrand, pr\u00e9sident des Hauts-de-France\u00a0: \u00ab\u00a0Il faut aujourd\u2019hui redonner toute sa force \u00e0 la d\u00e9centralisation culturelle\u00a0\u00bb - vof-news.eu\" \/>\n<meta property=\"og:description\" content=\"La culture n\u2019est pas un luxe. C\u2019est un choix de soci\u00e9t\u00e9, un choix de civilisation. Ce n\u2019est pas un ornement, mais le fondement m\u00eame de ce qui fait soci\u00e9t\u00e9. Dans un monde instable, confront\u00e9 aux replis identitaires, \u00e0 l\u2019effritement des rep\u00e8res, aux tensions g\u00e9opolitiques et aux logiques marchandes globalis\u00e9es, \u00e0 une digitalisation d\u00e9brid\u00e9e men\u00e9e par des acteurs surpuissants, la\u00a0France a une responsabilit\u00e9 singuli\u00e8re. Elle ne peut pas simplement s\u2019adapter \u00e0 la mondialisation culturelle. Elle doit continuer d\u2019affirmer un mod\u00e8le original, profond\u00e9ment politique, qui conjugue excellence artistique, enracinement territorial et ouverture universelle. Andr\u00e9 Malraux avait lanc\u00e9 l\u2019id\u00e9e visionnaire des Maisons de la culture, pens\u00e9es non comme des temples r\u00e9serv\u00e9s \u00e0 une \u00e9lite, mais comme des lieux d\u2019\u00e9mancipation populaire, capables d\u2019\u00e9veiller l\u2019imaginaire dans toutes les r\u00e9gions de France. Jean Vilar affirmait qu\u2019il fallait aller l\u00e0 o\u00f9 sont les gens, non pour leur apporter un art condescendant, mais pour leur tendre un miroir. Jack Lang, enfin, a donn\u00e9 \u00e0 la culture une dimension joyeusement d\u00e9mocratique, assumant l\u2019alliance entre exigence et accessibilit\u00e9. Epouser la diversit\u00e9 Mais, pour que cette ambition demeure vivante, il faut aujourd\u2019hui redonner toute sa force \u00e0 la d\u00e9centralisation culturelle. Ce n\u2019est pas une question technique ou budg\u00e9taire. C\u2019est un enjeu d\u00e9mocratique. Il s\u2019agit de reconna\u00eetre que la culture ne peut plus \u00eatre pens\u00e9e depuis un centre unique, ni impos\u00e9e uniform\u00e9ment. Elle doit \u00e9pouser les formes, les voix, les histoires, les rythmes des territoires et des habitants dans leur diversit\u00e9 culturelle. Ce qui fait la richesse de la France, c\u2019est pr\u00e9cis\u00e9ment cette diversit\u00e9 g\u00e9ographique et humaine, cette mosa\u00efque de paysages, de traditions, de transformations, d\u2019accents. Il faut cesser de plaquer des mod\u00e8les venus d\u2019en haut et faire confiance aux territoires.   Cela suppose un changement de paradigme. Les r\u00e9gions, d\u00e9partements, intercommunalit\u00e9s et villes doivent pouvoir porter des politiques culturelles ambitieuses, contextualis\u00e9es et audacieuses. L\u2019Etat doit rester garant d\u2019un cadre national, mais il ne peut plus \u00eatre prescripteur centralis\u00e9. Il doit soutenir sans contraindre, orienter sans imposer. La R\u00e9publique des territoires ne peut exister sans une R\u00e9publique de la culture. Il vous reste 56.96% de cet article \u00e0 lire. La suite est r\u00e9serv\u00e9e aux abonn\u00e9s.\" \/>\n<meta property=\"og:url\" content=\"https:\/\/vof-news.eu\/fr\/xavier-bertrand-president-des-hauts-de-france-il-faut-aujourdhui-redonner-toute-sa-force-a-la-decentralisation-culturelle\/\" \/>\n<meta property=\"og:site_name\" content=\"vof-news.eu\" \/>\n<meta property=\"article:published_time\" content=\"2025-07-04T04:31:45+00:00\" \/>\n<meta property=\"article:modified_time\" content=\"2025-07-04T04:31:58+00:00\" \/>\n<meta name=\"author\" content=\"Author\" \/>\n<meta name=\"twitter:card\" content=\"summary_large_image\" \/>\n<meta name=\"twitter:label1\" content=\"\u00c9crit par\" \/>\n\t<meta name=\"twitter:data1\" content=\"Author\" \/>\n\t<meta name=\"twitter:label2\" content=\"Dur\u00e9e de lecture estim\u00e9e\" \/>\n\t<meta name=\"twitter:data2\" content=\"2 minutes\" \/>\n<script type=\"application\/ld+json\" class=\"yoast-schema-graph\">{\"@context\":\"https:\/\/schema.org\",\"@graph\":[{\"@type\":\"WebPage\",\"@id\":\"https:\/\/vof-news.eu\/fr\/xavier-bertrand-president-des-hauts-de-france-il-faut-aujourdhui-redonner-toute-sa-force-a-la-decentralisation-culturelle\/\",\"url\":\"https:\/\/vof-news.eu\/fr\/xavier-bertrand-president-des-hauts-de-france-il-faut-aujourdhui-redonner-toute-sa-force-a-la-decentralisation-culturelle\/\",\"name\":\"Xavier Bertrand, pr\u00e9sident des Hauts-de-France\u00a0: \u00ab\u00a0Il faut aujourd\u2019hui redonner toute sa force \u00e0 la d\u00e9centralisation culturelle\u00a0\u00bb - vof-news.eu\",\"isPartOf\":{\"@id\":\"https:\/\/vof-news.eu\/fr\/#website\"},\"datePublished\":\"2025-07-04T04:31:45+00:00\",\"dateModified\":\"2025-07-04T04:31:58+00:00\",\"author\":{\"@id\":\"https:\/\/vof-news.eu\/fr\/#\/schema\/person\/f6a2a4309f0561835797fd8c19b333ed\"},\"description\":\"La culture n\u2019est pas un luxe. C\u2019est un choix de soci\u00e9t\u00e9, un choix de civilisation. Ce n\u2019est pas un ornement, mais le fondement m\u00eame de ce qui fait soci\u00e9t\u00e9. Dans un monde instable, confront\u00e9 aux replis identitaires, \u00e0 l\u2019effritement des rep\u00e8res, aux tensions g\u00e9opolitiques et aux logiques marchandes globalis\u00e9es, \u00e0 une digitalisation d\u00e9brid\u00e9e men\u00e9e par des acteurs surpuissants, la\u00a0France a une responsabilit\u00e9 singuli\u00e8re. Elle ne peut pas simplement s\u2019adapter \u00e0 la mondialisation culturelle. Elle doit continuer d\u2019affirmer un mod\u00e8le original, profond\u00e9ment politique, qui conjugue excellence artistique, enracinement territorial et ouverture universelle. Andr\u00e9 Malraux avait lanc\u00e9 l\u2019id\u00e9e visionnaire des Maisons de la culture, pens\u00e9es non comme des temples r\u00e9serv\u00e9s \u00e0 une \u00e9lite, mais comme des lieux d\u2019\u00e9mancipation populaire, capables d\u2019\u00e9veiller l\u2019imaginaire dans toutes les r\u00e9gions de France. Jean Vilar affirmait qu\u2019il fallait aller l\u00e0 o\u00f9 sont les gens, non pour leur apporter un art condescendant, mais pour leur tendre un miroir. Jack Lang, enfin, a donn\u00e9 \u00e0 la culture une dimension joyeusement d\u00e9mocratique, assumant l\u2019alliance entre exigence et accessibilit\u00e9. Epouser la diversit\u00e9 Mais, pour que cette ambition demeure vivante, il faut aujourd\u2019hui redonner toute sa force \u00e0 la d\u00e9centralisation culturelle. Ce n\u2019est pas une question technique ou budg\u00e9taire. C\u2019est un enjeu d\u00e9mocratique. Il s\u2019agit de reconna\u00eetre que la culture ne peut plus \u00eatre pens\u00e9e depuis un centre unique, ni impos\u00e9e uniform\u00e9ment. Elle doit \u00e9pouser les formes, les voix, les histoires, les rythmes des territoires et des habitants dans leur diversit\u00e9 culturelle. Ce qui fait la richesse de la France, c\u2019est pr\u00e9cis\u00e9ment cette diversit\u00e9 g\u00e9ographique et humaine, cette mosa\u00efque de paysages, de traditions, de transformations, d\u2019accents. Il faut cesser de plaquer des mod\u00e8les venus d\u2019en haut et faire confiance aux territoires. Cela suppose un changement de paradigme. Les r\u00e9gions, d\u00e9partements, intercommunalit\u00e9s et villes doivent pouvoir porter des politiques culturelles ambitieuses, contextualis\u00e9es et audacieuses. L\u2019Etat doit rester garant d\u2019un cadre national, mais il ne peut plus \u00eatre prescripteur centralis\u00e9. Il doit soutenir sans contraindre, orienter sans imposer. La R\u00e9publique des territoires ne peut exister sans une R\u00e9publique de la culture. Il vous reste 56.96% de cet article \u00e0 lire. La suite est r\u00e9serv\u00e9e aux abonn\u00e9s.\",\"breadcrumb\":{\"@id\":\"https:\/\/vof-news.eu\/fr\/xavier-bertrand-president-des-hauts-de-france-il-faut-aujourdhui-redonner-toute-sa-force-a-la-decentralisation-culturelle\/#breadcrumb\"},\"inLanguage\":\"fr-FR\",\"potentialAction\":[{\"@type\":\"ReadAction\",\"target\":[\"https:\/\/vof-news.eu\/fr\/xavier-bertrand-president-des-hauts-de-france-il-faut-aujourdhui-redonner-toute-sa-force-a-la-decentralisation-culturelle\/\"]}]},{\"@type\":\"BreadcrumbList\",\"@id\":\"https:\/\/vof-news.eu\/fr\/xavier-bertrand-president-des-hauts-de-france-il-faut-aujourdhui-redonner-toute-sa-force-a-la-decentralisation-culturelle\/#breadcrumb\",\"itemListElement\":[{\"@type\":\"ListItem\",\"position\":1,\"name\":\"Home\",\"item\":\"https:\/\/vof-news.eu\/fr\/\"},{\"@type\":\"ListItem\",\"position\":2,\"name\":\"Xavier Bertrand, pr\u00e9sident des Hauts-de-France\u00a0: \u00ab\u00a0Il faut aujourd\u2019hui redonner toute sa force \u00e0 la d\u00e9centralisation culturelle\u00a0\u00bb\"}]},{\"@type\":\"WebSite\",\"@id\":\"https:\/\/vof-news.eu\/fr\/#website\",\"url\":\"https:\/\/vof-news.eu\/fr\/\",\"name\":\"vof-news.eu\",\"description\":\"\",\"potentialAction\":[{\"@type\":\"SearchAction\",\"target\":{\"@type\":\"EntryPoint\",\"urlTemplate\":\"https:\/\/vof-news.eu\/fr\/?s={search_term_string}\"},\"query-input\":\"required name=search_term_string\"}],\"inLanguage\":\"fr-FR\"},{\"@type\":\"Person\",\"@id\":\"https:\/\/vof-news.eu\/fr\/#\/schema\/person\/f6a2a4309f0561835797fd8c19b333ed\",\"name\":\"Author\",\"image\":{\"@type\":\"ImageObject\",\"inLanguage\":\"fr-FR\",\"@id\":\"https:\/\/vof-news.eu\/fr\/#\/schema\/person\/image\/\",\"url\":\"https:\/\/secure.gravatar.com\/avatar\/b67e614b1b25b3e9c0c239efdd2fde5ab015b5affd6f1c3c85911ca4b384e790?s=96&d=mm&r=g\",\"contentUrl\":\"https:\/\/secure.gravatar.com\/avatar\/b67e614b1b25b3e9c0c239efdd2fde5ab015b5affd6f1c3c85911ca4b384e790?s=96&d=mm&r=g\",\"caption\":\"Author\"},\"sameAs\":[\"http:\/\/vof-news.eu\"],\"url\":\"https:\/\/vof-news.eu\/fr\/author\/zwt6qxnjulxbnyg\/\"}]}<\/script>\n<!-- \/ Yoast SEO plugin. -->","yoast_head_json":{"title":"Xavier Bertrand, pr\u00e9sident des Hauts-de-France\u00a0: \u00ab\u00a0Il faut aujourd\u2019hui redonner toute sa force \u00e0 la d\u00e9centralisation culturelle\u00a0\u00bb - vof-news.eu","description":"La culture n\u2019est pas un luxe. C\u2019est un choix de soci\u00e9t\u00e9, un choix de civilisation. Ce n\u2019est pas un ornement, mais le fondement m\u00eame de ce qui fait soci\u00e9t\u00e9. Dans un monde instable, confront\u00e9 aux replis identitaires, \u00e0 l\u2019effritement des rep\u00e8res, aux tensions g\u00e9opolitiques et aux logiques marchandes globalis\u00e9es, \u00e0 une digitalisation d\u00e9brid\u00e9e men\u00e9e par des acteurs surpuissants, la\u00a0France a une responsabilit\u00e9 singuli\u00e8re. Elle ne peut pas simplement s\u2019adapter \u00e0 la mondialisation culturelle. Elle doit continuer d\u2019affirmer un mod\u00e8le original, profond\u00e9ment politique, qui conjugue excellence artistique, enracinement territorial et ouverture universelle. Andr\u00e9 Malraux avait lanc\u00e9 l\u2019id\u00e9e visionnaire des Maisons de la culture, pens\u00e9es non comme des temples r\u00e9serv\u00e9s \u00e0 une \u00e9lite, mais comme des lieux d\u2019\u00e9mancipation populaire, capables d\u2019\u00e9veiller l\u2019imaginaire dans toutes les r\u00e9gions de France. Jean Vilar affirmait qu\u2019il fallait aller l\u00e0 o\u00f9 sont les gens, non pour leur apporter un art condescendant, mais pour leur tendre un miroir. Jack Lang, enfin, a donn\u00e9 \u00e0 la culture une dimension joyeusement d\u00e9mocratique, assumant l\u2019alliance entre exigence et accessibilit\u00e9. Epouser la diversit\u00e9 Mais, pour que cette ambition demeure vivante, il faut aujourd\u2019hui redonner toute sa force \u00e0 la d\u00e9centralisation culturelle. Ce n\u2019est pas une question technique ou budg\u00e9taire. C\u2019est un enjeu d\u00e9mocratique. Il s\u2019agit de reconna\u00eetre que la culture ne peut plus \u00eatre pens\u00e9e depuis un centre unique, ni impos\u00e9e uniform\u00e9ment. Elle doit \u00e9pouser les formes, les voix, les histoires, les rythmes des territoires et des habitants dans leur diversit\u00e9 culturelle. Ce qui fait la richesse de la France, c\u2019est pr\u00e9cis\u00e9ment cette diversit\u00e9 g\u00e9ographique et humaine, cette mosa\u00efque de paysages, de traditions, de transformations, d\u2019accents. Il faut cesser de plaquer des mod\u00e8les venus d\u2019en haut et faire confiance aux territoires.   Cela suppose un changement de paradigme. Les r\u00e9gions, d\u00e9partements, intercommunalit\u00e9s et villes doivent pouvoir porter des politiques culturelles ambitieuses, contextualis\u00e9es et audacieuses. L\u2019Etat doit rester garant d\u2019un cadre national, mais il ne peut plus \u00eatre prescripteur centralis\u00e9. Il doit soutenir sans contraindre, orienter sans imposer. La R\u00e9publique des territoires ne peut exister sans une R\u00e9publique de la culture. Il vous reste 56.96% de cet article \u00e0 lire. La suite est r\u00e9serv\u00e9e aux abonn\u00e9s.","robots":{"index":"noindex","follow":"follow","max-snippet":"max-snippet:-1","max-image-preview":"max-image-preview:large","max-video-preview":"max-video-preview:-1"},"og_locale":"fr_FR","og_type":"article","og_title":"Xavier Bertrand, pr\u00e9sident des Hauts-de-France\u00a0: \u00ab\u00a0Il faut aujourd\u2019hui redonner toute sa force \u00e0 la d\u00e9centralisation culturelle\u00a0\u00bb - vof-news.eu","og_description":"La culture n\u2019est pas un luxe. C\u2019est un choix de soci\u00e9t\u00e9, un choix de civilisation. Ce n\u2019est pas un ornement, mais le fondement m\u00eame de ce qui fait soci\u00e9t\u00e9. Dans un monde instable, confront\u00e9 aux replis identitaires, \u00e0 l\u2019effritement des rep\u00e8res, aux tensions g\u00e9opolitiques et aux logiques marchandes globalis\u00e9es, \u00e0 une digitalisation d\u00e9brid\u00e9e men\u00e9e par des acteurs surpuissants, la\u00a0France a une responsabilit\u00e9 singuli\u00e8re. Elle ne peut pas simplement s\u2019adapter \u00e0 la mondialisation culturelle. Elle doit continuer d\u2019affirmer un mod\u00e8le original, profond\u00e9ment politique, qui conjugue excellence artistique, enracinement territorial et ouverture universelle. Andr\u00e9 Malraux avait lanc\u00e9 l\u2019id\u00e9e visionnaire des Maisons de la culture, pens\u00e9es non comme des temples r\u00e9serv\u00e9s \u00e0 une \u00e9lite, mais comme des lieux d\u2019\u00e9mancipation populaire, capables d\u2019\u00e9veiller l\u2019imaginaire dans toutes les r\u00e9gions de France. Jean Vilar affirmait qu\u2019il fallait aller l\u00e0 o\u00f9 sont les gens, non pour leur apporter un art condescendant, mais pour leur tendre un miroir. Jack Lang, enfin, a donn\u00e9 \u00e0 la culture une dimension joyeusement d\u00e9mocratique, assumant l\u2019alliance entre exigence et accessibilit\u00e9. Epouser la diversit\u00e9 Mais, pour que cette ambition demeure vivante, il faut aujourd\u2019hui redonner toute sa force \u00e0 la d\u00e9centralisation culturelle. Ce n\u2019est pas une question technique ou budg\u00e9taire. C\u2019est un enjeu d\u00e9mocratique. Il s\u2019agit de reconna\u00eetre que la culture ne peut plus \u00eatre pens\u00e9e depuis un centre unique, ni impos\u00e9e uniform\u00e9ment. Elle doit \u00e9pouser les formes, les voix, les histoires, les rythmes des territoires et des habitants dans leur diversit\u00e9 culturelle. Ce qui fait la richesse de la France, c\u2019est pr\u00e9cis\u00e9ment cette diversit\u00e9 g\u00e9ographique et humaine, cette mosa\u00efque de paysages, de traditions, de transformations, d\u2019accents. Il faut cesser de plaquer des mod\u00e8les venus d\u2019en haut et faire confiance aux territoires.   Cela suppose un changement de paradigme. Les r\u00e9gions, d\u00e9partements, intercommunalit\u00e9s et villes doivent pouvoir porter des politiques culturelles ambitieuses, contextualis\u00e9es et audacieuses. L\u2019Etat doit rester garant d\u2019un cadre national, mais il ne peut plus \u00eatre prescripteur centralis\u00e9. Il doit soutenir sans contraindre, orienter sans imposer. La R\u00e9publique des territoires ne peut exister sans une R\u00e9publique de la culture. Il vous reste 56.96% de cet article \u00e0 lire. La suite est r\u00e9serv\u00e9e aux abonn\u00e9s.","og_url":"https:\/\/vof-news.eu\/fr\/xavier-bertrand-president-des-hauts-de-france-il-faut-aujourdhui-redonner-toute-sa-force-a-la-decentralisation-culturelle\/","og_site_name":"vof-news.eu","article_published_time":"2025-07-04T04:31:45+00:00","article_modified_time":"2025-07-04T04:31:58+00:00","author":"Author","twitter_card":"summary_large_image","twitter_misc":{"\u00c9crit par":"Author","Dur\u00e9e de lecture estim\u00e9e":"2 minutes"},"schema":{"@context":"https:\/\/schema.org","@graph":[{"@type":"WebPage","@id":"https:\/\/vof-news.eu\/fr\/xavier-bertrand-president-des-hauts-de-france-il-faut-aujourdhui-redonner-toute-sa-force-a-la-decentralisation-culturelle\/","url":"https:\/\/vof-news.eu\/fr\/xavier-bertrand-president-des-hauts-de-france-il-faut-aujourdhui-redonner-toute-sa-force-a-la-decentralisation-culturelle\/","name":"Xavier Bertrand, pr\u00e9sident des Hauts-de-France\u00a0: \u00ab\u00a0Il faut aujourd\u2019hui redonner toute sa force \u00e0 la d\u00e9centralisation culturelle\u00a0\u00bb - vof-news.eu","isPartOf":{"@id":"https:\/\/vof-news.eu\/fr\/#website"},"datePublished":"2025-07-04T04:31:45+00:00","dateModified":"2025-07-04T04:31:58+00:00","author":{"@id":"https:\/\/vof-news.eu\/fr\/#\/schema\/person\/f6a2a4309f0561835797fd8c19b333ed"},"description":"La culture n\u2019est pas un luxe. C\u2019est un choix de soci\u00e9t\u00e9, un choix de civilisation. Ce n\u2019est pas un ornement, mais le fondement m\u00eame de ce qui fait soci\u00e9t\u00e9. Dans un monde instable, confront\u00e9 aux replis identitaires, \u00e0 l\u2019effritement des rep\u00e8res, aux tensions g\u00e9opolitiques et aux logiques marchandes globalis\u00e9es, \u00e0 une digitalisation d\u00e9brid\u00e9e men\u00e9e par des acteurs surpuissants, la\u00a0France a une responsabilit\u00e9 singuli\u00e8re. Elle ne peut pas simplement s\u2019adapter \u00e0 la mondialisation culturelle. Elle doit continuer d\u2019affirmer un mod\u00e8le original, profond\u00e9ment politique, qui conjugue excellence artistique, enracinement territorial et ouverture universelle. Andr\u00e9 Malraux avait lanc\u00e9 l\u2019id\u00e9e visionnaire des Maisons de la culture, pens\u00e9es non comme des temples r\u00e9serv\u00e9s \u00e0 une \u00e9lite, mais comme des lieux d\u2019\u00e9mancipation populaire, capables d\u2019\u00e9veiller l\u2019imaginaire dans toutes les r\u00e9gions de France. Jean Vilar affirmait qu\u2019il fallait aller l\u00e0 o\u00f9 sont les gens, non pour leur apporter un art condescendant, mais pour leur tendre un miroir. Jack Lang, enfin, a donn\u00e9 \u00e0 la culture une dimension joyeusement d\u00e9mocratique, assumant l\u2019alliance entre exigence et accessibilit\u00e9. Epouser la diversit\u00e9 Mais, pour que cette ambition demeure vivante, il faut aujourd\u2019hui redonner toute sa force \u00e0 la d\u00e9centralisation culturelle. Ce n\u2019est pas une question technique ou budg\u00e9taire. C\u2019est un enjeu d\u00e9mocratique. Il s\u2019agit de reconna\u00eetre que la culture ne peut plus \u00eatre pens\u00e9e depuis un centre unique, ni impos\u00e9e uniform\u00e9ment. Elle doit \u00e9pouser les formes, les voix, les histoires, les rythmes des territoires et des habitants dans leur diversit\u00e9 culturelle. Ce qui fait la richesse de la France, c\u2019est pr\u00e9cis\u00e9ment cette diversit\u00e9 g\u00e9ographique et humaine, cette mosa\u00efque de paysages, de traditions, de transformations, d\u2019accents. Il faut cesser de plaquer des mod\u00e8les venus d\u2019en haut et faire confiance aux territoires. Cela suppose un changement de paradigme. Les r\u00e9gions, d\u00e9partements, intercommunalit\u00e9s et villes doivent pouvoir porter des politiques culturelles ambitieuses, contextualis\u00e9es et audacieuses. L\u2019Etat doit rester garant d\u2019un cadre national, mais il ne peut plus \u00eatre prescripteur centralis\u00e9. Il doit soutenir sans contraindre, orienter sans imposer. La R\u00e9publique des territoires ne peut exister sans une R\u00e9publique de la culture. Il vous reste 56.96% de cet article \u00e0 lire. La suite est r\u00e9serv\u00e9e aux abonn\u00e9s.","breadcrumb":{"@id":"https:\/\/vof-news.eu\/fr\/xavier-bertrand-president-des-hauts-de-france-il-faut-aujourdhui-redonner-toute-sa-force-a-la-decentralisation-culturelle\/#breadcrumb"},"inLanguage":"fr-FR","potentialAction":[{"@type":"ReadAction","target":["https:\/\/vof-news.eu\/fr\/xavier-bertrand-president-des-hauts-de-france-il-faut-aujourdhui-redonner-toute-sa-force-a-la-decentralisation-culturelle\/"]}]},{"@type":"BreadcrumbList","@id":"https:\/\/vof-news.eu\/fr\/xavier-bertrand-president-des-hauts-de-france-il-faut-aujourdhui-redonner-toute-sa-force-a-la-decentralisation-culturelle\/#breadcrumb","itemListElement":[{"@type":"ListItem","position":1,"name":"Home","item":"https:\/\/vof-news.eu\/fr\/"},{"@type":"ListItem","position":2,"name":"Xavier Bertrand, pr\u00e9sident des Hauts-de-France\u00a0: \u00ab\u00a0Il faut aujourd\u2019hui redonner toute sa force \u00e0 la d\u00e9centralisation culturelle\u00a0\u00bb"}]},{"@type":"WebSite","@id":"https:\/\/vof-news.eu\/fr\/#website","url":"https:\/\/vof-news.eu\/fr\/","name":"vof-news.eu","description":"","potentialAction":[{"@type":"SearchAction","target":{"@type":"EntryPoint","urlTemplate":"https:\/\/vof-news.eu\/fr\/?s={search_term_string}"},"query-input":"required name=search_term_string"}],"inLanguage":"fr-FR"},{"@type":"Person","@id":"https:\/\/vof-news.eu\/fr\/#\/schema\/person\/f6a2a4309f0561835797fd8c19b333ed","name":"Author","image":{"@type":"ImageObject","inLanguage":"fr-FR","@id":"https:\/\/vof-news.eu\/fr\/#\/schema\/person\/image\/","url":"https:\/\/secure.gravatar.com\/avatar\/b67e614b1b25b3e9c0c239efdd2fde5ab015b5affd6f1c3c85911ca4b384e790?s=96&d=mm&r=g","contentUrl":"https:\/\/secure.gravatar.com\/avatar\/b67e614b1b25b3e9c0c239efdd2fde5ab015b5affd6f1c3c85911ca4b384e790?s=96&d=mm&r=g","caption":"Author"},"sameAs":["http:\/\/vof-news.eu"],"url":"https:\/\/vof-news.eu\/fr\/author\/zwt6qxnjulxbnyg\/"}]}},"yoast_meta":{"yoast_wpseo_title":"","yoast_wpseo_metadesc":"","yoast_wpseo_canonical":""},"_links":{"self":[{"href":"https:\/\/vof-news.eu\/fr\/wp-json\/wp\/v2\/posts\/246775","targetHints":{"allow":["GET"]}}],"collection":[{"href":"https:\/\/vof-news.eu\/fr\/wp-json\/wp\/v2\/posts"}],"about":[{"href":"https:\/\/vof-news.eu\/fr\/wp-json\/wp\/v2\/types\/post"}],"author":[{"embeddable":true,"href":"https:\/\/vof-news.eu\/fr\/wp-json\/wp\/v2\/users\/1"}],"replies":[{"embeddable":true,"href":"https:\/\/vof-news.eu\/fr\/wp-json\/wp\/v2\/comments?post=246775"}],"version-history":[{"count":1,"href":"https:\/\/vof-news.eu\/fr\/wp-json\/wp\/v2\/posts\/246775\/revisions"}],"predecessor-version":[{"id":246776,"href":"https:\/\/vof-news.eu\/fr\/wp-json\/wp\/v2\/posts\/246775\/revisions\/246776"}],"wp:attachment":[{"href":"https:\/\/vof-news.eu\/fr\/wp-json\/wp\/v2\/media?parent=246775"}],"wp:term":[{"taxonomy":"category","embeddable":true,"href":"https:\/\/vof-news.eu\/fr\/wp-json\/wp\/v2\/categories?post=246775"},{"taxonomy":"post_tag","embeddable":true,"href":"https:\/\/vof-news.eu\/fr\/wp-json\/wp\/v2\/tags?post=246775"}],"curies":[{"name":"wp","href":"https:\/\/api.w.org\/{rel}","templated":true}]}}