{"id":246696,"date":"2025-07-04T05:30:17","date_gmt":"2025-07-04T02:30:17","guid":{"rendered":"https:\/\/vof-news.eu\/ladministration-trump-suspend-des-fonctionnaires-qui-avaient-denonce-sa-politique-environnementale\/"},"modified":"2025-07-04T05:30:42","modified_gmt":"2025-07-04T02:30:42","slug":"ladministration-trump-suspend-des-fonctionnaires-qui-avaient-denonce-sa-politique-environnementale","status":"publish","type":"post","link":"https:\/\/vof-news.eu\/fr\/ladministration-trump-suspend-des-fonctionnaires-qui-avaient-denonce-sa-politique-environnementale\/","title":{"rendered":"L\u2019administration Trump suspend des fonctionnaires qui avaient d\u00e9nonc\u00e9 sa politique environnementale"},"content":{"rendered":"<article>\n<p>L\u2019administration Trump a annonc\u00e9, jeudi 3 juillet, avoir plac\u00e9 de nombreux employ\u00e9s en cong\u00e9 forc\u00e9 apr\u00e8s que ces derniers ont sign\u00e9 en d\u00e9but de semaine une lettre ouverte l\u2019accusant de mettre en danger la population en ignorant la science . L\u2019Agence de protection de l\u2019environnement (EPA), vis\u00e9e par cette missive, a d\u00e9clar\u00e9 \u00e0 l\u2019Agence France-Presse (AFP) mener une enqu\u00eate sur le sujet et mis en cong\u00e9 administratif 139 de ses employ\u00e9s.<\/p>\n<section>   <\/section>\n<p>L\u2019EPA , a insist\u00e9 une de ses porte-parole, dans un email. Selon plusieurs m\u00e9dias am\u00e9ricains, certains employ\u00e9s ont \u00e9t\u00e9 escort\u00e9s jusqu\u2019\u00e0 la sortie de leurs bureaux.<\/p>\n<p>Lundi, un texte sign\u00e9 par plus de deux cents anciens et actuels employ\u00e9s et scientifiques de l\u2019EPA ainsi que par d\u2019autres nombreux soutiens ext\u00e9rieurs, d\u00e9non\u00e7ait la politisation croissante de l\u2019institution et mettait en garde contre une mise en danger de la population. Le gouvernement  et agit , accusaient notamment les auteurs.<\/p>\n<section>   <\/section>\n<h2>Retour en arri\u00e8re sur le climat et la protection de l\u2019environnement<\/h2>\n<p>Les noms de plus d\u2019une centaine de fonctionnaires accompagnaient le texte, tandis que de nombreux autres sont rest\u00e9s anonymes, avec seules des initiales ou une description lapidaire de leur poste , selon le texte. Jeudi, tous les noms avaient \u00e9t\u00e9 effac\u00e9s du site h\u00e9bergeant le texte.<\/p>\n<p>Depuis son retour au pouvoir en janvier, Donald Trump, climatosceptique notoire, a enclench\u00e9 une marche arri\u00e8re toute en mati\u00e8re de climat et de protection de l\u2019environnement. L\u2019un de ses proches, Lee Zeldin, pilote ces politiques \u00e0 l\u2019EPA, o\u00f9 il a lanc\u00e9 de multiples d\u00e9marches pour all\u00e9ger les r\u00e9glementations sur plusieurs polluants \u00e9ternels (PFAS) ou encore supprimer des restrictions d\u2019\u00e9missions polluantes des voitures.<\/p>\n<p>Cette lettre ouverte a \u00e9t\u00e9 \u00e9crite quelques semaines apr\u00e8s la publication d\u2019un texte \u00e0 la tonalit\u00e9 similaire et sign\u00e9 par des scientifiques d\u2019une autre agence de r\u00e9f\u00e9rence, le National Institutes of Health, l\u2019organisme am\u00e9ricain charg\u00e9 de la recherche m\u00e9dicale.<\/p>\n<section>   <\/section>\n<section>\n<p> <span>Le Monde avec AFP<\/span> <\/p>\n<\/section>\n<section>\n<section>\n<header>   <\/header>\n<section>\n<section> <a href=\"https:\/\/abo.lemonde.fr\/?lmd_medium=BOUTONS_LMFR&amp;lmd_campaign=CONTRIBUTION_ARTICLE\" rel=\"nofollow\">S\u2019abonner<\/a> <\/section>\n<\/section>\n<section><\/section>\n<\/section>\n<p>Contribuer<\/p>\n<p> <a href=\"https:\/\/www.lemonde.fr\/syndication\/\" rel=\"nofollow\">R\u00e9utiliser ce contenu<\/a> <\/section>\n<\/article>\n","protected":false},"excerpt":{"rendered":"<p>L\u2019administration Trump a annonc\u00e9, jeudi 3 juillet, avoir plac\u00e9 de nombreux employ\u00e9s en cong\u00e9 forc\u00e9 apr\u00e8s que ces derniers ont sign\u00e9 en d\u00e9but de semaine une lettre ouverte l\u2019accusant de mettre en danger la population en ignorant la science . L\u2019Agence de protection de l\u2019environnement (EPA), vis\u00e9e par cette missive, a d\u00e9clar\u00e9 \u00e0 l\u2019Agence France-Presse<\/p>\n","protected":false},"author":1,"featured_media":246697,"comment_status":"open","ping_status":"open","sticky":false,"template":"","format":"standard","meta":{"footnotes":""},"categories":[68],"tags":[],"class_list":["post-246696","post","type-post","status-publish","format-standard","has-post-thumbnail","hentry","category-politics-fr"],"acf":[],"yoast_head":"<!-- This site is optimized with the Yoast SEO plugin v22.9 - https:\/\/yoast.com\/wordpress\/plugins\/seo\/ -->\n<title>L\u2019administration Trump suspend des fonctionnaires qui avaient d\u00e9nonc\u00e9 sa politique environnementale - vof-news.eu<\/title>\n<meta name=\"description\" content=\"L\u2019administration Trump a annonc\u00e9, jeudi 3 juillet, avoir plac\u00e9 de nombreux employ\u00e9s en cong\u00e9 forc\u00e9 apr\u00e8s que ces derniers ont sign\u00e9 en d\u00e9but de semaine une lettre ouverte l\u2019accusant de mettre en danger la population en ignorant la science . L\u2019Agence de protection de l\u2019environnement (EPA), vis\u00e9e par cette missive, a d\u00e9clar\u00e9 \u00e0 l\u2019Agence France-Presse (AFP) mener une enqu\u00eate sur le sujet et mis en cong\u00e9 administratif 139 de ses employ\u00e9s.   L\u2019EPA , a insist\u00e9 une de ses porte-parole, dans un email. Selon plusieurs m\u00e9dias am\u00e9ricains, certains employ\u00e9s ont \u00e9t\u00e9 escort\u00e9s jusqu\u2019\u00e0 la sortie de leurs bureaux. Lundi, un texte sign\u00e9 par plus de deux cents anciens et actuels employ\u00e9s et scientifiques de l\u2019EPA ainsi que par d\u2019autres nombreux soutiens ext\u00e9rieurs, d\u00e9non\u00e7ait la politisation croissante de l\u2019institution et mettait en garde contre une mise en danger de la population. Le gouvernement et agit , accusaient notamment les auteurs.   Retour en arri\u00e8re sur le climat et la protection de l\u2019environnement Les noms de plus d\u2019une centaine de fonctionnaires accompagnaient le texte, tandis que de nombreux autres sont rest\u00e9s anonymes, avec seules des initiales ou une description lapidaire de leur poste , selon le texte. Jeudi, tous les noms avaient \u00e9t\u00e9 effac\u00e9s du site h\u00e9bergeant le texte. Depuis son retour au pouvoir en janvier, Donald Trump, climatosceptique notoire, a enclench\u00e9 une marche arri\u00e8re toute en mati\u00e8re de climat et de protection de l\u2019environnement. L\u2019un de ses proches, Lee Zeldin, pilote ces politiques \u00e0 l\u2019EPA, o\u00f9 il a lanc\u00e9 de multiples d\u00e9marches pour all\u00e9ger les r\u00e9glementations sur plusieurs polluants \u00e9ternels (PFAS) ou encore supprimer des restrictions d\u2019\u00e9missions polluantes des voitures. Cette lettre ouverte a \u00e9t\u00e9 \u00e9crite quelques semaines apr\u00e8s la publication d\u2019un texte \u00e0 la tonalit\u00e9 similaire et sign\u00e9 par des scientifiques d\u2019une autre agence de r\u00e9f\u00e9rence, le National Institutes of Health, l\u2019organisme am\u00e9ricain charg\u00e9 de la recherche m\u00e9dicale.    Le Monde avec AFP      S\u2019abonner   Contribuer R\u00e9utiliser ce contenu\" \/>\n<meta name=\"robots\" content=\"noindex, follow, max-snippet:-1, max-image-preview:large, max-video-preview:-1\" \/>\n<meta property=\"og:locale\" content=\"fr_FR\" \/>\n<meta property=\"og:type\" content=\"article\" \/>\n<meta property=\"og:title\" content=\"L\u2019administration Trump suspend des fonctionnaires qui avaient d\u00e9nonc\u00e9 sa politique environnementale - vof-news.eu\" \/>\n<meta property=\"og:description\" content=\"L\u2019administration Trump a annonc\u00e9, jeudi 3 juillet, avoir plac\u00e9 de nombreux employ\u00e9s en cong\u00e9 forc\u00e9 apr\u00e8s que ces derniers ont sign\u00e9 en d\u00e9but de semaine une lettre ouverte l\u2019accusant de mettre en danger la population en ignorant la science . L\u2019Agence de protection de l\u2019environnement (EPA), vis\u00e9e par cette missive, a d\u00e9clar\u00e9 \u00e0 l\u2019Agence France-Presse (AFP) mener une enqu\u00eate sur le sujet et mis en cong\u00e9 administratif 139 de ses employ\u00e9s.   L\u2019EPA , a insist\u00e9 une de ses porte-parole, dans un email. Selon plusieurs m\u00e9dias am\u00e9ricains, certains employ\u00e9s ont \u00e9t\u00e9 escort\u00e9s jusqu\u2019\u00e0 la sortie de leurs bureaux. Lundi, un texte sign\u00e9 par plus de deux cents anciens et actuels employ\u00e9s et scientifiques de l\u2019EPA ainsi que par d\u2019autres nombreux soutiens ext\u00e9rieurs, d\u00e9non\u00e7ait la politisation croissante de l\u2019institution et mettait en garde contre une mise en danger de la population. Le gouvernement et agit , accusaient notamment les auteurs.   Retour en arri\u00e8re sur le climat et la protection de l\u2019environnement Les noms de plus d\u2019une centaine de fonctionnaires accompagnaient le texte, tandis que de nombreux autres sont rest\u00e9s anonymes, avec seules des initiales ou une description lapidaire de leur poste , selon le texte. Jeudi, tous les noms avaient \u00e9t\u00e9 effac\u00e9s du site h\u00e9bergeant le texte. Depuis son retour au pouvoir en janvier, Donald Trump, climatosceptique notoire, a enclench\u00e9 une marche arri\u00e8re toute en mati\u00e8re de climat et de protection de l\u2019environnement. L\u2019un de ses proches, Lee Zeldin, pilote ces politiques \u00e0 l\u2019EPA, o\u00f9 il a lanc\u00e9 de multiples d\u00e9marches pour all\u00e9ger les r\u00e9glementations sur plusieurs polluants \u00e9ternels (PFAS) ou encore supprimer des restrictions d\u2019\u00e9missions polluantes des voitures. Cette lettre ouverte a \u00e9t\u00e9 \u00e9crite quelques semaines apr\u00e8s la publication d\u2019un texte \u00e0 la tonalit\u00e9 similaire et sign\u00e9 par des scientifiques d\u2019une autre agence de r\u00e9f\u00e9rence, le National Institutes of Health, l\u2019organisme am\u00e9ricain charg\u00e9 de la recherche m\u00e9dicale.    Le Monde avec AFP      S\u2019abonner   Contribuer R\u00e9utiliser ce contenu\" \/>\n<meta property=\"og:url\" content=\"https:\/\/vof-news.eu\/fr\/ladministration-trump-suspend-des-fonctionnaires-qui-avaient-denonce-sa-politique-environnementale\/\" \/>\n<meta property=\"og:site_name\" content=\"vof-news.eu\" \/>\n<meta property=\"article:published_time\" content=\"2025-07-04T02:30:17+00:00\" \/>\n<meta property=\"article:modified_time\" content=\"2025-07-04T02:30:42+00:00\" \/>\n<meta property=\"og:image\" content=\"https:\/\/vof-news.eu\/wp-content\/uploads\/2025\/07\/159426f_ftp-import-images-1-qvjz4l1gymnq-61088b7c495e477b8005e7564ddf905d-1-d166778effb34950bd6e5ecca4147e2d.jpg\" \/>\n\t<meta property=\"og:image:width\" content=\"664\" \/>\n\t<meta property=\"og:image:height\" content=\"443\" \/>\n\t<meta property=\"og:image:type\" content=\"image\/jpeg\" \/>\n<meta name=\"author\" content=\"Author\" \/>\n<meta name=\"twitter:card\" content=\"summary_large_image\" \/>\n<meta name=\"twitter:label1\" content=\"\u00c9crit par\" \/>\n\t<meta name=\"twitter:data1\" content=\"Author\" \/>\n\t<meta name=\"twitter:label2\" content=\"Dur\u00e9e de lecture estim\u00e9e\" \/>\n\t<meta name=\"twitter:data2\" content=\"2 minutes\" \/>\n<script type=\"application\/ld+json\" class=\"yoast-schema-graph\">{\"@context\":\"https:\/\/schema.org\",\"@graph\":[{\"@type\":\"WebPage\",\"@id\":\"https:\/\/vof-news.eu\/fr\/ladministration-trump-suspend-des-fonctionnaires-qui-avaient-denonce-sa-politique-environnementale\/\",\"url\":\"https:\/\/vof-news.eu\/fr\/ladministration-trump-suspend-des-fonctionnaires-qui-avaient-denonce-sa-politique-environnementale\/\",\"name\":\"L\u2019administration Trump suspend des fonctionnaires qui avaient d\u00e9nonc\u00e9 sa politique environnementale - vof-news.eu\",\"isPartOf\":{\"@id\":\"https:\/\/vof-news.eu\/fr\/#website\"},\"primaryImageOfPage\":{\"@id\":\"https:\/\/vof-news.eu\/fr\/ladministration-trump-suspend-des-fonctionnaires-qui-avaient-denonce-sa-politique-environnementale\/#primaryimage\"},\"image\":{\"@id\":\"https:\/\/vof-news.eu\/fr\/ladministration-trump-suspend-des-fonctionnaires-qui-avaient-denonce-sa-politique-environnementale\/#primaryimage\"},\"thumbnailUrl\":\"https:\/\/vof-news.eu\/wp-content\/uploads\/2025\/07\/159426f_ftp-import-images-1-qvjz4l1gymnq-61088b7c495e477b8005e7564ddf905d-1-d166778effb34950bd6e5ecca4147e2d.jpg\",\"datePublished\":\"2025-07-04T02:30:17+00:00\",\"dateModified\":\"2025-07-04T02:30:42+00:00\",\"author\":{\"@id\":\"https:\/\/vof-news.eu\/fr\/#\/schema\/person\/f6a2a4309f0561835797fd8c19b333ed\"},\"description\":\"L\u2019administration Trump a annonc\u00e9, jeudi 3 juillet, avoir plac\u00e9 de nombreux employ\u00e9s en cong\u00e9 forc\u00e9 apr\u00e8s que ces derniers ont sign\u00e9 en d\u00e9but de semaine une lettre ouverte l\u2019accusant de mettre en danger la population en ignorant la science . L\u2019Agence de protection de l\u2019environnement (EPA), vis\u00e9e par cette missive, a d\u00e9clar\u00e9 \u00e0 l\u2019Agence France-Presse (AFP) mener une enqu\u00eate sur le sujet et mis en cong\u00e9 administratif 139 de ses employ\u00e9s. L\u2019EPA , a insist\u00e9 une de ses porte-parole, dans un email. Selon plusieurs m\u00e9dias am\u00e9ricains, certains employ\u00e9s ont \u00e9t\u00e9 escort\u00e9s jusqu\u2019\u00e0 la sortie de leurs bureaux. Lundi, un texte sign\u00e9 par plus de deux cents anciens et actuels employ\u00e9s et scientifiques de l\u2019EPA ainsi que par d\u2019autres nombreux soutiens ext\u00e9rieurs, d\u00e9non\u00e7ait la politisation croissante de l\u2019institution et mettait en garde contre une mise en danger de la population. Le gouvernement et agit , accusaient notamment les auteurs. Retour en arri\u00e8re sur le climat et la protection de l\u2019environnement Les noms de plus d\u2019une centaine de fonctionnaires accompagnaient le texte, tandis que de nombreux autres sont rest\u00e9s anonymes, avec seules des initiales ou une description lapidaire de leur poste , selon le texte. Jeudi, tous les noms avaient \u00e9t\u00e9 effac\u00e9s du site h\u00e9bergeant le texte. Depuis son retour au pouvoir en janvier, Donald Trump, climatosceptique notoire, a enclench\u00e9 une marche arri\u00e8re toute en mati\u00e8re de climat et de protection de l\u2019environnement. L\u2019un de ses proches, Lee Zeldin, pilote ces politiques \u00e0 l\u2019EPA, o\u00f9 il a lanc\u00e9 de multiples d\u00e9marches pour all\u00e9ger les r\u00e9glementations sur plusieurs polluants \u00e9ternels (PFAS) ou encore supprimer des restrictions d\u2019\u00e9missions polluantes des voitures. Cette lettre ouverte a \u00e9t\u00e9 \u00e9crite quelques semaines apr\u00e8s la publication d\u2019un texte \u00e0 la tonalit\u00e9 similaire et sign\u00e9 par des scientifiques d\u2019une autre agence de r\u00e9f\u00e9rence, le National Institutes of Health, l\u2019organisme am\u00e9ricain charg\u00e9 de la recherche m\u00e9dicale. Le Monde avec AFP S\u2019abonner Contribuer R\u00e9utiliser ce contenu\",\"breadcrumb\":{\"@id\":\"https:\/\/vof-news.eu\/fr\/ladministration-trump-suspend-des-fonctionnaires-qui-avaient-denonce-sa-politique-environnementale\/#breadcrumb\"},\"inLanguage\":\"fr-FR\",\"potentialAction\":[{\"@type\":\"ReadAction\",\"target\":[\"https:\/\/vof-news.eu\/fr\/ladministration-trump-suspend-des-fonctionnaires-qui-avaient-denonce-sa-politique-environnementale\/\"]}]},{\"@type\":\"ImageObject\",\"inLanguage\":\"fr-FR\",\"@id\":\"https:\/\/vof-news.eu\/fr\/ladministration-trump-suspend-des-fonctionnaires-qui-avaient-denonce-sa-politique-environnementale\/#primaryimage\",\"url\":\"https:\/\/vof-news.eu\/wp-content\/uploads\/2025\/07\/159426f_ftp-import-images-1-qvjz4l1gymnq-61088b7c495e477b8005e7564ddf905d-1-d166778effb34950bd6e5ecca4147e2d.jpg\",\"contentUrl\":\"https:\/\/vof-news.eu\/wp-content\/uploads\/2025\/07\/159426f_ftp-import-images-1-qvjz4l1gymnq-61088b7c495e477b8005e7564ddf905d-1-d166778effb34950bd6e5ecca4147e2d.jpg\",\"width\":664,\"height\":443},{\"@type\":\"BreadcrumbList\",\"@id\":\"https:\/\/vof-news.eu\/fr\/ladministration-trump-suspend-des-fonctionnaires-qui-avaient-denonce-sa-politique-environnementale\/#breadcrumb\",\"itemListElement\":[{\"@type\":\"ListItem\",\"position\":1,\"name\":\"Home\",\"item\":\"https:\/\/vof-news.eu\/fr\/\"},{\"@type\":\"ListItem\",\"position\":2,\"name\":\"L\u2019administration Trump suspend des fonctionnaires qui avaient d\u00e9nonc\u00e9 sa politique environnementale\"}]},{\"@type\":\"WebSite\",\"@id\":\"https:\/\/vof-news.eu\/fr\/#website\",\"url\":\"https:\/\/vof-news.eu\/fr\/\",\"name\":\"vof-news.eu\",\"description\":\"\",\"potentialAction\":[{\"@type\":\"SearchAction\",\"target\":{\"@type\":\"EntryPoint\",\"urlTemplate\":\"https:\/\/vof-news.eu\/fr\/?s={search_term_string}\"},\"query-input\":\"required name=search_term_string\"}],\"inLanguage\":\"fr-FR\"},{\"@type\":\"Person\",\"@id\":\"https:\/\/vof-news.eu\/fr\/#\/schema\/person\/f6a2a4309f0561835797fd8c19b333ed\",\"name\":\"Author\",\"image\":{\"@type\":\"ImageObject\",\"inLanguage\":\"fr-FR\",\"@id\":\"https:\/\/vof-news.eu\/fr\/#\/schema\/person\/image\/\",\"url\":\"https:\/\/secure.gravatar.com\/avatar\/b67e614b1b25b3e9c0c239efdd2fde5ab015b5affd6f1c3c85911ca4b384e790?s=96&d=mm&r=g\",\"contentUrl\":\"https:\/\/secure.gravatar.com\/avatar\/b67e614b1b25b3e9c0c239efdd2fde5ab015b5affd6f1c3c85911ca4b384e790?s=96&d=mm&r=g\",\"caption\":\"Author\"},\"sameAs\":[\"http:\/\/vof-news.eu\"],\"url\":\"https:\/\/vof-news.eu\/fr\/author\/zwt6qxnjulxbnyg\/\"}]}<\/script>\n<!-- \/ Yoast SEO plugin. -->","yoast_head_json":{"title":"L\u2019administration Trump suspend des fonctionnaires qui avaient d\u00e9nonc\u00e9 sa politique environnementale - vof-news.eu","description":"L\u2019administration Trump a annonc\u00e9, jeudi 3 juillet, avoir plac\u00e9 de nombreux employ\u00e9s en cong\u00e9 forc\u00e9 apr\u00e8s que ces derniers ont sign\u00e9 en d\u00e9but de semaine une lettre ouverte l\u2019accusant de mettre en danger la population en ignorant la science . L\u2019Agence de protection de l\u2019environnement (EPA), vis\u00e9e par cette missive, a d\u00e9clar\u00e9 \u00e0 l\u2019Agence France-Presse (AFP) mener une enqu\u00eate sur le sujet et mis en cong\u00e9 administratif 139 de ses employ\u00e9s.   L\u2019EPA , a insist\u00e9 une de ses porte-parole, dans un email. Selon plusieurs m\u00e9dias am\u00e9ricains, certains employ\u00e9s ont \u00e9t\u00e9 escort\u00e9s jusqu\u2019\u00e0 la sortie de leurs bureaux. Lundi, un texte sign\u00e9 par plus de deux cents anciens et actuels employ\u00e9s et scientifiques de l\u2019EPA ainsi que par d\u2019autres nombreux soutiens ext\u00e9rieurs, d\u00e9non\u00e7ait la politisation croissante de l\u2019institution et mettait en garde contre une mise en danger de la population. Le gouvernement et agit , accusaient notamment les auteurs.   Retour en arri\u00e8re sur le climat et la protection de l\u2019environnement Les noms de plus d\u2019une centaine de fonctionnaires accompagnaient le texte, tandis que de nombreux autres sont rest\u00e9s anonymes, avec seules des initiales ou une description lapidaire de leur poste , selon le texte. Jeudi, tous les noms avaient \u00e9t\u00e9 effac\u00e9s du site h\u00e9bergeant le texte. Depuis son retour au pouvoir en janvier, Donald Trump, climatosceptique notoire, a enclench\u00e9 une marche arri\u00e8re toute en mati\u00e8re de climat et de protection de l\u2019environnement. L\u2019un de ses proches, Lee Zeldin, pilote ces politiques \u00e0 l\u2019EPA, o\u00f9 il a lanc\u00e9 de multiples d\u00e9marches pour all\u00e9ger les r\u00e9glementations sur plusieurs polluants \u00e9ternels (PFAS) ou encore supprimer des restrictions d\u2019\u00e9missions polluantes des voitures. Cette lettre ouverte a \u00e9t\u00e9 \u00e9crite quelques semaines apr\u00e8s la publication d\u2019un texte \u00e0 la tonalit\u00e9 similaire et sign\u00e9 par des scientifiques d\u2019une autre agence de r\u00e9f\u00e9rence, le National Institutes of Health, l\u2019organisme am\u00e9ricain charg\u00e9 de la recherche m\u00e9dicale.    Le Monde avec AFP      S\u2019abonner   Contribuer R\u00e9utiliser ce contenu","robots":{"index":"noindex","follow":"follow","max-snippet":"max-snippet:-1","max-image-preview":"max-image-preview:large","max-video-preview":"max-video-preview:-1"},"og_locale":"fr_FR","og_type":"article","og_title":"L\u2019administration Trump suspend des fonctionnaires qui avaient d\u00e9nonc\u00e9 sa politique environnementale - vof-news.eu","og_description":"L\u2019administration Trump a annonc\u00e9, jeudi 3 juillet, avoir plac\u00e9 de nombreux employ\u00e9s en cong\u00e9 forc\u00e9 apr\u00e8s que ces derniers ont sign\u00e9 en d\u00e9but de semaine une lettre ouverte l\u2019accusant de mettre en danger la population en ignorant la science . L\u2019Agence de protection de l\u2019environnement (EPA), vis\u00e9e par cette missive, a d\u00e9clar\u00e9 \u00e0 l\u2019Agence France-Presse (AFP) mener une enqu\u00eate sur le sujet et mis en cong\u00e9 administratif 139 de ses employ\u00e9s.   L\u2019EPA , a insist\u00e9 une de ses porte-parole, dans un email. Selon plusieurs m\u00e9dias am\u00e9ricains, certains employ\u00e9s ont \u00e9t\u00e9 escort\u00e9s jusqu\u2019\u00e0 la sortie de leurs bureaux. Lundi, un texte sign\u00e9 par plus de deux cents anciens et actuels employ\u00e9s et scientifiques de l\u2019EPA ainsi que par d\u2019autres nombreux soutiens ext\u00e9rieurs, d\u00e9non\u00e7ait la politisation croissante de l\u2019institution et mettait en garde contre une mise en danger de la population. Le gouvernement et agit , accusaient notamment les auteurs.   Retour en arri\u00e8re sur le climat et la protection de l\u2019environnement Les noms de plus d\u2019une centaine de fonctionnaires accompagnaient le texte, tandis que de nombreux autres sont rest\u00e9s anonymes, avec seules des initiales ou une description lapidaire de leur poste , selon le texte. Jeudi, tous les noms avaient \u00e9t\u00e9 effac\u00e9s du site h\u00e9bergeant le texte. Depuis son retour au pouvoir en janvier, Donald Trump, climatosceptique notoire, a enclench\u00e9 une marche arri\u00e8re toute en mati\u00e8re de climat et de protection de l\u2019environnement. L\u2019un de ses proches, Lee Zeldin, pilote ces politiques \u00e0 l\u2019EPA, o\u00f9 il a lanc\u00e9 de multiples d\u00e9marches pour all\u00e9ger les r\u00e9glementations sur plusieurs polluants \u00e9ternels (PFAS) ou encore supprimer des restrictions d\u2019\u00e9missions polluantes des voitures. Cette lettre ouverte a \u00e9t\u00e9 \u00e9crite quelques semaines apr\u00e8s la publication d\u2019un texte \u00e0 la tonalit\u00e9 similaire et sign\u00e9 par des scientifiques d\u2019une autre agence de r\u00e9f\u00e9rence, le National Institutes of Health, l\u2019organisme am\u00e9ricain charg\u00e9 de la recherche m\u00e9dicale.    Le Monde avec AFP      S\u2019abonner   Contribuer R\u00e9utiliser ce contenu","og_url":"https:\/\/vof-news.eu\/fr\/ladministration-trump-suspend-des-fonctionnaires-qui-avaient-denonce-sa-politique-environnementale\/","og_site_name":"vof-news.eu","article_published_time":"2025-07-04T02:30:17+00:00","article_modified_time":"2025-07-04T02:30:42+00:00","og_image":[{"width":664,"height":443,"url":"https:\/\/vof-news.eu\/wp-content\/uploads\/2025\/07\/159426f_ftp-import-images-1-qvjz4l1gymnq-61088b7c495e477b8005e7564ddf905d-1-d166778effb34950bd6e5ecca4147e2d.jpg","type":"image\/jpeg"}],"author":"Author","twitter_card":"summary_large_image","twitter_misc":{"\u00c9crit par":"Author","Dur\u00e9e de lecture estim\u00e9e":"2 minutes"},"schema":{"@context":"https:\/\/schema.org","@graph":[{"@type":"WebPage","@id":"https:\/\/vof-news.eu\/fr\/ladministration-trump-suspend-des-fonctionnaires-qui-avaient-denonce-sa-politique-environnementale\/","url":"https:\/\/vof-news.eu\/fr\/ladministration-trump-suspend-des-fonctionnaires-qui-avaient-denonce-sa-politique-environnementale\/","name":"L\u2019administration Trump suspend des fonctionnaires qui avaient d\u00e9nonc\u00e9 sa politique environnementale - vof-news.eu","isPartOf":{"@id":"https:\/\/vof-news.eu\/fr\/#website"},"primaryImageOfPage":{"@id":"https:\/\/vof-news.eu\/fr\/ladministration-trump-suspend-des-fonctionnaires-qui-avaient-denonce-sa-politique-environnementale\/#primaryimage"},"image":{"@id":"https:\/\/vof-news.eu\/fr\/ladministration-trump-suspend-des-fonctionnaires-qui-avaient-denonce-sa-politique-environnementale\/#primaryimage"},"thumbnailUrl":"https:\/\/vof-news.eu\/wp-content\/uploads\/2025\/07\/159426f_ftp-import-images-1-qvjz4l1gymnq-61088b7c495e477b8005e7564ddf905d-1-d166778effb34950bd6e5ecca4147e2d.jpg","datePublished":"2025-07-04T02:30:17+00:00","dateModified":"2025-07-04T02:30:42+00:00","author":{"@id":"https:\/\/vof-news.eu\/fr\/#\/schema\/person\/f6a2a4309f0561835797fd8c19b333ed"},"description":"L\u2019administration Trump a annonc\u00e9, jeudi 3 juillet, avoir plac\u00e9 de nombreux employ\u00e9s en cong\u00e9 forc\u00e9 apr\u00e8s que ces derniers ont sign\u00e9 en d\u00e9but de semaine une lettre ouverte l\u2019accusant de mettre en danger la population en ignorant la science . L\u2019Agence de protection de l\u2019environnement (EPA), vis\u00e9e par cette missive, a d\u00e9clar\u00e9 \u00e0 l\u2019Agence France-Presse (AFP) mener une enqu\u00eate sur le sujet et mis en cong\u00e9 administratif 139 de ses employ\u00e9s. L\u2019EPA , a insist\u00e9 une de ses porte-parole, dans un email. Selon plusieurs m\u00e9dias am\u00e9ricains, certains employ\u00e9s ont \u00e9t\u00e9 escort\u00e9s jusqu\u2019\u00e0 la sortie de leurs bureaux. Lundi, un texte sign\u00e9 par plus de deux cents anciens et actuels employ\u00e9s et scientifiques de l\u2019EPA ainsi que par d\u2019autres nombreux soutiens ext\u00e9rieurs, d\u00e9non\u00e7ait la politisation croissante de l\u2019institution et mettait en garde contre une mise en danger de la population. Le gouvernement et agit , accusaient notamment les auteurs. Retour en arri\u00e8re sur le climat et la protection de l\u2019environnement Les noms de plus d\u2019une centaine de fonctionnaires accompagnaient le texte, tandis que de nombreux autres sont rest\u00e9s anonymes, avec seules des initiales ou une description lapidaire de leur poste , selon le texte. Jeudi, tous les noms avaient \u00e9t\u00e9 effac\u00e9s du site h\u00e9bergeant le texte. Depuis son retour au pouvoir en janvier, Donald Trump, climatosceptique notoire, a enclench\u00e9 une marche arri\u00e8re toute en mati\u00e8re de climat et de protection de l\u2019environnement. L\u2019un de ses proches, Lee Zeldin, pilote ces politiques \u00e0 l\u2019EPA, o\u00f9 il a lanc\u00e9 de multiples d\u00e9marches pour all\u00e9ger les r\u00e9glementations sur plusieurs polluants \u00e9ternels (PFAS) ou encore supprimer des restrictions d\u2019\u00e9missions polluantes des voitures. Cette lettre ouverte a \u00e9t\u00e9 \u00e9crite quelques semaines apr\u00e8s la publication d\u2019un texte \u00e0 la tonalit\u00e9 similaire et sign\u00e9 par des scientifiques d\u2019une autre agence de r\u00e9f\u00e9rence, le National Institutes of Health, l\u2019organisme am\u00e9ricain charg\u00e9 de la recherche m\u00e9dicale. Le Monde avec AFP S\u2019abonner Contribuer R\u00e9utiliser ce contenu","breadcrumb":{"@id":"https:\/\/vof-news.eu\/fr\/ladministration-trump-suspend-des-fonctionnaires-qui-avaient-denonce-sa-politique-environnementale\/#breadcrumb"},"inLanguage":"fr-FR","potentialAction":[{"@type":"ReadAction","target":["https:\/\/vof-news.eu\/fr\/ladministration-trump-suspend-des-fonctionnaires-qui-avaient-denonce-sa-politique-environnementale\/"]}]},{"@type":"ImageObject","inLanguage":"fr-FR","@id":"https:\/\/vof-news.eu\/fr\/ladministration-trump-suspend-des-fonctionnaires-qui-avaient-denonce-sa-politique-environnementale\/#primaryimage","url":"https:\/\/vof-news.eu\/wp-content\/uploads\/2025\/07\/159426f_ftp-import-images-1-qvjz4l1gymnq-61088b7c495e477b8005e7564ddf905d-1-d166778effb34950bd6e5ecca4147e2d.jpg","contentUrl":"https:\/\/vof-news.eu\/wp-content\/uploads\/2025\/07\/159426f_ftp-import-images-1-qvjz4l1gymnq-61088b7c495e477b8005e7564ddf905d-1-d166778effb34950bd6e5ecca4147e2d.jpg","width":664,"height":443},{"@type":"BreadcrumbList","@id":"https:\/\/vof-news.eu\/fr\/ladministration-trump-suspend-des-fonctionnaires-qui-avaient-denonce-sa-politique-environnementale\/#breadcrumb","itemListElement":[{"@type":"ListItem","position":1,"name":"Home","item":"https:\/\/vof-news.eu\/fr\/"},{"@type":"ListItem","position":2,"name":"L\u2019administration Trump suspend des fonctionnaires qui avaient d\u00e9nonc\u00e9 sa politique environnementale"}]},{"@type":"WebSite","@id":"https:\/\/vof-news.eu\/fr\/#website","url":"https:\/\/vof-news.eu\/fr\/","name":"vof-news.eu","description":"","potentialAction":[{"@type":"SearchAction","target":{"@type":"EntryPoint","urlTemplate":"https:\/\/vof-news.eu\/fr\/?s={search_term_string}"},"query-input":"required name=search_term_string"}],"inLanguage":"fr-FR"},{"@type":"Person","@id":"https:\/\/vof-news.eu\/fr\/#\/schema\/person\/f6a2a4309f0561835797fd8c19b333ed","name":"Author","image":{"@type":"ImageObject","inLanguage":"fr-FR","@id":"https:\/\/vof-news.eu\/fr\/#\/schema\/person\/image\/","url":"https:\/\/secure.gravatar.com\/avatar\/b67e614b1b25b3e9c0c239efdd2fde5ab015b5affd6f1c3c85911ca4b384e790?s=96&d=mm&r=g","contentUrl":"https:\/\/secure.gravatar.com\/avatar\/b67e614b1b25b3e9c0c239efdd2fde5ab015b5affd6f1c3c85911ca4b384e790?s=96&d=mm&r=g","caption":"Author"},"sameAs":["http:\/\/vof-news.eu"],"url":"https:\/\/vof-news.eu\/fr\/author\/zwt6qxnjulxbnyg\/"}]}},"yoast_meta":{"yoast_wpseo_title":"","yoast_wpseo_metadesc":"","yoast_wpseo_canonical":""},"_links":{"self":[{"href":"https:\/\/vof-news.eu\/fr\/wp-json\/wp\/v2\/posts\/246696","targetHints":{"allow":["GET"]}}],"collection":[{"href":"https:\/\/vof-news.eu\/fr\/wp-json\/wp\/v2\/posts"}],"about":[{"href":"https:\/\/vof-news.eu\/fr\/wp-json\/wp\/v2\/types\/post"}],"author":[{"embeddable":true,"href":"https:\/\/vof-news.eu\/fr\/wp-json\/wp\/v2\/users\/1"}],"replies":[{"embeddable":true,"href":"https:\/\/vof-news.eu\/fr\/wp-json\/wp\/v2\/comments?post=246696"}],"version-history":[{"count":1,"href":"https:\/\/vof-news.eu\/fr\/wp-json\/wp\/v2\/posts\/246696\/revisions"}],"predecessor-version":[{"id":246703,"href":"https:\/\/vof-news.eu\/fr\/wp-json\/wp\/v2\/posts\/246696\/revisions\/246703"}],"wp:featuredmedia":[{"embeddable":true,"href":"https:\/\/vof-news.eu\/fr\/wp-json\/wp\/v2\/media\/246697"}],"wp:attachment":[{"href":"https:\/\/vof-news.eu\/fr\/wp-json\/wp\/v2\/media?parent=246696"}],"wp:term":[{"taxonomy":"category","embeddable":true,"href":"https:\/\/vof-news.eu\/fr\/wp-json\/wp\/v2\/categories?post=246696"},{"taxonomy":"post_tag","embeddable":true,"href":"https:\/\/vof-news.eu\/fr\/wp-json\/wp\/v2\/tags?post=246696"}],"curies":[{"name":"wp","href":"https:\/\/api.w.org\/{rel}","templated":true}]}}