{"id":246605,"date":"2025-07-03T23:32:41","date_gmt":"2025-07-03T20:32:41","guid":{"rendered":"https:\/\/vof-news.eu\/derriere-les-appels-doffres-du-rn-les-soupcons-de-favoritisme-et-damateurisme\/"},"modified":"2025-07-03T23:33:13","modified_gmt":"2025-07-03T20:33:13","slug":"derriere-les-appels-doffres-du-rn-les-soupcons-de-favoritisme-et-damateurisme","status":"publish","type":"post","link":"https:\/\/vof-news.eu\/fr\/derriere-les-appels-doffres-du-rn-les-soupcons-de-favoritisme-et-damateurisme\/","title":{"rendered":"Derri\u00e8re les appels d\u2019offres du RN, les soup\u00e7ons de favoritisme et d\u2019amateurisme"},"content":{"rendered":"<article>\n<p>Marine Le Pen tient \u00e0 le faire savoir\u00a0: elle n\u2019est pas concern\u00e9e par <a href=\"https:\/\/www.lemonde.fr\/les-decodeurs\/article\/2025\/07\/03\/le-rn-et-ses-allies-menaces-par-une-nouvelle-affaire-de-detournements-financiers-au-parlement-europeen_6617477_4355770.html\" rel=\"nofollow\">la nouvelle affaire qui menace le Rassemblement national (RN) au Parlement europ\u00e9en<\/a>. C\u2019est, en tout cas, ce qu\u2019elle a r\u00e9pondu, jeudi 3\u00a0juillet sur RTL, quand on l\u2019interrogeait sur le rapport confidentiel d\u00e9voil\u00e9 par  et ses partenaires allemand et autrichien. , a-t-elle gliss\u00e9, rejetant implicitement la responsabilit\u00e9 sur les partis alli\u00e9s du RN, qui d\u00e9tenaient ces fonctions \u00e0 l\u2019\u00e9poque des faits qui lui sont reproch\u00e9s.<\/p>\n<p>Le rapport, qui doit encore \u00eatre pr\u00e9sent\u00e9 \u00e0 la commission de contr\u00f4le budg\u00e9taire du Parlement europ\u00e9en, reproche \u00e0 l\u2019ancien groupe du RN dans l\u2019assembl\u00e9e, Identit\u00e9 et D\u00e9mocratie (ID), d\u2019avoir attribu\u00e9 ind\u00fbment 4,3\u00a0millions d\u2019euros depuis 2019, soit sous la forme d\u2019appels d\u2019offres vici\u00e9s, soit sous la forme de dons \u00e0 des associations, jug\u00e9s illicites par l\u2019institution.<\/p>\n<p>, a minimis\u00e9 Marine Le Pen, avant de r\u00e9p\u00e9ter la d\u00e9fense du groupe d\u2019extr\u00eame droite \u2013 l\u2019audit des comptes du groupe depuis cinq ans n\u2019avait r\u00e9v\u00e9l\u00e9 aucune irr\u00e9gularit\u00e9 \u2013 et de placer la bataille sur le terrain politique. <\/p>\n<p><strong>Il vous reste 79.79% de cet article \u00e0 lire. La suite est r\u00e9serv\u00e9e aux abonn\u00e9s.<\/strong><\/p>\n<\/article>\n","protected":false},"excerpt":{"rendered":"<p>Marine Le Pen tient \u00e0 le faire savoir\u00a0: elle n\u2019est pas concern\u00e9e par la nouvelle affaire qui menace le Rassemblement national (RN) au Parlement europ\u00e9en. C\u2019est, en tout cas, ce qu\u2019elle a r\u00e9pondu, jeudi 3\u00a0juillet sur RTL, quand on l\u2019interrogeait sur le rapport confidentiel d\u00e9voil\u00e9 par et ses partenaires allemand et autrichien. , a-t-elle gliss\u00e9,<\/p>\n","protected":false},"author":1,"featured_media":246606,"comment_status":"open","ping_status":"open","sticky":false,"template":"","format":"standard","meta":{"footnotes":""},"categories":[68],"tags":[],"class_list":["post-246605","post","type-post","status-publish","format-standard","has-post-thumbnail","hentry","category-politics-fr"],"acf":[],"yoast_head":"<!-- This site is optimized with the Yoast SEO plugin v22.9 - https:\/\/yoast.com\/wordpress\/plugins\/seo\/ -->\n<title>Derri\u00e8re les appels d\u2019offres du RN, les soup\u00e7ons de favoritisme et d\u2019amateurisme - vof-news.eu<\/title>\n<meta name=\"description\" content=\"Marine Le Pen tient \u00e0 le faire savoir\u00a0: elle n\u2019est pas concern\u00e9e par la nouvelle affaire qui menace le Rassemblement national (RN) au Parlement europ\u00e9en. C\u2019est, en tout cas, ce qu\u2019elle a r\u00e9pondu, jeudi 3\u00a0juillet sur RTL, quand on l\u2019interrogeait sur le rapport confidentiel d\u00e9voil\u00e9 par et ses partenaires allemand et autrichien. , a-t-elle gliss\u00e9, rejetant implicitement la responsabilit\u00e9 sur les partis alli\u00e9s du RN, qui d\u00e9tenaient ces fonctions \u00e0 l\u2019\u00e9poque des faits qui lui sont reproch\u00e9s. Le rapport, qui doit encore \u00eatre pr\u00e9sent\u00e9 \u00e0 la commission de contr\u00f4le budg\u00e9taire du Parlement europ\u00e9en, reproche \u00e0 l\u2019ancien groupe du RN dans l\u2019assembl\u00e9e, Identit\u00e9 et D\u00e9mocratie (ID), d\u2019avoir attribu\u00e9 ind\u00fbment 4,3\u00a0millions d\u2019euros depuis 2019, soit sous la forme d\u2019appels d\u2019offres vici\u00e9s, soit sous la forme de dons \u00e0 des associations, jug\u00e9s illicites par l\u2019institution. , a minimis\u00e9 Marine Le Pen, avant de r\u00e9p\u00e9ter la d\u00e9fense du groupe d\u2019extr\u00eame droite \u2013 l\u2019audit des comptes du groupe depuis cinq ans n\u2019avait r\u00e9v\u00e9l\u00e9 aucune irr\u00e9gularit\u00e9 \u2013 et de placer la bataille sur le terrain politique. Il vous reste 79.79% de cet article \u00e0 lire. La suite est r\u00e9serv\u00e9e aux abonn\u00e9s.\" \/>\n<meta name=\"robots\" content=\"noindex, follow, max-snippet:-1, max-image-preview:large, max-video-preview:-1\" \/>\n<meta property=\"og:locale\" content=\"fr_FR\" \/>\n<meta property=\"og:type\" content=\"article\" \/>\n<meta property=\"og:title\" content=\"Derri\u00e8re les appels d\u2019offres du RN, les soup\u00e7ons de favoritisme et d\u2019amateurisme - vof-news.eu\" \/>\n<meta property=\"og:description\" content=\"Marine Le Pen tient \u00e0 le faire savoir\u00a0: elle n\u2019est pas concern\u00e9e par la nouvelle affaire qui menace le Rassemblement national (RN) au Parlement europ\u00e9en. C\u2019est, en tout cas, ce qu\u2019elle a r\u00e9pondu, jeudi 3\u00a0juillet sur RTL, quand on l\u2019interrogeait sur le rapport confidentiel d\u00e9voil\u00e9 par et ses partenaires allemand et autrichien. , a-t-elle gliss\u00e9, rejetant implicitement la responsabilit\u00e9 sur les partis alli\u00e9s du RN, qui d\u00e9tenaient ces fonctions \u00e0 l\u2019\u00e9poque des faits qui lui sont reproch\u00e9s. Le rapport, qui doit encore \u00eatre pr\u00e9sent\u00e9 \u00e0 la commission de contr\u00f4le budg\u00e9taire du Parlement europ\u00e9en, reproche \u00e0 l\u2019ancien groupe du RN dans l\u2019assembl\u00e9e, Identit\u00e9 et D\u00e9mocratie (ID), d\u2019avoir attribu\u00e9 ind\u00fbment 4,3\u00a0millions d\u2019euros depuis 2019, soit sous la forme d\u2019appels d\u2019offres vici\u00e9s, soit sous la forme de dons \u00e0 des associations, jug\u00e9s illicites par l\u2019institution. , a minimis\u00e9 Marine Le Pen, avant de r\u00e9p\u00e9ter la d\u00e9fense du groupe d\u2019extr\u00eame droite \u2013 l\u2019audit des comptes du groupe depuis cinq ans n\u2019avait r\u00e9v\u00e9l\u00e9 aucune irr\u00e9gularit\u00e9 \u2013 et de placer la bataille sur le terrain politique. Il vous reste 79.79% de cet article \u00e0 lire. La suite est r\u00e9serv\u00e9e aux abonn\u00e9s.\" \/>\n<meta property=\"og:url\" content=\"https:\/\/vof-news.eu\/fr\/derriere-les-appels-doffres-du-rn-les-soupcons-de-favoritisme-et-damateurisme\/\" \/>\n<meta property=\"og:site_name\" content=\"vof-news.eu\" \/>\n<meta property=\"article:published_time\" content=\"2025-07-03T20:32:41+00:00\" \/>\n<meta property=\"article:modified_time\" content=\"2025-07-03T20:33:13+00:00\" \/>\n<meta property=\"og:image\" content=\"https:\/\/vof-news.eu\/wp-content\/uploads\/2025\/07\/39691ce_upload-1-6pcxbvy8kz3v-000-1ky8cu.jpg\" \/>\n\t<meta property=\"og:image:width\" content=\"664\" \/>\n\t<meta property=\"og:image:height\" content=\"443\" \/>\n\t<meta property=\"og:image:type\" content=\"image\/jpeg\" \/>\n<meta name=\"author\" content=\"Author\" \/>\n<meta name=\"twitter:card\" content=\"summary_large_image\" \/>\n<meta name=\"twitter:label1\" content=\"\u00c9crit par\" \/>\n\t<meta name=\"twitter:data1\" content=\"Author\" \/>\n\t<meta name=\"twitter:label2\" content=\"Dur\u00e9e de lecture estim\u00e9e\" \/>\n\t<meta name=\"twitter:data2\" content=\"1 minute\" \/>\n<script type=\"application\/ld+json\" class=\"yoast-schema-graph\">{\"@context\":\"https:\/\/schema.org\",\"@graph\":[{\"@type\":\"WebPage\",\"@id\":\"https:\/\/vof-news.eu\/fr\/derriere-les-appels-doffres-du-rn-les-soupcons-de-favoritisme-et-damateurisme\/\",\"url\":\"https:\/\/vof-news.eu\/fr\/derriere-les-appels-doffres-du-rn-les-soupcons-de-favoritisme-et-damateurisme\/\",\"name\":\"Derri\u00e8re les appels d\u2019offres du RN, les soup\u00e7ons de favoritisme et d\u2019amateurisme - vof-news.eu\",\"isPartOf\":{\"@id\":\"https:\/\/vof-news.eu\/fr\/#website\"},\"primaryImageOfPage\":{\"@id\":\"https:\/\/vof-news.eu\/fr\/derriere-les-appels-doffres-du-rn-les-soupcons-de-favoritisme-et-damateurisme\/#primaryimage\"},\"image\":{\"@id\":\"https:\/\/vof-news.eu\/fr\/derriere-les-appels-doffres-du-rn-les-soupcons-de-favoritisme-et-damateurisme\/#primaryimage\"},\"thumbnailUrl\":\"https:\/\/vof-news.eu\/wp-content\/uploads\/2025\/07\/39691ce_upload-1-6pcxbvy8kz3v-000-1ky8cu.jpg\",\"datePublished\":\"2025-07-03T20:32:41+00:00\",\"dateModified\":\"2025-07-03T20:33:13+00:00\",\"author\":{\"@id\":\"https:\/\/vof-news.eu\/fr\/#\/schema\/person\/f6a2a4309f0561835797fd8c19b333ed\"},\"description\":\"Marine Le Pen tient \u00e0 le faire savoir\u00a0: elle n\u2019est pas concern\u00e9e par la nouvelle affaire qui menace le Rassemblement national (RN) au Parlement europ\u00e9en. C\u2019est, en tout cas, ce qu\u2019elle a r\u00e9pondu, jeudi 3\u00a0juillet sur RTL, quand on l\u2019interrogeait sur le rapport confidentiel d\u00e9voil\u00e9 par et ses partenaires allemand et autrichien. , a-t-elle gliss\u00e9, rejetant implicitement la responsabilit\u00e9 sur les partis alli\u00e9s du RN, qui d\u00e9tenaient ces fonctions \u00e0 l\u2019\u00e9poque des faits qui lui sont reproch\u00e9s. Le rapport, qui doit encore \u00eatre pr\u00e9sent\u00e9 \u00e0 la commission de contr\u00f4le budg\u00e9taire du Parlement europ\u00e9en, reproche \u00e0 l\u2019ancien groupe du RN dans l\u2019assembl\u00e9e, Identit\u00e9 et D\u00e9mocratie (ID), d\u2019avoir attribu\u00e9 ind\u00fbment 4,3\u00a0millions d\u2019euros depuis 2019, soit sous la forme d\u2019appels d\u2019offres vici\u00e9s, soit sous la forme de dons \u00e0 des associations, jug\u00e9s illicites par l\u2019institution. , a minimis\u00e9 Marine Le Pen, avant de r\u00e9p\u00e9ter la d\u00e9fense du groupe d\u2019extr\u00eame droite \u2013 l\u2019audit des comptes du groupe depuis cinq ans n\u2019avait r\u00e9v\u00e9l\u00e9 aucune irr\u00e9gularit\u00e9 \u2013 et de placer la bataille sur le terrain politique. Il vous reste 79.79% de cet article \u00e0 lire. La suite est r\u00e9serv\u00e9e aux abonn\u00e9s.\",\"breadcrumb\":{\"@id\":\"https:\/\/vof-news.eu\/fr\/derriere-les-appels-doffres-du-rn-les-soupcons-de-favoritisme-et-damateurisme\/#breadcrumb\"},\"inLanguage\":\"fr-FR\",\"potentialAction\":[{\"@type\":\"ReadAction\",\"target\":[\"https:\/\/vof-news.eu\/fr\/derriere-les-appels-doffres-du-rn-les-soupcons-de-favoritisme-et-damateurisme\/\"]}]},{\"@type\":\"ImageObject\",\"inLanguage\":\"fr-FR\",\"@id\":\"https:\/\/vof-news.eu\/fr\/derriere-les-appels-doffres-du-rn-les-soupcons-de-favoritisme-et-damateurisme\/#primaryimage\",\"url\":\"https:\/\/vof-news.eu\/wp-content\/uploads\/2025\/07\/39691ce_upload-1-6pcxbvy8kz3v-000-1ky8cu.jpg\",\"contentUrl\":\"https:\/\/vof-news.eu\/wp-content\/uploads\/2025\/07\/39691ce_upload-1-6pcxbvy8kz3v-000-1ky8cu.jpg\",\"width\":664,\"height\":443},{\"@type\":\"BreadcrumbList\",\"@id\":\"https:\/\/vof-news.eu\/fr\/derriere-les-appels-doffres-du-rn-les-soupcons-de-favoritisme-et-damateurisme\/#breadcrumb\",\"itemListElement\":[{\"@type\":\"ListItem\",\"position\":1,\"name\":\"Home\",\"item\":\"https:\/\/vof-news.eu\/fr\/\"},{\"@type\":\"ListItem\",\"position\":2,\"name\":\"Derri\u00e8re les appels d\u2019offres du RN, les soup\u00e7ons de favoritisme et d\u2019amateurisme\"}]},{\"@type\":\"WebSite\",\"@id\":\"https:\/\/vof-news.eu\/fr\/#website\",\"url\":\"https:\/\/vof-news.eu\/fr\/\",\"name\":\"vof-news.eu\",\"description\":\"\",\"potentialAction\":[{\"@type\":\"SearchAction\",\"target\":{\"@type\":\"EntryPoint\",\"urlTemplate\":\"https:\/\/vof-news.eu\/fr\/?s={search_term_string}\"},\"query-input\":\"required name=search_term_string\"}],\"inLanguage\":\"fr-FR\"},{\"@type\":\"Person\",\"@id\":\"https:\/\/vof-news.eu\/fr\/#\/schema\/person\/f6a2a4309f0561835797fd8c19b333ed\",\"name\":\"Author\",\"image\":{\"@type\":\"ImageObject\",\"inLanguage\":\"fr-FR\",\"@id\":\"https:\/\/vof-news.eu\/fr\/#\/schema\/person\/image\/\",\"url\":\"https:\/\/secure.gravatar.com\/avatar\/b67e614b1b25b3e9c0c239efdd2fde5ab015b5affd6f1c3c85911ca4b384e790?s=96&d=mm&r=g\",\"contentUrl\":\"https:\/\/secure.gravatar.com\/avatar\/b67e614b1b25b3e9c0c239efdd2fde5ab015b5affd6f1c3c85911ca4b384e790?s=96&d=mm&r=g\",\"caption\":\"Author\"},\"sameAs\":[\"http:\/\/vof-news.eu\"],\"url\":\"https:\/\/vof-news.eu\/fr\/author\/zwt6qxnjulxbnyg\/\"}]}<\/script>\n<!-- \/ Yoast SEO plugin. -->","yoast_head_json":{"title":"Derri\u00e8re les appels d\u2019offres du RN, les soup\u00e7ons de favoritisme et d\u2019amateurisme - vof-news.eu","description":"Marine Le Pen tient \u00e0 le faire savoir\u00a0: elle n\u2019est pas concern\u00e9e par la nouvelle affaire qui menace le Rassemblement national (RN) au Parlement europ\u00e9en. C\u2019est, en tout cas, ce qu\u2019elle a r\u00e9pondu, jeudi 3\u00a0juillet sur RTL, quand on l\u2019interrogeait sur le rapport confidentiel d\u00e9voil\u00e9 par et ses partenaires allemand et autrichien. , a-t-elle gliss\u00e9, rejetant implicitement la responsabilit\u00e9 sur les partis alli\u00e9s du RN, qui d\u00e9tenaient ces fonctions \u00e0 l\u2019\u00e9poque des faits qui lui sont reproch\u00e9s. Le rapport, qui doit encore \u00eatre pr\u00e9sent\u00e9 \u00e0 la commission de contr\u00f4le budg\u00e9taire du Parlement europ\u00e9en, reproche \u00e0 l\u2019ancien groupe du RN dans l\u2019assembl\u00e9e, Identit\u00e9 et D\u00e9mocratie (ID), d\u2019avoir attribu\u00e9 ind\u00fbment 4,3\u00a0millions d\u2019euros depuis 2019, soit sous la forme d\u2019appels d\u2019offres vici\u00e9s, soit sous la forme de dons \u00e0 des associations, jug\u00e9s illicites par l\u2019institution. , a minimis\u00e9 Marine Le Pen, avant de r\u00e9p\u00e9ter la d\u00e9fense du groupe d\u2019extr\u00eame droite \u2013 l\u2019audit des comptes du groupe depuis cinq ans n\u2019avait r\u00e9v\u00e9l\u00e9 aucune irr\u00e9gularit\u00e9 \u2013 et de placer la bataille sur le terrain politique. Il vous reste 79.79% de cet article \u00e0 lire. La suite est r\u00e9serv\u00e9e aux abonn\u00e9s.","robots":{"index":"noindex","follow":"follow","max-snippet":"max-snippet:-1","max-image-preview":"max-image-preview:large","max-video-preview":"max-video-preview:-1"},"og_locale":"fr_FR","og_type":"article","og_title":"Derri\u00e8re les appels d\u2019offres du RN, les soup\u00e7ons de favoritisme et d\u2019amateurisme - vof-news.eu","og_description":"Marine Le Pen tient \u00e0 le faire savoir\u00a0: elle n\u2019est pas concern\u00e9e par la nouvelle affaire qui menace le Rassemblement national (RN) au Parlement europ\u00e9en. C\u2019est, en tout cas, ce qu\u2019elle a r\u00e9pondu, jeudi 3\u00a0juillet sur RTL, quand on l\u2019interrogeait sur le rapport confidentiel d\u00e9voil\u00e9 par et ses partenaires allemand et autrichien. , a-t-elle gliss\u00e9, rejetant implicitement la responsabilit\u00e9 sur les partis alli\u00e9s du RN, qui d\u00e9tenaient ces fonctions \u00e0 l\u2019\u00e9poque des faits qui lui sont reproch\u00e9s. Le rapport, qui doit encore \u00eatre pr\u00e9sent\u00e9 \u00e0 la commission de contr\u00f4le budg\u00e9taire du Parlement europ\u00e9en, reproche \u00e0 l\u2019ancien groupe du RN dans l\u2019assembl\u00e9e, Identit\u00e9 et D\u00e9mocratie (ID), d\u2019avoir attribu\u00e9 ind\u00fbment 4,3\u00a0millions d\u2019euros depuis 2019, soit sous la forme d\u2019appels d\u2019offres vici\u00e9s, soit sous la forme de dons \u00e0 des associations, jug\u00e9s illicites par l\u2019institution. , a minimis\u00e9 Marine Le Pen, avant de r\u00e9p\u00e9ter la d\u00e9fense du groupe d\u2019extr\u00eame droite \u2013 l\u2019audit des comptes du groupe depuis cinq ans n\u2019avait r\u00e9v\u00e9l\u00e9 aucune irr\u00e9gularit\u00e9 \u2013 et de placer la bataille sur le terrain politique. Il vous reste 79.79% de cet article \u00e0 lire. La suite est r\u00e9serv\u00e9e aux abonn\u00e9s.","og_url":"https:\/\/vof-news.eu\/fr\/derriere-les-appels-doffres-du-rn-les-soupcons-de-favoritisme-et-damateurisme\/","og_site_name":"vof-news.eu","article_published_time":"2025-07-03T20:32:41+00:00","article_modified_time":"2025-07-03T20:33:13+00:00","og_image":[{"width":664,"height":443,"url":"https:\/\/vof-news.eu\/wp-content\/uploads\/2025\/07\/39691ce_upload-1-6pcxbvy8kz3v-000-1ky8cu.jpg","type":"image\/jpeg"}],"author":"Author","twitter_card":"summary_large_image","twitter_misc":{"\u00c9crit par":"Author","Dur\u00e9e de lecture estim\u00e9e":"1 minute"},"schema":{"@context":"https:\/\/schema.org","@graph":[{"@type":"WebPage","@id":"https:\/\/vof-news.eu\/fr\/derriere-les-appels-doffres-du-rn-les-soupcons-de-favoritisme-et-damateurisme\/","url":"https:\/\/vof-news.eu\/fr\/derriere-les-appels-doffres-du-rn-les-soupcons-de-favoritisme-et-damateurisme\/","name":"Derri\u00e8re les appels d\u2019offres du RN, les soup\u00e7ons de favoritisme et d\u2019amateurisme - vof-news.eu","isPartOf":{"@id":"https:\/\/vof-news.eu\/fr\/#website"},"primaryImageOfPage":{"@id":"https:\/\/vof-news.eu\/fr\/derriere-les-appels-doffres-du-rn-les-soupcons-de-favoritisme-et-damateurisme\/#primaryimage"},"image":{"@id":"https:\/\/vof-news.eu\/fr\/derriere-les-appels-doffres-du-rn-les-soupcons-de-favoritisme-et-damateurisme\/#primaryimage"},"thumbnailUrl":"https:\/\/vof-news.eu\/wp-content\/uploads\/2025\/07\/39691ce_upload-1-6pcxbvy8kz3v-000-1ky8cu.jpg","datePublished":"2025-07-03T20:32:41+00:00","dateModified":"2025-07-03T20:33:13+00:00","author":{"@id":"https:\/\/vof-news.eu\/fr\/#\/schema\/person\/f6a2a4309f0561835797fd8c19b333ed"},"description":"Marine Le Pen tient \u00e0 le faire savoir\u00a0: elle n\u2019est pas concern\u00e9e par la nouvelle affaire qui menace le Rassemblement national (RN) au Parlement europ\u00e9en. C\u2019est, en tout cas, ce qu\u2019elle a r\u00e9pondu, jeudi 3\u00a0juillet sur RTL, quand on l\u2019interrogeait sur le rapport confidentiel d\u00e9voil\u00e9 par et ses partenaires allemand et autrichien. , a-t-elle gliss\u00e9, rejetant implicitement la responsabilit\u00e9 sur les partis alli\u00e9s du RN, qui d\u00e9tenaient ces fonctions \u00e0 l\u2019\u00e9poque des faits qui lui sont reproch\u00e9s. Le rapport, qui doit encore \u00eatre pr\u00e9sent\u00e9 \u00e0 la commission de contr\u00f4le budg\u00e9taire du Parlement europ\u00e9en, reproche \u00e0 l\u2019ancien groupe du RN dans l\u2019assembl\u00e9e, Identit\u00e9 et D\u00e9mocratie (ID), d\u2019avoir attribu\u00e9 ind\u00fbment 4,3\u00a0millions d\u2019euros depuis 2019, soit sous la forme d\u2019appels d\u2019offres vici\u00e9s, soit sous la forme de dons \u00e0 des associations, jug\u00e9s illicites par l\u2019institution. , a minimis\u00e9 Marine Le Pen, avant de r\u00e9p\u00e9ter la d\u00e9fense du groupe d\u2019extr\u00eame droite \u2013 l\u2019audit des comptes du groupe depuis cinq ans n\u2019avait r\u00e9v\u00e9l\u00e9 aucune irr\u00e9gularit\u00e9 \u2013 et de placer la bataille sur le terrain politique. Il vous reste 79.79% de cet article \u00e0 lire. La suite est r\u00e9serv\u00e9e aux abonn\u00e9s.","breadcrumb":{"@id":"https:\/\/vof-news.eu\/fr\/derriere-les-appels-doffres-du-rn-les-soupcons-de-favoritisme-et-damateurisme\/#breadcrumb"},"inLanguage":"fr-FR","potentialAction":[{"@type":"ReadAction","target":["https:\/\/vof-news.eu\/fr\/derriere-les-appels-doffres-du-rn-les-soupcons-de-favoritisme-et-damateurisme\/"]}]},{"@type":"ImageObject","inLanguage":"fr-FR","@id":"https:\/\/vof-news.eu\/fr\/derriere-les-appels-doffres-du-rn-les-soupcons-de-favoritisme-et-damateurisme\/#primaryimage","url":"https:\/\/vof-news.eu\/wp-content\/uploads\/2025\/07\/39691ce_upload-1-6pcxbvy8kz3v-000-1ky8cu.jpg","contentUrl":"https:\/\/vof-news.eu\/wp-content\/uploads\/2025\/07\/39691ce_upload-1-6pcxbvy8kz3v-000-1ky8cu.jpg","width":664,"height":443},{"@type":"BreadcrumbList","@id":"https:\/\/vof-news.eu\/fr\/derriere-les-appels-doffres-du-rn-les-soupcons-de-favoritisme-et-damateurisme\/#breadcrumb","itemListElement":[{"@type":"ListItem","position":1,"name":"Home","item":"https:\/\/vof-news.eu\/fr\/"},{"@type":"ListItem","position":2,"name":"Derri\u00e8re les appels d\u2019offres du RN, les soup\u00e7ons de favoritisme et d\u2019amateurisme"}]},{"@type":"WebSite","@id":"https:\/\/vof-news.eu\/fr\/#website","url":"https:\/\/vof-news.eu\/fr\/","name":"vof-news.eu","description":"","potentialAction":[{"@type":"SearchAction","target":{"@type":"EntryPoint","urlTemplate":"https:\/\/vof-news.eu\/fr\/?s={search_term_string}"},"query-input":"required name=search_term_string"}],"inLanguage":"fr-FR"},{"@type":"Person","@id":"https:\/\/vof-news.eu\/fr\/#\/schema\/person\/f6a2a4309f0561835797fd8c19b333ed","name":"Author","image":{"@type":"ImageObject","inLanguage":"fr-FR","@id":"https:\/\/vof-news.eu\/fr\/#\/schema\/person\/image\/","url":"https:\/\/secure.gravatar.com\/avatar\/b67e614b1b25b3e9c0c239efdd2fde5ab015b5affd6f1c3c85911ca4b384e790?s=96&d=mm&r=g","contentUrl":"https:\/\/secure.gravatar.com\/avatar\/b67e614b1b25b3e9c0c239efdd2fde5ab015b5affd6f1c3c85911ca4b384e790?s=96&d=mm&r=g","caption":"Author"},"sameAs":["http:\/\/vof-news.eu"],"url":"https:\/\/vof-news.eu\/fr\/author\/zwt6qxnjulxbnyg\/"}]}},"yoast_meta":{"yoast_wpseo_title":"","yoast_wpseo_metadesc":"","yoast_wpseo_canonical":""},"_links":{"self":[{"href":"https:\/\/vof-news.eu\/fr\/wp-json\/wp\/v2\/posts\/246605","targetHints":{"allow":["GET"]}}],"collection":[{"href":"https:\/\/vof-news.eu\/fr\/wp-json\/wp\/v2\/posts"}],"about":[{"href":"https:\/\/vof-news.eu\/fr\/wp-json\/wp\/v2\/types\/post"}],"author":[{"embeddable":true,"href":"https:\/\/vof-news.eu\/fr\/wp-json\/wp\/v2\/users\/1"}],"replies":[{"embeddable":true,"href":"https:\/\/vof-news.eu\/fr\/wp-json\/wp\/v2\/comments?post=246605"}],"version-history":[{"count":1,"href":"https:\/\/vof-news.eu\/fr\/wp-json\/wp\/v2\/posts\/246605\/revisions"}],"predecessor-version":[{"id":246612,"href":"https:\/\/vof-news.eu\/fr\/wp-json\/wp\/v2\/posts\/246605\/revisions\/246612"}],"wp:featuredmedia":[{"embeddable":true,"href":"https:\/\/vof-news.eu\/fr\/wp-json\/wp\/v2\/media\/246606"}],"wp:attachment":[{"href":"https:\/\/vof-news.eu\/fr\/wp-json\/wp\/v2\/media?parent=246605"}],"wp:term":[{"taxonomy":"category","embeddable":true,"href":"https:\/\/vof-news.eu\/fr\/wp-json\/wp\/v2\/categories?post=246605"},{"taxonomy":"post_tag","embeddable":true,"href":"https:\/\/vof-news.eu\/fr\/wp-json\/wp\/v2\/tags?post=246605"}],"curies":[{"name":"wp","href":"https:\/\/api.w.org\/{rel}","templated":true}]}}