{"id":246597,"date":"2025-07-03T23:31:43","date_gmt":"2025-07-03T20:31:43","guid":{"rendered":"https:\/\/vof-news.eu\/emmanuel-macron-appelle-le-gouvernement-a-discipliner-la-parole-apres-une-querelle-sur-les-energies-renouvelables\/"},"modified":"2025-07-03T23:32:08","modified_gmt":"2025-07-03T20:32:08","slug":"emmanuel-macron-appelle-le-gouvernement-a-discipliner-la-parole-apres-une-querelle-sur-les-energies-renouvelables","status":"publish","type":"post","link":"https:\/\/vof-news.eu\/fr\/emmanuel-macron-appelle-le-gouvernement-a-discipliner-la-parole-apres-une-querelle-sur-les-energies-renouvelables\/","title":{"rendered":"Emmanuel Macron\u00a0appelle le gouvernement \u00e0 \u00ab\u00a0discipliner la parole\u00a0\u00bb apr\u00e8s une querelle sur les \u00e9nergies renouvelables"},"content":{"rendered":"<article>\n<p>La passe d\u2019armes entre ministres est all\u00e9e jusqu\u2019au sommet de l\u2019ex\u00e9cutif\u00a0: Emmanuel Macron a recadr\u00e9 son premier ministre, Fran\u00e7ois Bayrou, et a appel\u00e9 le gouvernement \u00e0 , jeudi 3\u00a0juillet,apr\u00e8s des querelles publiques sur les \u00e9nergies renouvelables, sur fond d\u2019ambitions pr\u00e9sidentielles et d\u2019affaiblissement du chef du gouvernement.<\/p>\n<p>Le premier ministre  et les ministres , a d\u00e9clar\u00e9 le pr\u00e9sident de la R\u00e9publique en marge d\u2019un d\u00e9placement dans l\u2019Aveyron. Evoquant la pr\u00e9sidentielle, M.\u00a0Macron a assur\u00e9 qu\u2019il y aurait , mais estime que  et .<\/p>\n<p>Chose rare, Fran\u00e7ois Bayrou s\u2019exprimait en m\u00eame temps qu\u2019Emmanuel Macron, sur BFM-TV, et a dans un premier temps appel\u00e9 ses ministres \u00e0 cultiver  pour s\u2019exprimer . Puis interrog\u00e9 sur ce recadrage en direct du chef de l\u2019Etat, il a expliqu\u00e9 avoir  qu\u2019on ne peut pas mener , et d\u00e9nonc\u00e9 . Mais [lui], a-t-il assur\u00e9, en d\u00e9mentant toute pagaille, puisque le sujet des \u00e9nergies renouvelables .<\/p>\n<section>   <\/section>\n<h2>Ambitions pr\u00e9sidentielles de Gabriel Attal, Edouard Philippe et Bruno Retailleau<\/h2>\n<p>Pourtant, juste avant de se rendre \u00e0 Matignon mercredi soir pour un ap\u00e9ritif destin\u00e9 justement \u00e0 aplanir les dissensions au sein du socle commun gouvernemental, le patron du parti pr\u00e9sidentiel Renaissance, Gabriel Attal, a critiqu\u00e9 sur X Bruno Retailleau. Le ministre de l\u2019int\u00e9rieur, et nouveau pr\u00e9sident du parti Les R\u00e9publicains (LR), venait <a href=\"https:\/\/www.lefigaro.fr\/vox\/economie\/rebatir-un-parc-nucleaire-et-stopper-le-financement-des-renouvelables-notre-plan-pour-l-energie-20250702\" rel=\"nofollow\">dans une tribune publi\u00e9e dans <\/a> et cosign\u00e9e avec Fran\u00e7ois-Xavier Bellamy et Julien Aubert\u00a0de demander l\u2019arr\u00eat des  pour l\u2019\u00e9olien et le photovolta\u00efque.<\/p>\n<section>   <\/section>\n<p>Un  (\u2026), a lanc\u00e9 l\u2019ancien premier ministre et chef de file des d\u00e9put\u00e9s du camp pr\u00e9sidentiel. , a tonn\u00e9 un peu plus tard la ministre (Renaissance) de la transition \u00e9cologique, Agn\u00e8s Pannier-Runacher, en accusant son coll\u00e8gue de vouloir  et en interrogeant son .<\/p>\n<p>Aupr\u00e8s des producteurs de roquefort, le chef de l\u2019Etat s\u2019est rang\u00e9 aux c\u00f4t\u00e9s des responsables de son camp. , a-t-il lanc\u00e9, en appelant \u00e0  et des caricatures. Bruno Retailleau s\u2019est justifi\u00e9 en marge d\u2019un d\u00e9placement \u00e0 Libourne, en Gironde, en expliquant \u00eatre entr\u00e9 au gouvernement  mais en restant fid\u00e8le \u00e0 ses id\u00e9es.<\/p>\n<p>Les relations entre chefs de partis du socle commun se tendent d\u2019autant plus que trois d\u2019entre eux, Gabriel Attal (Renaissance), Edouard Philippe (Horizons) et Bruno Retailleau (Les R\u00e9publicains), aspirent \u00e0 se pr\u00e9senter \u00e0 la pr\u00e9sidentielle et cherchent \u00e0 se d\u00e9marquer.<\/p>\n<section>   <\/section>\n<h2>Fran\u00e7ois Bayrou affaibli<\/h2>\n<p>L\u2019\u00e9quation est encore compliqu\u00e9e par le fait que M. Retailleau est \u00e0 la fois un poids lourd du gouvernement et le pr\u00e9sident de LR. Et, \u00e0 ce titre, il est susceptible de s\u2019exprimer sur les dossiers de ses coll\u00e8gues. Les divergences s\u2019\u00e9talent aussi parce que le premier ministre, Fran\u00e7ois Bayrou, semble affaibli.<\/p>\n<section>  <a href=\"https:\/\/www.lemonde.fr\/newsletters\/politique\/\" rel=\"nofollow\">    <\/a> <\/section>\n<p>Il est non seulement toujours priv\u00e9 de majorit\u00e9 \u00e0 l\u2019Assembl\u00e9e mais ne b\u00e9n\u00e9ficie plus de la neutralit\u00e9 des socialistes depuis l\u2019\u00e9chec du \u00ab\u00a0conclave\u00a0\u00bb sur les retraites\u00a0; il entre dans une zone d\u00e9licate avec la pr\u00e9paration du projet de budget 2026, dont il d\u00e9voilera les grandes lignes le 15\u00a0juillet.<\/p>\n<p>Il aura l\u2019occasion de s\u2019en expliquer mercredi midi, quand il recevra les parlementaires de sa coalition pour la fin de session.<\/p>\n<p>Le projet de Fran\u00e7ois Bayrou d\u2019instaurer un mode de scrutin proportionnel aux l\u00e9gislatives est un autre sujet de tensions. La droite y est vivement oppos\u00e9e. Et seul le MoDem au sein du camp pr\u00e9sidentiel y est franchement favorable.<\/p>\n<section>   <\/section>\n<section>\n<p> <span>Le Monde avec AFP<\/span> <\/p>\n<\/section>\n<section>\n<section>\n<header>   <\/header>\n<section>\n<section> <a href=\"https:\/\/abo.lemonde.fr\/?lmd_medium=BOUTONS_LMFR&amp;lmd_campaign=CONTRIBUTION_ARTICLE\" rel=\"nofollow\">S\u2019abonner<\/a> <\/section>\n<\/section>\n<section><\/section>\n<\/section>\n<p>Contribuer<\/p>\n<p> <a href=\"https:\/\/www.lemonde.fr\/syndication\/\" rel=\"nofollow\">R\u00e9utiliser ce contenu<\/a> <\/section>\n<\/article>\n","protected":false},"excerpt":{"rendered":"<p>La passe d\u2019armes entre ministres est all\u00e9e jusqu\u2019au sommet de l\u2019ex\u00e9cutif\u00a0: Emmanuel Macron a recadr\u00e9 son premier ministre, Fran\u00e7ois Bayrou, et a appel\u00e9 le gouvernement \u00e0 , jeudi 3\u00a0juillet,apr\u00e8s des querelles publiques sur les \u00e9nergies renouvelables, sur fond d\u2019ambitions pr\u00e9sidentielles et d\u2019affaiblissement du chef du gouvernement. Le premier ministre et les ministres , a d\u00e9clar\u00e9<\/p>\n","protected":false},"author":1,"featured_media":246598,"comment_status":"open","ping_status":"open","sticky":false,"template":"","format":"standard","meta":{"footnotes":""},"categories":[68],"tags":[],"class_list":["post-246597","post","type-post","status-publish","format-standard","has-post-thumbnail","hentry","category-politics-fr"],"acf":[],"yoast_head":"<!-- This site is optimized with the Yoast SEO plugin v22.9 - https:\/\/yoast.com\/wordpress\/plugins\/seo\/ -->\n<title>Emmanuel Macron\u00a0appelle le gouvernement \u00e0 \u00ab\u00a0discipliner la parole\u00a0\u00bb apr\u00e8s une querelle sur les \u00e9nergies renouvelables - vof-news.eu<\/title>\n<meta name=\"description\" content=\"La passe d\u2019armes entre ministres est all\u00e9e jusqu\u2019au sommet de l\u2019ex\u00e9cutif\u00a0: Emmanuel Macron a recadr\u00e9 son premier ministre, Fran\u00e7ois Bayrou, et a appel\u00e9 le gouvernement \u00e0 , jeudi 3\u00a0juillet,apr\u00e8s des querelles publiques sur les \u00e9nergies renouvelables, sur fond d\u2019ambitions pr\u00e9sidentielles et d\u2019affaiblissement du chef du gouvernement. Le premier ministre et les ministres , a d\u00e9clar\u00e9 le pr\u00e9sident de la R\u00e9publique en marge d\u2019un d\u00e9placement dans l\u2019Aveyron. Evoquant la pr\u00e9sidentielle, M.\u00a0Macron a assur\u00e9 qu\u2019il y aurait , mais estime que et . Chose rare, Fran\u00e7ois Bayrou s\u2019exprimait en m\u00eame temps qu\u2019Emmanuel Macron, sur BFM-TV, et a dans un premier temps appel\u00e9 ses ministres \u00e0 cultiver pour s\u2019exprimer . Puis interrog\u00e9 sur ce recadrage en direct du chef de l\u2019Etat, il a expliqu\u00e9 avoir qu\u2019on ne peut pas mener , et d\u00e9nonc\u00e9 . Mais [lui], a-t-il assur\u00e9, en d\u00e9mentant toute pagaille, puisque le sujet des \u00e9nergies renouvelables .   Ambitions pr\u00e9sidentielles de Gabriel Attal, Edouard Philippe et Bruno Retailleau Pourtant, juste avant de se rendre \u00e0 Matignon mercredi soir pour un ap\u00e9ritif destin\u00e9 justement \u00e0 aplanir les dissensions au sein du socle commun gouvernemental, le patron du parti pr\u00e9sidentiel Renaissance, Gabriel Attal, a critiqu\u00e9 sur X Bruno Retailleau. Le ministre de l\u2019int\u00e9rieur, et nouveau pr\u00e9sident du parti Les R\u00e9publicains (LR), venait dans une tribune publi\u00e9e dans et cosign\u00e9e avec Fran\u00e7ois-Xavier Bellamy et Julien Aubert\u00a0de demander l\u2019arr\u00eat des pour l\u2019\u00e9olien et le photovolta\u00efque.   Un (\u2026), a lanc\u00e9 l\u2019ancien premier ministre et chef de file des d\u00e9put\u00e9s du camp pr\u00e9sidentiel. , a tonn\u00e9 un peu plus tard la ministre (Renaissance) de la transition \u00e9cologique, Agn\u00e8s Pannier-Runacher, en accusant son coll\u00e8gue de vouloir et en interrogeant son . Aupr\u00e8s des producteurs de roquefort, le chef de l\u2019Etat s\u2019est rang\u00e9 aux c\u00f4t\u00e9s des responsables de son camp. , a-t-il lanc\u00e9, en appelant \u00e0 et des caricatures. Bruno Retailleau s\u2019est justifi\u00e9 en marge d\u2019un d\u00e9placement \u00e0 Libourne, en Gironde, en expliquant \u00eatre entr\u00e9 au gouvernement mais en restant fid\u00e8le \u00e0 ses id\u00e9es. Les relations entre chefs de partis du socle commun se tendent d\u2019autant plus que trois d\u2019entre eux, Gabriel Attal (Renaissance), Edouard Philippe (Horizons) et Bruno Retailleau (Les R\u00e9publicains), aspirent \u00e0 se pr\u00e9senter \u00e0 la pr\u00e9sidentielle et cherchent \u00e0 se d\u00e9marquer.   Fran\u00e7ois Bayrou affaibli L\u2019\u00e9quation est encore compliqu\u00e9e par le fait que M. Retailleau est \u00e0 la fois un poids lourd du gouvernement et le pr\u00e9sident de LR. Et, \u00e0 ce titre, il est susceptible de s\u2019exprimer sur les dossiers de ses coll\u00e8gues. Les divergences s\u2019\u00e9talent aussi parce que le premier ministre, Fran\u00e7ois Bayrou, semble affaibli.     Il est non seulement toujours priv\u00e9 de majorit\u00e9 \u00e0 l\u2019Assembl\u00e9e mais ne b\u00e9n\u00e9ficie plus de la neutralit\u00e9 des socialistes depuis l\u2019\u00e9chec du \u00ab\u00a0conclave\u00a0\u00bb sur les retraites\u00a0; il entre dans une zone d\u00e9licate avec la pr\u00e9paration du projet de budget 2026, dont il d\u00e9voilera les grandes lignes le 15\u00a0juillet. Il aura l\u2019occasion de s\u2019en expliquer mercredi midi, quand il recevra les parlementaires de sa coalition pour la fin de session. Le projet de Fran\u00e7ois Bayrou d\u2019instaurer un mode de scrutin proportionnel aux l\u00e9gislatives est un autre sujet de tensions. La droite y est vivement oppos\u00e9e. Et seul le MoDem au sein du camp pr\u00e9sidentiel y est franchement favorable.    Le Monde avec AFP      S\u2019abonner   Contribuer R\u00e9utiliser ce contenu\" \/>\n<meta name=\"robots\" content=\"noindex, follow, max-snippet:-1, max-image-preview:large, max-video-preview:-1\" \/>\n<meta property=\"og:locale\" content=\"fr_FR\" \/>\n<meta property=\"og:type\" content=\"article\" \/>\n<meta property=\"og:title\" content=\"Emmanuel Macron\u00a0appelle le gouvernement \u00e0 \u00ab\u00a0discipliner la parole\u00a0\u00bb apr\u00e8s une querelle sur les \u00e9nergies renouvelables - vof-news.eu\" \/>\n<meta property=\"og:description\" content=\"La passe d\u2019armes entre ministres est all\u00e9e jusqu\u2019au sommet de l\u2019ex\u00e9cutif\u00a0: Emmanuel Macron a recadr\u00e9 son premier ministre, Fran\u00e7ois Bayrou, et a appel\u00e9 le gouvernement \u00e0 , jeudi 3\u00a0juillet,apr\u00e8s des querelles publiques sur les \u00e9nergies renouvelables, sur fond d\u2019ambitions pr\u00e9sidentielles et d\u2019affaiblissement du chef du gouvernement. Le premier ministre et les ministres , a d\u00e9clar\u00e9 le pr\u00e9sident de la R\u00e9publique en marge d\u2019un d\u00e9placement dans l\u2019Aveyron. Evoquant la pr\u00e9sidentielle, M.\u00a0Macron a assur\u00e9 qu\u2019il y aurait , mais estime que et . Chose rare, Fran\u00e7ois Bayrou s\u2019exprimait en m\u00eame temps qu\u2019Emmanuel Macron, sur BFM-TV, et a dans un premier temps appel\u00e9 ses ministres \u00e0 cultiver pour s\u2019exprimer . Puis interrog\u00e9 sur ce recadrage en direct du chef de l\u2019Etat, il a expliqu\u00e9 avoir qu\u2019on ne peut pas mener , et d\u00e9nonc\u00e9 . Mais [lui], a-t-il assur\u00e9, en d\u00e9mentant toute pagaille, puisque le sujet des \u00e9nergies renouvelables .   Ambitions pr\u00e9sidentielles de Gabriel Attal, Edouard Philippe et Bruno Retailleau Pourtant, juste avant de se rendre \u00e0 Matignon mercredi soir pour un ap\u00e9ritif destin\u00e9 justement \u00e0 aplanir les dissensions au sein du socle commun gouvernemental, le patron du parti pr\u00e9sidentiel Renaissance, Gabriel Attal, a critiqu\u00e9 sur X Bruno Retailleau. Le ministre de l\u2019int\u00e9rieur, et nouveau pr\u00e9sident du parti Les R\u00e9publicains (LR), venait dans une tribune publi\u00e9e dans et cosign\u00e9e avec Fran\u00e7ois-Xavier Bellamy et Julien Aubert\u00a0de demander l\u2019arr\u00eat des pour l\u2019\u00e9olien et le photovolta\u00efque.   Un (\u2026), a lanc\u00e9 l\u2019ancien premier ministre et chef de file des d\u00e9put\u00e9s du camp pr\u00e9sidentiel. , a tonn\u00e9 un peu plus tard la ministre (Renaissance) de la transition \u00e9cologique, Agn\u00e8s Pannier-Runacher, en accusant son coll\u00e8gue de vouloir et en interrogeant son . Aupr\u00e8s des producteurs de roquefort, le chef de l\u2019Etat s\u2019est rang\u00e9 aux c\u00f4t\u00e9s des responsables de son camp. , a-t-il lanc\u00e9, en appelant \u00e0 et des caricatures. Bruno Retailleau s\u2019est justifi\u00e9 en marge d\u2019un d\u00e9placement \u00e0 Libourne, en Gironde, en expliquant \u00eatre entr\u00e9 au gouvernement mais en restant fid\u00e8le \u00e0 ses id\u00e9es. Les relations entre chefs de partis du socle commun se tendent d\u2019autant plus que trois d\u2019entre eux, Gabriel Attal (Renaissance), Edouard Philippe (Horizons) et Bruno Retailleau (Les R\u00e9publicains), aspirent \u00e0 se pr\u00e9senter \u00e0 la pr\u00e9sidentielle et cherchent \u00e0 se d\u00e9marquer.   Fran\u00e7ois Bayrou affaibli L\u2019\u00e9quation est encore compliqu\u00e9e par le fait que M. Retailleau est \u00e0 la fois un poids lourd du gouvernement et le pr\u00e9sident de LR. Et, \u00e0 ce titre, il est susceptible de s\u2019exprimer sur les dossiers de ses coll\u00e8gues. Les divergences s\u2019\u00e9talent aussi parce que le premier ministre, Fran\u00e7ois Bayrou, semble affaibli.     Il est non seulement toujours priv\u00e9 de majorit\u00e9 \u00e0 l\u2019Assembl\u00e9e mais ne b\u00e9n\u00e9ficie plus de la neutralit\u00e9 des socialistes depuis l\u2019\u00e9chec du \u00ab\u00a0conclave\u00a0\u00bb sur les retraites\u00a0; il entre dans une zone d\u00e9licate avec la pr\u00e9paration du projet de budget 2026, dont il d\u00e9voilera les grandes lignes le 15\u00a0juillet. Il aura l\u2019occasion de s\u2019en expliquer mercredi midi, quand il recevra les parlementaires de sa coalition pour la fin de session. Le projet de Fran\u00e7ois Bayrou d\u2019instaurer un mode de scrutin proportionnel aux l\u00e9gislatives est un autre sujet de tensions. La droite y est vivement oppos\u00e9e. Et seul le MoDem au sein du camp pr\u00e9sidentiel y est franchement favorable.    Le Monde avec AFP      S\u2019abonner   Contribuer R\u00e9utiliser ce contenu\" \/>\n<meta property=\"og:url\" content=\"https:\/\/vof-news.eu\/fr\/emmanuel-macron-appelle-le-gouvernement-a-discipliner-la-parole-apres-une-querelle-sur-les-energies-renouvelables\/\" \/>\n<meta property=\"og:site_name\" content=\"vof-news.eu\" \/>\n<meta property=\"article:published_time\" content=\"2025-07-03T20:31:43+00:00\" \/>\n<meta property=\"article:modified_time\" content=\"2025-07-03T20:32:08+00:00\" \/>\n<meta property=\"og:image\" content=\"https:\/\/vof-news.eu\/wp-content\/uploads\/2025\/07\/45bbf43_upload-1-xqvx74pu7hh2-928641.jpg\" \/>\n\t<meta property=\"og:image:width\" content=\"664\" \/>\n\t<meta property=\"og:image:height\" content=\"443\" \/>\n\t<meta property=\"og:image:type\" content=\"image\/jpeg\" \/>\n<meta name=\"author\" content=\"Author\" \/>\n<meta name=\"twitter:card\" content=\"summary_large_image\" \/>\n<meta name=\"twitter:label1\" content=\"\u00c9crit par\" \/>\n\t<meta name=\"twitter:data1\" content=\"Author\" \/>\n\t<meta name=\"twitter:label2\" content=\"Dur\u00e9e de lecture estim\u00e9e\" \/>\n\t<meta name=\"twitter:data2\" content=\"3 minutes\" \/>\n<script type=\"application\/ld+json\" class=\"yoast-schema-graph\">{\"@context\":\"https:\/\/schema.org\",\"@graph\":[{\"@type\":\"WebPage\",\"@id\":\"https:\/\/vof-news.eu\/fr\/emmanuel-macron-appelle-le-gouvernement-a-discipliner-la-parole-apres-une-querelle-sur-les-energies-renouvelables\/\",\"url\":\"https:\/\/vof-news.eu\/fr\/emmanuel-macron-appelle-le-gouvernement-a-discipliner-la-parole-apres-une-querelle-sur-les-energies-renouvelables\/\",\"name\":\"Emmanuel Macron\u00a0appelle le gouvernement \u00e0 \u00ab\u00a0discipliner la parole\u00a0\u00bb apr\u00e8s une querelle sur les \u00e9nergies renouvelables - vof-news.eu\",\"isPartOf\":{\"@id\":\"https:\/\/vof-news.eu\/fr\/#website\"},\"primaryImageOfPage\":{\"@id\":\"https:\/\/vof-news.eu\/fr\/emmanuel-macron-appelle-le-gouvernement-a-discipliner-la-parole-apres-une-querelle-sur-les-energies-renouvelables\/#primaryimage\"},\"image\":{\"@id\":\"https:\/\/vof-news.eu\/fr\/emmanuel-macron-appelle-le-gouvernement-a-discipliner-la-parole-apres-une-querelle-sur-les-energies-renouvelables\/#primaryimage\"},\"thumbnailUrl\":\"https:\/\/vof-news.eu\/wp-content\/uploads\/2025\/07\/45bbf43_upload-1-xqvx74pu7hh2-928641.jpg\",\"datePublished\":\"2025-07-03T20:31:43+00:00\",\"dateModified\":\"2025-07-03T20:32:08+00:00\",\"author\":{\"@id\":\"https:\/\/vof-news.eu\/fr\/#\/schema\/person\/f6a2a4309f0561835797fd8c19b333ed\"},\"description\":\"La passe d\u2019armes entre ministres est all\u00e9e jusqu\u2019au sommet de l\u2019ex\u00e9cutif\u00a0: Emmanuel Macron a recadr\u00e9 son premier ministre, Fran\u00e7ois Bayrou, et a appel\u00e9 le gouvernement \u00e0 , jeudi 3\u00a0juillet,apr\u00e8s des querelles publiques sur les \u00e9nergies renouvelables, sur fond d\u2019ambitions pr\u00e9sidentielles et d\u2019affaiblissement du chef du gouvernement. Le premier ministre et les ministres , a d\u00e9clar\u00e9 le pr\u00e9sident de la R\u00e9publique en marge d\u2019un d\u00e9placement dans l\u2019Aveyron. Evoquant la pr\u00e9sidentielle, M.\u00a0Macron a assur\u00e9 qu\u2019il y aurait , mais estime que et . Chose rare, Fran\u00e7ois Bayrou s\u2019exprimait en m\u00eame temps qu\u2019Emmanuel Macron, sur BFM-TV, et a dans un premier temps appel\u00e9 ses ministres \u00e0 cultiver pour s\u2019exprimer . Puis interrog\u00e9 sur ce recadrage en direct du chef de l\u2019Etat, il a expliqu\u00e9 avoir qu\u2019on ne peut pas mener , et d\u00e9nonc\u00e9 . Mais [lui], a-t-il assur\u00e9, en d\u00e9mentant toute pagaille, puisque le sujet des \u00e9nergies renouvelables . Ambitions pr\u00e9sidentielles de Gabriel Attal, Edouard Philippe et Bruno Retailleau Pourtant, juste avant de se rendre \u00e0 Matignon mercredi soir pour un ap\u00e9ritif destin\u00e9 justement \u00e0 aplanir les dissensions au sein du socle commun gouvernemental, le patron du parti pr\u00e9sidentiel Renaissance, Gabriel Attal, a critiqu\u00e9 sur X Bruno Retailleau. Le ministre de l\u2019int\u00e9rieur, et nouveau pr\u00e9sident du parti Les R\u00e9publicains (LR), venait dans une tribune publi\u00e9e dans et cosign\u00e9e avec Fran\u00e7ois-Xavier Bellamy et Julien Aubert\u00a0de demander l\u2019arr\u00eat des pour l\u2019\u00e9olien et le photovolta\u00efque. Un (\u2026), a lanc\u00e9 l\u2019ancien premier ministre et chef de file des d\u00e9put\u00e9s du camp pr\u00e9sidentiel. , a tonn\u00e9 un peu plus tard la ministre (Renaissance) de la transition \u00e9cologique, Agn\u00e8s Pannier-Runacher, en accusant son coll\u00e8gue de vouloir et en interrogeant son . Aupr\u00e8s des producteurs de roquefort, le chef de l\u2019Etat s\u2019est rang\u00e9 aux c\u00f4t\u00e9s des responsables de son camp. , a-t-il lanc\u00e9, en appelant \u00e0 et des caricatures. Bruno Retailleau s\u2019est justifi\u00e9 en marge d\u2019un d\u00e9placement \u00e0 Libourne, en Gironde, en expliquant \u00eatre entr\u00e9 au gouvernement mais en restant fid\u00e8le \u00e0 ses id\u00e9es. Les relations entre chefs de partis du socle commun se tendent d\u2019autant plus que trois d\u2019entre eux, Gabriel Attal (Renaissance), Edouard Philippe (Horizons) et Bruno Retailleau (Les R\u00e9publicains), aspirent \u00e0 se pr\u00e9senter \u00e0 la pr\u00e9sidentielle et cherchent \u00e0 se d\u00e9marquer. Fran\u00e7ois Bayrou affaibli L\u2019\u00e9quation est encore compliqu\u00e9e par le fait que M. Retailleau est \u00e0 la fois un poids lourd du gouvernement et le pr\u00e9sident de LR. Et, \u00e0 ce titre, il est susceptible de s\u2019exprimer sur les dossiers de ses coll\u00e8gues. Les divergences s\u2019\u00e9talent aussi parce que le premier ministre, Fran\u00e7ois Bayrou, semble affaibli. Il est non seulement toujours priv\u00e9 de majorit\u00e9 \u00e0 l\u2019Assembl\u00e9e mais ne b\u00e9n\u00e9ficie plus de la neutralit\u00e9 des socialistes depuis l\u2019\u00e9chec du \u00ab\u00a0conclave\u00a0\u00bb sur les retraites\u00a0; il entre dans une zone d\u00e9licate avec la pr\u00e9paration du projet de budget 2026, dont il d\u00e9voilera les grandes lignes le 15\u00a0juillet. Il aura l\u2019occasion de s\u2019en expliquer mercredi midi, quand il recevra les parlementaires de sa coalition pour la fin de session. Le projet de Fran\u00e7ois Bayrou d\u2019instaurer un mode de scrutin proportionnel aux l\u00e9gislatives est un autre sujet de tensions. La droite y est vivement oppos\u00e9e. Et seul le MoDem au sein du camp pr\u00e9sidentiel y est franchement favorable. Le Monde avec AFP S\u2019abonner Contribuer R\u00e9utiliser ce contenu\",\"breadcrumb\":{\"@id\":\"https:\/\/vof-news.eu\/fr\/emmanuel-macron-appelle-le-gouvernement-a-discipliner-la-parole-apres-une-querelle-sur-les-energies-renouvelables\/#breadcrumb\"},\"inLanguage\":\"fr-FR\",\"potentialAction\":[{\"@type\":\"ReadAction\",\"target\":[\"https:\/\/vof-news.eu\/fr\/emmanuel-macron-appelle-le-gouvernement-a-discipliner-la-parole-apres-une-querelle-sur-les-energies-renouvelables\/\"]}]},{\"@type\":\"ImageObject\",\"inLanguage\":\"fr-FR\",\"@id\":\"https:\/\/vof-news.eu\/fr\/emmanuel-macron-appelle-le-gouvernement-a-discipliner-la-parole-apres-une-querelle-sur-les-energies-renouvelables\/#primaryimage\",\"url\":\"https:\/\/vof-news.eu\/wp-content\/uploads\/2025\/07\/45bbf43_upload-1-xqvx74pu7hh2-928641.jpg\",\"contentUrl\":\"https:\/\/vof-news.eu\/wp-content\/uploads\/2025\/07\/45bbf43_upload-1-xqvx74pu7hh2-928641.jpg\",\"width\":664,\"height\":443},{\"@type\":\"BreadcrumbList\",\"@id\":\"https:\/\/vof-news.eu\/fr\/emmanuel-macron-appelle-le-gouvernement-a-discipliner-la-parole-apres-une-querelle-sur-les-energies-renouvelables\/#breadcrumb\",\"itemListElement\":[{\"@type\":\"ListItem\",\"position\":1,\"name\":\"Home\",\"item\":\"https:\/\/vof-news.eu\/fr\/\"},{\"@type\":\"ListItem\",\"position\":2,\"name\":\"Emmanuel Macron\u00a0appelle le gouvernement \u00e0 \u00ab\u00a0discipliner la parole\u00a0\u00bb apr\u00e8s une querelle sur les \u00e9nergies renouvelables\"}]},{\"@type\":\"WebSite\",\"@id\":\"https:\/\/vof-news.eu\/fr\/#website\",\"url\":\"https:\/\/vof-news.eu\/fr\/\",\"name\":\"vof-news.eu\",\"description\":\"\",\"potentialAction\":[{\"@type\":\"SearchAction\",\"target\":{\"@type\":\"EntryPoint\",\"urlTemplate\":\"https:\/\/vof-news.eu\/fr\/?s={search_term_string}\"},\"query-input\":\"required name=search_term_string\"}],\"inLanguage\":\"fr-FR\"},{\"@type\":\"Person\",\"@id\":\"https:\/\/vof-news.eu\/fr\/#\/schema\/person\/f6a2a4309f0561835797fd8c19b333ed\",\"name\":\"Author\",\"image\":{\"@type\":\"ImageObject\",\"inLanguage\":\"fr-FR\",\"@id\":\"https:\/\/vof-news.eu\/fr\/#\/schema\/person\/image\/\",\"url\":\"https:\/\/secure.gravatar.com\/avatar\/b67e614b1b25b3e9c0c239efdd2fde5ab015b5affd6f1c3c85911ca4b384e790?s=96&d=mm&r=g\",\"contentUrl\":\"https:\/\/secure.gravatar.com\/avatar\/b67e614b1b25b3e9c0c239efdd2fde5ab015b5affd6f1c3c85911ca4b384e790?s=96&d=mm&r=g\",\"caption\":\"Author\"},\"sameAs\":[\"http:\/\/vof-news.eu\"],\"url\":\"https:\/\/vof-news.eu\/fr\/author\/zwt6qxnjulxbnyg\/\"}]}<\/script>\n<!-- \/ Yoast SEO plugin. -->","yoast_head_json":{"title":"Emmanuel Macron\u00a0appelle le gouvernement \u00e0 \u00ab\u00a0discipliner la parole\u00a0\u00bb apr\u00e8s une querelle sur les \u00e9nergies renouvelables - vof-news.eu","description":"La passe d\u2019armes entre ministres est all\u00e9e jusqu\u2019au sommet de l\u2019ex\u00e9cutif\u00a0: Emmanuel Macron a recadr\u00e9 son premier ministre, Fran\u00e7ois Bayrou, et a appel\u00e9 le gouvernement \u00e0 , jeudi 3\u00a0juillet,apr\u00e8s des querelles publiques sur les \u00e9nergies renouvelables, sur fond d\u2019ambitions pr\u00e9sidentielles et d\u2019affaiblissement du chef du gouvernement. Le premier ministre et les ministres , a d\u00e9clar\u00e9 le pr\u00e9sident de la R\u00e9publique en marge d\u2019un d\u00e9placement dans l\u2019Aveyron. Evoquant la pr\u00e9sidentielle, M.\u00a0Macron a assur\u00e9 qu\u2019il y aurait , mais estime que et . Chose rare, Fran\u00e7ois Bayrou s\u2019exprimait en m\u00eame temps qu\u2019Emmanuel Macron, sur BFM-TV, et a dans un premier temps appel\u00e9 ses ministres \u00e0 cultiver pour s\u2019exprimer . Puis interrog\u00e9 sur ce recadrage en direct du chef de l\u2019Etat, il a expliqu\u00e9 avoir qu\u2019on ne peut pas mener , et d\u00e9nonc\u00e9 . Mais [lui], a-t-il assur\u00e9, en d\u00e9mentant toute pagaille, puisque le sujet des \u00e9nergies renouvelables .   Ambitions pr\u00e9sidentielles de Gabriel Attal, Edouard Philippe et Bruno Retailleau Pourtant, juste avant de se rendre \u00e0 Matignon mercredi soir pour un ap\u00e9ritif destin\u00e9 justement \u00e0 aplanir les dissensions au sein du socle commun gouvernemental, le patron du parti pr\u00e9sidentiel Renaissance, Gabriel Attal, a critiqu\u00e9 sur X Bruno Retailleau. Le ministre de l\u2019int\u00e9rieur, et nouveau pr\u00e9sident du parti Les R\u00e9publicains (LR), venait dans une tribune publi\u00e9e dans et cosign\u00e9e avec Fran\u00e7ois-Xavier Bellamy et Julien Aubert\u00a0de demander l\u2019arr\u00eat des pour l\u2019\u00e9olien et le photovolta\u00efque.   Un (\u2026), a lanc\u00e9 l\u2019ancien premier ministre et chef de file des d\u00e9put\u00e9s du camp pr\u00e9sidentiel. , a tonn\u00e9 un peu plus tard la ministre (Renaissance) de la transition \u00e9cologique, Agn\u00e8s Pannier-Runacher, en accusant son coll\u00e8gue de vouloir et en interrogeant son . Aupr\u00e8s des producteurs de roquefort, le chef de l\u2019Etat s\u2019est rang\u00e9 aux c\u00f4t\u00e9s des responsables de son camp. , a-t-il lanc\u00e9, en appelant \u00e0 et des caricatures. Bruno Retailleau s\u2019est justifi\u00e9 en marge d\u2019un d\u00e9placement \u00e0 Libourne, en Gironde, en expliquant \u00eatre entr\u00e9 au gouvernement mais en restant fid\u00e8le \u00e0 ses id\u00e9es. Les relations entre chefs de partis du socle commun se tendent d\u2019autant plus que trois d\u2019entre eux, Gabriel Attal (Renaissance), Edouard Philippe (Horizons) et Bruno Retailleau (Les R\u00e9publicains), aspirent \u00e0 se pr\u00e9senter \u00e0 la pr\u00e9sidentielle et cherchent \u00e0 se d\u00e9marquer.   Fran\u00e7ois Bayrou affaibli L\u2019\u00e9quation est encore compliqu\u00e9e par le fait que M. Retailleau est \u00e0 la fois un poids lourd du gouvernement et le pr\u00e9sident de LR. Et, \u00e0 ce titre, il est susceptible de s\u2019exprimer sur les dossiers de ses coll\u00e8gues. Les divergences s\u2019\u00e9talent aussi parce que le premier ministre, Fran\u00e7ois Bayrou, semble affaibli.     Il est non seulement toujours priv\u00e9 de majorit\u00e9 \u00e0 l\u2019Assembl\u00e9e mais ne b\u00e9n\u00e9ficie plus de la neutralit\u00e9 des socialistes depuis l\u2019\u00e9chec du \u00ab\u00a0conclave\u00a0\u00bb sur les retraites\u00a0; il entre dans une zone d\u00e9licate avec la pr\u00e9paration du projet de budget 2026, dont il d\u00e9voilera les grandes lignes le 15\u00a0juillet. Il aura l\u2019occasion de s\u2019en expliquer mercredi midi, quand il recevra les parlementaires de sa coalition pour la fin de session. Le projet de Fran\u00e7ois Bayrou d\u2019instaurer un mode de scrutin proportionnel aux l\u00e9gislatives est un autre sujet de tensions. La droite y est vivement oppos\u00e9e. Et seul le MoDem au sein du camp pr\u00e9sidentiel y est franchement favorable.    Le Monde avec AFP      S\u2019abonner   Contribuer R\u00e9utiliser ce contenu","robots":{"index":"noindex","follow":"follow","max-snippet":"max-snippet:-1","max-image-preview":"max-image-preview:large","max-video-preview":"max-video-preview:-1"},"og_locale":"fr_FR","og_type":"article","og_title":"Emmanuel Macron\u00a0appelle le gouvernement \u00e0 \u00ab\u00a0discipliner la parole\u00a0\u00bb apr\u00e8s une querelle sur les \u00e9nergies renouvelables - vof-news.eu","og_description":"La passe d\u2019armes entre ministres est all\u00e9e jusqu\u2019au sommet de l\u2019ex\u00e9cutif\u00a0: Emmanuel Macron a recadr\u00e9 son premier ministre, Fran\u00e7ois Bayrou, et a appel\u00e9 le gouvernement \u00e0 , jeudi 3\u00a0juillet,apr\u00e8s des querelles publiques sur les \u00e9nergies renouvelables, sur fond d\u2019ambitions pr\u00e9sidentielles et d\u2019affaiblissement du chef du gouvernement. Le premier ministre et les ministres , a d\u00e9clar\u00e9 le pr\u00e9sident de la R\u00e9publique en marge d\u2019un d\u00e9placement dans l\u2019Aveyron. Evoquant la pr\u00e9sidentielle, M.\u00a0Macron a assur\u00e9 qu\u2019il y aurait , mais estime que et . Chose rare, Fran\u00e7ois Bayrou s\u2019exprimait en m\u00eame temps qu\u2019Emmanuel Macron, sur BFM-TV, et a dans un premier temps appel\u00e9 ses ministres \u00e0 cultiver pour s\u2019exprimer . Puis interrog\u00e9 sur ce recadrage en direct du chef de l\u2019Etat, il a expliqu\u00e9 avoir qu\u2019on ne peut pas mener , et d\u00e9nonc\u00e9 . Mais [lui], a-t-il assur\u00e9, en d\u00e9mentant toute pagaille, puisque le sujet des \u00e9nergies renouvelables .   Ambitions pr\u00e9sidentielles de Gabriel Attal, Edouard Philippe et Bruno Retailleau Pourtant, juste avant de se rendre \u00e0 Matignon mercredi soir pour un ap\u00e9ritif destin\u00e9 justement \u00e0 aplanir les dissensions au sein du socle commun gouvernemental, le patron du parti pr\u00e9sidentiel Renaissance, Gabriel Attal, a critiqu\u00e9 sur X Bruno Retailleau. Le ministre de l\u2019int\u00e9rieur, et nouveau pr\u00e9sident du parti Les R\u00e9publicains (LR), venait dans une tribune publi\u00e9e dans et cosign\u00e9e avec Fran\u00e7ois-Xavier Bellamy et Julien Aubert\u00a0de demander l\u2019arr\u00eat des pour l\u2019\u00e9olien et le photovolta\u00efque.   Un (\u2026), a lanc\u00e9 l\u2019ancien premier ministre et chef de file des d\u00e9put\u00e9s du camp pr\u00e9sidentiel. , a tonn\u00e9 un peu plus tard la ministre (Renaissance) de la transition \u00e9cologique, Agn\u00e8s Pannier-Runacher, en accusant son coll\u00e8gue de vouloir et en interrogeant son . Aupr\u00e8s des producteurs de roquefort, le chef de l\u2019Etat s\u2019est rang\u00e9 aux c\u00f4t\u00e9s des responsables de son camp. , a-t-il lanc\u00e9, en appelant \u00e0 et des caricatures. Bruno Retailleau s\u2019est justifi\u00e9 en marge d\u2019un d\u00e9placement \u00e0 Libourne, en Gironde, en expliquant \u00eatre entr\u00e9 au gouvernement mais en restant fid\u00e8le \u00e0 ses id\u00e9es. Les relations entre chefs de partis du socle commun se tendent d\u2019autant plus que trois d\u2019entre eux, Gabriel Attal (Renaissance), Edouard Philippe (Horizons) et Bruno Retailleau (Les R\u00e9publicains), aspirent \u00e0 se pr\u00e9senter \u00e0 la pr\u00e9sidentielle et cherchent \u00e0 se d\u00e9marquer.   Fran\u00e7ois Bayrou affaibli L\u2019\u00e9quation est encore compliqu\u00e9e par le fait que M. Retailleau est \u00e0 la fois un poids lourd du gouvernement et le pr\u00e9sident de LR. Et, \u00e0 ce titre, il est susceptible de s\u2019exprimer sur les dossiers de ses coll\u00e8gues. Les divergences s\u2019\u00e9talent aussi parce que le premier ministre, Fran\u00e7ois Bayrou, semble affaibli.     Il est non seulement toujours priv\u00e9 de majorit\u00e9 \u00e0 l\u2019Assembl\u00e9e mais ne b\u00e9n\u00e9ficie plus de la neutralit\u00e9 des socialistes depuis l\u2019\u00e9chec du \u00ab\u00a0conclave\u00a0\u00bb sur les retraites\u00a0; il entre dans une zone d\u00e9licate avec la pr\u00e9paration du projet de budget 2026, dont il d\u00e9voilera les grandes lignes le 15\u00a0juillet. Il aura l\u2019occasion de s\u2019en expliquer mercredi midi, quand il recevra les parlementaires de sa coalition pour la fin de session. Le projet de Fran\u00e7ois Bayrou d\u2019instaurer un mode de scrutin proportionnel aux l\u00e9gislatives est un autre sujet de tensions. La droite y est vivement oppos\u00e9e. Et seul le MoDem au sein du camp pr\u00e9sidentiel y est franchement favorable.    Le Monde avec AFP      S\u2019abonner   Contribuer R\u00e9utiliser ce contenu","og_url":"https:\/\/vof-news.eu\/fr\/emmanuel-macron-appelle-le-gouvernement-a-discipliner-la-parole-apres-une-querelle-sur-les-energies-renouvelables\/","og_site_name":"vof-news.eu","article_published_time":"2025-07-03T20:31:43+00:00","article_modified_time":"2025-07-03T20:32:08+00:00","og_image":[{"width":664,"height":443,"url":"https:\/\/vof-news.eu\/wp-content\/uploads\/2025\/07\/45bbf43_upload-1-xqvx74pu7hh2-928641.jpg","type":"image\/jpeg"}],"author":"Author","twitter_card":"summary_large_image","twitter_misc":{"\u00c9crit par":"Author","Dur\u00e9e de lecture estim\u00e9e":"3 minutes"},"schema":{"@context":"https:\/\/schema.org","@graph":[{"@type":"WebPage","@id":"https:\/\/vof-news.eu\/fr\/emmanuel-macron-appelle-le-gouvernement-a-discipliner-la-parole-apres-une-querelle-sur-les-energies-renouvelables\/","url":"https:\/\/vof-news.eu\/fr\/emmanuel-macron-appelle-le-gouvernement-a-discipliner-la-parole-apres-une-querelle-sur-les-energies-renouvelables\/","name":"Emmanuel Macron\u00a0appelle le gouvernement \u00e0 \u00ab\u00a0discipliner la parole\u00a0\u00bb apr\u00e8s une querelle sur les \u00e9nergies renouvelables - vof-news.eu","isPartOf":{"@id":"https:\/\/vof-news.eu\/fr\/#website"},"primaryImageOfPage":{"@id":"https:\/\/vof-news.eu\/fr\/emmanuel-macron-appelle-le-gouvernement-a-discipliner-la-parole-apres-une-querelle-sur-les-energies-renouvelables\/#primaryimage"},"image":{"@id":"https:\/\/vof-news.eu\/fr\/emmanuel-macron-appelle-le-gouvernement-a-discipliner-la-parole-apres-une-querelle-sur-les-energies-renouvelables\/#primaryimage"},"thumbnailUrl":"https:\/\/vof-news.eu\/wp-content\/uploads\/2025\/07\/45bbf43_upload-1-xqvx74pu7hh2-928641.jpg","datePublished":"2025-07-03T20:31:43+00:00","dateModified":"2025-07-03T20:32:08+00:00","author":{"@id":"https:\/\/vof-news.eu\/fr\/#\/schema\/person\/f6a2a4309f0561835797fd8c19b333ed"},"description":"La passe d\u2019armes entre ministres est all\u00e9e jusqu\u2019au sommet de l\u2019ex\u00e9cutif\u00a0: Emmanuel Macron a recadr\u00e9 son premier ministre, Fran\u00e7ois Bayrou, et a appel\u00e9 le gouvernement \u00e0 , jeudi 3\u00a0juillet,apr\u00e8s des querelles publiques sur les \u00e9nergies renouvelables, sur fond d\u2019ambitions pr\u00e9sidentielles et d\u2019affaiblissement du chef du gouvernement. Le premier ministre et les ministres , a d\u00e9clar\u00e9 le pr\u00e9sident de la R\u00e9publique en marge d\u2019un d\u00e9placement dans l\u2019Aveyron. Evoquant la pr\u00e9sidentielle, M.\u00a0Macron a assur\u00e9 qu\u2019il y aurait , mais estime que et . Chose rare, Fran\u00e7ois Bayrou s\u2019exprimait en m\u00eame temps qu\u2019Emmanuel Macron, sur BFM-TV, et a dans un premier temps appel\u00e9 ses ministres \u00e0 cultiver pour s\u2019exprimer . Puis interrog\u00e9 sur ce recadrage en direct du chef de l\u2019Etat, il a expliqu\u00e9 avoir qu\u2019on ne peut pas mener , et d\u00e9nonc\u00e9 . Mais [lui], a-t-il assur\u00e9, en d\u00e9mentant toute pagaille, puisque le sujet des \u00e9nergies renouvelables . Ambitions pr\u00e9sidentielles de Gabriel Attal, Edouard Philippe et Bruno Retailleau Pourtant, juste avant de se rendre \u00e0 Matignon mercredi soir pour un ap\u00e9ritif destin\u00e9 justement \u00e0 aplanir les dissensions au sein du socle commun gouvernemental, le patron du parti pr\u00e9sidentiel Renaissance, Gabriel Attal, a critiqu\u00e9 sur X Bruno Retailleau. Le ministre de l\u2019int\u00e9rieur, et nouveau pr\u00e9sident du parti Les R\u00e9publicains (LR), venait dans une tribune publi\u00e9e dans et cosign\u00e9e avec Fran\u00e7ois-Xavier Bellamy et Julien Aubert\u00a0de demander l\u2019arr\u00eat des pour l\u2019\u00e9olien et le photovolta\u00efque. Un (\u2026), a lanc\u00e9 l\u2019ancien premier ministre et chef de file des d\u00e9put\u00e9s du camp pr\u00e9sidentiel. , a tonn\u00e9 un peu plus tard la ministre (Renaissance) de la transition \u00e9cologique, Agn\u00e8s Pannier-Runacher, en accusant son coll\u00e8gue de vouloir et en interrogeant son . Aupr\u00e8s des producteurs de roquefort, le chef de l\u2019Etat s\u2019est rang\u00e9 aux c\u00f4t\u00e9s des responsables de son camp. , a-t-il lanc\u00e9, en appelant \u00e0 et des caricatures. Bruno Retailleau s\u2019est justifi\u00e9 en marge d\u2019un d\u00e9placement \u00e0 Libourne, en Gironde, en expliquant \u00eatre entr\u00e9 au gouvernement mais en restant fid\u00e8le \u00e0 ses id\u00e9es. Les relations entre chefs de partis du socle commun se tendent d\u2019autant plus que trois d\u2019entre eux, Gabriel Attal (Renaissance), Edouard Philippe (Horizons) et Bruno Retailleau (Les R\u00e9publicains), aspirent \u00e0 se pr\u00e9senter \u00e0 la pr\u00e9sidentielle et cherchent \u00e0 se d\u00e9marquer. Fran\u00e7ois Bayrou affaibli L\u2019\u00e9quation est encore compliqu\u00e9e par le fait que M. Retailleau est \u00e0 la fois un poids lourd du gouvernement et le pr\u00e9sident de LR. Et, \u00e0 ce titre, il est susceptible de s\u2019exprimer sur les dossiers de ses coll\u00e8gues. Les divergences s\u2019\u00e9talent aussi parce que le premier ministre, Fran\u00e7ois Bayrou, semble affaibli. Il est non seulement toujours priv\u00e9 de majorit\u00e9 \u00e0 l\u2019Assembl\u00e9e mais ne b\u00e9n\u00e9ficie plus de la neutralit\u00e9 des socialistes depuis l\u2019\u00e9chec du \u00ab\u00a0conclave\u00a0\u00bb sur les retraites\u00a0; il entre dans une zone d\u00e9licate avec la pr\u00e9paration du projet de budget 2026, dont il d\u00e9voilera les grandes lignes le 15\u00a0juillet. Il aura l\u2019occasion de s\u2019en expliquer mercredi midi, quand il recevra les parlementaires de sa coalition pour la fin de session. Le projet de Fran\u00e7ois Bayrou d\u2019instaurer un mode de scrutin proportionnel aux l\u00e9gislatives est un autre sujet de tensions. La droite y est vivement oppos\u00e9e. Et seul le MoDem au sein du camp pr\u00e9sidentiel y est franchement favorable. Le Monde avec AFP S\u2019abonner Contribuer R\u00e9utiliser ce contenu","breadcrumb":{"@id":"https:\/\/vof-news.eu\/fr\/emmanuel-macron-appelle-le-gouvernement-a-discipliner-la-parole-apres-une-querelle-sur-les-energies-renouvelables\/#breadcrumb"},"inLanguage":"fr-FR","potentialAction":[{"@type":"ReadAction","target":["https:\/\/vof-news.eu\/fr\/emmanuel-macron-appelle-le-gouvernement-a-discipliner-la-parole-apres-une-querelle-sur-les-energies-renouvelables\/"]}]},{"@type":"ImageObject","inLanguage":"fr-FR","@id":"https:\/\/vof-news.eu\/fr\/emmanuel-macron-appelle-le-gouvernement-a-discipliner-la-parole-apres-une-querelle-sur-les-energies-renouvelables\/#primaryimage","url":"https:\/\/vof-news.eu\/wp-content\/uploads\/2025\/07\/45bbf43_upload-1-xqvx74pu7hh2-928641.jpg","contentUrl":"https:\/\/vof-news.eu\/wp-content\/uploads\/2025\/07\/45bbf43_upload-1-xqvx74pu7hh2-928641.jpg","width":664,"height":443},{"@type":"BreadcrumbList","@id":"https:\/\/vof-news.eu\/fr\/emmanuel-macron-appelle-le-gouvernement-a-discipliner-la-parole-apres-une-querelle-sur-les-energies-renouvelables\/#breadcrumb","itemListElement":[{"@type":"ListItem","position":1,"name":"Home","item":"https:\/\/vof-news.eu\/fr\/"},{"@type":"ListItem","position":2,"name":"Emmanuel Macron\u00a0appelle le gouvernement \u00e0 \u00ab\u00a0discipliner la parole\u00a0\u00bb apr\u00e8s une querelle sur les \u00e9nergies renouvelables"}]},{"@type":"WebSite","@id":"https:\/\/vof-news.eu\/fr\/#website","url":"https:\/\/vof-news.eu\/fr\/","name":"vof-news.eu","description":"","potentialAction":[{"@type":"SearchAction","target":{"@type":"EntryPoint","urlTemplate":"https:\/\/vof-news.eu\/fr\/?s={search_term_string}"},"query-input":"required name=search_term_string"}],"inLanguage":"fr-FR"},{"@type":"Person","@id":"https:\/\/vof-news.eu\/fr\/#\/schema\/person\/f6a2a4309f0561835797fd8c19b333ed","name":"Author","image":{"@type":"ImageObject","inLanguage":"fr-FR","@id":"https:\/\/vof-news.eu\/fr\/#\/schema\/person\/image\/","url":"https:\/\/secure.gravatar.com\/avatar\/b67e614b1b25b3e9c0c239efdd2fde5ab015b5affd6f1c3c85911ca4b384e790?s=96&d=mm&r=g","contentUrl":"https:\/\/secure.gravatar.com\/avatar\/b67e614b1b25b3e9c0c239efdd2fde5ab015b5affd6f1c3c85911ca4b384e790?s=96&d=mm&r=g","caption":"Author"},"sameAs":["http:\/\/vof-news.eu"],"url":"https:\/\/vof-news.eu\/fr\/author\/zwt6qxnjulxbnyg\/"}]}},"yoast_meta":{"yoast_wpseo_title":"","yoast_wpseo_metadesc":"","yoast_wpseo_canonical":""},"_links":{"self":[{"href":"https:\/\/vof-news.eu\/fr\/wp-json\/wp\/v2\/posts\/246597","targetHints":{"allow":["GET"]}}],"collection":[{"href":"https:\/\/vof-news.eu\/fr\/wp-json\/wp\/v2\/posts"}],"about":[{"href":"https:\/\/vof-news.eu\/fr\/wp-json\/wp\/v2\/types\/post"}],"author":[{"embeddable":true,"href":"https:\/\/vof-news.eu\/fr\/wp-json\/wp\/v2\/users\/1"}],"replies":[{"embeddable":true,"href":"https:\/\/vof-news.eu\/fr\/wp-json\/wp\/v2\/comments?post=246597"}],"version-history":[{"count":1,"href":"https:\/\/vof-news.eu\/fr\/wp-json\/wp\/v2\/posts\/246597\/revisions"}],"predecessor-version":[{"id":246604,"href":"https:\/\/vof-news.eu\/fr\/wp-json\/wp\/v2\/posts\/246597\/revisions\/246604"}],"wp:featuredmedia":[{"embeddable":true,"href":"https:\/\/vof-news.eu\/fr\/wp-json\/wp\/v2\/media\/246598"}],"wp:attachment":[{"href":"https:\/\/vof-news.eu\/fr\/wp-json\/wp\/v2\/media?parent=246597"}],"wp:term":[{"taxonomy":"category","embeddable":true,"href":"https:\/\/vof-news.eu\/fr\/wp-json\/wp\/v2\/categories?post=246597"},{"taxonomy":"post_tag","embeddable":true,"href":"https:\/\/vof-news.eu\/fr\/wp-json\/wp\/v2\/tags?post=246597"}],"curies":[{"name":"wp","href":"https:\/\/api.w.org\/{rel}","templated":true}]}}