{"id":246523,"date":"2025-07-03T21:34:22","date_gmt":"2025-07-03T18:34:22","guid":{"rendered":"https:\/\/vof-news.eu\/a-vergeze-dans-le-gard-la-verrerie-du-languedoc-groupe-owens-illinois-mobilisee-contre-sa-fermeture\/"},"modified":"2025-07-03T21:34:47","modified_gmt":"2025-07-03T18:34:47","slug":"a-vergeze-dans-le-gard-la-verrerie-du-languedoc-groupe-owens-illinois-mobilisee-contre-sa-fermeture","status":"publish","type":"post","link":"https:\/\/vof-news.eu\/fr\/a-vergeze-dans-le-gard-la-verrerie-du-languedoc-groupe-owens-illinois-mobilisee-contre-sa-fermeture\/","title":{"rendered":"\u00c0 Verg\u00e8ze, dans le Gard, la verrerie du Languedoc, groupe Owens-Illinois, mobilis\u00e9e contre sa fermeture"},"content":{"rendered":"<article>\n<p>Les drapeaux rouges s\u2019agitent d\u00e8s 9\u00a0heures, jeudi 3\u00a0juillet, \u00e0 l\u2019entr\u00e9e de la verrerie du Languedoc, propri\u00e9t\u00e9 du groupe Owens-Illinois, \u00e0 Verg\u00e8ze (Gard). Sous un soleil de plomb, les premiers cars de syndicalistes, venus de la r\u00e9gion Occitanie, et parfois de plus loin (les Vosges) arrivent sur place.<strong> <\/strong>Ce rassemblement organis\u00e9 par l\u2019intersyndicale (CGT, CGC, FO) de la <a href=\"https:\/\/www.lemonde.fr\/economie\/article\/2025\/04\/16\/le-gard-sous-le-choc-apres-l-annonce-de-la-fermeture-de-la-verrerie-owens-illinois_6596615_3234.html\" rel=\"nofollow\">verrerie du Languedoc<\/a>, menac\u00e9e de fermeture d\u00e9finitive au 31\u00a0octobre, se veut \u00eatre  explique Yoann Goupille, secr\u00e9taire de la section CGT \u00e0 la verrerie. Y ont \u00e9t\u00e9 convi\u00e9s Sophie Binet, secr\u00e9taire nationale de la CGT, ainsi que le d\u00e9put\u00e9 de la Somme Fran\u00e7ois Ruffin, de passage \u00e0 N\u00eemes pour soutenir le candidat de l\u2019union de la gauche aux municipales.<\/p>\n<p>Le 8\u00a0avril, le g\u00e9ant du verre, le groupe Owens-Illinois, avait annonc\u00e9 la suppression de 556 postes (selon la CGT) sur cinq sites en France et la fermeture d\u2019une usine, celle de Verg\u00e8ze, situ\u00e9e juste \u00e0 c\u00f4t\u00e9 de l\u2019usine Perrier. Dans cette commune de 5\u00a0200 habitants d\u00e9j\u00e0 secou\u00e9e par le scandale des eaux min\u00e9rales naturelles, cette nouvelle a fait l\u2019effet d\u2019un cataclysme.<\/p>\n<p><strong>Il vous reste 77.5% de cet article \u00e0 lire. La suite est r\u00e9serv\u00e9e aux abonn\u00e9s.<\/strong><\/p>\n<\/article>\n","protected":false},"excerpt":{"rendered":"<p>Les drapeaux rouges s\u2019agitent d\u00e8s 9\u00a0heures, jeudi 3\u00a0juillet, \u00e0 l\u2019entr\u00e9e de la verrerie du Languedoc, propri\u00e9t\u00e9 du groupe Owens-Illinois, \u00e0 Verg\u00e8ze (Gard). Sous un soleil de plomb, les premiers cars de syndicalistes, venus de la r\u00e9gion Occitanie, et parfois de plus loin (les Vosges) arrivent sur place. Ce rassemblement organis\u00e9 par l\u2019intersyndicale (CGT, CGC, FO)<\/p>\n","protected":false},"author":1,"featured_media":246524,"comment_status":"open","ping_status":"open","sticky":false,"template":"","format":"standard","meta":{"footnotes":""},"categories":[58],"tags":[],"class_list":["post-246523","post","type-post","status-publish","format-standard","has-post-thumbnail","hentry","category-business-fr"],"acf":[],"yoast_head":"<!-- This site is optimized with the Yoast SEO plugin v22.9 - https:\/\/yoast.com\/wordpress\/plugins\/seo\/ -->\n<title>\u00c0 Verg\u00e8ze, dans le Gard, la verrerie du Languedoc, groupe Owens-Illinois, mobilis\u00e9e contre sa fermeture - vof-news.eu<\/title>\n<meta name=\"description\" content=\"Les drapeaux rouges s\u2019agitent d\u00e8s 9\u00a0heures, jeudi 3\u00a0juillet, \u00e0 l\u2019entr\u00e9e de la verrerie du Languedoc, propri\u00e9t\u00e9 du groupe Owens-Illinois, \u00e0 Verg\u00e8ze (Gard). Sous un soleil de plomb, les premiers cars de syndicalistes, venus de la r\u00e9gion Occitanie, et parfois de plus loin (les Vosges) arrivent sur place. Ce rassemblement organis\u00e9 par l\u2019intersyndicale (CGT, CGC, FO) de la verrerie du Languedoc, menac\u00e9e de fermeture d\u00e9finitive au 31\u00a0octobre, se veut \u00eatre explique Yoann Goupille, secr\u00e9taire de la section CGT \u00e0 la verrerie. Y ont \u00e9t\u00e9 convi\u00e9s Sophie Binet, secr\u00e9taire nationale de la CGT, ainsi que le d\u00e9put\u00e9 de la Somme Fran\u00e7ois Ruffin, de passage \u00e0 N\u00eemes pour soutenir le candidat de l\u2019union de la gauche aux municipales. Le 8\u00a0avril, le g\u00e9ant du verre, le groupe Owens-Illinois, avait annonc\u00e9 la suppression de 556 postes (selon la CGT) sur cinq sites en France et la fermeture d\u2019une usine, celle de Verg\u00e8ze, situ\u00e9e juste \u00e0 c\u00f4t\u00e9 de l\u2019usine Perrier. Dans cette commune de 5\u00a0200 habitants d\u00e9j\u00e0 secou\u00e9e par le scandale des eaux min\u00e9rales naturelles, cette nouvelle a fait l\u2019effet d\u2019un cataclysme. Il vous reste 77.5% de cet article \u00e0 lire. La suite est r\u00e9serv\u00e9e aux abonn\u00e9s.\" \/>\n<meta name=\"robots\" content=\"noindex, follow, max-snippet:-1, max-image-preview:large, max-video-preview:-1\" \/>\n<meta property=\"og:locale\" content=\"fr_FR\" \/>\n<meta property=\"og:type\" content=\"article\" \/>\n<meta property=\"og:title\" content=\"\u00c0 Verg\u00e8ze, dans le Gard, la verrerie du Languedoc, groupe Owens-Illinois, mobilis\u00e9e contre sa fermeture - vof-news.eu\" \/>\n<meta property=\"og:description\" content=\"Les drapeaux rouges s\u2019agitent d\u00e8s 9\u00a0heures, jeudi 3\u00a0juillet, \u00e0 l\u2019entr\u00e9e de la verrerie du Languedoc, propri\u00e9t\u00e9 du groupe Owens-Illinois, \u00e0 Verg\u00e8ze (Gard). Sous un soleil de plomb, les premiers cars de syndicalistes, venus de la r\u00e9gion Occitanie, et parfois de plus loin (les Vosges) arrivent sur place. Ce rassemblement organis\u00e9 par l\u2019intersyndicale (CGT, CGC, FO) de la verrerie du Languedoc, menac\u00e9e de fermeture d\u00e9finitive au 31\u00a0octobre, se veut \u00eatre explique Yoann Goupille, secr\u00e9taire de la section CGT \u00e0 la verrerie. Y ont \u00e9t\u00e9 convi\u00e9s Sophie Binet, secr\u00e9taire nationale de la CGT, ainsi que le d\u00e9put\u00e9 de la Somme Fran\u00e7ois Ruffin, de passage \u00e0 N\u00eemes pour soutenir le candidat de l\u2019union de la gauche aux municipales. Le 8\u00a0avril, le g\u00e9ant du verre, le groupe Owens-Illinois, avait annonc\u00e9 la suppression de 556 postes (selon la CGT) sur cinq sites en France et la fermeture d\u2019une usine, celle de Verg\u00e8ze, situ\u00e9e juste \u00e0 c\u00f4t\u00e9 de l\u2019usine Perrier. Dans cette commune de 5\u00a0200 habitants d\u00e9j\u00e0 secou\u00e9e par le scandale des eaux min\u00e9rales naturelles, cette nouvelle a fait l\u2019effet d\u2019un cataclysme. Il vous reste 77.5% de cet article \u00e0 lire. La suite est r\u00e9serv\u00e9e aux abonn\u00e9s.\" \/>\n<meta property=\"og:url\" content=\"https:\/\/vof-news.eu\/fr\/a-vergeze-dans-le-gard-la-verrerie-du-languedoc-groupe-owens-illinois-mobilisee-contre-sa-fermeture\/\" \/>\n<meta property=\"og:site_name\" content=\"vof-news.eu\" \/>\n<meta property=\"article:published_time\" content=\"2025-07-03T18:34:22+00:00\" \/>\n<meta property=\"article:modified_time\" content=\"2025-07-03T18:34:47+00:00\" \/>\n<meta property=\"og:image\" content=\"https:\/\/vof-news.eu\/wp-content\/uploads\/2025\/07\/83c338d_upload-1-ztmveumnrhx3-maxnewsspecialtwo192084.jpg\" \/>\n\t<meta property=\"og:image:width\" content=\"664\" \/>\n\t<meta property=\"og:image:height\" content=\"443\" \/>\n\t<meta property=\"og:image:type\" content=\"image\/jpeg\" \/>\n<meta name=\"author\" content=\"Author\" \/>\n<meta name=\"twitter:card\" content=\"summary_large_image\" \/>\n<meta name=\"twitter:label1\" content=\"\u00c9crit par\" \/>\n\t<meta name=\"twitter:data1\" content=\"Author\" \/>\n\t<meta name=\"twitter:label2\" content=\"Dur\u00e9e de lecture estim\u00e9e\" \/>\n\t<meta name=\"twitter:data2\" content=\"1 minute\" \/>\n<script type=\"application\/ld+json\" class=\"yoast-schema-graph\">{\"@context\":\"https:\/\/schema.org\",\"@graph\":[{\"@type\":\"WebPage\",\"@id\":\"https:\/\/vof-news.eu\/fr\/a-vergeze-dans-le-gard-la-verrerie-du-languedoc-groupe-owens-illinois-mobilisee-contre-sa-fermeture\/\",\"url\":\"https:\/\/vof-news.eu\/fr\/a-vergeze-dans-le-gard-la-verrerie-du-languedoc-groupe-owens-illinois-mobilisee-contre-sa-fermeture\/\",\"name\":\"\u00c0 Verg\u00e8ze, dans le Gard, la verrerie du Languedoc, groupe Owens-Illinois, mobilis\u00e9e contre sa fermeture - vof-news.eu\",\"isPartOf\":{\"@id\":\"https:\/\/vof-news.eu\/fr\/#website\"},\"primaryImageOfPage\":{\"@id\":\"https:\/\/vof-news.eu\/fr\/a-vergeze-dans-le-gard-la-verrerie-du-languedoc-groupe-owens-illinois-mobilisee-contre-sa-fermeture\/#primaryimage\"},\"image\":{\"@id\":\"https:\/\/vof-news.eu\/fr\/a-vergeze-dans-le-gard-la-verrerie-du-languedoc-groupe-owens-illinois-mobilisee-contre-sa-fermeture\/#primaryimage\"},\"thumbnailUrl\":\"https:\/\/vof-news.eu\/wp-content\/uploads\/2025\/07\/83c338d_upload-1-ztmveumnrhx3-maxnewsspecialtwo192084.jpg\",\"datePublished\":\"2025-07-03T18:34:22+00:00\",\"dateModified\":\"2025-07-03T18:34:47+00:00\",\"author\":{\"@id\":\"https:\/\/vof-news.eu\/fr\/#\/schema\/person\/f6a2a4309f0561835797fd8c19b333ed\"},\"description\":\"Les drapeaux rouges s\u2019agitent d\u00e8s 9\u00a0heures, jeudi 3\u00a0juillet, \u00e0 l\u2019entr\u00e9e de la verrerie du Languedoc, propri\u00e9t\u00e9 du groupe Owens-Illinois, \u00e0 Verg\u00e8ze (Gard). Sous un soleil de plomb, les premiers cars de syndicalistes, venus de la r\u00e9gion Occitanie, et parfois de plus loin (les Vosges) arrivent sur place. Ce rassemblement organis\u00e9 par l\u2019intersyndicale (CGT, CGC, FO) de la verrerie du Languedoc, menac\u00e9e de fermeture d\u00e9finitive au 31\u00a0octobre, se veut \u00eatre explique Yoann Goupille, secr\u00e9taire de la section CGT \u00e0 la verrerie. Y ont \u00e9t\u00e9 convi\u00e9s Sophie Binet, secr\u00e9taire nationale de la CGT, ainsi que le d\u00e9put\u00e9 de la Somme Fran\u00e7ois Ruffin, de passage \u00e0 N\u00eemes pour soutenir le candidat de l\u2019union de la gauche aux municipales. Le 8\u00a0avril, le g\u00e9ant du verre, le groupe Owens-Illinois, avait annonc\u00e9 la suppression de 556 postes (selon la CGT) sur cinq sites en France et la fermeture d\u2019une usine, celle de Verg\u00e8ze, situ\u00e9e juste \u00e0 c\u00f4t\u00e9 de l\u2019usine Perrier. Dans cette commune de 5\u00a0200 habitants d\u00e9j\u00e0 secou\u00e9e par le scandale des eaux min\u00e9rales naturelles, cette nouvelle a fait l\u2019effet d\u2019un cataclysme. Il vous reste 77.5% de cet article \u00e0 lire. La suite est r\u00e9serv\u00e9e aux abonn\u00e9s.\",\"breadcrumb\":{\"@id\":\"https:\/\/vof-news.eu\/fr\/a-vergeze-dans-le-gard-la-verrerie-du-languedoc-groupe-owens-illinois-mobilisee-contre-sa-fermeture\/#breadcrumb\"},\"inLanguage\":\"fr-FR\",\"potentialAction\":[{\"@type\":\"ReadAction\",\"target\":[\"https:\/\/vof-news.eu\/fr\/a-vergeze-dans-le-gard-la-verrerie-du-languedoc-groupe-owens-illinois-mobilisee-contre-sa-fermeture\/\"]}]},{\"@type\":\"ImageObject\",\"inLanguage\":\"fr-FR\",\"@id\":\"https:\/\/vof-news.eu\/fr\/a-vergeze-dans-le-gard-la-verrerie-du-languedoc-groupe-owens-illinois-mobilisee-contre-sa-fermeture\/#primaryimage\",\"url\":\"https:\/\/vof-news.eu\/wp-content\/uploads\/2025\/07\/83c338d_upload-1-ztmveumnrhx3-maxnewsspecialtwo192084.jpg\",\"contentUrl\":\"https:\/\/vof-news.eu\/wp-content\/uploads\/2025\/07\/83c338d_upload-1-ztmveumnrhx3-maxnewsspecialtwo192084.jpg\",\"width\":664,\"height\":443},{\"@type\":\"BreadcrumbList\",\"@id\":\"https:\/\/vof-news.eu\/fr\/a-vergeze-dans-le-gard-la-verrerie-du-languedoc-groupe-owens-illinois-mobilisee-contre-sa-fermeture\/#breadcrumb\",\"itemListElement\":[{\"@type\":\"ListItem\",\"position\":1,\"name\":\"Home\",\"item\":\"https:\/\/vof-news.eu\/fr\/\"},{\"@type\":\"ListItem\",\"position\":2,\"name\":\"\u00c0 Verg\u00e8ze, dans le Gard, la verrerie du Languedoc, groupe Owens-Illinois, mobilis\u00e9e contre sa fermeture\"}]},{\"@type\":\"WebSite\",\"@id\":\"https:\/\/vof-news.eu\/fr\/#website\",\"url\":\"https:\/\/vof-news.eu\/fr\/\",\"name\":\"vof-news.eu\",\"description\":\"\",\"potentialAction\":[{\"@type\":\"SearchAction\",\"target\":{\"@type\":\"EntryPoint\",\"urlTemplate\":\"https:\/\/vof-news.eu\/fr\/?s={search_term_string}\"},\"query-input\":\"required name=search_term_string\"}],\"inLanguage\":\"fr-FR\"},{\"@type\":\"Person\",\"@id\":\"https:\/\/vof-news.eu\/fr\/#\/schema\/person\/f6a2a4309f0561835797fd8c19b333ed\",\"name\":\"Author\",\"image\":{\"@type\":\"ImageObject\",\"inLanguage\":\"fr-FR\",\"@id\":\"https:\/\/vof-news.eu\/fr\/#\/schema\/person\/image\/\",\"url\":\"https:\/\/secure.gravatar.com\/avatar\/b67e614b1b25b3e9c0c239efdd2fde5ab015b5affd6f1c3c85911ca4b384e790?s=96&d=mm&r=g\",\"contentUrl\":\"https:\/\/secure.gravatar.com\/avatar\/b67e614b1b25b3e9c0c239efdd2fde5ab015b5affd6f1c3c85911ca4b384e790?s=96&d=mm&r=g\",\"caption\":\"Author\"},\"sameAs\":[\"http:\/\/vof-news.eu\"],\"url\":\"https:\/\/vof-news.eu\/fr\/author\/zwt6qxnjulxbnyg\/\"}]}<\/script>\n<!-- \/ Yoast SEO plugin. -->","yoast_head_json":{"title":"\u00c0 Verg\u00e8ze, dans le Gard, la verrerie du Languedoc, groupe Owens-Illinois, mobilis\u00e9e contre sa fermeture - vof-news.eu","description":"Les drapeaux rouges s\u2019agitent d\u00e8s 9\u00a0heures, jeudi 3\u00a0juillet, \u00e0 l\u2019entr\u00e9e de la verrerie du Languedoc, propri\u00e9t\u00e9 du groupe Owens-Illinois, \u00e0 Verg\u00e8ze (Gard). Sous un soleil de plomb, les premiers cars de syndicalistes, venus de la r\u00e9gion Occitanie, et parfois de plus loin (les Vosges) arrivent sur place. Ce rassemblement organis\u00e9 par l\u2019intersyndicale (CGT, CGC, FO) de la verrerie du Languedoc, menac\u00e9e de fermeture d\u00e9finitive au 31\u00a0octobre, se veut \u00eatre explique Yoann Goupille, secr\u00e9taire de la section CGT \u00e0 la verrerie. Y ont \u00e9t\u00e9 convi\u00e9s Sophie Binet, secr\u00e9taire nationale de la CGT, ainsi que le d\u00e9put\u00e9 de la Somme Fran\u00e7ois Ruffin, de passage \u00e0 N\u00eemes pour soutenir le candidat de l\u2019union de la gauche aux municipales. Le 8\u00a0avril, le g\u00e9ant du verre, le groupe Owens-Illinois, avait annonc\u00e9 la suppression de 556 postes (selon la CGT) sur cinq sites en France et la fermeture d\u2019une usine, celle de Verg\u00e8ze, situ\u00e9e juste \u00e0 c\u00f4t\u00e9 de l\u2019usine Perrier. Dans cette commune de 5\u00a0200 habitants d\u00e9j\u00e0 secou\u00e9e par le scandale des eaux min\u00e9rales naturelles, cette nouvelle a fait l\u2019effet d\u2019un cataclysme. Il vous reste 77.5% de cet article \u00e0 lire. La suite est r\u00e9serv\u00e9e aux abonn\u00e9s.","robots":{"index":"noindex","follow":"follow","max-snippet":"max-snippet:-1","max-image-preview":"max-image-preview:large","max-video-preview":"max-video-preview:-1"},"og_locale":"fr_FR","og_type":"article","og_title":"\u00c0 Verg\u00e8ze, dans le Gard, la verrerie du Languedoc, groupe Owens-Illinois, mobilis\u00e9e contre sa fermeture - vof-news.eu","og_description":"Les drapeaux rouges s\u2019agitent d\u00e8s 9\u00a0heures, jeudi 3\u00a0juillet, \u00e0 l\u2019entr\u00e9e de la verrerie du Languedoc, propri\u00e9t\u00e9 du groupe Owens-Illinois, \u00e0 Verg\u00e8ze (Gard). Sous un soleil de plomb, les premiers cars de syndicalistes, venus de la r\u00e9gion Occitanie, et parfois de plus loin (les Vosges) arrivent sur place. Ce rassemblement organis\u00e9 par l\u2019intersyndicale (CGT, CGC, FO) de la verrerie du Languedoc, menac\u00e9e de fermeture d\u00e9finitive au 31\u00a0octobre, se veut \u00eatre explique Yoann Goupille, secr\u00e9taire de la section CGT \u00e0 la verrerie. Y ont \u00e9t\u00e9 convi\u00e9s Sophie Binet, secr\u00e9taire nationale de la CGT, ainsi que le d\u00e9put\u00e9 de la Somme Fran\u00e7ois Ruffin, de passage \u00e0 N\u00eemes pour soutenir le candidat de l\u2019union de la gauche aux municipales. Le 8\u00a0avril, le g\u00e9ant du verre, le groupe Owens-Illinois, avait annonc\u00e9 la suppression de 556 postes (selon la CGT) sur cinq sites en France et la fermeture d\u2019une usine, celle de Verg\u00e8ze, situ\u00e9e juste \u00e0 c\u00f4t\u00e9 de l\u2019usine Perrier. Dans cette commune de 5\u00a0200 habitants d\u00e9j\u00e0 secou\u00e9e par le scandale des eaux min\u00e9rales naturelles, cette nouvelle a fait l\u2019effet d\u2019un cataclysme. Il vous reste 77.5% de cet article \u00e0 lire. La suite est r\u00e9serv\u00e9e aux abonn\u00e9s.","og_url":"https:\/\/vof-news.eu\/fr\/a-vergeze-dans-le-gard-la-verrerie-du-languedoc-groupe-owens-illinois-mobilisee-contre-sa-fermeture\/","og_site_name":"vof-news.eu","article_published_time":"2025-07-03T18:34:22+00:00","article_modified_time":"2025-07-03T18:34:47+00:00","og_image":[{"width":664,"height":443,"url":"https:\/\/vof-news.eu\/wp-content\/uploads\/2025\/07\/83c338d_upload-1-ztmveumnrhx3-maxnewsspecialtwo192084.jpg","type":"image\/jpeg"}],"author":"Author","twitter_card":"summary_large_image","twitter_misc":{"\u00c9crit par":"Author","Dur\u00e9e de lecture estim\u00e9e":"1 minute"},"schema":{"@context":"https:\/\/schema.org","@graph":[{"@type":"WebPage","@id":"https:\/\/vof-news.eu\/fr\/a-vergeze-dans-le-gard-la-verrerie-du-languedoc-groupe-owens-illinois-mobilisee-contre-sa-fermeture\/","url":"https:\/\/vof-news.eu\/fr\/a-vergeze-dans-le-gard-la-verrerie-du-languedoc-groupe-owens-illinois-mobilisee-contre-sa-fermeture\/","name":"\u00c0 Verg\u00e8ze, dans le Gard, la verrerie du Languedoc, groupe Owens-Illinois, mobilis\u00e9e contre sa fermeture - vof-news.eu","isPartOf":{"@id":"https:\/\/vof-news.eu\/fr\/#website"},"primaryImageOfPage":{"@id":"https:\/\/vof-news.eu\/fr\/a-vergeze-dans-le-gard-la-verrerie-du-languedoc-groupe-owens-illinois-mobilisee-contre-sa-fermeture\/#primaryimage"},"image":{"@id":"https:\/\/vof-news.eu\/fr\/a-vergeze-dans-le-gard-la-verrerie-du-languedoc-groupe-owens-illinois-mobilisee-contre-sa-fermeture\/#primaryimage"},"thumbnailUrl":"https:\/\/vof-news.eu\/wp-content\/uploads\/2025\/07\/83c338d_upload-1-ztmveumnrhx3-maxnewsspecialtwo192084.jpg","datePublished":"2025-07-03T18:34:22+00:00","dateModified":"2025-07-03T18:34:47+00:00","author":{"@id":"https:\/\/vof-news.eu\/fr\/#\/schema\/person\/f6a2a4309f0561835797fd8c19b333ed"},"description":"Les drapeaux rouges s\u2019agitent d\u00e8s 9\u00a0heures, jeudi 3\u00a0juillet, \u00e0 l\u2019entr\u00e9e de la verrerie du Languedoc, propri\u00e9t\u00e9 du groupe Owens-Illinois, \u00e0 Verg\u00e8ze (Gard). Sous un soleil de plomb, les premiers cars de syndicalistes, venus de la r\u00e9gion Occitanie, et parfois de plus loin (les Vosges) arrivent sur place. Ce rassemblement organis\u00e9 par l\u2019intersyndicale (CGT, CGC, FO) de la verrerie du Languedoc, menac\u00e9e de fermeture d\u00e9finitive au 31\u00a0octobre, se veut \u00eatre explique Yoann Goupille, secr\u00e9taire de la section CGT \u00e0 la verrerie. Y ont \u00e9t\u00e9 convi\u00e9s Sophie Binet, secr\u00e9taire nationale de la CGT, ainsi que le d\u00e9put\u00e9 de la Somme Fran\u00e7ois Ruffin, de passage \u00e0 N\u00eemes pour soutenir le candidat de l\u2019union de la gauche aux municipales. Le 8\u00a0avril, le g\u00e9ant du verre, le groupe Owens-Illinois, avait annonc\u00e9 la suppression de 556 postes (selon la CGT) sur cinq sites en France et la fermeture d\u2019une usine, celle de Verg\u00e8ze, situ\u00e9e juste \u00e0 c\u00f4t\u00e9 de l\u2019usine Perrier. Dans cette commune de 5\u00a0200 habitants d\u00e9j\u00e0 secou\u00e9e par le scandale des eaux min\u00e9rales naturelles, cette nouvelle a fait l\u2019effet d\u2019un cataclysme. Il vous reste 77.5% de cet article \u00e0 lire. La suite est r\u00e9serv\u00e9e aux abonn\u00e9s.","breadcrumb":{"@id":"https:\/\/vof-news.eu\/fr\/a-vergeze-dans-le-gard-la-verrerie-du-languedoc-groupe-owens-illinois-mobilisee-contre-sa-fermeture\/#breadcrumb"},"inLanguage":"fr-FR","potentialAction":[{"@type":"ReadAction","target":["https:\/\/vof-news.eu\/fr\/a-vergeze-dans-le-gard-la-verrerie-du-languedoc-groupe-owens-illinois-mobilisee-contre-sa-fermeture\/"]}]},{"@type":"ImageObject","inLanguage":"fr-FR","@id":"https:\/\/vof-news.eu\/fr\/a-vergeze-dans-le-gard-la-verrerie-du-languedoc-groupe-owens-illinois-mobilisee-contre-sa-fermeture\/#primaryimage","url":"https:\/\/vof-news.eu\/wp-content\/uploads\/2025\/07\/83c338d_upload-1-ztmveumnrhx3-maxnewsspecialtwo192084.jpg","contentUrl":"https:\/\/vof-news.eu\/wp-content\/uploads\/2025\/07\/83c338d_upload-1-ztmveumnrhx3-maxnewsspecialtwo192084.jpg","width":664,"height":443},{"@type":"BreadcrumbList","@id":"https:\/\/vof-news.eu\/fr\/a-vergeze-dans-le-gard-la-verrerie-du-languedoc-groupe-owens-illinois-mobilisee-contre-sa-fermeture\/#breadcrumb","itemListElement":[{"@type":"ListItem","position":1,"name":"Home","item":"https:\/\/vof-news.eu\/fr\/"},{"@type":"ListItem","position":2,"name":"\u00c0 Verg\u00e8ze, dans le Gard, la verrerie du Languedoc, groupe Owens-Illinois, mobilis\u00e9e contre sa fermeture"}]},{"@type":"WebSite","@id":"https:\/\/vof-news.eu\/fr\/#website","url":"https:\/\/vof-news.eu\/fr\/","name":"vof-news.eu","description":"","potentialAction":[{"@type":"SearchAction","target":{"@type":"EntryPoint","urlTemplate":"https:\/\/vof-news.eu\/fr\/?s={search_term_string}"},"query-input":"required name=search_term_string"}],"inLanguage":"fr-FR"},{"@type":"Person","@id":"https:\/\/vof-news.eu\/fr\/#\/schema\/person\/f6a2a4309f0561835797fd8c19b333ed","name":"Author","image":{"@type":"ImageObject","inLanguage":"fr-FR","@id":"https:\/\/vof-news.eu\/fr\/#\/schema\/person\/image\/","url":"https:\/\/secure.gravatar.com\/avatar\/b67e614b1b25b3e9c0c239efdd2fde5ab015b5affd6f1c3c85911ca4b384e790?s=96&d=mm&r=g","contentUrl":"https:\/\/secure.gravatar.com\/avatar\/b67e614b1b25b3e9c0c239efdd2fde5ab015b5affd6f1c3c85911ca4b384e790?s=96&d=mm&r=g","caption":"Author"},"sameAs":["http:\/\/vof-news.eu"],"url":"https:\/\/vof-news.eu\/fr\/author\/zwt6qxnjulxbnyg\/"}]}},"yoast_meta":{"yoast_wpseo_title":"","yoast_wpseo_metadesc":"","yoast_wpseo_canonical":""},"_links":{"self":[{"href":"https:\/\/vof-news.eu\/fr\/wp-json\/wp\/v2\/posts\/246523","targetHints":{"allow":["GET"]}}],"collection":[{"href":"https:\/\/vof-news.eu\/fr\/wp-json\/wp\/v2\/posts"}],"about":[{"href":"https:\/\/vof-news.eu\/fr\/wp-json\/wp\/v2\/types\/post"}],"author":[{"embeddable":true,"href":"https:\/\/vof-news.eu\/fr\/wp-json\/wp\/v2\/users\/1"}],"replies":[{"embeddable":true,"href":"https:\/\/vof-news.eu\/fr\/wp-json\/wp\/v2\/comments?post=246523"}],"version-history":[{"count":1,"href":"https:\/\/vof-news.eu\/fr\/wp-json\/wp\/v2\/posts\/246523\/revisions"}],"predecessor-version":[{"id":246530,"href":"https:\/\/vof-news.eu\/fr\/wp-json\/wp\/v2\/posts\/246523\/revisions\/246530"}],"wp:featuredmedia":[{"embeddable":true,"href":"https:\/\/vof-news.eu\/fr\/wp-json\/wp\/v2\/media\/246524"}],"wp:attachment":[{"href":"https:\/\/vof-news.eu\/fr\/wp-json\/wp\/v2\/media?parent=246523"}],"wp:term":[{"taxonomy":"category","embeddable":true,"href":"https:\/\/vof-news.eu\/fr\/wp-json\/wp\/v2\/categories?post=246523"},{"taxonomy":"post_tag","embeddable":true,"href":"https:\/\/vof-news.eu\/fr\/wp-json\/wp\/v2\/tags?post=246523"}],"curies":[{"name":"wp","href":"https:\/\/api.w.org\/{rel}","templated":true}]}}