{"id":246521,"date":"2025-07-03T21:33:49","date_gmt":"2025-07-03T18:33:49","guid":{"rendered":"https:\/\/vof-news.eu\/au-bhv-les-syndicats-appellent-a-la-greve\/"},"modified":"2025-07-03T21:34:03","modified_gmt":"2025-07-03T18:34:03","slug":"au-bhv-les-syndicats-appellent-a-la-greve","status":"publish","type":"post","link":"https:\/\/vof-news.eu\/fr\/au-bhv-les-syndicats-appellent-a-la-greve\/","title":{"rendered":"Au BHV, les syndicats appellent \u00e0\u00a0la\u00a0gr\u00e8ve"},"content":{"rendered":"<article>\n<p>Plusieurs organisations syndicales du Bazar de l\u2019H\u00f4tel de ville (BHV) ont lanc\u00e9 un appel \u00e0 la gr\u00e8ve et \u00e0 manifester pour vendredi 4\u00a0juillet \u00e0 15\u00a0heures aux abords du grand magasin parisien situ\u00e9, comme son nom l\u2019indique, pr\u00e8s de l\u2019H\u00f4tel de ville.<\/p>\n<p>Les repr\u00e9sentants du personnel (CFDT, CFTC-CSFV, CGT, SUD-Solidaires) d\u00e9noncent, dans leur tract, [qui] [la][l\u2019] dans les rangs des salari\u00e9s du joyau commercial parisien. Ils y relaient \u00e9galement  et , qui mettent en p\u00e9ril, selon eux, la satisfaction des clients et la p\u00e9rennit\u00e9 du grand magasin.<\/p>\n<p>S\u2019il , Karl-St\u00e9phane Cottendin, directeur\u00a0g\u00e9n\u00e9ral du grand magasin s\u2019\u00e9tonne que ces d\u00e9brayages surviennent apr\u00e8s , et surtout apr\u00e8s .<\/p>\n<h2>Les fournisseurs se plaignent de\u00a0retards de paiement<\/h2>\n<p>Depuis le rachat, \u00e0 la fin de\u00a02023,\u00a0du BHV \u00e0 la famille Moulin, propri\u00e9taire des Galeries Lafayette, par la Soci\u00e9t\u00e9 des grands magasins (SGM), une jeune fonci\u00e8re familiale sp\u00e9cialis\u00e9e dans le redressement de centres commerciaux en difficult\u00e9, pr\u00e9sid\u00e9e par Fr\u00e9deric Merlin, la situation de ce joyau commercial de la capitale est compliqu\u00e9e.<\/p>\n<section>   <\/section>\n<p>Les difficult\u00e9s se sont encha\u00een\u00e9es. Les fournisseurs se sont plaints d\u2019importants retards de paiement qui les p\u00e9nalisent. Nombre d\u2019entre eux op\u00e8rent sous le r\u00e9gime de la concession, une pratique courante dans les grands magasins, o\u00f9 les marques g\u00e8rent elles-m\u00eames leurs ventes (mais aussi leurs personnels, leurs stocks\u2026) sur les m\u00e8tres carr\u00e9s allou\u00e9s. Le grand magasin encaisse les recettes et les restitue, commission d\u00e9duite, habituellement sous une quinzaine de\u00a0jours apr\u00e8s la fin du mois.<\/p>\n<p><strong>Il vous reste 60.48% de cet article \u00e0 lire. La suite est r\u00e9serv\u00e9e aux abonn\u00e9s.<\/strong><\/p>\n<\/article>\n","protected":false},"excerpt":{"rendered":"<p>Plusieurs organisations syndicales du Bazar de l\u2019H\u00f4tel de ville (BHV) ont lanc\u00e9 un appel \u00e0 la gr\u00e8ve et \u00e0 manifester pour vendredi 4\u00a0juillet \u00e0 15\u00a0heures aux abords du grand magasin parisien situ\u00e9, comme son nom l\u2019indique, pr\u00e8s de l\u2019H\u00f4tel de ville. Les repr\u00e9sentants du personnel (CFDT, CFTC-CSFV, CGT, SUD-Solidaires) d\u00e9noncent, dans leur tract, [qui] [la][l\u2019]<\/p>\n","protected":false},"author":1,"featured_media":0,"comment_status":"open","ping_status":"open","sticky":false,"template":"","format":"standard","meta":{"footnotes":""},"categories":[58],"tags":[],"class_list":["post-246521","post","type-post","status-publish","format-standard","hentry","category-business-fr"],"acf":[],"yoast_head":"<!-- This site is optimized with the Yoast SEO plugin v22.9 - https:\/\/yoast.com\/wordpress\/plugins\/seo\/ -->\n<title>Au BHV, les syndicats appellent \u00e0\u00a0la\u00a0gr\u00e8ve - vof-news.eu<\/title>\n<meta name=\"description\" content=\"Plusieurs organisations syndicales du Bazar de l\u2019H\u00f4tel de ville (BHV) ont lanc\u00e9 un appel \u00e0 la gr\u00e8ve et \u00e0 manifester pour vendredi 4\u00a0juillet \u00e0 15\u00a0heures aux abords du grand magasin parisien situ\u00e9, comme son nom l\u2019indique, pr\u00e8s de l\u2019H\u00f4tel de ville. Les repr\u00e9sentants du personnel (CFDT, CFTC-CSFV, CGT, SUD-Solidaires) d\u00e9noncent, dans leur tract, [qui] [la][l\u2019] dans les rangs des salari\u00e9s du joyau commercial parisien. Ils y relaient \u00e9galement et , qui mettent en p\u00e9ril, selon eux, la satisfaction des clients et la p\u00e9rennit\u00e9 du grand magasin. S\u2019il , Karl-St\u00e9phane Cottendin, directeur\u00a0g\u00e9n\u00e9ral du grand magasin s\u2019\u00e9tonne que ces d\u00e9brayages surviennent apr\u00e8s , et surtout apr\u00e8s . Les fournisseurs se plaignent de\u00a0retards de paiement Depuis le rachat, \u00e0 la fin de\u00a02023,\u00a0du BHV \u00e0 la famille Moulin, propri\u00e9taire des Galeries Lafayette, par la Soci\u00e9t\u00e9 des grands magasins (SGM), une jeune fonci\u00e8re familiale sp\u00e9cialis\u00e9e dans le redressement de centres commerciaux en difficult\u00e9, pr\u00e9sid\u00e9e par Fr\u00e9deric Merlin, la situation de ce joyau commercial de la capitale est compliqu\u00e9e.   Les difficult\u00e9s se sont encha\u00een\u00e9es. Les fournisseurs se sont plaints d\u2019importants retards de paiement qui les p\u00e9nalisent. Nombre d\u2019entre eux op\u00e8rent sous le r\u00e9gime de la concession, une pratique courante dans les grands magasins, o\u00f9 les marques g\u00e8rent elles-m\u00eames leurs ventes (mais aussi leurs personnels, leurs stocks\u2026) sur les m\u00e8tres carr\u00e9s allou\u00e9s. Le grand magasin encaisse les recettes et les restitue, commission d\u00e9duite, habituellement sous une quinzaine de\u00a0jours apr\u00e8s la fin du mois. Il vous reste 60.48% de cet article \u00e0 lire. La suite est r\u00e9serv\u00e9e aux abonn\u00e9s.\" \/>\n<meta name=\"robots\" content=\"noindex, follow, max-snippet:-1, max-image-preview:large, max-video-preview:-1\" \/>\n<meta property=\"og:locale\" content=\"fr_FR\" \/>\n<meta property=\"og:type\" content=\"article\" \/>\n<meta property=\"og:title\" content=\"Au BHV, les syndicats appellent \u00e0\u00a0la\u00a0gr\u00e8ve - vof-news.eu\" \/>\n<meta property=\"og:description\" content=\"Plusieurs organisations syndicales du Bazar de l\u2019H\u00f4tel de ville (BHV) ont lanc\u00e9 un appel \u00e0 la gr\u00e8ve et \u00e0 manifester pour vendredi 4\u00a0juillet \u00e0 15\u00a0heures aux abords du grand magasin parisien situ\u00e9, comme son nom l\u2019indique, pr\u00e8s de l\u2019H\u00f4tel de ville. Les repr\u00e9sentants du personnel (CFDT, CFTC-CSFV, CGT, SUD-Solidaires) d\u00e9noncent, dans leur tract, [qui] [la][l\u2019] dans les rangs des salari\u00e9s du joyau commercial parisien. Ils y relaient \u00e9galement et , qui mettent en p\u00e9ril, selon eux, la satisfaction des clients et la p\u00e9rennit\u00e9 du grand magasin. S\u2019il , Karl-St\u00e9phane Cottendin, directeur\u00a0g\u00e9n\u00e9ral du grand magasin s\u2019\u00e9tonne que ces d\u00e9brayages surviennent apr\u00e8s , et surtout apr\u00e8s . Les fournisseurs se plaignent de\u00a0retards de paiement Depuis le rachat, \u00e0 la fin de\u00a02023,\u00a0du BHV \u00e0 la famille Moulin, propri\u00e9taire des Galeries Lafayette, par la Soci\u00e9t\u00e9 des grands magasins (SGM), une jeune fonci\u00e8re familiale sp\u00e9cialis\u00e9e dans le redressement de centres commerciaux en difficult\u00e9, pr\u00e9sid\u00e9e par Fr\u00e9deric Merlin, la situation de ce joyau commercial de la capitale est compliqu\u00e9e.   Les difficult\u00e9s se sont encha\u00een\u00e9es. Les fournisseurs se sont plaints d\u2019importants retards de paiement qui les p\u00e9nalisent. Nombre d\u2019entre eux op\u00e8rent sous le r\u00e9gime de la concession, une pratique courante dans les grands magasins, o\u00f9 les marques g\u00e8rent elles-m\u00eames leurs ventes (mais aussi leurs personnels, leurs stocks\u2026) sur les m\u00e8tres carr\u00e9s allou\u00e9s. Le grand magasin encaisse les recettes et les restitue, commission d\u00e9duite, habituellement sous une quinzaine de\u00a0jours apr\u00e8s la fin du mois. Il vous reste 60.48% de cet article \u00e0 lire. La suite est r\u00e9serv\u00e9e aux abonn\u00e9s.\" \/>\n<meta property=\"og:url\" content=\"https:\/\/vof-news.eu\/fr\/au-bhv-les-syndicats-appellent-a-la-greve\/\" \/>\n<meta property=\"og:site_name\" content=\"vof-news.eu\" \/>\n<meta property=\"article:published_time\" content=\"2025-07-03T18:33:49+00:00\" \/>\n<meta property=\"article:modified_time\" content=\"2025-07-03T18:34:03+00:00\" \/>\n<meta name=\"author\" content=\"Author\" \/>\n<meta name=\"twitter:card\" content=\"summary_large_image\" \/>\n<meta name=\"twitter:label1\" content=\"\u00c9crit par\" \/>\n\t<meta name=\"twitter:data1\" content=\"Author\" \/>\n\t<meta name=\"twitter:label2\" content=\"Dur\u00e9e de lecture estim\u00e9e\" \/>\n\t<meta name=\"twitter:data2\" content=\"1 minute\" \/>\n<script type=\"application\/ld+json\" class=\"yoast-schema-graph\">{\"@context\":\"https:\/\/schema.org\",\"@graph\":[{\"@type\":\"WebPage\",\"@id\":\"https:\/\/vof-news.eu\/fr\/au-bhv-les-syndicats-appellent-a-la-greve\/\",\"url\":\"https:\/\/vof-news.eu\/fr\/au-bhv-les-syndicats-appellent-a-la-greve\/\",\"name\":\"Au BHV, les syndicats appellent \u00e0\u00a0la\u00a0gr\u00e8ve - vof-news.eu\",\"isPartOf\":{\"@id\":\"https:\/\/vof-news.eu\/fr\/#website\"},\"datePublished\":\"2025-07-03T18:33:49+00:00\",\"dateModified\":\"2025-07-03T18:34:03+00:00\",\"author\":{\"@id\":\"https:\/\/vof-news.eu\/fr\/#\/schema\/person\/f6a2a4309f0561835797fd8c19b333ed\"},\"description\":\"Plusieurs organisations syndicales du Bazar de l\u2019H\u00f4tel de ville (BHV) ont lanc\u00e9 un appel \u00e0 la gr\u00e8ve et \u00e0 manifester pour vendredi 4\u00a0juillet \u00e0 15\u00a0heures aux abords du grand magasin parisien situ\u00e9, comme son nom l\u2019indique, pr\u00e8s de l\u2019H\u00f4tel de ville. Les repr\u00e9sentants du personnel (CFDT, CFTC-CSFV, CGT, SUD-Solidaires) d\u00e9noncent, dans leur tract, [qui] [la][l\u2019] dans les rangs des salari\u00e9s du joyau commercial parisien. Ils y relaient \u00e9galement et , qui mettent en p\u00e9ril, selon eux, la satisfaction des clients et la p\u00e9rennit\u00e9 du grand magasin. S\u2019il , Karl-St\u00e9phane Cottendin, directeur\u00a0g\u00e9n\u00e9ral du grand magasin s\u2019\u00e9tonne que ces d\u00e9brayages surviennent apr\u00e8s , et surtout apr\u00e8s . Les fournisseurs se plaignent de\u00a0retards de paiement Depuis le rachat, \u00e0 la fin de\u00a02023,\u00a0du BHV \u00e0 la famille Moulin, propri\u00e9taire des Galeries Lafayette, par la Soci\u00e9t\u00e9 des grands magasins (SGM), une jeune fonci\u00e8re familiale sp\u00e9cialis\u00e9e dans le redressement de centres commerciaux en difficult\u00e9, pr\u00e9sid\u00e9e par Fr\u00e9deric Merlin, la situation de ce joyau commercial de la capitale est compliqu\u00e9e. Les difficult\u00e9s se sont encha\u00een\u00e9es. Les fournisseurs se sont plaints d\u2019importants retards de paiement qui les p\u00e9nalisent. Nombre d\u2019entre eux op\u00e8rent sous le r\u00e9gime de la concession, une pratique courante dans les grands magasins, o\u00f9 les marques g\u00e8rent elles-m\u00eames leurs ventes (mais aussi leurs personnels, leurs stocks\u2026) sur les m\u00e8tres carr\u00e9s allou\u00e9s. Le grand magasin encaisse les recettes et les restitue, commission d\u00e9duite, habituellement sous une quinzaine de\u00a0jours apr\u00e8s la fin du mois. Il vous reste 60.48% de cet article \u00e0 lire. La suite est r\u00e9serv\u00e9e aux abonn\u00e9s.\",\"breadcrumb\":{\"@id\":\"https:\/\/vof-news.eu\/fr\/au-bhv-les-syndicats-appellent-a-la-greve\/#breadcrumb\"},\"inLanguage\":\"fr-FR\",\"potentialAction\":[{\"@type\":\"ReadAction\",\"target\":[\"https:\/\/vof-news.eu\/fr\/au-bhv-les-syndicats-appellent-a-la-greve\/\"]}]},{\"@type\":\"BreadcrumbList\",\"@id\":\"https:\/\/vof-news.eu\/fr\/au-bhv-les-syndicats-appellent-a-la-greve\/#breadcrumb\",\"itemListElement\":[{\"@type\":\"ListItem\",\"position\":1,\"name\":\"Home\",\"item\":\"https:\/\/vof-news.eu\/fr\/\"},{\"@type\":\"ListItem\",\"position\":2,\"name\":\"Au BHV, les syndicats appellent \u00e0\u00a0la\u00a0gr\u00e8ve\"}]},{\"@type\":\"WebSite\",\"@id\":\"https:\/\/vof-news.eu\/fr\/#website\",\"url\":\"https:\/\/vof-news.eu\/fr\/\",\"name\":\"vof-news.eu\",\"description\":\"\",\"potentialAction\":[{\"@type\":\"SearchAction\",\"target\":{\"@type\":\"EntryPoint\",\"urlTemplate\":\"https:\/\/vof-news.eu\/fr\/?s={search_term_string}\"},\"query-input\":\"required name=search_term_string\"}],\"inLanguage\":\"fr-FR\"},{\"@type\":\"Person\",\"@id\":\"https:\/\/vof-news.eu\/fr\/#\/schema\/person\/f6a2a4309f0561835797fd8c19b333ed\",\"name\":\"Author\",\"image\":{\"@type\":\"ImageObject\",\"inLanguage\":\"fr-FR\",\"@id\":\"https:\/\/vof-news.eu\/fr\/#\/schema\/person\/image\/\",\"url\":\"https:\/\/secure.gravatar.com\/avatar\/b67e614b1b25b3e9c0c239efdd2fde5ab015b5affd6f1c3c85911ca4b384e790?s=96&d=mm&r=g\",\"contentUrl\":\"https:\/\/secure.gravatar.com\/avatar\/b67e614b1b25b3e9c0c239efdd2fde5ab015b5affd6f1c3c85911ca4b384e790?s=96&d=mm&r=g\",\"caption\":\"Author\"},\"sameAs\":[\"http:\/\/vof-news.eu\"],\"url\":\"https:\/\/vof-news.eu\/fr\/author\/zwt6qxnjulxbnyg\/\"}]}<\/script>\n<!-- \/ Yoast SEO plugin. -->","yoast_head_json":{"title":"Au BHV, les syndicats appellent \u00e0\u00a0la\u00a0gr\u00e8ve - vof-news.eu","description":"Plusieurs organisations syndicales du Bazar de l\u2019H\u00f4tel de ville (BHV) ont lanc\u00e9 un appel \u00e0 la gr\u00e8ve et \u00e0 manifester pour vendredi 4\u00a0juillet \u00e0 15\u00a0heures aux abords du grand magasin parisien situ\u00e9, comme son nom l\u2019indique, pr\u00e8s de l\u2019H\u00f4tel de ville. Les repr\u00e9sentants du personnel (CFDT, CFTC-CSFV, CGT, SUD-Solidaires) d\u00e9noncent, dans leur tract, [qui] [la][l\u2019] dans les rangs des salari\u00e9s du joyau commercial parisien. Ils y relaient \u00e9galement et , qui mettent en p\u00e9ril, selon eux, la satisfaction des clients et la p\u00e9rennit\u00e9 du grand magasin. S\u2019il , Karl-St\u00e9phane Cottendin, directeur\u00a0g\u00e9n\u00e9ral du grand magasin s\u2019\u00e9tonne que ces d\u00e9brayages surviennent apr\u00e8s , et surtout apr\u00e8s . Les fournisseurs se plaignent de\u00a0retards de paiement Depuis le rachat, \u00e0 la fin de\u00a02023,\u00a0du BHV \u00e0 la famille Moulin, propri\u00e9taire des Galeries Lafayette, par la Soci\u00e9t\u00e9 des grands magasins (SGM), une jeune fonci\u00e8re familiale sp\u00e9cialis\u00e9e dans le redressement de centres commerciaux en difficult\u00e9, pr\u00e9sid\u00e9e par Fr\u00e9deric Merlin, la situation de ce joyau commercial de la capitale est compliqu\u00e9e.   Les difficult\u00e9s se sont encha\u00een\u00e9es. Les fournisseurs se sont plaints d\u2019importants retards de paiement qui les p\u00e9nalisent. Nombre d\u2019entre eux op\u00e8rent sous le r\u00e9gime de la concession, une pratique courante dans les grands magasins, o\u00f9 les marques g\u00e8rent elles-m\u00eames leurs ventes (mais aussi leurs personnels, leurs stocks\u2026) sur les m\u00e8tres carr\u00e9s allou\u00e9s. Le grand magasin encaisse les recettes et les restitue, commission d\u00e9duite, habituellement sous une quinzaine de\u00a0jours apr\u00e8s la fin du mois. Il vous reste 60.48% de cet article \u00e0 lire. La suite est r\u00e9serv\u00e9e aux abonn\u00e9s.","robots":{"index":"noindex","follow":"follow","max-snippet":"max-snippet:-1","max-image-preview":"max-image-preview:large","max-video-preview":"max-video-preview:-1"},"og_locale":"fr_FR","og_type":"article","og_title":"Au BHV, les syndicats appellent \u00e0\u00a0la\u00a0gr\u00e8ve - vof-news.eu","og_description":"Plusieurs organisations syndicales du Bazar de l\u2019H\u00f4tel de ville (BHV) ont lanc\u00e9 un appel \u00e0 la gr\u00e8ve et \u00e0 manifester pour vendredi 4\u00a0juillet \u00e0 15\u00a0heures aux abords du grand magasin parisien situ\u00e9, comme son nom l\u2019indique, pr\u00e8s de l\u2019H\u00f4tel de ville. Les repr\u00e9sentants du personnel (CFDT, CFTC-CSFV, CGT, SUD-Solidaires) d\u00e9noncent, dans leur tract, [qui] [la][l\u2019] dans les rangs des salari\u00e9s du joyau commercial parisien. Ils y relaient \u00e9galement et , qui mettent en p\u00e9ril, selon eux, la satisfaction des clients et la p\u00e9rennit\u00e9 du grand magasin. S\u2019il , Karl-St\u00e9phane Cottendin, directeur\u00a0g\u00e9n\u00e9ral du grand magasin s\u2019\u00e9tonne que ces d\u00e9brayages surviennent apr\u00e8s , et surtout apr\u00e8s . Les fournisseurs se plaignent de\u00a0retards de paiement Depuis le rachat, \u00e0 la fin de\u00a02023,\u00a0du BHV \u00e0 la famille Moulin, propri\u00e9taire des Galeries Lafayette, par la Soci\u00e9t\u00e9 des grands magasins (SGM), une jeune fonci\u00e8re familiale sp\u00e9cialis\u00e9e dans le redressement de centres commerciaux en difficult\u00e9, pr\u00e9sid\u00e9e par Fr\u00e9deric Merlin, la situation de ce joyau commercial de la capitale est compliqu\u00e9e.   Les difficult\u00e9s se sont encha\u00een\u00e9es. Les fournisseurs se sont plaints d\u2019importants retards de paiement qui les p\u00e9nalisent. Nombre d\u2019entre eux op\u00e8rent sous le r\u00e9gime de la concession, une pratique courante dans les grands magasins, o\u00f9 les marques g\u00e8rent elles-m\u00eames leurs ventes (mais aussi leurs personnels, leurs stocks\u2026) sur les m\u00e8tres carr\u00e9s allou\u00e9s. Le grand magasin encaisse les recettes et les restitue, commission d\u00e9duite, habituellement sous une quinzaine de\u00a0jours apr\u00e8s la fin du mois. Il vous reste 60.48% de cet article \u00e0 lire. La suite est r\u00e9serv\u00e9e aux abonn\u00e9s.","og_url":"https:\/\/vof-news.eu\/fr\/au-bhv-les-syndicats-appellent-a-la-greve\/","og_site_name":"vof-news.eu","article_published_time":"2025-07-03T18:33:49+00:00","article_modified_time":"2025-07-03T18:34:03+00:00","author":"Author","twitter_card":"summary_large_image","twitter_misc":{"\u00c9crit par":"Author","Dur\u00e9e de lecture estim\u00e9e":"1 minute"},"schema":{"@context":"https:\/\/schema.org","@graph":[{"@type":"WebPage","@id":"https:\/\/vof-news.eu\/fr\/au-bhv-les-syndicats-appellent-a-la-greve\/","url":"https:\/\/vof-news.eu\/fr\/au-bhv-les-syndicats-appellent-a-la-greve\/","name":"Au BHV, les syndicats appellent \u00e0\u00a0la\u00a0gr\u00e8ve - vof-news.eu","isPartOf":{"@id":"https:\/\/vof-news.eu\/fr\/#website"},"datePublished":"2025-07-03T18:33:49+00:00","dateModified":"2025-07-03T18:34:03+00:00","author":{"@id":"https:\/\/vof-news.eu\/fr\/#\/schema\/person\/f6a2a4309f0561835797fd8c19b333ed"},"description":"Plusieurs organisations syndicales du Bazar de l\u2019H\u00f4tel de ville (BHV) ont lanc\u00e9 un appel \u00e0 la gr\u00e8ve et \u00e0 manifester pour vendredi 4\u00a0juillet \u00e0 15\u00a0heures aux abords du grand magasin parisien situ\u00e9, comme son nom l\u2019indique, pr\u00e8s de l\u2019H\u00f4tel de ville. Les repr\u00e9sentants du personnel (CFDT, CFTC-CSFV, CGT, SUD-Solidaires) d\u00e9noncent, dans leur tract, [qui] [la][l\u2019] dans les rangs des salari\u00e9s du joyau commercial parisien. Ils y relaient \u00e9galement et , qui mettent en p\u00e9ril, selon eux, la satisfaction des clients et la p\u00e9rennit\u00e9 du grand magasin. S\u2019il , Karl-St\u00e9phane Cottendin, directeur\u00a0g\u00e9n\u00e9ral du grand magasin s\u2019\u00e9tonne que ces d\u00e9brayages surviennent apr\u00e8s , et surtout apr\u00e8s . Les fournisseurs se plaignent de\u00a0retards de paiement Depuis le rachat, \u00e0 la fin de\u00a02023,\u00a0du BHV \u00e0 la famille Moulin, propri\u00e9taire des Galeries Lafayette, par la Soci\u00e9t\u00e9 des grands magasins (SGM), une jeune fonci\u00e8re familiale sp\u00e9cialis\u00e9e dans le redressement de centres commerciaux en difficult\u00e9, pr\u00e9sid\u00e9e par Fr\u00e9deric Merlin, la situation de ce joyau commercial de la capitale est compliqu\u00e9e. Les difficult\u00e9s se sont encha\u00een\u00e9es. Les fournisseurs se sont plaints d\u2019importants retards de paiement qui les p\u00e9nalisent. Nombre d\u2019entre eux op\u00e8rent sous le r\u00e9gime de la concession, une pratique courante dans les grands magasins, o\u00f9 les marques g\u00e8rent elles-m\u00eames leurs ventes (mais aussi leurs personnels, leurs stocks\u2026) sur les m\u00e8tres carr\u00e9s allou\u00e9s. Le grand magasin encaisse les recettes et les restitue, commission d\u00e9duite, habituellement sous une quinzaine de\u00a0jours apr\u00e8s la fin du mois. Il vous reste 60.48% de cet article \u00e0 lire. La suite est r\u00e9serv\u00e9e aux abonn\u00e9s.","breadcrumb":{"@id":"https:\/\/vof-news.eu\/fr\/au-bhv-les-syndicats-appellent-a-la-greve\/#breadcrumb"},"inLanguage":"fr-FR","potentialAction":[{"@type":"ReadAction","target":["https:\/\/vof-news.eu\/fr\/au-bhv-les-syndicats-appellent-a-la-greve\/"]}]},{"@type":"BreadcrumbList","@id":"https:\/\/vof-news.eu\/fr\/au-bhv-les-syndicats-appellent-a-la-greve\/#breadcrumb","itemListElement":[{"@type":"ListItem","position":1,"name":"Home","item":"https:\/\/vof-news.eu\/fr\/"},{"@type":"ListItem","position":2,"name":"Au BHV, les syndicats appellent \u00e0\u00a0la\u00a0gr\u00e8ve"}]},{"@type":"WebSite","@id":"https:\/\/vof-news.eu\/fr\/#website","url":"https:\/\/vof-news.eu\/fr\/","name":"vof-news.eu","description":"","potentialAction":[{"@type":"SearchAction","target":{"@type":"EntryPoint","urlTemplate":"https:\/\/vof-news.eu\/fr\/?s={search_term_string}"},"query-input":"required name=search_term_string"}],"inLanguage":"fr-FR"},{"@type":"Person","@id":"https:\/\/vof-news.eu\/fr\/#\/schema\/person\/f6a2a4309f0561835797fd8c19b333ed","name":"Author","image":{"@type":"ImageObject","inLanguage":"fr-FR","@id":"https:\/\/vof-news.eu\/fr\/#\/schema\/person\/image\/","url":"https:\/\/secure.gravatar.com\/avatar\/b67e614b1b25b3e9c0c239efdd2fde5ab015b5affd6f1c3c85911ca4b384e790?s=96&d=mm&r=g","contentUrl":"https:\/\/secure.gravatar.com\/avatar\/b67e614b1b25b3e9c0c239efdd2fde5ab015b5affd6f1c3c85911ca4b384e790?s=96&d=mm&r=g","caption":"Author"},"sameAs":["http:\/\/vof-news.eu"],"url":"https:\/\/vof-news.eu\/fr\/author\/zwt6qxnjulxbnyg\/"}]}},"yoast_meta":{"yoast_wpseo_title":"","yoast_wpseo_metadesc":"","yoast_wpseo_canonical":""},"_links":{"self":[{"href":"https:\/\/vof-news.eu\/fr\/wp-json\/wp\/v2\/posts\/246521","targetHints":{"allow":["GET"]}}],"collection":[{"href":"https:\/\/vof-news.eu\/fr\/wp-json\/wp\/v2\/posts"}],"about":[{"href":"https:\/\/vof-news.eu\/fr\/wp-json\/wp\/v2\/types\/post"}],"author":[{"embeddable":true,"href":"https:\/\/vof-news.eu\/fr\/wp-json\/wp\/v2\/users\/1"}],"replies":[{"embeddable":true,"href":"https:\/\/vof-news.eu\/fr\/wp-json\/wp\/v2\/comments?post=246521"}],"version-history":[{"count":1,"href":"https:\/\/vof-news.eu\/fr\/wp-json\/wp\/v2\/posts\/246521\/revisions"}],"predecessor-version":[{"id":246522,"href":"https:\/\/vof-news.eu\/fr\/wp-json\/wp\/v2\/posts\/246521\/revisions\/246522"}],"wp:attachment":[{"href":"https:\/\/vof-news.eu\/fr\/wp-json\/wp\/v2\/media?parent=246521"}],"wp:term":[{"taxonomy":"category","embeddable":true,"href":"https:\/\/vof-news.eu\/fr\/wp-json\/wp\/v2\/categories?post=246521"},{"taxonomy":"post_tag","embeddable":true,"href":"https:\/\/vof-news.eu\/fr\/wp-json\/wp\/v2\/tags?post=246521"}],"curies":[{"name":"wp","href":"https:\/\/api.w.org\/{rel}","templated":true}]}}