{"id":246513,"date":"2025-07-03T21:32:55","date_gmt":"2025-07-03T18:32:55","guid":{"rendered":"https:\/\/vof-news.eu\/budget-francois-bayrou-annonce-presenter-ses-orientations-le-15-juillet\/"},"modified":"2025-07-03T21:33:18","modified_gmt":"2025-07-03T18:33:18","slug":"budget-francois-bayrou-annonce-presenter-ses-orientations-le-15-juillet","status":"publish","type":"post","link":"https:\/\/vof-news.eu\/fr\/budget-francois-bayrou-annonce-presenter-ses-orientations-le-15-juillet\/","title":{"rendered":"Budget\u00a0: Fran\u00e7ois Bayrou annonce pr\u00e9senter ses orientations le\u00a015\u00a0juillet"},"content":{"rendered":"<article>\n<p>Fran\u00e7ois Bayrou a annonc\u00e9, sur BFM-TV jeudi\u00a03\u00a0juillet, qu\u2019il pr\u00e9senterait son plan de redressement des finances publiques et ses orientations budg\u00e9taires mardi 15\u00a0juillet. Le premier ministre a promis de tenir les  pris pour le budget de cette ann\u00e9e,  et .<\/p>\n<p>Il s\u2019est engag\u00e9 \u00e0 pr\u00e9senter, dans un plan sur quatre ans, les moyens (\u2026) afin qu\u2019on . , a-t-il assur\u00e9. Pour rappel, Bercy souhaite trouver 40\u00a0milliards d\u2019euros d\u2019 financ\u00e9s par  ou  pour le budget 2026.<\/p>\n<p>Apr\u00e8s avoir \u00e9chapp\u00e9 \u00e0 huit motions de censure depuis sa nomination, en d\u00e9cembre\u00a02024, le premier ministre regrette [vre]. Le risque d\u2019une censure \u00e0 l\u2019automne est tr\u00e8s \u00e9lev\u00e9.<\/p>\n<p>Mardi, la Cour des comptes a publi\u00e9 <a href=\"https:\/\/www.ccomptes.fr\/fr\/publications\/la-situation-et-les-perspectives-des-finances-publiques-16\" rel=\"nofollow\">un rapport<\/a> appelant \u00e0  des finances publiques et pr\u00e9conisant des efforts budg\u00e9taires  lors des prochaines ann\u00e9es. , \u00e9crit l\u2019institution ind\u00e9pendante pr\u00e9sid\u00e9e par Pierre Moscovici.<\/p>\n<section>   <\/section>\n<section>\n<p> <span>Le Monde avec AFP<\/span> <\/p>\n<\/section>\n<section>\n<section>\n<header>   <\/header>\n<section>\n<section> <a href=\"https:\/\/abo.lemonde.fr\/?lmd_medium=BOUTONS_LMFR&amp;lmd_campaign=CONTRIBUTION_ARTICLE\" rel=\"nofollow\">S\u2019abonner<\/a> <\/section>\n<\/section>\n<section><\/section>\n<\/section>\n<p>Contribuer<\/p>\n<p> <a href=\"https:\/\/www.lemonde.fr\/syndication\/\" rel=\"nofollow\">R\u00e9utiliser ce contenu<\/a> <\/section>\n<\/article>\n","protected":false},"excerpt":{"rendered":"<p>Fran\u00e7ois Bayrou a annonc\u00e9, sur BFM-TV jeudi\u00a03\u00a0juillet, qu\u2019il pr\u00e9senterait son plan de redressement des finances publiques et ses orientations budg\u00e9taires mardi 15\u00a0juillet. Le premier ministre a promis de tenir les pris pour le budget de cette ann\u00e9e, et . Il s\u2019est engag\u00e9 \u00e0 pr\u00e9senter, dans un plan sur quatre ans, les moyens (\u2026) afin qu\u2019on<\/p>\n","protected":false},"author":1,"featured_media":246514,"comment_status":"open","ping_status":"open","sticky":false,"template":"","format":"standard","meta":{"footnotes":""},"categories":[68],"tags":[],"class_list":["post-246513","post","type-post","status-publish","format-standard","has-post-thumbnail","hentry","category-politics-fr"],"acf":[],"yoast_head":"<!-- This site is optimized with the Yoast SEO plugin v22.9 - https:\/\/yoast.com\/wordpress\/plugins\/seo\/ -->\n<title>Budget\u00a0: Fran\u00e7ois Bayrou annonce pr\u00e9senter ses orientations le\u00a015\u00a0juillet - vof-news.eu<\/title>\n<meta name=\"description\" content=\"Fran\u00e7ois Bayrou a annonc\u00e9, sur BFM-TV jeudi\u00a03\u00a0juillet, qu\u2019il pr\u00e9senterait son plan de redressement des finances publiques et ses orientations budg\u00e9taires mardi 15\u00a0juillet. Le premier ministre a promis de tenir les pris pour le budget de cette ann\u00e9e, et . Il s\u2019est engag\u00e9 \u00e0 pr\u00e9senter, dans un plan sur quatre ans, les moyens (\u2026) afin qu\u2019on . , a-t-il assur\u00e9. Pour rappel, Bercy souhaite trouver 40\u00a0milliards d\u2019euros d\u2019 financ\u00e9s par ou pour le budget 2026. Apr\u00e8s avoir \u00e9chapp\u00e9 \u00e0 huit motions de censure depuis sa nomination, en d\u00e9cembre\u00a02024, le premier ministre regrette [vre]. Le risque d\u2019une censure \u00e0 l\u2019automne est tr\u00e8s \u00e9lev\u00e9. Mardi, la Cour des comptes a publi\u00e9 un rapport appelant \u00e0 des finances publiques et pr\u00e9conisant des efforts budg\u00e9taires lors des prochaines ann\u00e9es. , \u00e9crit l\u2019institution ind\u00e9pendante pr\u00e9sid\u00e9e par Pierre Moscovici.    Le Monde avec AFP      S\u2019abonner   Contribuer R\u00e9utiliser ce contenu\" \/>\n<meta name=\"robots\" content=\"noindex, follow, max-snippet:-1, max-image-preview:large, max-video-preview:-1\" \/>\n<meta property=\"og:locale\" content=\"fr_FR\" \/>\n<meta property=\"og:type\" content=\"article\" \/>\n<meta property=\"og:title\" content=\"Budget\u00a0: Fran\u00e7ois Bayrou annonce pr\u00e9senter ses orientations le\u00a015\u00a0juillet - vof-news.eu\" \/>\n<meta property=\"og:description\" content=\"Fran\u00e7ois Bayrou a annonc\u00e9, sur BFM-TV jeudi\u00a03\u00a0juillet, qu\u2019il pr\u00e9senterait son plan de redressement des finances publiques et ses orientations budg\u00e9taires mardi 15\u00a0juillet. Le premier ministre a promis de tenir les pris pour le budget de cette ann\u00e9e, et . Il s\u2019est engag\u00e9 \u00e0 pr\u00e9senter, dans un plan sur quatre ans, les moyens (\u2026) afin qu\u2019on . , a-t-il assur\u00e9. Pour rappel, Bercy souhaite trouver 40\u00a0milliards d\u2019euros d\u2019 financ\u00e9s par ou pour le budget 2026. Apr\u00e8s avoir \u00e9chapp\u00e9 \u00e0 huit motions de censure depuis sa nomination, en d\u00e9cembre\u00a02024, le premier ministre regrette [vre]. Le risque d\u2019une censure \u00e0 l\u2019automne est tr\u00e8s \u00e9lev\u00e9. Mardi, la Cour des comptes a publi\u00e9 un rapport appelant \u00e0 des finances publiques et pr\u00e9conisant des efforts budg\u00e9taires lors des prochaines ann\u00e9es. , \u00e9crit l\u2019institution ind\u00e9pendante pr\u00e9sid\u00e9e par Pierre Moscovici.    Le Monde avec AFP      S\u2019abonner   Contribuer R\u00e9utiliser ce contenu\" \/>\n<meta property=\"og:url\" content=\"https:\/\/vof-news.eu\/fr\/budget-francois-bayrou-annonce-presenter-ses-orientations-le-15-juillet\/\" \/>\n<meta property=\"og:site_name\" content=\"vof-news.eu\" \/>\n<meta property=\"article:published_time\" content=\"2025-07-03T18:32:55+00:00\" \/>\n<meta property=\"article:modified_time\" content=\"2025-07-03T18:33:18+00:00\" \/>\n<meta property=\"og:image\" content=\"https:\/\/vof-news.eu\/wp-content\/uploads\/2025\/07\/f9e0895_upload-1-rl4zpoec7wiy-921918.jpg\" \/>\n\t<meta property=\"og:image:width\" content=\"664\" \/>\n\t<meta property=\"og:image:height\" content=\"443\" \/>\n\t<meta property=\"og:image:type\" content=\"image\/jpeg\" \/>\n<meta name=\"author\" content=\"Author\" \/>\n<meta name=\"twitter:card\" content=\"summary_large_image\" \/>\n<meta name=\"twitter:label1\" content=\"\u00c9crit par\" \/>\n\t<meta name=\"twitter:data1\" content=\"Author\" \/>\n\t<meta name=\"twitter:label2\" content=\"Dur\u00e9e de lecture estim\u00e9e\" \/>\n\t<meta name=\"twitter:data2\" content=\"1 minute\" \/>\n<script type=\"application\/ld+json\" class=\"yoast-schema-graph\">{\"@context\":\"https:\/\/schema.org\",\"@graph\":[{\"@type\":\"WebPage\",\"@id\":\"https:\/\/vof-news.eu\/fr\/budget-francois-bayrou-annonce-presenter-ses-orientations-le-15-juillet\/\",\"url\":\"https:\/\/vof-news.eu\/fr\/budget-francois-bayrou-annonce-presenter-ses-orientations-le-15-juillet\/\",\"name\":\"Budget\u00a0: Fran\u00e7ois Bayrou annonce pr\u00e9senter ses orientations le\u00a015\u00a0juillet - vof-news.eu\",\"isPartOf\":{\"@id\":\"https:\/\/vof-news.eu\/fr\/#website\"},\"primaryImageOfPage\":{\"@id\":\"https:\/\/vof-news.eu\/fr\/budget-francois-bayrou-annonce-presenter-ses-orientations-le-15-juillet\/#primaryimage\"},\"image\":{\"@id\":\"https:\/\/vof-news.eu\/fr\/budget-francois-bayrou-annonce-presenter-ses-orientations-le-15-juillet\/#primaryimage\"},\"thumbnailUrl\":\"https:\/\/vof-news.eu\/wp-content\/uploads\/2025\/07\/f9e0895_upload-1-rl4zpoec7wiy-921918.jpg\",\"datePublished\":\"2025-07-03T18:32:55+00:00\",\"dateModified\":\"2025-07-03T18:33:18+00:00\",\"author\":{\"@id\":\"https:\/\/vof-news.eu\/fr\/#\/schema\/person\/f6a2a4309f0561835797fd8c19b333ed\"},\"description\":\"Fran\u00e7ois Bayrou a annonc\u00e9, sur BFM-TV jeudi\u00a03\u00a0juillet, qu\u2019il pr\u00e9senterait son plan de redressement des finances publiques et ses orientations budg\u00e9taires mardi 15\u00a0juillet. Le premier ministre a promis de tenir les pris pour le budget de cette ann\u00e9e, et . Il s\u2019est engag\u00e9 \u00e0 pr\u00e9senter, dans un plan sur quatre ans, les moyens (\u2026) afin qu\u2019on . , a-t-il assur\u00e9. Pour rappel, Bercy souhaite trouver 40\u00a0milliards d\u2019euros d\u2019 financ\u00e9s par ou pour le budget 2026. Apr\u00e8s avoir \u00e9chapp\u00e9 \u00e0 huit motions de censure depuis sa nomination, en d\u00e9cembre\u00a02024, le premier ministre regrette [vre]. Le risque d\u2019une censure \u00e0 l\u2019automne est tr\u00e8s \u00e9lev\u00e9. Mardi, la Cour des comptes a publi\u00e9 un rapport appelant \u00e0 des finances publiques et pr\u00e9conisant des efforts budg\u00e9taires lors des prochaines ann\u00e9es. , \u00e9crit l\u2019institution ind\u00e9pendante pr\u00e9sid\u00e9e par Pierre Moscovici. Le Monde avec AFP S\u2019abonner Contribuer R\u00e9utiliser ce contenu\",\"breadcrumb\":{\"@id\":\"https:\/\/vof-news.eu\/fr\/budget-francois-bayrou-annonce-presenter-ses-orientations-le-15-juillet\/#breadcrumb\"},\"inLanguage\":\"fr-FR\",\"potentialAction\":[{\"@type\":\"ReadAction\",\"target\":[\"https:\/\/vof-news.eu\/fr\/budget-francois-bayrou-annonce-presenter-ses-orientations-le-15-juillet\/\"]}]},{\"@type\":\"ImageObject\",\"inLanguage\":\"fr-FR\",\"@id\":\"https:\/\/vof-news.eu\/fr\/budget-francois-bayrou-annonce-presenter-ses-orientations-le-15-juillet\/#primaryimage\",\"url\":\"https:\/\/vof-news.eu\/wp-content\/uploads\/2025\/07\/f9e0895_upload-1-rl4zpoec7wiy-921918.jpg\",\"contentUrl\":\"https:\/\/vof-news.eu\/wp-content\/uploads\/2025\/07\/f9e0895_upload-1-rl4zpoec7wiy-921918.jpg\",\"width\":664,\"height\":443},{\"@type\":\"BreadcrumbList\",\"@id\":\"https:\/\/vof-news.eu\/fr\/budget-francois-bayrou-annonce-presenter-ses-orientations-le-15-juillet\/#breadcrumb\",\"itemListElement\":[{\"@type\":\"ListItem\",\"position\":1,\"name\":\"Home\",\"item\":\"https:\/\/vof-news.eu\/fr\/\"},{\"@type\":\"ListItem\",\"position\":2,\"name\":\"Budget\u00a0: Fran\u00e7ois Bayrou annonce pr\u00e9senter ses orientations le\u00a015\u00a0juillet\"}]},{\"@type\":\"WebSite\",\"@id\":\"https:\/\/vof-news.eu\/fr\/#website\",\"url\":\"https:\/\/vof-news.eu\/fr\/\",\"name\":\"vof-news.eu\",\"description\":\"\",\"potentialAction\":[{\"@type\":\"SearchAction\",\"target\":{\"@type\":\"EntryPoint\",\"urlTemplate\":\"https:\/\/vof-news.eu\/fr\/?s={search_term_string}\"},\"query-input\":\"required name=search_term_string\"}],\"inLanguage\":\"fr-FR\"},{\"@type\":\"Person\",\"@id\":\"https:\/\/vof-news.eu\/fr\/#\/schema\/person\/f6a2a4309f0561835797fd8c19b333ed\",\"name\":\"Author\",\"image\":{\"@type\":\"ImageObject\",\"inLanguage\":\"fr-FR\",\"@id\":\"https:\/\/vof-news.eu\/fr\/#\/schema\/person\/image\/\",\"url\":\"https:\/\/secure.gravatar.com\/avatar\/b67e614b1b25b3e9c0c239efdd2fde5ab015b5affd6f1c3c85911ca4b384e790?s=96&d=mm&r=g\",\"contentUrl\":\"https:\/\/secure.gravatar.com\/avatar\/b67e614b1b25b3e9c0c239efdd2fde5ab015b5affd6f1c3c85911ca4b384e790?s=96&d=mm&r=g\",\"caption\":\"Author\"},\"sameAs\":[\"http:\/\/vof-news.eu\"],\"url\":\"https:\/\/vof-news.eu\/fr\/author\/zwt6qxnjulxbnyg\/\"}]}<\/script>\n<!-- \/ Yoast SEO plugin. -->","yoast_head_json":{"title":"Budget\u00a0: Fran\u00e7ois Bayrou annonce pr\u00e9senter ses orientations le\u00a015\u00a0juillet - vof-news.eu","description":"Fran\u00e7ois Bayrou a annonc\u00e9, sur BFM-TV jeudi\u00a03\u00a0juillet, qu\u2019il pr\u00e9senterait son plan de redressement des finances publiques et ses orientations budg\u00e9taires mardi 15\u00a0juillet. Le premier ministre a promis de tenir les pris pour le budget de cette ann\u00e9e, et . Il s\u2019est engag\u00e9 \u00e0 pr\u00e9senter, dans un plan sur quatre ans, les moyens (\u2026) afin qu\u2019on . , a-t-il assur\u00e9. Pour rappel, Bercy souhaite trouver 40\u00a0milliards d\u2019euros d\u2019 financ\u00e9s par ou pour le budget 2026. Apr\u00e8s avoir \u00e9chapp\u00e9 \u00e0 huit motions de censure depuis sa nomination, en d\u00e9cembre\u00a02024, le premier ministre regrette [vre]. Le risque d\u2019une censure \u00e0 l\u2019automne est tr\u00e8s \u00e9lev\u00e9. Mardi, la Cour des comptes a publi\u00e9 un rapport appelant \u00e0 des finances publiques et pr\u00e9conisant des efforts budg\u00e9taires lors des prochaines ann\u00e9es. , \u00e9crit l\u2019institution ind\u00e9pendante pr\u00e9sid\u00e9e par Pierre Moscovici.    Le Monde avec AFP      S\u2019abonner   Contribuer R\u00e9utiliser ce contenu","robots":{"index":"noindex","follow":"follow","max-snippet":"max-snippet:-1","max-image-preview":"max-image-preview:large","max-video-preview":"max-video-preview:-1"},"og_locale":"fr_FR","og_type":"article","og_title":"Budget\u00a0: Fran\u00e7ois Bayrou annonce pr\u00e9senter ses orientations le\u00a015\u00a0juillet - vof-news.eu","og_description":"Fran\u00e7ois Bayrou a annonc\u00e9, sur BFM-TV jeudi\u00a03\u00a0juillet, qu\u2019il pr\u00e9senterait son plan de redressement des finances publiques et ses orientations budg\u00e9taires mardi 15\u00a0juillet. Le premier ministre a promis de tenir les pris pour le budget de cette ann\u00e9e, et . Il s\u2019est engag\u00e9 \u00e0 pr\u00e9senter, dans un plan sur quatre ans, les moyens (\u2026) afin qu\u2019on . , a-t-il assur\u00e9. Pour rappel, Bercy souhaite trouver 40\u00a0milliards d\u2019euros d\u2019 financ\u00e9s par ou pour le budget 2026. Apr\u00e8s avoir \u00e9chapp\u00e9 \u00e0 huit motions de censure depuis sa nomination, en d\u00e9cembre\u00a02024, le premier ministre regrette [vre]. Le risque d\u2019une censure \u00e0 l\u2019automne est tr\u00e8s \u00e9lev\u00e9. Mardi, la Cour des comptes a publi\u00e9 un rapport appelant \u00e0 des finances publiques et pr\u00e9conisant des efforts budg\u00e9taires lors des prochaines ann\u00e9es. , \u00e9crit l\u2019institution ind\u00e9pendante pr\u00e9sid\u00e9e par Pierre Moscovici.    Le Monde avec AFP      S\u2019abonner   Contribuer R\u00e9utiliser ce contenu","og_url":"https:\/\/vof-news.eu\/fr\/budget-francois-bayrou-annonce-presenter-ses-orientations-le-15-juillet\/","og_site_name":"vof-news.eu","article_published_time":"2025-07-03T18:32:55+00:00","article_modified_time":"2025-07-03T18:33:18+00:00","og_image":[{"width":664,"height":443,"url":"https:\/\/vof-news.eu\/wp-content\/uploads\/2025\/07\/f9e0895_upload-1-rl4zpoec7wiy-921918.jpg","type":"image\/jpeg"}],"author":"Author","twitter_card":"summary_large_image","twitter_misc":{"\u00c9crit par":"Author","Dur\u00e9e de lecture estim\u00e9e":"1 minute"},"schema":{"@context":"https:\/\/schema.org","@graph":[{"@type":"WebPage","@id":"https:\/\/vof-news.eu\/fr\/budget-francois-bayrou-annonce-presenter-ses-orientations-le-15-juillet\/","url":"https:\/\/vof-news.eu\/fr\/budget-francois-bayrou-annonce-presenter-ses-orientations-le-15-juillet\/","name":"Budget\u00a0: Fran\u00e7ois Bayrou annonce pr\u00e9senter ses orientations le\u00a015\u00a0juillet - vof-news.eu","isPartOf":{"@id":"https:\/\/vof-news.eu\/fr\/#website"},"primaryImageOfPage":{"@id":"https:\/\/vof-news.eu\/fr\/budget-francois-bayrou-annonce-presenter-ses-orientations-le-15-juillet\/#primaryimage"},"image":{"@id":"https:\/\/vof-news.eu\/fr\/budget-francois-bayrou-annonce-presenter-ses-orientations-le-15-juillet\/#primaryimage"},"thumbnailUrl":"https:\/\/vof-news.eu\/wp-content\/uploads\/2025\/07\/f9e0895_upload-1-rl4zpoec7wiy-921918.jpg","datePublished":"2025-07-03T18:32:55+00:00","dateModified":"2025-07-03T18:33:18+00:00","author":{"@id":"https:\/\/vof-news.eu\/fr\/#\/schema\/person\/f6a2a4309f0561835797fd8c19b333ed"},"description":"Fran\u00e7ois Bayrou a annonc\u00e9, sur BFM-TV jeudi\u00a03\u00a0juillet, qu\u2019il pr\u00e9senterait son plan de redressement des finances publiques et ses orientations budg\u00e9taires mardi 15\u00a0juillet. Le premier ministre a promis de tenir les pris pour le budget de cette ann\u00e9e, et . Il s\u2019est engag\u00e9 \u00e0 pr\u00e9senter, dans un plan sur quatre ans, les moyens (\u2026) afin qu\u2019on . , a-t-il assur\u00e9. Pour rappel, Bercy souhaite trouver 40\u00a0milliards d\u2019euros d\u2019 financ\u00e9s par ou pour le budget 2026. Apr\u00e8s avoir \u00e9chapp\u00e9 \u00e0 huit motions de censure depuis sa nomination, en d\u00e9cembre\u00a02024, le premier ministre regrette [vre]. Le risque d\u2019une censure \u00e0 l\u2019automne est tr\u00e8s \u00e9lev\u00e9. Mardi, la Cour des comptes a publi\u00e9 un rapport appelant \u00e0 des finances publiques et pr\u00e9conisant des efforts budg\u00e9taires lors des prochaines ann\u00e9es. , \u00e9crit l\u2019institution ind\u00e9pendante pr\u00e9sid\u00e9e par Pierre Moscovici. Le Monde avec AFP S\u2019abonner Contribuer R\u00e9utiliser ce contenu","breadcrumb":{"@id":"https:\/\/vof-news.eu\/fr\/budget-francois-bayrou-annonce-presenter-ses-orientations-le-15-juillet\/#breadcrumb"},"inLanguage":"fr-FR","potentialAction":[{"@type":"ReadAction","target":["https:\/\/vof-news.eu\/fr\/budget-francois-bayrou-annonce-presenter-ses-orientations-le-15-juillet\/"]}]},{"@type":"ImageObject","inLanguage":"fr-FR","@id":"https:\/\/vof-news.eu\/fr\/budget-francois-bayrou-annonce-presenter-ses-orientations-le-15-juillet\/#primaryimage","url":"https:\/\/vof-news.eu\/wp-content\/uploads\/2025\/07\/f9e0895_upload-1-rl4zpoec7wiy-921918.jpg","contentUrl":"https:\/\/vof-news.eu\/wp-content\/uploads\/2025\/07\/f9e0895_upload-1-rl4zpoec7wiy-921918.jpg","width":664,"height":443},{"@type":"BreadcrumbList","@id":"https:\/\/vof-news.eu\/fr\/budget-francois-bayrou-annonce-presenter-ses-orientations-le-15-juillet\/#breadcrumb","itemListElement":[{"@type":"ListItem","position":1,"name":"Home","item":"https:\/\/vof-news.eu\/fr\/"},{"@type":"ListItem","position":2,"name":"Budget\u00a0: Fran\u00e7ois Bayrou annonce pr\u00e9senter ses orientations le\u00a015\u00a0juillet"}]},{"@type":"WebSite","@id":"https:\/\/vof-news.eu\/fr\/#website","url":"https:\/\/vof-news.eu\/fr\/","name":"vof-news.eu","description":"","potentialAction":[{"@type":"SearchAction","target":{"@type":"EntryPoint","urlTemplate":"https:\/\/vof-news.eu\/fr\/?s={search_term_string}"},"query-input":"required name=search_term_string"}],"inLanguage":"fr-FR"},{"@type":"Person","@id":"https:\/\/vof-news.eu\/fr\/#\/schema\/person\/f6a2a4309f0561835797fd8c19b333ed","name":"Author","image":{"@type":"ImageObject","inLanguage":"fr-FR","@id":"https:\/\/vof-news.eu\/fr\/#\/schema\/person\/image\/","url":"https:\/\/secure.gravatar.com\/avatar\/b67e614b1b25b3e9c0c239efdd2fde5ab015b5affd6f1c3c85911ca4b384e790?s=96&d=mm&r=g","contentUrl":"https:\/\/secure.gravatar.com\/avatar\/b67e614b1b25b3e9c0c239efdd2fde5ab015b5affd6f1c3c85911ca4b384e790?s=96&d=mm&r=g","caption":"Author"},"sameAs":["http:\/\/vof-news.eu"],"url":"https:\/\/vof-news.eu\/fr\/author\/zwt6qxnjulxbnyg\/"}]}},"yoast_meta":{"yoast_wpseo_title":"","yoast_wpseo_metadesc":"","yoast_wpseo_canonical":""},"_links":{"self":[{"href":"https:\/\/vof-news.eu\/fr\/wp-json\/wp\/v2\/posts\/246513","targetHints":{"allow":["GET"]}}],"collection":[{"href":"https:\/\/vof-news.eu\/fr\/wp-json\/wp\/v2\/posts"}],"about":[{"href":"https:\/\/vof-news.eu\/fr\/wp-json\/wp\/v2\/types\/post"}],"author":[{"embeddable":true,"href":"https:\/\/vof-news.eu\/fr\/wp-json\/wp\/v2\/users\/1"}],"replies":[{"embeddable":true,"href":"https:\/\/vof-news.eu\/fr\/wp-json\/wp\/v2\/comments?post=246513"}],"version-history":[{"count":1,"href":"https:\/\/vof-news.eu\/fr\/wp-json\/wp\/v2\/posts\/246513\/revisions"}],"predecessor-version":[{"id":246520,"href":"https:\/\/vof-news.eu\/fr\/wp-json\/wp\/v2\/posts\/246513\/revisions\/246520"}],"wp:featuredmedia":[{"embeddable":true,"href":"https:\/\/vof-news.eu\/fr\/wp-json\/wp\/v2\/media\/246514"}],"wp:attachment":[{"href":"https:\/\/vof-news.eu\/fr\/wp-json\/wp\/v2\/media?parent=246513"}],"wp:term":[{"taxonomy":"category","embeddable":true,"href":"https:\/\/vof-news.eu\/fr\/wp-json\/wp\/v2\/categories?post=246513"},{"taxonomy":"post_tag","embeddable":true,"href":"https:\/\/vof-news.eu\/fr\/wp-json\/wp\/v2\/tags?post=246513"}],"curies":[{"name":"wp","href":"https:\/\/api.w.org\/{rel}","templated":true}]}}