{"id":246505,"date":"2025-07-03T21:32:05","date_gmt":"2025-07-03T18:32:05","guid":{"rendered":"https:\/\/vof-news.eu\/lautriche-premier-pays-de-lue-a-reprendre-les-expulsions-de-refugies-vers-la-syrie\/"},"modified":"2025-07-03T21:32:27","modified_gmt":"2025-07-03T18:32:27","slug":"lautriche-premier-pays-de-lue-a-reprendre-les-expulsions-de-refugies-vers-la-syrie","status":"publish","type":"post","link":"https:\/\/vof-news.eu\/fr\/lautriche-premier-pays-de-lue-a-reprendre-les-expulsions-de-refugies-vers-la-syrie\/","title":{"rendered":"L\u2019Autriche, premier pays de l\u2019UE \u00e0 reprendre les expulsions de r\u00e9fugi\u00e9s vers la Syrie"},"content":{"rendered":"<article>\n<p>Le ministre de l\u2019int\u00e9rieur autrichien, Gerhard Karner, a annonc\u00e9 fi\u00e8rement la nouvelle devant les cam\u00e9ras, jeudi 3\u00a0juillet, depuis l\u2019a\u00e9roport de Vienne., a annonc\u00e9 ce responsable du Parti populaire autrichien (\u00d6VP, conservateur), quelques heures apr\u00e8s le d\u00e9collage d\u2019un avion avec, \u00e0 son bord, le premier cas connu\u00a0de r\u00e9fugi\u00e9 syrien \u00e0 \u00eatre expuls\u00e9 directement vers son pays d\u2019origine par un Etat de l\u2019Union europ\u00e9enne (UE) depuis le d\u00e9but de la guerre civile, en\u00a02011.<\/p>\n<p>Cet homme de 32\u00a0ans, arriv\u00e9 en Autriche en\u00a02013, avait perdu son statut de r\u00e9fugi\u00e9 apr\u00e8s sa condamnation \u00e0 sept ans de prison en\u00a02018.\u00a0Mais, comme tous les Syriens pr\u00e9sents en Europe, il \u00e9tait jusqu\u2019\u00e0 r\u00e9cemment inexpulsable en raison des risques de mauvais traitements encourus en Syrie tant que Bachar Al-Assad \u00e9tait au pouvoir. Depuis la <a href=\"https:\/\/www.lemonde.fr\/chute-de-bachar-al-assad-en-syrie\/\" rel=\"nofollow\">chute du dictateur<\/a>, en d\u00e9cembre\u00a02024, plusieurs responsables politiques europ\u00e9ens se sont rendus \u00e0 Damas pour essayer de reprendre les expulsions, en accord avec les nouvelles autorit\u00e9s syriennes.<\/p>\n<p><strong>Il vous reste 74.49% de cet article \u00e0 lire. La suite est r\u00e9serv\u00e9e aux abonn\u00e9s.<\/strong><\/p>\n<\/article>\n","protected":false},"excerpt":{"rendered":"<p>Le ministre de l\u2019int\u00e9rieur autrichien, Gerhard Karner, a annonc\u00e9 fi\u00e8rement la nouvelle devant les cam\u00e9ras, jeudi 3\u00a0juillet, depuis l\u2019a\u00e9roport de Vienne., a annonc\u00e9 ce responsable du Parti populaire autrichien (\u00d6VP, conservateur), quelques heures apr\u00e8s le d\u00e9collage d\u2019un avion avec, \u00e0 son bord, le premier cas connu\u00a0de r\u00e9fugi\u00e9 syrien \u00e0 \u00eatre expuls\u00e9 directement vers son pays<\/p>\n","protected":false},"author":1,"featured_media":246506,"comment_status":"open","ping_status":"open","sticky":false,"template":"","format":"standard","meta":{"footnotes":""},"categories":[68],"tags":[],"class_list":["post-246505","post","type-post","status-publish","format-standard","has-post-thumbnail","hentry","category-politics-fr"],"acf":[],"yoast_head":"<!-- This site is optimized with the Yoast SEO plugin v22.9 - https:\/\/yoast.com\/wordpress\/plugins\/seo\/ -->\n<title>L\u2019Autriche, premier pays de l\u2019UE \u00e0 reprendre les expulsions de r\u00e9fugi\u00e9s vers la Syrie - vof-news.eu<\/title>\n<meta name=\"description\" content=\"Le ministre de l\u2019int\u00e9rieur autrichien, Gerhard Karner, a annonc\u00e9 fi\u00e8rement la nouvelle devant les cam\u00e9ras, jeudi 3\u00a0juillet, depuis l\u2019a\u00e9roport de Vienne., a annonc\u00e9 ce responsable du Parti populaire autrichien (\u00d6VP, conservateur), quelques heures apr\u00e8s le d\u00e9collage d\u2019un avion avec, \u00e0 son bord, le premier cas connu\u00a0de r\u00e9fugi\u00e9 syrien \u00e0 \u00eatre expuls\u00e9 directement vers son pays d\u2019origine par un Etat de l\u2019Union europ\u00e9enne (UE) depuis le d\u00e9but de la guerre civile, en\u00a02011. Cet homme de 32\u00a0ans, arriv\u00e9 en Autriche en\u00a02013, avait perdu son statut de r\u00e9fugi\u00e9 apr\u00e8s sa condamnation \u00e0 sept ans de prison en\u00a02018.\u00a0Mais, comme tous les Syriens pr\u00e9sents en Europe, il \u00e9tait jusqu\u2019\u00e0 r\u00e9cemment inexpulsable en raison des risques de mauvais traitements encourus en Syrie tant que Bachar Al-Assad \u00e9tait au pouvoir. Depuis la chute du dictateur, en d\u00e9cembre\u00a02024, plusieurs responsables politiques europ\u00e9ens se sont rendus \u00e0 Damas pour essayer de reprendre les expulsions, en accord avec les nouvelles autorit\u00e9s syriennes. Il vous reste 74.49% de cet article \u00e0 lire. La suite est r\u00e9serv\u00e9e aux abonn\u00e9s.\" \/>\n<meta name=\"robots\" content=\"noindex, follow, max-snippet:-1, max-image-preview:large, max-video-preview:-1\" \/>\n<meta property=\"og:locale\" content=\"fr_FR\" \/>\n<meta property=\"og:type\" content=\"article\" \/>\n<meta property=\"og:title\" content=\"L\u2019Autriche, premier pays de l\u2019UE \u00e0 reprendre les expulsions de r\u00e9fugi\u00e9s vers la Syrie - vof-news.eu\" \/>\n<meta property=\"og:description\" content=\"Le ministre de l\u2019int\u00e9rieur autrichien, Gerhard Karner, a annonc\u00e9 fi\u00e8rement la nouvelle devant les cam\u00e9ras, jeudi 3\u00a0juillet, depuis l\u2019a\u00e9roport de Vienne., a annonc\u00e9 ce responsable du Parti populaire autrichien (\u00d6VP, conservateur), quelques heures apr\u00e8s le d\u00e9collage d\u2019un avion avec, \u00e0 son bord, le premier cas connu\u00a0de r\u00e9fugi\u00e9 syrien \u00e0 \u00eatre expuls\u00e9 directement vers son pays d\u2019origine par un Etat de l\u2019Union europ\u00e9enne (UE) depuis le d\u00e9but de la guerre civile, en\u00a02011. Cet homme de 32\u00a0ans, arriv\u00e9 en Autriche en\u00a02013, avait perdu son statut de r\u00e9fugi\u00e9 apr\u00e8s sa condamnation \u00e0 sept ans de prison en\u00a02018.\u00a0Mais, comme tous les Syriens pr\u00e9sents en Europe, il \u00e9tait jusqu\u2019\u00e0 r\u00e9cemment inexpulsable en raison des risques de mauvais traitements encourus en Syrie tant que Bachar Al-Assad \u00e9tait au pouvoir. Depuis la chute du dictateur, en d\u00e9cembre\u00a02024, plusieurs responsables politiques europ\u00e9ens se sont rendus \u00e0 Damas pour essayer de reprendre les expulsions, en accord avec les nouvelles autorit\u00e9s syriennes. Il vous reste 74.49% de cet article \u00e0 lire. La suite est r\u00e9serv\u00e9e aux abonn\u00e9s.\" \/>\n<meta property=\"og:url\" content=\"https:\/\/vof-news.eu\/fr\/lautriche-premier-pays-de-lue-a-reprendre-les-expulsions-de-refugies-vers-la-syrie\/\" \/>\n<meta property=\"og:site_name\" content=\"vof-news.eu\" \/>\n<meta property=\"article:published_time\" content=\"2025-07-03T18:32:05+00:00\" \/>\n<meta property=\"article:modified_time\" content=\"2025-07-03T18:32:27+00:00\" \/>\n<meta property=\"og:image\" content=\"https:\/\/vof-news.eu\/wp-content\/uploads\/2025\/07\/81e9dcc_ftp-import-images-1-s0pkw4rzacmk-2025-07-02t133631z-1701346821-rc2cefac4zpc-rtrmadp-3-migration-europe-syria-austria.jpg\" \/>\n\t<meta property=\"og:image:width\" content=\"664\" \/>\n\t<meta property=\"og:image:height\" content=\"432\" \/>\n\t<meta property=\"og:image:type\" content=\"image\/jpeg\" \/>\n<meta name=\"author\" content=\"Author\" \/>\n<meta name=\"twitter:card\" content=\"summary_large_image\" \/>\n<meta name=\"twitter:label1\" content=\"\u00c9crit par\" \/>\n\t<meta name=\"twitter:data1\" content=\"Author\" \/>\n\t<meta name=\"twitter:label2\" content=\"Dur\u00e9e de lecture estim\u00e9e\" \/>\n\t<meta name=\"twitter:data2\" content=\"1 minute\" \/>\n<script type=\"application\/ld+json\" class=\"yoast-schema-graph\">{\"@context\":\"https:\/\/schema.org\",\"@graph\":[{\"@type\":\"WebPage\",\"@id\":\"https:\/\/vof-news.eu\/fr\/lautriche-premier-pays-de-lue-a-reprendre-les-expulsions-de-refugies-vers-la-syrie\/\",\"url\":\"https:\/\/vof-news.eu\/fr\/lautriche-premier-pays-de-lue-a-reprendre-les-expulsions-de-refugies-vers-la-syrie\/\",\"name\":\"L\u2019Autriche, premier pays de l\u2019UE \u00e0 reprendre les expulsions de r\u00e9fugi\u00e9s vers la Syrie - vof-news.eu\",\"isPartOf\":{\"@id\":\"https:\/\/vof-news.eu\/fr\/#website\"},\"primaryImageOfPage\":{\"@id\":\"https:\/\/vof-news.eu\/fr\/lautriche-premier-pays-de-lue-a-reprendre-les-expulsions-de-refugies-vers-la-syrie\/#primaryimage\"},\"image\":{\"@id\":\"https:\/\/vof-news.eu\/fr\/lautriche-premier-pays-de-lue-a-reprendre-les-expulsions-de-refugies-vers-la-syrie\/#primaryimage\"},\"thumbnailUrl\":\"https:\/\/vof-news.eu\/wp-content\/uploads\/2025\/07\/81e9dcc_ftp-import-images-1-s0pkw4rzacmk-2025-07-02t133631z-1701346821-rc2cefac4zpc-rtrmadp-3-migration-europe-syria-austria.jpg\",\"datePublished\":\"2025-07-03T18:32:05+00:00\",\"dateModified\":\"2025-07-03T18:32:27+00:00\",\"author\":{\"@id\":\"https:\/\/vof-news.eu\/fr\/#\/schema\/person\/f6a2a4309f0561835797fd8c19b333ed\"},\"description\":\"Le ministre de l\u2019int\u00e9rieur autrichien, Gerhard Karner, a annonc\u00e9 fi\u00e8rement la nouvelle devant les cam\u00e9ras, jeudi 3\u00a0juillet, depuis l\u2019a\u00e9roport de Vienne., a annonc\u00e9 ce responsable du Parti populaire autrichien (\u00d6VP, conservateur), quelques heures apr\u00e8s le d\u00e9collage d\u2019un avion avec, \u00e0 son bord, le premier cas connu\u00a0de r\u00e9fugi\u00e9 syrien \u00e0 \u00eatre expuls\u00e9 directement vers son pays d\u2019origine par un Etat de l\u2019Union europ\u00e9enne (UE) depuis le d\u00e9but de la guerre civile, en\u00a02011. Cet homme de 32\u00a0ans, arriv\u00e9 en Autriche en\u00a02013, avait perdu son statut de r\u00e9fugi\u00e9 apr\u00e8s sa condamnation \u00e0 sept ans de prison en\u00a02018.\u00a0Mais, comme tous les Syriens pr\u00e9sents en Europe, il \u00e9tait jusqu\u2019\u00e0 r\u00e9cemment inexpulsable en raison des risques de mauvais traitements encourus en Syrie tant que Bachar Al-Assad \u00e9tait au pouvoir. Depuis la chute du dictateur, en d\u00e9cembre\u00a02024, plusieurs responsables politiques europ\u00e9ens se sont rendus \u00e0 Damas pour essayer de reprendre les expulsions, en accord avec les nouvelles autorit\u00e9s syriennes. Il vous reste 74.49% de cet article \u00e0 lire. La suite est r\u00e9serv\u00e9e aux abonn\u00e9s.\",\"breadcrumb\":{\"@id\":\"https:\/\/vof-news.eu\/fr\/lautriche-premier-pays-de-lue-a-reprendre-les-expulsions-de-refugies-vers-la-syrie\/#breadcrumb\"},\"inLanguage\":\"fr-FR\",\"potentialAction\":[{\"@type\":\"ReadAction\",\"target\":[\"https:\/\/vof-news.eu\/fr\/lautriche-premier-pays-de-lue-a-reprendre-les-expulsions-de-refugies-vers-la-syrie\/\"]}]},{\"@type\":\"ImageObject\",\"inLanguage\":\"fr-FR\",\"@id\":\"https:\/\/vof-news.eu\/fr\/lautriche-premier-pays-de-lue-a-reprendre-les-expulsions-de-refugies-vers-la-syrie\/#primaryimage\",\"url\":\"https:\/\/vof-news.eu\/wp-content\/uploads\/2025\/07\/81e9dcc_ftp-import-images-1-s0pkw4rzacmk-2025-07-02t133631z-1701346821-rc2cefac4zpc-rtrmadp-3-migration-europe-syria-austria.jpg\",\"contentUrl\":\"https:\/\/vof-news.eu\/wp-content\/uploads\/2025\/07\/81e9dcc_ftp-import-images-1-s0pkw4rzacmk-2025-07-02t133631z-1701346821-rc2cefac4zpc-rtrmadp-3-migration-europe-syria-austria.jpg\",\"width\":664,\"height\":432},{\"@type\":\"BreadcrumbList\",\"@id\":\"https:\/\/vof-news.eu\/fr\/lautriche-premier-pays-de-lue-a-reprendre-les-expulsions-de-refugies-vers-la-syrie\/#breadcrumb\",\"itemListElement\":[{\"@type\":\"ListItem\",\"position\":1,\"name\":\"Home\",\"item\":\"https:\/\/vof-news.eu\/fr\/\"},{\"@type\":\"ListItem\",\"position\":2,\"name\":\"L\u2019Autriche, premier pays de l\u2019UE \u00e0 reprendre les expulsions de r\u00e9fugi\u00e9s vers la Syrie\"}]},{\"@type\":\"WebSite\",\"@id\":\"https:\/\/vof-news.eu\/fr\/#website\",\"url\":\"https:\/\/vof-news.eu\/fr\/\",\"name\":\"vof-news.eu\",\"description\":\"\",\"potentialAction\":[{\"@type\":\"SearchAction\",\"target\":{\"@type\":\"EntryPoint\",\"urlTemplate\":\"https:\/\/vof-news.eu\/fr\/?s={search_term_string}\"},\"query-input\":\"required name=search_term_string\"}],\"inLanguage\":\"fr-FR\"},{\"@type\":\"Person\",\"@id\":\"https:\/\/vof-news.eu\/fr\/#\/schema\/person\/f6a2a4309f0561835797fd8c19b333ed\",\"name\":\"Author\",\"image\":{\"@type\":\"ImageObject\",\"inLanguage\":\"fr-FR\",\"@id\":\"https:\/\/vof-news.eu\/fr\/#\/schema\/person\/image\/\",\"url\":\"https:\/\/secure.gravatar.com\/avatar\/b67e614b1b25b3e9c0c239efdd2fde5ab015b5affd6f1c3c85911ca4b384e790?s=96&d=mm&r=g\",\"contentUrl\":\"https:\/\/secure.gravatar.com\/avatar\/b67e614b1b25b3e9c0c239efdd2fde5ab015b5affd6f1c3c85911ca4b384e790?s=96&d=mm&r=g\",\"caption\":\"Author\"},\"sameAs\":[\"http:\/\/vof-news.eu\"],\"url\":\"https:\/\/vof-news.eu\/fr\/author\/zwt6qxnjulxbnyg\/\"}]}<\/script>\n<!-- \/ Yoast SEO plugin. -->","yoast_head_json":{"title":"L\u2019Autriche, premier pays de l\u2019UE \u00e0 reprendre les expulsions de r\u00e9fugi\u00e9s vers la Syrie - vof-news.eu","description":"Le ministre de l\u2019int\u00e9rieur autrichien, Gerhard Karner, a annonc\u00e9 fi\u00e8rement la nouvelle devant les cam\u00e9ras, jeudi 3\u00a0juillet, depuis l\u2019a\u00e9roport de Vienne., a annonc\u00e9 ce responsable du Parti populaire autrichien (\u00d6VP, conservateur), quelques heures apr\u00e8s le d\u00e9collage d\u2019un avion avec, \u00e0 son bord, le premier cas connu\u00a0de r\u00e9fugi\u00e9 syrien \u00e0 \u00eatre expuls\u00e9 directement vers son pays d\u2019origine par un Etat de l\u2019Union europ\u00e9enne (UE) depuis le d\u00e9but de la guerre civile, en\u00a02011. Cet homme de 32\u00a0ans, arriv\u00e9 en Autriche en\u00a02013, avait perdu son statut de r\u00e9fugi\u00e9 apr\u00e8s sa condamnation \u00e0 sept ans de prison en\u00a02018.\u00a0Mais, comme tous les Syriens pr\u00e9sents en Europe, il \u00e9tait jusqu\u2019\u00e0 r\u00e9cemment inexpulsable en raison des risques de mauvais traitements encourus en Syrie tant que Bachar Al-Assad \u00e9tait au pouvoir. Depuis la chute du dictateur, en d\u00e9cembre\u00a02024, plusieurs responsables politiques europ\u00e9ens se sont rendus \u00e0 Damas pour essayer de reprendre les expulsions, en accord avec les nouvelles autorit\u00e9s syriennes. Il vous reste 74.49% de cet article \u00e0 lire. La suite est r\u00e9serv\u00e9e aux abonn\u00e9s.","robots":{"index":"noindex","follow":"follow","max-snippet":"max-snippet:-1","max-image-preview":"max-image-preview:large","max-video-preview":"max-video-preview:-1"},"og_locale":"fr_FR","og_type":"article","og_title":"L\u2019Autriche, premier pays de l\u2019UE \u00e0 reprendre les expulsions de r\u00e9fugi\u00e9s vers la Syrie - vof-news.eu","og_description":"Le ministre de l\u2019int\u00e9rieur autrichien, Gerhard Karner, a annonc\u00e9 fi\u00e8rement la nouvelle devant les cam\u00e9ras, jeudi 3\u00a0juillet, depuis l\u2019a\u00e9roport de Vienne., a annonc\u00e9 ce responsable du Parti populaire autrichien (\u00d6VP, conservateur), quelques heures apr\u00e8s le d\u00e9collage d\u2019un avion avec, \u00e0 son bord, le premier cas connu\u00a0de r\u00e9fugi\u00e9 syrien \u00e0 \u00eatre expuls\u00e9 directement vers son pays d\u2019origine par un Etat de l\u2019Union europ\u00e9enne (UE) depuis le d\u00e9but de la guerre civile, en\u00a02011. Cet homme de 32\u00a0ans, arriv\u00e9 en Autriche en\u00a02013, avait perdu son statut de r\u00e9fugi\u00e9 apr\u00e8s sa condamnation \u00e0 sept ans de prison en\u00a02018.\u00a0Mais, comme tous les Syriens pr\u00e9sents en Europe, il \u00e9tait jusqu\u2019\u00e0 r\u00e9cemment inexpulsable en raison des risques de mauvais traitements encourus en Syrie tant que Bachar Al-Assad \u00e9tait au pouvoir. Depuis la chute du dictateur, en d\u00e9cembre\u00a02024, plusieurs responsables politiques europ\u00e9ens se sont rendus \u00e0 Damas pour essayer de reprendre les expulsions, en accord avec les nouvelles autorit\u00e9s syriennes. Il vous reste 74.49% de cet article \u00e0 lire. La suite est r\u00e9serv\u00e9e aux abonn\u00e9s.","og_url":"https:\/\/vof-news.eu\/fr\/lautriche-premier-pays-de-lue-a-reprendre-les-expulsions-de-refugies-vers-la-syrie\/","og_site_name":"vof-news.eu","article_published_time":"2025-07-03T18:32:05+00:00","article_modified_time":"2025-07-03T18:32:27+00:00","og_image":[{"width":664,"height":432,"url":"https:\/\/vof-news.eu\/wp-content\/uploads\/2025\/07\/81e9dcc_ftp-import-images-1-s0pkw4rzacmk-2025-07-02t133631z-1701346821-rc2cefac4zpc-rtrmadp-3-migration-europe-syria-austria.jpg","type":"image\/jpeg"}],"author":"Author","twitter_card":"summary_large_image","twitter_misc":{"\u00c9crit par":"Author","Dur\u00e9e de lecture estim\u00e9e":"1 minute"},"schema":{"@context":"https:\/\/schema.org","@graph":[{"@type":"WebPage","@id":"https:\/\/vof-news.eu\/fr\/lautriche-premier-pays-de-lue-a-reprendre-les-expulsions-de-refugies-vers-la-syrie\/","url":"https:\/\/vof-news.eu\/fr\/lautriche-premier-pays-de-lue-a-reprendre-les-expulsions-de-refugies-vers-la-syrie\/","name":"L\u2019Autriche, premier pays de l\u2019UE \u00e0 reprendre les expulsions de r\u00e9fugi\u00e9s vers la Syrie - vof-news.eu","isPartOf":{"@id":"https:\/\/vof-news.eu\/fr\/#website"},"primaryImageOfPage":{"@id":"https:\/\/vof-news.eu\/fr\/lautriche-premier-pays-de-lue-a-reprendre-les-expulsions-de-refugies-vers-la-syrie\/#primaryimage"},"image":{"@id":"https:\/\/vof-news.eu\/fr\/lautriche-premier-pays-de-lue-a-reprendre-les-expulsions-de-refugies-vers-la-syrie\/#primaryimage"},"thumbnailUrl":"https:\/\/vof-news.eu\/wp-content\/uploads\/2025\/07\/81e9dcc_ftp-import-images-1-s0pkw4rzacmk-2025-07-02t133631z-1701346821-rc2cefac4zpc-rtrmadp-3-migration-europe-syria-austria.jpg","datePublished":"2025-07-03T18:32:05+00:00","dateModified":"2025-07-03T18:32:27+00:00","author":{"@id":"https:\/\/vof-news.eu\/fr\/#\/schema\/person\/f6a2a4309f0561835797fd8c19b333ed"},"description":"Le ministre de l\u2019int\u00e9rieur autrichien, Gerhard Karner, a annonc\u00e9 fi\u00e8rement la nouvelle devant les cam\u00e9ras, jeudi 3\u00a0juillet, depuis l\u2019a\u00e9roport de Vienne., a annonc\u00e9 ce responsable du Parti populaire autrichien (\u00d6VP, conservateur), quelques heures apr\u00e8s le d\u00e9collage d\u2019un avion avec, \u00e0 son bord, le premier cas connu\u00a0de r\u00e9fugi\u00e9 syrien \u00e0 \u00eatre expuls\u00e9 directement vers son pays d\u2019origine par un Etat de l\u2019Union europ\u00e9enne (UE) depuis le d\u00e9but de la guerre civile, en\u00a02011. Cet homme de 32\u00a0ans, arriv\u00e9 en Autriche en\u00a02013, avait perdu son statut de r\u00e9fugi\u00e9 apr\u00e8s sa condamnation \u00e0 sept ans de prison en\u00a02018.\u00a0Mais, comme tous les Syriens pr\u00e9sents en Europe, il \u00e9tait jusqu\u2019\u00e0 r\u00e9cemment inexpulsable en raison des risques de mauvais traitements encourus en Syrie tant que Bachar Al-Assad \u00e9tait au pouvoir. Depuis la chute du dictateur, en d\u00e9cembre\u00a02024, plusieurs responsables politiques europ\u00e9ens se sont rendus \u00e0 Damas pour essayer de reprendre les expulsions, en accord avec les nouvelles autorit\u00e9s syriennes. Il vous reste 74.49% de cet article \u00e0 lire. La suite est r\u00e9serv\u00e9e aux abonn\u00e9s.","breadcrumb":{"@id":"https:\/\/vof-news.eu\/fr\/lautriche-premier-pays-de-lue-a-reprendre-les-expulsions-de-refugies-vers-la-syrie\/#breadcrumb"},"inLanguage":"fr-FR","potentialAction":[{"@type":"ReadAction","target":["https:\/\/vof-news.eu\/fr\/lautriche-premier-pays-de-lue-a-reprendre-les-expulsions-de-refugies-vers-la-syrie\/"]}]},{"@type":"ImageObject","inLanguage":"fr-FR","@id":"https:\/\/vof-news.eu\/fr\/lautriche-premier-pays-de-lue-a-reprendre-les-expulsions-de-refugies-vers-la-syrie\/#primaryimage","url":"https:\/\/vof-news.eu\/wp-content\/uploads\/2025\/07\/81e9dcc_ftp-import-images-1-s0pkw4rzacmk-2025-07-02t133631z-1701346821-rc2cefac4zpc-rtrmadp-3-migration-europe-syria-austria.jpg","contentUrl":"https:\/\/vof-news.eu\/wp-content\/uploads\/2025\/07\/81e9dcc_ftp-import-images-1-s0pkw4rzacmk-2025-07-02t133631z-1701346821-rc2cefac4zpc-rtrmadp-3-migration-europe-syria-austria.jpg","width":664,"height":432},{"@type":"BreadcrumbList","@id":"https:\/\/vof-news.eu\/fr\/lautriche-premier-pays-de-lue-a-reprendre-les-expulsions-de-refugies-vers-la-syrie\/#breadcrumb","itemListElement":[{"@type":"ListItem","position":1,"name":"Home","item":"https:\/\/vof-news.eu\/fr\/"},{"@type":"ListItem","position":2,"name":"L\u2019Autriche, premier pays de l\u2019UE \u00e0 reprendre les expulsions de r\u00e9fugi\u00e9s vers la Syrie"}]},{"@type":"WebSite","@id":"https:\/\/vof-news.eu\/fr\/#website","url":"https:\/\/vof-news.eu\/fr\/","name":"vof-news.eu","description":"","potentialAction":[{"@type":"SearchAction","target":{"@type":"EntryPoint","urlTemplate":"https:\/\/vof-news.eu\/fr\/?s={search_term_string}"},"query-input":"required name=search_term_string"}],"inLanguage":"fr-FR"},{"@type":"Person","@id":"https:\/\/vof-news.eu\/fr\/#\/schema\/person\/f6a2a4309f0561835797fd8c19b333ed","name":"Author","image":{"@type":"ImageObject","inLanguage":"fr-FR","@id":"https:\/\/vof-news.eu\/fr\/#\/schema\/person\/image\/","url":"https:\/\/secure.gravatar.com\/avatar\/b67e614b1b25b3e9c0c239efdd2fde5ab015b5affd6f1c3c85911ca4b384e790?s=96&d=mm&r=g","contentUrl":"https:\/\/secure.gravatar.com\/avatar\/b67e614b1b25b3e9c0c239efdd2fde5ab015b5affd6f1c3c85911ca4b384e790?s=96&d=mm&r=g","caption":"Author"},"sameAs":["http:\/\/vof-news.eu"],"url":"https:\/\/vof-news.eu\/fr\/author\/zwt6qxnjulxbnyg\/"}]}},"yoast_meta":{"yoast_wpseo_title":"","yoast_wpseo_metadesc":"","yoast_wpseo_canonical":""},"_links":{"self":[{"href":"https:\/\/vof-news.eu\/fr\/wp-json\/wp\/v2\/posts\/246505","targetHints":{"allow":["GET"]}}],"collection":[{"href":"https:\/\/vof-news.eu\/fr\/wp-json\/wp\/v2\/posts"}],"about":[{"href":"https:\/\/vof-news.eu\/fr\/wp-json\/wp\/v2\/types\/post"}],"author":[{"embeddable":true,"href":"https:\/\/vof-news.eu\/fr\/wp-json\/wp\/v2\/users\/1"}],"replies":[{"embeddable":true,"href":"https:\/\/vof-news.eu\/fr\/wp-json\/wp\/v2\/comments?post=246505"}],"version-history":[{"count":1,"href":"https:\/\/vof-news.eu\/fr\/wp-json\/wp\/v2\/posts\/246505\/revisions"}],"predecessor-version":[{"id":246512,"href":"https:\/\/vof-news.eu\/fr\/wp-json\/wp\/v2\/posts\/246505\/revisions\/246512"}],"wp:featuredmedia":[{"embeddable":true,"href":"https:\/\/vof-news.eu\/fr\/wp-json\/wp\/v2\/media\/246506"}],"wp:attachment":[{"href":"https:\/\/vof-news.eu\/fr\/wp-json\/wp\/v2\/media?parent=246505"}],"wp:term":[{"taxonomy":"category","embeddable":true,"href":"https:\/\/vof-news.eu\/fr\/wp-json\/wp\/v2\/categories?post=246505"},{"taxonomy":"post_tag","embeddable":true,"href":"https:\/\/vof-news.eu\/fr\/wp-json\/wp\/v2\/tags?post=246505"}],"curies":[{"name":"wp","href":"https:\/\/api.w.org\/{rel}","templated":true}]}}