{"id":246427,"date":"2025-07-03T19:32:01","date_gmt":"2025-07-03T16:32:01","guid":{"rendered":"https:\/\/vof-news.eu\/1%e1%b5%89%ca%b3-mai-le-senat-vote-pour-autoriser-le-travail-des-boulangers-et-fleuristes-salaries\/"},"modified":"2025-07-03T19:32:27","modified_gmt":"2025-07-03T16:32:27","slug":"1%e1%b5%89%ca%b3-mai-le-senat-vote-pour-autoriser-le-travail-des-boulangers-et-fleuristes-salaries","status":"publish","type":"post","link":"https:\/\/vof-news.eu\/fr\/1%e1%b5%89%ca%b3-mai-le-senat-vote-pour-autoriser-le-travail-des-boulangers-et-fleuristes-salaries\/","title":{"rendered":"1\u1d49\u02b3-Mai\u00a0: le S\u00e9nat vote pour autoriser le travail des boulangers et fleuristes salari\u00e9s"},"content":{"rendered":"<article>\n<p>Le S\u00e9nat a adopt\u00e9, jeudi 3\u00a0juillet, une proposition de loi pour autoriser certains \u00e9tablissements, comme les boulangeries et les fleuristes, \u00e0 faire travailler leurs salari\u00e9s le 1<sup>er<\/sup>-Mai, Journ\u00e9e\u00a0internationale des travailleurs, f\u00e9ri\u00e9e et ch\u00f4m\u00e9e en France. Dans un h\u00e9micycle domin\u00e9 par une alliance entre la droite et les centristes, la proposition de loi port\u00e9e par le pr\u00e9sident de l\u2019Union des d\u00e9mocrates et ind\u00e9pendants (UDI), Herv\u00e9 Marseille, et sa coll\u00e8gue Annick Billon a \u00e9t\u00e9 adopt\u00e9e en premi\u00e8re lecture, \u00e0 228\u00a0voix contre 112. Le texte est transmis \u00e0 l\u2019Assembl\u00e9e nationale.<\/p>\n<p>L\u2019initiative, soutenue par le gouvernement et fustig\u00e9e par la gauche et les organisations syndicales de salari\u00e9s, vise \u00e0 augmenter le nombre de commerces b\u00e9n\u00e9ficiant d\u2019une d\u00e9rogation pour faire travailler leurs salari\u00e9s, s\u2019ils sont volontaires, le 1er-Mai. Elle pourrait ainsi s\u2019appliquer, en plus des activit\u00e9s d\u00e9j\u00e0 concern\u00e9es (h\u00f4pitaux, transports\u2026), aux  (boulangeries, p\u00e2tisseries, boucheries\u2026 ), aux activit\u00e9s r\u00e9pondant \u00e0 un , comme les fleuristes, ou encore aux \u00e9tablissements exer\u00e7ant , comme les cin\u00e9mas et les th\u00e9\u00e2tres.<\/p>\n<section>   <\/section>\n<p>Le point de d\u00e9part de la discussion remonte \u00e0 la fin du mois d\u2019avril, lorsque certains boulangers avaient d\u00e9nonc\u00e9 les contr\u00f4les in\u00e9dits men\u00e9s ces derni\u00e8res ann\u00e9es par l\u2019inspection du travail aupr\u00e8s de plusieurs artisans. Car si eux sont autoris\u00e9s \u00e0 travailler, ils ont \u00e9t\u00e9 \u00e9pingl\u00e9s pour avoir fait travailler leurs salari\u00e9s durant cette journ\u00e9e f\u00e9ri\u00e9e et ch\u00f4m\u00e9e.<\/p>\n<p>Ces chefs d\u2019entreprise pointent une l\u00e9gislation tr\u00e8s floue, qui permet certes des exceptions, mais seulement dans les \u00e9tablissements qui , comme les transports, la s\u00e9curit\u00e9 ou les h\u00f4pitaux\u2026 C\u2019est pour clarifier cette disposition que les s\u00e9nateurs centristes, appuy\u00e9s par le gouvernement, ont souhait\u00e9 agir par la loi.<\/p>\n<p>Cette proposition de loi , mais vient , a insist\u00e9 la ministre du travail, Catherine Vautrin, qui soutient  l\u2019initiative.<\/p>\n<h2>Accusation de \u00ab\u00a0d\u00e9tricoter petit \u00e0 petit le principe du 1<sup>er<\/sup>-Mai ch\u00f4m\u00e9\u00a0\u00bb<\/h2>\n<p>Le texte centriste visait initialement \u00e0 permettre aux \u00e9tablissements d\u00e9j\u00e0 autoris\u00e9s \u00e0 ouvrir le dimanche de pouvoir le faire le 1<sup>er<\/sup>-Mai. Mais dans sa version vot\u00e9e jeudi, il a \u00e9t\u00e9 remani\u00e9 et d\u00e9finit d\u00e9sormais pr\u00e9cis\u00e9ment le p\u00e9rim\u00e8tre des commerces b\u00e9n\u00e9ficiant d\u2019une d\u00e9rogation sp\u00e9cifique pour ce jour-l\u00e0.<\/p>\n<p>La mesure a offusqu\u00e9 l\u2019ensemble des groupes de gauche au S\u00e9nat, qui ont \u00e9chou\u00e9 \u00e0 faire adopter une motion de rejet du texte. La communiste Cathy Apourceau-Poly a accus\u00e9 la majorit\u00e9 s\u00e9natoriale et le gouvernement de , estimant que ce texte aura un impact sur . , a-t-elle d\u00e9clar\u00e9 durant les d\u00e9bats.<\/p>\n<p>, a pour sa part lanc\u00e9 la socialiste Monique Lubin.<\/p>\n<p>, lui a r\u00e9torqu\u00e9 Annick Billon, d\u00e9non\u00e7ant une attitude  de la gauche.<\/p>\n<p>Si le patronat soutient cette modification juridique, les syndicats de salari\u00e9s opposent, eux, une fin de non-recevoir en bloc\u00a0: dans <a href=\"https:\/\/www.cfdt.fr\/sinformer\/communiques-de-presse\/communique-intersyndical-une-proposition-de-loi-au-senat-qui-attaque-le-1er-mai-seul-jour-chome-et-paye\" rel=\"nofollow\">un communiqu\u00e9 intersyndical publi\u00e9 mardi<\/a>, ils ont appel\u00e9 les s\u00e9nateurs \u00e0 s\u2019opposer au texte. , \u00e9crivent ainsi la CGT, la CFDT, FO, la CFE-CGC, la CFTC, l\u2019UNSA, Solidaires et la FSU.<\/p>\n<section>   <\/section>\n<section>\n<p> <span>Le Monde avec AFP<\/span> <\/p>\n<\/section>\n<section>\n<section>\n<header>   <\/header>\n<section>\n<section> <a href=\"https:\/\/abo.lemonde.fr\/?lmd_medium=BOUTONS_LMFR&amp;lmd_campaign=CONTRIBUTION_ARTICLE\" rel=\"nofollow\">S\u2019abonner<\/a> <\/section>\n<\/section>\n<section><\/section>\n<\/section>\n<p>Contribuer<\/p>\n<p> <a href=\"https:\/\/www.lemonde.fr\/syndication\/\" rel=\"nofollow\">R\u00e9utiliser ce contenu<\/a> <\/section>\n<\/article>\n","protected":false},"excerpt":{"rendered":"<p>Le S\u00e9nat a adopt\u00e9, jeudi 3\u00a0juillet, une proposition de loi pour autoriser certains \u00e9tablissements, comme les boulangeries et les fleuristes, \u00e0 faire travailler leurs salari\u00e9s le 1er-Mai, Journ\u00e9e\u00a0internationale des travailleurs, f\u00e9ri\u00e9e et ch\u00f4m\u00e9e en France. Dans un h\u00e9micycle domin\u00e9 par une alliance entre la droite et les centristes, la proposition de loi port\u00e9e par le<\/p>\n","protected":false},"author":1,"featured_media":246428,"comment_status":"open","ping_status":"open","sticky":false,"template":"","format":"standard","meta":{"footnotes":""},"categories":[68],"tags":[],"class_list":["post-246427","post","type-post","status-publish","format-standard","has-post-thumbnail","hentry","category-politics-fr"],"acf":[],"yoast_head":"<!-- This site is optimized with the Yoast SEO plugin v22.9 - https:\/\/yoast.com\/wordpress\/plugins\/seo\/ -->\n<title>1\u1d49\u02b3-Mai\u00a0: le S\u00e9nat vote pour autoriser le travail des boulangers et fleuristes salari\u00e9s - vof-news.eu<\/title>\n<meta name=\"description\" content=\"Le S\u00e9nat a adopt\u00e9, jeudi 3\u00a0juillet, une proposition de loi pour autoriser certains \u00e9tablissements, comme les boulangeries et les fleuristes, \u00e0 faire travailler leurs salari\u00e9s le 1er-Mai, Journ\u00e9e\u00a0internationale des travailleurs, f\u00e9ri\u00e9e et ch\u00f4m\u00e9e en France. Dans un h\u00e9micycle domin\u00e9 par une alliance entre la droite et les centristes, la proposition de loi port\u00e9e par le pr\u00e9sident de l\u2019Union des d\u00e9mocrates et ind\u00e9pendants (UDI), Herv\u00e9 Marseille, et sa coll\u00e8gue Annick Billon a \u00e9t\u00e9 adopt\u00e9e en premi\u00e8re lecture, \u00e0 228\u00a0voix contre 112. Le texte est transmis \u00e0 l\u2019Assembl\u00e9e nationale. L\u2019initiative, soutenue par le gouvernement et fustig\u00e9e par la gauche et les organisations syndicales de salari\u00e9s, vise \u00e0 augmenter le nombre de commerces b\u00e9n\u00e9ficiant d\u2019une d\u00e9rogation pour faire travailler leurs salari\u00e9s, s\u2019ils sont volontaires, le 1er-Mai. Elle pourrait ainsi s\u2019appliquer, en plus des activit\u00e9s d\u00e9j\u00e0 concern\u00e9es (h\u00f4pitaux, transports\u2026), aux (boulangeries, p\u00e2tisseries, boucheries\u2026 ), aux activit\u00e9s r\u00e9pondant \u00e0 un , comme les fleuristes, ou encore aux \u00e9tablissements exer\u00e7ant , comme les cin\u00e9mas et les th\u00e9\u00e2tres.   Le point de d\u00e9part de la discussion remonte \u00e0 la fin du mois d\u2019avril, lorsque certains boulangers avaient d\u00e9nonc\u00e9 les contr\u00f4les in\u00e9dits men\u00e9s ces derni\u00e8res ann\u00e9es par l\u2019inspection du travail aupr\u00e8s de plusieurs artisans. Car si eux sont autoris\u00e9s \u00e0 travailler, ils ont \u00e9t\u00e9 \u00e9pingl\u00e9s pour avoir fait travailler leurs salari\u00e9s durant cette journ\u00e9e f\u00e9ri\u00e9e et ch\u00f4m\u00e9e. Ces chefs d\u2019entreprise pointent une l\u00e9gislation tr\u00e8s floue, qui permet certes des exceptions, mais seulement dans les \u00e9tablissements qui , comme les transports, la s\u00e9curit\u00e9 ou les h\u00f4pitaux\u2026 C\u2019est pour clarifier cette disposition que les s\u00e9nateurs centristes, appuy\u00e9s par le gouvernement, ont souhait\u00e9 agir par la loi. Cette proposition de loi , mais vient , a insist\u00e9 la ministre du travail, Catherine Vautrin, qui soutient l\u2019initiative. Accusation de \u00ab\u00a0d\u00e9tricoter petit \u00e0 petit le principe du 1er-Mai ch\u00f4m\u00e9\u00a0\u00bb Le texte centriste visait initialement \u00e0 permettre aux \u00e9tablissements d\u00e9j\u00e0 autoris\u00e9s \u00e0 ouvrir le dimanche de pouvoir le faire le 1er-Mai. Mais dans sa version vot\u00e9e jeudi, il a \u00e9t\u00e9 remani\u00e9 et d\u00e9finit d\u00e9sormais pr\u00e9cis\u00e9ment le p\u00e9rim\u00e8tre des commerces b\u00e9n\u00e9ficiant d\u2019une d\u00e9rogation sp\u00e9cifique pour ce jour-l\u00e0. La mesure a offusqu\u00e9 l\u2019ensemble des groupes de gauche au S\u00e9nat, qui ont \u00e9chou\u00e9 \u00e0 faire adopter une motion de rejet du texte. La communiste Cathy Apourceau-Poly a accus\u00e9 la majorit\u00e9 s\u00e9natoriale et le gouvernement de , estimant que ce texte aura un impact sur . , a-t-elle d\u00e9clar\u00e9 durant les d\u00e9bats. , a pour sa part lanc\u00e9 la socialiste Monique Lubin. , lui a r\u00e9torqu\u00e9 Annick Billon, d\u00e9non\u00e7ant une attitude de la gauche. Si le patronat soutient cette modification juridique, les syndicats de salari\u00e9s opposent, eux, une fin de non-recevoir en bloc\u00a0: dans un communiqu\u00e9 intersyndical publi\u00e9 mardi, ils ont appel\u00e9 les s\u00e9nateurs \u00e0 s\u2019opposer au texte. , \u00e9crivent ainsi la CGT, la CFDT, FO, la CFE-CGC, la CFTC, l\u2019UNSA, Solidaires et la FSU.    Le Monde avec AFP      S\u2019abonner   Contribuer R\u00e9utiliser ce contenu\" \/>\n<meta name=\"robots\" content=\"noindex, follow, max-snippet:-1, max-image-preview:large, max-video-preview:-1\" \/>\n<meta property=\"og:locale\" content=\"fr_FR\" \/>\n<meta property=\"og:type\" content=\"article\" \/>\n<meta property=\"og:title\" content=\"1\u1d49\u02b3-Mai\u00a0: le S\u00e9nat vote pour autoriser le travail des boulangers et fleuristes salari\u00e9s - vof-news.eu\" \/>\n<meta property=\"og:description\" content=\"Le S\u00e9nat a adopt\u00e9, jeudi 3\u00a0juillet, une proposition de loi pour autoriser certains \u00e9tablissements, comme les boulangeries et les fleuristes, \u00e0 faire travailler leurs salari\u00e9s le 1er-Mai, Journ\u00e9e\u00a0internationale des travailleurs, f\u00e9ri\u00e9e et ch\u00f4m\u00e9e en France. Dans un h\u00e9micycle domin\u00e9 par une alliance entre la droite et les centristes, la proposition de loi port\u00e9e par le pr\u00e9sident de l\u2019Union des d\u00e9mocrates et ind\u00e9pendants (UDI), Herv\u00e9 Marseille, et sa coll\u00e8gue Annick Billon a \u00e9t\u00e9 adopt\u00e9e en premi\u00e8re lecture, \u00e0 228\u00a0voix contre 112. Le texte est transmis \u00e0 l\u2019Assembl\u00e9e nationale. L\u2019initiative, soutenue par le gouvernement et fustig\u00e9e par la gauche et les organisations syndicales de salari\u00e9s, vise \u00e0 augmenter le nombre de commerces b\u00e9n\u00e9ficiant d\u2019une d\u00e9rogation pour faire travailler leurs salari\u00e9s, s\u2019ils sont volontaires, le 1er-Mai. Elle pourrait ainsi s\u2019appliquer, en plus des activit\u00e9s d\u00e9j\u00e0 concern\u00e9es (h\u00f4pitaux, transports\u2026), aux (boulangeries, p\u00e2tisseries, boucheries\u2026 ), aux activit\u00e9s r\u00e9pondant \u00e0 un , comme les fleuristes, ou encore aux \u00e9tablissements exer\u00e7ant , comme les cin\u00e9mas et les th\u00e9\u00e2tres.   Le point de d\u00e9part de la discussion remonte \u00e0 la fin du mois d\u2019avril, lorsque certains boulangers avaient d\u00e9nonc\u00e9 les contr\u00f4les in\u00e9dits men\u00e9s ces derni\u00e8res ann\u00e9es par l\u2019inspection du travail aupr\u00e8s de plusieurs artisans. Car si eux sont autoris\u00e9s \u00e0 travailler, ils ont \u00e9t\u00e9 \u00e9pingl\u00e9s pour avoir fait travailler leurs salari\u00e9s durant cette journ\u00e9e f\u00e9ri\u00e9e et ch\u00f4m\u00e9e. Ces chefs d\u2019entreprise pointent une l\u00e9gislation tr\u00e8s floue, qui permet certes des exceptions, mais seulement dans les \u00e9tablissements qui , comme les transports, la s\u00e9curit\u00e9 ou les h\u00f4pitaux\u2026 C\u2019est pour clarifier cette disposition que les s\u00e9nateurs centristes, appuy\u00e9s par le gouvernement, ont souhait\u00e9 agir par la loi. Cette proposition de loi , mais vient , a insist\u00e9 la ministre du travail, Catherine Vautrin, qui soutient l\u2019initiative. Accusation de \u00ab\u00a0d\u00e9tricoter petit \u00e0 petit le principe du 1er-Mai ch\u00f4m\u00e9\u00a0\u00bb Le texte centriste visait initialement \u00e0 permettre aux \u00e9tablissements d\u00e9j\u00e0 autoris\u00e9s \u00e0 ouvrir le dimanche de pouvoir le faire le 1er-Mai. Mais dans sa version vot\u00e9e jeudi, il a \u00e9t\u00e9 remani\u00e9 et d\u00e9finit d\u00e9sormais pr\u00e9cis\u00e9ment le p\u00e9rim\u00e8tre des commerces b\u00e9n\u00e9ficiant d\u2019une d\u00e9rogation sp\u00e9cifique pour ce jour-l\u00e0. La mesure a offusqu\u00e9 l\u2019ensemble des groupes de gauche au S\u00e9nat, qui ont \u00e9chou\u00e9 \u00e0 faire adopter une motion de rejet du texte. La communiste Cathy Apourceau-Poly a accus\u00e9 la majorit\u00e9 s\u00e9natoriale et le gouvernement de , estimant que ce texte aura un impact sur . , a-t-elle d\u00e9clar\u00e9 durant les d\u00e9bats. , a pour sa part lanc\u00e9 la socialiste Monique Lubin. , lui a r\u00e9torqu\u00e9 Annick Billon, d\u00e9non\u00e7ant une attitude de la gauche. Si le patronat soutient cette modification juridique, les syndicats de salari\u00e9s opposent, eux, une fin de non-recevoir en bloc\u00a0: dans un communiqu\u00e9 intersyndical publi\u00e9 mardi, ils ont appel\u00e9 les s\u00e9nateurs \u00e0 s\u2019opposer au texte. , \u00e9crivent ainsi la CGT, la CFDT, FO, la CFE-CGC, la CFTC, l\u2019UNSA, Solidaires et la FSU.    Le Monde avec AFP      S\u2019abonner   Contribuer R\u00e9utiliser ce contenu\" \/>\n<meta property=\"og:url\" content=\"https:\/\/vof-news.eu\/fr\/1%e1%b5%89%ca%b3-mai-le-senat-vote-pour-autoriser-le-travail-des-boulangers-et-fleuristes-salaries\/\" \/>\n<meta property=\"og:site_name\" content=\"vof-news.eu\" \/>\n<meta property=\"article:published_time\" content=\"2025-07-03T16:32:01+00:00\" \/>\n<meta property=\"article:modified_time\" content=\"2025-07-03T16:32:27+00:00\" \/>\n<meta property=\"og:image\" content=\"https:\/\/vof-news.eu\/wp-content\/uploads\/2025\/07\/1d0da69_upload-1-wc81jgo1vqqv-000-8xq4hq.jpg\" \/>\n\t<meta property=\"og:image:width\" content=\"664\" \/>\n\t<meta property=\"og:image:height\" content=\"443\" \/>\n\t<meta property=\"og:image:type\" content=\"image\/jpeg\" \/>\n<meta name=\"author\" content=\"Author\" \/>\n<meta name=\"twitter:card\" content=\"summary_large_image\" \/>\n<meta name=\"twitter:label1\" content=\"\u00c9crit par\" \/>\n\t<meta name=\"twitter:data1\" content=\"Author\" \/>\n\t<meta name=\"twitter:label2\" content=\"Dur\u00e9e de lecture estim\u00e9e\" \/>\n\t<meta name=\"twitter:data2\" content=\"3 minutes\" \/>\n<script type=\"application\/ld+json\" class=\"yoast-schema-graph\">{\"@context\":\"https:\/\/schema.org\",\"@graph\":[{\"@type\":\"WebPage\",\"@id\":\"https:\/\/vof-news.eu\/fr\/1%e1%b5%89%ca%b3-mai-le-senat-vote-pour-autoriser-le-travail-des-boulangers-et-fleuristes-salaries\/\",\"url\":\"https:\/\/vof-news.eu\/fr\/1%e1%b5%89%ca%b3-mai-le-senat-vote-pour-autoriser-le-travail-des-boulangers-et-fleuristes-salaries\/\",\"name\":\"1\u1d49\u02b3-Mai\u00a0: le S\u00e9nat vote pour autoriser le travail des boulangers et fleuristes salari\u00e9s - vof-news.eu\",\"isPartOf\":{\"@id\":\"https:\/\/vof-news.eu\/fr\/#website\"},\"primaryImageOfPage\":{\"@id\":\"https:\/\/vof-news.eu\/fr\/1%e1%b5%89%ca%b3-mai-le-senat-vote-pour-autoriser-le-travail-des-boulangers-et-fleuristes-salaries\/#primaryimage\"},\"image\":{\"@id\":\"https:\/\/vof-news.eu\/fr\/1%e1%b5%89%ca%b3-mai-le-senat-vote-pour-autoriser-le-travail-des-boulangers-et-fleuristes-salaries\/#primaryimage\"},\"thumbnailUrl\":\"https:\/\/vof-news.eu\/wp-content\/uploads\/2025\/07\/1d0da69_upload-1-wc81jgo1vqqv-000-8xq4hq.jpg\",\"datePublished\":\"2025-07-03T16:32:01+00:00\",\"dateModified\":\"2025-07-03T16:32:27+00:00\",\"author\":{\"@id\":\"https:\/\/vof-news.eu\/fr\/#\/schema\/person\/f6a2a4309f0561835797fd8c19b333ed\"},\"description\":\"Le S\u00e9nat a adopt\u00e9, jeudi 3\u00a0juillet, une proposition de loi pour autoriser certains \u00e9tablissements, comme les boulangeries et les fleuristes, \u00e0 faire travailler leurs salari\u00e9s le 1er-Mai, Journ\u00e9e\u00a0internationale des travailleurs, f\u00e9ri\u00e9e et ch\u00f4m\u00e9e en France. Dans un h\u00e9micycle domin\u00e9 par une alliance entre la droite et les centristes, la proposition de loi port\u00e9e par le pr\u00e9sident de l\u2019Union des d\u00e9mocrates et ind\u00e9pendants (UDI), Herv\u00e9 Marseille, et sa coll\u00e8gue Annick Billon a \u00e9t\u00e9 adopt\u00e9e en premi\u00e8re lecture, \u00e0 228\u00a0voix contre 112. Le texte est transmis \u00e0 l\u2019Assembl\u00e9e nationale. L\u2019initiative, soutenue par le gouvernement et fustig\u00e9e par la gauche et les organisations syndicales de salari\u00e9s, vise \u00e0 augmenter le nombre de commerces b\u00e9n\u00e9ficiant d\u2019une d\u00e9rogation pour faire travailler leurs salari\u00e9s, s\u2019ils sont volontaires, le 1er-Mai. Elle pourrait ainsi s\u2019appliquer, en plus des activit\u00e9s d\u00e9j\u00e0 concern\u00e9es (h\u00f4pitaux, transports\u2026), aux (boulangeries, p\u00e2tisseries, boucheries\u2026 ), aux activit\u00e9s r\u00e9pondant \u00e0 un , comme les fleuristes, ou encore aux \u00e9tablissements exer\u00e7ant , comme les cin\u00e9mas et les th\u00e9\u00e2tres. Le point de d\u00e9part de la discussion remonte \u00e0 la fin du mois d\u2019avril, lorsque certains boulangers avaient d\u00e9nonc\u00e9 les contr\u00f4les in\u00e9dits men\u00e9s ces derni\u00e8res ann\u00e9es par l\u2019inspection du travail aupr\u00e8s de plusieurs artisans. Car si eux sont autoris\u00e9s \u00e0 travailler, ils ont \u00e9t\u00e9 \u00e9pingl\u00e9s pour avoir fait travailler leurs salari\u00e9s durant cette journ\u00e9e f\u00e9ri\u00e9e et ch\u00f4m\u00e9e. Ces chefs d\u2019entreprise pointent une l\u00e9gislation tr\u00e8s floue, qui permet certes des exceptions, mais seulement dans les \u00e9tablissements qui , comme les transports, la s\u00e9curit\u00e9 ou les h\u00f4pitaux\u2026 C\u2019est pour clarifier cette disposition que les s\u00e9nateurs centristes, appuy\u00e9s par le gouvernement, ont souhait\u00e9 agir par la loi. Cette proposition de loi , mais vient , a insist\u00e9 la ministre du travail, Catherine Vautrin, qui soutient l\u2019initiative. Accusation de \u00ab\u00a0d\u00e9tricoter petit \u00e0 petit le principe du 1er-Mai ch\u00f4m\u00e9\u00a0\u00bb Le texte centriste visait initialement \u00e0 permettre aux \u00e9tablissements d\u00e9j\u00e0 autoris\u00e9s \u00e0 ouvrir le dimanche de pouvoir le faire le 1er-Mai. Mais dans sa version vot\u00e9e jeudi, il a \u00e9t\u00e9 remani\u00e9 et d\u00e9finit d\u00e9sormais pr\u00e9cis\u00e9ment le p\u00e9rim\u00e8tre des commerces b\u00e9n\u00e9ficiant d\u2019une d\u00e9rogation sp\u00e9cifique pour ce jour-l\u00e0. La mesure a offusqu\u00e9 l\u2019ensemble des groupes de gauche au S\u00e9nat, qui ont \u00e9chou\u00e9 \u00e0 faire adopter une motion de rejet du texte. La communiste Cathy Apourceau-Poly a accus\u00e9 la majorit\u00e9 s\u00e9natoriale et le gouvernement de , estimant que ce texte aura un impact sur . , a-t-elle d\u00e9clar\u00e9 durant les d\u00e9bats. , a pour sa part lanc\u00e9 la socialiste Monique Lubin. , lui a r\u00e9torqu\u00e9 Annick Billon, d\u00e9non\u00e7ant une attitude de la gauche. Si le patronat soutient cette modification juridique, les syndicats de salari\u00e9s opposent, eux, une fin de non-recevoir en bloc\u00a0: dans un communiqu\u00e9 intersyndical publi\u00e9 mardi, ils ont appel\u00e9 les s\u00e9nateurs \u00e0 s\u2019opposer au texte. , \u00e9crivent ainsi la CGT, la CFDT, FO, la CFE-CGC, la CFTC, l\u2019UNSA, Solidaires et la FSU. Le Monde avec AFP S\u2019abonner Contribuer R\u00e9utiliser ce contenu\",\"breadcrumb\":{\"@id\":\"https:\/\/vof-news.eu\/fr\/1%e1%b5%89%ca%b3-mai-le-senat-vote-pour-autoriser-le-travail-des-boulangers-et-fleuristes-salaries\/#breadcrumb\"},\"inLanguage\":\"fr-FR\",\"potentialAction\":[{\"@type\":\"ReadAction\",\"target\":[\"https:\/\/vof-news.eu\/fr\/1%e1%b5%89%ca%b3-mai-le-senat-vote-pour-autoriser-le-travail-des-boulangers-et-fleuristes-salaries\/\"]}]},{\"@type\":\"ImageObject\",\"inLanguage\":\"fr-FR\",\"@id\":\"https:\/\/vof-news.eu\/fr\/1%e1%b5%89%ca%b3-mai-le-senat-vote-pour-autoriser-le-travail-des-boulangers-et-fleuristes-salaries\/#primaryimage\",\"url\":\"https:\/\/vof-news.eu\/wp-content\/uploads\/2025\/07\/1d0da69_upload-1-wc81jgo1vqqv-000-8xq4hq.jpg\",\"contentUrl\":\"https:\/\/vof-news.eu\/wp-content\/uploads\/2025\/07\/1d0da69_upload-1-wc81jgo1vqqv-000-8xq4hq.jpg\",\"width\":664,\"height\":443},{\"@type\":\"BreadcrumbList\",\"@id\":\"https:\/\/vof-news.eu\/fr\/1%e1%b5%89%ca%b3-mai-le-senat-vote-pour-autoriser-le-travail-des-boulangers-et-fleuristes-salaries\/#breadcrumb\",\"itemListElement\":[{\"@type\":\"ListItem\",\"position\":1,\"name\":\"Home\",\"item\":\"https:\/\/vof-news.eu\/fr\/\"},{\"@type\":\"ListItem\",\"position\":2,\"name\":\"1\u1d49\u02b3-Mai\u00a0: le S\u00e9nat vote pour autoriser le travail des boulangers et fleuristes salari\u00e9s\"}]},{\"@type\":\"WebSite\",\"@id\":\"https:\/\/vof-news.eu\/fr\/#website\",\"url\":\"https:\/\/vof-news.eu\/fr\/\",\"name\":\"vof-news.eu\",\"description\":\"\",\"potentialAction\":[{\"@type\":\"SearchAction\",\"target\":{\"@type\":\"EntryPoint\",\"urlTemplate\":\"https:\/\/vof-news.eu\/fr\/?s={search_term_string}\"},\"query-input\":\"required name=search_term_string\"}],\"inLanguage\":\"fr-FR\"},{\"@type\":\"Person\",\"@id\":\"https:\/\/vof-news.eu\/fr\/#\/schema\/person\/f6a2a4309f0561835797fd8c19b333ed\",\"name\":\"Author\",\"image\":{\"@type\":\"ImageObject\",\"inLanguage\":\"fr-FR\",\"@id\":\"https:\/\/vof-news.eu\/fr\/#\/schema\/person\/image\/\",\"url\":\"https:\/\/secure.gravatar.com\/avatar\/b67e614b1b25b3e9c0c239efdd2fde5ab015b5affd6f1c3c85911ca4b384e790?s=96&d=mm&r=g\",\"contentUrl\":\"https:\/\/secure.gravatar.com\/avatar\/b67e614b1b25b3e9c0c239efdd2fde5ab015b5affd6f1c3c85911ca4b384e790?s=96&d=mm&r=g\",\"caption\":\"Author\"},\"sameAs\":[\"http:\/\/vof-news.eu\"],\"url\":\"https:\/\/vof-news.eu\/fr\/author\/zwt6qxnjulxbnyg\/\"}]}<\/script>\n<!-- \/ Yoast SEO plugin. -->","yoast_head_json":{"title":"1\u1d49\u02b3-Mai\u00a0: le S\u00e9nat vote pour autoriser le travail des boulangers et fleuristes salari\u00e9s - vof-news.eu","description":"Le S\u00e9nat a adopt\u00e9, jeudi 3\u00a0juillet, une proposition de loi pour autoriser certains \u00e9tablissements, comme les boulangeries et les fleuristes, \u00e0 faire travailler leurs salari\u00e9s le 1er-Mai, Journ\u00e9e\u00a0internationale des travailleurs, f\u00e9ri\u00e9e et ch\u00f4m\u00e9e en France. Dans un h\u00e9micycle domin\u00e9 par une alliance entre la droite et les centristes, la proposition de loi port\u00e9e par le pr\u00e9sident de l\u2019Union des d\u00e9mocrates et ind\u00e9pendants (UDI), Herv\u00e9 Marseille, et sa coll\u00e8gue Annick Billon a \u00e9t\u00e9 adopt\u00e9e en premi\u00e8re lecture, \u00e0 228\u00a0voix contre 112. Le texte est transmis \u00e0 l\u2019Assembl\u00e9e nationale. L\u2019initiative, soutenue par le gouvernement et fustig\u00e9e par la gauche et les organisations syndicales de salari\u00e9s, vise \u00e0 augmenter le nombre de commerces b\u00e9n\u00e9ficiant d\u2019une d\u00e9rogation pour faire travailler leurs salari\u00e9s, s\u2019ils sont volontaires, le 1er-Mai. Elle pourrait ainsi s\u2019appliquer, en plus des activit\u00e9s d\u00e9j\u00e0 concern\u00e9es (h\u00f4pitaux, transports\u2026), aux (boulangeries, p\u00e2tisseries, boucheries\u2026 ), aux activit\u00e9s r\u00e9pondant \u00e0 un , comme les fleuristes, ou encore aux \u00e9tablissements exer\u00e7ant , comme les cin\u00e9mas et les th\u00e9\u00e2tres.   Le point de d\u00e9part de la discussion remonte \u00e0 la fin du mois d\u2019avril, lorsque certains boulangers avaient d\u00e9nonc\u00e9 les contr\u00f4les in\u00e9dits men\u00e9s ces derni\u00e8res ann\u00e9es par l\u2019inspection du travail aupr\u00e8s de plusieurs artisans. Car si eux sont autoris\u00e9s \u00e0 travailler, ils ont \u00e9t\u00e9 \u00e9pingl\u00e9s pour avoir fait travailler leurs salari\u00e9s durant cette journ\u00e9e f\u00e9ri\u00e9e et ch\u00f4m\u00e9e. Ces chefs d\u2019entreprise pointent une l\u00e9gislation tr\u00e8s floue, qui permet certes des exceptions, mais seulement dans les \u00e9tablissements qui , comme les transports, la s\u00e9curit\u00e9 ou les h\u00f4pitaux\u2026 C\u2019est pour clarifier cette disposition que les s\u00e9nateurs centristes, appuy\u00e9s par le gouvernement, ont souhait\u00e9 agir par la loi. Cette proposition de loi , mais vient , a insist\u00e9 la ministre du travail, Catherine Vautrin, qui soutient l\u2019initiative. Accusation de \u00ab\u00a0d\u00e9tricoter petit \u00e0 petit le principe du 1er-Mai ch\u00f4m\u00e9\u00a0\u00bb Le texte centriste visait initialement \u00e0 permettre aux \u00e9tablissements d\u00e9j\u00e0 autoris\u00e9s \u00e0 ouvrir le dimanche de pouvoir le faire le 1er-Mai. Mais dans sa version vot\u00e9e jeudi, il a \u00e9t\u00e9 remani\u00e9 et d\u00e9finit d\u00e9sormais pr\u00e9cis\u00e9ment le p\u00e9rim\u00e8tre des commerces b\u00e9n\u00e9ficiant d\u2019une d\u00e9rogation sp\u00e9cifique pour ce jour-l\u00e0. La mesure a offusqu\u00e9 l\u2019ensemble des groupes de gauche au S\u00e9nat, qui ont \u00e9chou\u00e9 \u00e0 faire adopter une motion de rejet du texte. La communiste Cathy Apourceau-Poly a accus\u00e9 la majorit\u00e9 s\u00e9natoriale et le gouvernement de , estimant que ce texte aura un impact sur . , a-t-elle d\u00e9clar\u00e9 durant les d\u00e9bats. , a pour sa part lanc\u00e9 la socialiste Monique Lubin. , lui a r\u00e9torqu\u00e9 Annick Billon, d\u00e9non\u00e7ant une attitude de la gauche. Si le patronat soutient cette modification juridique, les syndicats de salari\u00e9s opposent, eux, une fin de non-recevoir en bloc\u00a0: dans un communiqu\u00e9 intersyndical publi\u00e9 mardi, ils ont appel\u00e9 les s\u00e9nateurs \u00e0 s\u2019opposer au texte. , \u00e9crivent ainsi la CGT, la CFDT, FO, la CFE-CGC, la CFTC, l\u2019UNSA, Solidaires et la FSU.    Le Monde avec AFP      S\u2019abonner   Contribuer R\u00e9utiliser ce contenu","robots":{"index":"noindex","follow":"follow","max-snippet":"max-snippet:-1","max-image-preview":"max-image-preview:large","max-video-preview":"max-video-preview:-1"},"og_locale":"fr_FR","og_type":"article","og_title":"1\u1d49\u02b3-Mai\u00a0: le S\u00e9nat vote pour autoriser le travail des boulangers et fleuristes salari\u00e9s - vof-news.eu","og_description":"Le S\u00e9nat a adopt\u00e9, jeudi 3\u00a0juillet, une proposition de loi pour autoriser certains \u00e9tablissements, comme les boulangeries et les fleuristes, \u00e0 faire travailler leurs salari\u00e9s le 1er-Mai, Journ\u00e9e\u00a0internationale des travailleurs, f\u00e9ri\u00e9e et ch\u00f4m\u00e9e en France. Dans un h\u00e9micycle domin\u00e9 par une alliance entre la droite et les centristes, la proposition de loi port\u00e9e par le pr\u00e9sident de l\u2019Union des d\u00e9mocrates et ind\u00e9pendants (UDI), Herv\u00e9 Marseille, et sa coll\u00e8gue Annick Billon a \u00e9t\u00e9 adopt\u00e9e en premi\u00e8re lecture, \u00e0 228\u00a0voix contre 112. Le texte est transmis \u00e0 l\u2019Assembl\u00e9e nationale. L\u2019initiative, soutenue par le gouvernement et fustig\u00e9e par la gauche et les organisations syndicales de salari\u00e9s, vise \u00e0 augmenter le nombre de commerces b\u00e9n\u00e9ficiant d\u2019une d\u00e9rogation pour faire travailler leurs salari\u00e9s, s\u2019ils sont volontaires, le 1er-Mai. Elle pourrait ainsi s\u2019appliquer, en plus des activit\u00e9s d\u00e9j\u00e0 concern\u00e9es (h\u00f4pitaux, transports\u2026), aux (boulangeries, p\u00e2tisseries, boucheries\u2026 ), aux activit\u00e9s r\u00e9pondant \u00e0 un , comme les fleuristes, ou encore aux \u00e9tablissements exer\u00e7ant , comme les cin\u00e9mas et les th\u00e9\u00e2tres.   Le point de d\u00e9part de la discussion remonte \u00e0 la fin du mois d\u2019avril, lorsque certains boulangers avaient d\u00e9nonc\u00e9 les contr\u00f4les in\u00e9dits men\u00e9s ces derni\u00e8res ann\u00e9es par l\u2019inspection du travail aupr\u00e8s de plusieurs artisans. Car si eux sont autoris\u00e9s \u00e0 travailler, ils ont \u00e9t\u00e9 \u00e9pingl\u00e9s pour avoir fait travailler leurs salari\u00e9s durant cette journ\u00e9e f\u00e9ri\u00e9e et ch\u00f4m\u00e9e. Ces chefs d\u2019entreprise pointent une l\u00e9gislation tr\u00e8s floue, qui permet certes des exceptions, mais seulement dans les \u00e9tablissements qui , comme les transports, la s\u00e9curit\u00e9 ou les h\u00f4pitaux\u2026 C\u2019est pour clarifier cette disposition que les s\u00e9nateurs centristes, appuy\u00e9s par le gouvernement, ont souhait\u00e9 agir par la loi. Cette proposition de loi , mais vient , a insist\u00e9 la ministre du travail, Catherine Vautrin, qui soutient l\u2019initiative. Accusation de \u00ab\u00a0d\u00e9tricoter petit \u00e0 petit le principe du 1er-Mai ch\u00f4m\u00e9\u00a0\u00bb Le texte centriste visait initialement \u00e0 permettre aux \u00e9tablissements d\u00e9j\u00e0 autoris\u00e9s \u00e0 ouvrir le dimanche de pouvoir le faire le 1er-Mai. Mais dans sa version vot\u00e9e jeudi, il a \u00e9t\u00e9 remani\u00e9 et d\u00e9finit d\u00e9sormais pr\u00e9cis\u00e9ment le p\u00e9rim\u00e8tre des commerces b\u00e9n\u00e9ficiant d\u2019une d\u00e9rogation sp\u00e9cifique pour ce jour-l\u00e0. La mesure a offusqu\u00e9 l\u2019ensemble des groupes de gauche au S\u00e9nat, qui ont \u00e9chou\u00e9 \u00e0 faire adopter une motion de rejet du texte. La communiste Cathy Apourceau-Poly a accus\u00e9 la majorit\u00e9 s\u00e9natoriale et le gouvernement de , estimant que ce texte aura un impact sur . , a-t-elle d\u00e9clar\u00e9 durant les d\u00e9bats. , a pour sa part lanc\u00e9 la socialiste Monique Lubin. , lui a r\u00e9torqu\u00e9 Annick Billon, d\u00e9non\u00e7ant une attitude de la gauche. Si le patronat soutient cette modification juridique, les syndicats de salari\u00e9s opposent, eux, une fin de non-recevoir en bloc\u00a0: dans un communiqu\u00e9 intersyndical publi\u00e9 mardi, ils ont appel\u00e9 les s\u00e9nateurs \u00e0 s\u2019opposer au texte. , \u00e9crivent ainsi la CGT, la CFDT, FO, la CFE-CGC, la CFTC, l\u2019UNSA, Solidaires et la FSU.    Le Monde avec AFP      S\u2019abonner   Contribuer R\u00e9utiliser ce contenu","og_url":"https:\/\/vof-news.eu\/fr\/1%e1%b5%89%ca%b3-mai-le-senat-vote-pour-autoriser-le-travail-des-boulangers-et-fleuristes-salaries\/","og_site_name":"vof-news.eu","article_published_time":"2025-07-03T16:32:01+00:00","article_modified_time":"2025-07-03T16:32:27+00:00","og_image":[{"width":664,"height":443,"url":"https:\/\/vof-news.eu\/wp-content\/uploads\/2025\/07\/1d0da69_upload-1-wc81jgo1vqqv-000-8xq4hq.jpg","type":"image\/jpeg"}],"author":"Author","twitter_card":"summary_large_image","twitter_misc":{"\u00c9crit par":"Author","Dur\u00e9e de lecture estim\u00e9e":"3 minutes"},"schema":{"@context":"https:\/\/schema.org","@graph":[{"@type":"WebPage","@id":"https:\/\/vof-news.eu\/fr\/1%e1%b5%89%ca%b3-mai-le-senat-vote-pour-autoriser-le-travail-des-boulangers-et-fleuristes-salaries\/","url":"https:\/\/vof-news.eu\/fr\/1%e1%b5%89%ca%b3-mai-le-senat-vote-pour-autoriser-le-travail-des-boulangers-et-fleuristes-salaries\/","name":"1\u1d49\u02b3-Mai\u00a0: le S\u00e9nat vote pour autoriser le travail des boulangers et fleuristes salari\u00e9s - vof-news.eu","isPartOf":{"@id":"https:\/\/vof-news.eu\/fr\/#website"},"primaryImageOfPage":{"@id":"https:\/\/vof-news.eu\/fr\/1%e1%b5%89%ca%b3-mai-le-senat-vote-pour-autoriser-le-travail-des-boulangers-et-fleuristes-salaries\/#primaryimage"},"image":{"@id":"https:\/\/vof-news.eu\/fr\/1%e1%b5%89%ca%b3-mai-le-senat-vote-pour-autoriser-le-travail-des-boulangers-et-fleuristes-salaries\/#primaryimage"},"thumbnailUrl":"https:\/\/vof-news.eu\/wp-content\/uploads\/2025\/07\/1d0da69_upload-1-wc81jgo1vqqv-000-8xq4hq.jpg","datePublished":"2025-07-03T16:32:01+00:00","dateModified":"2025-07-03T16:32:27+00:00","author":{"@id":"https:\/\/vof-news.eu\/fr\/#\/schema\/person\/f6a2a4309f0561835797fd8c19b333ed"},"description":"Le S\u00e9nat a adopt\u00e9, jeudi 3\u00a0juillet, une proposition de loi pour autoriser certains \u00e9tablissements, comme les boulangeries et les fleuristes, \u00e0 faire travailler leurs salari\u00e9s le 1er-Mai, Journ\u00e9e\u00a0internationale des travailleurs, f\u00e9ri\u00e9e et ch\u00f4m\u00e9e en France. Dans un h\u00e9micycle domin\u00e9 par une alliance entre la droite et les centristes, la proposition de loi port\u00e9e par le pr\u00e9sident de l\u2019Union des d\u00e9mocrates et ind\u00e9pendants (UDI), Herv\u00e9 Marseille, et sa coll\u00e8gue Annick Billon a \u00e9t\u00e9 adopt\u00e9e en premi\u00e8re lecture, \u00e0 228\u00a0voix contre 112. Le texte est transmis \u00e0 l\u2019Assembl\u00e9e nationale. L\u2019initiative, soutenue par le gouvernement et fustig\u00e9e par la gauche et les organisations syndicales de salari\u00e9s, vise \u00e0 augmenter le nombre de commerces b\u00e9n\u00e9ficiant d\u2019une d\u00e9rogation pour faire travailler leurs salari\u00e9s, s\u2019ils sont volontaires, le 1er-Mai. Elle pourrait ainsi s\u2019appliquer, en plus des activit\u00e9s d\u00e9j\u00e0 concern\u00e9es (h\u00f4pitaux, transports\u2026), aux (boulangeries, p\u00e2tisseries, boucheries\u2026 ), aux activit\u00e9s r\u00e9pondant \u00e0 un , comme les fleuristes, ou encore aux \u00e9tablissements exer\u00e7ant , comme les cin\u00e9mas et les th\u00e9\u00e2tres. Le point de d\u00e9part de la discussion remonte \u00e0 la fin du mois d\u2019avril, lorsque certains boulangers avaient d\u00e9nonc\u00e9 les contr\u00f4les in\u00e9dits men\u00e9s ces derni\u00e8res ann\u00e9es par l\u2019inspection du travail aupr\u00e8s de plusieurs artisans. Car si eux sont autoris\u00e9s \u00e0 travailler, ils ont \u00e9t\u00e9 \u00e9pingl\u00e9s pour avoir fait travailler leurs salari\u00e9s durant cette journ\u00e9e f\u00e9ri\u00e9e et ch\u00f4m\u00e9e. Ces chefs d\u2019entreprise pointent une l\u00e9gislation tr\u00e8s floue, qui permet certes des exceptions, mais seulement dans les \u00e9tablissements qui , comme les transports, la s\u00e9curit\u00e9 ou les h\u00f4pitaux\u2026 C\u2019est pour clarifier cette disposition que les s\u00e9nateurs centristes, appuy\u00e9s par le gouvernement, ont souhait\u00e9 agir par la loi. Cette proposition de loi , mais vient , a insist\u00e9 la ministre du travail, Catherine Vautrin, qui soutient l\u2019initiative. Accusation de \u00ab\u00a0d\u00e9tricoter petit \u00e0 petit le principe du 1er-Mai ch\u00f4m\u00e9\u00a0\u00bb Le texte centriste visait initialement \u00e0 permettre aux \u00e9tablissements d\u00e9j\u00e0 autoris\u00e9s \u00e0 ouvrir le dimanche de pouvoir le faire le 1er-Mai. Mais dans sa version vot\u00e9e jeudi, il a \u00e9t\u00e9 remani\u00e9 et d\u00e9finit d\u00e9sormais pr\u00e9cis\u00e9ment le p\u00e9rim\u00e8tre des commerces b\u00e9n\u00e9ficiant d\u2019une d\u00e9rogation sp\u00e9cifique pour ce jour-l\u00e0. La mesure a offusqu\u00e9 l\u2019ensemble des groupes de gauche au S\u00e9nat, qui ont \u00e9chou\u00e9 \u00e0 faire adopter une motion de rejet du texte. La communiste Cathy Apourceau-Poly a accus\u00e9 la majorit\u00e9 s\u00e9natoriale et le gouvernement de , estimant que ce texte aura un impact sur . , a-t-elle d\u00e9clar\u00e9 durant les d\u00e9bats. , a pour sa part lanc\u00e9 la socialiste Monique Lubin. , lui a r\u00e9torqu\u00e9 Annick Billon, d\u00e9non\u00e7ant une attitude de la gauche. Si le patronat soutient cette modification juridique, les syndicats de salari\u00e9s opposent, eux, une fin de non-recevoir en bloc\u00a0: dans un communiqu\u00e9 intersyndical publi\u00e9 mardi, ils ont appel\u00e9 les s\u00e9nateurs \u00e0 s\u2019opposer au texte. , \u00e9crivent ainsi la CGT, la CFDT, FO, la CFE-CGC, la CFTC, l\u2019UNSA, Solidaires et la FSU. Le Monde avec AFP S\u2019abonner Contribuer R\u00e9utiliser ce contenu","breadcrumb":{"@id":"https:\/\/vof-news.eu\/fr\/1%e1%b5%89%ca%b3-mai-le-senat-vote-pour-autoriser-le-travail-des-boulangers-et-fleuristes-salaries\/#breadcrumb"},"inLanguage":"fr-FR","potentialAction":[{"@type":"ReadAction","target":["https:\/\/vof-news.eu\/fr\/1%e1%b5%89%ca%b3-mai-le-senat-vote-pour-autoriser-le-travail-des-boulangers-et-fleuristes-salaries\/"]}]},{"@type":"ImageObject","inLanguage":"fr-FR","@id":"https:\/\/vof-news.eu\/fr\/1%e1%b5%89%ca%b3-mai-le-senat-vote-pour-autoriser-le-travail-des-boulangers-et-fleuristes-salaries\/#primaryimage","url":"https:\/\/vof-news.eu\/wp-content\/uploads\/2025\/07\/1d0da69_upload-1-wc81jgo1vqqv-000-8xq4hq.jpg","contentUrl":"https:\/\/vof-news.eu\/wp-content\/uploads\/2025\/07\/1d0da69_upload-1-wc81jgo1vqqv-000-8xq4hq.jpg","width":664,"height":443},{"@type":"BreadcrumbList","@id":"https:\/\/vof-news.eu\/fr\/1%e1%b5%89%ca%b3-mai-le-senat-vote-pour-autoriser-le-travail-des-boulangers-et-fleuristes-salaries\/#breadcrumb","itemListElement":[{"@type":"ListItem","position":1,"name":"Home","item":"https:\/\/vof-news.eu\/fr\/"},{"@type":"ListItem","position":2,"name":"1\u1d49\u02b3-Mai\u00a0: le S\u00e9nat vote pour autoriser le travail des boulangers et fleuristes salari\u00e9s"}]},{"@type":"WebSite","@id":"https:\/\/vof-news.eu\/fr\/#website","url":"https:\/\/vof-news.eu\/fr\/","name":"vof-news.eu","description":"","potentialAction":[{"@type":"SearchAction","target":{"@type":"EntryPoint","urlTemplate":"https:\/\/vof-news.eu\/fr\/?s={search_term_string}"},"query-input":"required name=search_term_string"}],"inLanguage":"fr-FR"},{"@type":"Person","@id":"https:\/\/vof-news.eu\/fr\/#\/schema\/person\/f6a2a4309f0561835797fd8c19b333ed","name":"Author","image":{"@type":"ImageObject","inLanguage":"fr-FR","@id":"https:\/\/vof-news.eu\/fr\/#\/schema\/person\/image\/","url":"https:\/\/secure.gravatar.com\/avatar\/b67e614b1b25b3e9c0c239efdd2fde5ab015b5affd6f1c3c85911ca4b384e790?s=96&d=mm&r=g","contentUrl":"https:\/\/secure.gravatar.com\/avatar\/b67e614b1b25b3e9c0c239efdd2fde5ab015b5affd6f1c3c85911ca4b384e790?s=96&d=mm&r=g","caption":"Author"},"sameAs":["http:\/\/vof-news.eu"],"url":"https:\/\/vof-news.eu\/fr\/author\/zwt6qxnjulxbnyg\/"}]}},"yoast_meta":{"yoast_wpseo_title":"","yoast_wpseo_metadesc":"","yoast_wpseo_canonical":""},"_links":{"self":[{"href":"https:\/\/vof-news.eu\/fr\/wp-json\/wp\/v2\/posts\/246427","targetHints":{"allow":["GET"]}}],"collection":[{"href":"https:\/\/vof-news.eu\/fr\/wp-json\/wp\/v2\/posts"}],"about":[{"href":"https:\/\/vof-news.eu\/fr\/wp-json\/wp\/v2\/types\/post"}],"author":[{"embeddable":true,"href":"https:\/\/vof-news.eu\/fr\/wp-json\/wp\/v2\/users\/1"}],"replies":[{"embeddable":true,"href":"https:\/\/vof-news.eu\/fr\/wp-json\/wp\/v2\/comments?post=246427"}],"version-history":[{"count":1,"href":"https:\/\/vof-news.eu\/fr\/wp-json\/wp\/v2\/posts\/246427\/revisions"}],"predecessor-version":[{"id":246434,"href":"https:\/\/vof-news.eu\/fr\/wp-json\/wp\/v2\/posts\/246427\/revisions\/246434"}],"wp:featuredmedia":[{"embeddable":true,"href":"https:\/\/vof-news.eu\/fr\/wp-json\/wp\/v2\/media\/246428"}],"wp:attachment":[{"href":"https:\/\/vof-news.eu\/fr\/wp-json\/wp\/v2\/media?parent=246427"}],"wp:term":[{"taxonomy":"category","embeddable":true,"href":"https:\/\/vof-news.eu\/fr\/wp-json\/wp\/v2\/categories?post=246427"},{"taxonomy":"post_tag","embeddable":true,"href":"https:\/\/vof-news.eu\/fr\/wp-json\/wp\/v2\/tags?post=246427"}],"curies":[{"name":"wp","href":"https:\/\/api.w.org\/{rel}","templated":true}]}}