{"id":246419,"date":"2025-07-03T19:31:08","date_gmt":"2025-07-03T16:31:08","guid":{"rendered":"https:\/\/vof-news.eu\/emmanuel-macron-veut-empecher-limplantation-du-loup-la-ou-il-y-a-du-pastoralisme\/"},"modified":"2025-07-03T19:31:32","modified_gmt":"2025-07-03T16:31:32","slug":"emmanuel-macron-veut-empecher-limplantation-du-loup-la-ou-il-y-a-du-pastoralisme","status":"publish","type":"post","link":"https:\/\/vof-news.eu\/fr\/emmanuel-macron-veut-empecher-limplantation-du-loup-la-ou-il-y-a-du-pastoralisme\/","title":{"rendered":"Emmanuel Macron veut emp\u00eacher l\u2019implantation du loup l\u00e0 \u00ab\u00a0o\u00f9 il y a du pastoralisme\u00a0\u00bb"},"content":{"rendered":"<article>\n<p>Emmanuel Macron a plaid\u00e9, jeudi 3\u00a0juillet, pour emp\u00eacher l\u2019implantation du loup l\u00e0 . , a ajout\u00e9 le chef de l\u2019Etat lors d\u2019un d\u00e9placement dans l\u2019Aveyron. [c\u2019est-\u00e0-dire autoriser qu\u2019un plus grand nombre de canid\u00e9s soient abattus]\u00a0, a-t-il insist\u00e9.<\/p>\n<p>Le chef de l\u2019Etat a argu\u00e9 que la pr\u00e9sence de l\u2019ours, du loup  conduisait les \u00e9leveurs \u00e0 laisser leurs b\u00eates . , a-t-il appuy\u00e9.<\/p>\n<p>, a-t-il encore lanc\u00e9, assurant conna\u00eetre  et fustigeant l\u2019accumulation des r\u00e8gles impos\u00e9es aux \u00e9leveurs.<\/p>\n<h2>\u00ab\u00a0Aucun fondement scientifique\u00a0\u00bb<\/h2>\n<p>Le pr\u00e9sident se fonde notamment sur la r\u00e9cente d\u00e9cision, prise au niveau europ\u00e9en, de d\u00e9classer le statut du loup, devenu une esp\u00e8ce  et non plus , une \u00e9volution d\u00e9nonc\u00e9e par des d\u00e9fenseurs de la biodiversit\u00e9.<\/p>\n<section>   <\/section>\n<p>Le 28\u00a0mai, la ministre de l\u2019agriculture, Annie Genevard, avait d\u00e9clar\u00e9 devant le S\u00e9nat qu\u2019\u00e0 la date du 12\u00a0mai il y avait d\u00e9j\u00e0 eu , causant des aux \u00e9leveurs. A la fin de juin, le gouvernement avait pris un arr\u00eat\u00e9 autorisant les tirs de d\u00e9fense des \u00e9leveurs bovins et \u00e9quins contre les loups m\u00eame si leur troupeau n\u2019a pas \u00e9t\u00e9 attaqu\u00e9.<\/p>\n<p>Contact\u00e9 par l\u2019Agence France-Presse pour commenter les propos d\u2019Emmanuel Macron, C\u00e9dric Marteau, de la Ligue pour la protection des oiseaux, estime qu\u2019 parce queSelon lui, <\/p>\n<section>\n<p> <span>Le Monde avec AFP<\/span> <\/p>\n<\/section>\n<section>\n<section>\n<header>   <\/header>\n<section>\n<section> <a href=\"https:\/\/abo.lemonde.fr\/?lmd_medium=BOUTONS_LMFR&amp;lmd_campaign=CONTRIBUTION_ARTICLE\" rel=\"nofollow\">S\u2019abonner<\/a> <\/section>\n<\/section>\n<section><\/section>\n<\/section>\n<p>Contribuer<\/p>\n<p> <a href=\"https:\/\/www.lemonde.fr\/syndication\/\" rel=\"nofollow\">R\u00e9utiliser ce contenu<\/a> <\/section>\n<\/article>\n","protected":false},"excerpt":{"rendered":"<p>Emmanuel Macron a plaid\u00e9, jeudi 3\u00a0juillet, pour emp\u00eacher l\u2019implantation du loup l\u00e0 . , a ajout\u00e9 le chef de l\u2019Etat lors d\u2019un d\u00e9placement dans l\u2019Aveyron. [c\u2019est-\u00e0-dire autoriser qu\u2019un plus grand nombre de canid\u00e9s soient abattus]\u00a0, a-t-il insist\u00e9. Le chef de l\u2019Etat a argu\u00e9 que la pr\u00e9sence de l\u2019ours, du loup conduisait les \u00e9leveurs \u00e0 laisser<\/p>\n","protected":false},"author":1,"featured_media":246420,"comment_status":"open","ping_status":"open","sticky":false,"template":"","format":"standard","meta":{"footnotes":""},"categories":[68],"tags":[],"class_list":["post-246419","post","type-post","status-publish","format-standard","has-post-thumbnail","hentry","category-politics-fr"],"acf":[],"yoast_head":"<!-- This site is optimized with the Yoast SEO plugin v22.9 - https:\/\/yoast.com\/wordpress\/plugins\/seo\/ -->\n<title>Emmanuel Macron veut emp\u00eacher l\u2019implantation du loup l\u00e0 \u00ab\u00a0o\u00f9 il y a du pastoralisme\u00a0\u00bb - vof-news.eu<\/title>\n<meta name=\"description\" content=\"Emmanuel Macron a plaid\u00e9, jeudi 3\u00a0juillet, pour emp\u00eacher l\u2019implantation du loup l\u00e0 . , a ajout\u00e9 le chef de l\u2019Etat lors d\u2019un d\u00e9placement dans l\u2019Aveyron. [c\u2019est-\u00e0-dire autoriser qu\u2019un plus grand nombre de canid\u00e9s soient abattus]\u00a0, a-t-il insist\u00e9. Le chef de l\u2019Etat a argu\u00e9 que la pr\u00e9sence de l\u2019ours, du loup conduisait les \u00e9leveurs \u00e0 laisser leurs b\u00eates . , a-t-il appuy\u00e9. , a-t-il encore lanc\u00e9, assurant conna\u00eetre et fustigeant l\u2019accumulation des r\u00e8gles impos\u00e9es aux \u00e9leveurs. \u00ab\u00a0Aucun fondement scientifique\u00a0\u00bb Le pr\u00e9sident se fonde notamment sur la r\u00e9cente d\u00e9cision, prise au niveau europ\u00e9en, de d\u00e9classer le statut du loup, devenu une esp\u00e8ce et non plus , une \u00e9volution d\u00e9nonc\u00e9e par des d\u00e9fenseurs de la biodiversit\u00e9.   Le 28\u00a0mai, la ministre de l\u2019agriculture, Annie Genevard, avait d\u00e9clar\u00e9 devant le S\u00e9nat qu\u2019\u00e0 la date du 12\u00a0mai il y avait d\u00e9j\u00e0 eu , causant des aux \u00e9leveurs. A la fin de juin, le gouvernement avait pris un arr\u00eat\u00e9 autorisant les tirs de d\u00e9fense des \u00e9leveurs bovins et \u00e9quins contre les loups m\u00eame si leur troupeau n\u2019a pas \u00e9t\u00e9 attaqu\u00e9. Contact\u00e9 par l\u2019Agence France-Presse pour commenter les propos d\u2019Emmanuel Macron, C\u00e9dric Marteau, de la Ligue pour la protection des oiseaux, estime qu\u2019 parce queSelon lui,  Le Monde avec AFP      S\u2019abonner   Contribuer R\u00e9utiliser ce contenu\" \/>\n<meta name=\"robots\" content=\"noindex, follow, max-snippet:-1, max-image-preview:large, max-video-preview:-1\" \/>\n<meta property=\"og:locale\" content=\"fr_FR\" \/>\n<meta property=\"og:type\" content=\"article\" \/>\n<meta property=\"og:title\" content=\"Emmanuel Macron veut emp\u00eacher l\u2019implantation du loup l\u00e0 \u00ab\u00a0o\u00f9 il y a du pastoralisme\u00a0\u00bb - vof-news.eu\" \/>\n<meta property=\"og:description\" content=\"Emmanuel Macron a plaid\u00e9, jeudi 3\u00a0juillet, pour emp\u00eacher l\u2019implantation du loup l\u00e0 . , a ajout\u00e9 le chef de l\u2019Etat lors d\u2019un d\u00e9placement dans l\u2019Aveyron. [c\u2019est-\u00e0-dire autoriser qu\u2019un plus grand nombre de canid\u00e9s soient abattus]\u00a0, a-t-il insist\u00e9. Le chef de l\u2019Etat a argu\u00e9 que la pr\u00e9sence de l\u2019ours, du loup conduisait les \u00e9leveurs \u00e0 laisser leurs b\u00eates . , a-t-il appuy\u00e9. , a-t-il encore lanc\u00e9, assurant conna\u00eetre et fustigeant l\u2019accumulation des r\u00e8gles impos\u00e9es aux \u00e9leveurs. \u00ab\u00a0Aucun fondement scientifique\u00a0\u00bb Le pr\u00e9sident se fonde notamment sur la r\u00e9cente d\u00e9cision, prise au niveau europ\u00e9en, de d\u00e9classer le statut du loup, devenu une esp\u00e8ce et non plus , une \u00e9volution d\u00e9nonc\u00e9e par des d\u00e9fenseurs de la biodiversit\u00e9.   Le 28\u00a0mai, la ministre de l\u2019agriculture, Annie Genevard, avait d\u00e9clar\u00e9 devant le S\u00e9nat qu\u2019\u00e0 la date du 12\u00a0mai il y avait d\u00e9j\u00e0 eu , causant des aux \u00e9leveurs. A la fin de juin, le gouvernement avait pris un arr\u00eat\u00e9 autorisant les tirs de d\u00e9fense des \u00e9leveurs bovins et \u00e9quins contre les loups m\u00eame si leur troupeau n\u2019a pas \u00e9t\u00e9 attaqu\u00e9. Contact\u00e9 par l\u2019Agence France-Presse pour commenter les propos d\u2019Emmanuel Macron, C\u00e9dric Marteau, de la Ligue pour la protection des oiseaux, estime qu\u2019 parce queSelon lui,  Le Monde avec AFP      S\u2019abonner   Contribuer R\u00e9utiliser ce contenu\" \/>\n<meta property=\"og:url\" content=\"https:\/\/vof-news.eu\/fr\/emmanuel-macron-veut-empecher-limplantation-du-loup-la-ou-il-y-a-du-pastoralisme\/\" \/>\n<meta property=\"og:site_name\" content=\"vof-news.eu\" \/>\n<meta property=\"article:published_time\" content=\"2025-07-03T16:31:08+00:00\" \/>\n<meta property=\"article:modified_time\" content=\"2025-07-03T16:31:32+00:00\" \/>\n<meta property=\"og:image\" content=\"https:\/\/vof-news.eu\/wp-content\/uploads\/2025\/07\/5a624a8_ftp-import-images-1-hmji3h0nddvo-5319310-01-06.jpg\" \/>\n\t<meta property=\"og:image:width\" content=\"664\" \/>\n\t<meta property=\"og:image:height\" content=\"443\" \/>\n\t<meta property=\"og:image:type\" content=\"image\/jpeg\" \/>\n<meta name=\"author\" content=\"Author\" \/>\n<meta name=\"twitter:card\" content=\"summary_large_image\" \/>\n<meta name=\"twitter:label1\" content=\"\u00c9crit par\" \/>\n\t<meta name=\"twitter:data1\" content=\"Author\" \/>\n\t<meta name=\"twitter:label2\" content=\"Dur\u00e9e de lecture estim\u00e9e\" \/>\n\t<meta name=\"twitter:data2\" content=\"1 minute\" \/>\n<script type=\"application\/ld+json\" class=\"yoast-schema-graph\">{\"@context\":\"https:\/\/schema.org\",\"@graph\":[{\"@type\":\"WebPage\",\"@id\":\"https:\/\/vof-news.eu\/fr\/emmanuel-macron-veut-empecher-limplantation-du-loup-la-ou-il-y-a-du-pastoralisme\/\",\"url\":\"https:\/\/vof-news.eu\/fr\/emmanuel-macron-veut-empecher-limplantation-du-loup-la-ou-il-y-a-du-pastoralisme\/\",\"name\":\"Emmanuel Macron veut emp\u00eacher l\u2019implantation du loup l\u00e0 \u00ab\u00a0o\u00f9 il y a du pastoralisme\u00a0\u00bb - vof-news.eu\",\"isPartOf\":{\"@id\":\"https:\/\/vof-news.eu\/fr\/#website\"},\"primaryImageOfPage\":{\"@id\":\"https:\/\/vof-news.eu\/fr\/emmanuel-macron-veut-empecher-limplantation-du-loup-la-ou-il-y-a-du-pastoralisme\/#primaryimage\"},\"image\":{\"@id\":\"https:\/\/vof-news.eu\/fr\/emmanuel-macron-veut-empecher-limplantation-du-loup-la-ou-il-y-a-du-pastoralisme\/#primaryimage\"},\"thumbnailUrl\":\"https:\/\/vof-news.eu\/wp-content\/uploads\/2025\/07\/5a624a8_ftp-import-images-1-hmji3h0nddvo-5319310-01-06.jpg\",\"datePublished\":\"2025-07-03T16:31:08+00:00\",\"dateModified\":\"2025-07-03T16:31:32+00:00\",\"author\":{\"@id\":\"https:\/\/vof-news.eu\/fr\/#\/schema\/person\/f6a2a4309f0561835797fd8c19b333ed\"},\"description\":\"Emmanuel Macron a plaid\u00e9, jeudi 3\u00a0juillet, pour emp\u00eacher l\u2019implantation du loup l\u00e0 . , a ajout\u00e9 le chef de l\u2019Etat lors d\u2019un d\u00e9placement dans l\u2019Aveyron. [c\u2019est-\u00e0-dire autoriser qu\u2019un plus grand nombre de canid\u00e9s soient abattus]\u00a0, a-t-il insist\u00e9. Le chef de l\u2019Etat a argu\u00e9 que la pr\u00e9sence de l\u2019ours, du loup conduisait les \u00e9leveurs \u00e0 laisser leurs b\u00eates . , a-t-il appuy\u00e9. , a-t-il encore lanc\u00e9, assurant conna\u00eetre et fustigeant l\u2019accumulation des r\u00e8gles impos\u00e9es aux \u00e9leveurs. \u00ab\u00a0Aucun fondement scientifique\u00a0\u00bb Le pr\u00e9sident se fonde notamment sur la r\u00e9cente d\u00e9cision, prise au niveau europ\u00e9en, de d\u00e9classer le statut du loup, devenu une esp\u00e8ce et non plus , une \u00e9volution d\u00e9nonc\u00e9e par des d\u00e9fenseurs de la biodiversit\u00e9. Le 28\u00a0mai, la ministre de l\u2019agriculture, Annie Genevard, avait d\u00e9clar\u00e9 devant le S\u00e9nat qu\u2019\u00e0 la date du 12\u00a0mai il y avait d\u00e9j\u00e0 eu , causant des aux \u00e9leveurs. A la fin de juin, le gouvernement avait pris un arr\u00eat\u00e9 autorisant les tirs de d\u00e9fense des \u00e9leveurs bovins et \u00e9quins contre les loups m\u00eame si leur troupeau n\u2019a pas \u00e9t\u00e9 attaqu\u00e9. Contact\u00e9 par l\u2019Agence France-Presse pour commenter les propos d\u2019Emmanuel Macron, C\u00e9dric Marteau, de la Ligue pour la protection des oiseaux, estime qu\u2019 parce queSelon lui, Le Monde avec AFP S\u2019abonner Contribuer R\u00e9utiliser ce contenu\",\"breadcrumb\":{\"@id\":\"https:\/\/vof-news.eu\/fr\/emmanuel-macron-veut-empecher-limplantation-du-loup-la-ou-il-y-a-du-pastoralisme\/#breadcrumb\"},\"inLanguage\":\"fr-FR\",\"potentialAction\":[{\"@type\":\"ReadAction\",\"target\":[\"https:\/\/vof-news.eu\/fr\/emmanuel-macron-veut-empecher-limplantation-du-loup-la-ou-il-y-a-du-pastoralisme\/\"]}]},{\"@type\":\"ImageObject\",\"inLanguage\":\"fr-FR\",\"@id\":\"https:\/\/vof-news.eu\/fr\/emmanuel-macron-veut-empecher-limplantation-du-loup-la-ou-il-y-a-du-pastoralisme\/#primaryimage\",\"url\":\"https:\/\/vof-news.eu\/wp-content\/uploads\/2025\/07\/5a624a8_ftp-import-images-1-hmji3h0nddvo-5319310-01-06.jpg\",\"contentUrl\":\"https:\/\/vof-news.eu\/wp-content\/uploads\/2025\/07\/5a624a8_ftp-import-images-1-hmji3h0nddvo-5319310-01-06.jpg\",\"width\":664,\"height\":443},{\"@type\":\"BreadcrumbList\",\"@id\":\"https:\/\/vof-news.eu\/fr\/emmanuel-macron-veut-empecher-limplantation-du-loup-la-ou-il-y-a-du-pastoralisme\/#breadcrumb\",\"itemListElement\":[{\"@type\":\"ListItem\",\"position\":1,\"name\":\"Home\",\"item\":\"https:\/\/vof-news.eu\/fr\/\"},{\"@type\":\"ListItem\",\"position\":2,\"name\":\"Emmanuel Macron veut emp\u00eacher l\u2019implantation du loup l\u00e0 \u00ab\u00a0o\u00f9 il y a du pastoralisme\u00a0\u00bb\"}]},{\"@type\":\"WebSite\",\"@id\":\"https:\/\/vof-news.eu\/fr\/#website\",\"url\":\"https:\/\/vof-news.eu\/fr\/\",\"name\":\"vof-news.eu\",\"description\":\"\",\"potentialAction\":[{\"@type\":\"SearchAction\",\"target\":{\"@type\":\"EntryPoint\",\"urlTemplate\":\"https:\/\/vof-news.eu\/fr\/?s={search_term_string}\"},\"query-input\":\"required name=search_term_string\"}],\"inLanguage\":\"fr-FR\"},{\"@type\":\"Person\",\"@id\":\"https:\/\/vof-news.eu\/fr\/#\/schema\/person\/f6a2a4309f0561835797fd8c19b333ed\",\"name\":\"Author\",\"image\":{\"@type\":\"ImageObject\",\"inLanguage\":\"fr-FR\",\"@id\":\"https:\/\/vof-news.eu\/fr\/#\/schema\/person\/image\/\",\"url\":\"https:\/\/secure.gravatar.com\/avatar\/b67e614b1b25b3e9c0c239efdd2fde5ab015b5affd6f1c3c85911ca4b384e790?s=96&d=mm&r=g\",\"contentUrl\":\"https:\/\/secure.gravatar.com\/avatar\/b67e614b1b25b3e9c0c239efdd2fde5ab015b5affd6f1c3c85911ca4b384e790?s=96&d=mm&r=g\",\"caption\":\"Author\"},\"sameAs\":[\"http:\/\/vof-news.eu\"],\"url\":\"https:\/\/vof-news.eu\/fr\/author\/zwt6qxnjulxbnyg\/\"}]}<\/script>\n<!-- \/ Yoast SEO plugin. -->","yoast_head_json":{"title":"Emmanuel Macron veut emp\u00eacher l\u2019implantation du loup l\u00e0 \u00ab\u00a0o\u00f9 il y a du pastoralisme\u00a0\u00bb - vof-news.eu","description":"Emmanuel Macron a plaid\u00e9, jeudi 3\u00a0juillet, pour emp\u00eacher l\u2019implantation du loup l\u00e0 . , a ajout\u00e9 le chef de l\u2019Etat lors d\u2019un d\u00e9placement dans l\u2019Aveyron. [c\u2019est-\u00e0-dire autoriser qu\u2019un plus grand nombre de canid\u00e9s soient abattus]\u00a0, a-t-il insist\u00e9. Le chef de l\u2019Etat a argu\u00e9 que la pr\u00e9sence de l\u2019ours, du loup conduisait les \u00e9leveurs \u00e0 laisser leurs b\u00eates . , a-t-il appuy\u00e9. , a-t-il encore lanc\u00e9, assurant conna\u00eetre et fustigeant l\u2019accumulation des r\u00e8gles impos\u00e9es aux \u00e9leveurs. \u00ab\u00a0Aucun fondement scientifique\u00a0\u00bb Le pr\u00e9sident se fonde notamment sur la r\u00e9cente d\u00e9cision, prise au niveau europ\u00e9en, de d\u00e9classer le statut du loup, devenu une esp\u00e8ce et non plus , une \u00e9volution d\u00e9nonc\u00e9e par des d\u00e9fenseurs de la biodiversit\u00e9.   Le 28\u00a0mai, la ministre de l\u2019agriculture, Annie Genevard, avait d\u00e9clar\u00e9 devant le S\u00e9nat qu\u2019\u00e0 la date du 12\u00a0mai il y avait d\u00e9j\u00e0 eu , causant des aux \u00e9leveurs. A la fin de juin, le gouvernement avait pris un arr\u00eat\u00e9 autorisant les tirs de d\u00e9fense des \u00e9leveurs bovins et \u00e9quins contre les loups m\u00eame si leur troupeau n\u2019a pas \u00e9t\u00e9 attaqu\u00e9. Contact\u00e9 par l\u2019Agence France-Presse pour commenter les propos d\u2019Emmanuel Macron, C\u00e9dric Marteau, de la Ligue pour la protection des oiseaux, estime qu\u2019 parce queSelon lui,  Le Monde avec AFP      S\u2019abonner   Contribuer R\u00e9utiliser ce contenu","robots":{"index":"noindex","follow":"follow","max-snippet":"max-snippet:-1","max-image-preview":"max-image-preview:large","max-video-preview":"max-video-preview:-1"},"og_locale":"fr_FR","og_type":"article","og_title":"Emmanuel Macron veut emp\u00eacher l\u2019implantation du loup l\u00e0 \u00ab\u00a0o\u00f9 il y a du pastoralisme\u00a0\u00bb - vof-news.eu","og_description":"Emmanuel Macron a plaid\u00e9, jeudi 3\u00a0juillet, pour emp\u00eacher l\u2019implantation du loup l\u00e0 . , a ajout\u00e9 le chef de l\u2019Etat lors d\u2019un d\u00e9placement dans l\u2019Aveyron. [c\u2019est-\u00e0-dire autoriser qu\u2019un plus grand nombre de canid\u00e9s soient abattus]\u00a0, a-t-il insist\u00e9. Le chef de l\u2019Etat a argu\u00e9 que la pr\u00e9sence de l\u2019ours, du loup conduisait les \u00e9leveurs \u00e0 laisser leurs b\u00eates . , a-t-il appuy\u00e9. , a-t-il encore lanc\u00e9, assurant conna\u00eetre et fustigeant l\u2019accumulation des r\u00e8gles impos\u00e9es aux \u00e9leveurs. \u00ab\u00a0Aucun fondement scientifique\u00a0\u00bb Le pr\u00e9sident se fonde notamment sur la r\u00e9cente d\u00e9cision, prise au niveau europ\u00e9en, de d\u00e9classer le statut du loup, devenu une esp\u00e8ce et non plus , une \u00e9volution d\u00e9nonc\u00e9e par des d\u00e9fenseurs de la biodiversit\u00e9.   Le 28\u00a0mai, la ministre de l\u2019agriculture, Annie Genevard, avait d\u00e9clar\u00e9 devant le S\u00e9nat qu\u2019\u00e0 la date du 12\u00a0mai il y avait d\u00e9j\u00e0 eu , causant des aux \u00e9leveurs. A la fin de juin, le gouvernement avait pris un arr\u00eat\u00e9 autorisant les tirs de d\u00e9fense des \u00e9leveurs bovins et \u00e9quins contre les loups m\u00eame si leur troupeau n\u2019a pas \u00e9t\u00e9 attaqu\u00e9. Contact\u00e9 par l\u2019Agence France-Presse pour commenter les propos d\u2019Emmanuel Macron, C\u00e9dric Marteau, de la Ligue pour la protection des oiseaux, estime qu\u2019 parce queSelon lui,  Le Monde avec AFP      S\u2019abonner   Contribuer R\u00e9utiliser ce contenu","og_url":"https:\/\/vof-news.eu\/fr\/emmanuel-macron-veut-empecher-limplantation-du-loup-la-ou-il-y-a-du-pastoralisme\/","og_site_name":"vof-news.eu","article_published_time":"2025-07-03T16:31:08+00:00","article_modified_time":"2025-07-03T16:31:32+00:00","og_image":[{"width":664,"height":443,"url":"https:\/\/vof-news.eu\/wp-content\/uploads\/2025\/07\/5a624a8_ftp-import-images-1-hmji3h0nddvo-5319310-01-06.jpg","type":"image\/jpeg"}],"author":"Author","twitter_card":"summary_large_image","twitter_misc":{"\u00c9crit par":"Author","Dur\u00e9e de lecture estim\u00e9e":"1 minute"},"schema":{"@context":"https:\/\/schema.org","@graph":[{"@type":"WebPage","@id":"https:\/\/vof-news.eu\/fr\/emmanuel-macron-veut-empecher-limplantation-du-loup-la-ou-il-y-a-du-pastoralisme\/","url":"https:\/\/vof-news.eu\/fr\/emmanuel-macron-veut-empecher-limplantation-du-loup-la-ou-il-y-a-du-pastoralisme\/","name":"Emmanuel Macron veut emp\u00eacher l\u2019implantation du loup l\u00e0 \u00ab\u00a0o\u00f9 il y a du pastoralisme\u00a0\u00bb - vof-news.eu","isPartOf":{"@id":"https:\/\/vof-news.eu\/fr\/#website"},"primaryImageOfPage":{"@id":"https:\/\/vof-news.eu\/fr\/emmanuel-macron-veut-empecher-limplantation-du-loup-la-ou-il-y-a-du-pastoralisme\/#primaryimage"},"image":{"@id":"https:\/\/vof-news.eu\/fr\/emmanuel-macron-veut-empecher-limplantation-du-loup-la-ou-il-y-a-du-pastoralisme\/#primaryimage"},"thumbnailUrl":"https:\/\/vof-news.eu\/wp-content\/uploads\/2025\/07\/5a624a8_ftp-import-images-1-hmji3h0nddvo-5319310-01-06.jpg","datePublished":"2025-07-03T16:31:08+00:00","dateModified":"2025-07-03T16:31:32+00:00","author":{"@id":"https:\/\/vof-news.eu\/fr\/#\/schema\/person\/f6a2a4309f0561835797fd8c19b333ed"},"description":"Emmanuel Macron a plaid\u00e9, jeudi 3\u00a0juillet, pour emp\u00eacher l\u2019implantation du loup l\u00e0 . , a ajout\u00e9 le chef de l\u2019Etat lors d\u2019un d\u00e9placement dans l\u2019Aveyron. [c\u2019est-\u00e0-dire autoriser qu\u2019un plus grand nombre de canid\u00e9s soient abattus]\u00a0, a-t-il insist\u00e9. Le chef de l\u2019Etat a argu\u00e9 que la pr\u00e9sence de l\u2019ours, du loup conduisait les \u00e9leveurs \u00e0 laisser leurs b\u00eates . , a-t-il appuy\u00e9. , a-t-il encore lanc\u00e9, assurant conna\u00eetre et fustigeant l\u2019accumulation des r\u00e8gles impos\u00e9es aux \u00e9leveurs. \u00ab\u00a0Aucun fondement scientifique\u00a0\u00bb Le pr\u00e9sident se fonde notamment sur la r\u00e9cente d\u00e9cision, prise au niveau europ\u00e9en, de d\u00e9classer le statut du loup, devenu une esp\u00e8ce et non plus , une \u00e9volution d\u00e9nonc\u00e9e par des d\u00e9fenseurs de la biodiversit\u00e9. Le 28\u00a0mai, la ministre de l\u2019agriculture, Annie Genevard, avait d\u00e9clar\u00e9 devant le S\u00e9nat qu\u2019\u00e0 la date du 12\u00a0mai il y avait d\u00e9j\u00e0 eu , causant des aux \u00e9leveurs. A la fin de juin, le gouvernement avait pris un arr\u00eat\u00e9 autorisant les tirs de d\u00e9fense des \u00e9leveurs bovins et \u00e9quins contre les loups m\u00eame si leur troupeau n\u2019a pas \u00e9t\u00e9 attaqu\u00e9. Contact\u00e9 par l\u2019Agence France-Presse pour commenter les propos d\u2019Emmanuel Macron, C\u00e9dric Marteau, de la Ligue pour la protection des oiseaux, estime qu\u2019 parce queSelon lui, Le Monde avec AFP S\u2019abonner Contribuer R\u00e9utiliser ce contenu","breadcrumb":{"@id":"https:\/\/vof-news.eu\/fr\/emmanuel-macron-veut-empecher-limplantation-du-loup-la-ou-il-y-a-du-pastoralisme\/#breadcrumb"},"inLanguage":"fr-FR","potentialAction":[{"@type":"ReadAction","target":["https:\/\/vof-news.eu\/fr\/emmanuel-macron-veut-empecher-limplantation-du-loup-la-ou-il-y-a-du-pastoralisme\/"]}]},{"@type":"ImageObject","inLanguage":"fr-FR","@id":"https:\/\/vof-news.eu\/fr\/emmanuel-macron-veut-empecher-limplantation-du-loup-la-ou-il-y-a-du-pastoralisme\/#primaryimage","url":"https:\/\/vof-news.eu\/wp-content\/uploads\/2025\/07\/5a624a8_ftp-import-images-1-hmji3h0nddvo-5319310-01-06.jpg","contentUrl":"https:\/\/vof-news.eu\/wp-content\/uploads\/2025\/07\/5a624a8_ftp-import-images-1-hmji3h0nddvo-5319310-01-06.jpg","width":664,"height":443},{"@type":"BreadcrumbList","@id":"https:\/\/vof-news.eu\/fr\/emmanuel-macron-veut-empecher-limplantation-du-loup-la-ou-il-y-a-du-pastoralisme\/#breadcrumb","itemListElement":[{"@type":"ListItem","position":1,"name":"Home","item":"https:\/\/vof-news.eu\/fr\/"},{"@type":"ListItem","position":2,"name":"Emmanuel Macron veut emp\u00eacher l\u2019implantation du loup l\u00e0 \u00ab\u00a0o\u00f9 il y a du pastoralisme\u00a0\u00bb"}]},{"@type":"WebSite","@id":"https:\/\/vof-news.eu\/fr\/#website","url":"https:\/\/vof-news.eu\/fr\/","name":"vof-news.eu","description":"","potentialAction":[{"@type":"SearchAction","target":{"@type":"EntryPoint","urlTemplate":"https:\/\/vof-news.eu\/fr\/?s={search_term_string}"},"query-input":"required name=search_term_string"}],"inLanguage":"fr-FR"},{"@type":"Person","@id":"https:\/\/vof-news.eu\/fr\/#\/schema\/person\/f6a2a4309f0561835797fd8c19b333ed","name":"Author","image":{"@type":"ImageObject","inLanguage":"fr-FR","@id":"https:\/\/vof-news.eu\/fr\/#\/schema\/person\/image\/","url":"https:\/\/secure.gravatar.com\/avatar\/b67e614b1b25b3e9c0c239efdd2fde5ab015b5affd6f1c3c85911ca4b384e790?s=96&d=mm&r=g","contentUrl":"https:\/\/secure.gravatar.com\/avatar\/b67e614b1b25b3e9c0c239efdd2fde5ab015b5affd6f1c3c85911ca4b384e790?s=96&d=mm&r=g","caption":"Author"},"sameAs":["http:\/\/vof-news.eu"],"url":"https:\/\/vof-news.eu\/fr\/author\/zwt6qxnjulxbnyg\/"}]}},"yoast_meta":{"yoast_wpseo_title":"","yoast_wpseo_metadesc":"","yoast_wpseo_canonical":""},"_links":{"self":[{"href":"https:\/\/vof-news.eu\/fr\/wp-json\/wp\/v2\/posts\/246419","targetHints":{"allow":["GET"]}}],"collection":[{"href":"https:\/\/vof-news.eu\/fr\/wp-json\/wp\/v2\/posts"}],"about":[{"href":"https:\/\/vof-news.eu\/fr\/wp-json\/wp\/v2\/types\/post"}],"author":[{"embeddable":true,"href":"https:\/\/vof-news.eu\/fr\/wp-json\/wp\/v2\/users\/1"}],"replies":[{"embeddable":true,"href":"https:\/\/vof-news.eu\/fr\/wp-json\/wp\/v2\/comments?post=246419"}],"version-history":[{"count":1,"href":"https:\/\/vof-news.eu\/fr\/wp-json\/wp\/v2\/posts\/246419\/revisions"}],"predecessor-version":[{"id":246426,"href":"https:\/\/vof-news.eu\/fr\/wp-json\/wp\/v2\/posts\/246419\/revisions\/246426"}],"wp:featuredmedia":[{"embeddable":true,"href":"https:\/\/vof-news.eu\/fr\/wp-json\/wp\/v2\/media\/246420"}],"wp:attachment":[{"href":"https:\/\/vof-news.eu\/fr\/wp-json\/wp\/v2\/media?parent=246419"}],"wp:term":[{"taxonomy":"category","embeddable":true,"href":"https:\/\/vof-news.eu\/fr\/wp-json\/wp\/v2\/categories?post=246419"},{"taxonomy":"post_tag","embeddable":true,"href":"https:\/\/vof-news.eu\/fr\/wp-json\/wp\/v2\/tags?post=246419"}],"curies":[{"name":"wp","href":"https:\/\/api.w.org\/{rel}","templated":true}]}}