{"id":246292,"date":"2025-07-03T15:31:51","date_gmt":"2025-07-03T12:31:51","guid":{"rendered":"https:\/\/vof-news.eu\/nicolas-goury-lancien-identitaire-devenu-maquettiste-des-communications-du-rn-au-parlement-europeen\/"},"modified":"2025-07-03T15:32:21","modified_gmt":"2025-07-03T12:32:21","slug":"nicolas-goury-lancien-identitaire-devenu-maquettiste-des-communications-du-rn-au-parlement-europeen","status":"publish","type":"post","link":"https:\/\/vof-news.eu\/fr\/nicolas-goury-lancien-identitaire-devenu-maquettiste-des-communications-du-rn-au-parlement-europeen\/","title":{"rendered":"Nicolas Goury, l\u2019ancien identitaire devenu maquettiste des communications du RN au Parlement europ\u00e9en"},"content":{"rendered":"<article>\n<p>Hermod\u00a0: ce personnage issu de la mythologie nordique a fait son apparition dans l\u2019ours des publications du Rassemblement national (RN) au Parlement europ\u00e9en, depuis la fin 2024. Hermod Communication est le nouveau maquettiste de l\u2019importante d\u00e9l\u00e9gation d\u2019extr\u00eame droite \u00e0 Bruxelles et Strasbourg, un r\u00f4le qui n\u2019est pas neutre au RN\u00a0: depuis la prise de pouvoir de Marine Le Pen au Front national (ancien nom du RN), <a href=\"https:\/\/www.lemonde.fr\/politique\/article\/2023\/05\/23\/les-bonnes-affaires-de-frederic-chatillon-avec-le-rn-au-parlement-europeen_6174543_823448.html\" rel=\"nofollow\">c\u2019est l\u2019ancien pr\u00e9sident du Groupe union d\u00e9fense (GUD) Fr\u00e9d\u00e9ric Chatillon,<\/a> figure des milieux n\u00e9ofascistes, qui le tenait.<\/p>\n<p>Le Rassemblement national ne confie pas \u00e0 des inconnus la mise en page de ses magazines etdes comptes rendus de colloques de sa fondation. Selon les v\u00e9rifications du , derri\u00e8re la myst\u00e9rieuse \u00e9tiquette Hermod se cache, en effet, Nicolas Goury, un cadre du RN en Normandie. Sa soci\u00e9t\u00e9 a \u00e9t\u00e9 cr\u00e9\u00e9e en ao\u00fbt\u00a02024, quelques semaines apr\u00e8s la constitution du groupe dirig\u00e9 par le RN au Parlement europ\u00e9en, Les Patriotes. Domicili\u00e9e au Petit-Quevilly (Seine-Maritime), elle n\u2019a aucune existence en ligne et ne compte qu\u2019un seul employ\u00e9\u00a0: son fondateur, qui n\u2019a pas r\u00e9pondu aux sollicitations du .<\/p>\n<p><strong>Il vous reste 69.99% de cet article \u00e0 lire. La suite est r\u00e9serv\u00e9e aux abonn\u00e9s.<\/strong><\/p>\n<\/article>\n","protected":false},"excerpt":{"rendered":"<p>Hermod\u00a0: ce personnage issu de la mythologie nordique a fait son apparition dans l\u2019ours des publications du Rassemblement national (RN) au Parlement europ\u00e9en, depuis la fin 2024. Hermod Communication est le nouveau maquettiste de l\u2019importante d\u00e9l\u00e9gation d\u2019extr\u00eame droite \u00e0 Bruxelles et Strasbourg, un r\u00f4le qui n\u2019est pas neutre au RN\u00a0: depuis la prise de pouvoir<\/p>\n","protected":false},"author":1,"featured_media":246293,"comment_status":"open","ping_status":"open","sticky":false,"template":"","format":"standard","meta":{"footnotes":""},"categories":[68],"tags":[],"class_list":["post-246292","post","type-post","status-publish","format-standard","has-post-thumbnail","hentry","category-politics-fr"],"acf":[],"yoast_head":"<!-- This site is optimized with the Yoast SEO plugin v22.9 - https:\/\/yoast.com\/wordpress\/plugins\/seo\/ -->\n<title>Nicolas Goury, l\u2019ancien identitaire devenu maquettiste des communications du RN au Parlement europ\u00e9en - vof-news.eu<\/title>\n<meta name=\"description\" content=\"Hermod\u00a0: ce personnage issu de la mythologie nordique a fait son apparition dans l\u2019ours des publications du Rassemblement national (RN) au Parlement europ\u00e9en, depuis la fin 2024. Hermod Communication est le nouveau maquettiste de l\u2019importante d\u00e9l\u00e9gation d\u2019extr\u00eame droite \u00e0 Bruxelles et Strasbourg, un r\u00f4le qui n\u2019est pas neutre au RN\u00a0: depuis la prise de pouvoir de Marine Le Pen au Front national (ancien nom du RN), c\u2019est l\u2019ancien pr\u00e9sident du Groupe union d\u00e9fense (GUD) Fr\u00e9d\u00e9ric Chatillon, figure des milieux n\u00e9ofascistes, qui le tenait. Le Rassemblement national ne confie pas \u00e0 des inconnus la mise en page de ses magazines etdes comptes rendus de colloques de sa fondation. Selon les v\u00e9rifications du , derri\u00e8re la myst\u00e9rieuse \u00e9tiquette Hermod se cache, en effet, Nicolas Goury, un cadre du RN en Normandie. Sa soci\u00e9t\u00e9 a \u00e9t\u00e9 cr\u00e9\u00e9e en ao\u00fbt\u00a02024, quelques semaines apr\u00e8s la constitution du groupe dirig\u00e9 par le RN au Parlement europ\u00e9en, Les Patriotes. Domicili\u00e9e au Petit-Quevilly (Seine-Maritime), elle n\u2019a aucune existence en ligne et ne compte qu\u2019un seul employ\u00e9\u00a0: son fondateur, qui n\u2019a pas r\u00e9pondu aux sollicitations du . Il vous reste 69.99% de cet article \u00e0 lire. La suite est r\u00e9serv\u00e9e aux abonn\u00e9s.\" \/>\n<meta name=\"robots\" content=\"noindex, follow, max-snippet:-1, max-image-preview:large, max-video-preview:-1\" \/>\n<meta property=\"og:locale\" content=\"fr_FR\" \/>\n<meta property=\"og:type\" content=\"article\" \/>\n<meta property=\"og:title\" content=\"Nicolas Goury, l\u2019ancien identitaire devenu maquettiste des communications du RN au Parlement europ\u00e9en - vof-news.eu\" \/>\n<meta property=\"og:description\" content=\"Hermod\u00a0: ce personnage issu de la mythologie nordique a fait son apparition dans l\u2019ours des publications du Rassemblement national (RN) au Parlement europ\u00e9en, depuis la fin 2024. Hermod Communication est le nouveau maquettiste de l\u2019importante d\u00e9l\u00e9gation d\u2019extr\u00eame droite \u00e0 Bruxelles et Strasbourg, un r\u00f4le qui n\u2019est pas neutre au RN\u00a0: depuis la prise de pouvoir de Marine Le Pen au Front national (ancien nom du RN), c\u2019est l\u2019ancien pr\u00e9sident du Groupe union d\u00e9fense (GUD) Fr\u00e9d\u00e9ric Chatillon, figure des milieux n\u00e9ofascistes, qui le tenait. Le Rassemblement national ne confie pas \u00e0 des inconnus la mise en page de ses magazines etdes comptes rendus de colloques de sa fondation. Selon les v\u00e9rifications du , derri\u00e8re la myst\u00e9rieuse \u00e9tiquette Hermod se cache, en effet, Nicolas Goury, un cadre du RN en Normandie. Sa soci\u00e9t\u00e9 a \u00e9t\u00e9 cr\u00e9\u00e9e en ao\u00fbt\u00a02024, quelques semaines apr\u00e8s la constitution du groupe dirig\u00e9 par le RN au Parlement europ\u00e9en, Les Patriotes. Domicili\u00e9e au Petit-Quevilly (Seine-Maritime), elle n\u2019a aucune existence en ligne et ne compte qu\u2019un seul employ\u00e9\u00a0: son fondateur, qui n\u2019a pas r\u00e9pondu aux sollicitations du . Il vous reste 69.99% de cet article \u00e0 lire. La suite est r\u00e9serv\u00e9e aux abonn\u00e9s.\" \/>\n<meta property=\"og:url\" content=\"https:\/\/vof-news.eu\/fr\/nicolas-goury-lancien-identitaire-devenu-maquettiste-des-communications-du-rn-au-parlement-europeen\/\" \/>\n<meta property=\"og:site_name\" content=\"vof-news.eu\" \/>\n<meta property=\"article:published_time\" content=\"2025-07-03T12:31:51+00:00\" \/>\n<meta property=\"article:modified_time\" content=\"2025-07-03T12:32:21+00:00\" \/>\n<meta property=\"og:image\" content=\"https:\/\/vof-news.eu\/wp-content\/uploads\/2025\/07\/94086c3_upload-1-hhwzx0h4ciwy-000-49nf3wm.jpg\" \/>\n\t<meta property=\"og:image:width\" content=\"664\" \/>\n\t<meta property=\"og:image:height\" content=\"443\" \/>\n\t<meta property=\"og:image:type\" content=\"image\/jpeg\" \/>\n<meta name=\"author\" content=\"Author\" \/>\n<meta name=\"twitter:card\" content=\"summary_large_image\" \/>\n<meta name=\"twitter:label1\" content=\"\u00c9crit par\" \/>\n\t<meta name=\"twitter:data1\" content=\"Author\" \/>\n\t<meta name=\"twitter:label2\" content=\"Dur\u00e9e de lecture estim\u00e9e\" \/>\n\t<meta name=\"twitter:data2\" content=\"1 minute\" \/>\n<script type=\"application\/ld+json\" class=\"yoast-schema-graph\">{\"@context\":\"https:\/\/schema.org\",\"@graph\":[{\"@type\":\"WebPage\",\"@id\":\"https:\/\/vof-news.eu\/fr\/nicolas-goury-lancien-identitaire-devenu-maquettiste-des-communications-du-rn-au-parlement-europeen\/\",\"url\":\"https:\/\/vof-news.eu\/fr\/nicolas-goury-lancien-identitaire-devenu-maquettiste-des-communications-du-rn-au-parlement-europeen\/\",\"name\":\"Nicolas Goury, l\u2019ancien identitaire devenu maquettiste des communications du RN au Parlement europ\u00e9en - vof-news.eu\",\"isPartOf\":{\"@id\":\"https:\/\/vof-news.eu\/fr\/#website\"},\"primaryImageOfPage\":{\"@id\":\"https:\/\/vof-news.eu\/fr\/nicolas-goury-lancien-identitaire-devenu-maquettiste-des-communications-du-rn-au-parlement-europeen\/#primaryimage\"},\"image\":{\"@id\":\"https:\/\/vof-news.eu\/fr\/nicolas-goury-lancien-identitaire-devenu-maquettiste-des-communications-du-rn-au-parlement-europeen\/#primaryimage\"},\"thumbnailUrl\":\"https:\/\/vof-news.eu\/wp-content\/uploads\/2025\/07\/94086c3_upload-1-hhwzx0h4ciwy-000-49nf3wm.jpg\",\"datePublished\":\"2025-07-03T12:31:51+00:00\",\"dateModified\":\"2025-07-03T12:32:21+00:00\",\"author\":{\"@id\":\"https:\/\/vof-news.eu\/fr\/#\/schema\/person\/f6a2a4309f0561835797fd8c19b333ed\"},\"description\":\"Hermod\u00a0: ce personnage issu de la mythologie nordique a fait son apparition dans l\u2019ours des publications du Rassemblement national (RN) au Parlement europ\u00e9en, depuis la fin 2024. Hermod Communication est le nouveau maquettiste de l\u2019importante d\u00e9l\u00e9gation d\u2019extr\u00eame droite \u00e0 Bruxelles et Strasbourg, un r\u00f4le qui n\u2019est pas neutre au RN\u00a0: depuis la prise de pouvoir de Marine Le Pen au Front national (ancien nom du RN), c\u2019est l\u2019ancien pr\u00e9sident du Groupe union d\u00e9fense (GUD) Fr\u00e9d\u00e9ric Chatillon, figure des milieux n\u00e9ofascistes, qui le tenait. Le Rassemblement national ne confie pas \u00e0 des inconnus la mise en page de ses magazines etdes comptes rendus de colloques de sa fondation. Selon les v\u00e9rifications du , derri\u00e8re la myst\u00e9rieuse \u00e9tiquette Hermod se cache, en effet, Nicolas Goury, un cadre du RN en Normandie. Sa soci\u00e9t\u00e9 a \u00e9t\u00e9 cr\u00e9\u00e9e en ao\u00fbt\u00a02024, quelques semaines apr\u00e8s la constitution du groupe dirig\u00e9 par le RN au Parlement europ\u00e9en, Les Patriotes. Domicili\u00e9e au Petit-Quevilly (Seine-Maritime), elle n\u2019a aucune existence en ligne et ne compte qu\u2019un seul employ\u00e9\u00a0: son fondateur, qui n\u2019a pas r\u00e9pondu aux sollicitations du . Il vous reste 69.99% de cet article \u00e0 lire. La suite est r\u00e9serv\u00e9e aux abonn\u00e9s.\",\"breadcrumb\":{\"@id\":\"https:\/\/vof-news.eu\/fr\/nicolas-goury-lancien-identitaire-devenu-maquettiste-des-communications-du-rn-au-parlement-europeen\/#breadcrumb\"},\"inLanguage\":\"fr-FR\",\"potentialAction\":[{\"@type\":\"ReadAction\",\"target\":[\"https:\/\/vof-news.eu\/fr\/nicolas-goury-lancien-identitaire-devenu-maquettiste-des-communications-du-rn-au-parlement-europeen\/\"]}]},{\"@type\":\"ImageObject\",\"inLanguage\":\"fr-FR\",\"@id\":\"https:\/\/vof-news.eu\/fr\/nicolas-goury-lancien-identitaire-devenu-maquettiste-des-communications-du-rn-au-parlement-europeen\/#primaryimage\",\"url\":\"https:\/\/vof-news.eu\/wp-content\/uploads\/2025\/07\/94086c3_upload-1-hhwzx0h4ciwy-000-49nf3wm.jpg\",\"contentUrl\":\"https:\/\/vof-news.eu\/wp-content\/uploads\/2025\/07\/94086c3_upload-1-hhwzx0h4ciwy-000-49nf3wm.jpg\",\"width\":664,\"height\":443},{\"@type\":\"BreadcrumbList\",\"@id\":\"https:\/\/vof-news.eu\/fr\/nicolas-goury-lancien-identitaire-devenu-maquettiste-des-communications-du-rn-au-parlement-europeen\/#breadcrumb\",\"itemListElement\":[{\"@type\":\"ListItem\",\"position\":1,\"name\":\"Home\",\"item\":\"https:\/\/vof-news.eu\/fr\/\"},{\"@type\":\"ListItem\",\"position\":2,\"name\":\"Nicolas Goury, l\u2019ancien identitaire devenu maquettiste des communications du RN au Parlement europ\u00e9en\"}]},{\"@type\":\"WebSite\",\"@id\":\"https:\/\/vof-news.eu\/fr\/#website\",\"url\":\"https:\/\/vof-news.eu\/fr\/\",\"name\":\"vof-news.eu\",\"description\":\"\",\"potentialAction\":[{\"@type\":\"SearchAction\",\"target\":{\"@type\":\"EntryPoint\",\"urlTemplate\":\"https:\/\/vof-news.eu\/fr\/?s={search_term_string}\"},\"query-input\":\"required name=search_term_string\"}],\"inLanguage\":\"fr-FR\"},{\"@type\":\"Person\",\"@id\":\"https:\/\/vof-news.eu\/fr\/#\/schema\/person\/f6a2a4309f0561835797fd8c19b333ed\",\"name\":\"Author\",\"image\":{\"@type\":\"ImageObject\",\"inLanguage\":\"fr-FR\",\"@id\":\"https:\/\/vof-news.eu\/fr\/#\/schema\/person\/image\/\",\"url\":\"https:\/\/secure.gravatar.com\/avatar\/b67e614b1b25b3e9c0c239efdd2fde5ab015b5affd6f1c3c85911ca4b384e790?s=96&d=mm&r=g\",\"contentUrl\":\"https:\/\/secure.gravatar.com\/avatar\/b67e614b1b25b3e9c0c239efdd2fde5ab015b5affd6f1c3c85911ca4b384e790?s=96&d=mm&r=g\",\"caption\":\"Author\"},\"sameAs\":[\"http:\/\/vof-news.eu\"],\"url\":\"https:\/\/vof-news.eu\/fr\/author\/zwt6qxnjulxbnyg\/\"}]}<\/script>\n<!-- \/ Yoast SEO plugin. -->","yoast_head_json":{"title":"Nicolas Goury, l\u2019ancien identitaire devenu maquettiste des communications du RN au Parlement europ\u00e9en - vof-news.eu","description":"Hermod\u00a0: ce personnage issu de la mythologie nordique a fait son apparition dans l\u2019ours des publications du Rassemblement national (RN) au Parlement europ\u00e9en, depuis la fin 2024. Hermod Communication est le nouveau maquettiste de l\u2019importante d\u00e9l\u00e9gation d\u2019extr\u00eame droite \u00e0 Bruxelles et Strasbourg, un r\u00f4le qui n\u2019est pas neutre au RN\u00a0: depuis la prise de pouvoir de Marine Le Pen au Front national (ancien nom du RN), c\u2019est l\u2019ancien pr\u00e9sident du Groupe union d\u00e9fense (GUD) Fr\u00e9d\u00e9ric Chatillon, figure des milieux n\u00e9ofascistes, qui le tenait. Le Rassemblement national ne confie pas \u00e0 des inconnus la mise en page de ses magazines etdes comptes rendus de colloques de sa fondation. Selon les v\u00e9rifications du , derri\u00e8re la myst\u00e9rieuse \u00e9tiquette Hermod se cache, en effet, Nicolas Goury, un cadre du RN en Normandie. Sa soci\u00e9t\u00e9 a \u00e9t\u00e9 cr\u00e9\u00e9e en ao\u00fbt\u00a02024, quelques semaines apr\u00e8s la constitution du groupe dirig\u00e9 par le RN au Parlement europ\u00e9en, Les Patriotes. Domicili\u00e9e au Petit-Quevilly (Seine-Maritime), elle n\u2019a aucune existence en ligne et ne compte qu\u2019un seul employ\u00e9\u00a0: son fondateur, qui n\u2019a pas r\u00e9pondu aux sollicitations du . Il vous reste 69.99% de cet article \u00e0 lire. La suite est r\u00e9serv\u00e9e aux abonn\u00e9s.","robots":{"index":"noindex","follow":"follow","max-snippet":"max-snippet:-1","max-image-preview":"max-image-preview:large","max-video-preview":"max-video-preview:-1"},"og_locale":"fr_FR","og_type":"article","og_title":"Nicolas Goury, l\u2019ancien identitaire devenu maquettiste des communications du RN au Parlement europ\u00e9en - vof-news.eu","og_description":"Hermod\u00a0: ce personnage issu de la mythologie nordique a fait son apparition dans l\u2019ours des publications du Rassemblement national (RN) au Parlement europ\u00e9en, depuis la fin 2024. Hermod Communication est le nouveau maquettiste de l\u2019importante d\u00e9l\u00e9gation d\u2019extr\u00eame droite \u00e0 Bruxelles et Strasbourg, un r\u00f4le qui n\u2019est pas neutre au RN\u00a0: depuis la prise de pouvoir de Marine Le Pen au Front national (ancien nom du RN), c\u2019est l\u2019ancien pr\u00e9sident du Groupe union d\u00e9fense (GUD) Fr\u00e9d\u00e9ric Chatillon, figure des milieux n\u00e9ofascistes, qui le tenait. Le Rassemblement national ne confie pas \u00e0 des inconnus la mise en page de ses magazines etdes comptes rendus de colloques de sa fondation. Selon les v\u00e9rifications du , derri\u00e8re la myst\u00e9rieuse \u00e9tiquette Hermod se cache, en effet, Nicolas Goury, un cadre du RN en Normandie. Sa soci\u00e9t\u00e9 a \u00e9t\u00e9 cr\u00e9\u00e9e en ao\u00fbt\u00a02024, quelques semaines apr\u00e8s la constitution du groupe dirig\u00e9 par le RN au Parlement europ\u00e9en, Les Patriotes. Domicili\u00e9e au Petit-Quevilly (Seine-Maritime), elle n\u2019a aucune existence en ligne et ne compte qu\u2019un seul employ\u00e9\u00a0: son fondateur, qui n\u2019a pas r\u00e9pondu aux sollicitations du . Il vous reste 69.99% de cet article \u00e0 lire. La suite est r\u00e9serv\u00e9e aux abonn\u00e9s.","og_url":"https:\/\/vof-news.eu\/fr\/nicolas-goury-lancien-identitaire-devenu-maquettiste-des-communications-du-rn-au-parlement-europeen\/","og_site_name":"vof-news.eu","article_published_time":"2025-07-03T12:31:51+00:00","article_modified_time":"2025-07-03T12:32:21+00:00","og_image":[{"width":664,"height":443,"url":"https:\/\/vof-news.eu\/wp-content\/uploads\/2025\/07\/94086c3_upload-1-hhwzx0h4ciwy-000-49nf3wm.jpg","type":"image\/jpeg"}],"author":"Author","twitter_card":"summary_large_image","twitter_misc":{"\u00c9crit par":"Author","Dur\u00e9e de lecture estim\u00e9e":"1 minute"},"schema":{"@context":"https:\/\/schema.org","@graph":[{"@type":"WebPage","@id":"https:\/\/vof-news.eu\/fr\/nicolas-goury-lancien-identitaire-devenu-maquettiste-des-communications-du-rn-au-parlement-europeen\/","url":"https:\/\/vof-news.eu\/fr\/nicolas-goury-lancien-identitaire-devenu-maquettiste-des-communications-du-rn-au-parlement-europeen\/","name":"Nicolas Goury, l\u2019ancien identitaire devenu maquettiste des communications du RN au Parlement europ\u00e9en - vof-news.eu","isPartOf":{"@id":"https:\/\/vof-news.eu\/fr\/#website"},"primaryImageOfPage":{"@id":"https:\/\/vof-news.eu\/fr\/nicolas-goury-lancien-identitaire-devenu-maquettiste-des-communications-du-rn-au-parlement-europeen\/#primaryimage"},"image":{"@id":"https:\/\/vof-news.eu\/fr\/nicolas-goury-lancien-identitaire-devenu-maquettiste-des-communications-du-rn-au-parlement-europeen\/#primaryimage"},"thumbnailUrl":"https:\/\/vof-news.eu\/wp-content\/uploads\/2025\/07\/94086c3_upload-1-hhwzx0h4ciwy-000-49nf3wm.jpg","datePublished":"2025-07-03T12:31:51+00:00","dateModified":"2025-07-03T12:32:21+00:00","author":{"@id":"https:\/\/vof-news.eu\/fr\/#\/schema\/person\/f6a2a4309f0561835797fd8c19b333ed"},"description":"Hermod\u00a0: ce personnage issu de la mythologie nordique a fait son apparition dans l\u2019ours des publications du Rassemblement national (RN) au Parlement europ\u00e9en, depuis la fin 2024. Hermod Communication est le nouveau maquettiste de l\u2019importante d\u00e9l\u00e9gation d\u2019extr\u00eame droite \u00e0 Bruxelles et Strasbourg, un r\u00f4le qui n\u2019est pas neutre au RN\u00a0: depuis la prise de pouvoir de Marine Le Pen au Front national (ancien nom du RN), c\u2019est l\u2019ancien pr\u00e9sident du Groupe union d\u00e9fense (GUD) Fr\u00e9d\u00e9ric Chatillon, figure des milieux n\u00e9ofascistes, qui le tenait. Le Rassemblement national ne confie pas \u00e0 des inconnus la mise en page de ses magazines etdes comptes rendus de colloques de sa fondation. Selon les v\u00e9rifications du , derri\u00e8re la myst\u00e9rieuse \u00e9tiquette Hermod se cache, en effet, Nicolas Goury, un cadre du RN en Normandie. Sa soci\u00e9t\u00e9 a \u00e9t\u00e9 cr\u00e9\u00e9e en ao\u00fbt\u00a02024, quelques semaines apr\u00e8s la constitution du groupe dirig\u00e9 par le RN au Parlement europ\u00e9en, Les Patriotes. Domicili\u00e9e au Petit-Quevilly (Seine-Maritime), elle n\u2019a aucune existence en ligne et ne compte qu\u2019un seul employ\u00e9\u00a0: son fondateur, qui n\u2019a pas r\u00e9pondu aux sollicitations du . Il vous reste 69.99% de cet article \u00e0 lire. La suite est r\u00e9serv\u00e9e aux abonn\u00e9s.","breadcrumb":{"@id":"https:\/\/vof-news.eu\/fr\/nicolas-goury-lancien-identitaire-devenu-maquettiste-des-communications-du-rn-au-parlement-europeen\/#breadcrumb"},"inLanguage":"fr-FR","potentialAction":[{"@type":"ReadAction","target":["https:\/\/vof-news.eu\/fr\/nicolas-goury-lancien-identitaire-devenu-maquettiste-des-communications-du-rn-au-parlement-europeen\/"]}]},{"@type":"ImageObject","inLanguage":"fr-FR","@id":"https:\/\/vof-news.eu\/fr\/nicolas-goury-lancien-identitaire-devenu-maquettiste-des-communications-du-rn-au-parlement-europeen\/#primaryimage","url":"https:\/\/vof-news.eu\/wp-content\/uploads\/2025\/07\/94086c3_upload-1-hhwzx0h4ciwy-000-49nf3wm.jpg","contentUrl":"https:\/\/vof-news.eu\/wp-content\/uploads\/2025\/07\/94086c3_upload-1-hhwzx0h4ciwy-000-49nf3wm.jpg","width":664,"height":443},{"@type":"BreadcrumbList","@id":"https:\/\/vof-news.eu\/fr\/nicolas-goury-lancien-identitaire-devenu-maquettiste-des-communications-du-rn-au-parlement-europeen\/#breadcrumb","itemListElement":[{"@type":"ListItem","position":1,"name":"Home","item":"https:\/\/vof-news.eu\/fr\/"},{"@type":"ListItem","position":2,"name":"Nicolas Goury, l\u2019ancien identitaire devenu maquettiste des communications du RN au Parlement europ\u00e9en"}]},{"@type":"WebSite","@id":"https:\/\/vof-news.eu\/fr\/#website","url":"https:\/\/vof-news.eu\/fr\/","name":"vof-news.eu","description":"","potentialAction":[{"@type":"SearchAction","target":{"@type":"EntryPoint","urlTemplate":"https:\/\/vof-news.eu\/fr\/?s={search_term_string}"},"query-input":"required name=search_term_string"}],"inLanguage":"fr-FR"},{"@type":"Person","@id":"https:\/\/vof-news.eu\/fr\/#\/schema\/person\/f6a2a4309f0561835797fd8c19b333ed","name":"Author","image":{"@type":"ImageObject","inLanguage":"fr-FR","@id":"https:\/\/vof-news.eu\/fr\/#\/schema\/person\/image\/","url":"https:\/\/secure.gravatar.com\/avatar\/b67e614b1b25b3e9c0c239efdd2fde5ab015b5affd6f1c3c85911ca4b384e790?s=96&d=mm&r=g","contentUrl":"https:\/\/secure.gravatar.com\/avatar\/b67e614b1b25b3e9c0c239efdd2fde5ab015b5affd6f1c3c85911ca4b384e790?s=96&d=mm&r=g","caption":"Author"},"sameAs":["http:\/\/vof-news.eu"],"url":"https:\/\/vof-news.eu\/fr\/author\/zwt6qxnjulxbnyg\/"}]}},"yoast_meta":{"yoast_wpseo_title":"","yoast_wpseo_metadesc":"","yoast_wpseo_canonical":""},"_links":{"self":[{"href":"https:\/\/vof-news.eu\/fr\/wp-json\/wp\/v2\/posts\/246292","targetHints":{"allow":["GET"]}}],"collection":[{"href":"https:\/\/vof-news.eu\/fr\/wp-json\/wp\/v2\/posts"}],"about":[{"href":"https:\/\/vof-news.eu\/fr\/wp-json\/wp\/v2\/types\/post"}],"author":[{"embeddable":true,"href":"https:\/\/vof-news.eu\/fr\/wp-json\/wp\/v2\/users\/1"}],"replies":[{"embeddable":true,"href":"https:\/\/vof-news.eu\/fr\/wp-json\/wp\/v2\/comments?post=246292"}],"version-history":[{"count":1,"href":"https:\/\/vof-news.eu\/fr\/wp-json\/wp\/v2\/posts\/246292\/revisions"}],"predecessor-version":[{"id":246299,"href":"https:\/\/vof-news.eu\/fr\/wp-json\/wp\/v2\/posts\/246292\/revisions\/246299"}],"wp:featuredmedia":[{"embeddable":true,"href":"https:\/\/vof-news.eu\/fr\/wp-json\/wp\/v2\/media\/246293"}],"wp:attachment":[{"href":"https:\/\/vof-news.eu\/fr\/wp-json\/wp\/v2\/media?parent=246292"}],"wp:term":[{"taxonomy":"category","embeddable":true,"href":"https:\/\/vof-news.eu\/fr\/wp-json\/wp\/v2\/categories?post=246292"},{"taxonomy":"post_tag","embeddable":true,"href":"https:\/\/vof-news.eu\/fr\/wp-json\/wp\/v2\/tags?post=246292"}],"curies":[{"name":"wp","href":"https:\/\/api.w.org\/{rel}","templated":true}]}}