{"id":246214,"date":"2025-07-03T13:32:14","date_gmt":"2025-07-03T10:32:14","guid":{"rendered":"https:\/\/vof-news.eu\/le-sujet-de-la-regulation-carcerale-gagne-des-points-dans-le-debat-politique\/"},"modified":"2025-07-03T13:32:29","modified_gmt":"2025-07-03T10:32:29","slug":"le-sujet-de-la-regulation-carcerale-gagne-des-points-dans-le-debat-politique","status":"publish","type":"post","link":"https:\/\/vof-news.eu\/fr\/le-sujet-de-la-regulation-carcerale-gagne-des-points-dans-le-debat-politique\/","title":{"rendered":"Le sujet de la r\u00e9gulation carc\u00e9rale gagne des points dans le d\u00e9bat politique"},"content":{"rendered":"<article>\n<p>Finalement, Dominique Simonnot n\u2019aura pas eu besoin de l\u2019aide de la canicule. La contr\u00f4leuse g\u00e9n\u00e9rale des lieux de privation de libert\u00e9 avait, mercredi 2\u00a0juillet au matin, un rendez-vous \u00e0 l\u2019Assembl\u00e9e nationale devant la commission des lois, avec son groupe de travail compos\u00e9 de vingt-sept syndicats professionnels et associations, pour lancer un cri d\u2019alarme d\u2019, afin de d\u00e9noncer la situation de surpopulation carc\u00e9rale qui r\u00e8gne dans les prisons fran\u00e7aises. La veille de son audition, l\u2019ex-journaliste \u00e0  et au  pensait \u00e9voquer la situation dramatique dans laquelle se trouvent aujourd\u2019hui plusieurs dizaines de centres p\u00e9nitentiaires, o\u00f9 des d\u00e9tenus s\u2019entassent \u00e0 trois (parfois quatre et m\u00eame cinq) dans des cellules de moins de 10 m\u00e8tres carr\u00e9s, devenues invivables \u00e0 cause de temp\u00e9ratures pouvant d\u00e9passer les 40\u00a0degr\u00e9s.<\/p>\n<p>Contre toute attente, elle l\u2019a \u00e0 peine \u00e9voqu\u00e9e. En revanche, elle a re\u00e7u, une aide inattendue, mais cruciale, celle de Florent Boudi\u00e9, d\u00e9put\u00e9 Renaissance, et surtout pr\u00e9sident de la commission des lois, qui s\u2019est engag\u00e9 \u00e0 la fin des presque deux heures de d\u00e9bats, \u00e0 d\u00e9poser, avant la fin de l\u2019ann\u00e9e, une proposition de loi proposant un m\u00e9canisme de r\u00e9gulation carc\u00e9rale. , s\u2019est r\u00e9jouie \u00e0 la sortie Dominique Simonnot.<\/p>\n<p><strong>Il vous reste 82.66% de cet article \u00e0 lire. La suite est r\u00e9serv\u00e9e aux abonn\u00e9s.<\/strong><\/p>\n<\/article>\n","protected":false},"excerpt":{"rendered":"<p>Finalement, Dominique Simonnot n\u2019aura pas eu besoin de l\u2019aide de la canicule. La contr\u00f4leuse g\u00e9n\u00e9rale des lieux de privation de libert\u00e9 avait, mercredi 2\u00a0juillet au matin, un rendez-vous \u00e0 l\u2019Assembl\u00e9e nationale devant la commission des lois, avec son groupe de travail compos\u00e9 de vingt-sept syndicats professionnels et associations, pour lancer un cri d\u2019alarme d\u2019, afin<\/p>\n","protected":false},"author":1,"featured_media":246215,"comment_status":"open","ping_status":"open","sticky":false,"template":"","format":"standard","meta":{"footnotes":""},"categories":[68],"tags":[],"class_list":["post-246214","post","type-post","status-publish","format-standard","has-post-thumbnail","hentry","category-politics-fr"],"acf":[],"yoast_head":"<!-- This site is optimized with the Yoast SEO plugin v22.9 - https:\/\/yoast.com\/wordpress\/plugins\/seo\/ -->\n<title>Le sujet de la r\u00e9gulation carc\u00e9rale gagne des points dans le d\u00e9bat politique - vof-news.eu<\/title>\n<meta name=\"description\" content=\"Finalement, Dominique Simonnot n\u2019aura pas eu besoin de l\u2019aide de la canicule. La contr\u00f4leuse g\u00e9n\u00e9rale des lieux de privation de libert\u00e9 avait, mercredi 2\u00a0juillet au matin, un rendez-vous \u00e0 l\u2019Assembl\u00e9e nationale devant la commission des lois, avec son groupe de travail compos\u00e9 de vingt-sept syndicats professionnels et associations, pour lancer un cri d\u2019alarme d\u2019, afin de d\u00e9noncer la situation de surpopulation carc\u00e9rale qui r\u00e8gne dans les prisons fran\u00e7aises. La veille de son audition, l\u2019ex-journaliste \u00e0 et au pensait \u00e9voquer la situation dramatique dans laquelle se trouvent aujourd\u2019hui plusieurs dizaines de centres p\u00e9nitentiaires, o\u00f9 des d\u00e9tenus s\u2019entassent \u00e0 trois (parfois quatre et m\u00eame cinq) dans des cellules de moins de 10 m\u00e8tres carr\u00e9s, devenues invivables \u00e0 cause de temp\u00e9ratures pouvant d\u00e9passer les 40\u00a0degr\u00e9s. Contre toute attente, elle l\u2019a \u00e0 peine \u00e9voqu\u00e9e. En revanche, elle a re\u00e7u, une aide inattendue, mais cruciale, celle de Florent Boudi\u00e9, d\u00e9put\u00e9 Renaissance, et surtout pr\u00e9sident de la commission des lois, qui s\u2019est engag\u00e9 \u00e0 la fin des presque deux heures de d\u00e9bats, \u00e0 d\u00e9poser, avant la fin de l\u2019ann\u00e9e, une proposition de loi proposant un m\u00e9canisme de r\u00e9gulation carc\u00e9rale. , s\u2019est r\u00e9jouie \u00e0 la sortie Dominique Simonnot. Il vous reste 82.66% de cet article \u00e0 lire. La suite est r\u00e9serv\u00e9e aux abonn\u00e9s.\" \/>\n<meta name=\"robots\" content=\"noindex, follow, max-snippet:-1, max-image-preview:large, max-video-preview:-1\" \/>\n<meta property=\"og:locale\" content=\"fr_FR\" \/>\n<meta property=\"og:type\" content=\"article\" \/>\n<meta property=\"og:title\" content=\"Le sujet de la r\u00e9gulation carc\u00e9rale gagne des points dans le d\u00e9bat politique - vof-news.eu\" \/>\n<meta property=\"og:description\" content=\"Finalement, Dominique Simonnot n\u2019aura pas eu besoin de l\u2019aide de la canicule. La contr\u00f4leuse g\u00e9n\u00e9rale des lieux de privation de libert\u00e9 avait, mercredi 2\u00a0juillet au matin, un rendez-vous \u00e0 l\u2019Assembl\u00e9e nationale devant la commission des lois, avec son groupe de travail compos\u00e9 de vingt-sept syndicats professionnels et associations, pour lancer un cri d\u2019alarme d\u2019, afin de d\u00e9noncer la situation de surpopulation carc\u00e9rale qui r\u00e8gne dans les prisons fran\u00e7aises. La veille de son audition, l\u2019ex-journaliste \u00e0 et au pensait \u00e9voquer la situation dramatique dans laquelle se trouvent aujourd\u2019hui plusieurs dizaines de centres p\u00e9nitentiaires, o\u00f9 des d\u00e9tenus s\u2019entassent \u00e0 trois (parfois quatre et m\u00eame cinq) dans des cellules de moins de 10 m\u00e8tres carr\u00e9s, devenues invivables \u00e0 cause de temp\u00e9ratures pouvant d\u00e9passer les 40\u00a0degr\u00e9s. Contre toute attente, elle l\u2019a \u00e0 peine \u00e9voqu\u00e9e. En revanche, elle a re\u00e7u, une aide inattendue, mais cruciale, celle de Florent Boudi\u00e9, d\u00e9put\u00e9 Renaissance, et surtout pr\u00e9sident de la commission des lois, qui s\u2019est engag\u00e9 \u00e0 la fin des presque deux heures de d\u00e9bats, \u00e0 d\u00e9poser, avant la fin de l\u2019ann\u00e9e, une proposition de loi proposant un m\u00e9canisme de r\u00e9gulation carc\u00e9rale. , s\u2019est r\u00e9jouie \u00e0 la sortie Dominique Simonnot. Il vous reste 82.66% de cet article \u00e0 lire. La suite est r\u00e9serv\u00e9e aux abonn\u00e9s.\" \/>\n<meta property=\"og:url\" content=\"https:\/\/vof-news.eu\/fr\/le-sujet-de-la-regulation-carcerale-gagne-des-points-dans-le-debat-politique\/\" \/>\n<meta property=\"og:site_name\" content=\"vof-news.eu\" \/>\n<meta property=\"article:published_time\" content=\"2025-07-03T10:32:14+00:00\" \/>\n<meta property=\"article:modified_time\" content=\"2025-07-03T10:32:29+00:00\" \/>\n<meta property=\"og:image\" content=\"https:\/\/vof-news.eu\/wp-content\/uploads\/2025\/07\/9b8806e_upload-1-4txv8j51yr47-2025-07-02-severin-millet-le-monde.jpg\" \/>\n\t<meta property=\"og:image:width\" content=\"664\" \/>\n\t<meta property=\"og:image:height\" content=\"449\" \/>\n\t<meta property=\"og:image:type\" content=\"image\/jpeg\" \/>\n<meta name=\"author\" content=\"Author\" \/>\n<meta name=\"twitter:card\" content=\"summary_large_image\" \/>\n<meta name=\"twitter:label1\" content=\"\u00c9crit par\" \/>\n\t<meta name=\"twitter:data1\" content=\"Author\" \/>\n\t<meta name=\"twitter:label2\" content=\"Dur\u00e9e de lecture estim\u00e9e\" \/>\n\t<meta name=\"twitter:data2\" content=\"1 minute\" \/>\n<script type=\"application\/ld+json\" class=\"yoast-schema-graph\">{\"@context\":\"https:\/\/schema.org\",\"@graph\":[{\"@type\":\"WebPage\",\"@id\":\"https:\/\/vof-news.eu\/fr\/le-sujet-de-la-regulation-carcerale-gagne-des-points-dans-le-debat-politique\/\",\"url\":\"https:\/\/vof-news.eu\/fr\/le-sujet-de-la-regulation-carcerale-gagne-des-points-dans-le-debat-politique\/\",\"name\":\"Le sujet de la r\u00e9gulation carc\u00e9rale gagne des points dans le d\u00e9bat politique - vof-news.eu\",\"isPartOf\":{\"@id\":\"https:\/\/vof-news.eu\/fr\/#website\"},\"primaryImageOfPage\":{\"@id\":\"https:\/\/vof-news.eu\/fr\/le-sujet-de-la-regulation-carcerale-gagne-des-points-dans-le-debat-politique\/#primaryimage\"},\"image\":{\"@id\":\"https:\/\/vof-news.eu\/fr\/le-sujet-de-la-regulation-carcerale-gagne-des-points-dans-le-debat-politique\/#primaryimage\"},\"thumbnailUrl\":\"https:\/\/vof-news.eu\/wp-content\/uploads\/2025\/07\/9b8806e_upload-1-4txv8j51yr47-2025-07-02-severin-millet-le-monde.jpg\",\"datePublished\":\"2025-07-03T10:32:14+00:00\",\"dateModified\":\"2025-07-03T10:32:29+00:00\",\"author\":{\"@id\":\"https:\/\/vof-news.eu\/fr\/#\/schema\/person\/f6a2a4309f0561835797fd8c19b333ed\"},\"description\":\"Finalement, Dominique Simonnot n\u2019aura pas eu besoin de l\u2019aide de la canicule. La contr\u00f4leuse g\u00e9n\u00e9rale des lieux de privation de libert\u00e9 avait, mercredi 2\u00a0juillet au matin, un rendez-vous \u00e0 l\u2019Assembl\u00e9e nationale devant la commission des lois, avec son groupe de travail compos\u00e9 de vingt-sept syndicats professionnels et associations, pour lancer un cri d\u2019alarme d\u2019, afin de d\u00e9noncer la situation de surpopulation carc\u00e9rale qui r\u00e8gne dans les prisons fran\u00e7aises. La veille de son audition, l\u2019ex-journaliste \u00e0 et au pensait \u00e9voquer la situation dramatique dans laquelle se trouvent aujourd\u2019hui plusieurs dizaines de centres p\u00e9nitentiaires, o\u00f9 des d\u00e9tenus s\u2019entassent \u00e0 trois (parfois quatre et m\u00eame cinq) dans des cellules de moins de 10 m\u00e8tres carr\u00e9s, devenues invivables \u00e0 cause de temp\u00e9ratures pouvant d\u00e9passer les 40\u00a0degr\u00e9s. Contre toute attente, elle l\u2019a \u00e0 peine \u00e9voqu\u00e9e. En revanche, elle a re\u00e7u, une aide inattendue, mais cruciale, celle de Florent Boudi\u00e9, d\u00e9put\u00e9 Renaissance, et surtout pr\u00e9sident de la commission des lois, qui s\u2019est engag\u00e9 \u00e0 la fin des presque deux heures de d\u00e9bats, \u00e0 d\u00e9poser, avant la fin de l\u2019ann\u00e9e, une proposition de loi proposant un m\u00e9canisme de r\u00e9gulation carc\u00e9rale. , s\u2019est r\u00e9jouie \u00e0 la sortie Dominique Simonnot. Il vous reste 82.66% de cet article \u00e0 lire. La suite est r\u00e9serv\u00e9e aux abonn\u00e9s.\",\"breadcrumb\":{\"@id\":\"https:\/\/vof-news.eu\/fr\/le-sujet-de-la-regulation-carcerale-gagne-des-points-dans-le-debat-politique\/#breadcrumb\"},\"inLanguage\":\"fr-FR\",\"potentialAction\":[{\"@type\":\"ReadAction\",\"target\":[\"https:\/\/vof-news.eu\/fr\/le-sujet-de-la-regulation-carcerale-gagne-des-points-dans-le-debat-politique\/\"]}]},{\"@type\":\"ImageObject\",\"inLanguage\":\"fr-FR\",\"@id\":\"https:\/\/vof-news.eu\/fr\/le-sujet-de-la-regulation-carcerale-gagne-des-points-dans-le-debat-politique\/#primaryimage\",\"url\":\"https:\/\/vof-news.eu\/wp-content\/uploads\/2025\/07\/9b8806e_upload-1-4txv8j51yr47-2025-07-02-severin-millet-le-monde.jpg\",\"contentUrl\":\"https:\/\/vof-news.eu\/wp-content\/uploads\/2025\/07\/9b8806e_upload-1-4txv8j51yr47-2025-07-02-severin-millet-le-monde.jpg\",\"width\":664,\"height\":449},{\"@type\":\"BreadcrumbList\",\"@id\":\"https:\/\/vof-news.eu\/fr\/le-sujet-de-la-regulation-carcerale-gagne-des-points-dans-le-debat-politique\/#breadcrumb\",\"itemListElement\":[{\"@type\":\"ListItem\",\"position\":1,\"name\":\"Home\",\"item\":\"https:\/\/vof-news.eu\/fr\/\"},{\"@type\":\"ListItem\",\"position\":2,\"name\":\"Le sujet de la r\u00e9gulation carc\u00e9rale gagne des points dans le d\u00e9bat politique\"}]},{\"@type\":\"WebSite\",\"@id\":\"https:\/\/vof-news.eu\/fr\/#website\",\"url\":\"https:\/\/vof-news.eu\/fr\/\",\"name\":\"vof-news.eu\",\"description\":\"\",\"potentialAction\":[{\"@type\":\"SearchAction\",\"target\":{\"@type\":\"EntryPoint\",\"urlTemplate\":\"https:\/\/vof-news.eu\/fr\/?s={search_term_string}\"},\"query-input\":\"required name=search_term_string\"}],\"inLanguage\":\"fr-FR\"},{\"@type\":\"Person\",\"@id\":\"https:\/\/vof-news.eu\/fr\/#\/schema\/person\/f6a2a4309f0561835797fd8c19b333ed\",\"name\":\"Author\",\"image\":{\"@type\":\"ImageObject\",\"inLanguage\":\"fr-FR\",\"@id\":\"https:\/\/vof-news.eu\/fr\/#\/schema\/person\/image\/\",\"url\":\"https:\/\/secure.gravatar.com\/avatar\/b67e614b1b25b3e9c0c239efdd2fde5ab015b5affd6f1c3c85911ca4b384e790?s=96&d=mm&r=g\",\"contentUrl\":\"https:\/\/secure.gravatar.com\/avatar\/b67e614b1b25b3e9c0c239efdd2fde5ab015b5affd6f1c3c85911ca4b384e790?s=96&d=mm&r=g\",\"caption\":\"Author\"},\"sameAs\":[\"http:\/\/vof-news.eu\"],\"url\":\"https:\/\/vof-news.eu\/fr\/author\/zwt6qxnjulxbnyg\/\"}]}<\/script>\n<!-- \/ Yoast SEO plugin. -->","yoast_head_json":{"title":"Le sujet de la r\u00e9gulation carc\u00e9rale gagne des points dans le d\u00e9bat politique - vof-news.eu","description":"Finalement, Dominique Simonnot n\u2019aura pas eu besoin de l\u2019aide de la canicule. La contr\u00f4leuse g\u00e9n\u00e9rale des lieux de privation de libert\u00e9 avait, mercredi 2\u00a0juillet au matin, un rendez-vous \u00e0 l\u2019Assembl\u00e9e nationale devant la commission des lois, avec son groupe de travail compos\u00e9 de vingt-sept syndicats professionnels et associations, pour lancer un cri d\u2019alarme d\u2019, afin de d\u00e9noncer la situation de surpopulation carc\u00e9rale qui r\u00e8gne dans les prisons fran\u00e7aises. La veille de son audition, l\u2019ex-journaliste \u00e0 et au pensait \u00e9voquer la situation dramatique dans laquelle se trouvent aujourd\u2019hui plusieurs dizaines de centres p\u00e9nitentiaires, o\u00f9 des d\u00e9tenus s\u2019entassent \u00e0 trois (parfois quatre et m\u00eame cinq) dans des cellules de moins de 10 m\u00e8tres carr\u00e9s, devenues invivables \u00e0 cause de temp\u00e9ratures pouvant d\u00e9passer les 40\u00a0degr\u00e9s. Contre toute attente, elle l\u2019a \u00e0 peine \u00e9voqu\u00e9e. En revanche, elle a re\u00e7u, une aide inattendue, mais cruciale, celle de Florent Boudi\u00e9, d\u00e9put\u00e9 Renaissance, et surtout pr\u00e9sident de la commission des lois, qui s\u2019est engag\u00e9 \u00e0 la fin des presque deux heures de d\u00e9bats, \u00e0 d\u00e9poser, avant la fin de l\u2019ann\u00e9e, une proposition de loi proposant un m\u00e9canisme de r\u00e9gulation carc\u00e9rale. , s\u2019est r\u00e9jouie \u00e0 la sortie Dominique Simonnot. Il vous reste 82.66% de cet article \u00e0 lire. La suite est r\u00e9serv\u00e9e aux abonn\u00e9s.","robots":{"index":"noindex","follow":"follow","max-snippet":"max-snippet:-1","max-image-preview":"max-image-preview:large","max-video-preview":"max-video-preview:-1"},"og_locale":"fr_FR","og_type":"article","og_title":"Le sujet de la r\u00e9gulation carc\u00e9rale gagne des points dans le d\u00e9bat politique - vof-news.eu","og_description":"Finalement, Dominique Simonnot n\u2019aura pas eu besoin de l\u2019aide de la canicule. La contr\u00f4leuse g\u00e9n\u00e9rale des lieux de privation de libert\u00e9 avait, mercredi 2\u00a0juillet au matin, un rendez-vous \u00e0 l\u2019Assembl\u00e9e nationale devant la commission des lois, avec son groupe de travail compos\u00e9 de vingt-sept syndicats professionnels et associations, pour lancer un cri d\u2019alarme d\u2019, afin de d\u00e9noncer la situation de surpopulation carc\u00e9rale qui r\u00e8gne dans les prisons fran\u00e7aises. La veille de son audition, l\u2019ex-journaliste \u00e0 et au pensait \u00e9voquer la situation dramatique dans laquelle se trouvent aujourd\u2019hui plusieurs dizaines de centres p\u00e9nitentiaires, o\u00f9 des d\u00e9tenus s\u2019entassent \u00e0 trois (parfois quatre et m\u00eame cinq) dans des cellules de moins de 10 m\u00e8tres carr\u00e9s, devenues invivables \u00e0 cause de temp\u00e9ratures pouvant d\u00e9passer les 40\u00a0degr\u00e9s. Contre toute attente, elle l\u2019a \u00e0 peine \u00e9voqu\u00e9e. En revanche, elle a re\u00e7u, une aide inattendue, mais cruciale, celle de Florent Boudi\u00e9, d\u00e9put\u00e9 Renaissance, et surtout pr\u00e9sident de la commission des lois, qui s\u2019est engag\u00e9 \u00e0 la fin des presque deux heures de d\u00e9bats, \u00e0 d\u00e9poser, avant la fin de l\u2019ann\u00e9e, une proposition de loi proposant un m\u00e9canisme de r\u00e9gulation carc\u00e9rale. , s\u2019est r\u00e9jouie \u00e0 la sortie Dominique Simonnot. Il vous reste 82.66% de cet article \u00e0 lire. La suite est r\u00e9serv\u00e9e aux abonn\u00e9s.","og_url":"https:\/\/vof-news.eu\/fr\/le-sujet-de-la-regulation-carcerale-gagne-des-points-dans-le-debat-politique\/","og_site_name":"vof-news.eu","article_published_time":"2025-07-03T10:32:14+00:00","article_modified_time":"2025-07-03T10:32:29+00:00","og_image":[{"width":664,"height":449,"url":"https:\/\/vof-news.eu\/wp-content\/uploads\/2025\/07\/9b8806e_upload-1-4txv8j51yr47-2025-07-02-severin-millet-le-monde.jpg","type":"image\/jpeg"}],"author":"Author","twitter_card":"summary_large_image","twitter_misc":{"\u00c9crit par":"Author","Dur\u00e9e de lecture estim\u00e9e":"1 minute"},"schema":{"@context":"https:\/\/schema.org","@graph":[{"@type":"WebPage","@id":"https:\/\/vof-news.eu\/fr\/le-sujet-de-la-regulation-carcerale-gagne-des-points-dans-le-debat-politique\/","url":"https:\/\/vof-news.eu\/fr\/le-sujet-de-la-regulation-carcerale-gagne-des-points-dans-le-debat-politique\/","name":"Le sujet de la r\u00e9gulation carc\u00e9rale gagne des points dans le d\u00e9bat politique - vof-news.eu","isPartOf":{"@id":"https:\/\/vof-news.eu\/fr\/#website"},"primaryImageOfPage":{"@id":"https:\/\/vof-news.eu\/fr\/le-sujet-de-la-regulation-carcerale-gagne-des-points-dans-le-debat-politique\/#primaryimage"},"image":{"@id":"https:\/\/vof-news.eu\/fr\/le-sujet-de-la-regulation-carcerale-gagne-des-points-dans-le-debat-politique\/#primaryimage"},"thumbnailUrl":"https:\/\/vof-news.eu\/wp-content\/uploads\/2025\/07\/9b8806e_upload-1-4txv8j51yr47-2025-07-02-severin-millet-le-monde.jpg","datePublished":"2025-07-03T10:32:14+00:00","dateModified":"2025-07-03T10:32:29+00:00","author":{"@id":"https:\/\/vof-news.eu\/fr\/#\/schema\/person\/f6a2a4309f0561835797fd8c19b333ed"},"description":"Finalement, Dominique Simonnot n\u2019aura pas eu besoin de l\u2019aide de la canicule. La contr\u00f4leuse g\u00e9n\u00e9rale des lieux de privation de libert\u00e9 avait, mercredi 2\u00a0juillet au matin, un rendez-vous \u00e0 l\u2019Assembl\u00e9e nationale devant la commission des lois, avec son groupe de travail compos\u00e9 de vingt-sept syndicats professionnels et associations, pour lancer un cri d\u2019alarme d\u2019, afin de d\u00e9noncer la situation de surpopulation carc\u00e9rale qui r\u00e8gne dans les prisons fran\u00e7aises. La veille de son audition, l\u2019ex-journaliste \u00e0 et au pensait \u00e9voquer la situation dramatique dans laquelle se trouvent aujourd\u2019hui plusieurs dizaines de centres p\u00e9nitentiaires, o\u00f9 des d\u00e9tenus s\u2019entassent \u00e0 trois (parfois quatre et m\u00eame cinq) dans des cellules de moins de 10 m\u00e8tres carr\u00e9s, devenues invivables \u00e0 cause de temp\u00e9ratures pouvant d\u00e9passer les 40\u00a0degr\u00e9s. Contre toute attente, elle l\u2019a \u00e0 peine \u00e9voqu\u00e9e. En revanche, elle a re\u00e7u, une aide inattendue, mais cruciale, celle de Florent Boudi\u00e9, d\u00e9put\u00e9 Renaissance, et surtout pr\u00e9sident de la commission des lois, qui s\u2019est engag\u00e9 \u00e0 la fin des presque deux heures de d\u00e9bats, \u00e0 d\u00e9poser, avant la fin de l\u2019ann\u00e9e, une proposition de loi proposant un m\u00e9canisme de r\u00e9gulation carc\u00e9rale. , s\u2019est r\u00e9jouie \u00e0 la sortie Dominique Simonnot. Il vous reste 82.66% de cet article \u00e0 lire. La suite est r\u00e9serv\u00e9e aux abonn\u00e9s.","breadcrumb":{"@id":"https:\/\/vof-news.eu\/fr\/le-sujet-de-la-regulation-carcerale-gagne-des-points-dans-le-debat-politique\/#breadcrumb"},"inLanguage":"fr-FR","potentialAction":[{"@type":"ReadAction","target":["https:\/\/vof-news.eu\/fr\/le-sujet-de-la-regulation-carcerale-gagne-des-points-dans-le-debat-politique\/"]}]},{"@type":"ImageObject","inLanguage":"fr-FR","@id":"https:\/\/vof-news.eu\/fr\/le-sujet-de-la-regulation-carcerale-gagne-des-points-dans-le-debat-politique\/#primaryimage","url":"https:\/\/vof-news.eu\/wp-content\/uploads\/2025\/07\/9b8806e_upload-1-4txv8j51yr47-2025-07-02-severin-millet-le-monde.jpg","contentUrl":"https:\/\/vof-news.eu\/wp-content\/uploads\/2025\/07\/9b8806e_upload-1-4txv8j51yr47-2025-07-02-severin-millet-le-monde.jpg","width":664,"height":449},{"@type":"BreadcrumbList","@id":"https:\/\/vof-news.eu\/fr\/le-sujet-de-la-regulation-carcerale-gagne-des-points-dans-le-debat-politique\/#breadcrumb","itemListElement":[{"@type":"ListItem","position":1,"name":"Home","item":"https:\/\/vof-news.eu\/fr\/"},{"@type":"ListItem","position":2,"name":"Le sujet de la r\u00e9gulation carc\u00e9rale gagne des points dans le d\u00e9bat politique"}]},{"@type":"WebSite","@id":"https:\/\/vof-news.eu\/fr\/#website","url":"https:\/\/vof-news.eu\/fr\/","name":"vof-news.eu","description":"","potentialAction":[{"@type":"SearchAction","target":{"@type":"EntryPoint","urlTemplate":"https:\/\/vof-news.eu\/fr\/?s={search_term_string}"},"query-input":"required name=search_term_string"}],"inLanguage":"fr-FR"},{"@type":"Person","@id":"https:\/\/vof-news.eu\/fr\/#\/schema\/person\/f6a2a4309f0561835797fd8c19b333ed","name":"Author","image":{"@type":"ImageObject","inLanguage":"fr-FR","@id":"https:\/\/vof-news.eu\/fr\/#\/schema\/person\/image\/","url":"https:\/\/secure.gravatar.com\/avatar\/b67e614b1b25b3e9c0c239efdd2fde5ab015b5affd6f1c3c85911ca4b384e790?s=96&d=mm&r=g","contentUrl":"https:\/\/secure.gravatar.com\/avatar\/b67e614b1b25b3e9c0c239efdd2fde5ab015b5affd6f1c3c85911ca4b384e790?s=96&d=mm&r=g","caption":"Author"},"sameAs":["http:\/\/vof-news.eu"],"url":"https:\/\/vof-news.eu\/fr\/author\/zwt6qxnjulxbnyg\/"}]}},"yoast_meta":{"yoast_wpseo_title":"","yoast_wpseo_metadesc":"","yoast_wpseo_canonical":""},"_links":{"self":[{"href":"https:\/\/vof-news.eu\/fr\/wp-json\/wp\/v2\/posts\/246214","targetHints":{"allow":["GET"]}}],"collection":[{"href":"https:\/\/vof-news.eu\/fr\/wp-json\/wp\/v2\/posts"}],"about":[{"href":"https:\/\/vof-news.eu\/fr\/wp-json\/wp\/v2\/types\/post"}],"author":[{"embeddable":true,"href":"https:\/\/vof-news.eu\/fr\/wp-json\/wp\/v2\/users\/1"}],"replies":[{"embeddable":true,"href":"https:\/\/vof-news.eu\/fr\/wp-json\/wp\/v2\/comments?post=246214"}],"version-history":[{"count":1,"href":"https:\/\/vof-news.eu\/fr\/wp-json\/wp\/v2\/posts\/246214\/revisions"}],"predecessor-version":[{"id":246221,"href":"https:\/\/vof-news.eu\/fr\/wp-json\/wp\/v2\/posts\/246214\/revisions\/246221"}],"wp:featuredmedia":[{"embeddable":true,"href":"https:\/\/vof-news.eu\/fr\/wp-json\/wp\/v2\/media\/246215"}],"wp:attachment":[{"href":"https:\/\/vof-news.eu\/fr\/wp-json\/wp\/v2\/media?parent=246214"}],"wp:term":[{"taxonomy":"category","embeddable":true,"href":"https:\/\/vof-news.eu\/fr\/wp-json\/wp\/v2\/categories?post=246214"},{"taxonomy":"post_tag","embeddable":true,"href":"https:\/\/vof-news.eu\/fr\/wp-json\/wp\/v2\/tags?post=246214"}],"curies":[{"name":"wp","href":"https:\/\/api.w.org\/{rel}","templated":true}]}}