{"id":246062,"date":"2025-07-03T09:31:33","date_gmt":"2025-07-03T06:31:33","guid":{"rendered":"https:\/\/vof-news.eu\/fonction-publique-un-rapport-recommande-dencadrer-le-deploiement-de-lia\/"},"modified":"2025-07-03T09:31:49","modified_gmt":"2025-07-03T06:31:49","slug":"fonction-publique-un-rapport-recommande-dencadrer-le-deploiement-de-lia","status":"publish","type":"post","link":"https:\/\/vof-news.eu\/fr\/fonction-publique-un-rapport-recommande-dencadrer-le-deploiement-de-lia\/","title":{"rendered":"Fonction publique\u00a0: un rapport recommande d\u2019encadrer le d\u00e9ploiement de l\u2019IA"},"content":{"rendered":"<article>\n<p>De France Travail \u00e0 la Caisse d\u2019allocations familiales, en passant par l\u2019\u00e9ducation nationale ou les collectivit\u00e9s locales, l\u2019intelligence artificielle (IA) est d\u00e9j\u00e0 tr\u00e8s int\u00e9gr\u00e9e aux diff\u00e9rents secteurs de l\u2019action publique. Lutte contre la fraude, orientation des usagers, recrutement, agents conversationnels, les usages se multiplient. Et les transformations vont encore s\u2019amplifier \u00e0 l\u2019avenir.<\/p>\n<p>C\u2019est pour cette raison que le centre de r\u00e9flexion Le Sens du service public publie un rapport, jeudi 3\u00a0juillet, en partenariat avec la Fondation Jean Jaur\u00e8s, intitul\u00e9 \u00ab\u00a0Le service public \u00e0 l\u2019\u00e9preuve de l\u2019intelligence artificielle\u00a0\u00bb. Alors que la fonction publique est d\u00e9j\u00e0 confront\u00e9e au d\u00e9veloppement et aux exp\u00e9rimentations de l\u2019IA, le document appelle \u00e0 la cr\u00e9ation d\u2019un cadre politique clair pour que le sujet ne soit pas seulement appr\u00e9hend\u00e9 d\u2019une mani\u00e8re technique et technologique.<\/p>\n<p>,explique Johan Theuret, cofondateur du Sens du service public et coordinateur du rapport. Souverainet\u00e9, soutenabilit\u00e9 \u00e9cologique, respect de la d\u00e9mocratie\u2026 Autant d\u2019enjeux qui r\u00e9clament une vraie politique publique et une vision strat\u00e9gique de long terme.<\/p>\n<p><strong>Il vous reste 74.74% de cet article \u00e0 lire. La suite est r\u00e9serv\u00e9e aux abonn\u00e9s.<\/strong><\/p>\n<\/article>\n","protected":false},"excerpt":{"rendered":"<p>De France Travail \u00e0 la Caisse d\u2019allocations familiales, en passant par l\u2019\u00e9ducation nationale ou les collectivit\u00e9s locales, l\u2019intelligence artificielle (IA) est d\u00e9j\u00e0 tr\u00e8s int\u00e9gr\u00e9e aux diff\u00e9rents secteurs de l\u2019action publique. Lutte contre la fraude, orientation des usagers, recrutement, agents conversationnels, les usages se multiplient. Et les transformations vont encore s\u2019amplifier \u00e0 l\u2019avenir. C\u2019est pour cette<\/p>\n","protected":false},"author":1,"featured_media":246063,"comment_status":"open","ping_status":"open","sticky":false,"template":"","format":"standard","meta":{"footnotes":""},"categories":[58],"tags":[],"class_list":["post-246062","post","type-post","status-publish","format-standard","has-post-thumbnail","hentry","category-business-fr"],"acf":[],"yoast_head":"<!-- This site is optimized with the Yoast SEO plugin v22.9 - https:\/\/yoast.com\/wordpress\/plugins\/seo\/ -->\n<title>Fonction publique\u00a0: un rapport recommande d\u2019encadrer le d\u00e9ploiement de l\u2019IA - vof-news.eu<\/title>\n<meta name=\"description\" content=\"De France Travail \u00e0 la Caisse d\u2019allocations familiales, en passant par l\u2019\u00e9ducation nationale ou les collectivit\u00e9s locales, l\u2019intelligence artificielle (IA) est d\u00e9j\u00e0 tr\u00e8s int\u00e9gr\u00e9e aux diff\u00e9rents secteurs de l\u2019action publique. Lutte contre la fraude, orientation des usagers, recrutement, agents conversationnels, les usages se multiplient. Et les transformations vont encore s\u2019amplifier \u00e0 l\u2019avenir. C\u2019est pour cette raison que le centre de r\u00e9flexion Le Sens du service public publie un rapport, jeudi 3\u00a0juillet, en partenariat avec la Fondation Jean Jaur\u00e8s, intitul\u00e9 \u00ab\u00a0Le service public \u00e0 l\u2019\u00e9preuve de l\u2019intelligence artificielle\u00a0\u00bb. Alors que la fonction publique est d\u00e9j\u00e0 confront\u00e9e au d\u00e9veloppement et aux exp\u00e9rimentations de l\u2019IA, le document appelle \u00e0 la cr\u00e9ation d\u2019un cadre politique clair pour que le sujet ne soit pas seulement appr\u00e9hend\u00e9 d\u2019une mani\u00e8re technique et technologique. ,explique Johan Theuret, cofondateur du Sens du service public et coordinateur du rapport. Souverainet\u00e9, soutenabilit\u00e9 \u00e9cologique, respect de la d\u00e9mocratie\u2026 Autant d\u2019enjeux qui r\u00e9clament une vraie politique publique et une vision strat\u00e9gique de long terme. Il vous reste 74.74% de cet article \u00e0 lire. La suite est r\u00e9serv\u00e9e aux abonn\u00e9s.\" \/>\n<meta name=\"robots\" content=\"noindex, follow, max-snippet:-1, max-image-preview:large, max-video-preview:-1\" \/>\n<meta property=\"og:locale\" content=\"fr_FR\" \/>\n<meta property=\"og:type\" content=\"article\" \/>\n<meta property=\"og:title\" content=\"Fonction publique\u00a0: un rapport recommande d\u2019encadrer le d\u00e9ploiement de l\u2019IA - vof-news.eu\" \/>\n<meta property=\"og:description\" content=\"De France Travail \u00e0 la Caisse d\u2019allocations familiales, en passant par l\u2019\u00e9ducation nationale ou les collectivit\u00e9s locales, l\u2019intelligence artificielle (IA) est d\u00e9j\u00e0 tr\u00e8s int\u00e9gr\u00e9e aux diff\u00e9rents secteurs de l\u2019action publique. Lutte contre la fraude, orientation des usagers, recrutement, agents conversationnels, les usages se multiplient. Et les transformations vont encore s\u2019amplifier \u00e0 l\u2019avenir. C\u2019est pour cette raison que le centre de r\u00e9flexion Le Sens du service public publie un rapport, jeudi 3\u00a0juillet, en partenariat avec la Fondation Jean Jaur\u00e8s, intitul\u00e9 \u00ab\u00a0Le service public \u00e0 l\u2019\u00e9preuve de l\u2019intelligence artificielle\u00a0\u00bb. Alors que la fonction publique est d\u00e9j\u00e0 confront\u00e9e au d\u00e9veloppement et aux exp\u00e9rimentations de l\u2019IA, le document appelle \u00e0 la cr\u00e9ation d\u2019un cadre politique clair pour que le sujet ne soit pas seulement appr\u00e9hend\u00e9 d\u2019une mani\u00e8re technique et technologique. ,explique Johan Theuret, cofondateur du Sens du service public et coordinateur du rapport. Souverainet\u00e9, soutenabilit\u00e9 \u00e9cologique, respect de la d\u00e9mocratie\u2026 Autant d\u2019enjeux qui r\u00e9clament une vraie politique publique et une vision strat\u00e9gique de long terme. Il vous reste 74.74% de cet article \u00e0 lire. La suite est r\u00e9serv\u00e9e aux abonn\u00e9s.\" \/>\n<meta property=\"og:url\" content=\"https:\/\/vof-news.eu\/fr\/fonction-publique-un-rapport-recommande-dencadrer-le-deploiement-de-lia\/\" \/>\n<meta property=\"og:site_name\" content=\"vof-news.eu\" \/>\n<meta property=\"article:published_time\" content=\"2025-07-03T06:31:33+00:00\" \/>\n<meta property=\"article:modified_time\" content=\"2025-07-03T06:31:49+00:00\" \/>\n<meta property=\"og:image\" content=\"https:\/\/vof-news.eu\/wp-content\/uploads\/2025\/07\/03617c9_upload-1-w7tqmc7svjco-000-36x87lw.jpg\" \/>\n\t<meta property=\"og:image:width\" content=\"664\" \/>\n\t<meta property=\"og:image:height\" content=\"443\" \/>\n\t<meta property=\"og:image:type\" content=\"image\/jpeg\" \/>\n<meta name=\"author\" content=\"Author\" \/>\n<meta name=\"twitter:card\" content=\"summary_large_image\" \/>\n<meta name=\"twitter:label1\" content=\"\u00c9crit par\" \/>\n\t<meta name=\"twitter:data1\" content=\"Author\" \/>\n\t<meta name=\"twitter:label2\" content=\"Dur\u00e9e de lecture estim\u00e9e\" \/>\n\t<meta name=\"twitter:data2\" content=\"1 minute\" \/>\n<script type=\"application\/ld+json\" class=\"yoast-schema-graph\">{\"@context\":\"https:\/\/schema.org\",\"@graph\":[{\"@type\":\"WebPage\",\"@id\":\"https:\/\/vof-news.eu\/fr\/fonction-publique-un-rapport-recommande-dencadrer-le-deploiement-de-lia\/\",\"url\":\"https:\/\/vof-news.eu\/fr\/fonction-publique-un-rapport-recommande-dencadrer-le-deploiement-de-lia\/\",\"name\":\"Fonction publique\u00a0: un rapport recommande d\u2019encadrer le d\u00e9ploiement de l\u2019IA - vof-news.eu\",\"isPartOf\":{\"@id\":\"https:\/\/vof-news.eu\/fr\/#website\"},\"primaryImageOfPage\":{\"@id\":\"https:\/\/vof-news.eu\/fr\/fonction-publique-un-rapport-recommande-dencadrer-le-deploiement-de-lia\/#primaryimage\"},\"image\":{\"@id\":\"https:\/\/vof-news.eu\/fr\/fonction-publique-un-rapport-recommande-dencadrer-le-deploiement-de-lia\/#primaryimage\"},\"thumbnailUrl\":\"https:\/\/vof-news.eu\/wp-content\/uploads\/2025\/07\/03617c9_upload-1-w7tqmc7svjco-000-36x87lw.jpg\",\"datePublished\":\"2025-07-03T06:31:33+00:00\",\"dateModified\":\"2025-07-03T06:31:49+00:00\",\"author\":{\"@id\":\"https:\/\/vof-news.eu\/fr\/#\/schema\/person\/f6a2a4309f0561835797fd8c19b333ed\"},\"description\":\"De France Travail \u00e0 la Caisse d\u2019allocations familiales, en passant par l\u2019\u00e9ducation nationale ou les collectivit\u00e9s locales, l\u2019intelligence artificielle (IA) est d\u00e9j\u00e0 tr\u00e8s int\u00e9gr\u00e9e aux diff\u00e9rents secteurs de l\u2019action publique. Lutte contre la fraude, orientation des usagers, recrutement, agents conversationnels, les usages se multiplient. Et les transformations vont encore s\u2019amplifier \u00e0 l\u2019avenir. C\u2019est pour cette raison que le centre de r\u00e9flexion Le Sens du service public publie un rapport, jeudi 3\u00a0juillet, en partenariat avec la Fondation Jean Jaur\u00e8s, intitul\u00e9 \u00ab\u00a0Le service public \u00e0 l\u2019\u00e9preuve de l\u2019intelligence artificielle\u00a0\u00bb. Alors que la fonction publique est d\u00e9j\u00e0 confront\u00e9e au d\u00e9veloppement et aux exp\u00e9rimentations de l\u2019IA, le document appelle \u00e0 la cr\u00e9ation d\u2019un cadre politique clair pour que le sujet ne soit pas seulement appr\u00e9hend\u00e9 d\u2019une mani\u00e8re technique et technologique. ,explique Johan Theuret, cofondateur du Sens du service public et coordinateur du rapport. Souverainet\u00e9, soutenabilit\u00e9 \u00e9cologique, respect de la d\u00e9mocratie\u2026 Autant d\u2019enjeux qui r\u00e9clament une vraie politique publique et une vision strat\u00e9gique de long terme. Il vous reste 74.74% de cet article \u00e0 lire. La suite est r\u00e9serv\u00e9e aux abonn\u00e9s.\",\"breadcrumb\":{\"@id\":\"https:\/\/vof-news.eu\/fr\/fonction-publique-un-rapport-recommande-dencadrer-le-deploiement-de-lia\/#breadcrumb\"},\"inLanguage\":\"fr-FR\",\"potentialAction\":[{\"@type\":\"ReadAction\",\"target\":[\"https:\/\/vof-news.eu\/fr\/fonction-publique-un-rapport-recommande-dencadrer-le-deploiement-de-lia\/\"]}]},{\"@type\":\"ImageObject\",\"inLanguage\":\"fr-FR\",\"@id\":\"https:\/\/vof-news.eu\/fr\/fonction-publique-un-rapport-recommande-dencadrer-le-deploiement-de-lia\/#primaryimage\",\"url\":\"https:\/\/vof-news.eu\/wp-content\/uploads\/2025\/07\/03617c9_upload-1-w7tqmc7svjco-000-36x87lw.jpg\",\"contentUrl\":\"https:\/\/vof-news.eu\/wp-content\/uploads\/2025\/07\/03617c9_upload-1-w7tqmc7svjco-000-36x87lw.jpg\",\"width\":664,\"height\":443},{\"@type\":\"BreadcrumbList\",\"@id\":\"https:\/\/vof-news.eu\/fr\/fonction-publique-un-rapport-recommande-dencadrer-le-deploiement-de-lia\/#breadcrumb\",\"itemListElement\":[{\"@type\":\"ListItem\",\"position\":1,\"name\":\"Home\",\"item\":\"https:\/\/vof-news.eu\/fr\/\"},{\"@type\":\"ListItem\",\"position\":2,\"name\":\"Fonction publique\u00a0: un rapport recommande d\u2019encadrer le d\u00e9ploiement de l\u2019IA\"}]},{\"@type\":\"WebSite\",\"@id\":\"https:\/\/vof-news.eu\/fr\/#website\",\"url\":\"https:\/\/vof-news.eu\/fr\/\",\"name\":\"vof-news.eu\",\"description\":\"\",\"potentialAction\":[{\"@type\":\"SearchAction\",\"target\":{\"@type\":\"EntryPoint\",\"urlTemplate\":\"https:\/\/vof-news.eu\/fr\/?s={search_term_string}\"},\"query-input\":\"required name=search_term_string\"}],\"inLanguage\":\"fr-FR\"},{\"@type\":\"Person\",\"@id\":\"https:\/\/vof-news.eu\/fr\/#\/schema\/person\/f6a2a4309f0561835797fd8c19b333ed\",\"name\":\"Author\",\"image\":{\"@type\":\"ImageObject\",\"inLanguage\":\"fr-FR\",\"@id\":\"https:\/\/vof-news.eu\/fr\/#\/schema\/person\/image\/\",\"url\":\"https:\/\/secure.gravatar.com\/avatar\/b67e614b1b25b3e9c0c239efdd2fde5ab015b5affd6f1c3c85911ca4b384e790?s=96&d=mm&r=g\",\"contentUrl\":\"https:\/\/secure.gravatar.com\/avatar\/b67e614b1b25b3e9c0c239efdd2fde5ab015b5affd6f1c3c85911ca4b384e790?s=96&d=mm&r=g\",\"caption\":\"Author\"},\"sameAs\":[\"http:\/\/vof-news.eu\"],\"url\":\"https:\/\/vof-news.eu\/fr\/author\/zwt6qxnjulxbnyg\/\"}]}<\/script>\n<!-- \/ Yoast SEO plugin. -->","yoast_head_json":{"title":"Fonction publique\u00a0: un rapport recommande d\u2019encadrer le d\u00e9ploiement de l\u2019IA - vof-news.eu","description":"De France Travail \u00e0 la Caisse d\u2019allocations familiales, en passant par l\u2019\u00e9ducation nationale ou les collectivit\u00e9s locales, l\u2019intelligence artificielle (IA) est d\u00e9j\u00e0 tr\u00e8s int\u00e9gr\u00e9e aux diff\u00e9rents secteurs de l\u2019action publique. Lutte contre la fraude, orientation des usagers, recrutement, agents conversationnels, les usages se multiplient. Et les transformations vont encore s\u2019amplifier \u00e0 l\u2019avenir. C\u2019est pour cette raison que le centre de r\u00e9flexion Le Sens du service public publie un rapport, jeudi 3\u00a0juillet, en partenariat avec la Fondation Jean Jaur\u00e8s, intitul\u00e9 \u00ab\u00a0Le service public \u00e0 l\u2019\u00e9preuve de l\u2019intelligence artificielle\u00a0\u00bb. Alors que la fonction publique est d\u00e9j\u00e0 confront\u00e9e au d\u00e9veloppement et aux exp\u00e9rimentations de l\u2019IA, le document appelle \u00e0 la cr\u00e9ation d\u2019un cadre politique clair pour que le sujet ne soit pas seulement appr\u00e9hend\u00e9 d\u2019une mani\u00e8re technique et technologique. ,explique Johan Theuret, cofondateur du Sens du service public et coordinateur du rapport. Souverainet\u00e9, soutenabilit\u00e9 \u00e9cologique, respect de la d\u00e9mocratie\u2026 Autant d\u2019enjeux qui r\u00e9clament une vraie politique publique et une vision strat\u00e9gique de long terme. Il vous reste 74.74% de cet article \u00e0 lire. La suite est r\u00e9serv\u00e9e aux abonn\u00e9s.","robots":{"index":"noindex","follow":"follow","max-snippet":"max-snippet:-1","max-image-preview":"max-image-preview:large","max-video-preview":"max-video-preview:-1"},"og_locale":"fr_FR","og_type":"article","og_title":"Fonction publique\u00a0: un rapport recommande d\u2019encadrer le d\u00e9ploiement de l\u2019IA - vof-news.eu","og_description":"De France Travail \u00e0 la Caisse d\u2019allocations familiales, en passant par l\u2019\u00e9ducation nationale ou les collectivit\u00e9s locales, l\u2019intelligence artificielle (IA) est d\u00e9j\u00e0 tr\u00e8s int\u00e9gr\u00e9e aux diff\u00e9rents secteurs de l\u2019action publique. Lutte contre la fraude, orientation des usagers, recrutement, agents conversationnels, les usages se multiplient. Et les transformations vont encore s\u2019amplifier \u00e0 l\u2019avenir. C\u2019est pour cette raison que le centre de r\u00e9flexion Le Sens du service public publie un rapport, jeudi 3\u00a0juillet, en partenariat avec la Fondation Jean Jaur\u00e8s, intitul\u00e9 \u00ab\u00a0Le service public \u00e0 l\u2019\u00e9preuve de l\u2019intelligence artificielle\u00a0\u00bb. Alors que la fonction publique est d\u00e9j\u00e0 confront\u00e9e au d\u00e9veloppement et aux exp\u00e9rimentations de l\u2019IA, le document appelle \u00e0 la cr\u00e9ation d\u2019un cadre politique clair pour que le sujet ne soit pas seulement appr\u00e9hend\u00e9 d\u2019une mani\u00e8re technique et technologique. ,explique Johan Theuret, cofondateur du Sens du service public et coordinateur du rapport. Souverainet\u00e9, soutenabilit\u00e9 \u00e9cologique, respect de la d\u00e9mocratie\u2026 Autant d\u2019enjeux qui r\u00e9clament une vraie politique publique et une vision strat\u00e9gique de long terme. Il vous reste 74.74% de cet article \u00e0 lire. La suite est r\u00e9serv\u00e9e aux abonn\u00e9s.","og_url":"https:\/\/vof-news.eu\/fr\/fonction-publique-un-rapport-recommande-dencadrer-le-deploiement-de-lia\/","og_site_name":"vof-news.eu","article_published_time":"2025-07-03T06:31:33+00:00","article_modified_time":"2025-07-03T06:31:49+00:00","og_image":[{"width":664,"height":443,"url":"https:\/\/vof-news.eu\/wp-content\/uploads\/2025\/07\/03617c9_upload-1-w7tqmc7svjco-000-36x87lw.jpg","type":"image\/jpeg"}],"author":"Author","twitter_card":"summary_large_image","twitter_misc":{"\u00c9crit par":"Author","Dur\u00e9e de lecture estim\u00e9e":"1 minute"},"schema":{"@context":"https:\/\/schema.org","@graph":[{"@type":"WebPage","@id":"https:\/\/vof-news.eu\/fr\/fonction-publique-un-rapport-recommande-dencadrer-le-deploiement-de-lia\/","url":"https:\/\/vof-news.eu\/fr\/fonction-publique-un-rapport-recommande-dencadrer-le-deploiement-de-lia\/","name":"Fonction publique\u00a0: un rapport recommande d\u2019encadrer le d\u00e9ploiement de l\u2019IA - vof-news.eu","isPartOf":{"@id":"https:\/\/vof-news.eu\/fr\/#website"},"primaryImageOfPage":{"@id":"https:\/\/vof-news.eu\/fr\/fonction-publique-un-rapport-recommande-dencadrer-le-deploiement-de-lia\/#primaryimage"},"image":{"@id":"https:\/\/vof-news.eu\/fr\/fonction-publique-un-rapport-recommande-dencadrer-le-deploiement-de-lia\/#primaryimage"},"thumbnailUrl":"https:\/\/vof-news.eu\/wp-content\/uploads\/2025\/07\/03617c9_upload-1-w7tqmc7svjco-000-36x87lw.jpg","datePublished":"2025-07-03T06:31:33+00:00","dateModified":"2025-07-03T06:31:49+00:00","author":{"@id":"https:\/\/vof-news.eu\/fr\/#\/schema\/person\/f6a2a4309f0561835797fd8c19b333ed"},"description":"De France Travail \u00e0 la Caisse d\u2019allocations familiales, en passant par l\u2019\u00e9ducation nationale ou les collectivit\u00e9s locales, l\u2019intelligence artificielle (IA) est d\u00e9j\u00e0 tr\u00e8s int\u00e9gr\u00e9e aux diff\u00e9rents secteurs de l\u2019action publique. Lutte contre la fraude, orientation des usagers, recrutement, agents conversationnels, les usages se multiplient. Et les transformations vont encore s\u2019amplifier \u00e0 l\u2019avenir. C\u2019est pour cette raison que le centre de r\u00e9flexion Le Sens du service public publie un rapport, jeudi 3\u00a0juillet, en partenariat avec la Fondation Jean Jaur\u00e8s, intitul\u00e9 \u00ab\u00a0Le service public \u00e0 l\u2019\u00e9preuve de l\u2019intelligence artificielle\u00a0\u00bb. Alors que la fonction publique est d\u00e9j\u00e0 confront\u00e9e au d\u00e9veloppement et aux exp\u00e9rimentations de l\u2019IA, le document appelle \u00e0 la cr\u00e9ation d\u2019un cadre politique clair pour que le sujet ne soit pas seulement appr\u00e9hend\u00e9 d\u2019une mani\u00e8re technique et technologique. ,explique Johan Theuret, cofondateur du Sens du service public et coordinateur du rapport. Souverainet\u00e9, soutenabilit\u00e9 \u00e9cologique, respect de la d\u00e9mocratie\u2026 Autant d\u2019enjeux qui r\u00e9clament une vraie politique publique et une vision strat\u00e9gique de long terme. Il vous reste 74.74% de cet article \u00e0 lire. La suite est r\u00e9serv\u00e9e aux abonn\u00e9s.","breadcrumb":{"@id":"https:\/\/vof-news.eu\/fr\/fonction-publique-un-rapport-recommande-dencadrer-le-deploiement-de-lia\/#breadcrumb"},"inLanguage":"fr-FR","potentialAction":[{"@type":"ReadAction","target":["https:\/\/vof-news.eu\/fr\/fonction-publique-un-rapport-recommande-dencadrer-le-deploiement-de-lia\/"]}]},{"@type":"ImageObject","inLanguage":"fr-FR","@id":"https:\/\/vof-news.eu\/fr\/fonction-publique-un-rapport-recommande-dencadrer-le-deploiement-de-lia\/#primaryimage","url":"https:\/\/vof-news.eu\/wp-content\/uploads\/2025\/07\/03617c9_upload-1-w7tqmc7svjco-000-36x87lw.jpg","contentUrl":"https:\/\/vof-news.eu\/wp-content\/uploads\/2025\/07\/03617c9_upload-1-w7tqmc7svjco-000-36x87lw.jpg","width":664,"height":443},{"@type":"BreadcrumbList","@id":"https:\/\/vof-news.eu\/fr\/fonction-publique-un-rapport-recommande-dencadrer-le-deploiement-de-lia\/#breadcrumb","itemListElement":[{"@type":"ListItem","position":1,"name":"Home","item":"https:\/\/vof-news.eu\/fr\/"},{"@type":"ListItem","position":2,"name":"Fonction publique\u00a0: un rapport recommande d\u2019encadrer le d\u00e9ploiement de l\u2019IA"}]},{"@type":"WebSite","@id":"https:\/\/vof-news.eu\/fr\/#website","url":"https:\/\/vof-news.eu\/fr\/","name":"vof-news.eu","description":"","potentialAction":[{"@type":"SearchAction","target":{"@type":"EntryPoint","urlTemplate":"https:\/\/vof-news.eu\/fr\/?s={search_term_string}"},"query-input":"required name=search_term_string"}],"inLanguage":"fr-FR"},{"@type":"Person","@id":"https:\/\/vof-news.eu\/fr\/#\/schema\/person\/f6a2a4309f0561835797fd8c19b333ed","name":"Author","image":{"@type":"ImageObject","inLanguage":"fr-FR","@id":"https:\/\/vof-news.eu\/fr\/#\/schema\/person\/image\/","url":"https:\/\/secure.gravatar.com\/avatar\/b67e614b1b25b3e9c0c239efdd2fde5ab015b5affd6f1c3c85911ca4b384e790?s=96&d=mm&r=g","contentUrl":"https:\/\/secure.gravatar.com\/avatar\/b67e614b1b25b3e9c0c239efdd2fde5ab015b5affd6f1c3c85911ca4b384e790?s=96&d=mm&r=g","caption":"Author"},"sameAs":["http:\/\/vof-news.eu"],"url":"https:\/\/vof-news.eu\/fr\/author\/zwt6qxnjulxbnyg\/"}]}},"yoast_meta":{"yoast_wpseo_title":"","yoast_wpseo_metadesc":"","yoast_wpseo_canonical":""},"_links":{"self":[{"href":"https:\/\/vof-news.eu\/fr\/wp-json\/wp\/v2\/posts\/246062","targetHints":{"allow":["GET"]}}],"collection":[{"href":"https:\/\/vof-news.eu\/fr\/wp-json\/wp\/v2\/posts"}],"about":[{"href":"https:\/\/vof-news.eu\/fr\/wp-json\/wp\/v2\/types\/post"}],"author":[{"embeddable":true,"href":"https:\/\/vof-news.eu\/fr\/wp-json\/wp\/v2\/users\/1"}],"replies":[{"embeddable":true,"href":"https:\/\/vof-news.eu\/fr\/wp-json\/wp\/v2\/comments?post=246062"}],"version-history":[{"count":1,"href":"https:\/\/vof-news.eu\/fr\/wp-json\/wp\/v2\/posts\/246062\/revisions"}],"predecessor-version":[{"id":246069,"href":"https:\/\/vof-news.eu\/fr\/wp-json\/wp\/v2\/posts\/246062\/revisions\/246069"}],"wp:featuredmedia":[{"embeddable":true,"href":"https:\/\/vof-news.eu\/fr\/wp-json\/wp\/v2\/media\/246063"}],"wp:attachment":[{"href":"https:\/\/vof-news.eu\/fr\/wp-json\/wp\/v2\/media?parent=246062"}],"wp:term":[{"taxonomy":"category","embeddable":true,"href":"https:\/\/vof-news.eu\/fr\/wp-json\/wp\/v2\/categories?post=246062"},{"taxonomy":"post_tag","embeddable":true,"href":"https:\/\/vof-news.eu\/fr\/wp-json\/wp\/v2\/tags?post=246062"}],"curies":[{"name":"wp","href":"https:\/\/api.w.org\/{rel}","templated":true}]}}