{"id":246054,"date":"2025-07-03T09:30:49","date_gmt":"2025-07-03T06:30:49","guid":{"rendered":"https:\/\/vof-news.eu\/le-parlement-europeen-accuse-le-rn-et-ses-allies-davoir-mis-en-place-un-systeme-illegal-pour-financer-des-associations\/"},"modified":"2025-07-03T09:31:07","modified_gmt":"2025-07-03T06:31:07","slug":"le-parlement-europeen-accuse-le-rn-et-ses-allies-davoir-mis-en-place-un-systeme-illegal-pour-financer-des-associations","status":"publish","type":"post","link":"https:\/\/vof-news.eu\/fr\/le-parlement-europeen-accuse-le-rn-et-ses-allies-davoir-mis-en-place-un-systeme-illegal-pour-financer-des-associations\/","title":{"rendered":"Le Parlement europ\u00e9en accuse le RN et ses alli\u00e9s d\u2019avoir mis en place un syst\u00e8me ill\u00e9gal pour financer des associations"},"content":{"rendered":"<article>\n<p>Pour une petite association comme Cats\u00a064, sp\u00e9cialis\u00e9e dans la st\u00e9rilisation des chats errants \u00e0 Pau, toutes les sources de revenus sont les bienvenues. Alors, quand la tr\u00e9sori\u00e8re apprend par son aide m\u00e9nag\u00e8re qu\u2019, en\u00a02022, elle n\u2019h\u00e9site pas. Elle remplit un formulaire et re\u00e7oit quelque temps plus tard un ch\u00e8que de 1\u00a0500\u00a0euros sign\u00e9 d\u2019un eurod\u00e9put\u00e9 \u00e9tiquet\u00e9 Rassemblement national (RN).<\/p>\n<p>Ce qu\u2019elle ignore probablement, c\u2019est que ce don ne proc\u00e8de pas de la g\u00e9n\u00e9rosit\u00e9 personnelle d\u2019un \u00e9lu sensible au sort des chats errants\u00a0: il a \u00e9t\u00e9 pr\u00e9lev\u00e9 sur les fonds servant normalement au fonctionnement du groupe parlementaire du RN et de ses alli\u00e9s \u00e0 Bruxelles. Dans un rapport confidentiel dont  a pris connaissance, la direction g\u00e9n\u00e9rale des finances du Parlement europ\u00e9en accuse le groupe Identit\u00e9 et d\u00e9mocratie (ID) <strong>\u2013 <\/strong>qui rassemblait une dizaine de partis d\u2019extr\u00eame droite lors de la mandature 2019-2024 \u2013<strong> <\/strong>et ses \u00e9lus d\u2019avoir distribu\u00e9 ill\u00e9galement plus de 700\u00a0000\u00a0euros de donations \u00e0 diverses associations europ\u00e9ennes entre 2019 et 2024, au m\u00e9pris des r\u00e8gles qui encadrent l\u2019utilisation de ces fonds.<\/p>\n<p><strong>Il vous reste 86.66% de cet article \u00e0 lire. La suite est r\u00e9serv\u00e9e aux abonn\u00e9s.<\/strong><\/p>\n<\/article>\n","protected":false},"excerpt":{"rendered":"<p>Pour une petite association comme Cats\u00a064, sp\u00e9cialis\u00e9e dans la st\u00e9rilisation des chats errants \u00e0 Pau, toutes les sources de revenus sont les bienvenues. Alors, quand la tr\u00e9sori\u00e8re apprend par son aide m\u00e9nag\u00e8re qu\u2019, en\u00a02022, elle n\u2019h\u00e9site pas. Elle remplit un formulaire et re\u00e7oit quelque temps plus tard un ch\u00e8que de 1\u00a0500\u00a0euros sign\u00e9 d\u2019un eurod\u00e9put\u00e9 \u00e9tiquet\u00e9<\/p>\n","protected":false},"author":1,"featured_media":246055,"comment_status":"open","ping_status":"open","sticky":false,"template":"","format":"standard","meta":{"footnotes":""},"categories":[68],"tags":[],"class_list":["post-246054","post","type-post","status-publish","format-standard","has-post-thumbnail","hentry","category-politics-fr"],"acf":[],"yoast_head":"<!-- This site is optimized with the Yoast SEO plugin v22.9 - https:\/\/yoast.com\/wordpress\/plugins\/seo\/ -->\n<title>Le Parlement europ\u00e9en accuse le RN et ses alli\u00e9s d\u2019avoir mis en place un syst\u00e8me ill\u00e9gal pour financer des associations - vof-news.eu<\/title>\n<meta name=\"description\" content=\"Pour une petite association comme Cats\u00a064, sp\u00e9cialis\u00e9e dans la st\u00e9rilisation des chats errants \u00e0 Pau, toutes les sources de revenus sont les bienvenues. Alors, quand la tr\u00e9sori\u00e8re apprend par son aide m\u00e9nag\u00e8re qu\u2019, en\u00a02022, elle n\u2019h\u00e9site pas. Elle remplit un formulaire et re\u00e7oit quelque temps plus tard un ch\u00e8que de 1\u00a0500\u00a0euros sign\u00e9 d\u2019un eurod\u00e9put\u00e9 \u00e9tiquet\u00e9 Rassemblement national (RN). Ce qu\u2019elle ignore probablement, c\u2019est que ce don ne proc\u00e8de pas de la g\u00e9n\u00e9rosit\u00e9 personnelle d\u2019un \u00e9lu sensible au sort des chats errants\u00a0: il a \u00e9t\u00e9 pr\u00e9lev\u00e9 sur les fonds servant normalement au fonctionnement du groupe parlementaire du RN et de ses alli\u00e9s \u00e0 Bruxelles. Dans un rapport confidentiel dont a pris connaissance, la direction g\u00e9n\u00e9rale des finances du Parlement europ\u00e9en accuse le groupe Identit\u00e9 et d\u00e9mocratie (ID) \u2013 qui rassemblait une dizaine de partis d\u2019extr\u00eame droite lors de la mandature 2019-2024 \u2013 et ses \u00e9lus d\u2019avoir distribu\u00e9 ill\u00e9galement plus de 700\u00a0000\u00a0euros de donations \u00e0 diverses associations europ\u00e9ennes entre 2019 et 2024, au m\u00e9pris des r\u00e8gles qui encadrent l\u2019utilisation de ces fonds. Il vous reste 86.66% de cet article \u00e0 lire. La suite est r\u00e9serv\u00e9e aux abonn\u00e9s.\" \/>\n<meta name=\"robots\" content=\"noindex, follow, max-snippet:-1, max-image-preview:large, max-video-preview:-1\" \/>\n<meta property=\"og:locale\" content=\"fr_FR\" \/>\n<meta property=\"og:type\" content=\"article\" \/>\n<meta property=\"og:title\" content=\"Le Parlement europ\u00e9en accuse le RN et ses alli\u00e9s d\u2019avoir mis en place un syst\u00e8me ill\u00e9gal pour financer des associations - vof-news.eu\" \/>\n<meta property=\"og:description\" content=\"Pour une petite association comme Cats\u00a064, sp\u00e9cialis\u00e9e dans la st\u00e9rilisation des chats errants \u00e0 Pau, toutes les sources de revenus sont les bienvenues. Alors, quand la tr\u00e9sori\u00e8re apprend par son aide m\u00e9nag\u00e8re qu\u2019, en\u00a02022, elle n\u2019h\u00e9site pas. Elle remplit un formulaire et re\u00e7oit quelque temps plus tard un ch\u00e8que de 1\u00a0500\u00a0euros sign\u00e9 d\u2019un eurod\u00e9put\u00e9 \u00e9tiquet\u00e9 Rassemblement national (RN). Ce qu\u2019elle ignore probablement, c\u2019est que ce don ne proc\u00e8de pas de la g\u00e9n\u00e9rosit\u00e9 personnelle d\u2019un \u00e9lu sensible au sort des chats errants\u00a0: il a \u00e9t\u00e9 pr\u00e9lev\u00e9 sur les fonds servant normalement au fonctionnement du groupe parlementaire du RN et de ses alli\u00e9s \u00e0 Bruxelles. Dans un rapport confidentiel dont a pris connaissance, la direction g\u00e9n\u00e9rale des finances du Parlement europ\u00e9en accuse le groupe Identit\u00e9 et d\u00e9mocratie (ID) \u2013 qui rassemblait une dizaine de partis d\u2019extr\u00eame droite lors de la mandature 2019-2024 \u2013 et ses \u00e9lus d\u2019avoir distribu\u00e9 ill\u00e9galement plus de 700\u00a0000\u00a0euros de donations \u00e0 diverses associations europ\u00e9ennes entre 2019 et 2024, au m\u00e9pris des r\u00e8gles qui encadrent l\u2019utilisation de ces fonds. Il vous reste 86.66% de cet article \u00e0 lire. La suite est r\u00e9serv\u00e9e aux abonn\u00e9s.\" \/>\n<meta property=\"og:url\" content=\"https:\/\/vof-news.eu\/fr\/le-parlement-europeen-accuse-le-rn-et-ses-allies-davoir-mis-en-place-un-systeme-illegal-pour-financer-des-associations\/\" \/>\n<meta property=\"og:site_name\" content=\"vof-news.eu\" \/>\n<meta property=\"article:published_time\" content=\"2025-07-03T06:30:49+00:00\" \/>\n<meta property=\"article:modified_time\" content=\"2025-07-03T06:31:07+00:00\" \/>\n<meta property=\"og:image\" content=\"https:\/\/vof-news.eu\/wp-content\/uploads\/2025\/07\/c41f665_upload-1-klhkhvwey4jq-000-1bg0mg.jpg\" \/>\n\t<meta property=\"og:image:width\" content=\"664\" \/>\n\t<meta property=\"og:image:height\" content=\"457\" \/>\n\t<meta property=\"og:image:type\" content=\"image\/jpeg\" \/>\n<meta name=\"author\" content=\"Author\" \/>\n<meta name=\"twitter:card\" content=\"summary_large_image\" \/>\n<meta name=\"twitter:label1\" content=\"\u00c9crit par\" \/>\n\t<meta name=\"twitter:data1\" content=\"Author\" \/>\n\t<meta name=\"twitter:label2\" content=\"Dur\u00e9e de lecture estim\u00e9e\" \/>\n\t<meta name=\"twitter:data2\" content=\"1 minute\" \/>\n<script type=\"application\/ld+json\" class=\"yoast-schema-graph\">{\"@context\":\"https:\/\/schema.org\",\"@graph\":[{\"@type\":\"WebPage\",\"@id\":\"https:\/\/vof-news.eu\/fr\/le-parlement-europeen-accuse-le-rn-et-ses-allies-davoir-mis-en-place-un-systeme-illegal-pour-financer-des-associations\/\",\"url\":\"https:\/\/vof-news.eu\/fr\/le-parlement-europeen-accuse-le-rn-et-ses-allies-davoir-mis-en-place-un-systeme-illegal-pour-financer-des-associations\/\",\"name\":\"Le Parlement europ\u00e9en accuse le RN et ses alli\u00e9s d\u2019avoir mis en place un syst\u00e8me ill\u00e9gal pour financer des associations - vof-news.eu\",\"isPartOf\":{\"@id\":\"https:\/\/vof-news.eu\/fr\/#website\"},\"primaryImageOfPage\":{\"@id\":\"https:\/\/vof-news.eu\/fr\/le-parlement-europeen-accuse-le-rn-et-ses-allies-davoir-mis-en-place-un-systeme-illegal-pour-financer-des-associations\/#primaryimage\"},\"image\":{\"@id\":\"https:\/\/vof-news.eu\/fr\/le-parlement-europeen-accuse-le-rn-et-ses-allies-davoir-mis-en-place-un-systeme-illegal-pour-financer-des-associations\/#primaryimage\"},\"thumbnailUrl\":\"https:\/\/vof-news.eu\/wp-content\/uploads\/2025\/07\/c41f665_upload-1-klhkhvwey4jq-000-1bg0mg.jpg\",\"datePublished\":\"2025-07-03T06:30:49+00:00\",\"dateModified\":\"2025-07-03T06:31:07+00:00\",\"author\":{\"@id\":\"https:\/\/vof-news.eu\/fr\/#\/schema\/person\/f6a2a4309f0561835797fd8c19b333ed\"},\"description\":\"Pour une petite association comme Cats\u00a064, sp\u00e9cialis\u00e9e dans la st\u00e9rilisation des chats errants \u00e0 Pau, toutes les sources de revenus sont les bienvenues. Alors, quand la tr\u00e9sori\u00e8re apprend par son aide m\u00e9nag\u00e8re qu\u2019, en\u00a02022, elle n\u2019h\u00e9site pas. Elle remplit un formulaire et re\u00e7oit quelque temps plus tard un ch\u00e8que de 1\u00a0500\u00a0euros sign\u00e9 d\u2019un eurod\u00e9put\u00e9 \u00e9tiquet\u00e9 Rassemblement national (RN). Ce qu\u2019elle ignore probablement, c\u2019est que ce don ne proc\u00e8de pas de la g\u00e9n\u00e9rosit\u00e9 personnelle d\u2019un \u00e9lu sensible au sort des chats errants\u00a0: il a \u00e9t\u00e9 pr\u00e9lev\u00e9 sur les fonds servant normalement au fonctionnement du groupe parlementaire du RN et de ses alli\u00e9s \u00e0 Bruxelles. Dans un rapport confidentiel dont a pris connaissance, la direction g\u00e9n\u00e9rale des finances du Parlement europ\u00e9en accuse le groupe Identit\u00e9 et d\u00e9mocratie (ID) \u2013 qui rassemblait une dizaine de partis d\u2019extr\u00eame droite lors de la mandature 2019-2024 \u2013 et ses \u00e9lus d\u2019avoir distribu\u00e9 ill\u00e9galement plus de 700\u00a0000\u00a0euros de donations \u00e0 diverses associations europ\u00e9ennes entre 2019 et 2024, au m\u00e9pris des r\u00e8gles qui encadrent l\u2019utilisation de ces fonds. Il vous reste 86.66% de cet article \u00e0 lire. La suite est r\u00e9serv\u00e9e aux abonn\u00e9s.\",\"breadcrumb\":{\"@id\":\"https:\/\/vof-news.eu\/fr\/le-parlement-europeen-accuse-le-rn-et-ses-allies-davoir-mis-en-place-un-systeme-illegal-pour-financer-des-associations\/#breadcrumb\"},\"inLanguage\":\"fr-FR\",\"potentialAction\":[{\"@type\":\"ReadAction\",\"target\":[\"https:\/\/vof-news.eu\/fr\/le-parlement-europeen-accuse-le-rn-et-ses-allies-davoir-mis-en-place-un-systeme-illegal-pour-financer-des-associations\/\"]}]},{\"@type\":\"ImageObject\",\"inLanguage\":\"fr-FR\",\"@id\":\"https:\/\/vof-news.eu\/fr\/le-parlement-europeen-accuse-le-rn-et-ses-allies-davoir-mis-en-place-un-systeme-illegal-pour-financer-des-associations\/#primaryimage\",\"url\":\"https:\/\/vof-news.eu\/wp-content\/uploads\/2025\/07\/c41f665_upload-1-klhkhvwey4jq-000-1bg0mg.jpg\",\"contentUrl\":\"https:\/\/vof-news.eu\/wp-content\/uploads\/2025\/07\/c41f665_upload-1-klhkhvwey4jq-000-1bg0mg.jpg\",\"width\":664,\"height\":457},{\"@type\":\"BreadcrumbList\",\"@id\":\"https:\/\/vof-news.eu\/fr\/le-parlement-europeen-accuse-le-rn-et-ses-allies-davoir-mis-en-place-un-systeme-illegal-pour-financer-des-associations\/#breadcrumb\",\"itemListElement\":[{\"@type\":\"ListItem\",\"position\":1,\"name\":\"Home\",\"item\":\"https:\/\/vof-news.eu\/fr\/\"},{\"@type\":\"ListItem\",\"position\":2,\"name\":\"Le Parlement europ\u00e9en accuse le RN et ses alli\u00e9s d\u2019avoir mis en place un syst\u00e8me ill\u00e9gal pour financer des associations\"}]},{\"@type\":\"WebSite\",\"@id\":\"https:\/\/vof-news.eu\/fr\/#website\",\"url\":\"https:\/\/vof-news.eu\/fr\/\",\"name\":\"vof-news.eu\",\"description\":\"\",\"potentialAction\":[{\"@type\":\"SearchAction\",\"target\":{\"@type\":\"EntryPoint\",\"urlTemplate\":\"https:\/\/vof-news.eu\/fr\/?s={search_term_string}\"},\"query-input\":\"required name=search_term_string\"}],\"inLanguage\":\"fr-FR\"},{\"@type\":\"Person\",\"@id\":\"https:\/\/vof-news.eu\/fr\/#\/schema\/person\/f6a2a4309f0561835797fd8c19b333ed\",\"name\":\"Author\",\"image\":{\"@type\":\"ImageObject\",\"inLanguage\":\"fr-FR\",\"@id\":\"https:\/\/vof-news.eu\/fr\/#\/schema\/person\/image\/\",\"url\":\"https:\/\/secure.gravatar.com\/avatar\/b67e614b1b25b3e9c0c239efdd2fde5ab015b5affd6f1c3c85911ca4b384e790?s=96&d=mm&r=g\",\"contentUrl\":\"https:\/\/secure.gravatar.com\/avatar\/b67e614b1b25b3e9c0c239efdd2fde5ab015b5affd6f1c3c85911ca4b384e790?s=96&d=mm&r=g\",\"caption\":\"Author\"},\"sameAs\":[\"http:\/\/vof-news.eu\"],\"url\":\"https:\/\/vof-news.eu\/fr\/author\/zwt6qxnjulxbnyg\/\"}]}<\/script>\n<!-- \/ Yoast SEO plugin. -->","yoast_head_json":{"title":"Le Parlement europ\u00e9en accuse le RN et ses alli\u00e9s d\u2019avoir mis en place un syst\u00e8me ill\u00e9gal pour financer des associations - vof-news.eu","description":"Pour une petite association comme Cats\u00a064, sp\u00e9cialis\u00e9e dans la st\u00e9rilisation des chats errants \u00e0 Pau, toutes les sources de revenus sont les bienvenues. Alors, quand la tr\u00e9sori\u00e8re apprend par son aide m\u00e9nag\u00e8re qu\u2019, en\u00a02022, elle n\u2019h\u00e9site pas. Elle remplit un formulaire et re\u00e7oit quelque temps plus tard un ch\u00e8que de 1\u00a0500\u00a0euros sign\u00e9 d\u2019un eurod\u00e9put\u00e9 \u00e9tiquet\u00e9 Rassemblement national (RN). Ce qu\u2019elle ignore probablement, c\u2019est que ce don ne proc\u00e8de pas de la g\u00e9n\u00e9rosit\u00e9 personnelle d\u2019un \u00e9lu sensible au sort des chats errants\u00a0: il a \u00e9t\u00e9 pr\u00e9lev\u00e9 sur les fonds servant normalement au fonctionnement du groupe parlementaire du RN et de ses alli\u00e9s \u00e0 Bruxelles. Dans un rapport confidentiel dont a pris connaissance, la direction g\u00e9n\u00e9rale des finances du Parlement europ\u00e9en accuse le groupe Identit\u00e9 et d\u00e9mocratie (ID) \u2013 qui rassemblait une dizaine de partis d\u2019extr\u00eame droite lors de la mandature 2019-2024 \u2013 et ses \u00e9lus d\u2019avoir distribu\u00e9 ill\u00e9galement plus de 700\u00a0000\u00a0euros de donations \u00e0 diverses associations europ\u00e9ennes entre 2019 et 2024, au m\u00e9pris des r\u00e8gles qui encadrent l\u2019utilisation de ces fonds. Il vous reste 86.66% de cet article \u00e0 lire. La suite est r\u00e9serv\u00e9e aux abonn\u00e9s.","robots":{"index":"noindex","follow":"follow","max-snippet":"max-snippet:-1","max-image-preview":"max-image-preview:large","max-video-preview":"max-video-preview:-1"},"og_locale":"fr_FR","og_type":"article","og_title":"Le Parlement europ\u00e9en accuse le RN et ses alli\u00e9s d\u2019avoir mis en place un syst\u00e8me ill\u00e9gal pour financer des associations - vof-news.eu","og_description":"Pour une petite association comme Cats\u00a064, sp\u00e9cialis\u00e9e dans la st\u00e9rilisation des chats errants \u00e0 Pau, toutes les sources de revenus sont les bienvenues. Alors, quand la tr\u00e9sori\u00e8re apprend par son aide m\u00e9nag\u00e8re qu\u2019, en\u00a02022, elle n\u2019h\u00e9site pas. Elle remplit un formulaire et re\u00e7oit quelque temps plus tard un ch\u00e8que de 1\u00a0500\u00a0euros sign\u00e9 d\u2019un eurod\u00e9put\u00e9 \u00e9tiquet\u00e9 Rassemblement national (RN). Ce qu\u2019elle ignore probablement, c\u2019est que ce don ne proc\u00e8de pas de la g\u00e9n\u00e9rosit\u00e9 personnelle d\u2019un \u00e9lu sensible au sort des chats errants\u00a0: il a \u00e9t\u00e9 pr\u00e9lev\u00e9 sur les fonds servant normalement au fonctionnement du groupe parlementaire du RN et de ses alli\u00e9s \u00e0 Bruxelles. Dans un rapport confidentiel dont a pris connaissance, la direction g\u00e9n\u00e9rale des finances du Parlement europ\u00e9en accuse le groupe Identit\u00e9 et d\u00e9mocratie (ID) \u2013 qui rassemblait une dizaine de partis d\u2019extr\u00eame droite lors de la mandature 2019-2024 \u2013 et ses \u00e9lus d\u2019avoir distribu\u00e9 ill\u00e9galement plus de 700\u00a0000\u00a0euros de donations \u00e0 diverses associations europ\u00e9ennes entre 2019 et 2024, au m\u00e9pris des r\u00e8gles qui encadrent l\u2019utilisation de ces fonds. Il vous reste 86.66% de cet article \u00e0 lire. La suite est r\u00e9serv\u00e9e aux abonn\u00e9s.","og_url":"https:\/\/vof-news.eu\/fr\/le-parlement-europeen-accuse-le-rn-et-ses-allies-davoir-mis-en-place-un-systeme-illegal-pour-financer-des-associations\/","og_site_name":"vof-news.eu","article_published_time":"2025-07-03T06:30:49+00:00","article_modified_time":"2025-07-03T06:31:07+00:00","og_image":[{"width":664,"height":457,"url":"https:\/\/vof-news.eu\/wp-content\/uploads\/2025\/07\/c41f665_upload-1-klhkhvwey4jq-000-1bg0mg.jpg","type":"image\/jpeg"}],"author":"Author","twitter_card":"summary_large_image","twitter_misc":{"\u00c9crit par":"Author","Dur\u00e9e de lecture estim\u00e9e":"1 minute"},"schema":{"@context":"https:\/\/schema.org","@graph":[{"@type":"WebPage","@id":"https:\/\/vof-news.eu\/fr\/le-parlement-europeen-accuse-le-rn-et-ses-allies-davoir-mis-en-place-un-systeme-illegal-pour-financer-des-associations\/","url":"https:\/\/vof-news.eu\/fr\/le-parlement-europeen-accuse-le-rn-et-ses-allies-davoir-mis-en-place-un-systeme-illegal-pour-financer-des-associations\/","name":"Le Parlement europ\u00e9en accuse le RN et ses alli\u00e9s d\u2019avoir mis en place un syst\u00e8me ill\u00e9gal pour financer des associations - vof-news.eu","isPartOf":{"@id":"https:\/\/vof-news.eu\/fr\/#website"},"primaryImageOfPage":{"@id":"https:\/\/vof-news.eu\/fr\/le-parlement-europeen-accuse-le-rn-et-ses-allies-davoir-mis-en-place-un-systeme-illegal-pour-financer-des-associations\/#primaryimage"},"image":{"@id":"https:\/\/vof-news.eu\/fr\/le-parlement-europeen-accuse-le-rn-et-ses-allies-davoir-mis-en-place-un-systeme-illegal-pour-financer-des-associations\/#primaryimage"},"thumbnailUrl":"https:\/\/vof-news.eu\/wp-content\/uploads\/2025\/07\/c41f665_upload-1-klhkhvwey4jq-000-1bg0mg.jpg","datePublished":"2025-07-03T06:30:49+00:00","dateModified":"2025-07-03T06:31:07+00:00","author":{"@id":"https:\/\/vof-news.eu\/fr\/#\/schema\/person\/f6a2a4309f0561835797fd8c19b333ed"},"description":"Pour une petite association comme Cats\u00a064, sp\u00e9cialis\u00e9e dans la st\u00e9rilisation des chats errants \u00e0 Pau, toutes les sources de revenus sont les bienvenues. Alors, quand la tr\u00e9sori\u00e8re apprend par son aide m\u00e9nag\u00e8re qu\u2019, en\u00a02022, elle n\u2019h\u00e9site pas. Elle remplit un formulaire et re\u00e7oit quelque temps plus tard un ch\u00e8que de 1\u00a0500\u00a0euros sign\u00e9 d\u2019un eurod\u00e9put\u00e9 \u00e9tiquet\u00e9 Rassemblement national (RN). Ce qu\u2019elle ignore probablement, c\u2019est que ce don ne proc\u00e8de pas de la g\u00e9n\u00e9rosit\u00e9 personnelle d\u2019un \u00e9lu sensible au sort des chats errants\u00a0: il a \u00e9t\u00e9 pr\u00e9lev\u00e9 sur les fonds servant normalement au fonctionnement du groupe parlementaire du RN et de ses alli\u00e9s \u00e0 Bruxelles. Dans un rapport confidentiel dont a pris connaissance, la direction g\u00e9n\u00e9rale des finances du Parlement europ\u00e9en accuse le groupe Identit\u00e9 et d\u00e9mocratie (ID) \u2013 qui rassemblait une dizaine de partis d\u2019extr\u00eame droite lors de la mandature 2019-2024 \u2013 et ses \u00e9lus d\u2019avoir distribu\u00e9 ill\u00e9galement plus de 700\u00a0000\u00a0euros de donations \u00e0 diverses associations europ\u00e9ennes entre 2019 et 2024, au m\u00e9pris des r\u00e8gles qui encadrent l\u2019utilisation de ces fonds. Il vous reste 86.66% de cet article \u00e0 lire. La suite est r\u00e9serv\u00e9e aux abonn\u00e9s.","breadcrumb":{"@id":"https:\/\/vof-news.eu\/fr\/le-parlement-europeen-accuse-le-rn-et-ses-allies-davoir-mis-en-place-un-systeme-illegal-pour-financer-des-associations\/#breadcrumb"},"inLanguage":"fr-FR","potentialAction":[{"@type":"ReadAction","target":["https:\/\/vof-news.eu\/fr\/le-parlement-europeen-accuse-le-rn-et-ses-allies-davoir-mis-en-place-un-systeme-illegal-pour-financer-des-associations\/"]}]},{"@type":"ImageObject","inLanguage":"fr-FR","@id":"https:\/\/vof-news.eu\/fr\/le-parlement-europeen-accuse-le-rn-et-ses-allies-davoir-mis-en-place-un-systeme-illegal-pour-financer-des-associations\/#primaryimage","url":"https:\/\/vof-news.eu\/wp-content\/uploads\/2025\/07\/c41f665_upload-1-klhkhvwey4jq-000-1bg0mg.jpg","contentUrl":"https:\/\/vof-news.eu\/wp-content\/uploads\/2025\/07\/c41f665_upload-1-klhkhvwey4jq-000-1bg0mg.jpg","width":664,"height":457},{"@type":"BreadcrumbList","@id":"https:\/\/vof-news.eu\/fr\/le-parlement-europeen-accuse-le-rn-et-ses-allies-davoir-mis-en-place-un-systeme-illegal-pour-financer-des-associations\/#breadcrumb","itemListElement":[{"@type":"ListItem","position":1,"name":"Home","item":"https:\/\/vof-news.eu\/fr\/"},{"@type":"ListItem","position":2,"name":"Le Parlement europ\u00e9en accuse le RN et ses alli\u00e9s d\u2019avoir mis en place un syst\u00e8me ill\u00e9gal pour financer des associations"}]},{"@type":"WebSite","@id":"https:\/\/vof-news.eu\/fr\/#website","url":"https:\/\/vof-news.eu\/fr\/","name":"vof-news.eu","description":"","potentialAction":[{"@type":"SearchAction","target":{"@type":"EntryPoint","urlTemplate":"https:\/\/vof-news.eu\/fr\/?s={search_term_string}"},"query-input":"required name=search_term_string"}],"inLanguage":"fr-FR"},{"@type":"Person","@id":"https:\/\/vof-news.eu\/fr\/#\/schema\/person\/f6a2a4309f0561835797fd8c19b333ed","name":"Author","image":{"@type":"ImageObject","inLanguage":"fr-FR","@id":"https:\/\/vof-news.eu\/fr\/#\/schema\/person\/image\/","url":"https:\/\/secure.gravatar.com\/avatar\/b67e614b1b25b3e9c0c239efdd2fde5ab015b5affd6f1c3c85911ca4b384e790?s=96&d=mm&r=g","contentUrl":"https:\/\/secure.gravatar.com\/avatar\/b67e614b1b25b3e9c0c239efdd2fde5ab015b5affd6f1c3c85911ca4b384e790?s=96&d=mm&r=g","caption":"Author"},"sameAs":["http:\/\/vof-news.eu"],"url":"https:\/\/vof-news.eu\/fr\/author\/zwt6qxnjulxbnyg\/"}]}},"yoast_meta":{"yoast_wpseo_title":"","yoast_wpseo_metadesc":"","yoast_wpseo_canonical":""},"_links":{"self":[{"href":"https:\/\/vof-news.eu\/fr\/wp-json\/wp\/v2\/posts\/246054","targetHints":{"allow":["GET"]}}],"collection":[{"href":"https:\/\/vof-news.eu\/fr\/wp-json\/wp\/v2\/posts"}],"about":[{"href":"https:\/\/vof-news.eu\/fr\/wp-json\/wp\/v2\/types\/post"}],"author":[{"embeddable":true,"href":"https:\/\/vof-news.eu\/fr\/wp-json\/wp\/v2\/users\/1"}],"replies":[{"embeddable":true,"href":"https:\/\/vof-news.eu\/fr\/wp-json\/wp\/v2\/comments?post=246054"}],"version-history":[{"count":1,"href":"https:\/\/vof-news.eu\/fr\/wp-json\/wp\/v2\/posts\/246054\/revisions"}],"predecessor-version":[{"id":246061,"href":"https:\/\/vof-news.eu\/fr\/wp-json\/wp\/v2\/posts\/246054\/revisions\/246061"}],"wp:featuredmedia":[{"embeddable":true,"href":"https:\/\/vof-news.eu\/fr\/wp-json\/wp\/v2\/media\/246055"}],"wp:attachment":[{"href":"https:\/\/vof-news.eu\/fr\/wp-json\/wp\/v2\/media?parent=246054"}],"wp:term":[{"taxonomy":"category","embeddable":true,"href":"https:\/\/vof-news.eu\/fr\/wp-json\/wp\/v2\/categories?post=246054"},{"taxonomy":"post_tag","embeddable":true,"href":"https:\/\/vof-news.eu\/fr\/wp-json\/wp\/v2\/tags?post=246054"}],"curies":[{"name":"wp","href":"https:\/\/api.w.org\/{rel}","templated":true}]}}