{"id":245988,"date":"2025-07-03T07:35:10","date_gmt":"2025-07-03T04:35:10","guid":{"rendered":"https:\/\/vof-news.eu\/la-guerre-commerciale-de-donald-trump-un-defi-plus-grand-que-le-covid-19-pour-leconomie-mondiale\/"},"modified":"2025-07-03T07:35:28","modified_gmt":"2025-07-03T04:35:28","slug":"la-guerre-commerciale-de-donald-trump-un-defi-plus-grand-que-le-covid-19-pour-leconomie-mondiale","status":"publish","type":"post","link":"https:\/\/vof-news.eu\/fr\/la-guerre-commerciale-de-donald-trump-un-defi-plus-grand-que-le-covid-19-pour-leconomie-mondiale\/","title":{"rendered":"La guerre commerciale de Donald Trump, un d\u00e9fi \u00ab\u00a0plus grand que le Covid-19\u00a0\u00bb pour l\u2019\u00e9conomie mondiale"},"content":{"rendered":"<article>\n<p>Les partenaires commerciaux des Etats-Unis vont enfin \u00eatre fix\u00e9s sur leur sort. Apr\u00e8s trois mois de n\u00e9gociations mouvement\u00e9es, Washington s\u2019appr\u00eate \u00e0 d\u00e9voiler, d\u2019ici au 9\u00a0juillet, des accords commerciaux avec les principales \u00e9conomies de la plan\u00e8te. Donald Trump a affirm\u00e9, mardi 1\u1d49\u02b3\u00a0juillet, qu\u2019il n\u2019envisageait pas de prolonger les discussions. Les n\u00e9gociations se concentrent sur  accords avec des partenaires de premier plan, selon le secr\u00e9taire au Tr\u00e9sor am\u00e9ricain, Scott Bessent.<\/p>\n<p>Depuis d\u00e9but avril, seul un accord-cadre a \u00e9t\u00e9 sign\u00e9 avec le Royaume-Uni et un pacte a \u00e9t\u00e9 trouv\u00e9 avec la Chine pour r\u00e9duire les droits de douane exorbitants qu\u2019ils s\u2019imposaient mutuellement. Des taxes de  pourraient \u00eatre impos\u00e9es sur les importations en provenance du Japon, contre un taux de 24\u00a0% annonc\u00e9 en avril, apr\u00e8s que Donald Trump a reproch\u00e9, fin juin, \u00e0 Tokyo de refuser de s\u2019engager \u00e0 acheter du riz am\u00e9ricain. Le commissaire europ\u00e9en au commerce, Maros Sefcovic, est attendu \u00e0 Washington, cette semaine, pour tenter de d\u00e9crocher un accord o\u00f9 les barri\u00e8res douani\u00e8res am\u00e9ricaines dans les secteurs cl\u00e9s de l\u2019automobile ou de la sid\u00e9rurgie seraient all\u00e9g\u00e9es.<\/p>\n<p><strong>Il vous reste 90.04% de cet article \u00e0 lire. La suite est r\u00e9serv\u00e9e aux abonn\u00e9s.<\/strong><\/p>\n<\/article>\n","protected":false},"excerpt":{"rendered":"<p>Les partenaires commerciaux des Etats-Unis vont enfin \u00eatre fix\u00e9s sur leur sort. Apr\u00e8s trois mois de n\u00e9gociations mouvement\u00e9es, Washington s\u2019appr\u00eate \u00e0 d\u00e9voiler, d\u2019ici au 9\u00a0juillet, des accords commerciaux avec les principales \u00e9conomies de la plan\u00e8te. Donald Trump a affirm\u00e9, mardi 1\u1d49\u02b3\u00a0juillet, qu\u2019il n\u2019envisageait pas de prolonger les discussions. Les n\u00e9gociations se concentrent sur accords avec<\/p>\n","protected":false},"author":1,"featured_media":245989,"comment_status":"open","ping_status":"open","sticky":false,"template":"","format":"standard","meta":{"footnotes":""},"categories":[58],"tags":[],"class_list":["post-245988","post","type-post","status-publish","format-standard","has-post-thumbnail","hentry","category-business-fr"],"acf":[],"yoast_head":"<!-- This site is optimized with the Yoast SEO plugin v22.9 - https:\/\/yoast.com\/wordpress\/plugins\/seo\/ -->\n<title>La guerre commerciale de Donald Trump, un d\u00e9fi \u00ab\u00a0plus grand que le Covid-19\u00a0\u00bb pour l\u2019\u00e9conomie mondiale - vof-news.eu<\/title>\n<meta name=\"description\" content=\"Les partenaires commerciaux des Etats-Unis vont enfin \u00eatre fix\u00e9s sur leur sort. Apr\u00e8s trois mois de n\u00e9gociations mouvement\u00e9es, Washington s\u2019appr\u00eate \u00e0 d\u00e9voiler, d\u2019ici au 9\u00a0juillet, des accords commerciaux avec les principales \u00e9conomies de la plan\u00e8te. Donald Trump a affirm\u00e9, mardi 1\u1d49\u02b3\u00a0juillet, qu\u2019il n\u2019envisageait pas de prolonger les discussions. Les n\u00e9gociations se concentrent sur accords avec des partenaires de premier plan, selon le secr\u00e9taire au Tr\u00e9sor am\u00e9ricain, Scott Bessent. Depuis d\u00e9but avril, seul un accord-cadre a \u00e9t\u00e9 sign\u00e9 avec le Royaume-Uni et un pacte a \u00e9t\u00e9 trouv\u00e9 avec la Chine pour r\u00e9duire les droits de douane exorbitants qu\u2019ils s\u2019imposaient mutuellement. Des taxes de pourraient \u00eatre impos\u00e9es sur les importations en provenance du Japon, contre un taux de 24\u00a0% annonc\u00e9 en avril, apr\u00e8s que Donald Trump a reproch\u00e9, fin juin, \u00e0 Tokyo de refuser de s\u2019engager \u00e0 acheter du riz am\u00e9ricain. Le commissaire europ\u00e9en au commerce, Maros Sefcovic, est attendu \u00e0 Washington, cette semaine, pour tenter de d\u00e9crocher un accord o\u00f9 les barri\u00e8res douani\u00e8res am\u00e9ricaines dans les secteurs cl\u00e9s de l\u2019automobile ou de la sid\u00e9rurgie seraient all\u00e9g\u00e9es. Il vous reste 90.04% de cet article \u00e0 lire. La suite est r\u00e9serv\u00e9e aux abonn\u00e9s.\" \/>\n<meta name=\"robots\" content=\"noindex, follow, max-snippet:-1, max-image-preview:large, max-video-preview:-1\" \/>\n<meta property=\"og:locale\" content=\"fr_FR\" \/>\n<meta property=\"og:type\" content=\"article\" \/>\n<meta property=\"og:title\" content=\"La guerre commerciale de Donald Trump, un d\u00e9fi \u00ab\u00a0plus grand que le Covid-19\u00a0\u00bb pour l\u2019\u00e9conomie mondiale - vof-news.eu\" \/>\n<meta property=\"og:description\" content=\"Les partenaires commerciaux des Etats-Unis vont enfin \u00eatre fix\u00e9s sur leur sort. Apr\u00e8s trois mois de n\u00e9gociations mouvement\u00e9es, Washington s\u2019appr\u00eate \u00e0 d\u00e9voiler, d\u2019ici au 9\u00a0juillet, des accords commerciaux avec les principales \u00e9conomies de la plan\u00e8te. Donald Trump a affirm\u00e9, mardi 1\u1d49\u02b3\u00a0juillet, qu\u2019il n\u2019envisageait pas de prolonger les discussions. Les n\u00e9gociations se concentrent sur accords avec des partenaires de premier plan, selon le secr\u00e9taire au Tr\u00e9sor am\u00e9ricain, Scott Bessent. Depuis d\u00e9but avril, seul un accord-cadre a \u00e9t\u00e9 sign\u00e9 avec le Royaume-Uni et un pacte a \u00e9t\u00e9 trouv\u00e9 avec la Chine pour r\u00e9duire les droits de douane exorbitants qu\u2019ils s\u2019imposaient mutuellement. Des taxes de pourraient \u00eatre impos\u00e9es sur les importations en provenance du Japon, contre un taux de 24\u00a0% annonc\u00e9 en avril, apr\u00e8s que Donald Trump a reproch\u00e9, fin juin, \u00e0 Tokyo de refuser de s\u2019engager \u00e0 acheter du riz am\u00e9ricain. Le commissaire europ\u00e9en au commerce, Maros Sefcovic, est attendu \u00e0 Washington, cette semaine, pour tenter de d\u00e9crocher un accord o\u00f9 les barri\u00e8res douani\u00e8res am\u00e9ricaines dans les secteurs cl\u00e9s de l\u2019automobile ou de la sid\u00e9rurgie seraient all\u00e9g\u00e9es. Il vous reste 90.04% de cet article \u00e0 lire. La suite est r\u00e9serv\u00e9e aux abonn\u00e9s.\" \/>\n<meta property=\"og:url\" content=\"https:\/\/vof-news.eu\/fr\/la-guerre-commerciale-de-donald-trump-un-defi-plus-grand-que-le-covid-19-pour-leconomie-mondiale\/\" \/>\n<meta property=\"og:site_name\" content=\"vof-news.eu\" \/>\n<meta property=\"article:published_time\" content=\"2025-07-03T04:35:10+00:00\" \/>\n<meta property=\"article:modified_time\" content=\"2025-07-03T04:35:28+00:00\" \/>\n<meta property=\"og:image\" content=\"https:\/\/vof-news.eu\/wp-content\/uploads\/2025\/07\/589c7c3_upload-1-yt6zlbppravs-063-2216128080.jpg\" \/>\n\t<meta property=\"og:image:width\" content=\"664\" \/>\n\t<meta property=\"og:image:height\" content=\"483\" \/>\n\t<meta property=\"og:image:type\" content=\"image\/jpeg\" \/>\n<meta name=\"author\" content=\"Author\" \/>\n<meta name=\"twitter:card\" content=\"summary_large_image\" \/>\n<meta name=\"twitter:label1\" content=\"\u00c9crit par\" \/>\n\t<meta name=\"twitter:data1\" content=\"Author\" \/>\n\t<meta name=\"twitter:label2\" content=\"Dur\u00e9e de lecture estim\u00e9e\" \/>\n\t<meta name=\"twitter:data2\" content=\"1 minute\" \/>\n<script type=\"application\/ld+json\" class=\"yoast-schema-graph\">{\"@context\":\"https:\/\/schema.org\",\"@graph\":[{\"@type\":\"WebPage\",\"@id\":\"https:\/\/vof-news.eu\/fr\/la-guerre-commerciale-de-donald-trump-un-defi-plus-grand-que-le-covid-19-pour-leconomie-mondiale\/\",\"url\":\"https:\/\/vof-news.eu\/fr\/la-guerre-commerciale-de-donald-trump-un-defi-plus-grand-que-le-covid-19-pour-leconomie-mondiale\/\",\"name\":\"La guerre commerciale de Donald Trump, un d\u00e9fi \u00ab\u00a0plus grand que le Covid-19\u00a0\u00bb pour l\u2019\u00e9conomie mondiale - vof-news.eu\",\"isPartOf\":{\"@id\":\"https:\/\/vof-news.eu\/fr\/#website\"},\"primaryImageOfPage\":{\"@id\":\"https:\/\/vof-news.eu\/fr\/la-guerre-commerciale-de-donald-trump-un-defi-plus-grand-que-le-covid-19-pour-leconomie-mondiale\/#primaryimage\"},\"image\":{\"@id\":\"https:\/\/vof-news.eu\/fr\/la-guerre-commerciale-de-donald-trump-un-defi-plus-grand-que-le-covid-19-pour-leconomie-mondiale\/#primaryimage\"},\"thumbnailUrl\":\"https:\/\/vof-news.eu\/wp-content\/uploads\/2025\/07\/589c7c3_upload-1-yt6zlbppravs-063-2216128080.jpg\",\"datePublished\":\"2025-07-03T04:35:10+00:00\",\"dateModified\":\"2025-07-03T04:35:28+00:00\",\"author\":{\"@id\":\"https:\/\/vof-news.eu\/fr\/#\/schema\/person\/f6a2a4309f0561835797fd8c19b333ed\"},\"description\":\"Les partenaires commerciaux des Etats-Unis vont enfin \u00eatre fix\u00e9s sur leur sort. Apr\u00e8s trois mois de n\u00e9gociations mouvement\u00e9es, Washington s\u2019appr\u00eate \u00e0 d\u00e9voiler, d\u2019ici au 9\u00a0juillet, des accords commerciaux avec les principales \u00e9conomies de la plan\u00e8te. Donald Trump a affirm\u00e9, mardi 1\u1d49\u02b3\u00a0juillet, qu\u2019il n\u2019envisageait pas de prolonger les discussions. Les n\u00e9gociations se concentrent sur accords avec des partenaires de premier plan, selon le secr\u00e9taire au Tr\u00e9sor am\u00e9ricain, Scott Bessent. Depuis d\u00e9but avril, seul un accord-cadre a \u00e9t\u00e9 sign\u00e9 avec le Royaume-Uni et un pacte a \u00e9t\u00e9 trouv\u00e9 avec la Chine pour r\u00e9duire les droits de douane exorbitants qu\u2019ils s\u2019imposaient mutuellement. Des taxes de pourraient \u00eatre impos\u00e9es sur les importations en provenance du Japon, contre un taux de 24\u00a0% annonc\u00e9 en avril, apr\u00e8s que Donald Trump a reproch\u00e9, fin juin, \u00e0 Tokyo de refuser de s\u2019engager \u00e0 acheter du riz am\u00e9ricain. Le commissaire europ\u00e9en au commerce, Maros Sefcovic, est attendu \u00e0 Washington, cette semaine, pour tenter de d\u00e9crocher un accord o\u00f9 les barri\u00e8res douani\u00e8res am\u00e9ricaines dans les secteurs cl\u00e9s de l\u2019automobile ou de la sid\u00e9rurgie seraient all\u00e9g\u00e9es. Il vous reste 90.04% de cet article \u00e0 lire. La suite est r\u00e9serv\u00e9e aux abonn\u00e9s.\",\"breadcrumb\":{\"@id\":\"https:\/\/vof-news.eu\/fr\/la-guerre-commerciale-de-donald-trump-un-defi-plus-grand-que-le-covid-19-pour-leconomie-mondiale\/#breadcrumb\"},\"inLanguage\":\"fr-FR\",\"potentialAction\":[{\"@type\":\"ReadAction\",\"target\":[\"https:\/\/vof-news.eu\/fr\/la-guerre-commerciale-de-donald-trump-un-defi-plus-grand-que-le-covid-19-pour-leconomie-mondiale\/\"]}]},{\"@type\":\"ImageObject\",\"inLanguage\":\"fr-FR\",\"@id\":\"https:\/\/vof-news.eu\/fr\/la-guerre-commerciale-de-donald-trump-un-defi-plus-grand-que-le-covid-19-pour-leconomie-mondiale\/#primaryimage\",\"url\":\"https:\/\/vof-news.eu\/wp-content\/uploads\/2025\/07\/589c7c3_upload-1-yt6zlbppravs-063-2216128080.jpg\",\"contentUrl\":\"https:\/\/vof-news.eu\/wp-content\/uploads\/2025\/07\/589c7c3_upload-1-yt6zlbppravs-063-2216128080.jpg\",\"width\":664,\"height\":483},{\"@type\":\"BreadcrumbList\",\"@id\":\"https:\/\/vof-news.eu\/fr\/la-guerre-commerciale-de-donald-trump-un-defi-plus-grand-que-le-covid-19-pour-leconomie-mondiale\/#breadcrumb\",\"itemListElement\":[{\"@type\":\"ListItem\",\"position\":1,\"name\":\"Home\",\"item\":\"https:\/\/vof-news.eu\/fr\/\"},{\"@type\":\"ListItem\",\"position\":2,\"name\":\"La guerre commerciale de Donald Trump, un d\u00e9fi \u00ab\u00a0plus grand que le Covid-19\u00a0\u00bb pour l\u2019\u00e9conomie mondiale\"}]},{\"@type\":\"WebSite\",\"@id\":\"https:\/\/vof-news.eu\/fr\/#website\",\"url\":\"https:\/\/vof-news.eu\/fr\/\",\"name\":\"vof-news.eu\",\"description\":\"\",\"potentialAction\":[{\"@type\":\"SearchAction\",\"target\":{\"@type\":\"EntryPoint\",\"urlTemplate\":\"https:\/\/vof-news.eu\/fr\/?s={search_term_string}\"},\"query-input\":\"required name=search_term_string\"}],\"inLanguage\":\"fr-FR\"},{\"@type\":\"Person\",\"@id\":\"https:\/\/vof-news.eu\/fr\/#\/schema\/person\/f6a2a4309f0561835797fd8c19b333ed\",\"name\":\"Author\",\"image\":{\"@type\":\"ImageObject\",\"inLanguage\":\"fr-FR\",\"@id\":\"https:\/\/vof-news.eu\/fr\/#\/schema\/person\/image\/\",\"url\":\"https:\/\/secure.gravatar.com\/avatar\/b67e614b1b25b3e9c0c239efdd2fde5ab015b5affd6f1c3c85911ca4b384e790?s=96&d=mm&r=g\",\"contentUrl\":\"https:\/\/secure.gravatar.com\/avatar\/b67e614b1b25b3e9c0c239efdd2fde5ab015b5affd6f1c3c85911ca4b384e790?s=96&d=mm&r=g\",\"caption\":\"Author\"},\"sameAs\":[\"http:\/\/vof-news.eu\"],\"url\":\"https:\/\/vof-news.eu\/fr\/author\/zwt6qxnjulxbnyg\/\"}]}<\/script>\n<!-- \/ Yoast SEO plugin. -->","yoast_head_json":{"title":"La guerre commerciale de Donald Trump, un d\u00e9fi \u00ab\u00a0plus grand que le Covid-19\u00a0\u00bb pour l\u2019\u00e9conomie mondiale - vof-news.eu","description":"Les partenaires commerciaux des Etats-Unis vont enfin \u00eatre fix\u00e9s sur leur sort. Apr\u00e8s trois mois de n\u00e9gociations mouvement\u00e9es, Washington s\u2019appr\u00eate \u00e0 d\u00e9voiler, d\u2019ici au 9\u00a0juillet, des accords commerciaux avec les principales \u00e9conomies de la plan\u00e8te. Donald Trump a affirm\u00e9, mardi 1\u1d49\u02b3\u00a0juillet, qu\u2019il n\u2019envisageait pas de prolonger les discussions. Les n\u00e9gociations se concentrent sur accords avec des partenaires de premier plan, selon le secr\u00e9taire au Tr\u00e9sor am\u00e9ricain, Scott Bessent. Depuis d\u00e9but avril, seul un accord-cadre a \u00e9t\u00e9 sign\u00e9 avec le Royaume-Uni et un pacte a \u00e9t\u00e9 trouv\u00e9 avec la Chine pour r\u00e9duire les droits de douane exorbitants qu\u2019ils s\u2019imposaient mutuellement. Des taxes de pourraient \u00eatre impos\u00e9es sur les importations en provenance du Japon, contre un taux de 24\u00a0% annonc\u00e9 en avril, apr\u00e8s que Donald Trump a reproch\u00e9, fin juin, \u00e0 Tokyo de refuser de s\u2019engager \u00e0 acheter du riz am\u00e9ricain. Le commissaire europ\u00e9en au commerce, Maros Sefcovic, est attendu \u00e0 Washington, cette semaine, pour tenter de d\u00e9crocher un accord o\u00f9 les barri\u00e8res douani\u00e8res am\u00e9ricaines dans les secteurs cl\u00e9s de l\u2019automobile ou de la sid\u00e9rurgie seraient all\u00e9g\u00e9es. Il vous reste 90.04% de cet article \u00e0 lire. La suite est r\u00e9serv\u00e9e aux abonn\u00e9s.","robots":{"index":"noindex","follow":"follow","max-snippet":"max-snippet:-1","max-image-preview":"max-image-preview:large","max-video-preview":"max-video-preview:-1"},"og_locale":"fr_FR","og_type":"article","og_title":"La guerre commerciale de Donald Trump, un d\u00e9fi \u00ab\u00a0plus grand que le Covid-19\u00a0\u00bb pour l\u2019\u00e9conomie mondiale - vof-news.eu","og_description":"Les partenaires commerciaux des Etats-Unis vont enfin \u00eatre fix\u00e9s sur leur sort. Apr\u00e8s trois mois de n\u00e9gociations mouvement\u00e9es, Washington s\u2019appr\u00eate \u00e0 d\u00e9voiler, d\u2019ici au 9\u00a0juillet, des accords commerciaux avec les principales \u00e9conomies de la plan\u00e8te. Donald Trump a affirm\u00e9, mardi 1\u1d49\u02b3\u00a0juillet, qu\u2019il n\u2019envisageait pas de prolonger les discussions. Les n\u00e9gociations se concentrent sur accords avec des partenaires de premier plan, selon le secr\u00e9taire au Tr\u00e9sor am\u00e9ricain, Scott Bessent. Depuis d\u00e9but avril, seul un accord-cadre a \u00e9t\u00e9 sign\u00e9 avec le Royaume-Uni et un pacte a \u00e9t\u00e9 trouv\u00e9 avec la Chine pour r\u00e9duire les droits de douane exorbitants qu\u2019ils s\u2019imposaient mutuellement. Des taxes de pourraient \u00eatre impos\u00e9es sur les importations en provenance du Japon, contre un taux de 24\u00a0% annonc\u00e9 en avril, apr\u00e8s que Donald Trump a reproch\u00e9, fin juin, \u00e0 Tokyo de refuser de s\u2019engager \u00e0 acheter du riz am\u00e9ricain. Le commissaire europ\u00e9en au commerce, Maros Sefcovic, est attendu \u00e0 Washington, cette semaine, pour tenter de d\u00e9crocher un accord o\u00f9 les barri\u00e8res douani\u00e8res am\u00e9ricaines dans les secteurs cl\u00e9s de l\u2019automobile ou de la sid\u00e9rurgie seraient all\u00e9g\u00e9es. Il vous reste 90.04% de cet article \u00e0 lire. La suite est r\u00e9serv\u00e9e aux abonn\u00e9s.","og_url":"https:\/\/vof-news.eu\/fr\/la-guerre-commerciale-de-donald-trump-un-defi-plus-grand-que-le-covid-19-pour-leconomie-mondiale\/","og_site_name":"vof-news.eu","article_published_time":"2025-07-03T04:35:10+00:00","article_modified_time":"2025-07-03T04:35:28+00:00","og_image":[{"width":664,"height":483,"url":"https:\/\/vof-news.eu\/wp-content\/uploads\/2025\/07\/589c7c3_upload-1-yt6zlbppravs-063-2216128080.jpg","type":"image\/jpeg"}],"author":"Author","twitter_card":"summary_large_image","twitter_misc":{"\u00c9crit par":"Author","Dur\u00e9e de lecture estim\u00e9e":"1 minute"},"schema":{"@context":"https:\/\/schema.org","@graph":[{"@type":"WebPage","@id":"https:\/\/vof-news.eu\/fr\/la-guerre-commerciale-de-donald-trump-un-defi-plus-grand-que-le-covid-19-pour-leconomie-mondiale\/","url":"https:\/\/vof-news.eu\/fr\/la-guerre-commerciale-de-donald-trump-un-defi-plus-grand-que-le-covid-19-pour-leconomie-mondiale\/","name":"La guerre commerciale de Donald Trump, un d\u00e9fi \u00ab\u00a0plus grand que le Covid-19\u00a0\u00bb pour l\u2019\u00e9conomie mondiale - vof-news.eu","isPartOf":{"@id":"https:\/\/vof-news.eu\/fr\/#website"},"primaryImageOfPage":{"@id":"https:\/\/vof-news.eu\/fr\/la-guerre-commerciale-de-donald-trump-un-defi-plus-grand-que-le-covid-19-pour-leconomie-mondiale\/#primaryimage"},"image":{"@id":"https:\/\/vof-news.eu\/fr\/la-guerre-commerciale-de-donald-trump-un-defi-plus-grand-que-le-covid-19-pour-leconomie-mondiale\/#primaryimage"},"thumbnailUrl":"https:\/\/vof-news.eu\/wp-content\/uploads\/2025\/07\/589c7c3_upload-1-yt6zlbppravs-063-2216128080.jpg","datePublished":"2025-07-03T04:35:10+00:00","dateModified":"2025-07-03T04:35:28+00:00","author":{"@id":"https:\/\/vof-news.eu\/fr\/#\/schema\/person\/f6a2a4309f0561835797fd8c19b333ed"},"description":"Les partenaires commerciaux des Etats-Unis vont enfin \u00eatre fix\u00e9s sur leur sort. Apr\u00e8s trois mois de n\u00e9gociations mouvement\u00e9es, Washington s\u2019appr\u00eate \u00e0 d\u00e9voiler, d\u2019ici au 9\u00a0juillet, des accords commerciaux avec les principales \u00e9conomies de la plan\u00e8te. Donald Trump a affirm\u00e9, mardi 1\u1d49\u02b3\u00a0juillet, qu\u2019il n\u2019envisageait pas de prolonger les discussions. Les n\u00e9gociations se concentrent sur accords avec des partenaires de premier plan, selon le secr\u00e9taire au Tr\u00e9sor am\u00e9ricain, Scott Bessent. Depuis d\u00e9but avril, seul un accord-cadre a \u00e9t\u00e9 sign\u00e9 avec le Royaume-Uni et un pacte a \u00e9t\u00e9 trouv\u00e9 avec la Chine pour r\u00e9duire les droits de douane exorbitants qu\u2019ils s\u2019imposaient mutuellement. Des taxes de pourraient \u00eatre impos\u00e9es sur les importations en provenance du Japon, contre un taux de 24\u00a0% annonc\u00e9 en avril, apr\u00e8s que Donald Trump a reproch\u00e9, fin juin, \u00e0 Tokyo de refuser de s\u2019engager \u00e0 acheter du riz am\u00e9ricain. Le commissaire europ\u00e9en au commerce, Maros Sefcovic, est attendu \u00e0 Washington, cette semaine, pour tenter de d\u00e9crocher un accord o\u00f9 les barri\u00e8res douani\u00e8res am\u00e9ricaines dans les secteurs cl\u00e9s de l\u2019automobile ou de la sid\u00e9rurgie seraient all\u00e9g\u00e9es. Il vous reste 90.04% de cet article \u00e0 lire. La suite est r\u00e9serv\u00e9e aux abonn\u00e9s.","breadcrumb":{"@id":"https:\/\/vof-news.eu\/fr\/la-guerre-commerciale-de-donald-trump-un-defi-plus-grand-que-le-covid-19-pour-leconomie-mondiale\/#breadcrumb"},"inLanguage":"fr-FR","potentialAction":[{"@type":"ReadAction","target":["https:\/\/vof-news.eu\/fr\/la-guerre-commerciale-de-donald-trump-un-defi-plus-grand-que-le-covid-19-pour-leconomie-mondiale\/"]}]},{"@type":"ImageObject","inLanguage":"fr-FR","@id":"https:\/\/vof-news.eu\/fr\/la-guerre-commerciale-de-donald-trump-un-defi-plus-grand-que-le-covid-19-pour-leconomie-mondiale\/#primaryimage","url":"https:\/\/vof-news.eu\/wp-content\/uploads\/2025\/07\/589c7c3_upload-1-yt6zlbppravs-063-2216128080.jpg","contentUrl":"https:\/\/vof-news.eu\/wp-content\/uploads\/2025\/07\/589c7c3_upload-1-yt6zlbppravs-063-2216128080.jpg","width":664,"height":483},{"@type":"BreadcrumbList","@id":"https:\/\/vof-news.eu\/fr\/la-guerre-commerciale-de-donald-trump-un-defi-plus-grand-que-le-covid-19-pour-leconomie-mondiale\/#breadcrumb","itemListElement":[{"@type":"ListItem","position":1,"name":"Home","item":"https:\/\/vof-news.eu\/fr\/"},{"@type":"ListItem","position":2,"name":"La guerre commerciale de Donald Trump, un d\u00e9fi \u00ab\u00a0plus grand que le Covid-19\u00a0\u00bb pour l\u2019\u00e9conomie mondiale"}]},{"@type":"WebSite","@id":"https:\/\/vof-news.eu\/fr\/#website","url":"https:\/\/vof-news.eu\/fr\/","name":"vof-news.eu","description":"","potentialAction":[{"@type":"SearchAction","target":{"@type":"EntryPoint","urlTemplate":"https:\/\/vof-news.eu\/fr\/?s={search_term_string}"},"query-input":"required name=search_term_string"}],"inLanguage":"fr-FR"},{"@type":"Person","@id":"https:\/\/vof-news.eu\/fr\/#\/schema\/person\/f6a2a4309f0561835797fd8c19b333ed","name":"Author","image":{"@type":"ImageObject","inLanguage":"fr-FR","@id":"https:\/\/vof-news.eu\/fr\/#\/schema\/person\/image\/","url":"https:\/\/secure.gravatar.com\/avatar\/b67e614b1b25b3e9c0c239efdd2fde5ab015b5affd6f1c3c85911ca4b384e790?s=96&d=mm&r=g","contentUrl":"https:\/\/secure.gravatar.com\/avatar\/b67e614b1b25b3e9c0c239efdd2fde5ab015b5affd6f1c3c85911ca4b384e790?s=96&d=mm&r=g","caption":"Author"},"sameAs":["http:\/\/vof-news.eu"],"url":"https:\/\/vof-news.eu\/fr\/author\/zwt6qxnjulxbnyg\/"}]}},"yoast_meta":{"yoast_wpseo_title":"","yoast_wpseo_metadesc":"","yoast_wpseo_canonical":""},"_links":{"self":[{"href":"https:\/\/vof-news.eu\/fr\/wp-json\/wp\/v2\/posts\/245988","targetHints":{"allow":["GET"]}}],"collection":[{"href":"https:\/\/vof-news.eu\/fr\/wp-json\/wp\/v2\/posts"}],"about":[{"href":"https:\/\/vof-news.eu\/fr\/wp-json\/wp\/v2\/types\/post"}],"author":[{"embeddable":true,"href":"https:\/\/vof-news.eu\/fr\/wp-json\/wp\/v2\/users\/1"}],"replies":[{"embeddable":true,"href":"https:\/\/vof-news.eu\/fr\/wp-json\/wp\/v2\/comments?post=245988"}],"version-history":[{"count":1,"href":"https:\/\/vof-news.eu\/fr\/wp-json\/wp\/v2\/posts\/245988\/revisions"}],"predecessor-version":[{"id":245995,"href":"https:\/\/vof-news.eu\/fr\/wp-json\/wp\/v2\/posts\/245988\/revisions\/245995"}],"wp:featuredmedia":[{"embeddable":true,"href":"https:\/\/vof-news.eu\/fr\/wp-json\/wp\/v2\/media\/245989"}],"wp:attachment":[{"href":"https:\/\/vof-news.eu\/fr\/wp-json\/wp\/v2\/media?parent=245988"}],"wp:term":[{"taxonomy":"category","embeddable":true,"href":"https:\/\/vof-news.eu\/fr\/wp-json\/wp\/v2\/categories?post=245988"},{"taxonomy":"post_tag","embeddable":true,"href":"https:\/\/vof-news.eu\/fr\/wp-json\/wp\/v2\/tags?post=245988"}],"curies":[{"name":"wp","href":"https:\/\/api.w.org\/{rel}","templated":true}]}}