{"id":245976,"date":"2025-07-03T07:32:10","date_gmt":"2025-07-03T04:32:10","guid":{"rendered":"https:\/\/vof-news.eu\/le-rn-et-ses-allies-menaces-par-une-nouvelle-affaire-de-detournements-financiers-au-parlement-europeen\/"},"modified":"2025-07-03T07:32:33","modified_gmt":"2025-07-03T04:32:33","slug":"le-rn-et-ses-allies-menaces-par-une-nouvelle-affaire-de-detournements-financiers-au-parlement-europeen","status":"publish","type":"post","link":"https:\/\/vof-news.eu\/fr\/le-rn-et-ses-allies-menaces-par-une-nouvelle-affaire-de-detournements-financiers-au-parlement-europeen\/","title":{"rendered":"Le RN et ses alli\u00e9s menac\u00e9s par une nouvelle affaire de d\u00e9tournements financiers au Parlement europ\u00e9en"},"content":{"rendered":"<article>\n<p>L\u2019affaire des assistants parlementaires fictifs du Rassemblement national (RN) <a href=\"https:\/\/www.lemonde.fr\/politique\/article\/2025\/03\/31\/condamnation-de-marine-le-pen-retrouvez-le-detail-de-l-ensemble-des-peines-prononcees-dans-l-affaire-des-assistants-fn-au-parlement-europeen_6589014_823448.html\" rel=\"nofollow\">est \u00e0 peine jug\u00e9e<\/a> que le parti d\u2019extr\u00eame droite et ses alli\u00e9s se retrouvent au c\u0153ur d\u2019un nouveau scandale de d\u00e9tournement d\u2019argent public au d\u00e9triment du Parlement europ\u00e9en, selon une enqu\u00eate du , en collaboration avec l\u2019\u00e9mission allemande d\u2019investigation \u00ab\u00a0Kontraste\u00a0\u00bb, le magazine allemand  et l\u2019hebdomadaire autrichien .<\/p>\n<p>Le groupe parlementaire Identit\u00e9 et d\u00e9mocratie (ID), qui rassemblait une dizaine de partis d\u2019extr\u00eame droite lors de la derni\u00e8re mandature (2019-2024), est accus\u00e9 de d\u00e9penses irr\u00e9guli\u00e8res au d\u00e9triment du budget du Parlement de Strasbourg pour un montant total d\u2019au moins 4,33\u00a0millions d\u2019euros \u2013 comparable au pr\u00e9judice financier caus\u00e9 par l\u2019affaire des emplois fictifs d\u2019assistants parlementaires (4,5\u00a0millions d\u2019euros). Une grande partie de cette somme a profit\u00e9 \u00e0 d\u2019anciens militants radicaux proches de Marine Le Pen, b\u00e9n\u00e9ficiaires de juteux contrats pass\u00e9s sans v\u00e9ritables appels d\u2019offres, et \u00e0 des associations souvent proches des \u00e9lus ou des causes d\u2019extr\u00eame droite.<\/p>\n<p><strong>Il vous reste 91.49% de cet article \u00e0 lire. La suite est r\u00e9serv\u00e9e aux abonn\u00e9s.<\/strong><\/p>\n<\/article>\n","protected":false},"excerpt":{"rendered":"<p>L\u2019affaire des assistants parlementaires fictifs du Rassemblement national (RN) est \u00e0 peine jug\u00e9e que le parti d\u2019extr\u00eame droite et ses alli\u00e9s se retrouvent au c\u0153ur d\u2019un nouveau scandale de d\u00e9tournement d\u2019argent public au d\u00e9triment du Parlement europ\u00e9en, selon une enqu\u00eate du , en collaboration avec l\u2019\u00e9mission allemande d\u2019investigation \u00ab\u00a0Kontraste\u00a0\u00bb, le magazine allemand et l\u2019hebdomadaire autrichien<\/p>\n","protected":false},"author":1,"featured_media":245977,"comment_status":"open","ping_status":"open","sticky":false,"template":"","format":"standard","meta":{"footnotes":""},"categories":[68],"tags":[],"class_list":["post-245976","post","type-post","status-publish","format-standard","has-post-thumbnail","hentry","category-politics-fr"],"acf":[],"yoast_head":"<!-- This site is optimized with the Yoast SEO plugin v22.9 - https:\/\/yoast.com\/wordpress\/plugins\/seo\/ -->\n<title>Le RN et ses alli\u00e9s menac\u00e9s par une nouvelle affaire de d\u00e9tournements financiers au Parlement europ\u00e9en - vof-news.eu<\/title>\n<meta name=\"description\" content=\"L\u2019affaire des assistants parlementaires fictifs du Rassemblement national (RN) est \u00e0 peine jug\u00e9e que le parti d\u2019extr\u00eame droite et ses alli\u00e9s se retrouvent au c\u0153ur d\u2019un nouveau scandale de d\u00e9tournement d\u2019argent public au d\u00e9triment du Parlement europ\u00e9en, selon une enqu\u00eate du , en collaboration avec l\u2019\u00e9mission allemande d\u2019investigation \u00ab\u00a0Kontraste\u00a0\u00bb, le magazine allemand et l\u2019hebdomadaire autrichien . Le groupe parlementaire Identit\u00e9 et d\u00e9mocratie (ID), qui rassemblait une dizaine de partis d\u2019extr\u00eame droite lors de la derni\u00e8re mandature (2019-2024), est accus\u00e9 de d\u00e9penses irr\u00e9guli\u00e8res au d\u00e9triment du budget du Parlement de Strasbourg pour un montant total d\u2019au moins 4,33\u00a0millions d\u2019euros \u2013 comparable au pr\u00e9judice financier caus\u00e9 par l\u2019affaire des emplois fictifs d\u2019assistants parlementaires (4,5\u00a0millions d\u2019euros). Une grande partie de cette somme a profit\u00e9 \u00e0 d\u2019anciens militants radicaux proches de Marine Le Pen, b\u00e9n\u00e9ficiaires de juteux contrats pass\u00e9s sans v\u00e9ritables appels d\u2019offres, et \u00e0 des associations souvent proches des \u00e9lus ou des causes d\u2019extr\u00eame droite. Il vous reste 91.49% de cet article \u00e0 lire. La suite est r\u00e9serv\u00e9e aux abonn\u00e9s.\" \/>\n<meta name=\"robots\" content=\"noindex, follow, max-snippet:-1, max-image-preview:large, max-video-preview:-1\" \/>\n<meta property=\"og:locale\" content=\"fr_FR\" \/>\n<meta property=\"og:type\" content=\"article\" \/>\n<meta property=\"og:title\" content=\"Le RN et ses alli\u00e9s menac\u00e9s par une nouvelle affaire de d\u00e9tournements financiers au Parlement europ\u00e9en - vof-news.eu\" \/>\n<meta property=\"og:description\" content=\"L\u2019affaire des assistants parlementaires fictifs du Rassemblement national (RN) est \u00e0 peine jug\u00e9e que le parti d\u2019extr\u00eame droite et ses alli\u00e9s se retrouvent au c\u0153ur d\u2019un nouveau scandale de d\u00e9tournement d\u2019argent public au d\u00e9triment du Parlement europ\u00e9en, selon une enqu\u00eate du , en collaboration avec l\u2019\u00e9mission allemande d\u2019investigation \u00ab\u00a0Kontraste\u00a0\u00bb, le magazine allemand et l\u2019hebdomadaire autrichien . Le groupe parlementaire Identit\u00e9 et d\u00e9mocratie (ID), qui rassemblait une dizaine de partis d\u2019extr\u00eame droite lors de la derni\u00e8re mandature (2019-2024), est accus\u00e9 de d\u00e9penses irr\u00e9guli\u00e8res au d\u00e9triment du budget du Parlement de Strasbourg pour un montant total d\u2019au moins 4,33\u00a0millions d\u2019euros \u2013 comparable au pr\u00e9judice financier caus\u00e9 par l\u2019affaire des emplois fictifs d\u2019assistants parlementaires (4,5\u00a0millions d\u2019euros). Une grande partie de cette somme a profit\u00e9 \u00e0 d\u2019anciens militants radicaux proches de Marine Le Pen, b\u00e9n\u00e9ficiaires de juteux contrats pass\u00e9s sans v\u00e9ritables appels d\u2019offres, et \u00e0 des associations souvent proches des \u00e9lus ou des causes d\u2019extr\u00eame droite. Il vous reste 91.49% de cet article \u00e0 lire. La suite est r\u00e9serv\u00e9e aux abonn\u00e9s.\" \/>\n<meta property=\"og:url\" content=\"https:\/\/vof-news.eu\/fr\/le-rn-et-ses-allies-menaces-par-une-nouvelle-affaire-de-detournements-financiers-au-parlement-europeen\/\" \/>\n<meta property=\"og:site_name\" content=\"vof-news.eu\" \/>\n<meta property=\"article:published_time\" content=\"2025-07-03T04:32:10+00:00\" \/>\n<meta property=\"article:modified_time\" content=\"2025-07-03T04:32:33+00:00\" \/>\n<meta property=\"og:image\" content=\"https:\/\/vof-news.eu\/wp-content\/uploads\/2025\/07\/b8275b4_upload-1-jrq9het2bx9t-000-346x4pl.jpg\" \/>\n\t<meta property=\"og:image:width\" content=\"664\" \/>\n\t<meta property=\"og:image:height\" content=\"443\" \/>\n\t<meta property=\"og:image:type\" content=\"image\/jpeg\" \/>\n<meta name=\"author\" content=\"Author\" \/>\n<meta name=\"twitter:card\" content=\"summary_large_image\" \/>\n<meta name=\"twitter:label1\" content=\"\u00c9crit par\" \/>\n\t<meta name=\"twitter:data1\" content=\"Author\" \/>\n\t<meta name=\"twitter:label2\" content=\"Dur\u00e9e de lecture estim\u00e9e\" \/>\n\t<meta name=\"twitter:data2\" content=\"1 minute\" \/>\n<script type=\"application\/ld+json\" class=\"yoast-schema-graph\">{\"@context\":\"https:\/\/schema.org\",\"@graph\":[{\"@type\":\"WebPage\",\"@id\":\"https:\/\/vof-news.eu\/fr\/le-rn-et-ses-allies-menaces-par-une-nouvelle-affaire-de-detournements-financiers-au-parlement-europeen\/\",\"url\":\"https:\/\/vof-news.eu\/fr\/le-rn-et-ses-allies-menaces-par-une-nouvelle-affaire-de-detournements-financiers-au-parlement-europeen\/\",\"name\":\"Le RN et ses alli\u00e9s menac\u00e9s par une nouvelle affaire de d\u00e9tournements financiers au Parlement europ\u00e9en - vof-news.eu\",\"isPartOf\":{\"@id\":\"https:\/\/vof-news.eu\/fr\/#website\"},\"primaryImageOfPage\":{\"@id\":\"https:\/\/vof-news.eu\/fr\/le-rn-et-ses-allies-menaces-par-une-nouvelle-affaire-de-detournements-financiers-au-parlement-europeen\/#primaryimage\"},\"image\":{\"@id\":\"https:\/\/vof-news.eu\/fr\/le-rn-et-ses-allies-menaces-par-une-nouvelle-affaire-de-detournements-financiers-au-parlement-europeen\/#primaryimage\"},\"thumbnailUrl\":\"https:\/\/vof-news.eu\/wp-content\/uploads\/2025\/07\/b8275b4_upload-1-jrq9het2bx9t-000-346x4pl.jpg\",\"datePublished\":\"2025-07-03T04:32:10+00:00\",\"dateModified\":\"2025-07-03T04:32:33+00:00\",\"author\":{\"@id\":\"https:\/\/vof-news.eu\/fr\/#\/schema\/person\/f6a2a4309f0561835797fd8c19b333ed\"},\"description\":\"L\u2019affaire des assistants parlementaires fictifs du Rassemblement national (RN) est \u00e0 peine jug\u00e9e que le parti d\u2019extr\u00eame droite et ses alli\u00e9s se retrouvent au c\u0153ur d\u2019un nouveau scandale de d\u00e9tournement d\u2019argent public au d\u00e9triment du Parlement europ\u00e9en, selon une enqu\u00eate du , en collaboration avec l\u2019\u00e9mission allemande d\u2019investigation \u00ab\u00a0Kontraste\u00a0\u00bb, le magazine allemand et l\u2019hebdomadaire autrichien . Le groupe parlementaire Identit\u00e9 et d\u00e9mocratie (ID), qui rassemblait une dizaine de partis d\u2019extr\u00eame droite lors de la derni\u00e8re mandature (2019-2024), est accus\u00e9 de d\u00e9penses irr\u00e9guli\u00e8res au d\u00e9triment du budget du Parlement de Strasbourg pour un montant total d\u2019au moins 4,33\u00a0millions d\u2019euros \u2013 comparable au pr\u00e9judice financier caus\u00e9 par l\u2019affaire des emplois fictifs d\u2019assistants parlementaires (4,5\u00a0millions d\u2019euros). Une grande partie de cette somme a profit\u00e9 \u00e0 d\u2019anciens militants radicaux proches de Marine Le Pen, b\u00e9n\u00e9ficiaires de juteux contrats pass\u00e9s sans v\u00e9ritables appels d\u2019offres, et \u00e0 des associations souvent proches des \u00e9lus ou des causes d\u2019extr\u00eame droite. Il vous reste 91.49% de cet article \u00e0 lire. La suite est r\u00e9serv\u00e9e aux abonn\u00e9s.\",\"breadcrumb\":{\"@id\":\"https:\/\/vof-news.eu\/fr\/le-rn-et-ses-allies-menaces-par-une-nouvelle-affaire-de-detournements-financiers-au-parlement-europeen\/#breadcrumb\"},\"inLanguage\":\"fr-FR\",\"potentialAction\":[{\"@type\":\"ReadAction\",\"target\":[\"https:\/\/vof-news.eu\/fr\/le-rn-et-ses-allies-menaces-par-une-nouvelle-affaire-de-detournements-financiers-au-parlement-europeen\/\"]}]},{\"@type\":\"ImageObject\",\"inLanguage\":\"fr-FR\",\"@id\":\"https:\/\/vof-news.eu\/fr\/le-rn-et-ses-allies-menaces-par-une-nouvelle-affaire-de-detournements-financiers-au-parlement-europeen\/#primaryimage\",\"url\":\"https:\/\/vof-news.eu\/wp-content\/uploads\/2025\/07\/b8275b4_upload-1-jrq9het2bx9t-000-346x4pl.jpg\",\"contentUrl\":\"https:\/\/vof-news.eu\/wp-content\/uploads\/2025\/07\/b8275b4_upload-1-jrq9het2bx9t-000-346x4pl.jpg\",\"width\":664,\"height\":443},{\"@type\":\"BreadcrumbList\",\"@id\":\"https:\/\/vof-news.eu\/fr\/le-rn-et-ses-allies-menaces-par-une-nouvelle-affaire-de-detournements-financiers-au-parlement-europeen\/#breadcrumb\",\"itemListElement\":[{\"@type\":\"ListItem\",\"position\":1,\"name\":\"Home\",\"item\":\"https:\/\/vof-news.eu\/fr\/\"},{\"@type\":\"ListItem\",\"position\":2,\"name\":\"Le RN et ses alli\u00e9s menac\u00e9s par une nouvelle affaire de d\u00e9tournements financiers au Parlement europ\u00e9en\"}]},{\"@type\":\"WebSite\",\"@id\":\"https:\/\/vof-news.eu\/fr\/#website\",\"url\":\"https:\/\/vof-news.eu\/fr\/\",\"name\":\"vof-news.eu\",\"description\":\"\",\"potentialAction\":[{\"@type\":\"SearchAction\",\"target\":{\"@type\":\"EntryPoint\",\"urlTemplate\":\"https:\/\/vof-news.eu\/fr\/?s={search_term_string}\"},\"query-input\":\"required name=search_term_string\"}],\"inLanguage\":\"fr-FR\"},{\"@type\":\"Person\",\"@id\":\"https:\/\/vof-news.eu\/fr\/#\/schema\/person\/f6a2a4309f0561835797fd8c19b333ed\",\"name\":\"Author\",\"image\":{\"@type\":\"ImageObject\",\"inLanguage\":\"fr-FR\",\"@id\":\"https:\/\/vof-news.eu\/fr\/#\/schema\/person\/image\/\",\"url\":\"https:\/\/secure.gravatar.com\/avatar\/b67e614b1b25b3e9c0c239efdd2fde5ab015b5affd6f1c3c85911ca4b384e790?s=96&d=mm&r=g\",\"contentUrl\":\"https:\/\/secure.gravatar.com\/avatar\/b67e614b1b25b3e9c0c239efdd2fde5ab015b5affd6f1c3c85911ca4b384e790?s=96&d=mm&r=g\",\"caption\":\"Author\"},\"sameAs\":[\"http:\/\/vof-news.eu\"],\"url\":\"https:\/\/vof-news.eu\/fr\/author\/zwt6qxnjulxbnyg\/\"}]}<\/script>\n<!-- \/ Yoast SEO plugin. -->","yoast_head_json":{"title":"Le RN et ses alli\u00e9s menac\u00e9s par une nouvelle affaire de d\u00e9tournements financiers au Parlement europ\u00e9en - vof-news.eu","description":"L\u2019affaire des assistants parlementaires fictifs du Rassemblement national (RN) est \u00e0 peine jug\u00e9e que le parti d\u2019extr\u00eame droite et ses alli\u00e9s se retrouvent au c\u0153ur d\u2019un nouveau scandale de d\u00e9tournement d\u2019argent public au d\u00e9triment du Parlement europ\u00e9en, selon une enqu\u00eate du , en collaboration avec l\u2019\u00e9mission allemande d\u2019investigation \u00ab\u00a0Kontraste\u00a0\u00bb, le magazine allemand et l\u2019hebdomadaire autrichien . Le groupe parlementaire Identit\u00e9 et d\u00e9mocratie (ID), qui rassemblait une dizaine de partis d\u2019extr\u00eame droite lors de la derni\u00e8re mandature (2019-2024), est accus\u00e9 de d\u00e9penses irr\u00e9guli\u00e8res au d\u00e9triment du budget du Parlement de Strasbourg pour un montant total d\u2019au moins 4,33\u00a0millions d\u2019euros \u2013 comparable au pr\u00e9judice financier caus\u00e9 par l\u2019affaire des emplois fictifs d\u2019assistants parlementaires (4,5\u00a0millions d\u2019euros). Une grande partie de cette somme a profit\u00e9 \u00e0 d\u2019anciens militants radicaux proches de Marine Le Pen, b\u00e9n\u00e9ficiaires de juteux contrats pass\u00e9s sans v\u00e9ritables appels d\u2019offres, et \u00e0 des associations souvent proches des \u00e9lus ou des causes d\u2019extr\u00eame droite. Il vous reste 91.49% de cet article \u00e0 lire. La suite est r\u00e9serv\u00e9e aux abonn\u00e9s.","robots":{"index":"noindex","follow":"follow","max-snippet":"max-snippet:-1","max-image-preview":"max-image-preview:large","max-video-preview":"max-video-preview:-1"},"og_locale":"fr_FR","og_type":"article","og_title":"Le RN et ses alli\u00e9s menac\u00e9s par une nouvelle affaire de d\u00e9tournements financiers au Parlement europ\u00e9en - vof-news.eu","og_description":"L\u2019affaire des assistants parlementaires fictifs du Rassemblement national (RN) est \u00e0 peine jug\u00e9e que le parti d\u2019extr\u00eame droite et ses alli\u00e9s se retrouvent au c\u0153ur d\u2019un nouveau scandale de d\u00e9tournement d\u2019argent public au d\u00e9triment du Parlement europ\u00e9en, selon une enqu\u00eate du , en collaboration avec l\u2019\u00e9mission allemande d\u2019investigation \u00ab\u00a0Kontraste\u00a0\u00bb, le magazine allemand et l\u2019hebdomadaire autrichien . Le groupe parlementaire Identit\u00e9 et d\u00e9mocratie (ID), qui rassemblait une dizaine de partis d\u2019extr\u00eame droite lors de la derni\u00e8re mandature (2019-2024), est accus\u00e9 de d\u00e9penses irr\u00e9guli\u00e8res au d\u00e9triment du budget du Parlement de Strasbourg pour un montant total d\u2019au moins 4,33\u00a0millions d\u2019euros \u2013 comparable au pr\u00e9judice financier caus\u00e9 par l\u2019affaire des emplois fictifs d\u2019assistants parlementaires (4,5\u00a0millions d\u2019euros). Une grande partie de cette somme a profit\u00e9 \u00e0 d\u2019anciens militants radicaux proches de Marine Le Pen, b\u00e9n\u00e9ficiaires de juteux contrats pass\u00e9s sans v\u00e9ritables appels d\u2019offres, et \u00e0 des associations souvent proches des \u00e9lus ou des causes d\u2019extr\u00eame droite. Il vous reste 91.49% de cet article \u00e0 lire. La suite est r\u00e9serv\u00e9e aux abonn\u00e9s.","og_url":"https:\/\/vof-news.eu\/fr\/le-rn-et-ses-allies-menaces-par-une-nouvelle-affaire-de-detournements-financiers-au-parlement-europeen\/","og_site_name":"vof-news.eu","article_published_time":"2025-07-03T04:32:10+00:00","article_modified_time":"2025-07-03T04:32:33+00:00","og_image":[{"width":664,"height":443,"url":"https:\/\/vof-news.eu\/wp-content\/uploads\/2025\/07\/b8275b4_upload-1-jrq9het2bx9t-000-346x4pl.jpg","type":"image\/jpeg"}],"author":"Author","twitter_card":"summary_large_image","twitter_misc":{"\u00c9crit par":"Author","Dur\u00e9e de lecture estim\u00e9e":"1 minute"},"schema":{"@context":"https:\/\/schema.org","@graph":[{"@type":"WebPage","@id":"https:\/\/vof-news.eu\/fr\/le-rn-et-ses-allies-menaces-par-une-nouvelle-affaire-de-detournements-financiers-au-parlement-europeen\/","url":"https:\/\/vof-news.eu\/fr\/le-rn-et-ses-allies-menaces-par-une-nouvelle-affaire-de-detournements-financiers-au-parlement-europeen\/","name":"Le RN et ses alli\u00e9s menac\u00e9s par une nouvelle affaire de d\u00e9tournements financiers au Parlement europ\u00e9en - vof-news.eu","isPartOf":{"@id":"https:\/\/vof-news.eu\/fr\/#website"},"primaryImageOfPage":{"@id":"https:\/\/vof-news.eu\/fr\/le-rn-et-ses-allies-menaces-par-une-nouvelle-affaire-de-detournements-financiers-au-parlement-europeen\/#primaryimage"},"image":{"@id":"https:\/\/vof-news.eu\/fr\/le-rn-et-ses-allies-menaces-par-une-nouvelle-affaire-de-detournements-financiers-au-parlement-europeen\/#primaryimage"},"thumbnailUrl":"https:\/\/vof-news.eu\/wp-content\/uploads\/2025\/07\/b8275b4_upload-1-jrq9het2bx9t-000-346x4pl.jpg","datePublished":"2025-07-03T04:32:10+00:00","dateModified":"2025-07-03T04:32:33+00:00","author":{"@id":"https:\/\/vof-news.eu\/fr\/#\/schema\/person\/f6a2a4309f0561835797fd8c19b333ed"},"description":"L\u2019affaire des assistants parlementaires fictifs du Rassemblement national (RN) est \u00e0 peine jug\u00e9e que le parti d\u2019extr\u00eame droite et ses alli\u00e9s se retrouvent au c\u0153ur d\u2019un nouveau scandale de d\u00e9tournement d\u2019argent public au d\u00e9triment du Parlement europ\u00e9en, selon une enqu\u00eate du , en collaboration avec l\u2019\u00e9mission allemande d\u2019investigation \u00ab\u00a0Kontraste\u00a0\u00bb, le magazine allemand et l\u2019hebdomadaire autrichien . Le groupe parlementaire Identit\u00e9 et d\u00e9mocratie (ID), qui rassemblait une dizaine de partis d\u2019extr\u00eame droite lors de la derni\u00e8re mandature (2019-2024), est accus\u00e9 de d\u00e9penses irr\u00e9guli\u00e8res au d\u00e9triment du budget du Parlement de Strasbourg pour un montant total d\u2019au moins 4,33\u00a0millions d\u2019euros \u2013 comparable au pr\u00e9judice financier caus\u00e9 par l\u2019affaire des emplois fictifs d\u2019assistants parlementaires (4,5\u00a0millions d\u2019euros). Une grande partie de cette somme a profit\u00e9 \u00e0 d\u2019anciens militants radicaux proches de Marine Le Pen, b\u00e9n\u00e9ficiaires de juteux contrats pass\u00e9s sans v\u00e9ritables appels d\u2019offres, et \u00e0 des associations souvent proches des \u00e9lus ou des causes d\u2019extr\u00eame droite. Il vous reste 91.49% de cet article \u00e0 lire. La suite est r\u00e9serv\u00e9e aux abonn\u00e9s.","breadcrumb":{"@id":"https:\/\/vof-news.eu\/fr\/le-rn-et-ses-allies-menaces-par-une-nouvelle-affaire-de-detournements-financiers-au-parlement-europeen\/#breadcrumb"},"inLanguage":"fr-FR","potentialAction":[{"@type":"ReadAction","target":["https:\/\/vof-news.eu\/fr\/le-rn-et-ses-allies-menaces-par-une-nouvelle-affaire-de-detournements-financiers-au-parlement-europeen\/"]}]},{"@type":"ImageObject","inLanguage":"fr-FR","@id":"https:\/\/vof-news.eu\/fr\/le-rn-et-ses-allies-menaces-par-une-nouvelle-affaire-de-detournements-financiers-au-parlement-europeen\/#primaryimage","url":"https:\/\/vof-news.eu\/wp-content\/uploads\/2025\/07\/b8275b4_upload-1-jrq9het2bx9t-000-346x4pl.jpg","contentUrl":"https:\/\/vof-news.eu\/wp-content\/uploads\/2025\/07\/b8275b4_upload-1-jrq9het2bx9t-000-346x4pl.jpg","width":664,"height":443},{"@type":"BreadcrumbList","@id":"https:\/\/vof-news.eu\/fr\/le-rn-et-ses-allies-menaces-par-une-nouvelle-affaire-de-detournements-financiers-au-parlement-europeen\/#breadcrumb","itemListElement":[{"@type":"ListItem","position":1,"name":"Home","item":"https:\/\/vof-news.eu\/fr\/"},{"@type":"ListItem","position":2,"name":"Le RN et ses alli\u00e9s menac\u00e9s par une nouvelle affaire de d\u00e9tournements financiers au Parlement europ\u00e9en"}]},{"@type":"WebSite","@id":"https:\/\/vof-news.eu\/fr\/#website","url":"https:\/\/vof-news.eu\/fr\/","name":"vof-news.eu","description":"","potentialAction":[{"@type":"SearchAction","target":{"@type":"EntryPoint","urlTemplate":"https:\/\/vof-news.eu\/fr\/?s={search_term_string}"},"query-input":"required name=search_term_string"}],"inLanguage":"fr-FR"},{"@type":"Person","@id":"https:\/\/vof-news.eu\/fr\/#\/schema\/person\/f6a2a4309f0561835797fd8c19b333ed","name":"Author","image":{"@type":"ImageObject","inLanguage":"fr-FR","@id":"https:\/\/vof-news.eu\/fr\/#\/schema\/person\/image\/","url":"https:\/\/secure.gravatar.com\/avatar\/b67e614b1b25b3e9c0c239efdd2fde5ab015b5affd6f1c3c85911ca4b384e790?s=96&d=mm&r=g","contentUrl":"https:\/\/secure.gravatar.com\/avatar\/b67e614b1b25b3e9c0c239efdd2fde5ab015b5affd6f1c3c85911ca4b384e790?s=96&d=mm&r=g","caption":"Author"},"sameAs":["http:\/\/vof-news.eu"],"url":"https:\/\/vof-news.eu\/fr\/author\/zwt6qxnjulxbnyg\/"}]}},"yoast_meta":{"yoast_wpseo_title":"","yoast_wpseo_metadesc":"","yoast_wpseo_canonical":""},"_links":{"self":[{"href":"https:\/\/vof-news.eu\/fr\/wp-json\/wp\/v2\/posts\/245976","targetHints":{"allow":["GET"]}}],"collection":[{"href":"https:\/\/vof-news.eu\/fr\/wp-json\/wp\/v2\/posts"}],"about":[{"href":"https:\/\/vof-news.eu\/fr\/wp-json\/wp\/v2\/types\/post"}],"author":[{"embeddable":true,"href":"https:\/\/vof-news.eu\/fr\/wp-json\/wp\/v2\/users\/1"}],"replies":[{"embeddable":true,"href":"https:\/\/vof-news.eu\/fr\/wp-json\/wp\/v2\/comments?post=245976"}],"version-history":[{"count":1,"href":"https:\/\/vof-news.eu\/fr\/wp-json\/wp\/v2\/posts\/245976\/revisions"}],"predecessor-version":[{"id":245983,"href":"https:\/\/vof-news.eu\/fr\/wp-json\/wp\/v2\/posts\/245976\/revisions\/245983"}],"wp:featuredmedia":[{"embeddable":true,"href":"https:\/\/vof-news.eu\/fr\/wp-json\/wp\/v2\/media\/245977"}],"wp:attachment":[{"href":"https:\/\/vof-news.eu\/fr\/wp-json\/wp\/v2\/media?parent=245976"}],"wp:term":[{"taxonomy":"category","embeddable":true,"href":"https:\/\/vof-news.eu\/fr\/wp-json\/wp\/v2\/categories?post=245976"},{"taxonomy":"post_tag","embeddable":true,"href":"https:\/\/vof-news.eu\/fr\/wp-json\/wp\/v2\/tags?post=245976"}],"curies":[{"name":"wp","href":"https:\/\/api.w.org\/{rel}","templated":true}]}}