{"id":245853,"date":"2025-07-02T23:34:15","date_gmt":"2025-07-02T20:34:15","guid":{"rendered":"https:\/\/vof-news.eu\/plan-social-au-point-la-mise-en-place-dun-nouvel-outil-dintelligence-artificielle-aboutit-a-la-disparition-du-service-correction\/"},"modified":"2025-07-02T23:34:29","modified_gmt":"2025-07-02T20:34:29","slug":"plan-social-au-point-la-mise-en-place-dun-nouvel-outil-dintelligence-artificielle-aboutit-a-la-disparition-du-service-correction","status":"publish","type":"post","link":"https:\/\/vof-news.eu\/fr\/plan-social-au-point-la-mise-en-place-dun-nouvel-outil-dintelligence-artificielle-aboutit-a-la-disparition-du-service-correction\/","title":{"rendered":"Plan social au \u00ab\u00a0Point\u00a0\u00bb\u00a0: la mise en place d\u2019un nouvel outil d\u2019intelligence artificielle aboutit \u00e0 la disparition du service correction"},"content":{"rendered":"<article>\n<p>\u2026 Apr\u00e8s l\u2019annonce du plan de sauvegarde de l\u2019emploi (PSE), officialis\u00e9 fin avril par la direction de l\u2019hebdomadaire de droite, une quinzaine d\u2019affichettes avaient \u00e9t\u00e9 placard\u00e9es dans les locaux, le 5\u00a0juin, afin de d\u00e9noncer le plan social en cours au . Celui-ci doit aboutir \u00e0 58\u00a0suppressions de postes, dont 32 occup\u00e9s par des titulaires \u2013 sur environ 190 \u2013 et 26 par des pigistes r\u00e9guliers \u2013 sur une centaine. Parmi eux, le service de correction et de r\u00e9vision du magazine va particuli\u00e8rement faire les frais du plan social, en n\u00e9gociation jusqu\u2019au 16\u00a0juillet, qui pourrait aboutir \u00e0 18\u00a0licenciements (la totalit\u00e9 du service). En revanche, 18\u00a0postes au total seront cr\u00e9\u00e9s, dont 3\u00a0embauches de .<\/p>\n<p>Si les affiches et la fausse une ont depuis disparu, les correcteurs-r\u00e9viseurs restent partag\u00e9s entre col\u00e8re, sid\u00e9ration et incr\u00e9dulit\u00e9 \u00e0 l\u2019id\u00e9e d\u2019\u00eatre remplac\u00e9s par l\u2019intelligence artificielle. , assure une r\u00e9dactrice souhaitant conserver l\u2019anonymat.<\/p>\n<p><strong>Il vous reste 72.36% de cet article \u00e0 lire. La suite est r\u00e9serv\u00e9e aux abonn\u00e9s.<\/strong><\/p>\n<\/article>\n","protected":false},"excerpt":{"rendered":"<p>\u2026 Apr\u00e8s l\u2019annonce du plan de sauvegarde de l\u2019emploi (PSE), officialis\u00e9 fin avril par la direction de l\u2019hebdomadaire de droite, une quinzaine d\u2019affichettes avaient \u00e9t\u00e9 placard\u00e9es dans les locaux, le 5\u00a0juin, afin de d\u00e9noncer le plan social en cours au . Celui-ci doit aboutir \u00e0 58\u00a0suppressions de postes, dont 32 occup\u00e9s par des titulaires \u2013<\/p>\n","protected":false},"author":1,"featured_media":245854,"comment_status":"open","ping_status":"open","sticky":false,"template":"","format":"standard","meta":{"footnotes":""},"categories":[58],"tags":[],"class_list":["post-245853","post","type-post","status-publish","format-standard","has-post-thumbnail","hentry","category-business-fr"],"acf":[],"yoast_head":"<!-- This site is optimized with the Yoast SEO plugin v22.9 - https:\/\/yoast.com\/wordpress\/plugins\/seo\/ -->\n<title>Plan social au \u00ab\u00a0Point\u00a0\u00bb\u00a0: la mise en place d\u2019un nouvel outil d\u2019intelligence artificielle aboutit \u00e0 la disparition du service correction - vof-news.eu<\/title>\n<meta name=\"description\" content=\"\u2026 Apr\u00e8s l\u2019annonce du plan de sauvegarde de l\u2019emploi (PSE), officialis\u00e9 fin avril par la direction de l\u2019hebdomadaire de droite, une quinzaine d\u2019affichettes avaient \u00e9t\u00e9 placard\u00e9es dans les locaux, le 5\u00a0juin, afin de d\u00e9noncer le plan social en cours au . Celui-ci doit aboutir \u00e0 58\u00a0suppressions de postes, dont 32 occup\u00e9s par des titulaires \u2013 sur environ 190 \u2013 et 26 par des pigistes r\u00e9guliers \u2013 sur une centaine. Parmi eux, le service de correction et de r\u00e9vision du magazine va particuli\u00e8rement faire les frais du plan social, en n\u00e9gociation jusqu\u2019au 16\u00a0juillet, qui pourrait aboutir \u00e0 18\u00a0licenciements (la totalit\u00e9 du service). En revanche, 18\u00a0postes au total seront cr\u00e9\u00e9s, dont 3\u00a0embauches de . Si les affiches et la fausse une ont depuis disparu, les correcteurs-r\u00e9viseurs restent partag\u00e9s entre col\u00e8re, sid\u00e9ration et incr\u00e9dulit\u00e9 \u00e0 l\u2019id\u00e9e d\u2019\u00eatre remplac\u00e9s par l\u2019intelligence artificielle. , assure une r\u00e9dactrice souhaitant conserver l\u2019anonymat. Il vous reste 72.36% de cet article \u00e0 lire. La suite est r\u00e9serv\u00e9e aux abonn\u00e9s.\" \/>\n<meta name=\"robots\" content=\"noindex, follow, max-snippet:-1, max-image-preview:large, max-video-preview:-1\" \/>\n<meta property=\"og:locale\" content=\"fr_FR\" \/>\n<meta property=\"og:type\" content=\"article\" \/>\n<meta property=\"og:title\" content=\"Plan social au \u00ab\u00a0Point\u00a0\u00bb\u00a0: la mise en place d\u2019un nouvel outil d\u2019intelligence artificielle aboutit \u00e0 la disparition du service correction - vof-news.eu\" \/>\n<meta property=\"og:description\" content=\"\u2026 Apr\u00e8s l\u2019annonce du plan de sauvegarde de l\u2019emploi (PSE), officialis\u00e9 fin avril par la direction de l\u2019hebdomadaire de droite, une quinzaine d\u2019affichettes avaient \u00e9t\u00e9 placard\u00e9es dans les locaux, le 5\u00a0juin, afin de d\u00e9noncer le plan social en cours au . Celui-ci doit aboutir \u00e0 58\u00a0suppressions de postes, dont 32 occup\u00e9s par des titulaires \u2013 sur environ 190 \u2013 et 26 par des pigistes r\u00e9guliers \u2013 sur une centaine. Parmi eux, le service de correction et de r\u00e9vision du magazine va particuli\u00e8rement faire les frais du plan social, en n\u00e9gociation jusqu\u2019au 16\u00a0juillet, qui pourrait aboutir \u00e0 18\u00a0licenciements (la totalit\u00e9 du service). En revanche, 18\u00a0postes au total seront cr\u00e9\u00e9s, dont 3\u00a0embauches de . Si les affiches et la fausse une ont depuis disparu, les correcteurs-r\u00e9viseurs restent partag\u00e9s entre col\u00e8re, sid\u00e9ration et incr\u00e9dulit\u00e9 \u00e0 l\u2019id\u00e9e d\u2019\u00eatre remplac\u00e9s par l\u2019intelligence artificielle. , assure une r\u00e9dactrice souhaitant conserver l\u2019anonymat. Il vous reste 72.36% de cet article \u00e0 lire. La suite est r\u00e9serv\u00e9e aux abonn\u00e9s.\" \/>\n<meta property=\"og:url\" content=\"https:\/\/vof-news.eu\/fr\/plan-social-au-point-la-mise-en-place-dun-nouvel-outil-dintelligence-artificielle-aboutit-a-la-disparition-du-service-correction\/\" \/>\n<meta property=\"og:site_name\" content=\"vof-news.eu\" \/>\n<meta property=\"article:published_time\" content=\"2025-07-02T20:34:15+00:00\" \/>\n<meta property=\"article:modified_time\" content=\"2025-07-02T20:34:29+00:00\" \/>\n<meta property=\"og:image\" content=\"https:\/\/vof-news.eu\/wp-content\/uploads\/2025\/07\/c8bd679_upload-1-quku82jzkpop-000-15h0el.jpg\" \/>\n\t<meta property=\"og:image:width\" content=\"664\" \/>\n\t<meta property=\"og:image:height\" content=\"443\" \/>\n\t<meta property=\"og:image:type\" content=\"image\/jpeg\" \/>\n<meta name=\"author\" content=\"Author\" \/>\n<meta name=\"twitter:card\" content=\"summary_large_image\" \/>\n<meta name=\"twitter:label1\" content=\"\u00c9crit par\" \/>\n\t<meta name=\"twitter:data1\" content=\"Author\" \/>\n\t<meta name=\"twitter:label2\" content=\"Dur\u00e9e de lecture estim\u00e9e\" \/>\n\t<meta name=\"twitter:data2\" content=\"1 minute\" \/>\n<script type=\"application\/ld+json\" class=\"yoast-schema-graph\">{\"@context\":\"https:\/\/schema.org\",\"@graph\":[{\"@type\":\"WebPage\",\"@id\":\"https:\/\/vof-news.eu\/fr\/plan-social-au-point-la-mise-en-place-dun-nouvel-outil-dintelligence-artificielle-aboutit-a-la-disparition-du-service-correction\/\",\"url\":\"https:\/\/vof-news.eu\/fr\/plan-social-au-point-la-mise-en-place-dun-nouvel-outil-dintelligence-artificielle-aboutit-a-la-disparition-du-service-correction\/\",\"name\":\"Plan social au \u00ab\u00a0Point\u00a0\u00bb\u00a0: la mise en place d\u2019un nouvel outil d\u2019intelligence artificielle aboutit \u00e0 la disparition du service correction - vof-news.eu\",\"isPartOf\":{\"@id\":\"https:\/\/vof-news.eu\/fr\/#website\"},\"primaryImageOfPage\":{\"@id\":\"https:\/\/vof-news.eu\/fr\/plan-social-au-point-la-mise-en-place-dun-nouvel-outil-dintelligence-artificielle-aboutit-a-la-disparition-du-service-correction\/#primaryimage\"},\"image\":{\"@id\":\"https:\/\/vof-news.eu\/fr\/plan-social-au-point-la-mise-en-place-dun-nouvel-outil-dintelligence-artificielle-aboutit-a-la-disparition-du-service-correction\/#primaryimage\"},\"thumbnailUrl\":\"https:\/\/vof-news.eu\/wp-content\/uploads\/2025\/07\/c8bd679_upload-1-quku82jzkpop-000-15h0el.jpg\",\"datePublished\":\"2025-07-02T20:34:15+00:00\",\"dateModified\":\"2025-07-02T20:34:29+00:00\",\"author\":{\"@id\":\"https:\/\/vof-news.eu\/fr\/#\/schema\/person\/f6a2a4309f0561835797fd8c19b333ed\"},\"description\":\"\u2026 Apr\u00e8s l\u2019annonce du plan de sauvegarde de l\u2019emploi (PSE), officialis\u00e9 fin avril par la direction de l\u2019hebdomadaire de droite, une quinzaine d\u2019affichettes avaient \u00e9t\u00e9 placard\u00e9es dans les locaux, le 5\u00a0juin, afin de d\u00e9noncer le plan social en cours au . Celui-ci doit aboutir \u00e0 58\u00a0suppressions de postes, dont 32 occup\u00e9s par des titulaires \u2013 sur environ 190 \u2013 et 26 par des pigistes r\u00e9guliers \u2013 sur une centaine. Parmi eux, le service de correction et de r\u00e9vision du magazine va particuli\u00e8rement faire les frais du plan social, en n\u00e9gociation jusqu\u2019au 16\u00a0juillet, qui pourrait aboutir \u00e0 18\u00a0licenciements (la totalit\u00e9 du service). En revanche, 18\u00a0postes au total seront cr\u00e9\u00e9s, dont 3\u00a0embauches de . Si les affiches et la fausse une ont depuis disparu, les correcteurs-r\u00e9viseurs restent partag\u00e9s entre col\u00e8re, sid\u00e9ration et incr\u00e9dulit\u00e9 \u00e0 l\u2019id\u00e9e d\u2019\u00eatre remplac\u00e9s par l\u2019intelligence artificielle. , assure une r\u00e9dactrice souhaitant conserver l\u2019anonymat. Il vous reste 72.36% de cet article \u00e0 lire. La suite est r\u00e9serv\u00e9e aux abonn\u00e9s.\",\"breadcrumb\":{\"@id\":\"https:\/\/vof-news.eu\/fr\/plan-social-au-point-la-mise-en-place-dun-nouvel-outil-dintelligence-artificielle-aboutit-a-la-disparition-du-service-correction\/#breadcrumb\"},\"inLanguage\":\"fr-FR\",\"potentialAction\":[{\"@type\":\"ReadAction\",\"target\":[\"https:\/\/vof-news.eu\/fr\/plan-social-au-point-la-mise-en-place-dun-nouvel-outil-dintelligence-artificielle-aboutit-a-la-disparition-du-service-correction\/\"]}]},{\"@type\":\"ImageObject\",\"inLanguage\":\"fr-FR\",\"@id\":\"https:\/\/vof-news.eu\/fr\/plan-social-au-point-la-mise-en-place-dun-nouvel-outil-dintelligence-artificielle-aboutit-a-la-disparition-du-service-correction\/#primaryimage\",\"url\":\"https:\/\/vof-news.eu\/wp-content\/uploads\/2025\/07\/c8bd679_upload-1-quku82jzkpop-000-15h0el.jpg\",\"contentUrl\":\"https:\/\/vof-news.eu\/wp-content\/uploads\/2025\/07\/c8bd679_upload-1-quku82jzkpop-000-15h0el.jpg\",\"width\":664,\"height\":443},{\"@type\":\"BreadcrumbList\",\"@id\":\"https:\/\/vof-news.eu\/fr\/plan-social-au-point-la-mise-en-place-dun-nouvel-outil-dintelligence-artificielle-aboutit-a-la-disparition-du-service-correction\/#breadcrumb\",\"itemListElement\":[{\"@type\":\"ListItem\",\"position\":1,\"name\":\"Home\",\"item\":\"https:\/\/vof-news.eu\/fr\/\"},{\"@type\":\"ListItem\",\"position\":2,\"name\":\"Plan social au \u00ab\u00a0Point\u00a0\u00bb\u00a0: la mise en place d\u2019un nouvel outil d\u2019intelligence artificielle aboutit \u00e0 la disparition du service correction\"}]},{\"@type\":\"WebSite\",\"@id\":\"https:\/\/vof-news.eu\/fr\/#website\",\"url\":\"https:\/\/vof-news.eu\/fr\/\",\"name\":\"vof-news.eu\",\"description\":\"\",\"potentialAction\":[{\"@type\":\"SearchAction\",\"target\":{\"@type\":\"EntryPoint\",\"urlTemplate\":\"https:\/\/vof-news.eu\/fr\/?s={search_term_string}\"},\"query-input\":\"required name=search_term_string\"}],\"inLanguage\":\"fr-FR\"},{\"@type\":\"Person\",\"@id\":\"https:\/\/vof-news.eu\/fr\/#\/schema\/person\/f6a2a4309f0561835797fd8c19b333ed\",\"name\":\"Author\",\"image\":{\"@type\":\"ImageObject\",\"inLanguage\":\"fr-FR\",\"@id\":\"https:\/\/vof-news.eu\/fr\/#\/schema\/person\/image\/\",\"url\":\"https:\/\/secure.gravatar.com\/avatar\/b67e614b1b25b3e9c0c239efdd2fde5ab015b5affd6f1c3c85911ca4b384e790?s=96&d=mm&r=g\",\"contentUrl\":\"https:\/\/secure.gravatar.com\/avatar\/b67e614b1b25b3e9c0c239efdd2fde5ab015b5affd6f1c3c85911ca4b384e790?s=96&d=mm&r=g\",\"caption\":\"Author\"},\"sameAs\":[\"http:\/\/vof-news.eu\"],\"url\":\"https:\/\/vof-news.eu\/fr\/author\/zwt6qxnjulxbnyg\/\"}]}<\/script>\n<!-- \/ Yoast SEO plugin. -->","yoast_head_json":{"title":"Plan social au \u00ab\u00a0Point\u00a0\u00bb\u00a0: la mise en place d\u2019un nouvel outil d\u2019intelligence artificielle aboutit \u00e0 la disparition du service correction - vof-news.eu","description":"\u2026 Apr\u00e8s l\u2019annonce du plan de sauvegarde de l\u2019emploi (PSE), officialis\u00e9 fin avril par la direction de l\u2019hebdomadaire de droite, une quinzaine d\u2019affichettes avaient \u00e9t\u00e9 placard\u00e9es dans les locaux, le 5\u00a0juin, afin de d\u00e9noncer le plan social en cours au . Celui-ci doit aboutir \u00e0 58\u00a0suppressions de postes, dont 32 occup\u00e9s par des titulaires \u2013 sur environ 190 \u2013 et 26 par des pigistes r\u00e9guliers \u2013 sur une centaine. Parmi eux, le service de correction et de r\u00e9vision du magazine va particuli\u00e8rement faire les frais du plan social, en n\u00e9gociation jusqu\u2019au 16\u00a0juillet, qui pourrait aboutir \u00e0 18\u00a0licenciements (la totalit\u00e9 du service). En revanche, 18\u00a0postes au total seront cr\u00e9\u00e9s, dont 3\u00a0embauches de . Si les affiches et la fausse une ont depuis disparu, les correcteurs-r\u00e9viseurs restent partag\u00e9s entre col\u00e8re, sid\u00e9ration et incr\u00e9dulit\u00e9 \u00e0 l\u2019id\u00e9e d\u2019\u00eatre remplac\u00e9s par l\u2019intelligence artificielle. , assure une r\u00e9dactrice souhaitant conserver l\u2019anonymat. Il vous reste 72.36% de cet article \u00e0 lire. La suite est r\u00e9serv\u00e9e aux abonn\u00e9s.","robots":{"index":"noindex","follow":"follow","max-snippet":"max-snippet:-1","max-image-preview":"max-image-preview:large","max-video-preview":"max-video-preview:-1"},"og_locale":"fr_FR","og_type":"article","og_title":"Plan social au \u00ab\u00a0Point\u00a0\u00bb\u00a0: la mise en place d\u2019un nouvel outil d\u2019intelligence artificielle aboutit \u00e0 la disparition du service correction - vof-news.eu","og_description":"\u2026 Apr\u00e8s l\u2019annonce du plan de sauvegarde de l\u2019emploi (PSE), officialis\u00e9 fin avril par la direction de l\u2019hebdomadaire de droite, une quinzaine d\u2019affichettes avaient \u00e9t\u00e9 placard\u00e9es dans les locaux, le 5\u00a0juin, afin de d\u00e9noncer le plan social en cours au . Celui-ci doit aboutir \u00e0 58\u00a0suppressions de postes, dont 32 occup\u00e9s par des titulaires \u2013 sur environ 190 \u2013 et 26 par des pigistes r\u00e9guliers \u2013 sur une centaine. Parmi eux, le service de correction et de r\u00e9vision du magazine va particuli\u00e8rement faire les frais du plan social, en n\u00e9gociation jusqu\u2019au 16\u00a0juillet, qui pourrait aboutir \u00e0 18\u00a0licenciements (la totalit\u00e9 du service). En revanche, 18\u00a0postes au total seront cr\u00e9\u00e9s, dont 3\u00a0embauches de . Si les affiches et la fausse une ont depuis disparu, les correcteurs-r\u00e9viseurs restent partag\u00e9s entre col\u00e8re, sid\u00e9ration et incr\u00e9dulit\u00e9 \u00e0 l\u2019id\u00e9e d\u2019\u00eatre remplac\u00e9s par l\u2019intelligence artificielle. , assure une r\u00e9dactrice souhaitant conserver l\u2019anonymat. Il vous reste 72.36% de cet article \u00e0 lire. La suite est r\u00e9serv\u00e9e aux abonn\u00e9s.","og_url":"https:\/\/vof-news.eu\/fr\/plan-social-au-point-la-mise-en-place-dun-nouvel-outil-dintelligence-artificielle-aboutit-a-la-disparition-du-service-correction\/","og_site_name":"vof-news.eu","article_published_time":"2025-07-02T20:34:15+00:00","article_modified_time":"2025-07-02T20:34:29+00:00","og_image":[{"width":664,"height":443,"url":"https:\/\/vof-news.eu\/wp-content\/uploads\/2025\/07\/c8bd679_upload-1-quku82jzkpop-000-15h0el.jpg","type":"image\/jpeg"}],"author":"Author","twitter_card":"summary_large_image","twitter_misc":{"\u00c9crit par":"Author","Dur\u00e9e de lecture estim\u00e9e":"1 minute"},"schema":{"@context":"https:\/\/schema.org","@graph":[{"@type":"WebPage","@id":"https:\/\/vof-news.eu\/fr\/plan-social-au-point-la-mise-en-place-dun-nouvel-outil-dintelligence-artificielle-aboutit-a-la-disparition-du-service-correction\/","url":"https:\/\/vof-news.eu\/fr\/plan-social-au-point-la-mise-en-place-dun-nouvel-outil-dintelligence-artificielle-aboutit-a-la-disparition-du-service-correction\/","name":"Plan social au \u00ab\u00a0Point\u00a0\u00bb\u00a0: la mise en place d\u2019un nouvel outil d\u2019intelligence artificielle aboutit \u00e0 la disparition du service correction - vof-news.eu","isPartOf":{"@id":"https:\/\/vof-news.eu\/fr\/#website"},"primaryImageOfPage":{"@id":"https:\/\/vof-news.eu\/fr\/plan-social-au-point-la-mise-en-place-dun-nouvel-outil-dintelligence-artificielle-aboutit-a-la-disparition-du-service-correction\/#primaryimage"},"image":{"@id":"https:\/\/vof-news.eu\/fr\/plan-social-au-point-la-mise-en-place-dun-nouvel-outil-dintelligence-artificielle-aboutit-a-la-disparition-du-service-correction\/#primaryimage"},"thumbnailUrl":"https:\/\/vof-news.eu\/wp-content\/uploads\/2025\/07\/c8bd679_upload-1-quku82jzkpop-000-15h0el.jpg","datePublished":"2025-07-02T20:34:15+00:00","dateModified":"2025-07-02T20:34:29+00:00","author":{"@id":"https:\/\/vof-news.eu\/fr\/#\/schema\/person\/f6a2a4309f0561835797fd8c19b333ed"},"description":"\u2026 Apr\u00e8s l\u2019annonce du plan de sauvegarde de l\u2019emploi (PSE), officialis\u00e9 fin avril par la direction de l\u2019hebdomadaire de droite, une quinzaine d\u2019affichettes avaient \u00e9t\u00e9 placard\u00e9es dans les locaux, le 5\u00a0juin, afin de d\u00e9noncer le plan social en cours au . Celui-ci doit aboutir \u00e0 58\u00a0suppressions de postes, dont 32 occup\u00e9s par des titulaires \u2013 sur environ 190 \u2013 et 26 par des pigistes r\u00e9guliers \u2013 sur une centaine. Parmi eux, le service de correction et de r\u00e9vision du magazine va particuli\u00e8rement faire les frais du plan social, en n\u00e9gociation jusqu\u2019au 16\u00a0juillet, qui pourrait aboutir \u00e0 18\u00a0licenciements (la totalit\u00e9 du service). En revanche, 18\u00a0postes au total seront cr\u00e9\u00e9s, dont 3\u00a0embauches de . Si les affiches et la fausse une ont depuis disparu, les correcteurs-r\u00e9viseurs restent partag\u00e9s entre col\u00e8re, sid\u00e9ration et incr\u00e9dulit\u00e9 \u00e0 l\u2019id\u00e9e d\u2019\u00eatre remplac\u00e9s par l\u2019intelligence artificielle. , assure une r\u00e9dactrice souhaitant conserver l\u2019anonymat. Il vous reste 72.36% de cet article \u00e0 lire. La suite est r\u00e9serv\u00e9e aux abonn\u00e9s.","breadcrumb":{"@id":"https:\/\/vof-news.eu\/fr\/plan-social-au-point-la-mise-en-place-dun-nouvel-outil-dintelligence-artificielle-aboutit-a-la-disparition-du-service-correction\/#breadcrumb"},"inLanguage":"fr-FR","potentialAction":[{"@type":"ReadAction","target":["https:\/\/vof-news.eu\/fr\/plan-social-au-point-la-mise-en-place-dun-nouvel-outil-dintelligence-artificielle-aboutit-a-la-disparition-du-service-correction\/"]}]},{"@type":"ImageObject","inLanguage":"fr-FR","@id":"https:\/\/vof-news.eu\/fr\/plan-social-au-point-la-mise-en-place-dun-nouvel-outil-dintelligence-artificielle-aboutit-a-la-disparition-du-service-correction\/#primaryimage","url":"https:\/\/vof-news.eu\/wp-content\/uploads\/2025\/07\/c8bd679_upload-1-quku82jzkpop-000-15h0el.jpg","contentUrl":"https:\/\/vof-news.eu\/wp-content\/uploads\/2025\/07\/c8bd679_upload-1-quku82jzkpop-000-15h0el.jpg","width":664,"height":443},{"@type":"BreadcrumbList","@id":"https:\/\/vof-news.eu\/fr\/plan-social-au-point-la-mise-en-place-dun-nouvel-outil-dintelligence-artificielle-aboutit-a-la-disparition-du-service-correction\/#breadcrumb","itemListElement":[{"@type":"ListItem","position":1,"name":"Home","item":"https:\/\/vof-news.eu\/fr\/"},{"@type":"ListItem","position":2,"name":"Plan social au \u00ab\u00a0Point\u00a0\u00bb\u00a0: la mise en place d\u2019un nouvel outil d\u2019intelligence artificielle aboutit \u00e0 la disparition du service correction"}]},{"@type":"WebSite","@id":"https:\/\/vof-news.eu\/fr\/#website","url":"https:\/\/vof-news.eu\/fr\/","name":"vof-news.eu","description":"","potentialAction":[{"@type":"SearchAction","target":{"@type":"EntryPoint","urlTemplate":"https:\/\/vof-news.eu\/fr\/?s={search_term_string}"},"query-input":"required name=search_term_string"}],"inLanguage":"fr-FR"},{"@type":"Person","@id":"https:\/\/vof-news.eu\/fr\/#\/schema\/person\/f6a2a4309f0561835797fd8c19b333ed","name":"Author","image":{"@type":"ImageObject","inLanguage":"fr-FR","@id":"https:\/\/vof-news.eu\/fr\/#\/schema\/person\/image\/","url":"https:\/\/secure.gravatar.com\/avatar\/b67e614b1b25b3e9c0c239efdd2fde5ab015b5affd6f1c3c85911ca4b384e790?s=96&d=mm&r=g","contentUrl":"https:\/\/secure.gravatar.com\/avatar\/b67e614b1b25b3e9c0c239efdd2fde5ab015b5affd6f1c3c85911ca4b384e790?s=96&d=mm&r=g","caption":"Author"},"sameAs":["http:\/\/vof-news.eu"],"url":"https:\/\/vof-news.eu\/fr\/author\/zwt6qxnjulxbnyg\/"}]}},"yoast_meta":{"yoast_wpseo_title":"","yoast_wpseo_metadesc":"","yoast_wpseo_canonical":""},"_links":{"self":[{"href":"https:\/\/vof-news.eu\/fr\/wp-json\/wp\/v2\/posts\/245853","targetHints":{"allow":["GET"]}}],"collection":[{"href":"https:\/\/vof-news.eu\/fr\/wp-json\/wp\/v2\/posts"}],"about":[{"href":"https:\/\/vof-news.eu\/fr\/wp-json\/wp\/v2\/types\/post"}],"author":[{"embeddable":true,"href":"https:\/\/vof-news.eu\/fr\/wp-json\/wp\/v2\/users\/1"}],"replies":[{"embeddable":true,"href":"https:\/\/vof-news.eu\/fr\/wp-json\/wp\/v2\/comments?post=245853"}],"version-history":[{"count":1,"href":"https:\/\/vof-news.eu\/fr\/wp-json\/wp\/v2\/posts\/245853\/revisions"}],"predecessor-version":[{"id":245860,"href":"https:\/\/vof-news.eu\/fr\/wp-json\/wp\/v2\/posts\/245853\/revisions\/245860"}],"wp:featuredmedia":[{"embeddable":true,"href":"https:\/\/vof-news.eu\/fr\/wp-json\/wp\/v2\/media\/245854"}],"wp:attachment":[{"href":"https:\/\/vof-news.eu\/fr\/wp-json\/wp\/v2\/media?parent=245853"}],"wp:term":[{"taxonomy":"category","embeddable":true,"href":"https:\/\/vof-news.eu\/fr\/wp-json\/wp\/v2\/categories?post=245853"},{"taxonomy":"post_tag","embeddable":true,"href":"https:\/\/vof-news.eu\/fr\/wp-json\/wp\/v2\/tags?post=245853"}],"curies":[{"name":"wp","href":"https:\/\/api.w.org\/{rel}","templated":true}]}}