{"id":245845,"date":"2025-07-02T23:33:51","date_gmt":"2025-07-02T20:33:51","guid":{"rendered":"https:\/\/vof-news.eu\/automobile-menace-grave-et-imminente-sur-les-usines-dutilitaires-selon-le-patron-europe-de-stellantis\/"},"modified":"2025-07-02T23:34:02","modified_gmt":"2025-07-02T20:34:02","slug":"automobile-menace-grave-et-imminente-sur-les-usines-dutilitaires-selon-le-patron-europe-de-stellantis","status":"publish","type":"post","link":"https:\/\/vof-news.eu\/fr\/automobile-menace-grave-et-imminente-sur-les-usines-dutilitaires-selon-le-patron-europe-de-stellantis\/","title":{"rendered":"Automobile\u00a0: menace grave et imminente sur les usines d\u2019utilitaires selon le patron Europe de Stellantis"},"content":{"rendered":"<article>\n<p>En marge d\u2019une visite des cha\u00eenes de production de v\u00e9hicules utilitaires de l\u2019usine Stellantis d\u2019Hordain (Nord), mercredi 2\u00a0juillet, Jean-Philippe Imparato, directeur de \u00ab\u00a0l\u2019Europe \u00e9largie\u00a0\u00bb du constructeur aux 14\u00a0marques, n\u2019y va pas par quatre chemins. Si la commission europ\u00e9enne n\u2019assouplit pas de toute urgence sa r\u00e9glementation sur la r\u00e9duction des \u00e9missions de CO\u2082 qui impose une part de 20\u00a0% de v\u00e9hicules \u00e9lectriques d\u2019ici la fin 2025 dans les ventes d\u2019utilitaires, \u00e7a ne sera plus rattrapable. Le pourcentage d\u2019utilitaires \u00e9lectriques achet\u00e9s est actuellement de 9\u00a0%. Tr\u00e8s loin du compte, donc.<\/p>\n<p>M.\u00a0Imparato, nomm\u00e9 r\u00e9cemment \u00e0 son poste actuel par Antonio Filosa, le nouveau directeur g\u00e9n\u00e9ral du groupe Stellantis, chiffre \u00e0 2,6\u00a0milliards d\u2019euros sur trois ans, le montant des p\u00e9nalit\u00e9s que le constructeur aurait \u00e0 d\u00e9bourser pour ne pas atteindre ces objectifs. Et, pour lui, Bruxelles doit reculer l\u2019\u00e9ch\u00e9ance. Ici, \u00e0 Hordain o\u00f9 travaillent 2\u00a0600 salari\u00e9s en trois \u00e9quipes, le prix \u00e0 payer\u00a0pourrait aller jusqu\u2019\u00e0 la suppression d\u2019une de ces trois \u00e9quipes. Une saign\u00e9e. L\u2019urgence, il la qualifie d\u2019<\/p>\n<p><strong>Il vous reste 69.63% de cet article \u00e0 lire. La suite est r\u00e9serv\u00e9e aux abonn\u00e9s.<\/strong><\/p>\n<\/article>\n","protected":false},"excerpt":{"rendered":"<p>En marge d\u2019une visite des cha\u00eenes de production de v\u00e9hicules utilitaires de l\u2019usine Stellantis d\u2019Hordain (Nord), mercredi 2\u00a0juillet, Jean-Philippe Imparato, directeur de \u00ab\u00a0l\u2019Europe \u00e9largie\u00a0\u00bb du constructeur aux 14\u00a0marques, n\u2019y va pas par quatre chemins. Si la commission europ\u00e9enne n\u2019assouplit pas de toute urgence sa r\u00e9glementation sur la r\u00e9duction des \u00e9missions de CO\u2082 qui impose une<\/p>\n","protected":false},"author":1,"featured_media":245846,"comment_status":"open","ping_status":"open","sticky":false,"template":"","format":"standard","meta":{"footnotes":""},"categories":[58],"tags":[],"class_list":["post-245845","post","type-post","status-publish","format-standard","has-post-thumbnail","hentry","category-business-fr"],"acf":[],"yoast_head":"<!-- This site is optimized with the Yoast SEO plugin v22.9 - https:\/\/yoast.com\/wordpress\/plugins\/seo\/ -->\n<title>Automobile\u00a0: menace grave et imminente sur les usines d\u2019utilitaires selon le patron Europe de Stellantis - vof-news.eu<\/title>\n<meta name=\"description\" content=\"En marge d\u2019une visite des cha\u00eenes de production de v\u00e9hicules utilitaires de l\u2019usine Stellantis d\u2019Hordain (Nord), mercredi 2\u00a0juillet, Jean-Philippe Imparato, directeur de \u00ab\u00a0l\u2019Europe \u00e9largie\u00a0\u00bb du constructeur aux 14\u00a0marques, n\u2019y va pas par quatre chemins. Si la commission europ\u00e9enne n\u2019assouplit pas de toute urgence sa r\u00e9glementation sur la r\u00e9duction des \u00e9missions de CO\u2082 qui impose une part de 20\u00a0% de v\u00e9hicules \u00e9lectriques d\u2019ici la fin 2025 dans les ventes d\u2019utilitaires, \u00e7a ne sera plus rattrapable. Le pourcentage d\u2019utilitaires \u00e9lectriques achet\u00e9s est actuellement de 9\u00a0%. Tr\u00e8s loin du compte, donc. M.\u00a0Imparato, nomm\u00e9 r\u00e9cemment \u00e0 son poste actuel par Antonio Filosa, le nouveau directeur g\u00e9n\u00e9ral du groupe Stellantis, chiffre \u00e0 2,6\u00a0milliards d\u2019euros sur trois ans, le montant des p\u00e9nalit\u00e9s que le constructeur aurait \u00e0 d\u00e9bourser pour ne pas atteindre ces objectifs. Et, pour lui, Bruxelles doit reculer l\u2019\u00e9ch\u00e9ance. Ici, \u00e0 Hordain o\u00f9 travaillent 2\u00a0600 salari\u00e9s en trois \u00e9quipes, le prix \u00e0 payer\u00a0pourrait aller jusqu\u2019\u00e0 la suppression d\u2019une de ces trois \u00e9quipes. Une saign\u00e9e. L\u2019urgence, il la qualifie d\u2019 Il vous reste 69.63% de cet article \u00e0 lire. La suite est r\u00e9serv\u00e9e aux abonn\u00e9s.\" \/>\n<meta name=\"robots\" content=\"noindex, follow, max-snippet:-1, max-image-preview:large, max-video-preview:-1\" \/>\n<meta property=\"og:locale\" content=\"fr_FR\" \/>\n<meta property=\"og:type\" content=\"article\" \/>\n<meta property=\"og:title\" content=\"Automobile\u00a0: menace grave et imminente sur les usines d\u2019utilitaires selon le patron Europe de Stellantis - vof-news.eu\" \/>\n<meta property=\"og:description\" content=\"En marge d\u2019une visite des cha\u00eenes de production de v\u00e9hicules utilitaires de l\u2019usine Stellantis d\u2019Hordain (Nord), mercredi 2\u00a0juillet, Jean-Philippe Imparato, directeur de \u00ab\u00a0l\u2019Europe \u00e9largie\u00a0\u00bb du constructeur aux 14\u00a0marques, n\u2019y va pas par quatre chemins. Si la commission europ\u00e9enne n\u2019assouplit pas de toute urgence sa r\u00e9glementation sur la r\u00e9duction des \u00e9missions de CO\u2082 qui impose une part de 20\u00a0% de v\u00e9hicules \u00e9lectriques d\u2019ici la fin 2025 dans les ventes d\u2019utilitaires, \u00e7a ne sera plus rattrapable. Le pourcentage d\u2019utilitaires \u00e9lectriques achet\u00e9s est actuellement de 9\u00a0%. Tr\u00e8s loin du compte, donc. M.\u00a0Imparato, nomm\u00e9 r\u00e9cemment \u00e0 son poste actuel par Antonio Filosa, le nouveau directeur g\u00e9n\u00e9ral du groupe Stellantis, chiffre \u00e0 2,6\u00a0milliards d\u2019euros sur trois ans, le montant des p\u00e9nalit\u00e9s que le constructeur aurait \u00e0 d\u00e9bourser pour ne pas atteindre ces objectifs. Et, pour lui, Bruxelles doit reculer l\u2019\u00e9ch\u00e9ance. Ici, \u00e0 Hordain o\u00f9 travaillent 2\u00a0600 salari\u00e9s en trois \u00e9quipes, le prix \u00e0 payer\u00a0pourrait aller jusqu\u2019\u00e0 la suppression d\u2019une de ces trois \u00e9quipes. Une saign\u00e9e. L\u2019urgence, il la qualifie d\u2019 Il vous reste 69.63% de cet article \u00e0 lire. La suite est r\u00e9serv\u00e9e aux abonn\u00e9s.\" \/>\n<meta property=\"og:url\" content=\"https:\/\/vof-news.eu\/fr\/automobile-menace-grave-et-imminente-sur-les-usines-dutilitaires-selon-le-patron-europe-de-stellantis\/\" \/>\n<meta property=\"og:site_name\" content=\"vof-news.eu\" \/>\n<meta property=\"article:published_time\" content=\"2025-07-02T20:33:51+00:00\" \/>\n<meta property=\"article:modified_time\" content=\"2025-07-02T20:34:02+00:00\" \/>\n<meta property=\"og:image\" content=\"https:\/\/vof-news.eu\/wp-content\/uploads\/2025\/07\/ca34acd_upload-1-pshfpaydncfl-000-32ma6k8.jpg\" \/>\n\t<meta property=\"og:image:width\" content=\"664\" \/>\n\t<meta property=\"og:image:height\" content=\"443\" \/>\n\t<meta property=\"og:image:type\" content=\"image\/jpeg\" \/>\n<meta name=\"author\" content=\"Author\" \/>\n<meta name=\"twitter:card\" content=\"summary_large_image\" \/>\n<meta name=\"twitter:label1\" content=\"\u00c9crit par\" \/>\n\t<meta name=\"twitter:data1\" content=\"Author\" \/>\n\t<meta name=\"twitter:label2\" content=\"Dur\u00e9e de lecture estim\u00e9e\" \/>\n\t<meta name=\"twitter:data2\" content=\"1 minute\" \/>\n<script type=\"application\/ld+json\" class=\"yoast-schema-graph\">{\"@context\":\"https:\/\/schema.org\",\"@graph\":[{\"@type\":\"WebPage\",\"@id\":\"https:\/\/vof-news.eu\/fr\/automobile-menace-grave-et-imminente-sur-les-usines-dutilitaires-selon-le-patron-europe-de-stellantis\/\",\"url\":\"https:\/\/vof-news.eu\/fr\/automobile-menace-grave-et-imminente-sur-les-usines-dutilitaires-selon-le-patron-europe-de-stellantis\/\",\"name\":\"Automobile\u00a0: menace grave et imminente sur les usines d\u2019utilitaires selon le patron Europe de Stellantis - vof-news.eu\",\"isPartOf\":{\"@id\":\"https:\/\/vof-news.eu\/fr\/#website\"},\"primaryImageOfPage\":{\"@id\":\"https:\/\/vof-news.eu\/fr\/automobile-menace-grave-et-imminente-sur-les-usines-dutilitaires-selon-le-patron-europe-de-stellantis\/#primaryimage\"},\"image\":{\"@id\":\"https:\/\/vof-news.eu\/fr\/automobile-menace-grave-et-imminente-sur-les-usines-dutilitaires-selon-le-patron-europe-de-stellantis\/#primaryimage\"},\"thumbnailUrl\":\"https:\/\/vof-news.eu\/wp-content\/uploads\/2025\/07\/ca34acd_upload-1-pshfpaydncfl-000-32ma6k8.jpg\",\"datePublished\":\"2025-07-02T20:33:51+00:00\",\"dateModified\":\"2025-07-02T20:34:02+00:00\",\"author\":{\"@id\":\"https:\/\/vof-news.eu\/fr\/#\/schema\/person\/f6a2a4309f0561835797fd8c19b333ed\"},\"description\":\"En marge d\u2019une visite des cha\u00eenes de production de v\u00e9hicules utilitaires de l\u2019usine Stellantis d\u2019Hordain (Nord), mercredi 2\u00a0juillet, Jean-Philippe Imparato, directeur de \u00ab\u00a0l\u2019Europe \u00e9largie\u00a0\u00bb du constructeur aux 14\u00a0marques, n\u2019y va pas par quatre chemins. Si la commission europ\u00e9enne n\u2019assouplit pas de toute urgence sa r\u00e9glementation sur la r\u00e9duction des \u00e9missions de CO\u2082 qui impose une part de 20\u00a0% de v\u00e9hicules \u00e9lectriques d\u2019ici la fin 2025 dans les ventes d\u2019utilitaires, \u00e7a ne sera plus rattrapable. Le pourcentage d\u2019utilitaires \u00e9lectriques achet\u00e9s est actuellement de 9\u00a0%. Tr\u00e8s loin du compte, donc. M.\u00a0Imparato, nomm\u00e9 r\u00e9cemment \u00e0 son poste actuel par Antonio Filosa, le nouveau directeur g\u00e9n\u00e9ral du groupe Stellantis, chiffre \u00e0 2,6\u00a0milliards d\u2019euros sur trois ans, le montant des p\u00e9nalit\u00e9s que le constructeur aurait \u00e0 d\u00e9bourser pour ne pas atteindre ces objectifs. Et, pour lui, Bruxelles doit reculer l\u2019\u00e9ch\u00e9ance. Ici, \u00e0 Hordain o\u00f9 travaillent 2\u00a0600 salari\u00e9s en trois \u00e9quipes, le prix \u00e0 payer\u00a0pourrait aller jusqu\u2019\u00e0 la suppression d\u2019une de ces trois \u00e9quipes. Une saign\u00e9e. L\u2019urgence, il la qualifie d\u2019 Il vous reste 69.63% de cet article \u00e0 lire. La suite est r\u00e9serv\u00e9e aux abonn\u00e9s.\",\"breadcrumb\":{\"@id\":\"https:\/\/vof-news.eu\/fr\/automobile-menace-grave-et-imminente-sur-les-usines-dutilitaires-selon-le-patron-europe-de-stellantis\/#breadcrumb\"},\"inLanguage\":\"fr-FR\",\"potentialAction\":[{\"@type\":\"ReadAction\",\"target\":[\"https:\/\/vof-news.eu\/fr\/automobile-menace-grave-et-imminente-sur-les-usines-dutilitaires-selon-le-patron-europe-de-stellantis\/\"]}]},{\"@type\":\"ImageObject\",\"inLanguage\":\"fr-FR\",\"@id\":\"https:\/\/vof-news.eu\/fr\/automobile-menace-grave-et-imminente-sur-les-usines-dutilitaires-selon-le-patron-europe-de-stellantis\/#primaryimage\",\"url\":\"https:\/\/vof-news.eu\/wp-content\/uploads\/2025\/07\/ca34acd_upload-1-pshfpaydncfl-000-32ma6k8.jpg\",\"contentUrl\":\"https:\/\/vof-news.eu\/wp-content\/uploads\/2025\/07\/ca34acd_upload-1-pshfpaydncfl-000-32ma6k8.jpg\",\"width\":664,\"height\":443},{\"@type\":\"BreadcrumbList\",\"@id\":\"https:\/\/vof-news.eu\/fr\/automobile-menace-grave-et-imminente-sur-les-usines-dutilitaires-selon-le-patron-europe-de-stellantis\/#breadcrumb\",\"itemListElement\":[{\"@type\":\"ListItem\",\"position\":1,\"name\":\"Home\",\"item\":\"https:\/\/vof-news.eu\/fr\/\"},{\"@type\":\"ListItem\",\"position\":2,\"name\":\"Automobile\u00a0: menace grave et imminente sur les usines d\u2019utilitaires selon le patron Europe de Stellantis\"}]},{\"@type\":\"WebSite\",\"@id\":\"https:\/\/vof-news.eu\/fr\/#website\",\"url\":\"https:\/\/vof-news.eu\/fr\/\",\"name\":\"vof-news.eu\",\"description\":\"\",\"potentialAction\":[{\"@type\":\"SearchAction\",\"target\":{\"@type\":\"EntryPoint\",\"urlTemplate\":\"https:\/\/vof-news.eu\/fr\/?s={search_term_string}\"},\"query-input\":\"required name=search_term_string\"}],\"inLanguage\":\"fr-FR\"},{\"@type\":\"Person\",\"@id\":\"https:\/\/vof-news.eu\/fr\/#\/schema\/person\/f6a2a4309f0561835797fd8c19b333ed\",\"name\":\"Author\",\"image\":{\"@type\":\"ImageObject\",\"inLanguage\":\"fr-FR\",\"@id\":\"https:\/\/vof-news.eu\/fr\/#\/schema\/person\/image\/\",\"url\":\"https:\/\/secure.gravatar.com\/avatar\/b67e614b1b25b3e9c0c239efdd2fde5ab015b5affd6f1c3c85911ca4b384e790?s=96&d=mm&r=g\",\"contentUrl\":\"https:\/\/secure.gravatar.com\/avatar\/b67e614b1b25b3e9c0c239efdd2fde5ab015b5affd6f1c3c85911ca4b384e790?s=96&d=mm&r=g\",\"caption\":\"Author\"},\"sameAs\":[\"http:\/\/vof-news.eu\"],\"url\":\"https:\/\/vof-news.eu\/fr\/author\/zwt6qxnjulxbnyg\/\"}]}<\/script>\n<!-- \/ Yoast SEO plugin. -->","yoast_head_json":{"title":"Automobile\u00a0: menace grave et imminente sur les usines d\u2019utilitaires selon le patron Europe de Stellantis - vof-news.eu","description":"En marge d\u2019une visite des cha\u00eenes de production de v\u00e9hicules utilitaires de l\u2019usine Stellantis d\u2019Hordain (Nord), mercredi 2\u00a0juillet, Jean-Philippe Imparato, directeur de \u00ab\u00a0l\u2019Europe \u00e9largie\u00a0\u00bb du constructeur aux 14\u00a0marques, n\u2019y va pas par quatre chemins. Si la commission europ\u00e9enne n\u2019assouplit pas de toute urgence sa r\u00e9glementation sur la r\u00e9duction des \u00e9missions de CO\u2082 qui impose une part de 20\u00a0% de v\u00e9hicules \u00e9lectriques d\u2019ici la fin 2025 dans les ventes d\u2019utilitaires, \u00e7a ne sera plus rattrapable. Le pourcentage d\u2019utilitaires \u00e9lectriques achet\u00e9s est actuellement de 9\u00a0%. Tr\u00e8s loin du compte, donc. M.\u00a0Imparato, nomm\u00e9 r\u00e9cemment \u00e0 son poste actuel par Antonio Filosa, le nouveau directeur g\u00e9n\u00e9ral du groupe Stellantis, chiffre \u00e0 2,6\u00a0milliards d\u2019euros sur trois ans, le montant des p\u00e9nalit\u00e9s que le constructeur aurait \u00e0 d\u00e9bourser pour ne pas atteindre ces objectifs. Et, pour lui, Bruxelles doit reculer l\u2019\u00e9ch\u00e9ance. Ici, \u00e0 Hordain o\u00f9 travaillent 2\u00a0600 salari\u00e9s en trois \u00e9quipes, le prix \u00e0 payer\u00a0pourrait aller jusqu\u2019\u00e0 la suppression d\u2019une de ces trois \u00e9quipes. Une saign\u00e9e. L\u2019urgence, il la qualifie d\u2019 Il vous reste 69.63% de cet article \u00e0 lire. La suite est r\u00e9serv\u00e9e aux abonn\u00e9s.","robots":{"index":"noindex","follow":"follow","max-snippet":"max-snippet:-1","max-image-preview":"max-image-preview:large","max-video-preview":"max-video-preview:-1"},"og_locale":"fr_FR","og_type":"article","og_title":"Automobile\u00a0: menace grave et imminente sur les usines d\u2019utilitaires selon le patron Europe de Stellantis - vof-news.eu","og_description":"En marge d\u2019une visite des cha\u00eenes de production de v\u00e9hicules utilitaires de l\u2019usine Stellantis d\u2019Hordain (Nord), mercredi 2\u00a0juillet, Jean-Philippe Imparato, directeur de \u00ab\u00a0l\u2019Europe \u00e9largie\u00a0\u00bb du constructeur aux 14\u00a0marques, n\u2019y va pas par quatre chemins. Si la commission europ\u00e9enne n\u2019assouplit pas de toute urgence sa r\u00e9glementation sur la r\u00e9duction des \u00e9missions de CO\u2082 qui impose une part de 20\u00a0% de v\u00e9hicules \u00e9lectriques d\u2019ici la fin 2025 dans les ventes d\u2019utilitaires, \u00e7a ne sera plus rattrapable. Le pourcentage d\u2019utilitaires \u00e9lectriques achet\u00e9s est actuellement de 9\u00a0%. Tr\u00e8s loin du compte, donc. M.\u00a0Imparato, nomm\u00e9 r\u00e9cemment \u00e0 son poste actuel par Antonio Filosa, le nouveau directeur g\u00e9n\u00e9ral du groupe Stellantis, chiffre \u00e0 2,6\u00a0milliards d\u2019euros sur trois ans, le montant des p\u00e9nalit\u00e9s que le constructeur aurait \u00e0 d\u00e9bourser pour ne pas atteindre ces objectifs. Et, pour lui, Bruxelles doit reculer l\u2019\u00e9ch\u00e9ance. Ici, \u00e0 Hordain o\u00f9 travaillent 2\u00a0600 salari\u00e9s en trois \u00e9quipes, le prix \u00e0 payer\u00a0pourrait aller jusqu\u2019\u00e0 la suppression d\u2019une de ces trois \u00e9quipes. Une saign\u00e9e. L\u2019urgence, il la qualifie d\u2019 Il vous reste 69.63% de cet article \u00e0 lire. La suite est r\u00e9serv\u00e9e aux abonn\u00e9s.","og_url":"https:\/\/vof-news.eu\/fr\/automobile-menace-grave-et-imminente-sur-les-usines-dutilitaires-selon-le-patron-europe-de-stellantis\/","og_site_name":"vof-news.eu","article_published_time":"2025-07-02T20:33:51+00:00","article_modified_time":"2025-07-02T20:34:02+00:00","og_image":[{"width":664,"height":443,"url":"https:\/\/vof-news.eu\/wp-content\/uploads\/2025\/07\/ca34acd_upload-1-pshfpaydncfl-000-32ma6k8.jpg","type":"image\/jpeg"}],"author":"Author","twitter_card":"summary_large_image","twitter_misc":{"\u00c9crit par":"Author","Dur\u00e9e de lecture estim\u00e9e":"1 minute"},"schema":{"@context":"https:\/\/schema.org","@graph":[{"@type":"WebPage","@id":"https:\/\/vof-news.eu\/fr\/automobile-menace-grave-et-imminente-sur-les-usines-dutilitaires-selon-le-patron-europe-de-stellantis\/","url":"https:\/\/vof-news.eu\/fr\/automobile-menace-grave-et-imminente-sur-les-usines-dutilitaires-selon-le-patron-europe-de-stellantis\/","name":"Automobile\u00a0: menace grave et imminente sur les usines d\u2019utilitaires selon le patron Europe de Stellantis - vof-news.eu","isPartOf":{"@id":"https:\/\/vof-news.eu\/fr\/#website"},"primaryImageOfPage":{"@id":"https:\/\/vof-news.eu\/fr\/automobile-menace-grave-et-imminente-sur-les-usines-dutilitaires-selon-le-patron-europe-de-stellantis\/#primaryimage"},"image":{"@id":"https:\/\/vof-news.eu\/fr\/automobile-menace-grave-et-imminente-sur-les-usines-dutilitaires-selon-le-patron-europe-de-stellantis\/#primaryimage"},"thumbnailUrl":"https:\/\/vof-news.eu\/wp-content\/uploads\/2025\/07\/ca34acd_upload-1-pshfpaydncfl-000-32ma6k8.jpg","datePublished":"2025-07-02T20:33:51+00:00","dateModified":"2025-07-02T20:34:02+00:00","author":{"@id":"https:\/\/vof-news.eu\/fr\/#\/schema\/person\/f6a2a4309f0561835797fd8c19b333ed"},"description":"En marge d\u2019une visite des cha\u00eenes de production de v\u00e9hicules utilitaires de l\u2019usine Stellantis d\u2019Hordain (Nord), mercredi 2\u00a0juillet, Jean-Philippe Imparato, directeur de \u00ab\u00a0l\u2019Europe \u00e9largie\u00a0\u00bb du constructeur aux 14\u00a0marques, n\u2019y va pas par quatre chemins. Si la commission europ\u00e9enne n\u2019assouplit pas de toute urgence sa r\u00e9glementation sur la r\u00e9duction des \u00e9missions de CO\u2082 qui impose une part de 20\u00a0% de v\u00e9hicules \u00e9lectriques d\u2019ici la fin 2025 dans les ventes d\u2019utilitaires, \u00e7a ne sera plus rattrapable. Le pourcentage d\u2019utilitaires \u00e9lectriques achet\u00e9s est actuellement de 9\u00a0%. Tr\u00e8s loin du compte, donc. M.\u00a0Imparato, nomm\u00e9 r\u00e9cemment \u00e0 son poste actuel par Antonio Filosa, le nouveau directeur g\u00e9n\u00e9ral du groupe Stellantis, chiffre \u00e0 2,6\u00a0milliards d\u2019euros sur trois ans, le montant des p\u00e9nalit\u00e9s que le constructeur aurait \u00e0 d\u00e9bourser pour ne pas atteindre ces objectifs. Et, pour lui, Bruxelles doit reculer l\u2019\u00e9ch\u00e9ance. Ici, \u00e0 Hordain o\u00f9 travaillent 2\u00a0600 salari\u00e9s en trois \u00e9quipes, le prix \u00e0 payer\u00a0pourrait aller jusqu\u2019\u00e0 la suppression d\u2019une de ces trois \u00e9quipes. Une saign\u00e9e. L\u2019urgence, il la qualifie d\u2019 Il vous reste 69.63% de cet article \u00e0 lire. La suite est r\u00e9serv\u00e9e aux abonn\u00e9s.","breadcrumb":{"@id":"https:\/\/vof-news.eu\/fr\/automobile-menace-grave-et-imminente-sur-les-usines-dutilitaires-selon-le-patron-europe-de-stellantis\/#breadcrumb"},"inLanguage":"fr-FR","potentialAction":[{"@type":"ReadAction","target":["https:\/\/vof-news.eu\/fr\/automobile-menace-grave-et-imminente-sur-les-usines-dutilitaires-selon-le-patron-europe-de-stellantis\/"]}]},{"@type":"ImageObject","inLanguage":"fr-FR","@id":"https:\/\/vof-news.eu\/fr\/automobile-menace-grave-et-imminente-sur-les-usines-dutilitaires-selon-le-patron-europe-de-stellantis\/#primaryimage","url":"https:\/\/vof-news.eu\/wp-content\/uploads\/2025\/07\/ca34acd_upload-1-pshfpaydncfl-000-32ma6k8.jpg","contentUrl":"https:\/\/vof-news.eu\/wp-content\/uploads\/2025\/07\/ca34acd_upload-1-pshfpaydncfl-000-32ma6k8.jpg","width":664,"height":443},{"@type":"BreadcrumbList","@id":"https:\/\/vof-news.eu\/fr\/automobile-menace-grave-et-imminente-sur-les-usines-dutilitaires-selon-le-patron-europe-de-stellantis\/#breadcrumb","itemListElement":[{"@type":"ListItem","position":1,"name":"Home","item":"https:\/\/vof-news.eu\/fr\/"},{"@type":"ListItem","position":2,"name":"Automobile\u00a0: menace grave et imminente sur les usines d\u2019utilitaires selon le patron Europe de Stellantis"}]},{"@type":"WebSite","@id":"https:\/\/vof-news.eu\/fr\/#website","url":"https:\/\/vof-news.eu\/fr\/","name":"vof-news.eu","description":"","potentialAction":[{"@type":"SearchAction","target":{"@type":"EntryPoint","urlTemplate":"https:\/\/vof-news.eu\/fr\/?s={search_term_string}"},"query-input":"required name=search_term_string"}],"inLanguage":"fr-FR"},{"@type":"Person","@id":"https:\/\/vof-news.eu\/fr\/#\/schema\/person\/f6a2a4309f0561835797fd8c19b333ed","name":"Author","image":{"@type":"ImageObject","inLanguage":"fr-FR","@id":"https:\/\/vof-news.eu\/fr\/#\/schema\/person\/image\/","url":"https:\/\/secure.gravatar.com\/avatar\/b67e614b1b25b3e9c0c239efdd2fde5ab015b5affd6f1c3c85911ca4b384e790?s=96&d=mm&r=g","contentUrl":"https:\/\/secure.gravatar.com\/avatar\/b67e614b1b25b3e9c0c239efdd2fde5ab015b5affd6f1c3c85911ca4b384e790?s=96&d=mm&r=g","caption":"Author"},"sameAs":["http:\/\/vof-news.eu"],"url":"https:\/\/vof-news.eu\/fr\/author\/zwt6qxnjulxbnyg\/"}]}},"yoast_meta":{"yoast_wpseo_title":"","yoast_wpseo_metadesc":"","yoast_wpseo_canonical":""},"_links":{"self":[{"href":"https:\/\/vof-news.eu\/fr\/wp-json\/wp\/v2\/posts\/245845","targetHints":{"allow":["GET"]}}],"collection":[{"href":"https:\/\/vof-news.eu\/fr\/wp-json\/wp\/v2\/posts"}],"about":[{"href":"https:\/\/vof-news.eu\/fr\/wp-json\/wp\/v2\/types\/post"}],"author":[{"embeddable":true,"href":"https:\/\/vof-news.eu\/fr\/wp-json\/wp\/v2\/users\/1"}],"replies":[{"embeddable":true,"href":"https:\/\/vof-news.eu\/fr\/wp-json\/wp\/v2\/comments?post=245845"}],"version-history":[{"count":1,"href":"https:\/\/vof-news.eu\/fr\/wp-json\/wp\/v2\/posts\/245845\/revisions"}],"predecessor-version":[{"id":245852,"href":"https:\/\/vof-news.eu\/fr\/wp-json\/wp\/v2\/posts\/245845\/revisions\/245852"}],"wp:featuredmedia":[{"embeddable":true,"href":"https:\/\/vof-news.eu\/fr\/wp-json\/wp\/v2\/media\/245846"}],"wp:attachment":[{"href":"https:\/\/vof-news.eu\/fr\/wp-json\/wp\/v2\/media?parent=245845"}],"wp:term":[{"taxonomy":"category","embeddable":true,"href":"https:\/\/vof-news.eu\/fr\/wp-json\/wp\/v2\/categories?post=245845"},{"taxonomy":"post_tag","embeddable":true,"href":"https:\/\/vof-news.eu\/fr\/wp-json\/wp\/v2\/tags?post=245845"}],"curies":[{"name":"wp","href":"https:\/\/api.w.org\/{rel}","templated":true}]}}