{"id":245829,"date":"2025-07-02T23:32:27","date_gmt":"2025-07-02T20:32:27","guid":{"rendered":"https:\/\/vof-news.eu\/presidentielle-2027-le-front-populaire-lance-une-primaire-qui-ne-dit-pas-son-nom\/"},"modified":"2025-07-02T23:32:41","modified_gmt":"2025-07-02T20:32:41","slug":"presidentielle-2027-le-front-populaire-lance-une-primaire-qui-ne-dit-pas-son-nom","status":"publish","type":"post","link":"https:\/\/vof-news.eu\/fr\/presidentielle-2027-le-front-populaire-lance-une-primaire-qui-ne-dit-pas-son-nom\/","title":{"rendered":"Pr\u00e9sidentielle 2027\u00a0: le \u00ab\u00a0Front populaire\u00a0\u00bb lance une primaire qui ne dit pas son nom"},"content":{"rendered":"<article>\n<p>On prend les m\u00eames, ou presque, et on recommence\u2026 Un peu plus d\u2019an apr\u00e8s la naissance du Nouveau Front populaire (NFP), les huiles des partis de gauche et \u00e9cologiste se sont r\u00e9unies ce mercredi 2\u00a0juillet \u00e0 Bagneux (Hauts-de-Seine). Un rendez-vous \u2013 sans La France insoumise, ni Place publique, ni le Parti communiste \u2013 organis\u00e9 \u00e0 l\u2019initiative de Lucie Castets, candidate du NFP pour Matignon en\u00a02024\u00a0devenue depuis la Don Quichotte de l\u2019union de la gauche. Autour d\u2019elle, une vingtaine de responsables socialistes, \u00e9cologistes ou ex-insoumis, parmi lesquels Olivier Faure, Marine Tondelier, Cl\u00e9mentine Autain et Fran\u00e7ois Ruffin. Autant de candidats putatifs \u00e0 l\u2019\u00e9lection pr\u00e9sidentielle de 2027.<\/p>\n<p>Une journ\u00e9e comme, veut croire la socialiste Johanna Rolland, maire de Nantes et proche du premier secr\u00e9taire du PS.  explique-t-elle. <\/p>\n<p><strong>Il vous reste 79.38% de cet article \u00e0 lire. La suite est r\u00e9serv\u00e9e aux abonn\u00e9s.<\/strong><\/p>\n<\/article>\n","protected":false},"excerpt":{"rendered":"<p>On prend les m\u00eames, ou presque, et on recommence\u2026 Un peu plus d\u2019an apr\u00e8s la naissance du Nouveau Front populaire (NFP), les huiles des partis de gauche et \u00e9cologiste se sont r\u00e9unies ce mercredi 2\u00a0juillet \u00e0 Bagneux (Hauts-de-Seine). Un rendez-vous \u2013 sans La France insoumise, ni Place publique, ni le Parti communiste \u2013 organis\u00e9 \u00e0<\/p>\n","protected":false},"author":1,"featured_media":245830,"comment_status":"open","ping_status":"open","sticky":false,"template":"","format":"standard","meta":{"footnotes":""},"categories":[68],"tags":[],"class_list":["post-245829","post","type-post","status-publish","format-standard","has-post-thumbnail","hentry","category-politics-fr"],"acf":[],"yoast_head":"<!-- This site is optimized with the Yoast SEO plugin v22.9 - https:\/\/yoast.com\/wordpress\/plugins\/seo\/ -->\n<title>Pr\u00e9sidentielle 2027\u00a0: le \u00ab\u00a0Front populaire\u00a0\u00bb lance une primaire qui ne dit pas son nom - vof-news.eu<\/title>\n<meta name=\"description\" content=\"On prend les m\u00eames, ou presque, et on recommence\u2026 Un peu plus d\u2019an apr\u00e8s la naissance du Nouveau Front populaire (NFP), les huiles des partis de gauche et \u00e9cologiste se sont r\u00e9unies ce mercredi 2\u00a0juillet \u00e0 Bagneux (Hauts-de-Seine). Un rendez-vous \u2013 sans La France insoumise, ni Place publique, ni le Parti communiste \u2013 organis\u00e9 \u00e0 l\u2019initiative de Lucie Castets, candidate du NFP pour Matignon en\u00a02024\u00a0devenue depuis la Don Quichotte de l\u2019union de la gauche. Autour d\u2019elle, une vingtaine de responsables socialistes, \u00e9cologistes ou ex-insoumis, parmi lesquels Olivier Faure, Marine Tondelier, Cl\u00e9mentine Autain et Fran\u00e7ois Ruffin. Autant de candidats putatifs \u00e0 l\u2019\u00e9lection pr\u00e9sidentielle de 2027. Une journ\u00e9e comme, veut croire la socialiste Johanna Rolland, maire de Nantes et proche du premier secr\u00e9taire du PS. explique-t-elle. Il vous reste 79.38% de cet article \u00e0 lire. La suite est r\u00e9serv\u00e9e aux abonn\u00e9s.\" \/>\n<meta name=\"robots\" content=\"noindex, follow, max-snippet:-1, max-image-preview:large, max-video-preview:-1\" \/>\n<meta property=\"og:locale\" content=\"fr_FR\" \/>\n<meta property=\"og:type\" content=\"article\" \/>\n<meta property=\"og:title\" content=\"Pr\u00e9sidentielle 2027\u00a0: le \u00ab\u00a0Front populaire\u00a0\u00bb lance une primaire qui ne dit pas son nom - vof-news.eu\" \/>\n<meta property=\"og:description\" content=\"On prend les m\u00eames, ou presque, et on recommence\u2026 Un peu plus d\u2019an apr\u00e8s la naissance du Nouveau Front populaire (NFP), les huiles des partis de gauche et \u00e9cologiste se sont r\u00e9unies ce mercredi 2\u00a0juillet \u00e0 Bagneux (Hauts-de-Seine). Un rendez-vous \u2013 sans La France insoumise, ni Place publique, ni le Parti communiste \u2013 organis\u00e9 \u00e0 l\u2019initiative de Lucie Castets, candidate du NFP pour Matignon en\u00a02024\u00a0devenue depuis la Don Quichotte de l\u2019union de la gauche. Autour d\u2019elle, une vingtaine de responsables socialistes, \u00e9cologistes ou ex-insoumis, parmi lesquels Olivier Faure, Marine Tondelier, Cl\u00e9mentine Autain et Fran\u00e7ois Ruffin. Autant de candidats putatifs \u00e0 l\u2019\u00e9lection pr\u00e9sidentielle de 2027. Une journ\u00e9e comme, veut croire la socialiste Johanna Rolland, maire de Nantes et proche du premier secr\u00e9taire du PS. explique-t-elle. Il vous reste 79.38% de cet article \u00e0 lire. La suite est r\u00e9serv\u00e9e aux abonn\u00e9s.\" \/>\n<meta property=\"og:url\" content=\"https:\/\/vof-news.eu\/fr\/presidentielle-2027-le-front-populaire-lance-une-primaire-qui-ne-dit-pas-son-nom\/\" \/>\n<meta property=\"og:site_name\" content=\"vof-news.eu\" \/>\n<meta property=\"article:published_time\" content=\"2025-07-02T20:32:27+00:00\" \/>\n<meta property=\"article:modified_time\" content=\"2025-07-02T20:32:41+00:00\" \/>\n<meta property=\"og:image\" content=\"https:\/\/vof-news.eu\/wp-content\/uploads\/2025\/07\/d48a2ff_upload-1-om9l0eoyfrwl-570721.jpg\" \/>\n\t<meta property=\"og:image:width\" content=\"664\" \/>\n\t<meta property=\"og:image:height\" content=\"443\" \/>\n\t<meta property=\"og:image:type\" content=\"image\/jpeg\" \/>\n<meta name=\"author\" content=\"Author\" \/>\n<meta name=\"twitter:card\" content=\"summary_large_image\" \/>\n<meta name=\"twitter:label1\" content=\"\u00c9crit par\" \/>\n\t<meta name=\"twitter:data1\" content=\"Author\" \/>\n\t<meta name=\"twitter:label2\" content=\"Dur\u00e9e de lecture estim\u00e9e\" \/>\n\t<meta name=\"twitter:data2\" content=\"1 minute\" \/>\n<script type=\"application\/ld+json\" class=\"yoast-schema-graph\">{\"@context\":\"https:\/\/schema.org\",\"@graph\":[{\"@type\":\"WebPage\",\"@id\":\"https:\/\/vof-news.eu\/fr\/presidentielle-2027-le-front-populaire-lance-une-primaire-qui-ne-dit-pas-son-nom\/\",\"url\":\"https:\/\/vof-news.eu\/fr\/presidentielle-2027-le-front-populaire-lance-une-primaire-qui-ne-dit-pas-son-nom\/\",\"name\":\"Pr\u00e9sidentielle 2027\u00a0: le \u00ab\u00a0Front populaire\u00a0\u00bb lance une primaire qui ne dit pas son nom - vof-news.eu\",\"isPartOf\":{\"@id\":\"https:\/\/vof-news.eu\/fr\/#website\"},\"primaryImageOfPage\":{\"@id\":\"https:\/\/vof-news.eu\/fr\/presidentielle-2027-le-front-populaire-lance-une-primaire-qui-ne-dit-pas-son-nom\/#primaryimage\"},\"image\":{\"@id\":\"https:\/\/vof-news.eu\/fr\/presidentielle-2027-le-front-populaire-lance-une-primaire-qui-ne-dit-pas-son-nom\/#primaryimage\"},\"thumbnailUrl\":\"https:\/\/vof-news.eu\/wp-content\/uploads\/2025\/07\/d48a2ff_upload-1-om9l0eoyfrwl-570721.jpg\",\"datePublished\":\"2025-07-02T20:32:27+00:00\",\"dateModified\":\"2025-07-02T20:32:41+00:00\",\"author\":{\"@id\":\"https:\/\/vof-news.eu\/fr\/#\/schema\/person\/f6a2a4309f0561835797fd8c19b333ed\"},\"description\":\"On prend les m\u00eames, ou presque, et on recommence\u2026 Un peu plus d\u2019an apr\u00e8s la naissance du Nouveau Front populaire (NFP), les huiles des partis de gauche et \u00e9cologiste se sont r\u00e9unies ce mercredi 2\u00a0juillet \u00e0 Bagneux (Hauts-de-Seine). Un rendez-vous \u2013 sans La France insoumise, ni Place publique, ni le Parti communiste \u2013 organis\u00e9 \u00e0 l\u2019initiative de Lucie Castets, candidate du NFP pour Matignon en\u00a02024\u00a0devenue depuis la Don Quichotte de l\u2019union de la gauche. Autour d\u2019elle, une vingtaine de responsables socialistes, \u00e9cologistes ou ex-insoumis, parmi lesquels Olivier Faure, Marine Tondelier, Cl\u00e9mentine Autain et Fran\u00e7ois Ruffin. Autant de candidats putatifs \u00e0 l\u2019\u00e9lection pr\u00e9sidentielle de 2027. Une journ\u00e9e comme, veut croire la socialiste Johanna Rolland, maire de Nantes et proche du premier secr\u00e9taire du PS. explique-t-elle. Il vous reste 79.38% de cet article \u00e0 lire. La suite est r\u00e9serv\u00e9e aux abonn\u00e9s.\",\"breadcrumb\":{\"@id\":\"https:\/\/vof-news.eu\/fr\/presidentielle-2027-le-front-populaire-lance-une-primaire-qui-ne-dit-pas-son-nom\/#breadcrumb\"},\"inLanguage\":\"fr-FR\",\"potentialAction\":[{\"@type\":\"ReadAction\",\"target\":[\"https:\/\/vof-news.eu\/fr\/presidentielle-2027-le-front-populaire-lance-une-primaire-qui-ne-dit-pas-son-nom\/\"]}]},{\"@type\":\"ImageObject\",\"inLanguage\":\"fr-FR\",\"@id\":\"https:\/\/vof-news.eu\/fr\/presidentielle-2027-le-front-populaire-lance-une-primaire-qui-ne-dit-pas-son-nom\/#primaryimage\",\"url\":\"https:\/\/vof-news.eu\/wp-content\/uploads\/2025\/07\/d48a2ff_upload-1-om9l0eoyfrwl-570721.jpg\",\"contentUrl\":\"https:\/\/vof-news.eu\/wp-content\/uploads\/2025\/07\/d48a2ff_upload-1-om9l0eoyfrwl-570721.jpg\",\"width\":664,\"height\":443},{\"@type\":\"BreadcrumbList\",\"@id\":\"https:\/\/vof-news.eu\/fr\/presidentielle-2027-le-front-populaire-lance-une-primaire-qui-ne-dit-pas-son-nom\/#breadcrumb\",\"itemListElement\":[{\"@type\":\"ListItem\",\"position\":1,\"name\":\"Home\",\"item\":\"https:\/\/vof-news.eu\/fr\/\"},{\"@type\":\"ListItem\",\"position\":2,\"name\":\"Pr\u00e9sidentielle 2027\u00a0: le \u00ab\u00a0Front populaire\u00a0\u00bb lance une primaire qui ne dit pas son nom\"}]},{\"@type\":\"WebSite\",\"@id\":\"https:\/\/vof-news.eu\/fr\/#website\",\"url\":\"https:\/\/vof-news.eu\/fr\/\",\"name\":\"vof-news.eu\",\"description\":\"\",\"potentialAction\":[{\"@type\":\"SearchAction\",\"target\":{\"@type\":\"EntryPoint\",\"urlTemplate\":\"https:\/\/vof-news.eu\/fr\/?s={search_term_string}\"},\"query-input\":\"required name=search_term_string\"}],\"inLanguage\":\"fr-FR\"},{\"@type\":\"Person\",\"@id\":\"https:\/\/vof-news.eu\/fr\/#\/schema\/person\/f6a2a4309f0561835797fd8c19b333ed\",\"name\":\"Author\",\"image\":{\"@type\":\"ImageObject\",\"inLanguage\":\"fr-FR\",\"@id\":\"https:\/\/vof-news.eu\/fr\/#\/schema\/person\/image\/\",\"url\":\"https:\/\/secure.gravatar.com\/avatar\/b67e614b1b25b3e9c0c239efdd2fde5ab015b5affd6f1c3c85911ca4b384e790?s=96&d=mm&r=g\",\"contentUrl\":\"https:\/\/secure.gravatar.com\/avatar\/b67e614b1b25b3e9c0c239efdd2fde5ab015b5affd6f1c3c85911ca4b384e790?s=96&d=mm&r=g\",\"caption\":\"Author\"},\"sameAs\":[\"http:\/\/vof-news.eu\"],\"url\":\"https:\/\/vof-news.eu\/fr\/author\/zwt6qxnjulxbnyg\/\"}]}<\/script>\n<!-- \/ Yoast SEO plugin. -->","yoast_head_json":{"title":"Pr\u00e9sidentielle 2027\u00a0: le \u00ab\u00a0Front populaire\u00a0\u00bb lance une primaire qui ne dit pas son nom - vof-news.eu","description":"On prend les m\u00eames, ou presque, et on recommence\u2026 Un peu plus d\u2019an apr\u00e8s la naissance du Nouveau Front populaire (NFP), les huiles des partis de gauche et \u00e9cologiste se sont r\u00e9unies ce mercredi 2\u00a0juillet \u00e0 Bagneux (Hauts-de-Seine). Un rendez-vous \u2013 sans La France insoumise, ni Place publique, ni le Parti communiste \u2013 organis\u00e9 \u00e0 l\u2019initiative de Lucie Castets, candidate du NFP pour Matignon en\u00a02024\u00a0devenue depuis la Don Quichotte de l\u2019union de la gauche. Autour d\u2019elle, une vingtaine de responsables socialistes, \u00e9cologistes ou ex-insoumis, parmi lesquels Olivier Faure, Marine Tondelier, Cl\u00e9mentine Autain et Fran\u00e7ois Ruffin. Autant de candidats putatifs \u00e0 l\u2019\u00e9lection pr\u00e9sidentielle de 2027. Une journ\u00e9e comme, veut croire la socialiste Johanna Rolland, maire de Nantes et proche du premier secr\u00e9taire du PS. explique-t-elle. Il vous reste 79.38% de cet article \u00e0 lire. La suite est r\u00e9serv\u00e9e aux abonn\u00e9s.","robots":{"index":"noindex","follow":"follow","max-snippet":"max-snippet:-1","max-image-preview":"max-image-preview:large","max-video-preview":"max-video-preview:-1"},"og_locale":"fr_FR","og_type":"article","og_title":"Pr\u00e9sidentielle 2027\u00a0: le \u00ab\u00a0Front populaire\u00a0\u00bb lance une primaire qui ne dit pas son nom - vof-news.eu","og_description":"On prend les m\u00eames, ou presque, et on recommence\u2026 Un peu plus d\u2019an apr\u00e8s la naissance du Nouveau Front populaire (NFP), les huiles des partis de gauche et \u00e9cologiste se sont r\u00e9unies ce mercredi 2\u00a0juillet \u00e0 Bagneux (Hauts-de-Seine). Un rendez-vous \u2013 sans La France insoumise, ni Place publique, ni le Parti communiste \u2013 organis\u00e9 \u00e0 l\u2019initiative de Lucie Castets, candidate du NFP pour Matignon en\u00a02024\u00a0devenue depuis la Don Quichotte de l\u2019union de la gauche. Autour d\u2019elle, une vingtaine de responsables socialistes, \u00e9cologistes ou ex-insoumis, parmi lesquels Olivier Faure, Marine Tondelier, Cl\u00e9mentine Autain et Fran\u00e7ois Ruffin. Autant de candidats putatifs \u00e0 l\u2019\u00e9lection pr\u00e9sidentielle de 2027. Une journ\u00e9e comme, veut croire la socialiste Johanna Rolland, maire de Nantes et proche du premier secr\u00e9taire du PS. explique-t-elle. Il vous reste 79.38% de cet article \u00e0 lire. La suite est r\u00e9serv\u00e9e aux abonn\u00e9s.","og_url":"https:\/\/vof-news.eu\/fr\/presidentielle-2027-le-front-populaire-lance-une-primaire-qui-ne-dit-pas-son-nom\/","og_site_name":"vof-news.eu","article_published_time":"2025-07-02T20:32:27+00:00","article_modified_time":"2025-07-02T20:32:41+00:00","og_image":[{"width":664,"height":443,"url":"https:\/\/vof-news.eu\/wp-content\/uploads\/2025\/07\/d48a2ff_upload-1-om9l0eoyfrwl-570721.jpg","type":"image\/jpeg"}],"author":"Author","twitter_card":"summary_large_image","twitter_misc":{"\u00c9crit par":"Author","Dur\u00e9e de lecture estim\u00e9e":"1 minute"},"schema":{"@context":"https:\/\/schema.org","@graph":[{"@type":"WebPage","@id":"https:\/\/vof-news.eu\/fr\/presidentielle-2027-le-front-populaire-lance-une-primaire-qui-ne-dit-pas-son-nom\/","url":"https:\/\/vof-news.eu\/fr\/presidentielle-2027-le-front-populaire-lance-une-primaire-qui-ne-dit-pas-son-nom\/","name":"Pr\u00e9sidentielle 2027\u00a0: le \u00ab\u00a0Front populaire\u00a0\u00bb lance une primaire qui ne dit pas son nom - vof-news.eu","isPartOf":{"@id":"https:\/\/vof-news.eu\/fr\/#website"},"primaryImageOfPage":{"@id":"https:\/\/vof-news.eu\/fr\/presidentielle-2027-le-front-populaire-lance-une-primaire-qui-ne-dit-pas-son-nom\/#primaryimage"},"image":{"@id":"https:\/\/vof-news.eu\/fr\/presidentielle-2027-le-front-populaire-lance-une-primaire-qui-ne-dit-pas-son-nom\/#primaryimage"},"thumbnailUrl":"https:\/\/vof-news.eu\/wp-content\/uploads\/2025\/07\/d48a2ff_upload-1-om9l0eoyfrwl-570721.jpg","datePublished":"2025-07-02T20:32:27+00:00","dateModified":"2025-07-02T20:32:41+00:00","author":{"@id":"https:\/\/vof-news.eu\/fr\/#\/schema\/person\/f6a2a4309f0561835797fd8c19b333ed"},"description":"On prend les m\u00eames, ou presque, et on recommence\u2026 Un peu plus d\u2019an apr\u00e8s la naissance du Nouveau Front populaire (NFP), les huiles des partis de gauche et \u00e9cologiste se sont r\u00e9unies ce mercredi 2\u00a0juillet \u00e0 Bagneux (Hauts-de-Seine). Un rendez-vous \u2013 sans La France insoumise, ni Place publique, ni le Parti communiste \u2013 organis\u00e9 \u00e0 l\u2019initiative de Lucie Castets, candidate du NFP pour Matignon en\u00a02024\u00a0devenue depuis la Don Quichotte de l\u2019union de la gauche. Autour d\u2019elle, une vingtaine de responsables socialistes, \u00e9cologistes ou ex-insoumis, parmi lesquels Olivier Faure, Marine Tondelier, Cl\u00e9mentine Autain et Fran\u00e7ois Ruffin. Autant de candidats putatifs \u00e0 l\u2019\u00e9lection pr\u00e9sidentielle de 2027. Une journ\u00e9e comme, veut croire la socialiste Johanna Rolland, maire de Nantes et proche du premier secr\u00e9taire du PS. explique-t-elle. Il vous reste 79.38% de cet article \u00e0 lire. La suite est r\u00e9serv\u00e9e aux abonn\u00e9s.","breadcrumb":{"@id":"https:\/\/vof-news.eu\/fr\/presidentielle-2027-le-front-populaire-lance-une-primaire-qui-ne-dit-pas-son-nom\/#breadcrumb"},"inLanguage":"fr-FR","potentialAction":[{"@type":"ReadAction","target":["https:\/\/vof-news.eu\/fr\/presidentielle-2027-le-front-populaire-lance-une-primaire-qui-ne-dit-pas-son-nom\/"]}]},{"@type":"ImageObject","inLanguage":"fr-FR","@id":"https:\/\/vof-news.eu\/fr\/presidentielle-2027-le-front-populaire-lance-une-primaire-qui-ne-dit-pas-son-nom\/#primaryimage","url":"https:\/\/vof-news.eu\/wp-content\/uploads\/2025\/07\/d48a2ff_upload-1-om9l0eoyfrwl-570721.jpg","contentUrl":"https:\/\/vof-news.eu\/wp-content\/uploads\/2025\/07\/d48a2ff_upload-1-om9l0eoyfrwl-570721.jpg","width":664,"height":443},{"@type":"BreadcrumbList","@id":"https:\/\/vof-news.eu\/fr\/presidentielle-2027-le-front-populaire-lance-une-primaire-qui-ne-dit-pas-son-nom\/#breadcrumb","itemListElement":[{"@type":"ListItem","position":1,"name":"Home","item":"https:\/\/vof-news.eu\/fr\/"},{"@type":"ListItem","position":2,"name":"Pr\u00e9sidentielle 2027\u00a0: le \u00ab\u00a0Front populaire\u00a0\u00bb lance une primaire qui ne dit pas son nom"}]},{"@type":"WebSite","@id":"https:\/\/vof-news.eu\/fr\/#website","url":"https:\/\/vof-news.eu\/fr\/","name":"vof-news.eu","description":"","potentialAction":[{"@type":"SearchAction","target":{"@type":"EntryPoint","urlTemplate":"https:\/\/vof-news.eu\/fr\/?s={search_term_string}"},"query-input":"required name=search_term_string"}],"inLanguage":"fr-FR"},{"@type":"Person","@id":"https:\/\/vof-news.eu\/fr\/#\/schema\/person\/f6a2a4309f0561835797fd8c19b333ed","name":"Author","image":{"@type":"ImageObject","inLanguage":"fr-FR","@id":"https:\/\/vof-news.eu\/fr\/#\/schema\/person\/image\/","url":"https:\/\/secure.gravatar.com\/avatar\/b67e614b1b25b3e9c0c239efdd2fde5ab015b5affd6f1c3c85911ca4b384e790?s=96&d=mm&r=g","contentUrl":"https:\/\/secure.gravatar.com\/avatar\/b67e614b1b25b3e9c0c239efdd2fde5ab015b5affd6f1c3c85911ca4b384e790?s=96&d=mm&r=g","caption":"Author"},"sameAs":["http:\/\/vof-news.eu"],"url":"https:\/\/vof-news.eu\/fr\/author\/zwt6qxnjulxbnyg\/"}]}},"yoast_meta":{"yoast_wpseo_title":"","yoast_wpseo_metadesc":"","yoast_wpseo_canonical":""},"_links":{"self":[{"href":"https:\/\/vof-news.eu\/fr\/wp-json\/wp\/v2\/posts\/245829","targetHints":{"allow":["GET"]}}],"collection":[{"href":"https:\/\/vof-news.eu\/fr\/wp-json\/wp\/v2\/posts"}],"about":[{"href":"https:\/\/vof-news.eu\/fr\/wp-json\/wp\/v2\/types\/post"}],"author":[{"embeddable":true,"href":"https:\/\/vof-news.eu\/fr\/wp-json\/wp\/v2\/users\/1"}],"replies":[{"embeddable":true,"href":"https:\/\/vof-news.eu\/fr\/wp-json\/wp\/v2\/comments?post=245829"}],"version-history":[{"count":1,"href":"https:\/\/vof-news.eu\/fr\/wp-json\/wp\/v2\/posts\/245829\/revisions"}],"predecessor-version":[{"id":245836,"href":"https:\/\/vof-news.eu\/fr\/wp-json\/wp\/v2\/posts\/245829\/revisions\/245836"}],"wp:featuredmedia":[{"embeddable":true,"href":"https:\/\/vof-news.eu\/fr\/wp-json\/wp\/v2\/media\/245830"}],"wp:attachment":[{"href":"https:\/\/vof-news.eu\/fr\/wp-json\/wp\/v2\/media?parent=245829"}],"wp:term":[{"taxonomy":"category","embeddable":true,"href":"https:\/\/vof-news.eu\/fr\/wp-json\/wp\/v2\/categories?post=245829"},{"taxonomy":"post_tag","embeddable":true,"href":"https:\/\/vof-news.eu\/fr\/wp-json\/wp\/v2\/tags?post=245829"}],"curies":[{"name":"wp","href":"https:\/\/api.w.org\/{rel}","templated":true}]}}