{"id":245821,"date":"2025-07-02T23:31:59","date_gmt":"2025-07-02T20:31:59","guid":{"rendered":"https:\/\/vof-news.eu\/a-lassemblee-sophie-pantel-la-presidente-de-la-commission-denquete-sur-les-liens-entre-politiques-et-reseaux-islamistes-ou-terroristes-demissionne-sitot-elue\/"},"modified":"2025-07-02T23:32:14","modified_gmt":"2025-07-02T20:32:14","slug":"a-lassemblee-sophie-pantel-la-presidente-de-la-commission-denquete-sur-les-liens-entre-politiques-et-reseaux-islamistes-ou-terroristes-demissionne-sitot-elue","status":"publish","type":"post","link":"https:\/\/vof-news.eu\/fr\/a-lassemblee-sophie-pantel-la-presidente-de-la-commission-denquete-sur-les-liens-entre-politiques-et-reseaux-islamistes-ou-terroristes-demissionne-sitot-elue\/","title":{"rendered":"A l\u2019Assembl\u00e9e, Sophie Pantel, la pr\u00e9sidente de la commission d\u2019enqu\u00eate sur les liens entre politiques et r\u00e9seaux islamistes ou terroristes, d\u00e9missionne sit\u00f4t \u00e9lue"},"content":{"rendered":"<article>\n<p>La commission d\u2019enqu\u00eate impuls\u00e9e par les d\u00e9put\u00e9s Les R\u00e9publicains (LR) sur les liens entre politiques et r\u00e9seaux terroristes ou islamistes, visant implicitement La France insoumise (LFI), a subi un nouveau revers mercredi 2\u00a0juillet, avec la d\u00e9mission de sa pr\u00e9sidente quelques heures apr\u00e8s son \u00e9lection.<\/p>\n<p>La d\u00e9put\u00e9e socialiste Sophie Pantel a envoy\u00e9 un courrier \u00e0 l\u2019administration de l\u2019Assembl\u00e9e nationale, consult\u00e9 par l\u2019Agence France-Presse (AFP), pour lui faire part de sa d\u00e9cision. , \u00e9crit-elle.<\/p>\n<p>Le bureau, compos\u00e9 de d\u00e9put\u00e9s membres de la commission d\u2019enqu\u00eate, est charg\u00e9 d\u2019organiser ses travaux, et d\u00e9bat notamment des personnes \u00e0 auditionner. Il a \u00e9t\u00e9 \u00e9lu \u00e9galement mercredi. Or aucun d\u00e9put\u00e9 issu des quatre groupes de gauche n\u2019a \u00e9t\u00e9 \u00e9lu au sein des huit postes en jeu. Le bureau comprend deux d\u00e9put\u00e9s du Rassemblement national (RN) et six du bloc central. La pr\u00e9sidence devait revenir \u00e0 un groupe d\u2019opposition, et Sophie Pantel a \u00e9t\u00e9 \u00e9lue face \u00e0 Aymeric Caron, apparent\u00e9 LFI.<\/p>\n<p>A l\u2019issue du vote, M.\u00a0Caron avait d\u00e9nonc\u00e9 devant la presse un accord entre  pour les  qui permet , en vue de faire de la commission un  contre son groupe politique.<\/p>\n<h2>\u00ab\u00a0Sommets de pitreries\u00a0\u00bb<\/h2>\n<p>[parti socialiste], a r\u00e9agi aupr\u00e8s de l\u2019AFP le rapporteur de la commission, le d\u00e9put\u00e9 LR Vincent Jeanbrun. Le vote pour d\u00e9signer le nouveau pr\u00e9sident de la commission aura lieu le\u00a08\u00a0juillet, selon son entourage.<\/p>\n<p>La commission, demand\u00e9e par le groupe de Laurent Wauquiez (LR), a \u00e9t\u00e9 valid\u00e9e mi-juin par l\u2019Assembl\u00e9e et veut enqu\u00eater sur les liens entre des responsables politiques et des r\u00e9seaux soutenant . M.\u00a0Wauquiez \u00e9tait revenu \u00e0 la charge apr\u00e8s un premier \u00e9chec deux semaines plus t\u00f4t, l\u2019Assembl\u00e9e ayant jug\u00e9 irrecevable sa premi\u00e8re demande qui visait explicitement La France insoumise dans sa proposition de r\u00e9solution.<\/p>\n<p>, a r\u00e9agi sur X la cheffe des d\u00e9put\u00e9s \u00ab\u00a0insoumis\u00a0\u00bb, Mathilde Panot, apr\u00e8s l\u2019annonce de la d\u00e9mission de M<sup>me<\/sup>\u00a0Pantel.<\/p>\n<section>   <\/section>\n<section>\n<p> <span>Le Monde avec AFP<\/span> <\/p>\n<\/section>\n<section>\n<section>\n<header>   <\/header>\n<section>\n<section> <a href=\"https:\/\/abo.lemonde.fr\/?lmd_medium=BOUTONS_LMFR&amp;lmd_campaign=CONTRIBUTION_ARTICLE\" rel=\"nofollow\">S\u2019abonner<\/a> <\/section>\n<\/section>\n<section><\/section>\n<\/section>\n<p>Contribuer<\/p>\n<\/section>\n<\/article>\n","protected":false},"excerpt":{"rendered":"<p>La commission d\u2019enqu\u00eate impuls\u00e9e par les d\u00e9put\u00e9s Les R\u00e9publicains (LR) sur les liens entre politiques et r\u00e9seaux terroristes ou islamistes, visant implicitement La France insoumise (LFI), a subi un nouveau revers mercredi 2\u00a0juillet, avec la d\u00e9mission de sa pr\u00e9sidente quelques heures apr\u00e8s son \u00e9lection. La d\u00e9put\u00e9e socialiste Sophie Pantel a envoy\u00e9 un courrier \u00e0 l\u2019administration<\/p>\n","protected":false},"author":1,"featured_media":245822,"comment_status":"open","ping_status":"open","sticky":false,"template":"","format":"standard","meta":{"footnotes":""},"categories":[68],"tags":[],"class_list":["post-245821","post","type-post","status-publish","format-standard","has-post-thumbnail","hentry","category-politics-fr"],"acf":[],"yoast_head":"<!-- This site is optimized with the Yoast SEO plugin v22.9 - https:\/\/yoast.com\/wordpress\/plugins\/seo\/ -->\n<title>A l\u2019Assembl\u00e9e, Sophie Pantel, la pr\u00e9sidente de la commission d\u2019enqu\u00eate sur les liens entre politiques et r\u00e9seaux islamistes ou terroristes, d\u00e9missionne sit\u00f4t \u00e9lue - vof-news.eu<\/title>\n<meta name=\"description\" content=\"La commission d\u2019enqu\u00eate impuls\u00e9e par les d\u00e9put\u00e9s Les R\u00e9publicains (LR) sur les liens entre politiques et r\u00e9seaux terroristes ou islamistes, visant implicitement La France insoumise (LFI), a subi un nouveau revers mercredi 2\u00a0juillet, avec la d\u00e9mission de sa pr\u00e9sidente quelques heures apr\u00e8s son \u00e9lection. La d\u00e9put\u00e9e socialiste Sophie Pantel a envoy\u00e9 un courrier \u00e0 l\u2019administration de l\u2019Assembl\u00e9e nationale, consult\u00e9 par l\u2019Agence France-Presse (AFP), pour lui faire part de sa d\u00e9cision. , \u00e9crit-elle. Le bureau, compos\u00e9 de d\u00e9put\u00e9s membres de la commission d\u2019enqu\u00eate, est charg\u00e9 d\u2019organiser ses travaux, et d\u00e9bat notamment des personnes \u00e0 auditionner. Il a \u00e9t\u00e9 \u00e9lu \u00e9galement mercredi. Or aucun d\u00e9put\u00e9 issu des quatre groupes de gauche n\u2019a \u00e9t\u00e9 \u00e9lu au sein des huit postes en jeu. Le bureau comprend deux d\u00e9put\u00e9s du Rassemblement national (RN) et six du bloc central. La pr\u00e9sidence devait revenir \u00e0 un groupe d\u2019opposition, et Sophie Pantel a \u00e9t\u00e9 \u00e9lue face \u00e0 Aymeric Caron, apparent\u00e9 LFI. A l\u2019issue du vote, M.\u00a0Caron avait d\u00e9nonc\u00e9 devant la presse un accord entre pour les qui permet , en vue de faire de la commission un contre son groupe politique. \u00ab\u00a0Sommets de pitreries\u00a0\u00bb [parti socialiste], a r\u00e9agi aupr\u00e8s de l\u2019AFP le rapporteur de la commission, le d\u00e9put\u00e9 LR Vincent Jeanbrun. Le vote pour d\u00e9signer le nouveau pr\u00e9sident de la commission aura lieu le\u00a08\u00a0juillet, selon son entourage. La commission, demand\u00e9e par le groupe de Laurent Wauquiez (LR), a \u00e9t\u00e9 valid\u00e9e mi-juin par l\u2019Assembl\u00e9e et veut enqu\u00eater sur les liens entre des responsables politiques et des r\u00e9seaux soutenant . M.\u00a0Wauquiez \u00e9tait revenu \u00e0 la charge apr\u00e8s un premier \u00e9chec deux semaines plus t\u00f4t, l\u2019Assembl\u00e9e ayant jug\u00e9 irrecevable sa premi\u00e8re demande qui visait explicitement La France insoumise dans sa proposition de r\u00e9solution. , a r\u00e9agi sur X la cheffe des d\u00e9put\u00e9s \u00ab\u00a0insoumis\u00a0\u00bb, Mathilde Panot, apr\u00e8s l\u2019annonce de la d\u00e9mission de Mme\u00a0Pantel.    Le Monde avec AFP      S\u2019abonner   Contribuer\" \/>\n<meta name=\"robots\" content=\"noindex, follow, max-snippet:-1, max-image-preview:large, max-video-preview:-1\" \/>\n<meta property=\"og:locale\" content=\"fr_FR\" \/>\n<meta property=\"og:type\" content=\"article\" \/>\n<meta property=\"og:title\" content=\"A l\u2019Assembl\u00e9e, Sophie Pantel, la pr\u00e9sidente de la commission d\u2019enqu\u00eate sur les liens entre politiques et r\u00e9seaux islamistes ou terroristes, d\u00e9missionne sit\u00f4t \u00e9lue - vof-news.eu\" \/>\n<meta property=\"og:description\" content=\"La commission d\u2019enqu\u00eate impuls\u00e9e par les d\u00e9put\u00e9s Les R\u00e9publicains (LR) sur les liens entre politiques et r\u00e9seaux terroristes ou islamistes, visant implicitement La France insoumise (LFI), a subi un nouveau revers mercredi 2\u00a0juillet, avec la d\u00e9mission de sa pr\u00e9sidente quelques heures apr\u00e8s son \u00e9lection. La d\u00e9put\u00e9e socialiste Sophie Pantel a envoy\u00e9 un courrier \u00e0 l\u2019administration de l\u2019Assembl\u00e9e nationale, consult\u00e9 par l\u2019Agence France-Presse (AFP), pour lui faire part de sa d\u00e9cision. , \u00e9crit-elle. Le bureau, compos\u00e9 de d\u00e9put\u00e9s membres de la commission d\u2019enqu\u00eate, est charg\u00e9 d\u2019organiser ses travaux, et d\u00e9bat notamment des personnes \u00e0 auditionner. Il a \u00e9t\u00e9 \u00e9lu \u00e9galement mercredi. Or aucun d\u00e9put\u00e9 issu des quatre groupes de gauche n\u2019a \u00e9t\u00e9 \u00e9lu au sein des huit postes en jeu. Le bureau comprend deux d\u00e9put\u00e9s du Rassemblement national (RN) et six du bloc central. La pr\u00e9sidence devait revenir \u00e0 un groupe d\u2019opposition, et Sophie Pantel a \u00e9t\u00e9 \u00e9lue face \u00e0 Aymeric Caron, apparent\u00e9 LFI. A l\u2019issue du vote, M.\u00a0Caron avait d\u00e9nonc\u00e9 devant la presse un accord entre pour les qui permet , en vue de faire de la commission un contre son groupe politique. \u00ab\u00a0Sommets de pitreries\u00a0\u00bb [parti socialiste], a r\u00e9agi aupr\u00e8s de l\u2019AFP le rapporteur de la commission, le d\u00e9put\u00e9 LR Vincent Jeanbrun. Le vote pour d\u00e9signer le nouveau pr\u00e9sident de la commission aura lieu le\u00a08\u00a0juillet, selon son entourage. La commission, demand\u00e9e par le groupe de Laurent Wauquiez (LR), a \u00e9t\u00e9 valid\u00e9e mi-juin par l\u2019Assembl\u00e9e et veut enqu\u00eater sur les liens entre des responsables politiques et des r\u00e9seaux soutenant . M.\u00a0Wauquiez \u00e9tait revenu \u00e0 la charge apr\u00e8s un premier \u00e9chec deux semaines plus t\u00f4t, l\u2019Assembl\u00e9e ayant jug\u00e9 irrecevable sa premi\u00e8re demande qui visait explicitement La France insoumise dans sa proposition de r\u00e9solution. , a r\u00e9agi sur X la cheffe des d\u00e9put\u00e9s \u00ab\u00a0insoumis\u00a0\u00bb, Mathilde Panot, apr\u00e8s l\u2019annonce de la d\u00e9mission de Mme\u00a0Pantel.    Le Monde avec AFP      S\u2019abonner   Contribuer\" \/>\n<meta property=\"og:url\" content=\"https:\/\/vof-news.eu\/fr\/a-lassemblee-sophie-pantel-la-presidente-de-la-commission-denquete-sur-les-liens-entre-politiques-et-reseaux-islamistes-ou-terroristes-demissionne-sitot-elue\/\" \/>\n<meta property=\"og:site_name\" content=\"vof-news.eu\" \/>\n<meta property=\"article:published_time\" content=\"2025-07-02T20:31:59+00:00\" \/>\n<meta property=\"article:modified_time\" content=\"2025-07-02T20:32:14+00:00\" \/>\n<meta property=\"og:image\" content=\"https:\/\/vof-news.eu\/wp-content\/uploads\/2025\/07\/612592f_upload-1-21ojr36dhmwq-000-49x73br.jpg\" \/>\n\t<meta property=\"og:image:width\" content=\"664\" \/>\n\t<meta property=\"og:image:height\" content=\"443\" \/>\n\t<meta property=\"og:image:type\" content=\"image\/jpeg\" \/>\n<meta name=\"author\" content=\"Author\" \/>\n<meta name=\"twitter:card\" content=\"summary_large_image\" \/>\n<meta name=\"twitter:label1\" content=\"\u00c9crit par\" \/>\n\t<meta name=\"twitter:data1\" content=\"Author\" \/>\n\t<meta name=\"twitter:label2\" content=\"Dur\u00e9e de lecture estim\u00e9e\" \/>\n\t<meta name=\"twitter:data2\" content=\"2 minutes\" \/>\n<script type=\"application\/ld+json\" class=\"yoast-schema-graph\">{\"@context\":\"https:\/\/schema.org\",\"@graph\":[{\"@type\":\"WebPage\",\"@id\":\"https:\/\/vof-news.eu\/fr\/a-lassemblee-sophie-pantel-la-presidente-de-la-commission-denquete-sur-les-liens-entre-politiques-et-reseaux-islamistes-ou-terroristes-demissionne-sitot-elue\/\",\"url\":\"https:\/\/vof-news.eu\/fr\/a-lassemblee-sophie-pantel-la-presidente-de-la-commission-denquete-sur-les-liens-entre-politiques-et-reseaux-islamistes-ou-terroristes-demissionne-sitot-elue\/\",\"name\":\"A l\u2019Assembl\u00e9e, Sophie Pantel, la pr\u00e9sidente de la commission d\u2019enqu\u00eate sur les liens entre politiques et r\u00e9seaux islamistes ou terroristes, d\u00e9missionne sit\u00f4t \u00e9lue - vof-news.eu\",\"isPartOf\":{\"@id\":\"https:\/\/vof-news.eu\/fr\/#website\"},\"primaryImageOfPage\":{\"@id\":\"https:\/\/vof-news.eu\/fr\/a-lassemblee-sophie-pantel-la-presidente-de-la-commission-denquete-sur-les-liens-entre-politiques-et-reseaux-islamistes-ou-terroristes-demissionne-sitot-elue\/#primaryimage\"},\"image\":{\"@id\":\"https:\/\/vof-news.eu\/fr\/a-lassemblee-sophie-pantel-la-presidente-de-la-commission-denquete-sur-les-liens-entre-politiques-et-reseaux-islamistes-ou-terroristes-demissionne-sitot-elue\/#primaryimage\"},\"thumbnailUrl\":\"https:\/\/vof-news.eu\/wp-content\/uploads\/2025\/07\/612592f_upload-1-21ojr36dhmwq-000-49x73br.jpg\",\"datePublished\":\"2025-07-02T20:31:59+00:00\",\"dateModified\":\"2025-07-02T20:32:14+00:00\",\"author\":{\"@id\":\"https:\/\/vof-news.eu\/fr\/#\/schema\/person\/f6a2a4309f0561835797fd8c19b333ed\"},\"description\":\"La commission d\u2019enqu\u00eate impuls\u00e9e par les d\u00e9put\u00e9s Les R\u00e9publicains (LR) sur les liens entre politiques et r\u00e9seaux terroristes ou islamistes, visant implicitement La France insoumise (LFI), a subi un nouveau revers mercredi 2\u00a0juillet, avec la d\u00e9mission de sa pr\u00e9sidente quelques heures apr\u00e8s son \u00e9lection. La d\u00e9put\u00e9e socialiste Sophie Pantel a envoy\u00e9 un courrier \u00e0 l\u2019administration de l\u2019Assembl\u00e9e nationale, consult\u00e9 par l\u2019Agence France-Presse (AFP), pour lui faire part de sa d\u00e9cision. , \u00e9crit-elle. Le bureau, compos\u00e9 de d\u00e9put\u00e9s membres de la commission d\u2019enqu\u00eate, est charg\u00e9 d\u2019organiser ses travaux, et d\u00e9bat notamment des personnes \u00e0 auditionner. Il a \u00e9t\u00e9 \u00e9lu \u00e9galement mercredi. Or aucun d\u00e9put\u00e9 issu des quatre groupes de gauche n\u2019a \u00e9t\u00e9 \u00e9lu au sein des huit postes en jeu. Le bureau comprend deux d\u00e9put\u00e9s du Rassemblement national (RN) et six du bloc central. La pr\u00e9sidence devait revenir \u00e0 un groupe d\u2019opposition, et Sophie Pantel a \u00e9t\u00e9 \u00e9lue face \u00e0 Aymeric Caron, apparent\u00e9 LFI. A l\u2019issue du vote, M.\u00a0Caron avait d\u00e9nonc\u00e9 devant la presse un accord entre pour les qui permet , en vue de faire de la commission un contre son groupe politique. \u00ab\u00a0Sommets de pitreries\u00a0\u00bb [parti socialiste], a r\u00e9agi aupr\u00e8s de l\u2019AFP le rapporteur de la commission, le d\u00e9put\u00e9 LR Vincent Jeanbrun. Le vote pour d\u00e9signer le nouveau pr\u00e9sident de la commission aura lieu le\u00a08\u00a0juillet, selon son entourage. La commission, demand\u00e9e par le groupe de Laurent Wauquiez (LR), a \u00e9t\u00e9 valid\u00e9e mi-juin par l\u2019Assembl\u00e9e et veut enqu\u00eater sur les liens entre des responsables politiques et des r\u00e9seaux soutenant . M.\u00a0Wauquiez \u00e9tait revenu \u00e0 la charge apr\u00e8s un premier \u00e9chec deux semaines plus t\u00f4t, l\u2019Assembl\u00e9e ayant jug\u00e9 irrecevable sa premi\u00e8re demande qui visait explicitement La France insoumise dans sa proposition de r\u00e9solution. , a r\u00e9agi sur X la cheffe des d\u00e9put\u00e9s \u00ab\u00a0insoumis\u00a0\u00bb, Mathilde Panot, apr\u00e8s l\u2019annonce de la d\u00e9mission de Mme\u00a0Pantel. Le Monde avec AFP S\u2019abonner Contribuer\",\"breadcrumb\":{\"@id\":\"https:\/\/vof-news.eu\/fr\/a-lassemblee-sophie-pantel-la-presidente-de-la-commission-denquete-sur-les-liens-entre-politiques-et-reseaux-islamistes-ou-terroristes-demissionne-sitot-elue\/#breadcrumb\"},\"inLanguage\":\"fr-FR\",\"potentialAction\":[{\"@type\":\"ReadAction\",\"target\":[\"https:\/\/vof-news.eu\/fr\/a-lassemblee-sophie-pantel-la-presidente-de-la-commission-denquete-sur-les-liens-entre-politiques-et-reseaux-islamistes-ou-terroristes-demissionne-sitot-elue\/\"]}]},{\"@type\":\"ImageObject\",\"inLanguage\":\"fr-FR\",\"@id\":\"https:\/\/vof-news.eu\/fr\/a-lassemblee-sophie-pantel-la-presidente-de-la-commission-denquete-sur-les-liens-entre-politiques-et-reseaux-islamistes-ou-terroristes-demissionne-sitot-elue\/#primaryimage\",\"url\":\"https:\/\/vof-news.eu\/wp-content\/uploads\/2025\/07\/612592f_upload-1-21ojr36dhmwq-000-49x73br.jpg\",\"contentUrl\":\"https:\/\/vof-news.eu\/wp-content\/uploads\/2025\/07\/612592f_upload-1-21ojr36dhmwq-000-49x73br.jpg\",\"width\":664,\"height\":443},{\"@type\":\"BreadcrumbList\",\"@id\":\"https:\/\/vof-news.eu\/fr\/a-lassemblee-sophie-pantel-la-presidente-de-la-commission-denquete-sur-les-liens-entre-politiques-et-reseaux-islamistes-ou-terroristes-demissionne-sitot-elue\/#breadcrumb\",\"itemListElement\":[{\"@type\":\"ListItem\",\"position\":1,\"name\":\"Home\",\"item\":\"https:\/\/vof-news.eu\/fr\/\"},{\"@type\":\"ListItem\",\"position\":2,\"name\":\"A l\u2019Assembl\u00e9e, Sophie Pantel, la pr\u00e9sidente de la commission d\u2019enqu\u00eate sur les liens entre politiques et r\u00e9seaux islamistes ou terroristes, d\u00e9missionne sit\u00f4t \u00e9lue\"}]},{\"@type\":\"WebSite\",\"@id\":\"https:\/\/vof-news.eu\/fr\/#website\",\"url\":\"https:\/\/vof-news.eu\/fr\/\",\"name\":\"vof-news.eu\",\"description\":\"\",\"potentialAction\":[{\"@type\":\"SearchAction\",\"target\":{\"@type\":\"EntryPoint\",\"urlTemplate\":\"https:\/\/vof-news.eu\/fr\/?s={search_term_string}\"},\"query-input\":\"required name=search_term_string\"}],\"inLanguage\":\"fr-FR\"},{\"@type\":\"Person\",\"@id\":\"https:\/\/vof-news.eu\/fr\/#\/schema\/person\/f6a2a4309f0561835797fd8c19b333ed\",\"name\":\"Author\",\"image\":{\"@type\":\"ImageObject\",\"inLanguage\":\"fr-FR\",\"@id\":\"https:\/\/vof-news.eu\/fr\/#\/schema\/person\/image\/\",\"url\":\"https:\/\/secure.gravatar.com\/avatar\/b67e614b1b25b3e9c0c239efdd2fde5ab015b5affd6f1c3c85911ca4b384e790?s=96&d=mm&r=g\",\"contentUrl\":\"https:\/\/secure.gravatar.com\/avatar\/b67e614b1b25b3e9c0c239efdd2fde5ab015b5affd6f1c3c85911ca4b384e790?s=96&d=mm&r=g\",\"caption\":\"Author\"},\"sameAs\":[\"http:\/\/vof-news.eu\"],\"url\":\"https:\/\/vof-news.eu\/fr\/author\/zwt6qxnjulxbnyg\/\"}]}<\/script>\n<!-- \/ Yoast SEO plugin. -->","yoast_head_json":{"title":"A l\u2019Assembl\u00e9e, Sophie Pantel, la pr\u00e9sidente de la commission d\u2019enqu\u00eate sur les liens entre politiques et r\u00e9seaux islamistes ou terroristes, d\u00e9missionne sit\u00f4t \u00e9lue - vof-news.eu","description":"La commission d\u2019enqu\u00eate impuls\u00e9e par les d\u00e9put\u00e9s Les R\u00e9publicains (LR) sur les liens entre politiques et r\u00e9seaux terroristes ou islamistes, visant implicitement La France insoumise (LFI), a subi un nouveau revers mercredi 2\u00a0juillet, avec la d\u00e9mission de sa pr\u00e9sidente quelques heures apr\u00e8s son \u00e9lection. La d\u00e9put\u00e9e socialiste Sophie Pantel a envoy\u00e9 un courrier \u00e0 l\u2019administration de l\u2019Assembl\u00e9e nationale, consult\u00e9 par l\u2019Agence France-Presse (AFP), pour lui faire part de sa d\u00e9cision. , \u00e9crit-elle. Le bureau, compos\u00e9 de d\u00e9put\u00e9s membres de la commission d\u2019enqu\u00eate, est charg\u00e9 d\u2019organiser ses travaux, et d\u00e9bat notamment des personnes \u00e0 auditionner. Il a \u00e9t\u00e9 \u00e9lu \u00e9galement mercredi. Or aucun d\u00e9put\u00e9 issu des quatre groupes de gauche n\u2019a \u00e9t\u00e9 \u00e9lu au sein des huit postes en jeu. Le bureau comprend deux d\u00e9put\u00e9s du Rassemblement national (RN) et six du bloc central. La pr\u00e9sidence devait revenir \u00e0 un groupe d\u2019opposition, et Sophie Pantel a \u00e9t\u00e9 \u00e9lue face \u00e0 Aymeric Caron, apparent\u00e9 LFI. A l\u2019issue du vote, M.\u00a0Caron avait d\u00e9nonc\u00e9 devant la presse un accord entre pour les qui permet , en vue de faire de la commission un contre son groupe politique. \u00ab\u00a0Sommets de pitreries\u00a0\u00bb [parti socialiste], a r\u00e9agi aupr\u00e8s de l\u2019AFP le rapporteur de la commission, le d\u00e9put\u00e9 LR Vincent Jeanbrun. Le vote pour d\u00e9signer le nouveau pr\u00e9sident de la commission aura lieu le\u00a08\u00a0juillet, selon son entourage. La commission, demand\u00e9e par le groupe de Laurent Wauquiez (LR), a \u00e9t\u00e9 valid\u00e9e mi-juin par l\u2019Assembl\u00e9e et veut enqu\u00eater sur les liens entre des responsables politiques et des r\u00e9seaux soutenant . M.\u00a0Wauquiez \u00e9tait revenu \u00e0 la charge apr\u00e8s un premier \u00e9chec deux semaines plus t\u00f4t, l\u2019Assembl\u00e9e ayant jug\u00e9 irrecevable sa premi\u00e8re demande qui visait explicitement La France insoumise dans sa proposition de r\u00e9solution. , a r\u00e9agi sur X la cheffe des d\u00e9put\u00e9s \u00ab\u00a0insoumis\u00a0\u00bb, Mathilde Panot, apr\u00e8s l\u2019annonce de la d\u00e9mission de Mme\u00a0Pantel.    Le Monde avec AFP      S\u2019abonner   Contribuer","robots":{"index":"noindex","follow":"follow","max-snippet":"max-snippet:-1","max-image-preview":"max-image-preview:large","max-video-preview":"max-video-preview:-1"},"og_locale":"fr_FR","og_type":"article","og_title":"A l\u2019Assembl\u00e9e, Sophie Pantel, la pr\u00e9sidente de la commission d\u2019enqu\u00eate sur les liens entre politiques et r\u00e9seaux islamistes ou terroristes, d\u00e9missionne sit\u00f4t \u00e9lue - vof-news.eu","og_description":"La commission d\u2019enqu\u00eate impuls\u00e9e par les d\u00e9put\u00e9s Les R\u00e9publicains (LR) sur les liens entre politiques et r\u00e9seaux terroristes ou islamistes, visant implicitement La France insoumise (LFI), a subi un nouveau revers mercredi 2\u00a0juillet, avec la d\u00e9mission de sa pr\u00e9sidente quelques heures apr\u00e8s son \u00e9lection. La d\u00e9put\u00e9e socialiste Sophie Pantel a envoy\u00e9 un courrier \u00e0 l\u2019administration de l\u2019Assembl\u00e9e nationale, consult\u00e9 par l\u2019Agence France-Presse (AFP), pour lui faire part de sa d\u00e9cision. , \u00e9crit-elle. Le bureau, compos\u00e9 de d\u00e9put\u00e9s membres de la commission d\u2019enqu\u00eate, est charg\u00e9 d\u2019organiser ses travaux, et d\u00e9bat notamment des personnes \u00e0 auditionner. Il a \u00e9t\u00e9 \u00e9lu \u00e9galement mercredi. Or aucun d\u00e9put\u00e9 issu des quatre groupes de gauche n\u2019a \u00e9t\u00e9 \u00e9lu au sein des huit postes en jeu. Le bureau comprend deux d\u00e9put\u00e9s du Rassemblement national (RN) et six du bloc central. La pr\u00e9sidence devait revenir \u00e0 un groupe d\u2019opposition, et Sophie Pantel a \u00e9t\u00e9 \u00e9lue face \u00e0 Aymeric Caron, apparent\u00e9 LFI. A l\u2019issue du vote, M.\u00a0Caron avait d\u00e9nonc\u00e9 devant la presse un accord entre pour les qui permet , en vue de faire de la commission un contre son groupe politique. \u00ab\u00a0Sommets de pitreries\u00a0\u00bb [parti socialiste], a r\u00e9agi aupr\u00e8s de l\u2019AFP le rapporteur de la commission, le d\u00e9put\u00e9 LR Vincent Jeanbrun. Le vote pour d\u00e9signer le nouveau pr\u00e9sident de la commission aura lieu le\u00a08\u00a0juillet, selon son entourage. La commission, demand\u00e9e par le groupe de Laurent Wauquiez (LR), a \u00e9t\u00e9 valid\u00e9e mi-juin par l\u2019Assembl\u00e9e et veut enqu\u00eater sur les liens entre des responsables politiques et des r\u00e9seaux soutenant . M.\u00a0Wauquiez \u00e9tait revenu \u00e0 la charge apr\u00e8s un premier \u00e9chec deux semaines plus t\u00f4t, l\u2019Assembl\u00e9e ayant jug\u00e9 irrecevable sa premi\u00e8re demande qui visait explicitement La France insoumise dans sa proposition de r\u00e9solution. , a r\u00e9agi sur X la cheffe des d\u00e9put\u00e9s \u00ab\u00a0insoumis\u00a0\u00bb, Mathilde Panot, apr\u00e8s l\u2019annonce de la d\u00e9mission de Mme\u00a0Pantel.    Le Monde avec AFP      S\u2019abonner   Contribuer","og_url":"https:\/\/vof-news.eu\/fr\/a-lassemblee-sophie-pantel-la-presidente-de-la-commission-denquete-sur-les-liens-entre-politiques-et-reseaux-islamistes-ou-terroristes-demissionne-sitot-elue\/","og_site_name":"vof-news.eu","article_published_time":"2025-07-02T20:31:59+00:00","article_modified_time":"2025-07-02T20:32:14+00:00","og_image":[{"width":664,"height":443,"url":"https:\/\/vof-news.eu\/wp-content\/uploads\/2025\/07\/612592f_upload-1-21ojr36dhmwq-000-49x73br.jpg","type":"image\/jpeg"}],"author":"Author","twitter_card":"summary_large_image","twitter_misc":{"\u00c9crit par":"Author","Dur\u00e9e de lecture estim\u00e9e":"2 minutes"},"schema":{"@context":"https:\/\/schema.org","@graph":[{"@type":"WebPage","@id":"https:\/\/vof-news.eu\/fr\/a-lassemblee-sophie-pantel-la-presidente-de-la-commission-denquete-sur-les-liens-entre-politiques-et-reseaux-islamistes-ou-terroristes-demissionne-sitot-elue\/","url":"https:\/\/vof-news.eu\/fr\/a-lassemblee-sophie-pantel-la-presidente-de-la-commission-denquete-sur-les-liens-entre-politiques-et-reseaux-islamistes-ou-terroristes-demissionne-sitot-elue\/","name":"A l\u2019Assembl\u00e9e, Sophie Pantel, la pr\u00e9sidente de la commission d\u2019enqu\u00eate sur les liens entre politiques et r\u00e9seaux islamistes ou terroristes, d\u00e9missionne sit\u00f4t \u00e9lue - vof-news.eu","isPartOf":{"@id":"https:\/\/vof-news.eu\/fr\/#website"},"primaryImageOfPage":{"@id":"https:\/\/vof-news.eu\/fr\/a-lassemblee-sophie-pantel-la-presidente-de-la-commission-denquete-sur-les-liens-entre-politiques-et-reseaux-islamistes-ou-terroristes-demissionne-sitot-elue\/#primaryimage"},"image":{"@id":"https:\/\/vof-news.eu\/fr\/a-lassemblee-sophie-pantel-la-presidente-de-la-commission-denquete-sur-les-liens-entre-politiques-et-reseaux-islamistes-ou-terroristes-demissionne-sitot-elue\/#primaryimage"},"thumbnailUrl":"https:\/\/vof-news.eu\/wp-content\/uploads\/2025\/07\/612592f_upload-1-21ojr36dhmwq-000-49x73br.jpg","datePublished":"2025-07-02T20:31:59+00:00","dateModified":"2025-07-02T20:32:14+00:00","author":{"@id":"https:\/\/vof-news.eu\/fr\/#\/schema\/person\/f6a2a4309f0561835797fd8c19b333ed"},"description":"La commission d\u2019enqu\u00eate impuls\u00e9e par les d\u00e9put\u00e9s Les R\u00e9publicains (LR) sur les liens entre politiques et r\u00e9seaux terroristes ou islamistes, visant implicitement La France insoumise (LFI), a subi un nouveau revers mercredi 2\u00a0juillet, avec la d\u00e9mission de sa pr\u00e9sidente quelques heures apr\u00e8s son \u00e9lection. La d\u00e9put\u00e9e socialiste Sophie Pantel a envoy\u00e9 un courrier \u00e0 l\u2019administration de l\u2019Assembl\u00e9e nationale, consult\u00e9 par l\u2019Agence France-Presse (AFP), pour lui faire part de sa d\u00e9cision. , \u00e9crit-elle. Le bureau, compos\u00e9 de d\u00e9put\u00e9s membres de la commission d\u2019enqu\u00eate, est charg\u00e9 d\u2019organiser ses travaux, et d\u00e9bat notamment des personnes \u00e0 auditionner. Il a \u00e9t\u00e9 \u00e9lu \u00e9galement mercredi. Or aucun d\u00e9put\u00e9 issu des quatre groupes de gauche n\u2019a \u00e9t\u00e9 \u00e9lu au sein des huit postes en jeu. Le bureau comprend deux d\u00e9put\u00e9s du Rassemblement national (RN) et six du bloc central. La pr\u00e9sidence devait revenir \u00e0 un groupe d\u2019opposition, et Sophie Pantel a \u00e9t\u00e9 \u00e9lue face \u00e0 Aymeric Caron, apparent\u00e9 LFI. A l\u2019issue du vote, M.\u00a0Caron avait d\u00e9nonc\u00e9 devant la presse un accord entre pour les qui permet , en vue de faire de la commission un contre son groupe politique. \u00ab\u00a0Sommets de pitreries\u00a0\u00bb [parti socialiste], a r\u00e9agi aupr\u00e8s de l\u2019AFP le rapporteur de la commission, le d\u00e9put\u00e9 LR Vincent Jeanbrun. Le vote pour d\u00e9signer le nouveau pr\u00e9sident de la commission aura lieu le\u00a08\u00a0juillet, selon son entourage. La commission, demand\u00e9e par le groupe de Laurent Wauquiez (LR), a \u00e9t\u00e9 valid\u00e9e mi-juin par l\u2019Assembl\u00e9e et veut enqu\u00eater sur les liens entre des responsables politiques et des r\u00e9seaux soutenant . M.\u00a0Wauquiez \u00e9tait revenu \u00e0 la charge apr\u00e8s un premier \u00e9chec deux semaines plus t\u00f4t, l\u2019Assembl\u00e9e ayant jug\u00e9 irrecevable sa premi\u00e8re demande qui visait explicitement La France insoumise dans sa proposition de r\u00e9solution. , a r\u00e9agi sur X la cheffe des d\u00e9put\u00e9s \u00ab\u00a0insoumis\u00a0\u00bb, Mathilde Panot, apr\u00e8s l\u2019annonce de la d\u00e9mission de Mme\u00a0Pantel. Le Monde avec AFP S\u2019abonner Contribuer","breadcrumb":{"@id":"https:\/\/vof-news.eu\/fr\/a-lassemblee-sophie-pantel-la-presidente-de-la-commission-denquete-sur-les-liens-entre-politiques-et-reseaux-islamistes-ou-terroristes-demissionne-sitot-elue\/#breadcrumb"},"inLanguage":"fr-FR","potentialAction":[{"@type":"ReadAction","target":["https:\/\/vof-news.eu\/fr\/a-lassemblee-sophie-pantel-la-presidente-de-la-commission-denquete-sur-les-liens-entre-politiques-et-reseaux-islamistes-ou-terroristes-demissionne-sitot-elue\/"]}]},{"@type":"ImageObject","inLanguage":"fr-FR","@id":"https:\/\/vof-news.eu\/fr\/a-lassemblee-sophie-pantel-la-presidente-de-la-commission-denquete-sur-les-liens-entre-politiques-et-reseaux-islamistes-ou-terroristes-demissionne-sitot-elue\/#primaryimage","url":"https:\/\/vof-news.eu\/wp-content\/uploads\/2025\/07\/612592f_upload-1-21ojr36dhmwq-000-49x73br.jpg","contentUrl":"https:\/\/vof-news.eu\/wp-content\/uploads\/2025\/07\/612592f_upload-1-21ojr36dhmwq-000-49x73br.jpg","width":664,"height":443},{"@type":"BreadcrumbList","@id":"https:\/\/vof-news.eu\/fr\/a-lassemblee-sophie-pantel-la-presidente-de-la-commission-denquete-sur-les-liens-entre-politiques-et-reseaux-islamistes-ou-terroristes-demissionne-sitot-elue\/#breadcrumb","itemListElement":[{"@type":"ListItem","position":1,"name":"Home","item":"https:\/\/vof-news.eu\/fr\/"},{"@type":"ListItem","position":2,"name":"A l\u2019Assembl\u00e9e, Sophie Pantel, la pr\u00e9sidente de la commission d\u2019enqu\u00eate sur les liens entre politiques et r\u00e9seaux islamistes ou terroristes, d\u00e9missionne sit\u00f4t \u00e9lue"}]},{"@type":"WebSite","@id":"https:\/\/vof-news.eu\/fr\/#website","url":"https:\/\/vof-news.eu\/fr\/","name":"vof-news.eu","description":"","potentialAction":[{"@type":"SearchAction","target":{"@type":"EntryPoint","urlTemplate":"https:\/\/vof-news.eu\/fr\/?s={search_term_string}"},"query-input":"required name=search_term_string"}],"inLanguage":"fr-FR"},{"@type":"Person","@id":"https:\/\/vof-news.eu\/fr\/#\/schema\/person\/f6a2a4309f0561835797fd8c19b333ed","name":"Author","image":{"@type":"ImageObject","inLanguage":"fr-FR","@id":"https:\/\/vof-news.eu\/fr\/#\/schema\/person\/image\/","url":"https:\/\/secure.gravatar.com\/avatar\/b67e614b1b25b3e9c0c239efdd2fde5ab015b5affd6f1c3c85911ca4b384e790?s=96&d=mm&r=g","contentUrl":"https:\/\/secure.gravatar.com\/avatar\/b67e614b1b25b3e9c0c239efdd2fde5ab015b5affd6f1c3c85911ca4b384e790?s=96&d=mm&r=g","caption":"Author"},"sameAs":["http:\/\/vof-news.eu"],"url":"https:\/\/vof-news.eu\/fr\/author\/zwt6qxnjulxbnyg\/"}]}},"yoast_meta":{"yoast_wpseo_title":"","yoast_wpseo_metadesc":"","yoast_wpseo_canonical":""},"_links":{"self":[{"href":"https:\/\/vof-news.eu\/fr\/wp-json\/wp\/v2\/posts\/245821","targetHints":{"allow":["GET"]}}],"collection":[{"href":"https:\/\/vof-news.eu\/fr\/wp-json\/wp\/v2\/posts"}],"about":[{"href":"https:\/\/vof-news.eu\/fr\/wp-json\/wp\/v2\/types\/post"}],"author":[{"embeddable":true,"href":"https:\/\/vof-news.eu\/fr\/wp-json\/wp\/v2\/users\/1"}],"replies":[{"embeddable":true,"href":"https:\/\/vof-news.eu\/fr\/wp-json\/wp\/v2\/comments?post=245821"}],"version-history":[{"count":1,"href":"https:\/\/vof-news.eu\/fr\/wp-json\/wp\/v2\/posts\/245821\/revisions"}],"predecessor-version":[{"id":245828,"href":"https:\/\/vof-news.eu\/fr\/wp-json\/wp\/v2\/posts\/245821\/revisions\/245828"}],"wp:featuredmedia":[{"embeddable":true,"href":"https:\/\/vof-news.eu\/fr\/wp-json\/wp\/v2\/media\/245822"}],"wp:attachment":[{"href":"https:\/\/vof-news.eu\/fr\/wp-json\/wp\/v2\/media?parent=245821"}],"wp:term":[{"taxonomy":"category","embeddable":true,"href":"https:\/\/vof-news.eu\/fr\/wp-json\/wp\/v2\/categories?post=245821"},{"taxonomy":"post_tag","embeddable":true,"href":"https:\/\/vof-news.eu\/fr\/wp-json\/wp\/v2\/tags?post=245821"}],"curies":[{"name":"wp","href":"https:\/\/api.w.org\/{rel}","templated":true}]}}