{"id":245765,"date":"2025-07-02T21:33:45","date_gmt":"2025-07-02T18:33:45","guid":{"rendered":"https:\/\/vof-news.eu\/princesse-tam-tam-et-comptoir-des-cotonniers-places-en-redressement-judiciaire\/"},"modified":"2025-07-02T21:34:10","modified_gmt":"2025-07-02T18:34:10","slug":"princesse-tam-tam-et-comptoir-des-cotonniers-places-en-redressement-judiciaire","status":"publish","type":"post","link":"https:\/\/vof-news.eu\/fr\/princesse-tam-tam-et-comptoir-des-cotonniers-places-en-redressement-judiciaire\/","title":{"rendered":"Princesse Tam-Tam et Comptoir des cotonniers plac\u00e9s en redressement judiciaire"},"content":{"rendered":"<article>\n<p>Les marques de pr\u00eat-\u00e0-porter Princesse Tam-Tam et Comptoir des cotonniers ont \u00e9t\u00e9 plac\u00e9es mardi 1<sup>er<\/sup>\u00a0juillet en redressement judiciaire par le tribunal des activit\u00e9s \u00e9conomiques de Paris, a appris l\u2019Agence France-Presse (AFP) d\u2019une source proche du dossier, mercredi 2\u00a0juillet.<\/p>\n<p>Ces enseignes, sp\u00e9cialis\u00e9es respectivement dans la lingerie et les v\u00eatements pour femmes, en avaient formul\u00e9 la demande en raison de  de leurs comptes, , avait communiqu\u00e9 une source \u00e0 l\u2019AFP fin juin.<\/p>\n<p>Les deux marques appartiennent au groupe Fast Retailing France, filiale du g\u00e9ant japonais du m\u00eame nom dont l\u2019enseigne phare est Uniqlo. Le groupe avait d\u00e9j\u00e0 annonc\u00e9 en juin\u00a02023 envisager la fermeture de 55 magasins de Comptoir des Cotonniers et Princesse Tam-Tam sur 136 en France, ainsi que la suppression de 304 postes pour ces deux marques.<\/p>\n<p>L\u2019objectif du plan \u00e9tait de , selon le groupe.<\/p>\n<h2>Concurrence de l\u2019\u00ab\u00a0ultrafast-fashion\u00a0\u00bb et de la seconde main<\/h2>\n<p>Comptoir des cotonniers et Princesse Tam-Tam n\u2019ont pas r\u00e9sist\u00e9 \u00e0 la crise qui frappe les enseignes de pr\u00eat-\u00e0-porter du milieu de gamme, concurrenc\u00e9es par l\u2019essor de l\u2019\u00ab\u00a0ultrafast-fashion\u00a0\u00bb et de la seconde main.<\/p>\n<p>Auparavant, une partie d\u2019entre elles avait d\u00e9j\u00e0 subi la pand\u00e9mie de Covid, qui avait mis \u00e0 l\u2019arr\u00eat l\u2019activit\u00e9 \u00e9conomique, puis l\u2019inflation, la hausse des co\u00fbts de l\u2019\u00e9nergie, des mati\u00e8res premi\u00e8res, des loyers et des salaires. Cette suite de difficult\u00e9s a mis \u00e0 rude \u00e9preuve ces commerces bien connus des centres-villes et des zones commerciales.<\/p>\n<p>Cama\u00efeu, Kooka\u00ef, Burton of London, Gap France, Andr\u00e9, San Marina, Kaporal, Jennyfer, Du pareil au m\u00eame, Sergent Major, Esprit, C &amp;\u00a0A, Naf Naf, IKKS\u00a0: aucune de ces enseignes n\u2019en est sortie indemne. Certaines ont ferm\u00e9 des magasins et licenci\u00e9 des employ\u00e9s, d\u2019autres ont demand\u00e9 un placement en redressement judiciaire, certaines, enfin, ont d\u00fb se r\u00e9soudre \u00e0 \u00eatre liquid\u00e9es.<\/p>\n<section>   <\/section>\n<section>\n<p> <span>Le Monde avec AFP<\/span> <\/p>\n<\/section>\n<section>\n<section>\n<header>   <\/header>\n<section>\n<section> <a href=\"https:\/\/abo.lemonde.fr\/?lmd_medium=BOUTONS_LMFR&amp;lmd_campaign=CONTRIBUTION_ARTICLE\" rel=\"nofollow\">S\u2019abonner<\/a> <\/section>\n<\/section>\n<section><\/section>\n<\/section>\n<p>Contribuer<\/p>\n<p> <a href=\"https:\/\/www.lemonde.fr\/syndication\/\" rel=\"nofollow\">R\u00e9utiliser ce contenu<\/a> <\/section>\n<\/article>\n","protected":false},"excerpt":{"rendered":"<p>Les marques de pr\u00eat-\u00e0-porter Princesse Tam-Tam et Comptoir des cotonniers ont \u00e9t\u00e9 plac\u00e9es mardi 1er\u00a0juillet en redressement judiciaire par le tribunal des activit\u00e9s \u00e9conomiques de Paris, a appris l\u2019Agence France-Presse (AFP) d\u2019une source proche du dossier, mercredi 2\u00a0juillet. Ces enseignes, sp\u00e9cialis\u00e9es respectivement dans la lingerie et les v\u00eatements pour femmes, en avaient formul\u00e9 la demande<\/p>\n","protected":false},"author":1,"featured_media":245766,"comment_status":"open","ping_status":"open","sticky":false,"template":"","format":"standard","meta":{"footnotes":""},"categories":[58],"tags":[],"class_list":["post-245765","post","type-post","status-publish","format-standard","has-post-thumbnail","hentry","category-business-fr"],"acf":[],"yoast_head":"<!-- This site is optimized with the Yoast SEO plugin v22.9 - https:\/\/yoast.com\/wordpress\/plugins\/seo\/ -->\n<title>Princesse Tam-Tam et Comptoir des cotonniers plac\u00e9s en redressement judiciaire - vof-news.eu<\/title>\n<meta name=\"description\" content=\"Les marques de pr\u00eat-\u00e0-porter Princesse Tam-Tam et Comptoir des cotonniers ont \u00e9t\u00e9 plac\u00e9es mardi 1er\u00a0juillet en redressement judiciaire par le tribunal des activit\u00e9s \u00e9conomiques de Paris, a appris l\u2019Agence France-Presse (AFP) d\u2019une source proche du dossier, mercredi 2\u00a0juillet. Ces enseignes, sp\u00e9cialis\u00e9es respectivement dans la lingerie et les v\u00eatements pour femmes, en avaient formul\u00e9 la demande en raison de de leurs comptes, , avait communiqu\u00e9 une source \u00e0 l\u2019AFP fin juin. Les deux marques appartiennent au groupe Fast Retailing France, filiale du g\u00e9ant japonais du m\u00eame nom dont l\u2019enseigne phare est Uniqlo. Le groupe avait d\u00e9j\u00e0 annonc\u00e9 en juin\u00a02023 envisager la fermeture de 55 magasins de Comptoir des Cotonniers et Princesse Tam-Tam sur 136 en France, ainsi que la suppression de 304 postes pour ces deux marques. L\u2019objectif du plan \u00e9tait de , selon le groupe. Concurrence de l\u2019\u00ab\u00a0ultrafast-fashion\u00a0\u00bb et de la seconde main Comptoir des cotonniers et Princesse Tam-Tam n\u2019ont pas r\u00e9sist\u00e9 \u00e0 la crise qui frappe les enseignes de pr\u00eat-\u00e0-porter du milieu de gamme, concurrenc\u00e9es par l\u2019essor de l\u2019\u00ab\u00a0ultrafast-fashion\u00a0\u00bb et de la seconde main. Auparavant, une partie d\u2019entre elles avait d\u00e9j\u00e0 subi la pand\u00e9mie de Covid, qui avait mis \u00e0 l\u2019arr\u00eat l\u2019activit\u00e9 \u00e9conomique, puis l\u2019inflation, la hausse des co\u00fbts de l\u2019\u00e9nergie, des mati\u00e8res premi\u00e8res, des loyers et des salaires. Cette suite de difficult\u00e9s a mis \u00e0 rude \u00e9preuve ces commerces bien connus des centres-villes et des zones commerciales. Cama\u00efeu, Kooka\u00ef, Burton of London, Gap France, Andr\u00e9, San Marina, Kaporal, Jennyfer, Du pareil au m\u00eame, Sergent Major, Esprit, C &amp;\u00a0A, Naf Naf, IKKS\u00a0: aucune de ces enseignes n\u2019en est sortie indemne. Certaines ont ferm\u00e9 des magasins et licenci\u00e9 des employ\u00e9s, d\u2019autres ont demand\u00e9 un placement en redressement judiciaire, certaines, enfin, ont d\u00fb se r\u00e9soudre \u00e0 \u00eatre liquid\u00e9es.    Le Monde avec AFP      S\u2019abonner   Contribuer R\u00e9utiliser ce contenu\" \/>\n<meta name=\"robots\" content=\"noindex, follow, max-snippet:-1, max-image-preview:large, max-video-preview:-1\" \/>\n<meta property=\"og:locale\" content=\"fr_FR\" \/>\n<meta property=\"og:type\" content=\"article\" \/>\n<meta property=\"og:title\" content=\"Princesse Tam-Tam et Comptoir des cotonniers plac\u00e9s en redressement judiciaire - vof-news.eu\" \/>\n<meta property=\"og:description\" content=\"Les marques de pr\u00eat-\u00e0-porter Princesse Tam-Tam et Comptoir des cotonniers ont \u00e9t\u00e9 plac\u00e9es mardi 1er\u00a0juillet en redressement judiciaire par le tribunal des activit\u00e9s \u00e9conomiques de Paris, a appris l\u2019Agence France-Presse (AFP) d\u2019une source proche du dossier, mercredi 2\u00a0juillet. Ces enseignes, sp\u00e9cialis\u00e9es respectivement dans la lingerie et les v\u00eatements pour femmes, en avaient formul\u00e9 la demande en raison de de leurs comptes, , avait communiqu\u00e9 une source \u00e0 l\u2019AFP fin juin. Les deux marques appartiennent au groupe Fast Retailing France, filiale du g\u00e9ant japonais du m\u00eame nom dont l\u2019enseigne phare est Uniqlo. Le groupe avait d\u00e9j\u00e0 annonc\u00e9 en juin\u00a02023 envisager la fermeture de 55 magasins de Comptoir des Cotonniers et Princesse Tam-Tam sur 136 en France, ainsi que la suppression de 304 postes pour ces deux marques. L\u2019objectif du plan \u00e9tait de , selon le groupe. Concurrence de l\u2019\u00ab\u00a0ultrafast-fashion\u00a0\u00bb et de la seconde main Comptoir des cotonniers et Princesse Tam-Tam n\u2019ont pas r\u00e9sist\u00e9 \u00e0 la crise qui frappe les enseignes de pr\u00eat-\u00e0-porter du milieu de gamme, concurrenc\u00e9es par l\u2019essor de l\u2019\u00ab\u00a0ultrafast-fashion\u00a0\u00bb et de la seconde main. Auparavant, une partie d\u2019entre elles avait d\u00e9j\u00e0 subi la pand\u00e9mie de Covid, qui avait mis \u00e0 l\u2019arr\u00eat l\u2019activit\u00e9 \u00e9conomique, puis l\u2019inflation, la hausse des co\u00fbts de l\u2019\u00e9nergie, des mati\u00e8res premi\u00e8res, des loyers et des salaires. Cette suite de difficult\u00e9s a mis \u00e0 rude \u00e9preuve ces commerces bien connus des centres-villes et des zones commerciales. Cama\u00efeu, Kooka\u00ef, Burton of London, Gap France, Andr\u00e9, San Marina, Kaporal, Jennyfer, Du pareil au m\u00eame, Sergent Major, Esprit, C &amp;\u00a0A, Naf Naf, IKKS\u00a0: aucune de ces enseignes n\u2019en est sortie indemne. Certaines ont ferm\u00e9 des magasins et licenci\u00e9 des employ\u00e9s, d\u2019autres ont demand\u00e9 un placement en redressement judiciaire, certaines, enfin, ont d\u00fb se r\u00e9soudre \u00e0 \u00eatre liquid\u00e9es.    Le Monde avec AFP      S\u2019abonner   Contribuer R\u00e9utiliser ce contenu\" \/>\n<meta property=\"og:url\" content=\"https:\/\/vof-news.eu\/fr\/princesse-tam-tam-et-comptoir-des-cotonniers-places-en-redressement-judiciaire\/\" \/>\n<meta property=\"og:site_name\" content=\"vof-news.eu\" \/>\n<meta property=\"article:published_time\" content=\"2025-07-02T18:33:45+00:00\" \/>\n<meta property=\"article:modified_time\" content=\"2025-07-02T18:34:10+00:00\" \/>\n<meta property=\"og:image\" content=\"https:\/\/vof-news.eu\/wp-content\/uploads\/2025\/07\/a90700d_upload-1-foqgazzrknlr-000-par6432069.jpg\" \/>\n\t<meta property=\"og:image:width\" content=\"664\" \/>\n\t<meta property=\"og:image:height\" content=\"489\" \/>\n\t<meta property=\"og:image:type\" content=\"image\/jpeg\" \/>\n<meta name=\"author\" content=\"Author\" \/>\n<meta name=\"twitter:card\" content=\"summary_large_image\" \/>\n<meta name=\"twitter:label1\" content=\"\u00c9crit par\" \/>\n\t<meta name=\"twitter:data1\" content=\"Author\" \/>\n\t<meta name=\"twitter:label2\" content=\"Dur\u00e9e de lecture estim\u00e9e\" \/>\n\t<meta name=\"twitter:data2\" content=\"2 minutes\" \/>\n<script type=\"application\/ld+json\" class=\"yoast-schema-graph\">{\"@context\":\"https:\/\/schema.org\",\"@graph\":[{\"@type\":\"WebPage\",\"@id\":\"https:\/\/vof-news.eu\/fr\/princesse-tam-tam-et-comptoir-des-cotonniers-places-en-redressement-judiciaire\/\",\"url\":\"https:\/\/vof-news.eu\/fr\/princesse-tam-tam-et-comptoir-des-cotonniers-places-en-redressement-judiciaire\/\",\"name\":\"Princesse Tam-Tam et Comptoir des cotonniers plac\u00e9s en redressement judiciaire - vof-news.eu\",\"isPartOf\":{\"@id\":\"https:\/\/vof-news.eu\/fr\/#website\"},\"primaryImageOfPage\":{\"@id\":\"https:\/\/vof-news.eu\/fr\/princesse-tam-tam-et-comptoir-des-cotonniers-places-en-redressement-judiciaire\/#primaryimage\"},\"image\":{\"@id\":\"https:\/\/vof-news.eu\/fr\/princesse-tam-tam-et-comptoir-des-cotonniers-places-en-redressement-judiciaire\/#primaryimage\"},\"thumbnailUrl\":\"https:\/\/vof-news.eu\/wp-content\/uploads\/2025\/07\/a90700d_upload-1-foqgazzrknlr-000-par6432069.jpg\",\"datePublished\":\"2025-07-02T18:33:45+00:00\",\"dateModified\":\"2025-07-02T18:34:10+00:00\",\"author\":{\"@id\":\"https:\/\/vof-news.eu\/fr\/#\/schema\/person\/f6a2a4309f0561835797fd8c19b333ed\"},\"description\":\"Les marques de pr\u00eat-\u00e0-porter Princesse Tam-Tam et Comptoir des cotonniers ont \u00e9t\u00e9 plac\u00e9es mardi 1er\u00a0juillet en redressement judiciaire par le tribunal des activit\u00e9s \u00e9conomiques de Paris, a appris l\u2019Agence France-Presse (AFP) d\u2019une source proche du dossier, mercredi 2\u00a0juillet. Ces enseignes, sp\u00e9cialis\u00e9es respectivement dans la lingerie et les v\u00eatements pour femmes, en avaient formul\u00e9 la demande en raison de de leurs comptes, , avait communiqu\u00e9 une source \u00e0 l\u2019AFP fin juin. Les deux marques appartiennent au groupe Fast Retailing France, filiale du g\u00e9ant japonais du m\u00eame nom dont l\u2019enseigne phare est Uniqlo. Le groupe avait d\u00e9j\u00e0 annonc\u00e9 en juin\u00a02023 envisager la fermeture de 55 magasins de Comptoir des Cotonniers et Princesse Tam-Tam sur 136 en France, ainsi que la suppression de 304 postes pour ces deux marques. L\u2019objectif du plan \u00e9tait de , selon le groupe. Concurrence de l\u2019\u00ab\u00a0ultrafast-fashion\u00a0\u00bb et de la seconde main Comptoir des cotonniers et Princesse Tam-Tam n\u2019ont pas r\u00e9sist\u00e9 \u00e0 la crise qui frappe les enseignes de pr\u00eat-\u00e0-porter du milieu de gamme, concurrenc\u00e9es par l\u2019essor de l\u2019\u00ab\u00a0ultrafast-fashion\u00a0\u00bb et de la seconde main. Auparavant, une partie d\u2019entre elles avait d\u00e9j\u00e0 subi la pand\u00e9mie de Covid, qui avait mis \u00e0 l\u2019arr\u00eat l\u2019activit\u00e9 \u00e9conomique, puis l\u2019inflation, la hausse des co\u00fbts de l\u2019\u00e9nergie, des mati\u00e8res premi\u00e8res, des loyers et des salaires. Cette suite de difficult\u00e9s a mis \u00e0 rude \u00e9preuve ces commerces bien connus des centres-villes et des zones commerciales. Cama\u00efeu, Kooka\u00ef, Burton of London, Gap France, Andr\u00e9, San Marina, Kaporal, Jennyfer, Du pareil au m\u00eame, Sergent Major, Esprit, C &amp;\u00a0A, Naf Naf, IKKS\u00a0: aucune de ces enseignes n\u2019en est sortie indemne. Certaines ont ferm\u00e9 des magasins et licenci\u00e9 des employ\u00e9s, d\u2019autres ont demand\u00e9 un placement en redressement judiciaire, certaines, enfin, ont d\u00fb se r\u00e9soudre \u00e0 \u00eatre liquid\u00e9es. Le Monde avec AFP S\u2019abonner Contribuer R\u00e9utiliser ce contenu\",\"breadcrumb\":{\"@id\":\"https:\/\/vof-news.eu\/fr\/princesse-tam-tam-et-comptoir-des-cotonniers-places-en-redressement-judiciaire\/#breadcrumb\"},\"inLanguage\":\"fr-FR\",\"potentialAction\":[{\"@type\":\"ReadAction\",\"target\":[\"https:\/\/vof-news.eu\/fr\/princesse-tam-tam-et-comptoir-des-cotonniers-places-en-redressement-judiciaire\/\"]}]},{\"@type\":\"ImageObject\",\"inLanguage\":\"fr-FR\",\"@id\":\"https:\/\/vof-news.eu\/fr\/princesse-tam-tam-et-comptoir-des-cotonniers-places-en-redressement-judiciaire\/#primaryimage\",\"url\":\"https:\/\/vof-news.eu\/wp-content\/uploads\/2025\/07\/a90700d_upload-1-foqgazzrknlr-000-par6432069.jpg\",\"contentUrl\":\"https:\/\/vof-news.eu\/wp-content\/uploads\/2025\/07\/a90700d_upload-1-foqgazzrknlr-000-par6432069.jpg\",\"width\":664,\"height\":489},{\"@type\":\"BreadcrumbList\",\"@id\":\"https:\/\/vof-news.eu\/fr\/princesse-tam-tam-et-comptoir-des-cotonniers-places-en-redressement-judiciaire\/#breadcrumb\",\"itemListElement\":[{\"@type\":\"ListItem\",\"position\":1,\"name\":\"Home\",\"item\":\"https:\/\/vof-news.eu\/fr\/\"},{\"@type\":\"ListItem\",\"position\":2,\"name\":\"Princesse Tam-Tam et Comptoir des cotonniers plac\u00e9s en redressement judiciaire\"}]},{\"@type\":\"WebSite\",\"@id\":\"https:\/\/vof-news.eu\/fr\/#website\",\"url\":\"https:\/\/vof-news.eu\/fr\/\",\"name\":\"vof-news.eu\",\"description\":\"\",\"potentialAction\":[{\"@type\":\"SearchAction\",\"target\":{\"@type\":\"EntryPoint\",\"urlTemplate\":\"https:\/\/vof-news.eu\/fr\/?s={search_term_string}\"},\"query-input\":\"required name=search_term_string\"}],\"inLanguage\":\"fr-FR\"},{\"@type\":\"Person\",\"@id\":\"https:\/\/vof-news.eu\/fr\/#\/schema\/person\/f6a2a4309f0561835797fd8c19b333ed\",\"name\":\"Author\",\"image\":{\"@type\":\"ImageObject\",\"inLanguage\":\"fr-FR\",\"@id\":\"https:\/\/vof-news.eu\/fr\/#\/schema\/person\/image\/\",\"url\":\"https:\/\/secure.gravatar.com\/avatar\/b67e614b1b25b3e9c0c239efdd2fde5ab015b5affd6f1c3c85911ca4b384e790?s=96&d=mm&r=g\",\"contentUrl\":\"https:\/\/secure.gravatar.com\/avatar\/b67e614b1b25b3e9c0c239efdd2fde5ab015b5affd6f1c3c85911ca4b384e790?s=96&d=mm&r=g\",\"caption\":\"Author\"},\"sameAs\":[\"http:\/\/vof-news.eu\"],\"url\":\"https:\/\/vof-news.eu\/fr\/author\/zwt6qxnjulxbnyg\/\"}]}<\/script>\n<!-- \/ Yoast SEO plugin. -->","yoast_head_json":{"title":"Princesse Tam-Tam et Comptoir des cotonniers plac\u00e9s en redressement judiciaire - vof-news.eu","description":"Les marques de pr\u00eat-\u00e0-porter Princesse Tam-Tam et Comptoir des cotonniers ont \u00e9t\u00e9 plac\u00e9es mardi 1er\u00a0juillet en redressement judiciaire par le tribunal des activit\u00e9s \u00e9conomiques de Paris, a appris l\u2019Agence France-Presse (AFP) d\u2019une source proche du dossier, mercredi 2\u00a0juillet. Ces enseignes, sp\u00e9cialis\u00e9es respectivement dans la lingerie et les v\u00eatements pour femmes, en avaient formul\u00e9 la demande en raison de de leurs comptes, , avait communiqu\u00e9 une source \u00e0 l\u2019AFP fin juin. Les deux marques appartiennent au groupe Fast Retailing France, filiale du g\u00e9ant japonais du m\u00eame nom dont l\u2019enseigne phare est Uniqlo. Le groupe avait d\u00e9j\u00e0 annonc\u00e9 en juin\u00a02023 envisager la fermeture de 55 magasins de Comptoir des Cotonniers et Princesse Tam-Tam sur 136 en France, ainsi que la suppression de 304 postes pour ces deux marques. L\u2019objectif du plan \u00e9tait de , selon le groupe. Concurrence de l\u2019\u00ab\u00a0ultrafast-fashion\u00a0\u00bb et de la seconde main Comptoir des cotonniers et Princesse Tam-Tam n\u2019ont pas r\u00e9sist\u00e9 \u00e0 la crise qui frappe les enseignes de pr\u00eat-\u00e0-porter du milieu de gamme, concurrenc\u00e9es par l\u2019essor de l\u2019\u00ab\u00a0ultrafast-fashion\u00a0\u00bb et de la seconde main. Auparavant, une partie d\u2019entre elles avait d\u00e9j\u00e0 subi la pand\u00e9mie de Covid, qui avait mis \u00e0 l\u2019arr\u00eat l\u2019activit\u00e9 \u00e9conomique, puis l\u2019inflation, la hausse des co\u00fbts de l\u2019\u00e9nergie, des mati\u00e8res premi\u00e8res, des loyers et des salaires. Cette suite de difficult\u00e9s a mis \u00e0 rude \u00e9preuve ces commerces bien connus des centres-villes et des zones commerciales. Cama\u00efeu, Kooka\u00ef, Burton of London, Gap France, Andr\u00e9, San Marina, Kaporal, Jennyfer, Du pareil au m\u00eame, Sergent Major, Esprit, C &amp;\u00a0A, Naf Naf, IKKS\u00a0: aucune de ces enseignes n\u2019en est sortie indemne. Certaines ont ferm\u00e9 des magasins et licenci\u00e9 des employ\u00e9s, d\u2019autres ont demand\u00e9 un placement en redressement judiciaire, certaines, enfin, ont d\u00fb se r\u00e9soudre \u00e0 \u00eatre liquid\u00e9es.    Le Monde avec AFP      S\u2019abonner   Contribuer R\u00e9utiliser ce contenu","robots":{"index":"noindex","follow":"follow","max-snippet":"max-snippet:-1","max-image-preview":"max-image-preview:large","max-video-preview":"max-video-preview:-1"},"og_locale":"fr_FR","og_type":"article","og_title":"Princesse Tam-Tam et Comptoir des cotonniers plac\u00e9s en redressement judiciaire - vof-news.eu","og_description":"Les marques de pr\u00eat-\u00e0-porter Princesse Tam-Tam et Comptoir des cotonniers ont \u00e9t\u00e9 plac\u00e9es mardi 1er\u00a0juillet en redressement judiciaire par le tribunal des activit\u00e9s \u00e9conomiques de Paris, a appris l\u2019Agence France-Presse (AFP) d\u2019une source proche du dossier, mercredi 2\u00a0juillet. Ces enseignes, sp\u00e9cialis\u00e9es respectivement dans la lingerie et les v\u00eatements pour femmes, en avaient formul\u00e9 la demande en raison de de leurs comptes, , avait communiqu\u00e9 une source \u00e0 l\u2019AFP fin juin. Les deux marques appartiennent au groupe Fast Retailing France, filiale du g\u00e9ant japonais du m\u00eame nom dont l\u2019enseigne phare est Uniqlo. Le groupe avait d\u00e9j\u00e0 annonc\u00e9 en juin\u00a02023 envisager la fermeture de 55 magasins de Comptoir des Cotonniers et Princesse Tam-Tam sur 136 en France, ainsi que la suppression de 304 postes pour ces deux marques. L\u2019objectif du plan \u00e9tait de , selon le groupe. Concurrence de l\u2019\u00ab\u00a0ultrafast-fashion\u00a0\u00bb et de la seconde main Comptoir des cotonniers et Princesse Tam-Tam n\u2019ont pas r\u00e9sist\u00e9 \u00e0 la crise qui frappe les enseignes de pr\u00eat-\u00e0-porter du milieu de gamme, concurrenc\u00e9es par l\u2019essor de l\u2019\u00ab\u00a0ultrafast-fashion\u00a0\u00bb et de la seconde main. Auparavant, une partie d\u2019entre elles avait d\u00e9j\u00e0 subi la pand\u00e9mie de Covid, qui avait mis \u00e0 l\u2019arr\u00eat l\u2019activit\u00e9 \u00e9conomique, puis l\u2019inflation, la hausse des co\u00fbts de l\u2019\u00e9nergie, des mati\u00e8res premi\u00e8res, des loyers et des salaires. Cette suite de difficult\u00e9s a mis \u00e0 rude \u00e9preuve ces commerces bien connus des centres-villes et des zones commerciales. Cama\u00efeu, Kooka\u00ef, Burton of London, Gap France, Andr\u00e9, San Marina, Kaporal, Jennyfer, Du pareil au m\u00eame, Sergent Major, Esprit, C &amp;\u00a0A, Naf Naf, IKKS\u00a0: aucune de ces enseignes n\u2019en est sortie indemne. Certaines ont ferm\u00e9 des magasins et licenci\u00e9 des employ\u00e9s, d\u2019autres ont demand\u00e9 un placement en redressement judiciaire, certaines, enfin, ont d\u00fb se r\u00e9soudre \u00e0 \u00eatre liquid\u00e9es.    Le Monde avec AFP      S\u2019abonner   Contribuer R\u00e9utiliser ce contenu","og_url":"https:\/\/vof-news.eu\/fr\/princesse-tam-tam-et-comptoir-des-cotonniers-places-en-redressement-judiciaire\/","og_site_name":"vof-news.eu","article_published_time":"2025-07-02T18:33:45+00:00","article_modified_time":"2025-07-02T18:34:10+00:00","og_image":[{"width":664,"height":489,"url":"https:\/\/vof-news.eu\/wp-content\/uploads\/2025\/07\/a90700d_upload-1-foqgazzrknlr-000-par6432069.jpg","type":"image\/jpeg"}],"author":"Author","twitter_card":"summary_large_image","twitter_misc":{"\u00c9crit par":"Author","Dur\u00e9e de lecture estim\u00e9e":"2 minutes"},"schema":{"@context":"https:\/\/schema.org","@graph":[{"@type":"WebPage","@id":"https:\/\/vof-news.eu\/fr\/princesse-tam-tam-et-comptoir-des-cotonniers-places-en-redressement-judiciaire\/","url":"https:\/\/vof-news.eu\/fr\/princesse-tam-tam-et-comptoir-des-cotonniers-places-en-redressement-judiciaire\/","name":"Princesse Tam-Tam et Comptoir des cotonniers plac\u00e9s en redressement judiciaire - vof-news.eu","isPartOf":{"@id":"https:\/\/vof-news.eu\/fr\/#website"},"primaryImageOfPage":{"@id":"https:\/\/vof-news.eu\/fr\/princesse-tam-tam-et-comptoir-des-cotonniers-places-en-redressement-judiciaire\/#primaryimage"},"image":{"@id":"https:\/\/vof-news.eu\/fr\/princesse-tam-tam-et-comptoir-des-cotonniers-places-en-redressement-judiciaire\/#primaryimage"},"thumbnailUrl":"https:\/\/vof-news.eu\/wp-content\/uploads\/2025\/07\/a90700d_upload-1-foqgazzrknlr-000-par6432069.jpg","datePublished":"2025-07-02T18:33:45+00:00","dateModified":"2025-07-02T18:34:10+00:00","author":{"@id":"https:\/\/vof-news.eu\/fr\/#\/schema\/person\/f6a2a4309f0561835797fd8c19b333ed"},"description":"Les marques de pr\u00eat-\u00e0-porter Princesse Tam-Tam et Comptoir des cotonniers ont \u00e9t\u00e9 plac\u00e9es mardi 1er\u00a0juillet en redressement judiciaire par le tribunal des activit\u00e9s \u00e9conomiques de Paris, a appris l\u2019Agence France-Presse (AFP) d\u2019une source proche du dossier, mercredi 2\u00a0juillet. Ces enseignes, sp\u00e9cialis\u00e9es respectivement dans la lingerie et les v\u00eatements pour femmes, en avaient formul\u00e9 la demande en raison de de leurs comptes, , avait communiqu\u00e9 une source \u00e0 l\u2019AFP fin juin. Les deux marques appartiennent au groupe Fast Retailing France, filiale du g\u00e9ant japonais du m\u00eame nom dont l\u2019enseigne phare est Uniqlo. Le groupe avait d\u00e9j\u00e0 annonc\u00e9 en juin\u00a02023 envisager la fermeture de 55 magasins de Comptoir des Cotonniers et Princesse Tam-Tam sur 136 en France, ainsi que la suppression de 304 postes pour ces deux marques. L\u2019objectif du plan \u00e9tait de , selon le groupe. Concurrence de l\u2019\u00ab\u00a0ultrafast-fashion\u00a0\u00bb et de la seconde main Comptoir des cotonniers et Princesse Tam-Tam n\u2019ont pas r\u00e9sist\u00e9 \u00e0 la crise qui frappe les enseignes de pr\u00eat-\u00e0-porter du milieu de gamme, concurrenc\u00e9es par l\u2019essor de l\u2019\u00ab\u00a0ultrafast-fashion\u00a0\u00bb et de la seconde main. Auparavant, une partie d\u2019entre elles avait d\u00e9j\u00e0 subi la pand\u00e9mie de Covid, qui avait mis \u00e0 l\u2019arr\u00eat l\u2019activit\u00e9 \u00e9conomique, puis l\u2019inflation, la hausse des co\u00fbts de l\u2019\u00e9nergie, des mati\u00e8res premi\u00e8res, des loyers et des salaires. Cette suite de difficult\u00e9s a mis \u00e0 rude \u00e9preuve ces commerces bien connus des centres-villes et des zones commerciales. Cama\u00efeu, Kooka\u00ef, Burton of London, Gap France, Andr\u00e9, San Marina, Kaporal, Jennyfer, Du pareil au m\u00eame, Sergent Major, Esprit, C &amp;\u00a0A, Naf Naf, IKKS\u00a0: aucune de ces enseignes n\u2019en est sortie indemne. Certaines ont ferm\u00e9 des magasins et licenci\u00e9 des employ\u00e9s, d\u2019autres ont demand\u00e9 un placement en redressement judiciaire, certaines, enfin, ont d\u00fb se r\u00e9soudre \u00e0 \u00eatre liquid\u00e9es. Le Monde avec AFP S\u2019abonner Contribuer R\u00e9utiliser ce contenu","breadcrumb":{"@id":"https:\/\/vof-news.eu\/fr\/princesse-tam-tam-et-comptoir-des-cotonniers-places-en-redressement-judiciaire\/#breadcrumb"},"inLanguage":"fr-FR","potentialAction":[{"@type":"ReadAction","target":["https:\/\/vof-news.eu\/fr\/princesse-tam-tam-et-comptoir-des-cotonniers-places-en-redressement-judiciaire\/"]}]},{"@type":"ImageObject","inLanguage":"fr-FR","@id":"https:\/\/vof-news.eu\/fr\/princesse-tam-tam-et-comptoir-des-cotonniers-places-en-redressement-judiciaire\/#primaryimage","url":"https:\/\/vof-news.eu\/wp-content\/uploads\/2025\/07\/a90700d_upload-1-foqgazzrknlr-000-par6432069.jpg","contentUrl":"https:\/\/vof-news.eu\/wp-content\/uploads\/2025\/07\/a90700d_upload-1-foqgazzrknlr-000-par6432069.jpg","width":664,"height":489},{"@type":"BreadcrumbList","@id":"https:\/\/vof-news.eu\/fr\/princesse-tam-tam-et-comptoir-des-cotonniers-places-en-redressement-judiciaire\/#breadcrumb","itemListElement":[{"@type":"ListItem","position":1,"name":"Home","item":"https:\/\/vof-news.eu\/fr\/"},{"@type":"ListItem","position":2,"name":"Princesse Tam-Tam et Comptoir des cotonniers plac\u00e9s en redressement judiciaire"}]},{"@type":"WebSite","@id":"https:\/\/vof-news.eu\/fr\/#website","url":"https:\/\/vof-news.eu\/fr\/","name":"vof-news.eu","description":"","potentialAction":[{"@type":"SearchAction","target":{"@type":"EntryPoint","urlTemplate":"https:\/\/vof-news.eu\/fr\/?s={search_term_string}"},"query-input":"required name=search_term_string"}],"inLanguage":"fr-FR"},{"@type":"Person","@id":"https:\/\/vof-news.eu\/fr\/#\/schema\/person\/f6a2a4309f0561835797fd8c19b333ed","name":"Author","image":{"@type":"ImageObject","inLanguage":"fr-FR","@id":"https:\/\/vof-news.eu\/fr\/#\/schema\/person\/image\/","url":"https:\/\/secure.gravatar.com\/avatar\/b67e614b1b25b3e9c0c239efdd2fde5ab015b5affd6f1c3c85911ca4b384e790?s=96&d=mm&r=g","contentUrl":"https:\/\/secure.gravatar.com\/avatar\/b67e614b1b25b3e9c0c239efdd2fde5ab015b5affd6f1c3c85911ca4b384e790?s=96&d=mm&r=g","caption":"Author"},"sameAs":["http:\/\/vof-news.eu"],"url":"https:\/\/vof-news.eu\/fr\/author\/zwt6qxnjulxbnyg\/"}]}},"yoast_meta":{"yoast_wpseo_title":"","yoast_wpseo_metadesc":"","yoast_wpseo_canonical":""},"_links":{"self":[{"href":"https:\/\/vof-news.eu\/fr\/wp-json\/wp\/v2\/posts\/245765","targetHints":{"allow":["GET"]}}],"collection":[{"href":"https:\/\/vof-news.eu\/fr\/wp-json\/wp\/v2\/posts"}],"about":[{"href":"https:\/\/vof-news.eu\/fr\/wp-json\/wp\/v2\/types\/post"}],"author":[{"embeddable":true,"href":"https:\/\/vof-news.eu\/fr\/wp-json\/wp\/v2\/users\/1"}],"replies":[{"embeddable":true,"href":"https:\/\/vof-news.eu\/fr\/wp-json\/wp\/v2\/comments?post=245765"}],"version-history":[{"count":1,"href":"https:\/\/vof-news.eu\/fr\/wp-json\/wp\/v2\/posts\/245765\/revisions"}],"predecessor-version":[{"id":245772,"href":"https:\/\/vof-news.eu\/fr\/wp-json\/wp\/v2\/posts\/245765\/revisions\/245772"}],"wp:featuredmedia":[{"embeddable":true,"href":"https:\/\/vof-news.eu\/fr\/wp-json\/wp\/v2\/media\/245766"}],"wp:attachment":[{"href":"https:\/\/vof-news.eu\/fr\/wp-json\/wp\/v2\/media?parent=245765"}],"wp:term":[{"taxonomy":"category","embeddable":true,"href":"https:\/\/vof-news.eu\/fr\/wp-json\/wp\/v2\/categories?post=245765"},{"taxonomy":"post_tag","embeddable":true,"href":"https:\/\/vof-news.eu\/fr\/wp-json\/wp\/v2\/tags?post=245765"}],"curies":[{"name":"wp","href":"https:\/\/api.w.org\/{rel}","templated":true}]}}