{"id":245757,"date":"2025-07-02T21:32:54","date_gmt":"2025-07-02T18:32:54","guid":{"rendered":"https:\/\/vof-news.eu\/greve-de-controleurs-aeriens-les-compagnies-aeriennes-appelees-a-annuler-40-des-vols-dans-les-aeroports-parisiens-vendredi\/"},"modified":"2025-07-02T21:33:19","modified_gmt":"2025-07-02T18:33:19","slug":"greve-de-controleurs-aeriens-les-compagnies-aeriennes-appelees-a-annuler-40-des-vols-dans-les-aeroports-parisiens-vendredi","status":"publish","type":"post","link":"https:\/\/vof-news.eu\/fr\/greve-de-controleurs-aeriens-les-compagnies-aeriennes-appelees-a-annuler-40-des-vols-dans-les-aeroports-parisiens-vendredi\/","title":{"rendered":"Gr\u00e8ve de contr\u00f4leurs a\u00e9riens\u00a0: les compagnies a\u00e9riennes appel\u00e9es \u00e0 annuler 40\u00a0% des vols dans les a\u00e9roports parisiens vendredi"},"content":{"rendered":"<article>\n<p>Les compagnies a\u00e9riennes sont appel\u00e9es \u00e0 annuler 40\u00a0% de leurs vols au d\u00e9part ou \u00e0 l\u2019arriv\u00e9e des a\u00e9roports de Paris &#8211; Charles-de-Gaulle et Orly vendredi, veille des vacances d\u2019\u00e9t\u00e9, en raison d\u2019une gr\u00e8ve de contr\u00f4leurs a\u00e9riens, a annonc\u00e9 la direction g\u00e9n\u00e9rale de l\u2019aviation civile (DGAC), mercredi 2\u00a0juillet.<\/p>\n<p>Cette exigence de l\u2019administration est plus \u00e9lev\u00e9e que celle de jeudi, premier jour de mouvement social, quand seulement un quart des vols seront supprim\u00e9s dans les a\u00e9roports parisiens. A Nice, troisi\u00e8me plateforme fran\u00e7aise, ces annulations concerneront vendredi la moiti\u00e9 des liaisons, comme jeudi.<\/p>\n<p>Le ministre des transports, Philippe Tabarot, s\u2019est dit mercredi  face aux syndicats de contr\u00f4leurs a\u00e9riens qui ont appel\u00e9 \u00e0 faire gr\u00e8ve, et a d\u00e9nonc\u00e9 leurs revendications . , a-t-il affirm\u00e9 en cl\u00f4turant le congr\u00e8s annuel de la F\u00e9d\u00e9ration nationale de l\u2019aviation et de ses m\u00e9tiers, porte-voix du secteur. , a-t-il ajout\u00e9.<\/p>\n<p>L\u2019appel \u00e0 la gr\u00e8ve a \u00e9t\u00e9 lanc\u00e9 par l\u2019UNSA-ICNA et l\u2019USAC-CGT, qui ont recueilli respectivement 17\u00a0% et 16\u00a0% des voix aux derni\u00e8res \u00e9lections. Le syndicat national des contr\u00f4leurs du trafic a\u00e9rien (SNCTA), majoritaire, ne s\u2019est pas joint au mouvement.<\/p>\n<section>   <\/section>\n<h2>La pratique des clairances remise en question<\/h2>\n<p>L\u2019UNCA-ICNA , soulignant \u00e9galement un L\u2019USAC-CGT r\u00e9clame, de son c\u00f4t\u00e9, , en r\u00e9f\u00e9rence \u00e0 la vaste r\u00e9forme des services de navigation a\u00e9rienne qui pourrait se traduire par la fermeture du quart des tours de contr\u00f4le entre 2028 et 2035, sachant que la France compte , pointe la DGAC.<\/p>\n<p>Les syndicats souhaitent \u00e9galement une harmonisation des r\u00e9mun\u00e9rations par rapport aux voisins europ\u00e9ens. Les aiguilleurs fran\u00e7ais sont pay\u00e9s en moyenne<strong> <\/strong>5\u00a0000\u00a0euros net par mois, soit deux \u00e0 trois fois moins que dans les grands pays du continent, rel\u00e8ve le SNCTA.<\/p>\n<p>Autre motif de la mobilisation\u00a0: , selon les termes de la DGAC. Le Bureau d\u2019enqu\u00eates et d\u2019analyses (BEA) a, en effet, recommand\u00e9 en\u00a02023, la mise en place de badgeuses biom\u00e9triques pour contr\u00f4ler la pr\u00e9sence des aiguilleurs du ciel sur leur lieu de travail, apr\u00e8s une collision \u00e9vit\u00e9e de justesse, \u00e0 l\u2019a\u00e9roport de Bordeaux-Merignac, entre un Airbus et un avion de tourisme en\u00a02022.<\/p>\n<p>En cause, les aiguilleurs du ciel, pas assez nombreux dans la tour de contr\u00f4le de l\u2019a\u00e9roport et occup\u00e9s \u00e0 d\u2019autres t\u00e2ches, avaient, un instant, oubli\u00e9 la pr\u00e9sence du petit a\u00e9ronef. Pour le BEA, cet incident est directement li\u00e9 \u00e0 la pratique de la clairance\u00a0: des contr\u00f4leurs qui, face \u00e0 un trafic plus faible que pr\u00e9vu, s\u2019autorisent des absences non d\u00e9clar\u00e9es.<\/p>\n<section>   <\/section>\n<section>\n<p> <span>Le Monde avec AFP<\/span> <\/p>\n<\/section>\n<section>\n<section>\n<header>   <\/header>\n<section>\n<section> <a href=\"https:\/\/abo.lemonde.fr\/?lmd_medium=BOUTONS_LMFR&amp;lmd_campaign=CONTRIBUTION_ARTICLE\" rel=\"nofollow\">S\u2019abonner<\/a> <\/section>\n<\/section>\n<section><\/section>\n<\/section>\n<p>Contribuer<\/p>\n<p> <a href=\"https:\/\/www.lemonde.fr\/syndication\/\" rel=\"nofollow\">R\u00e9utiliser ce contenu<\/a> <\/section>\n<\/article>\n","protected":false},"excerpt":{"rendered":"<p>Les compagnies a\u00e9riennes sont appel\u00e9es \u00e0 annuler 40\u00a0% de leurs vols au d\u00e9part ou \u00e0 l\u2019arriv\u00e9e des a\u00e9roports de Paris &#8211; Charles-de-Gaulle et Orly vendredi, veille des vacances d\u2019\u00e9t\u00e9, en raison d\u2019une gr\u00e8ve de contr\u00f4leurs a\u00e9riens, a annonc\u00e9 la direction g\u00e9n\u00e9rale de l\u2019aviation civile (DGAC), mercredi 2\u00a0juillet. Cette exigence de l\u2019administration est plus \u00e9lev\u00e9e que<\/p>\n","protected":false},"author":1,"featured_media":245758,"comment_status":"open","ping_status":"open","sticky":false,"template":"","format":"standard","meta":{"footnotes":""},"categories":[58],"tags":[],"class_list":["post-245757","post","type-post","status-publish","format-standard","has-post-thumbnail","hentry","category-business-fr"],"acf":[],"yoast_head":"<!-- This site is optimized with the Yoast SEO plugin v22.9 - https:\/\/yoast.com\/wordpress\/plugins\/seo\/ -->\n<title>Gr\u00e8ve de contr\u00f4leurs a\u00e9riens\u00a0: les compagnies a\u00e9riennes appel\u00e9es \u00e0 annuler 40\u00a0% des vols dans les a\u00e9roports parisiens vendredi - vof-news.eu<\/title>\n<meta name=\"description\" content=\"Les compagnies a\u00e9riennes sont appel\u00e9es \u00e0 annuler 40\u00a0% de leurs vols au d\u00e9part ou \u00e0 l\u2019arriv\u00e9e des a\u00e9roports de Paris - Charles-de-Gaulle et Orly vendredi, veille des vacances d\u2019\u00e9t\u00e9, en raison d\u2019une gr\u00e8ve de contr\u00f4leurs a\u00e9riens, a annonc\u00e9 la direction g\u00e9n\u00e9rale de l\u2019aviation civile (DGAC), mercredi 2\u00a0juillet. Cette exigence de l\u2019administration est plus \u00e9lev\u00e9e que celle de jeudi, premier jour de mouvement social, quand seulement un quart des vols seront supprim\u00e9s dans les a\u00e9roports parisiens. A Nice, troisi\u00e8me plateforme fran\u00e7aise, ces annulations concerneront vendredi la moiti\u00e9 des liaisons, comme jeudi. Le ministre des transports, Philippe Tabarot, s\u2019est dit mercredi face aux syndicats de contr\u00f4leurs a\u00e9riens qui ont appel\u00e9 \u00e0 faire gr\u00e8ve, et a d\u00e9nonc\u00e9 leurs revendications . , a-t-il affirm\u00e9 en cl\u00f4turant le congr\u00e8s annuel de la F\u00e9d\u00e9ration nationale de l\u2019aviation et de ses m\u00e9tiers, porte-voix du secteur. , a-t-il ajout\u00e9. L\u2019appel \u00e0 la gr\u00e8ve a \u00e9t\u00e9 lanc\u00e9 par l\u2019UNSA-ICNA et l\u2019USAC-CGT, qui ont recueilli respectivement 17\u00a0% et 16\u00a0% des voix aux derni\u00e8res \u00e9lections. Le syndicat national des contr\u00f4leurs du trafic a\u00e9rien (SNCTA), majoritaire, ne s\u2019est pas joint au mouvement.   La pratique des clairances remise en question L\u2019UNCA-ICNA , soulignant \u00e9galement un L\u2019USAC-CGT r\u00e9clame, de son c\u00f4t\u00e9, , en r\u00e9f\u00e9rence \u00e0 la vaste r\u00e9forme des services de navigation a\u00e9rienne qui pourrait se traduire par la fermeture du quart des tours de contr\u00f4le entre 2028 et 2035, sachant que la France compte , pointe la DGAC. Les syndicats souhaitent \u00e9galement une harmonisation des r\u00e9mun\u00e9rations par rapport aux voisins europ\u00e9ens. Les aiguilleurs fran\u00e7ais sont pay\u00e9s en moyenne 5\u00a0000\u00a0euros net par mois, soit deux \u00e0 trois fois moins que dans les grands pays du continent, rel\u00e8ve le SNCTA. Autre motif de la mobilisation\u00a0: , selon les termes de la DGAC. Le Bureau d\u2019enqu\u00eates et d\u2019analyses (BEA) a, en effet, recommand\u00e9 en\u00a02023, la mise en place de badgeuses biom\u00e9triques pour contr\u00f4ler la pr\u00e9sence des aiguilleurs du ciel sur leur lieu de travail, apr\u00e8s une collision \u00e9vit\u00e9e de justesse, \u00e0 l\u2019a\u00e9roport de Bordeaux-Merignac, entre un Airbus et un avion de tourisme en\u00a02022. En cause, les aiguilleurs du ciel, pas assez nombreux dans la tour de contr\u00f4le de l\u2019a\u00e9roport et occup\u00e9s \u00e0 d\u2019autres t\u00e2ches, avaient, un instant, oubli\u00e9 la pr\u00e9sence du petit a\u00e9ronef. Pour le BEA, cet incident est directement li\u00e9 \u00e0 la pratique de la clairance\u00a0: des contr\u00f4leurs qui, face \u00e0 un trafic plus faible que pr\u00e9vu, s\u2019autorisent des absences non d\u00e9clar\u00e9es.    Le Monde avec AFP      S\u2019abonner   Contribuer R\u00e9utiliser ce contenu\" \/>\n<meta name=\"robots\" content=\"noindex, follow, max-snippet:-1, max-image-preview:large, max-video-preview:-1\" \/>\n<meta property=\"og:locale\" content=\"fr_FR\" \/>\n<meta property=\"og:type\" content=\"article\" \/>\n<meta property=\"og:title\" content=\"Gr\u00e8ve de contr\u00f4leurs a\u00e9riens\u00a0: les compagnies a\u00e9riennes appel\u00e9es \u00e0 annuler 40\u00a0% des vols dans les a\u00e9roports parisiens vendredi - vof-news.eu\" \/>\n<meta property=\"og:description\" content=\"Les compagnies a\u00e9riennes sont appel\u00e9es \u00e0 annuler 40\u00a0% de leurs vols au d\u00e9part ou \u00e0 l\u2019arriv\u00e9e des a\u00e9roports de Paris - Charles-de-Gaulle et Orly vendredi, veille des vacances d\u2019\u00e9t\u00e9, en raison d\u2019une gr\u00e8ve de contr\u00f4leurs a\u00e9riens, a annonc\u00e9 la direction g\u00e9n\u00e9rale de l\u2019aviation civile (DGAC), mercredi 2\u00a0juillet. Cette exigence de l\u2019administration est plus \u00e9lev\u00e9e que celle de jeudi, premier jour de mouvement social, quand seulement un quart des vols seront supprim\u00e9s dans les a\u00e9roports parisiens. A Nice, troisi\u00e8me plateforme fran\u00e7aise, ces annulations concerneront vendredi la moiti\u00e9 des liaisons, comme jeudi. Le ministre des transports, Philippe Tabarot, s\u2019est dit mercredi face aux syndicats de contr\u00f4leurs a\u00e9riens qui ont appel\u00e9 \u00e0 faire gr\u00e8ve, et a d\u00e9nonc\u00e9 leurs revendications . , a-t-il affirm\u00e9 en cl\u00f4turant le congr\u00e8s annuel de la F\u00e9d\u00e9ration nationale de l\u2019aviation et de ses m\u00e9tiers, porte-voix du secteur. , a-t-il ajout\u00e9. L\u2019appel \u00e0 la gr\u00e8ve a \u00e9t\u00e9 lanc\u00e9 par l\u2019UNSA-ICNA et l\u2019USAC-CGT, qui ont recueilli respectivement 17\u00a0% et 16\u00a0% des voix aux derni\u00e8res \u00e9lections. Le syndicat national des contr\u00f4leurs du trafic a\u00e9rien (SNCTA), majoritaire, ne s\u2019est pas joint au mouvement.   La pratique des clairances remise en question L\u2019UNCA-ICNA , soulignant \u00e9galement un L\u2019USAC-CGT r\u00e9clame, de son c\u00f4t\u00e9, , en r\u00e9f\u00e9rence \u00e0 la vaste r\u00e9forme des services de navigation a\u00e9rienne qui pourrait se traduire par la fermeture du quart des tours de contr\u00f4le entre 2028 et 2035, sachant que la France compte , pointe la DGAC. Les syndicats souhaitent \u00e9galement une harmonisation des r\u00e9mun\u00e9rations par rapport aux voisins europ\u00e9ens. Les aiguilleurs fran\u00e7ais sont pay\u00e9s en moyenne 5\u00a0000\u00a0euros net par mois, soit deux \u00e0 trois fois moins que dans les grands pays du continent, rel\u00e8ve le SNCTA. Autre motif de la mobilisation\u00a0: , selon les termes de la DGAC. Le Bureau d\u2019enqu\u00eates et d\u2019analyses (BEA) a, en effet, recommand\u00e9 en\u00a02023, la mise en place de badgeuses biom\u00e9triques pour contr\u00f4ler la pr\u00e9sence des aiguilleurs du ciel sur leur lieu de travail, apr\u00e8s une collision \u00e9vit\u00e9e de justesse, \u00e0 l\u2019a\u00e9roport de Bordeaux-Merignac, entre un Airbus et un avion de tourisme en\u00a02022. En cause, les aiguilleurs du ciel, pas assez nombreux dans la tour de contr\u00f4le de l\u2019a\u00e9roport et occup\u00e9s \u00e0 d\u2019autres t\u00e2ches, avaient, un instant, oubli\u00e9 la pr\u00e9sence du petit a\u00e9ronef. Pour le BEA, cet incident est directement li\u00e9 \u00e0 la pratique de la clairance\u00a0: des contr\u00f4leurs qui, face \u00e0 un trafic plus faible que pr\u00e9vu, s\u2019autorisent des absences non d\u00e9clar\u00e9es.    Le Monde avec AFP      S\u2019abonner   Contribuer R\u00e9utiliser ce contenu\" \/>\n<meta property=\"og:url\" content=\"https:\/\/vof-news.eu\/fr\/greve-de-controleurs-aeriens-les-compagnies-aeriennes-appelees-a-annuler-40-des-vols-dans-les-aeroports-parisiens-vendredi\/\" \/>\n<meta property=\"og:site_name\" content=\"vof-news.eu\" \/>\n<meta property=\"article:published_time\" content=\"2025-07-02T18:32:54+00:00\" \/>\n<meta property=\"article:modified_time\" content=\"2025-07-02T18:33:19+00:00\" \/>\n<meta property=\"og:image\" content=\"https:\/\/vof-news.eu\/wp-content\/uploads\/2025\/07\/29a7c53_ftp-import-images-1-uc64lfojmles-dfc652463e734ad0b299d4f473c3cb03-0-2793a64a344e482e903e95f76bc7a0a2.jpg\" \/>\n\t<meta property=\"og:image:width\" content=\"664\" \/>\n\t<meta property=\"og:image:height\" content=\"443\" \/>\n\t<meta property=\"og:image:type\" content=\"image\/jpeg\" \/>\n<meta name=\"author\" content=\"Author\" \/>\n<meta name=\"twitter:card\" content=\"summary_large_image\" \/>\n<meta name=\"twitter:label1\" content=\"\u00c9crit par\" \/>\n\t<meta name=\"twitter:data1\" content=\"Author\" \/>\n\t<meta name=\"twitter:label2\" content=\"Dur\u00e9e de lecture estim\u00e9e\" \/>\n\t<meta name=\"twitter:data2\" content=\"2 minutes\" \/>\n<script type=\"application\/ld+json\" class=\"yoast-schema-graph\">{\"@context\":\"https:\/\/schema.org\",\"@graph\":[{\"@type\":\"WebPage\",\"@id\":\"https:\/\/vof-news.eu\/fr\/greve-de-controleurs-aeriens-les-compagnies-aeriennes-appelees-a-annuler-40-des-vols-dans-les-aeroports-parisiens-vendredi\/\",\"url\":\"https:\/\/vof-news.eu\/fr\/greve-de-controleurs-aeriens-les-compagnies-aeriennes-appelees-a-annuler-40-des-vols-dans-les-aeroports-parisiens-vendredi\/\",\"name\":\"Gr\u00e8ve de contr\u00f4leurs a\u00e9riens\u00a0: les compagnies a\u00e9riennes appel\u00e9es \u00e0 annuler 40\u00a0% des vols dans les a\u00e9roports parisiens vendredi - vof-news.eu\",\"isPartOf\":{\"@id\":\"https:\/\/vof-news.eu\/fr\/#website\"},\"primaryImageOfPage\":{\"@id\":\"https:\/\/vof-news.eu\/fr\/greve-de-controleurs-aeriens-les-compagnies-aeriennes-appelees-a-annuler-40-des-vols-dans-les-aeroports-parisiens-vendredi\/#primaryimage\"},\"image\":{\"@id\":\"https:\/\/vof-news.eu\/fr\/greve-de-controleurs-aeriens-les-compagnies-aeriennes-appelees-a-annuler-40-des-vols-dans-les-aeroports-parisiens-vendredi\/#primaryimage\"},\"thumbnailUrl\":\"https:\/\/vof-news.eu\/wp-content\/uploads\/2025\/07\/29a7c53_ftp-import-images-1-uc64lfojmles-dfc652463e734ad0b299d4f473c3cb03-0-2793a64a344e482e903e95f76bc7a0a2.jpg\",\"datePublished\":\"2025-07-02T18:32:54+00:00\",\"dateModified\":\"2025-07-02T18:33:19+00:00\",\"author\":{\"@id\":\"https:\/\/vof-news.eu\/fr\/#\/schema\/person\/f6a2a4309f0561835797fd8c19b333ed\"},\"description\":\"Les compagnies a\u00e9riennes sont appel\u00e9es \u00e0 annuler 40\u00a0% de leurs vols au d\u00e9part ou \u00e0 l\u2019arriv\u00e9e des a\u00e9roports de Paris - Charles-de-Gaulle et Orly vendredi, veille des vacances d\u2019\u00e9t\u00e9, en raison d\u2019une gr\u00e8ve de contr\u00f4leurs a\u00e9riens, a annonc\u00e9 la direction g\u00e9n\u00e9rale de l\u2019aviation civile (DGAC), mercredi 2\u00a0juillet. Cette exigence de l\u2019administration est plus \u00e9lev\u00e9e que celle de jeudi, premier jour de mouvement social, quand seulement un quart des vols seront supprim\u00e9s dans les a\u00e9roports parisiens. A Nice, troisi\u00e8me plateforme fran\u00e7aise, ces annulations concerneront vendredi la moiti\u00e9 des liaisons, comme jeudi. Le ministre des transports, Philippe Tabarot, s\u2019est dit mercredi face aux syndicats de contr\u00f4leurs a\u00e9riens qui ont appel\u00e9 \u00e0 faire gr\u00e8ve, et a d\u00e9nonc\u00e9 leurs revendications . , a-t-il affirm\u00e9 en cl\u00f4turant le congr\u00e8s annuel de la F\u00e9d\u00e9ration nationale de l\u2019aviation et de ses m\u00e9tiers, porte-voix du secteur. , a-t-il ajout\u00e9. L\u2019appel \u00e0 la gr\u00e8ve a \u00e9t\u00e9 lanc\u00e9 par l\u2019UNSA-ICNA et l\u2019USAC-CGT, qui ont recueilli respectivement 17\u00a0% et 16\u00a0% des voix aux derni\u00e8res \u00e9lections. Le syndicat national des contr\u00f4leurs du trafic a\u00e9rien (SNCTA), majoritaire, ne s\u2019est pas joint au mouvement. La pratique des clairances remise en question L\u2019UNCA-ICNA , soulignant \u00e9galement un L\u2019USAC-CGT r\u00e9clame, de son c\u00f4t\u00e9, , en r\u00e9f\u00e9rence \u00e0 la vaste r\u00e9forme des services de navigation a\u00e9rienne qui pourrait se traduire par la fermeture du quart des tours de contr\u00f4le entre 2028 et 2035, sachant que la France compte , pointe la DGAC. Les syndicats souhaitent \u00e9galement une harmonisation des r\u00e9mun\u00e9rations par rapport aux voisins europ\u00e9ens. Les aiguilleurs fran\u00e7ais sont pay\u00e9s en moyenne 5\u00a0000\u00a0euros net par mois, soit deux \u00e0 trois fois moins que dans les grands pays du continent, rel\u00e8ve le SNCTA. Autre motif de la mobilisation\u00a0: , selon les termes de la DGAC. Le Bureau d\u2019enqu\u00eates et d\u2019analyses (BEA) a, en effet, recommand\u00e9 en\u00a02023, la mise en place de badgeuses biom\u00e9triques pour contr\u00f4ler la pr\u00e9sence des aiguilleurs du ciel sur leur lieu de travail, apr\u00e8s une collision \u00e9vit\u00e9e de justesse, \u00e0 l\u2019a\u00e9roport de Bordeaux-Merignac, entre un Airbus et un avion de tourisme en\u00a02022. En cause, les aiguilleurs du ciel, pas assez nombreux dans la tour de contr\u00f4le de l\u2019a\u00e9roport et occup\u00e9s \u00e0 d\u2019autres t\u00e2ches, avaient, un instant, oubli\u00e9 la pr\u00e9sence du petit a\u00e9ronef. Pour le BEA, cet incident est directement li\u00e9 \u00e0 la pratique de la clairance\u00a0: des contr\u00f4leurs qui, face \u00e0 un trafic plus faible que pr\u00e9vu, s\u2019autorisent des absences non d\u00e9clar\u00e9es. Le Monde avec AFP S\u2019abonner Contribuer R\u00e9utiliser ce contenu\",\"breadcrumb\":{\"@id\":\"https:\/\/vof-news.eu\/fr\/greve-de-controleurs-aeriens-les-compagnies-aeriennes-appelees-a-annuler-40-des-vols-dans-les-aeroports-parisiens-vendredi\/#breadcrumb\"},\"inLanguage\":\"fr-FR\",\"potentialAction\":[{\"@type\":\"ReadAction\",\"target\":[\"https:\/\/vof-news.eu\/fr\/greve-de-controleurs-aeriens-les-compagnies-aeriennes-appelees-a-annuler-40-des-vols-dans-les-aeroports-parisiens-vendredi\/\"]}]},{\"@type\":\"ImageObject\",\"inLanguage\":\"fr-FR\",\"@id\":\"https:\/\/vof-news.eu\/fr\/greve-de-controleurs-aeriens-les-compagnies-aeriennes-appelees-a-annuler-40-des-vols-dans-les-aeroports-parisiens-vendredi\/#primaryimage\",\"url\":\"https:\/\/vof-news.eu\/wp-content\/uploads\/2025\/07\/29a7c53_ftp-import-images-1-uc64lfojmles-dfc652463e734ad0b299d4f473c3cb03-0-2793a64a344e482e903e95f76bc7a0a2.jpg\",\"contentUrl\":\"https:\/\/vof-news.eu\/wp-content\/uploads\/2025\/07\/29a7c53_ftp-import-images-1-uc64lfojmles-dfc652463e734ad0b299d4f473c3cb03-0-2793a64a344e482e903e95f76bc7a0a2.jpg\",\"width\":664,\"height\":443},{\"@type\":\"BreadcrumbList\",\"@id\":\"https:\/\/vof-news.eu\/fr\/greve-de-controleurs-aeriens-les-compagnies-aeriennes-appelees-a-annuler-40-des-vols-dans-les-aeroports-parisiens-vendredi\/#breadcrumb\",\"itemListElement\":[{\"@type\":\"ListItem\",\"position\":1,\"name\":\"Home\",\"item\":\"https:\/\/vof-news.eu\/fr\/\"},{\"@type\":\"ListItem\",\"position\":2,\"name\":\"Gr\u00e8ve de contr\u00f4leurs a\u00e9riens\u00a0: les compagnies a\u00e9riennes appel\u00e9es \u00e0 annuler 40\u00a0% des vols dans les a\u00e9roports parisiens vendredi\"}]},{\"@type\":\"WebSite\",\"@id\":\"https:\/\/vof-news.eu\/fr\/#website\",\"url\":\"https:\/\/vof-news.eu\/fr\/\",\"name\":\"vof-news.eu\",\"description\":\"\",\"potentialAction\":[{\"@type\":\"SearchAction\",\"target\":{\"@type\":\"EntryPoint\",\"urlTemplate\":\"https:\/\/vof-news.eu\/fr\/?s={search_term_string}\"},\"query-input\":\"required name=search_term_string\"}],\"inLanguage\":\"fr-FR\"},{\"@type\":\"Person\",\"@id\":\"https:\/\/vof-news.eu\/fr\/#\/schema\/person\/f6a2a4309f0561835797fd8c19b333ed\",\"name\":\"Author\",\"image\":{\"@type\":\"ImageObject\",\"inLanguage\":\"fr-FR\",\"@id\":\"https:\/\/vof-news.eu\/fr\/#\/schema\/person\/image\/\",\"url\":\"https:\/\/secure.gravatar.com\/avatar\/b67e614b1b25b3e9c0c239efdd2fde5ab015b5affd6f1c3c85911ca4b384e790?s=96&d=mm&r=g\",\"contentUrl\":\"https:\/\/secure.gravatar.com\/avatar\/b67e614b1b25b3e9c0c239efdd2fde5ab015b5affd6f1c3c85911ca4b384e790?s=96&d=mm&r=g\",\"caption\":\"Author\"},\"sameAs\":[\"http:\/\/vof-news.eu\"],\"url\":\"https:\/\/vof-news.eu\/fr\/author\/zwt6qxnjulxbnyg\/\"}]}<\/script>\n<!-- \/ Yoast SEO plugin. -->","yoast_head_json":{"title":"Gr\u00e8ve de contr\u00f4leurs a\u00e9riens\u00a0: les compagnies a\u00e9riennes appel\u00e9es \u00e0 annuler 40\u00a0% des vols dans les a\u00e9roports parisiens vendredi - vof-news.eu","description":"Les compagnies a\u00e9riennes sont appel\u00e9es \u00e0 annuler 40\u00a0% de leurs vols au d\u00e9part ou \u00e0 l\u2019arriv\u00e9e des a\u00e9roports de Paris - Charles-de-Gaulle et Orly vendredi, veille des vacances d\u2019\u00e9t\u00e9, en raison d\u2019une gr\u00e8ve de contr\u00f4leurs a\u00e9riens, a annonc\u00e9 la direction g\u00e9n\u00e9rale de l\u2019aviation civile (DGAC), mercredi 2\u00a0juillet. Cette exigence de l\u2019administration est plus \u00e9lev\u00e9e que celle de jeudi, premier jour de mouvement social, quand seulement un quart des vols seront supprim\u00e9s dans les a\u00e9roports parisiens. A Nice, troisi\u00e8me plateforme fran\u00e7aise, ces annulations concerneront vendredi la moiti\u00e9 des liaisons, comme jeudi. Le ministre des transports, Philippe Tabarot, s\u2019est dit mercredi face aux syndicats de contr\u00f4leurs a\u00e9riens qui ont appel\u00e9 \u00e0 faire gr\u00e8ve, et a d\u00e9nonc\u00e9 leurs revendications . , a-t-il affirm\u00e9 en cl\u00f4turant le congr\u00e8s annuel de la F\u00e9d\u00e9ration nationale de l\u2019aviation et de ses m\u00e9tiers, porte-voix du secteur. , a-t-il ajout\u00e9. L\u2019appel \u00e0 la gr\u00e8ve a \u00e9t\u00e9 lanc\u00e9 par l\u2019UNSA-ICNA et l\u2019USAC-CGT, qui ont recueilli respectivement 17\u00a0% et 16\u00a0% des voix aux derni\u00e8res \u00e9lections. Le syndicat national des contr\u00f4leurs du trafic a\u00e9rien (SNCTA), majoritaire, ne s\u2019est pas joint au mouvement.   La pratique des clairances remise en question L\u2019UNCA-ICNA , soulignant \u00e9galement un L\u2019USAC-CGT r\u00e9clame, de son c\u00f4t\u00e9, , en r\u00e9f\u00e9rence \u00e0 la vaste r\u00e9forme des services de navigation a\u00e9rienne qui pourrait se traduire par la fermeture du quart des tours de contr\u00f4le entre 2028 et 2035, sachant que la France compte , pointe la DGAC. Les syndicats souhaitent \u00e9galement une harmonisation des r\u00e9mun\u00e9rations par rapport aux voisins europ\u00e9ens. Les aiguilleurs fran\u00e7ais sont pay\u00e9s en moyenne 5\u00a0000\u00a0euros net par mois, soit deux \u00e0 trois fois moins que dans les grands pays du continent, rel\u00e8ve le SNCTA. Autre motif de la mobilisation\u00a0: , selon les termes de la DGAC. Le Bureau d\u2019enqu\u00eates et d\u2019analyses (BEA) a, en effet, recommand\u00e9 en\u00a02023, la mise en place de badgeuses biom\u00e9triques pour contr\u00f4ler la pr\u00e9sence des aiguilleurs du ciel sur leur lieu de travail, apr\u00e8s une collision \u00e9vit\u00e9e de justesse, \u00e0 l\u2019a\u00e9roport de Bordeaux-Merignac, entre un Airbus et un avion de tourisme en\u00a02022. En cause, les aiguilleurs du ciel, pas assez nombreux dans la tour de contr\u00f4le de l\u2019a\u00e9roport et occup\u00e9s \u00e0 d\u2019autres t\u00e2ches, avaient, un instant, oubli\u00e9 la pr\u00e9sence du petit a\u00e9ronef. Pour le BEA, cet incident est directement li\u00e9 \u00e0 la pratique de la clairance\u00a0: des contr\u00f4leurs qui, face \u00e0 un trafic plus faible que pr\u00e9vu, s\u2019autorisent des absences non d\u00e9clar\u00e9es.    Le Monde avec AFP      S\u2019abonner   Contribuer R\u00e9utiliser ce contenu","robots":{"index":"noindex","follow":"follow","max-snippet":"max-snippet:-1","max-image-preview":"max-image-preview:large","max-video-preview":"max-video-preview:-1"},"og_locale":"fr_FR","og_type":"article","og_title":"Gr\u00e8ve de contr\u00f4leurs a\u00e9riens\u00a0: les compagnies a\u00e9riennes appel\u00e9es \u00e0 annuler 40\u00a0% des vols dans les a\u00e9roports parisiens vendredi - vof-news.eu","og_description":"Les compagnies a\u00e9riennes sont appel\u00e9es \u00e0 annuler 40\u00a0% de leurs vols au d\u00e9part ou \u00e0 l\u2019arriv\u00e9e des a\u00e9roports de Paris - Charles-de-Gaulle et Orly vendredi, veille des vacances d\u2019\u00e9t\u00e9, en raison d\u2019une gr\u00e8ve de contr\u00f4leurs a\u00e9riens, a annonc\u00e9 la direction g\u00e9n\u00e9rale de l\u2019aviation civile (DGAC), mercredi 2\u00a0juillet. Cette exigence de l\u2019administration est plus \u00e9lev\u00e9e que celle de jeudi, premier jour de mouvement social, quand seulement un quart des vols seront supprim\u00e9s dans les a\u00e9roports parisiens. A Nice, troisi\u00e8me plateforme fran\u00e7aise, ces annulations concerneront vendredi la moiti\u00e9 des liaisons, comme jeudi. Le ministre des transports, Philippe Tabarot, s\u2019est dit mercredi face aux syndicats de contr\u00f4leurs a\u00e9riens qui ont appel\u00e9 \u00e0 faire gr\u00e8ve, et a d\u00e9nonc\u00e9 leurs revendications . , a-t-il affirm\u00e9 en cl\u00f4turant le congr\u00e8s annuel de la F\u00e9d\u00e9ration nationale de l\u2019aviation et de ses m\u00e9tiers, porte-voix du secteur. , a-t-il ajout\u00e9. L\u2019appel \u00e0 la gr\u00e8ve a \u00e9t\u00e9 lanc\u00e9 par l\u2019UNSA-ICNA et l\u2019USAC-CGT, qui ont recueilli respectivement 17\u00a0% et 16\u00a0% des voix aux derni\u00e8res \u00e9lections. Le syndicat national des contr\u00f4leurs du trafic a\u00e9rien (SNCTA), majoritaire, ne s\u2019est pas joint au mouvement.   La pratique des clairances remise en question L\u2019UNCA-ICNA , soulignant \u00e9galement un L\u2019USAC-CGT r\u00e9clame, de son c\u00f4t\u00e9, , en r\u00e9f\u00e9rence \u00e0 la vaste r\u00e9forme des services de navigation a\u00e9rienne qui pourrait se traduire par la fermeture du quart des tours de contr\u00f4le entre 2028 et 2035, sachant que la France compte , pointe la DGAC. Les syndicats souhaitent \u00e9galement une harmonisation des r\u00e9mun\u00e9rations par rapport aux voisins europ\u00e9ens. Les aiguilleurs fran\u00e7ais sont pay\u00e9s en moyenne 5\u00a0000\u00a0euros net par mois, soit deux \u00e0 trois fois moins que dans les grands pays du continent, rel\u00e8ve le SNCTA. Autre motif de la mobilisation\u00a0: , selon les termes de la DGAC. Le Bureau d\u2019enqu\u00eates et d\u2019analyses (BEA) a, en effet, recommand\u00e9 en\u00a02023, la mise en place de badgeuses biom\u00e9triques pour contr\u00f4ler la pr\u00e9sence des aiguilleurs du ciel sur leur lieu de travail, apr\u00e8s une collision \u00e9vit\u00e9e de justesse, \u00e0 l\u2019a\u00e9roport de Bordeaux-Merignac, entre un Airbus et un avion de tourisme en\u00a02022. En cause, les aiguilleurs du ciel, pas assez nombreux dans la tour de contr\u00f4le de l\u2019a\u00e9roport et occup\u00e9s \u00e0 d\u2019autres t\u00e2ches, avaient, un instant, oubli\u00e9 la pr\u00e9sence du petit a\u00e9ronef. Pour le BEA, cet incident est directement li\u00e9 \u00e0 la pratique de la clairance\u00a0: des contr\u00f4leurs qui, face \u00e0 un trafic plus faible que pr\u00e9vu, s\u2019autorisent des absences non d\u00e9clar\u00e9es.    Le Monde avec AFP      S\u2019abonner   Contribuer R\u00e9utiliser ce contenu","og_url":"https:\/\/vof-news.eu\/fr\/greve-de-controleurs-aeriens-les-compagnies-aeriennes-appelees-a-annuler-40-des-vols-dans-les-aeroports-parisiens-vendredi\/","og_site_name":"vof-news.eu","article_published_time":"2025-07-02T18:32:54+00:00","article_modified_time":"2025-07-02T18:33:19+00:00","og_image":[{"width":664,"height":443,"url":"https:\/\/vof-news.eu\/wp-content\/uploads\/2025\/07\/29a7c53_ftp-import-images-1-uc64lfojmles-dfc652463e734ad0b299d4f473c3cb03-0-2793a64a344e482e903e95f76bc7a0a2.jpg","type":"image\/jpeg"}],"author":"Author","twitter_card":"summary_large_image","twitter_misc":{"\u00c9crit par":"Author","Dur\u00e9e de lecture estim\u00e9e":"2 minutes"},"schema":{"@context":"https:\/\/schema.org","@graph":[{"@type":"WebPage","@id":"https:\/\/vof-news.eu\/fr\/greve-de-controleurs-aeriens-les-compagnies-aeriennes-appelees-a-annuler-40-des-vols-dans-les-aeroports-parisiens-vendredi\/","url":"https:\/\/vof-news.eu\/fr\/greve-de-controleurs-aeriens-les-compagnies-aeriennes-appelees-a-annuler-40-des-vols-dans-les-aeroports-parisiens-vendredi\/","name":"Gr\u00e8ve de contr\u00f4leurs a\u00e9riens\u00a0: les compagnies a\u00e9riennes appel\u00e9es \u00e0 annuler 40\u00a0% des vols dans les a\u00e9roports parisiens vendredi - vof-news.eu","isPartOf":{"@id":"https:\/\/vof-news.eu\/fr\/#website"},"primaryImageOfPage":{"@id":"https:\/\/vof-news.eu\/fr\/greve-de-controleurs-aeriens-les-compagnies-aeriennes-appelees-a-annuler-40-des-vols-dans-les-aeroports-parisiens-vendredi\/#primaryimage"},"image":{"@id":"https:\/\/vof-news.eu\/fr\/greve-de-controleurs-aeriens-les-compagnies-aeriennes-appelees-a-annuler-40-des-vols-dans-les-aeroports-parisiens-vendredi\/#primaryimage"},"thumbnailUrl":"https:\/\/vof-news.eu\/wp-content\/uploads\/2025\/07\/29a7c53_ftp-import-images-1-uc64lfojmles-dfc652463e734ad0b299d4f473c3cb03-0-2793a64a344e482e903e95f76bc7a0a2.jpg","datePublished":"2025-07-02T18:32:54+00:00","dateModified":"2025-07-02T18:33:19+00:00","author":{"@id":"https:\/\/vof-news.eu\/fr\/#\/schema\/person\/f6a2a4309f0561835797fd8c19b333ed"},"description":"Les compagnies a\u00e9riennes sont appel\u00e9es \u00e0 annuler 40\u00a0% de leurs vols au d\u00e9part ou \u00e0 l\u2019arriv\u00e9e des a\u00e9roports de Paris - Charles-de-Gaulle et Orly vendredi, veille des vacances d\u2019\u00e9t\u00e9, en raison d\u2019une gr\u00e8ve de contr\u00f4leurs a\u00e9riens, a annonc\u00e9 la direction g\u00e9n\u00e9rale de l\u2019aviation civile (DGAC), mercredi 2\u00a0juillet. Cette exigence de l\u2019administration est plus \u00e9lev\u00e9e que celle de jeudi, premier jour de mouvement social, quand seulement un quart des vols seront supprim\u00e9s dans les a\u00e9roports parisiens. A Nice, troisi\u00e8me plateforme fran\u00e7aise, ces annulations concerneront vendredi la moiti\u00e9 des liaisons, comme jeudi. Le ministre des transports, Philippe Tabarot, s\u2019est dit mercredi face aux syndicats de contr\u00f4leurs a\u00e9riens qui ont appel\u00e9 \u00e0 faire gr\u00e8ve, et a d\u00e9nonc\u00e9 leurs revendications . , a-t-il affirm\u00e9 en cl\u00f4turant le congr\u00e8s annuel de la F\u00e9d\u00e9ration nationale de l\u2019aviation et de ses m\u00e9tiers, porte-voix du secteur. , a-t-il ajout\u00e9. L\u2019appel \u00e0 la gr\u00e8ve a \u00e9t\u00e9 lanc\u00e9 par l\u2019UNSA-ICNA et l\u2019USAC-CGT, qui ont recueilli respectivement 17\u00a0% et 16\u00a0% des voix aux derni\u00e8res \u00e9lections. Le syndicat national des contr\u00f4leurs du trafic a\u00e9rien (SNCTA), majoritaire, ne s\u2019est pas joint au mouvement. La pratique des clairances remise en question L\u2019UNCA-ICNA , soulignant \u00e9galement un L\u2019USAC-CGT r\u00e9clame, de son c\u00f4t\u00e9, , en r\u00e9f\u00e9rence \u00e0 la vaste r\u00e9forme des services de navigation a\u00e9rienne qui pourrait se traduire par la fermeture du quart des tours de contr\u00f4le entre 2028 et 2035, sachant que la France compte , pointe la DGAC. Les syndicats souhaitent \u00e9galement une harmonisation des r\u00e9mun\u00e9rations par rapport aux voisins europ\u00e9ens. Les aiguilleurs fran\u00e7ais sont pay\u00e9s en moyenne 5\u00a0000\u00a0euros net par mois, soit deux \u00e0 trois fois moins que dans les grands pays du continent, rel\u00e8ve le SNCTA. Autre motif de la mobilisation\u00a0: , selon les termes de la DGAC. Le Bureau d\u2019enqu\u00eates et d\u2019analyses (BEA) a, en effet, recommand\u00e9 en\u00a02023, la mise en place de badgeuses biom\u00e9triques pour contr\u00f4ler la pr\u00e9sence des aiguilleurs du ciel sur leur lieu de travail, apr\u00e8s une collision \u00e9vit\u00e9e de justesse, \u00e0 l\u2019a\u00e9roport de Bordeaux-Merignac, entre un Airbus et un avion de tourisme en\u00a02022. En cause, les aiguilleurs du ciel, pas assez nombreux dans la tour de contr\u00f4le de l\u2019a\u00e9roport et occup\u00e9s \u00e0 d\u2019autres t\u00e2ches, avaient, un instant, oubli\u00e9 la pr\u00e9sence du petit a\u00e9ronef. Pour le BEA, cet incident est directement li\u00e9 \u00e0 la pratique de la clairance\u00a0: des contr\u00f4leurs qui, face \u00e0 un trafic plus faible que pr\u00e9vu, s\u2019autorisent des absences non d\u00e9clar\u00e9es. Le Monde avec AFP S\u2019abonner Contribuer R\u00e9utiliser ce contenu","breadcrumb":{"@id":"https:\/\/vof-news.eu\/fr\/greve-de-controleurs-aeriens-les-compagnies-aeriennes-appelees-a-annuler-40-des-vols-dans-les-aeroports-parisiens-vendredi\/#breadcrumb"},"inLanguage":"fr-FR","potentialAction":[{"@type":"ReadAction","target":["https:\/\/vof-news.eu\/fr\/greve-de-controleurs-aeriens-les-compagnies-aeriennes-appelees-a-annuler-40-des-vols-dans-les-aeroports-parisiens-vendredi\/"]}]},{"@type":"ImageObject","inLanguage":"fr-FR","@id":"https:\/\/vof-news.eu\/fr\/greve-de-controleurs-aeriens-les-compagnies-aeriennes-appelees-a-annuler-40-des-vols-dans-les-aeroports-parisiens-vendredi\/#primaryimage","url":"https:\/\/vof-news.eu\/wp-content\/uploads\/2025\/07\/29a7c53_ftp-import-images-1-uc64lfojmles-dfc652463e734ad0b299d4f473c3cb03-0-2793a64a344e482e903e95f76bc7a0a2.jpg","contentUrl":"https:\/\/vof-news.eu\/wp-content\/uploads\/2025\/07\/29a7c53_ftp-import-images-1-uc64lfojmles-dfc652463e734ad0b299d4f473c3cb03-0-2793a64a344e482e903e95f76bc7a0a2.jpg","width":664,"height":443},{"@type":"BreadcrumbList","@id":"https:\/\/vof-news.eu\/fr\/greve-de-controleurs-aeriens-les-compagnies-aeriennes-appelees-a-annuler-40-des-vols-dans-les-aeroports-parisiens-vendredi\/#breadcrumb","itemListElement":[{"@type":"ListItem","position":1,"name":"Home","item":"https:\/\/vof-news.eu\/fr\/"},{"@type":"ListItem","position":2,"name":"Gr\u00e8ve de contr\u00f4leurs a\u00e9riens\u00a0: les compagnies a\u00e9riennes appel\u00e9es \u00e0 annuler 40\u00a0% des vols dans les a\u00e9roports parisiens vendredi"}]},{"@type":"WebSite","@id":"https:\/\/vof-news.eu\/fr\/#website","url":"https:\/\/vof-news.eu\/fr\/","name":"vof-news.eu","description":"","potentialAction":[{"@type":"SearchAction","target":{"@type":"EntryPoint","urlTemplate":"https:\/\/vof-news.eu\/fr\/?s={search_term_string}"},"query-input":"required name=search_term_string"}],"inLanguage":"fr-FR"},{"@type":"Person","@id":"https:\/\/vof-news.eu\/fr\/#\/schema\/person\/f6a2a4309f0561835797fd8c19b333ed","name":"Author","image":{"@type":"ImageObject","inLanguage":"fr-FR","@id":"https:\/\/vof-news.eu\/fr\/#\/schema\/person\/image\/","url":"https:\/\/secure.gravatar.com\/avatar\/b67e614b1b25b3e9c0c239efdd2fde5ab015b5affd6f1c3c85911ca4b384e790?s=96&d=mm&r=g","contentUrl":"https:\/\/secure.gravatar.com\/avatar\/b67e614b1b25b3e9c0c239efdd2fde5ab015b5affd6f1c3c85911ca4b384e790?s=96&d=mm&r=g","caption":"Author"},"sameAs":["http:\/\/vof-news.eu"],"url":"https:\/\/vof-news.eu\/fr\/author\/zwt6qxnjulxbnyg\/"}]}},"yoast_meta":{"yoast_wpseo_title":"","yoast_wpseo_metadesc":"","yoast_wpseo_canonical":""},"_links":{"self":[{"href":"https:\/\/vof-news.eu\/fr\/wp-json\/wp\/v2\/posts\/245757","targetHints":{"allow":["GET"]}}],"collection":[{"href":"https:\/\/vof-news.eu\/fr\/wp-json\/wp\/v2\/posts"}],"about":[{"href":"https:\/\/vof-news.eu\/fr\/wp-json\/wp\/v2\/types\/post"}],"author":[{"embeddable":true,"href":"https:\/\/vof-news.eu\/fr\/wp-json\/wp\/v2\/users\/1"}],"replies":[{"embeddable":true,"href":"https:\/\/vof-news.eu\/fr\/wp-json\/wp\/v2\/comments?post=245757"}],"version-history":[{"count":1,"href":"https:\/\/vof-news.eu\/fr\/wp-json\/wp\/v2\/posts\/245757\/revisions"}],"predecessor-version":[{"id":245764,"href":"https:\/\/vof-news.eu\/fr\/wp-json\/wp\/v2\/posts\/245757\/revisions\/245764"}],"wp:featuredmedia":[{"embeddable":true,"href":"https:\/\/vof-news.eu\/fr\/wp-json\/wp\/v2\/media\/245758"}],"wp:attachment":[{"href":"https:\/\/vof-news.eu\/fr\/wp-json\/wp\/v2\/media?parent=245757"}],"wp:term":[{"taxonomy":"category","embeddable":true,"href":"https:\/\/vof-news.eu\/fr\/wp-json\/wp\/v2\/categories?post=245757"},{"taxonomy":"post_tag","embeddable":true,"href":"https:\/\/vof-news.eu\/fr\/wp-json\/wp\/v2\/tags?post=245757"}],"curies":[{"name":"wp","href":"https:\/\/api.w.org\/{rel}","templated":true}]}}